{"id":5328,"date":"2010-12-23T05:15:04","date_gmt":"2010-12-23T04:15:04","guid":{"rendered":"http:\/\/fjala.shkoder.net\/?p=5328"},"modified":"2010-12-23T05:15:04","modified_gmt":"2010-12-23T04:15:04","slug":"uji-i-terbuar-apo-njerez-te","status":"publish","type":"post","link":"https:\/\/fjala.info\/2009-2015\/uji-i-terbuar-apo-njerez-te\/","title":{"rendered":"Uji i t\u00ebrbuar apo njer\u00ebz t\u00eb\u2026"},"content":{"rendered":"<p>Nga: <strong>PROF.ASC. SAZAN GURI<\/strong>, <em>22 Dhjetor 2010<\/em><\/p>\n<p>T\u00eb gjith\u00eb po p\u00ebrballemi me nj\u00eb dukuri natyrore, q\u00eb p\u00ebr nga d\u00ebmi u ngjan p\u00ebrmasave t\u00eb nj\u00eb epidemie  por q\u00eb kurrsesi, me k\u00ebto njohuri t\u00eb sotme q\u00eb zot\u00ebron pjesa shkencore shqiptare t\u00eb barazohet me fatkeq\u00ebsi natyrore. Pse? Sepse me p\u00ebrkufizim \u00ebsht\u00eb quajtur dhe do t\u00eb quhet fatkeq\u00ebsi natyrore, ajo dukuri e natyr\u00ebs, e cila kur ndodh, kalon kufijt\u00eb e njohjes inxhinierike apo shkencore ose \u00ebsht\u00eb p\u00ebr her\u00eb t\u00eb par\u00eb, e pastudiuar ende, e pandodhur m\u00eb par\u00eb, e pamonitoruar m\u00eb par\u00eb. N\u00eb k\u00ebt\u00eb kuptim jan\u00eb quajtur proceset vullkanike, ato t\u00eb t\u00ebrmeteve, t\u00eb p\u00ebrmbytjeve, deri n\u00eb ato t\u00eb bubullimave, n\u00eb koh\u00ebn kur njeriu primat trembej dhe strukej n\u00eb shpella, si\u00e7 b\u00ebjn\u00eb qeniet e sotme paranjer\u00ebzore, ato me nd\u00ebrgjegje e arsyetim t\u00eb ul\u00ebt \u2013 qent\u00eb. <\/p>\n<p>P\u00ebr disa nga proceset natyrore, kjo tromaksje ka vazhduar edhe n\u00eb mesjet\u00eb, madje p\u00ebr pak nga k\u00ebto dukuri, q\u00eb lidhen ende me shkall\u00ebn e injoranc\u00ebs, vazhdon deri n\u00eb dit\u00ebt tona (ju kujtojm\u00eb eklipsin e vitit \u201899, se si media struku shqiptar\u00ebt brenda mureve t\u00eb sht\u00ebpis\u00eb). Por, nuk mund t\u00eb pranojm\u00eb, sot, se t\u00ebrmeti, vullkani, p\u00ebrmbytja, rr\u00ebshqitja e erozioni p\u00ebrb\u00ebjn\u00eb fatkeq\u00ebsi natyrore, n\u00eb nj\u00eb koh\u00eb kur p\u00ebr to n\u00eb t\u00eb gjith\u00eb bot\u00ebn e shkenc\u00ebruar ekzistojn\u00eb harta t\u00eb shp\u00ebrndarjes s\u00eb potencialeve t\u00eb tyre t\u00eb mundshme. K\u00ebsisoj, \u00e7do vend \u00ebsht\u00eb i rajonizuar sipas kuptimit t\u00eb rreziqeve natyrore n\u00eb shkall\u00eb t\u00eb ndryshme, ku edhe vendi yn\u00eb e g\u00ebzon k\u00ebt\u00eb fakt n\u00eb saj\u00eb t\u00eb institucioneve shkencore q\u00eb kishte, q\u00eb sot jan\u00eb kthyer si \u00e7iban\u00eb apo si atashe aparat\u00e7ik\u00ebsh pran\u00eb katedrave pedagogjike. Harrojm\u00eb se k\u00ebta i nevojiten vendit si deveja n\u00eb shkret\u00ebtir\u00eb, si fotosinteza n\u00eb bim\u00eb, por mbi t\u00eb gjitha, si oficeri n\u00eb luft\u00eb. <\/p>\n<p>Le t\u00eb kthehemi tek halli q\u00eb na ka z\u00ebn\u00eb, por t\u00eb jeni t\u00eb bindur e t\u00eb gatitur or qytetar\u00eb e katundar\u00eb shkodran\u00eb, se ky hall i ngjan miut q\u00eb kaloi nj\u00ebher\u00eb n\u00ebp\u00ebr mustaqe. Zamzaneja prej qelqi u thye apo shtamba prej balte u kris. Aq keq m\u00eb vjen q\u00eb po t\u00eb shkruaj, duke t\u2019u drejtuar ty (countryman and countrycitisen) k\u00ebto rreshta, aq sa po m\u00eb dridhet dora mbi tastier\u00eb, por jo mendja, sepse m\u00eb par\u00eb se t\u00eb kesh k\u00ebt\u00eb fatkeq\u00ebsi, m\u00eb sakt\u00eb k\u00ebt\u00eb zem\u00ebrim natyror, ulu ndopak pran\u00eb nj\u00eb oxhaku me zjarr bubulak ose mund t\u00eb ulesh edhe n\u00eb banjat alla fr\u00ebnga, sepse n\u00eb k\u00ebsi vendesh, njeriu reflekton qetazi p\u00ebr ato q\u00eb ka b\u00ebr\u00eb dhe p\u00ebr ato q\u00eb duhet t\u00eb b\u00ebj\u00eb. \u00c7far\u00eb? <\/p>\n<p>S\u00eb pari, si nd\u00ebrtove n\u00eb zon\u00eb p\u00ebrmbytjeje, duke zaptuar tok\u00eb buke, sepse shqiptari ka nd\u00ebrtuar n\u00eb mij\u00ebvje\u00e7ar\u00eb, qysh nga koha e Troj\u00ebs, n\u00eb kodra e n\u00eb rr\u00ebz\u00eb tyre (kujtojm\u00eb Beratin t\u00eb nd\u00ebrtuar n\u00eb shtat\u00eb kodra, prej t\u00eb cilit mori shembull Roma e Stambolli m\u00eb pas). <\/p>\n<p>S\u00eb dyti, nuk mjaftoi q\u00eb ky vend fitoi nga ky lum\u00eb Drin, (i cili kur ndodh q\u00eb gj\u00ebmon, ndodhka q\u00eb ky popull edhe e mallkon), tokat q\u00eb dikur p\u00ebrmbyteshin p\u00ebrgjat\u00eb zon\u00ebs s\u00eb Gjadrit. Sikur nuk mjaftoi q\u00eb ky komb fitoi nga ky lum\u00eb Drin, tokat, q\u00eb dikur p\u00ebrmbyteshin p\u00ebrgjat\u00eb zon\u00ebs s\u00eb Lezh\u00ebs. Sikur nuk mjaftoi q\u00eb ky vendimmarr\u00ebs qaraman fitoi energji elektrike p\u00ebr dit\u00ebn, duke i z\u00ebn\u00eb rrug\u00ebn n\u00eb Vaun e Dej\u00ebs. Sikur nuk mjaftoi, q\u00eb ky politik\u00ebb\u00ebr\u00ebs der\u00ebzi fitoi energji elektrike p\u00ebr nat\u00ebn, duke i z\u00ebn\u00eb rrug\u00ebn n\u00eb Koman. Sikur nuk mjaftoi q\u00eb ky ligjv\u00ebn\u00ebs hallemadh fitoi energji elektrike p\u00ebr dim\u00ebr e p\u00ebr ver\u00eb, duke i z\u00ebn\u00eb rrug\u00ebn n\u00eb Fierz\u00eb. Dhe pastaj e detyruan t\u00eb bashkohej i t\u00ebri me Bun\u00ebn. Dhe pastaj katundar\u00eb e mal\u00ebsor\u00eb, q\u00eb nga Shkodra e deri n\u00eb Vlor\u00eb, i zun\u00eb pusi me nd\u00ebrtime t\u00eb \u201clegalizuara\u201d anash majtas, anash djathtas, para e prapa rrjedh\u00ebs, t\u00eb njohura n\u00eb mij\u00ebvje\u00e7ar\u00eb si zona p\u00ebrmbytjeje, q\u00eb jan\u00eb vet\u00ebm p\u00ebr mish e oriz. \u00c7far\u00eb nuk arrijm\u00eb t\u00eb kuptojm\u00eb? Mir\u00eb n\u00eb zon\u00eb p\u00ebrmbytjeje, po pse n\u00eb zon\u00ebn grop\u00eb t\u00eb saj, ku ju kujtojm\u00eb Nart\u00ebn, Divjak\u00ebn, Velipoj\u00ebn, Ulqinin, t\u00eb cilat jan\u00eb nd\u00ebrtuar mbi mezhd\u00eb, q\u00eb p\u00ebrmbytja t\u2019i rrethoj\u00eb p\u00ebr pak dit\u00eb, por jo t`u mbys\u00eb sht\u00ebpi e katandi p\u00ebr \u00e7do vit. Mir\u00eb n\u00eb zon\u00eb p\u00ebrmbytjeje, po pse nj\u00eb ngrehin\u00eb k\u00ebtu e nj\u00eb atje, duke betonizuar tok\u00ebn, q\u00eb n\u00eb k\u00ebsi kushtesh, rrit volumin e ujit p\u00ebrmbyt\u00ebs. S\u00eb treti, si mund t\u00eb derdh\u00ebsh uj\u00ebrat e zeza pran\u00eb nj\u00eb liqeni q\u00eb t\u00eb ka dh\u00ebn\u00eb uj\u00eb me u ngi, peshk me jetue, shpez\u00eb me shijue, bim\u00eb me zbukurue, aq m\u00eb tep\u00ebr q\u00eb ti o shkodran vajte e nd\u00ebrtove jet\u00eb, qysh nga pellazgia, tek liqeni, q\u00eb mbasi e pag\u00ebzove me emrin Shkod\u00ebr, ku s\u2019ka mundur gjuh\u00eb tjet\u00ebr ta thyej\u00eb, ti sot e thyen dhe e fyen, duke e b\u00ebr\u00eb t\u00eb thirret gjirizi i Shkodr\u00ebs.<br \/>\nI dashur countryman and countrycitisen! Jam i bindur q\u00eb si \u00e7dokush, e dini se uji ka nj\u00eb formul\u00eb t\u00eb thjesht\u00eb t\u00eb nd\u00ebrtuar nga dy atome hidrogjeni, si baza kimike e formimit t\u00eb tok\u00ebs q\u00eb na ushqen dhe nj\u00eb atom oksigjeni, si baza kimike e jet\u00ebs s\u00eb gjall\u00eb, p\u00ebrfshir\u00eb dhe njeriun. Pra, uji \u00ebsht\u00eb baza e jet\u00ebs edhe p\u00ebr njeriun. Sikund\u00ebr jam i bindur, q\u00eb nuk di t\u00eb kund\u00ebrt\u00ebn e saj, q\u00eb njeriu dhe qeniet e tjera t\u00eb gjalla (kafsh\u00ebt, bim\u00ebt, etj.) jan\u00eb baza e jet\u00ebs s\u00eb ujit. D\u00ebgjo k\u00ebtu tani dhe d\u00ebgjom\u00eb mir\u00eb! Uji, ve\u00e7 p\u00ebrb\u00ebrjes kimike t\u00eb m\u00ebsip\u00ebrme, duke qen\u00eb mineral, si gjith\u00eb t\u00eb tjer\u00ebt ka dhe nd\u00ebrtohet prej kristalesh optike, q\u00eb marrin nj\u00eb form\u00eb t\u00eb caktuar n\u00eb var\u00ebsi t\u00eb sjelljes me t\u00eb. Pra, ndryshe nga t\u00eb gjith\u00eb mineralet e tjer\u00eb, k\u00ebto kristale optike marrin form\u00eb t\u00eb caktuar nga m\u00ebnyra se si reagon ajo qenie p\u00ebr t\u00eb cil\u00ebn ai \u00ebsht\u00eb baza e jet\u00ebs, pra, si qeniet e gjalla, si edhe njeriu. Nd\u00ebrkoh\u00eb, dihet q\u00eb qeniet e gjalla, si bim\u00ebt edhe kafsh\u00ebt, kan\u00eb ekuilib\u00ebr dhe m\u00ebnyr\u00eb t\u00eb sjelli me ujin sipas ligjeve e rregullave perfekte. Ai q\u00eb del nga binar\u00ebt n\u00eb marr\u00ebdh\u00ebnie me t\u00eb \u00ebsht\u00eb vet\u00ebm qenia me dy k\u00ebmb\u00eb. K\u00ebshtu, n\u00eb t\u00eb gjitha eksperimentet e kryera n\u00eb qindra pika t\u00eb globit me ujin q\u00eb rridhte n\u00ebp\u00ebr rrjedha t\u00eb caktuara, rezultoi se kur njeriu e bekonte me fjal\u00eb t\u00eb ngrohta, dashamir\u00ebse e uruese, kristalet optike t\u00eb ujit t\u00eb rrjedh\u00ebs vendoseshin sipas nj\u00eb forme t\u00eb rregullt, duke e b\u00ebr\u00eb at\u00eb uj\u00eb paq\u00ebsor, t\u00eb qet\u00eb, t\u00eb dashur dhe dobiprur\u00ebs. Kur njeriu nuk i b\u00ebzante kurrgj\u00eb ujit t\u00eb k\u00ebsaj rrjedhe, kristalet e tij merrnin form\u00eb amorfe dhe nuk reflektonin m\u00eb vetit\u00eb e m\u00ebsip\u00ebrme. Por, kur njeriu i p\u00ebshp\u00ebriste fjal\u00eb t\u00eb mallkuara, ai kthehesh n\u00eb uj\u00eb agresiv, n\u00eb uj\u00eb realisht t\u00eb t\u00ebrbuar, sepse kristalet e tij merrnin form\u00ebn m\u00eb t\u00eb \u00e7rregullt t\u00eb mundshme, sepse ato deformoheshin, zgjeroheshin, duke krijuar turbulenca brenda vetvetes, pa shkaqe t\u00eb jashtme natyrore, ose p\u00ebr t\u00eb nj\u00ebjtat shkaqe natyrore si ato m\u00eb sip\u00ebr. Me k\u00ebt\u00eb shkak shpjegohet rasti, pse nj\u00eb aksh gatim del me shije, edhe pa hedhur er\u00ebza. Sepse, kuzhinieri apo amvisa e ka k\u00ebndue apo ia ka pas\u00eb \u00ebnda ushqimin q\u00eb gatuan, duke i dh\u00ebn\u00eb nj\u00eb shije t\u00eb pap\u00ebrs\u00ebritur. Kujtoj sup\u00ebn e prer\u00eb me vez\u00eb, kur dikush nga fisi im s\u00ebmurej n\u00eb Berat, q\u00eb vet\u00ebm n\u00ebna e Minos (sime m\u00ebje) i k\u00ebrkohej ta gatiste, sepse ajo e k\u00ebndonte kur e gatuante. Pra, \u00ebsht\u00eb uji brenda gatimit q\u00eb merr form\u00eb t\u00eb g\u00ebzueshme, dhe\/ose e kund\u00ebrta, kur gjella del pa shije, dhe kuzhinieri e moleps me er\u00ebza.<\/p>\n<p>Kjo po m\u00eb tremb me k\u00ebta politik\u00ebb\u00ebr\u00ebs apo me k\u00ebta vendimmarr\u00ebs, por m\u00eb shum\u00eb m\u00eb vjen t\u00eb b\u00ebrtas p\u00ebr k\u00ebta qytetar\u00eb, q\u00eb shajn\u00eb e shfrejn\u00eb p\u00ebr forcat e verbra t\u00eb natyr\u00ebs, duke harruar zem\u00ebrimin natyror t\u00eb saj p\u00ebr b\u00ebmat q\u00eb i kan\u00eb kandisur. Po kur thon\u00eb \u201cu \u00e7mend\u00ebn\u201d apo \u201cu t\u00ebrbuan uj\u00ebrat\u201d. \u00c7\u00ebshtja \u00ebsht\u00eb: uj\u00ebrat apo njer\u00ebzit?!<\/p>\n","protected":false},"excerpt":{"rendered":"<p>Nga: PROF.ASC. SAZAN GURI, 22 Dhjetor 2010 T\u00eb gjith\u00eb po p\u00ebrballemi me nj\u00eb dukuri natyrore, q\u00eb p\u00ebr nga d\u00ebmi u ngjan p\u00ebrmasave t\u00eb nj\u00eb epidemie por q\u00eb kurrsesi, me k\u00ebto njohuri t\u00eb sotme q\u00eb zot\u00ebron pjesa shkencore shqiptare t\u00eb barazohet me fatkeq\u00ebsi natyrore. Pse? Sepse me p\u00ebrkufizim \u00ebsht\u00eb quajtur dhe do t\u00eb quhet fatkeq\u00ebsi natyrore, [&hellip;]<\/p>\n","protected":false},"author":1,"featured_media":0,"comment_status":"open","ping_status":"closed","sticky":false,"template":"","format":"standard","meta":{"footnotes":""},"categories":[2],"tags":[],"class_list":{"0":"post-5328","1":"post","2":"type-post","3":"status-publish","4":"format-standard","6":"category-artikuj"},"yoast_head":"<!-- This site is optimized with the Yoast SEO plugin v27.4 - https:\/\/yoast.com\/product\/yoast-seo-wordpress\/ -->\n<title>Uji i t\u00ebrbuar apo njer\u00ebz t\u00eb\u2026 - FjALA e LIR\u00cb - Arkivi<\/title>\n<meta name=\"robots\" content=\"index, follow, max-snippet:-1, max-image-preview:large, max-video-preview:-1\" \/>\n<link rel=\"canonical\" href=\"https:\/\/fjala.info\/2009-2015\/uji-i-terbuar-apo-njerez-te\/\" \/>\n<meta property=\"og:locale\" content=\"sq_AL\" \/>\n<meta property=\"og:type\" content=\"article\" \/>\n<meta property=\"og:title\" content=\"Uji i t\u00ebrbuar apo njer\u00ebz t\u00eb\u2026 - FjALA e LIR\u00cb - Arkivi\" \/>\n<meta property=\"og:description\" content=\"Nga: PROF.ASC. SAZAN GURI, 22 Dhjetor 2010 T\u00eb gjith\u00eb po p\u00ebrballemi me nj\u00eb dukuri natyrore, q\u00eb p\u00ebr nga d\u00ebmi u ngjan p\u00ebrmasave t\u00eb nj\u00eb epidemie por q\u00eb kurrsesi, me k\u00ebto njohuri t\u00eb sotme q\u00eb zot\u00ebron pjesa shkencore shqiptare t\u00eb barazohet me fatkeq\u00ebsi natyrore. Pse? Sepse me p\u00ebrkufizim \u00ebsht\u00eb quajtur dhe do t\u00eb quhet fatkeq\u00ebsi natyrore, [&hellip;]\" \/>\n<meta property=\"og:url\" content=\"https:\/\/fjala.info\/2009-2015\/uji-i-terbuar-apo-njerez-te\/\" \/>\n<meta property=\"og:site_name\" content=\"FjALA e LIR\u00cb - Arkivi\" \/>\n<meta property=\"article:published_time\" content=\"2010-12-23T04:15:04+00:00\" \/>\n<meta name=\"author\" content=\"admin\" \/>\n<meta name=\"twitter:card\" content=\"summary_large_image\" \/>\n<meta name=\"twitter:label1\" content=\"Written by\" \/>\n\t<meta name=\"twitter:data1\" content=\"admin\" \/>\n\t<meta name=\"twitter:label2\" content=\"Est. reading time\" \/>\n\t<meta name=\"twitter:data2\" content=\"7 minutes\" \/>\n<script type=\"application\/ld+json\" class=\"yoast-schema-graph\">{\"@context\":\"https:\\\/\\\/schema.org\",\"@graph\":[{\"@type\":\"Article\",\"@id\":\"https:\\\/\\\/fjala.info\\\/2009-2015\\\/uji-i-terbuar-apo-njerez-te\\\/#article\",\"isPartOf\":{\"@id\":\"https:\\\/\\\/fjala.info\\\/2009-2015\\\/uji-i-terbuar-apo-njerez-te\\\/\"},\"author\":{\"name\":\"admin\",\"@id\":\"https:\\\/\\\/fjala.info\\\/2009-2015\\\/#\\\/schema\\\/person\\\/3aa1163ef05469c496fc94e77611ada2\"},\"headline\":\"Uji i t\u00ebrbuar apo njer\u00ebz t\u00eb\u2026\",\"datePublished\":\"2010-12-23T04:15:04+00:00\",\"mainEntityOfPage\":{\"@id\":\"https:\\\/\\\/fjala.info\\\/2009-2015\\\/uji-i-terbuar-apo-njerez-te\\\/\"},\"wordCount\":1467,\"commentCount\":0,\"publisher\":{\"@id\":\"https:\\\/\\\/fjala.info\\\/2009-2015\\\/#organization\"},\"articleSection\":[\"Artikuj\"],\"inLanguage\":\"sq-AL\",\"potentialAction\":[{\"@type\":\"CommentAction\",\"name\":\"Comment\",\"target\":[\"https:\\\/\\\/fjala.info\\\/2009-2015\\\/uji-i-terbuar-apo-njerez-te\\\/#respond\"]}]},{\"@type\":\"WebPage\",\"@id\":\"https:\\\/\\\/fjala.info\\\/2009-2015\\\/uji-i-terbuar-apo-njerez-te\\\/\",\"url\":\"https:\\\/\\\/fjala.info\\\/2009-2015\\\/uji-i-terbuar-apo-njerez-te\\\/\",\"name\":\"Uji i t\u00ebrbuar apo njer\u00ebz t\u00eb\u2026 - FjALA e LIR\u00cb - Arkivi\",\"isPartOf\":{\"@id\":\"https:\\\/\\\/fjala.info\\\/2009-2015\\\/#website\"},\"datePublished\":\"2010-12-23T04:15:04+00:00\",\"breadcrumb\":{\"@id\":\"https:\\\/\\\/fjala.info\\\/2009-2015\\\/uji-i-terbuar-apo-njerez-te\\\/#breadcrumb\"},\"inLanguage\":\"sq-AL\",\"potentialAction\":[{\"@type\":\"ReadAction\",\"target\":[\"https:\\\/\\\/fjala.info\\\/2009-2015\\\/uji-i-terbuar-apo-njerez-te\\\/\"]}]},{\"@type\":\"BreadcrumbList\",\"@id\":\"https:\\\/\\\/fjala.info\\\/2009-2015\\\/uji-i-terbuar-apo-njerez-te\\\/#breadcrumb\",\"itemListElement\":[{\"@type\":\"ListItem\",\"position\":1,\"name\":\"Home\",\"item\":\"https:\\\/\\\/fjala.info\\\/2009-2015\\\/\"},{\"@type\":\"ListItem\",\"position\":2,\"name\":\"Uji i t\u00ebrbuar apo njer\u00ebz t\u00eb\u2026\"}]},{\"@type\":\"WebSite\",\"@id\":\"https:\\\/\\\/fjala.info\\\/2009-2015\\\/#website\",\"url\":\"https:\\\/\\\/fjala.info\\\/2009-2015\\\/\",\"name\":\"FjALA e LIR\u00cb - Arkivi\",\"description\":\"Arkivi 2009-2015\",\"publisher\":{\"@id\":\"https:\\\/\\\/fjala.info\\\/2009-2015\\\/#organization\"},\"potentialAction\":[{\"@type\":\"SearchAction\",\"target\":{\"@type\":\"EntryPoint\",\"urlTemplate\":\"https:\\\/\\\/fjala.info\\\/2009-2015\\\/?s={search_term_string}\"},\"query-input\":{\"@type\":\"PropertyValueSpecification\",\"valueRequired\":true,\"valueName\":\"search_term_string\"}}],\"inLanguage\":\"sq-AL\"},{\"@type\":\"Organization\",\"@id\":\"https:\\\/\\\/fjala.info\\\/2009-2015\\\/#organization\",\"name\":\"FjALA e LIR\u00cb - Arkivi\",\"url\":\"https:\\\/\\\/fjala.info\\\/2009-2015\\\/\",\"logo\":{\"@type\":\"ImageObject\",\"inLanguage\":\"sq-AL\",\"@id\":\"https:\\\/\\\/fjala.info\\\/2009-2015\\\/#\\\/schema\\\/logo\\\/image\\\/\",\"url\":\"\",\"contentUrl\":\"\",\"caption\":\"FjALA e LIR\u00cb - Arkivi\"},\"image\":{\"@id\":\"https:\\\/\\\/fjala.info\\\/2009-2015\\\/#\\\/schema\\\/logo\\\/image\\\/\"}},{\"@type\":\"Person\",\"@id\":\"https:\\\/\\\/fjala.info\\\/2009-2015\\\/#\\\/schema\\\/person\\\/3aa1163ef05469c496fc94e77611ada2\",\"name\":\"admin\",\"image\":{\"@type\":\"ImageObject\",\"inLanguage\":\"sq-AL\",\"@id\":\"https:\\\/\\\/fjala.info\\\/2009-2015\\\/wp-content\\\/uploads\\\/2012\\\/02\\\/arben_cokaj-120x150.jpg\",\"url\":\"https:\\\/\\\/fjala.info\\\/2009-2015\\\/wp-content\\\/uploads\\\/2012\\\/02\\\/arben_cokaj-120x150.jpg\",\"contentUrl\":\"https:\\\/\\\/fjala.info\\\/2009-2015\\\/wp-content\\\/uploads\\\/2012\\\/02\\\/arben_cokaj-120x150.jpg\",\"caption\":\"admin\"},\"description\":\"Admin, Fjala e Lir\u00eb\",\"sameAs\":[\"https:\\\/\\\/fjala.info\\\/\"],\"url\":\"https:\\\/\\\/fjala.info\\\/2009-2015\\\/author\\\/admin\\\/\"}]}<\/script>\n<!-- \/ Yoast SEO plugin. -->","yoast_head_json":{"title":"Uji i t\u00ebrbuar apo njer\u00ebz t\u00eb\u2026 - FjALA e LIR\u00cb - Arkivi","robots":{"index":"index","follow":"follow","max-snippet":"max-snippet:-1","max-image-preview":"max-image-preview:large","max-video-preview":"max-video-preview:-1"},"canonical":"https:\/\/fjala.info\/2009-2015\/uji-i-terbuar-apo-njerez-te\/","og_locale":"sq_AL","og_type":"article","og_title":"Uji i t\u00ebrbuar apo njer\u00ebz t\u00eb\u2026 - FjALA e LIR\u00cb - Arkivi","og_description":"Nga: PROF.ASC. SAZAN GURI, 22 Dhjetor 2010 T\u00eb gjith\u00eb po p\u00ebrballemi me nj\u00eb dukuri natyrore, q\u00eb p\u00ebr nga d\u00ebmi u ngjan p\u00ebrmasave t\u00eb nj\u00eb epidemie por q\u00eb kurrsesi, me k\u00ebto njohuri t\u00eb sotme q\u00eb zot\u00ebron pjesa shkencore shqiptare t\u00eb barazohet me fatkeq\u00ebsi natyrore. Pse? Sepse me p\u00ebrkufizim \u00ebsht\u00eb quajtur dhe do t\u00eb quhet fatkeq\u00ebsi natyrore, [&hellip;]","og_url":"https:\/\/fjala.info\/2009-2015\/uji-i-terbuar-apo-njerez-te\/","og_site_name":"FjALA e LIR\u00cb - Arkivi","article_published_time":"2010-12-23T04:15:04+00:00","author":"admin","twitter_card":"summary_large_image","twitter_misc":{"Written by":"admin","Est. reading time":"7 minutes"},"schema":{"@context":"https:\/\/schema.org","@graph":[{"@type":"Article","@id":"https:\/\/fjala.info\/2009-2015\/uji-i-terbuar-apo-njerez-te\/#article","isPartOf":{"@id":"https:\/\/fjala.info\/2009-2015\/uji-i-terbuar-apo-njerez-te\/"},"author":{"name":"admin","@id":"https:\/\/fjala.info\/2009-2015\/#\/schema\/person\/3aa1163ef05469c496fc94e77611ada2"},"headline":"Uji i t\u00ebrbuar apo njer\u00ebz t\u00eb\u2026","datePublished":"2010-12-23T04:15:04+00:00","mainEntityOfPage":{"@id":"https:\/\/fjala.info\/2009-2015\/uji-i-terbuar-apo-njerez-te\/"},"wordCount":1467,"commentCount":0,"publisher":{"@id":"https:\/\/fjala.info\/2009-2015\/#organization"},"articleSection":["Artikuj"],"inLanguage":"sq-AL","potentialAction":[{"@type":"CommentAction","name":"Comment","target":["https:\/\/fjala.info\/2009-2015\/uji-i-terbuar-apo-njerez-te\/#respond"]}]},{"@type":"WebPage","@id":"https:\/\/fjala.info\/2009-2015\/uji-i-terbuar-apo-njerez-te\/","url":"https:\/\/fjala.info\/2009-2015\/uji-i-terbuar-apo-njerez-te\/","name":"Uji i t\u00ebrbuar apo njer\u00ebz t\u00eb\u2026 - FjALA e LIR\u00cb - Arkivi","isPartOf":{"@id":"https:\/\/fjala.info\/2009-2015\/#website"},"datePublished":"2010-12-23T04:15:04+00:00","breadcrumb":{"@id":"https:\/\/fjala.info\/2009-2015\/uji-i-terbuar-apo-njerez-te\/#breadcrumb"},"inLanguage":"sq-AL","potentialAction":[{"@type":"ReadAction","target":["https:\/\/fjala.info\/2009-2015\/uji-i-terbuar-apo-njerez-te\/"]}]},{"@type":"BreadcrumbList","@id":"https:\/\/fjala.info\/2009-2015\/uji-i-terbuar-apo-njerez-te\/#breadcrumb","itemListElement":[{"@type":"ListItem","position":1,"name":"Home","item":"https:\/\/fjala.info\/2009-2015\/"},{"@type":"ListItem","position":2,"name":"Uji i t\u00ebrbuar apo njer\u00ebz t\u00eb\u2026"}]},{"@type":"WebSite","@id":"https:\/\/fjala.info\/2009-2015\/#website","url":"https:\/\/fjala.info\/2009-2015\/","name":"FjALA e LIR\u00cb - Arkivi","description":"Arkivi 2009-2015","publisher":{"@id":"https:\/\/fjala.info\/2009-2015\/#organization"},"potentialAction":[{"@type":"SearchAction","target":{"@type":"EntryPoint","urlTemplate":"https:\/\/fjala.info\/2009-2015\/?s={search_term_string}"},"query-input":{"@type":"PropertyValueSpecification","valueRequired":true,"valueName":"search_term_string"}}],"inLanguage":"sq-AL"},{"@type":"Organization","@id":"https:\/\/fjala.info\/2009-2015\/#organization","name":"FjALA e LIR\u00cb - Arkivi","url":"https:\/\/fjala.info\/2009-2015\/","logo":{"@type":"ImageObject","inLanguage":"sq-AL","@id":"https:\/\/fjala.info\/2009-2015\/#\/schema\/logo\/image\/","url":"","contentUrl":"","caption":"FjALA e LIR\u00cb - Arkivi"},"image":{"@id":"https:\/\/fjala.info\/2009-2015\/#\/schema\/logo\/image\/"}},{"@type":"Person","@id":"https:\/\/fjala.info\/2009-2015\/#\/schema\/person\/3aa1163ef05469c496fc94e77611ada2","name":"admin","image":{"@type":"ImageObject","inLanguage":"sq-AL","@id":"https:\/\/fjala.info\/2009-2015\/wp-content\/uploads\/2012\/02\/arben_cokaj-120x150.jpg","url":"https:\/\/fjala.info\/2009-2015\/wp-content\/uploads\/2012\/02\/arben_cokaj-120x150.jpg","contentUrl":"https:\/\/fjala.info\/2009-2015\/wp-content\/uploads\/2012\/02\/arben_cokaj-120x150.jpg","caption":"admin"},"description":"Admin, Fjala e Lir\u00eb","sameAs":["https:\/\/fjala.info\/"],"url":"https:\/\/fjala.info\/2009-2015\/author\/admin\/"}]}},"_links":{"self":[{"href":"https:\/\/fjala.info\/2009-2015\/wp-json\/wp\/v2\/posts\/5328","targetHints":{"allow":["GET"]}}],"collection":[{"href":"https:\/\/fjala.info\/2009-2015\/wp-json\/wp\/v2\/posts"}],"about":[{"href":"https:\/\/fjala.info\/2009-2015\/wp-json\/wp\/v2\/types\/post"}],"author":[{"embeddable":true,"href":"https:\/\/fjala.info\/2009-2015\/wp-json\/wp\/v2\/users\/1"}],"replies":[{"embeddable":true,"href":"https:\/\/fjala.info\/2009-2015\/wp-json\/wp\/v2\/comments?post=5328"}],"version-history":[{"count":0,"href":"https:\/\/fjala.info\/2009-2015\/wp-json\/wp\/v2\/posts\/5328\/revisions"}],"wp:attachment":[{"href":"https:\/\/fjala.info\/2009-2015\/wp-json\/wp\/v2\/media?parent=5328"}],"wp:term":[{"taxonomy":"category","embeddable":true,"href":"https:\/\/fjala.info\/2009-2015\/wp-json\/wp\/v2\/categories?post=5328"},{"taxonomy":"post_tag","embeddable":true,"href":"https:\/\/fjala.info\/2009-2015\/wp-json\/wp\/v2\/tags?post=5328"}],"curies":[{"name":"wp","href":"https:\/\/api.w.org\/{rel}","templated":true}]}}