{"id":5323,"date":"2013-12-09T22:30:43","date_gmt":"2013-12-09T21:30:43","guid":{"rendered":"http:\/\/fjala.info\/?p=5323"},"modified":"2013-12-09T22:30:43","modified_gmt":"2013-12-09T21:30:43","slug":"po-vjen-era-shtet","status":"publish","type":"post","link":"https:\/\/fjala.info\/2009-2015\/po-vjen-era-shtet\/","title":{"rendered":"Po vjen era shtet!"},"content":{"rendered":"<p><img decoding=\"async\" class=\"alignright size-thumbnail wp-image-7236\" title=\"Gjin Musa\" alt=\"\" src=\"http:\/\/www.fjala.info\/2013\/gjin_musa.jpg\" width=\"150\" \/> <strong>Gjin Musa<\/strong><\/p>\n<p>Qeveria e Rilindjes me kryeminiter Edi Ramen erdhi ne pushtet me slloganin <strong>lufte korrupsionit<\/strong>.<br \/>\nShume njerz ishin edhe skeptike pasi edhe Berisha na kishte mashtruar me duare te &#8220;pastra&#8221;, por fatekeqesisht ato u bene aq pis sa nuk ka uje qe i lan.<br \/>\nPushtetaret u pasuruan ne menyre marramendese, me vila dhe makina luksoze, me toka dhe cifliqe, deri kryetaret e komunave u bene &#8220;bajraktare&#8221;te kapitalit lokale, si thote poulli &#8220;deti u ba kos&#8221;.<\/p>\n<p>Qytetaret e thjeshte nga dita ne dite po perbadhoheshin me te keqen, po mbanin nji shpres se keta pushtetar do ngopeshin nji dite!po barku i tyre kurre nuke u ngope.<br \/>\nKorrupsini Berishian leshoje alarmin ne Gerdec, 26 te vdekur, nji fshate i rrafshuar i teri, nji Hioreshim e vertet!!.<br \/>\nNjerzit qe besonin ne demokracin priten se z.Berisha do te jepte dorheqie te pa revokuesheme, kjo ase ishte ne mendjen e atije qe e kishte ideuar kete fabrik vdekje.<br \/>\nFillon loja e piste e Berishes, ishe ministri i mbrojtjes Fatmir Mediu jepe dorheqjen,asnji pergjegjesi politike dhe ligjore,biles Berisha keret dhamet me forcen e pushtetit qe cdo dite qe do te kalonte poe felliqte emerin qeveri.<\/p>\n<p>Opinjoni mbeti i shokuar, tashma deshtimi dukeje hapure,Shqiperia udhhiqej nga nji qeveri banditeske.<br \/>\nSh.B.A dhe Bashkimi Europian tashma jane te shqetesuar serjozishte,kane leshuar kushtrimin per tu bere nji hetim i drejte dhe me pergjegjesi penale per autoret e ketije krimi makaber.<br \/>\nQeveria dhe kryebanditi Berisha tashma i kane shternguar radhet nene forcen e kartonit te pushtetit.<\/p>\n<p>Lufte frontale ndaje opozites, presidentit te rep.kryeprokuroris e keshillit te larte te drejtesis,gjithcka nene kontrodhin e Berishes.<br \/>\nShteti autoritetar tashma ishte instaluar, Berisha me hajdutet per rrethe kishin vene nen kontrodh edhe kreun e parlamentit te asaj kohe znj. Jozefina Topalli, e cila do kujtohet gjate ne historin parlamentare, si nji kryetare fam\u00eb-keqe.<br \/>\nOpozita Shqiptare po levizte! Por me kote, terrori shtetrore i Sali Berishes i ngjante nji Sadami ne zemer te Europes.<\/p>\n<p>Shqiperia e kishte marre teposhten, delegacinet zbrisnin ne Tiran njeri pase tjetrit,dialoge me opoziten,lufte korrupsionit,drejtesia te beje drejtesi!po ku do beje drejtesi Sali Berisha me 26 te vdekur ne Gerdec dhe qendronte ne postin e kryeministrit,ne cilin vende te botes demokratike do qendronte kryeministri ne zyren kryeministrore?ne asnji vende,pervecse ne Shqiperi ,ku Europa tashma kishte filluar te distancohej me Berishen.<\/p>\n<p>Ishe ministri i athereshem sote krye bashkiaku i Tiranes z. Lulzim Basha kapet nga kontrolli i shtetit per nji vjedhje preje 250 miljon dollaresh ne rrugen e kombit.<br \/>\nLuli qendroje ne pushtet pai hyre therra ne kembe,vetem ndryshoje pote ministror sepse mbaheje nga Berisha,korrupsini ishte i perbashket.<br \/>\nNe keto tete vite te qeverisjes Berisha Shqiperia eshte perbadhur me ngjarje nga ma te shemtuarat,te dhimsheme ne jete njerzore.<\/p>\n<p>Jeta luksoze e pushtetareve qe nga baza deri ne krye te kupoles qeveritare tashma ishte bere metod pune dhe jetese pa dashur te ja dine halleve te popullit qe luftonte per buken e gojes.<br \/>\nKulmi i kriminalitetit te kesaje qeveri arrin diten e 21 janarit,kure opozita po demostronte perpara zyrave te kryeministris per prapesit qe po bente kjo qeveri e kryesuar nga nji njeri i pa pergjeshem si Sali Berisha.<\/p>\n<p>Aty vriten 4 qytetar te pa fajshem, dhe kryeministri se bashku me ishe ministrin e punve te brensheme te asaj kohe Lulzim Basha fillojne te sulmojne ishe presidentin e Rep.z.Bamir Topi,kryeprokuroren e asaje kohe z.Rama, cdo gje u vu ne shtet rrethim,Berisha tashma i ngjasonte Sadamit ne sjedhje dhe ne veprime,toka poi rreshqiste nene kembe,nderkombetaret tashti jane bindur se kane perballe nji kryeminister te pa pergjegjshem politikishte dhe njerzisht.<\/p>\n<p>Kabineti qeveritar i z.Berisha ishte i ndertuar mbi miqesin apo klanet mafioze.<br \/>\nKushe nuke do vidhte per Berishen ditet i kishte te numeruara.<br \/>\nNe krye te komisionit zgjedhore ka nji Ristan te inkriminuar totalisht,besniku i poshteresive Beriishiane.<br \/>\nMinistri i tankeve te 97-tes sote minister mbrojtje ishte mai diskutueshemi ne opinjonin publike.<\/p>\n<p>A nuke ishte ky Arben Imami qe kerceu mbi tanke per te shtypur Berishen ne revolten e 97-tes?<br \/>\nPse kjo &#8220;miqesi&#8221;frike apo korrupsion,sice duket te dyja.<br \/>\nImami tani i kishte hypur tankut te shkaterrimit te ushtris Shqiptare,aviacioni u shkaterrue tersishte,pse ky shkaterrim i miljona e miljon dollaresh,pse u braktisen aviatoret rrugeve te gurbetit dhe te pa punesis.<\/p>\n<p>Z.Imami ishte ideatori i pervetesimit te cdo gjeje ne ushtrin tone,gjithcka u shite!po ku shkuan fondet dhe te hollat qe u fituan nga tregtia e piste e Imamit me bekimin e Berishes?<br \/>\nEkonomija shqiptare kishte kohe qe e kishte marre teposhten,kryeministri perradhiste me fjalime &#8220;bombastike&#8221;te dytet ne Europ dhe te katert ne bote,po per c&#8217;fare o z.Berisha?per korrupsion,per boten e krimit,per perhapjen e ashashit ne c&#8217;do cepe te Shqiperis,per nji polici te pa asnji norme elementare te policise europiane,deri pa uniforma dhe karburante per makinat e sherbimit.Keto ishin sukseset tuaja o kryeministri i deshtimit.<\/p>\n<p>Ne tete vite nji minister nuke u ndeshkue per akuza tashma publike,<br \/>\nQeveria e Berishes kishte kohe qe ishte veteizoluar nga Europa,asnji keshille te nderkombetareve nuke e merrte ne konsiderat z.Berisha,biles luftonte ambasadoret qe flisnin per Berishen,u mundua te denigroje c&#8217;do ambasadore te SH.B.A ky ishte celsi i &#8220;sukseseve&#8221;fame keqe te Sali Gerdecit.<\/p>\n<p>Berisha fliste me te &#8220;madhe&#8221;per inregrimin e Shqiperis ne Bashkimin Europian,po kurre nuke e deshi,kjo u duke qarte pase 23 qershorit, rrezimi i Berishes Europa hapi dyerte,tani Luli i Berishes na predikon nene za se jemi opozita qe nuke do pengojme integrimin, nji demagogji e turpsheme.<\/p>\n<p>Marrja e pushtetit nga e majta ishte sae e domosdosheme po edhe e veshtire!<br \/>\nNji shtet tersishte i korruptuar,i mbytur ne borxhe,ekonomia tersishte e deshtuar,fshati i dalur jashte kontrodhit dhe mbikeqyrjes nge shteti,me nji fjale i kethyer ne mocale.<br \/>\nNdertimet pa leje dhe koncesionet korruptive kane coroditur c&#8217;do parameter te ekonomis.<br \/>\nKryeministri Rama me nji gjakftoftesi dhe me bindje teke nji demokraci Europiane filloje reformat jo te lehta,po me shume munde,perbadhe nji opozite qe vetem kerkonte te bente bilance qe ne ditet e para te qeverisjes,kjo mire i bene qeveris aktuale,po ku ishin ne tete vite keta &#8220;demokrat&#8221;qe po ju &#8220;digjet&#8221; shpirti per popullin!<\/p>\n<p>Sa here qe qeveria aktuale fliste per korrupsionin Berisha dhe lakejte rrethe ti bertisni me te madhe ne emer te &#8220;demokracis&#8221;po hakmerren kundrejte neshe!per c&#8217;fare po hakmerren?<br \/>\nPo vene ne vende drejtesin,po dergojne prapa hekrave te gjithe te korruptuarit,cili do qofte,e pse jo neser edhe Berisha do perbadhet me drejtesin te cilen per tete vite e perdhosi ne interesin e familjes dhe te ministrave te korruptuar.<br \/>\nTe integrohesh ne Europ ka rregulla,ato duhen zbatuar dhe plotesuar me shume rigorizitet z. Berisha.<\/p>\n<p>Dergimi i z. Imami perpara drejtesis eshte vetem fillimi, se zyrtar\u00ebt e qeveris\u00eb s\u00eb re, lokal\u00eb dhe q\u00ebndror\u00eb, kan\u00eb marer\u00eb udh\u00ebzime t\u00eb qarta nga Kryeministri Rama, q\u00eb ata t\u00eb denoncojn\u00eb \u00e7do shkel\u00ebs e abuzues t\u00eb m\u00ebparsh\u00ebm, si dhe t\u00eb mos guxojn\u00eb t\u00eb marrin para p\u00ebr em\u00ebrime t\u00eb reja, se nuk do t\u00eb mbr\u00ebshteten nga kjo qeveri.<\/p>\n<p>Nuke ka zyre te qeverisjeve te kohes Berisha qe nuke eshte e korruptuar,detyrimishte qe duhet pastruar dhe disifektuar qe te mose mbetet asnji mikrob infektues.<br \/>\nEksperiencat e hidhura te vendeve te korruptuara tashma jane publike,ato na kane treguar se pa nji shtet ligjor dhe demokratik asnji vende nuke mundet te rimkembet,fatekqesishte ne patem kete fate te keqe ne kete shekull te ri te jemi shembulli i keqe i korrupsionit.<br \/>\nSote besoje se Berisha dhe Imami po binden se kushe eshte shteti.<\/p>\n<p>Dekleratat e Imamit jane aqe te deshperuara dhe te turpsheme sa edhe aje vete qeshe me veteveten,po ligji te ndeshkon kure ti e dhunon me kartonin e korrupsionit.<br \/>\nEuropa ku do integrohemi po i ndjke me shume vemendje proceset e luftes kunder krimit dhe korrupsionit,dikujte nuke i shkojne per shtate dekleratat e nderkombetareve,kjo tashma dihet,Berishes dhe Berishianve po ju rreshqet toka nene kembe,forca e shtetit eshte zbatimi i ligjit, perpara ligjit dhe drejtesis nuke ka te priviligjuar.<\/p>\n<p>Tani po fryne era e shtetit,era qe na integron ne Bashkimin Europian,lajthitjet e hajduteve dhe te korruptuareve tashma kane shterruar,opozita e vertet te mobilizohet per nji shtet demokratik,jo shtet familjare me nji emer korrupsioni Berisha-Basha drejte falimentimit.<br \/>\nLigji dhe kushtetuta do flasim mbi cilin do,pushteti eshte ne sherbim te ligjit dhe vetem ligjit.<\/p>\n","protected":false},"excerpt":{"rendered":"<p>Gjin Musa Qeveria e Rilindjes me kryeminiter Edi Ramen erdhi ne pushtet me slloganin lufte korrupsionit. Shume njerz ishin edhe skeptike pasi edhe Berisha na kishte mashtruar me duare te &#8220;pastra&#8221;, por fatekeqesisht ato u bene aq pis sa nuk ka uje qe i lan. Pushtetaret u pasuruan ne menyre marramendese, me vila dhe makina [&hellip;]<\/p>\n","protected":false},"author":1,"featured_media":0,"comment_status":"open","ping_status":"closed","sticky":false,"template":"","format":"standard","meta":{"footnotes":""},"categories":[2],"tags":[],"class_list":{"0":"post-5323","1":"post","2":"type-post","3":"status-publish","4":"format-standard","6":"category-artikuj"},"yoast_head":"<!-- This site is optimized with the Yoast SEO plugin v27.4 - https:\/\/yoast.com\/product\/yoast-seo-wordpress\/ -->\n<title>Po vjen era shtet! - FjALA e LIR\u00cb - Arkivi<\/title>\n<meta name=\"robots\" content=\"index, follow, max-snippet:-1, max-image-preview:large, max-video-preview:-1\" \/>\n<link rel=\"canonical\" href=\"https:\/\/fjala.info\/2009-2015\/po-vjen-era-shtet\/\" \/>\n<meta property=\"og:locale\" content=\"sq_AL\" \/>\n<meta property=\"og:type\" content=\"article\" \/>\n<meta property=\"og:title\" content=\"Po vjen era shtet! - FjALA e LIR\u00cb - Arkivi\" \/>\n<meta property=\"og:description\" content=\"Gjin Musa Qeveria e Rilindjes me kryeminiter Edi Ramen erdhi ne pushtet me slloganin lufte korrupsionit. Shume njerz ishin edhe skeptike pasi edhe Berisha na kishte mashtruar me duare te &#8220;pastra&#8221;, por fatekeqesisht ato u bene aq pis sa nuk ka uje qe i lan. Pushtetaret u pasuruan ne menyre marramendese, me vila dhe makina [&hellip;]\" \/>\n<meta property=\"og:url\" content=\"https:\/\/fjala.info\/2009-2015\/po-vjen-era-shtet\/\" \/>\n<meta property=\"og:site_name\" content=\"FjALA e LIR\u00cb - Arkivi\" \/>\n<meta property=\"article:published_time\" content=\"2013-12-09T21:30:43+00:00\" \/>\n<meta property=\"og:image\" content=\"http:\/\/www.fjala.info\/2013\/gjin_musa.jpg\" \/>\n<meta name=\"author\" content=\"admin\" \/>\n<meta name=\"twitter:card\" content=\"summary_large_image\" \/>\n<meta name=\"twitter:label1\" content=\"Written by\" \/>\n\t<meta name=\"twitter:data1\" content=\"admin\" \/>\n\t<meta name=\"twitter:label2\" content=\"Est. reading time\" \/>\n\t<meta name=\"twitter:data2\" content=\"7 minutes\" \/>\n<script type=\"application\/ld+json\" class=\"yoast-schema-graph\">{\"@context\":\"https:\\\/\\\/schema.org\",\"@graph\":[{\"@type\":\"Article\",\"@id\":\"https:\\\/\\\/fjala.info\\\/2009-2015\\\/po-vjen-era-shtet\\\/#article\",\"isPartOf\":{\"@id\":\"https:\\\/\\\/fjala.info\\\/2009-2015\\\/po-vjen-era-shtet\\\/\"},\"author\":{\"name\":\"admin\",\"@id\":\"https:\\\/\\\/fjala.info\\\/2009-2015\\\/#\\\/schema\\\/person\\\/3aa1163ef05469c496fc94e77611ada2\"},\"headline\":\"Po vjen era shtet!\",\"datePublished\":\"2013-12-09T21:30:43+00:00\",\"mainEntityOfPage\":{\"@id\":\"https:\\\/\\\/fjala.info\\\/2009-2015\\\/po-vjen-era-shtet\\\/\"},\"wordCount\":1439,\"commentCount\":1,\"publisher\":{\"@id\":\"https:\\\/\\\/fjala.info\\\/2009-2015\\\/#organization\"},\"image\":{\"@id\":\"https:\\\/\\\/fjala.info\\\/2009-2015\\\/po-vjen-era-shtet\\\/#primaryimage\"},\"thumbnailUrl\":\"http:\\\/\\\/www.fjala.info\\\/2013\\\/gjin_musa.jpg\",\"articleSection\":[\"Artikuj\"],\"inLanguage\":\"sq-AL\",\"potentialAction\":[{\"@type\":\"CommentAction\",\"name\":\"Comment\",\"target\":[\"https:\\\/\\\/fjala.info\\\/2009-2015\\\/po-vjen-era-shtet\\\/#respond\"]}]},{\"@type\":\"WebPage\",\"@id\":\"https:\\\/\\\/fjala.info\\\/2009-2015\\\/po-vjen-era-shtet\\\/\",\"url\":\"https:\\\/\\\/fjala.info\\\/2009-2015\\\/po-vjen-era-shtet\\\/\",\"name\":\"Po vjen era shtet! - FjALA e LIR\u00cb - Arkivi\",\"isPartOf\":{\"@id\":\"https:\\\/\\\/fjala.info\\\/2009-2015\\\/#website\"},\"primaryImageOfPage\":{\"@id\":\"https:\\\/\\\/fjala.info\\\/2009-2015\\\/po-vjen-era-shtet\\\/#primaryimage\"},\"image\":{\"@id\":\"https:\\\/\\\/fjala.info\\\/2009-2015\\\/po-vjen-era-shtet\\\/#primaryimage\"},\"thumbnailUrl\":\"http:\\\/\\\/www.fjala.info\\\/2013\\\/gjin_musa.jpg\",\"datePublished\":\"2013-12-09T21:30:43+00:00\",\"breadcrumb\":{\"@id\":\"https:\\\/\\\/fjala.info\\\/2009-2015\\\/po-vjen-era-shtet\\\/#breadcrumb\"},\"inLanguage\":\"sq-AL\",\"potentialAction\":[{\"@type\":\"ReadAction\",\"target\":[\"https:\\\/\\\/fjala.info\\\/2009-2015\\\/po-vjen-era-shtet\\\/\"]}]},{\"@type\":\"ImageObject\",\"inLanguage\":\"sq-AL\",\"@id\":\"https:\\\/\\\/fjala.info\\\/2009-2015\\\/po-vjen-era-shtet\\\/#primaryimage\",\"url\":\"http:\\\/\\\/www.fjala.info\\\/2013\\\/gjin_musa.jpg\",\"contentUrl\":\"http:\\\/\\\/www.fjala.info\\\/2013\\\/gjin_musa.jpg\"},{\"@type\":\"BreadcrumbList\",\"@id\":\"https:\\\/\\\/fjala.info\\\/2009-2015\\\/po-vjen-era-shtet\\\/#breadcrumb\",\"itemListElement\":[{\"@type\":\"ListItem\",\"position\":1,\"name\":\"Home\",\"item\":\"https:\\\/\\\/fjala.info\\\/2009-2015\\\/\"},{\"@type\":\"ListItem\",\"position\":2,\"name\":\"Po vjen era shtet!\"}]},{\"@type\":\"WebSite\",\"@id\":\"https:\\\/\\\/fjala.info\\\/2009-2015\\\/#website\",\"url\":\"https:\\\/\\\/fjala.info\\\/2009-2015\\\/\",\"name\":\"FjALA e LIR\u00cb - Arkivi\",\"description\":\"Arkivi 2009-2015\",\"publisher\":{\"@id\":\"https:\\\/\\\/fjala.info\\\/2009-2015\\\/#organization\"},\"potentialAction\":[{\"@type\":\"SearchAction\",\"target\":{\"@type\":\"EntryPoint\",\"urlTemplate\":\"https:\\\/\\\/fjala.info\\\/2009-2015\\\/?s={search_term_string}\"},\"query-input\":{\"@type\":\"PropertyValueSpecification\",\"valueRequired\":true,\"valueName\":\"search_term_string\"}}],\"inLanguage\":\"sq-AL\"},{\"@type\":\"Organization\",\"@id\":\"https:\\\/\\\/fjala.info\\\/2009-2015\\\/#organization\",\"name\":\"FjALA e LIR\u00cb - Arkivi\",\"url\":\"https:\\\/\\\/fjala.info\\\/2009-2015\\\/\",\"logo\":{\"@type\":\"ImageObject\",\"inLanguage\":\"sq-AL\",\"@id\":\"https:\\\/\\\/fjala.info\\\/2009-2015\\\/#\\\/schema\\\/logo\\\/image\\\/\",\"url\":\"\",\"contentUrl\":\"\",\"caption\":\"FjALA e LIR\u00cb - Arkivi\"},\"image\":{\"@id\":\"https:\\\/\\\/fjala.info\\\/2009-2015\\\/#\\\/schema\\\/logo\\\/image\\\/\"}},{\"@type\":\"Person\",\"@id\":\"https:\\\/\\\/fjala.info\\\/2009-2015\\\/#\\\/schema\\\/person\\\/3aa1163ef05469c496fc94e77611ada2\",\"name\":\"admin\",\"image\":{\"@type\":\"ImageObject\",\"inLanguage\":\"sq-AL\",\"@id\":\"https:\\\/\\\/fjala.info\\\/2009-2015\\\/wp-content\\\/uploads\\\/2012\\\/02\\\/arben_cokaj-120x150.jpg\",\"url\":\"https:\\\/\\\/fjala.info\\\/2009-2015\\\/wp-content\\\/uploads\\\/2012\\\/02\\\/arben_cokaj-120x150.jpg\",\"contentUrl\":\"https:\\\/\\\/fjala.info\\\/2009-2015\\\/wp-content\\\/uploads\\\/2012\\\/02\\\/arben_cokaj-120x150.jpg\",\"caption\":\"admin\"},\"description\":\"Admin, Fjala e Lir\u00eb\",\"sameAs\":[\"https:\\\/\\\/fjala.info\\\/\"],\"url\":\"https:\\\/\\\/fjala.info\\\/2009-2015\\\/author\\\/admin\\\/\"}]}<\/script>\n<!-- \/ Yoast SEO plugin. -->","yoast_head_json":{"title":"Po vjen era shtet! - FjALA e LIR\u00cb - Arkivi","robots":{"index":"index","follow":"follow","max-snippet":"max-snippet:-1","max-image-preview":"max-image-preview:large","max-video-preview":"max-video-preview:-1"},"canonical":"https:\/\/fjala.info\/2009-2015\/po-vjen-era-shtet\/","og_locale":"sq_AL","og_type":"article","og_title":"Po vjen era shtet! - FjALA e LIR\u00cb - Arkivi","og_description":"Gjin Musa Qeveria e Rilindjes me kryeminiter Edi Ramen erdhi ne pushtet me slloganin lufte korrupsionit. Shume njerz ishin edhe skeptike pasi edhe Berisha na kishte mashtruar me duare te &#8220;pastra&#8221;, por fatekeqesisht ato u bene aq pis sa nuk ka uje qe i lan. Pushtetaret u pasuruan ne menyre marramendese, me vila dhe makina [&hellip;]","og_url":"https:\/\/fjala.info\/2009-2015\/po-vjen-era-shtet\/","og_site_name":"FjALA e LIR\u00cb - Arkivi","article_published_time":"2013-12-09T21:30:43+00:00","og_image":[{"url":"http:\/\/www.fjala.info\/2013\/gjin_musa.jpg","type":"","width":"","height":""}],"author":"admin","twitter_card":"summary_large_image","twitter_misc":{"Written by":"admin","Est. reading time":"7 minutes"},"schema":{"@context":"https:\/\/schema.org","@graph":[{"@type":"Article","@id":"https:\/\/fjala.info\/2009-2015\/po-vjen-era-shtet\/#article","isPartOf":{"@id":"https:\/\/fjala.info\/2009-2015\/po-vjen-era-shtet\/"},"author":{"name":"admin","@id":"https:\/\/fjala.info\/2009-2015\/#\/schema\/person\/3aa1163ef05469c496fc94e77611ada2"},"headline":"Po vjen era shtet!","datePublished":"2013-12-09T21:30:43+00:00","mainEntityOfPage":{"@id":"https:\/\/fjala.info\/2009-2015\/po-vjen-era-shtet\/"},"wordCount":1439,"commentCount":1,"publisher":{"@id":"https:\/\/fjala.info\/2009-2015\/#organization"},"image":{"@id":"https:\/\/fjala.info\/2009-2015\/po-vjen-era-shtet\/#primaryimage"},"thumbnailUrl":"http:\/\/www.fjala.info\/2013\/gjin_musa.jpg","articleSection":["Artikuj"],"inLanguage":"sq-AL","potentialAction":[{"@type":"CommentAction","name":"Comment","target":["https:\/\/fjala.info\/2009-2015\/po-vjen-era-shtet\/#respond"]}]},{"@type":"WebPage","@id":"https:\/\/fjala.info\/2009-2015\/po-vjen-era-shtet\/","url":"https:\/\/fjala.info\/2009-2015\/po-vjen-era-shtet\/","name":"Po vjen era shtet! - FjALA e LIR\u00cb - Arkivi","isPartOf":{"@id":"https:\/\/fjala.info\/2009-2015\/#website"},"primaryImageOfPage":{"@id":"https:\/\/fjala.info\/2009-2015\/po-vjen-era-shtet\/#primaryimage"},"image":{"@id":"https:\/\/fjala.info\/2009-2015\/po-vjen-era-shtet\/#primaryimage"},"thumbnailUrl":"http:\/\/www.fjala.info\/2013\/gjin_musa.jpg","datePublished":"2013-12-09T21:30:43+00:00","breadcrumb":{"@id":"https:\/\/fjala.info\/2009-2015\/po-vjen-era-shtet\/#breadcrumb"},"inLanguage":"sq-AL","potentialAction":[{"@type":"ReadAction","target":["https:\/\/fjala.info\/2009-2015\/po-vjen-era-shtet\/"]}]},{"@type":"ImageObject","inLanguage":"sq-AL","@id":"https:\/\/fjala.info\/2009-2015\/po-vjen-era-shtet\/#primaryimage","url":"http:\/\/www.fjala.info\/2013\/gjin_musa.jpg","contentUrl":"http:\/\/www.fjala.info\/2013\/gjin_musa.jpg"},{"@type":"BreadcrumbList","@id":"https:\/\/fjala.info\/2009-2015\/po-vjen-era-shtet\/#breadcrumb","itemListElement":[{"@type":"ListItem","position":1,"name":"Home","item":"https:\/\/fjala.info\/2009-2015\/"},{"@type":"ListItem","position":2,"name":"Po vjen era shtet!"}]},{"@type":"WebSite","@id":"https:\/\/fjala.info\/2009-2015\/#website","url":"https:\/\/fjala.info\/2009-2015\/","name":"FjALA e LIR\u00cb - Arkivi","description":"Arkivi 2009-2015","publisher":{"@id":"https:\/\/fjala.info\/2009-2015\/#organization"},"potentialAction":[{"@type":"SearchAction","target":{"@type":"EntryPoint","urlTemplate":"https:\/\/fjala.info\/2009-2015\/?s={search_term_string}"},"query-input":{"@type":"PropertyValueSpecification","valueRequired":true,"valueName":"search_term_string"}}],"inLanguage":"sq-AL"},{"@type":"Organization","@id":"https:\/\/fjala.info\/2009-2015\/#organization","name":"FjALA e LIR\u00cb - Arkivi","url":"https:\/\/fjala.info\/2009-2015\/","logo":{"@type":"ImageObject","inLanguage":"sq-AL","@id":"https:\/\/fjala.info\/2009-2015\/#\/schema\/logo\/image\/","url":"","contentUrl":"","caption":"FjALA e LIR\u00cb - Arkivi"},"image":{"@id":"https:\/\/fjala.info\/2009-2015\/#\/schema\/logo\/image\/"}},{"@type":"Person","@id":"https:\/\/fjala.info\/2009-2015\/#\/schema\/person\/3aa1163ef05469c496fc94e77611ada2","name":"admin","image":{"@type":"ImageObject","inLanguage":"sq-AL","@id":"https:\/\/fjala.info\/2009-2015\/wp-content\/uploads\/2012\/02\/arben_cokaj-120x150.jpg","url":"https:\/\/fjala.info\/2009-2015\/wp-content\/uploads\/2012\/02\/arben_cokaj-120x150.jpg","contentUrl":"https:\/\/fjala.info\/2009-2015\/wp-content\/uploads\/2012\/02\/arben_cokaj-120x150.jpg","caption":"admin"},"description":"Admin, Fjala e Lir\u00eb","sameAs":["https:\/\/fjala.info\/"],"url":"https:\/\/fjala.info\/2009-2015\/author\/admin\/"}]}},"_links":{"self":[{"href":"https:\/\/fjala.info\/2009-2015\/wp-json\/wp\/v2\/posts\/5323","targetHints":{"allow":["GET"]}}],"collection":[{"href":"https:\/\/fjala.info\/2009-2015\/wp-json\/wp\/v2\/posts"}],"about":[{"href":"https:\/\/fjala.info\/2009-2015\/wp-json\/wp\/v2\/types\/post"}],"author":[{"embeddable":true,"href":"https:\/\/fjala.info\/2009-2015\/wp-json\/wp\/v2\/users\/1"}],"replies":[{"embeddable":true,"href":"https:\/\/fjala.info\/2009-2015\/wp-json\/wp\/v2\/comments?post=5323"}],"version-history":[{"count":0,"href":"https:\/\/fjala.info\/2009-2015\/wp-json\/wp\/v2\/posts\/5323\/revisions"}],"wp:attachment":[{"href":"https:\/\/fjala.info\/2009-2015\/wp-json\/wp\/v2\/media?parent=5323"}],"wp:term":[{"taxonomy":"category","embeddable":true,"href":"https:\/\/fjala.info\/2009-2015\/wp-json\/wp\/v2\/categories?post=5323"},{"taxonomy":"post_tag","embeddable":true,"href":"https:\/\/fjala.info\/2009-2015\/wp-json\/wp\/v2\/tags?post=5323"}],"curies":[{"name":"wp","href":"https:\/\/api.w.org\/{rel}","templated":true}]}}