{"id":5319,"date":"2010-12-23T05:36:44","date_gmt":"2010-12-23T04:36:44","guid":{"rendered":"http:\/\/fjala.shkoder.net\/?p=5319"},"modified":"2010-12-23T05:36:44","modified_gmt":"2010-12-23T04:36:44","slug":"brace-berisha-pakt-me-killera-per-te-na-mbyllur-gojen","status":"publish","type":"post","link":"https:\/\/fjala.info\/2009-2015\/brace-berisha-pakt-me-killera-per-te-na-mbyllur-gojen\/","title":{"rendered":"Bra\u00e7e: Berisha pakt me killera p\u00ebr t\u00eb na mbyllur goj\u00ebn"},"content":{"rendered":"<p><img loading=\"lazy\" decoding=\"async\" class=\"alignleft size-full wp-image-5320\" title=\"erjon_brace1\" src=\"http:\/\/fjala.shkoder.net\/wp-content\/uploads\/2010\/12\/erjon_brace1.jpg\" alt=\"\" width=\"170\" height=\"160\" \/><\/p>\n<p><em>TIRAN\u00cb <\/em>&#8211; Deputeti i Partis\u00eb Socialiste Erjon Bra\u00e7e pas mbledhjes s\u00eb grupit t\u00eb Partis\u00eb Socialiste b\u00ebn publike p\u00ebr mediat p\u00ebrmbajtjen e nj\u00eb CD-je k\u00ebrc\u00ebnuese n\u00eb drejtim t\u00eb tij dhe kryetarit t\u00eb Partis\u00eb Sociliste Edi Rama.<\/p>\n<p>\u201cDit\u00ebn e h\u00ebn\u00eb personeli i ka dh\u00ebn\u00eb k\u00ebtij institucioni nj\u00eb zarf, brenda tij \u00ebsht\u00eb nj\u00eb kartolin\u00eb dhe brenda saj \u00ebsht\u00eb nj\u00eb CD, nga ana e pasme e s\u00eb cil\u00ebs \u00ebsht\u00eb materializuar ky tekst \u201cKe 24 or\u00eb koh\u00eb, ndryshe t\u00eb gjitha televizionet do ta publikojn\u00eb\u201d, thekson Bra\u00e7e.<\/p>\n<p style=\"text-align: center;\"><object classid=\"clsid:d27cdb6e-ae6d-11cf-96b8-444553540000\" width=\"500\" height=\"300\" codebase=\"http:\/\/download.macromedia.com\/pub\/shockwave\/cabs\/flash\/swflash.cab#version=6,0,40,0\"><param name=\"flashvars\" value=\"height=500&amp;width=300&amp;file=http:\/\/www.shekulli.com.al\/2010\/12\/22\/Brace.flv&amp;skin=http:\/\/www.shekulli.com.al\/zotmedia\/stil.swf&amp;controlbar=over&amp;autostart=false&amp;stretching=fill&amp;showdigits=true&amp;logo=http:\/\/www.shekulli.com.al\/\/zotmedia\/images\/lo.png\" \/><param name=\"src\" value=\"http:\/\/www.shekulli.com.al\/zotmedia\/flv\/player.swf\" \/><param name=\"wmode\" value=\"transparent\" \/><param name=\"allowfullscreen\" value=\"true\" \/><embed type=\"application\/x-shockwave-flash\" width=\"500\" height=\"300\" src=\"http:\/\/www.shekulli.com.al\/zotmedia\/flv\/player.swf\" allowfullscreen=\"true\" wmode=\"transparent\" flashvars=\"height=500&amp;width=300&amp;file=http:\/\/www.shekulli.com.al\/2010\/12\/22\/Brace.flv&amp;skin=http:\/\/www.shekulli.com.al\/zotmedia\/stil.swf&amp;controlbar=over&amp;autostart=false&amp;stretching=fill&amp;showdigits=true&amp;logo=http:\/\/www.shekulli.com.al\/\/zotmedia\/images\/lo.png\"><\/embed><\/object><\/p>\n<p>Sipas deputetit socialist zarfi mban emrin e shtetasit Daut Kadriovski, nj\u00eb njeri i lidhur me krimin, si\u00e7 tha Bra\u00e7e, nd\u00ebrsa shton se ky i fundit m\u00eb akuzon mua, Ram\u00ebn dhe politikan\u00eb t\u00eb tjer\u00eb se kemi lidhje me trafiqe dhe jemi t\u00eb p\u00ebrfshir\u00eb n\u00eb dy vrasje\u201d.<\/p>\n<p>Po ashtu Bra\u00e7e shprehet se n\u00eb zarf jan\u00eb edhe emrat e politikan\u00ebve kosovar\u00eb Hashim Tha\u00e7i e Jakup Krasniqi, deri tek politikani maqedonas Menduh Tha\u00e7i.<\/p>\n<p>Duke hedhur posht\u00eb p\u00ebrmbajtjen e k\u00ebsaj cd-je k\u00ebrc\u00ebnuese, Bra\u00e7e shigjeton kryeministrin Berisha dhe deklaron se ai ka q\u00ebn\u00eb n\u00eb dijeni t\u00eb p\u00ebrmbajtjes s\u00eb zarfit dhe k\u00ebt\u00eb e b\u00ebn sipas Bra\u00e7es, p\u00ebr t\u00eb penguar transparenc\u00ebn e k\u00ebrkuar nga PS.<\/p>\n<p>\u201cSali Berisha n\u00eb cil\u00ebsin\u00eb e kryxeministrit t\u00eb Republik\u00ebs \u00ebsht\u00eb angazhuar personalisht n\u00eb nd\u00ebrprerjen e fushat\u00ebs s\u00eb transparenc\u00ebs, duke k\u00ebrc\u00ebnuar drejdp\u00ebrdrejt njerezit qe po i tregojn\u00eb shqiptar\u00ebve vjedhjet e Sali Berish\u00ebs. Sali Berisha po bashk\u00ebpunon me krimin e organizuar\u201d, tha Bra\u00e7e.<\/p>\n<p>P\u00ebr p\u00ebrmbajtjen e CD-s\u00eb theksoi Bra\u00e7e \u00ebsht\u00eb v\u00ebn\u00eb n\u00eb dijeni edhe Presidenti i Republik\u00ebs, nd\u00ebrsa shton se &#8220;kam marr\u00eb kontakte edhe me Prokurorin\u00eb e Tiran\u00ebs\u201c<\/p>\n<p>(<em>m.a\/BalkanWeb<\/em>)<\/p>\n","protected":false},"excerpt":{"rendered":"<p>TIRAN\u00cb &#8211; Deputeti i Partis\u00eb Socialiste Erjon Bra\u00e7e pas mbledhjes s\u00eb grupit t\u00eb Partis\u00eb Socialiste b\u00ebn publike p\u00ebr mediat p\u00ebrmbajtjen e nj\u00eb CD-je k\u00ebrc\u00ebnuese n\u00eb drejtim t\u00eb tij dhe kryetarit t\u00eb Partis\u00eb Sociliste Edi Rama. \u201cDit\u00ebn e h\u00ebn\u00eb personeli i ka dh\u00ebn\u00eb k\u00ebtij institucioni nj\u00eb zarf, brenda tij \u00ebsht\u00eb nj\u00eb kartolin\u00eb dhe brenda saj \u00ebsht\u00eb [&hellip;]<\/p>\n","protected":false},"author":1,"featured_media":0,"comment_status":"open","ping_status":"closed","sticky":false,"template":"","format":"standard","meta":{"footnotes":""},"categories":[2],"tags":[],"class_list":{"0":"post-5319","1":"post","2":"type-post","3":"status-publish","4":"format-standard","6":"category-artikuj"},"yoast_head":"<!-- This site is optimized with the Yoast SEO plugin v27.4 - https:\/\/yoast.com\/product\/yoast-seo-wordpress\/ -->\n<title>Bra\u00e7e: Berisha pakt me killera p\u00ebr t\u00eb na mbyllur goj\u00ebn - FjALA e LIR\u00cb - Arkivi<\/title>\n<meta name=\"robots\" content=\"index, follow, max-snippet:-1, max-image-preview:large, max-video-preview:-1\" \/>\n<link rel=\"canonical\" href=\"https:\/\/fjala.info\/2009-2015\/brace-berisha-pakt-me-killera-per-te-na-mbyllur-gojen\/\" \/>\n<meta property=\"og:locale\" content=\"sq_AL\" \/>\n<meta property=\"og:type\" content=\"article\" \/>\n<meta property=\"og:title\" content=\"Bra\u00e7e: Berisha pakt me killera p\u00ebr t\u00eb na mbyllur goj\u00ebn - FjALA e LIR\u00cb - Arkivi\" \/>\n<meta property=\"og:description\" content=\"TIRAN\u00cb &#8211; Deputeti i Partis\u00eb Socialiste Erjon Bra\u00e7e pas mbledhjes s\u00eb grupit t\u00eb Partis\u00eb Socialiste b\u00ebn publike p\u00ebr mediat p\u00ebrmbajtjen e nj\u00eb CD-je k\u00ebrc\u00ebnuese n\u00eb drejtim t\u00eb tij dhe kryetarit t\u00eb Partis\u00eb Sociliste Edi Rama. \u201cDit\u00ebn e h\u00ebn\u00eb personeli i ka dh\u00ebn\u00eb k\u00ebtij institucioni nj\u00eb zarf, brenda tij \u00ebsht\u00eb nj\u00eb kartolin\u00eb dhe brenda saj \u00ebsht\u00eb [&hellip;]\" \/>\n<meta property=\"og:url\" content=\"https:\/\/fjala.info\/2009-2015\/brace-berisha-pakt-me-killera-per-te-na-mbyllur-gojen\/\" \/>\n<meta property=\"og:site_name\" content=\"FjALA e LIR\u00cb - Arkivi\" \/>\n<meta property=\"article:published_time\" content=\"2010-12-23T04:36:44+00:00\" \/>\n<meta property=\"og:image\" content=\"http:\/\/fjala.shkoder.net\/wp-content\/uploads\/2010\/12\/erjon_brace1.jpg\" \/>\n<meta name=\"author\" content=\"admin\" \/>\n<meta name=\"twitter:card\" content=\"summary_large_image\" \/>\n<meta name=\"twitter:label1\" content=\"Written by\" \/>\n\t<meta name=\"twitter:data1\" content=\"admin\" \/>\n\t<meta name=\"twitter:label2\" content=\"Est. reading time\" \/>\n\t<meta name=\"twitter:data2\" content=\"2 minutes\" \/>\n<script type=\"application\/ld+json\" class=\"yoast-schema-graph\">{\"@context\":\"https:\\\/\\\/schema.org\",\"@graph\":[{\"@type\":\"Article\",\"@id\":\"https:\\\/\\\/fjala.info\\\/2009-2015\\\/brace-berisha-pakt-me-killera-per-te-na-mbyllur-gojen\\\/#article\",\"isPartOf\":{\"@id\":\"https:\\\/\\\/fjala.info\\\/2009-2015\\\/brace-berisha-pakt-me-killera-per-te-na-mbyllur-gojen\\\/\"},\"author\":{\"name\":\"admin\",\"@id\":\"https:\\\/\\\/fjala.info\\\/2009-2015\\\/#\\\/schema\\\/person\\\/3aa1163ef05469c496fc94e77611ada2\"},\"headline\":\"Bra\u00e7e: Berisha pakt me killera p\u00ebr t\u00eb na mbyllur goj\u00ebn\",\"datePublished\":\"2010-12-23T04:36:44+00:00\",\"mainEntityOfPage\":{\"@id\":\"https:\\\/\\\/fjala.info\\\/2009-2015\\\/brace-berisha-pakt-me-killera-per-te-na-mbyllur-gojen\\\/\"},\"wordCount\":320,\"commentCount\":0,\"publisher\":{\"@id\":\"https:\\\/\\\/fjala.info\\\/2009-2015\\\/#organization\"},\"image\":{\"@id\":\"https:\\\/\\\/fjala.info\\\/2009-2015\\\/brace-berisha-pakt-me-killera-per-te-na-mbyllur-gojen\\\/#primaryimage\"},\"thumbnailUrl\":\"http:\\\/\\\/fjala.shkoder.net\\\/wp-content\\\/uploads\\\/2010\\\/12\\\/erjon_brace1.jpg\",\"articleSection\":[\"Artikuj\"],\"inLanguage\":\"sq-AL\",\"potentialAction\":[{\"@type\":\"CommentAction\",\"name\":\"Comment\",\"target\":[\"https:\\\/\\\/fjala.info\\\/2009-2015\\\/brace-berisha-pakt-me-killera-per-te-na-mbyllur-gojen\\\/#respond\"]}]},{\"@type\":\"WebPage\",\"@id\":\"https:\\\/\\\/fjala.info\\\/2009-2015\\\/brace-berisha-pakt-me-killera-per-te-na-mbyllur-gojen\\\/\",\"url\":\"https:\\\/\\\/fjala.info\\\/2009-2015\\\/brace-berisha-pakt-me-killera-per-te-na-mbyllur-gojen\\\/\",\"name\":\"Bra\u00e7e: Berisha pakt me killera p\u00ebr t\u00eb na mbyllur goj\u00ebn - FjALA e LIR\u00cb - Arkivi\",\"isPartOf\":{\"@id\":\"https:\\\/\\\/fjala.info\\\/2009-2015\\\/#website\"},\"primaryImageOfPage\":{\"@id\":\"https:\\\/\\\/fjala.info\\\/2009-2015\\\/brace-berisha-pakt-me-killera-per-te-na-mbyllur-gojen\\\/#primaryimage\"},\"image\":{\"@id\":\"https:\\\/\\\/fjala.info\\\/2009-2015\\\/brace-berisha-pakt-me-killera-per-te-na-mbyllur-gojen\\\/#primaryimage\"},\"thumbnailUrl\":\"http:\\\/\\\/fjala.shkoder.net\\\/wp-content\\\/uploads\\\/2010\\\/12\\\/erjon_brace1.jpg\",\"datePublished\":\"2010-12-23T04:36:44+00:00\",\"breadcrumb\":{\"@id\":\"https:\\\/\\\/fjala.info\\\/2009-2015\\\/brace-berisha-pakt-me-killera-per-te-na-mbyllur-gojen\\\/#breadcrumb\"},\"inLanguage\":\"sq-AL\",\"potentialAction\":[{\"@type\":\"ReadAction\",\"target\":[\"https:\\\/\\\/fjala.info\\\/2009-2015\\\/brace-berisha-pakt-me-killera-per-te-na-mbyllur-gojen\\\/\"]}]},{\"@type\":\"ImageObject\",\"inLanguage\":\"sq-AL\",\"@id\":\"https:\\\/\\\/fjala.info\\\/2009-2015\\\/brace-berisha-pakt-me-killera-per-te-na-mbyllur-gojen\\\/#primaryimage\",\"url\":\"http:\\\/\\\/fjala.shkoder.net\\\/wp-content\\\/uploads\\\/2010\\\/12\\\/erjon_brace1.jpg\",\"contentUrl\":\"http:\\\/\\\/fjala.shkoder.net\\\/wp-content\\\/uploads\\\/2010\\\/12\\\/erjon_brace1.jpg\"},{\"@type\":\"BreadcrumbList\",\"@id\":\"https:\\\/\\\/fjala.info\\\/2009-2015\\\/brace-berisha-pakt-me-killera-per-te-na-mbyllur-gojen\\\/#breadcrumb\",\"itemListElement\":[{\"@type\":\"ListItem\",\"position\":1,\"name\":\"Home\",\"item\":\"https:\\\/\\\/fjala.info\\\/2009-2015\\\/\"},{\"@type\":\"ListItem\",\"position\":2,\"name\":\"Bra\u00e7e: Berisha pakt me killera p\u00ebr t\u00eb na mbyllur goj\u00ebn\"}]},{\"@type\":\"WebSite\",\"@id\":\"https:\\\/\\\/fjala.info\\\/2009-2015\\\/#website\",\"url\":\"https:\\\/\\\/fjala.info\\\/2009-2015\\\/\",\"name\":\"FjALA e LIR\u00cb - Arkivi\",\"description\":\"Arkivi 2009-2015\",\"publisher\":{\"@id\":\"https:\\\/\\\/fjala.info\\\/2009-2015\\\/#organization\"},\"potentialAction\":[{\"@type\":\"SearchAction\",\"target\":{\"@type\":\"EntryPoint\",\"urlTemplate\":\"https:\\\/\\\/fjala.info\\\/2009-2015\\\/?s={search_term_string}\"},\"query-input\":{\"@type\":\"PropertyValueSpecification\",\"valueRequired\":true,\"valueName\":\"search_term_string\"}}],\"inLanguage\":\"sq-AL\"},{\"@type\":\"Organization\",\"@id\":\"https:\\\/\\\/fjala.info\\\/2009-2015\\\/#organization\",\"name\":\"FjALA e LIR\u00cb - Arkivi\",\"url\":\"https:\\\/\\\/fjala.info\\\/2009-2015\\\/\",\"logo\":{\"@type\":\"ImageObject\",\"inLanguage\":\"sq-AL\",\"@id\":\"https:\\\/\\\/fjala.info\\\/2009-2015\\\/#\\\/schema\\\/logo\\\/image\\\/\",\"url\":\"\",\"contentUrl\":\"\",\"caption\":\"FjALA e LIR\u00cb - Arkivi\"},\"image\":{\"@id\":\"https:\\\/\\\/fjala.info\\\/2009-2015\\\/#\\\/schema\\\/logo\\\/image\\\/\"}},{\"@type\":\"Person\",\"@id\":\"https:\\\/\\\/fjala.info\\\/2009-2015\\\/#\\\/schema\\\/person\\\/3aa1163ef05469c496fc94e77611ada2\",\"name\":\"admin\",\"image\":{\"@type\":\"ImageObject\",\"inLanguage\":\"sq-AL\",\"@id\":\"https:\\\/\\\/fjala.info\\\/2009-2015\\\/wp-content\\\/uploads\\\/2012\\\/02\\\/arben_cokaj-120x150.jpg\",\"url\":\"https:\\\/\\\/fjala.info\\\/2009-2015\\\/wp-content\\\/uploads\\\/2012\\\/02\\\/arben_cokaj-120x150.jpg\",\"contentUrl\":\"https:\\\/\\\/fjala.info\\\/2009-2015\\\/wp-content\\\/uploads\\\/2012\\\/02\\\/arben_cokaj-120x150.jpg\",\"caption\":\"admin\"},\"description\":\"Admin, Fjala e Lir\u00eb\",\"sameAs\":[\"https:\\\/\\\/fjala.info\\\/\"],\"url\":\"https:\\\/\\\/fjala.info\\\/2009-2015\\\/author\\\/admin\\\/\"}]}<\/script>\n<!-- \/ Yoast SEO plugin. -->","yoast_head_json":{"title":"Bra\u00e7e: Berisha pakt me killera p\u00ebr t\u00eb na mbyllur goj\u00ebn - FjALA e LIR\u00cb - Arkivi","robots":{"index":"index","follow":"follow","max-snippet":"max-snippet:-1","max-image-preview":"max-image-preview:large","max-video-preview":"max-video-preview:-1"},"canonical":"https:\/\/fjala.info\/2009-2015\/brace-berisha-pakt-me-killera-per-te-na-mbyllur-gojen\/","og_locale":"sq_AL","og_type":"article","og_title":"Bra\u00e7e: Berisha pakt me killera p\u00ebr t\u00eb na mbyllur goj\u00ebn - FjALA e LIR\u00cb - Arkivi","og_description":"TIRAN\u00cb &#8211; Deputeti i Partis\u00eb Socialiste Erjon Bra\u00e7e pas mbledhjes s\u00eb grupit t\u00eb Partis\u00eb Socialiste b\u00ebn publike p\u00ebr mediat p\u00ebrmbajtjen e nj\u00eb CD-je k\u00ebrc\u00ebnuese n\u00eb drejtim t\u00eb tij dhe kryetarit t\u00eb Partis\u00eb Sociliste Edi Rama. \u201cDit\u00ebn e h\u00ebn\u00eb personeli i ka dh\u00ebn\u00eb k\u00ebtij institucioni nj\u00eb zarf, brenda tij \u00ebsht\u00eb nj\u00eb kartolin\u00eb dhe brenda saj \u00ebsht\u00eb [&hellip;]","og_url":"https:\/\/fjala.info\/2009-2015\/brace-berisha-pakt-me-killera-per-te-na-mbyllur-gojen\/","og_site_name":"FjALA e LIR\u00cb - Arkivi","article_published_time":"2010-12-23T04:36:44+00:00","og_image":[{"url":"http:\/\/fjala.shkoder.net\/wp-content\/uploads\/2010\/12\/erjon_brace1.jpg","type":"","width":"","height":""}],"author":"admin","twitter_card":"summary_large_image","twitter_misc":{"Written by":"admin","Est. reading time":"2 minutes"},"schema":{"@context":"https:\/\/schema.org","@graph":[{"@type":"Article","@id":"https:\/\/fjala.info\/2009-2015\/brace-berisha-pakt-me-killera-per-te-na-mbyllur-gojen\/#article","isPartOf":{"@id":"https:\/\/fjala.info\/2009-2015\/brace-berisha-pakt-me-killera-per-te-na-mbyllur-gojen\/"},"author":{"name":"admin","@id":"https:\/\/fjala.info\/2009-2015\/#\/schema\/person\/3aa1163ef05469c496fc94e77611ada2"},"headline":"Bra\u00e7e: Berisha pakt me killera p\u00ebr t\u00eb na mbyllur goj\u00ebn","datePublished":"2010-12-23T04:36:44+00:00","mainEntityOfPage":{"@id":"https:\/\/fjala.info\/2009-2015\/brace-berisha-pakt-me-killera-per-te-na-mbyllur-gojen\/"},"wordCount":320,"commentCount":0,"publisher":{"@id":"https:\/\/fjala.info\/2009-2015\/#organization"},"image":{"@id":"https:\/\/fjala.info\/2009-2015\/brace-berisha-pakt-me-killera-per-te-na-mbyllur-gojen\/#primaryimage"},"thumbnailUrl":"http:\/\/fjala.shkoder.net\/wp-content\/uploads\/2010\/12\/erjon_brace1.jpg","articleSection":["Artikuj"],"inLanguage":"sq-AL","potentialAction":[{"@type":"CommentAction","name":"Comment","target":["https:\/\/fjala.info\/2009-2015\/brace-berisha-pakt-me-killera-per-te-na-mbyllur-gojen\/#respond"]}]},{"@type":"WebPage","@id":"https:\/\/fjala.info\/2009-2015\/brace-berisha-pakt-me-killera-per-te-na-mbyllur-gojen\/","url":"https:\/\/fjala.info\/2009-2015\/brace-berisha-pakt-me-killera-per-te-na-mbyllur-gojen\/","name":"Bra\u00e7e: Berisha pakt me killera p\u00ebr t\u00eb na mbyllur goj\u00ebn - FjALA e LIR\u00cb - Arkivi","isPartOf":{"@id":"https:\/\/fjala.info\/2009-2015\/#website"},"primaryImageOfPage":{"@id":"https:\/\/fjala.info\/2009-2015\/brace-berisha-pakt-me-killera-per-te-na-mbyllur-gojen\/#primaryimage"},"image":{"@id":"https:\/\/fjala.info\/2009-2015\/brace-berisha-pakt-me-killera-per-te-na-mbyllur-gojen\/#primaryimage"},"thumbnailUrl":"http:\/\/fjala.shkoder.net\/wp-content\/uploads\/2010\/12\/erjon_brace1.jpg","datePublished":"2010-12-23T04:36:44+00:00","breadcrumb":{"@id":"https:\/\/fjala.info\/2009-2015\/brace-berisha-pakt-me-killera-per-te-na-mbyllur-gojen\/#breadcrumb"},"inLanguage":"sq-AL","potentialAction":[{"@type":"ReadAction","target":["https:\/\/fjala.info\/2009-2015\/brace-berisha-pakt-me-killera-per-te-na-mbyllur-gojen\/"]}]},{"@type":"ImageObject","inLanguage":"sq-AL","@id":"https:\/\/fjala.info\/2009-2015\/brace-berisha-pakt-me-killera-per-te-na-mbyllur-gojen\/#primaryimage","url":"http:\/\/fjala.shkoder.net\/wp-content\/uploads\/2010\/12\/erjon_brace1.jpg","contentUrl":"http:\/\/fjala.shkoder.net\/wp-content\/uploads\/2010\/12\/erjon_brace1.jpg"},{"@type":"BreadcrumbList","@id":"https:\/\/fjala.info\/2009-2015\/brace-berisha-pakt-me-killera-per-te-na-mbyllur-gojen\/#breadcrumb","itemListElement":[{"@type":"ListItem","position":1,"name":"Home","item":"https:\/\/fjala.info\/2009-2015\/"},{"@type":"ListItem","position":2,"name":"Bra\u00e7e: Berisha pakt me killera p\u00ebr t\u00eb na mbyllur goj\u00ebn"}]},{"@type":"WebSite","@id":"https:\/\/fjala.info\/2009-2015\/#website","url":"https:\/\/fjala.info\/2009-2015\/","name":"FjALA e LIR\u00cb - Arkivi","description":"Arkivi 2009-2015","publisher":{"@id":"https:\/\/fjala.info\/2009-2015\/#organization"},"potentialAction":[{"@type":"SearchAction","target":{"@type":"EntryPoint","urlTemplate":"https:\/\/fjala.info\/2009-2015\/?s={search_term_string}"},"query-input":{"@type":"PropertyValueSpecification","valueRequired":true,"valueName":"search_term_string"}}],"inLanguage":"sq-AL"},{"@type":"Organization","@id":"https:\/\/fjala.info\/2009-2015\/#organization","name":"FjALA e LIR\u00cb - Arkivi","url":"https:\/\/fjala.info\/2009-2015\/","logo":{"@type":"ImageObject","inLanguage":"sq-AL","@id":"https:\/\/fjala.info\/2009-2015\/#\/schema\/logo\/image\/","url":"","contentUrl":"","caption":"FjALA e LIR\u00cb - Arkivi"},"image":{"@id":"https:\/\/fjala.info\/2009-2015\/#\/schema\/logo\/image\/"}},{"@type":"Person","@id":"https:\/\/fjala.info\/2009-2015\/#\/schema\/person\/3aa1163ef05469c496fc94e77611ada2","name":"admin","image":{"@type":"ImageObject","inLanguage":"sq-AL","@id":"https:\/\/fjala.info\/2009-2015\/wp-content\/uploads\/2012\/02\/arben_cokaj-120x150.jpg","url":"https:\/\/fjala.info\/2009-2015\/wp-content\/uploads\/2012\/02\/arben_cokaj-120x150.jpg","contentUrl":"https:\/\/fjala.info\/2009-2015\/wp-content\/uploads\/2012\/02\/arben_cokaj-120x150.jpg","caption":"admin"},"description":"Admin, Fjala e Lir\u00eb","sameAs":["https:\/\/fjala.info\/"],"url":"https:\/\/fjala.info\/2009-2015\/author\/admin\/"}]}},"_links":{"self":[{"href":"https:\/\/fjala.info\/2009-2015\/wp-json\/wp\/v2\/posts\/5319","targetHints":{"allow":["GET"]}}],"collection":[{"href":"https:\/\/fjala.info\/2009-2015\/wp-json\/wp\/v2\/posts"}],"about":[{"href":"https:\/\/fjala.info\/2009-2015\/wp-json\/wp\/v2\/types\/post"}],"author":[{"embeddable":true,"href":"https:\/\/fjala.info\/2009-2015\/wp-json\/wp\/v2\/users\/1"}],"replies":[{"embeddable":true,"href":"https:\/\/fjala.info\/2009-2015\/wp-json\/wp\/v2\/comments?post=5319"}],"version-history":[{"count":0,"href":"https:\/\/fjala.info\/2009-2015\/wp-json\/wp\/v2\/posts\/5319\/revisions"}],"wp:attachment":[{"href":"https:\/\/fjala.info\/2009-2015\/wp-json\/wp\/v2\/media?parent=5319"}],"wp:term":[{"taxonomy":"category","embeddable":true,"href":"https:\/\/fjala.info\/2009-2015\/wp-json\/wp\/v2\/categories?post=5319"},{"taxonomy":"post_tag","embeddable":true,"href":"https:\/\/fjala.info\/2009-2015\/wp-json\/wp\/v2\/tags?post=5319"}],"curies":[{"name":"wp","href":"https:\/\/api.w.org\/{rel}","templated":true}]}}