{"id":5300,"date":"2010-12-13T10:08:21","date_gmt":"2010-12-13T09:08:21","guid":{"rendered":"http:\/\/fjala.shkoder.net\/?p=5300"},"modified":"2010-12-13T10:08:21","modified_gmt":"2010-12-13T09:08:21","slug":"libri-bukuri-e-nemur-i-sali-bashotes-botohet-ne-frengjisht","status":"publish","type":"post","link":"https:\/\/fjala.info\/2009-2015\/libri-bukuri-e-nemur-i-sali-bashotes-botohet-ne-frengjisht\/","title":{"rendered":"Libri \u201cBukuri e n\u00ebmur\u201d i Sali Bashot\u00ebs botohet n\u00eb fr\u00ebngjisht"},"content":{"rendered":"<p><img loading=\"lazy\" decoding=\"async\" class=\"alignright size-full wp-image-5305\" title=\"luan_topciu_sali_bashota_2010\" src=\"http:\/\/fjala.shkoder.net\/wp-content\/uploads\/2010\/12\/luan_topciu_sali_bashota_2010.jpg\" alt=\"\" width=\"200\" height=\"133\" \/><br \/>\n<em>Me poezit\u00eb e tij t\u00eb mrekullueshme, Sali Bashota po e hap nj\u00eb dritare t\u00eb shpirtit q\u00eb e ka shk\u00eblqimin dhe origjinalitetin e vet duke fuqizuar fjal\u00ebn poetike me drit\u00ebn e tij t\u00eb ve\u00e7ant\u00eb magjike.<\/em><\/p>\n<p><strong>Baki Ymeri<\/strong><\/p>\n<p>Libri me poezi \u201cBukuri e n\u00ebmur\u201d, i poetit Sali Bashota, botuar nga PEN Qendra e Kosov\u00ebs n\u00eb vitin 2006, i cili u nderua edhe me \u00c7mimin e Mitingut t\u00eb Poezis\u00eb n\u00eb Gjakov\u00eb -libri m\u00eb i mir\u00eb i vitit me poezi, k\u00ebto dit\u00eb n\u00eb Cyrih u botua n\u00eb gjuh\u00ebn fr\u00ebnge nga botuesi i mir\u00ebnjohur zviceran Xanthippe\/Edition ASPASIA. Libri \u00ebsht\u00eb p\u00ebrkthyer n\u00eb gjuh\u00ebn fr\u00ebnge nga Fr\u00e9d\u00e9rique Duversin.<\/p>\n<p>N\u00eb parath\u00ebnien e librit \u201cBeaut\u00e9 maudite \u201d(\u201cBukuri e n\u00ebmur \u201d), shkruar nga Dr. Yvonne-Denise Kochli, nd\u00ebr t\u00eb tjera, thuhet : \u201cPoet\u00ebt e \u00e7do kombi synojn\u00eb t\u2019i paraqesin vlerat e tyre komb\u00ebtare, por edhe vlerat universale t\u00eb shoq\u00ebris\u00eb njer\u00ebzore. Prandaj, vlerat u takojn\u00eb t\u00eb gjith\u00eb atyre q\u00eb p\u00ebr mision e kan\u00eb humanizmin dhe lirin\u00eb e fjal\u00ebs s\u00eb v\u00ebrtet\u00eb. Me poezit\u00eb e tij t\u00eb mrekullueshme, Sali Bashota po e hap nj\u00eb dritare t\u00eb shpirtit q\u00eb e ka shk\u00eblqimin dhe origjinalitetin e vet duke fuqizuar fjal\u00ebn poetike me drit\u00ebn e tij t\u00eb ve\u00e7ant\u00eb magjike \u201d.<\/p>\n<p>P\u00ebrndryshe, poezia e Sali Bashot\u00ebs \u00ebsht\u00eb p\u00ebrkthyer dhe botuar n\u00eb libra t\u00eb ve\u00e7ant\u00eb, n\u00eb anglisht, fr\u00ebngjisht, gjermanisht, rumanisht dhe maqedonisht, nd\u00ebrsa autori \u00ebsht\u00eb nderuar me \u00e7mime dhe shp\u00ebrblime t\u00eb larta letrare n\u00eb Kosov\u00eb, Shqip\u00ebri, Maqedoni, si\u00e7 jan\u00eb \u00e7mimet: \u201cPjet\u00ebr Bogdani\u201d, \u201cSerembe\u201d, \u201c Menada\u201d, \u201cPena e Art\u00eb\u201d etj. Botimi i librit \u201cBukuri e n\u00ebmur\u201d n\u00eb gjuh\u00ebn fr\u00ebnge \u00ebsht\u00eb suksesi m\u00eb i ri i poetit Sali Bashota, por gjithashtu, \u00ebsht\u00eb edhe afirmim i vlerave t\u00eb poezis\u00eb bashk\u00ebkohore shqipe jasht\u00eb vendit.<\/p>\n<p>&#8212;&#8212;&#8212;&#8212;&#8212;<\/p>\n<p><strong>Dr. Yvonne-Denise Kochli <\/strong><\/p>\n<p><strong>POEZIA E IDENTITETIT SHQIPTAR <\/strong><\/p>\n<p>Sali Bashota konsiderohet nj\u00ebri nd\u00ebr poet\u00ebt m\u00eb t\u00eb suksessh\u00ebm t\u00eb Kosov\u00ebs, i cili \u00ebsht\u00eb p\u00ebrkthyer n\u00eb shum\u00eb gjuh\u00eb bot\u00ebrore.<\/p>\n<p>Idet\u00eb dhe motivet e poezis\u00eb s\u00eb k\u00ebtij autori nd\u00ebrlidhen kryesisht me Kosov\u00ebn, me jet\u00ebn e shqiptar\u00ebve, fatin e kombit, t\u00eb ardhmen e tij n\u00eb Evrop\u00ebn e qytet\u00ebruar.<\/p>\n<p>N\u00eb k\u00ebt\u00eb lib\u00ebr me poezi, tema e luft\u00ebs z\u00eb nj\u00eb vend t\u00eb konsideruar n\u00eb poezin\u00eb e k\u00ebtij poeti, i cili n\u00eb nj\u00eb m\u00ebnyr\u00eb e ka poetizuar fatin e tij dhe t\u00eb popullit shqiptar t\u00eb Kosov\u00ebs p\u00ebrmes temave, motiveve dhe figurave t\u00eb bukura poetike.<\/p>\n<p>Ky p\u00ebrjetim i ngjarjeve apo drama e tij shpirt\u00ebrore \u00ebsht\u00eb paraqitur me mjesht\u00ebri artistike, sidomos me trajtimin e periudh\u00ebs s\u00eb viteve t\u00eb fundit t\u00eb shekullit XX, kur vendi i tij p\u00ebrballej me luft\u00ebn. Prandaj, poezia e k\u00ebtij poeti n\u00eb nj\u00eb m\u00ebnyr\u00eb \u00ebsht\u00eb poezi e mbijetes\u00ebs s\u00eb njeriut dhe aspirat\u00ebs p\u00ebr liri njer\u00ebzore dhe komb\u00ebtare.<\/p>\n<p>Libri \u201cBukuri e n\u00ebmur\u201d i sajon kujtimet p\u00ebr gj\u00ebrat e humbura, por t\u00eb dashura dhe t\u00eb paharrueshme. Sht\u00ebpia e djegur e poetit n\u00eb vendlindje bashk\u00eb me hirin e bibliotek\u00ebs, librat , dor\u00ebshkrimet, fotografit\u00eb &#8211; t\u00eb gjitha t\u00eb djegura, ringjallen n\u00eb pen\u00ebn e poetit dhe b\u00ebhen \u201ctregime historike\u201d p\u00ebr brezat e sot\u00ebm.<\/p>\n<p>Sali Bashota \u00ebsht\u00eb poet q\u00eb e ndien shpirt\u00ebrisht frym\u00ebmarrjen e popullit t\u00eb tij, edhe kur shkruan p\u00ebr krenarin\u00eb komb\u00ebtare, por edhe kur shkruan p\u00ebr dhembjen, vuajtjen, pik\u00ebllimin; apo kur i shkruan ato balada t\u00eb bukura p\u00ebr dor\u00ebshkrimet e djegura.<\/p>\n<p>Poet\u00ebt e \u00e7do kombi synojn\u00eb t\u2019i paraqesin vlerat e tyre komb\u00ebtare, por edhe vlerat universale t\u00eb shoq\u00ebris\u00eb njer\u00ebzore. Prandaj, vlerat u takojn\u00eb t\u00eb gjith\u00eb atyre q\u00eb p\u00ebr mision e kan\u00eb humanizmin dhe lirin\u00eb e fjal\u00ebs s\u00eb v\u00ebrtet\u00eb.<\/p>\n<p>Duke i lexuar k\u00ebto poezi t\u00eb bukura, sikur e ndiejm\u00eb nj\u00eb trokitje t\u00eb leht\u00eb n\u00eb mendimin ton\u00eb, e cila dal\u00ebngadal\u00eb fillon ta rris\u00eb ritmin e saj dhe t\u00eb b\u00ebhet pjes\u00eb e nj\u00eb kujtese njer\u00ebzore, n\u00eb nj\u00eb vend dhe n\u00eb nj\u00eb periudh\u00eb t\u00eb caktuar.<\/p>\n<p>Me poezit\u00eb e tij t\u00eb mrekullueshme, Sali Bashota po e hap nj\u00eb dritare t\u00eb shpirtit q\u00eb e ka shk\u00eblqimin dhe origjinalitetin e vet duke fuqizuar fjal\u00ebn poetike me drit\u00ebn e tij t\u00eb ve\u00e7ant\u00eb magjike.<\/p>\n<p>(Parath\u00ebnie e librit: Sali Bashota, Beaute maudite, Traduction de Fr\u00e9d\u00e9rique Duversin, Xanthippe\/Edition ASPASIA, Zurich, 2010)<\/p>\n","protected":false},"excerpt":{"rendered":"<p>Me poezit\u00eb e tij t\u00eb mrekullueshme, Sali Bashota po e hap nj\u00eb dritare t\u00eb shpirtit q\u00eb e ka shk\u00eblqimin dhe origjinalitetin e vet duke fuqizuar fjal\u00ebn poetike me drit\u00ebn e tij t\u00eb ve\u00e7ant\u00eb magjike. Baki Ymeri Libri me poezi \u201cBukuri e n\u00ebmur\u201d, i poetit Sali Bashota, botuar nga PEN Qendra e Kosov\u00ebs n\u00eb vitin 2006, [&hellip;]<\/p>\n","protected":false},"author":1,"featured_media":0,"comment_status":"open","ping_status":"closed","sticky":false,"template":"","format":"standard","meta":{"footnotes":""},"categories":[2],"tags":[],"class_list":{"0":"post-5300","1":"post","2":"type-post","3":"status-publish","4":"format-standard","6":"category-artikuj"},"yoast_head":"<!-- This site is optimized with the Yoast SEO plugin v27.4 - https:\/\/yoast.com\/product\/yoast-seo-wordpress\/ -->\n<title>Libri \u201cBukuri e n\u00ebmur\u201d i Sali Bashot\u00ebs botohet n\u00eb fr\u00ebngjisht - FjALA e LIR\u00cb - Arkivi<\/title>\n<meta name=\"robots\" content=\"index, follow, max-snippet:-1, max-image-preview:large, max-video-preview:-1\" \/>\n<link rel=\"canonical\" href=\"https:\/\/fjala.info\/2009-2015\/libri-bukuri-e-nemur-i-sali-bashotes-botohet-ne-frengjisht\/\" \/>\n<meta property=\"og:locale\" content=\"sq_AL\" \/>\n<meta property=\"og:type\" content=\"article\" \/>\n<meta property=\"og:title\" content=\"Libri \u201cBukuri e n\u00ebmur\u201d i Sali Bashot\u00ebs botohet n\u00eb fr\u00ebngjisht - FjALA e LIR\u00cb - Arkivi\" \/>\n<meta property=\"og:description\" content=\"Me poezit\u00eb e tij t\u00eb mrekullueshme, Sali Bashota po e hap nj\u00eb dritare t\u00eb shpirtit q\u00eb e ka shk\u00eblqimin dhe origjinalitetin e vet duke fuqizuar fjal\u00ebn poetike me drit\u00ebn e tij t\u00eb ve\u00e7ant\u00eb magjike. Baki Ymeri Libri me poezi \u201cBukuri e n\u00ebmur\u201d, i poetit Sali Bashota, botuar nga PEN Qendra e Kosov\u00ebs n\u00eb vitin 2006, [&hellip;]\" \/>\n<meta property=\"og:url\" content=\"https:\/\/fjala.info\/2009-2015\/libri-bukuri-e-nemur-i-sali-bashotes-botohet-ne-frengjisht\/\" \/>\n<meta property=\"og:site_name\" content=\"FjALA e LIR\u00cb - Arkivi\" \/>\n<meta property=\"article:published_time\" content=\"2010-12-13T09:08:21+00:00\" \/>\n<meta property=\"og:image\" content=\"http:\/\/fjala.shkoder.net\/wp-content\/uploads\/2010\/12\/luan_topciu_sali_bashota_2010.jpg\" \/>\n<meta name=\"author\" content=\"admin\" \/>\n<meta name=\"twitter:card\" content=\"summary_large_image\" \/>\n<meta name=\"twitter:label1\" content=\"Written by\" \/>\n\t<meta name=\"twitter:data1\" content=\"admin\" \/>\n\t<meta name=\"twitter:label2\" content=\"Est. reading time\" \/>\n\t<meta name=\"twitter:data2\" content=\"4 minutes\" \/>\n<script type=\"application\/ld+json\" class=\"yoast-schema-graph\">{\"@context\":\"https:\\\/\\\/schema.org\",\"@graph\":[{\"@type\":\"Article\",\"@id\":\"https:\\\/\\\/fjala.info\\\/2009-2015\\\/libri-bukuri-e-nemur-i-sali-bashotes-botohet-ne-frengjisht\\\/#article\",\"isPartOf\":{\"@id\":\"https:\\\/\\\/fjala.info\\\/2009-2015\\\/libri-bukuri-e-nemur-i-sali-bashotes-botohet-ne-frengjisht\\\/\"},\"author\":{\"name\":\"admin\",\"@id\":\"https:\\\/\\\/fjala.info\\\/2009-2015\\\/#\\\/schema\\\/person\\\/3aa1163ef05469c496fc94e77611ada2\"},\"headline\":\"Libri \u201cBukuri e n\u00ebmur\u201d i Sali Bashot\u00ebs botohet n\u00eb fr\u00ebngjisht\",\"datePublished\":\"2010-12-13T09:08:21+00:00\",\"mainEntityOfPage\":{\"@id\":\"https:\\\/\\\/fjala.info\\\/2009-2015\\\/libri-bukuri-e-nemur-i-sali-bashotes-botohet-ne-frengjisht\\\/\"},\"wordCount\":763,\"commentCount\":0,\"publisher\":{\"@id\":\"https:\\\/\\\/fjala.info\\\/2009-2015\\\/#organization\"},\"image\":{\"@id\":\"https:\\\/\\\/fjala.info\\\/2009-2015\\\/libri-bukuri-e-nemur-i-sali-bashotes-botohet-ne-frengjisht\\\/#primaryimage\"},\"thumbnailUrl\":\"http:\\\/\\\/fjala.shkoder.net\\\/wp-content\\\/uploads\\\/2010\\\/12\\\/luan_topciu_sali_bashota_2010.jpg\",\"articleSection\":[\"Artikuj\"],\"inLanguage\":\"sq-AL\",\"potentialAction\":[{\"@type\":\"CommentAction\",\"name\":\"Comment\",\"target\":[\"https:\\\/\\\/fjala.info\\\/2009-2015\\\/libri-bukuri-e-nemur-i-sali-bashotes-botohet-ne-frengjisht\\\/#respond\"]}]},{\"@type\":\"WebPage\",\"@id\":\"https:\\\/\\\/fjala.info\\\/2009-2015\\\/libri-bukuri-e-nemur-i-sali-bashotes-botohet-ne-frengjisht\\\/\",\"url\":\"https:\\\/\\\/fjala.info\\\/2009-2015\\\/libri-bukuri-e-nemur-i-sali-bashotes-botohet-ne-frengjisht\\\/\",\"name\":\"Libri \u201cBukuri e n\u00ebmur\u201d i Sali Bashot\u00ebs botohet n\u00eb fr\u00ebngjisht - FjALA e LIR\u00cb - Arkivi\",\"isPartOf\":{\"@id\":\"https:\\\/\\\/fjala.info\\\/2009-2015\\\/#website\"},\"primaryImageOfPage\":{\"@id\":\"https:\\\/\\\/fjala.info\\\/2009-2015\\\/libri-bukuri-e-nemur-i-sali-bashotes-botohet-ne-frengjisht\\\/#primaryimage\"},\"image\":{\"@id\":\"https:\\\/\\\/fjala.info\\\/2009-2015\\\/libri-bukuri-e-nemur-i-sali-bashotes-botohet-ne-frengjisht\\\/#primaryimage\"},\"thumbnailUrl\":\"http:\\\/\\\/fjala.shkoder.net\\\/wp-content\\\/uploads\\\/2010\\\/12\\\/luan_topciu_sali_bashota_2010.jpg\",\"datePublished\":\"2010-12-13T09:08:21+00:00\",\"breadcrumb\":{\"@id\":\"https:\\\/\\\/fjala.info\\\/2009-2015\\\/libri-bukuri-e-nemur-i-sali-bashotes-botohet-ne-frengjisht\\\/#breadcrumb\"},\"inLanguage\":\"sq-AL\",\"potentialAction\":[{\"@type\":\"ReadAction\",\"target\":[\"https:\\\/\\\/fjala.info\\\/2009-2015\\\/libri-bukuri-e-nemur-i-sali-bashotes-botohet-ne-frengjisht\\\/\"]}]},{\"@type\":\"ImageObject\",\"inLanguage\":\"sq-AL\",\"@id\":\"https:\\\/\\\/fjala.info\\\/2009-2015\\\/libri-bukuri-e-nemur-i-sali-bashotes-botohet-ne-frengjisht\\\/#primaryimage\",\"url\":\"http:\\\/\\\/fjala.shkoder.net\\\/wp-content\\\/uploads\\\/2010\\\/12\\\/luan_topciu_sali_bashota_2010.jpg\",\"contentUrl\":\"http:\\\/\\\/fjala.shkoder.net\\\/wp-content\\\/uploads\\\/2010\\\/12\\\/luan_topciu_sali_bashota_2010.jpg\"},{\"@type\":\"BreadcrumbList\",\"@id\":\"https:\\\/\\\/fjala.info\\\/2009-2015\\\/libri-bukuri-e-nemur-i-sali-bashotes-botohet-ne-frengjisht\\\/#breadcrumb\",\"itemListElement\":[{\"@type\":\"ListItem\",\"position\":1,\"name\":\"Home\",\"item\":\"https:\\\/\\\/fjala.info\\\/2009-2015\\\/\"},{\"@type\":\"ListItem\",\"position\":2,\"name\":\"Libri \u201cBukuri e n\u00ebmur\u201d i Sali Bashot\u00ebs botohet n\u00eb fr\u00ebngjisht\"}]},{\"@type\":\"WebSite\",\"@id\":\"https:\\\/\\\/fjala.info\\\/2009-2015\\\/#website\",\"url\":\"https:\\\/\\\/fjala.info\\\/2009-2015\\\/\",\"name\":\"FjALA e LIR\u00cb - Arkivi\",\"description\":\"Arkivi 2009-2015\",\"publisher\":{\"@id\":\"https:\\\/\\\/fjala.info\\\/2009-2015\\\/#organization\"},\"potentialAction\":[{\"@type\":\"SearchAction\",\"target\":{\"@type\":\"EntryPoint\",\"urlTemplate\":\"https:\\\/\\\/fjala.info\\\/2009-2015\\\/?s={search_term_string}\"},\"query-input\":{\"@type\":\"PropertyValueSpecification\",\"valueRequired\":true,\"valueName\":\"search_term_string\"}}],\"inLanguage\":\"sq-AL\"},{\"@type\":\"Organization\",\"@id\":\"https:\\\/\\\/fjala.info\\\/2009-2015\\\/#organization\",\"name\":\"FjALA e LIR\u00cb - Arkivi\",\"url\":\"https:\\\/\\\/fjala.info\\\/2009-2015\\\/\",\"logo\":{\"@type\":\"ImageObject\",\"inLanguage\":\"sq-AL\",\"@id\":\"https:\\\/\\\/fjala.info\\\/2009-2015\\\/#\\\/schema\\\/logo\\\/image\\\/\",\"url\":\"\",\"contentUrl\":\"\",\"caption\":\"FjALA e LIR\u00cb - Arkivi\"},\"image\":{\"@id\":\"https:\\\/\\\/fjala.info\\\/2009-2015\\\/#\\\/schema\\\/logo\\\/image\\\/\"}},{\"@type\":\"Person\",\"@id\":\"https:\\\/\\\/fjala.info\\\/2009-2015\\\/#\\\/schema\\\/person\\\/3aa1163ef05469c496fc94e77611ada2\",\"name\":\"admin\",\"image\":{\"@type\":\"ImageObject\",\"inLanguage\":\"sq-AL\",\"@id\":\"https:\\\/\\\/fjala.info\\\/2009-2015\\\/wp-content\\\/uploads\\\/2012\\\/02\\\/arben_cokaj-120x150.jpg\",\"url\":\"https:\\\/\\\/fjala.info\\\/2009-2015\\\/wp-content\\\/uploads\\\/2012\\\/02\\\/arben_cokaj-120x150.jpg\",\"contentUrl\":\"https:\\\/\\\/fjala.info\\\/2009-2015\\\/wp-content\\\/uploads\\\/2012\\\/02\\\/arben_cokaj-120x150.jpg\",\"caption\":\"admin\"},\"description\":\"Admin, Fjala e Lir\u00eb\",\"sameAs\":[\"https:\\\/\\\/fjala.info\\\/\"],\"url\":\"https:\\\/\\\/fjala.info\\\/2009-2015\\\/author\\\/admin\\\/\"}]}<\/script>\n<!-- \/ Yoast SEO plugin. -->","yoast_head_json":{"title":"Libri \u201cBukuri e n\u00ebmur\u201d i Sali Bashot\u00ebs botohet n\u00eb fr\u00ebngjisht - FjALA e LIR\u00cb - Arkivi","robots":{"index":"index","follow":"follow","max-snippet":"max-snippet:-1","max-image-preview":"max-image-preview:large","max-video-preview":"max-video-preview:-1"},"canonical":"https:\/\/fjala.info\/2009-2015\/libri-bukuri-e-nemur-i-sali-bashotes-botohet-ne-frengjisht\/","og_locale":"sq_AL","og_type":"article","og_title":"Libri \u201cBukuri e n\u00ebmur\u201d i Sali Bashot\u00ebs botohet n\u00eb fr\u00ebngjisht - FjALA e LIR\u00cb - Arkivi","og_description":"Me poezit\u00eb e tij t\u00eb mrekullueshme, Sali Bashota po e hap nj\u00eb dritare t\u00eb shpirtit q\u00eb e ka shk\u00eblqimin dhe origjinalitetin e vet duke fuqizuar fjal\u00ebn poetike me drit\u00ebn e tij t\u00eb ve\u00e7ant\u00eb magjike. Baki Ymeri Libri me poezi \u201cBukuri e n\u00ebmur\u201d, i poetit Sali Bashota, botuar nga PEN Qendra e Kosov\u00ebs n\u00eb vitin 2006, [&hellip;]","og_url":"https:\/\/fjala.info\/2009-2015\/libri-bukuri-e-nemur-i-sali-bashotes-botohet-ne-frengjisht\/","og_site_name":"FjALA e LIR\u00cb - Arkivi","article_published_time":"2010-12-13T09:08:21+00:00","og_image":[{"url":"http:\/\/fjala.shkoder.net\/wp-content\/uploads\/2010\/12\/luan_topciu_sali_bashota_2010.jpg","type":"","width":"","height":""}],"author":"admin","twitter_card":"summary_large_image","twitter_misc":{"Written by":"admin","Est. reading time":"4 minutes"},"schema":{"@context":"https:\/\/schema.org","@graph":[{"@type":"Article","@id":"https:\/\/fjala.info\/2009-2015\/libri-bukuri-e-nemur-i-sali-bashotes-botohet-ne-frengjisht\/#article","isPartOf":{"@id":"https:\/\/fjala.info\/2009-2015\/libri-bukuri-e-nemur-i-sali-bashotes-botohet-ne-frengjisht\/"},"author":{"name":"admin","@id":"https:\/\/fjala.info\/2009-2015\/#\/schema\/person\/3aa1163ef05469c496fc94e77611ada2"},"headline":"Libri \u201cBukuri e n\u00ebmur\u201d i Sali Bashot\u00ebs botohet n\u00eb fr\u00ebngjisht","datePublished":"2010-12-13T09:08:21+00:00","mainEntityOfPage":{"@id":"https:\/\/fjala.info\/2009-2015\/libri-bukuri-e-nemur-i-sali-bashotes-botohet-ne-frengjisht\/"},"wordCount":763,"commentCount":0,"publisher":{"@id":"https:\/\/fjala.info\/2009-2015\/#organization"},"image":{"@id":"https:\/\/fjala.info\/2009-2015\/libri-bukuri-e-nemur-i-sali-bashotes-botohet-ne-frengjisht\/#primaryimage"},"thumbnailUrl":"http:\/\/fjala.shkoder.net\/wp-content\/uploads\/2010\/12\/luan_topciu_sali_bashota_2010.jpg","articleSection":["Artikuj"],"inLanguage":"sq-AL","potentialAction":[{"@type":"CommentAction","name":"Comment","target":["https:\/\/fjala.info\/2009-2015\/libri-bukuri-e-nemur-i-sali-bashotes-botohet-ne-frengjisht\/#respond"]}]},{"@type":"WebPage","@id":"https:\/\/fjala.info\/2009-2015\/libri-bukuri-e-nemur-i-sali-bashotes-botohet-ne-frengjisht\/","url":"https:\/\/fjala.info\/2009-2015\/libri-bukuri-e-nemur-i-sali-bashotes-botohet-ne-frengjisht\/","name":"Libri \u201cBukuri e n\u00ebmur\u201d i Sali Bashot\u00ebs botohet n\u00eb fr\u00ebngjisht - FjALA e LIR\u00cb - Arkivi","isPartOf":{"@id":"https:\/\/fjala.info\/2009-2015\/#website"},"primaryImageOfPage":{"@id":"https:\/\/fjala.info\/2009-2015\/libri-bukuri-e-nemur-i-sali-bashotes-botohet-ne-frengjisht\/#primaryimage"},"image":{"@id":"https:\/\/fjala.info\/2009-2015\/libri-bukuri-e-nemur-i-sali-bashotes-botohet-ne-frengjisht\/#primaryimage"},"thumbnailUrl":"http:\/\/fjala.shkoder.net\/wp-content\/uploads\/2010\/12\/luan_topciu_sali_bashota_2010.jpg","datePublished":"2010-12-13T09:08:21+00:00","breadcrumb":{"@id":"https:\/\/fjala.info\/2009-2015\/libri-bukuri-e-nemur-i-sali-bashotes-botohet-ne-frengjisht\/#breadcrumb"},"inLanguage":"sq-AL","potentialAction":[{"@type":"ReadAction","target":["https:\/\/fjala.info\/2009-2015\/libri-bukuri-e-nemur-i-sali-bashotes-botohet-ne-frengjisht\/"]}]},{"@type":"ImageObject","inLanguage":"sq-AL","@id":"https:\/\/fjala.info\/2009-2015\/libri-bukuri-e-nemur-i-sali-bashotes-botohet-ne-frengjisht\/#primaryimage","url":"http:\/\/fjala.shkoder.net\/wp-content\/uploads\/2010\/12\/luan_topciu_sali_bashota_2010.jpg","contentUrl":"http:\/\/fjala.shkoder.net\/wp-content\/uploads\/2010\/12\/luan_topciu_sali_bashota_2010.jpg"},{"@type":"BreadcrumbList","@id":"https:\/\/fjala.info\/2009-2015\/libri-bukuri-e-nemur-i-sali-bashotes-botohet-ne-frengjisht\/#breadcrumb","itemListElement":[{"@type":"ListItem","position":1,"name":"Home","item":"https:\/\/fjala.info\/2009-2015\/"},{"@type":"ListItem","position":2,"name":"Libri \u201cBukuri e n\u00ebmur\u201d i Sali Bashot\u00ebs botohet n\u00eb fr\u00ebngjisht"}]},{"@type":"WebSite","@id":"https:\/\/fjala.info\/2009-2015\/#website","url":"https:\/\/fjala.info\/2009-2015\/","name":"FjALA e LIR\u00cb - Arkivi","description":"Arkivi 2009-2015","publisher":{"@id":"https:\/\/fjala.info\/2009-2015\/#organization"},"potentialAction":[{"@type":"SearchAction","target":{"@type":"EntryPoint","urlTemplate":"https:\/\/fjala.info\/2009-2015\/?s={search_term_string}"},"query-input":{"@type":"PropertyValueSpecification","valueRequired":true,"valueName":"search_term_string"}}],"inLanguage":"sq-AL"},{"@type":"Organization","@id":"https:\/\/fjala.info\/2009-2015\/#organization","name":"FjALA e LIR\u00cb - Arkivi","url":"https:\/\/fjala.info\/2009-2015\/","logo":{"@type":"ImageObject","inLanguage":"sq-AL","@id":"https:\/\/fjala.info\/2009-2015\/#\/schema\/logo\/image\/","url":"","contentUrl":"","caption":"FjALA e LIR\u00cb - Arkivi"},"image":{"@id":"https:\/\/fjala.info\/2009-2015\/#\/schema\/logo\/image\/"}},{"@type":"Person","@id":"https:\/\/fjala.info\/2009-2015\/#\/schema\/person\/3aa1163ef05469c496fc94e77611ada2","name":"admin","image":{"@type":"ImageObject","inLanguage":"sq-AL","@id":"https:\/\/fjala.info\/2009-2015\/wp-content\/uploads\/2012\/02\/arben_cokaj-120x150.jpg","url":"https:\/\/fjala.info\/2009-2015\/wp-content\/uploads\/2012\/02\/arben_cokaj-120x150.jpg","contentUrl":"https:\/\/fjala.info\/2009-2015\/wp-content\/uploads\/2012\/02\/arben_cokaj-120x150.jpg","caption":"admin"},"description":"Admin, Fjala e Lir\u00eb","sameAs":["https:\/\/fjala.info\/"],"url":"https:\/\/fjala.info\/2009-2015\/author\/admin\/"}]}},"_links":{"self":[{"href":"https:\/\/fjala.info\/2009-2015\/wp-json\/wp\/v2\/posts\/5300","targetHints":{"allow":["GET"]}}],"collection":[{"href":"https:\/\/fjala.info\/2009-2015\/wp-json\/wp\/v2\/posts"}],"about":[{"href":"https:\/\/fjala.info\/2009-2015\/wp-json\/wp\/v2\/types\/post"}],"author":[{"embeddable":true,"href":"https:\/\/fjala.info\/2009-2015\/wp-json\/wp\/v2\/users\/1"}],"replies":[{"embeddable":true,"href":"https:\/\/fjala.info\/2009-2015\/wp-json\/wp\/v2\/comments?post=5300"}],"version-history":[{"count":0,"href":"https:\/\/fjala.info\/2009-2015\/wp-json\/wp\/v2\/posts\/5300\/revisions"}],"wp:attachment":[{"href":"https:\/\/fjala.info\/2009-2015\/wp-json\/wp\/v2\/media?parent=5300"}],"wp:term":[{"taxonomy":"category","embeddable":true,"href":"https:\/\/fjala.info\/2009-2015\/wp-json\/wp\/v2\/categories?post=5300"},{"taxonomy":"post_tag","embeddable":true,"href":"https:\/\/fjala.info\/2009-2015\/wp-json\/wp\/v2\/tags?post=5300"}],"curies":[{"name":"wp","href":"https:\/\/api.w.org\/{rel}","templated":true}]}}