{"id":5298,"date":"2012-10-06T21:29:13","date_gmt":"2012-10-06T20:29:13","guid":{"rendered":"http:\/\/www.fjala.info\/?p=5298"},"modified":"2012-10-06T21:29:13","modified_gmt":"2012-10-06T20:29:13","slug":"fatos-klosi-telefoni-i-berishes-u-pergjua-ne-shtator-98-merrte-urdhera-nga-teksasi-nga-nje-shqiptaro-malazez","status":"publish","type":"post","link":"https:\/\/fjala.info\/2009-2015\/fatos-klosi-telefoni-i-berishes-u-pergjua-ne-shtator-98-merrte-urdhera-nga-teksasi-nga-nje-shqiptaro-malazez\/","title":{"rendered":"Fatos Klosi: Telefoni i Berish\u00ebs u p\u00ebrgjua n\u00eb shtator &#8217;98, merrte urdh\u00ebra nga Teksasi nga nj\u00eb shqiptaro-malazez"},"content":{"rendered":"<p><img decoding=\"async\" class=\"alignright size-thumbnail wp-image-7236\" title=\"Fatos Klosi\" src=\"http:\/\/www.fjala.info\/2012\/fatos_klosi.jpg\" alt=\"\" width=\"200\" \/> <strong>Fatos Klosi<\/strong>, <em>ish kreu i Shish<\/em>, <em>6 tetor 2012<\/em><\/p>\n<p>N\u00eb nj\u00eb rr\u00ebfim trondit\u00ebs p\u00ebr Lorenc Vangjelin n\u00eb numrin e sapodal\u00eb t\u00eb revist\u00ebs Java, Fatos Klosi \u2018rr\u00ebfehet\u2019 q\u00eb pas sulmit ndaj Kryeministris\u00eb m\u00eb 1998 dhe pas varrosjes s\u00eb A. Hajdarit, me nj\u00eb urdh\u00ebr gjykate \u00ebsht\u00eb p\u00ebrgjuar p\u00ebr disa dit\u00eb telefoni i zyr\u00ebs s\u00eb Sali Berish\u00ebs dhe transkriptet gjenden t\u00eb dokumentuara n\u00eb dosjen p\u00ebrkat\u00ebse. Ish-kreu i Shish pohon: \u201cPo, e kemi p\u00ebrgjuar Berish\u00ebn! Pak dit\u00eb pas vrasjes s\u00eb Azem Hajdarit dhe revolt\u00ebs s\u00eb armatosur n\u00eb Tiran\u00eb, nj\u00eb shqiptaro-malazez e urdh\u00ebron nga Teksasi q\u00eb ta \u2018mbyll\u00eb at\u00eb muhabet\u2019. Dhe e mbylli\u201d.<\/p>\n<p>Biseda ka ndodhur 3-4 dit\u00eb pas 14 shtatorit, dhe zhvillohej n\u00eb anglisht, por verifikimet e analizat e sh\u00ebrbimit sekret arrit\u00ebn n\u00eb konkluzionin se \u2018urdh\u00ebruesi\u2019 duhej t\u00eb ishte nj\u00eb shqiptaro-malazez (n\u00eb at\u00eb koh\u00eb Mali i Zi ishte ende pjes\u00eb e federat\u00ebs me Serbin\u00eb). Klosi sjell faktin se nga ai telefon \u00ebsht\u00eb biseduar dhe \u201cp\u00ebr t\u00eb gjetur 300-400 burra t\u00eb armatosur kund\u00ebr qeveris\u00eb s\u00eb komunistave t\u00eb Tiran\u00ebs\u201d.<\/p>\n<p>N\u00eb lidhje me zyrtar\u00eb t\u00eb lart\u00eb t\u00eb shtetit shqiptar q\u00eb spiunojn\u00eb p\u00ebr llogari t\u00eb shteteve t\u00eb huaja, Klosi pohon i sigurt: \u201cPo, ka! Por \u00e7far\u00eb r\u00ebnd\u00ebsie ka kjo? Situata \u00ebsht\u00eb shum\u00eb her\u00eb m\u00eb e r\u00ebnd\u00eb se kaq! Klasa politike i ka hequr brek\u00ebt me koh\u00eb. Tani madje nuk konsiderohet m\u00eb turp, p\u00ebrkundrazi \u00ebsht\u00eb nder q\u00eb t\u00eb konsiderohet se nj\u00ebri apo tjetri \u00ebsht\u00eb konfident m\u00eb k\u00ebt\u00eb apo at\u00eb fuqi t\u00eb huaj\u201d.<\/p>\n<p>Dhe \u2018spiunlliku\u2019 yn\u00eb nuk b\u00ebhet si n\u00ebp\u00ebr filma. \u201cB\u00ebhet fjal\u00eb p\u00ebr an\u00ebtar\u00eb qeverie t\u00eb cil\u00ebt, var\u00ebsisht pasioneve e af\u00ebrsive t\u00eb tyre personale, b\u00ebhen z\u00ebdh\u00ebn\u00ebs t\u00eb interesave t\u00eb huaja n\u00eb vend. P\u00ebr shembull, t\u00eb interesave ekonomike&#8230;\u201d thot\u00eb Klosi. Ai kujton fjal\u00ebt e nj\u00eb p\u00ebrfaq\u00ebsuesi t\u00eb nj\u00eb sh\u00ebrbimi mik: \u201ct\u00eb gjith\u00eb ministrat jan\u00eb t\u00eb af\u00ebrt me Ambasadat, vijn\u00eb vet\u00eb k\u00ebtu e komentojn\u00eb gjith\u00e7a ndodh\u201d.<\/p>\n<p>Ky \u00ebsht\u00eb rregull, p\u00ebr t\u00eb t\u00ebr\u00eb krah\u00ebt politik\u00eb, si\u00e7 thot\u00eb Klosi.<\/p>\n<p>Dhe kjo \u00ebsht\u00eb e frikshme.<\/p>\n<p>k.c.<\/p>\n","protected":false},"excerpt":{"rendered":"<p>Fatos Klosi, ish kreu i Shish, 6 tetor 2012 N\u00eb nj\u00eb rr\u00ebfim trondit\u00ebs p\u00ebr Lorenc Vangjelin n\u00eb numrin e sapodal\u00eb t\u00eb revist\u00ebs Java, Fatos Klosi \u2018rr\u00ebfehet\u2019 q\u00eb pas sulmit ndaj Kryeministris\u00eb m\u00eb 1998 dhe pas varrosjes s\u00eb A. Hajdarit, me nj\u00eb urdh\u00ebr gjykate \u00ebsht\u00eb p\u00ebrgjuar p\u00ebr disa dit\u00eb telefoni i zyr\u00ebs s\u00eb Sali Berish\u00ebs dhe [&hellip;]<\/p>\n","protected":false},"author":1,"featured_media":0,"comment_status":"open","ping_status":"closed","sticky":false,"template":"","format":"standard","meta":{"footnotes":""},"categories":[2,5],"tags":[],"class_list":{"0":"post-5298","1":"post","2":"type-post","3":"status-publish","4":"format-standard","6":"category-artikuj","7":"category-lajme"},"yoast_head":"<!-- This site is optimized with the Yoast SEO plugin v27.4 - https:\/\/yoast.com\/product\/yoast-seo-wordpress\/ -->\n<title>Fatos Klosi: Telefoni i Berish\u00ebs u p\u00ebrgjua n\u00eb shtator &#039;98, merrte urdh\u00ebra nga Teksasi nga nj\u00eb shqiptaro-malazez - FjALA e LIR\u00cb - Arkivi<\/title>\n<meta name=\"robots\" content=\"index, follow, max-snippet:-1, max-image-preview:large, max-video-preview:-1\" \/>\n<link rel=\"canonical\" href=\"https:\/\/fjala.info\/2009-2015\/fatos-klosi-telefoni-i-berishes-u-pergjua-ne-shtator-98-merrte-urdhera-nga-teksasi-nga-nje-shqiptaro-malazez\/\" \/>\n<meta property=\"og:locale\" content=\"sq_AL\" \/>\n<meta property=\"og:type\" content=\"article\" \/>\n<meta property=\"og:title\" content=\"Fatos Klosi: Telefoni i Berish\u00ebs u p\u00ebrgjua n\u00eb shtator &#039;98, merrte urdh\u00ebra nga Teksasi nga nj\u00eb shqiptaro-malazez - FjALA e LIR\u00cb - Arkivi\" \/>\n<meta property=\"og:description\" content=\"Fatos Klosi, ish kreu i Shish, 6 tetor 2012 N\u00eb nj\u00eb rr\u00ebfim trondit\u00ebs p\u00ebr Lorenc Vangjelin n\u00eb numrin e sapodal\u00eb t\u00eb revist\u00ebs Java, Fatos Klosi \u2018rr\u00ebfehet\u2019 q\u00eb pas sulmit ndaj Kryeministris\u00eb m\u00eb 1998 dhe pas varrosjes s\u00eb A. Hajdarit, me nj\u00eb urdh\u00ebr gjykate \u00ebsht\u00eb p\u00ebrgjuar p\u00ebr disa dit\u00eb telefoni i zyr\u00ebs s\u00eb Sali Berish\u00ebs dhe [&hellip;]\" \/>\n<meta property=\"og:url\" content=\"https:\/\/fjala.info\/2009-2015\/fatos-klosi-telefoni-i-berishes-u-pergjua-ne-shtator-98-merrte-urdhera-nga-teksasi-nga-nje-shqiptaro-malazez\/\" \/>\n<meta property=\"og:site_name\" content=\"FjALA e LIR\u00cb - Arkivi\" \/>\n<meta property=\"article:published_time\" content=\"2012-10-06T20:29:13+00:00\" \/>\n<meta property=\"og:image\" content=\"http:\/\/www.fjala.info\/2012\/fatos_klosi.jpg\" \/>\n<meta name=\"author\" content=\"admin\" \/>\n<meta name=\"twitter:card\" content=\"summary_large_image\" \/>\n<meta name=\"twitter:label1\" content=\"Written by\" \/>\n\t<meta name=\"twitter:data1\" content=\"admin\" \/>\n\t<meta name=\"twitter:label2\" content=\"Est. reading time\" \/>\n\t<meta name=\"twitter:data2\" content=\"2 minutes\" \/>\n<script type=\"application\/ld+json\" class=\"yoast-schema-graph\">{\"@context\":\"https:\\\/\\\/schema.org\",\"@graph\":[{\"@type\":\"Article\",\"@id\":\"https:\\\/\\\/fjala.info\\\/2009-2015\\\/fatos-klosi-telefoni-i-berishes-u-pergjua-ne-shtator-98-merrte-urdhera-nga-teksasi-nga-nje-shqiptaro-malazez\\\/#article\",\"isPartOf\":{\"@id\":\"https:\\\/\\\/fjala.info\\\/2009-2015\\\/fatos-klosi-telefoni-i-berishes-u-pergjua-ne-shtator-98-merrte-urdhera-nga-teksasi-nga-nje-shqiptaro-malazez\\\/\"},\"author\":{\"name\":\"admin\",\"@id\":\"https:\\\/\\\/fjala.info\\\/2009-2015\\\/#\\\/schema\\\/person\\\/3aa1163ef05469c496fc94e77611ada2\"},\"headline\":\"Fatos Klosi: Telefoni i Berish\u00ebs u p\u00ebrgjua n\u00eb shtator &#8217;98, merrte urdh\u00ebra nga Teksasi nga nj\u00eb shqiptaro-malazez\",\"datePublished\":\"2012-10-06T20:29:13+00:00\",\"mainEntityOfPage\":{\"@id\":\"https:\\\/\\\/fjala.info\\\/2009-2015\\\/fatos-klosi-telefoni-i-berishes-u-pergjua-ne-shtator-98-merrte-urdhera-nga-teksasi-nga-nje-shqiptaro-malazez\\\/\"},\"wordCount\":383,\"commentCount\":1,\"publisher\":{\"@id\":\"https:\\\/\\\/fjala.info\\\/2009-2015\\\/#organization\"},\"image\":{\"@id\":\"https:\\\/\\\/fjala.info\\\/2009-2015\\\/fatos-klosi-telefoni-i-berishes-u-pergjua-ne-shtator-98-merrte-urdhera-nga-teksasi-nga-nje-shqiptaro-malazez\\\/#primaryimage\"},\"thumbnailUrl\":\"http:\\\/\\\/www.fjala.info\\\/2012\\\/fatos_klosi.jpg\",\"articleSection\":[\"Artikuj\",\"Lajme\"],\"inLanguage\":\"sq-AL\",\"potentialAction\":[{\"@type\":\"CommentAction\",\"name\":\"Comment\",\"target\":[\"https:\\\/\\\/fjala.info\\\/2009-2015\\\/fatos-klosi-telefoni-i-berishes-u-pergjua-ne-shtator-98-merrte-urdhera-nga-teksasi-nga-nje-shqiptaro-malazez\\\/#respond\"]}]},{\"@type\":\"WebPage\",\"@id\":\"https:\\\/\\\/fjala.info\\\/2009-2015\\\/fatos-klosi-telefoni-i-berishes-u-pergjua-ne-shtator-98-merrte-urdhera-nga-teksasi-nga-nje-shqiptaro-malazez\\\/\",\"url\":\"https:\\\/\\\/fjala.info\\\/2009-2015\\\/fatos-klosi-telefoni-i-berishes-u-pergjua-ne-shtator-98-merrte-urdhera-nga-teksasi-nga-nje-shqiptaro-malazez\\\/\",\"name\":\"Fatos Klosi: Telefoni i Berish\u00ebs u p\u00ebrgjua n\u00eb shtator '98, merrte urdh\u00ebra nga Teksasi nga nj\u00eb shqiptaro-malazez - FjALA e LIR\u00cb - Arkivi\",\"isPartOf\":{\"@id\":\"https:\\\/\\\/fjala.info\\\/2009-2015\\\/#website\"},\"primaryImageOfPage\":{\"@id\":\"https:\\\/\\\/fjala.info\\\/2009-2015\\\/fatos-klosi-telefoni-i-berishes-u-pergjua-ne-shtator-98-merrte-urdhera-nga-teksasi-nga-nje-shqiptaro-malazez\\\/#primaryimage\"},\"image\":{\"@id\":\"https:\\\/\\\/fjala.info\\\/2009-2015\\\/fatos-klosi-telefoni-i-berishes-u-pergjua-ne-shtator-98-merrte-urdhera-nga-teksasi-nga-nje-shqiptaro-malazez\\\/#primaryimage\"},\"thumbnailUrl\":\"http:\\\/\\\/www.fjala.info\\\/2012\\\/fatos_klosi.jpg\",\"datePublished\":\"2012-10-06T20:29:13+00:00\",\"breadcrumb\":{\"@id\":\"https:\\\/\\\/fjala.info\\\/2009-2015\\\/fatos-klosi-telefoni-i-berishes-u-pergjua-ne-shtator-98-merrte-urdhera-nga-teksasi-nga-nje-shqiptaro-malazez\\\/#breadcrumb\"},\"inLanguage\":\"sq-AL\",\"potentialAction\":[{\"@type\":\"ReadAction\",\"target\":[\"https:\\\/\\\/fjala.info\\\/2009-2015\\\/fatos-klosi-telefoni-i-berishes-u-pergjua-ne-shtator-98-merrte-urdhera-nga-teksasi-nga-nje-shqiptaro-malazez\\\/\"]}]},{\"@type\":\"ImageObject\",\"inLanguage\":\"sq-AL\",\"@id\":\"https:\\\/\\\/fjala.info\\\/2009-2015\\\/fatos-klosi-telefoni-i-berishes-u-pergjua-ne-shtator-98-merrte-urdhera-nga-teksasi-nga-nje-shqiptaro-malazez\\\/#primaryimage\",\"url\":\"http:\\\/\\\/www.fjala.info\\\/2012\\\/fatos_klosi.jpg\",\"contentUrl\":\"http:\\\/\\\/www.fjala.info\\\/2012\\\/fatos_klosi.jpg\"},{\"@type\":\"BreadcrumbList\",\"@id\":\"https:\\\/\\\/fjala.info\\\/2009-2015\\\/fatos-klosi-telefoni-i-berishes-u-pergjua-ne-shtator-98-merrte-urdhera-nga-teksasi-nga-nje-shqiptaro-malazez\\\/#breadcrumb\",\"itemListElement\":[{\"@type\":\"ListItem\",\"position\":1,\"name\":\"Home\",\"item\":\"https:\\\/\\\/fjala.info\\\/2009-2015\\\/\"},{\"@type\":\"ListItem\",\"position\":2,\"name\":\"Fatos Klosi: Telefoni i Berish\u00ebs u p\u00ebrgjua n\u00eb shtator &#8217;98, merrte urdh\u00ebra nga Teksasi nga nj\u00eb shqiptaro-malazez\"}]},{\"@type\":\"WebSite\",\"@id\":\"https:\\\/\\\/fjala.info\\\/2009-2015\\\/#website\",\"url\":\"https:\\\/\\\/fjala.info\\\/2009-2015\\\/\",\"name\":\"FjALA e LIR\u00cb - Arkivi\",\"description\":\"Arkivi 2009-2015\",\"publisher\":{\"@id\":\"https:\\\/\\\/fjala.info\\\/2009-2015\\\/#organization\"},\"potentialAction\":[{\"@type\":\"SearchAction\",\"target\":{\"@type\":\"EntryPoint\",\"urlTemplate\":\"https:\\\/\\\/fjala.info\\\/2009-2015\\\/?s={search_term_string}\"},\"query-input\":{\"@type\":\"PropertyValueSpecification\",\"valueRequired\":true,\"valueName\":\"search_term_string\"}}],\"inLanguage\":\"sq-AL\"},{\"@type\":\"Organization\",\"@id\":\"https:\\\/\\\/fjala.info\\\/2009-2015\\\/#organization\",\"name\":\"FjALA e LIR\u00cb - Arkivi\",\"url\":\"https:\\\/\\\/fjala.info\\\/2009-2015\\\/\",\"logo\":{\"@type\":\"ImageObject\",\"inLanguage\":\"sq-AL\",\"@id\":\"https:\\\/\\\/fjala.info\\\/2009-2015\\\/#\\\/schema\\\/logo\\\/image\\\/\",\"url\":\"\",\"contentUrl\":\"\",\"caption\":\"FjALA e LIR\u00cb - Arkivi\"},\"image\":{\"@id\":\"https:\\\/\\\/fjala.info\\\/2009-2015\\\/#\\\/schema\\\/logo\\\/image\\\/\"}},{\"@type\":\"Person\",\"@id\":\"https:\\\/\\\/fjala.info\\\/2009-2015\\\/#\\\/schema\\\/person\\\/3aa1163ef05469c496fc94e77611ada2\",\"name\":\"admin\",\"image\":{\"@type\":\"ImageObject\",\"inLanguage\":\"sq-AL\",\"@id\":\"https:\\\/\\\/fjala.info\\\/2009-2015\\\/wp-content\\\/uploads\\\/2012\\\/02\\\/arben_cokaj-120x150.jpg\",\"url\":\"https:\\\/\\\/fjala.info\\\/2009-2015\\\/wp-content\\\/uploads\\\/2012\\\/02\\\/arben_cokaj-120x150.jpg\",\"contentUrl\":\"https:\\\/\\\/fjala.info\\\/2009-2015\\\/wp-content\\\/uploads\\\/2012\\\/02\\\/arben_cokaj-120x150.jpg\",\"caption\":\"admin\"},\"description\":\"Admin, Fjala e Lir\u00eb\",\"sameAs\":[\"https:\\\/\\\/fjala.info\\\/\"],\"url\":\"https:\\\/\\\/fjala.info\\\/2009-2015\\\/author\\\/admin\\\/\"}]}<\/script>\n<!-- \/ Yoast SEO plugin. -->","yoast_head_json":{"title":"Fatos Klosi: Telefoni i Berish\u00ebs u p\u00ebrgjua n\u00eb shtator '98, merrte urdh\u00ebra nga Teksasi nga nj\u00eb shqiptaro-malazez - FjALA e LIR\u00cb - Arkivi","robots":{"index":"index","follow":"follow","max-snippet":"max-snippet:-1","max-image-preview":"max-image-preview:large","max-video-preview":"max-video-preview:-1"},"canonical":"https:\/\/fjala.info\/2009-2015\/fatos-klosi-telefoni-i-berishes-u-pergjua-ne-shtator-98-merrte-urdhera-nga-teksasi-nga-nje-shqiptaro-malazez\/","og_locale":"sq_AL","og_type":"article","og_title":"Fatos Klosi: Telefoni i Berish\u00ebs u p\u00ebrgjua n\u00eb shtator '98, merrte urdh\u00ebra nga Teksasi nga nj\u00eb shqiptaro-malazez - FjALA e LIR\u00cb - Arkivi","og_description":"Fatos Klosi, ish kreu i Shish, 6 tetor 2012 N\u00eb nj\u00eb rr\u00ebfim trondit\u00ebs p\u00ebr Lorenc Vangjelin n\u00eb numrin e sapodal\u00eb t\u00eb revist\u00ebs Java, Fatos Klosi \u2018rr\u00ebfehet\u2019 q\u00eb pas sulmit ndaj Kryeministris\u00eb m\u00eb 1998 dhe pas varrosjes s\u00eb A. Hajdarit, me nj\u00eb urdh\u00ebr gjykate \u00ebsht\u00eb p\u00ebrgjuar p\u00ebr disa dit\u00eb telefoni i zyr\u00ebs s\u00eb Sali Berish\u00ebs dhe [&hellip;]","og_url":"https:\/\/fjala.info\/2009-2015\/fatos-klosi-telefoni-i-berishes-u-pergjua-ne-shtator-98-merrte-urdhera-nga-teksasi-nga-nje-shqiptaro-malazez\/","og_site_name":"FjALA e LIR\u00cb - Arkivi","article_published_time":"2012-10-06T20:29:13+00:00","og_image":[{"url":"http:\/\/www.fjala.info\/2012\/fatos_klosi.jpg","type":"","width":"","height":""}],"author":"admin","twitter_card":"summary_large_image","twitter_misc":{"Written by":"admin","Est. reading time":"2 minutes"},"schema":{"@context":"https:\/\/schema.org","@graph":[{"@type":"Article","@id":"https:\/\/fjala.info\/2009-2015\/fatos-klosi-telefoni-i-berishes-u-pergjua-ne-shtator-98-merrte-urdhera-nga-teksasi-nga-nje-shqiptaro-malazez\/#article","isPartOf":{"@id":"https:\/\/fjala.info\/2009-2015\/fatos-klosi-telefoni-i-berishes-u-pergjua-ne-shtator-98-merrte-urdhera-nga-teksasi-nga-nje-shqiptaro-malazez\/"},"author":{"name":"admin","@id":"https:\/\/fjala.info\/2009-2015\/#\/schema\/person\/3aa1163ef05469c496fc94e77611ada2"},"headline":"Fatos Klosi: Telefoni i Berish\u00ebs u p\u00ebrgjua n\u00eb shtator &#8217;98, merrte urdh\u00ebra nga Teksasi nga nj\u00eb shqiptaro-malazez","datePublished":"2012-10-06T20:29:13+00:00","mainEntityOfPage":{"@id":"https:\/\/fjala.info\/2009-2015\/fatos-klosi-telefoni-i-berishes-u-pergjua-ne-shtator-98-merrte-urdhera-nga-teksasi-nga-nje-shqiptaro-malazez\/"},"wordCount":383,"commentCount":1,"publisher":{"@id":"https:\/\/fjala.info\/2009-2015\/#organization"},"image":{"@id":"https:\/\/fjala.info\/2009-2015\/fatos-klosi-telefoni-i-berishes-u-pergjua-ne-shtator-98-merrte-urdhera-nga-teksasi-nga-nje-shqiptaro-malazez\/#primaryimage"},"thumbnailUrl":"http:\/\/www.fjala.info\/2012\/fatos_klosi.jpg","articleSection":["Artikuj","Lajme"],"inLanguage":"sq-AL","potentialAction":[{"@type":"CommentAction","name":"Comment","target":["https:\/\/fjala.info\/2009-2015\/fatos-klosi-telefoni-i-berishes-u-pergjua-ne-shtator-98-merrte-urdhera-nga-teksasi-nga-nje-shqiptaro-malazez\/#respond"]}]},{"@type":"WebPage","@id":"https:\/\/fjala.info\/2009-2015\/fatos-klosi-telefoni-i-berishes-u-pergjua-ne-shtator-98-merrte-urdhera-nga-teksasi-nga-nje-shqiptaro-malazez\/","url":"https:\/\/fjala.info\/2009-2015\/fatos-klosi-telefoni-i-berishes-u-pergjua-ne-shtator-98-merrte-urdhera-nga-teksasi-nga-nje-shqiptaro-malazez\/","name":"Fatos Klosi: Telefoni i Berish\u00ebs u p\u00ebrgjua n\u00eb shtator '98, merrte urdh\u00ebra nga Teksasi nga nj\u00eb shqiptaro-malazez - FjALA e LIR\u00cb - Arkivi","isPartOf":{"@id":"https:\/\/fjala.info\/2009-2015\/#website"},"primaryImageOfPage":{"@id":"https:\/\/fjala.info\/2009-2015\/fatos-klosi-telefoni-i-berishes-u-pergjua-ne-shtator-98-merrte-urdhera-nga-teksasi-nga-nje-shqiptaro-malazez\/#primaryimage"},"image":{"@id":"https:\/\/fjala.info\/2009-2015\/fatos-klosi-telefoni-i-berishes-u-pergjua-ne-shtator-98-merrte-urdhera-nga-teksasi-nga-nje-shqiptaro-malazez\/#primaryimage"},"thumbnailUrl":"http:\/\/www.fjala.info\/2012\/fatos_klosi.jpg","datePublished":"2012-10-06T20:29:13+00:00","breadcrumb":{"@id":"https:\/\/fjala.info\/2009-2015\/fatos-klosi-telefoni-i-berishes-u-pergjua-ne-shtator-98-merrte-urdhera-nga-teksasi-nga-nje-shqiptaro-malazez\/#breadcrumb"},"inLanguage":"sq-AL","potentialAction":[{"@type":"ReadAction","target":["https:\/\/fjala.info\/2009-2015\/fatos-klosi-telefoni-i-berishes-u-pergjua-ne-shtator-98-merrte-urdhera-nga-teksasi-nga-nje-shqiptaro-malazez\/"]}]},{"@type":"ImageObject","inLanguage":"sq-AL","@id":"https:\/\/fjala.info\/2009-2015\/fatos-klosi-telefoni-i-berishes-u-pergjua-ne-shtator-98-merrte-urdhera-nga-teksasi-nga-nje-shqiptaro-malazez\/#primaryimage","url":"http:\/\/www.fjala.info\/2012\/fatos_klosi.jpg","contentUrl":"http:\/\/www.fjala.info\/2012\/fatos_klosi.jpg"},{"@type":"BreadcrumbList","@id":"https:\/\/fjala.info\/2009-2015\/fatos-klosi-telefoni-i-berishes-u-pergjua-ne-shtator-98-merrte-urdhera-nga-teksasi-nga-nje-shqiptaro-malazez\/#breadcrumb","itemListElement":[{"@type":"ListItem","position":1,"name":"Home","item":"https:\/\/fjala.info\/2009-2015\/"},{"@type":"ListItem","position":2,"name":"Fatos Klosi: Telefoni i Berish\u00ebs u p\u00ebrgjua n\u00eb shtator &#8217;98, merrte urdh\u00ebra nga Teksasi nga nj\u00eb shqiptaro-malazez"}]},{"@type":"WebSite","@id":"https:\/\/fjala.info\/2009-2015\/#website","url":"https:\/\/fjala.info\/2009-2015\/","name":"FjALA e LIR\u00cb - Arkivi","description":"Arkivi 2009-2015","publisher":{"@id":"https:\/\/fjala.info\/2009-2015\/#organization"},"potentialAction":[{"@type":"SearchAction","target":{"@type":"EntryPoint","urlTemplate":"https:\/\/fjala.info\/2009-2015\/?s={search_term_string}"},"query-input":{"@type":"PropertyValueSpecification","valueRequired":true,"valueName":"search_term_string"}}],"inLanguage":"sq-AL"},{"@type":"Organization","@id":"https:\/\/fjala.info\/2009-2015\/#organization","name":"FjALA e LIR\u00cb - Arkivi","url":"https:\/\/fjala.info\/2009-2015\/","logo":{"@type":"ImageObject","inLanguage":"sq-AL","@id":"https:\/\/fjala.info\/2009-2015\/#\/schema\/logo\/image\/","url":"","contentUrl":"","caption":"FjALA e LIR\u00cb - Arkivi"},"image":{"@id":"https:\/\/fjala.info\/2009-2015\/#\/schema\/logo\/image\/"}},{"@type":"Person","@id":"https:\/\/fjala.info\/2009-2015\/#\/schema\/person\/3aa1163ef05469c496fc94e77611ada2","name":"admin","image":{"@type":"ImageObject","inLanguage":"sq-AL","@id":"https:\/\/fjala.info\/2009-2015\/wp-content\/uploads\/2012\/02\/arben_cokaj-120x150.jpg","url":"https:\/\/fjala.info\/2009-2015\/wp-content\/uploads\/2012\/02\/arben_cokaj-120x150.jpg","contentUrl":"https:\/\/fjala.info\/2009-2015\/wp-content\/uploads\/2012\/02\/arben_cokaj-120x150.jpg","caption":"admin"},"description":"Admin, Fjala e Lir\u00eb","sameAs":["https:\/\/fjala.info\/"],"url":"https:\/\/fjala.info\/2009-2015\/author\/admin\/"}]}},"_links":{"self":[{"href":"https:\/\/fjala.info\/2009-2015\/wp-json\/wp\/v2\/posts\/5298","targetHints":{"allow":["GET"]}}],"collection":[{"href":"https:\/\/fjala.info\/2009-2015\/wp-json\/wp\/v2\/posts"}],"about":[{"href":"https:\/\/fjala.info\/2009-2015\/wp-json\/wp\/v2\/types\/post"}],"author":[{"embeddable":true,"href":"https:\/\/fjala.info\/2009-2015\/wp-json\/wp\/v2\/users\/1"}],"replies":[{"embeddable":true,"href":"https:\/\/fjala.info\/2009-2015\/wp-json\/wp\/v2\/comments?post=5298"}],"version-history":[{"count":0,"href":"https:\/\/fjala.info\/2009-2015\/wp-json\/wp\/v2\/posts\/5298\/revisions"}],"wp:attachment":[{"href":"https:\/\/fjala.info\/2009-2015\/wp-json\/wp\/v2\/media?parent=5298"}],"wp:term":[{"taxonomy":"category","embeddable":true,"href":"https:\/\/fjala.info\/2009-2015\/wp-json\/wp\/v2\/categories?post=5298"},{"taxonomy":"post_tag","embeddable":true,"href":"https:\/\/fjala.info\/2009-2015\/wp-json\/wp\/v2\/tags?post=5298"}],"curies":[{"name":"wp","href":"https:\/\/api.w.org\/{rel}","templated":true}]}}