{"id":5297,"date":"2010-12-13T10:01:51","date_gmt":"2010-12-13T09:01:51","guid":{"rendered":"http:\/\/fjala.shkoder.net\/?p=5297"},"modified":"2010-12-13T10:01:51","modified_gmt":"2010-12-13T09:01:51","slug":"amerika-e-parasheh-qe-kosova-ti-bashkangjitet-shqiperise","status":"publish","type":"post","link":"https:\/\/fjala.info\/2009-2015\/amerika-e-parasheh-qe-kosova-ti-bashkangjitet-shqiperise\/","title":{"rendered":"AMERIKA E PARASHEH Q\u00cb KOSOVA T\u2019I BASHKANGJITET SHQIP\u00cbRIS\u00cb"},"content":{"rendered":"<p>(<strong><em>America prevede alipirea Kosovei cu Albania<\/em><\/strong>)<\/p>\n<p><strong>Baki Ymeri<\/strong><\/p>\n<p>Para pak \u00e7astesh isha duke ndjekur emisionin e kanalit televiziv t\u00eb Tiran\u00ebs NTV, ku ishte ftuar Prof.dr. Ko\u00e7o Danaj, i cili deklaroi se bashkimi i Kosov\u00ebs me Shqip\u00ebrin\u00eb, pas zgjedhjeve t\u00eb 12 dhjetorit, do t\u00eb jet\u00eb detyr\u00eb par\u00ebsore, me konfigurimin e parlamentit t\u00eb ri n\u00eb Prishtin\u00eb. Pra, tha ai, kjo mbetet detyr\u00eb par\u00ebsore p\u00ebr kombin shqiptar dhe jo hyrja n\u00eb Bashkimin Evropian, zgjerimi i t\u00eb cilit do t\u00eb ngrij\u00eb deri n\u00eb vitin 2020. P\u00ebrmes jush, e p\u00ebrsh\u00ebndes me gjith\u00eb zem\u00ebr Prof. dr. Ko\u00e7o Danaj p\u00ebr k\u00ebt\u00eb parashikim urtiplot\u00eb, aq m\u00eb tep\u00ebr kur deklaroi se bashkimi i Kosov\u00ebs me Shqip\u00ebrin\u00eb mund t\u00eb realizohet n\u00eb vitin 2012, me rastin e 100-vjetorit t\u00eb shpalljes s\u00eb pavar\u00ebsis\u00eb. M\u00eb b\u00ebhet shum\u00eb qejfi q\u00eb gazeta e dikurshme &#8220;Rim\u00ebk\u00ebmbja&#8221; dhe publicistika e shk\u00eblqyer e zotit Abdi Baleta e ka b\u00ebr\u00eb pun\u00ebn e vet. Prof.dr. Eshref Ymeri, Tiran\u00eb, 12 dhjetor 2010.<\/p>\n<p><img loading=\"lazy\" decoding=\"async\" class=\"alignleft size-full wp-image-5298\" title=\"usa_kosova_al\" src=\"http:\/\/fjala.shkoder.net\/wp-content\/uploads\/2010\/12\/usa_kosova_al.jpg\" alt=\"\" width=\"250\" height=\"182\" \/><\/p>\n<p>Nuk e dim\u00eb n\u00eb e din\u00eb zot\u00ebrinjt\u00eb Danaj, Gafurri dhe Ymeri, se k\u00ebt\u00eb ide e kemi hedhur ne qysh para disa vitesh n\u00eb shtypin e shtypur dhe at\u00eb elektronik, p\u00ebr krijimin e Shteteve t\u00eb Bashkuara t\u00eb Shqip\u00ebris\u00eb dhe bashkimin e Kosov\u00ebs me Shqip\u00ebrin\u00eb n\u00eb 100 vjetorin e Pavar\u00ebsis\u00eb, por e dime se konform nj\u00eb dokumenti t\u00eb zjarrt\u00eb q\u00eb qarkullon n\u00eb Internet, n\u00eb fillim t\u00eb dhjetorit 1989, presidenti i Rumanis\u00eb socialiste, Nicolae Ceasusecu, ka pranuar nga ana e Iulian Vladit nj\u00eb raport lidhur me diskutimet e Malt\u00ebs nd\u00ebrmjet superfuqive t\u00eb m\u00ebdha, n\u00eb at\u00eb koh\u00eb SHBA dhe BRSS. Raporti flet p\u00ebr \u201enj\u00eb ekuilib\u00ebr t\u00eb ri n\u00eb kontinentin evropian\u201d, respektivisht \u201eridefinimi i sferave t\u00eb influenc\u00ebs\u201d.<\/p>\n<p>Dokumenti \u00ebsht\u00eb b\u00ebr\u00eb publik n\u00eb gjuh\u00ebn rumune, por ajo q\u00eb nuk dihet \u00ebsht\u00eb fakti se pala rumune q\u00eb \u00ebsht\u00eb preokupuar p\u00ebr operacionin \u201eMalta\u201d kan\u00eb sjell\u00eb edhe nj\u00eb hart\u00eb. Faktikisht, n\u00eb vitin 1992, William B. Wood, shefi-gjeograf i Departamentit t\u00eb Shtetit amerikan (ishambasador i SHBA n\u00eb Afganistan), i pat dh\u00ebn\u00eb publicitetit nj\u00eb hart\u00eb me kufinjt\u00eb e ri t\u00eb shteteve t\u00eb Evrop\u00ebs, q\u00eb duhen modifikuar n\u00eb vyrtitin e interesave strategjike pas r\u00ebnies s\u00eb blokut komunist, sipas marr\u00ebveshjes s\u00eb Malt\u00ebs.<\/p>\n<p>Shkurtimisht parashihet q\u00eb Skocia t\u00eb b\u00ebhet e pavarur, nj\u00eb pjes\u00eb e Irland\u00ebs s\u00eb veriut t\u00eb bashkohet me Republik\u00ebn e Irland\u00ebs, Bretania t\u00eb shk\u00ebputet nga Franca, vendi i Bask\u00ebve dhe Katalunia t\u00eb shk\u00ebputen nga Spanja, Italia t\u00eb ndahet n\u00eb zon\u00ebn veriore dhe at\u00eb jugore, \u00c7ekosllovakia t\u00eb shk\u00ebputet n\u00eb dy pjes\u00eb, Kosova t\u2019i bashkangjitet Shqip\u00ebris\u00eb, Transilvania Hungaris\u00eb, pjesa per\u00ebndimore e Basrabis\u00eb t\u2019i bashkangjitet Rumanis\u00eb, pjesa lindore e Basarabis\u00eb, respektivisht Transnistria t\u00eb b\u00ebhet zon\u00eb autonome, etj. Gazeta franceze &#8220;L&#8217;evenement de Jeudi&#8221; p\u00ebrmend faktin se kajo hart\u00eb p\u00ebrmendet n\u00eb tetor t\u00eb vitit 1992.<\/p>\n<p>Disa nga k\u00ebto parashikime jan\u00eb b\u00ebr\u00eb realitet, si\u00e7 \u00ebsht\u00eb rasti i \u00c7ekosllovakis\u00eb e cila u humb nga harta e bot\u00ebs m\u00eb 1993, konfliktete e armatosur n\u00eb ish\/Jugosllavi q\u00eb filluan m\u00eb 1990, kur Gjermania e pat njohur pavar\u00ebsin\u00eb e Sllovenis\u00eb dhe Kroacis\u00eb, konfliktet mes serb\u00ebve e kroat\u00ebve m\u00eb 1992, nd\u00ebrsa, si\u00e7 shprehet nj\u00eb prpagandist i huaj \u201em\u00eb 1996 mafia shqiptare e merr kontrollin e trafikimit t\u00eb drog\u00ebs n\u00eb Ballkan\u201d, m\u00eb 1999 ndodhin bombardimet e NATO-s kund\u00ebr Serbis\u00eb, nd\u00ebrsa n\u00eb shkurt 2008, Kosova e shpall pavar\u00ebsin\u00eb duke u shk\u00ebputur nga Serbia, duke qen\u00eb e rinjohur nga BE dhe SHBA. Sipas komentatorit t\u00eb dokumentit respektiv, \u201e\u00ebsht\u00eb tejet e mundshme q\u00eb Kosova t\u00eb bashkohet me Shqip\u00ebrin\u00eb n\u00eb periudh\u00ebn q\u00eb pason\u201d.<\/p>\n<p><strong>ORIGJINALI <\/strong><\/p>\n<p>Subject: <em>Document incendiar care circula pe INTERNET!<\/em><br \/>\nLa \u00eenceputul lunii decembrie 1989, pre\u015fedintele Rom\u00e2niei socialiste, Nicolae Ceau\u015fescu, a primit, din partea lui Iulian Vlad, un raport despre discu\u0163iile din Malta dintre celor dou\u0103 mari super-puteri de la acea vreme, Statele Unite \u015fi URSS. Raportul vorbe\u015fte despre &#8220;un nou echilibru pe continentul european&#8221;, respectiv &#8220;redefinirea sferelor de influen\u0163\u0103&#8221;. Documentul a fost f\u0103cut public \u015fi nu insist\u0103m asupra lui. Ceea ce nu se \u015ftie este faptul c\u0103, al\u0103turi de informa\u0163iile mai sus amintite, spionii rom\u00e2ni care s-au ocupat de opera\u0163iunea &#8220;Malta&#8221; au mai adus \u015fi o hart\u0103. Acest document a produs, pe plan intern, \u00een timp, demisia unui \u015fef de Mare Stat Major al Armatei Rom\u00e2ne \u015fi o catastrof\u0103 aeronautic\u0103: cea de la Balote\u015fti, din 1995.<\/p>\n<p>Pe plan extern, tot ceea ce con\u0163inea la acel moment harta s-a produs sau este pe cale s\u0103 se produc\u0103. V\u0103 prezentam o reproducere a documentului. Pe 31 octombrie 2000, generalul de corp de armat\u0103 Mircea Chelaru, la vremea respectiv\u0103 \u015fef al Marelui Stat Major al Armatei, a anun\u0163at o Conferin\u0163\u0103 de Pres\u0103 ad-hoc, seara t\u00eerziu. El a declarat, spre uluirea asisten\u0163ei, c\u0103 structuri de tip mafiot \u00eencearc\u0103 s\u0103 destabilizeze Rom\u00e2nia \u015fi s\u0103 enclavizeze sudul Olteniei. Adic\u0103 s\u0103 constituie o veritabil\u0103 &#8220;Republic\u0103 a Olteniei&#8221;. Generalul nu a dat alte amanunte.<\/p>\n<p>La c\u00eeteva ore, \u00een replic\u0103, a venit r\u0103spunsul Ministerului de Interne, prin generalul Mircea Mure\u015fan, care a spus c\u0103 &#8220;se poate vorbi de elemente de crim\u0103 organizat\u0103, generate de nivelul sc\u0103zut de trai, de s\u0103r\u0103cie. Este vorba despre recuperatori, trafican\u0163i de droguri \u015fi de cei implica\u0163i \u00een fenomenul prostitu\u0163iei.<\/p>\n<p>Dac\u0103 nu \u0163inem sub control fenomenul, \u00een timp, e posibil s\u0103 devin\u0103 un pericol&#8221;. A doua zi, pe 1 noiembrie 2000, Mircea Chelaru \u015fi-a dat demisia din func\u0163ia de \u015fef al Marelui Stat Major al Armatei. Despre ce era vorba? \u00cen 1992, William B. Wood, geograf-\u015fef al Departamentului de Stat american (fost ambasador al SUA \u00een Afganistan), d\u0103dea publicit\u0103\u0163ii o hart\u0103 cu noile grani\u0163e ale statelor Europei, care ar fi trebuit modificate \u00een virtutea intereselor strategice de dup\u0103 c\u0103derea bloculuicomunist. Adic\u0103 \u00een\u0163elegerea de la Malta .<\/p>\n<p>Pe scurt, se preconiza c\u0103:<\/p>\n<p>Sco\u0163ia devine independent\u0103; o parte a Irlandei de Nord se une\u015fte cu Republica Irlanda;<\/p>\n<p>Bretania se desprinde de Fran\u0163a;<\/p>\n<p>\u0162ara Bascilor \u015fi Catalunia se desprind de Spania;<\/p>\n<p>Italia se divide \u00een zona de nord \u015fi zona de sud;<\/p>\n<p>Belgia se divide \u00een Flandra \u015fi Wallonia;<\/p>\n<p>Cehoslovacia se rupe \u00een dou\u0103;<\/p>\n<p>Kaliningrad va fi o zon\u0103 autonom\u0103 \u00een cadrul Rusiei;<\/p>\n<p>Kosovo se alipe\u015fte Albaniei;<\/p>\n<p>Transilvania devine parte a Ungariei;<\/p>\n<p>actualele jude\u0163e Dolj, Cara\u015f-Severin \u015fi Timi\u015f se desprind de Rom\u00e2nia \u015fi devin o \u0163ar\u0103 a \u0163iganilor;<\/p>\n<p>partea vestic\u0103 a Basarabiei revine Rom\u00e2niei;<\/p>\n<p>partea estic\u0103 a Basarabiei, inclusiv Transnistria, devin zona autonom\u0103 &#8220;Dniester&#8221; \u00een cadrul Ucrainei.<\/p>\n<p>Publica\u0163ia francez\u0103 &#8220;L&#8217;evenement de Jeudi&#8221; arat\u0103 harta mai sus men\u0163ionat\u0103, \u00een octombrie 1992. Peste Rom\u00e2nia de sud-vest scrie &#8220;\u0162igani&#8221;. Un asemenea document primise Ceau\u015fescu \u015fi despre el vorbea \u015fi generalul Chelaru.<\/p>\n<p>Ce spune harta \u015fi ce s-a \u00eent\u00eemplat<\/p>\n<p>Iat\u0103 paralele dintre datele h\u0103r\u0163ii mai sus amintite \u015fi evenimentele de pe b\u0103tr\u00eenul continent, din 1990 p\u00een\u0103 ast\u0103zi:<\/p>\n<p>&#8211; \u00cen 1993 Cehoslovacia a disp\u0103rut de pe harta lumii \u015fi au ap\u0103rut Cehia \u015fi Slovacia. Pa\u015fnic.<\/p>\n<p>&#8211; Divizarea Iugoslaviei, a\u015fa cum vorbea documentul, a fost efectul unui \u015fir de conflicte armate \u00eencep\u00eend cu 1990, c\u00eend Germania recunoa\u015fte prima independen\u0163a Sloveniei \u015fi Croa\u0163iei. \u00cen 1991 \u00eencepe r\u0103zboiul dintre s\u00eerbi \u015fi croa\u0163i, iar \u00een 1992 cel dintre s\u00eerbi \u015fi bosniaci.<\/p>\n<p>&#8211; \u00cen 1996 mafia albanez\u0103 preia controlul traficului de droguri din Balcani.<\/p>\n<p>&#8211; \u00cen 1999 au loc bombardamentele NATO din Serbia.<\/p>\n<p>-\u00cen februarie 2008 Kosovo \u00ee\u015fi declara independen\u0163a fa\u0163\u0103 de Serbia, cu recunoa\u015fterea UE \u015fi SUA. Este foarte posibil s\u0103 se uneasc\u0103 cu Albania \u00een urm\u0103toarea perioad\u0103.<\/p>\n<p>&#8211; \u00cen noiembrie 2007, premierul regional sco\u0163ian Alex Salmond, \u015feful Partidului Na\u0163ional Sco\u0163ian (SNP), a vorbit pentru prima oar\u0103 despre un calendar de separare de Marea Britanie \u015fi a prezis c\u0103 Sco\u0163ia va fi independent\u0103 peste 10 ani, respectiv \u00een 2017. Salmond a promis organizarea unui referendum asupra independen\u0163ei Sco\u0163iei \u00eenainte de alegerile regionale din 2011.<\/p>\n<p>&#8211; \u00cen noiembrie 2007, flamanzii din Belgia au aprins sc\u00eenteia scind\u0103rii &#8211; deputa\u0163ii flamanzi au votat o lege care vizeaz\u0103 reducerea drepturilor de vot ale francofonilor. Acest lucru s-a \u00eent\u00eemplat pentru prima oar\u0103 de la independen\u0163a Belgiei, \u00een 1830.<\/p>\n<p>&#8211; \u00cen vara anului 2009, guvernul Berlusconi a fost zguduit de un scandal care a readus \u00een actualitate ideea secesiunii dintre sudul \u015fi nordul Italiei.<\/p>\n<p>&#8211; &#8220;Eliberarea&#8221; bretonilor, considera\u0163i urma\u015fi ai cel\u0163ilor veni\u0163i din insulele britanice, de sub &#8220;opresiunea francez\u0103&#8221;, este sus\u0163inut\u0103 de Armata Revolu\u0163ionar\u0103 Breton\u0103, care \u015fi-a \u00eenceput activitatea \u00eenc\u0103 de la \u00eenceputul anilor 1970. N\u0103scut\u0103 ca o copie fidel\u0103 a Armatei Republicane Irlandeze (IRA), organiza\u0163ia breton\u0103 apar\u0163ine aripii extremiste a mi\u015fc\u0103rii na\u0163ionaliste Emgann, mi\u015fcare al c\u0103rei obiectiv este independen\u0163a Bretaniei fa\u0163\u0103 de Fran\u0163a.<\/p>\n<p>&#8211; \u00cen anul 2009, locuitorii din mai multe zone ale Cataloniei au participat la un referendum &#8220;simbolic&#8221; privind independen\u0163a acestei regiuni fa\u0163\u0103 de Guvernul de la Madrid.<\/p>\n<p>&#8211; &#8220;Situa\u0163ia din Craiova a sc\u0103pat de sub control \u015fi cred c\u0103 nu mai poate fi st\u0103p\u00eenit\u0103. Nu mai ai curaj s\u0103 ie\u015fi seara pe strad\u0103&#8221;. Afirma\u0163ia apar\u0163inea pre\u015fedintelui Consiliului Jude\u0163ean Dolj, Ion Preoteasa, \u015fi era legat\u0103 de escaladarea luptelor de strad\u0103 \u00eentre clanurile mafiote din B\u0103nie \u00een ultimele luni ale anului 2007. Au urmat anii 2008 \u015fi 2009, c\u00eend r\u0103zboaiele dintre clanurile de \u0163igani din Craiova s-au derulat chiar \u00een centrul ora\u015fului, l\u00eeng\u0103 Tribunalul Jude\u0163ean, \u00een plin\u0103 zi.<\/p>\n<p>Chelaru: &#8221; Oltenia urma s\u0103 se desprind\u0103 de Rom\u00e2nia \u00een decembrie 2000&#8243;<\/p>\n<p>Generalul Mircea Chelaru: &#8220;La vremea respectiv\u0103 (octombrie 2000) aveam informa\u0163ii precise despre enclavizarea sudului Olteniei, \u015fi nu numai, de comunit\u0103\u0163i compacte de rromi, cu implicarea unor structuri de tip mafiot. Pe vreme de pace, rolul armatei e acela de a produce starea de descurajare a unor poten\u0163iali agresori. Tocmai \u00een acest sens am convocat acea Conferin\u0163\u0103 de Pres\u0103, pentru a descuraja, pentru a atrage aten\u0163ia acelor structuri c\u0103 se \u015ftie despre ele \u015fi c\u0103 exist\u0103 modalit\u0103\u0163i de anihilare a lor. Demisia mea a fost legat\u0103 de acea declara\u0163ie. Regret c\u0103 am avut dreptate.<\/p>\n<p>Fenomenul enclaviz\u0103rii e real. Oltenia urma s\u0103 se desprind\u0103 oficial de Rom\u00e2nia \u00een decembrie 2000, iar Strehaia urma s\u0103 devin\u0103 capitala enclavei. Din c\u00eete \u015ftiu, nu s-a renun\u0163at \u00eenc\u0103 la acest plan. \u00cen Rom\u00e2nia s-au f\u0103cut \u015fi se fac gre\u015feli politice ce intr\u0103 \u00een categoria erorilor istorice, care, tare m\u0103 tem, nu se vor putea sp\u0103la dec\u00eet cu s\u00eenge&#8221;.<\/p>\n<p>Generalul Mircea Chelaru, n\u0103scut \u00een 1949, este doctor \u00een \u015ftiin\u0163e militare \u015fi a absolvit &#8211; pe l\u00eeng\u0103 \u015ecoala Superioar\u0103 de Ofi\u0163eri \u015fi Academia Militar\u0103 din Rom\u00e2nia &#8211; Colegiul de Studii Strategice \u015fi Economice de Ap\u0103rare din cadrul Centrului European pentru Studii de Securitate &#8220;George C. Marshall&#8221; din Germania, precum \u015fi cursuri interna\u0163ionale de drept militar.<\/p>\n<p>\u00cen anul 1990 a fost director al Diviziunii III de contraspionaj la Serviciul Rom\u00e2n de Informa\u0163ii. A fost \u015feful Marelui Stat Major al Amatei \u00een anul 2000.<\/p>\n<p>Din anul 2008 este general cu 4 stele, \u00een rezerv\u0103.<\/p>\n<p>De ce a disp\u0103rut Dosarul Balote\u015fti?<\/p>\n<p>Din informa\u0163iile pe care le de\u0163inem, spionul rom\u00e2n care i-a adus lui Iulian Vlad \u015fi, prin acesta, lui Ceu\u015fescu, acele date de la Malta, \u00een 1989, a decedat \u00een catastrofa aeronautic\u0103 de la Balote\u015fti. Cit\u0103m declara\u0163ia unei persoane care cunoa\u015fte detalii din interiorul sistemului: &#8220;Omul care a adus informa\u0163iile de la Malta \u00een 1989 se afla \u00een Airbusul care s-a pr\u0103bu\u015fit la Balote\u015fti \u00een 1995. Nu a fost un accident aviatic, a fost un act terorist, o execu\u0163ie, era vizat\u0103 chiar persoana care era implicat\u0103 \u00een ac\u0163iunea rom\u00e2neasc\u0103 de spionaj de la Malta&#8221;.<\/p>\n<p>O aeronav\u0103 cu destina\u0163ia Bruxelles s-a pr\u0103bu\u015fit, la 31 martie 1995, \u00een jurul orelor 9, \u00een apropierea Aeroportului Interna\u0163ional Bucure\u015fti &#8211; Otopeni, dup\u0103 aproximativ dou\u0103 minute de la decolare. \u00cen accident \u015fi-au pierdut via\u0163a to\u0163i membrii echipajului, cei 49 de pasageri, majoritatea belgieni, inclusiv consulul Ambasadei Belgiei la Bucure\u015fti, dar \u015fi func\u0163ionari ai Comisiei Europene.<\/p>\n<p>Aeronava, fabricat\u0103 \u00een 1987, apar\u0163inea Companiei TAROM \u015fi efectua zboruri regulate pe ruta Bucure\u015fti &#8211; Bruxelles.<\/p>\n<p>Desigur, este greu de crezut c\u0103 \u00een Rom\u00e2nia am putea asista la o asemenea desf\u0103\u015furare complex\u0103 de for\u0163e, ca \u00een filmele de spionaj, dar&#8230;<\/p>\n<p>Ce scria presa \u00een 20 mai 2008: &#8220;Dosarul celei mai mari catastrofe aviatice din Rom\u00e2nia, accidentul de la Balote\u015fti, este de neg\u0103sit. Consiliul Superior al Magistraturii \u00eencearc\u0103 s\u0103 afle cum au disp\u0103rut documentele, \u00eenainte ca procurorii s\u0103 se pronun\u0163e asupra cauzelor care au dus la catastrofa aviatic\u0103&#8221;. Timp de mai multe luni au fost luate la puricat arhivele Parchetelor Tribunalului \u015fi Cur\u0163ii de Apel Bucure\u015fti, dar \u015fi cele ale Parchetului Cur\u0163ii Supreme. Verific\u0103rile au dus la concluzia c\u0103 dosarul accidentului aviatic nu a fost solu\u0163ionat de nici unul din aceste parchete. C\u00eet despre dosarul \u00een sine, acesta s-a evaporat din arhivele celor trei unit\u0103\u0163i de Parchet, care au preluat, pe r\u00eend, fr\u00eeiele investiga\u0163iei. Ulterior, Consiliul Superior al Magistraturii a decis ca procurorii s\u0103 reconstituie documentele care lipsesc. Nu s-a specificat cum s\u0103 le reconstituie&#8230;<\/p>\n<p>**********************<\/p>\n<p>Aproximativ 1.400 (de) rezultate (0,27 secunde)<\/p>\n<p>Rezultate C\u0103utare<br \/>\n1. Dosarul accidentului aviatic de la Balote\u015fti a disp\u0103rut &#8230;<br \/>\n20 Mai 2008 &#8230; Dosarul celei mai mari catastrofe aviatice din Rom\u00e2nia, accidentul de la Balote\u015fti din 1995, \u00een care au murit 61 de oameni, este de neg\u0103sit.<br \/>\nwww.realitatea.net \u203a ACTUAL \u203a JUSTI\u0162IE &#8211; \u00cen cache &#8211; Pagini similare<\/p>\n<p>\u25ba<\/p>\n<p>2. Balote\u015fti, locul celei mai mari catastrofe aviatice din Rom\u00e2nia &#8230;<br \/>\n31 Mar 2010 &#8230; La locul tragediei de acum 15 ani, c\u00e2nd un Airbus A-310 sa pr\u0103bu\u015fit imediat dup\u0103 decolare, e un monument din care se fur\u0103 piatr\u0103.<br \/>\nwww.adevarul.ro\/&#8230;\/Balotesti-in_umbra_tacerii_0_235177026.html &#8211; \u00cen cache<\/p>\n<p>3. Balotesti 1995 &#8211; accidentul aviatic: Un document care circula pe &#8230;<br \/>\n1 Mar 2010 &#8230; Accidentul de la Balotesti din 1995: Descopera pe www.urbaniulian.ro cea mai noua ipoteza in privita teribilei catastrofe aviatice din 1995.<br \/>\nwww.urbaniulian.ro\/&#8230;\/balotesti-1995-accidentul-aviatic-un-document-care-circula-pe-internet-ofera-o-posibila-explicatie-a-misterului-din-jurul-&#8230;<\/p>\n<p>4. Teoria Conspiratiei: SEMNE DE INTREBARE LEGATE DE CATASTROFA &#8230;<br \/>\n11 Dec 2010 &#8230; Secretele accidentului aviatic de la Balote\u015fti &#8230; \u00eenainte ca procurorii sa se pronunte asupra cauzelor care au dus la catastrofa aviatica\u201d. &#8230;<br \/>\ncersipamantromanesc.wordpress.com\/&#8230;\/teoria-conspiratiei-semne-de-intrebare-legate-de-catastrofa-aviatica-de-la-balotesti\/<\/p>\n<p>Ob\u0163ine\u0163i mai multe rezultate din ultimele 24 de ore<br \/>\n5. Balotesti 1995 \u2013 accidentul aviatic: Un document care circula pe &#8230;<br \/>\n4 Mar 2010 &#8230; Ce scria presa \u00een 20 mai 2008: \u201cDosarul celei mai mari catastrofe aviatice din Rom\u00e2nia, accidentul de la Balote\u015fti, este de neg\u0103sit. &#8230;<br \/>\nwww.ilfovulnostru.ro\/&#8230;\/balotesti-1995-\u2013-accidentul-aviatic-un-document-care-circula-pe-internet-ofera-o-posibila-explicatie-a-misteru&#8230; &#8211; \u00cen cache<\/p>\n<p>6. Balote\u015fti, locul celei mai mari catastrofe aviatice din Rom\u00e2nia &#8230;<br \/>\nBalote\u015fti, locul celei mai mari catastrofe aviatice din Rom\u00e2nia, \u00een umbra &#8230;<br \/>\nwww.ilfovulnostru.ro\/&#8230;\/balotesti-locul-celei-mai-mari-catastrofe-aviatice-din-romania-in-umbra-tacerii\/ &#8211; \u00cen cache<\/p>\n<p>Afi\u015fa\u0163i mai multe rezultate de la ilfovulnostru.ro<\/p>\n<p>7. Balote\u015fti, dosarul disp\u0103rut | Jurnalul National<br \/>\n20 Mai 2008 &#8230; Ancheta care trebuia s\u0103 elucideze cea mai mare catastrof\u0103 aviatic\u0103 din Rom\u00e2nia, accidentul de la Balote\u015fti, nu are nici \u00een ziua de azi o &#8230;<br \/>\nwww.jurnalul.ro\/&#8230;\/balotesti-dosarul-disparut-125029.html &#8211; \u00cen cache<\/p>\n<p>8. Secretele accidentului aviatic de la Balote\u015fti<br \/>\n10 Dec 2010 &#8230; Secretele accidentului aviatic de la Balote\u015fti &#8230; mai mari catastrofe aviatice din Rom\u00e2nia, accidentul de la Balotesti, este de negasit. &#8230;<br \/>\nwww.agentia.org\/&#8230;\/secretele-accidentului-aviatic-de-la-balote-ti-7614.html<\/p>\n<p>9. catastrofa aviatica \u00ab CER SI PAMANT ROMANESC<br \/>\nTeoria Conspiratiei: SEMNE DE INTREBARE LEGATE DE CATASTROFA AVIATICA DE LA BALOTESTI. Secretele accidentului aviatic de la Balote\u015fti &#8230;<br \/>\nhttps:\/\/cersipamantromanesc.wordpress.com\/tag\/catastrofa-aviatica\/<\/p>\n","protected":false},"excerpt":{"rendered":"<p>(America prevede alipirea Kosovei cu Albania) Baki Ymeri Para pak \u00e7astesh isha duke ndjekur emisionin e kanalit televiziv t\u00eb Tiran\u00ebs NTV, ku ishte ftuar Prof.dr. Ko\u00e7o Danaj, i cili deklaroi se bashkimi i Kosov\u00ebs me Shqip\u00ebrin\u00eb, pas zgjedhjeve t\u00eb 12 dhjetorit, do t\u00eb jet\u00eb detyr\u00eb par\u00ebsore, me konfigurimin e parlamentit t\u00eb ri n\u00eb Prishtin\u00eb. Pra, [&hellip;]<\/p>\n","protected":false},"author":1,"featured_media":0,"comment_status":"open","ping_status":"closed","sticky":false,"template":"","format":"standard","meta":{"footnotes":""},"categories":[2],"tags":[],"class_list":{"0":"post-5297","1":"post","2":"type-post","3":"status-publish","4":"format-standard","6":"category-artikuj"},"yoast_head":"<!-- This site is optimized with the Yoast SEO plugin v27.4 - https:\/\/yoast.com\/product\/yoast-seo-wordpress\/ -->\n<title>AMERIKA E PARASHEH Q\u00cb KOSOVA T\u2019I BASHKANGJITET SHQIP\u00cbRIS\u00cb - FjALA e LIR\u00cb - Arkivi<\/title>\n<meta name=\"robots\" content=\"index, follow, max-snippet:-1, max-image-preview:large, max-video-preview:-1\" \/>\n<link rel=\"canonical\" href=\"https:\/\/fjala.info\/2009-2015\/amerika-e-parasheh-qe-kosova-ti-bashkangjitet-shqiperise\/\" \/>\n<meta property=\"og:locale\" content=\"sq_AL\" \/>\n<meta property=\"og:type\" content=\"article\" \/>\n<meta property=\"og:title\" content=\"AMERIKA E PARASHEH Q\u00cb KOSOVA T\u2019I BASHKANGJITET SHQIP\u00cbRIS\u00cb - FjALA e LIR\u00cb - Arkivi\" \/>\n<meta property=\"og:description\" content=\"(America prevede alipirea Kosovei cu Albania) Baki Ymeri Para pak \u00e7astesh isha duke ndjekur emisionin e kanalit televiziv t\u00eb Tiran\u00ebs NTV, ku ishte ftuar Prof.dr. Ko\u00e7o Danaj, i cili deklaroi se bashkimi i Kosov\u00ebs me Shqip\u00ebrin\u00eb, pas zgjedhjeve t\u00eb 12 dhjetorit, do t\u00eb jet\u00eb detyr\u00eb par\u00ebsore, me konfigurimin e parlamentit t\u00eb ri n\u00eb Prishtin\u00eb. Pra, [&hellip;]\" \/>\n<meta property=\"og:url\" content=\"https:\/\/fjala.info\/2009-2015\/amerika-e-parasheh-qe-kosova-ti-bashkangjitet-shqiperise\/\" \/>\n<meta property=\"og:site_name\" content=\"FjALA e LIR\u00cb - Arkivi\" \/>\n<meta property=\"article:published_time\" content=\"2010-12-13T09:01:51+00:00\" \/>\n<meta property=\"og:image\" content=\"http:\/\/fjala.shkoder.net\/wp-content\/uploads\/2010\/12\/usa_kosova_al.jpg\" \/>\n<meta name=\"author\" content=\"admin\" \/>\n<meta name=\"twitter:card\" content=\"summary_large_image\" \/>\n<meta name=\"twitter:label1\" content=\"Written by\" \/>\n\t<meta name=\"twitter:data1\" content=\"admin\" \/>\n\t<meta name=\"twitter:label2\" content=\"Est. reading time\" \/>\n\t<meta name=\"twitter:data2\" content=\"13 minutes\" \/>\n<script type=\"application\/ld+json\" class=\"yoast-schema-graph\">{\"@context\":\"https:\\\/\\\/schema.org\",\"@graph\":[{\"@type\":\"Article\",\"@id\":\"https:\\\/\\\/fjala.info\\\/2009-2015\\\/amerika-e-parasheh-qe-kosova-ti-bashkangjitet-shqiperise\\\/#article\",\"isPartOf\":{\"@id\":\"https:\\\/\\\/fjala.info\\\/2009-2015\\\/amerika-e-parasheh-qe-kosova-ti-bashkangjitet-shqiperise\\\/\"},\"author\":{\"name\":\"admin\",\"@id\":\"https:\\\/\\\/fjala.info\\\/2009-2015\\\/#\\\/schema\\\/person\\\/3aa1163ef05469c496fc94e77611ada2\"},\"headline\":\"AMERIKA E PARASHEH Q\u00cb KOSOVA T\u2019I BASHKANGJITET SHQIP\u00cbRIS\u00cb\",\"datePublished\":\"2010-12-13T09:01:51+00:00\",\"mainEntityOfPage\":{\"@id\":\"https:\\\/\\\/fjala.info\\\/2009-2015\\\/amerika-e-parasheh-qe-kosova-ti-bashkangjitet-shqiperise\\\/\"},\"wordCount\":2618,\"commentCount\":0,\"publisher\":{\"@id\":\"https:\\\/\\\/fjala.info\\\/2009-2015\\\/#organization\"},\"image\":{\"@id\":\"https:\\\/\\\/fjala.info\\\/2009-2015\\\/amerika-e-parasheh-qe-kosova-ti-bashkangjitet-shqiperise\\\/#primaryimage\"},\"thumbnailUrl\":\"http:\\\/\\\/fjala.shkoder.net\\\/wp-content\\\/uploads\\\/2010\\\/12\\\/usa_kosova_al.jpg\",\"articleSection\":[\"Artikuj\"],\"inLanguage\":\"sq-AL\",\"potentialAction\":[{\"@type\":\"CommentAction\",\"name\":\"Comment\",\"target\":[\"https:\\\/\\\/fjala.info\\\/2009-2015\\\/amerika-e-parasheh-qe-kosova-ti-bashkangjitet-shqiperise\\\/#respond\"]}]},{\"@type\":\"WebPage\",\"@id\":\"https:\\\/\\\/fjala.info\\\/2009-2015\\\/amerika-e-parasheh-qe-kosova-ti-bashkangjitet-shqiperise\\\/\",\"url\":\"https:\\\/\\\/fjala.info\\\/2009-2015\\\/amerika-e-parasheh-qe-kosova-ti-bashkangjitet-shqiperise\\\/\",\"name\":\"AMERIKA E PARASHEH Q\u00cb KOSOVA T\u2019I BASHKANGJITET SHQIP\u00cbRIS\u00cb - FjALA e LIR\u00cb - Arkivi\",\"isPartOf\":{\"@id\":\"https:\\\/\\\/fjala.info\\\/2009-2015\\\/#website\"},\"primaryImageOfPage\":{\"@id\":\"https:\\\/\\\/fjala.info\\\/2009-2015\\\/amerika-e-parasheh-qe-kosova-ti-bashkangjitet-shqiperise\\\/#primaryimage\"},\"image\":{\"@id\":\"https:\\\/\\\/fjala.info\\\/2009-2015\\\/amerika-e-parasheh-qe-kosova-ti-bashkangjitet-shqiperise\\\/#primaryimage\"},\"thumbnailUrl\":\"http:\\\/\\\/fjala.shkoder.net\\\/wp-content\\\/uploads\\\/2010\\\/12\\\/usa_kosova_al.jpg\",\"datePublished\":\"2010-12-13T09:01:51+00:00\",\"breadcrumb\":{\"@id\":\"https:\\\/\\\/fjala.info\\\/2009-2015\\\/amerika-e-parasheh-qe-kosova-ti-bashkangjitet-shqiperise\\\/#breadcrumb\"},\"inLanguage\":\"sq-AL\",\"potentialAction\":[{\"@type\":\"ReadAction\",\"target\":[\"https:\\\/\\\/fjala.info\\\/2009-2015\\\/amerika-e-parasheh-qe-kosova-ti-bashkangjitet-shqiperise\\\/\"]}]},{\"@type\":\"ImageObject\",\"inLanguage\":\"sq-AL\",\"@id\":\"https:\\\/\\\/fjala.info\\\/2009-2015\\\/amerika-e-parasheh-qe-kosova-ti-bashkangjitet-shqiperise\\\/#primaryimage\",\"url\":\"http:\\\/\\\/fjala.shkoder.net\\\/wp-content\\\/uploads\\\/2010\\\/12\\\/usa_kosova_al.jpg\",\"contentUrl\":\"http:\\\/\\\/fjala.shkoder.net\\\/wp-content\\\/uploads\\\/2010\\\/12\\\/usa_kosova_al.jpg\"},{\"@type\":\"BreadcrumbList\",\"@id\":\"https:\\\/\\\/fjala.info\\\/2009-2015\\\/amerika-e-parasheh-qe-kosova-ti-bashkangjitet-shqiperise\\\/#breadcrumb\",\"itemListElement\":[{\"@type\":\"ListItem\",\"position\":1,\"name\":\"Home\",\"item\":\"https:\\\/\\\/fjala.info\\\/2009-2015\\\/\"},{\"@type\":\"ListItem\",\"position\":2,\"name\":\"AMERIKA E PARASHEH Q\u00cb KOSOVA T\u2019I BASHKANGJITET SHQIP\u00cbRIS\u00cb\"}]},{\"@type\":\"WebSite\",\"@id\":\"https:\\\/\\\/fjala.info\\\/2009-2015\\\/#website\",\"url\":\"https:\\\/\\\/fjala.info\\\/2009-2015\\\/\",\"name\":\"FjALA e LIR\u00cb - Arkivi\",\"description\":\"Arkivi 2009-2015\",\"publisher\":{\"@id\":\"https:\\\/\\\/fjala.info\\\/2009-2015\\\/#organization\"},\"potentialAction\":[{\"@type\":\"SearchAction\",\"target\":{\"@type\":\"EntryPoint\",\"urlTemplate\":\"https:\\\/\\\/fjala.info\\\/2009-2015\\\/?s={search_term_string}\"},\"query-input\":{\"@type\":\"PropertyValueSpecification\",\"valueRequired\":true,\"valueName\":\"search_term_string\"}}],\"inLanguage\":\"sq-AL\"},{\"@type\":\"Organization\",\"@id\":\"https:\\\/\\\/fjala.info\\\/2009-2015\\\/#organization\",\"name\":\"FjALA e LIR\u00cb - Arkivi\",\"url\":\"https:\\\/\\\/fjala.info\\\/2009-2015\\\/\",\"logo\":{\"@type\":\"ImageObject\",\"inLanguage\":\"sq-AL\",\"@id\":\"https:\\\/\\\/fjala.info\\\/2009-2015\\\/#\\\/schema\\\/logo\\\/image\\\/\",\"url\":\"\",\"contentUrl\":\"\",\"caption\":\"FjALA e LIR\u00cb - Arkivi\"},\"image\":{\"@id\":\"https:\\\/\\\/fjala.info\\\/2009-2015\\\/#\\\/schema\\\/logo\\\/image\\\/\"}},{\"@type\":\"Person\",\"@id\":\"https:\\\/\\\/fjala.info\\\/2009-2015\\\/#\\\/schema\\\/person\\\/3aa1163ef05469c496fc94e77611ada2\",\"name\":\"admin\",\"image\":{\"@type\":\"ImageObject\",\"inLanguage\":\"sq-AL\",\"@id\":\"https:\\\/\\\/fjala.info\\\/2009-2015\\\/wp-content\\\/uploads\\\/2012\\\/02\\\/arben_cokaj-120x150.jpg\",\"url\":\"https:\\\/\\\/fjala.info\\\/2009-2015\\\/wp-content\\\/uploads\\\/2012\\\/02\\\/arben_cokaj-120x150.jpg\",\"contentUrl\":\"https:\\\/\\\/fjala.info\\\/2009-2015\\\/wp-content\\\/uploads\\\/2012\\\/02\\\/arben_cokaj-120x150.jpg\",\"caption\":\"admin\"},\"description\":\"Admin, Fjala e Lir\u00eb\",\"sameAs\":[\"https:\\\/\\\/fjala.info\\\/\"],\"url\":\"https:\\\/\\\/fjala.info\\\/2009-2015\\\/author\\\/admin\\\/\"}]}<\/script>\n<!-- \/ Yoast SEO plugin. -->","yoast_head_json":{"title":"AMERIKA E PARASHEH Q\u00cb KOSOVA T\u2019I BASHKANGJITET SHQIP\u00cbRIS\u00cb - FjALA e LIR\u00cb - Arkivi","robots":{"index":"index","follow":"follow","max-snippet":"max-snippet:-1","max-image-preview":"max-image-preview:large","max-video-preview":"max-video-preview:-1"},"canonical":"https:\/\/fjala.info\/2009-2015\/amerika-e-parasheh-qe-kosova-ti-bashkangjitet-shqiperise\/","og_locale":"sq_AL","og_type":"article","og_title":"AMERIKA E PARASHEH Q\u00cb KOSOVA T\u2019I BASHKANGJITET SHQIP\u00cbRIS\u00cb - FjALA e LIR\u00cb - Arkivi","og_description":"(America prevede alipirea Kosovei cu Albania) Baki Ymeri Para pak \u00e7astesh isha duke ndjekur emisionin e kanalit televiziv t\u00eb Tiran\u00ebs NTV, ku ishte ftuar Prof.dr. Ko\u00e7o Danaj, i cili deklaroi se bashkimi i Kosov\u00ebs me Shqip\u00ebrin\u00eb, pas zgjedhjeve t\u00eb 12 dhjetorit, do t\u00eb jet\u00eb detyr\u00eb par\u00ebsore, me konfigurimin e parlamentit t\u00eb ri n\u00eb Prishtin\u00eb. Pra, [&hellip;]","og_url":"https:\/\/fjala.info\/2009-2015\/amerika-e-parasheh-qe-kosova-ti-bashkangjitet-shqiperise\/","og_site_name":"FjALA e LIR\u00cb - Arkivi","article_published_time":"2010-12-13T09:01:51+00:00","og_image":[{"url":"http:\/\/fjala.shkoder.net\/wp-content\/uploads\/2010\/12\/usa_kosova_al.jpg","type":"","width":"","height":""}],"author":"admin","twitter_card":"summary_large_image","twitter_misc":{"Written by":"admin","Est. reading time":"13 minutes"},"schema":{"@context":"https:\/\/schema.org","@graph":[{"@type":"Article","@id":"https:\/\/fjala.info\/2009-2015\/amerika-e-parasheh-qe-kosova-ti-bashkangjitet-shqiperise\/#article","isPartOf":{"@id":"https:\/\/fjala.info\/2009-2015\/amerika-e-parasheh-qe-kosova-ti-bashkangjitet-shqiperise\/"},"author":{"name":"admin","@id":"https:\/\/fjala.info\/2009-2015\/#\/schema\/person\/3aa1163ef05469c496fc94e77611ada2"},"headline":"AMERIKA E PARASHEH Q\u00cb KOSOVA T\u2019I BASHKANGJITET SHQIP\u00cbRIS\u00cb","datePublished":"2010-12-13T09:01:51+00:00","mainEntityOfPage":{"@id":"https:\/\/fjala.info\/2009-2015\/amerika-e-parasheh-qe-kosova-ti-bashkangjitet-shqiperise\/"},"wordCount":2618,"commentCount":0,"publisher":{"@id":"https:\/\/fjala.info\/2009-2015\/#organization"},"image":{"@id":"https:\/\/fjala.info\/2009-2015\/amerika-e-parasheh-qe-kosova-ti-bashkangjitet-shqiperise\/#primaryimage"},"thumbnailUrl":"http:\/\/fjala.shkoder.net\/wp-content\/uploads\/2010\/12\/usa_kosova_al.jpg","articleSection":["Artikuj"],"inLanguage":"sq-AL","potentialAction":[{"@type":"CommentAction","name":"Comment","target":["https:\/\/fjala.info\/2009-2015\/amerika-e-parasheh-qe-kosova-ti-bashkangjitet-shqiperise\/#respond"]}]},{"@type":"WebPage","@id":"https:\/\/fjala.info\/2009-2015\/amerika-e-parasheh-qe-kosova-ti-bashkangjitet-shqiperise\/","url":"https:\/\/fjala.info\/2009-2015\/amerika-e-parasheh-qe-kosova-ti-bashkangjitet-shqiperise\/","name":"AMERIKA E PARASHEH Q\u00cb KOSOVA T\u2019I BASHKANGJITET SHQIP\u00cbRIS\u00cb - FjALA e LIR\u00cb - Arkivi","isPartOf":{"@id":"https:\/\/fjala.info\/2009-2015\/#website"},"primaryImageOfPage":{"@id":"https:\/\/fjala.info\/2009-2015\/amerika-e-parasheh-qe-kosova-ti-bashkangjitet-shqiperise\/#primaryimage"},"image":{"@id":"https:\/\/fjala.info\/2009-2015\/amerika-e-parasheh-qe-kosova-ti-bashkangjitet-shqiperise\/#primaryimage"},"thumbnailUrl":"http:\/\/fjala.shkoder.net\/wp-content\/uploads\/2010\/12\/usa_kosova_al.jpg","datePublished":"2010-12-13T09:01:51+00:00","breadcrumb":{"@id":"https:\/\/fjala.info\/2009-2015\/amerika-e-parasheh-qe-kosova-ti-bashkangjitet-shqiperise\/#breadcrumb"},"inLanguage":"sq-AL","potentialAction":[{"@type":"ReadAction","target":["https:\/\/fjala.info\/2009-2015\/amerika-e-parasheh-qe-kosova-ti-bashkangjitet-shqiperise\/"]}]},{"@type":"ImageObject","inLanguage":"sq-AL","@id":"https:\/\/fjala.info\/2009-2015\/amerika-e-parasheh-qe-kosova-ti-bashkangjitet-shqiperise\/#primaryimage","url":"http:\/\/fjala.shkoder.net\/wp-content\/uploads\/2010\/12\/usa_kosova_al.jpg","contentUrl":"http:\/\/fjala.shkoder.net\/wp-content\/uploads\/2010\/12\/usa_kosova_al.jpg"},{"@type":"BreadcrumbList","@id":"https:\/\/fjala.info\/2009-2015\/amerika-e-parasheh-qe-kosova-ti-bashkangjitet-shqiperise\/#breadcrumb","itemListElement":[{"@type":"ListItem","position":1,"name":"Home","item":"https:\/\/fjala.info\/2009-2015\/"},{"@type":"ListItem","position":2,"name":"AMERIKA E PARASHEH Q\u00cb KOSOVA T\u2019I BASHKANGJITET SHQIP\u00cbRIS\u00cb"}]},{"@type":"WebSite","@id":"https:\/\/fjala.info\/2009-2015\/#website","url":"https:\/\/fjala.info\/2009-2015\/","name":"FjALA e LIR\u00cb - Arkivi","description":"Arkivi 2009-2015","publisher":{"@id":"https:\/\/fjala.info\/2009-2015\/#organization"},"potentialAction":[{"@type":"SearchAction","target":{"@type":"EntryPoint","urlTemplate":"https:\/\/fjala.info\/2009-2015\/?s={search_term_string}"},"query-input":{"@type":"PropertyValueSpecification","valueRequired":true,"valueName":"search_term_string"}}],"inLanguage":"sq-AL"},{"@type":"Organization","@id":"https:\/\/fjala.info\/2009-2015\/#organization","name":"FjALA e LIR\u00cb - Arkivi","url":"https:\/\/fjala.info\/2009-2015\/","logo":{"@type":"ImageObject","inLanguage":"sq-AL","@id":"https:\/\/fjala.info\/2009-2015\/#\/schema\/logo\/image\/","url":"","contentUrl":"","caption":"FjALA e LIR\u00cb - Arkivi"},"image":{"@id":"https:\/\/fjala.info\/2009-2015\/#\/schema\/logo\/image\/"}},{"@type":"Person","@id":"https:\/\/fjala.info\/2009-2015\/#\/schema\/person\/3aa1163ef05469c496fc94e77611ada2","name":"admin","image":{"@type":"ImageObject","inLanguage":"sq-AL","@id":"https:\/\/fjala.info\/2009-2015\/wp-content\/uploads\/2012\/02\/arben_cokaj-120x150.jpg","url":"https:\/\/fjala.info\/2009-2015\/wp-content\/uploads\/2012\/02\/arben_cokaj-120x150.jpg","contentUrl":"https:\/\/fjala.info\/2009-2015\/wp-content\/uploads\/2012\/02\/arben_cokaj-120x150.jpg","caption":"admin"},"description":"Admin, Fjala e Lir\u00eb","sameAs":["https:\/\/fjala.info\/"],"url":"https:\/\/fjala.info\/2009-2015\/author\/admin\/"}]}},"_links":{"self":[{"href":"https:\/\/fjala.info\/2009-2015\/wp-json\/wp\/v2\/posts\/5297","targetHints":{"allow":["GET"]}}],"collection":[{"href":"https:\/\/fjala.info\/2009-2015\/wp-json\/wp\/v2\/posts"}],"about":[{"href":"https:\/\/fjala.info\/2009-2015\/wp-json\/wp\/v2\/types\/post"}],"author":[{"embeddable":true,"href":"https:\/\/fjala.info\/2009-2015\/wp-json\/wp\/v2\/users\/1"}],"replies":[{"embeddable":true,"href":"https:\/\/fjala.info\/2009-2015\/wp-json\/wp\/v2\/comments?post=5297"}],"version-history":[{"count":0,"href":"https:\/\/fjala.info\/2009-2015\/wp-json\/wp\/v2\/posts\/5297\/revisions"}],"wp:attachment":[{"href":"https:\/\/fjala.info\/2009-2015\/wp-json\/wp\/v2\/media?parent=5297"}],"wp:term":[{"taxonomy":"category","embeddable":true,"href":"https:\/\/fjala.info\/2009-2015\/wp-json\/wp\/v2\/categories?post=5297"},{"taxonomy":"post_tag","embeddable":true,"href":"https:\/\/fjala.info\/2009-2015\/wp-json\/wp\/v2\/tags?post=5297"}],"curies":[{"name":"wp","href":"https:\/\/api.w.org\/{rel}","templated":true}]}}