{"id":5296,"date":"2012-10-06T20:55:19","date_gmt":"2012-10-06T19:55:19","guid":{"rendered":"http:\/\/www.fjala.info\/?p=5296"},"modified":"2012-10-06T20:55:19","modified_gmt":"2012-10-06T19:55:19","slug":"telendarku-i-shqiperise","status":"publish","type":"post","link":"https:\/\/fjala.info\/2009-2015\/telendarku-i-shqiperise\/","title":{"rendered":"Telendarku i Shqip\u00ebris\u00eb"},"content":{"rendered":"<p><img decoding=\"async\" class=\"alignright size-thumbnail wp-image-7236\" title=\"Arben Manaj\" src=\"http:\/\/www.fjala.info\/2012\/arben_manaj.jpg\" alt=\"\" width=\"150\" \/> Nga <strong>Arben Manaj<\/strong>, <em>5 Tetor 2012<\/em><\/p>\n<p>Litari q\u00eb la jasht\u00eb varrit komunizmi n\u00eb Shqip\u00ebri dhe q\u00eb drejton sot administrat\u00ebn shqiptare, i p\u00ebrmbys t\u00eb gjitha vetit\u00eb e mallkimit p\u00ebr k\u00ebt\u00eb vend dhe k\u00ebt\u00eb popull, q\u00eb fillimisht nuk e meritonte k\u00ebt\u00eb zgjatim. Dhe si \u00e7do litari q\u00eb luan me zjarrin dhe marr flak\u00eb, i vjen fundi. Fjala \u00ebsht\u00eb p\u00ebr Sali Berish\u00ebn.<\/p>\n<p>T\u00ebr\u00eb jeta e tij politike n\u00eb k\u00ebta 22 vjet pas kap\u00ebrcimit t\u00eb ylberit komunist drejt demokratit t\u00eb deleguar, \u00ebsht\u00eb nj\u00eb enciklopedi sjelljesh prej grash t\u00eb liga p\u00ebr nga fjalori dhe pashpirt\u00ebsia njer\u00ebzore e veprimeve politike me vdekjet e shkaktuara, q\u00eb kapin mij\u00ebrat e jet\u00ebve t\u00eb shqiptar\u00ebve.<\/p>\n<p>P\u00ebrve\u00e7 frustrimit dhe gjymtimit psikologjik, q\u00eb mund t\u00eb ket\u00eb p\u00ebsuar ky njeri i shnd\u00ebrruar n\u00eb \u201cbish\u00eb politike\u201d gjat\u00eb f\u00ebmij\u00ebris\u00eb dhe adoleshenc\u00ebs s\u00eb izoluara, n\u00ebp\u00ebr thepe malore e maj\u00eb shk\u00ebmbinjsh t\u00eb derdhjes s\u00eb Valbon\u00ebs, nuk ka sesi shpjegon prototipin e tij.<\/p>\n<p>As ata q\u00eb vuajt\u00ebn t\u00ebr\u00eb eg\u00ebrsin\u00eb e ish-regjimit komunist nuk kan\u00eb aq vrer dhe lig\u00ebsi sa \u00e7\u2019demonstron ky njeri me t\u00eb gjith\u00eb, majtas, djathtas e n\u00eb qend\u00ebr. Ky mal\u00ebsor i pabes\u00eb b\u00ebhet i till\u00eb sa her\u00eb \u00e7do njeri, bashk\u00ebpun\u00ebtor apo i njohur i del nga rreshti i diktatit t\u00eb tij, duke t\u00eb shnd\u00ebrruar nga engj\u00ebll n\u00eb djall brenda dit\u00ebs.<\/p>\n<p>Ata q\u00eb jan\u00eb marr\u00eb intensivisht me jet\u00ebn politike n\u00eb Shqip\u00ebri nuk kan\u00eb sesi harrojn\u00eb fjalorin prej rruga\u00e7i politik dhe jo vet\u00ebm, t\u00eb k\u00ebtij individi me arsim t\u00eb lart\u00eb dhe \u00e7udit\u00ebrisht mjek.<\/p>\n<p>Shum\u00eb nga bashk\u00ebpun\u00ebtor\u00ebt e tij orgazmohen me nivelin e tij intelektual dhe thell\u00ebsine e kultur\u00ebs s\u00eb tij poliedrike, e cila mund t\u00eb jet\u00eb krijuar nga \u201cpeshkopll\u00ebku\u201d i bibliotekave, q\u00eb n\u00eb jo pak raste ishte produkt sa i k\u00ebmb\u00ebnguljes p\u00ebr tu pasaportizuar pas studimeve n\u00eb kryeqytet ose munges\u00ebs se jet\u00ebs sociale dhe injorimit nga moshatar\u00ebt dhe mospasja e nj\u00eb jete dhe bot\u00ebkuptimi qytetar t\u00eb mir\u00ebfillt\u00eb.<\/p>\n<p>Kjo shpjegon faktin q\u00eb ky njeri di vet\u00ebm t\u00eb ngulet n\u00eb zyrat e partis\u00eb dhe qeveris\u00eb pa ditur as n\u00eb fundjav\u00eb, si\u00e7 do njeri normal, t\u00eb shijoj gj\u00ebrat e bukura apo edhe hedonizmin e past\u00ebr q\u00eb ofron jeta e cila jetohet vet\u00ebm nj\u00eb her\u00eb.<\/p>\n<p>Ky kompleks provinciali duket se shp\u00ebrthen si \u00e7do vullkan sa her\u00eb mbushet me llav\u00ebn e urrejtjes ndaj t\u00eb tjer\u00ebve, q\u00eb jan\u00eb m\u00eb mendjehapur dhe m\u00eb fin n\u00eb jet\u00eb.<\/p>\n<p>Profili psikologjik i k\u00ebtij njeriu do t\u00eb duhet te jet\u00eb nj\u00eb minier\u00eb e thelle p\u00ebr psiko-analist\u00ebt p\u00ebr t\u00eb shpjeguar sjelljet dhe karaktero-patin\u00eb e Berish\u00ebs.<\/p>\n<p>Askush nga politikan\u00ebt bashk\u00ebkohor\u00eb t\u00eb tij nuk ka pasur dhe nuk nj\u00eb fjalor dhe humbje kontrolli sa t\u00eb friksh\u00ebm aq edhe keqardh\u00ebse, si ai, i cili pa imunitet p\u00ebrb\u00ebn padyshim vep\u00ebr penale n\u00eb nj\u00eb shoq\u00ebri normale civile.<\/p>\n<p>Ky telendark edhe at\u00eb kultur\u00eb t\u00eb fituar e ngel n\u00eb klas\u00eb me ndotjen verbale q\u00eb shkakton sa her\u00eb b\u00ebhet pjes\u00eb e diskursit, kur e ka pisk politikisht dhe ekzistencialisht.<\/p>\n<p>Vet\u00ebm nj\u00eb njeri normal dhe i cil\u00ebsuar i kulturuar, nuk mund t\u00eb jet\u00eb aq harbut dhe i pist\u00eb n\u00eb fjalor sa ky, i cili kam gjith\u00eb t\u00eb drejt\u00ebn t\u00eb mendoj se edhe n\u00eb familje dhe n\u00eb komunikimin brenda sht\u00ebpis\u00eb s\u00eb tij biologjike, do duhet t\u00eb jet\u00eb i till\u00eb.<\/p>\n<p>E keqja \u00ebsht\u00eb se ky duhet t\u00eb jet\u00eb edhe shembulli m\u00eb i keq dhe m\u00eb deformuese p\u00ebr f\u00ebmij\u00ebt dhe nip\u00ebrit e mbesat e tij, n\u00ebse komunikon k\u00ebshtu dhe brenda der\u00ebs s\u00eb jashtme t\u00eb sht\u00ebpis\u00eb s\u00eb tij, si\u00e7 sillet n\u00eb publik.<\/p>\n<p>Fatkeq\u00ebsia \u00ebsht\u00eb se \u00ebsht\u00eb von\u00eb ta mbledh\u00ebsh k\u00ebt\u00eb rast klinik akut n\u00eb k\u00ebt\u00eb stad t\u00eb jet\u00ebs, q\u00eb edhe normal t\u00eb jesh ose kesh qen\u00eb, degjeneron n\u00eb sjellje t\u00eb pakontrolluara p\u00ebr shkak t\u00eb mosh\u00ebs.<\/p>\n<p>Sali Berisha ka krijuar edhe mostr\u00ebn, dhe modelin p\u00ebr shum\u00eb jargavit\u00ebs dhe zvarranik\u00eb t\u00eb tij t\u00eb af\u00ebrt, t\u00eb cil\u00ebt e imitojn\u00eb sh\u00ebmtuesh\u00ebm n\u00eb sjellje dhe fjalor, duke i shnd\u00ebrruar n\u00eb gra shum\u00eb burra politik dhe jo pak gra n\u00eb \u201cburrnesha\u201d me mercedeska.<\/p>\n<p>Dhe kjo do t\u00eb jet\u00eb trash\u00ebgimia m\u00eb e keqe e k\u00ebtij njeriu, kur historia ta analizoj ftoht\u00eb duke na p\u00ebrbuzur dhe p\u00ebrqeshur q\u00eb t\u00eb gjith\u00eb neve q\u00eb jetuam koh\u00ebn e tij e tij politike, duke na p\u00ebrdhunuar epok\u00ebn ton\u00eb.<\/p>\n<p>P\u00ebrve\u00e7 se nj\u00eb telendark, epiteti m\u00eb i shpesht\u00eb q\u00eb t\u00eb imponon t\u00eb p\u00ebrfytyrosh p\u00ebr t\u00eb, \u00ebsht\u00eb ai i njeriut katil n\u00eb shpirt. Shembulli i fundit i k\u00ebtij pseudo-The\u00e7eri shqiptar, jan\u00eb grevist\u00ebt e uris\u00eb, por edhe f\u00ebmij\u00ebt e viktimave t\u00eb 21 janarit dhe kunati i tij n\u00eb G\u00ebrdec.<\/p>\n<p>Mungesa totale e dhembshuris\u00eb m\u00eb elementare njer\u00ebzore e cila nuk pyeti as p\u00ebr mij\u00ebrat e atyre jet\u00ebve njer\u00ebzore q\u00eb humb\u00ebn gjat\u00eb 97-\u00ebs p\u00ebr menderen e tij presidenciale, apo t\u00eb t\u00eb tjer\u00ebve pas shansit t\u00eb dyt\u00eb, q\u00eb shqiptar\u00ebt naiv i dhan\u00eb dhe i ridhan\u00eb, \u00ebsht\u00eb ajo q\u00eb frik\u00ebson m\u00eb shum\u00eb me mallkimin me fytyr\u00eb njeriu.<\/p>\n<p>Kjo e skualifikon at\u00eb edhe nga diploma e mjekut. Stresanti m\u00eb i madh i nj\u00eb populli t\u00eb thinjur edhe prej lig\u00ebsis\u00eb dhe pranis\u00eb g\u00ebrdit\u00ebse fizike t\u00eb tij n\u00eb jet\u00ebn shqiptare, Sali Berisha, ky frikacak me antiplumb, \u00ebsht\u00eb n\u00ebnprodukt i vet\u00eb shoq\u00ebris\u00eb son\u00eb e cila lejon q\u00eb t\u00eb mbijetoj politikisht nj\u00eb ish-kufom\u00eb politike nj\u00eb dekad\u00eb m\u00eb par\u00eb, t\u00eb shnd\u00ebrruar n\u00eb litarin jasht\u00eb varrit t\u00eb komunizmit, si nj\u00eb mallkim t\u00eb vet-imponuar dhe vet-toleruar, p\u00ebr t\u00eb na kujtuar \u00e7do sekond\u00eb se sa larg shkon posht\u00ebrimi dhe tallja, q\u00eb mund ti b\u00ebhet nj\u00eb kombi, nga nj\u00eb pervers politik, kur nuk luajm\u00eb si\u00e7 duhet dominon politike dhe mbajm\u00eb dopio-gjasht\u00ebn n\u00eb dor\u00eb.<\/p>\n","protected":false},"excerpt":{"rendered":"<p>Nga Arben Manaj, 5 Tetor 2012 Litari q\u00eb la jasht\u00eb varrit komunizmi n\u00eb Shqip\u00ebri dhe q\u00eb drejton sot administrat\u00ebn shqiptare, i p\u00ebrmbys t\u00eb gjitha vetit\u00eb e mallkimit p\u00ebr k\u00ebt\u00eb vend dhe k\u00ebt\u00eb popull, q\u00eb fillimisht nuk e meritonte k\u00ebt\u00eb zgjatim. Dhe si \u00e7do litari q\u00eb luan me zjarrin dhe marr flak\u00eb, i vjen fundi. Fjala [&hellip;]<\/p>\n","protected":false},"author":1,"featured_media":0,"comment_status":"open","ping_status":"closed","sticky":false,"template":"","format":"standard","meta":{"footnotes":""},"categories":[2],"tags":[],"class_list":{"0":"post-5296","1":"post","2":"type-post","3":"status-publish","4":"format-standard","6":"category-artikuj"},"yoast_head":"<!-- This site is optimized with the Yoast SEO plugin v27.4 - https:\/\/yoast.com\/product\/yoast-seo-wordpress\/ -->\n<title>Telendarku i Shqip\u00ebris\u00eb - FjALA e LIR\u00cb - Arkivi<\/title>\n<meta name=\"robots\" content=\"index, follow, max-snippet:-1, max-image-preview:large, max-video-preview:-1\" \/>\n<link rel=\"canonical\" href=\"https:\/\/fjala.info\/2009-2015\/telendarku-i-shqiperise\/\" \/>\n<meta property=\"og:locale\" content=\"sq_AL\" \/>\n<meta property=\"og:type\" content=\"article\" \/>\n<meta property=\"og:title\" content=\"Telendarku i Shqip\u00ebris\u00eb - FjALA e LIR\u00cb - Arkivi\" \/>\n<meta property=\"og:description\" content=\"Nga Arben Manaj, 5 Tetor 2012 Litari q\u00eb la jasht\u00eb varrit komunizmi n\u00eb Shqip\u00ebri dhe q\u00eb drejton sot administrat\u00ebn shqiptare, i p\u00ebrmbys t\u00eb gjitha vetit\u00eb e mallkimit p\u00ebr k\u00ebt\u00eb vend dhe k\u00ebt\u00eb popull, q\u00eb fillimisht nuk e meritonte k\u00ebt\u00eb zgjatim. Dhe si \u00e7do litari q\u00eb luan me zjarrin dhe marr flak\u00eb, i vjen fundi. Fjala [&hellip;]\" \/>\n<meta property=\"og:url\" content=\"https:\/\/fjala.info\/2009-2015\/telendarku-i-shqiperise\/\" \/>\n<meta property=\"og:site_name\" content=\"FjALA e LIR\u00cb - Arkivi\" \/>\n<meta property=\"article:published_time\" content=\"2012-10-06T19:55:19+00:00\" \/>\n<meta property=\"og:image\" content=\"http:\/\/www.fjala.info\/2012\/arben_manaj.jpg\" \/>\n<meta name=\"author\" content=\"admin\" \/>\n<meta name=\"twitter:card\" content=\"summary_large_image\" \/>\n<meta name=\"twitter:label1\" content=\"Written by\" \/>\n\t<meta name=\"twitter:data1\" content=\"admin\" \/>\n\t<meta name=\"twitter:label2\" content=\"Est. reading time\" \/>\n\t<meta name=\"twitter:data2\" content=\"5 minutes\" \/>\n<script type=\"application\/ld+json\" class=\"yoast-schema-graph\">{\"@context\":\"https:\\\/\\\/schema.org\",\"@graph\":[{\"@type\":\"Article\",\"@id\":\"https:\\\/\\\/fjala.info\\\/2009-2015\\\/telendarku-i-shqiperise\\\/#article\",\"isPartOf\":{\"@id\":\"https:\\\/\\\/fjala.info\\\/2009-2015\\\/telendarku-i-shqiperise\\\/\"},\"author\":{\"name\":\"admin\",\"@id\":\"https:\\\/\\\/fjala.info\\\/2009-2015\\\/#\\\/schema\\\/person\\\/3aa1163ef05469c496fc94e77611ada2\"},\"headline\":\"Telendarku i Shqip\u00ebris\u00eb\",\"datePublished\":\"2012-10-06T19:55:19+00:00\",\"mainEntityOfPage\":{\"@id\":\"https:\\\/\\\/fjala.info\\\/2009-2015\\\/telendarku-i-shqiperise\\\/\"},\"wordCount\":1016,\"commentCount\":0,\"publisher\":{\"@id\":\"https:\\\/\\\/fjala.info\\\/2009-2015\\\/#organization\"},\"image\":{\"@id\":\"https:\\\/\\\/fjala.info\\\/2009-2015\\\/telendarku-i-shqiperise\\\/#primaryimage\"},\"thumbnailUrl\":\"http:\\\/\\\/www.fjala.info\\\/2012\\\/arben_manaj.jpg\",\"articleSection\":[\"Artikuj\"],\"inLanguage\":\"sq-AL\",\"potentialAction\":[{\"@type\":\"CommentAction\",\"name\":\"Comment\",\"target\":[\"https:\\\/\\\/fjala.info\\\/2009-2015\\\/telendarku-i-shqiperise\\\/#respond\"]}]},{\"@type\":\"WebPage\",\"@id\":\"https:\\\/\\\/fjala.info\\\/2009-2015\\\/telendarku-i-shqiperise\\\/\",\"url\":\"https:\\\/\\\/fjala.info\\\/2009-2015\\\/telendarku-i-shqiperise\\\/\",\"name\":\"Telendarku i Shqip\u00ebris\u00eb - FjALA e LIR\u00cb - Arkivi\",\"isPartOf\":{\"@id\":\"https:\\\/\\\/fjala.info\\\/2009-2015\\\/#website\"},\"primaryImageOfPage\":{\"@id\":\"https:\\\/\\\/fjala.info\\\/2009-2015\\\/telendarku-i-shqiperise\\\/#primaryimage\"},\"image\":{\"@id\":\"https:\\\/\\\/fjala.info\\\/2009-2015\\\/telendarku-i-shqiperise\\\/#primaryimage\"},\"thumbnailUrl\":\"http:\\\/\\\/www.fjala.info\\\/2012\\\/arben_manaj.jpg\",\"datePublished\":\"2012-10-06T19:55:19+00:00\",\"breadcrumb\":{\"@id\":\"https:\\\/\\\/fjala.info\\\/2009-2015\\\/telendarku-i-shqiperise\\\/#breadcrumb\"},\"inLanguage\":\"sq-AL\",\"potentialAction\":[{\"@type\":\"ReadAction\",\"target\":[\"https:\\\/\\\/fjala.info\\\/2009-2015\\\/telendarku-i-shqiperise\\\/\"]}]},{\"@type\":\"ImageObject\",\"inLanguage\":\"sq-AL\",\"@id\":\"https:\\\/\\\/fjala.info\\\/2009-2015\\\/telendarku-i-shqiperise\\\/#primaryimage\",\"url\":\"http:\\\/\\\/www.fjala.info\\\/2012\\\/arben_manaj.jpg\",\"contentUrl\":\"http:\\\/\\\/www.fjala.info\\\/2012\\\/arben_manaj.jpg\"},{\"@type\":\"BreadcrumbList\",\"@id\":\"https:\\\/\\\/fjala.info\\\/2009-2015\\\/telendarku-i-shqiperise\\\/#breadcrumb\",\"itemListElement\":[{\"@type\":\"ListItem\",\"position\":1,\"name\":\"Home\",\"item\":\"https:\\\/\\\/fjala.info\\\/2009-2015\\\/\"},{\"@type\":\"ListItem\",\"position\":2,\"name\":\"Telendarku i Shqip\u00ebris\u00eb\"}]},{\"@type\":\"WebSite\",\"@id\":\"https:\\\/\\\/fjala.info\\\/2009-2015\\\/#website\",\"url\":\"https:\\\/\\\/fjala.info\\\/2009-2015\\\/\",\"name\":\"FjALA e LIR\u00cb - Arkivi\",\"description\":\"Arkivi 2009-2015\",\"publisher\":{\"@id\":\"https:\\\/\\\/fjala.info\\\/2009-2015\\\/#organization\"},\"potentialAction\":[{\"@type\":\"SearchAction\",\"target\":{\"@type\":\"EntryPoint\",\"urlTemplate\":\"https:\\\/\\\/fjala.info\\\/2009-2015\\\/?s={search_term_string}\"},\"query-input\":{\"@type\":\"PropertyValueSpecification\",\"valueRequired\":true,\"valueName\":\"search_term_string\"}}],\"inLanguage\":\"sq-AL\"},{\"@type\":\"Organization\",\"@id\":\"https:\\\/\\\/fjala.info\\\/2009-2015\\\/#organization\",\"name\":\"FjALA e LIR\u00cb - Arkivi\",\"url\":\"https:\\\/\\\/fjala.info\\\/2009-2015\\\/\",\"logo\":{\"@type\":\"ImageObject\",\"inLanguage\":\"sq-AL\",\"@id\":\"https:\\\/\\\/fjala.info\\\/2009-2015\\\/#\\\/schema\\\/logo\\\/image\\\/\",\"url\":\"\",\"contentUrl\":\"\",\"caption\":\"FjALA e LIR\u00cb - Arkivi\"},\"image\":{\"@id\":\"https:\\\/\\\/fjala.info\\\/2009-2015\\\/#\\\/schema\\\/logo\\\/image\\\/\"}},{\"@type\":\"Person\",\"@id\":\"https:\\\/\\\/fjala.info\\\/2009-2015\\\/#\\\/schema\\\/person\\\/3aa1163ef05469c496fc94e77611ada2\",\"name\":\"admin\",\"image\":{\"@type\":\"ImageObject\",\"inLanguage\":\"sq-AL\",\"@id\":\"https:\\\/\\\/fjala.info\\\/2009-2015\\\/wp-content\\\/uploads\\\/2012\\\/02\\\/arben_cokaj-120x150.jpg\",\"url\":\"https:\\\/\\\/fjala.info\\\/2009-2015\\\/wp-content\\\/uploads\\\/2012\\\/02\\\/arben_cokaj-120x150.jpg\",\"contentUrl\":\"https:\\\/\\\/fjala.info\\\/2009-2015\\\/wp-content\\\/uploads\\\/2012\\\/02\\\/arben_cokaj-120x150.jpg\",\"caption\":\"admin\"},\"description\":\"Admin, Fjala e Lir\u00eb\",\"sameAs\":[\"https:\\\/\\\/fjala.info\\\/\"],\"url\":\"https:\\\/\\\/fjala.info\\\/2009-2015\\\/author\\\/admin\\\/\"}]}<\/script>\n<!-- \/ Yoast SEO plugin. -->","yoast_head_json":{"title":"Telendarku i Shqip\u00ebris\u00eb - FjALA e LIR\u00cb - Arkivi","robots":{"index":"index","follow":"follow","max-snippet":"max-snippet:-1","max-image-preview":"max-image-preview:large","max-video-preview":"max-video-preview:-1"},"canonical":"https:\/\/fjala.info\/2009-2015\/telendarku-i-shqiperise\/","og_locale":"sq_AL","og_type":"article","og_title":"Telendarku i Shqip\u00ebris\u00eb - FjALA e LIR\u00cb - Arkivi","og_description":"Nga Arben Manaj, 5 Tetor 2012 Litari q\u00eb la jasht\u00eb varrit komunizmi n\u00eb Shqip\u00ebri dhe q\u00eb drejton sot administrat\u00ebn shqiptare, i p\u00ebrmbys t\u00eb gjitha vetit\u00eb e mallkimit p\u00ebr k\u00ebt\u00eb vend dhe k\u00ebt\u00eb popull, q\u00eb fillimisht nuk e meritonte k\u00ebt\u00eb zgjatim. Dhe si \u00e7do litari q\u00eb luan me zjarrin dhe marr flak\u00eb, i vjen fundi. Fjala [&hellip;]","og_url":"https:\/\/fjala.info\/2009-2015\/telendarku-i-shqiperise\/","og_site_name":"FjALA e LIR\u00cb - Arkivi","article_published_time":"2012-10-06T19:55:19+00:00","og_image":[{"url":"http:\/\/www.fjala.info\/2012\/arben_manaj.jpg","type":"","width":"","height":""}],"author":"admin","twitter_card":"summary_large_image","twitter_misc":{"Written by":"admin","Est. reading time":"5 minutes"},"schema":{"@context":"https:\/\/schema.org","@graph":[{"@type":"Article","@id":"https:\/\/fjala.info\/2009-2015\/telendarku-i-shqiperise\/#article","isPartOf":{"@id":"https:\/\/fjala.info\/2009-2015\/telendarku-i-shqiperise\/"},"author":{"name":"admin","@id":"https:\/\/fjala.info\/2009-2015\/#\/schema\/person\/3aa1163ef05469c496fc94e77611ada2"},"headline":"Telendarku i Shqip\u00ebris\u00eb","datePublished":"2012-10-06T19:55:19+00:00","mainEntityOfPage":{"@id":"https:\/\/fjala.info\/2009-2015\/telendarku-i-shqiperise\/"},"wordCount":1016,"commentCount":0,"publisher":{"@id":"https:\/\/fjala.info\/2009-2015\/#organization"},"image":{"@id":"https:\/\/fjala.info\/2009-2015\/telendarku-i-shqiperise\/#primaryimage"},"thumbnailUrl":"http:\/\/www.fjala.info\/2012\/arben_manaj.jpg","articleSection":["Artikuj"],"inLanguage":"sq-AL","potentialAction":[{"@type":"CommentAction","name":"Comment","target":["https:\/\/fjala.info\/2009-2015\/telendarku-i-shqiperise\/#respond"]}]},{"@type":"WebPage","@id":"https:\/\/fjala.info\/2009-2015\/telendarku-i-shqiperise\/","url":"https:\/\/fjala.info\/2009-2015\/telendarku-i-shqiperise\/","name":"Telendarku i Shqip\u00ebris\u00eb - FjALA e LIR\u00cb - Arkivi","isPartOf":{"@id":"https:\/\/fjala.info\/2009-2015\/#website"},"primaryImageOfPage":{"@id":"https:\/\/fjala.info\/2009-2015\/telendarku-i-shqiperise\/#primaryimage"},"image":{"@id":"https:\/\/fjala.info\/2009-2015\/telendarku-i-shqiperise\/#primaryimage"},"thumbnailUrl":"http:\/\/www.fjala.info\/2012\/arben_manaj.jpg","datePublished":"2012-10-06T19:55:19+00:00","breadcrumb":{"@id":"https:\/\/fjala.info\/2009-2015\/telendarku-i-shqiperise\/#breadcrumb"},"inLanguage":"sq-AL","potentialAction":[{"@type":"ReadAction","target":["https:\/\/fjala.info\/2009-2015\/telendarku-i-shqiperise\/"]}]},{"@type":"ImageObject","inLanguage":"sq-AL","@id":"https:\/\/fjala.info\/2009-2015\/telendarku-i-shqiperise\/#primaryimage","url":"http:\/\/www.fjala.info\/2012\/arben_manaj.jpg","contentUrl":"http:\/\/www.fjala.info\/2012\/arben_manaj.jpg"},{"@type":"BreadcrumbList","@id":"https:\/\/fjala.info\/2009-2015\/telendarku-i-shqiperise\/#breadcrumb","itemListElement":[{"@type":"ListItem","position":1,"name":"Home","item":"https:\/\/fjala.info\/2009-2015\/"},{"@type":"ListItem","position":2,"name":"Telendarku i Shqip\u00ebris\u00eb"}]},{"@type":"WebSite","@id":"https:\/\/fjala.info\/2009-2015\/#website","url":"https:\/\/fjala.info\/2009-2015\/","name":"FjALA e LIR\u00cb - Arkivi","description":"Arkivi 2009-2015","publisher":{"@id":"https:\/\/fjala.info\/2009-2015\/#organization"},"potentialAction":[{"@type":"SearchAction","target":{"@type":"EntryPoint","urlTemplate":"https:\/\/fjala.info\/2009-2015\/?s={search_term_string}"},"query-input":{"@type":"PropertyValueSpecification","valueRequired":true,"valueName":"search_term_string"}}],"inLanguage":"sq-AL"},{"@type":"Organization","@id":"https:\/\/fjala.info\/2009-2015\/#organization","name":"FjALA e LIR\u00cb - Arkivi","url":"https:\/\/fjala.info\/2009-2015\/","logo":{"@type":"ImageObject","inLanguage":"sq-AL","@id":"https:\/\/fjala.info\/2009-2015\/#\/schema\/logo\/image\/","url":"","contentUrl":"","caption":"FjALA e LIR\u00cb - Arkivi"},"image":{"@id":"https:\/\/fjala.info\/2009-2015\/#\/schema\/logo\/image\/"}},{"@type":"Person","@id":"https:\/\/fjala.info\/2009-2015\/#\/schema\/person\/3aa1163ef05469c496fc94e77611ada2","name":"admin","image":{"@type":"ImageObject","inLanguage":"sq-AL","@id":"https:\/\/fjala.info\/2009-2015\/wp-content\/uploads\/2012\/02\/arben_cokaj-120x150.jpg","url":"https:\/\/fjala.info\/2009-2015\/wp-content\/uploads\/2012\/02\/arben_cokaj-120x150.jpg","contentUrl":"https:\/\/fjala.info\/2009-2015\/wp-content\/uploads\/2012\/02\/arben_cokaj-120x150.jpg","caption":"admin"},"description":"Admin, Fjala e Lir\u00eb","sameAs":["https:\/\/fjala.info\/"],"url":"https:\/\/fjala.info\/2009-2015\/author\/admin\/"}]}},"_links":{"self":[{"href":"https:\/\/fjala.info\/2009-2015\/wp-json\/wp\/v2\/posts\/5296","targetHints":{"allow":["GET"]}}],"collection":[{"href":"https:\/\/fjala.info\/2009-2015\/wp-json\/wp\/v2\/posts"}],"about":[{"href":"https:\/\/fjala.info\/2009-2015\/wp-json\/wp\/v2\/types\/post"}],"author":[{"embeddable":true,"href":"https:\/\/fjala.info\/2009-2015\/wp-json\/wp\/v2\/users\/1"}],"replies":[{"embeddable":true,"href":"https:\/\/fjala.info\/2009-2015\/wp-json\/wp\/v2\/comments?post=5296"}],"version-history":[{"count":0,"href":"https:\/\/fjala.info\/2009-2015\/wp-json\/wp\/v2\/posts\/5296\/revisions"}],"wp:attachment":[{"href":"https:\/\/fjala.info\/2009-2015\/wp-json\/wp\/v2\/media?parent=5296"}],"wp:term":[{"taxonomy":"category","embeddable":true,"href":"https:\/\/fjala.info\/2009-2015\/wp-json\/wp\/v2\/categories?post=5296"},{"taxonomy":"post_tag","embeddable":true,"href":"https:\/\/fjala.info\/2009-2015\/wp-json\/wp\/v2\/tags?post=5296"}],"curies":[{"name":"wp","href":"https:\/\/api.w.org\/{rel}","templated":true}]}}