{"id":5295,"date":"2013-12-08T10:38:29","date_gmt":"2013-12-08T09:38:29","guid":{"rendered":"http:\/\/fjala.info\/?p=5295"},"modified":"2013-12-08T10:38:29","modified_gmt":"2013-12-08T09:38:29","slug":"5295-2","status":"publish","type":"post","link":"https:\/\/fjala.info\/2009-2015\/5295-2\/","title":{"rendered":"Azein e vrau aleanca e fsheht\u00eb PS-PD"},"content":{"rendered":"<p><img decoding=\"async\" class=\"alignleft size-thumbnail wp-image-7236\" title=\"Busti i Azem Hajdarit\" alt=\"\" src=\"http:\/\/www.fjala.info\/2013\/busti_azemit.jpg\" width=\"300\" \/> <strong>Zef Ndreka<\/strong><br \/>\nINTERVIST\u00cb \/ Ish-truproja i Azem Hajdarit i arratisur nga Shqip\u00ebria, rr\u00ebfehet n\u00eb Kosov\u00eb: \u201c<strong>Haklajt nuk erdh\u00ebn n\u00eb Tiran\u00eb p\u00ebr Azem Hajdarin<\/strong>\u201d.<\/p>\n<p><strong><em>Marjan Gryka, njeriu m\u00eb i af\u00ebrt i Hajdarit deri dit\u00ebn e vrasjes rr\u00ebfen p\u00ebr her\u00eb t\u00eb par\u00eb \u00e7far\u00eb ndodhi dit\u00ebt para vrasjes dhe mbr\u00ebmjen e vrasjes s\u00eb Hajdarit. Telefonata e Genc Pollos, roli I Tritan Shehut, \u00e7far\u00eb I ka th\u00ebn\u00eb Berisha n\u00eb konfidenc\u00eb p\u00ebr Hajdarin, kaseta e bised\u00ebs mes atentator\u00ebve dhe Hajdarit q\u00eb ruhet edhe sot nga Berisha, \u00e7far\u00eb u tha pronar\u00ebve t\u00eb ish-Turizmit n\u00eb Fier, prej ku Hajdari u thirr t\u00eb nisej p\u00ebr Tiran\u00eb, dhe \u00e7far\u00eb tha Hajdari vet\u00eb gjat\u00eb rrug\u00ebs\u2026 Fjal\u00ebt e atentator\u00ebve: Po ky budalla pse erdhi\u201d.. Nj\u00eb d\u00ebshmi trondit\u00ebse p\u00ebr raportin real Berisha-Hajdari\u2026<\/em><\/strong><\/p>\n<p style=\"text-align: center;\">* * *<\/p>\n<p>Marjan Gryka \u00ebsht\u00eb nj\u00eb ish-truproj\u00eb e deputetit t\u00eb vrar\u00eb Azem Hajdari dhe njeriu m\u00eb besnik i tij p\u00ebr shum\u00eb vite. N\u00eb vitin 2008 ai u plagos n\u00eb Shkod\u00ebr, por policia tha se e kishte kryer vet\u00eb plagosjen. Tashm\u00eb ai jeton jasht\u00eb vendit. N\u00eb nj\u00eb intervist\u00eb t\u00eb gjat\u00eb p\u00ebr radion kosovare \u201cZ\u00ebri i Mitrovic\u00ebs\u201d disa dit\u00eb m\u00eb par\u00eb, ai ka dh\u00ebn\u00eb nj\u00eb d\u00ebshmi t\u00eb fort\u00eb mes p\u00ebrplasjeve t\u00eb hershme t\u00eb Berish\u00ebs dhe Hajdarit, si dhe momenteve t\u00eb err\u00ebta t\u00eb komplotit p\u00ebr vrasjen e Hajdarit. Gryka nuk ka dyshime se ka qen\u00eb Berisha ai q\u00eb ishte i interesuar n\u00eb vrasjen e Azemit, madje ish-truproja qart\u00ebson dhe takimin e Azemit me Muharrem Haklajn 10 dit\u00eb para vrasjes.<\/p>\n<p>Ai k\u00ebmb\u00ebngul se Fatmir Haklaj kishte shkuar n\u00eb Tiran\u00eb p\u00ebr t\u00eb vrar\u00eb Berish\u00ebn, por vet\u00eb Berisha thirri Azemin me urgjenc\u00eb q\u00eb t\u00eb p\u00ebrplasej me Fatmir Haklajn. Gryka flet edhe p\u00ebr nj\u00eb telefonat\u00eb t\u00eb Genc Pollos ku i k\u00ebrkoi Azemit t\u00eb kthehej me urgjenc\u00eb n\u00eb Tiran\u00eb, nd\u00ebrsa deputeti ndodhej n\u00eb Fier n\u00eb nj\u00eb miting elektoral. Sipas ish-truproj\u00ebs Berish\u00ebs i interesonte eliminimi i Azemit edhe p\u00ebr faktin se popullariteti i Hajdarit e kishte eklipsuar ndikimin e Berish\u00ebs mes demokrat\u00ebve. Gazeta \u201cDITA\u201d boton sot me shkurtime k\u00ebt\u00eb d\u00ebshmi t\u00eb Gryk\u00ebs p\u00ebr radion kosovare.<br \/>\nP\u00ebrsh\u00ebndetje Marjan ju keni qen\u00eb truproj\u00eb e Azem Hajdarit, p\u00ebr t\u00eb gjith\u00eb d\u00ebgjuesit e Radio Mitrovic\u00ebs, ju lutem b\u00ebni nj\u00eb p\u00ebrshkrim t\u00eb shkurt\u00ebr t\u00eb s\u00eb kaluar\u00ebs tuaj\u2026<\/p>\n<p>Un\u00eb jam nj\u00eb djal\u00eb Shkodre, aktiviteti im nisi n\u00eb 2 Prillin e famsh\u00ebm t\u00eb vitit 1991, ku at\u00ebher\u00eb n\u00eb protest\u00eb edhe jam plagosur. M\u00eb pas kam vazhduar t\u00eb jem aktiv n\u00eb l\u00ebvizjen antikomuniste, por mesa duket gjaku jon\u00eb vet\u00ebm u p\u00ebrdor. Desha t\u00eb kujtoj k\u00ebtu q\u00eb n\u00eb ngjarjen e 2 Prillit n\u00eb Shkod\u00ebr, me erdhi dikush n\u00eb spital, dikush q\u00eb nuk e kisha par\u00eb ndonj\u00ebher\u00eb. Ai ishte Azem Hajdari. Mu afrua n\u00eb spital dhe m\u00eb tha: \u201c\u00c7ohu burr se ske kurrgj\u00eb\u201d. Un\u00eb me nj\u00eb buz\u00ebqeshje e pyeta se kush ishte. T\u00eb gjith\u00eb t\u00eb pranishmit aty m\u00eb than\u00eb \u201cMario ky \u00ebsht\u00eb Azem Hajdari\u201d.<\/p>\n<p>P\u00ebr t&#8217;i r\u00ebn\u00eb shkurt ato dit\u00eb na lidh\u00ebn sepse kishim nj\u00eb ideal dhe nj\u00eb zotim p\u00ebr t\u00eb luftuar p\u00ebr dit\u00eb m\u00eb t\u00eb mira dhe kund\u00ebr atyre q\u00eb burgos\u00ebn familjet tona. At\u00eb dit\u00eb jam njohur p\u00ebr her\u00eb t\u00eb par\u00eb me Azemin dhe pas saj un\u00eb, me k\u00ebrkes\u00ebn e zotit Hajdari ika n\u00eb Tiran\u00eb. Aty e kisha shum\u00eb t\u00eb v\u00ebshtir\u00eb t\u00eb ambientohesha. Azemi filloi t\u00eb b\u00ebhet idhulli im. Un\u00eb fillova pun\u00eb si efektiv i Gard\u00ebs s\u00eb Republik\u00ebs dhe truproj\u00eb personale e Azem Hajdarit. N\u00eb k\u00ebt\u00eb koh\u00eb u dekorova \u201cPishtar i Demokracis\u00eb\u201d nga Presidenti i asaj kohe Sali Berisha. Azem Hajdari u vra p\u00ebr liri, por kurr\u00eb se g\u00ebzoi lirin\u00eb. Jeta me Azem Hajdarin ka qen\u00eb nj\u00eb betej\u00eb e ashp\u00ebr.<\/p>\n<p>Kujtuam se e rr\u00ebzuam komunizmin, por ai p\u00ebrkundrazi pas viteve 90\u2019, pra me qeverin\u00eb e par\u00eb t\u00eb PD-s\u00eb, na u v\u00ebrsul dhe na sulmoi m\u00eb shum\u00eb se kurr\u00eb. Azem Hajdari nuk pranonte kompromise kund\u00ebr atdheut. Beteja jon\u00eb u fokusua brenda Partis\u00eb Demokratike, sepse Azemi n\u00eb fjalimet e tij kritikonte drejtuesit e PD-s\u00eb.<\/p>\n<p><strong>Cilat ishin prapaskenat e p\u00ebrplasjeve mes Berish\u00ebs dhe Hajdarit n\u00eb vitet 90-t\u00eb?<\/strong><br \/>\nMendoj se kur Berisha ishte president, ishte nj\u00eb dikush me tre poste, q\u00eb Berisha e komandonte q\u00eb dhe l\u00ebvizte gur\u00ebt kund\u00ebr Azem Hajdarit. Ky njeri ishte Tritan Shehu, ishte Zv. Kryeminist\u00ebr, Minist\u00ebr i Jasht\u00ebm dhe kryetar i PD-s\u00eb. Lufta e tij me urdhrat e Sali Berish\u00ebs ishte shum\u00eb e ashp\u00ebr. Dua t\u2019iu tregoj nj\u00eb fakt. Sapo u \u00e7ova nj\u00eb m\u00ebngjes nga gjumi, (un\u00eb jetoja n\u00eb sht\u00ebpin\u00eb e Azemit), m\u00eb thirri n\u00eb dhom\u00ebn e tij po pinim kafe e m\u00eb tha: \u201cMario sot kemi nj\u00eb betej\u00eb, kemi mbledhjen e kryesis\u00eb s\u00eb PD-s\u00eb, \u00ebsht\u00eb dh\u00ebn\u00eb urdh\u00ebr q\u00eb Azem Hajdari t\u00eb mos hyj\u00eb brenda, si do ia b\u00ebjm\u00eb?\u201d Pra lideri i dhjetorit dhe kryetari i par\u00eb i PD-s\u00eb nuk lejohej t\u00eb hynte n\u00eb mbledhjen e kryesis\u00eb s\u00eb PD-s\u00eb. Un\u00eb me nj\u00eb buz\u00ebqeshje i thash\u00eb: \u201cBac\u00eb ne do hyjm\u00eb gjithnj\u00eb aty ku njer\u00ebzit na duan\u201d. I hipim makin\u00ebs dhe pam\u00eb se Pallati i Kongreseve ishte rrethuar me 300 forca policie, q\u00eb Azem Hajdari t\u00eb mos hynte brenda. P\u00ebr ti r\u00ebn\u00eb shkurt, ne t\u00eb armatosur e \u00e7am\u00eb postbllokun dhe e fut\u00ebm Azem Hajdarin n\u00eb sall\u00eb.<\/p>\n<p>Byroja politike akoma nuk kishte arritur n\u00eb sall\u00eb. Pasi hym\u00eb n\u00eb sall\u00eb gjeta ca lepuj t\u00eb Partis\u00eb Demokratike q\u00eb ishin rreshtuar n\u00eb rreshtat e par\u00eb e po prisnin byron\u00eb. Nj\u00ebrin prej tyre e kapa, e \u00e7ova me dhun\u00eb dhe aty ula Azemin. Pastaj shkova e kontrollova n\u00ebse ishte parashikuar n\u00eb protokoll q\u00eb t\u00eb fliste dhe Azem Hajdari. Normalisht nuk ishte parashikuar. Me mjete \u201cdemokratike\u201d e sh\u00ebnuam q\u00eb Azemi do merrte fjal\u00ebn i treti. Pas 12 minutash mb\u00ebrriti byroja, me nj\u00eb pamje si t\u00eb Adil \u00c7ar\u00e7anit me shok\u00eb, ku mb\u00ebrriti Tritan Shehu me ish-sigurimsat, pastaj mb\u00ebrriti dhe Sali Berisha. Pasi fol\u00ebn dy kryetar\u00ebt e byros\u00eb, i treti e mori fjal\u00ebn Azem Hajdari, E b\u00ebra gjith\u00eb k\u00ebt\u00eb p\u00ebrshkrim p\u00ebr t\u2019iu treguar pjes\u00ebn e fjalimit t\u00eb Azemit.<\/p>\n<p>Azemi iu tha: \u201cD\u00ebgjoni ju tavolin\u00eb e krekosur dhe e dhjamosur me nj\u00eb popull fukara dhe t\u00eb rr\u00ebnuar nga komunizmi. Un\u00eb jam Azem Hajdari, djali i Shpend Hajdarit. Baba im ka qen\u00eb komunist dhe un\u00eb e kam p\u00ebr nder q\u00eb jam i biri i tij. Por n\u00eb vitet 90\u2019 un\u00eb i rr\u00ebzova idealet e bab\u00ebs tim, e rr\u00ebzova Enverin. Por sot ka nj\u00eb fatkeq\u00ebsi komb\u00ebtare, q\u00eb ju i keni dhe vazhdoni ti keni ato ideale q\u00eb kishte baba im. Ky \u00ebsht\u00eb turp dhe tradhti komb\u00ebtare. Kjo nuk \u00ebsht\u00eb PD-ja q\u00eb populli donte ta kishte n\u00eb pushtet. Kjo \u00ebsht\u00eb nj\u00eb ngjallje dhe pasurim i komunizmit\u201d. M\u00eb pas salla u ndez dhe t\u00eb gjith\u00eb i puthnin duart Azemit. Kjo ishte goditja e par\u00eb agresive n\u00eb vitin 1994 n\u00eb Pallatin e Kongreseve.<\/p>\n<p><strong>Si mundi zoti Berisha t\u00eb akumuloj\u00eb aq shum\u00eb pushtet n\u00eb at\u00eb koh\u00eb sa t\u00eb flakte dhe Azem Hajdarin? Po ashtu doja t\u00eb dija n\u00ebse rikthimi i Azem Hajdarit n\u00eb PD u b\u00eb me d\u00ebshir\u00ebn e tij , apo pas k\u00ebmb\u00ebnguljes s\u00eb zotit Berisha?<\/strong><br \/>\nPara se t\u00eb vinin ngjarjet e vitit 1997, ne kishim mbi nj\u00eb vit e gjysm\u00eb pa fol me Sali Berish\u00ebn. N\u00eb vitin 1995 dhe diku nga fillimi i vitit 1996, Azem Hajdarit, i hiqet imuniteti i deputetit, shkarkohet nga Komisioni Parlamentar i Rendit dhe SHIK-ut, p\u00ebrjashtohet nga PD-ja. Un\u00eb u shkarkova si oficer i Gard\u00ebs. Mor\u00ebm zyra me qira pran\u00eb ish-kafe \u201c\u00c7aplin\u201d n\u00eb qend\u00ebr t\u00eb Tiran\u00ebs dhe kaluam me sindikatat. Pra, Berisha, si nj\u00eb diktator i ri, na shkarkoi n\u00eb distanc\u00eb. N\u00eb k\u00ebt\u00eb koh\u00eb Azem Hajdari, me bindje t\u00eb plot\u00eb, filloi organizimin e sindikatave t\u00eb pavarura p\u00ebr t\u00eb rr\u00ebzuar qeverin\u00eb Meksi.<\/p>\n<p>Pra lideri i dhjetorit ishte n\u00eb rrug\u00eb s\u00eb bashku me truproj\u00ebn e tij, me arm\u00eb n\u00eb brez por pa leje. Shteti jon\u00eb na ndiqte p\u00ebr t\u00eb na arrestuar. Pra jeta e liderit t\u00eb dhjetorit ishte n\u00eb rrezik, jeta ime nuk ishte problem fare. K\u00ebtu filloi beteja dhe lufta e ashp\u00ebr Berisha-Hajdari, ku SHIK-u i Gazidedes s\u00eb asaj kohe na p\u00ebrndiqte kudo, SHIK-u m\u00eb i f\u00eblliqur i t\u00eb gjitha koh\u00ebrave. Me qindra her\u00eb u p\u00ebrlesh\u00ebm me ta. Nj\u00eb nat\u00eb ata agjent\u00eb t\u00eb SHIK-ut kishin rrethuar sht\u00ebpin\u00eb e Azemit, \u00ebsht\u00eb turp ndoshta t\u00eb thuhet, por ne i mor\u00ebm peng dhe i \u00e7uam t\u00eb paarmatosur dhe i tham\u00eb Gazidedes: \u201cJu jeni turpi i kombit dhe tradhtia e kombit se sht\u00ebpia e Azem Hajdarit nuk ka nevoj\u00eb p\u00ebr rrethim\u201d.<\/p>\n<p>Duke u afruar viti 1997, Azemi shum\u00eb i m\u00ebrzitur d\u00ebgjonte lajmet p\u00ebr at\u00eb q\u00eb po ndodhte n\u00eb Shqip\u00ebri. Ishim n\u00eb \u201cRogner\u201d dhe sekretarja e Sali Berish\u00ebs e mori Azemin n\u00eb telefon e i k\u00ebrkoi ndihm\u00eb Azemit, sepse dhe Garda e Republik\u00ebs po ikte dhe po e linte Presidentin n\u00eb balt\u00eb. Azemi u mendua dhe pas disa k\u00ebrkesave ne shkuam n\u00eb Presidenc\u00eb. Berisha ishte b\u00ebr\u00eb si nj\u00eb kufom\u00eb, ishte p\u00ebr t\u00eb ardhur keq. Brenda n\u00eb Presidenc\u00eb gjet\u00ebm dhe Pjet\u00ebr Arbnorin, pas nj\u00eb bisede Azemi i tha Pjetrit: \u201cPjet\u00ebr, gjat\u00eb gjith\u00eb k\u00ebsaj kohe PD-ja e ka pas forc\u00ebn, si\u00e7 ke z\u00ebrin ti, prandaj boll ke fol\u201d. N\u00eb k\u00ebt\u00eb moment Berisha k\u00ebrkoi q\u00eb Azemi, ta mb\u00ebshteste, e un\u00eb si oficer i tij t\u00eb merrja Gard\u00ebn e Republik\u00ebs.<\/p>\n<p>Ngjarjet k\u00ebshtu rrodh\u00ebn, u ashp\u00ebrsuan, t\u00eb gjitha deg\u00ebt e PD-s\u00eb n\u00eb rrethe k\u00ebrkonin dor\u00ebheqjen e Berish\u00ebs si President, p\u00ebrve\u00e7 Shkodr\u00ebs, ku un\u00eb isha an\u00ebtar i kryesis\u00eb. Nis\u00ebm po shkonim n\u00ebp\u00ebr takime me Presidentin q\u00eb nuk jepte dor\u00ebheqje dhe n\u00eb \u00e7do takim na vriteshin nga dy shok\u00eb. Asnj\u00eb nga k\u00ebta njer\u00ebz nuk u p\u00ebrmend nga Berisha. Shumica e tyre jan\u00eb mirditor\u00eb, por Sali Berisha, si ata ka harruar shum\u00eb t\u00eb tjer\u00eb. N\u00eb betej\u00ebn q\u00eb b\u00ebm\u00eb p\u00ebrs\u00ebri me Azemin, p\u00ebr ringjalljen e PD-s\u00eb, un\u00eb u arrestova nga ca lakenj t\u00eb PD-s\u00eb, u lirova p\u00ebrs\u00ebri dhe dy muaj para vrasjes s\u00eb Azemit m\u00eb arrestuan prap\u00eb. Nat\u00ebn q\u00eb \u00ebsht\u00eb vrar\u00eb Azem Hajdari kam qen\u00eb n\u00eb arrest sht\u00ebpie pavar\u00ebsisht se n\u00eb Shkod\u00ebr isha i lir\u00eb dhe gjith\u00eb dit\u00ebn te selia e PD-s\u00eb, por k\u00ebta ia arrit\u00ebn q\u00ebllimit dhe Azemin e lan\u00eb n\u00eb rrug\u00eb t\u00eb madhe. Pra deri te vrasja jan\u00eb k\u00ebto momente.<\/p>\n<p><strong>Azemi ka p\u00ebsuar shum\u00eb atentate. Sipas jush kishin nj\u00eb prapavij\u00eb politike k\u00ebto atentate?<\/strong><br \/>\nMendoj se eliminimi i Azem Hajdarit, duhej b\u00ebr\u00eb me \u00e7do kusht nga kjo klas\u00eb politike q\u00eb Azemi e rr\u00ebzoi n\u00eb vitin 90\u2019. E theksoj se n\u00eb \u00e7do atentat, se na jan\u00eb b\u00ebr\u00eb 9 atentate, ka pas dor\u00eb Partia Demokratike. Edhe dit\u00ebn e vrasjes. Partia Demokratike ka pas dor\u00eb n\u00eb vrasjen e Azem Hajdarit. Asnj\u00eb njeri nuk mund ta mohoj\u00eb k\u00ebt\u00eb, aq m\u00eb tep\u00ebr sot, pas shum\u00eb viteve ku nuk kan\u00eb l\u00ebn\u00eb goditje pa b\u00ebr\u00eb, jan\u00eb munduar t\u00eb eleminojn\u00eb \u00e7do njeri q\u00eb p\u00ebrmend Azem Hajdarin.<\/p>\n<p><strong>Zoti Gryka. N\u00eb mos gaboj dit\u00ebn e vrasjes, Azem Hajdari ka qen\u00eb n\u00eb nj\u00eb takim n\u00eb qytetin e Fierit. Mesa dim\u00eb ai \u00ebsht\u00eb thirrur n\u00eb telefon p\u00ebr t\u00eb ardhur me urgjenc\u00eb n\u00eb Tiran\u00eb, ku u vra m\u00eb pas posht\u00eb selis\u00eb s\u00eb PD-s\u00eb. P\u00ebrse u thirr me kaq urgjenc\u00eb Azemi? Ju e dini arsyen? Kishte ndonj\u00eb problem kardinal q\u00eb duhej t\u00eb kthehej me kaq urgjenc\u00eb?<\/strong><br \/>\nMendoj q\u00eb n\u00eb lidhje me vrasjen e shekullit, shqiptar\u00ebt n\u00eb 90 p\u00ebr qind n\u00eb ato \u00e7far\u00eb kan\u00eb d\u00ebgjuar dhe lexuar, jan\u00eb g\u00ebnjyer. Ngjarja \u00ebsht\u00eb krejt e qart\u00eb dhe krejt e shkurt\u00ebr p\u00ebr ta zbardhur, por skenar\u00ebt e klik\u00ebs dhe personazhet e dy partive me n\u00eb krye PD-n\u00eb nga skem\u00eb e kan\u00eb kthyer n\u00eb skenar p\u00ebr mos zbardhje. P\u00ebr shembull, kur Haklajt k\u00ebrkuan takim me Azem Hajdarin, ne e mor\u00ebm plakun e Haklajve dhe e \u00e7uam n\u00eb zyr\u00eb. Un\u00eb jam d\u00ebshmitar i k\u00ebsaj. Gjith\u00eb bised\u00ebn q\u00eb Azemi b\u00ebri me plakun e Haklajve, Azemi e incizoi dhe ja dha kaset\u00ebn plakut n\u00eb dor\u00eb dhe i tha: \u201cBac, merre k\u00ebt\u00eb kaset\u00eb dhe \u00e7oja djemve t\u00eb tu, p\u00ebr \u00e7far\u00eb biseduam. Sepse ato hilen\u00eb e kan\u00eb tjet\u00ebrkund dhe jo te Azem Hajdari\u201d. Fjal\u00ebn e kishte p\u00ebr Sali Berish\u00ebn.<\/p>\n<p>N\u00eb k\u00ebt\u00eb koh\u00eb, dit\u00ebn q\u00eb \u00ebsht\u00eb rrethuar PD-ja, pra gjoja p\u00ebr t\u00eb vrar\u00eb Azem Hajdarin, sepse Haklajt nuk kan\u00eb ardhur p\u00ebr t\u00eb vrar\u00eb Azem Hajdarin. Haklajt e kan\u00eb deklaruar, e kan\u00eb ri-deklaruar madje e kan\u00eb k\u00ebrkuar dhe n\u00eb gjyq Sali Berish\u00ebn. Sepse ata kan\u00eb ardhur me vra Sali Berish\u00ebn dhe jo Azem Hajdarin. Sepse e dinte gjith\u00eb Shqip\u00ebria q\u00eb Azemi ishte n\u00eb miting n\u00eb Fier dhe po t\u00eb donin vras\u00ebsit mund t\u00eb b\u00ebnin prita kudo, nga Fieri n\u00eb Tiran\u00eb. Por nuk kishin ardhur p\u00ebr Azem Hajdarin. Por skenarist\u00ebt e PD-s\u00eb e telefonuan Azemin se me porosi t\u00eb doktorit duhej t\u00eb vinte urgjent n\u00eb Tiran\u00eb, pasi kishte nj\u00eb mbledhje kryesie. Un\u00eb fola me t\u00eb dhe i thash\u00eb, madje iu thash\u00eb edhe \u00e7unave t\u00eb Fierit, \u00e7unat q\u00eb jan\u00eb sot pronar\u00ebt e turizmit, jan\u00eb sot d\u00ebshmitar\u00eb t\u00eb gjith\u00eb. \u201c<em>Mos e lini Azemin me l\u00ebviz\u00eb<\/em>\u201d.<\/p>\n<p>Sepse kishte di\u00e7ka q\u00eb dihej, q\u00eb po k\u00ebrkohej eliminimi i Azemit e po diskutohej kjo gj\u00eb kudo. Sepse kishte nj\u00eb fakt, e djathta shqiptare po shkonte pas Azemit dhe jo m\u00eb pas Sali Berish\u00ebs. Edhe kur fola me Azemin i thash\u00eb mos l\u00ebviz, m\u00eb tha do t\u00eb marr p\u00ebr 20 minuta do t\u00eb tregoj. I thash\u00eb q\u00eb mbledhja e tyre nuk ka m\u00eb r\u00ebnd\u00ebsi, por r\u00ebnd\u00ebsi ka PD-ja e re q\u00eb do b\u00ebjm\u00eb ne, jo PD-ja q\u00eb na \u00e7oi k\u00ebtu. Pra vras\u00ebsit kishin rrethuar PD-n\u00eb dhe Azemi ndodhej n\u00eb Fier. Si ka mund\u00ebsi q\u00eb vras\u00ebsit kishin rrethuar selin\u00eb e PD-s\u00eb p\u00ebr t\u00eb vrar\u00eb Azemin, nd\u00ebrsa Azemi ndodhej n\u00eb Fier? Pra vras\u00ebsit kishin ardhur p\u00ebr Sali Berish\u00ebn. Sepse plaku i Haklajve u sqarua me Azem Hajdarin.<\/p>\n<p>At\u00ebher\u00eb, pse u thirr me urgjenc\u00eb p\u00ebr nj\u00eb mbledhje kryesie q\u00eb nuk u b\u00eb kurr\u00eb? Njeriu q\u00eb e ka marr\u00eb n\u00eb telefon Azem Hajdarin \u00ebsht\u00eb Genc Pollo, kjo dihet. Tabulatet e telefonatave i ka ditur dhe ish-drejtori i AMC-s\u00eb q\u00eb tani nuk dihet se ku \u00ebsht\u00eb. At\u00ebher\u00eb pyetja \u00ebsht\u00eb krejt e thjesht\u00eb: P\u00ebr \u00e7far\u00eb duhej t\u00eb vinte se s\u2019b\u00ebn te PD-ja Azem Hajdari? Pasi u nis Azemi nga Fieri, ne shok\u00ebt e tij jemi replikuar me t\u00eb, pasi na thonte se ka doktori nj\u00eb hall. Kur mb\u00ebrriti Azemi te PD-ja t\u00eb gjith\u00eb u habit\u00ebn. Edhe vras\u00ebsit u habit\u00ebn, se e kan\u00eb deklaruar vet\u00eb. Kan\u00eb th\u00ebn\u00eb: \u201c\u00c7far\u00eb do ky budallai k\u00ebtu?\u201d.<\/p>\n<p>Kur ka hyr\u00eb Azemi n\u00eb PD, PD-ja ishte nj\u00eb kufom\u00eb e gjall\u00eb, nuk kishte asnj\u00eb njeri. N\u00eb korridor ka dal\u00eb Pollo me tre vet\u00eb t\u00eb armatosur, ishin tropojan\u00eb. Kan\u00eb takuar Azem Hajdarin dhe pas k\u00ebsaj kan\u00eb kaluar tre minuta, Azemi ka dal\u00eb dhe ka komunikuar gjoja me ata q\u00eb kishin ardhur t\u00eb vrisnin Azem Hajdarin. Por e p\u00ebrs\u00ebris, kur erdhi Azemi nga Fieri vras\u00ebsit ishin aty, nuk kishin nevoj\u00eb ta linin t\u00eb futej brenda. P\u00ebrse nuk e godit\u00ebn? Absolutisht nuk kan\u00eb patur pun\u00eb me Azem Hajdarin. Por Azemi, nga sedra, burrnia, e qit\u00ebn t\u00eb komunikoj\u00eb me vras\u00ebsit e Sali Berish\u00ebs. Doli dhe u p\u00ebrlesh me ta sepse dihet se \u00e7far\u00eb bisede \u00ebsht\u00eb b\u00ebr\u00eb.<\/p>\n<p>Ata i k\u00ebrkuan q\u00eb t\u00eb largohet duke i th\u00ebn\u00eb: \u201c\u00c7far\u00eb do ti budalla k\u00ebtu\u201d? N\u00eb krye t\u00eb tyre ishte oficeri i Sali Berish\u00ebs, Izet Haxhia. Pra, k\u00ebtu ndodhi fatkeq\u00ebsia, me tradhti 100% nga PD-ja, e iniciuar dhe e organizuar dhe e miratuar nga dy tre persona politik\u00eb nga e majta. Sepse at\u00ebher\u00eb ishte e majta n\u00eb qeveri dhe vras\u00ebsit ishin shefa komisariatesh, drejtor\u00eb policie etj. Pas vrasje, disa prej vras\u00ebsve kan\u00eb ikur n\u00eb Ministrin\u00eb e Brendshme disa t\u00eb tjer\u00eb kan\u00eb ikur n\u00eb drejtim t\u00eb Kinostudios.<\/p>\n<p><strong>Nj\u00eb lexues na shkruan p\u00ebr ju: Zoti Gryka me \u00e7far\u00eb guximi dhe mbi \u00e7\u2019baz\u00eb akuzoni nj\u00eb kryeminist\u00ebr p\u00ebr k\u00ebt\u00eb ngjarje t\u00eb r\u00ebnd\u00eb, nd\u00ebrkoh\u00eb q\u00eb Berisha ka qen\u00eb mik i Azem Hajdarit dhe n\u00eb Kosov\u00eb konsiderohet si Sk\u00ebnderbeu i dyt\u00eb i shqiptar\u00ebve?<\/strong><br \/>\nJu d\u00ebgjova me v\u00ebmendje. Meqen\u00ebse u tha se Berisha ka qen\u00eb mik i Azem Hajdarit, dua t\u00eb them se miqt\u00eb e Azemit kan\u00eb qen\u00eb t\u00eb shumt\u00eb, nga t\u00eb gjitha trevat shqiptare. K\u00ebtu flasim jo p\u00ebr miqt\u00eb po p\u00ebr miq-kryearmiq. N\u00ebse un\u00eb sot flas p\u00ebr nj\u00eb kryeminist\u00ebr, deri dje kam folur edhe p\u00ebr nj\u00eb shef opozite, ku e kam akuzuar direkt. I jam drejtuar nj\u00ebher\u00eb me 25 pyetje, pastaj m\u00eb von\u00eb me 50 pyetje. Ai \u00ebsht\u00eb kryeminist\u00ebr, un\u00eb jam President i P\u00ebrgjithsh\u00ebm i shoqat\u00ebs mbar\u00ebkomb\u00ebtare \u201cAzem Hajdari\u201d. Nuk kam nguruar asnj\u00ebher\u00eb t\u2019ia them n\u00eb sy at\u00eb q\u00eb kam menduar.<\/p>\n<p>Nuk kam pranuar kurr\u00eb propozimet e tij p\u00ebr karrige. Nuk kam pranuar kurr\u00eb t\u2019ia them gj\u00ebrat nga nj\u00eb i dyt\u00eb apo i tret\u00eb. Ja kam th\u00ebn\u00eb n\u00eb sy, sepse kam qen\u00eb jam dhe do jem i bindur p\u00ebr rihapjen e \u00e7\u00ebshtjes \u201cHajdari\u201d. Meqen\u00ebse k\u00ebrkuat fakte desha t\u00eb them se Berisha ka akuzuar vet\u00eb 10 minuta pas vrasjes organizator\u00ebt kryesor\u00eb t\u00eb vrasjes, Fatos Nanon dhe Sk\u00ebnder Gjinushin. Akuzoi dhe njeriun specifik organizator, n\u00eb komplot me k\u00ebta t\u00eb dy, kreun e SHISH Fatos Klosin. Tha q\u00eb k\u00ebta jan\u00eb vras\u00ebsit e Azem Hajdarit. Ligji thot\u00eb se edhe n\u00eb gazet\u00eb po doli nj\u00eb fakt i v\u00ebrtet\u00eb prokuroria duhet t\u00eb nis\u00eb hetimin. Mir\u00ebpo ky kryeminist\u00ebr i sot\u00ebm, u thirr 10 her\u00eb para drejt\u00ebsis\u00eb t\u00eb deklaronte vras\u00ebsit e Azem Hajdarit p\u00ebr t\u00eb gjitha ato q\u00eb kishte deklaruar.<\/p>\n<p>Nuk shkoi asnj\u00ebher\u00eb. T\u00eb tjer\u00ebve u tha shkoni, nd\u00ebrsa drejt\u00ebsia p\u00ebr k\u00ebt\u00eb zotni nuk ka ekzistuar kurr\u00eb. Aq m\u00eb tep\u00ebr, meqen\u00ebse gjoja ka qen\u00eb miku i tij duhet t\u00eb ishte pas der\u00ebs s\u00eb gjykat\u00ebs p\u00ebr t\u00eb dh\u00ebn\u00eb d\u00ebshmin\u00eb e tij. Jo vet\u00ebm q\u00eb nuk e b\u00ebri, por pas nj\u00eb marr\u00ebveshje edhe me shoqat\u00ebn \u201cAzem Hajdari\u201d, e me shum\u00eb t\u00eb tjer\u00eb deklaroi se do hapte \u00e7\u00ebshtjen n\u00ebse n\u00eb 2005 do fitonte zgjedhjet. Jemi n\u00eb vitin 2013 dhe Azem Hajdari jo vet\u00ebm q\u00eb \u00ebsht\u00eb l\u00ebn\u00eb n\u00eb harres\u00eb por vazhdon e vritet \u00e7do dit\u00eb. Desha t\u00eb them n\u00eb lidhje me vrasjen, jan\u00eb dy faktor\u00eb krejt t\u00eb thjesht\u00eb kur dy njer\u00ebz arrestohen nga policia e Gramshit p\u00ebr trafik arm\u00ebsh.<\/p>\n<p>N\u00eb k\u00ebto momente, pasi arrestohen t\u00eb dy, Fatos Klosi shkon i takon, bised\u00ebn e di vet\u00ebm ai, e p\u00ebr k\u00ebt\u00eb ka nj\u00eb deklarat\u00eb shum\u00eb t\u00eb fuqishme t\u00eb ish-prokurorit t\u00eb k\u00ebsaj \u00e7\u00ebshtje. Ai thot\u00eb, se dosja nr 106, q\u00eb \u00ebsht\u00eb dosja e dy t\u00eb hetuarve p\u00ebr trafik arm\u00ebsh e iniciuar nga Fatos Klosi dhe me nj\u00eb nd\u00ebrhyrje nga Thimio Kondi, minist\u00ebr i Drejt\u00ebsis\u00eb s\u00eb asaj kohe. Ky prokuror ka takuar kat\u00ebr her\u00eb Sali Berish\u00ebn dhe i ka d\u00ebshmuar shum\u00eb gj\u00ebra duke pasur besim se ky \u00ebsht\u00eb miku i Azemit, por deri m\u00eb sot Berisha nuk e ka hapur goj\u00ebn. Truproja i Azemit, Neza, sot \u00ebsht\u00eb n\u00eb azil politik. Ai i ka deklaruar Sali Berish\u00ebs dhe Ylli Rakipit me kaset\u00eb i regjistruar p\u00ebr konfliktin me arm\u00eb dhe debatet me Azemit n\u00eb momentet para vrasjes. At\u00eb kaset\u00eb e ka ende sot Sali Berisha.<\/p>\n<p>Ku \u00ebsht\u00eb pse nuk e dor\u00ebzon kaset\u00ebn? Sot, ky mik i madh i Azemit, q\u00eb i ka b\u00ebr\u00eb qindra sulme, merr k\u00ebshilltar t\u00eb tij Neritan Cek\u00ebn, njeriun q\u00eb na b\u00ebri 7 atentate kur ishte minist\u00ebr i Rendit. Merr minist\u00ebr t\u00eb Mbrojtjes Arben Imamin, gjenerali i bandave t\u00eb 97-\u00ebs. Pra, t\u00eb gjith\u00eb organizator\u00ebt, atentator\u00ebt e Azem Hajdarit jan\u00eb n\u00eb kolltuk\u00ebt politike, drejt\u00ebsia nuk ekziston sepse vet\u00eb k\u00ebta pushtetar\u00eb e kan\u00eb vrar\u00eb drejt\u00ebsin\u00eb. Po t\u00eb duan me nj\u00eb k\u00ebrkes\u00eb nga prokuroria gjyqin e rihap Gjykata e Lart\u00eb dhe Sali Berisha thirret si d\u00ebshmitar ky\u00e7 i \u00e7\u00ebshtjes. P\u00ebr t\u00eb than\u00eb shum\u00eb gj\u00ebra q\u00eb i mban t\u00eb fshehura se ka frik\u00eb nga e v\u00ebrteta.<\/p>\n<p><strong>Ju mendoni se Azem Hajdarin e ka vrar\u00eb kompromisi PS-PD?<\/strong><br \/>\nK\u00ebt\u00eb se luan as topi, si\u00e7 e thash\u00eb edhe m\u00eb par\u00eb, ka pasur kompromis PD-PS p\u00ebr eliminimin e tij. Azem Hajdari ka qen\u00eb kryetari i par\u00eb i Partis\u00eb Demokratike, q\u00eb aty konjukturat e pseudonimit \u201cPenicilina\u201d, q\u00eb \u00ebsht\u00eb pseudonimi q\u00eb kishte Berisha n\u00eb sigurimin e shtetit. Lufta q\u00eb i kan\u00eb b\u00ebr\u00eb t\u00eb dy krah\u00ebt Azem Hajdarit. Ka patur dhe incidentin kur u plagos n\u00eb parlament nga Gafurr Mazreku, deputeti i PS-s\u00eb, t\u00eb cilin e fryn\u00eb k\u00ebto konjuktura kund\u00ebr Azemit. Mir\u00ebpo kur v\u00ebllez\u00ebrit e Gafurrit erdh\u00ebn n\u00eb sht\u00ebpin\u00eb e Azemit, Azemi u deklaroi q\u00eb Hajdar\u00ebt nuk kan\u00eb gjak me Mazrek\u00ebt. Ndaj dhe ky atentat nuk ra n\u00eb kurthin PS-PD p\u00ebr ta shnd\u00ebrruar n\u00eb nj\u00eb \u00e7\u00ebshtje kanunore p\u00ebrplasjen e tyre.<\/p>\n<p>Ashtu si\u00e7 jan\u00eb munduar ta kthejn\u00eb vrasjen e shekullit n\u00eb kanunore e trafik arm\u00ebsh. Po t\u00eb pyes un\u00eb ty si gazetar, n\u00ebse do ishte Azemi gjall\u00eb sot a do kishte p\u00ebrfunduar PD-ja te Xhuveli e deri te \u00c7iljeta me k\u00ebng\u00ebt e saj? Ajo \u00ebsht\u00eb nj\u00eb parti ku bij n\u00ebnash jan\u00eb vrar\u00eb p\u00ebr nj\u00eb jet\u00eb m\u00eb t\u00eb mir\u00eb n\u00eb Shqip\u00ebri. Sot ka nj\u00eb t\u00eb v\u00ebrtet\u00eb, asnj\u00eb dit\u00eb demokracie nuk ka pasur Shqip\u00ebria. Sot ka nj\u00eb t\u00eb v\u00ebrtet\u00eb, jemi i vetmi vend n\u00eb Evrop\u00eb, q\u00eb trajtohemi si t\u00eb hipotekuar nga k\u00ebto figura komuniste. Jemi i vetmi vend n\u00eb Evrop\u00eb q\u00eb na duhet t\u00eb rr\u00ebzojm\u00eb komunizmin p\u00ebr her\u00eb t\u00eb dyt\u00eb.<\/p>\n<p><em>Intervistoje per Radio Mitrovicen<\/em><br \/>\n<strong>Gjin Musa<\/strong><\/p>\n","protected":false},"excerpt":{"rendered":"<p>Zef Ndreka INTERVIST\u00cb \/ Ish-truproja i Azem Hajdarit i arratisur nga Shqip\u00ebria, rr\u00ebfehet n\u00eb Kosov\u00eb: \u201cHaklajt nuk erdh\u00ebn n\u00eb Tiran\u00eb p\u00ebr Azem Hajdarin\u201d. Marjan Gryka, njeriu m\u00eb i af\u00ebrt i Hajdarit deri dit\u00ebn e vrasjes rr\u00ebfen p\u00ebr her\u00eb t\u00eb par\u00eb \u00e7far\u00eb ndodhi dit\u00ebt para vrasjes dhe mbr\u00ebmjen e vrasjes s\u00eb Hajdarit. Telefonata e Genc Pollos, [&hellip;]<\/p>\n","protected":false},"author":1,"featured_media":0,"comment_status":"open","ping_status":"closed","sticky":false,"template":"","format":"standard","meta":{"footnotes":""},"categories":[2,4],"tags":[],"class_list":{"0":"post-5295","1":"post","2":"type-post","3":"status-publish","4":"format-standard","6":"category-artikuj","7":"category-intervista"},"yoast_head":"<!-- This site is optimized with the Yoast SEO plugin v27.4 - https:\/\/yoast.com\/product\/yoast-seo-wordpress\/ -->\n<title>Azein e vrau aleanca e fsheht\u00eb PS-PD - FjALA e LIR\u00cb - Arkivi<\/title>\n<meta name=\"robots\" content=\"index, follow, max-snippet:-1, max-image-preview:large, max-video-preview:-1\" \/>\n<link rel=\"canonical\" href=\"https:\/\/fjala.info\/2009-2015\/5295-2\/\" \/>\n<meta property=\"og:locale\" content=\"sq_AL\" \/>\n<meta property=\"og:type\" content=\"article\" \/>\n<meta property=\"og:title\" content=\"Azein e vrau aleanca e fsheht\u00eb PS-PD - FjALA e LIR\u00cb - Arkivi\" \/>\n<meta property=\"og:description\" content=\"Zef Ndreka INTERVIST\u00cb \/ Ish-truproja i Azem Hajdarit i arratisur nga Shqip\u00ebria, rr\u00ebfehet n\u00eb Kosov\u00eb: \u201cHaklajt nuk erdh\u00ebn n\u00eb Tiran\u00eb p\u00ebr Azem Hajdarin\u201d. Marjan Gryka, njeriu m\u00eb i af\u00ebrt i Hajdarit deri dit\u00ebn e vrasjes rr\u00ebfen p\u00ebr her\u00eb t\u00eb par\u00eb \u00e7far\u00eb ndodhi dit\u00ebt para vrasjes dhe mbr\u00ebmjen e vrasjes s\u00eb Hajdarit. Telefonata e Genc Pollos, [&hellip;]\" \/>\n<meta property=\"og:url\" content=\"https:\/\/fjala.info\/2009-2015\/5295-2\/\" \/>\n<meta property=\"og:site_name\" content=\"FjALA e LIR\u00cb - Arkivi\" \/>\n<meta property=\"article:published_time\" content=\"2013-12-08T09:38:29+00:00\" \/>\n<meta property=\"og:image\" content=\"http:\/\/www.fjala.info\/2013\/busti_azemit.jpg\" \/>\n<meta name=\"author\" content=\"admin\" \/>\n<meta name=\"twitter:card\" content=\"summary_large_image\" \/>\n<meta name=\"twitter:label1\" content=\"Written by\" \/>\n\t<meta name=\"twitter:data1\" content=\"admin\" \/>\n\t<meta name=\"twitter:label2\" content=\"Est. reading time\" \/>\n\t<meta name=\"twitter:data2\" content=\"19 minutes\" \/>\n<script type=\"application\/ld+json\" class=\"yoast-schema-graph\">{\"@context\":\"https:\\\/\\\/schema.org\",\"@graph\":[{\"@type\":\"Article\",\"@id\":\"https:\\\/\\\/fjala.info\\\/2009-2015\\\/5295-2\\\/#article\",\"isPartOf\":{\"@id\":\"https:\\\/\\\/fjala.info\\\/2009-2015\\\/5295-2\\\/\"},\"author\":{\"name\":\"admin\",\"@id\":\"https:\\\/\\\/fjala.info\\\/2009-2015\\\/#\\\/schema\\\/person\\\/3aa1163ef05469c496fc94e77611ada2\"},\"headline\":\"Azein e vrau aleanca e fsheht\u00eb PS-PD\",\"datePublished\":\"2013-12-08T09:38:29+00:00\",\"mainEntityOfPage\":{\"@id\":\"https:\\\/\\\/fjala.info\\\/2009-2015\\\/5295-2\\\/\"},\"wordCount\":3791,\"commentCount\":0,\"publisher\":{\"@id\":\"https:\\\/\\\/fjala.info\\\/2009-2015\\\/#organization\"},\"image\":{\"@id\":\"https:\\\/\\\/fjala.info\\\/2009-2015\\\/5295-2\\\/#primaryimage\"},\"thumbnailUrl\":\"http:\\\/\\\/www.fjala.info\\\/2013\\\/busti_azemit.jpg\",\"articleSection\":[\"Artikuj\",\"Intervista\"],\"inLanguage\":\"sq-AL\",\"potentialAction\":[{\"@type\":\"CommentAction\",\"name\":\"Comment\",\"target\":[\"https:\\\/\\\/fjala.info\\\/2009-2015\\\/5295-2\\\/#respond\"]}]},{\"@type\":\"WebPage\",\"@id\":\"https:\\\/\\\/fjala.info\\\/2009-2015\\\/5295-2\\\/\",\"url\":\"https:\\\/\\\/fjala.info\\\/2009-2015\\\/5295-2\\\/\",\"name\":\"Azein e vrau aleanca e fsheht\u00eb PS-PD - FjALA e LIR\u00cb - Arkivi\",\"isPartOf\":{\"@id\":\"https:\\\/\\\/fjala.info\\\/2009-2015\\\/#website\"},\"primaryImageOfPage\":{\"@id\":\"https:\\\/\\\/fjala.info\\\/2009-2015\\\/5295-2\\\/#primaryimage\"},\"image\":{\"@id\":\"https:\\\/\\\/fjala.info\\\/2009-2015\\\/5295-2\\\/#primaryimage\"},\"thumbnailUrl\":\"http:\\\/\\\/www.fjala.info\\\/2013\\\/busti_azemit.jpg\",\"datePublished\":\"2013-12-08T09:38:29+00:00\",\"breadcrumb\":{\"@id\":\"https:\\\/\\\/fjala.info\\\/2009-2015\\\/5295-2\\\/#breadcrumb\"},\"inLanguage\":\"sq-AL\",\"potentialAction\":[{\"@type\":\"ReadAction\",\"target\":[\"https:\\\/\\\/fjala.info\\\/2009-2015\\\/5295-2\\\/\"]}]},{\"@type\":\"ImageObject\",\"inLanguage\":\"sq-AL\",\"@id\":\"https:\\\/\\\/fjala.info\\\/2009-2015\\\/5295-2\\\/#primaryimage\",\"url\":\"http:\\\/\\\/www.fjala.info\\\/2013\\\/busti_azemit.jpg\",\"contentUrl\":\"http:\\\/\\\/www.fjala.info\\\/2013\\\/busti_azemit.jpg\"},{\"@type\":\"BreadcrumbList\",\"@id\":\"https:\\\/\\\/fjala.info\\\/2009-2015\\\/5295-2\\\/#breadcrumb\",\"itemListElement\":[{\"@type\":\"ListItem\",\"position\":1,\"name\":\"Home\",\"item\":\"https:\\\/\\\/fjala.info\\\/2009-2015\\\/\"},{\"@type\":\"ListItem\",\"position\":2,\"name\":\"Azein e vrau aleanca e fsheht\u00eb PS-PD\"}]},{\"@type\":\"WebSite\",\"@id\":\"https:\\\/\\\/fjala.info\\\/2009-2015\\\/#website\",\"url\":\"https:\\\/\\\/fjala.info\\\/2009-2015\\\/\",\"name\":\"FjALA e LIR\u00cb - Arkivi\",\"description\":\"Arkivi 2009-2015\",\"publisher\":{\"@id\":\"https:\\\/\\\/fjala.info\\\/2009-2015\\\/#organization\"},\"potentialAction\":[{\"@type\":\"SearchAction\",\"target\":{\"@type\":\"EntryPoint\",\"urlTemplate\":\"https:\\\/\\\/fjala.info\\\/2009-2015\\\/?s={search_term_string}\"},\"query-input\":{\"@type\":\"PropertyValueSpecification\",\"valueRequired\":true,\"valueName\":\"search_term_string\"}}],\"inLanguage\":\"sq-AL\"},{\"@type\":\"Organization\",\"@id\":\"https:\\\/\\\/fjala.info\\\/2009-2015\\\/#organization\",\"name\":\"FjALA e LIR\u00cb - Arkivi\",\"url\":\"https:\\\/\\\/fjala.info\\\/2009-2015\\\/\",\"logo\":{\"@type\":\"ImageObject\",\"inLanguage\":\"sq-AL\",\"@id\":\"https:\\\/\\\/fjala.info\\\/2009-2015\\\/#\\\/schema\\\/logo\\\/image\\\/\",\"url\":\"\",\"contentUrl\":\"\",\"caption\":\"FjALA e LIR\u00cb - Arkivi\"},\"image\":{\"@id\":\"https:\\\/\\\/fjala.info\\\/2009-2015\\\/#\\\/schema\\\/logo\\\/image\\\/\"}},{\"@type\":\"Person\",\"@id\":\"https:\\\/\\\/fjala.info\\\/2009-2015\\\/#\\\/schema\\\/person\\\/3aa1163ef05469c496fc94e77611ada2\",\"name\":\"admin\",\"image\":{\"@type\":\"ImageObject\",\"inLanguage\":\"sq-AL\",\"@id\":\"https:\\\/\\\/fjala.info\\\/2009-2015\\\/wp-content\\\/uploads\\\/2012\\\/02\\\/arben_cokaj-120x150.jpg\",\"url\":\"https:\\\/\\\/fjala.info\\\/2009-2015\\\/wp-content\\\/uploads\\\/2012\\\/02\\\/arben_cokaj-120x150.jpg\",\"contentUrl\":\"https:\\\/\\\/fjala.info\\\/2009-2015\\\/wp-content\\\/uploads\\\/2012\\\/02\\\/arben_cokaj-120x150.jpg\",\"caption\":\"admin\"},\"description\":\"Admin, Fjala e Lir\u00eb\",\"sameAs\":[\"https:\\\/\\\/fjala.info\\\/\"],\"url\":\"https:\\\/\\\/fjala.info\\\/2009-2015\\\/author\\\/admin\\\/\"}]}<\/script>\n<!-- \/ Yoast SEO plugin. -->","yoast_head_json":{"title":"Azein e vrau aleanca e fsheht\u00eb PS-PD - FjALA e LIR\u00cb - Arkivi","robots":{"index":"index","follow":"follow","max-snippet":"max-snippet:-1","max-image-preview":"max-image-preview:large","max-video-preview":"max-video-preview:-1"},"canonical":"https:\/\/fjala.info\/2009-2015\/5295-2\/","og_locale":"sq_AL","og_type":"article","og_title":"Azein e vrau aleanca e fsheht\u00eb PS-PD - FjALA e LIR\u00cb - Arkivi","og_description":"Zef Ndreka INTERVIST\u00cb \/ Ish-truproja i Azem Hajdarit i arratisur nga Shqip\u00ebria, rr\u00ebfehet n\u00eb Kosov\u00eb: \u201cHaklajt nuk erdh\u00ebn n\u00eb Tiran\u00eb p\u00ebr Azem Hajdarin\u201d. Marjan Gryka, njeriu m\u00eb i af\u00ebrt i Hajdarit deri dit\u00ebn e vrasjes rr\u00ebfen p\u00ebr her\u00eb t\u00eb par\u00eb \u00e7far\u00eb ndodhi dit\u00ebt para vrasjes dhe mbr\u00ebmjen e vrasjes s\u00eb Hajdarit. Telefonata e Genc Pollos, [&hellip;]","og_url":"https:\/\/fjala.info\/2009-2015\/5295-2\/","og_site_name":"FjALA e LIR\u00cb - Arkivi","article_published_time":"2013-12-08T09:38:29+00:00","og_image":[{"url":"http:\/\/www.fjala.info\/2013\/busti_azemit.jpg","type":"","width":"","height":""}],"author":"admin","twitter_card":"summary_large_image","twitter_misc":{"Written by":"admin","Est. reading time":"19 minutes"},"schema":{"@context":"https:\/\/schema.org","@graph":[{"@type":"Article","@id":"https:\/\/fjala.info\/2009-2015\/5295-2\/#article","isPartOf":{"@id":"https:\/\/fjala.info\/2009-2015\/5295-2\/"},"author":{"name":"admin","@id":"https:\/\/fjala.info\/2009-2015\/#\/schema\/person\/3aa1163ef05469c496fc94e77611ada2"},"headline":"Azein e vrau aleanca e fsheht\u00eb PS-PD","datePublished":"2013-12-08T09:38:29+00:00","mainEntityOfPage":{"@id":"https:\/\/fjala.info\/2009-2015\/5295-2\/"},"wordCount":3791,"commentCount":0,"publisher":{"@id":"https:\/\/fjala.info\/2009-2015\/#organization"},"image":{"@id":"https:\/\/fjala.info\/2009-2015\/5295-2\/#primaryimage"},"thumbnailUrl":"http:\/\/www.fjala.info\/2013\/busti_azemit.jpg","articleSection":["Artikuj","Intervista"],"inLanguage":"sq-AL","potentialAction":[{"@type":"CommentAction","name":"Comment","target":["https:\/\/fjala.info\/2009-2015\/5295-2\/#respond"]}]},{"@type":"WebPage","@id":"https:\/\/fjala.info\/2009-2015\/5295-2\/","url":"https:\/\/fjala.info\/2009-2015\/5295-2\/","name":"Azein e vrau aleanca e fsheht\u00eb PS-PD - FjALA e LIR\u00cb - Arkivi","isPartOf":{"@id":"https:\/\/fjala.info\/2009-2015\/#website"},"primaryImageOfPage":{"@id":"https:\/\/fjala.info\/2009-2015\/5295-2\/#primaryimage"},"image":{"@id":"https:\/\/fjala.info\/2009-2015\/5295-2\/#primaryimage"},"thumbnailUrl":"http:\/\/www.fjala.info\/2013\/busti_azemit.jpg","datePublished":"2013-12-08T09:38:29+00:00","breadcrumb":{"@id":"https:\/\/fjala.info\/2009-2015\/5295-2\/#breadcrumb"},"inLanguage":"sq-AL","potentialAction":[{"@type":"ReadAction","target":["https:\/\/fjala.info\/2009-2015\/5295-2\/"]}]},{"@type":"ImageObject","inLanguage":"sq-AL","@id":"https:\/\/fjala.info\/2009-2015\/5295-2\/#primaryimage","url":"http:\/\/www.fjala.info\/2013\/busti_azemit.jpg","contentUrl":"http:\/\/www.fjala.info\/2013\/busti_azemit.jpg"},{"@type":"BreadcrumbList","@id":"https:\/\/fjala.info\/2009-2015\/5295-2\/#breadcrumb","itemListElement":[{"@type":"ListItem","position":1,"name":"Home","item":"https:\/\/fjala.info\/2009-2015\/"},{"@type":"ListItem","position":2,"name":"Azein e vrau aleanca e fsheht\u00eb PS-PD"}]},{"@type":"WebSite","@id":"https:\/\/fjala.info\/2009-2015\/#website","url":"https:\/\/fjala.info\/2009-2015\/","name":"FjALA e LIR\u00cb - Arkivi","description":"Arkivi 2009-2015","publisher":{"@id":"https:\/\/fjala.info\/2009-2015\/#organization"},"potentialAction":[{"@type":"SearchAction","target":{"@type":"EntryPoint","urlTemplate":"https:\/\/fjala.info\/2009-2015\/?s={search_term_string}"},"query-input":{"@type":"PropertyValueSpecification","valueRequired":true,"valueName":"search_term_string"}}],"inLanguage":"sq-AL"},{"@type":"Organization","@id":"https:\/\/fjala.info\/2009-2015\/#organization","name":"FjALA e LIR\u00cb - Arkivi","url":"https:\/\/fjala.info\/2009-2015\/","logo":{"@type":"ImageObject","inLanguage":"sq-AL","@id":"https:\/\/fjala.info\/2009-2015\/#\/schema\/logo\/image\/","url":"","contentUrl":"","caption":"FjALA e LIR\u00cb - Arkivi"},"image":{"@id":"https:\/\/fjala.info\/2009-2015\/#\/schema\/logo\/image\/"}},{"@type":"Person","@id":"https:\/\/fjala.info\/2009-2015\/#\/schema\/person\/3aa1163ef05469c496fc94e77611ada2","name":"admin","image":{"@type":"ImageObject","inLanguage":"sq-AL","@id":"https:\/\/fjala.info\/2009-2015\/wp-content\/uploads\/2012\/02\/arben_cokaj-120x150.jpg","url":"https:\/\/fjala.info\/2009-2015\/wp-content\/uploads\/2012\/02\/arben_cokaj-120x150.jpg","contentUrl":"https:\/\/fjala.info\/2009-2015\/wp-content\/uploads\/2012\/02\/arben_cokaj-120x150.jpg","caption":"admin"},"description":"Admin, Fjala e Lir\u00eb","sameAs":["https:\/\/fjala.info\/"],"url":"https:\/\/fjala.info\/2009-2015\/author\/admin\/"}]}},"_links":{"self":[{"href":"https:\/\/fjala.info\/2009-2015\/wp-json\/wp\/v2\/posts\/5295","targetHints":{"allow":["GET"]}}],"collection":[{"href":"https:\/\/fjala.info\/2009-2015\/wp-json\/wp\/v2\/posts"}],"about":[{"href":"https:\/\/fjala.info\/2009-2015\/wp-json\/wp\/v2\/types\/post"}],"author":[{"embeddable":true,"href":"https:\/\/fjala.info\/2009-2015\/wp-json\/wp\/v2\/users\/1"}],"replies":[{"embeddable":true,"href":"https:\/\/fjala.info\/2009-2015\/wp-json\/wp\/v2\/comments?post=5295"}],"version-history":[{"count":0,"href":"https:\/\/fjala.info\/2009-2015\/wp-json\/wp\/v2\/posts\/5295\/revisions"}],"wp:attachment":[{"href":"https:\/\/fjala.info\/2009-2015\/wp-json\/wp\/v2\/media?parent=5295"}],"wp:term":[{"taxonomy":"category","embeddable":true,"href":"https:\/\/fjala.info\/2009-2015\/wp-json\/wp\/v2\/categories?post=5295"},{"taxonomy":"post_tag","embeddable":true,"href":"https:\/\/fjala.info\/2009-2015\/wp-json\/wp\/v2\/tags?post=5295"}],"curies":[{"name":"wp","href":"https:\/\/api.w.org\/{rel}","templated":true}]}}