{"id":5290,"date":"2013-12-07T21:04:25","date_gmt":"2013-12-07T20:04:25","guid":{"rendered":"http:\/\/fjala.info\/?p=5290"},"modified":"2013-12-07T21:04:25","modified_gmt":"2013-12-07T20:04:25","slug":"kush-ka-pak-kohe-e-durim-duhet-ta-lexoje","status":"publish","type":"post","link":"https:\/\/fjala.info\/2009-2015\/kush-ka-pak-kohe-e-durim-duhet-ta-lexoje\/","title":{"rendered":"KUSH KA PAK KOHE E DURIM DUHET TA LEXOJE"},"content":{"rendered":"<p><img decoding=\"async\" class=\"alignleft size-thumbnail wp-image-7236\" title=\"Edi Rama\" alt=\"\" src=\"http:\/\/www.fjala.info\/2013\/edi_rama_fb.jpg\" width=\"150\" \/> <strong>Edi Rama<\/strong> sugjeron:<br \/>\n<strong>Artan Lame<\/strong>, drejtori i ri i Aluiznit ka paraqitur s\u00eb fundi nj\u00eb raport trondit\u00ebs p\u00ebr situat\u00ebn n\u00eb institucionin q\u00eb duhet t\u00eb jet\u00ebsonte projektin e legalizimit t\u00eb nd\u00ebrtimeve pa leje. Ja nj\u00eb p\u00ebrmbledhje e b\u00ebr\u00eb prej atij vet\u00eb p\u00ebr publikun gjat\u00eb nj\u00eb konference p\u00ebr shtyp, t\u00eb cil\u00ebn i\u2019a vlen ta lexosh:<\/p>\n<p>Pas rreth dy muajsh n\u00eb krye t\u00eb institucionit t\u00eb Agjensis\u00eb s\u00eb Legalizimeve, po b\u00ebjm\u00eb publike situat\u00ebn n\u00eb t\u00eb cil\u00ebn \u00ebsht\u00eb dergjur prej vitesh ky institucion.<\/p>\n<p>K\u00ebta dy muaj e pak sh\u00ebrbyen p\u00ebr t\u00eb ndalur rr\u00ebnimin e m\u00ebtejesh\u00ebm dhe p\u00ebr t\u00eb kryer nd\u00ebrkoh\u00eb nj\u00eb analiz\u00eb t\u00eb t\u00eb dh\u00ebnave q\u00eb i duhen publikut.<\/p>\n<p><img decoding=\"async\" class=\"alignright size-thumbnail wp-image-7236\" title=\"Artan Lame\" alt=\"\" src=\"http:\/\/www.fjala.info\/2013\/artan_lame.jpg\" width=\"150\" \/><br \/>\nP\u00ebrmbledhja n\u00eb shifra e situat\u00ebs:<\/p>\n<p>Jan\u00eb p\u00ebrfshir\u00eb n\u00eb procesin e legalizimit:<\/p>\n<p>270.592 nd\u00ebrtime pa leje n\u00eb Qershor-Shtator 2006<br \/>\n22.570 nd\u00ebrtime pa leje n\u00eb Qershor-Korrik 2013<\/p>\n<p>Tabel\u00eb p\u00ebrmbleddh\u00ebse e situat\u00ebs s\u00eb Legalizimeve:<\/p>\n<p>Vet\u00ebdeklarime t\u00eb b\u00ebra nga qytetar\u00ebt 293.000<br \/>\nP\u00ebrdit\u00ebsime n\u00eb terren nga ALUIZNI 140.000<br \/>\nLeje Legalizimi t\u00eb plot\u00ebsuara 69.300<br \/>\nLeje Legalizimi t\u00eb l\u00ebshuara 21.200<br \/>\nCeritifikata pron\u00ebsie ~10.000<\/p>\n<p>Rreth 70% e konflikteve gjyq\u00ebsore ku ALUIZNI \u00ebsht\u00eb pal\u00eb n\u00eb proces jan\u00eb p\u00ebr shkak t\u00eb vendimmarrjeve konfliktuale, kryesisht n\u00eb qarqet Berat, Shkod\u00ebr, Lezh\u00eb, Fier, Durr\u00ebs, Vlor\u00eb, Elbasan dhe Tiran\u00eb,<\/p>\n<p>SITUATA E INSTITUCIONIT<\/p>\n<p>Situata Financiare:<\/p>\n<p>Aluizni \u00ebsht\u00eb praktikisht i falimentuar financiarisht.<\/p>\n<p>N\u00ebp\u00ebr dyshemet\u00eb e institucionit gjenden aktualisht rreth 50 mij\u00eb praktika, p\u00ebr t\u00eb cilat qytetareve iu eshte kerkuar p\u00ebr t\u00eb b\u00ebr\u00eb pagesat dhe ata i kane kryer. Parat\u00eb jan\u00eb ark\u00ebtuar dhe kan\u00eb shkuar n\u00eb buxhet. Por, nga ana tjet\u00ebr, qytetar\u00ebve nuk ju \u00ebsht\u00eb dh\u00ebn\u00eb leja e legalizimit, duke i l\u00ebn\u00eb p\u00ebr vite me rradh\u00eb n\u00eb nj\u00eb pritje rraskapit\u00ebse.<\/p>\n<p>Dihet se fondi i mbledhur nga legalizimet ka qen\u00eb burimi i vet\u00ebm gjat\u00eb gjithe k\u00ebtyre viteve p\u00ebr kompensimin e ish-pronar\u00ebve.<\/p>\n<p>Deri tani (2008-2013) jane mbledhur 7,9 miliarde leke (79 milione USD) nga t\u00eb cilat 6,98 miliard duhet te kishin shkuar n\u00eb nj\u00eb llogari t\u00eb ve\u00e7ante te buxhetit te shtetit per t\u2019u perdorur eskluzivisht per kompensimin e ish-pronareve.<\/p>\n<p>Por n\u00eb fakt, vetem nj\u00eb pjes\u00eb e k\u00ebsaj shume (4 miliard lek\u00eb) ka shkuar n\u00eb destinacion, nd\u00ebrsa rreth 3 miliard lek\u00eb Ministria e Financave i ka perdorur p\u00ebr q\u00ebllime t\u00eb tjera dhe n\u00eb kund\u00ebrshtim me ligjin.<\/p>\n<p>Pas vitit 2008, nga ALUIZNI jane pun\u00ebsuar me qindra punonjes me kontrate te perkohshme, te cileve tashme rezulton se nuk i\u2019u jane derdhur pagesat per sigurimet shoqerore dhe ato shendet\u00ebsore.<\/p>\n<p>Vetem per drejtorite e Tiranes, Durresit dhe Fierit, ky borxh i akumuluar eshte 83 milione leke, ndersa ne rang vendi i kalon te 100 milionet.<\/p>\n<p>Kjo eshte nje njolle turpi per shtetin shqiptar, pasi ka trajtuar si skllever edhe vete punonjesit e vet.<\/p>\n<p>Korrupsioni:<\/p>\n<p>N\u00eb k\u00ebt\u00eb sektor korrupsioni ka qen\u00eb i perhapur si sistem kapilar dhe praktikisht ishte i vetmi mjet qe e vinte ne levizje sistemin.<br \/>\nPo ka pasur edhe nj\u00eb nivel tjet\u00ebr, lart n\u00eb maj\u00eb, korrupsioni t\u00eb p\u00ebrqendruar.<\/p>\n<p>Me korrupsion kapilar nenkuptohet tortura q\u00eb i rezervohej \u00e7do qytetari p\u00ebr te mbaruar pun\u00eb p\u00ebr t\u00eb plot\u00ebsuar duke paguar \u00e7do dokument t\u00eb dosjes, duke paguar tek roja posht\u00eb sa her\u00eb kishte hall dhe duhet t\u00eb hynte n\u00eb institucion, duke paguar p\u00ebr t\u00eb nxjerr\u00eb dosjen nga arkivi sa her\u00eb duhet t\u00eb shtonte apo plot\u00ebsonte dokumenta, duke paguar p\u00ebr t\u00eb shtuar dosjen e k\u00ebshtu me rradhe n\u00eb cdo hap e detaj t\u00eb procedur\u00ebs.<\/p>\n<p>Nd\u00ebrsa korrupsioni i p\u00ebrq\u00ebndruar ka pasur t\u00eb b\u00ebj\u00eb me bllokimin e q\u00ebllimsh\u00ebm t\u00eb dosjeve dhe procedurave duke i v\u00ebn\u00eb qytetar\u00ebt para alternativ\u00ebs, \u201cOse paguani ose dosja varroset pa shpres\u00eb!\u201d. D\u00ebshmia m\u00eb e qart\u00eb p\u00ebr k\u00ebt\u00eb jan\u00eb qindra e qindra denoncimet e mb\u00ebrritura n\u00eb portalin e denoncimeve t\u00eb hapur nga ana e Aluiznit n\u00eb k\u00ebta dy muaj.<\/p>\n<p>P\u00ebr korrupsionin me pasoja t\u00eb r\u00ebnda jo vet\u00ebm mbi personat po mbi shoq\u00ebrin\u00eb citohet ky shembull i nxjerr\u00eb nga nj\u00eb raport i Kontrollit t\u00eb Lart\u00eb t\u00eb Shtetit, b\u00ebr\u00eb n\u00eb Vlor\u00eb n\u00eb vitin 2012.<\/p>\n<p>Nga 76 dosje te pajisura me leje legalizimi, jane dhene leje per:<br \/>\n&#8211; 1 rast ne monument kulture,<br \/>\n&#8211; 42 raste ne rrug\u00eb,<br \/>\n&#8211; 1 rast mbi kolektor,<br \/>\n&#8211; 8 raste ne zona te gjelbera dhe ne rrug\u00eb,<br \/>\n&#8211; 10 raste ne studim urbanistik 6-8-10 kate.<\/p>\n<p>Paligjshm\u00ebri e paskrupullt!<\/p>\n<p>Kaosi administrativ:<\/p>\n<p>N\u00eb tet\u00eb vjet jan\u00eb b\u00ebr\u00eb 4 ligje baz\u00eb q\u00eb kan\u00eb t\u00eb b\u00ebjn\u00eb me legalizimet, t\u00eb cil\u00ebt jan\u00eb ndryshuar rreth 22 her\u00eb, n\u00eb 180 pika t\u00eb ndryshme. Plus ligjet e tjera q\u00eb kan\u00eb te b\u00ebjn\u00eb direkt ose indirekt me legalizimet, si legjislacioni i planifikimit urban, legjislacioni i kontrollit t\u00eb territorit, legjislacioni i regjistrimit t\u00eb pasurive, etj., e b\u00ebjn\u00eb kaosin edhe m\u00eb spektakolar.<br \/>\nPor k\u00ebtyre ligjeve u duhen shtuar n\u00eb vazhd\u00ebn e kaosit me dhjetra vendime qeverie, urdhra t\u00eb kryeminstrit, urdhra te ministrave e k\u00ebshtu me rradh\u00eb, duke krijuar nj\u00eb vandak ligjesh r\u00ebndom n\u00eb kund\u00ebrshtim me nj\u00ebri-tjetrin.<br \/>\nNuk mungojn\u00eb edhe akte ligjore apo n\u00ebnligjore \u201cad personam\u201d, q\u00eb dmth akte t\u00eb b\u00ebra p\u00ebr t\u00eb favorizuar raste t\u00eb vecanta, individ\u00eb t\u00eb ve\u00e7ant\u00eb.<\/p>\n<p>Tek kaosi adminstrativ nuk mungon edhe nj\u00eb element q\u00eb \u00ebsht\u00eb p\u00ebr t\u2019u v\u00ebn\u00eb n\u00eb dukje: Kushte sh\u00ebrbimi ndaj qytetar\u00ebve t\u00ebr\u00ebsisht mizerab\u00ebl. Munges\u00eb ambientesh pune, braktisje e institucionit, papast\u00ebrti shembullore, munges\u00eb investimesh, vjedhje orendish e t\u00eb tjera akoma. Vet\u00eb informacioni \u00ebsht\u00eb gjetur n\u00eb kaos total si n\u00eb rastin e Tiran\u00ebs ku ende sot nuk jemi n\u00eb gjendje t\u00eb themi numrin e sakt\u00eb t\u00eb vet\u00ebdeklarimeve t\u00eb l\u00ebna dyshemeve, 29.000, 35.000 apo 37.000!<\/p>\n<p>Si p\u00ebrfundim ka nj\u00eb pyetje q\u00eb kushdo d\u00ebshiron t\u2019i jepet p\u00ebrgjigje:<\/p>\n<p>Pse d\u00ebshtoi procesi i legalizimit (n\u00eb 8 vjet vet\u00ebm 22.000 legalizime n\u00eb 293.000 aplikime)?<\/p>\n<p>P\u00ebrgjigja \u00ebsht\u00eb kjo:<\/p>\n<p>1. Vizion rr\u00ebnues p\u00ebr nj\u00eb proces ku duhet t\u00eb fitonin t\u00eb gjith\u00eb dhe ku n\u00eb fakt jan\u00eb shkat\u00ebrruar t\u00eb gjith\u00eb.<br \/>\n2. Vullnet i mbrapsht\u00eb politik dhe injoranc\u00eb n\u00eb lidhje me k\u00ebt\u00eb problem madhor e t\u00eb komplikuar.<br \/>\n3. Procedura t\u00eb komplikuara (20 deri 30 dokumenta \/ \u00e7do dosje).<br \/>\n4.Mos-koordinim midis institucioneve Zyra e Regjistrimit t\u00eb Pasurive t\u00eb Patundshme -ALUIZNI-Agjencia e Kthimit e Kompensimit t\u00eb Pronave.<br \/>\n5. Korrupsion kapilar dhe i p\u00ebrq\u00ebndruar.<br \/>\n6. Mungesa e profesionalizmit dhe mbushja e administrat\u00ebs me individ\u00eb pa asnj\u00eb lidhje me pun\u00ebn.<br \/>\n7. Mosbesim i krijuar tek qytetar\u00ebt se shteti e ka pasur ndonj\u00ebher\u00eb seriozisht procesin e legalizimeve.<\/p>\n","protected":false},"excerpt":{"rendered":"<p>Edi Rama sugjeron: Artan Lame, drejtori i ri i Aluiznit ka paraqitur s\u00eb fundi nj\u00eb raport trondit\u00ebs p\u00ebr situat\u00ebn n\u00eb institucionin q\u00eb duhet t\u00eb jet\u00ebsonte projektin e legalizimit t\u00eb nd\u00ebrtimeve pa leje. Ja nj\u00eb p\u00ebrmbledhje e b\u00ebr\u00eb prej atij vet\u00eb p\u00ebr publikun gjat\u00eb nj\u00eb konference p\u00ebr shtyp, t\u00eb cil\u00ebn i\u2019a vlen ta lexosh: Pas rreth [&hellip;]<\/p>\n","protected":false},"author":1,"featured_media":0,"comment_status":"open","ping_status":"closed","sticky":false,"template":"","format":"standard","meta":{"footnotes":""},"categories":[2],"tags":[],"class_list":{"0":"post-5290","1":"post","2":"type-post","3":"status-publish","4":"format-standard","6":"category-artikuj"},"yoast_head":"<!-- This site is optimized with the Yoast SEO plugin v27.4 - https:\/\/yoast.com\/product\/yoast-seo-wordpress\/ -->\n<title>KUSH KA PAK KOHE E DURIM DUHET TA LEXOJE - FjALA e LIR\u00cb - Arkivi<\/title>\n<meta name=\"robots\" content=\"index, follow, max-snippet:-1, max-image-preview:large, max-video-preview:-1\" \/>\n<link rel=\"canonical\" href=\"https:\/\/fjala.info\/2009-2015\/kush-ka-pak-kohe-e-durim-duhet-ta-lexoje\/\" \/>\n<meta property=\"og:locale\" content=\"sq_AL\" \/>\n<meta property=\"og:type\" content=\"article\" \/>\n<meta property=\"og:title\" content=\"KUSH KA PAK KOHE E DURIM DUHET TA LEXOJE - FjALA e LIR\u00cb - Arkivi\" \/>\n<meta property=\"og:description\" content=\"Edi Rama sugjeron: Artan Lame, drejtori i ri i Aluiznit ka paraqitur s\u00eb fundi nj\u00eb raport trondit\u00ebs p\u00ebr situat\u00ebn n\u00eb institucionin q\u00eb duhet t\u00eb jet\u00ebsonte projektin e legalizimit t\u00eb nd\u00ebrtimeve pa leje. Ja nj\u00eb p\u00ebrmbledhje e b\u00ebr\u00eb prej atij vet\u00eb p\u00ebr publikun gjat\u00eb nj\u00eb konference p\u00ebr shtyp, t\u00eb cil\u00ebn i\u2019a vlen ta lexosh: Pas rreth [&hellip;]\" \/>\n<meta property=\"og:url\" content=\"https:\/\/fjala.info\/2009-2015\/kush-ka-pak-kohe-e-durim-duhet-ta-lexoje\/\" \/>\n<meta property=\"og:site_name\" content=\"FjALA e LIR\u00cb - Arkivi\" \/>\n<meta property=\"article:published_time\" content=\"2013-12-07T20:04:25+00:00\" \/>\n<meta property=\"og:image\" content=\"http:\/\/www.fjala.info\/2013\/edi_rama_fb.jpg\" \/>\n<meta name=\"author\" content=\"admin\" \/>\n<meta name=\"twitter:card\" content=\"summary_large_image\" \/>\n<meta name=\"twitter:label1\" content=\"Written by\" \/>\n\t<meta name=\"twitter:data1\" content=\"admin\" \/>\n\t<meta name=\"twitter:label2\" content=\"Est. reading time\" \/>\n\t<meta name=\"twitter:data2\" content=\"5 minutes\" \/>\n<script type=\"application\/ld+json\" class=\"yoast-schema-graph\">{\"@context\":\"https:\\\/\\\/schema.org\",\"@graph\":[{\"@type\":\"Article\",\"@id\":\"https:\\\/\\\/fjala.info\\\/2009-2015\\\/kush-ka-pak-kohe-e-durim-duhet-ta-lexoje\\\/#article\",\"isPartOf\":{\"@id\":\"https:\\\/\\\/fjala.info\\\/2009-2015\\\/kush-ka-pak-kohe-e-durim-duhet-ta-lexoje\\\/\"},\"author\":{\"name\":\"admin\",\"@id\":\"https:\\\/\\\/fjala.info\\\/2009-2015\\\/#\\\/schema\\\/person\\\/3aa1163ef05469c496fc94e77611ada2\"},\"headline\":\"KUSH KA PAK KOHE E DURIM DUHET TA LEXOJE\",\"datePublished\":\"2013-12-07T20:04:25+00:00\",\"mainEntityOfPage\":{\"@id\":\"https:\\\/\\\/fjala.info\\\/2009-2015\\\/kush-ka-pak-kohe-e-durim-duhet-ta-lexoje\\\/\"},\"wordCount\":1098,\"commentCount\":0,\"publisher\":{\"@id\":\"https:\\\/\\\/fjala.info\\\/2009-2015\\\/#organization\"},\"image\":{\"@id\":\"https:\\\/\\\/fjala.info\\\/2009-2015\\\/kush-ka-pak-kohe-e-durim-duhet-ta-lexoje\\\/#primaryimage\"},\"thumbnailUrl\":\"http:\\\/\\\/www.fjala.info\\\/2013\\\/edi_rama_fb.jpg\",\"articleSection\":[\"Artikuj\"],\"inLanguage\":\"sq-AL\",\"potentialAction\":[{\"@type\":\"CommentAction\",\"name\":\"Comment\",\"target\":[\"https:\\\/\\\/fjala.info\\\/2009-2015\\\/kush-ka-pak-kohe-e-durim-duhet-ta-lexoje\\\/#respond\"]}]},{\"@type\":\"WebPage\",\"@id\":\"https:\\\/\\\/fjala.info\\\/2009-2015\\\/kush-ka-pak-kohe-e-durim-duhet-ta-lexoje\\\/\",\"url\":\"https:\\\/\\\/fjala.info\\\/2009-2015\\\/kush-ka-pak-kohe-e-durim-duhet-ta-lexoje\\\/\",\"name\":\"KUSH KA PAK KOHE E DURIM DUHET TA LEXOJE - FjALA e LIR\u00cb - Arkivi\",\"isPartOf\":{\"@id\":\"https:\\\/\\\/fjala.info\\\/2009-2015\\\/#website\"},\"primaryImageOfPage\":{\"@id\":\"https:\\\/\\\/fjala.info\\\/2009-2015\\\/kush-ka-pak-kohe-e-durim-duhet-ta-lexoje\\\/#primaryimage\"},\"image\":{\"@id\":\"https:\\\/\\\/fjala.info\\\/2009-2015\\\/kush-ka-pak-kohe-e-durim-duhet-ta-lexoje\\\/#primaryimage\"},\"thumbnailUrl\":\"http:\\\/\\\/www.fjala.info\\\/2013\\\/edi_rama_fb.jpg\",\"datePublished\":\"2013-12-07T20:04:25+00:00\",\"breadcrumb\":{\"@id\":\"https:\\\/\\\/fjala.info\\\/2009-2015\\\/kush-ka-pak-kohe-e-durim-duhet-ta-lexoje\\\/#breadcrumb\"},\"inLanguage\":\"sq-AL\",\"potentialAction\":[{\"@type\":\"ReadAction\",\"target\":[\"https:\\\/\\\/fjala.info\\\/2009-2015\\\/kush-ka-pak-kohe-e-durim-duhet-ta-lexoje\\\/\"]}]},{\"@type\":\"ImageObject\",\"inLanguage\":\"sq-AL\",\"@id\":\"https:\\\/\\\/fjala.info\\\/2009-2015\\\/kush-ka-pak-kohe-e-durim-duhet-ta-lexoje\\\/#primaryimage\",\"url\":\"http:\\\/\\\/www.fjala.info\\\/2013\\\/edi_rama_fb.jpg\",\"contentUrl\":\"http:\\\/\\\/www.fjala.info\\\/2013\\\/edi_rama_fb.jpg\"},{\"@type\":\"BreadcrumbList\",\"@id\":\"https:\\\/\\\/fjala.info\\\/2009-2015\\\/kush-ka-pak-kohe-e-durim-duhet-ta-lexoje\\\/#breadcrumb\",\"itemListElement\":[{\"@type\":\"ListItem\",\"position\":1,\"name\":\"Home\",\"item\":\"https:\\\/\\\/fjala.info\\\/2009-2015\\\/\"},{\"@type\":\"ListItem\",\"position\":2,\"name\":\"KUSH KA PAK KOHE E DURIM DUHET TA LEXOJE\"}]},{\"@type\":\"WebSite\",\"@id\":\"https:\\\/\\\/fjala.info\\\/2009-2015\\\/#website\",\"url\":\"https:\\\/\\\/fjala.info\\\/2009-2015\\\/\",\"name\":\"FjALA e LIR\u00cb - Arkivi\",\"description\":\"Arkivi 2009-2015\",\"publisher\":{\"@id\":\"https:\\\/\\\/fjala.info\\\/2009-2015\\\/#organization\"},\"potentialAction\":[{\"@type\":\"SearchAction\",\"target\":{\"@type\":\"EntryPoint\",\"urlTemplate\":\"https:\\\/\\\/fjala.info\\\/2009-2015\\\/?s={search_term_string}\"},\"query-input\":{\"@type\":\"PropertyValueSpecification\",\"valueRequired\":true,\"valueName\":\"search_term_string\"}}],\"inLanguage\":\"sq-AL\"},{\"@type\":\"Organization\",\"@id\":\"https:\\\/\\\/fjala.info\\\/2009-2015\\\/#organization\",\"name\":\"FjALA e LIR\u00cb - Arkivi\",\"url\":\"https:\\\/\\\/fjala.info\\\/2009-2015\\\/\",\"logo\":{\"@type\":\"ImageObject\",\"inLanguage\":\"sq-AL\",\"@id\":\"https:\\\/\\\/fjala.info\\\/2009-2015\\\/#\\\/schema\\\/logo\\\/image\\\/\",\"url\":\"\",\"contentUrl\":\"\",\"caption\":\"FjALA e LIR\u00cb - Arkivi\"},\"image\":{\"@id\":\"https:\\\/\\\/fjala.info\\\/2009-2015\\\/#\\\/schema\\\/logo\\\/image\\\/\"}},{\"@type\":\"Person\",\"@id\":\"https:\\\/\\\/fjala.info\\\/2009-2015\\\/#\\\/schema\\\/person\\\/3aa1163ef05469c496fc94e77611ada2\",\"name\":\"admin\",\"image\":{\"@type\":\"ImageObject\",\"inLanguage\":\"sq-AL\",\"@id\":\"https:\\\/\\\/fjala.info\\\/2009-2015\\\/wp-content\\\/uploads\\\/2012\\\/02\\\/arben_cokaj-120x150.jpg\",\"url\":\"https:\\\/\\\/fjala.info\\\/2009-2015\\\/wp-content\\\/uploads\\\/2012\\\/02\\\/arben_cokaj-120x150.jpg\",\"contentUrl\":\"https:\\\/\\\/fjala.info\\\/2009-2015\\\/wp-content\\\/uploads\\\/2012\\\/02\\\/arben_cokaj-120x150.jpg\",\"caption\":\"admin\"},\"description\":\"Admin, Fjala e Lir\u00eb\",\"sameAs\":[\"https:\\\/\\\/fjala.info\\\/\"],\"url\":\"https:\\\/\\\/fjala.info\\\/2009-2015\\\/author\\\/admin\\\/\"}]}<\/script>\n<!-- \/ Yoast SEO plugin. -->","yoast_head_json":{"title":"KUSH KA PAK KOHE E DURIM DUHET TA LEXOJE - FjALA e LIR\u00cb - Arkivi","robots":{"index":"index","follow":"follow","max-snippet":"max-snippet:-1","max-image-preview":"max-image-preview:large","max-video-preview":"max-video-preview:-1"},"canonical":"https:\/\/fjala.info\/2009-2015\/kush-ka-pak-kohe-e-durim-duhet-ta-lexoje\/","og_locale":"sq_AL","og_type":"article","og_title":"KUSH KA PAK KOHE E DURIM DUHET TA LEXOJE - FjALA e LIR\u00cb - Arkivi","og_description":"Edi Rama sugjeron: Artan Lame, drejtori i ri i Aluiznit ka paraqitur s\u00eb fundi nj\u00eb raport trondit\u00ebs p\u00ebr situat\u00ebn n\u00eb institucionin q\u00eb duhet t\u00eb jet\u00ebsonte projektin e legalizimit t\u00eb nd\u00ebrtimeve pa leje. Ja nj\u00eb p\u00ebrmbledhje e b\u00ebr\u00eb prej atij vet\u00eb p\u00ebr publikun gjat\u00eb nj\u00eb konference p\u00ebr shtyp, t\u00eb cil\u00ebn i\u2019a vlen ta lexosh: Pas rreth [&hellip;]","og_url":"https:\/\/fjala.info\/2009-2015\/kush-ka-pak-kohe-e-durim-duhet-ta-lexoje\/","og_site_name":"FjALA e LIR\u00cb - Arkivi","article_published_time":"2013-12-07T20:04:25+00:00","og_image":[{"url":"http:\/\/www.fjala.info\/2013\/edi_rama_fb.jpg","type":"","width":"","height":""}],"author":"admin","twitter_card":"summary_large_image","twitter_misc":{"Written by":"admin","Est. reading time":"5 minutes"},"schema":{"@context":"https:\/\/schema.org","@graph":[{"@type":"Article","@id":"https:\/\/fjala.info\/2009-2015\/kush-ka-pak-kohe-e-durim-duhet-ta-lexoje\/#article","isPartOf":{"@id":"https:\/\/fjala.info\/2009-2015\/kush-ka-pak-kohe-e-durim-duhet-ta-lexoje\/"},"author":{"name":"admin","@id":"https:\/\/fjala.info\/2009-2015\/#\/schema\/person\/3aa1163ef05469c496fc94e77611ada2"},"headline":"KUSH KA PAK KOHE E DURIM DUHET TA LEXOJE","datePublished":"2013-12-07T20:04:25+00:00","mainEntityOfPage":{"@id":"https:\/\/fjala.info\/2009-2015\/kush-ka-pak-kohe-e-durim-duhet-ta-lexoje\/"},"wordCount":1098,"commentCount":0,"publisher":{"@id":"https:\/\/fjala.info\/2009-2015\/#organization"},"image":{"@id":"https:\/\/fjala.info\/2009-2015\/kush-ka-pak-kohe-e-durim-duhet-ta-lexoje\/#primaryimage"},"thumbnailUrl":"http:\/\/www.fjala.info\/2013\/edi_rama_fb.jpg","articleSection":["Artikuj"],"inLanguage":"sq-AL","potentialAction":[{"@type":"CommentAction","name":"Comment","target":["https:\/\/fjala.info\/2009-2015\/kush-ka-pak-kohe-e-durim-duhet-ta-lexoje\/#respond"]}]},{"@type":"WebPage","@id":"https:\/\/fjala.info\/2009-2015\/kush-ka-pak-kohe-e-durim-duhet-ta-lexoje\/","url":"https:\/\/fjala.info\/2009-2015\/kush-ka-pak-kohe-e-durim-duhet-ta-lexoje\/","name":"KUSH KA PAK KOHE E DURIM DUHET TA LEXOJE - FjALA e LIR\u00cb - Arkivi","isPartOf":{"@id":"https:\/\/fjala.info\/2009-2015\/#website"},"primaryImageOfPage":{"@id":"https:\/\/fjala.info\/2009-2015\/kush-ka-pak-kohe-e-durim-duhet-ta-lexoje\/#primaryimage"},"image":{"@id":"https:\/\/fjala.info\/2009-2015\/kush-ka-pak-kohe-e-durim-duhet-ta-lexoje\/#primaryimage"},"thumbnailUrl":"http:\/\/www.fjala.info\/2013\/edi_rama_fb.jpg","datePublished":"2013-12-07T20:04:25+00:00","breadcrumb":{"@id":"https:\/\/fjala.info\/2009-2015\/kush-ka-pak-kohe-e-durim-duhet-ta-lexoje\/#breadcrumb"},"inLanguage":"sq-AL","potentialAction":[{"@type":"ReadAction","target":["https:\/\/fjala.info\/2009-2015\/kush-ka-pak-kohe-e-durim-duhet-ta-lexoje\/"]}]},{"@type":"ImageObject","inLanguage":"sq-AL","@id":"https:\/\/fjala.info\/2009-2015\/kush-ka-pak-kohe-e-durim-duhet-ta-lexoje\/#primaryimage","url":"http:\/\/www.fjala.info\/2013\/edi_rama_fb.jpg","contentUrl":"http:\/\/www.fjala.info\/2013\/edi_rama_fb.jpg"},{"@type":"BreadcrumbList","@id":"https:\/\/fjala.info\/2009-2015\/kush-ka-pak-kohe-e-durim-duhet-ta-lexoje\/#breadcrumb","itemListElement":[{"@type":"ListItem","position":1,"name":"Home","item":"https:\/\/fjala.info\/2009-2015\/"},{"@type":"ListItem","position":2,"name":"KUSH KA PAK KOHE E DURIM DUHET TA LEXOJE"}]},{"@type":"WebSite","@id":"https:\/\/fjala.info\/2009-2015\/#website","url":"https:\/\/fjala.info\/2009-2015\/","name":"FjALA e LIR\u00cb - Arkivi","description":"Arkivi 2009-2015","publisher":{"@id":"https:\/\/fjala.info\/2009-2015\/#organization"},"potentialAction":[{"@type":"SearchAction","target":{"@type":"EntryPoint","urlTemplate":"https:\/\/fjala.info\/2009-2015\/?s={search_term_string}"},"query-input":{"@type":"PropertyValueSpecification","valueRequired":true,"valueName":"search_term_string"}}],"inLanguage":"sq-AL"},{"@type":"Organization","@id":"https:\/\/fjala.info\/2009-2015\/#organization","name":"FjALA e LIR\u00cb - Arkivi","url":"https:\/\/fjala.info\/2009-2015\/","logo":{"@type":"ImageObject","inLanguage":"sq-AL","@id":"https:\/\/fjala.info\/2009-2015\/#\/schema\/logo\/image\/","url":"","contentUrl":"","caption":"FjALA e LIR\u00cb - Arkivi"},"image":{"@id":"https:\/\/fjala.info\/2009-2015\/#\/schema\/logo\/image\/"}},{"@type":"Person","@id":"https:\/\/fjala.info\/2009-2015\/#\/schema\/person\/3aa1163ef05469c496fc94e77611ada2","name":"admin","image":{"@type":"ImageObject","inLanguage":"sq-AL","@id":"https:\/\/fjala.info\/2009-2015\/wp-content\/uploads\/2012\/02\/arben_cokaj-120x150.jpg","url":"https:\/\/fjala.info\/2009-2015\/wp-content\/uploads\/2012\/02\/arben_cokaj-120x150.jpg","contentUrl":"https:\/\/fjala.info\/2009-2015\/wp-content\/uploads\/2012\/02\/arben_cokaj-120x150.jpg","caption":"admin"},"description":"Admin, Fjala e Lir\u00eb","sameAs":["https:\/\/fjala.info\/"],"url":"https:\/\/fjala.info\/2009-2015\/author\/admin\/"}]}},"_links":{"self":[{"href":"https:\/\/fjala.info\/2009-2015\/wp-json\/wp\/v2\/posts\/5290","targetHints":{"allow":["GET"]}}],"collection":[{"href":"https:\/\/fjala.info\/2009-2015\/wp-json\/wp\/v2\/posts"}],"about":[{"href":"https:\/\/fjala.info\/2009-2015\/wp-json\/wp\/v2\/types\/post"}],"author":[{"embeddable":true,"href":"https:\/\/fjala.info\/2009-2015\/wp-json\/wp\/v2\/users\/1"}],"replies":[{"embeddable":true,"href":"https:\/\/fjala.info\/2009-2015\/wp-json\/wp\/v2\/comments?post=5290"}],"version-history":[{"count":0,"href":"https:\/\/fjala.info\/2009-2015\/wp-json\/wp\/v2\/posts\/5290\/revisions"}],"wp:attachment":[{"href":"https:\/\/fjala.info\/2009-2015\/wp-json\/wp\/v2\/media?parent=5290"}],"wp:term":[{"taxonomy":"category","embeddable":true,"href":"https:\/\/fjala.info\/2009-2015\/wp-json\/wp\/v2\/categories?post=5290"},{"taxonomy":"post_tag","embeddable":true,"href":"https:\/\/fjala.info\/2009-2015\/wp-json\/wp\/v2\/tags?post=5290"}],"curies":[{"name":"wp","href":"https:\/\/api.w.org\/{rel}","templated":true}]}}