{"id":5289,"date":"2012-10-06T08:36:58","date_gmt":"2012-10-06T07:36:58","guid":{"rendered":"http:\/\/www.fjala.info\/?p=5289"},"modified":"2012-10-06T08:36:58","modified_gmt":"2012-10-06T07:36:58","slug":"drejtori-i-berishes-perkrah-ish-te-burgosurit-politik-ne-greve","status":"publish","type":"post","link":"https:\/\/fjala.info\/2009-2015\/drejtori-i-berishes-perkrah-ish-te-burgosurit-politik-ne-greve\/","title":{"rendered":"Drejtori i Berish\u00ebs p\u00ebrkrah ish t\u00eb burgosurit politik n\u00eb grev\u00eb"},"content":{"rendered":"<p><img decoding=\"async\" class=\"alignleft size-thumbnail wp-image-7236\" title=\"Greva e Uris\u00eb e t\u00eb p\u00ebrndjekurve\" src=\"http:\/\/www.fjala.info\/2012\/greva_urise_te_perndjekur.jpg\" alt=\"\" width=\"300\" \/> Nga <strong>BRUNILDA GOROVELLI<\/strong><\/p>\n<p><em>TIRANE<\/em> &#8211; Agron Tufa, Drejtori i Institutit t\u00eb Studimeve t\u00eb Krimeve t\u00eb Komunizmit, ka dal\u00eb n\u00eb mbrojtje t\u00eb grev\u00ebs s\u00eb uris\u00eb s\u00eb ish t\u00eb burgosurve politik\u00eb. N\u00eb komunikimin q\u00eb ka pasur n\u00eb rrjetin social \u201cFacebook\u201d, ai ka deklaruar se e konsideron t\u00eb pajustifikueshme m\u00ebnyr\u00ebn se si sillet pushteti me k\u00ebt\u00eb kategori.<\/p>\n<p>Rreth 20 ish t\u00eb burgosur vazhdojn\u00eb grev\u00ebn e uris\u00eb p\u00ebr t\u00eb 15-t\u00ebn dit\u00eb t\u00eb vendosur n\u00eb 2 \u00e7adra n\u00eb ambient t\u00eb hapur n\u00eb zon\u00ebn e Komun\u00ebs s\u00eb Parisit n\u00eb Tiran\u00eb.<\/p>\n<p>T\u00eb ngujuarve qeveria u ka borxh 75 milion\u00eb lek\u00eb t\u00eb reja. Grevisti Agim Koll\u00e7aku \u00ebsht\u00eb detyruar dje t&#8217;i drejtohet spitalit pas p\u00ebrkeq\u00ebsimit t\u00eb gjendjes sh\u00ebndet\u00ebsore. Ish t\u00eb p\u00ebrndjekurit insistojn\u00eb n\u00eb vazhdimin e sakrific\u00ebs deri n\u00eb plot\u00ebsimin e k\u00ebrkes\u00ebs p\u00ebr d\u00ebmshp\u00ebrblim.<\/p>\n<p>LEXONI SHKRIMIN E PLOTE NE SHQIPTARJA.COM<\/p>\n<p>(<em>sg\/shqiptarja.com<\/em>)<\/p>\n","protected":false},"excerpt":{"rendered":"<p>Nga BRUNILDA GOROVELLI TIRANE &#8211; Agron Tufa, Drejtori i Institutit t\u00eb Studimeve t\u00eb Krimeve t\u00eb Komunizmit, ka dal\u00eb n\u00eb mbrojtje t\u00eb grev\u00ebs s\u00eb uris\u00eb s\u00eb ish t\u00eb burgosurve politik\u00eb. N\u00eb komunikimin q\u00eb ka pasur n\u00eb rrjetin social \u201cFacebook\u201d, ai ka deklaruar se e konsideron t\u00eb pajustifikueshme m\u00ebnyr\u00ebn se si sillet pushteti me k\u00ebt\u00eb kategori. Rreth [&hellip;]<\/p>\n","protected":false},"author":1,"featured_media":0,"comment_status":"open","ping_status":"closed","sticky":false,"template":"","format":"standard","meta":{"footnotes":""},"categories":[2,5],"tags":[],"class_list":{"0":"post-5289","1":"post","2":"type-post","3":"status-publish","4":"format-standard","6":"category-artikuj","7":"category-lajme"},"yoast_head":"<!-- This site is optimized with the Yoast SEO plugin v27.4 - https:\/\/yoast.com\/product\/yoast-seo-wordpress\/ -->\n<title>Drejtori i Berish\u00ebs p\u00ebrkrah ish t\u00eb burgosurit politik n\u00eb grev\u00eb - FjALA e LIR\u00cb - Arkivi<\/title>\n<meta name=\"robots\" content=\"index, follow, max-snippet:-1, max-image-preview:large, max-video-preview:-1\" \/>\n<link rel=\"canonical\" href=\"https:\/\/fjala.info\/2009-2015\/drejtori-i-berishes-perkrah-ish-te-burgosurit-politik-ne-greve\/\" \/>\n<meta property=\"og:locale\" content=\"sq_AL\" \/>\n<meta property=\"og:type\" content=\"article\" \/>\n<meta property=\"og:title\" content=\"Drejtori i Berish\u00ebs p\u00ebrkrah ish t\u00eb burgosurit politik n\u00eb grev\u00eb - FjALA e LIR\u00cb - Arkivi\" \/>\n<meta property=\"og:description\" content=\"Nga BRUNILDA GOROVELLI TIRANE &#8211; Agron Tufa, Drejtori i Institutit t\u00eb Studimeve t\u00eb Krimeve t\u00eb Komunizmit, ka dal\u00eb n\u00eb mbrojtje t\u00eb grev\u00ebs s\u00eb uris\u00eb s\u00eb ish t\u00eb burgosurve politik\u00eb. N\u00eb komunikimin q\u00eb ka pasur n\u00eb rrjetin social \u201cFacebook\u201d, ai ka deklaruar se e konsideron t\u00eb pajustifikueshme m\u00ebnyr\u00ebn se si sillet pushteti me k\u00ebt\u00eb kategori. Rreth [&hellip;]\" \/>\n<meta property=\"og:url\" content=\"https:\/\/fjala.info\/2009-2015\/drejtori-i-berishes-perkrah-ish-te-burgosurit-politik-ne-greve\/\" \/>\n<meta property=\"og:site_name\" content=\"FjALA e LIR\u00cb - Arkivi\" \/>\n<meta property=\"article:published_time\" content=\"2012-10-06T07:36:58+00:00\" \/>\n<meta property=\"og:image\" content=\"http:\/\/www.fjala.info\/2012\/greva_urise_te_perndjekur.jpg\" \/>\n<meta name=\"author\" content=\"admin\" \/>\n<meta name=\"twitter:card\" content=\"summary_large_image\" \/>\n<meta name=\"twitter:label1\" content=\"Written by\" \/>\n\t<meta name=\"twitter:data1\" content=\"admin\" \/>\n\t<meta name=\"twitter:label2\" content=\"Est. reading time\" \/>\n\t<meta name=\"twitter:data2\" content=\"1 minute\" \/>\n<script type=\"application\/ld+json\" class=\"yoast-schema-graph\">{\"@context\":\"https:\\\/\\\/schema.org\",\"@graph\":[{\"@type\":\"Article\",\"@id\":\"https:\\\/\\\/fjala.info\\\/2009-2015\\\/drejtori-i-berishes-perkrah-ish-te-burgosurit-politik-ne-greve\\\/#article\",\"isPartOf\":{\"@id\":\"https:\\\/\\\/fjala.info\\\/2009-2015\\\/drejtori-i-berishes-perkrah-ish-te-burgosurit-politik-ne-greve\\\/\"},\"author\":{\"name\":\"admin\",\"@id\":\"https:\\\/\\\/fjala.info\\\/2009-2015\\\/#\\\/schema\\\/person\\\/3aa1163ef05469c496fc94e77611ada2\"},\"headline\":\"Drejtori i Berish\u00ebs p\u00ebrkrah ish t\u00eb burgosurit politik n\u00eb grev\u00eb\",\"datePublished\":\"2012-10-06T07:36:58+00:00\",\"mainEntityOfPage\":{\"@id\":\"https:\\\/\\\/fjala.info\\\/2009-2015\\\/drejtori-i-berishes-perkrah-ish-te-burgosurit-politik-ne-greve\\\/\"},\"wordCount\":166,\"commentCount\":0,\"publisher\":{\"@id\":\"https:\\\/\\\/fjala.info\\\/2009-2015\\\/#organization\"},\"image\":{\"@id\":\"https:\\\/\\\/fjala.info\\\/2009-2015\\\/drejtori-i-berishes-perkrah-ish-te-burgosurit-politik-ne-greve\\\/#primaryimage\"},\"thumbnailUrl\":\"http:\\\/\\\/www.fjala.info\\\/2012\\\/greva_urise_te_perndjekur.jpg\",\"articleSection\":[\"Artikuj\",\"Lajme\"],\"inLanguage\":\"sq-AL\",\"potentialAction\":[{\"@type\":\"CommentAction\",\"name\":\"Comment\",\"target\":[\"https:\\\/\\\/fjala.info\\\/2009-2015\\\/drejtori-i-berishes-perkrah-ish-te-burgosurit-politik-ne-greve\\\/#respond\"]}]},{\"@type\":\"WebPage\",\"@id\":\"https:\\\/\\\/fjala.info\\\/2009-2015\\\/drejtori-i-berishes-perkrah-ish-te-burgosurit-politik-ne-greve\\\/\",\"url\":\"https:\\\/\\\/fjala.info\\\/2009-2015\\\/drejtori-i-berishes-perkrah-ish-te-burgosurit-politik-ne-greve\\\/\",\"name\":\"Drejtori i Berish\u00ebs p\u00ebrkrah ish t\u00eb burgosurit politik n\u00eb grev\u00eb - FjALA e LIR\u00cb - Arkivi\",\"isPartOf\":{\"@id\":\"https:\\\/\\\/fjala.info\\\/2009-2015\\\/#website\"},\"primaryImageOfPage\":{\"@id\":\"https:\\\/\\\/fjala.info\\\/2009-2015\\\/drejtori-i-berishes-perkrah-ish-te-burgosurit-politik-ne-greve\\\/#primaryimage\"},\"image\":{\"@id\":\"https:\\\/\\\/fjala.info\\\/2009-2015\\\/drejtori-i-berishes-perkrah-ish-te-burgosurit-politik-ne-greve\\\/#primaryimage\"},\"thumbnailUrl\":\"http:\\\/\\\/www.fjala.info\\\/2012\\\/greva_urise_te_perndjekur.jpg\",\"datePublished\":\"2012-10-06T07:36:58+00:00\",\"breadcrumb\":{\"@id\":\"https:\\\/\\\/fjala.info\\\/2009-2015\\\/drejtori-i-berishes-perkrah-ish-te-burgosurit-politik-ne-greve\\\/#breadcrumb\"},\"inLanguage\":\"sq-AL\",\"potentialAction\":[{\"@type\":\"ReadAction\",\"target\":[\"https:\\\/\\\/fjala.info\\\/2009-2015\\\/drejtori-i-berishes-perkrah-ish-te-burgosurit-politik-ne-greve\\\/\"]}]},{\"@type\":\"ImageObject\",\"inLanguage\":\"sq-AL\",\"@id\":\"https:\\\/\\\/fjala.info\\\/2009-2015\\\/drejtori-i-berishes-perkrah-ish-te-burgosurit-politik-ne-greve\\\/#primaryimage\",\"url\":\"http:\\\/\\\/www.fjala.info\\\/2012\\\/greva_urise_te_perndjekur.jpg\",\"contentUrl\":\"http:\\\/\\\/www.fjala.info\\\/2012\\\/greva_urise_te_perndjekur.jpg\"},{\"@type\":\"BreadcrumbList\",\"@id\":\"https:\\\/\\\/fjala.info\\\/2009-2015\\\/drejtori-i-berishes-perkrah-ish-te-burgosurit-politik-ne-greve\\\/#breadcrumb\",\"itemListElement\":[{\"@type\":\"ListItem\",\"position\":1,\"name\":\"Home\",\"item\":\"https:\\\/\\\/fjala.info\\\/2009-2015\\\/\"},{\"@type\":\"ListItem\",\"position\":2,\"name\":\"Drejtori i Berish\u00ebs p\u00ebrkrah ish t\u00eb burgosurit politik n\u00eb grev\u00eb\"}]},{\"@type\":\"WebSite\",\"@id\":\"https:\\\/\\\/fjala.info\\\/2009-2015\\\/#website\",\"url\":\"https:\\\/\\\/fjala.info\\\/2009-2015\\\/\",\"name\":\"FjALA e LIR\u00cb - Arkivi\",\"description\":\"Arkivi 2009-2015\",\"publisher\":{\"@id\":\"https:\\\/\\\/fjala.info\\\/2009-2015\\\/#organization\"},\"potentialAction\":[{\"@type\":\"SearchAction\",\"target\":{\"@type\":\"EntryPoint\",\"urlTemplate\":\"https:\\\/\\\/fjala.info\\\/2009-2015\\\/?s={search_term_string}\"},\"query-input\":{\"@type\":\"PropertyValueSpecification\",\"valueRequired\":true,\"valueName\":\"search_term_string\"}}],\"inLanguage\":\"sq-AL\"},{\"@type\":\"Organization\",\"@id\":\"https:\\\/\\\/fjala.info\\\/2009-2015\\\/#organization\",\"name\":\"FjALA e LIR\u00cb - Arkivi\",\"url\":\"https:\\\/\\\/fjala.info\\\/2009-2015\\\/\",\"logo\":{\"@type\":\"ImageObject\",\"inLanguage\":\"sq-AL\",\"@id\":\"https:\\\/\\\/fjala.info\\\/2009-2015\\\/#\\\/schema\\\/logo\\\/image\\\/\",\"url\":\"\",\"contentUrl\":\"\",\"caption\":\"FjALA e LIR\u00cb - Arkivi\"},\"image\":{\"@id\":\"https:\\\/\\\/fjala.info\\\/2009-2015\\\/#\\\/schema\\\/logo\\\/image\\\/\"}},{\"@type\":\"Person\",\"@id\":\"https:\\\/\\\/fjala.info\\\/2009-2015\\\/#\\\/schema\\\/person\\\/3aa1163ef05469c496fc94e77611ada2\",\"name\":\"admin\",\"image\":{\"@type\":\"ImageObject\",\"inLanguage\":\"sq-AL\",\"@id\":\"https:\\\/\\\/fjala.info\\\/2009-2015\\\/wp-content\\\/uploads\\\/2012\\\/02\\\/arben_cokaj-120x150.jpg\",\"url\":\"https:\\\/\\\/fjala.info\\\/2009-2015\\\/wp-content\\\/uploads\\\/2012\\\/02\\\/arben_cokaj-120x150.jpg\",\"contentUrl\":\"https:\\\/\\\/fjala.info\\\/2009-2015\\\/wp-content\\\/uploads\\\/2012\\\/02\\\/arben_cokaj-120x150.jpg\",\"caption\":\"admin\"},\"description\":\"Admin, Fjala e Lir\u00eb\",\"sameAs\":[\"https:\\\/\\\/fjala.info\\\/\"],\"url\":\"https:\\\/\\\/fjala.info\\\/2009-2015\\\/author\\\/admin\\\/\"}]}<\/script>\n<!-- \/ Yoast SEO plugin. -->","yoast_head_json":{"title":"Drejtori i Berish\u00ebs p\u00ebrkrah ish t\u00eb burgosurit politik n\u00eb grev\u00eb - FjALA e LIR\u00cb - Arkivi","robots":{"index":"index","follow":"follow","max-snippet":"max-snippet:-1","max-image-preview":"max-image-preview:large","max-video-preview":"max-video-preview:-1"},"canonical":"https:\/\/fjala.info\/2009-2015\/drejtori-i-berishes-perkrah-ish-te-burgosurit-politik-ne-greve\/","og_locale":"sq_AL","og_type":"article","og_title":"Drejtori i Berish\u00ebs p\u00ebrkrah ish t\u00eb burgosurit politik n\u00eb grev\u00eb - FjALA e LIR\u00cb - Arkivi","og_description":"Nga BRUNILDA GOROVELLI TIRANE &#8211; Agron Tufa, Drejtori i Institutit t\u00eb Studimeve t\u00eb Krimeve t\u00eb Komunizmit, ka dal\u00eb n\u00eb mbrojtje t\u00eb grev\u00ebs s\u00eb uris\u00eb s\u00eb ish t\u00eb burgosurve politik\u00eb. N\u00eb komunikimin q\u00eb ka pasur n\u00eb rrjetin social \u201cFacebook\u201d, ai ka deklaruar se e konsideron t\u00eb pajustifikueshme m\u00ebnyr\u00ebn se si sillet pushteti me k\u00ebt\u00eb kategori. Rreth [&hellip;]","og_url":"https:\/\/fjala.info\/2009-2015\/drejtori-i-berishes-perkrah-ish-te-burgosurit-politik-ne-greve\/","og_site_name":"FjALA e LIR\u00cb - Arkivi","article_published_time":"2012-10-06T07:36:58+00:00","og_image":[{"url":"http:\/\/www.fjala.info\/2012\/greva_urise_te_perndjekur.jpg","type":"","width":"","height":""}],"author":"admin","twitter_card":"summary_large_image","twitter_misc":{"Written by":"admin","Est. reading time":"1 minute"},"schema":{"@context":"https:\/\/schema.org","@graph":[{"@type":"Article","@id":"https:\/\/fjala.info\/2009-2015\/drejtori-i-berishes-perkrah-ish-te-burgosurit-politik-ne-greve\/#article","isPartOf":{"@id":"https:\/\/fjala.info\/2009-2015\/drejtori-i-berishes-perkrah-ish-te-burgosurit-politik-ne-greve\/"},"author":{"name":"admin","@id":"https:\/\/fjala.info\/2009-2015\/#\/schema\/person\/3aa1163ef05469c496fc94e77611ada2"},"headline":"Drejtori i Berish\u00ebs p\u00ebrkrah ish t\u00eb burgosurit politik n\u00eb grev\u00eb","datePublished":"2012-10-06T07:36:58+00:00","mainEntityOfPage":{"@id":"https:\/\/fjala.info\/2009-2015\/drejtori-i-berishes-perkrah-ish-te-burgosurit-politik-ne-greve\/"},"wordCount":166,"commentCount":0,"publisher":{"@id":"https:\/\/fjala.info\/2009-2015\/#organization"},"image":{"@id":"https:\/\/fjala.info\/2009-2015\/drejtori-i-berishes-perkrah-ish-te-burgosurit-politik-ne-greve\/#primaryimage"},"thumbnailUrl":"http:\/\/www.fjala.info\/2012\/greva_urise_te_perndjekur.jpg","articleSection":["Artikuj","Lajme"],"inLanguage":"sq-AL","potentialAction":[{"@type":"CommentAction","name":"Comment","target":["https:\/\/fjala.info\/2009-2015\/drejtori-i-berishes-perkrah-ish-te-burgosurit-politik-ne-greve\/#respond"]}]},{"@type":"WebPage","@id":"https:\/\/fjala.info\/2009-2015\/drejtori-i-berishes-perkrah-ish-te-burgosurit-politik-ne-greve\/","url":"https:\/\/fjala.info\/2009-2015\/drejtori-i-berishes-perkrah-ish-te-burgosurit-politik-ne-greve\/","name":"Drejtori i Berish\u00ebs p\u00ebrkrah ish t\u00eb burgosurit politik n\u00eb grev\u00eb - FjALA e LIR\u00cb - Arkivi","isPartOf":{"@id":"https:\/\/fjala.info\/2009-2015\/#website"},"primaryImageOfPage":{"@id":"https:\/\/fjala.info\/2009-2015\/drejtori-i-berishes-perkrah-ish-te-burgosurit-politik-ne-greve\/#primaryimage"},"image":{"@id":"https:\/\/fjala.info\/2009-2015\/drejtori-i-berishes-perkrah-ish-te-burgosurit-politik-ne-greve\/#primaryimage"},"thumbnailUrl":"http:\/\/www.fjala.info\/2012\/greva_urise_te_perndjekur.jpg","datePublished":"2012-10-06T07:36:58+00:00","breadcrumb":{"@id":"https:\/\/fjala.info\/2009-2015\/drejtori-i-berishes-perkrah-ish-te-burgosurit-politik-ne-greve\/#breadcrumb"},"inLanguage":"sq-AL","potentialAction":[{"@type":"ReadAction","target":["https:\/\/fjala.info\/2009-2015\/drejtori-i-berishes-perkrah-ish-te-burgosurit-politik-ne-greve\/"]}]},{"@type":"ImageObject","inLanguage":"sq-AL","@id":"https:\/\/fjala.info\/2009-2015\/drejtori-i-berishes-perkrah-ish-te-burgosurit-politik-ne-greve\/#primaryimage","url":"http:\/\/www.fjala.info\/2012\/greva_urise_te_perndjekur.jpg","contentUrl":"http:\/\/www.fjala.info\/2012\/greva_urise_te_perndjekur.jpg"},{"@type":"BreadcrumbList","@id":"https:\/\/fjala.info\/2009-2015\/drejtori-i-berishes-perkrah-ish-te-burgosurit-politik-ne-greve\/#breadcrumb","itemListElement":[{"@type":"ListItem","position":1,"name":"Home","item":"https:\/\/fjala.info\/2009-2015\/"},{"@type":"ListItem","position":2,"name":"Drejtori i Berish\u00ebs p\u00ebrkrah ish t\u00eb burgosurit politik n\u00eb grev\u00eb"}]},{"@type":"WebSite","@id":"https:\/\/fjala.info\/2009-2015\/#website","url":"https:\/\/fjala.info\/2009-2015\/","name":"FjALA e LIR\u00cb - Arkivi","description":"Arkivi 2009-2015","publisher":{"@id":"https:\/\/fjala.info\/2009-2015\/#organization"},"potentialAction":[{"@type":"SearchAction","target":{"@type":"EntryPoint","urlTemplate":"https:\/\/fjala.info\/2009-2015\/?s={search_term_string}"},"query-input":{"@type":"PropertyValueSpecification","valueRequired":true,"valueName":"search_term_string"}}],"inLanguage":"sq-AL"},{"@type":"Organization","@id":"https:\/\/fjala.info\/2009-2015\/#organization","name":"FjALA e LIR\u00cb - Arkivi","url":"https:\/\/fjala.info\/2009-2015\/","logo":{"@type":"ImageObject","inLanguage":"sq-AL","@id":"https:\/\/fjala.info\/2009-2015\/#\/schema\/logo\/image\/","url":"","contentUrl":"","caption":"FjALA e LIR\u00cb - Arkivi"},"image":{"@id":"https:\/\/fjala.info\/2009-2015\/#\/schema\/logo\/image\/"}},{"@type":"Person","@id":"https:\/\/fjala.info\/2009-2015\/#\/schema\/person\/3aa1163ef05469c496fc94e77611ada2","name":"admin","image":{"@type":"ImageObject","inLanguage":"sq-AL","@id":"https:\/\/fjala.info\/2009-2015\/wp-content\/uploads\/2012\/02\/arben_cokaj-120x150.jpg","url":"https:\/\/fjala.info\/2009-2015\/wp-content\/uploads\/2012\/02\/arben_cokaj-120x150.jpg","contentUrl":"https:\/\/fjala.info\/2009-2015\/wp-content\/uploads\/2012\/02\/arben_cokaj-120x150.jpg","caption":"admin"},"description":"Admin, Fjala e Lir\u00eb","sameAs":["https:\/\/fjala.info\/"],"url":"https:\/\/fjala.info\/2009-2015\/author\/admin\/"}]}},"_links":{"self":[{"href":"https:\/\/fjala.info\/2009-2015\/wp-json\/wp\/v2\/posts\/5289","targetHints":{"allow":["GET"]}}],"collection":[{"href":"https:\/\/fjala.info\/2009-2015\/wp-json\/wp\/v2\/posts"}],"about":[{"href":"https:\/\/fjala.info\/2009-2015\/wp-json\/wp\/v2\/types\/post"}],"author":[{"embeddable":true,"href":"https:\/\/fjala.info\/2009-2015\/wp-json\/wp\/v2\/users\/1"}],"replies":[{"embeddable":true,"href":"https:\/\/fjala.info\/2009-2015\/wp-json\/wp\/v2\/comments?post=5289"}],"version-history":[{"count":0,"href":"https:\/\/fjala.info\/2009-2015\/wp-json\/wp\/v2\/posts\/5289\/revisions"}],"wp:attachment":[{"href":"https:\/\/fjala.info\/2009-2015\/wp-json\/wp\/v2\/media?parent=5289"}],"wp:term":[{"taxonomy":"category","embeddable":true,"href":"https:\/\/fjala.info\/2009-2015\/wp-json\/wp\/v2\/categories?post=5289"},{"taxonomy":"post_tag","embeddable":true,"href":"https:\/\/fjala.info\/2009-2015\/wp-json\/wp\/v2\/tags?post=5289"}],"curies":[{"name":"wp","href":"https:\/\/api.w.org\/{rel}","templated":true}]}}