{"id":5285,"date":"2012-10-05T08:27:02","date_gmt":"2012-10-05T07:27:02","guid":{"rendered":"http:\/\/www.fjala.info\/?p=5285"},"modified":"2012-10-05T08:27:02","modified_gmt":"2012-10-05T07:27:02","slug":"bota-nuk-ka-nevoje-per-nje-president-biznesmen","status":"publish","type":"post","link":"https:\/\/fjala.info\/2009-2015\/bota-nuk-ka-nevoje-per-nje-president-biznesmen\/","title":{"rendered":"Bota nuk ka nevoj\u00eb p\u00ebr nj\u00eb president biznesmen"},"content":{"rendered":"<p><img decoding=\"async\" class=\"alignright size-thumbnail wp-image-7236\" title=\"Arjan Th. Kall\u00e7o\" src=\"http:\/\/www.fjala.info\/2012\/arjan_kallco.jpg\" alt=\"\" width=\"150\" \/> <strong>Arjan Th. Kall\u00e7o<\/strong><\/p>\n<p>Ethet elektorale q\u00eb kan\u00eb p\u00ebrfshir\u00eb Amrik\u00ebn e larg\u00ebt, por sa t\u00eb af\u00ebrt p\u00ebr Shqip\u00ebrin\u00eb, shp\u00ebrthyen sot n\u00eb m\u00ebngjes, me or\u00ebn ton\u00eb, n\u00eb debatin e par\u00eb midis dy kandidat\u00ebve. Qysh sot besoj se edhe tek ne do t\u00eb komentohet gjat\u00eb n\u00eb Media dueli i filluar n\u00eb gar\u00ebn p\u00ebr kreun e Sht\u00ebpis\u00eb s\u00eb Bardh\u00eb. Natyrisht rreshtimi pro nj\u00ebrit prej kandidat\u00ebve do t\u00eb jet\u00eb pjes\u00eb e loj\u00ebs politike shqiptare, e cila ethet e saj elektorale i ka filluar her\u00ebt. Por ndoshta prononcime t\u00eb drejtp\u00ebrdrejta t\u00eb politik\u00ebs shqiptare nuk do t\u00eb ket\u00eb, kjo dihet tashm\u00eb qart\u00eb, dhe do t\u00eb presin fituesin q\u00eb m\u00eb pas t\u00eb d\u00ebrgojn\u00eb urimet.<\/p>\n<p>Opinionet do t\u00eb shtrihen edhe m\u00eb gjer\u00eb, n\u00eb shtresat e ndryshme t\u00eb shoq\u00ebris\u00eb, tek ne i ngjan m\u00eb shum\u00eb nj\u00eb tifozll\u00ebku t\u00eb ndar\u00eb mbi baza partiake ose p\u00eblqimeve personale. Ka shum\u00eb shqiptar\u00eb q\u00eb kan\u00eb pasaport\u00ebn amerikane dhe sit \u00eb gjith\u00eb qytetar\u00ebt amerikan\u00eb, kan\u00eb t\u00eb drejt\u00ebn e tyre q\u00eb t\u00eb votojn\u00eb. Shum\u00eb syresh i shprehin hapur p\u00eblqimet p\u00ebr kandidatin, t\u00eb sigurt\u00eb se nuk ka asnj\u00eb lloj hakmarrje shtet\u00ebrore amerikane q\u00eb t\u00eb nes\u00ebrmen, n\u00ebse humbin, t\u00eb pushohen nga puna. Ver\u00ebsimi i par\u00eb apo si\u00e7 mund ta quajm\u00eb me gjuh\u00ebn e informatik\u00ebs, skarneri, nxori disa rezultate pas debatit, por nuk \u00ebsht\u00eb rezultati p\u00ebrfundimtar q\u00eb vulos gjith\u00e7ka. K\u00ebndv\u00ebshtrimi i opinionist\u00ebve u shtri n\u00eb disa aspekte, duke filluar q\u00eb nga takimi e deri tek shpalosja e programeve p\u00ebrkat\u00ebse t\u00eb kandidat\u00ebve.<\/p>\n<p>Sipas shtypit amerikan n\u00eb k\u00ebt\u00eb debutim t\u00eb par\u00eb dhe pik\u00ebrisht sipas CCN, republikani \u00ebsht\u00eb n\u00eb avantazh p\u00ebr rreth 67% t\u00eb zgjedh\u00ebsve, nd\u00ebrsa Obama n\u00eb kuot\u00ebn 25%. Argumenti p\u00ebr t\u00eb cilin u ndal\u00ebn p\u00ebr rreth 90 minuta ishte ekonomia dhe puna dhe natyrisht Obama do t\u00eb ishte n\u00eb pozicionet e tij mbrojt\u00ebse t\u00eb pun\u00ebs s\u00eb b\u00ebr\u00eb n\u00eb kat\u00ebr vjet dhe Romney n\u00eb sulm p\u00ebr t\u00eb kritikuar zgjedhjet e stafit t\u00eb presidentit aktual. K\u00ebshtu ndodh gjithmon\u00eb n\u00eb fushata, kritikat vijn\u00eb nga opozitar\u00ebt. Duhen edhe 34 dit\u00eb nga zgjedhjet, por deri n\u00eb dat\u00ebn 6 n\u00ebntor ka edhe 4 debate t\u00eb tjera dhe fati i zgjedhjeve nuk besoj se varet nga i pari.<\/p>\n<p>Ndoshta edhe sondazhet jan\u00eb vet\u00ebm nj\u00eb bllof paraelektoral i vet\u00eb amerikan\u00ebve q\u00eb tashm\u00eb ruajn\u00eb nj\u00eb balanc\u00eb n\u00eb qeverisje midis presidentit, senatit dhe parlamentit. Megjithat\u00eb i kthehemi debatit, i cili filloi miq\u00ebsor, nj\u00eb shtr\u00ebngim duarsh, me grat\u00eb respektive t\u00eb pranishme dhe me disa batuta t\u00eb presidentit aktual q\u00eb lidhen me 20 vjetorin e martes\u00ebs. Pika e sulmit filloi me shtres\u00ebn e mesme q\u00eb sipas kandidatit Romney \u00ebsht\u00eb e shtypur, e varrosur, duke sjell\u00eb gaf\u00ebn e Bidenit n\u00eb vigjilje t\u00eb debatit.<\/p>\n<p>Papun\u00ebsia n\u00eb Amerik\u00eb arrin shifr\u00ebn 13 milion\u00eb qytetar\u00eb q\u00eb nuk kan\u00eb pun\u00eb dhe programi Romney synon pavar\u00ebsin\u00eb ernergjtike, dyfishimin e shk\u00ebmbimeve tregtare, vij\u00ebn e ashp\u00ebr me Kin\u00ebn, bilancin n\u00eb ekuilib\u00ebr, mb\u00ebshtetjen ndaj nd\u00ebrmarrjeve t\u00eb vogla dhe t\u00eb m\u00ebdha. Obama, sipas tij, k\u00ebrkon m\u00eb shum\u00eb shpenzime, taksa dhe rregulla, por deficiti \u00ebsht\u00eb dyfishuar. Borxhi i krijuar prej tij \u00ebsh\u00ebt sa i t\u00eb gjith\u00eb president\u00ebve s\u00eb bashku. Nga ana e vet Obama theksoi se trash\u00ebgoi nj\u00eb borxh t\u00eb madh dhe se ka b\u00ebr\u00eb shum\u00eb, por \u00ebsht\u00eb i nd\u00ebrgjegjsh\u00ebm q\u00eb duhet b\u00ebr\u00eb akoma m\u00eb shum\u00eb dhe ka nj\u00eb plan t\u00eb tij. T\u00eb dy kandidat\u00ebt reaguan ndryshe edhe me nj\u00eb gjuh\u00eb tjet\u00ebr, me gjuh\u00ebn e trupit. Obama n\u00eb mbrojtje, Romney i drejtohej shpesh kund\u00ebrshtarit. Obama me shikim tek kamera, duke mos e marr\u00eb n\u00eb konsiderat\u00eb kund\u00ebrshtarin. Obama i ulte syt\u00eb, Romney buz\u00ebqeshte dhe tundte kok\u00ebn, duke mos ia ndar\u00eb syt\u00eb, dukej i sigurt\u00eb p\u00ebr veten.<\/p>\n<p>Obama insistoi duke cituar Klintonin p\u00ebr nj\u00eb patriotiz\u00ebm t\u00eb ri tek shtresa e mesme. Obama me kravat\u00eb t\u00eb kalt\u00ebr, Romney t\u00eb kuqe dhe t\u00eb dy me nga nj\u00eb stem\u00eb n\u00eb xhaket\u00eb, por kandidati me dimensione m\u00eb t\u00eb m\u00ebdha. Ngjyrat nuk tregojn\u00eb realisht p\u00ebrkat\u00ebsin\u00eb politike si tek ne, pasi nuk ka dallime t\u00eb tilla n\u00eb Amrik\u00eb si n\u00eb Europ\u00eb. N\u00eb thelb ka dy filozofi : republikan\u00ebt synojn\u00eb pak\u00ebsimin e nd\u00ebrhyrjeve t\u00eb qeveris\u00eb federale, t\u00eb taksave, t\u00eb deficitit, t\u00eb rregullave, nd\u00ebrsa demokrat\u00ebt synojn\u00eb ndihmat e qeveris\u00eb q\u00eb t\u00eb promovojn\u00eb nj\u00eb ekonomi q\u00eb t\u2019i ndihmoj\u00eb t\u00eb gjith\u00eb qytetar\u00ebt. Synimi i kandidatit ishte q\u00eb t\u2019i p\u00ebrmbyste sondazhet q\u00eb e vendosin presidentin n\u00eb krye n\u00eb nivel komb\u00ebtar dhe n\u00eb shum\u00eb shtete t\u00eb cilat jan\u00eb n\u00eb m\u00ebdyshje.<\/p>\n<p>Presidenti u ndje n\u00eb \u00ebshtir\u00ebsi, u tregua shum\u00eb i kujdessh\u00ebm, nuk replikoi me faktet, bile edhe me ato skandale q\u00eb lidhen me kandidatin, nd\u00ebrsa Romney preferoi t\u2019i p\u00ebrmendte disa t\u00eb njer\u00ebzve t\u00eb Obam\u00ebs, pra preferoi nj\u00eb goditje nga posht\u00eb. Lidhur me taksat Romney u shpreh se nuk do t\u2019ua heq\u00eb taksat t\u00eb pasurve, nd\u00ebrsa Obama theksoi se miliarderi paguan vet\u00ebm 14% t\u00eb tyre. Duke p\u00ebrfituar nga kujdesi i presidentit, kandidati e shpalli veten bipartisan, gati t\u00eb ulet me demokrat\u00ebt q\u00eb t\u00eb punojn\u00eb bashk\u00eb q\u00eb pas dit\u00ebs s\u00eb zgjedhjes. N\u00eb k\u00ebt\u00eb pik\u00eb nuk shkoi m\u00eb larg se vet\u00eb Obama kat\u00ebr vjet m\u00eb par\u00eb kur e b\u00ebri p\u00ebr vete Amerik\u00ebn dhe fitoi n\u00eb zgjedhje. Tifoz\u00ebt p\u00ebrjashta u k\u00ebrkonin debatuesve q\u00eb Romeny \u201cta pushonte Obam\u00ebn\u201d, nd\u00ebrsa demokrat\u00ebt k\u00ebrkonin \u201ct\u00eb ecim p\u00ebrpara\u201d.<\/p>\n<p>Debate i ardhsh\u00ebm \u00ebsht\u00eb m\u00eb 16 tetor n\u00eb New Jork dhe 22 n\u00eb Florida. Do t\u00eb presim edhe debatet e tjera q\u00eb t\u00eb mund t\u00eb japim nj\u00eb gjykim t\u00eb drejt\u00eb lidhur me shanset se cili kandidat do t\u00eb fitoj\u00eb, por ka nj\u00eb gjykim q\u00eb \u00ebsht\u00eb tep\u00ebr i akullt dhe q\u00eb nuk k\u00ebrkon shum\u00eb mend p\u00ebr ta kuptuar: republikan\u00ebt konservator\u00eb, t\u00eb komanduar nga industria e luft\u00ebs, t\u00eb mb\u00ebshtetur tek shtresa e pasur q\u00eb \u00ebsht\u00eb e pakt\u00eb n\u00eb krahasim me pjes\u00ebn tjet\u00ebr amerikane dhe demokrat\u00ebt liberal\u00eb, me v\u00ebmendje tek shtresat e tjera, t\u00eb pavarur nga interesat e luft\u00ebs. N\u00eb k\u00ebt\u00eb pik\u00eb nj\u00eb kandidat demokrat do ta p\u00eblqeja para nj\u00eb republikani dhe ashtu si kat\u00ebr vjet m\u00eb par\u00eb, n\u00ebse do t\u00eb votoja n\u00eb Amerik\u00eb, vota do t\u00eb shkonte p\u00ebr progresin dhe p\u00ebr nj\u00eb shtet p\u00ebr t\u00eb gjith\u00eb.<\/p>\n","protected":false},"excerpt":{"rendered":"<p>Arjan Th. Kall\u00e7o Ethet elektorale q\u00eb kan\u00eb p\u00ebrfshir\u00eb Amrik\u00ebn e larg\u00ebt, por sa t\u00eb af\u00ebrt p\u00ebr Shqip\u00ebrin\u00eb, shp\u00ebrthyen sot n\u00eb m\u00ebngjes, me or\u00ebn ton\u00eb, n\u00eb debatin e par\u00eb midis dy kandidat\u00ebve. Qysh sot besoj se edhe tek ne do t\u00eb komentohet gjat\u00eb n\u00eb Media dueli i filluar n\u00eb gar\u00ebn p\u00ebr kreun e Sht\u00ebpis\u00eb s\u00eb Bardh\u00eb. [&hellip;]<\/p>\n","protected":false},"author":1,"featured_media":0,"comment_status":"open","ping_status":"closed","sticky":false,"template":"","format":"standard","meta":{"footnotes":""},"categories":[2],"tags":[],"class_list":{"0":"post-5285","1":"post","2":"type-post","3":"status-publish","4":"format-standard","6":"category-artikuj"},"yoast_head":"<!-- This site is optimized with the Yoast SEO plugin v27.4 - https:\/\/yoast.com\/product\/yoast-seo-wordpress\/ -->\n<title>Bota nuk ka nevoj\u00eb p\u00ebr nj\u00eb president biznesmen - FjALA e LIR\u00cb - Arkivi<\/title>\n<meta name=\"robots\" content=\"index, follow, max-snippet:-1, max-image-preview:large, max-video-preview:-1\" \/>\n<link rel=\"canonical\" href=\"https:\/\/fjala.info\/2009-2015\/bota-nuk-ka-nevoje-per-nje-president-biznesmen\/\" \/>\n<meta property=\"og:locale\" content=\"sq_AL\" \/>\n<meta property=\"og:type\" content=\"article\" \/>\n<meta property=\"og:title\" content=\"Bota nuk ka nevoj\u00eb p\u00ebr nj\u00eb president biznesmen - FjALA e LIR\u00cb - Arkivi\" \/>\n<meta property=\"og:description\" content=\"Arjan Th. Kall\u00e7o Ethet elektorale q\u00eb kan\u00eb p\u00ebrfshir\u00eb Amrik\u00ebn e larg\u00ebt, por sa t\u00eb af\u00ebrt p\u00ebr Shqip\u00ebrin\u00eb, shp\u00ebrthyen sot n\u00eb m\u00ebngjes, me or\u00ebn ton\u00eb, n\u00eb debatin e par\u00eb midis dy kandidat\u00ebve. Qysh sot besoj se edhe tek ne do t\u00eb komentohet gjat\u00eb n\u00eb Media dueli i filluar n\u00eb gar\u00ebn p\u00ebr kreun e Sht\u00ebpis\u00eb s\u00eb Bardh\u00eb. [&hellip;]\" \/>\n<meta property=\"og:url\" content=\"https:\/\/fjala.info\/2009-2015\/bota-nuk-ka-nevoje-per-nje-president-biznesmen\/\" \/>\n<meta property=\"og:site_name\" content=\"FjALA e LIR\u00cb - Arkivi\" \/>\n<meta property=\"article:published_time\" content=\"2012-10-05T07:27:02+00:00\" \/>\n<meta property=\"og:image\" content=\"http:\/\/www.fjala.info\/2012\/arjan_kallco.jpg\" \/>\n<meta name=\"author\" content=\"admin\" \/>\n<meta name=\"twitter:card\" content=\"summary_large_image\" \/>\n<meta name=\"twitter:label1\" content=\"Written by\" \/>\n\t<meta name=\"twitter:data1\" content=\"admin\" \/>\n\t<meta name=\"twitter:label2\" content=\"Est. reading time\" \/>\n\t<meta name=\"twitter:data2\" content=\"5 minutes\" \/>\n<script type=\"application\/ld+json\" class=\"yoast-schema-graph\">{\"@context\":\"https:\\\/\\\/schema.org\",\"@graph\":[{\"@type\":\"Article\",\"@id\":\"https:\\\/\\\/fjala.info\\\/2009-2015\\\/bota-nuk-ka-nevoje-per-nje-president-biznesmen\\\/#article\",\"isPartOf\":{\"@id\":\"https:\\\/\\\/fjala.info\\\/2009-2015\\\/bota-nuk-ka-nevoje-per-nje-president-biznesmen\\\/\"},\"author\":{\"name\":\"admin\",\"@id\":\"https:\\\/\\\/fjala.info\\\/2009-2015\\\/#\\\/schema\\\/person\\\/3aa1163ef05469c496fc94e77611ada2\"},\"headline\":\"Bota nuk ka nevoj\u00eb p\u00ebr nj\u00eb president biznesmen\",\"datePublished\":\"2012-10-05T07:27:02+00:00\",\"mainEntityOfPage\":{\"@id\":\"https:\\\/\\\/fjala.info\\\/2009-2015\\\/bota-nuk-ka-nevoje-per-nje-president-biznesmen\\\/\"},\"wordCount\":1106,\"commentCount\":0,\"publisher\":{\"@id\":\"https:\\\/\\\/fjala.info\\\/2009-2015\\\/#organization\"},\"image\":{\"@id\":\"https:\\\/\\\/fjala.info\\\/2009-2015\\\/bota-nuk-ka-nevoje-per-nje-president-biznesmen\\\/#primaryimage\"},\"thumbnailUrl\":\"http:\\\/\\\/www.fjala.info\\\/2012\\\/arjan_kallco.jpg\",\"articleSection\":[\"Artikuj\"],\"inLanguage\":\"sq-AL\",\"potentialAction\":[{\"@type\":\"CommentAction\",\"name\":\"Comment\",\"target\":[\"https:\\\/\\\/fjala.info\\\/2009-2015\\\/bota-nuk-ka-nevoje-per-nje-president-biznesmen\\\/#respond\"]}]},{\"@type\":\"WebPage\",\"@id\":\"https:\\\/\\\/fjala.info\\\/2009-2015\\\/bota-nuk-ka-nevoje-per-nje-president-biznesmen\\\/\",\"url\":\"https:\\\/\\\/fjala.info\\\/2009-2015\\\/bota-nuk-ka-nevoje-per-nje-president-biznesmen\\\/\",\"name\":\"Bota nuk ka nevoj\u00eb p\u00ebr nj\u00eb president biznesmen - FjALA e LIR\u00cb - Arkivi\",\"isPartOf\":{\"@id\":\"https:\\\/\\\/fjala.info\\\/2009-2015\\\/#website\"},\"primaryImageOfPage\":{\"@id\":\"https:\\\/\\\/fjala.info\\\/2009-2015\\\/bota-nuk-ka-nevoje-per-nje-president-biznesmen\\\/#primaryimage\"},\"image\":{\"@id\":\"https:\\\/\\\/fjala.info\\\/2009-2015\\\/bota-nuk-ka-nevoje-per-nje-president-biznesmen\\\/#primaryimage\"},\"thumbnailUrl\":\"http:\\\/\\\/www.fjala.info\\\/2012\\\/arjan_kallco.jpg\",\"datePublished\":\"2012-10-05T07:27:02+00:00\",\"breadcrumb\":{\"@id\":\"https:\\\/\\\/fjala.info\\\/2009-2015\\\/bota-nuk-ka-nevoje-per-nje-president-biznesmen\\\/#breadcrumb\"},\"inLanguage\":\"sq-AL\",\"potentialAction\":[{\"@type\":\"ReadAction\",\"target\":[\"https:\\\/\\\/fjala.info\\\/2009-2015\\\/bota-nuk-ka-nevoje-per-nje-president-biznesmen\\\/\"]}]},{\"@type\":\"ImageObject\",\"inLanguage\":\"sq-AL\",\"@id\":\"https:\\\/\\\/fjala.info\\\/2009-2015\\\/bota-nuk-ka-nevoje-per-nje-president-biznesmen\\\/#primaryimage\",\"url\":\"http:\\\/\\\/www.fjala.info\\\/2012\\\/arjan_kallco.jpg\",\"contentUrl\":\"http:\\\/\\\/www.fjala.info\\\/2012\\\/arjan_kallco.jpg\"},{\"@type\":\"BreadcrumbList\",\"@id\":\"https:\\\/\\\/fjala.info\\\/2009-2015\\\/bota-nuk-ka-nevoje-per-nje-president-biznesmen\\\/#breadcrumb\",\"itemListElement\":[{\"@type\":\"ListItem\",\"position\":1,\"name\":\"Home\",\"item\":\"https:\\\/\\\/fjala.info\\\/2009-2015\\\/\"},{\"@type\":\"ListItem\",\"position\":2,\"name\":\"Bota nuk ka nevoj\u00eb p\u00ebr nj\u00eb president biznesmen\"}]},{\"@type\":\"WebSite\",\"@id\":\"https:\\\/\\\/fjala.info\\\/2009-2015\\\/#website\",\"url\":\"https:\\\/\\\/fjala.info\\\/2009-2015\\\/\",\"name\":\"FjALA e LIR\u00cb - Arkivi\",\"description\":\"Arkivi 2009-2015\",\"publisher\":{\"@id\":\"https:\\\/\\\/fjala.info\\\/2009-2015\\\/#organization\"},\"potentialAction\":[{\"@type\":\"SearchAction\",\"target\":{\"@type\":\"EntryPoint\",\"urlTemplate\":\"https:\\\/\\\/fjala.info\\\/2009-2015\\\/?s={search_term_string}\"},\"query-input\":{\"@type\":\"PropertyValueSpecification\",\"valueRequired\":true,\"valueName\":\"search_term_string\"}}],\"inLanguage\":\"sq-AL\"},{\"@type\":\"Organization\",\"@id\":\"https:\\\/\\\/fjala.info\\\/2009-2015\\\/#organization\",\"name\":\"FjALA e LIR\u00cb - Arkivi\",\"url\":\"https:\\\/\\\/fjala.info\\\/2009-2015\\\/\",\"logo\":{\"@type\":\"ImageObject\",\"inLanguage\":\"sq-AL\",\"@id\":\"https:\\\/\\\/fjala.info\\\/2009-2015\\\/#\\\/schema\\\/logo\\\/image\\\/\",\"url\":\"\",\"contentUrl\":\"\",\"caption\":\"FjALA e LIR\u00cb - Arkivi\"},\"image\":{\"@id\":\"https:\\\/\\\/fjala.info\\\/2009-2015\\\/#\\\/schema\\\/logo\\\/image\\\/\"}},{\"@type\":\"Person\",\"@id\":\"https:\\\/\\\/fjala.info\\\/2009-2015\\\/#\\\/schema\\\/person\\\/3aa1163ef05469c496fc94e77611ada2\",\"name\":\"admin\",\"image\":{\"@type\":\"ImageObject\",\"inLanguage\":\"sq-AL\",\"@id\":\"https:\\\/\\\/fjala.info\\\/2009-2015\\\/wp-content\\\/uploads\\\/2012\\\/02\\\/arben_cokaj-120x150.jpg\",\"url\":\"https:\\\/\\\/fjala.info\\\/2009-2015\\\/wp-content\\\/uploads\\\/2012\\\/02\\\/arben_cokaj-120x150.jpg\",\"contentUrl\":\"https:\\\/\\\/fjala.info\\\/2009-2015\\\/wp-content\\\/uploads\\\/2012\\\/02\\\/arben_cokaj-120x150.jpg\",\"caption\":\"admin\"},\"description\":\"Admin, Fjala e Lir\u00eb\",\"sameAs\":[\"https:\\\/\\\/fjala.info\\\/\"],\"url\":\"https:\\\/\\\/fjala.info\\\/2009-2015\\\/author\\\/admin\\\/\"}]}<\/script>\n<!-- \/ Yoast SEO plugin. -->","yoast_head_json":{"title":"Bota nuk ka nevoj\u00eb p\u00ebr nj\u00eb president biznesmen - FjALA e LIR\u00cb - Arkivi","robots":{"index":"index","follow":"follow","max-snippet":"max-snippet:-1","max-image-preview":"max-image-preview:large","max-video-preview":"max-video-preview:-1"},"canonical":"https:\/\/fjala.info\/2009-2015\/bota-nuk-ka-nevoje-per-nje-president-biznesmen\/","og_locale":"sq_AL","og_type":"article","og_title":"Bota nuk ka nevoj\u00eb p\u00ebr nj\u00eb president biznesmen - FjALA e LIR\u00cb - Arkivi","og_description":"Arjan Th. Kall\u00e7o Ethet elektorale q\u00eb kan\u00eb p\u00ebrfshir\u00eb Amrik\u00ebn e larg\u00ebt, por sa t\u00eb af\u00ebrt p\u00ebr Shqip\u00ebrin\u00eb, shp\u00ebrthyen sot n\u00eb m\u00ebngjes, me or\u00ebn ton\u00eb, n\u00eb debatin e par\u00eb midis dy kandidat\u00ebve. Qysh sot besoj se edhe tek ne do t\u00eb komentohet gjat\u00eb n\u00eb Media dueli i filluar n\u00eb gar\u00ebn p\u00ebr kreun e Sht\u00ebpis\u00eb s\u00eb Bardh\u00eb. [&hellip;]","og_url":"https:\/\/fjala.info\/2009-2015\/bota-nuk-ka-nevoje-per-nje-president-biznesmen\/","og_site_name":"FjALA e LIR\u00cb - Arkivi","article_published_time":"2012-10-05T07:27:02+00:00","og_image":[{"url":"http:\/\/www.fjala.info\/2012\/arjan_kallco.jpg","type":"","width":"","height":""}],"author":"admin","twitter_card":"summary_large_image","twitter_misc":{"Written by":"admin","Est. reading time":"5 minutes"},"schema":{"@context":"https:\/\/schema.org","@graph":[{"@type":"Article","@id":"https:\/\/fjala.info\/2009-2015\/bota-nuk-ka-nevoje-per-nje-president-biznesmen\/#article","isPartOf":{"@id":"https:\/\/fjala.info\/2009-2015\/bota-nuk-ka-nevoje-per-nje-president-biznesmen\/"},"author":{"name":"admin","@id":"https:\/\/fjala.info\/2009-2015\/#\/schema\/person\/3aa1163ef05469c496fc94e77611ada2"},"headline":"Bota nuk ka nevoj\u00eb p\u00ebr nj\u00eb president biznesmen","datePublished":"2012-10-05T07:27:02+00:00","mainEntityOfPage":{"@id":"https:\/\/fjala.info\/2009-2015\/bota-nuk-ka-nevoje-per-nje-president-biznesmen\/"},"wordCount":1106,"commentCount":0,"publisher":{"@id":"https:\/\/fjala.info\/2009-2015\/#organization"},"image":{"@id":"https:\/\/fjala.info\/2009-2015\/bota-nuk-ka-nevoje-per-nje-president-biznesmen\/#primaryimage"},"thumbnailUrl":"http:\/\/www.fjala.info\/2012\/arjan_kallco.jpg","articleSection":["Artikuj"],"inLanguage":"sq-AL","potentialAction":[{"@type":"CommentAction","name":"Comment","target":["https:\/\/fjala.info\/2009-2015\/bota-nuk-ka-nevoje-per-nje-president-biznesmen\/#respond"]}]},{"@type":"WebPage","@id":"https:\/\/fjala.info\/2009-2015\/bota-nuk-ka-nevoje-per-nje-president-biznesmen\/","url":"https:\/\/fjala.info\/2009-2015\/bota-nuk-ka-nevoje-per-nje-president-biznesmen\/","name":"Bota nuk ka nevoj\u00eb p\u00ebr nj\u00eb president biznesmen - FjALA e LIR\u00cb - Arkivi","isPartOf":{"@id":"https:\/\/fjala.info\/2009-2015\/#website"},"primaryImageOfPage":{"@id":"https:\/\/fjala.info\/2009-2015\/bota-nuk-ka-nevoje-per-nje-president-biznesmen\/#primaryimage"},"image":{"@id":"https:\/\/fjala.info\/2009-2015\/bota-nuk-ka-nevoje-per-nje-president-biznesmen\/#primaryimage"},"thumbnailUrl":"http:\/\/www.fjala.info\/2012\/arjan_kallco.jpg","datePublished":"2012-10-05T07:27:02+00:00","breadcrumb":{"@id":"https:\/\/fjala.info\/2009-2015\/bota-nuk-ka-nevoje-per-nje-president-biznesmen\/#breadcrumb"},"inLanguage":"sq-AL","potentialAction":[{"@type":"ReadAction","target":["https:\/\/fjala.info\/2009-2015\/bota-nuk-ka-nevoje-per-nje-president-biznesmen\/"]}]},{"@type":"ImageObject","inLanguage":"sq-AL","@id":"https:\/\/fjala.info\/2009-2015\/bota-nuk-ka-nevoje-per-nje-president-biznesmen\/#primaryimage","url":"http:\/\/www.fjala.info\/2012\/arjan_kallco.jpg","contentUrl":"http:\/\/www.fjala.info\/2012\/arjan_kallco.jpg"},{"@type":"BreadcrumbList","@id":"https:\/\/fjala.info\/2009-2015\/bota-nuk-ka-nevoje-per-nje-president-biznesmen\/#breadcrumb","itemListElement":[{"@type":"ListItem","position":1,"name":"Home","item":"https:\/\/fjala.info\/2009-2015\/"},{"@type":"ListItem","position":2,"name":"Bota nuk ka nevoj\u00eb p\u00ebr nj\u00eb president biznesmen"}]},{"@type":"WebSite","@id":"https:\/\/fjala.info\/2009-2015\/#website","url":"https:\/\/fjala.info\/2009-2015\/","name":"FjALA e LIR\u00cb - Arkivi","description":"Arkivi 2009-2015","publisher":{"@id":"https:\/\/fjala.info\/2009-2015\/#organization"},"potentialAction":[{"@type":"SearchAction","target":{"@type":"EntryPoint","urlTemplate":"https:\/\/fjala.info\/2009-2015\/?s={search_term_string}"},"query-input":{"@type":"PropertyValueSpecification","valueRequired":true,"valueName":"search_term_string"}}],"inLanguage":"sq-AL"},{"@type":"Organization","@id":"https:\/\/fjala.info\/2009-2015\/#organization","name":"FjALA e LIR\u00cb - Arkivi","url":"https:\/\/fjala.info\/2009-2015\/","logo":{"@type":"ImageObject","inLanguage":"sq-AL","@id":"https:\/\/fjala.info\/2009-2015\/#\/schema\/logo\/image\/","url":"","contentUrl":"","caption":"FjALA e LIR\u00cb - Arkivi"},"image":{"@id":"https:\/\/fjala.info\/2009-2015\/#\/schema\/logo\/image\/"}},{"@type":"Person","@id":"https:\/\/fjala.info\/2009-2015\/#\/schema\/person\/3aa1163ef05469c496fc94e77611ada2","name":"admin","image":{"@type":"ImageObject","inLanguage":"sq-AL","@id":"https:\/\/fjala.info\/2009-2015\/wp-content\/uploads\/2012\/02\/arben_cokaj-120x150.jpg","url":"https:\/\/fjala.info\/2009-2015\/wp-content\/uploads\/2012\/02\/arben_cokaj-120x150.jpg","contentUrl":"https:\/\/fjala.info\/2009-2015\/wp-content\/uploads\/2012\/02\/arben_cokaj-120x150.jpg","caption":"admin"},"description":"Admin, Fjala e Lir\u00eb","sameAs":["https:\/\/fjala.info\/"],"url":"https:\/\/fjala.info\/2009-2015\/author\/admin\/"}]}},"_links":{"self":[{"href":"https:\/\/fjala.info\/2009-2015\/wp-json\/wp\/v2\/posts\/5285","targetHints":{"allow":["GET"]}}],"collection":[{"href":"https:\/\/fjala.info\/2009-2015\/wp-json\/wp\/v2\/posts"}],"about":[{"href":"https:\/\/fjala.info\/2009-2015\/wp-json\/wp\/v2\/types\/post"}],"author":[{"embeddable":true,"href":"https:\/\/fjala.info\/2009-2015\/wp-json\/wp\/v2\/users\/1"}],"replies":[{"embeddable":true,"href":"https:\/\/fjala.info\/2009-2015\/wp-json\/wp\/v2\/comments?post=5285"}],"version-history":[{"count":0,"href":"https:\/\/fjala.info\/2009-2015\/wp-json\/wp\/v2\/posts\/5285\/revisions"}],"wp:attachment":[{"href":"https:\/\/fjala.info\/2009-2015\/wp-json\/wp\/v2\/media?parent=5285"}],"wp:term":[{"taxonomy":"category","embeddable":true,"href":"https:\/\/fjala.info\/2009-2015\/wp-json\/wp\/v2\/categories?post=5285"},{"taxonomy":"post_tag","embeddable":true,"href":"https:\/\/fjala.info\/2009-2015\/wp-json\/wp\/v2\/tags?post=5285"}],"curies":[{"name":"wp","href":"https:\/\/api.w.org\/{rel}","templated":true}]}}