{"id":5283,"date":"2012-10-06T08:26:21","date_gmt":"2012-10-06T07:26:21","guid":{"rendered":"http:\/\/www.fjala.info\/?p=5283"},"modified":"2012-10-06T08:26:21","modified_gmt":"2012-10-06T07:26:21","slug":"arti-pamor-terheqese-per-turistet-ne-shqiperi","status":"publish","type":"post","link":"https:\/\/fjala.info\/2009-2015\/arti-pamor-terheqese-per-turistet-ne-shqiperi\/","title":{"rendered":"Arti pamor t\u00ebrheq\u00ebse p\u00ebr turist\u00ebt n\u00eb Shqip\u00ebri !"},"content":{"rendered":"<p><img decoding=\"async\" class=\"alignleft size-thumbnail wp-image-7236\" title=\"Asllan Dibrani\" src=\"http:\/\/www.fjala.info\/2012\/asllan_dibrani1.jpg\" alt=\"\" width=\"150\" \/> Nga <strong>Asllan Dibrani<\/strong><\/p>\n<p>Shqip\u00ebria n\u00eb vitet e fundit \u00ebsht\u00eb duke ecur p\u00ebrpara n\u00eb t\u00eb gjitha fushat ekonomike, shkencore, tregtare , teknologjike etj., por nj\u00eb vend te ve\u00e7ant\u00eb po e nx\u00ebn\u00eb duke sh\u00ebnuar hapa t\u00eb r\u00ebnd\u00ebsish\u00ebm ne gadishullin ballkanik n\u00eb turiz\u00ebm. Ulqini me nj\u00eb tradite turistike ma her\u00ebt se n\u00eb Shqip\u00ebri, por aktualisht ka ngel n\u00eb hap me kohen, nd\u00ebrsa Shqip\u00ebria ka demonstruar drejt nj\u00eb baza t\u00eb sh\u00ebndosh\u00eb, ku n\u00eb t\u00eb nj\u00ebjt\u00ebn koh\u00eb nuk \u00ebsht\u00eb akoma qe te krijojm\u00eb ndonj\u00eb imazh t\u00eb k\u00ebnaq\u00ebsis\u00eb. M\u00eb b\u00ebri di\u00e7ka t\u00ebrheq\u00ebse n\u00eb t\u00eb gjith\u00eb territorin e Shqip\u00ebris\u00eb p\u00ebr gjat\u00eb bregdetit, por edhe n\u00eb Ulqin n\u00eb t\u00eb gjitha pikat turistike ka filluar paraqitet edhe filozofia e artit pamor si ne pikture, drugdhendje gurgdhendje etj.<\/p>\n<p style=\"text-align: center;\"><img decoding=\"async\" class=\"aligncenter size-thumbnail wp-image-7236\" title=\"Portrete n\u00eb Ulqin\" src=\"http:\/\/www.fjala.info\/2012\/portrete_ulqin.jpg\" alt=\"\" width=\"450\" \/><em>Pamje nga nj\u00eb piktor duke b\u00ebre portrete n\u00eb Ulqin n\u00eb bulevardin e sh\u00ebtitores p\u00ebr buz\u00eb Kalas\u00eb se mrekullueshme me nj\u00eb arkitektur\u00eb t\u00eb bukur.<\/em><\/p>\n<p>Po ve\u00e7ojm\u00eb k\u00ebsaj here zhvillimin e artit rrugor ne pikat turistike, gj\u00eb qe po e nxite atdhedashurin\u00eb ndaj vendit ton\u00eb t\u00eb shtrenjt\u00eb edhe p\u00ebrmes pasqyrimit t\u00eb vlerave tona artistike si nga figurat tona komb\u00ebtare, n\u00eb kultur\u00eb art, pa e l\u00ebn\u00eb anash edhe arkitektur\u00ebn e bukur, shume t\u00ebrheq\u00ebse n\u00eb Shqip\u00ebri. Shqip\u00ebria nj\u00eb vend ballkanik jo edhe i madh si shtetet e disa popujve n\u00eb Evrope, por n\u00eb an\u00ebn e vlerave historike mund t\u00eb krenohemi dhe mund t\u00eb konkurrojm\u00eb n\u00eb gjirin e popujve t\u00eb m\u00ebdhenj me nj\u00eb t\u00eb kaluar shum\u00eb t\u00eb pasur artistike si n\u00eb infrastruktur\u00eb, arkitektur\u00eb, punime arti, muzeume, amfiteatroetj. Pikat turistike t\u00eb Shqip\u00ebris\u00eb n\u00eb k\u00ebto vite jan\u00eb duke krijuar nj\u00eb imazh shum\u00eb pozitiv edhe nga turizmi i huaj. Turizmin n\u00eb Shqip\u00ebri po e begatohet me nj\u00eb jet\u00eb ma atraktive, n\u00eb bulevardet dhe pikat e sh\u00ebtitoreve pran qendrave turistike p\u00ebr gjate bregdetit shqiptar qe shiten punimet artistike t\u00eb punuara nga piktor\u00eb t\u00eb ndrysh\u00ebm.<\/p>\n<p style=\"text-align: center;\"><img decoding=\"async\" class=\"aligncenter size-thumbnail wp-image-7236\" title=\"Piktura n\u00eb Ulqin\" src=\"http:\/\/www.fjala.info\/2012\/piktura_velipoje.jpg\" alt=\"\" width=\"450\" \/><em>Pamje nga nj\u00eb mbr\u00ebmje turistike n\u00eb Velipoj\u00eb duke shitur piktura nj\u00eb piktor me motive nga Shqip\u00ebria me figura tona komb\u00ebtare, por edhe me peizazhe t\u00eb bukura.<\/em><\/p>\n<p>N\u00eb mesin e k\u00ebtyre pikturave dominon nacionalja si figurat e Sk\u00ebnderbeut, Adem Jashari, N\u00ebna Terez\u00eb, heronjt\u00eb t\u00eb se kaluar\u00ebs, kulla, peizazhe , k\u00ebshtjella t\u00eb gjitha me vlera historike. Tek t\u00eb gjitha k\u00ebto t\u00eb dh\u00ebna pasqyrojm\u00eb dy element\u00eb; pasioni p\u00ebr t\u00eb b\u00ebr\u00eb art dhe krijimi i mund\u00ebsive ekonomike p\u00ebr familjen e tyre . N\u00eb rrug\u00ebt kryesore n\u00eb sh\u00ebtitoret e mbr\u00ebmjes v\u00ebrejm\u00eb dhjet\u00ebra piktor\u00eb qe b\u00ebjn\u00eb portrete , dikush tatuazhin , dikush shet punimet e artit nga ateliet\u00eb e tyre, por edhe t\u00eb tille qe aty p\u00ebr aty realizojn\u00eb portretimin e psikologjis\u00eb dhe karaktereve t\u00eb njer\u00ebzve.<\/p>\n<p style=\"text-align: center;\"><img decoding=\"async\" class=\"aligncenter size-thumbnail wp-image-7236\" title=\"Tatuazhe n\u00eb Ulqin\" src=\"http:\/\/www.fjala.info\/2012\/tatuazhe_ulqin.jpg\" alt=\"\" width=\"300\" \/><em>Pamje nga tatuazhmit i nj\u00eb t\u00eb reje n\u00eb Ulqin<\/em><\/p>\n<p>Koloriti shum\u00eb ngjyr\u00ebsh n\u00ebp\u00ebrmjet k\u00ebtyre pikturave q\u00eb b\u00ebhen n\u00eb rrug\u00eb, e pasurojn\u00eb bagazhin artistik, me nj\u00eb panoram\u00eb t\u00eb ve\u00e7ant\u00eb, qe vet flasin kompozimet e tyre shum\u00ebngjyr\u00ebshe dhe artistike qe i p\u00ebrmend\u00ebm edhe ma lart\u00eb .Si rrjedhoj\u00eb , ky lloj arti po e nxit turit\u00ebt qe ti ken\u00eb n\u00eb muret e sht\u00ebpive te veta ndonj\u00eb piktur\u00eb, portret apo ndonj\u00eb punim artistik , me motive nga Shqip\u00ebria . K\u00ebto punime mbeten si pasion i pushimeve n\u00eb bregdetin shqiptar me \u00e7ka po e nxitet edhe atdhedashuria p\u00ebr mes k\u00ebtij arti! Ma n\u00eb fund konstatojm\u00eb se ky lloj arti ,po i jap sinjal pozitiv turizmit n\u00eb Shqip\u00ebri qe muret e m\u00ebrgimtareve, por edhe turist\u00ebve t\u00eb huaj n\u00eb sht\u00ebpit\u00eb e tyre t\u00eb shk\u00eblqen di\u00e7ka artistike me kujtes\u00eb nga turizmi n\u00eb Shqip\u00ebri!<\/p>\n<p><em>Shtutgard, Tetor 2012<\/em><\/p>\n","protected":false},"excerpt":{"rendered":"<p>Nga Asllan Dibrani Shqip\u00ebria n\u00eb vitet e fundit \u00ebsht\u00eb duke ecur p\u00ebrpara n\u00eb t\u00eb gjitha fushat ekonomike, shkencore, tregtare , teknologjike etj., por nj\u00eb vend te ve\u00e7ant\u00eb po e nx\u00ebn\u00eb duke sh\u00ebnuar hapa t\u00eb r\u00ebnd\u00ebsish\u00ebm ne gadishullin ballkanik n\u00eb turiz\u00ebm. Ulqini me nj\u00eb tradite turistike ma her\u00ebt se n\u00eb Shqip\u00ebri, por aktualisht ka ngel n\u00eb [&hellip;]<\/p>\n","protected":false},"author":1,"featured_media":0,"comment_status":"open","ping_status":"closed","sticky":false,"template":"","format":"standard","meta":{"footnotes":""},"categories":[2],"tags":[],"class_list":{"0":"post-5283","1":"post","2":"type-post","3":"status-publish","4":"format-standard","6":"category-artikuj"},"yoast_head":"<!-- This site is optimized with the Yoast SEO plugin v27.4 - https:\/\/yoast.com\/product\/yoast-seo-wordpress\/ -->\n<title>Arti pamor t\u00ebrheq\u00ebse p\u00ebr turist\u00ebt n\u00eb Shqip\u00ebri ! - FjALA e LIR\u00cb - Arkivi<\/title>\n<meta name=\"robots\" content=\"index, follow, max-snippet:-1, max-image-preview:large, max-video-preview:-1\" \/>\n<link rel=\"canonical\" href=\"https:\/\/fjala.info\/2009-2015\/arti-pamor-terheqese-per-turistet-ne-shqiperi\/\" \/>\n<meta property=\"og:locale\" content=\"sq_AL\" \/>\n<meta property=\"og:type\" content=\"article\" \/>\n<meta property=\"og:title\" content=\"Arti pamor t\u00ebrheq\u00ebse p\u00ebr turist\u00ebt n\u00eb Shqip\u00ebri ! - FjALA e LIR\u00cb - Arkivi\" \/>\n<meta property=\"og:description\" content=\"Nga Asllan Dibrani Shqip\u00ebria n\u00eb vitet e fundit \u00ebsht\u00eb duke ecur p\u00ebrpara n\u00eb t\u00eb gjitha fushat ekonomike, shkencore, tregtare , teknologjike etj., por nj\u00eb vend te ve\u00e7ant\u00eb po e nx\u00ebn\u00eb duke sh\u00ebnuar hapa t\u00eb r\u00ebnd\u00ebsish\u00ebm ne gadishullin ballkanik n\u00eb turiz\u00ebm. Ulqini me nj\u00eb tradite turistike ma her\u00ebt se n\u00eb Shqip\u00ebri, por aktualisht ka ngel n\u00eb [&hellip;]\" \/>\n<meta property=\"og:url\" content=\"https:\/\/fjala.info\/2009-2015\/arti-pamor-terheqese-per-turistet-ne-shqiperi\/\" \/>\n<meta property=\"og:site_name\" content=\"FjALA e LIR\u00cb - Arkivi\" \/>\n<meta property=\"article:published_time\" content=\"2012-10-06T07:26:21+00:00\" \/>\n<meta property=\"og:image\" content=\"http:\/\/www.fjala.info\/2012\/asllan_dibrani1.jpg\" \/>\n<meta name=\"author\" content=\"admin\" \/>\n<meta name=\"twitter:card\" content=\"summary_large_image\" \/>\n<meta name=\"twitter:label1\" content=\"Written by\" \/>\n\t<meta name=\"twitter:data1\" content=\"admin\" \/>\n\t<meta name=\"twitter:label2\" content=\"Est. reading time\" \/>\n\t<meta name=\"twitter:data2\" content=\"3 minutes\" \/>\n<script type=\"application\/ld+json\" class=\"yoast-schema-graph\">{\"@context\":\"https:\\\/\\\/schema.org\",\"@graph\":[{\"@type\":\"Article\",\"@id\":\"https:\\\/\\\/fjala.info\\\/2009-2015\\\/arti-pamor-terheqese-per-turistet-ne-shqiperi\\\/#article\",\"isPartOf\":{\"@id\":\"https:\\\/\\\/fjala.info\\\/2009-2015\\\/arti-pamor-terheqese-per-turistet-ne-shqiperi\\\/\"},\"author\":{\"name\":\"admin\",\"@id\":\"https:\\\/\\\/fjala.info\\\/2009-2015\\\/#\\\/schema\\\/person\\\/3aa1163ef05469c496fc94e77611ada2\"},\"headline\":\"Arti pamor t\u00ebrheq\u00ebse p\u00ebr turist\u00ebt n\u00eb Shqip\u00ebri !\",\"datePublished\":\"2012-10-06T07:26:21+00:00\",\"mainEntityOfPage\":{\"@id\":\"https:\\\/\\\/fjala.info\\\/2009-2015\\\/arti-pamor-terheqese-per-turistet-ne-shqiperi\\\/\"},\"wordCount\":644,\"commentCount\":0,\"publisher\":{\"@id\":\"https:\\\/\\\/fjala.info\\\/2009-2015\\\/#organization\"},\"image\":{\"@id\":\"https:\\\/\\\/fjala.info\\\/2009-2015\\\/arti-pamor-terheqese-per-turistet-ne-shqiperi\\\/#primaryimage\"},\"thumbnailUrl\":\"http:\\\/\\\/www.fjala.info\\\/2012\\\/asllan_dibrani1.jpg\",\"articleSection\":[\"Artikuj\"],\"inLanguage\":\"sq-AL\",\"potentialAction\":[{\"@type\":\"CommentAction\",\"name\":\"Comment\",\"target\":[\"https:\\\/\\\/fjala.info\\\/2009-2015\\\/arti-pamor-terheqese-per-turistet-ne-shqiperi\\\/#respond\"]}]},{\"@type\":\"WebPage\",\"@id\":\"https:\\\/\\\/fjala.info\\\/2009-2015\\\/arti-pamor-terheqese-per-turistet-ne-shqiperi\\\/\",\"url\":\"https:\\\/\\\/fjala.info\\\/2009-2015\\\/arti-pamor-terheqese-per-turistet-ne-shqiperi\\\/\",\"name\":\"Arti pamor t\u00ebrheq\u00ebse p\u00ebr turist\u00ebt n\u00eb Shqip\u00ebri ! - FjALA e LIR\u00cb - Arkivi\",\"isPartOf\":{\"@id\":\"https:\\\/\\\/fjala.info\\\/2009-2015\\\/#website\"},\"primaryImageOfPage\":{\"@id\":\"https:\\\/\\\/fjala.info\\\/2009-2015\\\/arti-pamor-terheqese-per-turistet-ne-shqiperi\\\/#primaryimage\"},\"image\":{\"@id\":\"https:\\\/\\\/fjala.info\\\/2009-2015\\\/arti-pamor-terheqese-per-turistet-ne-shqiperi\\\/#primaryimage\"},\"thumbnailUrl\":\"http:\\\/\\\/www.fjala.info\\\/2012\\\/asllan_dibrani1.jpg\",\"datePublished\":\"2012-10-06T07:26:21+00:00\",\"breadcrumb\":{\"@id\":\"https:\\\/\\\/fjala.info\\\/2009-2015\\\/arti-pamor-terheqese-per-turistet-ne-shqiperi\\\/#breadcrumb\"},\"inLanguage\":\"sq-AL\",\"potentialAction\":[{\"@type\":\"ReadAction\",\"target\":[\"https:\\\/\\\/fjala.info\\\/2009-2015\\\/arti-pamor-terheqese-per-turistet-ne-shqiperi\\\/\"]}]},{\"@type\":\"ImageObject\",\"inLanguage\":\"sq-AL\",\"@id\":\"https:\\\/\\\/fjala.info\\\/2009-2015\\\/arti-pamor-terheqese-per-turistet-ne-shqiperi\\\/#primaryimage\",\"url\":\"http:\\\/\\\/www.fjala.info\\\/2012\\\/asllan_dibrani1.jpg\",\"contentUrl\":\"http:\\\/\\\/www.fjala.info\\\/2012\\\/asllan_dibrani1.jpg\"},{\"@type\":\"BreadcrumbList\",\"@id\":\"https:\\\/\\\/fjala.info\\\/2009-2015\\\/arti-pamor-terheqese-per-turistet-ne-shqiperi\\\/#breadcrumb\",\"itemListElement\":[{\"@type\":\"ListItem\",\"position\":1,\"name\":\"Home\",\"item\":\"https:\\\/\\\/fjala.info\\\/2009-2015\\\/\"},{\"@type\":\"ListItem\",\"position\":2,\"name\":\"Arti pamor t\u00ebrheq\u00ebse p\u00ebr turist\u00ebt n\u00eb Shqip\u00ebri !\"}]},{\"@type\":\"WebSite\",\"@id\":\"https:\\\/\\\/fjala.info\\\/2009-2015\\\/#website\",\"url\":\"https:\\\/\\\/fjala.info\\\/2009-2015\\\/\",\"name\":\"FjALA e LIR\u00cb - Arkivi\",\"description\":\"Arkivi 2009-2015\",\"publisher\":{\"@id\":\"https:\\\/\\\/fjala.info\\\/2009-2015\\\/#organization\"},\"potentialAction\":[{\"@type\":\"SearchAction\",\"target\":{\"@type\":\"EntryPoint\",\"urlTemplate\":\"https:\\\/\\\/fjala.info\\\/2009-2015\\\/?s={search_term_string}\"},\"query-input\":{\"@type\":\"PropertyValueSpecification\",\"valueRequired\":true,\"valueName\":\"search_term_string\"}}],\"inLanguage\":\"sq-AL\"},{\"@type\":\"Organization\",\"@id\":\"https:\\\/\\\/fjala.info\\\/2009-2015\\\/#organization\",\"name\":\"FjALA e LIR\u00cb - Arkivi\",\"url\":\"https:\\\/\\\/fjala.info\\\/2009-2015\\\/\",\"logo\":{\"@type\":\"ImageObject\",\"inLanguage\":\"sq-AL\",\"@id\":\"https:\\\/\\\/fjala.info\\\/2009-2015\\\/#\\\/schema\\\/logo\\\/image\\\/\",\"url\":\"\",\"contentUrl\":\"\",\"caption\":\"FjALA e LIR\u00cb - Arkivi\"},\"image\":{\"@id\":\"https:\\\/\\\/fjala.info\\\/2009-2015\\\/#\\\/schema\\\/logo\\\/image\\\/\"}},{\"@type\":\"Person\",\"@id\":\"https:\\\/\\\/fjala.info\\\/2009-2015\\\/#\\\/schema\\\/person\\\/3aa1163ef05469c496fc94e77611ada2\",\"name\":\"admin\",\"image\":{\"@type\":\"ImageObject\",\"inLanguage\":\"sq-AL\",\"@id\":\"https:\\\/\\\/fjala.info\\\/2009-2015\\\/wp-content\\\/uploads\\\/2012\\\/02\\\/arben_cokaj-120x150.jpg\",\"url\":\"https:\\\/\\\/fjala.info\\\/2009-2015\\\/wp-content\\\/uploads\\\/2012\\\/02\\\/arben_cokaj-120x150.jpg\",\"contentUrl\":\"https:\\\/\\\/fjala.info\\\/2009-2015\\\/wp-content\\\/uploads\\\/2012\\\/02\\\/arben_cokaj-120x150.jpg\",\"caption\":\"admin\"},\"description\":\"Admin, Fjala e Lir\u00eb\",\"sameAs\":[\"https:\\\/\\\/fjala.info\\\/\"],\"url\":\"https:\\\/\\\/fjala.info\\\/2009-2015\\\/author\\\/admin\\\/\"}]}<\/script>\n<!-- \/ Yoast SEO plugin. -->","yoast_head_json":{"title":"Arti pamor t\u00ebrheq\u00ebse p\u00ebr turist\u00ebt n\u00eb Shqip\u00ebri ! - FjALA e LIR\u00cb - Arkivi","robots":{"index":"index","follow":"follow","max-snippet":"max-snippet:-1","max-image-preview":"max-image-preview:large","max-video-preview":"max-video-preview:-1"},"canonical":"https:\/\/fjala.info\/2009-2015\/arti-pamor-terheqese-per-turistet-ne-shqiperi\/","og_locale":"sq_AL","og_type":"article","og_title":"Arti pamor t\u00ebrheq\u00ebse p\u00ebr turist\u00ebt n\u00eb Shqip\u00ebri ! - FjALA e LIR\u00cb - Arkivi","og_description":"Nga Asllan Dibrani Shqip\u00ebria n\u00eb vitet e fundit \u00ebsht\u00eb duke ecur p\u00ebrpara n\u00eb t\u00eb gjitha fushat ekonomike, shkencore, tregtare , teknologjike etj., por nj\u00eb vend te ve\u00e7ant\u00eb po e nx\u00ebn\u00eb duke sh\u00ebnuar hapa t\u00eb r\u00ebnd\u00ebsish\u00ebm ne gadishullin ballkanik n\u00eb turiz\u00ebm. Ulqini me nj\u00eb tradite turistike ma her\u00ebt se n\u00eb Shqip\u00ebri, por aktualisht ka ngel n\u00eb [&hellip;]","og_url":"https:\/\/fjala.info\/2009-2015\/arti-pamor-terheqese-per-turistet-ne-shqiperi\/","og_site_name":"FjALA e LIR\u00cb - Arkivi","article_published_time":"2012-10-06T07:26:21+00:00","og_image":[{"url":"http:\/\/www.fjala.info\/2012\/asllan_dibrani1.jpg","type":"","width":"","height":""}],"author":"admin","twitter_card":"summary_large_image","twitter_misc":{"Written by":"admin","Est. reading time":"3 minutes"},"schema":{"@context":"https:\/\/schema.org","@graph":[{"@type":"Article","@id":"https:\/\/fjala.info\/2009-2015\/arti-pamor-terheqese-per-turistet-ne-shqiperi\/#article","isPartOf":{"@id":"https:\/\/fjala.info\/2009-2015\/arti-pamor-terheqese-per-turistet-ne-shqiperi\/"},"author":{"name":"admin","@id":"https:\/\/fjala.info\/2009-2015\/#\/schema\/person\/3aa1163ef05469c496fc94e77611ada2"},"headline":"Arti pamor t\u00ebrheq\u00ebse p\u00ebr turist\u00ebt n\u00eb Shqip\u00ebri !","datePublished":"2012-10-06T07:26:21+00:00","mainEntityOfPage":{"@id":"https:\/\/fjala.info\/2009-2015\/arti-pamor-terheqese-per-turistet-ne-shqiperi\/"},"wordCount":644,"commentCount":0,"publisher":{"@id":"https:\/\/fjala.info\/2009-2015\/#organization"},"image":{"@id":"https:\/\/fjala.info\/2009-2015\/arti-pamor-terheqese-per-turistet-ne-shqiperi\/#primaryimage"},"thumbnailUrl":"http:\/\/www.fjala.info\/2012\/asllan_dibrani1.jpg","articleSection":["Artikuj"],"inLanguage":"sq-AL","potentialAction":[{"@type":"CommentAction","name":"Comment","target":["https:\/\/fjala.info\/2009-2015\/arti-pamor-terheqese-per-turistet-ne-shqiperi\/#respond"]}]},{"@type":"WebPage","@id":"https:\/\/fjala.info\/2009-2015\/arti-pamor-terheqese-per-turistet-ne-shqiperi\/","url":"https:\/\/fjala.info\/2009-2015\/arti-pamor-terheqese-per-turistet-ne-shqiperi\/","name":"Arti pamor t\u00ebrheq\u00ebse p\u00ebr turist\u00ebt n\u00eb Shqip\u00ebri ! - FjALA e LIR\u00cb - Arkivi","isPartOf":{"@id":"https:\/\/fjala.info\/2009-2015\/#website"},"primaryImageOfPage":{"@id":"https:\/\/fjala.info\/2009-2015\/arti-pamor-terheqese-per-turistet-ne-shqiperi\/#primaryimage"},"image":{"@id":"https:\/\/fjala.info\/2009-2015\/arti-pamor-terheqese-per-turistet-ne-shqiperi\/#primaryimage"},"thumbnailUrl":"http:\/\/www.fjala.info\/2012\/asllan_dibrani1.jpg","datePublished":"2012-10-06T07:26:21+00:00","breadcrumb":{"@id":"https:\/\/fjala.info\/2009-2015\/arti-pamor-terheqese-per-turistet-ne-shqiperi\/#breadcrumb"},"inLanguage":"sq-AL","potentialAction":[{"@type":"ReadAction","target":["https:\/\/fjala.info\/2009-2015\/arti-pamor-terheqese-per-turistet-ne-shqiperi\/"]}]},{"@type":"ImageObject","inLanguage":"sq-AL","@id":"https:\/\/fjala.info\/2009-2015\/arti-pamor-terheqese-per-turistet-ne-shqiperi\/#primaryimage","url":"http:\/\/www.fjala.info\/2012\/asllan_dibrani1.jpg","contentUrl":"http:\/\/www.fjala.info\/2012\/asllan_dibrani1.jpg"},{"@type":"BreadcrumbList","@id":"https:\/\/fjala.info\/2009-2015\/arti-pamor-terheqese-per-turistet-ne-shqiperi\/#breadcrumb","itemListElement":[{"@type":"ListItem","position":1,"name":"Home","item":"https:\/\/fjala.info\/2009-2015\/"},{"@type":"ListItem","position":2,"name":"Arti pamor t\u00ebrheq\u00ebse p\u00ebr turist\u00ebt n\u00eb Shqip\u00ebri !"}]},{"@type":"WebSite","@id":"https:\/\/fjala.info\/2009-2015\/#website","url":"https:\/\/fjala.info\/2009-2015\/","name":"FjALA e LIR\u00cb - Arkivi","description":"Arkivi 2009-2015","publisher":{"@id":"https:\/\/fjala.info\/2009-2015\/#organization"},"potentialAction":[{"@type":"SearchAction","target":{"@type":"EntryPoint","urlTemplate":"https:\/\/fjala.info\/2009-2015\/?s={search_term_string}"},"query-input":{"@type":"PropertyValueSpecification","valueRequired":true,"valueName":"search_term_string"}}],"inLanguage":"sq-AL"},{"@type":"Organization","@id":"https:\/\/fjala.info\/2009-2015\/#organization","name":"FjALA e LIR\u00cb - Arkivi","url":"https:\/\/fjala.info\/2009-2015\/","logo":{"@type":"ImageObject","inLanguage":"sq-AL","@id":"https:\/\/fjala.info\/2009-2015\/#\/schema\/logo\/image\/","url":"","contentUrl":"","caption":"FjALA e LIR\u00cb - Arkivi"},"image":{"@id":"https:\/\/fjala.info\/2009-2015\/#\/schema\/logo\/image\/"}},{"@type":"Person","@id":"https:\/\/fjala.info\/2009-2015\/#\/schema\/person\/3aa1163ef05469c496fc94e77611ada2","name":"admin","image":{"@type":"ImageObject","inLanguage":"sq-AL","@id":"https:\/\/fjala.info\/2009-2015\/wp-content\/uploads\/2012\/02\/arben_cokaj-120x150.jpg","url":"https:\/\/fjala.info\/2009-2015\/wp-content\/uploads\/2012\/02\/arben_cokaj-120x150.jpg","contentUrl":"https:\/\/fjala.info\/2009-2015\/wp-content\/uploads\/2012\/02\/arben_cokaj-120x150.jpg","caption":"admin"},"description":"Admin, Fjala e Lir\u00eb","sameAs":["https:\/\/fjala.info\/"],"url":"https:\/\/fjala.info\/2009-2015\/author\/admin\/"}]}},"_links":{"self":[{"href":"https:\/\/fjala.info\/2009-2015\/wp-json\/wp\/v2\/posts\/5283","targetHints":{"allow":["GET"]}}],"collection":[{"href":"https:\/\/fjala.info\/2009-2015\/wp-json\/wp\/v2\/posts"}],"about":[{"href":"https:\/\/fjala.info\/2009-2015\/wp-json\/wp\/v2\/types\/post"}],"author":[{"embeddable":true,"href":"https:\/\/fjala.info\/2009-2015\/wp-json\/wp\/v2\/users\/1"}],"replies":[{"embeddable":true,"href":"https:\/\/fjala.info\/2009-2015\/wp-json\/wp\/v2\/comments?post=5283"}],"version-history":[{"count":0,"href":"https:\/\/fjala.info\/2009-2015\/wp-json\/wp\/v2\/posts\/5283\/revisions"}],"wp:attachment":[{"href":"https:\/\/fjala.info\/2009-2015\/wp-json\/wp\/v2\/media?parent=5283"}],"wp:term":[{"taxonomy":"category","embeddable":true,"href":"https:\/\/fjala.info\/2009-2015\/wp-json\/wp\/v2\/categories?post=5283"},{"taxonomy":"post_tag","embeddable":true,"href":"https:\/\/fjala.info\/2009-2015\/wp-json\/wp\/v2\/tags?post=5283"}],"curies":[{"name":"wp","href":"https:\/\/api.w.org\/{rel}","templated":true}]}}