{"id":5281,"date":"2013-12-07T09:27:17","date_gmt":"2013-12-07T08:27:17","guid":{"rendered":"http:\/\/fjala.info\/?p=5281"},"modified":"2013-12-07T09:27:17","modified_gmt":"2013-12-07T08:27:17","slug":"kur-nje-shtet-i-shfrytezon-sic-duhet-pasurite-ose-kur-paraja-sjell-para","status":"publish","type":"post","link":"https:\/\/fjala.info\/2009-2015\/kur-nje-shtet-i-shfrytezon-sic-duhet-pasurite-ose-kur-paraja-sjell-para\/","title":{"rendered":"Kur nj\u00eb shtet i shfryt\u00ebzon si\u00e7 duhet pasurit\u00eb (ose kur paraja sjell para)"},"content":{"rendered":"<p><img decoding=\"async\" class=\"alignright size-thumbnail wp-image-7236\" title=\"Norvegji\" alt=\"\" src=\"http:\/\/www.fjala.info\/2013\/norvegji.jpg\" width=\"300\" \/> <strong>TemA<\/strong><\/p>\n<p><em>Shumica e Europ\u00ebs po lufton q\u00eb t\u00eb reduktoj\u00eb shpenzimet, por nuk ndodh k\u00ebshtu n\u00eb Norvegji. T\u00eb ardhurat nga gazi dhe nafta i kan\u00eb investuar me men\u00e7uri n\u00eb at\u00eb q\u00eb cil\u00ebsohet si fondi sovran i pasuris\u00eb m\u00eb i madhi n\u00eb bot\u00eb, q\u00eb do kap\u00eb vler\u00ebn 1 trilion dollar\u00eb n\u00eb vitin 2020. Por a mos \u00ebsht\u00eb shum\u00eb?<\/em><\/p>\n<p><b>Nga Matthew Price, <\/b><i>BBC<\/i><\/p>\n<p>Kur Facebook deklaroi se do t\u00eb dal\u00eb n\u00eb burs\u00eb, analist\u00ebt k\u00ebtu iu fut\u00ebn pun\u00ebs. Ata vler\u00ebsuan an\u00ebt pozitive dhe negative, vler\u00ebn e mundshme t\u00eb kompanis\u00eb, shanset p\u00ebr humbjet dhe fitimet e m\u00ebdha.<\/p>\n<p>M\u00eb pas blen\u00eb aksione n\u00eb Facebook. Si t\u00eb gjith\u00eb t\u00eb tjer\u00ebt, humb\u00ebn fillimisht para. Por ndryshe nga t\u00eb tjer\u00ebt, ata nuk nxituan t\u00eb shesin aksionet.<\/p>\n<p><i>\u201cNe kemi mund\u00ebsin\u00eb q\u00eb n\u00eb koh\u00eb turbullirash t\u00eb rezistojm\u00eb,\u201d<\/i> thot\u00eb Yngve Slyngstad, drejtori i fondit t\u00eb pensioneve n\u00eb Norvegji.<\/p>\n<p>N\u00eb zyrat e fondit n\u00eb Bank\u00ebn Qendrore t\u00eb Norvegjis\u00eb n\u00eb Oslo kalojn\u00eb \u00e7do jav\u00eb 1 miliard dollar\u00eb.<\/p>\n<p>K\u00ebtu punojn\u00eb m\u00eb shum\u00eb se 200 persona. 100 t\u00eb tjer\u00eb jan\u00eb t\u00eb vendosur n\u00eb zyrat e Nju Jorkut, Londr\u00ebs, Shangait dhe Singaporit.<\/p>\n<p>Kati i tregtis\u00eb \u00ebsht\u00eb i qet\u00eb, i bollsh\u00ebm dhe pak akademik. K\u00ebtu nuk \u00ebsht\u00eb Uoll Strit. Nuk ka panik p\u00ebr shitjen e blerjen e aksioneve.<\/p>\n<p>Misioni i tyre, me mandat qeverie, \u00ebsht\u00eb q\u00eb t\u00eb shtojn\u00eb ngadal\u00eb dhe me kujdes pasurin\u00eb, n\u00eb m\u00ebnyr\u00eb q\u00eb t\u00eb ndihmohet vendi kur t\u00eb mbarojn\u00eb rezervat e naft\u00ebs dhe gazit.<\/p>\n<p><i>\u201cKjo gj\u00eb po ndodhte n\u00eb vitet 2008-2009. Shum\u00eb investitor\u00eb po shisnin. Ne kishim privilegjin jo vet\u00ebm q\u00eb t\u00eb ruanim aksionet, por edhe t\u2019i shtonim,\u201d<\/i> shton Slyngstad.<\/p>\n<p>N\u00eb rastin e Norvegjis\u00eb, paraja sjell parat\u00eb. P\u00ebrfitimet nga taksat mbi gazin dhe naft\u00ebn i sjellin fondit qeveritar 1 miliard dollar\u00eb n\u00eb jav\u00eb.<\/p>\n<p>Aktualisht ky fond ka n\u00eb pron\u00ebsi 1 p\u00ebrqind t\u00eb aksioneve t\u00eb mbar\u00eb bot\u00ebs. N\u00eb Europ\u00eb ata kan\u00eb n\u00eb pron\u00ebsi 2 p\u00ebrqind t\u00eb gjith\u00eb kompanive t\u00eb listuara n\u00eb burs\u00eb.<\/p>\n<p>Kjo fal\u00eb hidrokarbureve dhe faktit q\u00eb qeverit\u00eb kan\u00eb qen\u00eb vazhdimisht dakord q\u00eb p\u00ebrfitimet nga industria e naft\u00ebs t\u00eb investohen n\u00eb fond.<\/p>\n<p>Mandati i qeveris\u00eb p\u00ebr fondin specifikon se ai duhet t\u00eb jet\u00eb i hapur dhe transparent. Q\u00ebllimi \u00ebsht\u00eb q\u00eb t\u00eb ndikohet edhe n\u00eb m\u00ebnyr\u00ebn se si sillen kompanit\u00eb ku investohet.<\/p>\n<p>Ka nj\u00eb seri parimesh.<\/p>\n<p><i>\u201cSi pronar\u00eb afatgjat\u00eb, ne duhet t\u00eb sigurohemi q\u00eb kompanit\u00eb jan\u00eb fitimprur\u00ebse n\u00eb terma afatgjat\u00eb dhe jo vet\u00ebm p\u00ebr t\u00eb mir\u00ebn e investitor\u00ebve dhe aksioner\u00ebve, por edhe t\u00eb shoq\u00ebris\u00eb\u201d, <\/i>thot\u00eb Slyngstad.<\/p>\n<p><i>\u201cNe punojm\u00eb me arsye dhe jo me forc\u00eb\u201d.<\/i><\/p>\n<p>Por a ndryshon gj\u00eb kjo? Fondi beson se po. Fjala bie, n\u00eb fush\u00ebn e t\u00eb drejtave t\u00eb f\u00ebmij\u00ebve, fondi beson se ka ndikuar duke inkurajuar kompanit\u00eb q\u00eb t\u00eb adresojn\u00eb \u00e7\u00ebshtjen e pun\u00ebsimit t\u00eb f\u00ebmij\u00ebve.<\/p>\n<p><i>\u201cNatyrisht \u00ebsht\u00eb nj\u00eb pun\u00eb, rezultatet e s\u00eb cil\u00ebs nuk maten n\u00eb vite, por n\u00eb dekada,\u201d <\/i>shton Slyngstad.<\/p>\n<p>Norvegjia \u00ebsht\u00eb nj\u00eb nga vendet m\u00eb t\u00eb pasura p\u00ebr frym\u00eb n\u00eb Europ\u00eb. Kriza e borxheve e Europ\u00ebs \u00ebsht\u00eb shum\u00eb, shum\u00eb, e larg\u00ebt n\u00eb k\u00ebt\u00eb qoshe me ndikim t\u00eb kontinentit.<\/p>\n<p>Megjithat\u00eb, n\u00eb Shkoll\u00ebn e Biznesit n\u00eb Oslo, profesori i menaxhimit t\u00eb aseteve, Bruno Gerard mendon se fondi duhet ndryshuar.<\/p>\n<p><i>\u201cDo jet\u00eb e pamundur q\u00eb t\u00eb menaxhohet ky v\u00ebrshim kaq i madh parash brenda nj\u00eb organizate,\u201d<\/i> thot\u00eb ai.<\/p>\n<p><i>\u201c\u00cbsht\u00eb i menaxhuar shum\u00eb mir\u00eb, por nj\u00eb gabim i vog\u00ebl mund t\u00eb sjell\u00eb pasoja t\u00eb m\u00ebdha. Do ishte m\u00eb pak e d\u00ebmshme n\u00ebse do kishim fonde m\u00eb t\u00eb vogla\u201d.<\/i><\/p>\n<p>Edhe Partia Konservatore, t\u00eb zgjedhur rishtas n\u00eb pushtet, mund ta marr\u00eb n\u00eb konsiderat\u00eb di\u00e7ka t till\u00eb.<\/p>\n<p><i>\u201cA mund t\u00eb ket\u00eb dy ose m\u00eb shum\u00eb fonde,\u201d<\/i> pyet Erna Solberg, kryetarja e partis\u00eb.<\/p>\n<p>Ajo sugjeron q\u00eb t\u00eb ket\u00eb nj\u00eb diskutim.<\/p>\n<p>Profesor Gerard \u00ebsht\u00eb i bindur se debati po shkon n\u00eb at\u00eb drejtim.<\/p>\n<p><i>\u201cNuk flitet m\u00eb p\u00ebr ndarjen e fondit, por se kur duhet ndar\u00eb\u201d.<\/i><\/p>\n<p>\u00c7do ndryshim nuk \u00ebsht\u00eb se do ket\u00eb ndonj\u00eb ndikim n\u00eb tregjet bot\u00ebrore, por do ket\u00eb r\u00ebnd\u00ebsi ky\u00e7e p\u00ebr t\u00eb ardhmen e Norvegjis\u00eb.<\/p>\n<p>Disa thon\u00eb se fondi ka aq shum\u00eb aksione, sa do ishte mir\u00eb q\u00eb t\u00eb shpenzoheshin p\u00ebr infrastruktur\u00ebn, k\u00ebrkimin ose zhvillimin n\u00eb Norvegji.<\/p>\n<p>Slyngstad i p\u00ebrgjigjet k\u00ebtyre shqet\u00ebsimeve me buz\u00ebqeshje: <i>\u201cSi fillim r\u00ebnd\u00ebsi ka q\u00eb t\u00eb kesh nj\u00eb fond t\u00eb madh sesa nj\u00eb t\u00eb vog\u00ebl\u201d.<\/i><\/p>\n<p>Por \u00e7far\u00ebdo q\u00eb t\u00eb vendosin, nd\u00ebrkoh\u00eb q\u00eb gjith\u00eb Europa p\u00ebrpiqet q\u00eb t\u00eb kursej\u00eb, Norvegjia \u00ebsht\u00eb shum\u00eb p\u00ebrpara.<\/p>\n<p>Ajo \u00ebsht\u00eb e fokusuar q\u00eb t\u00eb siguroj\u00eb se edhe n\u00ebse nafta mbaron, parat\u00eb t\u00eb mos mbarojn\u00eb.\/ep<\/p>\n","protected":false},"excerpt":{"rendered":"<p>TemA Shumica e Europ\u00ebs po lufton q\u00eb t\u00eb reduktoj\u00eb shpenzimet, por nuk ndodh k\u00ebshtu n\u00eb Norvegji. T\u00eb ardhurat nga gazi dhe nafta i kan\u00eb investuar me men\u00e7uri n\u00eb at\u00eb q\u00eb cil\u00ebsohet si fondi sovran i pasuris\u00eb m\u00eb i madhi n\u00eb bot\u00eb, q\u00eb do kap\u00eb vler\u00ebn 1 trilion dollar\u00eb n\u00eb vitin 2020. Por a mos \u00ebsht\u00eb [&hellip;]<\/p>\n","protected":false},"author":1,"featured_media":0,"comment_status":"open","ping_status":"closed","sticky":false,"template":"","format":"standard","meta":{"footnotes":""},"categories":[2],"tags":[],"class_list":{"0":"post-5281","1":"post","2":"type-post","3":"status-publish","4":"format-standard","6":"category-artikuj"},"yoast_head":"<!-- This site is optimized with the Yoast SEO plugin v27.4 - https:\/\/yoast.com\/product\/yoast-seo-wordpress\/ -->\n<title>Kur nj\u00eb shtet i shfryt\u00ebzon si\u00e7 duhet pasurit\u00eb (ose kur paraja sjell para) - FjALA e LIR\u00cb - Arkivi<\/title>\n<meta name=\"robots\" content=\"index, follow, max-snippet:-1, max-image-preview:large, max-video-preview:-1\" \/>\n<link rel=\"canonical\" href=\"https:\/\/fjala.info\/2009-2015\/kur-nje-shtet-i-shfrytezon-sic-duhet-pasurite-ose-kur-paraja-sjell-para\/\" \/>\n<meta property=\"og:locale\" content=\"sq_AL\" \/>\n<meta property=\"og:type\" content=\"article\" \/>\n<meta property=\"og:title\" content=\"Kur nj\u00eb shtet i shfryt\u00ebzon si\u00e7 duhet pasurit\u00eb (ose kur paraja sjell para) - FjALA e LIR\u00cb - Arkivi\" \/>\n<meta property=\"og:description\" content=\"TemA Shumica e Europ\u00ebs po lufton q\u00eb t\u00eb reduktoj\u00eb shpenzimet, por nuk ndodh k\u00ebshtu n\u00eb Norvegji. T\u00eb ardhurat nga gazi dhe nafta i kan\u00eb investuar me men\u00e7uri n\u00eb at\u00eb q\u00eb cil\u00ebsohet si fondi sovran i pasuris\u00eb m\u00eb i madhi n\u00eb bot\u00eb, q\u00eb do kap\u00eb vler\u00ebn 1 trilion dollar\u00eb n\u00eb vitin 2020. Por a mos \u00ebsht\u00eb [&hellip;]\" \/>\n<meta property=\"og:url\" content=\"https:\/\/fjala.info\/2009-2015\/kur-nje-shtet-i-shfrytezon-sic-duhet-pasurite-ose-kur-paraja-sjell-para\/\" \/>\n<meta property=\"og:site_name\" content=\"FjALA e LIR\u00cb - Arkivi\" \/>\n<meta property=\"article:published_time\" content=\"2013-12-07T08:27:17+00:00\" \/>\n<meta property=\"og:image\" content=\"http:\/\/www.fjala.info\/2013\/norvegji.jpg\" \/>\n<meta name=\"author\" content=\"admin\" \/>\n<meta name=\"twitter:card\" content=\"summary_large_image\" \/>\n<meta name=\"twitter:label1\" content=\"Written by\" \/>\n\t<meta name=\"twitter:data1\" content=\"admin\" \/>\n\t<meta name=\"twitter:label2\" content=\"Est. reading time\" \/>\n\t<meta name=\"twitter:data2\" content=\"4 minutes\" \/>\n<script type=\"application\/ld+json\" class=\"yoast-schema-graph\">{\"@context\":\"https:\\\/\\\/schema.org\",\"@graph\":[{\"@type\":\"Article\",\"@id\":\"https:\\\/\\\/fjala.info\\\/2009-2015\\\/kur-nje-shtet-i-shfrytezon-sic-duhet-pasurite-ose-kur-paraja-sjell-para\\\/#article\",\"isPartOf\":{\"@id\":\"https:\\\/\\\/fjala.info\\\/2009-2015\\\/kur-nje-shtet-i-shfrytezon-sic-duhet-pasurite-ose-kur-paraja-sjell-para\\\/\"},\"author\":{\"name\":\"admin\",\"@id\":\"https:\\\/\\\/fjala.info\\\/2009-2015\\\/#\\\/schema\\\/person\\\/3aa1163ef05469c496fc94e77611ada2\"},\"headline\":\"Kur nj\u00eb shtet i shfryt\u00ebzon si\u00e7 duhet pasurit\u00eb (ose kur paraja sjell para)\",\"datePublished\":\"2013-12-07T08:27:17+00:00\",\"mainEntityOfPage\":{\"@id\":\"https:\\\/\\\/fjala.info\\\/2009-2015\\\/kur-nje-shtet-i-shfrytezon-sic-duhet-pasurite-ose-kur-paraja-sjell-para\\\/\"},\"wordCount\":799,\"commentCount\":0,\"publisher\":{\"@id\":\"https:\\\/\\\/fjala.info\\\/2009-2015\\\/#organization\"},\"image\":{\"@id\":\"https:\\\/\\\/fjala.info\\\/2009-2015\\\/kur-nje-shtet-i-shfrytezon-sic-duhet-pasurite-ose-kur-paraja-sjell-para\\\/#primaryimage\"},\"thumbnailUrl\":\"http:\\\/\\\/www.fjala.info\\\/2013\\\/norvegji.jpg\",\"articleSection\":[\"Artikuj\"],\"inLanguage\":\"sq-AL\",\"potentialAction\":[{\"@type\":\"CommentAction\",\"name\":\"Comment\",\"target\":[\"https:\\\/\\\/fjala.info\\\/2009-2015\\\/kur-nje-shtet-i-shfrytezon-sic-duhet-pasurite-ose-kur-paraja-sjell-para\\\/#respond\"]}]},{\"@type\":\"WebPage\",\"@id\":\"https:\\\/\\\/fjala.info\\\/2009-2015\\\/kur-nje-shtet-i-shfrytezon-sic-duhet-pasurite-ose-kur-paraja-sjell-para\\\/\",\"url\":\"https:\\\/\\\/fjala.info\\\/2009-2015\\\/kur-nje-shtet-i-shfrytezon-sic-duhet-pasurite-ose-kur-paraja-sjell-para\\\/\",\"name\":\"Kur nj\u00eb shtet i shfryt\u00ebzon si\u00e7 duhet pasurit\u00eb (ose kur paraja sjell para) - FjALA e LIR\u00cb - Arkivi\",\"isPartOf\":{\"@id\":\"https:\\\/\\\/fjala.info\\\/2009-2015\\\/#website\"},\"primaryImageOfPage\":{\"@id\":\"https:\\\/\\\/fjala.info\\\/2009-2015\\\/kur-nje-shtet-i-shfrytezon-sic-duhet-pasurite-ose-kur-paraja-sjell-para\\\/#primaryimage\"},\"image\":{\"@id\":\"https:\\\/\\\/fjala.info\\\/2009-2015\\\/kur-nje-shtet-i-shfrytezon-sic-duhet-pasurite-ose-kur-paraja-sjell-para\\\/#primaryimage\"},\"thumbnailUrl\":\"http:\\\/\\\/www.fjala.info\\\/2013\\\/norvegji.jpg\",\"datePublished\":\"2013-12-07T08:27:17+00:00\",\"breadcrumb\":{\"@id\":\"https:\\\/\\\/fjala.info\\\/2009-2015\\\/kur-nje-shtet-i-shfrytezon-sic-duhet-pasurite-ose-kur-paraja-sjell-para\\\/#breadcrumb\"},\"inLanguage\":\"sq-AL\",\"potentialAction\":[{\"@type\":\"ReadAction\",\"target\":[\"https:\\\/\\\/fjala.info\\\/2009-2015\\\/kur-nje-shtet-i-shfrytezon-sic-duhet-pasurite-ose-kur-paraja-sjell-para\\\/\"]}]},{\"@type\":\"ImageObject\",\"inLanguage\":\"sq-AL\",\"@id\":\"https:\\\/\\\/fjala.info\\\/2009-2015\\\/kur-nje-shtet-i-shfrytezon-sic-duhet-pasurite-ose-kur-paraja-sjell-para\\\/#primaryimage\",\"url\":\"http:\\\/\\\/www.fjala.info\\\/2013\\\/norvegji.jpg\",\"contentUrl\":\"http:\\\/\\\/www.fjala.info\\\/2013\\\/norvegji.jpg\"},{\"@type\":\"BreadcrumbList\",\"@id\":\"https:\\\/\\\/fjala.info\\\/2009-2015\\\/kur-nje-shtet-i-shfrytezon-sic-duhet-pasurite-ose-kur-paraja-sjell-para\\\/#breadcrumb\",\"itemListElement\":[{\"@type\":\"ListItem\",\"position\":1,\"name\":\"Home\",\"item\":\"https:\\\/\\\/fjala.info\\\/2009-2015\\\/\"},{\"@type\":\"ListItem\",\"position\":2,\"name\":\"Kur nj\u00eb shtet i shfryt\u00ebzon si\u00e7 duhet pasurit\u00eb (ose kur paraja sjell para)\"}]},{\"@type\":\"WebSite\",\"@id\":\"https:\\\/\\\/fjala.info\\\/2009-2015\\\/#website\",\"url\":\"https:\\\/\\\/fjala.info\\\/2009-2015\\\/\",\"name\":\"FjALA e LIR\u00cb - Arkivi\",\"description\":\"Arkivi 2009-2015\",\"publisher\":{\"@id\":\"https:\\\/\\\/fjala.info\\\/2009-2015\\\/#organization\"},\"potentialAction\":[{\"@type\":\"SearchAction\",\"target\":{\"@type\":\"EntryPoint\",\"urlTemplate\":\"https:\\\/\\\/fjala.info\\\/2009-2015\\\/?s={search_term_string}\"},\"query-input\":{\"@type\":\"PropertyValueSpecification\",\"valueRequired\":true,\"valueName\":\"search_term_string\"}}],\"inLanguage\":\"sq-AL\"},{\"@type\":\"Organization\",\"@id\":\"https:\\\/\\\/fjala.info\\\/2009-2015\\\/#organization\",\"name\":\"FjALA e LIR\u00cb - Arkivi\",\"url\":\"https:\\\/\\\/fjala.info\\\/2009-2015\\\/\",\"logo\":{\"@type\":\"ImageObject\",\"inLanguage\":\"sq-AL\",\"@id\":\"https:\\\/\\\/fjala.info\\\/2009-2015\\\/#\\\/schema\\\/logo\\\/image\\\/\",\"url\":\"\",\"contentUrl\":\"\",\"caption\":\"FjALA e LIR\u00cb - Arkivi\"},\"image\":{\"@id\":\"https:\\\/\\\/fjala.info\\\/2009-2015\\\/#\\\/schema\\\/logo\\\/image\\\/\"}},{\"@type\":\"Person\",\"@id\":\"https:\\\/\\\/fjala.info\\\/2009-2015\\\/#\\\/schema\\\/person\\\/3aa1163ef05469c496fc94e77611ada2\",\"name\":\"admin\",\"image\":{\"@type\":\"ImageObject\",\"inLanguage\":\"sq-AL\",\"@id\":\"https:\\\/\\\/fjala.info\\\/2009-2015\\\/wp-content\\\/uploads\\\/2012\\\/02\\\/arben_cokaj-120x150.jpg\",\"url\":\"https:\\\/\\\/fjala.info\\\/2009-2015\\\/wp-content\\\/uploads\\\/2012\\\/02\\\/arben_cokaj-120x150.jpg\",\"contentUrl\":\"https:\\\/\\\/fjala.info\\\/2009-2015\\\/wp-content\\\/uploads\\\/2012\\\/02\\\/arben_cokaj-120x150.jpg\",\"caption\":\"admin\"},\"description\":\"Admin, Fjala e Lir\u00eb\",\"sameAs\":[\"https:\\\/\\\/fjala.info\\\/\"],\"url\":\"https:\\\/\\\/fjala.info\\\/2009-2015\\\/author\\\/admin\\\/\"}]}<\/script>\n<!-- \/ Yoast SEO plugin. -->","yoast_head_json":{"title":"Kur nj\u00eb shtet i shfryt\u00ebzon si\u00e7 duhet pasurit\u00eb (ose kur paraja sjell para) - FjALA e LIR\u00cb - Arkivi","robots":{"index":"index","follow":"follow","max-snippet":"max-snippet:-1","max-image-preview":"max-image-preview:large","max-video-preview":"max-video-preview:-1"},"canonical":"https:\/\/fjala.info\/2009-2015\/kur-nje-shtet-i-shfrytezon-sic-duhet-pasurite-ose-kur-paraja-sjell-para\/","og_locale":"sq_AL","og_type":"article","og_title":"Kur nj\u00eb shtet i shfryt\u00ebzon si\u00e7 duhet pasurit\u00eb (ose kur paraja sjell para) - FjALA e LIR\u00cb - Arkivi","og_description":"TemA Shumica e Europ\u00ebs po lufton q\u00eb t\u00eb reduktoj\u00eb shpenzimet, por nuk ndodh k\u00ebshtu n\u00eb Norvegji. T\u00eb ardhurat nga gazi dhe nafta i kan\u00eb investuar me men\u00e7uri n\u00eb at\u00eb q\u00eb cil\u00ebsohet si fondi sovran i pasuris\u00eb m\u00eb i madhi n\u00eb bot\u00eb, q\u00eb do kap\u00eb vler\u00ebn 1 trilion dollar\u00eb n\u00eb vitin 2020. Por a mos \u00ebsht\u00eb [&hellip;]","og_url":"https:\/\/fjala.info\/2009-2015\/kur-nje-shtet-i-shfrytezon-sic-duhet-pasurite-ose-kur-paraja-sjell-para\/","og_site_name":"FjALA e LIR\u00cb - Arkivi","article_published_time":"2013-12-07T08:27:17+00:00","og_image":[{"url":"http:\/\/www.fjala.info\/2013\/norvegji.jpg","type":"","width":"","height":""}],"author":"admin","twitter_card":"summary_large_image","twitter_misc":{"Written by":"admin","Est. reading time":"4 minutes"},"schema":{"@context":"https:\/\/schema.org","@graph":[{"@type":"Article","@id":"https:\/\/fjala.info\/2009-2015\/kur-nje-shtet-i-shfrytezon-sic-duhet-pasurite-ose-kur-paraja-sjell-para\/#article","isPartOf":{"@id":"https:\/\/fjala.info\/2009-2015\/kur-nje-shtet-i-shfrytezon-sic-duhet-pasurite-ose-kur-paraja-sjell-para\/"},"author":{"name":"admin","@id":"https:\/\/fjala.info\/2009-2015\/#\/schema\/person\/3aa1163ef05469c496fc94e77611ada2"},"headline":"Kur nj\u00eb shtet i shfryt\u00ebzon si\u00e7 duhet pasurit\u00eb (ose kur paraja sjell para)","datePublished":"2013-12-07T08:27:17+00:00","mainEntityOfPage":{"@id":"https:\/\/fjala.info\/2009-2015\/kur-nje-shtet-i-shfrytezon-sic-duhet-pasurite-ose-kur-paraja-sjell-para\/"},"wordCount":799,"commentCount":0,"publisher":{"@id":"https:\/\/fjala.info\/2009-2015\/#organization"},"image":{"@id":"https:\/\/fjala.info\/2009-2015\/kur-nje-shtet-i-shfrytezon-sic-duhet-pasurite-ose-kur-paraja-sjell-para\/#primaryimage"},"thumbnailUrl":"http:\/\/www.fjala.info\/2013\/norvegji.jpg","articleSection":["Artikuj"],"inLanguage":"sq-AL","potentialAction":[{"@type":"CommentAction","name":"Comment","target":["https:\/\/fjala.info\/2009-2015\/kur-nje-shtet-i-shfrytezon-sic-duhet-pasurite-ose-kur-paraja-sjell-para\/#respond"]}]},{"@type":"WebPage","@id":"https:\/\/fjala.info\/2009-2015\/kur-nje-shtet-i-shfrytezon-sic-duhet-pasurite-ose-kur-paraja-sjell-para\/","url":"https:\/\/fjala.info\/2009-2015\/kur-nje-shtet-i-shfrytezon-sic-duhet-pasurite-ose-kur-paraja-sjell-para\/","name":"Kur nj\u00eb shtet i shfryt\u00ebzon si\u00e7 duhet pasurit\u00eb (ose kur paraja sjell para) - FjALA e LIR\u00cb - Arkivi","isPartOf":{"@id":"https:\/\/fjala.info\/2009-2015\/#website"},"primaryImageOfPage":{"@id":"https:\/\/fjala.info\/2009-2015\/kur-nje-shtet-i-shfrytezon-sic-duhet-pasurite-ose-kur-paraja-sjell-para\/#primaryimage"},"image":{"@id":"https:\/\/fjala.info\/2009-2015\/kur-nje-shtet-i-shfrytezon-sic-duhet-pasurite-ose-kur-paraja-sjell-para\/#primaryimage"},"thumbnailUrl":"http:\/\/www.fjala.info\/2013\/norvegji.jpg","datePublished":"2013-12-07T08:27:17+00:00","breadcrumb":{"@id":"https:\/\/fjala.info\/2009-2015\/kur-nje-shtet-i-shfrytezon-sic-duhet-pasurite-ose-kur-paraja-sjell-para\/#breadcrumb"},"inLanguage":"sq-AL","potentialAction":[{"@type":"ReadAction","target":["https:\/\/fjala.info\/2009-2015\/kur-nje-shtet-i-shfrytezon-sic-duhet-pasurite-ose-kur-paraja-sjell-para\/"]}]},{"@type":"ImageObject","inLanguage":"sq-AL","@id":"https:\/\/fjala.info\/2009-2015\/kur-nje-shtet-i-shfrytezon-sic-duhet-pasurite-ose-kur-paraja-sjell-para\/#primaryimage","url":"http:\/\/www.fjala.info\/2013\/norvegji.jpg","contentUrl":"http:\/\/www.fjala.info\/2013\/norvegji.jpg"},{"@type":"BreadcrumbList","@id":"https:\/\/fjala.info\/2009-2015\/kur-nje-shtet-i-shfrytezon-sic-duhet-pasurite-ose-kur-paraja-sjell-para\/#breadcrumb","itemListElement":[{"@type":"ListItem","position":1,"name":"Home","item":"https:\/\/fjala.info\/2009-2015\/"},{"@type":"ListItem","position":2,"name":"Kur nj\u00eb shtet i shfryt\u00ebzon si\u00e7 duhet pasurit\u00eb (ose kur paraja sjell para)"}]},{"@type":"WebSite","@id":"https:\/\/fjala.info\/2009-2015\/#website","url":"https:\/\/fjala.info\/2009-2015\/","name":"FjALA e LIR\u00cb - Arkivi","description":"Arkivi 2009-2015","publisher":{"@id":"https:\/\/fjala.info\/2009-2015\/#organization"},"potentialAction":[{"@type":"SearchAction","target":{"@type":"EntryPoint","urlTemplate":"https:\/\/fjala.info\/2009-2015\/?s={search_term_string}"},"query-input":{"@type":"PropertyValueSpecification","valueRequired":true,"valueName":"search_term_string"}}],"inLanguage":"sq-AL"},{"@type":"Organization","@id":"https:\/\/fjala.info\/2009-2015\/#organization","name":"FjALA e LIR\u00cb - Arkivi","url":"https:\/\/fjala.info\/2009-2015\/","logo":{"@type":"ImageObject","inLanguage":"sq-AL","@id":"https:\/\/fjala.info\/2009-2015\/#\/schema\/logo\/image\/","url":"","contentUrl":"","caption":"FjALA e LIR\u00cb - Arkivi"},"image":{"@id":"https:\/\/fjala.info\/2009-2015\/#\/schema\/logo\/image\/"}},{"@type":"Person","@id":"https:\/\/fjala.info\/2009-2015\/#\/schema\/person\/3aa1163ef05469c496fc94e77611ada2","name":"admin","image":{"@type":"ImageObject","inLanguage":"sq-AL","@id":"https:\/\/fjala.info\/2009-2015\/wp-content\/uploads\/2012\/02\/arben_cokaj-120x150.jpg","url":"https:\/\/fjala.info\/2009-2015\/wp-content\/uploads\/2012\/02\/arben_cokaj-120x150.jpg","contentUrl":"https:\/\/fjala.info\/2009-2015\/wp-content\/uploads\/2012\/02\/arben_cokaj-120x150.jpg","caption":"admin"},"description":"Admin, Fjala e Lir\u00eb","sameAs":["https:\/\/fjala.info\/"],"url":"https:\/\/fjala.info\/2009-2015\/author\/admin\/"}]}},"_links":{"self":[{"href":"https:\/\/fjala.info\/2009-2015\/wp-json\/wp\/v2\/posts\/5281","targetHints":{"allow":["GET"]}}],"collection":[{"href":"https:\/\/fjala.info\/2009-2015\/wp-json\/wp\/v2\/posts"}],"about":[{"href":"https:\/\/fjala.info\/2009-2015\/wp-json\/wp\/v2\/types\/post"}],"author":[{"embeddable":true,"href":"https:\/\/fjala.info\/2009-2015\/wp-json\/wp\/v2\/users\/1"}],"replies":[{"embeddable":true,"href":"https:\/\/fjala.info\/2009-2015\/wp-json\/wp\/v2\/comments?post=5281"}],"version-history":[{"count":0,"href":"https:\/\/fjala.info\/2009-2015\/wp-json\/wp\/v2\/posts\/5281\/revisions"}],"wp:attachment":[{"href":"https:\/\/fjala.info\/2009-2015\/wp-json\/wp\/v2\/media?parent=5281"}],"wp:term":[{"taxonomy":"category","embeddable":true,"href":"https:\/\/fjala.info\/2009-2015\/wp-json\/wp\/v2\/categories?post=5281"},{"taxonomy":"post_tag","embeddable":true,"href":"https:\/\/fjala.info\/2009-2015\/wp-json\/wp\/v2\/tags?post=5281"}],"curies":[{"name":"wp","href":"https:\/\/api.w.org\/{rel}","templated":true}]}}