{"id":5279,"date":"2013-12-07T09:22:27","date_gmt":"2013-12-07T08:22:27","guid":{"rendered":"http:\/\/fjala.info\/?p=5279"},"modified":"2013-12-07T09:22:27","modified_gmt":"2013-12-07T08:22:27","slug":"new-york-times-nelson-mandela-editorial-i-redaksise","status":"publish","type":"post","link":"https:\/\/fjala.info\/2009-2015\/new-york-times-nelson-mandela-editorial-i-redaksise\/","title":{"rendered":"New York Times &#8211; NELSON MANDELA (Editorial i redaksis\u00eb)"},"content":{"rendered":"<p><img decoding=\"async\" class=\"alignleft size-thumbnail wp-image-7236\" title=\"Nelson Mandela\" alt=\"\" src=\"http:\/\/www.fjala.info\/2013\/nelson_mandela.jpg\" width=\"200\" \/> E Premte, 12.06.2013<\/p>\n<p><strong>Nelson Mandela<\/strong>, i cili vdiq t\u00eb enjten n\u00eb mosh\u00ebn 95 vje\u00e7, meritoi plot\u00ebsisht statur\u00ebn legjendare q\u00eb g\u00ebzoi n\u00eb t\u00eb gjith\u00eb bot\u00ebn p\u00ebr \u00e7erek shekullin e fundit t\u00eb jet\u00ebs s\u00eb tij.<\/p>\n<p>Ai ishte nj\u00eb nga udh\u00ebheq\u00ebsit m\u00eb t\u00eb jasht\u00ebzakonsh\u00ebm \u00e7lirimtar\u00eb q\u00eb Afrika apo ndonj\u00eb kontinent tjet\u00ebr, prodhoi ndonj\u00ebher\u00eb. Jo vet\u00ebm q\u00eb e priu popullin e tij t\u00eb triumfoj\u00eb mbi sistemin e ngulitur thell\u00eb t\u00eb ndarjes racore q\u00eb imponoi aparteidin n\u00eb \u00e7do fush\u00eb t\u00eb jet\u00ebs s\u00eb Afrik\u00ebs s\u00eb Jugut, ai e arriti k\u00ebt\u00eb fitore pa gjakderdhjen t\u00eb cil\u00ebn shum\u00ebkush e kishte parashikuar dhe e kishte pasur droj\u00eb.<\/p>\n<p>Dhe, si presidenti i par\u00eb i Afrik\u00ebs s\u00eb Jugut i zgjedhur plot\u00ebsisht n\u00eb m\u00ebnyr\u00eb demokratike nga i gjith\u00eb populli i saj, ai kryesoi nj\u00eb Proces t\u00eb s\u00eb V\u00ebrtet\u00ebs dhe Pajtimit q\u00eb m\u00eb n\u00eb fund ua mund\u00ebsoi viktimave t\u00eb Aparteidit nj\u00eb mjet t\u00eb njohjes zyrtare dhe t\u00eb pranimit t\u00eb vuajtjeve t\u00eb tyre.<\/p>\n<table width=\"200\" align=\"right\" bgcolor=\"#f6f6f6\">\n<tr>\n<td><center><br \/>\n<a href=\"http:\/\/www.gazetatema.net\/web\/2013\/12\/06\/e-gjithe-bota-ne-zi-ja-50-fotot-me-frymezuese-nga-jeta-e-nelson-mandeles\/\" target=\"_blank\" rel=\"noopener noreferrer\">Mandela n\u00eb foto nga gazeta TemA<\/a><\/center>\n<\/td>\n<\/tr>\n<\/table>\n<p>Forca e madhe e karakterit t\u00eb z. Mandela e brumosi at\u00eb p\u00ebr luft\u00ebn e tij t\u00eb gjat\u00eb dhe fitoren p\u00ebrfundimtare mbi aparteidin. Cil\u00ebsit\u00eb edhe m\u00eb t\u00eb thella t\u00eb urt\u00ebsis\u00eb politike dhe kurajos e prin\u00eb at\u00eb drejt kursit t\u00eb pajtimit konstruktiv duke fituar mbi hakmarrjen destruktive.<\/p>\n<p><center><iframe loading=\"lazy\" width=\"420\" height=\"315\" src=\"\/\/www.youtube.com\/embed\/4AQiu7duHvs\" frameborder=\"0\" allowfullscreen><\/iframe><\/center><\/p>\n<p>Z. Mandela natyrisht, nuk e arriti i vet\u00ebm gjith\u00eb k\u00ebt\u00eb. L\u00ebvizja q\u00eb ai udh\u00ebhoqi, Kongresi Komb\u00ebtar Afrikan, \u00ebsht\u00eb mb\u00ebshtetur nga aktivist\u00eb m\u00eb pak t\u00eb njohur dhe d\u00ebshmor\u00eb, shum\u00eb prej t\u00eb cil\u00ebve , nuk jetuan p\u00ebr t\u00eb par\u00eb dit\u00ebn e fitores q\u00eb ata e kishin \u00ebnd\u00ebrruar kaq gjat\u00eb. Dhe tranzicioni paq\u00ebsor n\u00eb vend ia ka nj\u00eb borxh t\u00eb madh presidentit t\u00eb fundit bardh\u00eb t\u00eb periudh\u00ebs s\u00eb aparteidit, F. W. de Klerk , i cili n\u00eb vitin 1990 urdh\u00ebroi t&#8217;i jepet fund burgimit 27 vje\u00e7ar t\u00eb z Mandela dhe negocoi me t\u00eb dhe t\u00eb tjer\u00ebt termat e tranzicionit politik. Tri vjet m\u00eb von\u00eb, z. Mandela dhe Z. de Klerk ndan\u00eb \u00c7mimin Nobel p\u00ebr Paqe.<br \/>\nDuke kaluar vitet e para t\u00eb jet\u00ebs s\u00eb tij n\u00eb burg , z Mandela ishte tashm\u00eb 75 kur mori detyr\u00ebn si presidenti i par\u00eb n\u00eb vitin 1994. 80 vje\u00e7 kur doli n\u00eb pension n\u00eb vitin 1999.<\/p>\n<p>Pasardh\u00ebsit e tij, madje edhe ata q\u00eb ai i mb\u00ebshteti personalisht, p\u00ebr fat t\u00eb keq, nuk kan\u00eb qen\u00eb t\u00eb barabart\u00ebt e tij. Afrika e Jugut sot p\u00ebrballet me shum\u00eb probleme sfiduese. Keqmenaxhimi skandaloz i epidemis\u00eb s\u00eb HIV\/AIDS nga Thabo Mbeki solli p\u00ebrhapjen e vuajtjeve t\u00eb panevojshme. Afrika e Jugut n\u00ebn Z. Mbeki dhe Jacob Zuma, presidenti i tanish\u00ebm, nuk ka arritur t\u00eb siguroj\u00eb udh\u00ebheqjen rajonale q\u00eb shum\u00ebkush e kishte pritur dhe ka ndihmuar t\u00eb mb\u00ebshtes\u00eb vras\u00ebsin Robert Mugaben n\u00eb pushtet n\u00eb Zimbabven fqinje. P\u00ebr m\u00eb keq, fundi i aparteidit nuk i dha fund, dhe ende nuk  duket se do t&#8217;i jap\u00eb fund varf\u00ebris\u00eb s\u00eb thell\u00eb t\u00eb miliona viktimave t\u00eb tij.<\/p>\n<p>Do t&#8217;i takoj\u00eb nj\u00eb brezi t\u00eb ri t\u00eb lider\u00ebve t\u00eb Afrik\u00ebs s\u00eb Jugut p\u00ebr t\u00eb zgjidhur k\u00ebto probleme. T\u00eb gjith\u00eb ata do t&#8217;i detyrohen nj\u00eb borxh historik Nelson Mandel\u00ebs.\/P\u00ebrktheu: SK\u00cbNDER BU\u00c7PAPAJ<br \/>\n&#8212;<br \/>\nDecember 5, 2013<br \/>\nNelson Mandela<br \/>\nBy THE EDITORIAL BOARD<\/p>\n<p>Nelson Mandela, who died on Thursday at age 95, fully deserved the legendary stature he enjoyed around the world for the last quarter-century of his life.<\/p>\n<p>He was one of the most extraordinary liberation leaders Africa, or any other continent, ever produced. Not only did he lead his people to triumph over the deeply entrenched system of apartheid that enforced racial segregation in every area of South African life; he achieved this victory without the blood bath so many had predicted and feared.<\/p>\n<p>And, as South Africa\u2019s first president elected by the full democratic franchise of all its people, he presided over a landmark Truth and Reconciliation process that finally allowed apartheid\u2019s victims a measure of official recognition and acknowledgment of their suffering.<\/p>\n<p>Mr. Mandela\u2019s enormous strength of character steeled him for his long struggle and ultimate victory over apartheid. Even deeper resources of political wisdom and courage steered him toward the course of constructive reconciliation over destructive vengeance.<\/p>\n<p>Mr. Mandela did not, of course, achieve all of this on his own. The movement he led, the African National Congress, was sustained by lesser-known activists and martyrs, many of whom did not live to see the day of victory they had dreamed of for so long. And the country\u2019s peaceful transition owes a huge debt to the apartheid era\u2019s last white president, F. W. de Klerk, who in 1990 ordered an end to Mr. Mandela\u2019s 27-year imprisonment and negotiated with him and others the terms of the political transition. Three years later, Mr. Mandela and Mr. de Klerk shared the Nobel Peace Prize.<\/p>\n<p>Having spent the prime years of his life in prison, Mr. Mandela was already 75 when he first took office as president in 1994, 80 when he retired in 1999.<\/p>\n<p>His successors, even those he personally supported, have, sadly, not been his equals. South Africa today faces many challenging problems. Scandalous mismanagement of the H.I.V.\/AIDS epidemic by Thabo Mbeki brought widespread, unnecessary suffering. South Africa under Mr. Mbeki and Jacob Zuma, the current president, has failed to provide the enlightened regional leadership many had expected and has helped sustain the murderous Robert Mugabe in power in neighboring Zimbabwe. Most ominously, the end of apartheid did not, and still has not, brought an end to the deep poverty of millions of its victims.<\/p>\n<p>It will be up to a new generation of South African leaders to resolve these problems. All of them will owe a historic debt to Nelson Mandela. <\/p>\n<p>P\u00ebrktheu: <strong>SK\u00cbNDER BU\u00c7PAPAJ<\/strong><\/p>\n","protected":false},"excerpt":{"rendered":"<p>E Premte, 12.06.2013 Nelson Mandela, i cili vdiq t\u00eb enjten n\u00eb mosh\u00ebn 95 vje\u00e7, meritoi plot\u00ebsisht statur\u00ebn legjendare q\u00eb g\u00ebzoi n\u00eb t\u00eb gjith\u00eb bot\u00ebn p\u00ebr \u00e7erek shekullin e fundit t\u00eb jet\u00ebs s\u00eb tij. Ai ishte nj\u00eb nga udh\u00ebheq\u00ebsit m\u00eb t\u00eb jasht\u00ebzakonsh\u00ebm \u00e7lirimtar\u00eb q\u00eb Afrika apo ndonj\u00eb kontinent tjet\u00ebr, prodhoi ndonj\u00ebher\u00eb. Jo vet\u00ebm q\u00eb e priu [&hellip;]<\/p>\n","protected":false},"author":1,"featured_media":0,"comment_status":"open","ping_status":"closed","sticky":false,"template":"","format":"standard","meta":{"footnotes":""},"categories":[2],"tags":[],"class_list":{"0":"post-5279","1":"post","2":"type-post","3":"status-publish","4":"format-standard","6":"category-artikuj"},"yoast_head":"<!-- This site is optimized with the Yoast SEO plugin v27.4 - https:\/\/yoast.com\/product\/yoast-seo-wordpress\/ -->\n<title>New York Times - NELSON MANDELA (Editorial i redaksis\u00eb) - FjALA e LIR\u00cb - Arkivi<\/title>\n<meta name=\"robots\" content=\"index, follow, max-snippet:-1, max-image-preview:large, max-video-preview:-1\" \/>\n<link rel=\"canonical\" href=\"https:\/\/fjala.info\/2009-2015\/new-york-times-nelson-mandela-editorial-i-redaksise\/\" \/>\n<meta property=\"og:locale\" content=\"sq_AL\" \/>\n<meta property=\"og:type\" content=\"article\" \/>\n<meta property=\"og:title\" content=\"New York Times - NELSON MANDELA (Editorial i redaksis\u00eb) - FjALA e LIR\u00cb - Arkivi\" \/>\n<meta property=\"og:description\" content=\"E Premte, 12.06.2013 Nelson Mandela, i cili vdiq t\u00eb enjten n\u00eb mosh\u00ebn 95 vje\u00e7, meritoi plot\u00ebsisht statur\u00ebn legjendare q\u00eb g\u00ebzoi n\u00eb t\u00eb gjith\u00eb bot\u00ebn p\u00ebr \u00e7erek shekullin e fundit t\u00eb jet\u00ebs s\u00eb tij. Ai ishte nj\u00eb nga udh\u00ebheq\u00ebsit m\u00eb t\u00eb jasht\u00ebzakonsh\u00ebm \u00e7lirimtar\u00eb q\u00eb Afrika apo ndonj\u00eb kontinent tjet\u00ebr, prodhoi ndonj\u00ebher\u00eb. Jo vet\u00ebm q\u00eb e priu [&hellip;]\" \/>\n<meta property=\"og:url\" content=\"https:\/\/fjala.info\/2009-2015\/new-york-times-nelson-mandela-editorial-i-redaksise\/\" \/>\n<meta property=\"og:site_name\" content=\"FjALA e LIR\u00cb - Arkivi\" \/>\n<meta property=\"article:published_time\" content=\"2013-12-07T08:22:27+00:00\" \/>\n<meta property=\"og:image\" content=\"http:\/\/www.fjala.info\/2013\/nelson_mandela.jpg\" \/>\n<meta name=\"author\" content=\"admin\" \/>\n<meta name=\"twitter:card\" content=\"summary_large_image\" \/>\n<meta name=\"twitter:label1\" content=\"Written by\" \/>\n\t<meta name=\"twitter:data1\" content=\"admin\" \/>\n\t<meta name=\"twitter:label2\" content=\"Est. reading time\" \/>\n\t<meta name=\"twitter:data2\" content=\"5 minutes\" \/>\n<script type=\"application\/ld+json\" class=\"yoast-schema-graph\">{\"@context\":\"https:\\\/\\\/schema.org\",\"@graph\":[{\"@type\":\"Article\",\"@id\":\"https:\\\/\\\/fjala.info\\\/2009-2015\\\/new-york-times-nelson-mandela-editorial-i-redaksise\\\/#article\",\"isPartOf\":{\"@id\":\"https:\\\/\\\/fjala.info\\\/2009-2015\\\/new-york-times-nelson-mandela-editorial-i-redaksise\\\/\"},\"author\":{\"name\":\"admin\",\"@id\":\"https:\\\/\\\/fjala.info\\\/2009-2015\\\/#\\\/schema\\\/person\\\/3aa1163ef05469c496fc94e77611ada2\"},\"headline\":\"New York Times &#8211; NELSON MANDELA (Editorial i redaksis\u00eb)\",\"datePublished\":\"2013-12-07T08:22:27+00:00\",\"mainEntityOfPage\":{\"@id\":\"https:\\\/\\\/fjala.info\\\/2009-2015\\\/new-york-times-nelson-mandela-editorial-i-redaksise\\\/\"},\"wordCount\":993,\"commentCount\":0,\"publisher\":{\"@id\":\"https:\\\/\\\/fjala.info\\\/2009-2015\\\/#organization\"},\"image\":{\"@id\":\"https:\\\/\\\/fjala.info\\\/2009-2015\\\/new-york-times-nelson-mandela-editorial-i-redaksise\\\/#primaryimage\"},\"thumbnailUrl\":\"http:\\\/\\\/www.fjala.info\\\/2013\\\/nelson_mandela.jpg\",\"articleSection\":[\"Artikuj\"],\"inLanguage\":\"sq-AL\",\"potentialAction\":[{\"@type\":\"CommentAction\",\"name\":\"Comment\",\"target\":[\"https:\\\/\\\/fjala.info\\\/2009-2015\\\/new-york-times-nelson-mandela-editorial-i-redaksise\\\/#respond\"]}]},{\"@type\":\"WebPage\",\"@id\":\"https:\\\/\\\/fjala.info\\\/2009-2015\\\/new-york-times-nelson-mandela-editorial-i-redaksise\\\/\",\"url\":\"https:\\\/\\\/fjala.info\\\/2009-2015\\\/new-york-times-nelson-mandela-editorial-i-redaksise\\\/\",\"name\":\"New York Times - NELSON MANDELA (Editorial i redaksis\u00eb) - FjALA e LIR\u00cb - Arkivi\",\"isPartOf\":{\"@id\":\"https:\\\/\\\/fjala.info\\\/2009-2015\\\/#website\"},\"primaryImageOfPage\":{\"@id\":\"https:\\\/\\\/fjala.info\\\/2009-2015\\\/new-york-times-nelson-mandela-editorial-i-redaksise\\\/#primaryimage\"},\"image\":{\"@id\":\"https:\\\/\\\/fjala.info\\\/2009-2015\\\/new-york-times-nelson-mandela-editorial-i-redaksise\\\/#primaryimage\"},\"thumbnailUrl\":\"http:\\\/\\\/www.fjala.info\\\/2013\\\/nelson_mandela.jpg\",\"datePublished\":\"2013-12-07T08:22:27+00:00\",\"breadcrumb\":{\"@id\":\"https:\\\/\\\/fjala.info\\\/2009-2015\\\/new-york-times-nelson-mandela-editorial-i-redaksise\\\/#breadcrumb\"},\"inLanguage\":\"sq-AL\",\"potentialAction\":[{\"@type\":\"ReadAction\",\"target\":[\"https:\\\/\\\/fjala.info\\\/2009-2015\\\/new-york-times-nelson-mandela-editorial-i-redaksise\\\/\"]}]},{\"@type\":\"ImageObject\",\"inLanguage\":\"sq-AL\",\"@id\":\"https:\\\/\\\/fjala.info\\\/2009-2015\\\/new-york-times-nelson-mandela-editorial-i-redaksise\\\/#primaryimage\",\"url\":\"http:\\\/\\\/www.fjala.info\\\/2013\\\/nelson_mandela.jpg\",\"contentUrl\":\"http:\\\/\\\/www.fjala.info\\\/2013\\\/nelson_mandela.jpg\"},{\"@type\":\"BreadcrumbList\",\"@id\":\"https:\\\/\\\/fjala.info\\\/2009-2015\\\/new-york-times-nelson-mandela-editorial-i-redaksise\\\/#breadcrumb\",\"itemListElement\":[{\"@type\":\"ListItem\",\"position\":1,\"name\":\"Home\",\"item\":\"https:\\\/\\\/fjala.info\\\/2009-2015\\\/\"},{\"@type\":\"ListItem\",\"position\":2,\"name\":\"New York Times &#8211; NELSON MANDELA (Editorial i redaksis\u00eb)\"}]},{\"@type\":\"WebSite\",\"@id\":\"https:\\\/\\\/fjala.info\\\/2009-2015\\\/#website\",\"url\":\"https:\\\/\\\/fjala.info\\\/2009-2015\\\/\",\"name\":\"FjALA e LIR\u00cb - Arkivi\",\"description\":\"Arkivi 2009-2015\",\"publisher\":{\"@id\":\"https:\\\/\\\/fjala.info\\\/2009-2015\\\/#organization\"},\"potentialAction\":[{\"@type\":\"SearchAction\",\"target\":{\"@type\":\"EntryPoint\",\"urlTemplate\":\"https:\\\/\\\/fjala.info\\\/2009-2015\\\/?s={search_term_string}\"},\"query-input\":{\"@type\":\"PropertyValueSpecification\",\"valueRequired\":true,\"valueName\":\"search_term_string\"}}],\"inLanguage\":\"sq-AL\"},{\"@type\":\"Organization\",\"@id\":\"https:\\\/\\\/fjala.info\\\/2009-2015\\\/#organization\",\"name\":\"FjALA e LIR\u00cb - Arkivi\",\"url\":\"https:\\\/\\\/fjala.info\\\/2009-2015\\\/\",\"logo\":{\"@type\":\"ImageObject\",\"inLanguage\":\"sq-AL\",\"@id\":\"https:\\\/\\\/fjala.info\\\/2009-2015\\\/#\\\/schema\\\/logo\\\/image\\\/\",\"url\":\"\",\"contentUrl\":\"\",\"caption\":\"FjALA e LIR\u00cb - Arkivi\"},\"image\":{\"@id\":\"https:\\\/\\\/fjala.info\\\/2009-2015\\\/#\\\/schema\\\/logo\\\/image\\\/\"}},{\"@type\":\"Person\",\"@id\":\"https:\\\/\\\/fjala.info\\\/2009-2015\\\/#\\\/schema\\\/person\\\/3aa1163ef05469c496fc94e77611ada2\",\"name\":\"admin\",\"image\":{\"@type\":\"ImageObject\",\"inLanguage\":\"sq-AL\",\"@id\":\"https:\\\/\\\/fjala.info\\\/2009-2015\\\/wp-content\\\/uploads\\\/2012\\\/02\\\/arben_cokaj-120x150.jpg\",\"url\":\"https:\\\/\\\/fjala.info\\\/2009-2015\\\/wp-content\\\/uploads\\\/2012\\\/02\\\/arben_cokaj-120x150.jpg\",\"contentUrl\":\"https:\\\/\\\/fjala.info\\\/2009-2015\\\/wp-content\\\/uploads\\\/2012\\\/02\\\/arben_cokaj-120x150.jpg\",\"caption\":\"admin\"},\"description\":\"Admin, Fjala e Lir\u00eb\",\"sameAs\":[\"https:\\\/\\\/fjala.info\\\/\"],\"url\":\"https:\\\/\\\/fjala.info\\\/2009-2015\\\/author\\\/admin\\\/\"}]}<\/script>\n<!-- \/ Yoast SEO plugin. -->","yoast_head_json":{"title":"New York Times - NELSON MANDELA (Editorial i redaksis\u00eb) - FjALA e LIR\u00cb - Arkivi","robots":{"index":"index","follow":"follow","max-snippet":"max-snippet:-1","max-image-preview":"max-image-preview:large","max-video-preview":"max-video-preview:-1"},"canonical":"https:\/\/fjala.info\/2009-2015\/new-york-times-nelson-mandela-editorial-i-redaksise\/","og_locale":"sq_AL","og_type":"article","og_title":"New York Times - NELSON MANDELA (Editorial i redaksis\u00eb) - FjALA e LIR\u00cb - Arkivi","og_description":"E Premte, 12.06.2013 Nelson Mandela, i cili vdiq t\u00eb enjten n\u00eb mosh\u00ebn 95 vje\u00e7, meritoi plot\u00ebsisht statur\u00ebn legjendare q\u00eb g\u00ebzoi n\u00eb t\u00eb gjith\u00eb bot\u00ebn p\u00ebr \u00e7erek shekullin e fundit t\u00eb jet\u00ebs s\u00eb tij. Ai ishte nj\u00eb nga udh\u00ebheq\u00ebsit m\u00eb t\u00eb jasht\u00ebzakonsh\u00ebm \u00e7lirimtar\u00eb q\u00eb Afrika apo ndonj\u00eb kontinent tjet\u00ebr, prodhoi ndonj\u00ebher\u00eb. Jo vet\u00ebm q\u00eb e priu [&hellip;]","og_url":"https:\/\/fjala.info\/2009-2015\/new-york-times-nelson-mandela-editorial-i-redaksise\/","og_site_name":"FjALA e LIR\u00cb - Arkivi","article_published_time":"2013-12-07T08:22:27+00:00","og_image":[{"url":"http:\/\/www.fjala.info\/2013\/nelson_mandela.jpg","type":"","width":"","height":""}],"author":"admin","twitter_card":"summary_large_image","twitter_misc":{"Written by":"admin","Est. reading time":"5 minutes"},"schema":{"@context":"https:\/\/schema.org","@graph":[{"@type":"Article","@id":"https:\/\/fjala.info\/2009-2015\/new-york-times-nelson-mandela-editorial-i-redaksise\/#article","isPartOf":{"@id":"https:\/\/fjala.info\/2009-2015\/new-york-times-nelson-mandela-editorial-i-redaksise\/"},"author":{"name":"admin","@id":"https:\/\/fjala.info\/2009-2015\/#\/schema\/person\/3aa1163ef05469c496fc94e77611ada2"},"headline":"New York Times &#8211; NELSON MANDELA (Editorial i redaksis\u00eb)","datePublished":"2013-12-07T08:22:27+00:00","mainEntityOfPage":{"@id":"https:\/\/fjala.info\/2009-2015\/new-york-times-nelson-mandela-editorial-i-redaksise\/"},"wordCount":993,"commentCount":0,"publisher":{"@id":"https:\/\/fjala.info\/2009-2015\/#organization"},"image":{"@id":"https:\/\/fjala.info\/2009-2015\/new-york-times-nelson-mandela-editorial-i-redaksise\/#primaryimage"},"thumbnailUrl":"http:\/\/www.fjala.info\/2013\/nelson_mandela.jpg","articleSection":["Artikuj"],"inLanguage":"sq-AL","potentialAction":[{"@type":"CommentAction","name":"Comment","target":["https:\/\/fjala.info\/2009-2015\/new-york-times-nelson-mandela-editorial-i-redaksise\/#respond"]}]},{"@type":"WebPage","@id":"https:\/\/fjala.info\/2009-2015\/new-york-times-nelson-mandela-editorial-i-redaksise\/","url":"https:\/\/fjala.info\/2009-2015\/new-york-times-nelson-mandela-editorial-i-redaksise\/","name":"New York Times - NELSON MANDELA (Editorial i redaksis\u00eb) - FjALA e LIR\u00cb - Arkivi","isPartOf":{"@id":"https:\/\/fjala.info\/2009-2015\/#website"},"primaryImageOfPage":{"@id":"https:\/\/fjala.info\/2009-2015\/new-york-times-nelson-mandela-editorial-i-redaksise\/#primaryimage"},"image":{"@id":"https:\/\/fjala.info\/2009-2015\/new-york-times-nelson-mandela-editorial-i-redaksise\/#primaryimage"},"thumbnailUrl":"http:\/\/www.fjala.info\/2013\/nelson_mandela.jpg","datePublished":"2013-12-07T08:22:27+00:00","breadcrumb":{"@id":"https:\/\/fjala.info\/2009-2015\/new-york-times-nelson-mandela-editorial-i-redaksise\/#breadcrumb"},"inLanguage":"sq-AL","potentialAction":[{"@type":"ReadAction","target":["https:\/\/fjala.info\/2009-2015\/new-york-times-nelson-mandela-editorial-i-redaksise\/"]}]},{"@type":"ImageObject","inLanguage":"sq-AL","@id":"https:\/\/fjala.info\/2009-2015\/new-york-times-nelson-mandela-editorial-i-redaksise\/#primaryimage","url":"http:\/\/www.fjala.info\/2013\/nelson_mandela.jpg","contentUrl":"http:\/\/www.fjala.info\/2013\/nelson_mandela.jpg"},{"@type":"BreadcrumbList","@id":"https:\/\/fjala.info\/2009-2015\/new-york-times-nelson-mandela-editorial-i-redaksise\/#breadcrumb","itemListElement":[{"@type":"ListItem","position":1,"name":"Home","item":"https:\/\/fjala.info\/2009-2015\/"},{"@type":"ListItem","position":2,"name":"New York Times &#8211; NELSON MANDELA (Editorial i redaksis\u00eb)"}]},{"@type":"WebSite","@id":"https:\/\/fjala.info\/2009-2015\/#website","url":"https:\/\/fjala.info\/2009-2015\/","name":"FjALA e LIR\u00cb - Arkivi","description":"Arkivi 2009-2015","publisher":{"@id":"https:\/\/fjala.info\/2009-2015\/#organization"},"potentialAction":[{"@type":"SearchAction","target":{"@type":"EntryPoint","urlTemplate":"https:\/\/fjala.info\/2009-2015\/?s={search_term_string}"},"query-input":{"@type":"PropertyValueSpecification","valueRequired":true,"valueName":"search_term_string"}}],"inLanguage":"sq-AL"},{"@type":"Organization","@id":"https:\/\/fjala.info\/2009-2015\/#organization","name":"FjALA e LIR\u00cb - Arkivi","url":"https:\/\/fjala.info\/2009-2015\/","logo":{"@type":"ImageObject","inLanguage":"sq-AL","@id":"https:\/\/fjala.info\/2009-2015\/#\/schema\/logo\/image\/","url":"","contentUrl":"","caption":"FjALA e LIR\u00cb - Arkivi"},"image":{"@id":"https:\/\/fjala.info\/2009-2015\/#\/schema\/logo\/image\/"}},{"@type":"Person","@id":"https:\/\/fjala.info\/2009-2015\/#\/schema\/person\/3aa1163ef05469c496fc94e77611ada2","name":"admin","image":{"@type":"ImageObject","inLanguage":"sq-AL","@id":"https:\/\/fjala.info\/2009-2015\/wp-content\/uploads\/2012\/02\/arben_cokaj-120x150.jpg","url":"https:\/\/fjala.info\/2009-2015\/wp-content\/uploads\/2012\/02\/arben_cokaj-120x150.jpg","contentUrl":"https:\/\/fjala.info\/2009-2015\/wp-content\/uploads\/2012\/02\/arben_cokaj-120x150.jpg","caption":"admin"},"description":"Admin, Fjala e Lir\u00eb","sameAs":["https:\/\/fjala.info\/"],"url":"https:\/\/fjala.info\/2009-2015\/author\/admin\/"}]}},"_links":{"self":[{"href":"https:\/\/fjala.info\/2009-2015\/wp-json\/wp\/v2\/posts\/5279","targetHints":{"allow":["GET"]}}],"collection":[{"href":"https:\/\/fjala.info\/2009-2015\/wp-json\/wp\/v2\/posts"}],"about":[{"href":"https:\/\/fjala.info\/2009-2015\/wp-json\/wp\/v2\/types\/post"}],"author":[{"embeddable":true,"href":"https:\/\/fjala.info\/2009-2015\/wp-json\/wp\/v2\/users\/1"}],"replies":[{"embeddable":true,"href":"https:\/\/fjala.info\/2009-2015\/wp-json\/wp\/v2\/comments?post=5279"}],"version-history":[{"count":0,"href":"https:\/\/fjala.info\/2009-2015\/wp-json\/wp\/v2\/posts\/5279\/revisions"}],"wp:attachment":[{"href":"https:\/\/fjala.info\/2009-2015\/wp-json\/wp\/v2\/media?parent=5279"}],"wp:term":[{"taxonomy":"category","embeddable":true,"href":"https:\/\/fjala.info\/2009-2015\/wp-json\/wp\/v2\/categories?post=5279"},{"taxonomy":"post_tag","embeddable":true,"href":"https:\/\/fjala.info\/2009-2015\/wp-json\/wp\/v2\/tags?post=5279"}],"curies":[{"name":"wp","href":"https:\/\/api.w.org\/{rel}","templated":true}]}}