{"id":5274,"date":"2012-10-06T08:02:04","date_gmt":"2012-10-06T07:02:04","guid":{"rendered":"http:\/\/www.fjala.info\/?p=5274"},"modified":"2012-10-06T08:02:04","modified_gmt":"2012-10-06T07:02:04","slug":"dragoti-me-fjalimet-e-kryeministrit-para-nxenesve-pergatiten-kriminelet-e-neserm","status":"publish","type":"post","link":"https:\/\/fjala.info\/2009-2015\/dragoti-me-fjalimet-e-kryeministrit-para-nxenesve-pergatiten-kriminelet-e-neserm\/","title":{"rendered":"Dragoti: Me fjalimet e kryeministrit para nx\u00ebn\u00ebsve p\u00ebrgatiten kriminel\u00ebt e nes\u00ebrm"},"content":{"rendered":"<p><img decoding=\"async\" class=\"alignleft size-thumbnail wp-image-7236\" title=\"Edmond Dragoti\" src=\"http:\/\/www.fjala.info\/2012\/edmond_dragoti.jpg\" alt=\"\" width=\"300\" \/> Intervistoi: <strong>Mustafa Nano<\/strong>, <em>5 Tetor 2012<\/em><\/p>\n<p>Edmond Dragoti, psikolog, ishte nga t\u00eb par\u00ebt q\u00eb u kap n\u00eb befasi, m\u00eb sakt\u00eb u shock-ua, nga fjalimet rrept\u00ebsisht politike t\u00eb kryeministrit p\u00ebrpara nx\u00ebn\u00ebsve n\u00ebn 15 vje\u00e7 n\u00eb nj\u00eb num\u00ebr shkollash, ku ai shkon p\u00ebr t\u00eb p\u00ebruruar ndonj\u00eb rikonstruksion. Para tri dit\u00ebsh, lexova nj\u00eb intervist\u00eb t\u00eb Dragotit n\u00eb t\u00eb p\u00ebrditshmen Shqiptarja.com, dhe n\u00eb t\u00eb ai nuk nguronte ta denonconte k\u00ebt\u00eb veprim t\u00eb kryeministrit t\u00eb vendit. I k\u00ebrkova q\u00eb ta rimerrnim k\u00ebt\u00eb tem\u00eb, dhe p\u00ebr k\u00ebnaq\u00ebsin\u00eb time pranoi. Ja chat-i me t\u00eb:<\/p>\n<p><strong>Nano: Dragoti, lexova nje intervist\u00ebn tuaj tek shqiptarja.com lidhur me inkursionin e kryeministrit n\u00ebp\u00ebr shkolla. Dhe ishit kritik. I q\u00ebndroni ende mendimeve t\u00eb shprehura n\u00eb at\u00eb intervist\u00eb?<\/strong><\/p>\n<p><strong>Dragoti<\/strong>: Patjet\u00ebr! Rasti \u00ebsht\u00eb kaq skandaloz dhe i pamoralsh\u00ebm sa nuk mund t\u00eb l\u00ebkundesh dot nga q\u00ebndrimi kritik ndaj tij.<\/p>\n<p><strong>Nano: Disa jan\u00eb kapur pas shkeljes s\u00eb ligjit n\u00eb k\u00ebt\u00eb mes, por ju ishit fokusuar tek nj\u00eb si impakt psikologjik tek f\u00ebmij\u00ebt. \u00cbsht\u00eb m\u00eb i r\u00ebnd\u00ebsish\u00ebm ky impakt, apo shkelja e ligjit me t\u00eb dyja k\u00ebmb\u00ebt n\u00eb k\u00ebt\u00eb histori?<\/strong><\/p>\n<p><strong>Dragoti<\/strong>: \u00cbsht\u00eb natyra e profesionit tim q\u00eb m\u00eb b\u00ebn t\u00eb jem i ndjesh\u00ebm ndaj dhun\u00ebs psikologjike dhe abuzimeve me f\u00ebmij\u00ebt nga kushdoqoft\u00eb, dhe aq m\u00eb tep\u00ebr n\u00eb rastin kur kjo dhun\u00eb ushtrohet nga ai q\u00eb e ka p\u00ebr detyr\u00eb t\u2019i mbroj\u00eb ata, nga kryeministri. Aspekti ligjor \u00ebsht\u00eb i r\u00ebnd\u00ebsish\u00ebm p\u00ebr \u00e7do qytetar dhe p\u00ebr shoq\u00ebrin\u00eb n\u00eb t\u00ebr\u00ebsi, por ai psikologjik l\u00eb gjurm\u00eb t\u00eb pashlyeshme n\u00eb psikologjin\u00eb e f\u00ebmij\u00ebs, n\u00eb formimin e identitetit t\u00eb tij, n\u00eb psikik\u00ebn ende t\u00eb paformuar t\u00eb tyre, n\u00eb formimin e personalitetit t\u00eb ardhsh\u00ebm dhe n\u00eb t\u00eb ardhmen e vet\u00eb shoq\u00ebris\u00eb.<\/p>\n<p><strong>Nano: N\u00eb terma konkret\u00eb, si b\u00ebhet d\u00ebmi tek f\u00ebmij\u00ebt n\u00eb nj\u00eb rrethan\u00eb t\u00eb till\u00eb?<\/strong><\/p>\n<p><strong>Dragoti<\/strong>: N\u00eb thelb, ekspozimi i konfliktit politik para f\u00ebmij\u00ebve, po aq sa \u00e7do konflikt tjet\u00ebr, u jep f\u00ebmij\u00ebve modelin e dhun\u00ebs dhe abuzimit, u m\u00ebson atyre se n\u00eb t\u00eb ardhmen duhet t\u00eb jesh i dhunsh\u00ebm, q\u00eb t\u00eb arrish n\u00eb nivelet e larta t\u00eb shoq\u00ebris\u00eb dhe pushtetit. Dhe nga ana tjet\u00ebr ushqen tek ta frik\u00ebn ndaj autoritetit, respektimin e dhun\u00ebs, suksesin n\u00ebp\u00ebrmjet forc\u00ebs dhe jo arsyes, n\u00ebnshtrimin ndaj agresivitetit, etj. Nd\u00ebrkoh\u00eb q\u00eb f\u00ebmij\u00ebt, q\u00eb ndikohen m\u00eb shum\u00eb prej autoritetit t\u00eb dhunsh\u00ebm e konfliktual t\u00eb kryeqeveritarit, kur t\u00eb rriten do t\u00eb sillen dhunsh\u00ebm n\u00eb shoq\u00ebri dhe do t\u00eb abuzojn\u00eb n\u00eb familje. Me pak fjal\u00eb, n\u00eb k\u00ebt\u00eb m\u00ebnyr\u00eb, babai i qeveris\u00eb po p\u00ebrgatit kriminel\u00ebt e ardhsh\u00ebm t\u00eb shoq\u00ebris\u00eb son\u00eb.<\/p>\n<p><strong>Nano: Po b\u00ebj avokatin e djallit. Nuk ju duket se konkluzioni juaj i fundit \u00ebsht\u00eb shum\u00eb i fort\u00eb, dhe disi i k\u00ebrkuar?<\/strong><\/p>\n<p><strong>Dragoti<\/strong>: Jo, jo aspak. Dhuna n\u00eb familjen e sotme nuk \u00ebsht\u00eb gjenetike, por \u00ebsht\u00eb formuar n\u00eb modelin tradicional t\u00eb kultur\u00ebs son\u00eb autoritariste dhe ka gjetur terren n\u00eb munges\u00ebn e drejt\u00ebsis\u00eb sociale dhe abuzimin skandaloz t\u00eb pushtetit. Po ashtu, prania e nj\u00eb autoriteti t\u00eb lart\u00eb t\u00eb pushtetit si kryeministri, ka efekte shum\u00eb t\u00eb forta n\u00eb psikik\u00ebn ende t\u00eb paformuar t\u00eb f\u00ebmij\u00ebve. Dhe kur modeli q\u00eb jepet \u00ebsht\u00eb agresiviteti, forca, dhuna, manipulimi dhe abuzimi politik, deformimi i personalitetit t\u00eb f\u00ebmij\u00ebve do t\u00eb gjeneroj\u00eb sjellje devijante n\u00eb t\u00eb ardhmen. Nj\u00eb nga Pap\u00ebt e mesjet\u00ebs s\u00eb hershme \u00ebsht\u00eb shprehur \u201cM\u00eb jepni f\u00ebmij\u00ebt deri n\u00eb 5 vje\u00e7 dhe do ta b\u00ebj gjith\u00eb bot\u00ebn kristiane\u201d. Mendoni \u00e7\u2019ndodh po t\u2019ia jap\u00ebsh f\u00ebmij\u00ebt nj\u00eb \u201ct\u00eb forti\u201d abuziv, sa agresive dhe sa e korruptuar do t\u00eb b\u00ebhej shoq\u00ebria jon\u00eb!<\/p>\n<p><strong>Nano: Nj\u00eb optik\u00eb shum\u00eb interesante. E dini? M\u00eb vjen mir\u00eb q\u00eb \u201cju kam dh\u00ebn\u00eb rastin\u201d ta b\u00ebni k\u00ebt\u00eb shtjellim. Apo jan\u00eb gj\u00ebra q\u00eb ju i keni th\u00ebn\u00eb dhe her\u00eb t\u00eb tjera?<\/strong><\/p>\n<p><strong>Dragoti<\/strong>: Ndoshta kam shprehur shqet\u00ebsimin edhe her\u00eb t\u00eb tjera, por nuk i kam th\u00ebn\u00eb me kaq theks dhe alarm!<\/p>\n<p><strong>Nano: Po n\u00eb psik\u00ebn e prind\u00ebrve t\u00eb k\u00ebtyre f\u00ebmij\u00ebve \u00e7far\u00eb ndodh n\u00eb t\u00eb tilla rrethana. Nuk i kam par\u00eb t\u00eb shqet\u00ebsohen. \u00c7\u2019dreqin mendojn\u00eb kur shohin f\u00ebmij\u00ebt e tyre n\u00eb ekranin e TV-ve si sfond e dekor t\u00eb k\u00ebtij show t\u00eb dhunsh\u00ebm?<\/strong><\/p>\n<p><strong>Dragoti<\/strong>: Natyrisht, edhe prind\u00ebrit, sado t\u00eb formuar t\u00eb jen\u00eb dhe sado p\u00ebrvoj\u00eb t\u00eb ken\u00eb, ndeshen vazhdimisht me presionin dhe dhun\u00ebn mediatike t\u00eb politikan\u00ebve agresiv\u00eb, me manipulimin skajor dhe t\u00eb paprincipt\u00eb t\u00eb tyre, me korrupsionin e pandalsh\u00ebm dhe t\u00eb pacip\u00eb qeveritar, me padrejt\u00ebsin\u00eb sociale t\u00eb institucioneve t\u00eb drejt\u00ebsis\u00eb dhe ndihen t\u00eb pambrojtur n\u00eb k\u00ebt\u00eb mjedis t\u00eb ndotur shoq\u00ebror. \u00cbsht\u00eb ndotja e k\u00ebtij mjedisi q\u00eb shton stresin e p\u00ebrditsh\u00ebm, rrit anksiozitetin e prind\u00ebrve p\u00ebr pafuqin\u00eb e tyre p\u00ebr t\u00eb mbrojtur f\u00ebmij\u00ebt nga e keqja e k\u00ebsaj shoq\u00ebrie, nxit tek ta sjelljen e paekuilibruar dhe konfliktuale n\u00eb familje dhe kudo, stimulon depresionin social tek individ\u00ebt q\u00eb ndihen t\u00eb pambrojtur nga pushteti i korruptuar dhe agresor i k\u00ebsaj shoq\u00ebrie.<\/p>\n<p><strong>Nano: N\u00eb t\u00eb nj\u00ebjt\u00ebn m\u00ebnyr\u00eb m\u00eb b\u00ebjn\u00eb p\u00ebrshtypje dhe m\u00ebsuesit. Nuk doli qoft\u00eb dhe nj\u00ebri t\u00eb thosh: \u201cO jo, kjo s\u2019ka kuptim, kjo s\u2019mund t\u00eb b\u00ebhet, zoti kryeminist\u00ebr\u201d. Pyetja ime n\u00eb k\u00ebt\u00eb rast \u00ebsht\u00eb: Kan\u00eb frik\u00eb? Apo nuk ua thot\u00eb truri se n\u00eb k\u00ebt\u00eb \u00e7alltisje kryeministrore ka di\u00e7ka q\u00eb s\u2019shkon?<\/strong><\/p>\n<p><strong>Dragoti<\/strong>: Natyrisht, q\u00eb kan\u00eb frik\u00eb se mund t\u00eb largohen nga puna. Por nga ana tjet\u00ebr, p\u00ebr t\u00eb dh\u00ebn\u00eb mesazhin e \u201ct\u00eb fortit\u201d jan\u00eb zgjedhur shkollat \u201ce sigurta\u201d, pra ku punojn\u00eb m\u00ebsuesit, q\u00eb jan\u00eb m\u00eb pak m\u00ebsues e m\u00eb shum\u00eb partiak\u00eb.<\/p>\n<p>Nano: Nj\u00eb pyetje e fundit, Dragoti. Por \u00ebsht\u00eb nj\u00eb pyetje \u201cnj\u00eb milion dollar\u00ebshe\u201d. Pse e b\u00ebn kryeministri k\u00ebt\u00eb? Nuk duket se mund t\u00eb ket\u00eb ndonj\u00eb qar elektoral nga kjo pun\u00eb. P\u00ebrkundrazi.<\/p>\n<p>Dragoti: Mund t\u00eb ket\u00eb shpjegime t\u00eb ndryshme, por un\u00eb besoj se ai \u00ebsht\u00eb n\u00eb nj\u00eb mosh\u00eb delikate, n\u00eb nj\u00eb andropauz\u00eb t\u00eb vonuar, q\u00eb shoq\u00ebrohet me mungesa hormonale dhe me kthime t\u00eb mundshme n\u00eb t\u00eb kaluar\u00ebn e thell\u00eb, n\u00eb f\u00ebmij\u00ebrin\u00eb e hershme, kur f\u00ebmija nuk e njeh bot\u00ebn p\u00ebrreth, por vet\u00ebm veten dhe vazhdimisht prek veten p\u00ebr ta v\u00ebrtetuar k\u00ebt\u00eb. Edhe kryeministri yn\u00eb, me sa duket, nuk mendon se ekzistojn\u00eb t\u00eb tjer\u00eb n\u00eb k\u00ebt\u00eb bot\u00eb ve\u00e7 tij, dhe i jep t\u00eb drejt\u00eb vetes p\u00ebr t\u00eb b\u00ebr\u00eb \u00e7do gj\u00eb q\u00eb mund t\u2019i shkoj\u00eb n\u00eb m\u00ebnd, sado absurde dhe perverse t\u00eb jet\u00eb, sado foshnjore dhe pa mend t\u00eb jet\u00eb. Duke e ndjer\u00eb veten \u201cf\u00ebmij\u00eb\u2019 n\u00eb ndjesin\u00eb e tij, ai ka filluar t\u2019u drejtohet edhe f\u00ebmij\u00ebve. Duket si reminishenc\u00eb abuzive dhe tep\u00ebr e d\u00ebmshme p\u00ebr nj\u00eb autoritet q\u00eb kontrollon ekuilibrin e nj\u00eb shoq\u00ebrie t\u00eb t\u00ebr\u00eb.<\/p>\n<p><strong>Nano: Ju falenderoj p\u00ebr k\u00ebt\u00eb bised\u00eb!<\/strong><\/p>\n<p><strong>Dragoti<\/strong>: Ju falenderoj dhe un\u00eb!<\/p>\n<p>http:\/\/respublica.al\/opinion\/2012\/10\/05\/me-fjalimet-e-kryeministrit-para-nxenesve-pergatiten-kriminelet-e-neserm<\/p>\n","protected":false},"excerpt":{"rendered":"<p>Intervistoi: Mustafa Nano, 5 Tetor 2012 Edmond Dragoti, psikolog, ishte nga t\u00eb par\u00ebt q\u00eb u kap n\u00eb befasi, m\u00eb sakt\u00eb u shock-ua, nga fjalimet rrept\u00ebsisht politike t\u00eb kryeministrit p\u00ebrpara nx\u00ebn\u00ebsve n\u00ebn 15 vje\u00e7 n\u00eb nj\u00eb num\u00ebr shkollash, ku ai shkon p\u00ebr t\u00eb p\u00ebruruar ndonj\u00eb rikonstruksion. Para tri dit\u00ebsh, lexova nj\u00eb intervist\u00eb t\u00eb Dragotit n\u00eb t\u00eb [&hellip;]<\/p>\n","protected":false},"author":1,"featured_media":0,"comment_status":"open","ping_status":"closed","sticky":false,"template":"","format":"standard","meta":{"footnotes":""},"categories":[4],"tags":[],"class_list":{"0":"post-5274","1":"post","2":"type-post","3":"status-publish","4":"format-standard","6":"category-intervista"},"yoast_head":"<!-- This site is optimized with the Yoast SEO plugin v27.4 - https:\/\/yoast.com\/product\/yoast-seo-wordpress\/ -->\n<title>Dragoti: Me fjalimet e kryeministrit para nx\u00ebn\u00ebsve p\u00ebrgatiten kriminel\u00ebt e nes\u00ebrm - FjALA e LIR\u00cb - Arkivi<\/title>\n<meta name=\"robots\" content=\"index, follow, max-snippet:-1, max-image-preview:large, max-video-preview:-1\" \/>\n<link rel=\"canonical\" href=\"https:\/\/fjala.info\/2009-2015\/dragoti-me-fjalimet-e-kryeministrit-para-nxenesve-pergatiten-kriminelet-e-neserm\/\" \/>\n<meta property=\"og:locale\" content=\"sq_AL\" \/>\n<meta property=\"og:type\" content=\"article\" \/>\n<meta property=\"og:title\" content=\"Dragoti: Me fjalimet e kryeministrit para nx\u00ebn\u00ebsve p\u00ebrgatiten kriminel\u00ebt e nes\u00ebrm - FjALA e LIR\u00cb - Arkivi\" \/>\n<meta property=\"og:description\" content=\"Intervistoi: Mustafa Nano, 5 Tetor 2012 Edmond Dragoti, psikolog, ishte nga t\u00eb par\u00ebt q\u00eb u kap n\u00eb befasi, m\u00eb sakt\u00eb u shock-ua, nga fjalimet rrept\u00ebsisht politike t\u00eb kryeministrit p\u00ebrpara nx\u00ebn\u00ebsve n\u00ebn 15 vje\u00e7 n\u00eb nj\u00eb num\u00ebr shkollash, ku ai shkon p\u00ebr t\u00eb p\u00ebruruar ndonj\u00eb rikonstruksion. Para tri dit\u00ebsh, lexova nj\u00eb intervist\u00eb t\u00eb Dragotit n\u00eb t\u00eb [&hellip;]\" \/>\n<meta property=\"og:url\" content=\"https:\/\/fjala.info\/2009-2015\/dragoti-me-fjalimet-e-kryeministrit-para-nxenesve-pergatiten-kriminelet-e-neserm\/\" \/>\n<meta property=\"og:site_name\" content=\"FjALA e LIR\u00cb - Arkivi\" \/>\n<meta property=\"article:published_time\" content=\"2012-10-06T07:02:04+00:00\" \/>\n<meta property=\"og:image\" content=\"http:\/\/www.fjala.info\/2012\/edmond_dragoti.jpg\" \/>\n<meta name=\"author\" content=\"admin\" \/>\n<meta name=\"twitter:card\" content=\"summary_large_image\" \/>\n<meta name=\"twitter:label1\" content=\"Written by\" \/>\n\t<meta name=\"twitter:data1\" content=\"admin\" \/>\n\t<meta name=\"twitter:label2\" content=\"Est. reading time\" \/>\n\t<meta name=\"twitter:data2\" content=\"6 minutes\" \/>\n<script type=\"application\/ld+json\" class=\"yoast-schema-graph\">{\"@context\":\"https:\\\/\\\/schema.org\",\"@graph\":[{\"@type\":\"Article\",\"@id\":\"https:\\\/\\\/fjala.info\\\/2009-2015\\\/dragoti-me-fjalimet-e-kryeministrit-para-nxenesve-pergatiten-kriminelet-e-neserm\\\/#article\",\"isPartOf\":{\"@id\":\"https:\\\/\\\/fjala.info\\\/2009-2015\\\/dragoti-me-fjalimet-e-kryeministrit-para-nxenesve-pergatiten-kriminelet-e-neserm\\\/\"},\"author\":{\"name\":\"admin\",\"@id\":\"https:\\\/\\\/fjala.info\\\/2009-2015\\\/#\\\/schema\\\/person\\\/3aa1163ef05469c496fc94e77611ada2\"},\"headline\":\"Dragoti: Me fjalimet e kryeministrit para nx\u00ebn\u00ebsve p\u00ebrgatiten kriminel\u00ebt e nes\u00ebrm\",\"datePublished\":\"2012-10-06T07:02:04+00:00\",\"mainEntityOfPage\":{\"@id\":\"https:\\\/\\\/fjala.info\\\/2009-2015\\\/dragoti-me-fjalimet-e-kryeministrit-para-nxenesve-pergatiten-kriminelet-e-neserm\\\/\"},\"wordCount\":1246,\"commentCount\":0,\"publisher\":{\"@id\":\"https:\\\/\\\/fjala.info\\\/2009-2015\\\/#organization\"},\"image\":{\"@id\":\"https:\\\/\\\/fjala.info\\\/2009-2015\\\/dragoti-me-fjalimet-e-kryeministrit-para-nxenesve-pergatiten-kriminelet-e-neserm\\\/#primaryimage\"},\"thumbnailUrl\":\"http:\\\/\\\/www.fjala.info\\\/2012\\\/edmond_dragoti.jpg\",\"articleSection\":[\"Intervista\"],\"inLanguage\":\"sq-AL\",\"potentialAction\":[{\"@type\":\"CommentAction\",\"name\":\"Comment\",\"target\":[\"https:\\\/\\\/fjala.info\\\/2009-2015\\\/dragoti-me-fjalimet-e-kryeministrit-para-nxenesve-pergatiten-kriminelet-e-neserm\\\/#respond\"]}]},{\"@type\":\"WebPage\",\"@id\":\"https:\\\/\\\/fjala.info\\\/2009-2015\\\/dragoti-me-fjalimet-e-kryeministrit-para-nxenesve-pergatiten-kriminelet-e-neserm\\\/\",\"url\":\"https:\\\/\\\/fjala.info\\\/2009-2015\\\/dragoti-me-fjalimet-e-kryeministrit-para-nxenesve-pergatiten-kriminelet-e-neserm\\\/\",\"name\":\"Dragoti: Me fjalimet e kryeministrit para nx\u00ebn\u00ebsve p\u00ebrgatiten kriminel\u00ebt e nes\u00ebrm - FjALA e LIR\u00cb - Arkivi\",\"isPartOf\":{\"@id\":\"https:\\\/\\\/fjala.info\\\/2009-2015\\\/#website\"},\"primaryImageOfPage\":{\"@id\":\"https:\\\/\\\/fjala.info\\\/2009-2015\\\/dragoti-me-fjalimet-e-kryeministrit-para-nxenesve-pergatiten-kriminelet-e-neserm\\\/#primaryimage\"},\"image\":{\"@id\":\"https:\\\/\\\/fjala.info\\\/2009-2015\\\/dragoti-me-fjalimet-e-kryeministrit-para-nxenesve-pergatiten-kriminelet-e-neserm\\\/#primaryimage\"},\"thumbnailUrl\":\"http:\\\/\\\/www.fjala.info\\\/2012\\\/edmond_dragoti.jpg\",\"datePublished\":\"2012-10-06T07:02:04+00:00\",\"breadcrumb\":{\"@id\":\"https:\\\/\\\/fjala.info\\\/2009-2015\\\/dragoti-me-fjalimet-e-kryeministrit-para-nxenesve-pergatiten-kriminelet-e-neserm\\\/#breadcrumb\"},\"inLanguage\":\"sq-AL\",\"potentialAction\":[{\"@type\":\"ReadAction\",\"target\":[\"https:\\\/\\\/fjala.info\\\/2009-2015\\\/dragoti-me-fjalimet-e-kryeministrit-para-nxenesve-pergatiten-kriminelet-e-neserm\\\/\"]}]},{\"@type\":\"ImageObject\",\"inLanguage\":\"sq-AL\",\"@id\":\"https:\\\/\\\/fjala.info\\\/2009-2015\\\/dragoti-me-fjalimet-e-kryeministrit-para-nxenesve-pergatiten-kriminelet-e-neserm\\\/#primaryimage\",\"url\":\"http:\\\/\\\/www.fjala.info\\\/2012\\\/edmond_dragoti.jpg\",\"contentUrl\":\"http:\\\/\\\/www.fjala.info\\\/2012\\\/edmond_dragoti.jpg\"},{\"@type\":\"BreadcrumbList\",\"@id\":\"https:\\\/\\\/fjala.info\\\/2009-2015\\\/dragoti-me-fjalimet-e-kryeministrit-para-nxenesve-pergatiten-kriminelet-e-neserm\\\/#breadcrumb\",\"itemListElement\":[{\"@type\":\"ListItem\",\"position\":1,\"name\":\"Home\",\"item\":\"https:\\\/\\\/fjala.info\\\/2009-2015\\\/\"},{\"@type\":\"ListItem\",\"position\":2,\"name\":\"Dragoti: Me fjalimet e kryeministrit para nx\u00ebn\u00ebsve p\u00ebrgatiten kriminel\u00ebt e nes\u00ebrm\"}]},{\"@type\":\"WebSite\",\"@id\":\"https:\\\/\\\/fjala.info\\\/2009-2015\\\/#website\",\"url\":\"https:\\\/\\\/fjala.info\\\/2009-2015\\\/\",\"name\":\"FjALA e LIR\u00cb - Arkivi\",\"description\":\"Arkivi 2009-2015\",\"publisher\":{\"@id\":\"https:\\\/\\\/fjala.info\\\/2009-2015\\\/#organization\"},\"potentialAction\":[{\"@type\":\"SearchAction\",\"target\":{\"@type\":\"EntryPoint\",\"urlTemplate\":\"https:\\\/\\\/fjala.info\\\/2009-2015\\\/?s={search_term_string}\"},\"query-input\":{\"@type\":\"PropertyValueSpecification\",\"valueRequired\":true,\"valueName\":\"search_term_string\"}}],\"inLanguage\":\"sq-AL\"},{\"@type\":\"Organization\",\"@id\":\"https:\\\/\\\/fjala.info\\\/2009-2015\\\/#organization\",\"name\":\"FjALA e LIR\u00cb - Arkivi\",\"url\":\"https:\\\/\\\/fjala.info\\\/2009-2015\\\/\",\"logo\":{\"@type\":\"ImageObject\",\"inLanguage\":\"sq-AL\",\"@id\":\"https:\\\/\\\/fjala.info\\\/2009-2015\\\/#\\\/schema\\\/logo\\\/image\\\/\",\"url\":\"\",\"contentUrl\":\"\",\"caption\":\"FjALA e LIR\u00cb - Arkivi\"},\"image\":{\"@id\":\"https:\\\/\\\/fjala.info\\\/2009-2015\\\/#\\\/schema\\\/logo\\\/image\\\/\"}},{\"@type\":\"Person\",\"@id\":\"https:\\\/\\\/fjala.info\\\/2009-2015\\\/#\\\/schema\\\/person\\\/3aa1163ef05469c496fc94e77611ada2\",\"name\":\"admin\",\"image\":{\"@type\":\"ImageObject\",\"inLanguage\":\"sq-AL\",\"@id\":\"https:\\\/\\\/fjala.info\\\/2009-2015\\\/wp-content\\\/uploads\\\/2012\\\/02\\\/arben_cokaj-120x150.jpg\",\"url\":\"https:\\\/\\\/fjala.info\\\/2009-2015\\\/wp-content\\\/uploads\\\/2012\\\/02\\\/arben_cokaj-120x150.jpg\",\"contentUrl\":\"https:\\\/\\\/fjala.info\\\/2009-2015\\\/wp-content\\\/uploads\\\/2012\\\/02\\\/arben_cokaj-120x150.jpg\",\"caption\":\"admin\"},\"description\":\"Admin, Fjala e Lir\u00eb\",\"sameAs\":[\"https:\\\/\\\/fjala.info\\\/\"],\"url\":\"https:\\\/\\\/fjala.info\\\/2009-2015\\\/author\\\/admin\\\/\"}]}<\/script>\n<!-- \/ Yoast SEO plugin. -->","yoast_head_json":{"title":"Dragoti: Me fjalimet e kryeministrit para nx\u00ebn\u00ebsve p\u00ebrgatiten kriminel\u00ebt e nes\u00ebrm - FjALA e LIR\u00cb - Arkivi","robots":{"index":"index","follow":"follow","max-snippet":"max-snippet:-1","max-image-preview":"max-image-preview:large","max-video-preview":"max-video-preview:-1"},"canonical":"https:\/\/fjala.info\/2009-2015\/dragoti-me-fjalimet-e-kryeministrit-para-nxenesve-pergatiten-kriminelet-e-neserm\/","og_locale":"sq_AL","og_type":"article","og_title":"Dragoti: Me fjalimet e kryeministrit para nx\u00ebn\u00ebsve p\u00ebrgatiten kriminel\u00ebt e nes\u00ebrm - FjALA e LIR\u00cb - Arkivi","og_description":"Intervistoi: Mustafa Nano, 5 Tetor 2012 Edmond Dragoti, psikolog, ishte nga t\u00eb par\u00ebt q\u00eb u kap n\u00eb befasi, m\u00eb sakt\u00eb u shock-ua, nga fjalimet rrept\u00ebsisht politike t\u00eb kryeministrit p\u00ebrpara nx\u00ebn\u00ebsve n\u00ebn 15 vje\u00e7 n\u00eb nj\u00eb num\u00ebr shkollash, ku ai shkon p\u00ebr t\u00eb p\u00ebruruar ndonj\u00eb rikonstruksion. Para tri dit\u00ebsh, lexova nj\u00eb intervist\u00eb t\u00eb Dragotit n\u00eb t\u00eb [&hellip;]","og_url":"https:\/\/fjala.info\/2009-2015\/dragoti-me-fjalimet-e-kryeministrit-para-nxenesve-pergatiten-kriminelet-e-neserm\/","og_site_name":"FjALA e LIR\u00cb - Arkivi","article_published_time":"2012-10-06T07:02:04+00:00","og_image":[{"url":"http:\/\/www.fjala.info\/2012\/edmond_dragoti.jpg","type":"","width":"","height":""}],"author":"admin","twitter_card":"summary_large_image","twitter_misc":{"Written by":"admin","Est. reading time":"6 minutes"},"schema":{"@context":"https:\/\/schema.org","@graph":[{"@type":"Article","@id":"https:\/\/fjala.info\/2009-2015\/dragoti-me-fjalimet-e-kryeministrit-para-nxenesve-pergatiten-kriminelet-e-neserm\/#article","isPartOf":{"@id":"https:\/\/fjala.info\/2009-2015\/dragoti-me-fjalimet-e-kryeministrit-para-nxenesve-pergatiten-kriminelet-e-neserm\/"},"author":{"name":"admin","@id":"https:\/\/fjala.info\/2009-2015\/#\/schema\/person\/3aa1163ef05469c496fc94e77611ada2"},"headline":"Dragoti: Me fjalimet e kryeministrit para nx\u00ebn\u00ebsve p\u00ebrgatiten kriminel\u00ebt e nes\u00ebrm","datePublished":"2012-10-06T07:02:04+00:00","mainEntityOfPage":{"@id":"https:\/\/fjala.info\/2009-2015\/dragoti-me-fjalimet-e-kryeministrit-para-nxenesve-pergatiten-kriminelet-e-neserm\/"},"wordCount":1246,"commentCount":0,"publisher":{"@id":"https:\/\/fjala.info\/2009-2015\/#organization"},"image":{"@id":"https:\/\/fjala.info\/2009-2015\/dragoti-me-fjalimet-e-kryeministrit-para-nxenesve-pergatiten-kriminelet-e-neserm\/#primaryimage"},"thumbnailUrl":"http:\/\/www.fjala.info\/2012\/edmond_dragoti.jpg","articleSection":["Intervista"],"inLanguage":"sq-AL","potentialAction":[{"@type":"CommentAction","name":"Comment","target":["https:\/\/fjala.info\/2009-2015\/dragoti-me-fjalimet-e-kryeministrit-para-nxenesve-pergatiten-kriminelet-e-neserm\/#respond"]}]},{"@type":"WebPage","@id":"https:\/\/fjala.info\/2009-2015\/dragoti-me-fjalimet-e-kryeministrit-para-nxenesve-pergatiten-kriminelet-e-neserm\/","url":"https:\/\/fjala.info\/2009-2015\/dragoti-me-fjalimet-e-kryeministrit-para-nxenesve-pergatiten-kriminelet-e-neserm\/","name":"Dragoti: Me fjalimet e kryeministrit para nx\u00ebn\u00ebsve p\u00ebrgatiten kriminel\u00ebt e nes\u00ebrm - FjALA e LIR\u00cb - Arkivi","isPartOf":{"@id":"https:\/\/fjala.info\/2009-2015\/#website"},"primaryImageOfPage":{"@id":"https:\/\/fjala.info\/2009-2015\/dragoti-me-fjalimet-e-kryeministrit-para-nxenesve-pergatiten-kriminelet-e-neserm\/#primaryimage"},"image":{"@id":"https:\/\/fjala.info\/2009-2015\/dragoti-me-fjalimet-e-kryeministrit-para-nxenesve-pergatiten-kriminelet-e-neserm\/#primaryimage"},"thumbnailUrl":"http:\/\/www.fjala.info\/2012\/edmond_dragoti.jpg","datePublished":"2012-10-06T07:02:04+00:00","breadcrumb":{"@id":"https:\/\/fjala.info\/2009-2015\/dragoti-me-fjalimet-e-kryeministrit-para-nxenesve-pergatiten-kriminelet-e-neserm\/#breadcrumb"},"inLanguage":"sq-AL","potentialAction":[{"@type":"ReadAction","target":["https:\/\/fjala.info\/2009-2015\/dragoti-me-fjalimet-e-kryeministrit-para-nxenesve-pergatiten-kriminelet-e-neserm\/"]}]},{"@type":"ImageObject","inLanguage":"sq-AL","@id":"https:\/\/fjala.info\/2009-2015\/dragoti-me-fjalimet-e-kryeministrit-para-nxenesve-pergatiten-kriminelet-e-neserm\/#primaryimage","url":"http:\/\/www.fjala.info\/2012\/edmond_dragoti.jpg","contentUrl":"http:\/\/www.fjala.info\/2012\/edmond_dragoti.jpg"},{"@type":"BreadcrumbList","@id":"https:\/\/fjala.info\/2009-2015\/dragoti-me-fjalimet-e-kryeministrit-para-nxenesve-pergatiten-kriminelet-e-neserm\/#breadcrumb","itemListElement":[{"@type":"ListItem","position":1,"name":"Home","item":"https:\/\/fjala.info\/2009-2015\/"},{"@type":"ListItem","position":2,"name":"Dragoti: Me fjalimet e kryeministrit para nx\u00ebn\u00ebsve p\u00ebrgatiten kriminel\u00ebt e nes\u00ebrm"}]},{"@type":"WebSite","@id":"https:\/\/fjala.info\/2009-2015\/#website","url":"https:\/\/fjala.info\/2009-2015\/","name":"FjALA e LIR\u00cb - Arkivi","description":"Arkivi 2009-2015","publisher":{"@id":"https:\/\/fjala.info\/2009-2015\/#organization"},"potentialAction":[{"@type":"SearchAction","target":{"@type":"EntryPoint","urlTemplate":"https:\/\/fjala.info\/2009-2015\/?s={search_term_string}"},"query-input":{"@type":"PropertyValueSpecification","valueRequired":true,"valueName":"search_term_string"}}],"inLanguage":"sq-AL"},{"@type":"Organization","@id":"https:\/\/fjala.info\/2009-2015\/#organization","name":"FjALA e LIR\u00cb - Arkivi","url":"https:\/\/fjala.info\/2009-2015\/","logo":{"@type":"ImageObject","inLanguage":"sq-AL","@id":"https:\/\/fjala.info\/2009-2015\/#\/schema\/logo\/image\/","url":"","contentUrl":"","caption":"FjALA e LIR\u00cb - Arkivi"},"image":{"@id":"https:\/\/fjala.info\/2009-2015\/#\/schema\/logo\/image\/"}},{"@type":"Person","@id":"https:\/\/fjala.info\/2009-2015\/#\/schema\/person\/3aa1163ef05469c496fc94e77611ada2","name":"admin","image":{"@type":"ImageObject","inLanguage":"sq-AL","@id":"https:\/\/fjala.info\/2009-2015\/wp-content\/uploads\/2012\/02\/arben_cokaj-120x150.jpg","url":"https:\/\/fjala.info\/2009-2015\/wp-content\/uploads\/2012\/02\/arben_cokaj-120x150.jpg","contentUrl":"https:\/\/fjala.info\/2009-2015\/wp-content\/uploads\/2012\/02\/arben_cokaj-120x150.jpg","caption":"admin"},"description":"Admin, Fjala e Lir\u00eb","sameAs":["https:\/\/fjala.info\/"],"url":"https:\/\/fjala.info\/2009-2015\/author\/admin\/"}]}},"_links":{"self":[{"href":"https:\/\/fjala.info\/2009-2015\/wp-json\/wp\/v2\/posts\/5274","targetHints":{"allow":["GET"]}}],"collection":[{"href":"https:\/\/fjala.info\/2009-2015\/wp-json\/wp\/v2\/posts"}],"about":[{"href":"https:\/\/fjala.info\/2009-2015\/wp-json\/wp\/v2\/types\/post"}],"author":[{"embeddable":true,"href":"https:\/\/fjala.info\/2009-2015\/wp-json\/wp\/v2\/users\/1"}],"replies":[{"embeddable":true,"href":"https:\/\/fjala.info\/2009-2015\/wp-json\/wp\/v2\/comments?post=5274"}],"version-history":[{"count":0,"href":"https:\/\/fjala.info\/2009-2015\/wp-json\/wp\/v2\/posts\/5274\/revisions"}],"wp:attachment":[{"href":"https:\/\/fjala.info\/2009-2015\/wp-json\/wp\/v2\/media?parent=5274"}],"wp:term":[{"taxonomy":"category","embeddable":true,"href":"https:\/\/fjala.info\/2009-2015\/wp-json\/wp\/v2\/categories?post=5274"},{"taxonomy":"post_tag","embeddable":true,"href":"https:\/\/fjala.info\/2009-2015\/wp-json\/wp\/v2\/tags?post=5274"}],"curies":[{"name":"wp","href":"https:\/\/api.w.org\/{rel}","templated":true}]}}