{"id":5268,"date":"2012-10-06T07:38:08","date_gmt":"2012-10-06T06:38:08","guid":{"rendered":"http:\/\/www.fjala.info\/?p=5268"},"modified":"2012-10-06T07:38:08","modified_gmt":"2012-10-06T06:38:08","slug":"neki-babamusta-veprimtaria-patriotike-dhe-levizja-arsimore","status":"publish","type":"post","link":"https:\/\/fjala.info\/2009-2015\/neki-babamusta-veprimtaria-patriotike-dhe-levizja-arsimore\/","title":{"rendered":"Neki Babamusta: Veprimtaria patriotike dhe L\u00ebvizja Arsimore"},"content":{"rendered":"<p><img decoding=\"async\" class=\"alignright size-thumbnail wp-image-7236\" title=\"Ermira Babamusta\" src=\"http:\/\/www.fjala.info\/2012\/ermira_babamusta.jpg\" alt=\"\" width=\"150\" \/> <strong>Ermira Babamusta<\/strong>, <em>Ph.D.<\/em><br \/>\n<em>Prishtina Press<\/em><br \/>\nTel: (646) 245-2591<br \/>\nwww.prishtinapress.info<\/p>\n<p><strong>BIOGRAFIA: NEKI BABAMUSTA<\/strong><\/p>\n<p>Profesor Neki Babamusta mbi 40 vjet ia ka p\u00ebrkushtuar profesionit t\u00eb tij n\u00eb let\u00ebrsi shqiptare si dhe histori shqiptare dhe bot\u00ebrore. Veprimtaria e tij patriotike vijon nga dy fise t\u00eb m\u00ebdha t\u00eb kombit shqiptar: Can\u00ebve n\u00eb Peqin dhe Babamustave n\u00eb Kavaj\u00eb, Durr\u00ebs dhe Tiran\u00eb. Nga dy fiset Cani dhe Babamusta kan\u00eb mbaruar me studime t\u00eb larta brenda dhe jasht\u00eb vendit 50 vet\u00eb.<\/p>\n<p>T\u00eb par\u00ebt e tij Mustafa Cani, Ramazan Cani, Kastriot Cani, Dill Cani, Cen Kruja bashk\u00eb me luft\u00ebtar\u00ebt trima n\u00eb \u00e7et\u00ebn e Peqinit vun\u00eb p\u00ebrpara si bag\u00ebtia serb\u00ebt pushtues, q\u00eb erdh\u00ebn n\u00ebp\u00ebrmjet rrug\u00ebs Egnatia dhe skuq\u00ebn brigjet e Shkumbinit. Edhe n\u00eb Kavaj\u00eb, fisi patriot demokratik Babamusta, me t\u00eb par\u00ebt e tyre, Murat Babamusta, Beqir Babamusta, Ibrahim Babamusta, s\u00eb bashku me luft\u00ebtar\u00ebt besnik\u00eb t\u00eb Kavaj\u00ebs dhe v\u00ebllez\u00ebrit shkodran\u00eb dhe me prijen patriotike t\u00eb Bajram Xhanit, i kthyen arm\u00ebt pushtuesve serbo-malazez\u00eb.<\/p>\n<p>N\u00eb luftrat kundra pushtuesve dhe p\u00ebr \u00e7\u00ebshtjen e arsimit komb\u00ebtar, dy fiset i kan\u00eb dh\u00ebn\u00eb kombit heronj dhe d\u00ebshmor\u00eb. M\u00ebsues Populli jan\u00eb persekutuar nga diktatura, duke p\u00ebsuar internime, burgime me vdekje dhe pushime nga puna. Dyert e tyre plot bujari prit\u00ebn e p\u00ebrcoll\u00ebn njer\u00ebz t\u00eb thjesht\u00eb por t\u00eb nderuar, njer\u00ebz drejtues dhe kapedan\u00eb t\u00eb Kombit si Ismail Qemali, Aqif Pash\u00eb Elbasani, Avdi Bej Toptani, Avni Rustemi, Shyqyri Peza, Mustafa Gjinishi, etj.<\/p>\n<p>K\u00ebto fise ishin bashk\u00ebluft\u00ebtar\u00eb t\u00eb Rilindjes dhe t\u00eb baca Bajram Currit, si dhe n\u00eb bashk\u00ebpunime me diplomacin\u00eb Anglo-Amerikane. Gjat\u00eb Luft\u00ebs II Bot\u00ebrore, dy fiset u lidh\u00ebn me organizat\u00ebn antikomuniste \u201cFronti i Rezistenc\u00ebs\u201d n\u00eb aleanc\u00eb me Anglo-Amerikan\u00ebt (v. \u201944 &#8211; \u201846) n\u00ebn drejtimin e Hamdi Frash\u00ebrit e Dill Canit, p\u00ebr rr\u00ebzimin e komunizmit.<\/p>\n<p><strong>Veprimtaria p\u00ebr l\u00ebvizjen arsimore n\u00eb sh\u00ebrbim t\u00eb \u00e7\u00ebshtjes komb\u00ebtare<\/strong><\/p>\n<p>Gjat\u00eb pun\u00ebs s\u00eb tij si m\u00ebsues dhe hulumtues historie Neki Babamusta ka shkruar mbi 100 kumtesa dhe referate shkencore historike. K\u00ebto kumtesa i kushtohen vlerave patriotike si v\u00ebllez\u00ebrit Bajram dhe Qamil Xhani, Ismail Qemali, Ramazan Cani, Afiz Ali Kor\u00e7a, Mustafa Gjinishi, v\u00ebllez\u00ebrit Myslim dhe Shyqyri Peza dhe shum\u00eb t\u00eb persekutuarve t\u00eb tjer\u00eb. (Neki Babamusta, \u201cHaxhi Qamili: nj\u00eb Puga\u00e7ov, apo nj\u00eb hallduk shollvar\u00ebgj\u00ebr\u00eb\u201d, 14 janar 2012; Neki Babamusta, \u201cKontributi i Popullit t\u00eb Kavaj\u00ebs n\u00eb Luft\u00ebn e Shkodr\u00ebs\u201d; Neki Babamusta, \u201cNj\u00eb Altar i Shenjt\u00eb me apostuj karizmatik\u00eb. Nj\u00eb shekull: nderi dhe lavdia p\u00ebr arsimin ton\u00eb komb\u00ebtar, 12 tetor 2011, Lond\u00ebr;).<\/p>\n<p>Shkrimet e tij pasqyrojn\u00eb padrejt\u00ebsit\u00eb historike ndaj vendit ton\u00eb: genocidi ndaj shqiptar\u00ebve t\u00eb \u00c7am\u00ebris\u00eb (28 qershor 1945), genocidi dhe shtypja ndaj shqiptar\u00ebve t\u00eb Kosov\u00ebs (1913-1999) dhe padrejt\u00ebsit\u00eb ndaj shqiptar\u00ebve t\u00eb Maqedonis\u00eb, duke shkelur marr\u00ebveshjen e Ohrit (13 gusht 2001). Ka shkruar kumtesa p\u00ebr figurat patriotike t\u00eb Kosov\u00ebs si Gjenerali Popullor Isa Boletini, p\u00ebr l\u00ebvizjen arsimore n\u00eb Kosov\u00eb, veprimet luftarake t\u00eb shqiptar\u00ebve t\u00eb Kosov\u00ebs kund\u00ebr pushtuesve serb. (Neki Babamusta, \u201cJam Kosovar Pra, Jam Shqiptar\u201d, 14 shkurt 2012, Lond\u00ebr).<\/p>\n<p>Prof. Neki Babamusta i \u00ebsht\u00eb drejtuar me let\u00ebr t\u00eb hapur ish ministrit t\u00eb pun\u00ebve t\u00eb jashtme t\u00eb Serbis\u00eb. Z. Jeremi\u00e7 kur u kthye nga seancat e OKB-s\u00eb. Letra drejtuar ministrit me dat\u00eb 28 dhjetor 2011 hedh posht\u00eb me fakte pretendimet tij, si pasardh\u00ebs i Milloshevi\u00e7it p\u00ebr ripushtimin e Kosov\u00ebs. Me dat\u00eb 7 mars 2011 i \u00ebsht\u00eb drejtuar haptazi Konsullit Grek t\u00eb Athin\u00ebs. Z. Ikonomus, me detyr\u00eb n\u00eb Gjirokast\u00ebr me letr\u00ebn me titull \u201cAf\u00ebrdita e Shqip\u00ebris\u00eb nuk \u00ebsht\u00eb helen\u00eb Troje p\u00ebr Greqi\u201d. Konsulli grek pretendonte se n\u00eb Shqip\u00ebri ka mbi 1 milion grek\u00eb. Regjistrimi i pakicave greke n\u00eb Shqip\u00ebri v\u00ebrtetoi mashtrimin e konsullit. Gjithashtu ka b\u00ebr\u00eb shkrime p\u00ebr forcimin e miq\u00ebsis\u00eb me Per\u00ebndimin me Sh.B.A.-n\u00eb dhe Anglin\u00eb. N\u00eb k\u00ebto shkrime hedh posht\u00eb mentalitetet komuniste p\u00ebr t\u00eb ashtuquajturin rreziku anglo-amerikan p\u00ebr Shqip\u00ebrin\u00eb.<\/p>\n<p>N\u00eb vitin 2011 Neki Babamusta i d\u00ebrgon let\u00ebr p\u00ebrgjigje Karla DelPontes, ish kryeprokurore e Hag\u00ebs, e cila pa fakte akuzon luft\u00ebtar\u00ebt e U\u00c7K-s\u00eb si kriminel\u00eb dhe trafik marrje organesh njer\u00ebzore.<\/p>\n<p>Shkrimet e tij i kushtohen edhe vlerave fetare n\u00eb Shqip\u00ebri q\u00eb jan\u00eb n\u00eb harmoni t\u00eb plot\u00eb. (Neki Babamusta, \u201cHaxhi Xhaferr Shkodra, besimtari i par\u00eb n\u00eb Shqip\u00ebri q\u00eb veshi uniform\u00ebn e Islamit, n\u00eb fillimin e proceseve demokratike\u201d, 27 shkurt 2012). Po ashtu i kushtohen edhe vlerave kulturore n\u00eb shkall\u00eb komb\u00ebtare si artistes s\u00eb popullit Margarita Xhepa. Neki Babamusta bashk\u00eb me shoqat\u00ebn \u201cBajram Xhani\u201d ka organizuar Simpoziumin p\u00ebr Sportist\u00ebt m\u00eb t\u00eb mir\u00eb (1996) dhe Simpoziumi p\u00ebr Mjek\u00ebt m\u00eb t\u00eb mir\u00eb (1998), t\u00eb cil\u00ebt dhe u dekoruan n\u00eb shkall\u00eb komb\u00ebtare.<\/p>\n<p>Neki Babamusta i ka dedikuar shum\u00eb shkrime vuajtjeve t\u00eb persekutuarve politik\u00eb nga diktatura komuniste dhe proceseve demokratike. Ka dh\u00ebn\u00eb mendime si duhet shkruar e v\u00ebrteta p\u00ebr historin\u00eb e Shqip\u00ebris\u00eb, shtremb\u00ebruar nga diktatura komuniste. (Neki Babamusta, \u201c26 marsi 1990: Vullkani q\u00eb tronditi komunizmin n\u00eb Shqip\u00ebri\u201d; \u201cKavaja nderon kombin\u201d; \u201cNeki Babamusta, \u201cPredha n\u00eb Qytetin e Art\u00eb\u201d; \u201cQelia nr. 31\u201d, \u201cKanali i Vdekjes\u201d, \u201cAt e bir t\u00eb r\u00ebn\u00eb p\u00ebr Atdhe n\u00eb nj\u00eb dit\u00eb tek beteja e G\u00ebrhotit, Gjirokast\u00ebr\u201d, janar 2012, etj).<\/p>\n<p>N\u00eb disa kumtesa dhe simpoziume historike, z. Neki Babamusta flet me respekt p\u00ebr kontributin e emigrant\u00ebve shqiptar\u00eb (afro 2 milion) n\u00eb t\u00eb mir\u00eb t\u00eb kombit. Flet gjithashtu p\u00ebr inteligjenc\u00ebn shqiptare brenda dhe jasht\u00eb vendit dhe mbi armat\u00ebn e madhe t\u00eb student\u00ebve shqiptar\u00eb, kudo q\u00eb ndodhen, t\u00eb cil\u00ebt po nderojn\u00eb kombin ton\u00eb.<\/p>\n<p>P\u00ebr t\u00eb zhvilluar l\u00ebvizjen arsimore n\u00eb Shqip\u00ebrin\u00eb e Mesme dhe Kosov\u00eb, Neki Babamusta ka mbajtur disa kumtesa dhe ka p\u00ebrgatitur materiale historike. N\u00eb kumtesat historike n\u00eb Durr\u00ebs dhe Tiran\u00eb (tek Ministria e Arsimit) z. Neki Babamusta ka dh\u00ebn\u00eb mendime p\u00ebr ndryshimin e teksteve t\u00eb historis\u00eb dhe organizimin e metodave t\u00eb m\u00ebsimdh\u00ebnies, sipas profilit per\u00ebndimor. Gjithashtu ka d\u00ebrguar materiale p\u00ebr ngjarje historike tek Instituti i Historis\u00eb n\u00eb Tiran\u00eb.<\/p>\n<p>N\u00eb 1999 ka jetuar n\u00eb Mi\u00e7igan. M\u00eb pas u rikthye n\u00eb atdhe dhe tani jeton n\u00eb Lond\u00ebr.<\/p>\n<p><strong>DEKORIME<\/strong><\/p>\n<p>(1965, 1968, 1973) \u2013 \u201cM\u00ebsues Shembullor\u201d, ngritja e 3 kabineteve m\u00ebsimore shembullore historike n\u00eb shkall\u00eb republike, ku m\u00ebsues nga rrethe t\u00eb ndryshme t\u00eb Shqip\u00ebris\u00eb vinin p\u00ebr trajnim dhe marrje eksperience (1965 n\u00eb gjimnazin e Kavaj\u00ebs, 1968 n\u00eb shkoll\u00ebn Fiqiri Kurti, Kavaj\u00eb dhe 1973 n\u00eb shkoll\u00ebn Mehmet Babamusta, Kavaj\u00eb).<\/p>\n<p>(1988) &#8211; Titulli \u201cM\u00ebsues p\u00ebr Nd\u00ebrgjegje t\u00eb Lart\u00eb\u201d p\u00ebr metoda bashk\u00ebkohore n\u00eb m\u00ebsimdh\u00ebnie\u201d me k\u00ebrkes\u00eb t\u00eb kolektivit.<\/p>\n<p>(1994) &#8211; Titulli \u201cM\u00ebsues i Merituar\u201d me fitoren e demokracis\u00eb n\u00eb Shqip\u00ebri p\u00ebr vlera t\u00eb larta patriotike dhe demokratike.<\/p>\n<p>(Korrik 2003) \u2013 Pritja nga Senatori Tom Harkin, Kongresi Amerikan i cili p\u00ebrg\u00ebzoi familjen n\u00eb em\u00ebr t\u00eb qeveris\u00eb dhe kongresit amerikan p\u00ebr kontributin dhe miq\u00ebsin\u00eb SHBA- Shqip\u00ebri.<\/p>\n<p>(2004) Dekorim dhe ngritja e Flamurit Amerikan n\u00eb Kongresin Amerikan p\u00ebr rivendosjen\/forcimin e lidhjes s\u00eb miq\u00ebsis\u00eb Shqip\u00ebri-SHBA dhe fitoren e Demokracis\u00eb p\u00ebr Neki Babamust\u00ebn dhe familjen Babamusta, si dhe v\u00ebllan\u00eb Qemalin, ish bashk\u00ebpun\u00ebtor me d\u00ebshmorin Mehmet Babamusta, dhe Mustafa Gjinishi pran\u00eb Shtabit t\u00eb P\u00ebrgjithsh\u00ebm, n\u00eb Pez\u00eb, Shqip\u00ebri, pran\u00eb oficer\u00ebve anglez\u00eb.<\/p>\n<p>(2004) Dekorim dhe ngritja e Flamurit Amerikan dhe mbajtje zi 1 minut\u00eb, te Kongresi Amerikan p\u00ebr patriotin nacionalist Kastriot Cani (i ati i bashk\u00ebshortes, Suzana Babamusta dhe biri i Patriotit t\u00eb Kombit, Ramazan Cani \u2013 Hero Popullor\/M\u00ebsues i Popullit, eshtrat e tij prehen tek varrezat e D\u00ebshmor\u00ebve t\u00eb Kombit n\u00eb Elbasan), si pjes\u00ebmarr\u00ebs n\u00eb Frontin e Rezistenc\u00ebs 1944 dhe ish-adjutant i Mustafa Gjinishit (ish-bashk\u00ebpun\u00ebtori num\u00ebr 1 me oficer\u00ebt anglez\u00eb pran\u00eb Shtabit t\u00eb P\u00ebrgjithsh\u00ebm.<\/p>\n<p>(2004) Dekorim dhe ngritja e Flamurit Amerikan n\u00eb Kongresin Amerikan p\u00ebr vajz\u00ebn, Ermira Babamusta, p\u00ebr veprimtarin\u00eb n\u00eb fush\u00ebn diplomatike, t\u00eb paqes dhe politik\u00eb.<\/p>\n","protected":false},"excerpt":{"rendered":"<p>Ermira Babamusta, Ph.D. Prishtina Press Tel: (646) 245-2591 www.prishtinapress.info BIOGRAFIA: NEKI BABAMUSTA Profesor Neki Babamusta mbi 40 vjet ia ka p\u00ebrkushtuar profesionit t\u00eb tij n\u00eb let\u00ebrsi shqiptare si dhe histori shqiptare dhe bot\u00ebrore. Veprimtaria e tij patriotike vijon nga dy fise t\u00eb m\u00ebdha t\u00eb kombit shqiptar: Can\u00ebve n\u00eb Peqin dhe Babamustave n\u00eb Kavaj\u00eb, Durr\u00ebs dhe [&hellip;]<\/p>\n","protected":false},"author":1,"featured_media":0,"comment_status":"open","ping_status":"closed","sticky":false,"template":"","format":"standard","meta":{"footnotes":""},"categories":[2],"tags":[],"class_list":{"0":"post-5268","1":"post","2":"type-post","3":"status-publish","4":"format-standard","6":"category-artikuj"},"yoast_head":"<!-- This site is optimized with the Yoast SEO plugin v27.4 - https:\/\/yoast.com\/product\/yoast-seo-wordpress\/ -->\n<title>Neki Babamusta: Veprimtaria patriotike dhe L\u00ebvizja Arsimore - FjALA e LIR\u00cb - Arkivi<\/title>\n<meta name=\"robots\" content=\"index, follow, max-snippet:-1, max-image-preview:large, max-video-preview:-1\" \/>\n<link rel=\"canonical\" href=\"https:\/\/fjala.info\/2009-2015\/neki-babamusta-veprimtaria-patriotike-dhe-levizja-arsimore\/\" \/>\n<meta property=\"og:locale\" content=\"sq_AL\" \/>\n<meta property=\"og:type\" content=\"article\" \/>\n<meta property=\"og:title\" content=\"Neki Babamusta: Veprimtaria patriotike dhe L\u00ebvizja Arsimore - FjALA e LIR\u00cb - Arkivi\" \/>\n<meta property=\"og:description\" content=\"Ermira Babamusta, Ph.D. Prishtina Press Tel: (646) 245-2591 www.prishtinapress.info BIOGRAFIA: NEKI BABAMUSTA Profesor Neki Babamusta mbi 40 vjet ia ka p\u00ebrkushtuar profesionit t\u00eb tij n\u00eb let\u00ebrsi shqiptare si dhe histori shqiptare dhe bot\u00ebrore. Veprimtaria e tij patriotike vijon nga dy fise t\u00eb m\u00ebdha t\u00eb kombit shqiptar: Can\u00ebve n\u00eb Peqin dhe Babamustave n\u00eb Kavaj\u00eb, Durr\u00ebs dhe [&hellip;]\" \/>\n<meta property=\"og:url\" content=\"https:\/\/fjala.info\/2009-2015\/neki-babamusta-veprimtaria-patriotike-dhe-levizja-arsimore\/\" \/>\n<meta property=\"og:site_name\" content=\"FjALA e LIR\u00cb - Arkivi\" \/>\n<meta property=\"article:published_time\" content=\"2012-10-06T06:38:08+00:00\" \/>\n<meta property=\"og:image\" content=\"http:\/\/www.fjala.info\/2012\/ermira_babamusta.jpg\" \/>\n<meta name=\"author\" content=\"admin\" \/>\n<meta name=\"twitter:card\" content=\"summary_large_image\" \/>\n<meta name=\"twitter:label1\" content=\"Written by\" \/>\n\t<meta name=\"twitter:data1\" content=\"admin\" \/>\n\t<meta name=\"twitter:label2\" content=\"Est. reading time\" \/>\n\t<meta name=\"twitter:data2\" content=\"7 minutes\" \/>\n<script type=\"application\/ld+json\" class=\"yoast-schema-graph\">{\"@context\":\"https:\\\/\\\/schema.org\",\"@graph\":[{\"@type\":\"Article\",\"@id\":\"https:\\\/\\\/fjala.info\\\/2009-2015\\\/neki-babamusta-veprimtaria-patriotike-dhe-levizja-arsimore\\\/#article\",\"isPartOf\":{\"@id\":\"https:\\\/\\\/fjala.info\\\/2009-2015\\\/neki-babamusta-veprimtaria-patriotike-dhe-levizja-arsimore\\\/\"},\"author\":{\"name\":\"admin\",\"@id\":\"https:\\\/\\\/fjala.info\\\/2009-2015\\\/#\\\/schema\\\/person\\\/3aa1163ef05469c496fc94e77611ada2\"},\"headline\":\"Neki Babamusta: Veprimtaria patriotike dhe L\u00ebvizja Arsimore\",\"datePublished\":\"2012-10-06T06:38:08+00:00\",\"mainEntityOfPage\":{\"@id\":\"https:\\\/\\\/fjala.info\\\/2009-2015\\\/neki-babamusta-veprimtaria-patriotike-dhe-levizja-arsimore\\\/\"},\"wordCount\":1358,\"commentCount\":0,\"publisher\":{\"@id\":\"https:\\\/\\\/fjala.info\\\/2009-2015\\\/#organization\"},\"image\":{\"@id\":\"https:\\\/\\\/fjala.info\\\/2009-2015\\\/neki-babamusta-veprimtaria-patriotike-dhe-levizja-arsimore\\\/#primaryimage\"},\"thumbnailUrl\":\"http:\\\/\\\/www.fjala.info\\\/2012\\\/ermira_babamusta.jpg\",\"articleSection\":[\"Artikuj\"],\"inLanguage\":\"sq-AL\",\"potentialAction\":[{\"@type\":\"CommentAction\",\"name\":\"Comment\",\"target\":[\"https:\\\/\\\/fjala.info\\\/2009-2015\\\/neki-babamusta-veprimtaria-patriotike-dhe-levizja-arsimore\\\/#respond\"]}]},{\"@type\":\"WebPage\",\"@id\":\"https:\\\/\\\/fjala.info\\\/2009-2015\\\/neki-babamusta-veprimtaria-patriotike-dhe-levizja-arsimore\\\/\",\"url\":\"https:\\\/\\\/fjala.info\\\/2009-2015\\\/neki-babamusta-veprimtaria-patriotike-dhe-levizja-arsimore\\\/\",\"name\":\"Neki Babamusta: Veprimtaria patriotike dhe L\u00ebvizja Arsimore - FjALA e LIR\u00cb - Arkivi\",\"isPartOf\":{\"@id\":\"https:\\\/\\\/fjala.info\\\/2009-2015\\\/#website\"},\"primaryImageOfPage\":{\"@id\":\"https:\\\/\\\/fjala.info\\\/2009-2015\\\/neki-babamusta-veprimtaria-patriotike-dhe-levizja-arsimore\\\/#primaryimage\"},\"image\":{\"@id\":\"https:\\\/\\\/fjala.info\\\/2009-2015\\\/neki-babamusta-veprimtaria-patriotike-dhe-levizja-arsimore\\\/#primaryimage\"},\"thumbnailUrl\":\"http:\\\/\\\/www.fjala.info\\\/2012\\\/ermira_babamusta.jpg\",\"datePublished\":\"2012-10-06T06:38:08+00:00\",\"breadcrumb\":{\"@id\":\"https:\\\/\\\/fjala.info\\\/2009-2015\\\/neki-babamusta-veprimtaria-patriotike-dhe-levizja-arsimore\\\/#breadcrumb\"},\"inLanguage\":\"sq-AL\",\"potentialAction\":[{\"@type\":\"ReadAction\",\"target\":[\"https:\\\/\\\/fjala.info\\\/2009-2015\\\/neki-babamusta-veprimtaria-patriotike-dhe-levizja-arsimore\\\/\"]}]},{\"@type\":\"ImageObject\",\"inLanguage\":\"sq-AL\",\"@id\":\"https:\\\/\\\/fjala.info\\\/2009-2015\\\/neki-babamusta-veprimtaria-patriotike-dhe-levizja-arsimore\\\/#primaryimage\",\"url\":\"http:\\\/\\\/www.fjala.info\\\/2012\\\/ermira_babamusta.jpg\",\"contentUrl\":\"http:\\\/\\\/www.fjala.info\\\/2012\\\/ermira_babamusta.jpg\"},{\"@type\":\"BreadcrumbList\",\"@id\":\"https:\\\/\\\/fjala.info\\\/2009-2015\\\/neki-babamusta-veprimtaria-patriotike-dhe-levizja-arsimore\\\/#breadcrumb\",\"itemListElement\":[{\"@type\":\"ListItem\",\"position\":1,\"name\":\"Home\",\"item\":\"https:\\\/\\\/fjala.info\\\/2009-2015\\\/\"},{\"@type\":\"ListItem\",\"position\":2,\"name\":\"Neki Babamusta: Veprimtaria patriotike dhe L\u00ebvizja Arsimore\"}]},{\"@type\":\"WebSite\",\"@id\":\"https:\\\/\\\/fjala.info\\\/2009-2015\\\/#website\",\"url\":\"https:\\\/\\\/fjala.info\\\/2009-2015\\\/\",\"name\":\"FjALA e LIR\u00cb - Arkivi\",\"description\":\"Arkivi 2009-2015\",\"publisher\":{\"@id\":\"https:\\\/\\\/fjala.info\\\/2009-2015\\\/#organization\"},\"potentialAction\":[{\"@type\":\"SearchAction\",\"target\":{\"@type\":\"EntryPoint\",\"urlTemplate\":\"https:\\\/\\\/fjala.info\\\/2009-2015\\\/?s={search_term_string}\"},\"query-input\":{\"@type\":\"PropertyValueSpecification\",\"valueRequired\":true,\"valueName\":\"search_term_string\"}}],\"inLanguage\":\"sq-AL\"},{\"@type\":\"Organization\",\"@id\":\"https:\\\/\\\/fjala.info\\\/2009-2015\\\/#organization\",\"name\":\"FjALA e LIR\u00cb - Arkivi\",\"url\":\"https:\\\/\\\/fjala.info\\\/2009-2015\\\/\",\"logo\":{\"@type\":\"ImageObject\",\"inLanguage\":\"sq-AL\",\"@id\":\"https:\\\/\\\/fjala.info\\\/2009-2015\\\/#\\\/schema\\\/logo\\\/image\\\/\",\"url\":\"\",\"contentUrl\":\"\",\"caption\":\"FjALA e LIR\u00cb - Arkivi\"},\"image\":{\"@id\":\"https:\\\/\\\/fjala.info\\\/2009-2015\\\/#\\\/schema\\\/logo\\\/image\\\/\"}},{\"@type\":\"Person\",\"@id\":\"https:\\\/\\\/fjala.info\\\/2009-2015\\\/#\\\/schema\\\/person\\\/3aa1163ef05469c496fc94e77611ada2\",\"name\":\"admin\",\"image\":{\"@type\":\"ImageObject\",\"inLanguage\":\"sq-AL\",\"@id\":\"https:\\\/\\\/fjala.info\\\/2009-2015\\\/wp-content\\\/uploads\\\/2012\\\/02\\\/arben_cokaj-120x150.jpg\",\"url\":\"https:\\\/\\\/fjala.info\\\/2009-2015\\\/wp-content\\\/uploads\\\/2012\\\/02\\\/arben_cokaj-120x150.jpg\",\"contentUrl\":\"https:\\\/\\\/fjala.info\\\/2009-2015\\\/wp-content\\\/uploads\\\/2012\\\/02\\\/arben_cokaj-120x150.jpg\",\"caption\":\"admin\"},\"description\":\"Admin, Fjala e Lir\u00eb\",\"sameAs\":[\"https:\\\/\\\/fjala.info\\\/\"],\"url\":\"https:\\\/\\\/fjala.info\\\/2009-2015\\\/author\\\/admin\\\/\"}]}<\/script>\n<!-- \/ Yoast SEO plugin. -->","yoast_head_json":{"title":"Neki Babamusta: Veprimtaria patriotike dhe L\u00ebvizja Arsimore - FjALA e LIR\u00cb - Arkivi","robots":{"index":"index","follow":"follow","max-snippet":"max-snippet:-1","max-image-preview":"max-image-preview:large","max-video-preview":"max-video-preview:-1"},"canonical":"https:\/\/fjala.info\/2009-2015\/neki-babamusta-veprimtaria-patriotike-dhe-levizja-arsimore\/","og_locale":"sq_AL","og_type":"article","og_title":"Neki Babamusta: Veprimtaria patriotike dhe L\u00ebvizja Arsimore - FjALA e LIR\u00cb - Arkivi","og_description":"Ermira Babamusta, Ph.D. Prishtina Press Tel: (646) 245-2591 www.prishtinapress.info BIOGRAFIA: NEKI BABAMUSTA Profesor Neki Babamusta mbi 40 vjet ia ka p\u00ebrkushtuar profesionit t\u00eb tij n\u00eb let\u00ebrsi shqiptare si dhe histori shqiptare dhe bot\u00ebrore. Veprimtaria e tij patriotike vijon nga dy fise t\u00eb m\u00ebdha t\u00eb kombit shqiptar: Can\u00ebve n\u00eb Peqin dhe Babamustave n\u00eb Kavaj\u00eb, Durr\u00ebs dhe [&hellip;]","og_url":"https:\/\/fjala.info\/2009-2015\/neki-babamusta-veprimtaria-patriotike-dhe-levizja-arsimore\/","og_site_name":"FjALA e LIR\u00cb - Arkivi","article_published_time":"2012-10-06T06:38:08+00:00","og_image":[{"url":"http:\/\/www.fjala.info\/2012\/ermira_babamusta.jpg","type":"","width":"","height":""}],"author":"admin","twitter_card":"summary_large_image","twitter_misc":{"Written by":"admin","Est. reading time":"7 minutes"},"schema":{"@context":"https:\/\/schema.org","@graph":[{"@type":"Article","@id":"https:\/\/fjala.info\/2009-2015\/neki-babamusta-veprimtaria-patriotike-dhe-levizja-arsimore\/#article","isPartOf":{"@id":"https:\/\/fjala.info\/2009-2015\/neki-babamusta-veprimtaria-patriotike-dhe-levizja-arsimore\/"},"author":{"name":"admin","@id":"https:\/\/fjala.info\/2009-2015\/#\/schema\/person\/3aa1163ef05469c496fc94e77611ada2"},"headline":"Neki Babamusta: Veprimtaria patriotike dhe L\u00ebvizja Arsimore","datePublished":"2012-10-06T06:38:08+00:00","mainEntityOfPage":{"@id":"https:\/\/fjala.info\/2009-2015\/neki-babamusta-veprimtaria-patriotike-dhe-levizja-arsimore\/"},"wordCount":1358,"commentCount":0,"publisher":{"@id":"https:\/\/fjala.info\/2009-2015\/#organization"},"image":{"@id":"https:\/\/fjala.info\/2009-2015\/neki-babamusta-veprimtaria-patriotike-dhe-levizja-arsimore\/#primaryimage"},"thumbnailUrl":"http:\/\/www.fjala.info\/2012\/ermira_babamusta.jpg","articleSection":["Artikuj"],"inLanguage":"sq-AL","potentialAction":[{"@type":"CommentAction","name":"Comment","target":["https:\/\/fjala.info\/2009-2015\/neki-babamusta-veprimtaria-patriotike-dhe-levizja-arsimore\/#respond"]}]},{"@type":"WebPage","@id":"https:\/\/fjala.info\/2009-2015\/neki-babamusta-veprimtaria-patriotike-dhe-levizja-arsimore\/","url":"https:\/\/fjala.info\/2009-2015\/neki-babamusta-veprimtaria-patriotike-dhe-levizja-arsimore\/","name":"Neki Babamusta: Veprimtaria patriotike dhe L\u00ebvizja Arsimore - FjALA e LIR\u00cb - Arkivi","isPartOf":{"@id":"https:\/\/fjala.info\/2009-2015\/#website"},"primaryImageOfPage":{"@id":"https:\/\/fjala.info\/2009-2015\/neki-babamusta-veprimtaria-patriotike-dhe-levizja-arsimore\/#primaryimage"},"image":{"@id":"https:\/\/fjala.info\/2009-2015\/neki-babamusta-veprimtaria-patriotike-dhe-levizja-arsimore\/#primaryimage"},"thumbnailUrl":"http:\/\/www.fjala.info\/2012\/ermira_babamusta.jpg","datePublished":"2012-10-06T06:38:08+00:00","breadcrumb":{"@id":"https:\/\/fjala.info\/2009-2015\/neki-babamusta-veprimtaria-patriotike-dhe-levizja-arsimore\/#breadcrumb"},"inLanguage":"sq-AL","potentialAction":[{"@type":"ReadAction","target":["https:\/\/fjala.info\/2009-2015\/neki-babamusta-veprimtaria-patriotike-dhe-levizja-arsimore\/"]}]},{"@type":"ImageObject","inLanguage":"sq-AL","@id":"https:\/\/fjala.info\/2009-2015\/neki-babamusta-veprimtaria-patriotike-dhe-levizja-arsimore\/#primaryimage","url":"http:\/\/www.fjala.info\/2012\/ermira_babamusta.jpg","contentUrl":"http:\/\/www.fjala.info\/2012\/ermira_babamusta.jpg"},{"@type":"BreadcrumbList","@id":"https:\/\/fjala.info\/2009-2015\/neki-babamusta-veprimtaria-patriotike-dhe-levizja-arsimore\/#breadcrumb","itemListElement":[{"@type":"ListItem","position":1,"name":"Home","item":"https:\/\/fjala.info\/2009-2015\/"},{"@type":"ListItem","position":2,"name":"Neki Babamusta: Veprimtaria patriotike dhe L\u00ebvizja Arsimore"}]},{"@type":"WebSite","@id":"https:\/\/fjala.info\/2009-2015\/#website","url":"https:\/\/fjala.info\/2009-2015\/","name":"FjALA e LIR\u00cb - Arkivi","description":"Arkivi 2009-2015","publisher":{"@id":"https:\/\/fjala.info\/2009-2015\/#organization"},"potentialAction":[{"@type":"SearchAction","target":{"@type":"EntryPoint","urlTemplate":"https:\/\/fjala.info\/2009-2015\/?s={search_term_string}"},"query-input":{"@type":"PropertyValueSpecification","valueRequired":true,"valueName":"search_term_string"}}],"inLanguage":"sq-AL"},{"@type":"Organization","@id":"https:\/\/fjala.info\/2009-2015\/#organization","name":"FjALA e LIR\u00cb - Arkivi","url":"https:\/\/fjala.info\/2009-2015\/","logo":{"@type":"ImageObject","inLanguage":"sq-AL","@id":"https:\/\/fjala.info\/2009-2015\/#\/schema\/logo\/image\/","url":"","contentUrl":"","caption":"FjALA e LIR\u00cb - Arkivi"},"image":{"@id":"https:\/\/fjala.info\/2009-2015\/#\/schema\/logo\/image\/"}},{"@type":"Person","@id":"https:\/\/fjala.info\/2009-2015\/#\/schema\/person\/3aa1163ef05469c496fc94e77611ada2","name":"admin","image":{"@type":"ImageObject","inLanguage":"sq-AL","@id":"https:\/\/fjala.info\/2009-2015\/wp-content\/uploads\/2012\/02\/arben_cokaj-120x150.jpg","url":"https:\/\/fjala.info\/2009-2015\/wp-content\/uploads\/2012\/02\/arben_cokaj-120x150.jpg","contentUrl":"https:\/\/fjala.info\/2009-2015\/wp-content\/uploads\/2012\/02\/arben_cokaj-120x150.jpg","caption":"admin"},"description":"Admin, Fjala e Lir\u00eb","sameAs":["https:\/\/fjala.info\/"],"url":"https:\/\/fjala.info\/2009-2015\/author\/admin\/"}]}},"_links":{"self":[{"href":"https:\/\/fjala.info\/2009-2015\/wp-json\/wp\/v2\/posts\/5268","targetHints":{"allow":["GET"]}}],"collection":[{"href":"https:\/\/fjala.info\/2009-2015\/wp-json\/wp\/v2\/posts"}],"about":[{"href":"https:\/\/fjala.info\/2009-2015\/wp-json\/wp\/v2\/types\/post"}],"author":[{"embeddable":true,"href":"https:\/\/fjala.info\/2009-2015\/wp-json\/wp\/v2\/users\/1"}],"replies":[{"embeddable":true,"href":"https:\/\/fjala.info\/2009-2015\/wp-json\/wp\/v2\/comments?post=5268"}],"version-history":[{"count":0,"href":"https:\/\/fjala.info\/2009-2015\/wp-json\/wp\/v2\/posts\/5268\/revisions"}],"wp:attachment":[{"href":"https:\/\/fjala.info\/2009-2015\/wp-json\/wp\/v2\/media?parent=5268"}],"wp:term":[{"taxonomy":"category","embeddable":true,"href":"https:\/\/fjala.info\/2009-2015\/wp-json\/wp\/v2\/categories?post=5268"},{"taxonomy":"post_tag","embeddable":true,"href":"https:\/\/fjala.info\/2009-2015\/wp-json\/wp\/v2\/tags?post=5268"}],"curies":[{"name":"wp","href":"https:\/\/api.w.org\/{rel}","templated":true}]}}