{"id":5267,"date":"2013-11-30T10:32:15","date_gmt":"2013-11-30T09:32:15","guid":{"rendered":"http:\/\/fjala.info\/?p=5267"},"modified":"2013-11-30T10:32:15","modified_gmt":"2013-11-30T09:32:15","slug":"ylli-i-lirise-imzot-nikolle-kacorri","status":"publish","type":"post","link":"https:\/\/fjala.info\/2009-2015\/ylli-i-lirise-imzot-nikolle-kacorri\/","title":{"rendered":"Ylli i liris\u00eb Imzot Nikoll\u00eb Ka\u00e7orri&#8230;"},"content":{"rendered":"<p><img decoding=\"async\" class=\"alignright size-thumbnail wp-image-7236\" title=\"Pjet\u00ebr Logoreci\" alt=\"\" src=\"http:\/\/www.fjala.info\/2013\/pjeter_logoreci.jpg\" width=\"150\" \/> <em><strong>Me rastin e fest\u00ebs s\u00eb 101-vjetorit t\u00eb shpalljes s\u00eb pavar\u00ebsis\u00eb<\/strong><\/em><\/p>\n<p>Nga <strong>Pjet\u00ebr Logoreci<\/strong><\/p>\n<p>Po afrohet festa e pavar\u00ebsis\u00eb s\u00eb Shqip\u00ebris\u00eb dhe \u00e7do shqiptar pregatitet t\u00eb festoj\u00eb datlindjen e atdheut. \u00c7do n\u00ebntor, flamuri i liris\u00eb val\u00ebvitet n\u00eb \u00e7do der\u00eb e dritare shqiptare, fal\u00eb atdhetar\u00ebve q\u00eb punuan e sakrifikuan edhe me jet\u00eb p\u00ebr tok\u00ebn ton\u00eb t\u00eb shtrenjt\u00eb. Pun\u00ebtor\u00eb t\u00eb palodhur q\u00eb soll\u00ebn krijimin e kombit, burrat e pavarsis\u00eb t\u00eb 1912-t\u00ebs meritojn\u00eb nderim e lavdi.<\/p>\n<p><strong>E kush me shum\u00eb se Ismail Qemali, Imzot Nikoll\u00eb Ka\u00e7orri, Isa Boletini &#8230;me shok\u00eb duhen nderuar e kujtuar n\u00eb k\u00ebt\u00eb jubile?<\/strong><\/p>\n<p>Duke q\u00ebn\u00eb se m\u00eb ra fati t\u00eb merrem shum\u00eb me jet\u00ebn e vepren e Imzot Nikoll\u00eb Ka\u00e7orrit, vendosa t\u00eb shkruaj k\u00ebto rreshta p\u00ebr k\u00ebt\u00eb kolos t\u00eb liris\u00eb e atdhedashuris\u00eb dhe nep\u00ebrmes tij t\u00eb nderoj t\u00eb gjith\u00eb figurat e ndritura t\u00eb kombit, q\u00eb firmos\u00ebn aktin madhor t\u00eb pavar\u00ebsis\u00eb.<br \/>\n\uf076<br \/>\nMe k\u00ebt\u00eb rast d\u00ebshiroj t\u00eb b\u00ebj t\u00eb njohur p\u00ebr lexuesit shqiptar disa dokumenta t\u00eb pabotuar m\u00eb par\u00eb, n\u00eb lidhje me arkitektin e shtetit t\u00eb par\u00eb shqiptar dom Nikoll\u00eb Ka\u00e7orrin. Dihet nga lexuesi q\u00eb ai vdiq n\u00eb Vjen\u00eb n\u00eb spitalin (sanatoriumin F\u00fcrth) ku kishte ardhur t\u00eb kurohej p\u00ebr nj\u00eb s\u00ebmundje kronike t\u00eb mushk\u00ebrive. Thuhet q\u00eb ai vdiq jo nga s\u00ebmundja e mushk\u00ebrive, por nga nj\u00eb keq\u00ebsim i shpejt\u00eb dhe i papritur i sh\u00ebndetit, e kjo m\u00eb b\u00ebri q\u00eb t\u00eb k\u00ebrkoj me ngulm n\u00eb arkivat e pasura t\u00eb shtetit austriak, p\u00ebr t\u00eb gjetur di\u00e7ka zyrtare rreth s\u00ebmundjes, apo shkakun e vdekjes s\u00eb tij t\u00eb papritur.<\/p>\n<p>I shtyr\u00eb nga intuita, fillova t\u00eb k\u00ebrkoj n\u00eb arkiv\u00ebn e arqidioqez\u00ebs s\u00eb Vjen\u00ebs ku ndodhen me qindra letra e dokumenta p\u00ebr \u00e7\u00ebshtjen shqiptare. Gatishm\u00ebria e sekretares s\u00eb arkivit, t\u00eb cil\u00ebn e falenderoj nga zemra, m\u00eb hapi dyert q\u00eb t\u00eb shoh rregjistrat e vdekjes, ku p\u00ebr \u00e7do t\u00eb vdekur gjindet data e vdekjes, vendi ku vdiq, pershkrimi i personit, shkaku, dita e varrimit si dhe vendi i varrit.<\/p>\n<p>S\u00eb pari i kalova nj\u00eb sy librit t\u00eb indeksit, ku gjindeshin emrat e t\u00eb gjith\u00eb personave q\u00eb kishin vdekur n\u00eb vitin <strong>1917<\/strong>, ku p\u00ebr fatin tim me numrin rendor <strong>238<\/strong> gjindej emri i patriotit <strong>Nikoll\u00eb Ka\u00e7orri<\/strong> (<em>Nikolaus Caciori<\/em>). M\u00eb pas, sipas k\u00ebtij orientimi k\u00ebrkova n\u00eb rregjistrin themeltar vitin 1917, n\u00eb faqen 238, ku me num\u00ebr rendor 103, gjeta t\u00eb rregjistruara t\u00eb gjitha t\u00eb dh\u00ebnat p\u00ebr Imzot Kacorrin.<\/p>\n<p><img decoding=\"async\" class=\"aligncenter size-thumbnail wp-image-7236\" title=\"Fleta e librit - indeksi\" alt=\"\" src=\"http:\/\/www.fjala.info\/2013\/foto1_kacorri_me_emen.jpg\" width=\"500\" \/><br \/>\n<strong>Foto 1: Fleta e librit t\u00eb indeksit ku gjindej emri i Imzot Nikoll\u00eb Ka\u00e7orrit<\/strong><\/p>\n<p>Numri r\u00ebndor 103 \/ data e vdekjes: 29 maj 1917 \/ vendi i vdekjes: Schmitgasse 14 \/ p\u00ebrshkrimi i personit: <strong>Caciori Nikolas<\/strong>, famullitar i qytetit t\u00eb Durr\u00ebsit, beqar, i lindur n\u00eb Lur\u00eb, me pun\u00eb n\u00eb Durr\u00ebs t\u00eb Shqip\u00ebris\u00eb. N\u00eb k\u00ebt\u00eb flet\u00eb ka nj\u00eb gabim shkrimi, \u00ebsht\u00eb sh\u00ebnuar mosha e t\u00eb vdekurit 49 vje\u00e7.<\/p>\n<p><img decoding=\"async\" class=\"aligncenter size-thumbnail wp-image-7236\" title=\"Fleta e regjistrit - t\u00eb dh\u00ebnat\" alt=\"\" src=\"http:\/\/www.fjala.info\/2013\/foto2_kacorri_me_emen.jpg\" width=\"500\" \/><br \/>\n<strong>Foto 2. Fleta e regjistrit themeltar ku gjindeshin t\u00eb dh\u00ebnat p\u00ebr Imzot Nikoll\u00eb Ka\u00e7orrin.<\/strong><\/p>\n<p>N\u00eb faqen tjet\u00ebr vijonte: shkaku i s\u00ebmundjes \u2013 (<em>Magen und Darmgeschw\u00fcr<\/em>) ul\u00e7er e stomakut dhe e zorr\u00ebve \/ varrosur n\u00eb Zentralfriedhof \/ varrosur me 1 qeshor 1917.<\/p>\n<p><img decoding=\"async\" class=\"aligncenter size-thumbnail wp-image-7236\" title=\"Fleta e librit - t\u00eb dh\u00ebnat\" alt=\"\" src=\"http:\/\/www.fjala.info\/2013\/foto3_kacorri_me_emen.jpg\" width=\"500\" \/><br \/>\n<strong>Foto 3. Fleta tjet\u00ebr (n\u00eb t\u00eb djatht\u00eb t\u00eb librit) ku gjind\u00ebshin t\u00eb dh\u00ebnat p\u00ebr Imzot Nikoll\u00eb Ka\u00e7orrin.<\/strong><\/p>\n<p>Pasi fotografova k\u00ebto flet\u00eb regjistri n\u00eb arqipeshkvi, k\u00ebrkova n\u00eb administrat\u00ebn e varrezave q\u00ebndrore t\u00eb Vjen\u00ebs \u00e7far\u00eb atje gjindej p\u00ebr t\u00eb vdekurin Ka\u00e7orri. Fatkeq\u00ebsisht administrata atje nuk ishte shum\u00eb bashk\u00ebpunuese, por megjithat\u00eb arrita t\u00eb marr nj\u00eb flet\u00eb t\u00eb p\u00ebrgjysmuar, e cila kishte mbetur ashtu meqen\u00ebse varri kishte ndryshuar gj\u00ebndje. Po n\u00eb at\u00eb varr (me Imzot Ka\u00e7orrin ) u varros\u00ebn m\u00eb pas dy p\u00ebrsona t\u00eb tjer\u00eb n\u00eb distanc\u00eb (n\u00eb thell\u00ebsi) prej nj\u00eb metri nga nj\u00ebri tjetri.<\/p>\n<p><img decoding=\"async\" class=\"aligncenter size-thumbnail wp-image-7236\" title=\"Dokumenti i varrez\u00ebs q\u00ebndrore t\u00eb Vjen\u00ebs\" alt=\"\" src=\"http:\/\/www.fjala.info\/2013\/foto4_kacorri_me_emen.jpg\" width=\"500\" \/><br \/>\n<strong>Foto 4. Dokumenti i varrez\u00ebs q\u00ebndrore t\u00eb Vjen\u00ebs.<\/strong><\/p>\n<p><img decoding=\"async\" class=\"aligncenter size-thumbnail wp-image-7236\" title=\"Pasaporta me t\u00eb cil\u00ebn udh\u00ebtoi sargu i Imzot Nikoll\u00eb Ka\u00e7orrit\" alt=\"\" src=\"http:\/\/www.fjala.info\/2013\/foto5_kacorri_me_emen.jpg\" width=\"500\" \/><br \/>\n<strong>Foto 5. Pasaporta me t\u00eb cil\u00ebn udh\u00ebtoi sargu i Imzot Nikoll\u00eb Ka\u00e7orrit<\/strong><\/p>\n<p><img decoding=\"async\" class=\"aligncenter size-thumbnail wp-image-7236\" title=\"Vula apostile\" alt=\"\" src=\"http:\/\/www.fjala.info\/2013\/foto6_kacorri_me_emen.jpg\" width=\"500\" \/><br \/>\n<strong>Foto 6. Vula apostile p\u00ebr udh\u00ebtimin e sargut<\/strong><\/p>\n<p><img decoding=\"async\" class=\"aligncenter size-thumbnail wp-image-7236\" title=\"Akti i vdekjes i Imzot Ka\u00e7orrit nga ambasada\" alt=\"\" src=\"http:\/\/www.fjala.info\/2013\/foto7_kacorri_me_emen.jpg\" width=\"500\" \/><br \/>\n<strong>Foto 7. Akti i vdekjes i Imzot Ka\u00e7orrit i formuluar nga ambasada shqiptare n\u00eb Vjen\u00eb<\/strong><\/p>\n<p><a href =\"http:\/\/www.fjala.info\/2013\/foto8_kacorri_me_emen.jpg\"><img decoding=\"async\" class=\"aligncenter size-thumbnail wp-image-7236\" title=\"Plani i varrez\u00ebs q\u00ebndrore t\u00eb Vjen\u00ebs\" alt=\"\" src=\"http:\/\/www.fjala.info\/2013\/foto8_kacorri_me_emen.jpg\" width=\"500\" \/><\/a><br \/>\n<strong>Foto 8. Plani i varrez\u00ebs q\u00ebndrore t\u00eb Vjen\u00ebs. N\u00eb bllokun 84 gjindej varri i Imzot Ka\u00e7orrit<\/strong><\/p>\n<p><a href=\"http:\/\/www.fjala.info\/2013\/foto9_kacorri_me_emen.jpg\"><img decoding=\"async\" class=\"aligncenter size-thumbnail wp-image-7236\" title=\"Fleta e librit - t\u00eb dh\u00ebnat\" alt=\"\" src=\"http:\/\/www.fjala.info\/2013\/foto9_kacorri_me_emen.jpg\" width=\"500\" \/><\/a><br \/>\n<strong>Foto 9. Imzot Ka\u00e7orri me delegacionin e prijsave shqiptar\u00eb n\u00eb Vjen\u00eb prill 1917, disa dit\u00eb para vdekjes. Marr\u00eb nga shtypi austriak i koh\u00ebs \u2013 Organi: Das Interessante Blat, Num. 17.<\/strong><\/p>\n<p>Riatdhesimi pas 94 vjet\u00ebsh i eshtrave t\u00eb Imzot Nikoll\u00eb Ka\u00e7orrit, ishte nj\u00eb vep\u00ebr e mir\u00eb, t\u00eb cil\u00ebn politikan\u00ebt mosmir\u00ebnjoh\u00ebs e t\u00eb paturp e anashkaluan, duke mos i organizuar nj\u00eb ceremoni pritjeje dinjitoze p\u00ebr k\u00ebt\u00eb burr\u00eb shteti. Ato m\u00eb pas u munduan t\u00eb b\u00ebjn\u00eb <em>Show \u2013 Politik<\/em>, duke e p\u00ebrdorur dit\u00ebn e rivarrimit t\u00eb Imzot Ka\u00e7orrit n\u00eb kish\u00ebn e Sh\u00ebn Lucis\u00eb n\u00eb Durr\u00ebs, p\u00ebr fushat\u00eb politike n\u00eb favor te tyre.<\/p>\n<p>Ky shkrim dhe disa shkrime, q\u00eb kam botuar m\u00eb par\u00eb, frut i k\u00ebrkimeve t\u00eb mia t\u00eb gjata n\u00eb arkivat e huaja, me dokumenta t\u00eb pabotuara apo t\u00eb panjohura deri tani, shpresoj t\u00eb ndihmojn\u00eb sadopak n\u00eb ndri\u00e7imin e jet\u00ebs s\u00eb kolosit atdhetar Dom Nikoll\u00eb Ka\u00e7orri, krahas librave q\u00eb jan\u00eb shkruar p\u00ebr t\u00eb.<\/p>\n","protected":false},"excerpt":{"rendered":"<p>Me rastin e fest\u00ebs s\u00eb 101-vjetorit t\u00eb shpalljes s\u00eb pavar\u00ebsis\u00eb Nga Pjet\u00ebr Logoreci Po afrohet festa e pavar\u00ebsis\u00eb s\u00eb Shqip\u00ebris\u00eb dhe \u00e7do shqiptar pregatitet t\u00eb festoj\u00eb datlindjen e atdheut. \u00c7do n\u00ebntor, flamuri i liris\u00eb val\u00ebvitet n\u00eb \u00e7do der\u00eb e dritare shqiptare, fal\u00eb atdhetar\u00ebve q\u00eb punuan e sakrifikuan edhe me jet\u00eb p\u00ebr tok\u00ebn ton\u00eb t\u00eb shtrenjt\u00eb. [&hellip;]<\/p>\n","protected":false},"author":1,"featured_media":0,"comment_status":"open","ping_status":"closed","sticky":false,"template":"","format":"standard","meta":{"footnotes":""},"categories":[2],"tags":[],"class_list":{"0":"post-5267","1":"post","2":"type-post","3":"status-publish","4":"format-standard","6":"category-artikuj"},"yoast_head":"<!-- This site is optimized with the Yoast SEO plugin v27.4 - https:\/\/yoast.com\/product\/yoast-seo-wordpress\/ -->\n<title>Ylli i liris\u00eb Imzot Nikoll\u00eb Ka\u00e7orri... - FjALA e LIR\u00cb - Arkivi<\/title>\n<meta name=\"robots\" content=\"index, follow, max-snippet:-1, max-image-preview:large, max-video-preview:-1\" \/>\n<link rel=\"canonical\" href=\"https:\/\/fjala.info\/2009-2015\/ylli-i-lirise-imzot-nikolle-kacorri\/\" \/>\n<meta property=\"og:locale\" content=\"sq_AL\" \/>\n<meta property=\"og:type\" content=\"article\" \/>\n<meta property=\"og:title\" content=\"Ylli i liris\u00eb Imzot Nikoll\u00eb Ka\u00e7orri... - FjALA e LIR\u00cb - Arkivi\" \/>\n<meta property=\"og:description\" content=\"Me rastin e fest\u00ebs s\u00eb 101-vjetorit t\u00eb shpalljes s\u00eb pavar\u00ebsis\u00eb Nga Pjet\u00ebr Logoreci Po afrohet festa e pavar\u00ebsis\u00eb s\u00eb Shqip\u00ebris\u00eb dhe \u00e7do shqiptar pregatitet t\u00eb festoj\u00eb datlindjen e atdheut. \u00c7do n\u00ebntor, flamuri i liris\u00eb val\u00ebvitet n\u00eb \u00e7do der\u00eb e dritare shqiptare, fal\u00eb atdhetar\u00ebve q\u00eb punuan e sakrifikuan edhe me jet\u00eb p\u00ebr tok\u00ebn ton\u00eb t\u00eb shtrenjt\u00eb. [&hellip;]\" \/>\n<meta property=\"og:url\" content=\"https:\/\/fjala.info\/2009-2015\/ylli-i-lirise-imzot-nikolle-kacorri\/\" \/>\n<meta property=\"og:site_name\" content=\"FjALA e LIR\u00cb - Arkivi\" \/>\n<meta property=\"article:published_time\" content=\"2013-11-30T09:32:15+00:00\" \/>\n<meta property=\"og:image\" content=\"http:\/\/www.fjala.info\/2013\/pjeter_logoreci.jpg\" \/>\n<meta name=\"author\" content=\"admin\" \/>\n<meta name=\"twitter:card\" content=\"summary_large_image\" \/>\n<meta name=\"twitter:label1\" content=\"Written by\" \/>\n\t<meta name=\"twitter:data1\" content=\"admin\" \/>\n\t<meta name=\"twitter:label2\" content=\"Est. reading time\" \/>\n\t<meta name=\"twitter:data2\" content=\"4 minutes\" \/>\n<script type=\"application\/ld+json\" class=\"yoast-schema-graph\">{\"@context\":\"https:\\\/\\\/schema.org\",\"@graph\":[{\"@type\":\"Article\",\"@id\":\"https:\\\/\\\/fjala.info\\\/2009-2015\\\/ylli-i-lirise-imzot-nikolle-kacorri\\\/#article\",\"isPartOf\":{\"@id\":\"https:\\\/\\\/fjala.info\\\/2009-2015\\\/ylli-i-lirise-imzot-nikolle-kacorri\\\/\"},\"author\":{\"name\":\"admin\",\"@id\":\"https:\\\/\\\/fjala.info\\\/2009-2015\\\/#\\\/schema\\\/person\\\/3aa1163ef05469c496fc94e77611ada2\"},\"headline\":\"Ylli i liris\u00eb Imzot Nikoll\u00eb Ka\u00e7orri&#8230;\",\"datePublished\":\"2013-11-30T09:32:15+00:00\",\"mainEntityOfPage\":{\"@id\":\"https:\\\/\\\/fjala.info\\\/2009-2015\\\/ylli-i-lirise-imzot-nikolle-kacorri\\\/\"},\"wordCount\":890,\"commentCount\":0,\"publisher\":{\"@id\":\"https:\\\/\\\/fjala.info\\\/2009-2015\\\/#organization\"},\"image\":{\"@id\":\"https:\\\/\\\/fjala.info\\\/2009-2015\\\/ylli-i-lirise-imzot-nikolle-kacorri\\\/#primaryimage\"},\"thumbnailUrl\":\"http:\\\/\\\/www.fjala.info\\\/2013\\\/pjeter_logoreci.jpg\",\"articleSection\":[\"Artikuj\"],\"inLanguage\":\"sq-AL\",\"potentialAction\":[{\"@type\":\"CommentAction\",\"name\":\"Comment\",\"target\":[\"https:\\\/\\\/fjala.info\\\/2009-2015\\\/ylli-i-lirise-imzot-nikolle-kacorri\\\/#respond\"]}]},{\"@type\":\"WebPage\",\"@id\":\"https:\\\/\\\/fjala.info\\\/2009-2015\\\/ylli-i-lirise-imzot-nikolle-kacorri\\\/\",\"url\":\"https:\\\/\\\/fjala.info\\\/2009-2015\\\/ylli-i-lirise-imzot-nikolle-kacorri\\\/\",\"name\":\"Ylli i liris\u00eb Imzot Nikoll\u00eb Ka\u00e7orri... - FjALA e LIR\u00cb - Arkivi\",\"isPartOf\":{\"@id\":\"https:\\\/\\\/fjala.info\\\/2009-2015\\\/#website\"},\"primaryImageOfPage\":{\"@id\":\"https:\\\/\\\/fjala.info\\\/2009-2015\\\/ylli-i-lirise-imzot-nikolle-kacorri\\\/#primaryimage\"},\"image\":{\"@id\":\"https:\\\/\\\/fjala.info\\\/2009-2015\\\/ylli-i-lirise-imzot-nikolle-kacorri\\\/#primaryimage\"},\"thumbnailUrl\":\"http:\\\/\\\/www.fjala.info\\\/2013\\\/pjeter_logoreci.jpg\",\"datePublished\":\"2013-11-30T09:32:15+00:00\",\"breadcrumb\":{\"@id\":\"https:\\\/\\\/fjala.info\\\/2009-2015\\\/ylli-i-lirise-imzot-nikolle-kacorri\\\/#breadcrumb\"},\"inLanguage\":\"sq-AL\",\"potentialAction\":[{\"@type\":\"ReadAction\",\"target\":[\"https:\\\/\\\/fjala.info\\\/2009-2015\\\/ylli-i-lirise-imzot-nikolle-kacorri\\\/\"]}]},{\"@type\":\"ImageObject\",\"inLanguage\":\"sq-AL\",\"@id\":\"https:\\\/\\\/fjala.info\\\/2009-2015\\\/ylli-i-lirise-imzot-nikolle-kacorri\\\/#primaryimage\",\"url\":\"http:\\\/\\\/www.fjala.info\\\/2013\\\/pjeter_logoreci.jpg\",\"contentUrl\":\"http:\\\/\\\/www.fjala.info\\\/2013\\\/pjeter_logoreci.jpg\"},{\"@type\":\"BreadcrumbList\",\"@id\":\"https:\\\/\\\/fjala.info\\\/2009-2015\\\/ylli-i-lirise-imzot-nikolle-kacorri\\\/#breadcrumb\",\"itemListElement\":[{\"@type\":\"ListItem\",\"position\":1,\"name\":\"Home\",\"item\":\"https:\\\/\\\/fjala.info\\\/2009-2015\\\/\"},{\"@type\":\"ListItem\",\"position\":2,\"name\":\"Ylli i liris\u00eb Imzot Nikoll\u00eb Ka\u00e7orri&#8230;\"}]},{\"@type\":\"WebSite\",\"@id\":\"https:\\\/\\\/fjala.info\\\/2009-2015\\\/#website\",\"url\":\"https:\\\/\\\/fjala.info\\\/2009-2015\\\/\",\"name\":\"FjALA e LIR\u00cb - Arkivi\",\"description\":\"Arkivi 2009-2015\",\"publisher\":{\"@id\":\"https:\\\/\\\/fjala.info\\\/2009-2015\\\/#organization\"},\"potentialAction\":[{\"@type\":\"SearchAction\",\"target\":{\"@type\":\"EntryPoint\",\"urlTemplate\":\"https:\\\/\\\/fjala.info\\\/2009-2015\\\/?s={search_term_string}\"},\"query-input\":{\"@type\":\"PropertyValueSpecification\",\"valueRequired\":true,\"valueName\":\"search_term_string\"}}],\"inLanguage\":\"sq-AL\"},{\"@type\":\"Organization\",\"@id\":\"https:\\\/\\\/fjala.info\\\/2009-2015\\\/#organization\",\"name\":\"FjALA e LIR\u00cb - Arkivi\",\"url\":\"https:\\\/\\\/fjala.info\\\/2009-2015\\\/\",\"logo\":{\"@type\":\"ImageObject\",\"inLanguage\":\"sq-AL\",\"@id\":\"https:\\\/\\\/fjala.info\\\/2009-2015\\\/#\\\/schema\\\/logo\\\/image\\\/\",\"url\":\"\",\"contentUrl\":\"\",\"caption\":\"FjALA e LIR\u00cb - Arkivi\"},\"image\":{\"@id\":\"https:\\\/\\\/fjala.info\\\/2009-2015\\\/#\\\/schema\\\/logo\\\/image\\\/\"}},{\"@type\":\"Person\",\"@id\":\"https:\\\/\\\/fjala.info\\\/2009-2015\\\/#\\\/schema\\\/person\\\/3aa1163ef05469c496fc94e77611ada2\",\"name\":\"admin\",\"image\":{\"@type\":\"ImageObject\",\"inLanguage\":\"sq-AL\",\"@id\":\"https:\\\/\\\/fjala.info\\\/2009-2015\\\/wp-content\\\/uploads\\\/2012\\\/02\\\/arben_cokaj-120x150.jpg\",\"url\":\"https:\\\/\\\/fjala.info\\\/2009-2015\\\/wp-content\\\/uploads\\\/2012\\\/02\\\/arben_cokaj-120x150.jpg\",\"contentUrl\":\"https:\\\/\\\/fjala.info\\\/2009-2015\\\/wp-content\\\/uploads\\\/2012\\\/02\\\/arben_cokaj-120x150.jpg\",\"caption\":\"admin\"},\"description\":\"Admin, Fjala e Lir\u00eb\",\"sameAs\":[\"https:\\\/\\\/fjala.info\\\/\"],\"url\":\"https:\\\/\\\/fjala.info\\\/2009-2015\\\/author\\\/admin\\\/\"}]}<\/script>\n<!-- \/ Yoast SEO plugin. -->","yoast_head_json":{"title":"Ylli i liris\u00eb Imzot Nikoll\u00eb Ka\u00e7orri... - FjALA e LIR\u00cb - Arkivi","robots":{"index":"index","follow":"follow","max-snippet":"max-snippet:-1","max-image-preview":"max-image-preview:large","max-video-preview":"max-video-preview:-1"},"canonical":"https:\/\/fjala.info\/2009-2015\/ylli-i-lirise-imzot-nikolle-kacorri\/","og_locale":"sq_AL","og_type":"article","og_title":"Ylli i liris\u00eb Imzot Nikoll\u00eb Ka\u00e7orri... - FjALA e LIR\u00cb - Arkivi","og_description":"Me rastin e fest\u00ebs s\u00eb 101-vjetorit t\u00eb shpalljes s\u00eb pavar\u00ebsis\u00eb Nga Pjet\u00ebr Logoreci Po afrohet festa e pavar\u00ebsis\u00eb s\u00eb Shqip\u00ebris\u00eb dhe \u00e7do shqiptar pregatitet t\u00eb festoj\u00eb datlindjen e atdheut. \u00c7do n\u00ebntor, flamuri i liris\u00eb val\u00ebvitet n\u00eb \u00e7do der\u00eb e dritare shqiptare, fal\u00eb atdhetar\u00ebve q\u00eb punuan e sakrifikuan edhe me jet\u00eb p\u00ebr tok\u00ebn ton\u00eb t\u00eb shtrenjt\u00eb. [&hellip;]","og_url":"https:\/\/fjala.info\/2009-2015\/ylli-i-lirise-imzot-nikolle-kacorri\/","og_site_name":"FjALA e LIR\u00cb - Arkivi","article_published_time":"2013-11-30T09:32:15+00:00","og_image":[{"url":"http:\/\/www.fjala.info\/2013\/pjeter_logoreci.jpg","type":"","width":"","height":""}],"author":"admin","twitter_card":"summary_large_image","twitter_misc":{"Written by":"admin","Est. reading time":"4 minutes"},"schema":{"@context":"https:\/\/schema.org","@graph":[{"@type":"Article","@id":"https:\/\/fjala.info\/2009-2015\/ylli-i-lirise-imzot-nikolle-kacorri\/#article","isPartOf":{"@id":"https:\/\/fjala.info\/2009-2015\/ylli-i-lirise-imzot-nikolle-kacorri\/"},"author":{"name":"admin","@id":"https:\/\/fjala.info\/2009-2015\/#\/schema\/person\/3aa1163ef05469c496fc94e77611ada2"},"headline":"Ylli i liris\u00eb Imzot Nikoll\u00eb Ka\u00e7orri&#8230;","datePublished":"2013-11-30T09:32:15+00:00","mainEntityOfPage":{"@id":"https:\/\/fjala.info\/2009-2015\/ylli-i-lirise-imzot-nikolle-kacorri\/"},"wordCount":890,"commentCount":0,"publisher":{"@id":"https:\/\/fjala.info\/2009-2015\/#organization"},"image":{"@id":"https:\/\/fjala.info\/2009-2015\/ylli-i-lirise-imzot-nikolle-kacorri\/#primaryimage"},"thumbnailUrl":"http:\/\/www.fjala.info\/2013\/pjeter_logoreci.jpg","articleSection":["Artikuj"],"inLanguage":"sq-AL","potentialAction":[{"@type":"CommentAction","name":"Comment","target":["https:\/\/fjala.info\/2009-2015\/ylli-i-lirise-imzot-nikolle-kacorri\/#respond"]}]},{"@type":"WebPage","@id":"https:\/\/fjala.info\/2009-2015\/ylli-i-lirise-imzot-nikolle-kacorri\/","url":"https:\/\/fjala.info\/2009-2015\/ylli-i-lirise-imzot-nikolle-kacorri\/","name":"Ylli i liris\u00eb Imzot Nikoll\u00eb Ka\u00e7orri... - FjALA e LIR\u00cb - Arkivi","isPartOf":{"@id":"https:\/\/fjala.info\/2009-2015\/#website"},"primaryImageOfPage":{"@id":"https:\/\/fjala.info\/2009-2015\/ylli-i-lirise-imzot-nikolle-kacorri\/#primaryimage"},"image":{"@id":"https:\/\/fjala.info\/2009-2015\/ylli-i-lirise-imzot-nikolle-kacorri\/#primaryimage"},"thumbnailUrl":"http:\/\/www.fjala.info\/2013\/pjeter_logoreci.jpg","datePublished":"2013-11-30T09:32:15+00:00","breadcrumb":{"@id":"https:\/\/fjala.info\/2009-2015\/ylli-i-lirise-imzot-nikolle-kacorri\/#breadcrumb"},"inLanguage":"sq-AL","potentialAction":[{"@type":"ReadAction","target":["https:\/\/fjala.info\/2009-2015\/ylli-i-lirise-imzot-nikolle-kacorri\/"]}]},{"@type":"ImageObject","inLanguage":"sq-AL","@id":"https:\/\/fjala.info\/2009-2015\/ylli-i-lirise-imzot-nikolle-kacorri\/#primaryimage","url":"http:\/\/www.fjala.info\/2013\/pjeter_logoreci.jpg","contentUrl":"http:\/\/www.fjala.info\/2013\/pjeter_logoreci.jpg"},{"@type":"BreadcrumbList","@id":"https:\/\/fjala.info\/2009-2015\/ylli-i-lirise-imzot-nikolle-kacorri\/#breadcrumb","itemListElement":[{"@type":"ListItem","position":1,"name":"Home","item":"https:\/\/fjala.info\/2009-2015\/"},{"@type":"ListItem","position":2,"name":"Ylli i liris\u00eb Imzot Nikoll\u00eb Ka\u00e7orri&#8230;"}]},{"@type":"WebSite","@id":"https:\/\/fjala.info\/2009-2015\/#website","url":"https:\/\/fjala.info\/2009-2015\/","name":"FjALA e LIR\u00cb - Arkivi","description":"Arkivi 2009-2015","publisher":{"@id":"https:\/\/fjala.info\/2009-2015\/#organization"},"potentialAction":[{"@type":"SearchAction","target":{"@type":"EntryPoint","urlTemplate":"https:\/\/fjala.info\/2009-2015\/?s={search_term_string}"},"query-input":{"@type":"PropertyValueSpecification","valueRequired":true,"valueName":"search_term_string"}}],"inLanguage":"sq-AL"},{"@type":"Organization","@id":"https:\/\/fjala.info\/2009-2015\/#organization","name":"FjALA e LIR\u00cb - Arkivi","url":"https:\/\/fjala.info\/2009-2015\/","logo":{"@type":"ImageObject","inLanguage":"sq-AL","@id":"https:\/\/fjala.info\/2009-2015\/#\/schema\/logo\/image\/","url":"","contentUrl":"","caption":"FjALA e LIR\u00cb - Arkivi"},"image":{"@id":"https:\/\/fjala.info\/2009-2015\/#\/schema\/logo\/image\/"}},{"@type":"Person","@id":"https:\/\/fjala.info\/2009-2015\/#\/schema\/person\/3aa1163ef05469c496fc94e77611ada2","name":"admin","image":{"@type":"ImageObject","inLanguage":"sq-AL","@id":"https:\/\/fjala.info\/2009-2015\/wp-content\/uploads\/2012\/02\/arben_cokaj-120x150.jpg","url":"https:\/\/fjala.info\/2009-2015\/wp-content\/uploads\/2012\/02\/arben_cokaj-120x150.jpg","contentUrl":"https:\/\/fjala.info\/2009-2015\/wp-content\/uploads\/2012\/02\/arben_cokaj-120x150.jpg","caption":"admin"},"description":"Admin, Fjala e Lir\u00eb","sameAs":["https:\/\/fjala.info\/"],"url":"https:\/\/fjala.info\/2009-2015\/author\/admin\/"}]}},"_links":{"self":[{"href":"https:\/\/fjala.info\/2009-2015\/wp-json\/wp\/v2\/posts\/5267","targetHints":{"allow":["GET"]}}],"collection":[{"href":"https:\/\/fjala.info\/2009-2015\/wp-json\/wp\/v2\/posts"}],"about":[{"href":"https:\/\/fjala.info\/2009-2015\/wp-json\/wp\/v2\/types\/post"}],"author":[{"embeddable":true,"href":"https:\/\/fjala.info\/2009-2015\/wp-json\/wp\/v2\/users\/1"}],"replies":[{"embeddable":true,"href":"https:\/\/fjala.info\/2009-2015\/wp-json\/wp\/v2\/comments?post=5267"}],"version-history":[{"count":0,"href":"https:\/\/fjala.info\/2009-2015\/wp-json\/wp\/v2\/posts\/5267\/revisions"}],"wp:attachment":[{"href":"https:\/\/fjala.info\/2009-2015\/wp-json\/wp\/v2\/media?parent=5267"}],"wp:term":[{"taxonomy":"category","embeddable":true,"href":"https:\/\/fjala.info\/2009-2015\/wp-json\/wp\/v2\/categories?post=5267"},{"taxonomy":"post_tag","embeddable":true,"href":"https:\/\/fjala.info\/2009-2015\/wp-json\/wp\/v2\/tags?post=5267"}],"curies":[{"name":"wp","href":"https:\/\/api.w.org\/{rel}","templated":true}]}}