{"id":5265,"date":"2013-11-28T09:48:53","date_gmt":"2013-11-28T08:48:53","guid":{"rendered":"http:\/\/fjala.info\/?p=5265"},"modified":"2013-11-28T09:48:53","modified_gmt":"2013-11-28T08:48:53","slug":"nuk-jemi-ne-vitin-1914","status":"publish","type":"post","link":"https:\/\/fjala.info\/2009-2015\/nuk-jemi-ne-vitin-1914\/","title":{"rendered":"Nuk jemi n\u00eb vitin 1914"},"content":{"rendered":"<p><img decoding=\"async\" class=\"alignleft size-thumbnail wp-image-7236\" title=\"Timothy Garton Ash\" alt=\"\" src=\"http:\/\/www.fjala.info\/2013\/timothy_garton_ash.jpg\" width=\"150\" \/> Nga <strong>Timothy Garton Ash<\/strong>, <em>27 n\u00ebntor 2013<\/em><\/p>\n<p>Duke sh\u00ebnuar 100-vjetorin e vitit 1914, kjo n\u00eb m\u00ebnyr\u00eb favorizuese do t\u00eb jet\u00eb n\u00eb kontrast me udh\u00ebheqjen e but\u00eb dhe konfuze, n\u00ebn t\u00eb cil\u00ebn Europa u zhyt n\u00eb Luft\u00ebn e Par\u00eb Bot\u00ebrore. Para zgjedhjeve t\u00eb ardhshme n\u00eb muajin maj, p\u00ebr Parlamentin Europian, aksioni i vendosur i dyshes franko-gjermane dhe oratoria frym\u00ebzuese, do t\u2019i t\u00ebrheq\u00eb prapa partit\u00eb anti Bashkimit Europian, q\u00eb po fitojn\u00eb terren n\u00eb shum\u00eb vende europiane. Tani p\u00ebr realitetin.<\/p>\n<p>Ne madje nuk do ta kemi qeverin\u00eb e re gjermane t\u00eb formuar deri para Krishtlindjes. N\u00eb negociatat p\u00ebr koalicionin gjerman, q\u00eb mendohet se do t\u00eb p\u00ebrfundojn\u00eb jav\u00ebn e ardhshme, \u00e7\u00ebshtjet europiane po trajtohen sipas asaj \u201cprit p\u00ebr t\u00eb\u201d. P\u00ebr k\u00ebt\u00eb \u00e7\u00ebshtje \u00ebsht\u00eb formuar nj\u00eb n\u00ebngrup pune p\u00ebr financat, q\u00eb quhet \u201cRregullimi i Bankave, Europa, Euro\u201d. P\u00ebr tri partit\u00eb gjermane pjes\u00ebmarr\u00ebse, Unionin Demokristian t\u00eb Angela Merkelit, Unionin Socialkristian t\u00eb Bavaris\u00eb dhe socialdemokrat\u00ebt opozitar\u00eb, \u00e7\u00ebshtje e nxeht\u00eb jan\u00eb ato vendase.<\/p>\n<p>Rroga minimale, politika e energjis\u00eb, shtet\u00ebsia e dyfisht\u00eb, pagesa e propozuar p\u00ebr autostradat, t\u00eb gjitha k\u00ebto kalkulohet se jan\u00eb di\u00e7ka m\u00eb tep\u00ebr se ardhm\u00ebria e kontinentit. Politikan\u00ebt gjerman\u00eb e din\u00eb se \u00e7ka realisht \u00ebsht\u00eb interesante p\u00ebr t\u2019i shitur politikat e partive t\u00eb tyre te votuesit p\u00ebr zgjedhjet e ardhshme. Derisa gjerman\u00ebt e zakonsh\u00ebm futen n\u00eb rrjedhat e blerjeve p\u00ebr Krishtlindje, shumica nuk ndjejn\u00eb v\u00ebshtir\u00ebsi p\u00ebr kriz\u00ebn e euros. Papun\u00ebsia e t\u00eb rinjve \u00ebsht\u00eb afro 8% n\u00eb Gjermani, nd\u00ebrsa n\u00eb Spanj\u00eb \u00ebsht\u00eb 56%.<\/p>\n<p>\u00cbsht\u00eb v\u00ebshtir\u00eb t\u00eb paramendohet se sa larg dhe sa urgjente \u00ebsht\u00eb ndjesia e njeriut n\u00eb metron\u00eb e Berlinit p\u00ebr kriz\u00ebn n\u00eb Europ\u00eb. Por, p\u00ebr dallim nga kolegu i tij n\u00eb Madrid, ai n\u00eb Berlin, me rastin e daljes nga metroja, nuk i gjen mbeturinat e kalbura n\u00eb rrug\u00eb. Pasi t\u00eb formohet koalicioni i qeveris\u00eb gjermane, politika e saj europiane, do t\u00eb jet\u00eb produkt i kompromiseve nd\u00ebrmjet tri departamenteve t\u00eb shtetit, kancelarja federale dominante, ministria e financave dhe ministria e jashtme, q\u00eb nd\u00ebrmjet tyre do t\u00eb jen\u00eb t\u00eb ndara politikisht, nd\u00ebrmjet demokristian\u00ebve dhe socialdemokrat\u00ebve.<\/p>\n<p>Fuqia hezituese udh\u00ebheq\u00ebse europiane do t\u00eb duhet t\u00eb b\u00ebj\u00eb kompromise t\u00eb m\u00ebtejshme me Franc\u00ebn, e cila ka pik\u00ebpamje t\u00eb ndryshme p\u00ebr disa \u00e7\u00ebshtje kryesore. Franca ka, po ashtu, presidentin e but\u00eb, Fran\u00e7ois Hollande, i cili po d\u00ebshton ta reformoj\u00eb vendin e tij; t\u00eb mos flasim p\u00ebr ndihm\u00eb dh\u00ebn\u00eb ndokujt tjet\u00ebr. \u00c7ifti gjermano-francez, gjithnj\u00eb e m\u00eb i moshuar dhe gjithnj\u00eb e m\u00eb i pabarabart\u00eb, q\u00eb n\u00eb janar e ka sh\u00ebnuar p\u00ebrvjetorin e art\u00eb t\u00eb martes\u00ebs me nj\u00eb pesimiz\u00ebm, duhet t\u2019i marr\u00eb parasysh shqet\u00ebsimet e partner\u00ebve t\u00eb vlefsh\u00ebm si\u00e7 \u00ebsht\u00eb Polonia, dhe po ashtu, propozimet q\u00eb vijn\u00eb nga institucionet europiane.<\/p>\n<p>Nga kjo orkest\u00ebr jofunksionale do t\u00eb dal\u00eb thirrja e mpreht\u00eb q\u00eb do t\u2019i godas\u00eb skeptik\u00ebt e t\u00eb gjitha vendeve n\u00eb themb\u00ebr dhe do t\u2019i mobilizoj\u00eb europian\u00ebt p\u00ebr t\u00eb votuar p\u00ebr Europ\u00ebn. Kjo \u00ebsht\u00eb qesharake. Si rezultat, pjes\u00ebrisht, kjo do t\u00eb jet\u00eb fushata m\u00eb interesante europiane zgjedhore q\u00eb prej zgjedhjeve direkte p\u00ebr Parlamentin Europian n\u00eb vitin 1979, p\u00ebr t\u00eb gjith\u00eb n\u00eb Europ\u00eb. Termi \u201cpopulist\u201d \u00ebsht\u00eb i p\u00ebrbashk\u00ebt p\u00ebr t\u00eb gjith\u00eb ata q\u00eb e kund\u00ebrshtojn\u00eb iden\u00eb e Bashkimit Europian, por nuk e p\u00ebrmban n\u00eb vetvete diversitetin e tyre.<\/p>\n<p>Me gjith\u00eb mosrespektin p\u00ebr partin\u00eb Pavar\u00ebsia t\u00eb Britanis\u00eb dhe Aleanc\u00ebn p\u00ebr Gjermanin\u00eb, q\u00eb \u00ebsht\u00eb anti-europiane, \u00ebsht\u00eb krejt\u00ebsisht e gabueshme p\u00ebr t\u2019i futur n\u00eb nj\u00eb thes t\u00eb nj\u00ebjt\u00eb, me Agimin e Art\u00eb neofashist n\u00eb Greqi, partin\u00eb Jobbvik n\u00eb Hungari, ose Frontin Komb\u00ebtar t\u00eb Franc\u00ebs. Dy prej lider\u00ebve t\u00eb tyre m\u00eb t\u00eb aft\u00eb, Marine Le Pen nga Fronti Komb\u00ebtar Francez dhe Geert Wilders nga partia e Liris\u00eb n\u00eb Holand\u00eb, kan\u00eb filluar t\u00eb p\u00ebrpiqen p\u00ebr t\u2019i bashkuar partit\u00eb p\u00ebrkat\u00ebse. Gjat\u00eb nj\u00eb dreke n\u00eb nj\u00eb restorant elegant n\u00eb Paris, zoti Wilders tha se \u201csot \u00ebsht\u00eb fillimi i \u00e7lirimit nga elita europiane, nga p\u00ebrbind\u00ebshi n\u00eb Bruksel\u201d.<\/p>\n<p>Le Pen tha se \u201cpartit\u00eb patriotike\u201d d\u00ebshirojn\u00eb \u201cta kthejn\u00eb lirin\u00eb te populli yn\u00eb\u201d, e jo q\u00eb t\u00eb jen\u00eb \u201ct\u00eb detyruar q\u00eb buxhetet e tyre t\u2019u n\u00ebnshtrohen\u201d lider\u00ebve n\u00eb Bruksel. N\u00eb Vjen\u00eb, kat\u00ebr parti t\u00eb tjera, Paria e Lir\u00eb e Austris\u00eb, Demokrat\u00ebt e Suedis\u00eb, Liga Veriore e Italis\u00eb dhe Belangu flaman, iu bashkuan valsit me lideren e Frontit Komb\u00ebtar Francez, Le Pen. Pra, suksesi i k\u00ebtyre partive, s\u00eb paku mund t\u2019i mobilizoj\u00eb gjeneratat e reja t\u00eb europian\u00ebve p\u00ebr t\u2019i mbrojtur arritjet, q\u00eb ata i konsiderojn\u00eb t\u00eb garantuara. Nuk jemi n\u00eb vitin 1914, por 100 vjet m\u00eb von\u00eb, Europa p\u00ebrs\u00ebri do t\u00eb jetoj\u00eb n\u00eb koh\u00ebra interesante.<\/p>\n<p><em>Nga Gazeta &#8220;Mapo&#8221; <\/em><\/p>\n","protected":false},"excerpt":{"rendered":"<p>Nga Timothy Garton Ash, 27 n\u00ebntor 2013 Duke sh\u00ebnuar 100-vjetorin e vitit 1914, kjo n\u00eb m\u00ebnyr\u00eb favorizuese do t\u00eb jet\u00eb n\u00eb kontrast me udh\u00ebheqjen e but\u00eb dhe konfuze, n\u00ebn t\u00eb cil\u00ebn Europa u zhyt n\u00eb Luft\u00ebn e Par\u00eb Bot\u00ebrore. Para zgjedhjeve t\u00eb ardhshme n\u00eb muajin maj, p\u00ebr Parlamentin Europian, aksioni i vendosur i dyshes franko-gjermane [&hellip;]<\/p>\n","protected":false},"author":1,"featured_media":0,"comment_status":"open","ping_status":"closed","sticky":false,"template":"","format":"standard","meta":{"footnotes":""},"categories":[2],"tags":[],"class_list":{"0":"post-5265","1":"post","2":"type-post","3":"status-publish","4":"format-standard","6":"category-artikuj"},"yoast_head":"<!-- This site is optimized with the Yoast SEO plugin v27.4 - https:\/\/yoast.com\/product\/yoast-seo-wordpress\/ -->\n<title>Nuk jemi n\u00eb vitin 1914 - FjALA e LIR\u00cb - Arkivi<\/title>\n<meta name=\"robots\" content=\"index, follow, max-snippet:-1, max-image-preview:large, max-video-preview:-1\" \/>\n<link rel=\"canonical\" href=\"https:\/\/fjala.info\/2009-2015\/nuk-jemi-ne-vitin-1914\/\" \/>\n<meta property=\"og:locale\" content=\"sq_AL\" \/>\n<meta property=\"og:type\" content=\"article\" \/>\n<meta property=\"og:title\" content=\"Nuk jemi n\u00eb vitin 1914 - FjALA e LIR\u00cb - Arkivi\" \/>\n<meta property=\"og:description\" content=\"Nga Timothy Garton Ash, 27 n\u00ebntor 2013 Duke sh\u00ebnuar 100-vjetorin e vitit 1914, kjo n\u00eb m\u00ebnyr\u00eb favorizuese do t\u00eb jet\u00eb n\u00eb kontrast me udh\u00ebheqjen e but\u00eb dhe konfuze, n\u00ebn t\u00eb cil\u00ebn Europa u zhyt n\u00eb Luft\u00ebn e Par\u00eb Bot\u00ebrore. Para zgjedhjeve t\u00eb ardhshme n\u00eb muajin maj, p\u00ebr Parlamentin Europian, aksioni i vendosur i dyshes franko-gjermane [&hellip;]\" \/>\n<meta property=\"og:url\" content=\"https:\/\/fjala.info\/2009-2015\/nuk-jemi-ne-vitin-1914\/\" \/>\n<meta property=\"og:site_name\" content=\"FjALA e LIR\u00cb - Arkivi\" \/>\n<meta property=\"article:published_time\" content=\"2013-11-28T08:48:53+00:00\" \/>\n<meta property=\"og:image\" content=\"http:\/\/www.fjala.info\/2013\/timothy_garton_ash.jpg\" \/>\n<meta name=\"author\" content=\"admin\" \/>\n<meta name=\"twitter:card\" content=\"summary_large_image\" \/>\n<meta name=\"twitter:label1\" content=\"Written by\" \/>\n\t<meta name=\"twitter:data1\" content=\"admin\" \/>\n\t<meta name=\"twitter:label2\" content=\"Est. reading time\" \/>\n\t<meta name=\"twitter:data2\" content=\"4 minutes\" \/>\n<script type=\"application\/ld+json\" class=\"yoast-schema-graph\">{\"@context\":\"https:\\\/\\\/schema.org\",\"@graph\":[{\"@type\":\"Article\",\"@id\":\"https:\\\/\\\/fjala.info\\\/2009-2015\\\/nuk-jemi-ne-vitin-1914\\\/#article\",\"isPartOf\":{\"@id\":\"https:\\\/\\\/fjala.info\\\/2009-2015\\\/nuk-jemi-ne-vitin-1914\\\/\"},\"author\":{\"name\":\"admin\",\"@id\":\"https:\\\/\\\/fjala.info\\\/2009-2015\\\/#\\\/schema\\\/person\\\/3aa1163ef05469c496fc94e77611ada2\"},\"headline\":\"Nuk jemi n\u00eb vitin 1914\",\"datePublished\":\"2013-11-28T08:48:53+00:00\",\"mainEntityOfPage\":{\"@id\":\"https:\\\/\\\/fjala.info\\\/2009-2015\\\/nuk-jemi-ne-vitin-1914\\\/\"},\"wordCount\":842,\"commentCount\":0,\"publisher\":{\"@id\":\"https:\\\/\\\/fjala.info\\\/2009-2015\\\/#organization\"},\"image\":{\"@id\":\"https:\\\/\\\/fjala.info\\\/2009-2015\\\/nuk-jemi-ne-vitin-1914\\\/#primaryimage\"},\"thumbnailUrl\":\"http:\\\/\\\/www.fjala.info\\\/2013\\\/timothy_garton_ash.jpg\",\"articleSection\":[\"Artikuj\"],\"inLanguage\":\"sq-AL\",\"potentialAction\":[{\"@type\":\"CommentAction\",\"name\":\"Comment\",\"target\":[\"https:\\\/\\\/fjala.info\\\/2009-2015\\\/nuk-jemi-ne-vitin-1914\\\/#respond\"]}]},{\"@type\":\"WebPage\",\"@id\":\"https:\\\/\\\/fjala.info\\\/2009-2015\\\/nuk-jemi-ne-vitin-1914\\\/\",\"url\":\"https:\\\/\\\/fjala.info\\\/2009-2015\\\/nuk-jemi-ne-vitin-1914\\\/\",\"name\":\"Nuk jemi n\u00eb vitin 1914 - FjALA e LIR\u00cb - Arkivi\",\"isPartOf\":{\"@id\":\"https:\\\/\\\/fjala.info\\\/2009-2015\\\/#website\"},\"primaryImageOfPage\":{\"@id\":\"https:\\\/\\\/fjala.info\\\/2009-2015\\\/nuk-jemi-ne-vitin-1914\\\/#primaryimage\"},\"image\":{\"@id\":\"https:\\\/\\\/fjala.info\\\/2009-2015\\\/nuk-jemi-ne-vitin-1914\\\/#primaryimage\"},\"thumbnailUrl\":\"http:\\\/\\\/www.fjala.info\\\/2013\\\/timothy_garton_ash.jpg\",\"datePublished\":\"2013-11-28T08:48:53+00:00\",\"breadcrumb\":{\"@id\":\"https:\\\/\\\/fjala.info\\\/2009-2015\\\/nuk-jemi-ne-vitin-1914\\\/#breadcrumb\"},\"inLanguage\":\"sq-AL\",\"potentialAction\":[{\"@type\":\"ReadAction\",\"target\":[\"https:\\\/\\\/fjala.info\\\/2009-2015\\\/nuk-jemi-ne-vitin-1914\\\/\"]}]},{\"@type\":\"ImageObject\",\"inLanguage\":\"sq-AL\",\"@id\":\"https:\\\/\\\/fjala.info\\\/2009-2015\\\/nuk-jemi-ne-vitin-1914\\\/#primaryimage\",\"url\":\"http:\\\/\\\/www.fjala.info\\\/2013\\\/timothy_garton_ash.jpg\",\"contentUrl\":\"http:\\\/\\\/www.fjala.info\\\/2013\\\/timothy_garton_ash.jpg\"},{\"@type\":\"BreadcrumbList\",\"@id\":\"https:\\\/\\\/fjala.info\\\/2009-2015\\\/nuk-jemi-ne-vitin-1914\\\/#breadcrumb\",\"itemListElement\":[{\"@type\":\"ListItem\",\"position\":1,\"name\":\"Home\",\"item\":\"https:\\\/\\\/fjala.info\\\/2009-2015\\\/\"},{\"@type\":\"ListItem\",\"position\":2,\"name\":\"Nuk jemi n\u00eb vitin 1914\"}]},{\"@type\":\"WebSite\",\"@id\":\"https:\\\/\\\/fjala.info\\\/2009-2015\\\/#website\",\"url\":\"https:\\\/\\\/fjala.info\\\/2009-2015\\\/\",\"name\":\"FjALA e LIR\u00cb - Arkivi\",\"description\":\"Arkivi 2009-2015\",\"publisher\":{\"@id\":\"https:\\\/\\\/fjala.info\\\/2009-2015\\\/#organization\"},\"potentialAction\":[{\"@type\":\"SearchAction\",\"target\":{\"@type\":\"EntryPoint\",\"urlTemplate\":\"https:\\\/\\\/fjala.info\\\/2009-2015\\\/?s={search_term_string}\"},\"query-input\":{\"@type\":\"PropertyValueSpecification\",\"valueRequired\":true,\"valueName\":\"search_term_string\"}}],\"inLanguage\":\"sq-AL\"},{\"@type\":\"Organization\",\"@id\":\"https:\\\/\\\/fjala.info\\\/2009-2015\\\/#organization\",\"name\":\"FjALA e LIR\u00cb - Arkivi\",\"url\":\"https:\\\/\\\/fjala.info\\\/2009-2015\\\/\",\"logo\":{\"@type\":\"ImageObject\",\"inLanguage\":\"sq-AL\",\"@id\":\"https:\\\/\\\/fjala.info\\\/2009-2015\\\/#\\\/schema\\\/logo\\\/image\\\/\",\"url\":\"\",\"contentUrl\":\"\",\"caption\":\"FjALA e LIR\u00cb - Arkivi\"},\"image\":{\"@id\":\"https:\\\/\\\/fjala.info\\\/2009-2015\\\/#\\\/schema\\\/logo\\\/image\\\/\"}},{\"@type\":\"Person\",\"@id\":\"https:\\\/\\\/fjala.info\\\/2009-2015\\\/#\\\/schema\\\/person\\\/3aa1163ef05469c496fc94e77611ada2\",\"name\":\"admin\",\"image\":{\"@type\":\"ImageObject\",\"inLanguage\":\"sq-AL\",\"@id\":\"https:\\\/\\\/fjala.info\\\/2009-2015\\\/wp-content\\\/uploads\\\/2012\\\/02\\\/arben_cokaj-120x150.jpg\",\"url\":\"https:\\\/\\\/fjala.info\\\/2009-2015\\\/wp-content\\\/uploads\\\/2012\\\/02\\\/arben_cokaj-120x150.jpg\",\"contentUrl\":\"https:\\\/\\\/fjala.info\\\/2009-2015\\\/wp-content\\\/uploads\\\/2012\\\/02\\\/arben_cokaj-120x150.jpg\",\"caption\":\"admin\"},\"description\":\"Admin, Fjala e Lir\u00eb\",\"sameAs\":[\"https:\\\/\\\/fjala.info\\\/\"],\"url\":\"https:\\\/\\\/fjala.info\\\/2009-2015\\\/author\\\/admin\\\/\"}]}<\/script>\n<!-- \/ Yoast SEO plugin. -->","yoast_head_json":{"title":"Nuk jemi n\u00eb vitin 1914 - FjALA e LIR\u00cb - Arkivi","robots":{"index":"index","follow":"follow","max-snippet":"max-snippet:-1","max-image-preview":"max-image-preview:large","max-video-preview":"max-video-preview:-1"},"canonical":"https:\/\/fjala.info\/2009-2015\/nuk-jemi-ne-vitin-1914\/","og_locale":"sq_AL","og_type":"article","og_title":"Nuk jemi n\u00eb vitin 1914 - FjALA e LIR\u00cb - Arkivi","og_description":"Nga Timothy Garton Ash, 27 n\u00ebntor 2013 Duke sh\u00ebnuar 100-vjetorin e vitit 1914, kjo n\u00eb m\u00ebnyr\u00eb favorizuese do t\u00eb jet\u00eb n\u00eb kontrast me udh\u00ebheqjen e but\u00eb dhe konfuze, n\u00ebn t\u00eb cil\u00ebn Europa u zhyt n\u00eb Luft\u00ebn e Par\u00eb Bot\u00ebrore. Para zgjedhjeve t\u00eb ardhshme n\u00eb muajin maj, p\u00ebr Parlamentin Europian, aksioni i vendosur i dyshes franko-gjermane [&hellip;]","og_url":"https:\/\/fjala.info\/2009-2015\/nuk-jemi-ne-vitin-1914\/","og_site_name":"FjALA e LIR\u00cb - Arkivi","article_published_time":"2013-11-28T08:48:53+00:00","og_image":[{"url":"http:\/\/www.fjala.info\/2013\/timothy_garton_ash.jpg","type":"","width":"","height":""}],"author":"admin","twitter_card":"summary_large_image","twitter_misc":{"Written by":"admin","Est. reading time":"4 minutes"},"schema":{"@context":"https:\/\/schema.org","@graph":[{"@type":"Article","@id":"https:\/\/fjala.info\/2009-2015\/nuk-jemi-ne-vitin-1914\/#article","isPartOf":{"@id":"https:\/\/fjala.info\/2009-2015\/nuk-jemi-ne-vitin-1914\/"},"author":{"name":"admin","@id":"https:\/\/fjala.info\/2009-2015\/#\/schema\/person\/3aa1163ef05469c496fc94e77611ada2"},"headline":"Nuk jemi n\u00eb vitin 1914","datePublished":"2013-11-28T08:48:53+00:00","mainEntityOfPage":{"@id":"https:\/\/fjala.info\/2009-2015\/nuk-jemi-ne-vitin-1914\/"},"wordCount":842,"commentCount":0,"publisher":{"@id":"https:\/\/fjala.info\/2009-2015\/#organization"},"image":{"@id":"https:\/\/fjala.info\/2009-2015\/nuk-jemi-ne-vitin-1914\/#primaryimage"},"thumbnailUrl":"http:\/\/www.fjala.info\/2013\/timothy_garton_ash.jpg","articleSection":["Artikuj"],"inLanguage":"sq-AL","potentialAction":[{"@type":"CommentAction","name":"Comment","target":["https:\/\/fjala.info\/2009-2015\/nuk-jemi-ne-vitin-1914\/#respond"]}]},{"@type":"WebPage","@id":"https:\/\/fjala.info\/2009-2015\/nuk-jemi-ne-vitin-1914\/","url":"https:\/\/fjala.info\/2009-2015\/nuk-jemi-ne-vitin-1914\/","name":"Nuk jemi n\u00eb vitin 1914 - FjALA e LIR\u00cb - Arkivi","isPartOf":{"@id":"https:\/\/fjala.info\/2009-2015\/#website"},"primaryImageOfPage":{"@id":"https:\/\/fjala.info\/2009-2015\/nuk-jemi-ne-vitin-1914\/#primaryimage"},"image":{"@id":"https:\/\/fjala.info\/2009-2015\/nuk-jemi-ne-vitin-1914\/#primaryimage"},"thumbnailUrl":"http:\/\/www.fjala.info\/2013\/timothy_garton_ash.jpg","datePublished":"2013-11-28T08:48:53+00:00","breadcrumb":{"@id":"https:\/\/fjala.info\/2009-2015\/nuk-jemi-ne-vitin-1914\/#breadcrumb"},"inLanguage":"sq-AL","potentialAction":[{"@type":"ReadAction","target":["https:\/\/fjala.info\/2009-2015\/nuk-jemi-ne-vitin-1914\/"]}]},{"@type":"ImageObject","inLanguage":"sq-AL","@id":"https:\/\/fjala.info\/2009-2015\/nuk-jemi-ne-vitin-1914\/#primaryimage","url":"http:\/\/www.fjala.info\/2013\/timothy_garton_ash.jpg","contentUrl":"http:\/\/www.fjala.info\/2013\/timothy_garton_ash.jpg"},{"@type":"BreadcrumbList","@id":"https:\/\/fjala.info\/2009-2015\/nuk-jemi-ne-vitin-1914\/#breadcrumb","itemListElement":[{"@type":"ListItem","position":1,"name":"Home","item":"https:\/\/fjala.info\/2009-2015\/"},{"@type":"ListItem","position":2,"name":"Nuk jemi n\u00eb vitin 1914"}]},{"@type":"WebSite","@id":"https:\/\/fjala.info\/2009-2015\/#website","url":"https:\/\/fjala.info\/2009-2015\/","name":"FjALA e LIR\u00cb - Arkivi","description":"Arkivi 2009-2015","publisher":{"@id":"https:\/\/fjala.info\/2009-2015\/#organization"},"potentialAction":[{"@type":"SearchAction","target":{"@type":"EntryPoint","urlTemplate":"https:\/\/fjala.info\/2009-2015\/?s={search_term_string}"},"query-input":{"@type":"PropertyValueSpecification","valueRequired":true,"valueName":"search_term_string"}}],"inLanguage":"sq-AL"},{"@type":"Organization","@id":"https:\/\/fjala.info\/2009-2015\/#organization","name":"FjALA e LIR\u00cb - Arkivi","url":"https:\/\/fjala.info\/2009-2015\/","logo":{"@type":"ImageObject","inLanguage":"sq-AL","@id":"https:\/\/fjala.info\/2009-2015\/#\/schema\/logo\/image\/","url":"","contentUrl":"","caption":"FjALA e LIR\u00cb - Arkivi"},"image":{"@id":"https:\/\/fjala.info\/2009-2015\/#\/schema\/logo\/image\/"}},{"@type":"Person","@id":"https:\/\/fjala.info\/2009-2015\/#\/schema\/person\/3aa1163ef05469c496fc94e77611ada2","name":"admin","image":{"@type":"ImageObject","inLanguage":"sq-AL","@id":"https:\/\/fjala.info\/2009-2015\/wp-content\/uploads\/2012\/02\/arben_cokaj-120x150.jpg","url":"https:\/\/fjala.info\/2009-2015\/wp-content\/uploads\/2012\/02\/arben_cokaj-120x150.jpg","contentUrl":"https:\/\/fjala.info\/2009-2015\/wp-content\/uploads\/2012\/02\/arben_cokaj-120x150.jpg","caption":"admin"},"description":"Admin, Fjala e Lir\u00eb","sameAs":["https:\/\/fjala.info\/"],"url":"https:\/\/fjala.info\/2009-2015\/author\/admin\/"}]}},"_links":{"self":[{"href":"https:\/\/fjala.info\/2009-2015\/wp-json\/wp\/v2\/posts\/5265","targetHints":{"allow":["GET"]}}],"collection":[{"href":"https:\/\/fjala.info\/2009-2015\/wp-json\/wp\/v2\/posts"}],"about":[{"href":"https:\/\/fjala.info\/2009-2015\/wp-json\/wp\/v2\/types\/post"}],"author":[{"embeddable":true,"href":"https:\/\/fjala.info\/2009-2015\/wp-json\/wp\/v2\/users\/1"}],"replies":[{"embeddable":true,"href":"https:\/\/fjala.info\/2009-2015\/wp-json\/wp\/v2\/comments?post=5265"}],"version-history":[{"count":0,"href":"https:\/\/fjala.info\/2009-2015\/wp-json\/wp\/v2\/posts\/5265\/revisions"}],"wp:attachment":[{"href":"https:\/\/fjala.info\/2009-2015\/wp-json\/wp\/v2\/media?parent=5265"}],"wp:term":[{"taxonomy":"category","embeddable":true,"href":"https:\/\/fjala.info\/2009-2015\/wp-json\/wp\/v2\/categories?post=5265"},{"taxonomy":"post_tag","embeddable":true,"href":"https:\/\/fjala.info\/2009-2015\/wp-json\/wp\/v2\/tags?post=5265"}],"curies":[{"name":"wp","href":"https:\/\/api.w.org\/{rel}","templated":true}]}}