{"id":5261,"date":"2012-10-04T21:00:15","date_gmt":"2012-10-04T20:00:15","guid":{"rendered":"http:\/\/www.fjala.info\/?p=5261"},"modified":"2012-10-04T21:00:15","modified_gmt":"2012-10-04T20:00:15","slug":"funderrinat","status":"publish","type":"post","link":"https:\/\/fjala.info\/2009-2015\/funderrinat\/","title":{"rendered":"Fund\u00ebrrina(t)"},"content":{"rendered":"<p><img decoding=\"async\" class=\"alignright size-thumbnail wp-image-7236\" title=\"Mero Baze\" src=\"http:\/\/www.fjala.info\/2012\/mero_baze.jpg\" alt=\"\" width=\"150\" \/> Nga <strong>Mero Baze<\/strong>, <em>4 Tetor 2012<\/em><\/p>\n<p><strong>Duket se disa gj\u00ebra q\u00eb po ndodhin, e kan\u00eb trembur<\/strong>.<\/p>\n<p>S\u00eb pari, ideja se mund t\u00eb humbas\u00eb. Opozita e re, sidomos Aleanca KuqeZi dhe Fryma e Re Demokratike, ish t\u00eb persekutuarit politik\u00eb, q\u00eb jan\u00eb n\u00eb grev\u00eb urie, luhatjet e LSI, pak\u00ebnaq\u00ebsit\u00eb brenda koalicionit, dhe mbi t\u00eb gjitha ideja se t\u00eb gjitha bashk\u00eb at\u00eb mund ta mundin thell\u00eb, e kan\u00eb shtyr\u00eb deri aty sa t\u00eb gjej\u00eb di\u00e7ka fyese dhe provokuese p\u00ebr gjithk\u00ebnd q\u00eb i ka ikur nga radh\u00ebt apo q\u00eb po tenton t\u2019i ik\u00eb. I quajti t\u00eb gjith\u00eb fund\u00ebrrina. Natyrisht e ka fjal\u00ebn p\u00ebr Topin dhe Spahiun, q\u00eb e kan\u00eb b\u00ebr\u00eb aktin e tyre. E ka p\u00ebr gjith\u00eb t\u00eb l\u00ebkundurit e vet, q\u00eb mund t\u2019u bashkohen atyre. E ka me ish- t\u00eb persekutuarit n\u00eb grev\u00eb urie, greva e t\u00eb cil\u00ebve e b\u00ebn t\u00eb duket si Simon Stefani, por e ka dhe me LSI-n\u00eb e Ilir Met\u00ebs n\u00ebse ik\u00ebn.<\/p>\n<p>E ka menduar edhe si p\u00ebrkufizim, edhe si provokim. Si p\u00ebrkufizim p\u00ebr gjith\u00eb opozit\u00ebn e re q\u00eb i ka dal\u00eb kund\u00ebr dhe si provokim p\u00ebr gjithk\u00ebnd q\u00eb mendon ta l\u00ebr\u00eb t\u00eb vet\u00ebm n\u00eb dit\u00ebt q\u00eb vijn\u00eb. Thell\u00eb- thell\u00eb n\u00eb p\u00ebrgjigjen e tij e pranonte se n\u00ebse k\u00ebta b\u00ebhen t\u00eb gjith\u00eb bashk\u00eb, e mundin, por problemi sipas tij \u00ebsht\u00eb se ata jan\u00eb \u201cfund\u00ebrrina\u201d dhe ai s\u2019mund t\u2019ua l\u00ebr\u00eb pushtetin atyre. Brenda k\u00ebtij p\u00ebrroi psikik, q\u00eb buron nga nj\u00eb vet\u00ebdije humb\u00ebsi q\u00eb ka brenda vetes, fshihet alarmi, hak\u00ebrrimi, k\u00ebrc\u00ebnimi, por dhe thirrja p\u00ebr t\u00eb mos e dor\u00ebzuar pushtetin.<\/p>\n<p>S\u00eb dyti, i ka dhembur ideja q\u00eb pushtetin e ka v\u00ebn\u00eb n\u00eb sh\u00ebrbim t\u00eb Klanit dhe jo PD-s\u00eb. Tentoi t\u00eb flas\u00eb gjat\u00eb p\u00ebr reklamat shtet\u00ebrore, q\u00eb ia ka faturuar t\u00eb gjitha Frangajt, tentoi t\u00eb b\u00ebj\u00eb krahasime q\u00eb nuk i dilnin askund, dhe n\u00eb fund e nxori at\u00eb q\u00eb i ka dhembur m\u00eb shum\u00eb, braktisjen e atyre me t\u00eb cil\u00ebt ka b\u00ebr\u00eb opozit\u00eb. Iu kujtua si fantazma e Bankos TV Shijak, ekrani ku ka mbijetuar tet\u00eb vite n\u00eb opozit\u00eb, ekranin q\u00eb e ka p\u00ebrdorur si qend\u00ebr z\u00ebri dhe skuad\u00ebr pushkatimi, ekranin q\u00eb shpesh her\u00eb duke p\u00ebrdorur sinqeritetin e t\u00eb rinjve q\u00eb punonin aty, e ka p\u00ebrdorur dhe p\u00ebr t\u00eb komanduar vrasje deri n\u00eb Tropoj\u00eb. Iu kujtua dje n\u00eb p\u00ebrroin e tij psikik dhe akuzoi Edi Ram\u00ebn q\u00eb nuk i ka dh\u00ebn\u00eb reklama.<\/p>\n<p>U kujtua se Rama i paska dh\u00ebn\u00eb reklama tre televizioneve, Top Channel, Vizion Plus dhe News 24, n\u00eb fakt tri m\u00eb t\u00eb shikuarve, dhe pask\u00ebsh harruar Shijakun. E thot\u00eb njeriu q\u00eb sapo mori pushtetin, u fshiu numrin e telefonit, u hoqi dhe ato reklama q\u00eb u kan\u00eb pas\u00eb dh\u00ebn\u00eb socialist\u00ebt, nuk i la as t\u00eb nd\u00ebrtonin nj\u00eb nd\u00ebrtes\u00eb p\u00ebr televizionin e tyre, i posht\u00ebroi n\u00eb ekstrem duke i v\u00ebn\u00eb n\u00ebn komand\u00ebn e Frangajt, njeriut t\u00eb vet\u00ebm, me t\u00eb cilin ata luftuan p\u00ebr ta sjell\u00eb Berish\u00ebn n\u00eb pushtet. E p\u00ebrmendi jo se i dhimbset TV Shijaku, i mbytur ne borxhe dhe varf\u00ebri, i ky\u00e7ur praktikisht sot, por shembulli i hipokritit q\u00eb i jep para njer\u00ebzve t\u00eb partis\u00eb s\u00eb tij, p\u00ebr m\u00ebnyr\u00ebn si respekton ata q\u00eb shkojn\u00eb pas tij. \u00cbsht\u00eb i frik\u00ebsuar realisht nga ideja se t\u00eb gjith\u00eb e shikojn\u00eb si t\u00eb paburr\u00eb, t\u00eb pabes\u00eb, t\u00eb pacip\u00eb dhe t\u00eb pangopur, si\u00e7 do thoshte Frrok \u00c7upi po t\u00eb mos e kish graduar drejtor t\u00eb madh.<\/p>\n<p>I ka djegur greva e ish- t\u00eb persekutuarve, jo se do t\u2019i rr\u00ebzojn\u00eb qeverin\u00eb, por se ata jan\u00eb t\u00eb par\u00ebt q\u00eb rr\u00ebzuan mitin e hipotek\u00ebs s\u00eb tij mbi at\u00eb klas\u00eb shoq\u00ebrore. Greva e tyre nuk ka p\u00ebr tu dh\u00ebn\u00eb atyre para, as d\u00ebmshp\u00ebrblimin q\u00eb u takon, por i ka dh\u00ebn\u00eb Sali Berish\u00ebs pamjen e \u201cvark\u00ebtarit\u201d t\u00eb djemve t\u00eb Enverit dhe njeriut, ndaj t\u00eb cilit tani e tutje nga kjo kategori mund t\u00eb drejtohen qese mielli mbi kok\u00ebn e tij. Ata nuk kan\u00eb vrar\u00eb ask\u00ebnd deri m\u00eb sot, as persekutor\u00ebt dhe as ata q\u00eb po i persekutojn\u00eb, ndaj Berish\u00ebs i kan\u00eb shkuar d\u00ebm lek\u00ebt p\u00ebr jelekun antiplumb. Por ajo q\u00eb Berisha nuk ndal dot \u00ebsht\u00eb nj\u00eb qese mielli mbi fytyr\u00ebn e tij nga k\u00ebta njer\u00ebz, q\u00eb po l\u00eb t\u00eb vdesin dhe p\u00ebr nj\u00eb cop\u00eb buk\u00eb. I ka djegur greva dhe tentoi t\u00eb flas\u00eb p\u00ebr grev\u00eb politike, kund\u00ebr tij. Po, po, politike \u00ebsht\u00eb. Ata jan\u00eb p\u00ebrball\u00eb vark\u00ebtarit t\u00eb djemve t\u00eb Enver Hoxh\u00ebs. Jan\u00eb dy klasa t\u00eb ndryshme, dy histori t\u00eb ndryshme dhe natyrisht dy ideale t\u00eb ndryshme.<\/p>\n<p>I ka dhembur biznesi i f\u00eblliqur i arm\u00ebve me njer\u00ebzit e gruas s\u00eb tij n\u00eb Serbi. I mbrojti deri n\u00eb fund si nj\u00eb dh\u00ebnd\u00ebr krenar p\u00ebr ta. I mbrojti si\u00e7 mbrojti sekserin e vet Fazli\u00e7 disa vite m\u00eb par\u00eb, kur e ftonte n\u00eb parlament apo kur e fuste n\u00eb K\u00ebshillin e Sigurimit Komb\u00ebtar. I sigurt se mes p\u00ebrpjekjes p\u00ebr t\u2019i shpallur sekrete pazaret me serb\u00ebt e k\u00ebrkuar nga gjith\u00eb bota, fshihen milionat p\u00ebr Familjen n\u00eb pushtet, ai tentoi t\u2019u jepte kuraj\u00eb t\u00eb vet\u00ebve, se nuk \u00ebsht\u00eb gati t\u00eb dor\u00ebzoj\u00eb kok\u00ebn e askujt q\u00eb ka b\u00ebr\u00eb biznes p\u00ebr llogari t\u00eb familjes s\u00eb vet. I duhet doemos kjo garanci. I duhet t\u2019i siguroj\u00eb t\u00eb gjith\u00eb q\u00eb i kan\u00eb sh\u00ebrbyer personalisht se nuk do t\u2019i b\u00ebj\u00eb koka turku. Frika se presioni i opozit\u00ebs mund t\u2019i shthur\u00eb radh\u00ebt, e ka b\u00ebr\u00eb t\u00eb veten. Ndoshta ka d\u00ebgjuar q\u00eb Ruli apo Pollo po parasqarojn\u00eb dosjet me opozit\u00ebn.<\/p>\n<p>N\u00eb fund tentoi t\u00eb shpjegoj\u00eb dhe arsyen p\u00ebrse nuk \u00ebsht\u00eb nj\u00eb pedofil politik, edhe pse p\u00ebrdhunon \u00e7do dit\u00eb f\u00ebmij\u00ebt n\u00ebp\u00ebr shkolla. E shpjegoi kur tha nuk shkoj dot tek shkolla e mbesave t\u00eb tij. Ky \u00ebsht\u00eb lajm i mir\u00eb. E kan\u00eb kuptuar dhe ato q\u00eb e kan\u00eb gjyshin e marr\u00eb dhe u vjen turp t\u2019u shkoj\u00eb n\u00eb shkollat e tyre se i tallin shoqet. I jan\u00eb lutur t\u00eb mos e b\u00ebj\u00eb k\u00ebt\u00eb dhe i paska d\u00ebgjuar. Kaq mjafton. Tek f\u00ebmij\u00ebt e tjer\u00eb le t\u00eb shkoj\u00eb. Ata kan\u00eb nevoj\u00eb ta kuptojn\u00eb t\u00eb ardhmen, pasi t\u00eb takohen me t\u00eb. S\u2019ka nevoj\u00eb m\u00eb t\u2019ua shpjegoj\u00eb dikush \u00e7\u2019do t\u00eb thot\u00eb fund\u00ebrrina!<\/p>\n","protected":false},"excerpt":{"rendered":"<p>Nga Mero Baze, 4 Tetor 2012 Duket se disa gj\u00ebra q\u00eb po ndodhin, e kan\u00eb trembur. S\u00eb pari, ideja se mund t\u00eb humbas\u00eb. Opozita e re, sidomos Aleanca KuqeZi dhe Fryma e Re Demokratike, ish t\u00eb persekutuarit politik\u00eb, q\u00eb jan\u00eb n\u00eb grev\u00eb urie, luhatjet e LSI, pak\u00ebnaq\u00ebsit\u00eb brenda koalicionit, dhe mbi t\u00eb gjitha ideja se [&hellip;]<\/p>\n","protected":false},"author":1,"featured_media":0,"comment_status":"open","ping_status":"closed","sticky":false,"template":"","format":"standard","meta":{"footnotes":""},"categories":[2],"tags":[],"class_list":{"0":"post-5261","1":"post","2":"type-post","3":"status-publish","4":"format-standard","6":"category-artikuj"},"yoast_head":"<!-- This site is optimized with the Yoast SEO plugin v27.4 - https:\/\/yoast.com\/product\/yoast-seo-wordpress\/ -->\n<title>Fund\u00ebrrina(t) - FjALA e LIR\u00cb - Arkivi<\/title>\n<meta name=\"robots\" content=\"index, follow, max-snippet:-1, max-image-preview:large, max-video-preview:-1\" \/>\n<link rel=\"canonical\" href=\"https:\/\/fjala.info\/2009-2015\/funderrinat\/\" \/>\n<meta property=\"og:locale\" content=\"sq_AL\" \/>\n<meta property=\"og:type\" content=\"article\" \/>\n<meta property=\"og:title\" content=\"Fund\u00ebrrina(t) - FjALA e LIR\u00cb - Arkivi\" \/>\n<meta property=\"og:description\" content=\"Nga Mero Baze, 4 Tetor 2012 Duket se disa gj\u00ebra q\u00eb po ndodhin, e kan\u00eb trembur. S\u00eb pari, ideja se mund t\u00eb humbas\u00eb. Opozita e re, sidomos Aleanca KuqeZi dhe Fryma e Re Demokratike, ish t\u00eb persekutuarit politik\u00eb, q\u00eb jan\u00eb n\u00eb grev\u00eb urie, luhatjet e LSI, pak\u00ebnaq\u00ebsit\u00eb brenda koalicionit, dhe mbi t\u00eb gjitha ideja se [&hellip;]\" \/>\n<meta property=\"og:url\" content=\"https:\/\/fjala.info\/2009-2015\/funderrinat\/\" \/>\n<meta property=\"og:site_name\" content=\"FjALA e LIR\u00cb - Arkivi\" \/>\n<meta property=\"article:published_time\" content=\"2012-10-04T20:00:15+00:00\" \/>\n<meta property=\"og:image\" content=\"http:\/\/www.fjala.info\/2012\/mero_baze.jpg\" \/>\n<meta name=\"author\" content=\"admin\" \/>\n<meta name=\"twitter:card\" content=\"summary_large_image\" \/>\n<meta name=\"twitter:label1\" content=\"Written by\" \/>\n\t<meta name=\"twitter:data1\" content=\"admin\" \/>\n\t<meta name=\"twitter:label2\" content=\"Est. reading time\" \/>\n\t<meta name=\"twitter:data2\" content=\"6 minutes\" \/>\n<script type=\"application\/ld+json\" class=\"yoast-schema-graph\">{\"@context\":\"https:\\\/\\\/schema.org\",\"@graph\":[{\"@type\":\"Article\",\"@id\":\"https:\\\/\\\/fjala.info\\\/2009-2015\\\/funderrinat\\\/#article\",\"isPartOf\":{\"@id\":\"https:\\\/\\\/fjala.info\\\/2009-2015\\\/funderrinat\\\/\"},\"author\":{\"name\":\"admin\",\"@id\":\"https:\\\/\\\/fjala.info\\\/2009-2015\\\/#\\\/schema\\\/person\\\/3aa1163ef05469c496fc94e77611ada2\"},\"headline\":\"Fund\u00ebrrina(t)\",\"datePublished\":\"2012-10-04T20:00:15+00:00\",\"mainEntityOfPage\":{\"@id\":\"https:\\\/\\\/fjala.info\\\/2009-2015\\\/funderrinat\\\/\"},\"wordCount\":1136,\"commentCount\":0,\"publisher\":{\"@id\":\"https:\\\/\\\/fjala.info\\\/2009-2015\\\/#organization\"},\"image\":{\"@id\":\"https:\\\/\\\/fjala.info\\\/2009-2015\\\/funderrinat\\\/#primaryimage\"},\"thumbnailUrl\":\"http:\\\/\\\/www.fjala.info\\\/2012\\\/mero_baze.jpg\",\"articleSection\":[\"Artikuj\"],\"inLanguage\":\"sq-AL\",\"potentialAction\":[{\"@type\":\"CommentAction\",\"name\":\"Comment\",\"target\":[\"https:\\\/\\\/fjala.info\\\/2009-2015\\\/funderrinat\\\/#respond\"]}]},{\"@type\":\"WebPage\",\"@id\":\"https:\\\/\\\/fjala.info\\\/2009-2015\\\/funderrinat\\\/\",\"url\":\"https:\\\/\\\/fjala.info\\\/2009-2015\\\/funderrinat\\\/\",\"name\":\"Fund\u00ebrrina(t) - FjALA e LIR\u00cb - Arkivi\",\"isPartOf\":{\"@id\":\"https:\\\/\\\/fjala.info\\\/2009-2015\\\/#website\"},\"primaryImageOfPage\":{\"@id\":\"https:\\\/\\\/fjala.info\\\/2009-2015\\\/funderrinat\\\/#primaryimage\"},\"image\":{\"@id\":\"https:\\\/\\\/fjala.info\\\/2009-2015\\\/funderrinat\\\/#primaryimage\"},\"thumbnailUrl\":\"http:\\\/\\\/www.fjala.info\\\/2012\\\/mero_baze.jpg\",\"datePublished\":\"2012-10-04T20:00:15+00:00\",\"breadcrumb\":{\"@id\":\"https:\\\/\\\/fjala.info\\\/2009-2015\\\/funderrinat\\\/#breadcrumb\"},\"inLanguage\":\"sq-AL\",\"potentialAction\":[{\"@type\":\"ReadAction\",\"target\":[\"https:\\\/\\\/fjala.info\\\/2009-2015\\\/funderrinat\\\/\"]}]},{\"@type\":\"ImageObject\",\"inLanguage\":\"sq-AL\",\"@id\":\"https:\\\/\\\/fjala.info\\\/2009-2015\\\/funderrinat\\\/#primaryimage\",\"url\":\"http:\\\/\\\/www.fjala.info\\\/2012\\\/mero_baze.jpg\",\"contentUrl\":\"http:\\\/\\\/www.fjala.info\\\/2012\\\/mero_baze.jpg\"},{\"@type\":\"BreadcrumbList\",\"@id\":\"https:\\\/\\\/fjala.info\\\/2009-2015\\\/funderrinat\\\/#breadcrumb\",\"itemListElement\":[{\"@type\":\"ListItem\",\"position\":1,\"name\":\"Home\",\"item\":\"https:\\\/\\\/fjala.info\\\/2009-2015\\\/\"},{\"@type\":\"ListItem\",\"position\":2,\"name\":\"Fund\u00ebrrina(t)\"}]},{\"@type\":\"WebSite\",\"@id\":\"https:\\\/\\\/fjala.info\\\/2009-2015\\\/#website\",\"url\":\"https:\\\/\\\/fjala.info\\\/2009-2015\\\/\",\"name\":\"FjALA e LIR\u00cb - Arkivi\",\"description\":\"Arkivi 2009-2015\",\"publisher\":{\"@id\":\"https:\\\/\\\/fjala.info\\\/2009-2015\\\/#organization\"},\"potentialAction\":[{\"@type\":\"SearchAction\",\"target\":{\"@type\":\"EntryPoint\",\"urlTemplate\":\"https:\\\/\\\/fjala.info\\\/2009-2015\\\/?s={search_term_string}\"},\"query-input\":{\"@type\":\"PropertyValueSpecification\",\"valueRequired\":true,\"valueName\":\"search_term_string\"}}],\"inLanguage\":\"sq-AL\"},{\"@type\":\"Organization\",\"@id\":\"https:\\\/\\\/fjala.info\\\/2009-2015\\\/#organization\",\"name\":\"FjALA e LIR\u00cb - Arkivi\",\"url\":\"https:\\\/\\\/fjala.info\\\/2009-2015\\\/\",\"logo\":{\"@type\":\"ImageObject\",\"inLanguage\":\"sq-AL\",\"@id\":\"https:\\\/\\\/fjala.info\\\/2009-2015\\\/#\\\/schema\\\/logo\\\/image\\\/\",\"url\":\"\",\"contentUrl\":\"\",\"caption\":\"FjALA e LIR\u00cb - Arkivi\"},\"image\":{\"@id\":\"https:\\\/\\\/fjala.info\\\/2009-2015\\\/#\\\/schema\\\/logo\\\/image\\\/\"}},{\"@type\":\"Person\",\"@id\":\"https:\\\/\\\/fjala.info\\\/2009-2015\\\/#\\\/schema\\\/person\\\/3aa1163ef05469c496fc94e77611ada2\",\"name\":\"admin\",\"image\":{\"@type\":\"ImageObject\",\"inLanguage\":\"sq-AL\",\"@id\":\"https:\\\/\\\/fjala.info\\\/2009-2015\\\/wp-content\\\/uploads\\\/2012\\\/02\\\/arben_cokaj-120x150.jpg\",\"url\":\"https:\\\/\\\/fjala.info\\\/2009-2015\\\/wp-content\\\/uploads\\\/2012\\\/02\\\/arben_cokaj-120x150.jpg\",\"contentUrl\":\"https:\\\/\\\/fjala.info\\\/2009-2015\\\/wp-content\\\/uploads\\\/2012\\\/02\\\/arben_cokaj-120x150.jpg\",\"caption\":\"admin\"},\"description\":\"Admin, Fjala e Lir\u00eb\",\"sameAs\":[\"https:\\\/\\\/fjala.info\\\/\"],\"url\":\"https:\\\/\\\/fjala.info\\\/2009-2015\\\/author\\\/admin\\\/\"}]}<\/script>\n<!-- \/ Yoast SEO plugin. -->","yoast_head_json":{"title":"Fund\u00ebrrina(t) - FjALA e LIR\u00cb - Arkivi","robots":{"index":"index","follow":"follow","max-snippet":"max-snippet:-1","max-image-preview":"max-image-preview:large","max-video-preview":"max-video-preview:-1"},"canonical":"https:\/\/fjala.info\/2009-2015\/funderrinat\/","og_locale":"sq_AL","og_type":"article","og_title":"Fund\u00ebrrina(t) - FjALA e LIR\u00cb - Arkivi","og_description":"Nga Mero Baze, 4 Tetor 2012 Duket se disa gj\u00ebra q\u00eb po ndodhin, e kan\u00eb trembur. S\u00eb pari, ideja se mund t\u00eb humbas\u00eb. Opozita e re, sidomos Aleanca KuqeZi dhe Fryma e Re Demokratike, ish t\u00eb persekutuarit politik\u00eb, q\u00eb jan\u00eb n\u00eb grev\u00eb urie, luhatjet e LSI, pak\u00ebnaq\u00ebsit\u00eb brenda koalicionit, dhe mbi t\u00eb gjitha ideja se [&hellip;]","og_url":"https:\/\/fjala.info\/2009-2015\/funderrinat\/","og_site_name":"FjALA e LIR\u00cb - Arkivi","article_published_time":"2012-10-04T20:00:15+00:00","og_image":[{"url":"http:\/\/www.fjala.info\/2012\/mero_baze.jpg","type":"","width":"","height":""}],"author":"admin","twitter_card":"summary_large_image","twitter_misc":{"Written by":"admin","Est. reading time":"6 minutes"},"schema":{"@context":"https:\/\/schema.org","@graph":[{"@type":"Article","@id":"https:\/\/fjala.info\/2009-2015\/funderrinat\/#article","isPartOf":{"@id":"https:\/\/fjala.info\/2009-2015\/funderrinat\/"},"author":{"name":"admin","@id":"https:\/\/fjala.info\/2009-2015\/#\/schema\/person\/3aa1163ef05469c496fc94e77611ada2"},"headline":"Fund\u00ebrrina(t)","datePublished":"2012-10-04T20:00:15+00:00","mainEntityOfPage":{"@id":"https:\/\/fjala.info\/2009-2015\/funderrinat\/"},"wordCount":1136,"commentCount":0,"publisher":{"@id":"https:\/\/fjala.info\/2009-2015\/#organization"},"image":{"@id":"https:\/\/fjala.info\/2009-2015\/funderrinat\/#primaryimage"},"thumbnailUrl":"http:\/\/www.fjala.info\/2012\/mero_baze.jpg","articleSection":["Artikuj"],"inLanguage":"sq-AL","potentialAction":[{"@type":"CommentAction","name":"Comment","target":["https:\/\/fjala.info\/2009-2015\/funderrinat\/#respond"]}]},{"@type":"WebPage","@id":"https:\/\/fjala.info\/2009-2015\/funderrinat\/","url":"https:\/\/fjala.info\/2009-2015\/funderrinat\/","name":"Fund\u00ebrrina(t) - FjALA e LIR\u00cb - Arkivi","isPartOf":{"@id":"https:\/\/fjala.info\/2009-2015\/#website"},"primaryImageOfPage":{"@id":"https:\/\/fjala.info\/2009-2015\/funderrinat\/#primaryimage"},"image":{"@id":"https:\/\/fjala.info\/2009-2015\/funderrinat\/#primaryimage"},"thumbnailUrl":"http:\/\/www.fjala.info\/2012\/mero_baze.jpg","datePublished":"2012-10-04T20:00:15+00:00","breadcrumb":{"@id":"https:\/\/fjala.info\/2009-2015\/funderrinat\/#breadcrumb"},"inLanguage":"sq-AL","potentialAction":[{"@type":"ReadAction","target":["https:\/\/fjala.info\/2009-2015\/funderrinat\/"]}]},{"@type":"ImageObject","inLanguage":"sq-AL","@id":"https:\/\/fjala.info\/2009-2015\/funderrinat\/#primaryimage","url":"http:\/\/www.fjala.info\/2012\/mero_baze.jpg","contentUrl":"http:\/\/www.fjala.info\/2012\/mero_baze.jpg"},{"@type":"BreadcrumbList","@id":"https:\/\/fjala.info\/2009-2015\/funderrinat\/#breadcrumb","itemListElement":[{"@type":"ListItem","position":1,"name":"Home","item":"https:\/\/fjala.info\/2009-2015\/"},{"@type":"ListItem","position":2,"name":"Fund\u00ebrrina(t)"}]},{"@type":"WebSite","@id":"https:\/\/fjala.info\/2009-2015\/#website","url":"https:\/\/fjala.info\/2009-2015\/","name":"FjALA e LIR\u00cb - Arkivi","description":"Arkivi 2009-2015","publisher":{"@id":"https:\/\/fjala.info\/2009-2015\/#organization"},"potentialAction":[{"@type":"SearchAction","target":{"@type":"EntryPoint","urlTemplate":"https:\/\/fjala.info\/2009-2015\/?s={search_term_string}"},"query-input":{"@type":"PropertyValueSpecification","valueRequired":true,"valueName":"search_term_string"}}],"inLanguage":"sq-AL"},{"@type":"Organization","@id":"https:\/\/fjala.info\/2009-2015\/#organization","name":"FjALA e LIR\u00cb - Arkivi","url":"https:\/\/fjala.info\/2009-2015\/","logo":{"@type":"ImageObject","inLanguage":"sq-AL","@id":"https:\/\/fjala.info\/2009-2015\/#\/schema\/logo\/image\/","url":"","contentUrl":"","caption":"FjALA e LIR\u00cb - Arkivi"},"image":{"@id":"https:\/\/fjala.info\/2009-2015\/#\/schema\/logo\/image\/"}},{"@type":"Person","@id":"https:\/\/fjala.info\/2009-2015\/#\/schema\/person\/3aa1163ef05469c496fc94e77611ada2","name":"admin","image":{"@type":"ImageObject","inLanguage":"sq-AL","@id":"https:\/\/fjala.info\/2009-2015\/wp-content\/uploads\/2012\/02\/arben_cokaj-120x150.jpg","url":"https:\/\/fjala.info\/2009-2015\/wp-content\/uploads\/2012\/02\/arben_cokaj-120x150.jpg","contentUrl":"https:\/\/fjala.info\/2009-2015\/wp-content\/uploads\/2012\/02\/arben_cokaj-120x150.jpg","caption":"admin"},"description":"Admin, Fjala e Lir\u00eb","sameAs":["https:\/\/fjala.info\/"],"url":"https:\/\/fjala.info\/2009-2015\/author\/admin\/"}]}},"_links":{"self":[{"href":"https:\/\/fjala.info\/2009-2015\/wp-json\/wp\/v2\/posts\/5261","targetHints":{"allow":["GET"]}}],"collection":[{"href":"https:\/\/fjala.info\/2009-2015\/wp-json\/wp\/v2\/posts"}],"about":[{"href":"https:\/\/fjala.info\/2009-2015\/wp-json\/wp\/v2\/types\/post"}],"author":[{"embeddable":true,"href":"https:\/\/fjala.info\/2009-2015\/wp-json\/wp\/v2\/users\/1"}],"replies":[{"embeddable":true,"href":"https:\/\/fjala.info\/2009-2015\/wp-json\/wp\/v2\/comments?post=5261"}],"version-history":[{"count":0,"href":"https:\/\/fjala.info\/2009-2015\/wp-json\/wp\/v2\/posts\/5261\/revisions"}],"wp:attachment":[{"href":"https:\/\/fjala.info\/2009-2015\/wp-json\/wp\/v2\/media?parent=5261"}],"wp:term":[{"taxonomy":"category","embeddable":true,"href":"https:\/\/fjala.info\/2009-2015\/wp-json\/wp\/v2\/categories?post=5261"},{"taxonomy":"post_tag","embeddable":true,"href":"https:\/\/fjala.info\/2009-2015\/wp-json\/wp\/v2\/tags?post=5261"}],"curies":[{"name":"wp","href":"https:\/\/api.w.org\/{rel}","templated":true}]}}