{"id":5260,"date":"2010-12-19T09:38:13","date_gmt":"2010-12-19T08:38:13","guid":{"rendered":"http:\/\/fjala.shkoder.net\/?p=5260"},"modified":"2010-12-19T09:38:13","modified_gmt":"2010-12-19T08:38:13","slug":"lulezim-basha-ka-hapur-dosjen-dhe-ka-qene-ne-hetimin-e-shtepise-se-verdhe-ne-burrel","status":"publish","type":"post","link":"https:\/\/fjala.info\/2009-2015\/lulezim-basha-ka-hapur-dosjen-dhe-ka-qene-ne-hetimin-e-shtepise-se-verdhe-ne-burrel\/","title":{"rendered":"Lul\u00ebzim Basha ka hapur dosjen dhe ka qen\u00eb n\u00eb hetimin e \u201cSht\u00ebpis\u00eb s\u00eb Verdh\u00eb\u201d n\u00eb Burrel"},"content":{"rendered":"<p><img loading=\"lazy\" decoding=\"async\" class=\"alignleft size-medium wp-image-5261\" title=\"Sht\u00ebpia e dyshuar n\u00eb Burrel\" src=\"http:\/\/fjala.shkoder.net\/wp-content\/uploads\/2010\/12\/shtepia_dyshuar_burrel-300x152.jpg\" alt=\"\" width=\"300\" height=\"152\" \/><br \/>\n<em><strong>Lul\u00ebzim Basha ka hartuar i pari dosjen e trafikut t\u00eb organeve<\/strong><\/em><\/p>\n<p><em>Sht\u00ebpia e dyshuar n\u00eb Burrel<\/em><\/p>\n<p>Jose Pablo Baraybar, antropolog mjeko-ligjor nga Peruja, ka punuar 20 vitet e fundit si nj\u00eb ekspert i OKB-s\u00eb. Ai shpjegon hetimet e tij p\u00ebr krimet e U\u00c7K n\u00eb nj\u00eb intervist\u00eb. Baraybar: Bash\u00ebn e kam pas\u00eb p\u00ebrkthyes dhe ka p\u00ebrgatitur dosjen.<\/p>\n<p style=\"text-align: center;\">* * *<\/p>\n<p><em>Flet per gazeten \u201cLe Temps: Jose Pablo Baraybar, njeriu qe bashke me Lulzim Bashen kane hapur te paret dosjen e serbeve te humbur tek Shtepia e Verdhe ne Burrel.<br \/>\n<\/em>\u201c<em>P\u00ebrkthyes im quhej Lul\u00ebzim Basha, dhe ai ka punuar si mbledh\u00ebs t\u00eb dh\u00ebnash p\u00ebrmes p\u00ebrkthimit p\u00ebr Gjykat\u00ebn Nd\u00ebrkomb\u00ebtare Penale p\u00ebr ish- Jugosllavin\u00eb (ICTY). M\u00eb von\u00eb ai u b\u00eb Minist\u00ebr i Pun\u00ebve Publike n\u00eb Shqip\u00ebri dhe un\u00eb e kam d\u00ebgjuar vitin e kaluar t\u00eb deklaroj\u00eb se kjo histori e organeve \u00ebsht\u00eb asgj\u00eb. Tani un\u00eb po them \u00e7far\u00eb ai ka th\u00ebn\u00eb. Ai ishte me mua. Ai ka regjistruar d\u00ebshmit\u00eb bashk\u00eb me mua. Ai kishte dosjen<\/em>.\u201d<\/p>\n<p><strong>Jose Pablo Baraybar<\/strong>, antropolog mjeko-ligjor nga Peruja, ka punuar 20 vitet e fundit si nj\u00eb ekspert i OKB-s\u00eb n\u00eb pjes\u00ebn m\u00eb t\u00eb madhe t\u00eb skenave t\u00eb krimeve t\u00eb luft\u00ebs dhe genocidit n\u00eb bot\u00eb si n\u00eb Haiti, Ruanda, Bosnj\u00eb, Kroaci dhe natyrisht Kosov\u00eb. N\u00eb Kosov\u00eb ai ka punuar nga viti 2002 deri n\u00eb vitin 2007 n\u00eb Zyr\u00ebn e K\u00ebrkimeve t\u00eb Personave t\u00eb Humbur si ekspert mjeko ligjor i Misionit t\u00eb UNMIK, krijuar nga OKB n\u00eb Kosov\u00eb.<\/p>\n<p>Ai thot\u00eb se n\u00eb pes\u00eb vite p\u00ebrmes zhvarrimeve dhe identifikimeve, sh\u00ebrbimet e k\u00ebsaj zyre kan\u00eb b\u00ebr\u00eb q\u00eb t\u00eb ket\u00eb m\u00eb pak se 200 njer\u00ebz nga listat e personave t\u00eb humbura n\u00eb k\u00ebto konflikte. N\u00eb shumic\u00ebn e rasteve, ai thot\u00eb se ka bashk\u00ebpunuar me Kryqin e Kuq Nd\u00ebrkomb\u00ebtar dhe u jan\u00eb kthyer trupat familjeve. Megjithat\u00eb, Jose Pablo Baraybar ishte gjithashtu nd\u00ebr t\u00eb par\u00ebt q\u00eb informoi p\u00ebr trafikimin e organeve, q\u00eb denoncon raporti i Dick Marty, dhe nj\u00eb nga burimet e tij.<\/p>\n<p><em>Kur dhe si e keni marr\u00eb informacionin fillestar?<\/em><br \/>\nKur kam mb\u00ebrritur n\u00eb Kosov\u00eb n\u00eb qershor t\u00eb vitit 2002, n\u00eb dosjet q\u00eb gjeta aty nuk kishte informacione. Por dy muaj m\u00eb von\u00eb, ne kemi marr\u00eb nj\u00eb dosje shum\u00eb t\u00eb ve\u00e7ant\u00eb q\u00eb t\u00eb \u00e7onte tek \u201cSht\u00ebpia e verdh\u00eb\u201d.<\/p>\n<p><em>Kush jua ka d\u00ebrguar at\u00eb dosje?<br \/>\n<\/em>Un\u00eb nuk mund t\u2019i p\u00ebrgjigjem k\u00ebsaj pyetjeje. Dosja p\u00ebrmbante tet\u00eb historit\u00eb e njer\u00ebzve q\u00eb nuk din\u00eb gj\u00eb p\u00ebr nj\u00ebri- tjetrin dhe q\u00eb kishin marr\u00eb pjes\u00eb n\u00eb transportimin e t\u00eb burgosurve p\u00ebrtej kufirit shqiptar. Disa viktima i kishin \u00e7uar n\u00eb \u201cSht\u00ebpin\u00eb e Verdh\u00eb\u201d. Ka pas\u00eb dhe foto t\u00eb sht\u00ebpis\u00eb, t\u00eb marra me nxitim. Ajo ishte e verdh\u00eb, por pas dy vjeteve kur kam shkuar un\u00eb e kam gjetur t\u00eb lyer n\u00eb t\u00eb bardh\u00eb.<\/p>\n<p><em>Dhe \u00e7far\u00eb keni b\u00ebr\u00eb me at\u00eb dosje?<br \/>\n<\/em>Problemi i madh ishte se UNMIK-u nuk ka juridiksion mbi Shqip\u00ebrin\u00eb. Pra nuk kishim mund\u00ebsi p\u00ebr t\u00eb b\u00ebr\u00eb nj\u00eb k\u00ebrkes\u00eb zyrtare. N\u00eb nj\u00eb p\u00ebrpjekje p\u00ebr t\u00eb verifikuar disa t\u00eb dh\u00ebna n\u00eb dosje, e kam kaluar kufirin si nj\u00eb turist n\u00eb nj\u00eb makin\u00eb t\u00eb pash\u00ebnuar. P\u00ebrkthyes im quhej Lul\u00ebzim Basha, dhe ai ka punuar si mbledh\u00ebs t\u00eb dh\u00ebnash p\u00ebrmes p\u00ebrkthimit p\u00ebr Gjykat\u00ebn Nd\u00ebrkomb\u00ebtare Penale p\u00ebr ish-Jugosllavin\u00eb (ICTY). M\u00eb von\u00eb ai u b\u00eb Minist\u00ebr i Pun\u00ebve Publike n\u00eb Shqip\u00ebri dhe un\u00eb e kam d\u00ebgjuar vitin e kaluar t\u00eb deklaroj\u00eb se kjo histori e organeve \u00ebsht\u00eb asgj\u00eb. Tani un\u00eb po them \u00e7far\u00eb ai ka th\u00ebn\u00eb. Ai ishte me mua. Ai ka regjistruar d\u00ebshmit\u00eb bashk\u00eb me mua. Ai kishte dosjen.<\/p>\n<p><em>A ka qen\u00eb ky udh\u00ebtm i suksessh\u00ebm?<\/em><br \/>\nJo. Ne (hetuesi me Lul\u00ebzim Bash\u00ebn. Sh.R.) u jemi prezantuar njer\u00ebzve si inxhinier\u00eb p\u00ebr t\u00eb nd\u00ebrtuar nj\u00eb rrug\u00eb. Gjat\u00eb bisedave kemi b\u00ebr\u00eb dhe pyetje n\u00eb lidhje me kampet e U\u00c7K-s\u00eb. Q\u00ebllimi yn\u00eb kryesor ishte varreza n\u00eb Bicaj, n\u00eb jug t\u00eb Kuk\u00ebsit, ku sipas dosjes q\u00eb ne kishim ishin trupat e serb\u00ebve t\u00eb Kosov\u00ebs. Dick Marty flet gjithashtu p\u00ebr k\u00ebt\u00eb. Ne e kemi pas\u00eb identifikuar. Ne kishim t\u00eb dh\u00ebna, por nuk e kishim t\u00eb mundur t\u00eb shkonim n\u00eb Bicaj.<\/p>\n<p><em>S\u00eb fundi, si mund\u00ebt q\u00eb t\u00eb k\u00ebrkoni n\u00eb \u201cSht\u00ebpin\u00eb e Verdh\u00eb\u201d n\u00eb shkurt t\u00eb vitit 2004?<br \/>\n<\/em>Ajo ishte shum\u00eb e komplikuar. Ne arrit\u00ebm t\u00eb bindim ICTY, (ku punonte zoti Basha. Sh.R), e cila nuk ishte aspak e interesuar n\u00eb k\u00ebt\u00eb \u00e7\u00ebshtje. Por vet\u00ebm ajo mund t\u00eb na marr\u00eb leje p\u00ebr t\u00eb punuar n\u00eb Shqip\u00ebri. P\u00ebrfaq\u00ebsuesi i SHBA-ve n\u00eb Prishtin\u00eb gjithashtu nuk ishte i interesuar.<\/p>\n<p><em>Dhe \u00e7far\u00eb keni gjetur?<br \/>\n<\/em>Puna ishte tmerr\u00ebsisht e v\u00ebshtir\u00eb. Ne u shoq\u00ebruam nga nj\u00eb prokuror shqiptar, i cili mbeti duke na th\u00ebn\u00eb se ne po humbisnim koh\u00eb, q\u00eb atij tashm\u00eb i shkoi von\u00eb p\u00ebr pun\u00ebt e veta, q\u00eb ai duhet t\u00eb kthehej, etj, etj. Sipas p\u00ebrkthyesit tim, prokurori po i udh\u00ebzonte banor\u00ebt e sht\u00ebpis\u00eb [dmth: familjen Katuci], se si ata duhet tu p\u00ebrgjigjeshin pyetjeve tona. Ne gjet\u00ebm n\u00eb nj\u00eb grumbull mbeturinash prapa sht\u00ebpis\u00eb pako t\u00eb drog\u00ebs, kryesisht relaksant\u00eb t\u00eb muskujve, shiringa dhe madje edhe nj\u00eb kit p\u00ebr transfuzion. E gjith\u00eb kjo n\u00eb mes t\u00eb nj\u00eb asgj\u00ebje. Ishte e paimagjinueshme q\u00eb ata bujq t\u00eb dinin p\u00ebrse p\u00ebrdoreshin k\u00ebto materiale.<\/p>\n<p>Gjith\u00e7ka u mor nga Tribunali i Hag\u00ebs. Prokurori shqiptar k\u00ebmb\u00ebnguli q\u00eb ai duhej t\u00eb largohej. Ne kishim akoma koh\u00eb t\u00eb b\u00ebnim nj\u00eb ekzaminim me Luminol, nj\u00eb produkt q\u00eb tregon gjurm\u00ebt e gjakut. Ne kemi par\u00eb qart\u00eb dy linjat n\u00eb k\u00ebnde t\u00eb drejt\u00eb n\u00eb dhom\u00ebn kryesore, si dhe n\u00eb \u00e7do cep t\u00eb nj\u00eb tavoline. Ka pasur gjithashtu gjurma n\u00eb mure. Ne nuk u p\u00ebrpoq\u00ebm p\u00ebr t\u00eb marr\u00eb nj\u00eb most\u00ebr, sepse nuk kishim pajisjet dhe p\u00ebr faktin se Luminol n\u00eb nj\u00eb far\u00eb m\u00ebnyre neutralizon element\u00ebt e shenjave.<\/p>\n<p><em>Dick Marty ju ka akuzuar se keni qen\u00eb joprofesional n\u00eb hetim?<\/em><br \/>\nToni i raportit t\u00eb tij p\u00ebr k\u00ebt\u00eb episod nuk \u00ebsht\u00eb shum\u00eb i fort\u00eb. N\u00eb shum\u00eb raste ai b\u00ebn interpretime. Un\u00eb do t\u00eb desha q\u00eb ai t\u00eb kujtonte kushtet shum\u00eb t\u00eb v\u00ebshtira n\u00eb t\u00eb cilat ne kemi punuar. Sepse un\u00eb e di q\u00eb un\u00eb jam nj\u00eb profesionist i mir\u00eb dhe ne kemi b\u00ebr\u00eb nj\u00eb pun\u00eb shum\u00eb profesionale duke pasur parasysh kushtet.<\/p>\n<p><em>\u00c7far\u00eb ka ndodhur sipas mendimit tuaj n\u00eb k\u00ebt\u00eb \u201cSht\u00ebpi t\u00eb Verdh\u00eb\u201d? Marty sugjeroi se ajo ishte nj\u00eb vend transit i tortur\u00ebs dhe i testeve mjek\u00ebsore, por nuk ka pas\u00eb nd\u00ebrhyrje, pasi ato sipas atij jan\u00eb b\u00ebr\u00eb n\u00eb Fush\u00eb-Kruj\u00eb, pran\u00eb aeroportit t\u00eb Tiran\u00ebs?<\/em><br \/>\n\u00cbsht\u00eb shum\u00eb e v\u00ebshtir\u00eb p\u00ebr t\u00eb t\u00eb treguar nga provat q\u00eb kemi mbledhur. Duhet t\u00eb krahasohen: A ka pasur t\u00eb dh\u00ebna se ka pasur sht\u00ebpi t\u00eb tjera n\u00eb Shqip\u00ebri, apo ato jan\u00eb zgjedhur rast\u00ebsisht? A \u00ebsht\u00eb normale q\u00eb kur ti gjen shenja gjaku n\u00eb disa vende, madje dhe n\u00eb mure t\u00eb sht\u00ebpis\u00eb dhe t\u00eb besosh variantin se aty ka lindur nj\u00eb grua? Ata na than\u00eb at\u00ebher\u00eb se ata therin kafsh\u00ebt e sht\u00ebpis\u00eb gjat\u00eb dimrit n\u00eb ato dhoma. Un\u00eb nuk e gjej k\u00ebt\u00eb vend si nj\u00eb klinik\u00eb. Duke pasur parasysh izolimin e saj, ajo nuk ishte ideale p\u00ebr nxjerrjen e veshkave. Por \u00ebsht\u00eb e mundur se aty mund t\u00eb jen\u00eb p\u00ebrgatitur disa njer\u00ebz. Mure te mbuluara me gjak kemi gjetur n\u00eb shum\u00eb vende t\u00eb tjera t\u00eb krimeve n\u00eb Kosov\u00eb.<\/p>\n<p><em>Dick Marty tha se provat tuaja jan\u00eb shkat\u00ebrruar nga Tribunali i Hag\u00ebs. V\u00ebrtet?<br \/>\n<\/em>Kam pasur k\u00ebt\u00eb informacion, dhe kjo nuk m\u00eb habit. N\u00eb vitin 1999, policia gjermane e d\u00ebrguar n\u00eb Kosov\u00eb nga Tribunali i Hag\u00ebs ka mbledhur 400 mostra t\u00eb ADN-s\u00eb. Ata i soll\u00ebn ato p\u00ebrs\u00ebri n\u00eb Gjermani. N\u00eb vitin 2002, kam k\u00ebrkuar k\u00ebto mostra p\u00ebr identifikim. Gjerman\u00ebt kan\u00eb th\u00ebn\u00eb se ato jan\u00eb shkat\u00ebrruar.<\/p>\n<p><em>Pas k\u00ebrkimit tuaj t\u00eb Sht\u00ebpis\u00eb t\u00eb Verdh\u00eb, \u00e7far\u00eb keni b\u00ebr\u00eb?<br \/>\n<\/em>Un\u00eb nuk kam b\u00ebr\u00eb asgj\u00eb! \u00c7do gj\u00eb ishte n\u00eb duart e Hag\u00ebs.<\/p>\n<p><em>Dhe pse Tribunali i Hag\u00ebs nuk ka b\u00ebr\u00eb asgj\u00eb?<br \/>\n<\/em>\u00cbsht\u00eb e \u00e7uditshme q\u00eb ish-Prokurorja [Carla Del Ponte] botoi nj\u00eb lib\u00ebr bestseller, n\u00eb t\u00eb cilin ajo flet p\u00ebr k\u00ebt\u00eb n\u00eb m\u00ebnyr\u00eb q\u00eb ajo t\u00eb mund t\u00eb hap\u00eb nj\u00eb hetim, kur ajo ishte n\u00eb zyr\u00eb dhe para dat\u00ebs n\u00eb 2007, kur gjykata i kishte t\u00eb ndaluara hetimet. Nga ana jon\u00eb ne e kemi b\u00ebr\u00eb pun\u00ebn ton\u00eb. Ata thon\u00eb se nuk ka juridiksion mbi Shqip\u00ebrin\u00eb. Por n\u00eb qoft\u00eb se ajo kishte qen\u00eb m\u00eb e interesuar, ata mund t\u00eb ken\u00eb qen\u00eb m\u00eb shum\u00eb aktiv\u00eb. Ashtu si\u00e7 ata po ashtu mund t\u00eb kishin hetuar 470 t\u00eb zhdukur pas ardhjes s\u00eb KFOR-it, kryesisht serb\u00eb.<\/p>\n<p><em>Si e shpjegoni faktin q\u00eb e v\u00ebrteta po del kaq von\u00eb?<br \/>\n<\/em>Un\u00eb nuk e di sot se \u00e7far\u00eb \u00ebsht\u00eb strategjia e gjykat\u00ebs p\u00ebr Kosov\u00ebn. Ata kan\u00eb hetuar shum\u00eb pak dhe vet\u00ebm dy akuza ishin t\u00eb pasuksesshme. Ata m\u00eb n\u00eb fund pastruan \u2013 dhe lavd\u00ebruan \u2013 lider\u00ebt kosovar\u00eb. Ajo q\u00eb duhet t\u00eb thuhet \u00ebsht\u00eb se policia e OKB ishte nj\u00eb fatkeq\u00ebsi. Ju jeni oficer t\u00eb trafikut n\u00eb Zvic\u00ebr apo Angli dhe ju \u00e7ojn\u00eb gjasht\u00eb muaj n\u00eb Kosov\u00eb n\u00eb krye t\u00eb nj\u00eb hetim t\u00eb krimeve t\u00eb luft\u00ebs \u2026 Ju s\u2019dini ku dhe nga t\u2019ia filloni? P\u00ebrgjith\u00ebsisht t\u00eb duhet t\u2019i hedh\u00ebsh nj\u00eb sy vendit t\u00eb ngjarjes? Cil\u00ebt drejtues do kontrollosh rrotull teje?<\/p>\n<p>A duhet t\u2019i balancosh gjith\u00eb gj\u00ebrat q\u00eb do gjesh kund\u00ebr tyre? Nj\u00eb her\u00eb un\u00eb kam qen\u00eb n\u00eb Prishtin\u00eb me nj\u00eb p\u00ebrfaq\u00ebsuesin special t\u00eb OKB-s\u00eb, q\u00eb nuk dua t\u2019ia jap emrin tani, duke folur p\u00ebr nj\u00eb krim q\u00eb U\u00c7K-ja ishte p\u00ebrgjegj\u00ebse. Ai tha: \u201cTha\u00e7i \u00ebsht\u00eb p\u00ebrpara der\u00ebs, dhe ai ndoshta po vjen t\u00eb diskutoj\u00eb t\u00eb nj\u00ebjt\u00ebn gj\u00eb me mua. Ju mund t\u00eb dilni nga dera e pasme?\u201d Kjo \u00ebsht\u00eb real-politika, un\u00eb e kuptoj, por nj\u00eb krim \u00ebsht\u00eb nj\u00eb krim.<\/p>\n","protected":false},"excerpt":{"rendered":"<p>Lul\u00ebzim Basha ka hartuar i pari dosjen e trafikut t\u00eb organeve Sht\u00ebpia e dyshuar n\u00eb Burrel Jose Pablo Baraybar, antropolog mjeko-ligjor nga Peruja, ka punuar 20 vitet e fundit si nj\u00eb ekspert i OKB-s\u00eb. Ai shpjegon hetimet e tij p\u00ebr krimet e U\u00c7K n\u00eb nj\u00eb intervist\u00eb. Baraybar: Bash\u00ebn e kam pas\u00eb p\u00ebrkthyes dhe ka p\u00ebrgatitur [&hellip;]<\/p>\n","protected":false},"author":1,"featured_media":0,"comment_status":"open","ping_status":"closed","sticky":false,"template":"","format":"standard","meta":{"footnotes":""},"categories":[2],"tags":[],"class_list":{"0":"post-5260","1":"post","2":"type-post","3":"status-publish","4":"format-standard","6":"category-artikuj"},"yoast_head":"<!-- This site is optimized with the Yoast SEO plugin v27.4 - https:\/\/yoast.com\/product\/yoast-seo-wordpress\/ -->\n<title>Lul\u00ebzim Basha ka hapur dosjen dhe ka qen\u00eb n\u00eb hetimin e \u201cSht\u00ebpis\u00eb s\u00eb Verdh\u00eb\u201d n\u00eb Burrel - FjALA e LIR\u00cb - Arkivi<\/title>\n<meta name=\"robots\" content=\"index, follow, max-snippet:-1, max-image-preview:large, max-video-preview:-1\" \/>\n<link rel=\"canonical\" href=\"https:\/\/fjala.info\/2009-2015\/lulezim-basha-ka-hapur-dosjen-dhe-ka-qene-ne-hetimin-e-shtepise-se-verdhe-ne-burrel\/\" \/>\n<meta property=\"og:locale\" content=\"sq_AL\" \/>\n<meta property=\"og:type\" content=\"article\" \/>\n<meta property=\"og:title\" content=\"Lul\u00ebzim Basha ka hapur dosjen dhe ka qen\u00eb n\u00eb hetimin e \u201cSht\u00ebpis\u00eb s\u00eb Verdh\u00eb\u201d n\u00eb Burrel - FjALA e LIR\u00cb - Arkivi\" \/>\n<meta property=\"og:description\" content=\"Lul\u00ebzim Basha ka hartuar i pari dosjen e trafikut t\u00eb organeve Sht\u00ebpia e dyshuar n\u00eb Burrel Jose Pablo Baraybar, antropolog mjeko-ligjor nga Peruja, ka punuar 20 vitet e fundit si nj\u00eb ekspert i OKB-s\u00eb. Ai shpjegon hetimet e tij p\u00ebr krimet e U\u00c7K n\u00eb nj\u00eb intervist\u00eb. Baraybar: Bash\u00ebn e kam pas\u00eb p\u00ebrkthyes dhe ka p\u00ebrgatitur [&hellip;]\" \/>\n<meta property=\"og:url\" content=\"https:\/\/fjala.info\/2009-2015\/lulezim-basha-ka-hapur-dosjen-dhe-ka-qene-ne-hetimin-e-shtepise-se-verdhe-ne-burrel\/\" \/>\n<meta property=\"og:site_name\" content=\"FjALA e LIR\u00cb - Arkivi\" \/>\n<meta property=\"article:published_time\" content=\"2010-12-19T08:38:13+00:00\" \/>\n<meta property=\"og:image\" content=\"http:\/\/fjala.shkoder.net\/wp-content\/uploads\/2010\/12\/shtepia_dyshuar_burrel-300x152.jpg\" \/>\n<meta name=\"author\" content=\"admin\" \/>\n<meta name=\"twitter:card\" content=\"summary_large_image\" \/>\n<meta name=\"twitter:label1\" content=\"Written by\" \/>\n\t<meta name=\"twitter:data1\" content=\"admin\" \/>\n\t<meta name=\"twitter:label2\" content=\"Est. reading time\" \/>\n\t<meta name=\"twitter:data2\" content=\"9 minutes\" \/>\n<script type=\"application\/ld+json\" class=\"yoast-schema-graph\">{\"@context\":\"https:\\\/\\\/schema.org\",\"@graph\":[{\"@type\":\"Article\",\"@id\":\"https:\\\/\\\/fjala.info\\\/2009-2015\\\/lulezim-basha-ka-hapur-dosjen-dhe-ka-qene-ne-hetimin-e-shtepise-se-verdhe-ne-burrel\\\/#article\",\"isPartOf\":{\"@id\":\"https:\\\/\\\/fjala.info\\\/2009-2015\\\/lulezim-basha-ka-hapur-dosjen-dhe-ka-qene-ne-hetimin-e-shtepise-se-verdhe-ne-burrel\\\/\"},\"author\":{\"name\":\"admin\",\"@id\":\"https:\\\/\\\/fjala.info\\\/2009-2015\\\/#\\\/schema\\\/person\\\/3aa1163ef05469c496fc94e77611ada2\"},\"headline\":\"Lul\u00ebzim Basha ka hapur dosjen dhe ka qen\u00eb n\u00eb hetimin e \u201cSht\u00ebpis\u00eb s\u00eb Verdh\u00eb\u201d n\u00eb Burrel\",\"datePublished\":\"2010-12-19T08:38:13+00:00\",\"mainEntityOfPage\":{\"@id\":\"https:\\\/\\\/fjala.info\\\/2009-2015\\\/lulezim-basha-ka-hapur-dosjen-dhe-ka-qene-ne-hetimin-e-shtepise-se-verdhe-ne-burrel\\\/\"},\"wordCount\":1760,\"commentCount\":0,\"publisher\":{\"@id\":\"https:\\\/\\\/fjala.info\\\/2009-2015\\\/#organization\"},\"image\":{\"@id\":\"https:\\\/\\\/fjala.info\\\/2009-2015\\\/lulezim-basha-ka-hapur-dosjen-dhe-ka-qene-ne-hetimin-e-shtepise-se-verdhe-ne-burrel\\\/#primaryimage\"},\"thumbnailUrl\":\"http:\\\/\\\/fjala.shkoder.net\\\/wp-content\\\/uploads\\\/2010\\\/12\\\/shtepia_dyshuar_burrel-300x152.jpg\",\"articleSection\":[\"Artikuj\"],\"inLanguage\":\"sq-AL\",\"potentialAction\":[{\"@type\":\"CommentAction\",\"name\":\"Comment\",\"target\":[\"https:\\\/\\\/fjala.info\\\/2009-2015\\\/lulezim-basha-ka-hapur-dosjen-dhe-ka-qene-ne-hetimin-e-shtepise-se-verdhe-ne-burrel\\\/#respond\"]}]},{\"@type\":\"WebPage\",\"@id\":\"https:\\\/\\\/fjala.info\\\/2009-2015\\\/lulezim-basha-ka-hapur-dosjen-dhe-ka-qene-ne-hetimin-e-shtepise-se-verdhe-ne-burrel\\\/\",\"url\":\"https:\\\/\\\/fjala.info\\\/2009-2015\\\/lulezim-basha-ka-hapur-dosjen-dhe-ka-qene-ne-hetimin-e-shtepise-se-verdhe-ne-burrel\\\/\",\"name\":\"Lul\u00ebzim Basha ka hapur dosjen dhe ka qen\u00eb n\u00eb hetimin e \u201cSht\u00ebpis\u00eb s\u00eb Verdh\u00eb\u201d n\u00eb Burrel - FjALA e LIR\u00cb - Arkivi\",\"isPartOf\":{\"@id\":\"https:\\\/\\\/fjala.info\\\/2009-2015\\\/#website\"},\"primaryImageOfPage\":{\"@id\":\"https:\\\/\\\/fjala.info\\\/2009-2015\\\/lulezim-basha-ka-hapur-dosjen-dhe-ka-qene-ne-hetimin-e-shtepise-se-verdhe-ne-burrel\\\/#primaryimage\"},\"image\":{\"@id\":\"https:\\\/\\\/fjala.info\\\/2009-2015\\\/lulezim-basha-ka-hapur-dosjen-dhe-ka-qene-ne-hetimin-e-shtepise-se-verdhe-ne-burrel\\\/#primaryimage\"},\"thumbnailUrl\":\"http:\\\/\\\/fjala.shkoder.net\\\/wp-content\\\/uploads\\\/2010\\\/12\\\/shtepia_dyshuar_burrel-300x152.jpg\",\"datePublished\":\"2010-12-19T08:38:13+00:00\",\"breadcrumb\":{\"@id\":\"https:\\\/\\\/fjala.info\\\/2009-2015\\\/lulezim-basha-ka-hapur-dosjen-dhe-ka-qene-ne-hetimin-e-shtepise-se-verdhe-ne-burrel\\\/#breadcrumb\"},\"inLanguage\":\"sq-AL\",\"potentialAction\":[{\"@type\":\"ReadAction\",\"target\":[\"https:\\\/\\\/fjala.info\\\/2009-2015\\\/lulezim-basha-ka-hapur-dosjen-dhe-ka-qene-ne-hetimin-e-shtepise-se-verdhe-ne-burrel\\\/\"]}]},{\"@type\":\"ImageObject\",\"inLanguage\":\"sq-AL\",\"@id\":\"https:\\\/\\\/fjala.info\\\/2009-2015\\\/lulezim-basha-ka-hapur-dosjen-dhe-ka-qene-ne-hetimin-e-shtepise-se-verdhe-ne-burrel\\\/#primaryimage\",\"url\":\"http:\\\/\\\/fjala.shkoder.net\\\/wp-content\\\/uploads\\\/2010\\\/12\\\/shtepia_dyshuar_burrel-300x152.jpg\",\"contentUrl\":\"http:\\\/\\\/fjala.shkoder.net\\\/wp-content\\\/uploads\\\/2010\\\/12\\\/shtepia_dyshuar_burrel-300x152.jpg\"},{\"@type\":\"BreadcrumbList\",\"@id\":\"https:\\\/\\\/fjala.info\\\/2009-2015\\\/lulezim-basha-ka-hapur-dosjen-dhe-ka-qene-ne-hetimin-e-shtepise-se-verdhe-ne-burrel\\\/#breadcrumb\",\"itemListElement\":[{\"@type\":\"ListItem\",\"position\":1,\"name\":\"Home\",\"item\":\"https:\\\/\\\/fjala.info\\\/2009-2015\\\/\"},{\"@type\":\"ListItem\",\"position\":2,\"name\":\"Lul\u00ebzim Basha ka hapur dosjen dhe ka qen\u00eb n\u00eb hetimin e \u201cSht\u00ebpis\u00eb s\u00eb Verdh\u00eb\u201d n\u00eb Burrel\"}]},{\"@type\":\"WebSite\",\"@id\":\"https:\\\/\\\/fjala.info\\\/2009-2015\\\/#website\",\"url\":\"https:\\\/\\\/fjala.info\\\/2009-2015\\\/\",\"name\":\"FjALA e LIR\u00cb - Arkivi\",\"description\":\"Arkivi 2009-2015\",\"publisher\":{\"@id\":\"https:\\\/\\\/fjala.info\\\/2009-2015\\\/#organization\"},\"potentialAction\":[{\"@type\":\"SearchAction\",\"target\":{\"@type\":\"EntryPoint\",\"urlTemplate\":\"https:\\\/\\\/fjala.info\\\/2009-2015\\\/?s={search_term_string}\"},\"query-input\":{\"@type\":\"PropertyValueSpecification\",\"valueRequired\":true,\"valueName\":\"search_term_string\"}}],\"inLanguage\":\"sq-AL\"},{\"@type\":\"Organization\",\"@id\":\"https:\\\/\\\/fjala.info\\\/2009-2015\\\/#organization\",\"name\":\"FjALA e LIR\u00cb - Arkivi\",\"url\":\"https:\\\/\\\/fjala.info\\\/2009-2015\\\/\",\"logo\":{\"@type\":\"ImageObject\",\"inLanguage\":\"sq-AL\",\"@id\":\"https:\\\/\\\/fjala.info\\\/2009-2015\\\/#\\\/schema\\\/logo\\\/image\\\/\",\"url\":\"\",\"contentUrl\":\"\",\"caption\":\"FjALA e LIR\u00cb - Arkivi\"},\"image\":{\"@id\":\"https:\\\/\\\/fjala.info\\\/2009-2015\\\/#\\\/schema\\\/logo\\\/image\\\/\"}},{\"@type\":\"Person\",\"@id\":\"https:\\\/\\\/fjala.info\\\/2009-2015\\\/#\\\/schema\\\/person\\\/3aa1163ef05469c496fc94e77611ada2\",\"name\":\"admin\",\"image\":{\"@type\":\"ImageObject\",\"inLanguage\":\"sq-AL\",\"@id\":\"https:\\\/\\\/fjala.info\\\/2009-2015\\\/wp-content\\\/uploads\\\/2012\\\/02\\\/arben_cokaj-120x150.jpg\",\"url\":\"https:\\\/\\\/fjala.info\\\/2009-2015\\\/wp-content\\\/uploads\\\/2012\\\/02\\\/arben_cokaj-120x150.jpg\",\"contentUrl\":\"https:\\\/\\\/fjala.info\\\/2009-2015\\\/wp-content\\\/uploads\\\/2012\\\/02\\\/arben_cokaj-120x150.jpg\",\"caption\":\"admin\"},\"description\":\"Admin, Fjala e Lir\u00eb\",\"sameAs\":[\"https:\\\/\\\/fjala.info\\\/\"],\"url\":\"https:\\\/\\\/fjala.info\\\/2009-2015\\\/author\\\/admin\\\/\"}]}<\/script>\n<!-- \/ Yoast SEO plugin. -->","yoast_head_json":{"title":"Lul\u00ebzim Basha ka hapur dosjen dhe ka qen\u00eb n\u00eb hetimin e \u201cSht\u00ebpis\u00eb s\u00eb Verdh\u00eb\u201d n\u00eb Burrel - FjALA e LIR\u00cb - Arkivi","robots":{"index":"index","follow":"follow","max-snippet":"max-snippet:-1","max-image-preview":"max-image-preview:large","max-video-preview":"max-video-preview:-1"},"canonical":"https:\/\/fjala.info\/2009-2015\/lulezim-basha-ka-hapur-dosjen-dhe-ka-qene-ne-hetimin-e-shtepise-se-verdhe-ne-burrel\/","og_locale":"sq_AL","og_type":"article","og_title":"Lul\u00ebzim Basha ka hapur dosjen dhe ka qen\u00eb n\u00eb hetimin e \u201cSht\u00ebpis\u00eb s\u00eb Verdh\u00eb\u201d n\u00eb Burrel - FjALA e LIR\u00cb - Arkivi","og_description":"Lul\u00ebzim Basha ka hartuar i pari dosjen e trafikut t\u00eb organeve Sht\u00ebpia e dyshuar n\u00eb Burrel Jose Pablo Baraybar, antropolog mjeko-ligjor nga Peruja, ka punuar 20 vitet e fundit si nj\u00eb ekspert i OKB-s\u00eb. Ai shpjegon hetimet e tij p\u00ebr krimet e U\u00c7K n\u00eb nj\u00eb intervist\u00eb. Baraybar: Bash\u00ebn e kam pas\u00eb p\u00ebrkthyes dhe ka p\u00ebrgatitur [&hellip;]","og_url":"https:\/\/fjala.info\/2009-2015\/lulezim-basha-ka-hapur-dosjen-dhe-ka-qene-ne-hetimin-e-shtepise-se-verdhe-ne-burrel\/","og_site_name":"FjALA e LIR\u00cb - Arkivi","article_published_time":"2010-12-19T08:38:13+00:00","og_image":[{"url":"http:\/\/fjala.shkoder.net\/wp-content\/uploads\/2010\/12\/shtepia_dyshuar_burrel-300x152.jpg","type":"","width":"","height":""}],"author":"admin","twitter_card":"summary_large_image","twitter_misc":{"Written by":"admin","Est. reading time":"9 minutes"},"schema":{"@context":"https:\/\/schema.org","@graph":[{"@type":"Article","@id":"https:\/\/fjala.info\/2009-2015\/lulezim-basha-ka-hapur-dosjen-dhe-ka-qene-ne-hetimin-e-shtepise-se-verdhe-ne-burrel\/#article","isPartOf":{"@id":"https:\/\/fjala.info\/2009-2015\/lulezim-basha-ka-hapur-dosjen-dhe-ka-qene-ne-hetimin-e-shtepise-se-verdhe-ne-burrel\/"},"author":{"name":"admin","@id":"https:\/\/fjala.info\/2009-2015\/#\/schema\/person\/3aa1163ef05469c496fc94e77611ada2"},"headline":"Lul\u00ebzim Basha ka hapur dosjen dhe ka qen\u00eb n\u00eb hetimin e \u201cSht\u00ebpis\u00eb s\u00eb Verdh\u00eb\u201d n\u00eb Burrel","datePublished":"2010-12-19T08:38:13+00:00","mainEntityOfPage":{"@id":"https:\/\/fjala.info\/2009-2015\/lulezim-basha-ka-hapur-dosjen-dhe-ka-qene-ne-hetimin-e-shtepise-se-verdhe-ne-burrel\/"},"wordCount":1760,"commentCount":0,"publisher":{"@id":"https:\/\/fjala.info\/2009-2015\/#organization"},"image":{"@id":"https:\/\/fjala.info\/2009-2015\/lulezim-basha-ka-hapur-dosjen-dhe-ka-qene-ne-hetimin-e-shtepise-se-verdhe-ne-burrel\/#primaryimage"},"thumbnailUrl":"http:\/\/fjala.shkoder.net\/wp-content\/uploads\/2010\/12\/shtepia_dyshuar_burrel-300x152.jpg","articleSection":["Artikuj"],"inLanguage":"sq-AL","potentialAction":[{"@type":"CommentAction","name":"Comment","target":["https:\/\/fjala.info\/2009-2015\/lulezim-basha-ka-hapur-dosjen-dhe-ka-qene-ne-hetimin-e-shtepise-se-verdhe-ne-burrel\/#respond"]}]},{"@type":"WebPage","@id":"https:\/\/fjala.info\/2009-2015\/lulezim-basha-ka-hapur-dosjen-dhe-ka-qene-ne-hetimin-e-shtepise-se-verdhe-ne-burrel\/","url":"https:\/\/fjala.info\/2009-2015\/lulezim-basha-ka-hapur-dosjen-dhe-ka-qene-ne-hetimin-e-shtepise-se-verdhe-ne-burrel\/","name":"Lul\u00ebzim Basha ka hapur dosjen dhe ka qen\u00eb n\u00eb hetimin e \u201cSht\u00ebpis\u00eb s\u00eb Verdh\u00eb\u201d n\u00eb Burrel - FjALA e LIR\u00cb - Arkivi","isPartOf":{"@id":"https:\/\/fjala.info\/2009-2015\/#website"},"primaryImageOfPage":{"@id":"https:\/\/fjala.info\/2009-2015\/lulezim-basha-ka-hapur-dosjen-dhe-ka-qene-ne-hetimin-e-shtepise-se-verdhe-ne-burrel\/#primaryimage"},"image":{"@id":"https:\/\/fjala.info\/2009-2015\/lulezim-basha-ka-hapur-dosjen-dhe-ka-qene-ne-hetimin-e-shtepise-se-verdhe-ne-burrel\/#primaryimage"},"thumbnailUrl":"http:\/\/fjala.shkoder.net\/wp-content\/uploads\/2010\/12\/shtepia_dyshuar_burrel-300x152.jpg","datePublished":"2010-12-19T08:38:13+00:00","breadcrumb":{"@id":"https:\/\/fjala.info\/2009-2015\/lulezim-basha-ka-hapur-dosjen-dhe-ka-qene-ne-hetimin-e-shtepise-se-verdhe-ne-burrel\/#breadcrumb"},"inLanguage":"sq-AL","potentialAction":[{"@type":"ReadAction","target":["https:\/\/fjala.info\/2009-2015\/lulezim-basha-ka-hapur-dosjen-dhe-ka-qene-ne-hetimin-e-shtepise-se-verdhe-ne-burrel\/"]}]},{"@type":"ImageObject","inLanguage":"sq-AL","@id":"https:\/\/fjala.info\/2009-2015\/lulezim-basha-ka-hapur-dosjen-dhe-ka-qene-ne-hetimin-e-shtepise-se-verdhe-ne-burrel\/#primaryimage","url":"http:\/\/fjala.shkoder.net\/wp-content\/uploads\/2010\/12\/shtepia_dyshuar_burrel-300x152.jpg","contentUrl":"http:\/\/fjala.shkoder.net\/wp-content\/uploads\/2010\/12\/shtepia_dyshuar_burrel-300x152.jpg"},{"@type":"BreadcrumbList","@id":"https:\/\/fjala.info\/2009-2015\/lulezim-basha-ka-hapur-dosjen-dhe-ka-qene-ne-hetimin-e-shtepise-se-verdhe-ne-burrel\/#breadcrumb","itemListElement":[{"@type":"ListItem","position":1,"name":"Home","item":"https:\/\/fjala.info\/2009-2015\/"},{"@type":"ListItem","position":2,"name":"Lul\u00ebzim Basha ka hapur dosjen dhe ka qen\u00eb n\u00eb hetimin e \u201cSht\u00ebpis\u00eb s\u00eb Verdh\u00eb\u201d n\u00eb Burrel"}]},{"@type":"WebSite","@id":"https:\/\/fjala.info\/2009-2015\/#website","url":"https:\/\/fjala.info\/2009-2015\/","name":"FjALA e LIR\u00cb - Arkivi","description":"Arkivi 2009-2015","publisher":{"@id":"https:\/\/fjala.info\/2009-2015\/#organization"},"potentialAction":[{"@type":"SearchAction","target":{"@type":"EntryPoint","urlTemplate":"https:\/\/fjala.info\/2009-2015\/?s={search_term_string}"},"query-input":{"@type":"PropertyValueSpecification","valueRequired":true,"valueName":"search_term_string"}}],"inLanguage":"sq-AL"},{"@type":"Organization","@id":"https:\/\/fjala.info\/2009-2015\/#organization","name":"FjALA e LIR\u00cb - Arkivi","url":"https:\/\/fjala.info\/2009-2015\/","logo":{"@type":"ImageObject","inLanguage":"sq-AL","@id":"https:\/\/fjala.info\/2009-2015\/#\/schema\/logo\/image\/","url":"","contentUrl":"","caption":"FjALA e LIR\u00cb - Arkivi"},"image":{"@id":"https:\/\/fjala.info\/2009-2015\/#\/schema\/logo\/image\/"}},{"@type":"Person","@id":"https:\/\/fjala.info\/2009-2015\/#\/schema\/person\/3aa1163ef05469c496fc94e77611ada2","name":"admin","image":{"@type":"ImageObject","inLanguage":"sq-AL","@id":"https:\/\/fjala.info\/2009-2015\/wp-content\/uploads\/2012\/02\/arben_cokaj-120x150.jpg","url":"https:\/\/fjala.info\/2009-2015\/wp-content\/uploads\/2012\/02\/arben_cokaj-120x150.jpg","contentUrl":"https:\/\/fjala.info\/2009-2015\/wp-content\/uploads\/2012\/02\/arben_cokaj-120x150.jpg","caption":"admin"},"description":"Admin, Fjala e Lir\u00eb","sameAs":["https:\/\/fjala.info\/"],"url":"https:\/\/fjala.info\/2009-2015\/author\/admin\/"}]}},"_links":{"self":[{"href":"https:\/\/fjala.info\/2009-2015\/wp-json\/wp\/v2\/posts\/5260","targetHints":{"allow":["GET"]}}],"collection":[{"href":"https:\/\/fjala.info\/2009-2015\/wp-json\/wp\/v2\/posts"}],"about":[{"href":"https:\/\/fjala.info\/2009-2015\/wp-json\/wp\/v2\/types\/post"}],"author":[{"embeddable":true,"href":"https:\/\/fjala.info\/2009-2015\/wp-json\/wp\/v2\/users\/1"}],"replies":[{"embeddable":true,"href":"https:\/\/fjala.info\/2009-2015\/wp-json\/wp\/v2\/comments?post=5260"}],"version-history":[{"count":0,"href":"https:\/\/fjala.info\/2009-2015\/wp-json\/wp\/v2\/posts\/5260\/revisions"}],"wp:attachment":[{"href":"https:\/\/fjala.info\/2009-2015\/wp-json\/wp\/v2\/media?parent=5260"}],"wp:term":[{"taxonomy":"category","embeddable":true,"href":"https:\/\/fjala.info\/2009-2015\/wp-json\/wp\/v2\/categories?post=5260"},{"taxonomy":"post_tag","embeddable":true,"href":"https:\/\/fjala.info\/2009-2015\/wp-json\/wp\/v2\/tags?post=5260"}],"curies":[{"name":"wp","href":"https:\/\/api.w.org\/{rel}","templated":true}]}}