{"id":5259,"date":"2012-10-01T21:56:58","date_gmt":"2012-10-01T20:56:58","guid":{"rendered":"http:\/\/www.fjala.info\/?p=5259"},"modified":"2012-10-01T21:56:58","modified_gmt":"2012-10-01T20:56:58","slug":"ahmet-zogu-kur-lavderohej-si-zoti-ne-toke","status":"publish","type":"post","link":"https:\/\/fjala.info\/2009-2015\/ahmet-zogu-kur-lavderohej-si-zoti-ne-toke\/","title":{"rendered":"Ahmet Zogu, kur lavd\u00ebrohej si zoti n\u00eb tok\u00eb"},"content":{"rendered":"<p><img decoding=\"async\" class=\"alignright size-thumbnail wp-image-7236\" title=\"Familja e Zogut\" src=\"http:\/\/www.fjala.info\/2012\/familja_zogut.jpg\" alt=\"\" width=\"300\" \/> <strong>Gjergj Erebara<\/strong>, <em>3 Tetor 2012<\/em><\/p>\n<p>Gjuha e kultit t\u00eb individit q\u00eb u form\u00ebzua gjat\u00eb koh\u00ebs s\u00eb Zogut, i ndoqi shqiptar\u00ebt gjat\u00eb koh\u00ebs s\u00eb komunizmit. Enver Hoxha kishte shum\u00eb gj\u00ebra p\u00ebr t\u00eb kopjuar nga Ahmet Zogu, p\u00ebrfshir\u00eb edhe sloganet e tij, t\u00eb cilat thjesht sa i p\u00ebrshtati p\u00ebr veten<\/p>\n<p>N\u00ebse ndokush mendon se shprehja \u201ct\u00eb na rrosh sa malet\u201d \u00ebsht\u00eb p\u00ebr Enver Hoxh\u00ebn, duhet t\u00eb lexoj\u00eb nj\u00eb gazet\u00eb t\u00eb koh\u00ebs p\u00ebr t\u00eb par\u00eb se n\u00eb fakt, fillimisht kjo shprehje i qe dedikuar Ahmet Zogut<\/p>\n<p>Nj\u00ebsoj si kronikat e TVSH-s\u00eb, q\u00eb tregonin se Shoku Enver rrinte deri von\u00eb n\u00eb pun\u00eb, nd\u00ebrsa populli n\u00ebn z\u00eb thoshte se thjesht sa kishte l\u00ebn\u00eb drit\u00ebn ndezur, edhe Zogu paraqitet si nj\u00eb njeri q\u00eb punon gjat\u00eb t\u00eb gjith\u00eb dit\u00ebs dhe pjes\u00ebs m\u00eb t\u00eb madhe t\u00eb naft\u00ebs<\/p>\n<p>Gjergj Erebara<\/p>\n<p>Perceptimi q\u00eb shqiptar\u00ebt kan\u00eb krijuar mbi Ahmet Zogun \u00ebsht\u00eb form\u00ebzuar nga propaganda e bollshme e regjimit komunist, ku ish-presidenti q\u00eb u b\u00eb mbret, shfaqej si nj\u00eb grabit\u00ebs i r\u00ebndomt\u00eb oportunist. Historian\u00ebt komunist\u00eb thoshin se n\u00eb thelb, Ahmet Zogu qe nj\u00eb kund\u00ebrrevolucionar q\u00eb mposhti p\u00ebrpjekjet e \u201cpopullit\u201d p\u00ebr t\u00eb marr\u00eb pushtetin dhe ruajti n\u00eb Shqip\u00ebri pushtetin e klas\u00ebs s\u00eb lart\u00eb, t\u00eb p\u00ebrb\u00ebr\u00eb nga \u00e7ifligar\u00eb. Historian\u00ebt e komunizmit me fjal\u00ebn \u201cpopull\u201d n\u00ebnkuptonin duksh\u00ebm shtres\u00ebn e mesme t\u00eb arsimuar, e cila tentoi ta merrte pushtetin edhe me dhun\u00eb dhe d\u00ebshtoi.<\/p>\n<p>Gjat\u00eb vitit t\u00eb fundit, me nism\u00ebn e Kryeministrit t\u00eb sot\u00ebm, disa po p\u00ebrpiqen t\u00eb form\u00ebzojn\u00eb nj\u00eb mendim m\u00eb kompleks, por gjithsesi pozitiv, p\u00ebr t\u00eb. Tezat kryesore lidhen me t\u00eb parit t\u00eb Zogut si nj\u00eb burr\u00eb shteti q\u00eb arriti t\u00eb krijoj\u00eb stabilitet dhe shtet funksional.<\/p>\n<p>Ajo q\u00eb po paraqesim m\u00eb posht\u00eb \u00ebsht\u00eb k\u00ebndv\u00ebshtrimi i tret\u00eb: \u00ebsht\u00eb m\u00ebnyra se si zyrtar\u00ebt e koh\u00ebs s\u00eb tij e shihnin mbretin. Materialet jan\u00eb marr\u00eb nga nj\u00eb publikim zyrtar i koh\u00ebs i quajtur \u201cDhjet\u00eb Vjet Mbretni 1928-1938\u201d, dhe qe pjes\u00eb e festimeve p\u00ebr at\u00eb p\u00ebrvjetor, q\u00eb p\u00ebrkoi edhe me martes\u00ebn e Mbretit.<\/p>\n<p>Gjuha e p\u00ebrdorur n\u00eb k\u00ebt\u00eb botim, metoda e retorik\u00ebs dhe forma e argumentimit, kan\u00eb nj\u00eb ngjashm\u00ebri t\u00eb fort\u00eb me at\u00eb q\u00eb regjimi komunist p\u00ebrdorte p\u00ebr veten. Kur flisnin p\u00ebr zhvillimin ekonomik, krahasimi b\u00ebhej me vitin 1912. Kur flitej p\u00ebr Zogun, flitej edhe p\u00ebr Sk\u00ebnderbeun, Lek\u00eb Dukagjinin, Donika Kastriotin. Kur flitej p\u00ebr Matin, shtohej se aty \u00ebsht\u00eb varrosur Mamica Kastrioti.<\/p>\n<p>Zogu ne paradeAlbanian School Girls SingingFamilja e Zogutzogu<\/p>\n<p>L\u00ebvdatat p\u00ebr Mbretin jan\u00eb t\u00eb pafundme. N\u00eb nj\u00eb rast ai cil\u00ebsohet August, pra \u201ci shenjt\u00eb\u201d dhe gjuha e p\u00ebrdorur \u00ebsht\u00eb gati liturgjike. Ai cil\u00ebsohej gjithashtu \u201capostull\u201d. L\u00ebvdatat jan\u00eb t\u00eb bollshme edhe p\u00ebr familjar\u00ebt e Mbretit, si dhe p\u00ebr krahin\u00ebn e Matit, e cila krahasohet me at\u00eb t\u00eb Mirdit\u00ebs p\u00ebr t\u00eb vjedhur paksa nga krenaria e krahin\u00ebs malore dhe katolike si vendi i papushtuar nga Otoman\u00ebt. N\u00eb k\u00ebt\u00eb koh\u00eb, kulti i individit t\u00eb Zogut pati mb\u00ebrritur kulmin. N\u00eb at\u00eb vit, 25-vjetori i pavar\u00ebsis\u00eb, dasma e Mbretit dhe dhjet\u00ebvjetori i Mbret\u00ebris\u00eb u vulos\u00ebn n\u00eb histori me prodhimin e emisioneve t\u00eb posa\u00e7me t\u00eb monedhave t\u00eb arit. N\u00eb \u00e7do qytet t\u00eb Shqip\u00ebris\u00eb kishte nj\u00eb rrug\u00eb kryesore me emrin e mbretit. L\u00ebvdatat nuk erdh\u00ebn vet\u00ebm nga zyrtar\u00ebt e tij, por edhe nga shtypi i koh\u00ebs, titujt e t\u00eb cilit qen\u00eb t\u00eb ngjashme me ato q\u00eb shqiptar\u00ebt mbajn\u00eb mend nga koha e komunizmit.<\/p>\n<p>Rroft\u00eb Zogu i par\u00eb Rroft\u00eb<\/p>\n<p>Shp\u00ebtimtar i atdheut<\/p>\n<p>Brez pas Brezi Mbret\u00ebroft\u00eb<\/p>\n<p>P\u00ebr mbi Fron t\u00eb Sk\u00ebnderbeut<\/p>\n<p>Kjo qe \u00e7far\u00eb shkruante \u201cAlbania\u201d q\u00eb botohej n\u00eb Nju Jork<\/p>\n<p>\u201cM\u00eb n\u00eb fund njeriu lindi ose m\u00eb mir\u00eb u shfaq me at\u00eb t\u00eb veprave t\u00eb Tij shp\u00ebtimtare dhe gjeniale\u201d, shkruante \u201cGazeta e Re\u201d.<\/p>\n<p>\u201cShqipnia me k\u00ebt Pris do t\u00eb shkoj\u00eb p\u00ebrpara. Djelmnia intelektuale, gati p\u00ebr t\u2019a ndjek\u00eb Mbretin gjat\u00eb asaj udhe reformash qi Ay vet\u00eb d\u00ebshiron, mban n\u00eb zem\u00ebr mesazhin bujar t\u00eb Tij tue prit\u00eb urdhna p\u00ebr veprim\u201d, shkruante \u201cIllyria\u201d.<\/p>\n<p>Gazeta \u201cShekulli i Ri\u201d na jep nj\u00eb slogan q\u00eb ne e kemi d\u00ebgjuar gjithmon\u00eb: \u201cMadh\u00ebni, Rrofsh sa Malet\u201d, shkruan ajo.<\/p>\n<p>Hunda e Mbretit nuk mbeti as jasht\u00eb gazet\u00ebs \u201cSporti Shqiptar\u201d.<\/p>\n<p>\u201cN\u00eb g\u00ebzimin, q\u00eb e b\u00ebn edhe m\u00eb t\u00eb madh mall\u00ebngjimi i dit\u00ebve t\u00eb m\u00ebdha dhe admirimi i njer\u00ebzve t\u00eb m\u00ebdhenj, n\u00eb brohoritjet n\u00eb shprehjen aq t\u00eb p\u00ebrzem\u00ebrt t\u2019adhurimit t\u00eb thell\u00eb p\u00ebr Mbretin, Mbret\u00ebresh\u00ebn dhe Princeshat Mbret\u00ebnore, t\u00eb banor\u00ebve aq\u00eb atdhetar\u00eb e aq\u00eb faktor\u00eb p\u00ebrparimi t\u00eb bregut t\u2019on\u00eb jugor Mbreti, Mbret\u00ebresha dhe Princeshat Mbret\u00ebrore kan\u00eb par\u00eb g\u00ebzimin dhe kan\u00eb d\u00ebgjuar brohoritjet e t\u00eb gjith\u00eb popullit shqiptar, fatbardh\u00eb pse ka qen\u00eb i shp\u00ebtuar dhe \u00ebsht\u00eb i udh\u00ebhequr drejt lumturis\u00eb prej N.M.T. Zogut t\u00eb I-r\u00eb\u201d, shkruan kjo gazet\u00eb.<\/p>\n<p>Gjuha e kultit t\u00eb individit q\u00eb u form\u00ebzua gjat\u00eb koh\u00ebs s\u00eb tij p\u00ebr t\u00eb, i ndoqi shqiptar\u00ebt gjat\u00eb koh\u00ebs s\u00eb komunizmit. \u00cbsht\u00eb fare e qart\u00eb se Enver Hoxha kishte shum\u00eb gj\u00ebra p\u00ebr t\u00eb kopjuar nga Ahmet Zogu, p\u00ebrfshir\u00eb edhe sloganet e tij, t\u00eb cilat thjesht sa i p\u00ebrshtati p\u00ebr veten.<\/p>\n<p>Fati i Mbretit do t\u00eb p\u00ebrmbysej vet\u00ebm disa muaj pas k\u00ebsaj. Kur Italia e sulmoi ushtarakisht Shqip\u00ebrin\u00eb, shumica d\u00ebrrmuese e shqiptar\u00ebve nuk e mor\u00ebn mundimin t\u2019i bindeshin thirrjes s\u00eb tij p\u00ebr t\u2019i rezistuar pushtimit. Emri i mbretit n\u00ebp\u00ebr rrug\u00ebt kryesore u z\u00ebvend\u00ebsua menj\u00ebher\u00eb me emrin e Viktor Emanuelit III.<\/p>\n<p>P\u00ebr t\u00eb dh\u00ebn\u00eb nj\u00eb panoram\u00eb se si shihej Mbreti nga zyrtar\u00ebt e tij, po japim disa paragraf\u00eb nga libri i vitit 1938.<\/p>\n<p>P\u00ebrkujtimi i themelimit t\u00eb Mbret\u00ebris\u00eb<\/p>\n<p>\u201cN\u00eb or\u00ebn 9 e 14 minuta t\u00eb dit\u00ebs 1 shtatuer 1928 shuhej nga jeta shqiptare Republika dhe p\u00ebrfaq\u00ebsija e kombit vendoste at\u00eb q\u00eb ishte vullneti i patundsh\u00ebm i popullit: monarkin\u00eb. Gj\u00ebmime topash, brohoritje t\u00eb fuqishme populli dhe kang\u00ebt e mall\u00ebngjyeshme t\u00eb vendit t\u2019on\u00eb e mblodh\u00ebn vendimin p\u00ebr t\u2019a bam\u00eb fjal\u00eb gazmore q\u00eb kalonte goj\u00eb m\u00eb goj\u00eb dhe zem\u00ebr m\u00eb zem\u00ebr prej gjinit t\u00eb qyteteve e deri n\u00eb vizat q\u00eb caktojn\u00eb kufijt e shejta t\u00eb Shqipnis.<\/p>\n<p>Nji diell si nuk ishte pam\u00eb ndonji her\u00eb n\u00eb Kryeqytet i kishte l\u00ebshue shtizat e veta t\u00eb ngrohta dhe plot hare p\u00ebrmbi prarimet e kostumevet komb\u00ebtare, p\u00ebrmbi granduniformat e oficeravet dhe fraqet e elit\u00ebs s\u00eb vendit; Nalt Madhnija e Tij Mbreti priste at\u00eb dit\u00eb, n\u00eb Pallatin e Vet, ofert\u00ebn e Kuno\u00ebs q\u00eb i bante Populli Shqiptar.<\/p>\n<p>f. 11<\/p>\n<p>N.M.T. Tij Mbreti, gjat\u00eb periudh\u00ebs s\u00eb jet\u00ebs s\u00eb Tij t\u00eb pa lodh\u00ebshme, t\u00eb kushtueme Atdheut, i ka folun popullit t\u00eb vet\u00eb, me tonin e Tij t\u00eb prem\u00eb dhe me at\u00eb lart\u00ebsi djesish q\u00eb hyjn\u00eb thell\u00eb n\u00eb shpirtin e turmave arb\u00ebnore.<\/p>\n<p>f. 41<\/p>\n<p>Fytyra madh\u00ebshtore e Pri\u00ebsit t\u2019on\u00eb gjenial \u00ebsht interesante t\u00eb kqyret n\u00eb t\u00eb gjitha aspektet poliedrike t\u00eb aktivitetit t\u00eb Tij t\u00eb palodhur.<\/p>\n<p>N\u00eb zyr\u00ebn e tij t\u00eb pun\u00ebs, prej ku vendoset fati i Kombit, N.M. Tij Mbreti kalon pothuajse t\u00eb gjith\u00eb dit\u00ebn dhe nj\u00eb pjes\u00eb t\u00eb madhe t\u00eb nat\u00ebs. Tashm\u00eb e din\u00eb, shqiptar\u00eb dhe t\u00eb huaj, se pri\u00ebsi i yn\u00eb \u00ebsht\u00eb nj\u00eb nga puntor\u00ebt m\u00eb t\u00eb palodhur q\u00eb ka nxjer\u00eb ky shekull dhe vet\u00ebm n\u00eb saj\u00eb t\u00eb k\u00ebsaj pune t\u00eb pareshtur dhe t\u00eb pafjetur, si edhe n\u00eb saj\u00eb t\u00eb gjenialitetit t\u00eb Tij t\u00eb rrall\u00eb kan\u00eb mundur t\u00eb arrihen p\u00ebr Shtetin dhe Popullin ato p\u00ebrparime vigane q\u00eb b\u00ebjn\u00eb pjes\u00eb tani t\u00eb historis\u00eb s\u2019on\u00eb t\u00eb ndritur.<\/p>\n<p>T\u00eb mbush zemr\u00ebn plot hare jeta e Pri\u00ebsit t\u2019on\u00eb n\u00eb gjirin e Familjes. N.M. Tij Mbreti \u2013 dihet fare mir\u00eb \u2013 se gjen pr\u00ebhje t\u00eb plott\u00eb sa her\u00eb q\u00eb mundet t\u00eb l\u00ebr\u00eb pak pun\u00ebn e Tij t\u00eb r\u00ebnd\u00eb dhe delikate e t\u00eb ndodhet me Pjestar\u00ebt e Familjes s\u00eb Tij.<\/p>\n<p>Nolt\u00ebsit\u2019 e Tyre Princeshat Mbretnore, duke ndjekur gjyrmat e ndritura t\u00eb V\u00ebllaut t\u00eb Tyre t\u00eb Math, jan\u00eb n\u00eb krah t\u00eb V\u00ebllaut dhe, kur largohen, shpjen\u00eb kudo fjal\u00ebn e p\u00ebrparimit dhe t\u00eb oksidentalizimit t\u00eb v\u00ebndit.<\/p>\n<p>T\u00eb gjith\u00eb shqiptar\u00ebt, i math e i vog\u00ebl, ndjekin me bindjen m\u00eb t\u00eb plott\u00eb drejtimet dhe urdh\u00ebrat e Sovranit po, si kurdoher\u00eb, n\u00eb krye t\u00eb k\u00ebsaj fushate p\u00ebrparimtare dhe reformatore ndodhen Pjes\u00ebtaret e ndritura t\u00eb Familjes Mbretnore. Princeshat e Larta duhet t\u00eb quhen, pa tjat\u00ebr, Misionaret e Verbit Mbretnor.<\/p>\n<p>I kemi par\u00eb t\u00eb sh\u00ebtisin gjith\u00eb krahinat e Mbret\u00ebris\u00eb. S\u2019kan\u00eb kursyer mundime, s\u2019kan\u00eb kursyer sakrifica. Kudo kan\u00eb hyr\u00eb n\u00eb gjirin e popullit ve\u00e7an\u00ebrisht n\u2019at\u00eb pjes\u00eb t\u00eb popullit q\u00eb vuan nga skami ose nga s\u00ebmundjet. Kan\u00eb marr\u00eb sh\u00ebnime, kan\u00eb dh\u00ebn\u00eb urdh\u00ebra, kan\u00eb treguar gjith\u00eb bujariun\u00eb e Tyre me ndihma t\u00eb ndryshme.<\/p>\n<p>F. 42<\/p>\n","protected":false},"excerpt":{"rendered":"<p>Gjergj Erebara, 3 Tetor 2012 Gjuha e kultit t\u00eb individit q\u00eb u form\u00ebzua gjat\u00eb koh\u00ebs s\u00eb Zogut, i ndoqi shqiptar\u00ebt gjat\u00eb koh\u00ebs s\u00eb komunizmit. Enver Hoxha kishte shum\u00eb gj\u00ebra p\u00ebr t\u00eb kopjuar nga Ahmet Zogu, p\u00ebrfshir\u00eb edhe sloganet e tij, t\u00eb cilat thjesht sa i p\u00ebrshtati p\u00ebr veten N\u00ebse ndokush mendon se shprehja \u201ct\u00eb na [&hellip;]<\/p>\n","protected":false},"author":1,"featured_media":0,"comment_status":"open","ping_status":"closed","sticky":false,"template":"","format":"standard","meta":{"footnotes":""},"categories":[2],"tags":[],"class_list":{"0":"post-5259","1":"post","2":"type-post","3":"status-publish","4":"format-standard","6":"category-artikuj"},"yoast_head":"<!-- This site is optimized with the Yoast SEO plugin v27.4 - https:\/\/yoast.com\/product\/yoast-seo-wordpress\/ -->\n<title>Ahmet Zogu, kur lavd\u00ebrohej si zoti n\u00eb tok\u00eb - FjALA e LIR\u00cb - Arkivi<\/title>\n<meta name=\"robots\" content=\"index, follow, max-snippet:-1, max-image-preview:large, max-video-preview:-1\" \/>\n<link rel=\"canonical\" href=\"https:\/\/fjala.info\/2009-2015\/ahmet-zogu-kur-lavderohej-si-zoti-ne-toke\/\" \/>\n<meta property=\"og:locale\" content=\"sq_AL\" \/>\n<meta property=\"og:type\" content=\"article\" \/>\n<meta property=\"og:title\" content=\"Ahmet Zogu, kur lavd\u00ebrohej si zoti n\u00eb tok\u00eb - FjALA e LIR\u00cb - Arkivi\" \/>\n<meta property=\"og:description\" content=\"Gjergj Erebara, 3 Tetor 2012 Gjuha e kultit t\u00eb individit q\u00eb u form\u00ebzua gjat\u00eb koh\u00ebs s\u00eb Zogut, i ndoqi shqiptar\u00ebt gjat\u00eb koh\u00ebs s\u00eb komunizmit. Enver Hoxha kishte shum\u00eb gj\u00ebra p\u00ebr t\u00eb kopjuar nga Ahmet Zogu, p\u00ebrfshir\u00eb edhe sloganet e tij, t\u00eb cilat thjesht sa i p\u00ebrshtati p\u00ebr veten N\u00ebse ndokush mendon se shprehja \u201ct\u00eb na [&hellip;]\" \/>\n<meta property=\"og:url\" content=\"https:\/\/fjala.info\/2009-2015\/ahmet-zogu-kur-lavderohej-si-zoti-ne-toke\/\" \/>\n<meta property=\"og:site_name\" content=\"FjALA e LIR\u00cb - Arkivi\" \/>\n<meta property=\"article:published_time\" content=\"2012-10-01T20:56:58+00:00\" \/>\n<meta property=\"og:image\" content=\"http:\/\/www.fjala.info\/2012\/familja_zogut.jpg\" \/>\n<meta name=\"author\" content=\"admin\" \/>\n<meta name=\"twitter:card\" content=\"summary_large_image\" \/>\n<meta name=\"twitter:label1\" content=\"Written by\" \/>\n\t<meta name=\"twitter:data1\" content=\"admin\" \/>\n\t<meta name=\"twitter:label2\" content=\"Est. reading time\" \/>\n\t<meta name=\"twitter:data2\" content=\"8 minutes\" \/>\n<script type=\"application\/ld+json\" class=\"yoast-schema-graph\">{\"@context\":\"https:\\\/\\\/schema.org\",\"@graph\":[{\"@type\":\"Article\",\"@id\":\"https:\\\/\\\/fjala.info\\\/2009-2015\\\/ahmet-zogu-kur-lavderohej-si-zoti-ne-toke\\\/#article\",\"isPartOf\":{\"@id\":\"https:\\\/\\\/fjala.info\\\/2009-2015\\\/ahmet-zogu-kur-lavderohej-si-zoti-ne-toke\\\/\"},\"author\":{\"name\":\"admin\",\"@id\":\"https:\\\/\\\/fjala.info\\\/2009-2015\\\/#\\\/schema\\\/person\\\/3aa1163ef05469c496fc94e77611ada2\"},\"headline\":\"Ahmet Zogu, kur lavd\u00ebrohej si zoti n\u00eb tok\u00eb\",\"datePublished\":\"2012-10-01T20:56:58+00:00\",\"mainEntityOfPage\":{\"@id\":\"https:\\\/\\\/fjala.info\\\/2009-2015\\\/ahmet-zogu-kur-lavderohej-si-zoti-ne-toke\\\/\"},\"wordCount\":1567,\"commentCount\":0,\"publisher\":{\"@id\":\"https:\\\/\\\/fjala.info\\\/2009-2015\\\/#organization\"},\"image\":{\"@id\":\"https:\\\/\\\/fjala.info\\\/2009-2015\\\/ahmet-zogu-kur-lavderohej-si-zoti-ne-toke\\\/#primaryimage\"},\"thumbnailUrl\":\"http:\\\/\\\/www.fjala.info\\\/2012\\\/familja_zogut.jpg\",\"articleSection\":[\"Artikuj\"],\"inLanguage\":\"sq-AL\",\"potentialAction\":[{\"@type\":\"CommentAction\",\"name\":\"Comment\",\"target\":[\"https:\\\/\\\/fjala.info\\\/2009-2015\\\/ahmet-zogu-kur-lavderohej-si-zoti-ne-toke\\\/#respond\"]}]},{\"@type\":\"WebPage\",\"@id\":\"https:\\\/\\\/fjala.info\\\/2009-2015\\\/ahmet-zogu-kur-lavderohej-si-zoti-ne-toke\\\/\",\"url\":\"https:\\\/\\\/fjala.info\\\/2009-2015\\\/ahmet-zogu-kur-lavderohej-si-zoti-ne-toke\\\/\",\"name\":\"Ahmet Zogu, kur lavd\u00ebrohej si zoti n\u00eb tok\u00eb - FjALA e LIR\u00cb - Arkivi\",\"isPartOf\":{\"@id\":\"https:\\\/\\\/fjala.info\\\/2009-2015\\\/#website\"},\"primaryImageOfPage\":{\"@id\":\"https:\\\/\\\/fjala.info\\\/2009-2015\\\/ahmet-zogu-kur-lavderohej-si-zoti-ne-toke\\\/#primaryimage\"},\"image\":{\"@id\":\"https:\\\/\\\/fjala.info\\\/2009-2015\\\/ahmet-zogu-kur-lavderohej-si-zoti-ne-toke\\\/#primaryimage\"},\"thumbnailUrl\":\"http:\\\/\\\/www.fjala.info\\\/2012\\\/familja_zogut.jpg\",\"datePublished\":\"2012-10-01T20:56:58+00:00\",\"breadcrumb\":{\"@id\":\"https:\\\/\\\/fjala.info\\\/2009-2015\\\/ahmet-zogu-kur-lavderohej-si-zoti-ne-toke\\\/#breadcrumb\"},\"inLanguage\":\"sq-AL\",\"potentialAction\":[{\"@type\":\"ReadAction\",\"target\":[\"https:\\\/\\\/fjala.info\\\/2009-2015\\\/ahmet-zogu-kur-lavderohej-si-zoti-ne-toke\\\/\"]}]},{\"@type\":\"ImageObject\",\"inLanguage\":\"sq-AL\",\"@id\":\"https:\\\/\\\/fjala.info\\\/2009-2015\\\/ahmet-zogu-kur-lavderohej-si-zoti-ne-toke\\\/#primaryimage\",\"url\":\"http:\\\/\\\/www.fjala.info\\\/2012\\\/familja_zogut.jpg\",\"contentUrl\":\"http:\\\/\\\/www.fjala.info\\\/2012\\\/familja_zogut.jpg\"},{\"@type\":\"BreadcrumbList\",\"@id\":\"https:\\\/\\\/fjala.info\\\/2009-2015\\\/ahmet-zogu-kur-lavderohej-si-zoti-ne-toke\\\/#breadcrumb\",\"itemListElement\":[{\"@type\":\"ListItem\",\"position\":1,\"name\":\"Home\",\"item\":\"https:\\\/\\\/fjala.info\\\/2009-2015\\\/\"},{\"@type\":\"ListItem\",\"position\":2,\"name\":\"Ahmet Zogu, kur lavd\u00ebrohej si zoti n\u00eb tok\u00eb\"}]},{\"@type\":\"WebSite\",\"@id\":\"https:\\\/\\\/fjala.info\\\/2009-2015\\\/#website\",\"url\":\"https:\\\/\\\/fjala.info\\\/2009-2015\\\/\",\"name\":\"FjALA e LIR\u00cb - Arkivi\",\"description\":\"Arkivi 2009-2015\",\"publisher\":{\"@id\":\"https:\\\/\\\/fjala.info\\\/2009-2015\\\/#organization\"},\"potentialAction\":[{\"@type\":\"SearchAction\",\"target\":{\"@type\":\"EntryPoint\",\"urlTemplate\":\"https:\\\/\\\/fjala.info\\\/2009-2015\\\/?s={search_term_string}\"},\"query-input\":{\"@type\":\"PropertyValueSpecification\",\"valueRequired\":true,\"valueName\":\"search_term_string\"}}],\"inLanguage\":\"sq-AL\"},{\"@type\":\"Organization\",\"@id\":\"https:\\\/\\\/fjala.info\\\/2009-2015\\\/#organization\",\"name\":\"FjALA e LIR\u00cb - Arkivi\",\"url\":\"https:\\\/\\\/fjala.info\\\/2009-2015\\\/\",\"logo\":{\"@type\":\"ImageObject\",\"inLanguage\":\"sq-AL\",\"@id\":\"https:\\\/\\\/fjala.info\\\/2009-2015\\\/#\\\/schema\\\/logo\\\/image\\\/\",\"url\":\"\",\"contentUrl\":\"\",\"caption\":\"FjALA e LIR\u00cb - Arkivi\"},\"image\":{\"@id\":\"https:\\\/\\\/fjala.info\\\/2009-2015\\\/#\\\/schema\\\/logo\\\/image\\\/\"}},{\"@type\":\"Person\",\"@id\":\"https:\\\/\\\/fjala.info\\\/2009-2015\\\/#\\\/schema\\\/person\\\/3aa1163ef05469c496fc94e77611ada2\",\"name\":\"admin\",\"image\":{\"@type\":\"ImageObject\",\"inLanguage\":\"sq-AL\",\"@id\":\"https:\\\/\\\/fjala.info\\\/2009-2015\\\/wp-content\\\/uploads\\\/2012\\\/02\\\/arben_cokaj-120x150.jpg\",\"url\":\"https:\\\/\\\/fjala.info\\\/2009-2015\\\/wp-content\\\/uploads\\\/2012\\\/02\\\/arben_cokaj-120x150.jpg\",\"contentUrl\":\"https:\\\/\\\/fjala.info\\\/2009-2015\\\/wp-content\\\/uploads\\\/2012\\\/02\\\/arben_cokaj-120x150.jpg\",\"caption\":\"admin\"},\"description\":\"Admin, Fjala e Lir\u00eb\",\"sameAs\":[\"https:\\\/\\\/fjala.info\\\/\"],\"url\":\"https:\\\/\\\/fjala.info\\\/2009-2015\\\/author\\\/admin\\\/\"}]}<\/script>\n<!-- \/ Yoast SEO plugin. -->","yoast_head_json":{"title":"Ahmet Zogu, kur lavd\u00ebrohej si zoti n\u00eb tok\u00eb - FjALA e LIR\u00cb - Arkivi","robots":{"index":"index","follow":"follow","max-snippet":"max-snippet:-1","max-image-preview":"max-image-preview:large","max-video-preview":"max-video-preview:-1"},"canonical":"https:\/\/fjala.info\/2009-2015\/ahmet-zogu-kur-lavderohej-si-zoti-ne-toke\/","og_locale":"sq_AL","og_type":"article","og_title":"Ahmet Zogu, kur lavd\u00ebrohej si zoti n\u00eb tok\u00eb - FjALA e LIR\u00cb - Arkivi","og_description":"Gjergj Erebara, 3 Tetor 2012 Gjuha e kultit t\u00eb individit q\u00eb u form\u00ebzua gjat\u00eb koh\u00ebs s\u00eb Zogut, i ndoqi shqiptar\u00ebt gjat\u00eb koh\u00ebs s\u00eb komunizmit. Enver Hoxha kishte shum\u00eb gj\u00ebra p\u00ebr t\u00eb kopjuar nga Ahmet Zogu, p\u00ebrfshir\u00eb edhe sloganet e tij, t\u00eb cilat thjesht sa i p\u00ebrshtati p\u00ebr veten N\u00ebse ndokush mendon se shprehja \u201ct\u00eb na [&hellip;]","og_url":"https:\/\/fjala.info\/2009-2015\/ahmet-zogu-kur-lavderohej-si-zoti-ne-toke\/","og_site_name":"FjALA e LIR\u00cb - Arkivi","article_published_time":"2012-10-01T20:56:58+00:00","og_image":[{"url":"http:\/\/www.fjala.info\/2012\/familja_zogut.jpg","type":"","width":"","height":""}],"author":"admin","twitter_card":"summary_large_image","twitter_misc":{"Written by":"admin","Est. reading time":"8 minutes"},"schema":{"@context":"https:\/\/schema.org","@graph":[{"@type":"Article","@id":"https:\/\/fjala.info\/2009-2015\/ahmet-zogu-kur-lavderohej-si-zoti-ne-toke\/#article","isPartOf":{"@id":"https:\/\/fjala.info\/2009-2015\/ahmet-zogu-kur-lavderohej-si-zoti-ne-toke\/"},"author":{"name":"admin","@id":"https:\/\/fjala.info\/2009-2015\/#\/schema\/person\/3aa1163ef05469c496fc94e77611ada2"},"headline":"Ahmet Zogu, kur lavd\u00ebrohej si zoti n\u00eb tok\u00eb","datePublished":"2012-10-01T20:56:58+00:00","mainEntityOfPage":{"@id":"https:\/\/fjala.info\/2009-2015\/ahmet-zogu-kur-lavderohej-si-zoti-ne-toke\/"},"wordCount":1567,"commentCount":0,"publisher":{"@id":"https:\/\/fjala.info\/2009-2015\/#organization"},"image":{"@id":"https:\/\/fjala.info\/2009-2015\/ahmet-zogu-kur-lavderohej-si-zoti-ne-toke\/#primaryimage"},"thumbnailUrl":"http:\/\/www.fjala.info\/2012\/familja_zogut.jpg","articleSection":["Artikuj"],"inLanguage":"sq-AL","potentialAction":[{"@type":"CommentAction","name":"Comment","target":["https:\/\/fjala.info\/2009-2015\/ahmet-zogu-kur-lavderohej-si-zoti-ne-toke\/#respond"]}]},{"@type":"WebPage","@id":"https:\/\/fjala.info\/2009-2015\/ahmet-zogu-kur-lavderohej-si-zoti-ne-toke\/","url":"https:\/\/fjala.info\/2009-2015\/ahmet-zogu-kur-lavderohej-si-zoti-ne-toke\/","name":"Ahmet Zogu, kur lavd\u00ebrohej si zoti n\u00eb tok\u00eb - FjALA e LIR\u00cb - Arkivi","isPartOf":{"@id":"https:\/\/fjala.info\/2009-2015\/#website"},"primaryImageOfPage":{"@id":"https:\/\/fjala.info\/2009-2015\/ahmet-zogu-kur-lavderohej-si-zoti-ne-toke\/#primaryimage"},"image":{"@id":"https:\/\/fjala.info\/2009-2015\/ahmet-zogu-kur-lavderohej-si-zoti-ne-toke\/#primaryimage"},"thumbnailUrl":"http:\/\/www.fjala.info\/2012\/familja_zogut.jpg","datePublished":"2012-10-01T20:56:58+00:00","breadcrumb":{"@id":"https:\/\/fjala.info\/2009-2015\/ahmet-zogu-kur-lavderohej-si-zoti-ne-toke\/#breadcrumb"},"inLanguage":"sq-AL","potentialAction":[{"@type":"ReadAction","target":["https:\/\/fjala.info\/2009-2015\/ahmet-zogu-kur-lavderohej-si-zoti-ne-toke\/"]}]},{"@type":"ImageObject","inLanguage":"sq-AL","@id":"https:\/\/fjala.info\/2009-2015\/ahmet-zogu-kur-lavderohej-si-zoti-ne-toke\/#primaryimage","url":"http:\/\/www.fjala.info\/2012\/familja_zogut.jpg","contentUrl":"http:\/\/www.fjala.info\/2012\/familja_zogut.jpg"},{"@type":"BreadcrumbList","@id":"https:\/\/fjala.info\/2009-2015\/ahmet-zogu-kur-lavderohej-si-zoti-ne-toke\/#breadcrumb","itemListElement":[{"@type":"ListItem","position":1,"name":"Home","item":"https:\/\/fjala.info\/2009-2015\/"},{"@type":"ListItem","position":2,"name":"Ahmet Zogu, kur lavd\u00ebrohej si zoti n\u00eb tok\u00eb"}]},{"@type":"WebSite","@id":"https:\/\/fjala.info\/2009-2015\/#website","url":"https:\/\/fjala.info\/2009-2015\/","name":"FjALA e LIR\u00cb - Arkivi","description":"Arkivi 2009-2015","publisher":{"@id":"https:\/\/fjala.info\/2009-2015\/#organization"},"potentialAction":[{"@type":"SearchAction","target":{"@type":"EntryPoint","urlTemplate":"https:\/\/fjala.info\/2009-2015\/?s={search_term_string}"},"query-input":{"@type":"PropertyValueSpecification","valueRequired":true,"valueName":"search_term_string"}}],"inLanguage":"sq-AL"},{"@type":"Organization","@id":"https:\/\/fjala.info\/2009-2015\/#organization","name":"FjALA e LIR\u00cb - Arkivi","url":"https:\/\/fjala.info\/2009-2015\/","logo":{"@type":"ImageObject","inLanguage":"sq-AL","@id":"https:\/\/fjala.info\/2009-2015\/#\/schema\/logo\/image\/","url":"","contentUrl":"","caption":"FjALA e LIR\u00cb - Arkivi"},"image":{"@id":"https:\/\/fjala.info\/2009-2015\/#\/schema\/logo\/image\/"}},{"@type":"Person","@id":"https:\/\/fjala.info\/2009-2015\/#\/schema\/person\/3aa1163ef05469c496fc94e77611ada2","name":"admin","image":{"@type":"ImageObject","inLanguage":"sq-AL","@id":"https:\/\/fjala.info\/2009-2015\/wp-content\/uploads\/2012\/02\/arben_cokaj-120x150.jpg","url":"https:\/\/fjala.info\/2009-2015\/wp-content\/uploads\/2012\/02\/arben_cokaj-120x150.jpg","contentUrl":"https:\/\/fjala.info\/2009-2015\/wp-content\/uploads\/2012\/02\/arben_cokaj-120x150.jpg","caption":"admin"},"description":"Admin, Fjala e Lir\u00eb","sameAs":["https:\/\/fjala.info\/"],"url":"https:\/\/fjala.info\/2009-2015\/author\/admin\/"}]}},"_links":{"self":[{"href":"https:\/\/fjala.info\/2009-2015\/wp-json\/wp\/v2\/posts\/5259","targetHints":{"allow":["GET"]}}],"collection":[{"href":"https:\/\/fjala.info\/2009-2015\/wp-json\/wp\/v2\/posts"}],"about":[{"href":"https:\/\/fjala.info\/2009-2015\/wp-json\/wp\/v2\/types\/post"}],"author":[{"embeddable":true,"href":"https:\/\/fjala.info\/2009-2015\/wp-json\/wp\/v2\/users\/1"}],"replies":[{"embeddable":true,"href":"https:\/\/fjala.info\/2009-2015\/wp-json\/wp\/v2\/comments?post=5259"}],"version-history":[{"count":0,"href":"https:\/\/fjala.info\/2009-2015\/wp-json\/wp\/v2\/posts\/5259\/revisions"}],"wp:attachment":[{"href":"https:\/\/fjala.info\/2009-2015\/wp-json\/wp\/v2\/media?parent=5259"}],"wp:term":[{"taxonomy":"category","embeddable":true,"href":"https:\/\/fjala.info\/2009-2015\/wp-json\/wp\/v2\/categories?post=5259"},{"taxonomy":"post_tag","embeddable":true,"href":"https:\/\/fjala.info\/2009-2015\/wp-json\/wp\/v2\/tags?post=5259"}],"curies":[{"name":"wp","href":"https:\/\/api.w.org\/{rel}","templated":true}]}}