{"id":5254,"date":"2012-10-03T21:38:45","date_gmt":"2012-10-03T20:38:45","guid":{"rendered":"http:\/\/www.fjala.info\/?p=5254"},"modified":"2012-10-03T21:38:45","modified_gmt":"2012-10-03T20:38:45","slug":"krasniqi-kjo-legjislature-ka-dale-nga-zgjedhjet-e-vjedhura","status":"publish","type":"post","link":"https:\/\/fjala.info\/2009-2015\/krasniqi-kjo-legjislature-ka-dale-nga-zgjedhjet-e-vjedhura\/","title":{"rendered":"Krasniqi: Kjo legjislatur\u00eb ka dal\u00eb nga zgjedhjet e vjedhura"},"content":{"rendered":"<p><img decoding=\"async\" class=\"alignright size-thumbnail wp-image-7236\" title=\"Jakup Krasniqi\" src=\"http:\/\/www.fjala.info\/2012\/jakup_krasniqi.jpg\" alt=\"\" width=\"200\" \/> <strong>TemA<\/strong>, <em>3 Tetor 2012<\/em><\/p>\n<p>Privatizimi i nd\u00ebrmarrjeve publike n\u00eb Kosov\u00eb po diskutohet n\u00eb Kuvendin e Republik\u00ebs, diskutime k\u00ebto t\u00eb cilat po shoq\u00ebrohen edhe me debate t\u00eb nxehta nd\u00ebrmjet ligjv\u00ebn\u00ebsve.<\/p>\n<p>Kryetari i Kuvendit, Jakup Krasniqi, ka kund\u00ebrshtuar sot m\u00ebnyr\u00ebn e k\u00ebtij privatizimi, duke th\u00ebn\u00eb se autoritetet nuk kan\u00eb denjuar as t\u00eb b\u00ebjn\u00eb p\u00ebrpjekje p\u00ebr t\u00eb p\u00ebrmir\u00ebsuar mang\u00ebsit\u00eb e sh\u00ebnuara.<\/p>\n<p>Krasniqi madje ka th\u00ebn\u00eb se Kuvendi duhet t\u00eb k\u00ebrkoj\u00eb ndihm\u00eb nga Shtetet e Bashkuara dhe Bashkimi Evropian p\u00ebr t\u00eb nd\u00ebrprer\u00eb privatizimin, p\u00ebrderisa nuk forcohet sundimi i ligjit n\u00eb vend.<\/p>\n<p>\u201cMungesa e ligjeve t\u00eb mira, ekzistimi i lider\u00ebve mbi ligjin s\u00eb bashku me krimin e organizuar, jan\u00eb argumente t\u00eb fuqishme se privatizimi nuk po b\u00ebhet p\u00ebr t\u00eb mir\u00ebn e publikut\u201d, ka th\u00ebn\u00eb Krasniqi.<\/p>\n<p>Kjo legjislatur\u00eb, sipas tij, ka dal\u00eb nga zgjedhjet e vjedhura, institucionet pastaj kan\u00eb dal\u00eb prej atyre zgjedhjeve dhe si t\u00eb tilla nuk e kan\u00eb legjitimitetin e plot\u00eb p\u00ebr t\u00eb privatizuar pasurin\u00eb publike.<\/p>\n<p>Duke p\u00ebrmendur edhe rastin e p\u00ebrfolur p\u00ebr afera korruptive n\u00eb privatizimin e hotelit \u201cGrand\u201d, Krasniqi tha se ky rast ka d\u00ebshmuar se \u201cka pasur sekser\u00eb, t\u00eb cil\u00ebt kan\u00eb k\u00ebrkuar miliona para, por tash duhet k\u00ebrkuar kush \u00ebsht\u00eb boss-i privatizimit\u201d.<\/p>\n<p>\u201cDikush mund ta akuzoj\u00eb t\u00eb ndjerin Dino Asanaj, por ai nuk ka qen\u00eb aq i fort\u00eb, ai nuk ka pas truproja, q\u00eb t\u00eb jet\u00eb boss-i. Kush \u00ebsht\u00eb boss-i i v\u00ebrtet\u00eb? K\u00ebt\u00eb duhet ta tregoj\u00eb gjyq\u00ebsia dhe hetuesia\u201d, ka th\u00ebn\u00eb Krasniqi. \/REL\/<\/p>\n","protected":false},"excerpt":{"rendered":"<p>TemA, 3 Tetor 2012 Privatizimi i nd\u00ebrmarrjeve publike n\u00eb Kosov\u00eb po diskutohet n\u00eb Kuvendin e Republik\u00ebs, diskutime k\u00ebto t\u00eb cilat po shoq\u00ebrohen edhe me debate t\u00eb nxehta nd\u00ebrmjet ligjv\u00ebn\u00ebsve. Kryetari i Kuvendit, Jakup Krasniqi, ka kund\u00ebrshtuar sot m\u00ebnyr\u00ebn e k\u00ebtij privatizimi, duke th\u00ebn\u00eb se autoritetet nuk kan\u00eb denjuar as t\u00eb b\u00ebjn\u00eb p\u00ebrpjekje p\u00ebr t\u00eb p\u00ebrmir\u00ebsuar [&hellip;]<\/p>\n","protected":false},"author":1,"featured_media":0,"comment_status":"open","ping_status":"closed","sticky":false,"template":"","format":"standard","meta":{"footnotes":""},"categories":[2],"tags":[],"class_list":{"0":"post-5254","1":"post","2":"type-post","3":"status-publish","4":"format-standard","6":"category-artikuj"},"yoast_head":"<!-- This site is optimized with the Yoast SEO plugin v27.4 - https:\/\/yoast.com\/product\/yoast-seo-wordpress\/ -->\n<title>Krasniqi: Kjo legjislatur\u00eb ka dal\u00eb nga zgjedhjet e vjedhura - FjALA e LIR\u00cb - Arkivi<\/title>\n<meta name=\"robots\" content=\"index, follow, max-snippet:-1, max-image-preview:large, max-video-preview:-1\" \/>\n<link rel=\"canonical\" href=\"https:\/\/fjala.info\/2009-2015\/krasniqi-kjo-legjislature-ka-dale-nga-zgjedhjet-e-vjedhura\/\" \/>\n<meta property=\"og:locale\" content=\"sq_AL\" \/>\n<meta property=\"og:type\" content=\"article\" \/>\n<meta property=\"og:title\" content=\"Krasniqi: Kjo legjislatur\u00eb ka dal\u00eb nga zgjedhjet e vjedhura - FjALA e LIR\u00cb - Arkivi\" \/>\n<meta property=\"og:description\" content=\"TemA, 3 Tetor 2012 Privatizimi i nd\u00ebrmarrjeve publike n\u00eb Kosov\u00eb po diskutohet n\u00eb Kuvendin e Republik\u00ebs, diskutime k\u00ebto t\u00eb cilat po shoq\u00ebrohen edhe me debate t\u00eb nxehta nd\u00ebrmjet ligjv\u00ebn\u00ebsve. Kryetari i Kuvendit, Jakup Krasniqi, ka kund\u00ebrshtuar sot m\u00ebnyr\u00ebn e k\u00ebtij privatizimi, duke th\u00ebn\u00eb se autoritetet nuk kan\u00eb denjuar as t\u00eb b\u00ebjn\u00eb p\u00ebrpjekje p\u00ebr t\u00eb p\u00ebrmir\u00ebsuar [&hellip;]\" \/>\n<meta property=\"og:url\" content=\"https:\/\/fjala.info\/2009-2015\/krasniqi-kjo-legjislature-ka-dale-nga-zgjedhjet-e-vjedhura\/\" \/>\n<meta property=\"og:site_name\" content=\"FjALA e LIR\u00cb - Arkivi\" \/>\n<meta property=\"article:published_time\" content=\"2012-10-03T20:38:45+00:00\" \/>\n<meta property=\"og:image\" content=\"http:\/\/www.fjala.info\/2012\/jakup_krasniqi.jpg\" \/>\n<meta name=\"author\" content=\"admin\" \/>\n<meta name=\"twitter:card\" content=\"summary_large_image\" \/>\n<meta name=\"twitter:label1\" content=\"Written by\" \/>\n\t<meta name=\"twitter:data1\" content=\"admin\" \/>\n\t<meta name=\"twitter:label2\" content=\"Est. reading time\" \/>\n\t<meta name=\"twitter:data2\" content=\"1 minute\" \/>\n<script type=\"application\/ld+json\" class=\"yoast-schema-graph\">{\"@context\":\"https:\\\/\\\/schema.org\",\"@graph\":[{\"@type\":\"Article\",\"@id\":\"https:\\\/\\\/fjala.info\\\/2009-2015\\\/krasniqi-kjo-legjislature-ka-dale-nga-zgjedhjet-e-vjedhura\\\/#article\",\"isPartOf\":{\"@id\":\"https:\\\/\\\/fjala.info\\\/2009-2015\\\/krasniqi-kjo-legjislature-ka-dale-nga-zgjedhjet-e-vjedhura\\\/\"},\"author\":{\"name\":\"admin\",\"@id\":\"https:\\\/\\\/fjala.info\\\/2009-2015\\\/#\\\/schema\\\/person\\\/3aa1163ef05469c496fc94e77611ada2\"},\"headline\":\"Krasniqi: Kjo legjislatur\u00eb ka dal\u00eb nga zgjedhjet e vjedhura\",\"datePublished\":\"2012-10-03T20:38:45+00:00\",\"mainEntityOfPage\":{\"@id\":\"https:\\\/\\\/fjala.info\\\/2009-2015\\\/krasniqi-kjo-legjislature-ka-dale-nga-zgjedhjet-e-vjedhura\\\/\"},\"wordCount\":280,\"commentCount\":0,\"publisher\":{\"@id\":\"https:\\\/\\\/fjala.info\\\/2009-2015\\\/#organization\"},\"image\":{\"@id\":\"https:\\\/\\\/fjala.info\\\/2009-2015\\\/krasniqi-kjo-legjislature-ka-dale-nga-zgjedhjet-e-vjedhura\\\/#primaryimage\"},\"thumbnailUrl\":\"http:\\\/\\\/www.fjala.info\\\/2012\\\/jakup_krasniqi.jpg\",\"articleSection\":[\"Artikuj\"],\"inLanguage\":\"sq-AL\",\"potentialAction\":[{\"@type\":\"CommentAction\",\"name\":\"Comment\",\"target\":[\"https:\\\/\\\/fjala.info\\\/2009-2015\\\/krasniqi-kjo-legjislature-ka-dale-nga-zgjedhjet-e-vjedhura\\\/#respond\"]}]},{\"@type\":\"WebPage\",\"@id\":\"https:\\\/\\\/fjala.info\\\/2009-2015\\\/krasniqi-kjo-legjislature-ka-dale-nga-zgjedhjet-e-vjedhura\\\/\",\"url\":\"https:\\\/\\\/fjala.info\\\/2009-2015\\\/krasniqi-kjo-legjislature-ka-dale-nga-zgjedhjet-e-vjedhura\\\/\",\"name\":\"Krasniqi: Kjo legjislatur\u00eb ka dal\u00eb nga zgjedhjet e vjedhura - FjALA e LIR\u00cb - Arkivi\",\"isPartOf\":{\"@id\":\"https:\\\/\\\/fjala.info\\\/2009-2015\\\/#website\"},\"primaryImageOfPage\":{\"@id\":\"https:\\\/\\\/fjala.info\\\/2009-2015\\\/krasniqi-kjo-legjislature-ka-dale-nga-zgjedhjet-e-vjedhura\\\/#primaryimage\"},\"image\":{\"@id\":\"https:\\\/\\\/fjala.info\\\/2009-2015\\\/krasniqi-kjo-legjislature-ka-dale-nga-zgjedhjet-e-vjedhura\\\/#primaryimage\"},\"thumbnailUrl\":\"http:\\\/\\\/www.fjala.info\\\/2012\\\/jakup_krasniqi.jpg\",\"datePublished\":\"2012-10-03T20:38:45+00:00\",\"breadcrumb\":{\"@id\":\"https:\\\/\\\/fjala.info\\\/2009-2015\\\/krasniqi-kjo-legjislature-ka-dale-nga-zgjedhjet-e-vjedhura\\\/#breadcrumb\"},\"inLanguage\":\"sq-AL\",\"potentialAction\":[{\"@type\":\"ReadAction\",\"target\":[\"https:\\\/\\\/fjala.info\\\/2009-2015\\\/krasniqi-kjo-legjislature-ka-dale-nga-zgjedhjet-e-vjedhura\\\/\"]}]},{\"@type\":\"ImageObject\",\"inLanguage\":\"sq-AL\",\"@id\":\"https:\\\/\\\/fjala.info\\\/2009-2015\\\/krasniqi-kjo-legjislature-ka-dale-nga-zgjedhjet-e-vjedhura\\\/#primaryimage\",\"url\":\"http:\\\/\\\/www.fjala.info\\\/2012\\\/jakup_krasniqi.jpg\",\"contentUrl\":\"http:\\\/\\\/www.fjala.info\\\/2012\\\/jakup_krasniqi.jpg\"},{\"@type\":\"BreadcrumbList\",\"@id\":\"https:\\\/\\\/fjala.info\\\/2009-2015\\\/krasniqi-kjo-legjislature-ka-dale-nga-zgjedhjet-e-vjedhura\\\/#breadcrumb\",\"itemListElement\":[{\"@type\":\"ListItem\",\"position\":1,\"name\":\"Home\",\"item\":\"https:\\\/\\\/fjala.info\\\/2009-2015\\\/\"},{\"@type\":\"ListItem\",\"position\":2,\"name\":\"Krasniqi: Kjo legjislatur\u00eb ka dal\u00eb nga zgjedhjet e vjedhura\"}]},{\"@type\":\"WebSite\",\"@id\":\"https:\\\/\\\/fjala.info\\\/2009-2015\\\/#website\",\"url\":\"https:\\\/\\\/fjala.info\\\/2009-2015\\\/\",\"name\":\"FjALA e LIR\u00cb - Arkivi\",\"description\":\"Arkivi 2009-2015\",\"publisher\":{\"@id\":\"https:\\\/\\\/fjala.info\\\/2009-2015\\\/#organization\"},\"potentialAction\":[{\"@type\":\"SearchAction\",\"target\":{\"@type\":\"EntryPoint\",\"urlTemplate\":\"https:\\\/\\\/fjala.info\\\/2009-2015\\\/?s={search_term_string}\"},\"query-input\":{\"@type\":\"PropertyValueSpecification\",\"valueRequired\":true,\"valueName\":\"search_term_string\"}}],\"inLanguage\":\"sq-AL\"},{\"@type\":\"Organization\",\"@id\":\"https:\\\/\\\/fjala.info\\\/2009-2015\\\/#organization\",\"name\":\"FjALA e LIR\u00cb - Arkivi\",\"url\":\"https:\\\/\\\/fjala.info\\\/2009-2015\\\/\",\"logo\":{\"@type\":\"ImageObject\",\"inLanguage\":\"sq-AL\",\"@id\":\"https:\\\/\\\/fjala.info\\\/2009-2015\\\/#\\\/schema\\\/logo\\\/image\\\/\",\"url\":\"\",\"contentUrl\":\"\",\"caption\":\"FjALA e LIR\u00cb - Arkivi\"},\"image\":{\"@id\":\"https:\\\/\\\/fjala.info\\\/2009-2015\\\/#\\\/schema\\\/logo\\\/image\\\/\"}},{\"@type\":\"Person\",\"@id\":\"https:\\\/\\\/fjala.info\\\/2009-2015\\\/#\\\/schema\\\/person\\\/3aa1163ef05469c496fc94e77611ada2\",\"name\":\"admin\",\"image\":{\"@type\":\"ImageObject\",\"inLanguage\":\"sq-AL\",\"@id\":\"https:\\\/\\\/fjala.info\\\/2009-2015\\\/wp-content\\\/uploads\\\/2012\\\/02\\\/arben_cokaj-120x150.jpg\",\"url\":\"https:\\\/\\\/fjala.info\\\/2009-2015\\\/wp-content\\\/uploads\\\/2012\\\/02\\\/arben_cokaj-120x150.jpg\",\"contentUrl\":\"https:\\\/\\\/fjala.info\\\/2009-2015\\\/wp-content\\\/uploads\\\/2012\\\/02\\\/arben_cokaj-120x150.jpg\",\"caption\":\"admin\"},\"description\":\"Admin, Fjala e Lir\u00eb\",\"sameAs\":[\"https:\\\/\\\/fjala.info\\\/\"],\"url\":\"https:\\\/\\\/fjala.info\\\/2009-2015\\\/author\\\/admin\\\/\"}]}<\/script>\n<!-- \/ Yoast SEO plugin. -->","yoast_head_json":{"title":"Krasniqi: Kjo legjislatur\u00eb ka dal\u00eb nga zgjedhjet e vjedhura - FjALA e LIR\u00cb - Arkivi","robots":{"index":"index","follow":"follow","max-snippet":"max-snippet:-1","max-image-preview":"max-image-preview:large","max-video-preview":"max-video-preview:-1"},"canonical":"https:\/\/fjala.info\/2009-2015\/krasniqi-kjo-legjislature-ka-dale-nga-zgjedhjet-e-vjedhura\/","og_locale":"sq_AL","og_type":"article","og_title":"Krasniqi: Kjo legjislatur\u00eb ka dal\u00eb nga zgjedhjet e vjedhura - FjALA e LIR\u00cb - Arkivi","og_description":"TemA, 3 Tetor 2012 Privatizimi i nd\u00ebrmarrjeve publike n\u00eb Kosov\u00eb po diskutohet n\u00eb Kuvendin e Republik\u00ebs, diskutime k\u00ebto t\u00eb cilat po shoq\u00ebrohen edhe me debate t\u00eb nxehta nd\u00ebrmjet ligjv\u00ebn\u00ebsve. Kryetari i Kuvendit, Jakup Krasniqi, ka kund\u00ebrshtuar sot m\u00ebnyr\u00ebn e k\u00ebtij privatizimi, duke th\u00ebn\u00eb se autoritetet nuk kan\u00eb denjuar as t\u00eb b\u00ebjn\u00eb p\u00ebrpjekje p\u00ebr t\u00eb p\u00ebrmir\u00ebsuar [&hellip;]","og_url":"https:\/\/fjala.info\/2009-2015\/krasniqi-kjo-legjislature-ka-dale-nga-zgjedhjet-e-vjedhura\/","og_site_name":"FjALA e LIR\u00cb - Arkivi","article_published_time":"2012-10-03T20:38:45+00:00","og_image":[{"url":"http:\/\/www.fjala.info\/2012\/jakup_krasniqi.jpg","type":"","width":"","height":""}],"author":"admin","twitter_card":"summary_large_image","twitter_misc":{"Written by":"admin","Est. reading time":"1 minute"},"schema":{"@context":"https:\/\/schema.org","@graph":[{"@type":"Article","@id":"https:\/\/fjala.info\/2009-2015\/krasniqi-kjo-legjislature-ka-dale-nga-zgjedhjet-e-vjedhura\/#article","isPartOf":{"@id":"https:\/\/fjala.info\/2009-2015\/krasniqi-kjo-legjislature-ka-dale-nga-zgjedhjet-e-vjedhura\/"},"author":{"name":"admin","@id":"https:\/\/fjala.info\/2009-2015\/#\/schema\/person\/3aa1163ef05469c496fc94e77611ada2"},"headline":"Krasniqi: Kjo legjislatur\u00eb ka dal\u00eb nga zgjedhjet e vjedhura","datePublished":"2012-10-03T20:38:45+00:00","mainEntityOfPage":{"@id":"https:\/\/fjala.info\/2009-2015\/krasniqi-kjo-legjislature-ka-dale-nga-zgjedhjet-e-vjedhura\/"},"wordCount":280,"commentCount":0,"publisher":{"@id":"https:\/\/fjala.info\/2009-2015\/#organization"},"image":{"@id":"https:\/\/fjala.info\/2009-2015\/krasniqi-kjo-legjislature-ka-dale-nga-zgjedhjet-e-vjedhura\/#primaryimage"},"thumbnailUrl":"http:\/\/www.fjala.info\/2012\/jakup_krasniqi.jpg","articleSection":["Artikuj"],"inLanguage":"sq-AL","potentialAction":[{"@type":"CommentAction","name":"Comment","target":["https:\/\/fjala.info\/2009-2015\/krasniqi-kjo-legjislature-ka-dale-nga-zgjedhjet-e-vjedhura\/#respond"]}]},{"@type":"WebPage","@id":"https:\/\/fjala.info\/2009-2015\/krasniqi-kjo-legjislature-ka-dale-nga-zgjedhjet-e-vjedhura\/","url":"https:\/\/fjala.info\/2009-2015\/krasniqi-kjo-legjislature-ka-dale-nga-zgjedhjet-e-vjedhura\/","name":"Krasniqi: Kjo legjislatur\u00eb ka dal\u00eb nga zgjedhjet e vjedhura - FjALA e LIR\u00cb - Arkivi","isPartOf":{"@id":"https:\/\/fjala.info\/2009-2015\/#website"},"primaryImageOfPage":{"@id":"https:\/\/fjala.info\/2009-2015\/krasniqi-kjo-legjislature-ka-dale-nga-zgjedhjet-e-vjedhura\/#primaryimage"},"image":{"@id":"https:\/\/fjala.info\/2009-2015\/krasniqi-kjo-legjislature-ka-dale-nga-zgjedhjet-e-vjedhura\/#primaryimage"},"thumbnailUrl":"http:\/\/www.fjala.info\/2012\/jakup_krasniqi.jpg","datePublished":"2012-10-03T20:38:45+00:00","breadcrumb":{"@id":"https:\/\/fjala.info\/2009-2015\/krasniqi-kjo-legjislature-ka-dale-nga-zgjedhjet-e-vjedhura\/#breadcrumb"},"inLanguage":"sq-AL","potentialAction":[{"@type":"ReadAction","target":["https:\/\/fjala.info\/2009-2015\/krasniqi-kjo-legjislature-ka-dale-nga-zgjedhjet-e-vjedhura\/"]}]},{"@type":"ImageObject","inLanguage":"sq-AL","@id":"https:\/\/fjala.info\/2009-2015\/krasniqi-kjo-legjislature-ka-dale-nga-zgjedhjet-e-vjedhura\/#primaryimage","url":"http:\/\/www.fjala.info\/2012\/jakup_krasniqi.jpg","contentUrl":"http:\/\/www.fjala.info\/2012\/jakup_krasniqi.jpg"},{"@type":"BreadcrumbList","@id":"https:\/\/fjala.info\/2009-2015\/krasniqi-kjo-legjislature-ka-dale-nga-zgjedhjet-e-vjedhura\/#breadcrumb","itemListElement":[{"@type":"ListItem","position":1,"name":"Home","item":"https:\/\/fjala.info\/2009-2015\/"},{"@type":"ListItem","position":2,"name":"Krasniqi: Kjo legjislatur\u00eb ka dal\u00eb nga zgjedhjet e vjedhura"}]},{"@type":"WebSite","@id":"https:\/\/fjala.info\/2009-2015\/#website","url":"https:\/\/fjala.info\/2009-2015\/","name":"FjALA e LIR\u00cb - Arkivi","description":"Arkivi 2009-2015","publisher":{"@id":"https:\/\/fjala.info\/2009-2015\/#organization"},"potentialAction":[{"@type":"SearchAction","target":{"@type":"EntryPoint","urlTemplate":"https:\/\/fjala.info\/2009-2015\/?s={search_term_string}"},"query-input":{"@type":"PropertyValueSpecification","valueRequired":true,"valueName":"search_term_string"}}],"inLanguage":"sq-AL"},{"@type":"Organization","@id":"https:\/\/fjala.info\/2009-2015\/#organization","name":"FjALA e LIR\u00cb - Arkivi","url":"https:\/\/fjala.info\/2009-2015\/","logo":{"@type":"ImageObject","inLanguage":"sq-AL","@id":"https:\/\/fjala.info\/2009-2015\/#\/schema\/logo\/image\/","url":"","contentUrl":"","caption":"FjALA e LIR\u00cb - Arkivi"},"image":{"@id":"https:\/\/fjala.info\/2009-2015\/#\/schema\/logo\/image\/"}},{"@type":"Person","@id":"https:\/\/fjala.info\/2009-2015\/#\/schema\/person\/3aa1163ef05469c496fc94e77611ada2","name":"admin","image":{"@type":"ImageObject","inLanguage":"sq-AL","@id":"https:\/\/fjala.info\/2009-2015\/wp-content\/uploads\/2012\/02\/arben_cokaj-120x150.jpg","url":"https:\/\/fjala.info\/2009-2015\/wp-content\/uploads\/2012\/02\/arben_cokaj-120x150.jpg","contentUrl":"https:\/\/fjala.info\/2009-2015\/wp-content\/uploads\/2012\/02\/arben_cokaj-120x150.jpg","caption":"admin"},"description":"Admin, Fjala e Lir\u00eb","sameAs":["https:\/\/fjala.info\/"],"url":"https:\/\/fjala.info\/2009-2015\/author\/admin\/"}]}},"_links":{"self":[{"href":"https:\/\/fjala.info\/2009-2015\/wp-json\/wp\/v2\/posts\/5254","targetHints":{"allow":["GET"]}}],"collection":[{"href":"https:\/\/fjala.info\/2009-2015\/wp-json\/wp\/v2\/posts"}],"about":[{"href":"https:\/\/fjala.info\/2009-2015\/wp-json\/wp\/v2\/types\/post"}],"author":[{"embeddable":true,"href":"https:\/\/fjala.info\/2009-2015\/wp-json\/wp\/v2\/users\/1"}],"replies":[{"embeddable":true,"href":"https:\/\/fjala.info\/2009-2015\/wp-json\/wp\/v2\/comments?post=5254"}],"version-history":[{"count":0,"href":"https:\/\/fjala.info\/2009-2015\/wp-json\/wp\/v2\/posts\/5254\/revisions"}],"wp:attachment":[{"href":"https:\/\/fjala.info\/2009-2015\/wp-json\/wp\/v2\/media?parent=5254"}],"wp:term":[{"taxonomy":"category","embeddable":true,"href":"https:\/\/fjala.info\/2009-2015\/wp-json\/wp\/v2\/categories?post=5254"},{"taxonomy":"post_tag","embeddable":true,"href":"https:\/\/fjala.info\/2009-2015\/wp-json\/wp\/v2\/tags?post=5254"}],"curies":[{"name":"wp","href":"https:\/\/api.w.org\/{rel}","templated":true}]}}