{"id":5253,"date":"2010-12-18T21:47:37","date_gmt":"2010-12-18T20:47:37","guid":{"rendered":"http:\/\/fjala.shkoder.net\/?p=5253"},"modified":"2010-12-18T21:47:37","modified_gmt":"2010-12-18T20:47:37","slug":"debatet-dhe-kuletat","status":"publish","type":"post","link":"https:\/\/fjala.info\/2009-2015\/debatet-dhe-kuletat\/","title":{"rendered":"DEBATET DHE KULETAT"},"content":{"rendered":"<p><img loading=\"lazy\" decoding=\"async\" class=\"alignright size-thumbnail wp-image-4274\" title=\"Kim Mehmeti\" src=\"http:\/\/fjala.shkoder.net\/wp-content\/uploads\/2010\/10\/kim_mehmeti-150x150.jpg\" alt=\"\" width=\"150\" height=\"150\" \/><br \/>\n<strong>Kim Mehmeti<\/strong><\/p>\n<p>Net\u00ebt e dhjetorit n\u00eb Shkup jan\u00eb t\u00eb ngath\u00ebta. Dhe qyteti ngjan n\u00eb vendbanim ku \u00e7do gj\u00eb i \u00ebsht\u00eb dor\u00ebzuar acarit, ku edhe zhurma rinore \u00ebsht\u00eb heshtur dhe mbyllur diku pas mureve. N\u00ebp\u00ebr qendrat tregtare t\u00eb qytetit, dominojn\u00eb thirrjet e t\u00eb rinjve shqiptar\u00eb dhe ke p\u00ebrshtypjen se n\u00eb k\u00ebt\u00eb qytet maqedonasit jan\u00eb banor\u00eb pakic\u00eb p\u00ebr nga numri. Ashtu \u00ebsht\u00eb edhe te qendra e re tregtare dhe administrative \u201cSoravia\u201d: n\u00eb katet e saj t\u00eb poshtme, aty ku jan\u00eb dyqanet e shumta, sheh plot t\u00eb rinj shqiptar\u00eb me duart n\u00eb xhepa dhe nuk e kupton se vall\u00eb kan\u00eb dal\u00eb p\u00ebr t\u00eb bler\u00eb di\u00e7ka, apo vet\u00ebm sa t\u2019i shp\u00ebtojn\u00eb t\u00eb ftohtit. Duke i par\u00eb se si sillen rreth e rrotull boshtit t\u00eb pamund\u00ebsis\u00eb s\u00eb vet q\u00eb me di\u00e7ka t\u2019i mbushin net\u00ebt e ftohta t\u00eb dhjetorit dhe t\u2019i shp\u00ebtojn\u00eb t\u00eb ftohtit, nuk ke si mos e pyes\u00ebsh veten se ku jan\u00eb bashk\u00ebmoshatar\u00ebt e tyre maqedonas, \u00e7\u2019b\u00ebjn\u00eb ata n\u00eb ato or\u00eb t\u00eb nat\u00ebs.<\/p>\n<p>P\u00ebrgjigjen e k\u00ebsaj pyetje mund ta marr\u00ebsh n\u00eb t\u00eb nj\u00ebjt\u00ebn godin\u00eb t\u00eb \u201cSoravias\u201d, por n\u00eb katin e nj\u00ebmb\u00ebdhjet\u00eb t\u00eb saj, aty ku salla \u00ebsht\u00eb e mbushur p\u00ebrplot me t\u00eb rinj maqedonas, aty ku zhvillohet nj\u00eb debat interesant p\u00ebr projektin \u201cShkupi 2014\u201d. Dhe n\u00eb at\u00eb sall\u00eb \u00e7do gj\u00eb \u00ebsht\u00eb e organizuar mir\u00eb, me pjes\u00ebmarr\u00ebs partiak t\u00eb opozit\u00ebs dhe pozit\u00ebs, si dhe me fol\u00ebs t\u00eb cil\u00ebsuar si t\u00eb \u201cpavarur\u201d. Pra, p\u00ebrfaq\u00ebsuesi i VMRO-DPMNE-s\u00eb n\u00eb pushtet, e mbron projektin qeveritar p\u00ebr ngritjen e p\u00ebrmendoreve n\u00eb sheshin e Shkupit, nd\u00ebrkaq ai i Lidhjes Socialdemokrate opozitare i shpalos argumentet kund\u00ebr k\u00ebtij projekti.<\/p>\n<p>Dy t\u00eb pavarurit, si njer\u00ebz t\u00eb artit, me fjalorin e tyre t\u00eb kund\u00ebrt nga ai i politik\u00ebs, rr\u00ebfejn\u00eb p\u00ebr p\u00ebrmendoret dhe njer\u00ebzit, si dhe p\u00ebr sunduesit, t\u00eb cil\u00ebt duke u ngritur shtatore t\u00eb tjer\u00ebve, n\u00eb t\u00eb v\u00ebrtet, duan t\u2019i nd\u00ebrtojn\u00eb obelisk\u00eb vetvetes. Pastaj e marrin fjal\u00ebn t\u00eb rinjt\u00eb, t\u00eb cil\u00ebt shtrojn\u00eb pyetje apo i komentojn\u00eb q\u00ebndrimet e fol\u00ebsve kryesor\u00eb n\u00eb k\u00ebt\u00eb debat dhe nuk mund mos ua kesh zili sa mir\u00eb e ushtrojn\u00eb mjesht\u00ebrin\u00eb oratorike, sa rrug\u00eb t\u00eb mir\u00eb kan\u00eb zgjedhur q\u00eb t\u00eb forcojn\u00eb boshtin e tyre intelektual.<\/p>\n<p>Ata p\u00ebr asnj\u00eb \u00e7ast nuk ndiejn\u00eb ndrojtje apo inferioritet ndaj debatuesve kryesor\u00eb dhe bie n\u00eb sy se organizator\u00ebt e k\u00ebtij debati, edhe nuk e kan\u00eb gjithaq t\u00eb r\u00ebnd\u00ebsishme tem\u00ebn p\u00ebr t\u00eb cil\u00ebn flitet, se atyre nuk u jan\u00eb t\u00eb r\u00ebnd\u00ebsish\u00ebm as debatuesit q\u00eb i prijn\u00eb k\u00ebsaj bisede, por t\u00eb rinjt\u00eb, ata p\u00ebr t\u00eb cil\u00ebt \u00ebsht\u00eb organizuar ky debat edhe at\u00eb jo vet\u00ebm sa p\u00ebr t\u00eb pasur ku ta kalojn\u00eb nj\u00eb nat\u00eb t\u00eb ftoht\u00eb dhjetori, por edhe q\u00eb t\u00eb ken\u00eb ku t\u2019i sforcojn\u00eb \u201cmuskujt\u201d mendor\u00eb dhe ata debatues.<\/p>\n<p>Ajo q\u00eb bie n\u00eb sy gjat\u00eb k\u00ebtij debati, \u00ebsht\u00eb respekti i nd\u00ebrsjell\u00eb, si mes debatuesve partiak\u00eb, po ashtu edhe mes t\u00eb rinjve q\u00eb kan\u00eb mbushur sall\u00ebn dhe nuk e fshehin emblem\u00ebn partiake q\u00eb mbrojn\u00eb. Debatuesit partiak\u00eb me t\u00eb nj\u00ebjtin p\u00ebrkushtim d\u00ebgjojn\u00eb edhe t\u00eb rinjt\u00eb e taborit t\u00eb vet\u00eb edhe ata t\u00eb kund\u00ebrshtarit politik, ngaq\u00eb e din\u00eb se rinia \u00ebsht\u00eb parajsa e k\u00ebsaj bote e popullit t\u00eb tyre dhe se n\u00eb at\u00eb parajs\u00eb nuk duhet mbjell\u00eb mosdurimi nd\u00ebrpartiak, por duhet ruajtur si t\u00ebr\u00ebsi ku do lul\u00ebzoj\u00eb e ardhmja e popullit t\u00eb tyre.<\/p>\n<p>Ata debatojn\u00eb qet\u00eb e lirsh\u00ebm, ngaq\u00eb kan\u00eb edhe pushtet edhe shtet, ngaq\u00eb projektet e partive t\u00eb tyre me asgj\u00eb nuk jan\u00eb t\u00eb kusht\u00ebzuara nga partner\u00ebt shqiptar\u00eb n\u00eb qeverin\u00eb e Maqedonis\u00eb dhe ngaq\u00eb interesi i shtetit thuajse me gjith\u00e7ka \u00ebsht\u00eb barazuar me interesin e popullit maqedonas. Pra ata debatojn\u00eb shtruar e lirsh\u00ebm, jo pse jan\u00eb m\u00eb orator\u00eb e m\u00eb t\u00eb shkatht\u00eb se t\u00eb rinjt\u00eb shqiptar\u00eb, por pse ndihen zot sht\u00ebpie, ngaq\u00eb e din\u00eb se cila do parti e tyre t\u00eb jet\u00eb n\u00eb pushtet, ata do i kontrollojn\u00eb t\u00eb gjitha institucionet e shtetit dhe pa nd\u00ebrhyrjen e t\u00eb tjer\u00ebve do vendosin p\u00ebr t\u00eb ardhmen e vet.<\/p>\n<p>K\u00ebshtu q\u00eb s\u2019ke si mos e nd\u00ebrmend\u00ebsh at\u00eb q\u00eb kurr\u00eb nuk mund ta b\u00ebjn\u00eb p\u00ebrfaq\u00ebsuesit e partive t\u00eb k\u00ebtushme shqiptare: q\u00eb bashk\u00ebrisht, duke mbledhur rreth vetes t\u00eb rinjt\u00eb e t\u00eb gjitha ngjyrave partiake, t\u00eb debatojn\u00eb p\u00ebr projektet e programet e veta politike, me \u00e7ka nj\u00ebkoh\u00ebsisht do kultivojn\u00eb debatin tolerant, at\u00eb q\u00eb nuk \u00ebsht\u00eb p\u00ebrjashtues, por q\u00eb afirmon mendimin e lir\u00eb, i cili \u00ebsht\u00eb parashenj\u00eb q\u00eb identifikon sh\u00ebndetin demokratik t\u00eb nj\u00eb shoq\u00ebrie. Dhe k\u00ebt\u00eb ato kurr\u00eb nuk dot mund ta b\u00ebjn\u00eb ngaq\u00eb luftojn\u00eb p\u00ebr pushtet duke mos pasur shtet, ngaq\u00eb nuk ia dol\u00ebn q\u00eb interesin e popullit t\u00eb tyre ta b\u00ebjn\u00eb pjes\u00eb t\u00eb t\u00ebr\u00ebsis\u00eb s\u00eb interesit shtet\u00ebror dhe ngaq\u00eb realizimi i projekteve t\u00eb tyre, gjithmon\u00eb varet nga sunduesi maqedonas t\u00eb cilit i sh\u00ebrbejn\u00eb.<\/p>\n<p>Pas p\u00ebrfundimit t\u00eb debatit, vazhdojn\u00eb bised\u00ebn me gotat n\u00eb duar dhe me tingujt e muzik\u00ebs. Tani m\u00eb \u00e7do gj\u00eb i dor\u00ebzohet disponimit rinor, gazmendit dhe hares\u00eb, ngjyrat partiake tani m\u00eb kan\u00eb humbur kuptimin e tyre, ato ngjyra jan\u00eb derdhur n\u00eb shum\u00ebngjyrshm\u00ebrin\u00eb e bindjes se nj\u00eb popull q\u00eb nuk kujdeset p\u00ebr rinin\u00eb e vet, \u00ebsht\u00eb duke nd\u00ebrtuar vet\u00ebm nj\u00eb p\u00ebrmendore: at\u00eb t\u00eb d\u00ebshtimit t\u00eb plot\u00eb. P\u00ebrmendore t\u00eb cil\u00ebn mbase edhe pa dashje dhe shkaku i injoranc\u00ebs politike, e nd\u00ebrtojn\u00eb partit\u00eb e k\u00ebtushme shqiptare, t\u00eb cilat, duke e kuptuar kund\u00ebrshtarin politik si armik t\u00eb cilin duhet shfarosur, edhe rinin\u00eb e k\u00ebtushme shqiptare e ndan\u00eb n\u00eb pjes\u00ebn e privilegjuar t\u00eb saj p\u00ebr t\u00eb cil\u00ebn kujdeset partia n\u00eb pushtet dhe ata t\u00eb tjer\u00ebt q\u00eb duhet nd\u00ebshkuar shkaku i p\u00ebrcaktimit t\u00eb tyre t\u00eb \u201cgabuar\u201d partiak.<\/p>\n<p>Net\u00ebt e dhjetorit n\u00eb Shkup jan\u00eb t\u00eb ftohta. T\u00eb atilla jan\u00eb edhe n\u00eb fshatrat shqiptar\u00eb p\u00ebrreth kryeqendr\u00ebs s\u00eb Maqedonis\u00eb. Por p\u00ebr dallim nga \u201csheh\u00ebrlinjt\u201d shqiptar\u00eb shkupjan\u00eb q\u00eb net\u00ebt i kalojn\u00eb duke bredhur n\u00ebp\u00ebr qendrat tregtare t\u00eb qytetit, rinia \u201ckatundare\u201d ngrohet n\u00ebp\u00ebr \u00e7ajtoret dhe kafenet\u00eb e tymosura.<\/p>\n<p>Dhe p\u00ebrderisa i sheh me sa p\u00ebrkushtim i p\u00ebrcjellin lajmet qendrore n\u00ebp\u00ebr TV ekranet, s\u2019ke si mos e ndjesh larg\u00ebsin\u00eb mes tyre dhe politikan\u00ebve shqiptar\u00eb q\u00eb u drejtohen nga ekrani. Pastaj s\u2019ke si mos pyes\u00ebsh veten: \u00e7far\u00eb kuptimi kan\u00eb takimet e lider\u00ebve shqiptar\u00eb me aktivist\u00ebt e tyre partiak\u00eb n\u00ebp\u00ebr kafenet\u00eb e fshatrave p\u00ebrreth Shkupit, e ku ata mburrsh\u00ebm shpalosin sigurin\u00eb e vet se n\u00eb zgjedhjet e ardhshme, partia e tyre do marr\u00eb edhe m\u00eb shum\u00eb vende parlamentare se tani, se ata nuk u n\u00ebnshtrohen presioneve q\u00eb t\u2019i jepet fund politik\u00ebs vasale ndaj sunduesve maqedonas, se atyre mir\u00eb u shkon komunikimi me forcat politike maqedonase q\u00eb nd\u00ebrtojn\u00eb p\u00ebrmendore e pjellin histori, q\u00eb e rikthejn\u00eb n\u00eb shitje \u201cEnciklopedin\u00eb\u201d ofenduese p\u00ebr shqiptar\u00ebt, por pa treguar pse assesi t\u00eb merren vesht\u00eb me kund\u00ebrshtar\u00ebt e vet bashk\u00ebkomb\u00ebs politik. Pra s\u2019ke si mos pyes\u00ebsh veten se \u00e7\u2019kuptim ka veprimi politik q\u00eb ushqen urrejtjen nd\u00ebrpartiake, ai q\u00eb paturpsh\u00ebm shpalos komunikimin e mir\u00eb me partner\u00ebt maqedonas dhe mosdurimin ndaj rival\u00ebve t\u00eb vet politik shqiptar\u00eb.<\/p>\n<p>Net\u00ebt e dhjetorit n\u00eb Shkup jan\u00eb t\u00eb ngath\u00ebta, ato e ngrijn\u00eb edhe vrullin rinor dhe e \u00e7ojn\u00eb at\u00eb t\u00eb mbyllet n\u00ebp\u00ebr hap\u00ebsira t\u00eb ngrohta. N\u00ebp\u00ebr disa nga ato hap\u00ebsira, politikan\u00ebt maqedonas komunikojn\u00eb me rinin\u00eb e tyre. E p\u00ebrgatisin at\u00eb q\u00eb ta marr\u00eb t\u00eb ardhmen n\u00eb duart e veta. Sa i p\u00ebrket rinis\u00eb shqiptare, asaj politikan\u00ebt i drejtohen vet\u00ebm gjat\u00eb fushatave parazgjedhore, at\u00ebher\u00eb kur dikush duhet t\u00eb ngjit\u00eb pllakatet partiake, kur vrulli rinor duhet t\u2019i b\u00ebj\u00eb m\u00eb t\u00eb z\u00ebshme premtimet e kota. Ku ta dish, mbase sa u p\u00ebrket shpjegimit t\u00eb z\u00ebnkave nd\u00ebrpartiake, rinia shqiptare e Maqedonis\u00eb e ka m\u00eb t\u00eb leht\u00eb se moshatar\u00ebt e tyre n\u00eb Kosov\u00eb e Shqip\u00ebri duke i shpallur ato si t\u00eb nxitur nga qarqet maqedonase.<\/p>\n<p>Andaj t\u00eb rinjt\u00eb e k\u00ebtush\u00ebm thuajse i jan\u00eb dor\u00ebzuar fatit q\u00eb ua p\u00ebrcakton injoranca e politikan\u00ebve t\u00eb k\u00ebtush\u00ebm shqiptar\u00eb. Pra, ke p\u00ebrshtypjen se ata edhe nuk i lodh gjithaq grindja mes partive t\u00eb tyre, sa brenga se \u00e7\u2019dreq i mallkuar i ushqen mosmarr\u00ebveshjet nd\u00ebrpartiake n\u00eb Shqip\u00ebri e Kosov\u00eb!? Por si do q\u00eb t\u00eb jet\u00eb, shqiptaria ka rini t\u00eb men\u00e7ur dhe ajo shum\u00eb shpejt do e kuptoj\u00eb se problemi q\u00ebndron aty se politikan\u00ebt shqiptar\u00eb t\u00eb kudondodhur, jan\u00eb v\u00ebllez\u00ebr, por kuletat e tyre q\u00eb i mbushin me para nuk jan\u00eb motra. Andaj, kjo rini do duhet shum\u00eb ngutsh\u00ebm t\u00eb b\u00ebj\u00eb t\u00eb duhur\u00ebn: t\u00eb ndaj\u00eb at\u00eb q\u00eb nuk guxon t\u00eb preket, at\u00eb q\u00eb \u00ebsht\u00eb pron\u00eb e v\u00ebllaz\u00ebris\u00eb, nga ajo q\u00eb \u00e7dokush ka t\u00eb drejt\u00eb t\u00eb pretendoj\u00eb ta fut\u00eb n\u00eb kulet\u00ebn e vet.<\/p>\n","protected":false},"excerpt":{"rendered":"<p>Kim Mehmeti Net\u00ebt e dhjetorit n\u00eb Shkup jan\u00eb t\u00eb ngath\u00ebta. Dhe qyteti ngjan n\u00eb vendbanim ku \u00e7do gj\u00eb i \u00ebsht\u00eb dor\u00ebzuar acarit, ku edhe zhurma rinore \u00ebsht\u00eb heshtur dhe mbyllur diku pas mureve. N\u00ebp\u00ebr qendrat tregtare t\u00eb qytetit, dominojn\u00eb thirrjet e t\u00eb rinjve shqiptar\u00eb dhe ke p\u00ebrshtypjen se n\u00eb k\u00ebt\u00eb qytet maqedonasit jan\u00eb banor\u00eb pakic\u00eb [&hellip;]<\/p>\n","protected":false},"author":1,"featured_media":0,"comment_status":"open","ping_status":"closed","sticky":false,"template":"","format":"standard","meta":{"footnotes":""},"categories":[2],"tags":[],"class_list":{"0":"post-5253","1":"post","2":"type-post","3":"status-publish","4":"format-standard","6":"category-artikuj"},"yoast_head":"<!-- This site is optimized with the Yoast SEO plugin v27.4 - https:\/\/yoast.com\/product\/yoast-seo-wordpress\/ -->\n<title>DEBATET DHE KULETAT - FjALA e LIR\u00cb - Arkivi<\/title>\n<meta name=\"robots\" content=\"index, follow, max-snippet:-1, max-image-preview:large, max-video-preview:-1\" \/>\n<link rel=\"canonical\" href=\"https:\/\/fjala.info\/2009-2015\/debatet-dhe-kuletat\/\" \/>\n<meta property=\"og:locale\" content=\"sq_AL\" \/>\n<meta property=\"og:type\" content=\"article\" \/>\n<meta property=\"og:title\" content=\"DEBATET DHE KULETAT - FjALA e LIR\u00cb - Arkivi\" \/>\n<meta property=\"og:description\" content=\"Kim Mehmeti Net\u00ebt e dhjetorit n\u00eb Shkup jan\u00eb t\u00eb ngath\u00ebta. Dhe qyteti ngjan n\u00eb vendbanim ku \u00e7do gj\u00eb i \u00ebsht\u00eb dor\u00ebzuar acarit, ku edhe zhurma rinore \u00ebsht\u00eb heshtur dhe mbyllur diku pas mureve. N\u00ebp\u00ebr qendrat tregtare t\u00eb qytetit, dominojn\u00eb thirrjet e t\u00eb rinjve shqiptar\u00eb dhe ke p\u00ebrshtypjen se n\u00eb k\u00ebt\u00eb qytet maqedonasit jan\u00eb banor\u00eb pakic\u00eb [&hellip;]\" \/>\n<meta property=\"og:url\" content=\"https:\/\/fjala.info\/2009-2015\/debatet-dhe-kuletat\/\" \/>\n<meta property=\"og:site_name\" content=\"FjALA e LIR\u00cb - Arkivi\" \/>\n<meta property=\"article:published_time\" content=\"2010-12-18T20:47:37+00:00\" \/>\n<meta property=\"og:image\" content=\"http:\/\/fjala.shkoder.net\/wp-content\/uploads\/2010\/10\/kim_mehmeti-150x150.jpg\" \/>\n<meta name=\"author\" content=\"admin\" \/>\n<meta name=\"twitter:card\" content=\"summary_large_image\" \/>\n<meta name=\"twitter:label1\" content=\"Written by\" \/>\n\t<meta name=\"twitter:data1\" content=\"admin\" \/>\n\t<meta name=\"twitter:label2\" content=\"Est. reading time\" \/>\n\t<meta name=\"twitter:data2\" content=\"8 minutes\" \/>\n<script type=\"application\/ld+json\" class=\"yoast-schema-graph\">{\"@context\":\"https:\\\/\\\/schema.org\",\"@graph\":[{\"@type\":\"Article\",\"@id\":\"https:\\\/\\\/fjala.info\\\/2009-2015\\\/debatet-dhe-kuletat\\\/#article\",\"isPartOf\":{\"@id\":\"https:\\\/\\\/fjala.info\\\/2009-2015\\\/debatet-dhe-kuletat\\\/\"},\"author\":{\"name\":\"admin\",\"@id\":\"https:\\\/\\\/fjala.info\\\/2009-2015\\\/#\\\/schema\\\/person\\\/3aa1163ef05469c496fc94e77611ada2\"},\"headline\":\"DEBATET DHE KULETAT\",\"datePublished\":\"2010-12-18T20:47:37+00:00\",\"mainEntityOfPage\":{\"@id\":\"https:\\\/\\\/fjala.info\\\/2009-2015\\\/debatet-dhe-kuletat\\\/\"},\"wordCount\":1579,\"commentCount\":0,\"publisher\":{\"@id\":\"https:\\\/\\\/fjala.info\\\/2009-2015\\\/#organization\"},\"image\":{\"@id\":\"https:\\\/\\\/fjala.info\\\/2009-2015\\\/debatet-dhe-kuletat\\\/#primaryimage\"},\"thumbnailUrl\":\"http:\\\/\\\/fjala.shkoder.net\\\/wp-content\\\/uploads\\\/2010\\\/10\\\/kim_mehmeti-150x150.jpg\",\"articleSection\":[\"Artikuj\"],\"inLanguage\":\"sq-AL\",\"potentialAction\":[{\"@type\":\"CommentAction\",\"name\":\"Comment\",\"target\":[\"https:\\\/\\\/fjala.info\\\/2009-2015\\\/debatet-dhe-kuletat\\\/#respond\"]}]},{\"@type\":\"WebPage\",\"@id\":\"https:\\\/\\\/fjala.info\\\/2009-2015\\\/debatet-dhe-kuletat\\\/\",\"url\":\"https:\\\/\\\/fjala.info\\\/2009-2015\\\/debatet-dhe-kuletat\\\/\",\"name\":\"DEBATET DHE KULETAT - FjALA e LIR\u00cb - Arkivi\",\"isPartOf\":{\"@id\":\"https:\\\/\\\/fjala.info\\\/2009-2015\\\/#website\"},\"primaryImageOfPage\":{\"@id\":\"https:\\\/\\\/fjala.info\\\/2009-2015\\\/debatet-dhe-kuletat\\\/#primaryimage\"},\"image\":{\"@id\":\"https:\\\/\\\/fjala.info\\\/2009-2015\\\/debatet-dhe-kuletat\\\/#primaryimage\"},\"thumbnailUrl\":\"http:\\\/\\\/fjala.shkoder.net\\\/wp-content\\\/uploads\\\/2010\\\/10\\\/kim_mehmeti-150x150.jpg\",\"datePublished\":\"2010-12-18T20:47:37+00:00\",\"breadcrumb\":{\"@id\":\"https:\\\/\\\/fjala.info\\\/2009-2015\\\/debatet-dhe-kuletat\\\/#breadcrumb\"},\"inLanguage\":\"sq-AL\",\"potentialAction\":[{\"@type\":\"ReadAction\",\"target\":[\"https:\\\/\\\/fjala.info\\\/2009-2015\\\/debatet-dhe-kuletat\\\/\"]}]},{\"@type\":\"ImageObject\",\"inLanguage\":\"sq-AL\",\"@id\":\"https:\\\/\\\/fjala.info\\\/2009-2015\\\/debatet-dhe-kuletat\\\/#primaryimage\",\"url\":\"http:\\\/\\\/fjala.shkoder.net\\\/wp-content\\\/uploads\\\/2010\\\/10\\\/kim_mehmeti-150x150.jpg\",\"contentUrl\":\"http:\\\/\\\/fjala.shkoder.net\\\/wp-content\\\/uploads\\\/2010\\\/10\\\/kim_mehmeti-150x150.jpg\"},{\"@type\":\"BreadcrumbList\",\"@id\":\"https:\\\/\\\/fjala.info\\\/2009-2015\\\/debatet-dhe-kuletat\\\/#breadcrumb\",\"itemListElement\":[{\"@type\":\"ListItem\",\"position\":1,\"name\":\"Home\",\"item\":\"https:\\\/\\\/fjala.info\\\/2009-2015\\\/\"},{\"@type\":\"ListItem\",\"position\":2,\"name\":\"DEBATET DHE KULETAT\"}]},{\"@type\":\"WebSite\",\"@id\":\"https:\\\/\\\/fjala.info\\\/2009-2015\\\/#website\",\"url\":\"https:\\\/\\\/fjala.info\\\/2009-2015\\\/\",\"name\":\"FjALA e LIR\u00cb - Arkivi\",\"description\":\"Arkivi 2009-2015\",\"publisher\":{\"@id\":\"https:\\\/\\\/fjala.info\\\/2009-2015\\\/#organization\"},\"potentialAction\":[{\"@type\":\"SearchAction\",\"target\":{\"@type\":\"EntryPoint\",\"urlTemplate\":\"https:\\\/\\\/fjala.info\\\/2009-2015\\\/?s={search_term_string}\"},\"query-input\":{\"@type\":\"PropertyValueSpecification\",\"valueRequired\":true,\"valueName\":\"search_term_string\"}}],\"inLanguage\":\"sq-AL\"},{\"@type\":\"Organization\",\"@id\":\"https:\\\/\\\/fjala.info\\\/2009-2015\\\/#organization\",\"name\":\"FjALA e LIR\u00cb - Arkivi\",\"url\":\"https:\\\/\\\/fjala.info\\\/2009-2015\\\/\",\"logo\":{\"@type\":\"ImageObject\",\"inLanguage\":\"sq-AL\",\"@id\":\"https:\\\/\\\/fjala.info\\\/2009-2015\\\/#\\\/schema\\\/logo\\\/image\\\/\",\"url\":\"\",\"contentUrl\":\"\",\"caption\":\"FjALA e LIR\u00cb - Arkivi\"},\"image\":{\"@id\":\"https:\\\/\\\/fjala.info\\\/2009-2015\\\/#\\\/schema\\\/logo\\\/image\\\/\"}},{\"@type\":\"Person\",\"@id\":\"https:\\\/\\\/fjala.info\\\/2009-2015\\\/#\\\/schema\\\/person\\\/3aa1163ef05469c496fc94e77611ada2\",\"name\":\"admin\",\"image\":{\"@type\":\"ImageObject\",\"inLanguage\":\"sq-AL\",\"@id\":\"https:\\\/\\\/fjala.info\\\/2009-2015\\\/wp-content\\\/uploads\\\/2012\\\/02\\\/arben_cokaj-120x150.jpg\",\"url\":\"https:\\\/\\\/fjala.info\\\/2009-2015\\\/wp-content\\\/uploads\\\/2012\\\/02\\\/arben_cokaj-120x150.jpg\",\"contentUrl\":\"https:\\\/\\\/fjala.info\\\/2009-2015\\\/wp-content\\\/uploads\\\/2012\\\/02\\\/arben_cokaj-120x150.jpg\",\"caption\":\"admin\"},\"description\":\"Admin, Fjala e Lir\u00eb\",\"sameAs\":[\"https:\\\/\\\/fjala.info\\\/\"],\"url\":\"https:\\\/\\\/fjala.info\\\/2009-2015\\\/author\\\/admin\\\/\"}]}<\/script>\n<!-- \/ Yoast SEO plugin. -->","yoast_head_json":{"title":"DEBATET DHE KULETAT - FjALA e LIR\u00cb - Arkivi","robots":{"index":"index","follow":"follow","max-snippet":"max-snippet:-1","max-image-preview":"max-image-preview:large","max-video-preview":"max-video-preview:-1"},"canonical":"https:\/\/fjala.info\/2009-2015\/debatet-dhe-kuletat\/","og_locale":"sq_AL","og_type":"article","og_title":"DEBATET DHE KULETAT - FjALA e LIR\u00cb - Arkivi","og_description":"Kim Mehmeti Net\u00ebt e dhjetorit n\u00eb Shkup jan\u00eb t\u00eb ngath\u00ebta. Dhe qyteti ngjan n\u00eb vendbanim ku \u00e7do gj\u00eb i \u00ebsht\u00eb dor\u00ebzuar acarit, ku edhe zhurma rinore \u00ebsht\u00eb heshtur dhe mbyllur diku pas mureve. N\u00ebp\u00ebr qendrat tregtare t\u00eb qytetit, dominojn\u00eb thirrjet e t\u00eb rinjve shqiptar\u00eb dhe ke p\u00ebrshtypjen se n\u00eb k\u00ebt\u00eb qytet maqedonasit jan\u00eb banor\u00eb pakic\u00eb [&hellip;]","og_url":"https:\/\/fjala.info\/2009-2015\/debatet-dhe-kuletat\/","og_site_name":"FjALA e LIR\u00cb - Arkivi","article_published_time":"2010-12-18T20:47:37+00:00","og_image":[{"url":"http:\/\/fjala.shkoder.net\/wp-content\/uploads\/2010\/10\/kim_mehmeti-150x150.jpg","type":"","width":"","height":""}],"author":"admin","twitter_card":"summary_large_image","twitter_misc":{"Written by":"admin","Est. reading time":"8 minutes"},"schema":{"@context":"https:\/\/schema.org","@graph":[{"@type":"Article","@id":"https:\/\/fjala.info\/2009-2015\/debatet-dhe-kuletat\/#article","isPartOf":{"@id":"https:\/\/fjala.info\/2009-2015\/debatet-dhe-kuletat\/"},"author":{"name":"admin","@id":"https:\/\/fjala.info\/2009-2015\/#\/schema\/person\/3aa1163ef05469c496fc94e77611ada2"},"headline":"DEBATET DHE KULETAT","datePublished":"2010-12-18T20:47:37+00:00","mainEntityOfPage":{"@id":"https:\/\/fjala.info\/2009-2015\/debatet-dhe-kuletat\/"},"wordCount":1579,"commentCount":0,"publisher":{"@id":"https:\/\/fjala.info\/2009-2015\/#organization"},"image":{"@id":"https:\/\/fjala.info\/2009-2015\/debatet-dhe-kuletat\/#primaryimage"},"thumbnailUrl":"http:\/\/fjala.shkoder.net\/wp-content\/uploads\/2010\/10\/kim_mehmeti-150x150.jpg","articleSection":["Artikuj"],"inLanguage":"sq-AL","potentialAction":[{"@type":"CommentAction","name":"Comment","target":["https:\/\/fjala.info\/2009-2015\/debatet-dhe-kuletat\/#respond"]}]},{"@type":"WebPage","@id":"https:\/\/fjala.info\/2009-2015\/debatet-dhe-kuletat\/","url":"https:\/\/fjala.info\/2009-2015\/debatet-dhe-kuletat\/","name":"DEBATET DHE KULETAT - FjALA e LIR\u00cb - Arkivi","isPartOf":{"@id":"https:\/\/fjala.info\/2009-2015\/#website"},"primaryImageOfPage":{"@id":"https:\/\/fjala.info\/2009-2015\/debatet-dhe-kuletat\/#primaryimage"},"image":{"@id":"https:\/\/fjala.info\/2009-2015\/debatet-dhe-kuletat\/#primaryimage"},"thumbnailUrl":"http:\/\/fjala.shkoder.net\/wp-content\/uploads\/2010\/10\/kim_mehmeti-150x150.jpg","datePublished":"2010-12-18T20:47:37+00:00","breadcrumb":{"@id":"https:\/\/fjala.info\/2009-2015\/debatet-dhe-kuletat\/#breadcrumb"},"inLanguage":"sq-AL","potentialAction":[{"@type":"ReadAction","target":["https:\/\/fjala.info\/2009-2015\/debatet-dhe-kuletat\/"]}]},{"@type":"ImageObject","inLanguage":"sq-AL","@id":"https:\/\/fjala.info\/2009-2015\/debatet-dhe-kuletat\/#primaryimage","url":"http:\/\/fjala.shkoder.net\/wp-content\/uploads\/2010\/10\/kim_mehmeti-150x150.jpg","contentUrl":"http:\/\/fjala.shkoder.net\/wp-content\/uploads\/2010\/10\/kim_mehmeti-150x150.jpg"},{"@type":"BreadcrumbList","@id":"https:\/\/fjala.info\/2009-2015\/debatet-dhe-kuletat\/#breadcrumb","itemListElement":[{"@type":"ListItem","position":1,"name":"Home","item":"https:\/\/fjala.info\/2009-2015\/"},{"@type":"ListItem","position":2,"name":"DEBATET DHE KULETAT"}]},{"@type":"WebSite","@id":"https:\/\/fjala.info\/2009-2015\/#website","url":"https:\/\/fjala.info\/2009-2015\/","name":"FjALA e LIR\u00cb - Arkivi","description":"Arkivi 2009-2015","publisher":{"@id":"https:\/\/fjala.info\/2009-2015\/#organization"},"potentialAction":[{"@type":"SearchAction","target":{"@type":"EntryPoint","urlTemplate":"https:\/\/fjala.info\/2009-2015\/?s={search_term_string}"},"query-input":{"@type":"PropertyValueSpecification","valueRequired":true,"valueName":"search_term_string"}}],"inLanguage":"sq-AL"},{"@type":"Organization","@id":"https:\/\/fjala.info\/2009-2015\/#organization","name":"FjALA e LIR\u00cb - Arkivi","url":"https:\/\/fjala.info\/2009-2015\/","logo":{"@type":"ImageObject","inLanguage":"sq-AL","@id":"https:\/\/fjala.info\/2009-2015\/#\/schema\/logo\/image\/","url":"","contentUrl":"","caption":"FjALA e LIR\u00cb - Arkivi"},"image":{"@id":"https:\/\/fjala.info\/2009-2015\/#\/schema\/logo\/image\/"}},{"@type":"Person","@id":"https:\/\/fjala.info\/2009-2015\/#\/schema\/person\/3aa1163ef05469c496fc94e77611ada2","name":"admin","image":{"@type":"ImageObject","inLanguage":"sq-AL","@id":"https:\/\/fjala.info\/2009-2015\/wp-content\/uploads\/2012\/02\/arben_cokaj-120x150.jpg","url":"https:\/\/fjala.info\/2009-2015\/wp-content\/uploads\/2012\/02\/arben_cokaj-120x150.jpg","contentUrl":"https:\/\/fjala.info\/2009-2015\/wp-content\/uploads\/2012\/02\/arben_cokaj-120x150.jpg","caption":"admin"},"description":"Admin, Fjala e Lir\u00eb","sameAs":["https:\/\/fjala.info\/"],"url":"https:\/\/fjala.info\/2009-2015\/author\/admin\/"}]}},"_links":{"self":[{"href":"https:\/\/fjala.info\/2009-2015\/wp-json\/wp\/v2\/posts\/5253","targetHints":{"allow":["GET"]}}],"collection":[{"href":"https:\/\/fjala.info\/2009-2015\/wp-json\/wp\/v2\/posts"}],"about":[{"href":"https:\/\/fjala.info\/2009-2015\/wp-json\/wp\/v2\/types\/post"}],"author":[{"embeddable":true,"href":"https:\/\/fjala.info\/2009-2015\/wp-json\/wp\/v2\/users\/1"}],"replies":[{"embeddable":true,"href":"https:\/\/fjala.info\/2009-2015\/wp-json\/wp\/v2\/comments?post=5253"}],"version-history":[{"count":0,"href":"https:\/\/fjala.info\/2009-2015\/wp-json\/wp\/v2\/posts\/5253\/revisions"}],"wp:attachment":[{"href":"https:\/\/fjala.info\/2009-2015\/wp-json\/wp\/v2\/media?parent=5253"}],"wp:term":[{"taxonomy":"category","embeddable":true,"href":"https:\/\/fjala.info\/2009-2015\/wp-json\/wp\/v2\/categories?post=5253"},{"taxonomy":"post_tag","embeddable":true,"href":"https:\/\/fjala.info\/2009-2015\/wp-json\/wp\/v2\/tags?post=5253"}],"curies":[{"name":"wp","href":"https:\/\/api.w.org\/{rel}","templated":true}]}}