{"id":5252,"date":"2012-10-03T21:36:55","date_gmt":"2012-10-03T20:36:55","guid":{"rendered":"http:\/\/www.fjala.info\/?p=5252"},"modified":"2012-10-03T21:36:55","modified_gmt":"2012-10-03T20:36:55","slug":"volfarth-kuqalashe-pa-turp","status":"publish","type":"post","link":"https:\/\/fjala.info\/2009-2015\/volfarth-kuqalashe-pa-turp\/","title":{"rendered":"Volfarth, kuqalashe pa turp!!"},"content":{"rendered":"<p><img decoding=\"async\" class=\"alignleft size-thumbnail wp-image-7236\" title=\"Brizida Gjikondi\" src=\"http:\/\/www.fjala.info\/2012\/brizida_gjikondi.jpg\" alt=\"\" width=\"150\" \/> Nga <strong>Brizida Gjikondi<\/strong>, <em>3 Tetor 2012<\/em><\/p>\n<p>Mir\u00ebdita zoti Volfarth, jam nj\u00eb shqiptare si miliona t\u00eb tjer\u00eb, dhe p\u00ebr arsye se performanca juaj personale- institucionale p\u00ebr mua \u00ebsht\u00eb abuzive, vendosa \u00e7\u2019ka kam, t\u2019ua them n\u00eb shesh t\u00eb burrave si\u00e7 themi ne shqiptar\u00ebt. Kupa q\u00eb Ju keni koh\u00eb q\u00eb e mbushni, u derdh kur \u201cguxuat\u201d t\u00eb b\u00ebni s\u00ebrish karshill\u00ebk dhe t\u00eb shfaqeshit pa t\u00eb keq n\u00eb mes t\u00eb stuhis\u00eb institucionale q\u00eb ka plasur n\u00eb krah t\u00eb Ministrit t\u00eb Mbrojtjes n\u00eb Uzin\u00ebn e Demontimit n\u00eb Elbasan.<\/p>\n<p>An\u00ebsia, gatishm\u00ebria Juaj p\u00ebr t\u2019i dal\u00eb n\u00eb krah shtetar\u00ebve, qoft\u00eb dhe moralisht n\u00ebn akuz\u00eb, \u00ebsht\u00eb skandaloze. Ju injoroni deviz\u00ebn, p\u00ebr t\u00eb cil\u00ebn t\u00eb pakt\u00ebn shkruhet n\u00eb faqen zyrtare t\u00eb OSBE\\ODHIR, q\u00eb ua rikujtoj se thot\u00eb: \u201cQ\u00ebllimi kryesor \u00ebsht\u00eb q\u00eb t\u00eb ndihmojn\u00eb vendin prit\u00ebs n\u00eb nd\u00ebrtimin e nj\u00eb sistemi t\u00eb sh\u00ebndosh\u00eb ligjor. P\u00ebrve\u00e7 k\u00ebsaj, Prezenca promovon respektimin e t\u00eb drejtave t\u00eb njeriut, si dhe krijimin e funksionimin e institucioneve shtet\u00ebrore bazuar n\u00eb parimet e shtetit t\u00eb s\u00eb drejt\u00ebs\u201d.<\/p>\n<p>Besoj se n\u00eb funksion t\u00eb pun\u00ebs suaj jeni n\u00eb dijeni q\u00eb prej 3 muajsh nga qershori i k\u00ebtij viti n\u00eb rrug\u00eb dhe mjete institucionale po k\u00ebmb\u00ebngulet informimi dhe transparenca p\u00ebr pun\u00ebn e b\u00ebr\u00eb n\u00eb nj\u00eb nd\u00ebr institucionet buxhetore t\u00eb k\u00ebtij shteti, pik\u00ebrisht Ministris\u00eb s\u00eb Mbrojtjes. Ministri, e cila me fodull\u00ebk dhe agresion m\u00ebkatar, jo vet\u00ebm \u00ebsht\u00eb blinduar antiligj\u00ebrisht p\u00ebr sa i takon dhe detyrohet, por edhe po jep nj\u00eb nd\u00ebr mesazhet m\u00eb skandaloze ndaj shtetit t\u00eb s\u00eb drejt\u00ebs, por dhe mbar\u00eb shqiptare.<\/p>\n<p>Ju rikujtoj zot\u00ebri q\u00eb \u00ebsht\u00eb nj\u00eb nd\u00ebr ministrit\u00eb me CV-n\u00eb m\u00eb dramatike p\u00ebr k\u00ebt\u00eb popull, \u00ebsht\u00eb ajo ministri q\u00eb arm\u00ebt i \u201cndau\u201d me popullin n\u00eb 1997\u2019\u00ebn, \u00ebsht\u00eb ajo ministri q\u00eb G\u00ebrdeci i plasi n\u00eb dor\u00eb pasi i kish plasur n\u00eb tru, ndaj kjo e treta \u00ebsht\u00eb e tep\u00ebrt, si mendoni?!!<\/p>\n<p>Sjellja Juaj personale-institucionale m\u00eb pezmatoi n\u00eb janar t\u00eb 2011, m\u00eb trishtoi n\u00eb maj t\u00eb po atij viti, por ajo e pardjeshmja ishte tep\u00ebr shum\u00eb tep\u00ebr, nuk kish m\u00eb justifikim dhe s\u2019kish t\u00eb b\u00ebnte m\u00eb me ndjesit\u00eb e mia personale, qoft\u00eb dhe si juriste modeste, por me posht\u00ebrimin q\u00eb Ju personalisht n\u00eb dit\u00eb me diell i b\u00ebni shqiptar\u00ebve dhe Shqip\u00ebris\u00eb tjet\u00ebr, q\u00eb pavar\u00ebsisht se nuk kan\u00eb lindur \u201cjasht\u00eb shtetit\u201d si Ju, nuk lejojn\u00eb q\u00eb Ju zot\u00ebri t\u2019ia fyeni intelektin dhe dinjitetin komb\u00ebtar.<\/p>\n<p>Nuk paragjykoj faj\u00ebsin\u00eb apo pafaj\u00ebsin\u00eb e Ministris\u00eb s\u00eb Mbrojtjes pasi ka kush e jep ose nuk e jep at\u00eb (si\u00e7 ndodh shpesh), por an\u00ebsia juaj pik\u00ebrisht n\u00eb k\u00ebto momente q\u00eb gjykimit moral t\u00eb shqiptar\u00ebve iu mungojn\u00eb provat dhe arsyetimi serioz i pal\u00ebs s\u00eb akuzuar, pik\u00ebrisht Ministris\u00eb s\u00eb Mbrojtjes, duke dal\u00eb n\u00eb krah t\u00eb t\u00eb akuzuarve ish nj\u00eb goditje e ul\u00ebt q\u00eb Ju si simbolika e shtetit t\u00eb s\u00eb drejt\u00ebs i dhat\u00eb po ashtu k\u00ebtij t\u00eb fundit.<\/p>\n<p>Duke qen\u00eb se jeni tashm\u00eb nj\u00eb personazh VIP edhe i mediave komb\u00ebtare, \u00e7\u2019ka b\u00ebn vaki ve\u00e7 n\u00eb Shqip\u00ebrin\u00eb time, her\u00eb pas here kam ndjekur mesazhet q\u00eb i d\u00ebrgoni popullit tim dhe Ju them sinqerisht q\u00eb m\u00eb duken sip\u00ebrfaq\u00ebsore dhe jasht\u00eb realiteti, lutem p\u00ebrpiqu t\u00eb njoh\u00ebsh m\u00eb shum\u00eb popullin tim t\u00eb thjesht\u00eb, interesat, hallet dhe men\u00e7urin e tij t\u00eb paan\u00eb dhe do kuptosh q\u00eb ka q\u00eb pin\u00eb dhe uj\u00eb per\u00ebndie dhe jo t\u00eb gjith\u00eb pin\u00eb Kuqalashe pa turp!!!<\/p>\n","protected":false},"excerpt":{"rendered":"<p>Nga Brizida Gjikondi, 3 Tetor 2012 Mir\u00ebdita zoti Volfarth, jam nj\u00eb shqiptare si miliona t\u00eb tjer\u00eb, dhe p\u00ebr arsye se performanca juaj personale- institucionale p\u00ebr mua \u00ebsht\u00eb abuzive, vendosa \u00e7\u2019ka kam, t\u2019ua them n\u00eb shesh t\u00eb burrave si\u00e7 themi ne shqiptar\u00ebt. Kupa q\u00eb Ju keni koh\u00eb q\u00eb e mbushni, u derdh kur \u201cguxuat\u201d t\u00eb b\u00ebni [&hellip;]<\/p>\n","protected":false},"author":1,"featured_media":0,"comment_status":"open","ping_status":"closed","sticky":false,"template":"","format":"standard","meta":{"footnotes":""},"categories":[2],"tags":[],"class_list":{"0":"post-5252","1":"post","2":"type-post","3":"status-publish","4":"format-standard","6":"category-artikuj"},"yoast_head":"<!-- This site is optimized with the Yoast SEO plugin v27.4 - https:\/\/yoast.com\/product\/yoast-seo-wordpress\/ -->\n<title>Volfarth, kuqalashe pa turp!! - FjALA e LIR\u00cb - Arkivi<\/title>\n<meta name=\"robots\" content=\"index, follow, max-snippet:-1, max-image-preview:large, max-video-preview:-1\" \/>\n<link rel=\"canonical\" href=\"https:\/\/fjala.info\/2009-2015\/volfarth-kuqalashe-pa-turp\/\" \/>\n<meta property=\"og:locale\" content=\"sq_AL\" \/>\n<meta property=\"og:type\" content=\"article\" \/>\n<meta property=\"og:title\" content=\"Volfarth, kuqalashe pa turp!! - FjALA e LIR\u00cb - Arkivi\" \/>\n<meta property=\"og:description\" content=\"Nga Brizida Gjikondi, 3 Tetor 2012 Mir\u00ebdita zoti Volfarth, jam nj\u00eb shqiptare si miliona t\u00eb tjer\u00eb, dhe p\u00ebr arsye se performanca juaj personale- institucionale p\u00ebr mua \u00ebsht\u00eb abuzive, vendosa \u00e7\u2019ka kam, t\u2019ua them n\u00eb shesh t\u00eb burrave si\u00e7 themi ne shqiptar\u00ebt. Kupa q\u00eb Ju keni koh\u00eb q\u00eb e mbushni, u derdh kur \u201cguxuat\u201d t\u00eb b\u00ebni [&hellip;]\" \/>\n<meta property=\"og:url\" content=\"https:\/\/fjala.info\/2009-2015\/volfarth-kuqalashe-pa-turp\/\" \/>\n<meta property=\"og:site_name\" content=\"FjALA e LIR\u00cb - Arkivi\" \/>\n<meta property=\"article:published_time\" content=\"2012-10-03T20:36:55+00:00\" \/>\n<meta property=\"og:image\" content=\"http:\/\/www.fjala.info\/2012\/brizida_gjikondi.jpg\" \/>\n<meta name=\"author\" content=\"admin\" \/>\n<meta name=\"twitter:card\" content=\"summary_large_image\" \/>\n<meta name=\"twitter:label1\" content=\"Written by\" \/>\n\t<meta name=\"twitter:data1\" content=\"admin\" \/>\n\t<meta name=\"twitter:label2\" content=\"Est. reading time\" \/>\n\t<meta name=\"twitter:data2\" content=\"3 minutes\" \/>\n<script type=\"application\/ld+json\" class=\"yoast-schema-graph\">{\"@context\":\"https:\\\/\\\/schema.org\",\"@graph\":[{\"@type\":\"Article\",\"@id\":\"https:\\\/\\\/fjala.info\\\/2009-2015\\\/volfarth-kuqalashe-pa-turp\\\/#article\",\"isPartOf\":{\"@id\":\"https:\\\/\\\/fjala.info\\\/2009-2015\\\/volfarth-kuqalashe-pa-turp\\\/\"},\"author\":{\"name\":\"admin\",\"@id\":\"https:\\\/\\\/fjala.info\\\/2009-2015\\\/#\\\/schema\\\/person\\\/3aa1163ef05469c496fc94e77611ada2\"},\"headline\":\"Volfarth, kuqalashe pa turp!!\",\"datePublished\":\"2012-10-03T20:36:55+00:00\",\"mainEntityOfPage\":{\"@id\":\"https:\\\/\\\/fjala.info\\\/2009-2015\\\/volfarth-kuqalashe-pa-turp\\\/\"},\"wordCount\":612,\"commentCount\":0,\"publisher\":{\"@id\":\"https:\\\/\\\/fjala.info\\\/2009-2015\\\/#organization\"},\"image\":{\"@id\":\"https:\\\/\\\/fjala.info\\\/2009-2015\\\/volfarth-kuqalashe-pa-turp\\\/#primaryimage\"},\"thumbnailUrl\":\"http:\\\/\\\/www.fjala.info\\\/2012\\\/brizida_gjikondi.jpg\",\"articleSection\":[\"Artikuj\"],\"inLanguage\":\"sq-AL\",\"potentialAction\":[{\"@type\":\"CommentAction\",\"name\":\"Comment\",\"target\":[\"https:\\\/\\\/fjala.info\\\/2009-2015\\\/volfarth-kuqalashe-pa-turp\\\/#respond\"]}]},{\"@type\":\"WebPage\",\"@id\":\"https:\\\/\\\/fjala.info\\\/2009-2015\\\/volfarth-kuqalashe-pa-turp\\\/\",\"url\":\"https:\\\/\\\/fjala.info\\\/2009-2015\\\/volfarth-kuqalashe-pa-turp\\\/\",\"name\":\"Volfarth, kuqalashe pa turp!! - FjALA e LIR\u00cb - Arkivi\",\"isPartOf\":{\"@id\":\"https:\\\/\\\/fjala.info\\\/2009-2015\\\/#website\"},\"primaryImageOfPage\":{\"@id\":\"https:\\\/\\\/fjala.info\\\/2009-2015\\\/volfarth-kuqalashe-pa-turp\\\/#primaryimage\"},\"image\":{\"@id\":\"https:\\\/\\\/fjala.info\\\/2009-2015\\\/volfarth-kuqalashe-pa-turp\\\/#primaryimage\"},\"thumbnailUrl\":\"http:\\\/\\\/www.fjala.info\\\/2012\\\/brizida_gjikondi.jpg\",\"datePublished\":\"2012-10-03T20:36:55+00:00\",\"breadcrumb\":{\"@id\":\"https:\\\/\\\/fjala.info\\\/2009-2015\\\/volfarth-kuqalashe-pa-turp\\\/#breadcrumb\"},\"inLanguage\":\"sq-AL\",\"potentialAction\":[{\"@type\":\"ReadAction\",\"target\":[\"https:\\\/\\\/fjala.info\\\/2009-2015\\\/volfarth-kuqalashe-pa-turp\\\/\"]}]},{\"@type\":\"ImageObject\",\"inLanguage\":\"sq-AL\",\"@id\":\"https:\\\/\\\/fjala.info\\\/2009-2015\\\/volfarth-kuqalashe-pa-turp\\\/#primaryimage\",\"url\":\"http:\\\/\\\/www.fjala.info\\\/2012\\\/brizida_gjikondi.jpg\",\"contentUrl\":\"http:\\\/\\\/www.fjala.info\\\/2012\\\/brizida_gjikondi.jpg\"},{\"@type\":\"BreadcrumbList\",\"@id\":\"https:\\\/\\\/fjala.info\\\/2009-2015\\\/volfarth-kuqalashe-pa-turp\\\/#breadcrumb\",\"itemListElement\":[{\"@type\":\"ListItem\",\"position\":1,\"name\":\"Home\",\"item\":\"https:\\\/\\\/fjala.info\\\/2009-2015\\\/\"},{\"@type\":\"ListItem\",\"position\":2,\"name\":\"Volfarth, kuqalashe pa turp!!\"}]},{\"@type\":\"WebSite\",\"@id\":\"https:\\\/\\\/fjala.info\\\/2009-2015\\\/#website\",\"url\":\"https:\\\/\\\/fjala.info\\\/2009-2015\\\/\",\"name\":\"FjALA e LIR\u00cb - Arkivi\",\"description\":\"Arkivi 2009-2015\",\"publisher\":{\"@id\":\"https:\\\/\\\/fjala.info\\\/2009-2015\\\/#organization\"},\"potentialAction\":[{\"@type\":\"SearchAction\",\"target\":{\"@type\":\"EntryPoint\",\"urlTemplate\":\"https:\\\/\\\/fjala.info\\\/2009-2015\\\/?s={search_term_string}\"},\"query-input\":{\"@type\":\"PropertyValueSpecification\",\"valueRequired\":true,\"valueName\":\"search_term_string\"}}],\"inLanguage\":\"sq-AL\"},{\"@type\":\"Organization\",\"@id\":\"https:\\\/\\\/fjala.info\\\/2009-2015\\\/#organization\",\"name\":\"FjALA e LIR\u00cb - Arkivi\",\"url\":\"https:\\\/\\\/fjala.info\\\/2009-2015\\\/\",\"logo\":{\"@type\":\"ImageObject\",\"inLanguage\":\"sq-AL\",\"@id\":\"https:\\\/\\\/fjala.info\\\/2009-2015\\\/#\\\/schema\\\/logo\\\/image\\\/\",\"url\":\"\",\"contentUrl\":\"\",\"caption\":\"FjALA e LIR\u00cb - Arkivi\"},\"image\":{\"@id\":\"https:\\\/\\\/fjala.info\\\/2009-2015\\\/#\\\/schema\\\/logo\\\/image\\\/\"}},{\"@type\":\"Person\",\"@id\":\"https:\\\/\\\/fjala.info\\\/2009-2015\\\/#\\\/schema\\\/person\\\/3aa1163ef05469c496fc94e77611ada2\",\"name\":\"admin\",\"image\":{\"@type\":\"ImageObject\",\"inLanguage\":\"sq-AL\",\"@id\":\"https:\\\/\\\/fjala.info\\\/2009-2015\\\/wp-content\\\/uploads\\\/2012\\\/02\\\/arben_cokaj-120x150.jpg\",\"url\":\"https:\\\/\\\/fjala.info\\\/2009-2015\\\/wp-content\\\/uploads\\\/2012\\\/02\\\/arben_cokaj-120x150.jpg\",\"contentUrl\":\"https:\\\/\\\/fjala.info\\\/2009-2015\\\/wp-content\\\/uploads\\\/2012\\\/02\\\/arben_cokaj-120x150.jpg\",\"caption\":\"admin\"},\"description\":\"Admin, Fjala e Lir\u00eb\",\"sameAs\":[\"https:\\\/\\\/fjala.info\\\/\"],\"url\":\"https:\\\/\\\/fjala.info\\\/2009-2015\\\/author\\\/admin\\\/\"}]}<\/script>\n<!-- \/ Yoast SEO plugin. -->","yoast_head_json":{"title":"Volfarth, kuqalashe pa turp!! - FjALA e LIR\u00cb - Arkivi","robots":{"index":"index","follow":"follow","max-snippet":"max-snippet:-1","max-image-preview":"max-image-preview:large","max-video-preview":"max-video-preview:-1"},"canonical":"https:\/\/fjala.info\/2009-2015\/volfarth-kuqalashe-pa-turp\/","og_locale":"sq_AL","og_type":"article","og_title":"Volfarth, kuqalashe pa turp!! - FjALA e LIR\u00cb - Arkivi","og_description":"Nga Brizida Gjikondi, 3 Tetor 2012 Mir\u00ebdita zoti Volfarth, jam nj\u00eb shqiptare si miliona t\u00eb tjer\u00eb, dhe p\u00ebr arsye se performanca juaj personale- institucionale p\u00ebr mua \u00ebsht\u00eb abuzive, vendosa \u00e7\u2019ka kam, t\u2019ua them n\u00eb shesh t\u00eb burrave si\u00e7 themi ne shqiptar\u00ebt. Kupa q\u00eb Ju keni koh\u00eb q\u00eb e mbushni, u derdh kur \u201cguxuat\u201d t\u00eb b\u00ebni [&hellip;]","og_url":"https:\/\/fjala.info\/2009-2015\/volfarth-kuqalashe-pa-turp\/","og_site_name":"FjALA e LIR\u00cb - Arkivi","article_published_time":"2012-10-03T20:36:55+00:00","og_image":[{"url":"http:\/\/www.fjala.info\/2012\/brizida_gjikondi.jpg","type":"","width":"","height":""}],"author":"admin","twitter_card":"summary_large_image","twitter_misc":{"Written by":"admin","Est. reading time":"3 minutes"},"schema":{"@context":"https:\/\/schema.org","@graph":[{"@type":"Article","@id":"https:\/\/fjala.info\/2009-2015\/volfarth-kuqalashe-pa-turp\/#article","isPartOf":{"@id":"https:\/\/fjala.info\/2009-2015\/volfarth-kuqalashe-pa-turp\/"},"author":{"name":"admin","@id":"https:\/\/fjala.info\/2009-2015\/#\/schema\/person\/3aa1163ef05469c496fc94e77611ada2"},"headline":"Volfarth, kuqalashe pa turp!!","datePublished":"2012-10-03T20:36:55+00:00","mainEntityOfPage":{"@id":"https:\/\/fjala.info\/2009-2015\/volfarth-kuqalashe-pa-turp\/"},"wordCount":612,"commentCount":0,"publisher":{"@id":"https:\/\/fjala.info\/2009-2015\/#organization"},"image":{"@id":"https:\/\/fjala.info\/2009-2015\/volfarth-kuqalashe-pa-turp\/#primaryimage"},"thumbnailUrl":"http:\/\/www.fjala.info\/2012\/brizida_gjikondi.jpg","articleSection":["Artikuj"],"inLanguage":"sq-AL","potentialAction":[{"@type":"CommentAction","name":"Comment","target":["https:\/\/fjala.info\/2009-2015\/volfarth-kuqalashe-pa-turp\/#respond"]}]},{"@type":"WebPage","@id":"https:\/\/fjala.info\/2009-2015\/volfarth-kuqalashe-pa-turp\/","url":"https:\/\/fjala.info\/2009-2015\/volfarth-kuqalashe-pa-turp\/","name":"Volfarth, kuqalashe pa turp!! - FjALA e LIR\u00cb - Arkivi","isPartOf":{"@id":"https:\/\/fjala.info\/2009-2015\/#website"},"primaryImageOfPage":{"@id":"https:\/\/fjala.info\/2009-2015\/volfarth-kuqalashe-pa-turp\/#primaryimage"},"image":{"@id":"https:\/\/fjala.info\/2009-2015\/volfarth-kuqalashe-pa-turp\/#primaryimage"},"thumbnailUrl":"http:\/\/www.fjala.info\/2012\/brizida_gjikondi.jpg","datePublished":"2012-10-03T20:36:55+00:00","breadcrumb":{"@id":"https:\/\/fjala.info\/2009-2015\/volfarth-kuqalashe-pa-turp\/#breadcrumb"},"inLanguage":"sq-AL","potentialAction":[{"@type":"ReadAction","target":["https:\/\/fjala.info\/2009-2015\/volfarth-kuqalashe-pa-turp\/"]}]},{"@type":"ImageObject","inLanguage":"sq-AL","@id":"https:\/\/fjala.info\/2009-2015\/volfarth-kuqalashe-pa-turp\/#primaryimage","url":"http:\/\/www.fjala.info\/2012\/brizida_gjikondi.jpg","contentUrl":"http:\/\/www.fjala.info\/2012\/brizida_gjikondi.jpg"},{"@type":"BreadcrumbList","@id":"https:\/\/fjala.info\/2009-2015\/volfarth-kuqalashe-pa-turp\/#breadcrumb","itemListElement":[{"@type":"ListItem","position":1,"name":"Home","item":"https:\/\/fjala.info\/2009-2015\/"},{"@type":"ListItem","position":2,"name":"Volfarth, kuqalashe pa turp!!"}]},{"@type":"WebSite","@id":"https:\/\/fjala.info\/2009-2015\/#website","url":"https:\/\/fjala.info\/2009-2015\/","name":"FjALA e LIR\u00cb - Arkivi","description":"Arkivi 2009-2015","publisher":{"@id":"https:\/\/fjala.info\/2009-2015\/#organization"},"potentialAction":[{"@type":"SearchAction","target":{"@type":"EntryPoint","urlTemplate":"https:\/\/fjala.info\/2009-2015\/?s={search_term_string}"},"query-input":{"@type":"PropertyValueSpecification","valueRequired":true,"valueName":"search_term_string"}}],"inLanguage":"sq-AL"},{"@type":"Organization","@id":"https:\/\/fjala.info\/2009-2015\/#organization","name":"FjALA e LIR\u00cb - Arkivi","url":"https:\/\/fjala.info\/2009-2015\/","logo":{"@type":"ImageObject","inLanguage":"sq-AL","@id":"https:\/\/fjala.info\/2009-2015\/#\/schema\/logo\/image\/","url":"","contentUrl":"","caption":"FjALA e LIR\u00cb - Arkivi"},"image":{"@id":"https:\/\/fjala.info\/2009-2015\/#\/schema\/logo\/image\/"}},{"@type":"Person","@id":"https:\/\/fjala.info\/2009-2015\/#\/schema\/person\/3aa1163ef05469c496fc94e77611ada2","name":"admin","image":{"@type":"ImageObject","inLanguage":"sq-AL","@id":"https:\/\/fjala.info\/2009-2015\/wp-content\/uploads\/2012\/02\/arben_cokaj-120x150.jpg","url":"https:\/\/fjala.info\/2009-2015\/wp-content\/uploads\/2012\/02\/arben_cokaj-120x150.jpg","contentUrl":"https:\/\/fjala.info\/2009-2015\/wp-content\/uploads\/2012\/02\/arben_cokaj-120x150.jpg","caption":"admin"},"description":"Admin, Fjala e Lir\u00eb","sameAs":["https:\/\/fjala.info\/"],"url":"https:\/\/fjala.info\/2009-2015\/author\/admin\/"}]}},"_links":{"self":[{"href":"https:\/\/fjala.info\/2009-2015\/wp-json\/wp\/v2\/posts\/5252","targetHints":{"allow":["GET"]}}],"collection":[{"href":"https:\/\/fjala.info\/2009-2015\/wp-json\/wp\/v2\/posts"}],"about":[{"href":"https:\/\/fjala.info\/2009-2015\/wp-json\/wp\/v2\/types\/post"}],"author":[{"embeddable":true,"href":"https:\/\/fjala.info\/2009-2015\/wp-json\/wp\/v2\/users\/1"}],"replies":[{"embeddable":true,"href":"https:\/\/fjala.info\/2009-2015\/wp-json\/wp\/v2\/comments?post=5252"}],"version-history":[{"count":0,"href":"https:\/\/fjala.info\/2009-2015\/wp-json\/wp\/v2\/posts\/5252\/revisions"}],"wp:attachment":[{"href":"https:\/\/fjala.info\/2009-2015\/wp-json\/wp\/v2\/media?parent=5252"}],"wp:term":[{"taxonomy":"category","embeddable":true,"href":"https:\/\/fjala.info\/2009-2015\/wp-json\/wp\/v2\/categories?post=5252"},{"taxonomy":"post_tag","embeddable":true,"href":"https:\/\/fjala.info\/2009-2015\/wp-json\/wp\/v2\/tags?post=5252"}],"curies":[{"name":"wp","href":"https:\/\/api.w.org\/{rel}","templated":true}]}}