{"id":5249,"date":"2010-12-18T21:19:05","date_gmt":"2010-12-18T20:19:05","guid":{"rendered":"http:\/\/fjala.shkoder.net\/?p=5249"},"modified":"2010-12-18T21:19:05","modified_gmt":"2010-12-18T20:19:05","slug":"i-perzgjedhuri-i-beogradit-nga-tirana","status":"publish","type":"post","link":"https:\/\/fjala.info\/2009-2015\/i-perzgjedhuri-i-beogradit-nga-tirana\/","title":{"rendered":"I p\u00ebrzgjedhuri i Beogradit nga Tirana"},"content":{"rendered":"<p><img loading=\"lazy\" decoding=\"async\" src=\"http:\/\/fjala.shkoder.net\/wp-content\/uploads\/2010\/10\/mero_baze1.jpg\" alt=\"\" title=\"Mero Baze\" width=\"149\" height=\"200\" class=\"alignright size-full wp-image-4090\" \/><br \/>\nNga <strong>Mero Baze<\/strong> <\/p>\n<p>Z\u00ebvend\u00ebskryeministri dhe Ministri i Ekonomis\u00eb, Ilir Meta, ishte dy dit\u00eb m\u00eb par\u00eb n\u00eb Beograd dhe media zyrtare shqiptare raportoi takimin e tij me presidentin serb Boris Tadi\u00e7. P\u00ebr fat  t\u00eb keq nuk mor\u00ebm vesh \u00e7far\u00eb i kan\u00eb th\u00ebn\u00eb nj\u00ebri- tjetrit, pasi askush nuk ka mundur t\u00eb citoj\u00eb asnj\u00eb fjali. Por jan\u00eb dy gj\u00ebra q\u00eb p\u00ebrfundimisht po bien n\u00eb sy n\u00eb sjelljen politike t\u00eb Ilir Met\u00ebs.<\/p>\n<p>E para \u00ebsht\u00eb nj\u00eb raport i tij personal me Serbin\u00eb. Nuk dua ta paragjykoj dhe nuk hyj tek njer\u00ebzit q\u00eb kan\u00eb paranoja nga raportet me serb\u00ebt, por kur i gjith\u00eb raporti i vendit tim me Serbin\u00eb kufizohet vet\u00ebm tek raportet e nj\u00eb njeriu, dhe kjo paraqitet p\u00ebr vite t\u00eb t\u00ebra si raport komb\u00ebtar, kam t\u00eb drejt\u00eb t\u00eb jem i shqet\u00ebsuar. N\u00ebse do kemi raporte normale politike me Serbin\u00eb, eja t\u2019i b\u00ebjm\u00eb. <\/p>\n<p>N\u00ebse shkon aty z\u00ebvend\u00ebsministri i jasht\u00ebm, le t\u00eb vij\u00eb k\u00ebtu z\u00ebvend\u00ebsministri i jasht\u00ebm. N\u00ebse shkon Ministri i Jasht\u00ebm, le t\u00eb vij\u00eb Ministri i Jasht\u00ebm. N\u00ebse shkon zv\/kryeministri apo presidenti, le t\u00eb vij zv\/kryeministri apo presidenti. Por ajo q\u00eb po ndodh\u00eb qysh nga viti 2002 e deri m\u00eb sot \u00ebsht\u00eb se atje po shkon vazhdimisht Ilir Meta, her\u00eb si Minist\u00ebr i Jasht\u00ebm, her\u00eb si z\u00ebvend\u00ebskryeminist\u00ebr, e her\u00eb si Minist\u00ebr Ekonomie, dhe nuk \u00ebsht\u00eb se ka ndonj\u00eb reciprocitet n\u00eb k\u00ebto marr\u00ebdh\u00ebnie. <\/p>\n<p>Pra nuk mund t\u00eb flasim p\u00ebr marr\u00ebdh\u00ebnie normale shqiptaro- serbe, por p\u00ebr marr\u00ebdh\u00ebnie t\u00eb jasht\u00ebzakonshme mes Ilir Met\u00ebs dhe Serbis\u00eb. Kjo b\u00ebhet pastaj nj\u00eb tem\u00eb e rrezikshme, pasi kemi personalizimin e interesit komb\u00ebtar, tek interesat personale t\u00eb nj\u00eb njeriu. P\u00ebrfoljet p\u00ebr lidhjet e tij me lobe t\u00eb biznesit serb, ve\u00e7an\u00ebrisht rrjetit t\u00eb Mishkovi\u00e7it, i cili prej vitesh gjendet n\u00eb Tiran\u00eb dhe disa lidhje t\u00eb reja t\u00eb biznesit serb me Tiran\u00ebn, i dedikohen Ilir Met\u00ebs. <\/p>\n<p>Shitje-blerjet e energjis\u00eb elektrike, ku tre nga kat\u00ebr kompanit\u00eb jan\u00eb serbe, dhe udh\u00ebtimet e k\u00ebtij njeriu privatisht sa n\u00eb \u00c7eki ku \u00ebsht\u00eb zyra e kompanis\u00eb q\u00eb shp\u00ebrndan energjin\u00eb, aq dhe n\u00eb Serbi ku jan\u00eb kompanit\u00eb q\u00eb i blejn\u00eb KESH energjin\u00eb elektrike, duket se po prodhojn\u00eb nj\u00eb sekser serb n\u00eb qeverin\u00eb shqiptare, i cili po p\u00ebrpiqet t\u00eb mbuloj\u00eb interesat e tij personale dhe financiare me nj\u00eb lloj modelimi t\u00eb politik\u00ebs son\u00eb komb\u00ebtare, \u00e7ka nuk \u00ebsht\u00eb e v\u00ebrtet\u00eb. <\/p>\n<p>Nuk e kam par\u00eb n\u00eb Tiran\u00eb, as Jeremi\u00e7in, dhe as ndonj\u00eb Minist\u00ebr t\u00eb Ekonomis\u00eb s\u00eb Serbis\u00eb q\u00eb t\u00eb besoj tek reciprociteti, dhe \u00ebsht\u00eb shum\u00eb skandaloze q\u00eb protokolli i mikprit\u00ebsve n\u00eb Beograd ndryshon postet e ministrave q\u00eb pret nga Shqip\u00ebria, por jo emrin e tyre. Ai em\u00ebr \u00ebsht\u00eb gjithmon\u00eb Ilir Meta. Edhe kur ka shkuar aty Ministri i Jasht\u00ebm, edhe kur ka shkuar z\u00ebvend\u00ebskryeministri, edhe kur shkon Ministri i Ekonomis\u00eb, \u00ebsht\u00eb i nj\u00ebjti em\u00ebr: Quhet Ilir Meta.<\/p>\n<p>E dyta gj\u00eb q\u00eb bie n\u00eb sy \u00ebsht\u00eb koha q\u00eb ka zgjedhur p\u00ebr vizit\u00ebn e fundit t\u00eb tij. Ilir Meta e ka shijuar n\u00eb Beograd val\u00ebn m\u00eb t\u00eb fort\u00eb t\u00eb sulmit nd\u00ebrkomb\u00ebtar q\u00eb i \u00ebsht\u00eb b\u00ebr\u00eb Kosov\u00ebs ndonj\u00eb her\u00eb. Komentet shp\u00ebrthyese q\u00eb pasuan raportin e Dik Martit kan\u00eb ndryshuar duksh\u00ebm imazhin e bot\u00ebs p\u00ebr Kosov\u00ebn, dhe e kan\u00eb \u00e7uar n\u00eb qiell t\u00eb shtat\u00eb diplomacin\u00eb serbe me k\u00ebt\u00eb rast. <\/p>\n<p>Kjo i dedikohet m\u00eb s\u00eb shumti forcave t\u00eb moderuara t\u00eb Serbis\u00eb dhe sidomos Boris Tadi\u00e7it, i cili ka mundur q\u00eb me petkun e tij evropian t\u00eb b\u00ebj\u00eb aleat Per\u00ebndimin kund\u00ebr Kosov\u00ebs. Un\u00eb nuk e di si e ka shijuar k\u00ebt\u00eb atmosfere serbe t\u00eb fest\u00ebs kund\u00ebr Kosov\u00ebs Ilir Meta, por \u00ebsht\u00eb e neveritshme ta mendosh se ai ka qen\u00eb pik\u00ebrisht ato dit\u00eb n\u00eb Beograd.<\/p>\n<p>Ministrja e Jashtme e Zvicr\u00ebs  Micheline Calmy-Rey ka refuzuar pardje nj\u00eb dekorate simbolike mir\u00ebnjohje nga p\u00ebrfaq\u00ebsia e Kosov\u00ebs n\u00eb Zvic\u00ebr, me arsyetimin se nuk \u00ebsht\u00eb koh\u00eb e mir\u00eb n\u00eb k\u00ebt\u00eb moment t\u00eb marr\u00eb nj\u00eb dekorat\u00eb nga Kosova. Edhe pse Zvicra \u00ebsht\u00eb nj\u00eb shtet ku kosovar\u00ebt z\u00ebn\u00eb thuajse vendin e par\u00eb nga t\u00eb huajt e integruar aty, zhurma dhe baltosja q\u00eb ka shkaktuar raporti i Dik Martit p\u00ebr Kosov\u00ebn duket se ka b\u00ebr\u00eb t\u00eb vet\u00ebn. <\/p>\n<p>Dhe Ministri i jasht\u00ebm zviceran e ka respektuar k\u00ebt\u00eb frym\u00eb dhe k\u00ebt\u00eb val\u00eb antishqiptare, duke mos u shfaqur n\u00eb an\u00ebn e shqiptar\u00ebve. Si \u00ebsht\u00eb e mundur q\u00eb z\u00ebvend\u00ebskryeministri yn\u00eb nuk skuqet fare nga kjo zhurm\u00eb, por shkon bash n\u00eb zem\u00ebr t\u00eb vendit q\u00eb ka investuar dhe pritur aq shum\u00eb me zgjuarsi dhe durim t\u00eb vij kjo dit\u00eb? <\/p>\n<p>\u00c7far\u00eb race diplomati dhe politikani \u00ebsht\u00eb ky njeri kok\u00ebtul, q\u00eb i erren syt\u00eb kur d\u00ebgjon kontrata KESH-i dhe firma serbe, dhe s&#8217;ka burr\u00eb ta ndal\u00eb p\u00ebr t\u00eb udh\u00ebtuar e festuar mes Beogradit? Si mund ta marr un\u00eb seriozisht pas k\u00ebsaj patriotizmin e Sali Berish\u00ebs, Bamir Topit, Jozefina Topallit apo Edi Ram\u00ebs, q\u00eb flasin p\u00ebr \u201craporte t\u00eb gatuara n\u00eb kuzhin\u00ebn e Beogradit\u201d, dhe nuk flasin p\u00ebr z\u00ebvend\u00ebskryeministrin e tyre q\u00eb e kan\u00eb pas me lug\u00eb n\u00eb brez n\u00eb mes t\u00eb k\u00ebsaj kuzhine?<\/p>\n<p>E ritheksoj se nuk kam paranoja nga raportet me Serbin\u00eb dhe \u00ebsht\u00eb mir\u00eb q\u00eb ato t\u2019i kemi sa m\u00eb t\u00eb hapura, transparente dhe t\u00eb konkurrojm\u00eb me ta me dinjitet p\u00ebr problemin e Kosov\u00ebs. Por kurrsesi nuk duhet t\u00eb arrijm\u00eb n\u00eb k\u00ebt\u00eb standard degradues, kur politika zyrtare mban nj\u00eb q\u00ebndrim t\u00ebr\u00ebsisht t\u00eb vjet\u00ebr dhe arkaik p\u00ebr nj\u00eb \u00e7\u00ebshtje delikate si\u00e7 \u00ebsht\u00eb raporti i Dik Martit dhe i jep pik\u00eb diplomacis\u00eb serbe, kurse nj\u00eb p\u00ebrfaq\u00ebsues i lart\u00eb i k\u00ebtij shteti, numri 2 i qeveris\u00eb, shkon p\u00ebr pun\u00eb private n\u00eb Serbi bash n\u00eb kulmin e situat\u00ebs paradoksale n\u00eb Tiran\u00eb dhe nj\u00eb kohe t\u00eb keqe p\u00ebr Kosov\u00ebn. Ndoshta m\u00eb e keqja p\u00ebr t\u00eb qysh nga marsi i vitit 1999.<\/p>\n","protected":false},"excerpt":{"rendered":"<p>Nga Mero Baze Z\u00ebvend\u00ebskryeministri dhe Ministri i Ekonomis\u00eb, Ilir Meta, ishte dy dit\u00eb m\u00eb par\u00eb n\u00eb Beograd dhe media zyrtare shqiptare raportoi takimin e tij me presidentin serb Boris Tadi\u00e7. P\u00ebr fat t\u00eb keq nuk mor\u00ebm vesh \u00e7far\u00eb i kan\u00eb th\u00ebn\u00eb nj\u00ebri- tjetrit, pasi askush nuk ka mundur t\u00eb citoj\u00eb asnj\u00eb fjali. Por jan\u00eb dy [&hellip;]<\/p>\n","protected":false},"author":1,"featured_media":0,"comment_status":"open","ping_status":"closed","sticky":false,"template":"","format":"standard","meta":{"footnotes":""},"categories":[2],"tags":[],"class_list":{"0":"post-5249","1":"post","2":"type-post","3":"status-publish","4":"format-standard","6":"category-artikuj"},"yoast_head":"<!-- This site is optimized with the Yoast SEO plugin v27.4 - https:\/\/yoast.com\/product\/yoast-seo-wordpress\/ -->\n<title>I p\u00ebrzgjedhuri i Beogradit nga Tirana - FjALA e LIR\u00cb - Arkivi<\/title>\n<meta name=\"robots\" content=\"index, follow, max-snippet:-1, max-image-preview:large, max-video-preview:-1\" \/>\n<link rel=\"canonical\" href=\"https:\/\/fjala.info\/2009-2015\/i-perzgjedhuri-i-beogradit-nga-tirana\/\" \/>\n<meta property=\"og:locale\" content=\"sq_AL\" \/>\n<meta property=\"og:type\" content=\"article\" \/>\n<meta property=\"og:title\" content=\"I p\u00ebrzgjedhuri i Beogradit nga Tirana - FjALA e LIR\u00cb - Arkivi\" \/>\n<meta property=\"og:description\" content=\"Nga Mero Baze Z\u00ebvend\u00ebskryeministri dhe Ministri i Ekonomis\u00eb, Ilir Meta, ishte dy dit\u00eb m\u00eb par\u00eb n\u00eb Beograd dhe media zyrtare shqiptare raportoi takimin e tij me presidentin serb Boris Tadi\u00e7. P\u00ebr fat t\u00eb keq nuk mor\u00ebm vesh \u00e7far\u00eb i kan\u00eb th\u00ebn\u00eb nj\u00ebri- tjetrit, pasi askush nuk ka mundur t\u00eb citoj\u00eb asnj\u00eb fjali. Por jan\u00eb dy [&hellip;]\" \/>\n<meta property=\"og:url\" content=\"https:\/\/fjala.info\/2009-2015\/i-perzgjedhuri-i-beogradit-nga-tirana\/\" \/>\n<meta property=\"og:site_name\" content=\"FjALA e LIR\u00cb - Arkivi\" \/>\n<meta property=\"article:published_time\" content=\"2010-12-18T20:19:05+00:00\" \/>\n<meta property=\"og:image\" content=\"http:\/\/fjala.shkoder.net\/wp-content\/uploads\/2010\/10\/mero_baze1.jpg\" \/>\n<meta name=\"author\" content=\"admin\" \/>\n<meta name=\"twitter:card\" content=\"summary_large_image\" \/>\n<meta name=\"twitter:label1\" content=\"Written by\" \/>\n\t<meta name=\"twitter:data1\" content=\"admin\" \/>\n\t<meta name=\"twitter:label2\" content=\"Est. reading time\" \/>\n\t<meta name=\"twitter:data2\" content=\"5 minutes\" \/>\n<script type=\"application\/ld+json\" class=\"yoast-schema-graph\">{\"@context\":\"https:\\\/\\\/schema.org\",\"@graph\":[{\"@type\":\"Article\",\"@id\":\"https:\\\/\\\/fjala.info\\\/2009-2015\\\/i-perzgjedhuri-i-beogradit-nga-tirana\\\/#article\",\"isPartOf\":{\"@id\":\"https:\\\/\\\/fjala.info\\\/2009-2015\\\/i-perzgjedhuri-i-beogradit-nga-tirana\\\/\"},\"author\":{\"name\":\"admin\",\"@id\":\"https:\\\/\\\/fjala.info\\\/2009-2015\\\/#\\\/schema\\\/person\\\/3aa1163ef05469c496fc94e77611ada2\"},\"headline\":\"I p\u00ebrzgjedhuri i Beogradit nga Tirana\",\"datePublished\":\"2010-12-18T20:19:05+00:00\",\"mainEntityOfPage\":{\"@id\":\"https:\\\/\\\/fjala.info\\\/2009-2015\\\/i-perzgjedhuri-i-beogradit-nga-tirana\\\/\"},\"wordCount\":1058,\"commentCount\":0,\"publisher\":{\"@id\":\"https:\\\/\\\/fjala.info\\\/2009-2015\\\/#organization\"},\"image\":{\"@id\":\"https:\\\/\\\/fjala.info\\\/2009-2015\\\/i-perzgjedhuri-i-beogradit-nga-tirana\\\/#primaryimage\"},\"thumbnailUrl\":\"http:\\\/\\\/fjala.shkoder.net\\\/wp-content\\\/uploads\\\/2010\\\/10\\\/mero_baze1.jpg\",\"articleSection\":[\"Artikuj\"],\"inLanguage\":\"sq-AL\",\"potentialAction\":[{\"@type\":\"CommentAction\",\"name\":\"Comment\",\"target\":[\"https:\\\/\\\/fjala.info\\\/2009-2015\\\/i-perzgjedhuri-i-beogradit-nga-tirana\\\/#respond\"]}]},{\"@type\":\"WebPage\",\"@id\":\"https:\\\/\\\/fjala.info\\\/2009-2015\\\/i-perzgjedhuri-i-beogradit-nga-tirana\\\/\",\"url\":\"https:\\\/\\\/fjala.info\\\/2009-2015\\\/i-perzgjedhuri-i-beogradit-nga-tirana\\\/\",\"name\":\"I p\u00ebrzgjedhuri i Beogradit nga Tirana - FjALA e LIR\u00cb - Arkivi\",\"isPartOf\":{\"@id\":\"https:\\\/\\\/fjala.info\\\/2009-2015\\\/#website\"},\"primaryImageOfPage\":{\"@id\":\"https:\\\/\\\/fjala.info\\\/2009-2015\\\/i-perzgjedhuri-i-beogradit-nga-tirana\\\/#primaryimage\"},\"image\":{\"@id\":\"https:\\\/\\\/fjala.info\\\/2009-2015\\\/i-perzgjedhuri-i-beogradit-nga-tirana\\\/#primaryimage\"},\"thumbnailUrl\":\"http:\\\/\\\/fjala.shkoder.net\\\/wp-content\\\/uploads\\\/2010\\\/10\\\/mero_baze1.jpg\",\"datePublished\":\"2010-12-18T20:19:05+00:00\",\"breadcrumb\":{\"@id\":\"https:\\\/\\\/fjala.info\\\/2009-2015\\\/i-perzgjedhuri-i-beogradit-nga-tirana\\\/#breadcrumb\"},\"inLanguage\":\"sq-AL\",\"potentialAction\":[{\"@type\":\"ReadAction\",\"target\":[\"https:\\\/\\\/fjala.info\\\/2009-2015\\\/i-perzgjedhuri-i-beogradit-nga-tirana\\\/\"]}]},{\"@type\":\"ImageObject\",\"inLanguage\":\"sq-AL\",\"@id\":\"https:\\\/\\\/fjala.info\\\/2009-2015\\\/i-perzgjedhuri-i-beogradit-nga-tirana\\\/#primaryimage\",\"url\":\"http:\\\/\\\/fjala.shkoder.net\\\/wp-content\\\/uploads\\\/2010\\\/10\\\/mero_baze1.jpg\",\"contentUrl\":\"http:\\\/\\\/fjala.shkoder.net\\\/wp-content\\\/uploads\\\/2010\\\/10\\\/mero_baze1.jpg\"},{\"@type\":\"BreadcrumbList\",\"@id\":\"https:\\\/\\\/fjala.info\\\/2009-2015\\\/i-perzgjedhuri-i-beogradit-nga-tirana\\\/#breadcrumb\",\"itemListElement\":[{\"@type\":\"ListItem\",\"position\":1,\"name\":\"Home\",\"item\":\"https:\\\/\\\/fjala.info\\\/2009-2015\\\/\"},{\"@type\":\"ListItem\",\"position\":2,\"name\":\"I p\u00ebrzgjedhuri i Beogradit nga Tirana\"}]},{\"@type\":\"WebSite\",\"@id\":\"https:\\\/\\\/fjala.info\\\/2009-2015\\\/#website\",\"url\":\"https:\\\/\\\/fjala.info\\\/2009-2015\\\/\",\"name\":\"FjALA e LIR\u00cb - Arkivi\",\"description\":\"Arkivi 2009-2015\",\"publisher\":{\"@id\":\"https:\\\/\\\/fjala.info\\\/2009-2015\\\/#organization\"},\"potentialAction\":[{\"@type\":\"SearchAction\",\"target\":{\"@type\":\"EntryPoint\",\"urlTemplate\":\"https:\\\/\\\/fjala.info\\\/2009-2015\\\/?s={search_term_string}\"},\"query-input\":{\"@type\":\"PropertyValueSpecification\",\"valueRequired\":true,\"valueName\":\"search_term_string\"}}],\"inLanguage\":\"sq-AL\"},{\"@type\":\"Organization\",\"@id\":\"https:\\\/\\\/fjala.info\\\/2009-2015\\\/#organization\",\"name\":\"FjALA e LIR\u00cb - Arkivi\",\"url\":\"https:\\\/\\\/fjala.info\\\/2009-2015\\\/\",\"logo\":{\"@type\":\"ImageObject\",\"inLanguage\":\"sq-AL\",\"@id\":\"https:\\\/\\\/fjala.info\\\/2009-2015\\\/#\\\/schema\\\/logo\\\/image\\\/\",\"url\":\"\",\"contentUrl\":\"\",\"caption\":\"FjALA e LIR\u00cb - Arkivi\"},\"image\":{\"@id\":\"https:\\\/\\\/fjala.info\\\/2009-2015\\\/#\\\/schema\\\/logo\\\/image\\\/\"}},{\"@type\":\"Person\",\"@id\":\"https:\\\/\\\/fjala.info\\\/2009-2015\\\/#\\\/schema\\\/person\\\/3aa1163ef05469c496fc94e77611ada2\",\"name\":\"admin\",\"image\":{\"@type\":\"ImageObject\",\"inLanguage\":\"sq-AL\",\"@id\":\"https:\\\/\\\/fjala.info\\\/2009-2015\\\/wp-content\\\/uploads\\\/2012\\\/02\\\/arben_cokaj-120x150.jpg\",\"url\":\"https:\\\/\\\/fjala.info\\\/2009-2015\\\/wp-content\\\/uploads\\\/2012\\\/02\\\/arben_cokaj-120x150.jpg\",\"contentUrl\":\"https:\\\/\\\/fjala.info\\\/2009-2015\\\/wp-content\\\/uploads\\\/2012\\\/02\\\/arben_cokaj-120x150.jpg\",\"caption\":\"admin\"},\"description\":\"Admin, Fjala e Lir\u00eb\",\"sameAs\":[\"https:\\\/\\\/fjala.info\\\/\"],\"url\":\"https:\\\/\\\/fjala.info\\\/2009-2015\\\/author\\\/admin\\\/\"}]}<\/script>\n<!-- \/ Yoast SEO plugin. -->","yoast_head_json":{"title":"I p\u00ebrzgjedhuri i Beogradit nga Tirana - FjALA e LIR\u00cb - Arkivi","robots":{"index":"index","follow":"follow","max-snippet":"max-snippet:-1","max-image-preview":"max-image-preview:large","max-video-preview":"max-video-preview:-1"},"canonical":"https:\/\/fjala.info\/2009-2015\/i-perzgjedhuri-i-beogradit-nga-tirana\/","og_locale":"sq_AL","og_type":"article","og_title":"I p\u00ebrzgjedhuri i Beogradit nga Tirana - FjALA e LIR\u00cb - Arkivi","og_description":"Nga Mero Baze Z\u00ebvend\u00ebskryeministri dhe Ministri i Ekonomis\u00eb, Ilir Meta, ishte dy dit\u00eb m\u00eb par\u00eb n\u00eb Beograd dhe media zyrtare shqiptare raportoi takimin e tij me presidentin serb Boris Tadi\u00e7. P\u00ebr fat t\u00eb keq nuk mor\u00ebm vesh \u00e7far\u00eb i kan\u00eb th\u00ebn\u00eb nj\u00ebri- tjetrit, pasi askush nuk ka mundur t\u00eb citoj\u00eb asnj\u00eb fjali. Por jan\u00eb dy [&hellip;]","og_url":"https:\/\/fjala.info\/2009-2015\/i-perzgjedhuri-i-beogradit-nga-tirana\/","og_site_name":"FjALA e LIR\u00cb - Arkivi","article_published_time":"2010-12-18T20:19:05+00:00","og_image":[{"url":"http:\/\/fjala.shkoder.net\/wp-content\/uploads\/2010\/10\/mero_baze1.jpg","type":"","width":"","height":""}],"author":"admin","twitter_card":"summary_large_image","twitter_misc":{"Written by":"admin","Est. reading time":"5 minutes"},"schema":{"@context":"https:\/\/schema.org","@graph":[{"@type":"Article","@id":"https:\/\/fjala.info\/2009-2015\/i-perzgjedhuri-i-beogradit-nga-tirana\/#article","isPartOf":{"@id":"https:\/\/fjala.info\/2009-2015\/i-perzgjedhuri-i-beogradit-nga-tirana\/"},"author":{"name":"admin","@id":"https:\/\/fjala.info\/2009-2015\/#\/schema\/person\/3aa1163ef05469c496fc94e77611ada2"},"headline":"I p\u00ebrzgjedhuri i Beogradit nga Tirana","datePublished":"2010-12-18T20:19:05+00:00","mainEntityOfPage":{"@id":"https:\/\/fjala.info\/2009-2015\/i-perzgjedhuri-i-beogradit-nga-tirana\/"},"wordCount":1058,"commentCount":0,"publisher":{"@id":"https:\/\/fjala.info\/2009-2015\/#organization"},"image":{"@id":"https:\/\/fjala.info\/2009-2015\/i-perzgjedhuri-i-beogradit-nga-tirana\/#primaryimage"},"thumbnailUrl":"http:\/\/fjala.shkoder.net\/wp-content\/uploads\/2010\/10\/mero_baze1.jpg","articleSection":["Artikuj"],"inLanguage":"sq-AL","potentialAction":[{"@type":"CommentAction","name":"Comment","target":["https:\/\/fjala.info\/2009-2015\/i-perzgjedhuri-i-beogradit-nga-tirana\/#respond"]}]},{"@type":"WebPage","@id":"https:\/\/fjala.info\/2009-2015\/i-perzgjedhuri-i-beogradit-nga-tirana\/","url":"https:\/\/fjala.info\/2009-2015\/i-perzgjedhuri-i-beogradit-nga-tirana\/","name":"I p\u00ebrzgjedhuri i Beogradit nga Tirana - FjALA e LIR\u00cb - Arkivi","isPartOf":{"@id":"https:\/\/fjala.info\/2009-2015\/#website"},"primaryImageOfPage":{"@id":"https:\/\/fjala.info\/2009-2015\/i-perzgjedhuri-i-beogradit-nga-tirana\/#primaryimage"},"image":{"@id":"https:\/\/fjala.info\/2009-2015\/i-perzgjedhuri-i-beogradit-nga-tirana\/#primaryimage"},"thumbnailUrl":"http:\/\/fjala.shkoder.net\/wp-content\/uploads\/2010\/10\/mero_baze1.jpg","datePublished":"2010-12-18T20:19:05+00:00","breadcrumb":{"@id":"https:\/\/fjala.info\/2009-2015\/i-perzgjedhuri-i-beogradit-nga-tirana\/#breadcrumb"},"inLanguage":"sq-AL","potentialAction":[{"@type":"ReadAction","target":["https:\/\/fjala.info\/2009-2015\/i-perzgjedhuri-i-beogradit-nga-tirana\/"]}]},{"@type":"ImageObject","inLanguage":"sq-AL","@id":"https:\/\/fjala.info\/2009-2015\/i-perzgjedhuri-i-beogradit-nga-tirana\/#primaryimage","url":"http:\/\/fjala.shkoder.net\/wp-content\/uploads\/2010\/10\/mero_baze1.jpg","contentUrl":"http:\/\/fjala.shkoder.net\/wp-content\/uploads\/2010\/10\/mero_baze1.jpg"},{"@type":"BreadcrumbList","@id":"https:\/\/fjala.info\/2009-2015\/i-perzgjedhuri-i-beogradit-nga-tirana\/#breadcrumb","itemListElement":[{"@type":"ListItem","position":1,"name":"Home","item":"https:\/\/fjala.info\/2009-2015\/"},{"@type":"ListItem","position":2,"name":"I p\u00ebrzgjedhuri i Beogradit nga Tirana"}]},{"@type":"WebSite","@id":"https:\/\/fjala.info\/2009-2015\/#website","url":"https:\/\/fjala.info\/2009-2015\/","name":"FjALA e LIR\u00cb - Arkivi","description":"Arkivi 2009-2015","publisher":{"@id":"https:\/\/fjala.info\/2009-2015\/#organization"},"potentialAction":[{"@type":"SearchAction","target":{"@type":"EntryPoint","urlTemplate":"https:\/\/fjala.info\/2009-2015\/?s={search_term_string}"},"query-input":{"@type":"PropertyValueSpecification","valueRequired":true,"valueName":"search_term_string"}}],"inLanguage":"sq-AL"},{"@type":"Organization","@id":"https:\/\/fjala.info\/2009-2015\/#organization","name":"FjALA e LIR\u00cb - Arkivi","url":"https:\/\/fjala.info\/2009-2015\/","logo":{"@type":"ImageObject","inLanguage":"sq-AL","@id":"https:\/\/fjala.info\/2009-2015\/#\/schema\/logo\/image\/","url":"","contentUrl":"","caption":"FjALA e LIR\u00cb - Arkivi"},"image":{"@id":"https:\/\/fjala.info\/2009-2015\/#\/schema\/logo\/image\/"}},{"@type":"Person","@id":"https:\/\/fjala.info\/2009-2015\/#\/schema\/person\/3aa1163ef05469c496fc94e77611ada2","name":"admin","image":{"@type":"ImageObject","inLanguage":"sq-AL","@id":"https:\/\/fjala.info\/2009-2015\/wp-content\/uploads\/2012\/02\/arben_cokaj-120x150.jpg","url":"https:\/\/fjala.info\/2009-2015\/wp-content\/uploads\/2012\/02\/arben_cokaj-120x150.jpg","contentUrl":"https:\/\/fjala.info\/2009-2015\/wp-content\/uploads\/2012\/02\/arben_cokaj-120x150.jpg","caption":"admin"},"description":"Admin, Fjala e Lir\u00eb","sameAs":["https:\/\/fjala.info\/"],"url":"https:\/\/fjala.info\/2009-2015\/author\/admin\/"}]}},"_links":{"self":[{"href":"https:\/\/fjala.info\/2009-2015\/wp-json\/wp\/v2\/posts\/5249","targetHints":{"allow":["GET"]}}],"collection":[{"href":"https:\/\/fjala.info\/2009-2015\/wp-json\/wp\/v2\/posts"}],"about":[{"href":"https:\/\/fjala.info\/2009-2015\/wp-json\/wp\/v2\/types\/post"}],"author":[{"embeddable":true,"href":"https:\/\/fjala.info\/2009-2015\/wp-json\/wp\/v2\/users\/1"}],"replies":[{"embeddable":true,"href":"https:\/\/fjala.info\/2009-2015\/wp-json\/wp\/v2\/comments?post=5249"}],"version-history":[{"count":0,"href":"https:\/\/fjala.info\/2009-2015\/wp-json\/wp\/v2\/posts\/5249\/revisions"}],"wp:attachment":[{"href":"https:\/\/fjala.info\/2009-2015\/wp-json\/wp\/v2\/media?parent=5249"}],"wp:term":[{"taxonomy":"category","embeddable":true,"href":"https:\/\/fjala.info\/2009-2015\/wp-json\/wp\/v2\/categories?post=5249"},{"taxonomy":"post_tag","embeddable":true,"href":"https:\/\/fjala.info\/2009-2015\/wp-json\/wp\/v2\/tags?post=5249"}],"curies":[{"name":"wp","href":"https:\/\/api.w.org\/{rel}","templated":true}]}}