{"id":5245,"date":"2010-12-18T09:34:05","date_gmt":"2010-12-18T08:34:05","guid":{"rendered":"http:\/\/fjala.shkoder.net\/?p=5245"},"modified":"2010-12-18T09:34:05","modified_gmt":"2010-12-18T08:34:05","slug":"pluralizmi-i-munguar","status":"publish","type":"post","link":"https:\/\/fjala.info\/2009-2015\/pluralizmi-i-munguar\/","title":{"rendered":"Pluralizmi i munguar"},"content":{"rendered":"<p><img loading=\"lazy\" decoding=\"async\" src=\"http:\/\/fjala.shkoder.net\/wp-content\/uploads\/2010\/12\/torta_pd_2010.jpg\" alt=\"\" title=\"torta_pd_2010\" width=\"215\" height=\"170\" class=\"alignleft size-full wp-image-5247\" \/><br \/>\nNga: <strong>AFRIM KRASNIQI <\/strong><\/p>\n<p><em>TIRANE<\/em> &#8211; 20 vjet m\u00eb par\u00eb n\u00eb Shqip\u00ebri u rivendos pluralizmi politik. Me nj\u00eb model minor demokracie t\u00eb referueshme (vitet 1920-23) pjesa tjet\u00ebr e historis\u00eb gati 80 vjecare u dominua nga regjime personale autoritare. Kjo e b\u00ebn pluralizmin e pas viteve 90, dekadat e para n\u00eb sistem demokratik. 20 vjet m\u00eb par\u00eb shpresa p\u00ebr nj\u00eb Shqip\u00ebri europiane u b\u00eb lajmotivi i pluralizmit politik, n\u00eb kund\u00ebrshtim me tez\u00ebn e regjimit n\u00eb ikje se kjo ishte nj\u00eb ide e gabuar p\u00ebr realitetin shqiptar.<\/p>\n<p>Dy dekada jan\u00eb pak p\u00ebr nj\u00eb popull pa tradit\u00eb demokracie, dhe nj\u00ebher\u00ebsh jan\u00eb shum\u00eb p\u00ebr nj\u00eb popull t\u00eb uritur p\u00ebr liri. N\u00eb aspektin formal sistemi politik i k\u00ebtyre viteve ka p\u00ebsuar shum\u00eb ndryshime. Nga nj\u00eb parti &#8211; shtet sot kemi 73 parti politike, 6 prej tyre p\u00ebrfaq\u00ebson n\u00eb parlament, 10 p\u00ebrfaq\u00ebsohen n\u00eb qeverin\u00eb q\u00ebndrore, 23 p\u00ebrfaq\u00ebsohen n\u00eb organet e qeverisjes vendore.<\/p>\n<p>Askush nuk detyrohet t\u00eb hyj\u00eb me forc\u00eb n\u00eb nj\u00eb parti ose t\u00eb dal\u00eb prej saj, askush nuk d\u00ebnohet ose nd\u00ebrshkohet p\u00ebr mendimet e tij politike, media krijon hap\u00ebsir\u00eb shprehjeje dhe kushdo mund t\u00eb b\u00ebj\u00eb greva, protesta, peticione etj, pa frik\u00ebn e nd\u00ebrshkimit personal e familjar. \u00c7do dy vjet zhvillojm\u00eb zgjedhje (parlamentare e lokale), kemi parlament dhe qeveri, votojm\u00eb p\u00ebr president dhe bashki, kemi b\u00ebr\u00eb referendum dhe kemi kushtetut\u00eb.<\/p>\n<p>Ky bilanc skematik jep p\u00ebrshtypjen se pluralizmi n\u00eb Shqip\u00ebri \u00ebsht\u00eb funksional dhe n\u00ebse do t\u00eb ishte k\u00ebshtu, shqiptar\u00ebt kan\u00eb arsye ta festojn\u00eb me shampanj\u00eb 20 vjetorin e pluralizmit. Nj\u00eb analiz\u00eb tjet\u00ebr, m\u00eb n\u00eb brend\u00ebsi, cfar\u00eb ofron pluralizmi i sot\u00ebm dhe sa real \u00ebsht\u00eb ai n\u00eb raport me pluralizmin funksional per\u00ebndimor, jep nj\u00eb konkluzion tjet\u00ebr. Raportet nd\u00ebrkomb\u00ebtare (i fundit ai ni BE-s\u00eb) theksojn\u00eb se Shqip\u00ebria nuk ka p\u00ebrmbushur kriteret e Kopenhagenit, nuk ka mature politike, nuk ka demokraci funksionale dhe se shanset e saj p\u00ebr n\u00eb BE jan\u00eb ende minimale.<\/p>\n<p>Brenda vendit nj\u00eb sondazh i besuesh\u00ebm mbi ecjen 20 vjecare arriti n\u00eb p\u00ebrfundimin se shumica e shqiptar\u00ebve jan\u00eb t\u00eb pak\u00ebnaqur me tranzicionin, se shumica absolute e tyre e konsiderojn\u00eb politik\u00ebn biznesin kryesor dhe vet\u00eb politikan\u00ebt si njer\u00ebz mbi ligjin, se pritjet e m\u00ebdha jan\u00eb shoq\u00ebruar me zhg\u00ebnjime t\u00eb m\u00ebdha dhe se p\u00ebrgjegj\u00ebse p\u00ebr d\u00ebshtimet \u00ebsht\u00eb vet\u00eb klasa drejtuese politike n\u00eb vite.<\/p>\n<p>Mjaftojn\u00eb k\u00ebto dy konkluzione (nd\u00ebrkomb\u00ebtare dhe shqiptare) p\u00ebr t\u00eb arritur n\u00eb konkluzionin se m\u00eb 1990 shqiptar\u00ebt fituan pluralizmin politik, por pas 20 vjet\u00ebsh ende nuk kan\u00eb fituar demokracin\u00eb funksionale. Numri plural i partive konkurruese \u00ebsht\u00eb nj\u00eb gj\u00eb, por t\u00eb kesh parti politike modern, vizionare, programore e demokratike \u00ebsht\u00eb nj\u00eb gj\u00eb tjet\u00ebr. Pas 20 vitesh Shqip\u00ebria ka parti, por ato jan\u00eb shum\u00eb m\u00eb pak demokratike, shum\u00eb m\u00eb pak konkurruese, shum\u00eb m\u00eb pak alternative, shum\u00eb m\u00eb pak programore dhe shum\u00eb m\u00eb pak idealiste e motivuese sesa n\u00eb vitet e para t\u00eb demokracis\u00eb.<\/p>\n<p>T\u00eb sundosh n\u00eb em\u00ebr t\u00eb shumic\u00ebs, t\u00eb bllokosh n\u00eb em\u00ebr t\u00eb minoranc\u00ebs, t\u00eb aplikosh demokracin\u00eb e kartonave, t\u00eb ruash apo t\u00eb marr\u00ebsh pushtetin p\u00ebrmes manipulimit, t\u00eb krijosh rrjet oligark mbi institucionet publike dhe ta trajtosh paran\u00eb publike si nj\u00eb mall pa zot, asnj\u00eb nga k\u00ebto nuk ka lidhje me parimet e demokracis\u00eb, mbi t\u00eb cilat bazohet pluralizmi funksional politik. T\u00eb krijosh institucione dhe t\u00eb hartosh kushtetut\u00eb demokratike \u00ebsht\u00eb nj\u00eb gj\u00eb, por t\u00eb pranosh n\u00eb praktik\u00eb parimet kushtetuese, pavar\u00ebsin\u00eb e institucioneve dhe ndarjen e balanc\u00ebn e pushteteve \u00ebsht\u00eb nj\u00eb gj\u00eb tjet\u00ebr. T\u00eb b\u00ebsh zgjedhje periodike nuk mjafton.<\/p>\n<p>Ato duhet t\u00eb jen\u00eb zgjidhje p\u00ebr problemet, t\u00eb ken\u00eb alternativ\u00eb, t\u00eb ken\u00eb produkt legjitim, t\u00eb pranohen, t\u00eb sjellin zhvillim e stabilitet, t\u00eb b\u00ebhen nxit\u00ebse dhe jo penges\u00eb e proceseve integruese. Zgjedhjet n\u00eb Shqip\u00ebri kan\u00eb qen\u00eb nj\u00eb histori d\u00ebshtimi, dhe kur themeli i demokracis\u00eb bazohet mbi d\u00ebshtimin, produkti i tyre leht\u00ebsisht \u00ebsht\u00eb i brisht\u00eb. Pas 20 vjet\u00ebsh ne kemi demokraci mendimi, por ende nuk kemi demokraci funksionale. Fjala e th\u00ebn\u00eb hapur nuk ka vler\u00eb dhe shoq\u00ebria vepron si nj\u00eb rreth i mbyllur.<\/p>\n<p>Politika, biznesi, media, shoq\u00ebria civile e cdo segment tjet\u00ebr i shoq\u00ebris\u00eb veprojn\u00eb si monopol n\u00eb duart e pak njer\u00ebzve, publiku nuk ka mekanizma p\u00ebr mbrojtjen e interesave t\u00eb tij. Jeta politike vuan nga pushteti ekstra kushtetues i partive dhe lider\u00ebve politik\u00eb t\u00eb radh\u00ebs, nuk ka ende konkurrenc\u00eb t\u00eb pranuar n\u00eb parti dhe jasht\u00eb tyre, n\u00eb elektorat; nuk ka ende sistem karriere profesional dhe gar\u00eb idesh, nuk ka ende institucione t\u00eb besueshme e funksionale q\u00eb japin drejt\u00ebsi dhe mbrojn\u00eb sistemin kushtetues, ne ende kemi lider t\u00eb fort\u00eb, parti t\u00eb forta, por nuk kemi institucione t\u00eb forta. \u00c7far\u00eb duhet t\u00eb ndodh\u00eb q\u00eb pluralizmi politik t\u00eb jet\u00eb funksional? Ideale do t\u00eb ishte vet\u00eb nd\u00ebrgjegj\u00ebsimi i lider\u00ebve dhe aktor\u00ebve vendimmarr\u00ebs, gj\u00eb q\u00eb mbetet utopi.<\/p>\n<p>Mekanizmi i dyt\u00eb do t\u00eb ishte presioni brenda partive p\u00ebr zgjedhje e konkurrim vlerash, gj\u00eb q\u00eb n\u00eb PD, PS, LSI e parti t\u00eb tjera nuk pritet t\u00eb ndodh\u00eb. Form\u00eb demokratike mund t\u00eb jet\u00eb detyrimi i partive p\u00ebr zgjedhje 1 an\u00ebtar &#8211; 1 vot\u00eb, por nj\u00eb nism\u00eb e till\u00eb e marr\u00eb nga Instituti Demokratik Amerikan nuk dha sukses. Mjet nxit\u00ebs mund t\u00eb jet\u00eb ndryshimi i sistemit zgjedhor p\u00ebr t\u00eb krijuar m\u00eb shum\u00eb shanse p\u00ebr parti t\u00eb reja (psh Kosova suksesi me Vetvendosjen), kalimi n\u00eb votimin me lista t\u00eb hapura (e kan\u00eb 12 vende europiane), apo edhe m\u00eb tej, kalimi n\u00eb zgjedhje direkte t\u00eb Presidentit, t\u00eb deputet\u00ebve etj.<\/p>\n<p>N\u00eb sistemin kushtetues zgjidhje afatgjat\u00eb mund t\u00eb jet\u00eb kalimi n\u00eb sistemin me dy dhoma parlamentare, nj\u00eb senat q\u00eb kontrollon dhe garanton stabilitetin demokratik apo liberalizimi i vendimmarrjes p\u00ebrmes demokracis\u00eb direkte (referendumeve). N\u00eb aspektin shoq\u00ebror mjet ndihm\u00ebs mund t\u00eb jet\u00eb presioni pozitiv i grupeve civile p\u00ebr transparenc\u00eb financiare e politike t\u00eb partive, zgjerim t\u00eb kontrollit demokratik dhe llogaridh\u00ebnies s\u00eb institucioneve apo p\u00ebr l\u00ebvizje qytetare kund\u00ebr cdo forme abuzimi t\u00eb politik\u00ebs me ligjin dhe pasurit\u00eb publike.<\/p>\n<p>Natyrisht q\u00eb nuk ka zgjidhje mekanike, cdo zgjidhje k\u00ebrkon koh\u00eb, energji, vullnet dhe p\u00ebrkushtim, ndaj edhe secila prej tyre m\u00eb vete ose t\u00eb gjitha s\u00eb bashku mund t\u00eb jen\u00eb rruga e vetme p\u00ebr t\u00eb ndryshuar gjendjen parademokratike t\u00eb politik\u00ebs shqiptare. 20 vjetori i pluralizmit nuk mjafton t\u00eb kujtohet me fjal\u00eb, fjalime apo koncerte. Ai duhej t\u00eb ishte nj\u00eb moment bilanci e reflektimi p\u00ebr gjerat q\u00eb u b\u00ebn\u00eb mir\u00eb, p\u00ebr ato q\u00eb u b\u00ebn\u00eb keq dhe p\u00ebr ato q\u00eb duhen b\u00ebr\u00eb n\u00eb 20 vitet e ardhshme, n\u00eb m\u00ebnyr\u00eb q\u00eb pluralizmin t\u00eb mos e trajtojm\u00eb si nj\u00eb dukuri negative por ashtu sic duhet t\u00eb jet\u00eb, nj\u00eb pasuri e madhe komb\u00ebtare.<\/p>\n<p>(<em>G.SH\/BalkanWeb<\/em>)<\/p>\n","protected":false},"excerpt":{"rendered":"<p>Nga: AFRIM KRASNIQI TIRANE &#8211; 20 vjet m\u00eb par\u00eb n\u00eb Shqip\u00ebri u rivendos pluralizmi politik. Me nj\u00eb model minor demokracie t\u00eb referueshme (vitet 1920-23) pjesa tjet\u00ebr e historis\u00eb gati 80 vjecare u dominua nga regjime personale autoritare. Kjo e b\u00ebn pluralizmin e pas viteve 90, dekadat e para n\u00eb sistem demokratik. 20 vjet m\u00eb par\u00eb [&hellip;]<\/p>\n","protected":false},"author":1,"featured_media":0,"comment_status":"open","ping_status":"closed","sticky":false,"template":"","format":"standard","meta":{"footnotes":""},"categories":[2],"tags":[],"class_list":{"0":"post-5245","1":"post","2":"type-post","3":"status-publish","4":"format-standard","6":"category-artikuj"},"yoast_head":"<!-- This site is optimized with the Yoast SEO plugin v27.4 - https:\/\/yoast.com\/product\/yoast-seo-wordpress\/ -->\n<title>Pluralizmi i munguar - FjALA e LIR\u00cb - Arkivi<\/title>\n<meta name=\"robots\" content=\"index, follow, max-snippet:-1, max-image-preview:large, max-video-preview:-1\" \/>\n<link rel=\"canonical\" href=\"https:\/\/fjala.info\/2009-2015\/pluralizmi-i-munguar\/\" \/>\n<meta property=\"og:locale\" content=\"sq_AL\" \/>\n<meta property=\"og:type\" content=\"article\" \/>\n<meta property=\"og:title\" content=\"Pluralizmi i munguar - FjALA e LIR\u00cb - Arkivi\" \/>\n<meta property=\"og:description\" content=\"Nga: AFRIM KRASNIQI TIRANE &#8211; 20 vjet m\u00eb par\u00eb n\u00eb Shqip\u00ebri u rivendos pluralizmi politik. Me nj\u00eb model minor demokracie t\u00eb referueshme (vitet 1920-23) pjesa tjet\u00ebr e historis\u00eb gati 80 vjecare u dominua nga regjime personale autoritare. Kjo e b\u00ebn pluralizmin e pas viteve 90, dekadat e para n\u00eb sistem demokratik. 20 vjet m\u00eb par\u00eb [&hellip;]\" \/>\n<meta property=\"og:url\" content=\"https:\/\/fjala.info\/2009-2015\/pluralizmi-i-munguar\/\" \/>\n<meta property=\"og:site_name\" content=\"FjALA e LIR\u00cb - Arkivi\" \/>\n<meta property=\"article:published_time\" content=\"2010-12-18T08:34:05+00:00\" \/>\n<meta property=\"og:image\" content=\"http:\/\/fjala.shkoder.net\/wp-content\/uploads\/2010\/12\/torta_pd_2010.jpg\" \/>\n<meta name=\"author\" content=\"admin\" \/>\n<meta name=\"twitter:card\" content=\"summary_large_image\" \/>\n<meta name=\"twitter:label1\" content=\"Written by\" \/>\n\t<meta name=\"twitter:data1\" content=\"admin\" \/>\n\t<meta name=\"twitter:label2\" content=\"Est. reading time\" \/>\n\t<meta name=\"twitter:data2\" content=\"6 minutes\" \/>\n<script type=\"application\/ld+json\" class=\"yoast-schema-graph\">{\"@context\":\"https:\\\/\\\/schema.org\",\"@graph\":[{\"@type\":\"Article\",\"@id\":\"https:\\\/\\\/fjala.info\\\/2009-2015\\\/pluralizmi-i-munguar\\\/#article\",\"isPartOf\":{\"@id\":\"https:\\\/\\\/fjala.info\\\/2009-2015\\\/pluralizmi-i-munguar\\\/\"},\"author\":{\"name\":\"admin\",\"@id\":\"https:\\\/\\\/fjala.info\\\/2009-2015\\\/#\\\/schema\\\/person\\\/3aa1163ef05469c496fc94e77611ada2\"},\"headline\":\"Pluralizmi i munguar\",\"datePublished\":\"2010-12-18T08:34:05+00:00\",\"mainEntityOfPage\":{\"@id\":\"https:\\\/\\\/fjala.info\\\/2009-2015\\\/pluralizmi-i-munguar\\\/\"},\"wordCount\":1156,\"commentCount\":0,\"publisher\":{\"@id\":\"https:\\\/\\\/fjala.info\\\/2009-2015\\\/#organization\"},\"image\":{\"@id\":\"https:\\\/\\\/fjala.info\\\/2009-2015\\\/pluralizmi-i-munguar\\\/#primaryimage\"},\"thumbnailUrl\":\"http:\\\/\\\/fjala.shkoder.net\\\/wp-content\\\/uploads\\\/2010\\\/12\\\/torta_pd_2010.jpg\",\"articleSection\":[\"Artikuj\"],\"inLanguage\":\"sq-AL\",\"potentialAction\":[{\"@type\":\"CommentAction\",\"name\":\"Comment\",\"target\":[\"https:\\\/\\\/fjala.info\\\/2009-2015\\\/pluralizmi-i-munguar\\\/#respond\"]}]},{\"@type\":\"WebPage\",\"@id\":\"https:\\\/\\\/fjala.info\\\/2009-2015\\\/pluralizmi-i-munguar\\\/\",\"url\":\"https:\\\/\\\/fjala.info\\\/2009-2015\\\/pluralizmi-i-munguar\\\/\",\"name\":\"Pluralizmi i munguar - FjALA e LIR\u00cb - Arkivi\",\"isPartOf\":{\"@id\":\"https:\\\/\\\/fjala.info\\\/2009-2015\\\/#website\"},\"primaryImageOfPage\":{\"@id\":\"https:\\\/\\\/fjala.info\\\/2009-2015\\\/pluralizmi-i-munguar\\\/#primaryimage\"},\"image\":{\"@id\":\"https:\\\/\\\/fjala.info\\\/2009-2015\\\/pluralizmi-i-munguar\\\/#primaryimage\"},\"thumbnailUrl\":\"http:\\\/\\\/fjala.shkoder.net\\\/wp-content\\\/uploads\\\/2010\\\/12\\\/torta_pd_2010.jpg\",\"datePublished\":\"2010-12-18T08:34:05+00:00\",\"breadcrumb\":{\"@id\":\"https:\\\/\\\/fjala.info\\\/2009-2015\\\/pluralizmi-i-munguar\\\/#breadcrumb\"},\"inLanguage\":\"sq-AL\",\"potentialAction\":[{\"@type\":\"ReadAction\",\"target\":[\"https:\\\/\\\/fjala.info\\\/2009-2015\\\/pluralizmi-i-munguar\\\/\"]}]},{\"@type\":\"ImageObject\",\"inLanguage\":\"sq-AL\",\"@id\":\"https:\\\/\\\/fjala.info\\\/2009-2015\\\/pluralizmi-i-munguar\\\/#primaryimage\",\"url\":\"http:\\\/\\\/fjala.shkoder.net\\\/wp-content\\\/uploads\\\/2010\\\/12\\\/torta_pd_2010.jpg\",\"contentUrl\":\"http:\\\/\\\/fjala.shkoder.net\\\/wp-content\\\/uploads\\\/2010\\\/12\\\/torta_pd_2010.jpg\"},{\"@type\":\"BreadcrumbList\",\"@id\":\"https:\\\/\\\/fjala.info\\\/2009-2015\\\/pluralizmi-i-munguar\\\/#breadcrumb\",\"itemListElement\":[{\"@type\":\"ListItem\",\"position\":1,\"name\":\"Home\",\"item\":\"https:\\\/\\\/fjala.info\\\/2009-2015\\\/\"},{\"@type\":\"ListItem\",\"position\":2,\"name\":\"Pluralizmi i munguar\"}]},{\"@type\":\"WebSite\",\"@id\":\"https:\\\/\\\/fjala.info\\\/2009-2015\\\/#website\",\"url\":\"https:\\\/\\\/fjala.info\\\/2009-2015\\\/\",\"name\":\"FjALA e LIR\u00cb - Arkivi\",\"description\":\"Arkivi 2009-2015\",\"publisher\":{\"@id\":\"https:\\\/\\\/fjala.info\\\/2009-2015\\\/#organization\"},\"potentialAction\":[{\"@type\":\"SearchAction\",\"target\":{\"@type\":\"EntryPoint\",\"urlTemplate\":\"https:\\\/\\\/fjala.info\\\/2009-2015\\\/?s={search_term_string}\"},\"query-input\":{\"@type\":\"PropertyValueSpecification\",\"valueRequired\":true,\"valueName\":\"search_term_string\"}}],\"inLanguage\":\"sq-AL\"},{\"@type\":\"Organization\",\"@id\":\"https:\\\/\\\/fjala.info\\\/2009-2015\\\/#organization\",\"name\":\"FjALA e LIR\u00cb - Arkivi\",\"url\":\"https:\\\/\\\/fjala.info\\\/2009-2015\\\/\",\"logo\":{\"@type\":\"ImageObject\",\"inLanguage\":\"sq-AL\",\"@id\":\"https:\\\/\\\/fjala.info\\\/2009-2015\\\/#\\\/schema\\\/logo\\\/image\\\/\",\"url\":\"\",\"contentUrl\":\"\",\"caption\":\"FjALA e LIR\u00cb - Arkivi\"},\"image\":{\"@id\":\"https:\\\/\\\/fjala.info\\\/2009-2015\\\/#\\\/schema\\\/logo\\\/image\\\/\"}},{\"@type\":\"Person\",\"@id\":\"https:\\\/\\\/fjala.info\\\/2009-2015\\\/#\\\/schema\\\/person\\\/3aa1163ef05469c496fc94e77611ada2\",\"name\":\"admin\",\"image\":{\"@type\":\"ImageObject\",\"inLanguage\":\"sq-AL\",\"@id\":\"https:\\\/\\\/fjala.info\\\/2009-2015\\\/wp-content\\\/uploads\\\/2012\\\/02\\\/arben_cokaj-120x150.jpg\",\"url\":\"https:\\\/\\\/fjala.info\\\/2009-2015\\\/wp-content\\\/uploads\\\/2012\\\/02\\\/arben_cokaj-120x150.jpg\",\"contentUrl\":\"https:\\\/\\\/fjala.info\\\/2009-2015\\\/wp-content\\\/uploads\\\/2012\\\/02\\\/arben_cokaj-120x150.jpg\",\"caption\":\"admin\"},\"description\":\"Admin, Fjala e Lir\u00eb\",\"sameAs\":[\"https:\\\/\\\/fjala.info\\\/\"],\"url\":\"https:\\\/\\\/fjala.info\\\/2009-2015\\\/author\\\/admin\\\/\"}]}<\/script>\n<!-- \/ Yoast SEO plugin. -->","yoast_head_json":{"title":"Pluralizmi i munguar - FjALA e LIR\u00cb - Arkivi","robots":{"index":"index","follow":"follow","max-snippet":"max-snippet:-1","max-image-preview":"max-image-preview:large","max-video-preview":"max-video-preview:-1"},"canonical":"https:\/\/fjala.info\/2009-2015\/pluralizmi-i-munguar\/","og_locale":"sq_AL","og_type":"article","og_title":"Pluralizmi i munguar - FjALA e LIR\u00cb - Arkivi","og_description":"Nga: AFRIM KRASNIQI TIRANE &#8211; 20 vjet m\u00eb par\u00eb n\u00eb Shqip\u00ebri u rivendos pluralizmi politik. Me nj\u00eb model minor demokracie t\u00eb referueshme (vitet 1920-23) pjesa tjet\u00ebr e historis\u00eb gati 80 vjecare u dominua nga regjime personale autoritare. Kjo e b\u00ebn pluralizmin e pas viteve 90, dekadat e para n\u00eb sistem demokratik. 20 vjet m\u00eb par\u00eb [&hellip;]","og_url":"https:\/\/fjala.info\/2009-2015\/pluralizmi-i-munguar\/","og_site_name":"FjALA e LIR\u00cb - Arkivi","article_published_time":"2010-12-18T08:34:05+00:00","og_image":[{"url":"http:\/\/fjala.shkoder.net\/wp-content\/uploads\/2010\/12\/torta_pd_2010.jpg","type":"","width":"","height":""}],"author":"admin","twitter_card":"summary_large_image","twitter_misc":{"Written by":"admin","Est. reading time":"6 minutes"},"schema":{"@context":"https:\/\/schema.org","@graph":[{"@type":"Article","@id":"https:\/\/fjala.info\/2009-2015\/pluralizmi-i-munguar\/#article","isPartOf":{"@id":"https:\/\/fjala.info\/2009-2015\/pluralizmi-i-munguar\/"},"author":{"name":"admin","@id":"https:\/\/fjala.info\/2009-2015\/#\/schema\/person\/3aa1163ef05469c496fc94e77611ada2"},"headline":"Pluralizmi i munguar","datePublished":"2010-12-18T08:34:05+00:00","mainEntityOfPage":{"@id":"https:\/\/fjala.info\/2009-2015\/pluralizmi-i-munguar\/"},"wordCount":1156,"commentCount":0,"publisher":{"@id":"https:\/\/fjala.info\/2009-2015\/#organization"},"image":{"@id":"https:\/\/fjala.info\/2009-2015\/pluralizmi-i-munguar\/#primaryimage"},"thumbnailUrl":"http:\/\/fjala.shkoder.net\/wp-content\/uploads\/2010\/12\/torta_pd_2010.jpg","articleSection":["Artikuj"],"inLanguage":"sq-AL","potentialAction":[{"@type":"CommentAction","name":"Comment","target":["https:\/\/fjala.info\/2009-2015\/pluralizmi-i-munguar\/#respond"]}]},{"@type":"WebPage","@id":"https:\/\/fjala.info\/2009-2015\/pluralizmi-i-munguar\/","url":"https:\/\/fjala.info\/2009-2015\/pluralizmi-i-munguar\/","name":"Pluralizmi i munguar - FjALA e LIR\u00cb - Arkivi","isPartOf":{"@id":"https:\/\/fjala.info\/2009-2015\/#website"},"primaryImageOfPage":{"@id":"https:\/\/fjala.info\/2009-2015\/pluralizmi-i-munguar\/#primaryimage"},"image":{"@id":"https:\/\/fjala.info\/2009-2015\/pluralizmi-i-munguar\/#primaryimage"},"thumbnailUrl":"http:\/\/fjala.shkoder.net\/wp-content\/uploads\/2010\/12\/torta_pd_2010.jpg","datePublished":"2010-12-18T08:34:05+00:00","breadcrumb":{"@id":"https:\/\/fjala.info\/2009-2015\/pluralizmi-i-munguar\/#breadcrumb"},"inLanguage":"sq-AL","potentialAction":[{"@type":"ReadAction","target":["https:\/\/fjala.info\/2009-2015\/pluralizmi-i-munguar\/"]}]},{"@type":"ImageObject","inLanguage":"sq-AL","@id":"https:\/\/fjala.info\/2009-2015\/pluralizmi-i-munguar\/#primaryimage","url":"http:\/\/fjala.shkoder.net\/wp-content\/uploads\/2010\/12\/torta_pd_2010.jpg","contentUrl":"http:\/\/fjala.shkoder.net\/wp-content\/uploads\/2010\/12\/torta_pd_2010.jpg"},{"@type":"BreadcrumbList","@id":"https:\/\/fjala.info\/2009-2015\/pluralizmi-i-munguar\/#breadcrumb","itemListElement":[{"@type":"ListItem","position":1,"name":"Home","item":"https:\/\/fjala.info\/2009-2015\/"},{"@type":"ListItem","position":2,"name":"Pluralizmi i munguar"}]},{"@type":"WebSite","@id":"https:\/\/fjala.info\/2009-2015\/#website","url":"https:\/\/fjala.info\/2009-2015\/","name":"FjALA e LIR\u00cb - Arkivi","description":"Arkivi 2009-2015","publisher":{"@id":"https:\/\/fjala.info\/2009-2015\/#organization"},"potentialAction":[{"@type":"SearchAction","target":{"@type":"EntryPoint","urlTemplate":"https:\/\/fjala.info\/2009-2015\/?s={search_term_string}"},"query-input":{"@type":"PropertyValueSpecification","valueRequired":true,"valueName":"search_term_string"}}],"inLanguage":"sq-AL"},{"@type":"Organization","@id":"https:\/\/fjala.info\/2009-2015\/#organization","name":"FjALA e LIR\u00cb - Arkivi","url":"https:\/\/fjala.info\/2009-2015\/","logo":{"@type":"ImageObject","inLanguage":"sq-AL","@id":"https:\/\/fjala.info\/2009-2015\/#\/schema\/logo\/image\/","url":"","contentUrl":"","caption":"FjALA e LIR\u00cb - Arkivi"},"image":{"@id":"https:\/\/fjala.info\/2009-2015\/#\/schema\/logo\/image\/"}},{"@type":"Person","@id":"https:\/\/fjala.info\/2009-2015\/#\/schema\/person\/3aa1163ef05469c496fc94e77611ada2","name":"admin","image":{"@type":"ImageObject","inLanguage":"sq-AL","@id":"https:\/\/fjala.info\/2009-2015\/wp-content\/uploads\/2012\/02\/arben_cokaj-120x150.jpg","url":"https:\/\/fjala.info\/2009-2015\/wp-content\/uploads\/2012\/02\/arben_cokaj-120x150.jpg","contentUrl":"https:\/\/fjala.info\/2009-2015\/wp-content\/uploads\/2012\/02\/arben_cokaj-120x150.jpg","caption":"admin"},"description":"Admin, Fjala e Lir\u00eb","sameAs":["https:\/\/fjala.info\/"],"url":"https:\/\/fjala.info\/2009-2015\/author\/admin\/"}]}},"_links":{"self":[{"href":"https:\/\/fjala.info\/2009-2015\/wp-json\/wp\/v2\/posts\/5245","targetHints":{"allow":["GET"]}}],"collection":[{"href":"https:\/\/fjala.info\/2009-2015\/wp-json\/wp\/v2\/posts"}],"about":[{"href":"https:\/\/fjala.info\/2009-2015\/wp-json\/wp\/v2\/types\/post"}],"author":[{"embeddable":true,"href":"https:\/\/fjala.info\/2009-2015\/wp-json\/wp\/v2\/users\/1"}],"replies":[{"embeddable":true,"href":"https:\/\/fjala.info\/2009-2015\/wp-json\/wp\/v2\/comments?post=5245"}],"version-history":[{"count":0,"href":"https:\/\/fjala.info\/2009-2015\/wp-json\/wp\/v2\/posts\/5245\/revisions"}],"wp:attachment":[{"href":"https:\/\/fjala.info\/2009-2015\/wp-json\/wp\/v2\/media?parent=5245"}],"wp:term":[{"taxonomy":"category","embeddable":true,"href":"https:\/\/fjala.info\/2009-2015\/wp-json\/wp\/v2\/categories?post=5245"},{"taxonomy":"post_tag","embeddable":true,"href":"https:\/\/fjala.info\/2009-2015\/wp-json\/wp\/v2\/tags?post=5245"}],"curies":[{"name":"wp","href":"https:\/\/api.w.org\/{rel}","templated":true}]}}