{"id":5242,"date":"2012-10-02T21:26:57","date_gmt":"2012-10-02T20:26:57","guid":{"rendered":"http:\/\/www.fjala.info\/?p=5242"},"modified":"2012-10-02T21:26:57","modified_gmt":"2012-10-02T20:26:57","slug":"bamir-topi-spiunet-jane-ne-kuvend-dhe-qeveri-duket-se-e-ka-dhe-me-frrok-cupin","status":"publish","type":"post","link":"https:\/\/fjala.info\/2009-2015\/bamir-topi-spiunet-jane-ne-kuvend-dhe-qeveri-duket-se-e-ka-dhe-me-frrok-cupin\/","title":{"rendered":"Bamir Topi: \u201cSpiun\u00ebt jan\u00eb n\u00eb Kuvend dhe qeveri\u201d. Duket se e ka dhe me Frrok \u00c7upin"},"content":{"rendered":"<p><img decoding=\"async\" class=\"alignright size-thumbnail wp-image-7236\" title=\"Bamir Topi\" src=\"http:\/\/www.fjala.info\/2012\/bamir_topi.jpg\" alt=\"\" width=\"200\" \/> <strong>TemA<\/strong>, <em>1 Tetor 2012<\/em><\/p>\n<p>Ish-Presidenti i Republik\u00ebs Bamir Topi denoncon: \u201cNjer\u00ebz me dosje ka dhe n\u00eb parlamentin shqiptar\u201d. N\u00ebn akuz\u00eb edhe nj\u00eb gazetar, q\u00eb i v\u00ebn\u00eb n\u00eb sh\u00ebrbim t\u00eb nj\u00eb fuqie t\u00eb huaj, kishte tentuar t\u00eb prishte vizit\u00ebn e tij n\u00eb Kosov\u00eb n\u00eb vitin 2008. Sot, ai gazetar, me firm\u00ebn e kryeministrit, \u00ebsht\u00eb pjes\u00eb e r\u00ebnd\u00ebsishme e strukturave t\u00eb shtetit. Aleksand\u00ebr Biberaj: \u201cBerisha ishte kund\u00ebr nd\u00ebshkimit me ligj t\u00eb agjent\u00ebve shqiptar\u00eb t\u00eb fuqive t\u00eb huaja\u201d. Dy nga ta, an\u00ebtar\u00eb t\u00eb komisionit p\u00ebr ndarjen e detit me Greqin\u00eb, sot, pjes\u00eb t\u00eb struktur\u00ebs diplomatike<\/p>\n<p>Nga <strong>Lorenc Vangjeli<\/strong>, <em>MAPO<\/em><\/p>\n<p>Kat\u00ebr vjet m\u00eb par\u00eb, ish-Presidenti i Republik\u00ebs Bamir Topi dha nj\u00eb deklarat\u00eb t\u00eb jasht\u00ebzakonshme: nj\u00eb gazetar i njohur shqiptar, n\u00ebn urdhrat e sh\u00ebrbimit t\u00eb fsheht\u00eb serb, kishte tentuar t\u00eb d\u00ebmtonte vizit\u00ebn e Kryetarit t\u00eb Shtetit n\u00eb Kosov\u00eb. Nuk tha emra, por ishte e leht\u00eb p\u00ebr k\u00ebdo q\u00eb kishte sado pak informacion q\u00eb t\u00eb krijonte identikitin e gazetarit kontravers q\u00eb i ngjan nj\u00eb penduli q\u00eb shkon nga e majta ekstreme tek e djathta ekstreme, ku ndodhet tani s\u00eb fundi.<\/p>\n<p>Madje edhe i shp\u00ebrblyer me nj\u00eb funksion t\u00eb r\u00ebnd\u00ebsish\u00ebm n\u00eb strukturat shtet\u00ebrore. Por sa m\u00eb e madhe zhurma q\u00eb ngre akuza, aq m\u00eb e thell\u00eb \u00ebsht\u00eb heshtja q\u00eb e pason at\u00eb. Dhe m\u00eb e tmerrshme se akuza e zotit Topi, ishte mosreagimi total i vet\u00eb organizmave t\u00eb shtetit. N\u00eb t\u00eb gjitha hallkat e interesuara t\u00eb shtetit duke nisur nga Prokuroria e duke p\u00ebrfunduar tek kryeministri i vendit. Q\u00eb p\u00ebr m\u00eb shum\u00eb, n\u00eb shkurt t\u00eb k\u00ebtij viti hodhi firm\u00ebn e tij p\u00ebr ripun\u00ebsim mbi emrin q\u00eb ndodhet n\u00eb dosjet e agjent\u00ebve shqiptar\u00eb q\u00eb punojn\u00eb p\u00ebr llogari t\u00eb Beogradit.<\/p>\n<p>Kat\u00ebr vjet m\u00eb pas, Bamir Topi e mban mend mjaft mir\u00eb deklarat\u00ebn e tij t\u00eb dikurshme: \u201cPo, \u00ebsht\u00eb e v\u00ebrtet\u00eb \u00e7far\u00eb kam th\u00ebn\u00eb at\u00ebher\u00eb dhe \u00ebsht\u00eb e v\u00ebrtet\u00eb q\u00eb ai individ \u2013 mos ma k\u00ebrkoni mua emrin e tij \u2013 ka disa muaj q\u00eb \u00ebsht\u00eb shp\u00ebrblyer me nj\u00eb post t\u00eb lart\u00eb dhe paguhet si funksionar i shtetit shqiptar\u201d, thot\u00eb Topi. N\u00eb rrug\u00ebtimin e tij n\u00ebp\u00ebr Shqip\u00ebri q\u00eb po kryen p\u00ebr llogari t\u00eb forc\u00ebs s\u00eb tij politike, zoti Topi rikujton nj\u00eb tjet\u00ebr deklarat\u00eb t\u00eb fort\u00eb t\u00eb hershme, t\u00eb cil\u00ebn e rip\u00ebrs\u00ebrit me t\u00eb nj\u00ebjtin pezm: \u201cNjer\u00ebz me dosje ka dhe n\u00eb parlamentin shqiptar, jan\u00eb mes atyre q\u00eb ngren\u00eb kartonat, q\u00eb prodhojn\u00eb ligje dhe ekuilibrojn\u00eb balancat politike\u201d.<\/p>\n<p>\u00c7far\u00eb mund t\u00eb ndodh\u00eb tjet\u00ebr p\u00ebrtej k\u00ebtij paralajm\u00ebrimi q\u00eb t\u00eb shkund\u00eb pluhurin e heshtjes q\u00eb bie n\u00eb m\u00ebnyr\u00eb t\u00eb \u00e7uditshme sa her\u00eb q\u00eb media dhe vet\u00eb politika tentojn\u00eb t\u00eb hedhin drit\u00eb mbi k\u00ebt\u00eb \u00e7\u00ebshtje? Asgj\u00eb! Edhe pse historit\u00eb me spiun\u00eb jan\u00eb nj\u00eb nga \u00e7el\u00ebsat e ndryshkur q\u00eb mund t\u00eb shpjegojn\u00eb shum\u00eb mistere t\u00eb historis\u00eb s\u00eb shkuar dhe sidomos, t\u00eb historis\u00eb moderne t\u00eb Shqip\u00ebris\u00eb n\u00eb k\u00ebto dy dekadat e fundit t\u00eb pluralizmit. K\u00ebsaj ane t\u00eb kufirit dhe asaj ane t\u00eb kufirit t\u00eb banuar po nga shqiptar\u00eb.<\/p>\n<p>Me nj\u00eb mision t\u00eb ri politik, Bamir Topi, edhe pse nuk e thot\u00eb shprehimisht, le t\u00eb kuptohet se spastrimi i vendimmarrjes politike dhe publike nga njer\u00ebz me hije t\u00eb s\u00eb kaluar\u00ebs, \u00ebsht\u00eb pjes\u00eb e ambicies s\u00eb tij. Si nj\u00eb nism\u00eb q\u00eb nuk nis tani, por e ka nj\u00eb nga fillesat q\u00eb n\u00eb vitin tashm\u00eb t\u00eb larg\u00ebt 2006. N\u00eb at\u00eb vit, nga pozita e kryetarit t\u00eb grupit parlamentar t\u00eb PD-s\u00eb, Topi p\u00ebrgatiti nj\u00eb projektligj p\u00ebr hapjen e dosjeve. \u201cIshte nj\u00eb projekt i p\u00ebrbashk\u00ebt me homologun tim socialist t\u00eb koh\u00ebs, Pandeli Majko, por q\u00eb nuk mundi t\u00eb shnd\u00ebrrohet n\u00eb ligj. Tre vjet m\u00eb pas, nj\u00eb tjet\u00ebr projekt q\u00eb dukej se n\u00eb form\u00eb synonte t\u00eb nj\u00ebjt\u00ebn gj\u00eb, por n\u00eb thelb nuk zgjidhte asgj\u00eb, u konsiderua si i papajtuesh\u00ebm me Kushtetut\u00ebn dhe u hodh posht\u00eb.<\/p>\n<p>M\u00eb par\u00eb, lustracioni kishte marr\u00eb kritika t\u00eb forta nga gjith\u00eb aktor\u00ebt nd\u00ebrkomb\u00ebtar\u00eb q\u00eb mbik\u00ebqyrin reformat n\u00eb Shqip\u00ebri dhe shoq\u00ebria civile\u201d, thot\u00eb Bamir Topi. Q\u00eb n\u00eb bised\u00ebn e tij t\u00eb gjat\u00eb me JAVA le t\u00eb kuptohet se nj\u00eb nga premtimet e forc\u00ebs s\u00eb tij politike \u00ebsht\u00eb shmangia p\u00ebrfundimisht e k\u00ebtij ankthi dhe makthi q\u00eb ka z\u00ebn\u00eb politik\u00ebn. Me histori t\u00eb vjetra dhe t\u00eb reja dosjesh, me ustallar\u00eb t\u00eb regjimit t\u00eb vjet\u00ebr komunist apo homolog\u00eb t\u00eb kund\u00ebrzbulimeve t\u00eb huaja. \u201cKa ardhur koha e madje \u00ebsht\u00eb shum\u00eb von\u00eb p\u00ebr t\u00eb b\u00ebr\u00eb transparenc\u00eb, p\u00ebr t\u00eb nisur nj\u00eb fillim t\u00eb ri n\u00eb k\u00ebt\u00eb drejtim\u201d, premton Bamir Topi, q\u00eb n\u00eb k\u00ebt\u00eb veprim sheh edhe nj\u00eb vokacion t\u00eb s\u00eb djatht\u00ebs q\u00eb ai tenton ta p\u00ebrfaq\u00ebsoj\u00eb.<\/p>\n<p><strong>Informacioni<\/strong><\/p>\n<p>N\u00eb postin e kreut t\u00eb shtetit, informacioni q\u00eb merr p\u00ebr shkak t\u00eb detyr\u00ebs, \u00ebsht\u00eb nj\u00eb nga shenjat m\u00eb t\u00eb dukshme t\u00eb pushtetit. Dhe n\u00eb pes\u00eb vjet, Presidenti i Republik\u00ebs ka marr\u00eb p\u00ebr shkak t\u00eb detyr\u00ebs nj\u00eb lum\u00eb informacioni q\u00eb n\u00eb pozit\u00ebn e tij t\u00eb re n\u00eb krye t\u00eb nj\u00eb partie t\u00eb sapokrijuar, merr nj\u00eb r\u00ebnd\u00ebsi t\u00eb posa\u00e7me.<\/p>\n<p>Sipas kushtetut\u00ebs, Presidenti i Republik\u00ebs jep gradat ushtarake m\u00eb t\u00eb larta, em\u00ebron ambasador\u00ebt e Republik\u00ebs s\u00eb Shqip\u00ebris\u00eb, em\u00ebron drejtorin e SHISH, an\u00ebtar\u00ebt e Gjykat\u00ebs Kushtetuese dhe t\u00eb Gjykat\u00ebs s\u00eb Lart\u00eb. N\u00eb t\u00eb gjitha k\u00ebto pozita ky\u00e7e, figura morale e njeriut mbi emrin e t\u00eb cilit Presidenti v\u00eb firm\u00ebn n\u00eb dekret, \u00ebsht\u00eb mjaft e r\u00ebnd\u00ebsishme. Edhe e shkuara.<\/p>\n<p>\u201cN\u00eb k\u00ebt\u00eb vendimmarrje mjaft delikate, Presidenti e ka p\u00ebr detyr\u00eb dhe detyrim q\u00eb t\u00eb konsultohet me institucionin q\u00eb mban arkivin e t\u00eb dh\u00ebnave p\u00ebr personin q\u00eb do t\u00eb promovohet. Ky arkiv, kjo baz\u00eb t\u00eb dh\u00ebnash, ndodhet n\u00eb SHISH. Dhe SHISH ka p\u00ebr detyr\u00eb dhe detyrim q\u00eb ta jap\u00eb k\u00ebt\u00eb informacion. Ai \u00ebsht\u00eb informacion i klasifikuar. Pra, n\u00ebse personi del i past\u00ebr, procedura vijon normalisht, n\u00eb t\u00eb kund\u00ebrt, ajo duhet t\u00eb nd\u00ebrpritet. Rasti kur kandidati ka probleme, pra, kur n\u00eb t\u00eb shkuar\u00ebn apo n\u00eb t\u00eb tashmen e tij rezultojn\u00eb implikime agjenturore, nuk \u00ebsht\u00eb e th\u00ebn\u00eb q\u00eb t\u00eb b\u00ebhet publik. T\u00eb pakt\u00ebn k\u00ebt\u00eb parasheh ligji\u201d, thot\u00eb Bamir Topi.<\/p>\n<p>\u201cEsht\u00eb b\u00ebr\u00eb nj\u00eb gj\u00eb e till\u00eb rast pas rasti n\u00eb k\u00ebto 20 vjet t\u00eb politik\u00ebs pluraliste n\u00eb vend\u201d? Bamir Topi, vet\u00ebm pak muaj mbasi u largua nga karrigia presidenciale, refuzon me mir\u00ebsjellje t\u00eb jap\u00eb nj\u00eb p\u00ebrgjigje direkte. Pohuese apo mohuese. Por deklarimet e tij se \u201cEdhe n\u00eb Kuvend ka njer\u00ebz me dosje\u201d, nuk le asnj\u00eb shteg p\u00ebr hamend\u00ebsim. N\u00eb rastin m\u00eb t\u00eb mir\u00eb, nj\u00eb kontroll i till\u00eb \u00ebsht\u00eb b\u00ebr\u00eb n\u00eb m\u00ebnyr\u00eb selektive dhe vullnete m\u00eb t\u00eb forta se morali, dik\u00eb e kan\u00eb lejuar t\u00eb kaloj\u00eb gardhin, dik\u00eb tjet\u00ebr jo!<\/p>\n<p>Edhe p\u00ebr motivet se pse ka ndodhur k\u00ebshtu, Topi ka nj\u00eb p\u00ebrgjigje t\u00eb gjat\u00eb, e cila fillon n\u00eb pik\u00ebn m\u00eb t\u00eb mir\u00eb me naivitetin e munges\u00ebn e vullnetit dhe shkon deri tek kryerja me dashje dhe vullnet i akteve t\u00eb tilla.<\/p>\n<p><strong>Po kryeministrin kush e kontrollon?<\/strong><\/p>\n<p>Neni 96 i Kushtetut\u00ebs p\u00ebrcakton se: \u201cPresidenti i Republik\u00ebs, n\u00eb fillim t\u00eb legjislatur\u00ebs, si dhe kur vendi i Kryeministrit mbetet vakant, em\u00ebron Kryeministrin me propozim t\u00eb partis\u00eb ose koalicionit t\u00eb partive q\u00eb ka shumic\u00ebn e vendeve n\u00eb Kuvend\u201d. K\u00ebt\u00eb thot\u00eb Kushtetuta. Por dhe k\u00ebtu ka nj\u00eb \u201ct\u00eb \u00e7ar\u00eb n\u00eb gardh\u201d. N\u00eb kushte teorike, mjafton propozimi i nj\u00eb partie apo koalicioni partish q\u00eb ka shumic\u00ebn n\u00eb Kuvend q\u00eb nj\u00eb individ t\u00eb b\u00ebhet kryeminist\u00ebr.<\/p>\n<p>S\u00ebrish n\u00eb kushte teorike, ky individ mund t\u00eb ket\u00eb probleme serioze n\u00eb t\u00eb shkuar\u00ebn e tij. Mund t\u00eb ket\u00eb probleme t\u00eb t\u00eb nj\u00ebjt\u00ebs natyr\u00eb edhe n\u00eb t\u00eb tashmen e tij dhe t\u00eb mbetet peng i tyre. Historia shqiptare, n\u00eb nj\u00eb m\u00ebnyr\u00eb apo nj\u00eb tjet\u00ebr, raste t\u00eb tilla nuk i ka konsideruar p\u00ebrjashtim. Ndoshta po aq sa Kastriot\u00ebt, ky vend ka njohur edhe Hamzat\u00eb. T\u00eb pakt\u00ebn tek ata q\u00eb e kan\u00eb drejtuar dhe n\u00eb em\u00ebr t\u00eb pushtetit t\u00eb tyre, kan\u00eb b\u00ebr\u00eb \u00e7do l\u00ebshim tek t\u00eb tret\u00eb. Sidomos nga ato l\u00ebshime q\u00eb binin n\u00eb kurriz t\u00eb vendit.<\/p>\n<p>Nga kjo pik\u00ebpamje, Kushtetuta ngjan e mang\u00ebt dhe n\u00eb mos pengon Hamzain t\u00eb ngjitet \u201cn\u00eb fron\u201d, nuk \u00ebsht\u00eb se i jep ndonj\u00eb avantazh Kastriot\u00ebve. E nj\u00ebjta situat\u00eb \u00ebsht\u00eb dhe me gjith\u00eb kabinetin e kryeministrit, pavar\u00ebsisht se filtri p\u00ebr ta, \u00ebsht\u00eb m\u00eb i im\u00ebt se ai p\u00ebr shefin e tyre. Dhe nis q\u00eb n\u00eb momentin e kandidimit p\u00ebr deputet. T\u00eb pakt\u00ebn k\u00ebshtu ka qen\u00eb. T\u00eb pakt\u00ebn k\u00ebshtu shpresohet t\u00eb jet\u00eb.<\/p>\n<p>Ajo \u00e7far\u00eb ndodhi n\u00eb qershor t\u00eb k\u00ebtij viti, me kandidatin e maxhoranc\u00ebs p\u00ebr President, zotin Artan Hoxha, n\u00eb fakt \u00ebsht\u00eb m\u00eb shum\u00eb se nj\u00eb dram\u00eb personale dhe nj\u00eb zhg\u00ebnjim apo betej\u00eb personale. Zoti Hoxha u ndesh me akuz\u00ebn p\u00ebr p\u00ebrfshirje t\u00eb tij n\u00eb strukturat e ish-sigurimit t\u00eb shtetit n\u00eb mosh\u00ebn e adoleshenc\u00ebs dhe kaq mjaftoi q\u00eb ai t\u00eb jap\u00eb dor\u00ebheqje nga kandidimi p\u00ebr t\u00eb tentuar t\u00eb marr\u00eb dhe nj\u00ebher\u00eb n\u00eb dor\u00eb fatin e tij: past\u00ebrtin\u00eb e t\u00eb shkuar\u00ebs s\u00eb tij. Por me legjislacionin aktual, Hoxha nuk mund t\u00eb siguroj\u00eb legalisht asnj\u00eb fije let\u00ebr p\u00ebr t\u00eb v\u00ebrtet\u00ebn e tij.<\/p>\n<p><strong>Dekreti p\u00ebr kreun e SHISH<\/strong><\/p>\n<p>Nd\u00ebr shum\u00eb debate t\u00eb nxehta p\u00ebr shkarkimin nga detyra t\u00eb drejtorit t\u00eb SHISH Bahri Shaqiri dhe em\u00ebrimin e pasardh\u00ebsit t\u00eb tij Visho Ajazi Lika, nj\u00eb prej tyre ishte dhe ai q\u00eb kishte t\u00eb b\u00ebnte me vet\u00eb Lik\u00ebn.<\/p>\n<p>Kush ishte ky njeri? Cila ishte e shkuara e tij p\u00ebrtej CV-s\u00eb mbres\u00ebl\u00ebn\u00ebse si njeri i shkenc\u00ebs, por dhe si zyrtar i lart\u00eb i shtetit shqiptar? Fillimisht si pjes\u00ebtar i SHIK-ut fam\u00ebkeq t\u00eb gjysm\u00ebs s\u00eb par\u00eb t\u00eb viteve 90\u2019? Dhe mbi t\u00eb gjitha, \u00e7far\u00eb kishte ndodhur me t\u00eb n\u00eb nj\u00eb fraktur\u00eb t\u00eb err\u00ebt t\u00eb jet\u00ebs s\u00eb tij, p\u00ebr plot dhjet\u00eb vjet q\u00eb ai ndodhej n\u00eb Kanada n\u00eb emigracion?<\/p>\n<p>N\u00eb propozimin e kryeministrit dhe dekretimin e Presidentit nuk mund t\u00eb ket\u00eb asnj\u00eb t\u00eb dh\u00ebn\u00eb t\u00eb till\u00eb. Por n\u00eb t\u00eb nj\u00ebjt\u00ebn koh\u00eb, nuk ka asnj\u00eb t\u00eb dh\u00ebn\u00eb q\u00eb edhe kryeministri, edhe presidenti t\u00eb ken\u00eb kontrolluar mbi pjes\u00ebn \u201csekrete\u201d t\u00eb jet\u00ebs s\u00eb njeriut q\u00eb po i besonin sekretet e shtetit. As kryeministri dhe as presidenti nuk mund t\u00eb japin nj\u00eb p\u00ebrgjigje n\u00ebse din\u00eb se \u00e7far\u00eb ka b\u00ebr\u00eb zoti Lika n\u00eb k\u00ebto dhjet\u00eb vjet t\u00eb jet\u00ebs s\u00eb tij larg Shqip\u00ebris\u00eb. E sakt\u00eb \u00ebsht\u00eb vet\u00ebm q\u00eb ai g\u00ebzon shtet\u00ebsi t\u00eb dyfisht\u00eb, shqiptare dhe kanadeze dhe se p\u00ebr t\u00eb marr\u00eb pasaport\u00ebn e vendit t\u00eb madh t\u00eb Amerik\u00ebs s\u00eb Veriut, atij i \u00ebsht\u00eb dashur t\u00eb betohet p\u00ebr besnik\u00ebri ndaj Mbret\u00ebresh\u00ebs Elisabet\u00eb e Anglis\u00eb.<\/p>\n<p>Deri k\u00ebtu, nuk ka asnj\u00eb t\u00eb keqe, fundja britanik\u00ebt jan\u00eb n\u00eb mes t\u00eb aleat\u00ebve m\u00eb dashamir\u00ebs s\u00eb vendit dhe kanadez\u00ebt edhe pse larg, num\u00ebrohen tek miqt\u00eb e sinqert\u00eb t\u00eb Shqip\u00ebris\u00eb. Problemi \u00ebsht\u00eb se spekulimet q\u00eb mund t\u00eb ngrihen p\u00ebrtej k\u00ebtij caku, mund t\u00eb jet\u00eb t\u00eb pafundme. Spekulime q\u00eb nisin q\u00eb me gjobat p\u00ebr parking t\u00eb gabuar t\u00eb zotit Lika n\u00eb Kanada e deri tek pun\u00eb t\u00eb tjera t\u00eb liga n\u00eb ekstrem. \u201cM\u00eb s\u00eb paku naivitet\u201d, k\u00ebt\u00eb em\u00ebr meriton nguti i kryeministro-presidencial p\u00ebr t\u00eb pushtuar edhe SHISH-in dhe p\u00ebr ta l\u00ebn\u00eb at\u00eb n\u00ebn kontroll t\u00eb nj\u00eb dore t\u00eb pakontrolluar. Ose t\u00eb kontrolluar vet\u00ebm politikisht.<\/p>\n<p><strong>Ligji p\u00ebr past\u00ebrtin\u00eb e figurave<\/strong><\/p>\n<p>Viti 2008 do t\u00eb kujtohet ve\u00e7 t\u00eb tjerash edhe p\u00ebr tentativ\u00ebn p\u00ebr t\u00eb miratuar nj\u00eb ligj p\u00ebr \u201cPast\u00ebrtin\u00eb e figurave t\u00eb funksionar\u00ebve t\u00eb lart\u00eb t\u00eb administrat\u00ebs publike dhe t\u00eb zgjedhurve\u201d. Versioni i fundit i tij i miratuar n\u00eb Kuvend, sipas vendimit t\u00eb gjykat\u00ebs Kushtetuese dhe kritikave t\u00eb forta t\u00eb nd\u00ebrkomb\u00ebtar\u00ebve, rezultoi t\u00eb ishte i papajtuesh\u00ebm me Kushtetut\u00ebn. \u201cNisi mir\u00eb, por u prish rrug\u00ebs\u201d, kujton Aleksand\u00ebr Biberaj, ish-deputet i PD-s\u00eb dhe nj\u00eb nga autor\u00ebt e ligjit.<\/p>\n<p>\u201cN\u00eb fund, q\u00ebllimi i ligjit pothuaj u reduktua n\u00eb krijimin e hap\u00ebsirave p\u00ebr largimin disa gjyqtar\u00ebve dhe prokuror\u00ebve q\u00eb nuk i p\u00eblqenin kryeministrit\u201d, thot\u00eb Biberaj. Ai kujton edhe debatet e nxehta q\u00eb e kan\u00eb shoq\u00ebruar shkrimin e projektligjit, nj\u00eb nga versionet e t\u00eb cilit nd\u00ebshkonte vet\u00ebm \u201c\u2026funksionar\u00ebt publik\u00eb t\u00eb zgjedhur e t\u00eb em\u00ebruar p\u00ebr periudh\u00ebn 24 tetor 1944 deri n\u00eb 31 mars 1991 q\u00eb kishin marr\u00eb pjes\u00eb n\u00eb strukturat politikb\u00ebr\u00ebse dhe zbatuese t\u00eb diktatur\u00ebs s\u00eb proletariatit si dhe drejtues apo punonj\u00ebs operativ, legal e ilegal apo bashk\u00ebpun\u00ebtor\u00eb t\u00eb ish-Sigurimit t\u00eb Shtetit\u2026\u201d.<\/p>\n<p>Biberaj kujton se ka pasur p\u00ebrplasje t\u00eb forta sidomos p\u00ebr nj\u00eb kategori tjet\u00ebr, at\u00eb t\u00eb bashk\u00ebpun\u00ebtor\u00ebve t\u00eb sh\u00ebrbimeve t\u00eb huaja sekrete. Sipas tij, eksperienca e vendeve lindore, sidomos atyre baltike dhe Polonis\u00eb, e orientonte nj\u00eb ligj t\u00eb natyr\u00ebs s\u00eb till\u00eb m\u00eb s\u00eb shumti tek agjent\u00ebt e huaj. N\u00eb Shqip\u00ebri nj\u00eb gj\u00eb e till\u00eb ende nuk ka ndodhur. \u201cAgjent\u00ebt shqiptar\u00eb t\u00eb sh\u00ebrbimeve t\u00eb huaja kan\u00eb nj\u00eb specifik\u00eb t\u00eb ve\u00e7ant\u00eb n\u00eb krahasim me ata q\u00eb ish-Sigurimi i ka p\u00ebrdorur brenda p\u00ebr brenda vendit. Ata kan\u00eb punuar kund\u00ebr interesave komb\u00ebtare t\u00eb vendit dhe p\u00ebr k\u00ebt\u00eb duhet t\u00eb ishin e t\u00eb jen\u00eb edhe m\u00eb t\u00eb nd\u00ebshkuesh\u00ebm. Por e gjeni kush ishte kund\u00ebr vendosjes s\u00eb tyre n\u00eb ligj? Kush tjet\u00ebr p\u00ebrve\u00e7 Sali Berish\u00ebs\u201d, thot\u00eb Biberaj.<\/p>\n<p><strong>Tre spiun\u00eb<\/strong><\/p>\n<p>T\u00eb shtun\u00ebn e shkuar, JAVA publikoi identikitet e tre agjent\u00ebve t\u00eb fuqive t\u00eb huaja, dy nga t\u00eb cil\u00ebt kishin qen\u00eb an\u00ebtar\u00eb t\u00eb komisionit p\u00ebr ndarjen e detit me Greqin\u00eb. Nuk u dhan\u00eb emrat e tyre sepse n\u00eb munges\u00eb t\u00eb ligjit, \u00e7do p\u00ebrmendje mund t\u00eb konsiderohej si nxjerrje e t\u00eb dh\u00ebnave personale. Por k\u00ebtu nuk ka asnj\u00eb sekret. Shum\u00ebkush i di emrat e tyre, duke nisur q\u00eb me krer\u00ebt m\u00eb t\u00eb lart\u00eb t\u00eb shtetit shqiptar. I cili edhe n\u00eb k\u00ebt\u00eb rast, si n\u00eb shum\u00eb raste t\u00eb tjera, zgjodhi heshtjen p\u00ebr t\u2019ju p\u00ebrgjigjur k\u00ebtij skandali ul\u00ebrit\u00ebs.<\/p>\n","protected":false},"excerpt":{"rendered":"<p>TemA, 1 Tetor 2012 Ish-Presidenti i Republik\u00ebs Bamir Topi denoncon: \u201cNjer\u00ebz me dosje ka dhe n\u00eb parlamentin shqiptar\u201d. N\u00ebn akuz\u00eb edhe nj\u00eb gazetar, q\u00eb i v\u00ebn\u00eb n\u00eb sh\u00ebrbim t\u00eb nj\u00eb fuqie t\u00eb huaj, kishte tentuar t\u00eb prishte vizit\u00ebn e tij n\u00eb Kosov\u00eb n\u00eb vitin 2008. Sot, ai gazetar, me firm\u00ebn e kryeministrit, \u00ebsht\u00eb pjes\u00eb e [&hellip;]<\/p>\n","protected":false},"author":1,"featured_media":0,"comment_status":"open","ping_status":"closed","sticky":false,"template":"","format":"standard","meta":{"footnotes":""},"categories":[2],"tags":[],"class_list":{"0":"post-5242","1":"post","2":"type-post","3":"status-publish","4":"format-standard","6":"category-artikuj"},"yoast_head":"<!-- This site is optimized with the Yoast SEO plugin v27.4 - https:\/\/yoast.com\/product\/yoast-seo-wordpress\/ -->\n<title>Bamir Topi: \u201cSpiun\u00ebt jan\u00eb n\u00eb Kuvend dhe qeveri\u201d. Duket se e ka dhe me Frrok \u00c7upin - FjALA e LIR\u00cb - Arkivi<\/title>\n<meta name=\"robots\" content=\"index, follow, max-snippet:-1, max-image-preview:large, max-video-preview:-1\" \/>\n<link rel=\"canonical\" href=\"https:\/\/fjala.info\/2009-2015\/bamir-topi-spiunet-jane-ne-kuvend-dhe-qeveri-duket-se-e-ka-dhe-me-frrok-cupin\/\" \/>\n<meta property=\"og:locale\" content=\"sq_AL\" \/>\n<meta property=\"og:type\" content=\"article\" \/>\n<meta property=\"og:title\" content=\"Bamir Topi: \u201cSpiun\u00ebt jan\u00eb n\u00eb Kuvend dhe qeveri\u201d. Duket se e ka dhe me Frrok \u00c7upin - FjALA e LIR\u00cb - Arkivi\" \/>\n<meta property=\"og:description\" content=\"TemA, 1 Tetor 2012 Ish-Presidenti i Republik\u00ebs Bamir Topi denoncon: \u201cNjer\u00ebz me dosje ka dhe n\u00eb parlamentin shqiptar\u201d. N\u00ebn akuz\u00eb edhe nj\u00eb gazetar, q\u00eb i v\u00ebn\u00eb n\u00eb sh\u00ebrbim t\u00eb nj\u00eb fuqie t\u00eb huaj, kishte tentuar t\u00eb prishte vizit\u00ebn e tij n\u00eb Kosov\u00eb n\u00eb vitin 2008. Sot, ai gazetar, me firm\u00ebn e kryeministrit, \u00ebsht\u00eb pjes\u00eb e [&hellip;]\" \/>\n<meta property=\"og:url\" content=\"https:\/\/fjala.info\/2009-2015\/bamir-topi-spiunet-jane-ne-kuvend-dhe-qeveri-duket-se-e-ka-dhe-me-frrok-cupin\/\" \/>\n<meta property=\"og:site_name\" content=\"FjALA e LIR\u00cb - Arkivi\" \/>\n<meta property=\"article:published_time\" content=\"2012-10-02T20:26:57+00:00\" \/>\n<meta property=\"og:image\" content=\"http:\/\/www.fjala.info\/2012\/bamir_topi.jpg\" \/>\n<meta name=\"author\" content=\"admin\" \/>\n<meta name=\"twitter:card\" content=\"summary_large_image\" \/>\n<meta name=\"twitter:label1\" content=\"Written by\" \/>\n\t<meta name=\"twitter:data1\" content=\"admin\" \/>\n\t<meta name=\"twitter:label2\" content=\"Est. reading time\" \/>\n\t<meta name=\"twitter:data2\" content=\"12 minutes\" \/>\n<script type=\"application\/ld+json\" class=\"yoast-schema-graph\">{\"@context\":\"https:\\\/\\\/schema.org\",\"@graph\":[{\"@type\":\"Article\",\"@id\":\"https:\\\/\\\/fjala.info\\\/2009-2015\\\/bamir-topi-spiunet-jane-ne-kuvend-dhe-qeveri-duket-se-e-ka-dhe-me-frrok-cupin\\\/#article\",\"isPartOf\":{\"@id\":\"https:\\\/\\\/fjala.info\\\/2009-2015\\\/bamir-topi-spiunet-jane-ne-kuvend-dhe-qeveri-duket-se-e-ka-dhe-me-frrok-cupin\\\/\"},\"author\":{\"name\":\"admin\",\"@id\":\"https:\\\/\\\/fjala.info\\\/2009-2015\\\/#\\\/schema\\\/person\\\/3aa1163ef05469c496fc94e77611ada2\"},\"headline\":\"Bamir Topi: \u201cSpiun\u00ebt jan\u00eb n\u00eb Kuvend dhe qeveri\u201d. Duket se e ka dhe me Frrok \u00c7upin\",\"datePublished\":\"2012-10-02T20:26:57+00:00\",\"mainEntityOfPage\":{\"@id\":\"https:\\\/\\\/fjala.info\\\/2009-2015\\\/bamir-topi-spiunet-jane-ne-kuvend-dhe-qeveri-duket-se-e-ka-dhe-me-frrok-cupin\\\/\"},\"wordCount\":2484,\"commentCount\":0,\"publisher\":{\"@id\":\"https:\\\/\\\/fjala.info\\\/2009-2015\\\/#organization\"},\"image\":{\"@id\":\"https:\\\/\\\/fjala.info\\\/2009-2015\\\/bamir-topi-spiunet-jane-ne-kuvend-dhe-qeveri-duket-se-e-ka-dhe-me-frrok-cupin\\\/#primaryimage\"},\"thumbnailUrl\":\"http:\\\/\\\/www.fjala.info\\\/2012\\\/bamir_topi.jpg\",\"articleSection\":[\"Artikuj\"],\"inLanguage\":\"sq-AL\",\"potentialAction\":[{\"@type\":\"CommentAction\",\"name\":\"Comment\",\"target\":[\"https:\\\/\\\/fjala.info\\\/2009-2015\\\/bamir-topi-spiunet-jane-ne-kuvend-dhe-qeveri-duket-se-e-ka-dhe-me-frrok-cupin\\\/#respond\"]}]},{\"@type\":\"WebPage\",\"@id\":\"https:\\\/\\\/fjala.info\\\/2009-2015\\\/bamir-topi-spiunet-jane-ne-kuvend-dhe-qeveri-duket-se-e-ka-dhe-me-frrok-cupin\\\/\",\"url\":\"https:\\\/\\\/fjala.info\\\/2009-2015\\\/bamir-topi-spiunet-jane-ne-kuvend-dhe-qeveri-duket-se-e-ka-dhe-me-frrok-cupin\\\/\",\"name\":\"Bamir Topi: \u201cSpiun\u00ebt jan\u00eb n\u00eb Kuvend dhe qeveri\u201d. Duket se e ka dhe me Frrok \u00c7upin - FjALA e LIR\u00cb - Arkivi\",\"isPartOf\":{\"@id\":\"https:\\\/\\\/fjala.info\\\/2009-2015\\\/#website\"},\"primaryImageOfPage\":{\"@id\":\"https:\\\/\\\/fjala.info\\\/2009-2015\\\/bamir-topi-spiunet-jane-ne-kuvend-dhe-qeveri-duket-se-e-ka-dhe-me-frrok-cupin\\\/#primaryimage\"},\"image\":{\"@id\":\"https:\\\/\\\/fjala.info\\\/2009-2015\\\/bamir-topi-spiunet-jane-ne-kuvend-dhe-qeveri-duket-se-e-ka-dhe-me-frrok-cupin\\\/#primaryimage\"},\"thumbnailUrl\":\"http:\\\/\\\/www.fjala.info\\\/2012\\\/bamir_topi.jpg\",\"datePublished\":\"2012-10-02T20:26:57+00:00\",\"breadcrumb\":{\"@id\":\"https:\\\/\\\/fjala.info\\\/2009-2015\\\/bamir-topi-spiunet-jane-ne-kuvend-dhe-qeveri-duket-se-e-ka-dhe-me-frrok-cupin\\\/#breadcrumb\"},\"inLanguage\":\"sq-AL\",\"potentialAction\":[{\"@type\":\"ReadAction\",\"target\":[\"https:\\\/\\\/fjala.info\\\/2009-2015\\\/bamir-topi-spiunet-jane-ne-kuvend-dhe-qeveri-duket-se-e-ka-dhe-me-frrok-cupin\\\/\"]}]},{\"@type\":\"ImageObject\",\"inLanguage\":\"sq-AL\",\"@id\":\"https:\\\/\\\/fjala.info\\\/2009-2015\\\/bamir-topi-spiunet-jane-ne-kuvend-dhe-qeveri-duket-se-e-ka-dhe-me-frrok-cupin\\\/#primaryimage\",\"url\":\"http:\\\/\\\/www.fjala.info\\\/2012\\\/bamir_topi.jpg\",\"contentUrl\":\"http:\\\/\\\/www.fjala.info\\\/2012\\\/bamir_topi.jpg\"},{\"@type\":\"BreadcrumbList\",\"@id\":\"https:\\\/\\\/fjala.info\\\/2009-2015\\\/bamir-topi-spiunet-jane-ne-kuvend-dhe-qeveri-duket-se-e-ka-dhe-me-frrok-cupin\\\/#breadcrumb\",\"itemListElement\":[{\"@type\":\"ListItem\",\"position\":1,\"name\":\"Home\",\"item\":\"https:\\\/\\\/fjala.info\\\/2009-2015\\\/\"},{\"@type\":\"ListItem\",\"position\":2,\"name\":\"Bamir Topi: \u201cSpiun\u00ebt jan\u00eb n\u00eb Kuvend dhe qeveri\u201d. Duket se e ka dhe me Frrok \u00c7upin\"}]},{\"@type\":\"WebSite\",\"@id\":\"https:\\\/\\\/fjala.info\\\/2009-2015\\\/#website\",\"url\":\"https:\\\/\\\/fjala.info\\\/2009-2015\\\/\",\"name\":\"FjALA e LIR\u00cb - Arkivi\",\"description\":\"Arkivi 2009-2015\",\"publisher\":{\"@id\":\"https:\\\/\\\/fjala.info\\\/2009-2015\\\/#organization\"},\"potentialAction\":[{\"@type\":\"SearchAction\",\"target\":{\"@type\":\"EntryPoint\",\"urlTemplate\":\"https:\\\/\\\/fjala.info\\\/2009-2015\\\/?s={search_term_string}\"},\"query-input\":{\"@type\":\"PropertyValueSpecification\",\"valueRequired\":true,\"valueName\":\"search_term_string\"}}],\"inLanguage\":\"sq-AL\"},{\"@type\":\"Organization\",\"@id\":\"https:\\\/\\\/fjala.info\\\/2009-2015\\\/#organization\",\"name\":\"FjALA e LIR\u00cb - Arkivi\",\"url\":\"https:\\\/\\\/fjala.info\\\/2009-2015\\\/\",\"logo\":{\"@type\":\"ImageObject\",\"inLanguage\":\"sq-AL\",\"@id\":\"https:\\\/\\\/fjala.info\\\/2009-2015\\\/#\\\/schema\\\/logo\\\/image\\\/\",\"url\":\"\",\"contentUrl\":\"\",\"caption\":\"FjALA e LIR\u00cb - Arkivi\"},\"image\":{\"@id\":\"https:\\\/\\\/fjala.info\\\/2009-2015\\\/#\\\/schema\\\/logo\\\/image\\\/\"}},{\"@type\":\"Person\",\"@id\":\"https:\\\/\\\/fjala.info\\\/2009-2015\\\/#\\\/schema\\\/person\\\/3aa1163ef05469c496fc94e77611ada2\",\"name\":\"admin\",\"image\":{\"@type\":\"ImageObject\",\"inLanguage\":\"sq-AL\",\"@id\":\"https:\\\/\\\/fjala.info\\\/2009-2015\\\/wp-content\\\/uploads\\\/2012\\\/02\\\/arben_cokaj-120x150.jpg\",\"url\":\"https:\\\/\\\/fjala.info\\\/2009-2015\\\/wp-content\\\/uploads\\\/2012\\\/02\\\/arben_cokaj-120x150.jpg\",\"contentUrl\":\"https:\\\/\\\/fjala.info\\\/2009-2015\\\/wp-content\\\/uploads\\\/2012\\\/02\\\/arben_cokaj-120x150.jpg\",\"caption\":\"admin\"},\"description\":\"Admin, Fjala e Lir\u00eb\",\"sameAs\":[\"https:\\\/\\\/fjala.info\\\/\"],\"url\":\"https:\\\/\\\/fjala.info\\\/2009-2015\\\/author\\\/admin\\\/\"}]}<\/script>\n<!-- \/ Yoast SEO plugin. -->","yoast_head_json":{"title":"Bamir Topi: \u201cSpiun\u00ebt jan\u00eb n\u00eb Kuvend dhe qeveri\u201d. Duket se e ka dhe me Frrok \u00c7upin - FjALA e LIR\u00cb - Arkivi","robots":{"index":"index","follow":"follow","max-snippet":"max-snippet:-1","max-image-preview":"max-image-preview:large","max-video-preview":"max-video-preview:-1"},"canonical":"https:\/\/fjala.info\/2009-2015\/bamir-topi-spiunet-jane-ne-kuvend-dhe-qeveri-duket-se-e-ka-dhe-me-frrok-cupin\/","og_locale":"sq_AL","og_type":"article","og_title":"Bamir Topi: \u201cSpiun\u00ebt jan\u00eb n\u00eb Kuvend dhe qeveri\u201d. Duket se e ka dhe me Frrok \u00c7upin - FjALA e LIR\u00cb - Arkivi","og_description":"TemA, 1 Tetor 2012 Ish-Presidenti i Republik\u00ebs Bamir Topi denoncon: \u201cNjer\u00ebz me dosje ka dhe n\u00eb parlamentin shqiptar\u201d. N\u00ebn akuz\u00eb edhe nj\u00eb gazetar, q\u00eb i v\u00ebn\u00eb n\u00eb sh\u00ebrbim t\u00eb nj\u00eb fuqie t\u00eb huaj, kishte tentuar t\u00eb prishte vizit\u00ebn e tij n\u00eb Kosov\u00eb n\u00eb vitin 2008. Sot, ai gazetar, me firm\u00ebn e kryeministrit, \u00ebsht\u00eb pjes\u00eb e [&hellip;]","og_url":"https:\/\/fjala.info\/2009-2015\/bamir-topi-spiunet-jane-ne-kuvend-dhe-qeveri-duket-se-e-ka-dhe-me-frrok-cupin\/","og_site_name":"FjALA e LIR\u00cb - Arkivi","article_published_time":"2012-10-02T20:26:57+00:00","og_image":[{"url":"http:\/\/www.fjala.info\/2012\/bamir_topi.jpg","type":"","width":"","height":""}],"author":"admin","twitter_card":"summary_large_image","twitter_misc":{"Written by":"admin","Est. reading time":"12 minutes"},"schema":{"@context":"https:\/\/schema.org","@graph":[{"@type":"Article","@id":"https:\/\/fjala.info\/2009-2015\/bamir-topi-spiunet-jane-ne-kuvend-dhe-qeveri-duket-se-e-ka-dhe-me-frrok-cupin\/#article","isPartOf":{"@id":"https:\/\/fjala.info\/2009-2015\/bamir-topi-spiunet-jane-ne-kuvend-dhe-qeveri-duket-se-e-ka-dhe-me-frrok-cupin\/"},"author":{"name":"admin","@id":"https:\/\/fjala.info\/2009-2015\/#\/schema\/person\/3aa1163ef05469c496fc94e77611ada2"},"headline":"Bamir Topi: \u201cSpiun\u00ebt jan\u00eb n\u00eb Kuvend dhe qeveri\u201d. Duket se e ka dhe me Frrok \u00c7upin","datePublished":"2012-10-02T20:26:57+00:00","mainEntityOfPage":{"@id":"https:\/\/fjala.info\/2009-2015\/bamir-topi-spiunet-jane-ne-kuvend-dhe-qeveri-duket-se-e-ka-dhe-me-frrok-cupin\/"},"wordCount":2484,"commentCount":0,"publisher":{"@id":"https:\/\/fjala.info\/2009-2015\/#organization"},"image":{"@id":"https:\/\/fjala.info\/2009-2015\/bamir-topi-spiunet-jane-ne-kuvend-dhe-qeveri-duket-se-e-ka-dhe-me-frrok-cupin\/#primaryimage"},"thumbnailUrl":"http:\/\/www.fjala.info\/2012\/bamir_topi.jpg","articleSection":["Artikuj"],"inLanguage":"sq-AL","potentialAction":[{"@type":"CommentAction","name":"Comment","target":["https:\/\/fjala.info\/2009-2015\/bamir-topi-spiunet-jane-ne-kuvend-dhe-qeveri-duket-se-e-ka-dhe-me-frrok-cupin\/#respond"]}]},{"@type":"WebPage","@id":"https:\/\/fjala.info\/2009-2015\/bamir-topi-spiunet-jane-ne-kuvend-dhe-qeveri-duket-se-e-ka-dhe-me-frrok-cupin\/","url":"https:\/\/fjala.info\/2009-2015\/bamir-topi-spiunet-jane-ne-kuvend-dhe-qeveri-duket-se-e-ka-dhe-me-frrok-cupin\/","name":"Bamir Topi: \u201cSpiun\u00ebt jan\u00eb n\u00eb Kuvend dhe qeveri\u201d. Duket se e ka dhe me Frrok \u00c7upin - FjALA e LIR\u00cb - Arkivi","isPartOf":{"@id":"https:\/\/fjala.info\/2009-2015\/#website"},"primaryImageOfPage":{"@id":"https:\/\/fjala.info\/2009-2015\/bamir-topi-spiunet-jane-ne-kuvend-dhe-qeveri-duket-se-e-ka-dhe-me-frrok-cupin\/#primaryimage"},"image":{"@id":"https:\/\/fjala.info\/2009-2015\/bamir-topi-spiunet-jane-ne-kuvend-dhe-qeveri-duket-se-e-ka-dhe-me-frrok-cupin\/#primaryimage"},"thumbnailUrl":"http:\/\/www.fjala.info\/2012\/bamir_topi.jpg","datePublished":"2012-10-02T20:26:57+00:00","breadcrumb":{"@id":"https:\/\/fjala.info\/2009-2015\/bamir-topi-spiunet-jane-ne-kuvend-dhe-qeveri-duket-se-e-ka-dhe-me-frrok-cupin\/#breadcrumb"},"inLanguage":"sq-AL","potentialAction":[{"@type":"ReadAction","target":["https:\/\/fjala.info\/2009-2015\/bamir-topi-spiunet-jane-ne-kuvend-dhe-qeveri-duket-se-e-ka-dhe-me-frrok-cupin\/"]}]},{"@type":"ImageObject","inLanguage":"sq-AL","@id":"https:\/\/fjala.info\/2009-2015\/bamir-topi-spiunet-jane-ne-kuvend-dhe-qeveri-duket-se-e-ka-dhe-me-frrok-cupin\/#primaryimage","url":"http:\/\/www.fjala.info\/2012\/bamir_topi.jpg","contentUrl":"http:\/\/www.fjala.info\/2012\/bamir_topi.jpg"},{"@type":"BreadcrumbList","@id":"https:\/\/fjala.info\/2009-2015\/bamir-topi-spiunet-jane-ne-kuvend-dhe-qeveri-duket-se-e-ka-dhe-me-frrok-cupin\/#breadcrumb","itemListElement":[{"@type":"ListItem","position":1,"name":"Home","item":"https:\/\/fjala.info\/2009-2015\/"},{"@type":"ListItem","position":2,"name":"Bamir Topi: \u201cSpiun\u00ebt jan\u00eb n\u00eb Kuvend dhe qeveri\u201d. Duket se e ka dhe me Frrok \u00c7upin"}]},{"@type":"WebSite","@id":"https:\/\/fjala.info\/2009-2015\/#website","url":"https:\/\/fjala.info\/2009-2015\/","name":"FjALA e LIR\u00cb - Arkivi","description":"Arkivi 2009-2015","publisher":{"@id":"https:\/\/fjala.info\/2009-2015\/#organization"},"potentialAction":[{"@type":"SearchAction","target":{"@type":"EntryPoint","urlTemplate":"https:\/\/fjala.info\/2009-2015\/?s={search_term_string}"},"query-input":{"@type":"PropertyValueSpecification","valueRequired":true,"valueName":"search_term_string"}}],"inLanguage":"sq-AL"},{"@type":"Organization","@id":"https:\/\/fjala.info\/2009-2015\/#organization","name":"FjALA e LIR\u00cb - Arkivi","url":"https:\/\/fjala.info\/2009-2015\/","logo":{"@type":"ImageObject","inLanguage":"sq-AL","@id":"https:\/\/fjala.info\/2009-2015\/#\/schema\/logo\/image\/","url":"","contentUrl":"","caption":"FjALA e LIR\u00cb - Arkivi"},"image":{"@id":"https:\/\/fjala.info\/2009-2015\/#\/schema\/logo\/image\/"}},{"@type":"Person","@id":"https:\/\/fjala.info\/2009-2015\/#\/schema\/person\/3aa1163ef05469c496fc94e77611ada2","name":"admin","image":{"@type":"ImageObject","inLanguage":"sq-AL","@id":"https:\/\/fjala.info\/2009-2015\/wp-content\/uploads\/2012\/02\/arben_cokaj-120x150.jpg","url":"https:\/\/fjala.info\/2009-2015\/wp-content\/uploads\/2012\/02\/arben_cokaj-120x150.jpg","contentUrl":"https:\/\/fjala.info\/2009-2015\/wp-content\/uploads\/2012\/02\/arben_cokaj-120x150.jpg","caption":"admin"},"description":"Admin, Fjala e Lir\u00eb","sameAs":["https:\/\/fjala.info\/"],"url":"https:\/\/fjala.info\/2009-2015\/author\/admin\/"}]}},"_links":{"self":[{"href":"https:\/\/fjala.info\/2009-2015\/wp-json\/wp\/v2\/posts\/5242","targetHints":{"allow":["GET"]}}],"collection":[{"href":"https:\/\/fjala.info\/2009-2015\/wp-json\/wp\/v2\/posts"}],"about":[{"href":"https:\/\/fjala.info\/2009-2015\/wp-json\/wp\/v2\/types\/post"}],"author":[{"embeddable":true,"href":"https:\/\/fjala.info\/2009-2015\/wp-json\/wp\/v2\/users\/1"}],"replies":[{"embeddable":true,"href":"https:\/\/fjala.info\/2009-2015\/wp-json\/wp\/v2\/comments?post=5242"}],"version-history":[{"count":0,"href":"https:\/\/fjala.info\/2009-2015\/wp-json\/wp\/v2\/posts\/5242\/revisions"}],"wp:attachment":[{"href":"https:\/\/fjala.info\/2009-2015\/wp-json\/wp\/v2\/media?parent=5242"}],"wp:term":[{"taxonomy":"category","embeddable":true,"href":"https:\/\/fjala.info\/2009-2015\/wp-json\/wp\/v2\/categories?post=5242"},{"taxonomy":"post_tag","embeddable":true,"href":"https:\/\/fjala.info\/2009-2015\/wp-json\/wp\/v2\/tags?post=5242"}],"curies":[{"name":"wp","href":"https:\/\/api.w.org\/{rel}","templated":true}]}}