{"id":5240,"date":"2012-10-02T08:16:23","date_gmt":"2012-10-02T07:16:23","guid":{"rendered":"http:\/\/www.fjala.info\/?p=5240"},"modified":"2012-10-02T08:16:23","modified_gmt":"2012-10-02T07:16:23","slug":"ps-imami-te-zbardhe-kontrabanden-me-malin-e-zi-per-mijera-raketa-anti-tank","status":"publish","type":"post","link":"https:\/\/fjala.info\/2009-2015\/ps-imami-te-zbardhe-kontrabanden-me-malin-e-zi-per-mijera-raketa-anti-tank\/","title":{"rendered":"PS: Imami t\u00eb zbardh\u00eb kontraband\u00ebn me Malin e Zi p\u00ebr mij\u00ebra raketa anti-tank"},"content":{"rendered":"<p><img decoding=\"async\" class=\"alignright size-thumbnail wp-image-7236\" title=\"Bra\u00e7e - shitja e arm\u00ebve\" src=\"http:\/\/www.fjala.info\/2012\/brace_armet.jpg\" alt=\"\" width=\"300\" \/> <strong>TemA<\/strong>, <em>1 Tetor 2012<\/em><\/p>\n<p>Opozita denoncon nj\u00eb afer\u00eb gjigande t\u00eb Imamit, raportuar m\u00eb par\u00eb n\u00eb gazet\u00ebn Tema. Mij\u00ebra raketa anti-tank, t\u00eb blera nga Imami, pa pasur nevoj\u00eb. Mendohet se ato shkuan n\u00eb zonat n\u00eb konflikt<\/p>\n<p>Deputeti i Partis\u00eb Socialiste, Erion Bra\u00e7e, ka vijuar sot denoncimin e aferave t\u00eb Ministrit t\u00eb Mbrojtjes, Arben Imami.<\/p>\n<p>Bra\u00e7e ka akuzuar sot Imamin p\u00ebr nj\u00eb afer\u00eb t\u00eb r\u00ebnd\u00eb, p\u00ebr t\u00eb cil\u00ebn ka shkruar disa her\u00eb edhe gazeta Tema.<\/p>\n<p>Bra\u00e7e tha se jan\u00eb dy kontrata prej miliona dollar\u00eb p\u00ebr blerje raketash nga Mali i Zi.<\/p>\n<p>Ashtu si\u00e7 ka raportuar Tema, raketat jan\u00eb bler\u00eb pa pasur nevoj\u00eb p\u00ebr to. Por dyshimet jan\u00eb se ato jan\u00eb kontrabanduar p\u00ebr n\u00eb zona n\u00eb konflikt.<\/p>\n<p>\u201cKy \u00ebsht\u00eb dokumenti, nuk \u00ebsht\u00eb \u201csekret\u201d si\u00e7 e shihni, dhe konfirmon qart\u00ebsisht k\u00ebt\u00eb fakt.<\/p>\n<p>Vet\u00ebm emri \u00ebsht\u00eb i Shqip\u00ebris\u00eb n\u00eb transaksion, i ofruar bujarisht, \u2018miq\u00ebsisht\u2019 u tha m\u00eb par\u00eb, n\u00eb mes t\u00eb k\u00ebtij pazari sllav.<\/p>\n<p>B\u00ebhet fjal\u00eb p\u00ebr mallra t\u00eb Ushtris\u00eb Jugosllave t\u00eb administruara nga Ushtria Malazeze e t\u00eb v\u00ebna n\u00eb dispozicion t\u00eb kompanis\u00eb Montenegro Defence Industry, dega e Jugoimportit serb.<\/p>\n<p>10. 000 RAKETA DORE ANTI-TANK 64MM RBR M-80 \u201cZOLJA\u201d.<\/p>\n<p>E gjith\u00eb \u00e7\u00ebshtja ka paqart\u00ebsi t\u00eb r\u00ebnda.<\/p>\n<p>Ka dy kontrata tregtare:<\/p>\n<p>Nj\u00ebra p\u00ebr 10.000 raketa \u201cZolja\u201d;<\/p>\n<p>Tjetra p\u00ebr 10.000 raketa \u201cZolja\u201d; 600 granathedh\u00ebs dore anti-tank RPG-7; shtimje PG-7 p\u00ebr RPG-7.<\/p>\n<p>Nj\u00ebra me vler\u00eb 1.200.000 USD;<\/p>\n<p>Tjetra me vler\u00eb 1.713.00 USD.<\/p>\n<p>Nj\u00ebra e lidhur me kompanin\u00eb Zahen Limited;<\/p>\n<p>Tjetra e lidhur me kompanin\u00eb Moon Storm Enterprises.<\/p>\n<p>Por t\u00eb dyja t\u00eb p\u00ebrfaq\u00ebsuara nga i nj\u00ebjti njeri.<\/p>\n<p>AKSHE deklaron se i gjith\u00eb transaksioni nuk \u00ebsht\u00eb realizuar.<\/p>\n<p>Por nj\u00eb tjet\u00ebr autoritet malazez e deklaron si eksport t\u00eb kryer n\u00eb drejtim t\u00eb Shqip\u00ebris\u00eb.<\/p>\n<p>Pik\u00ebrisht p\u00ebr t\u00eb gjitha k\u00ebto paqart\u00ebsi k\u00ebrkohet p\u00ebrgjigje dhe hetim ndaj Ministris\u00eb se Mbrojtjes dhe vet\u00eb Arben Imamit,\u201d tha Bra\u00e7e.<\/p>\n<p>\u201cDuhet t\u00eb p\u00ebrgjigjet dhe sqaroj\u00eb publikisht:<\/p>\n<p>P\u00ebrse Shqip\u00ebria p\u00ebrzihet dhe ndyhet n\u00eb tregtin\u00eb e armatimit q\u00eb nuk e disponon?<\/p>\n<p>P\u00ebrse marr\u00ebdh\u00ebnia e Ministris\u00eb s\u00eb Mbrojtjes me kompanit\u00eb serbe arrin deri k\u00ebtu, n\u00eb p\u00ebrfshirjen n\u00eb transaksione t\u00eb armatimit t\u00eb Ushtris\u00eb Serbe?<\/p>\n<p>Ta b\u00ebj sot!<\/p>\n<p>Nuk \u00ebsht\u00eb p\u00ebrgjigjur asnj\u00eb dit\u00eb, duhet t\u00eb p\u00ebrgjigjet sot, politikisht, juridikisht, penalisht n\u00eb fund.<\/p>\n<p>Nuk mund t\u00eb fshihet m\u00eb.<\/p>\n<p>Koha e komunizmit kur \u00e7do gj\u00eb, duke p\u00ebrfshir\u00eb dhe krimet e tij ishin \u201csekret\u201d e nuk ndahej me publikun, ka mbaruar, ka vdekur.<\/p>\n<p>Jetojm\u00eb n\u00eb demokraci, tipari themelor i nj\u00eb shteti n\u00eb demokraci \u00ebsht\u00eb transparenca dhe njohja e ndarja me publikun e vendimmarrjes, politike, ekonomike, juridike, ushtarake.<\/p>\n<p>I kemi kapur mat dhe n\u00eb flagranc\u00eb, n\u00eb veprime haptazi antikomb\u00ebtare, antikushtetuese dhe korruptive.\u201d<\/p>\n","protected":false},"excerpt":{"rendered":"<p>TemA, 1 Tetor 2012 Opozita denoncon nj\u00eb afer\u00eb gjigande t\u00eb Imamit, raportuar m\u00eb par\u00eb n\u00eb gazet\u00ebn Tema. Mij\u00ebra raketa anti-tank, t\u00eb blera nga Imami, pa pasur nevoj\u00eb. Mendohet se ato shkuan n\u00eb zonat n\u00eb konflikt Deputeti i Partis\u00eb Socialiste, Erion Bra\u00e7e, ka vijuar sot denoncimin e aferave t\u00eb Ministrit t\u00eb Mbrojtjes, Arben Imami. Bra\u00e7e ka [&hellip;]<\/p>\n","protected":false},"author":1,"featured_media":0,"comment_status":"open","ping_status":"closed","sticky":false,"template":"","format":"standard","meta":{"footnotes":""},"categories":[2],"tags":[],"class_list":{"0":"post-5240","1":"post","2":"type-post","3":"status-publish","4":"format-standard","6":"category-artikuj"},"yoast_head":"<!-- This site is optimized with the Yoast SEO plugin v27.4 - https:\/\/yoast.com\/product\/yoast-seo-wordpress\/ -->\n<title>PS: Imami t\u00eb zbardh\u00eb kontraband\u00ebn me Malin e Zi p\u00ebr mij\u00ebra raketa anti-tank - FjALA e LIR\u00cb - Arkivi<\/title>\n<meta name=\"robots\" content=\"index, follow, max-snippet:-1, max-image-preview:large, max-video-preview:-1\" \/>\n<link rel=\"canonical\" href=\"https:\/\/fjala.info\/2009-2015\/ps-imami-te-zbardhe-kontrabanden-me-malin-e-zi-per-mijera-raketa-anti-tank\/\" \/>\n<meta property=\"og:locale\" content=\"sq_AL\" \/>\n<meta property=\"og:type\" content=\"article\" \/>\n<meta property=\"og:title\" content=\"PS: Imami t\u00eb zbardh\u00eb kontraband\u00ebn me Malin e Zi p\u00ebr mij\u00ebra raketa anti-tank - FjALA e LIR\u00cb - Arkivi\" \/>\n<meta property=\"og:description\" content=\"TemA, 1 Tetor 2012 Opozita denoncon nj\u00eb afer\u00eb gjigande t\u00eb Imamit, raportuar m\u00eb par\u00eb n\u00eb gazet\u00ebn Tema. Mij\u00ebra raketa anti-tank, t\u00eb blera nga Imami, pa pasur nevoj\u00eb. Mendohet se ato shkuan n\u00eb zonat n\u00eb konflikt Deputeti i Partis\u00eb Socialiste, Erion Bra\u00e7e, ka vijuar sot denoncimin e aferave t\u00eb Ministrit t\u00eb Mbrojtjes, Arben Imami. Bra\u00e7e ka [&hellip;]\" \/>\n<meta property=\"og:url\" content=\"https:\/\/fjala.info\/2009-2015\/ps-imami-te-zbardhe-kontrabanden-me-malin-e-zi-per-mijera-raketa-anti-tank\/\" \/>\n<meta property=\"og:site_name\" content=\"FjALA e LIR\u00cb - Arkivi\" \/>\n<meta property=\"article:published_time\" content=\"2012-10-02T07:16:23+00:00\" \/>\n<meta property=\"og:image\" content=\"http:\/\/www.fjala.info\/2012\/brace_armet.jpg\" \/>\n<meta name=\"author\" content=\"admin\" \/>\n<meta name=\"twitter:card\" content=\"summary_large_image\" \/>\n<meta name=\"twitter:label1\" content=\"Written by\" \/>\n\t<meta name=\"twitter:data1\" content=\"admin\" \/>\n\t<meta name=\"twitter:label2\" content=\"Est. reading time\" \/>\n\t<meta name=\"twitter:data2\" content=\"2 minutes\" \/>\n<script type=\"application\/ld+json\" class=\"yoast-schema-graph\">{\"@context\":\"https:\\\/\\\/schema.org\",\"@graph\":[{\"@type\":\"Article\",\"@id\":\"https:\\\/\\\/fjala.info\\\/2009-2015\\\/ps-imami-te-zbardhe-kontrabanden-me-malin-e-zi-per-mijera-raketa-anti-tank\\\/#article\",\"isPartOf\":{\"@id\":\"https:\\\/\\\/fjala.info\\\/2009-2015\\\/ps-imami-te-zbardhe-kontrabanden-me-malin-e-zi-per-mijera-raketa-anti-tank\\\/\"},\"author\":{\"name\":\"admin\",\"@id\":\"https:\\\/\\\/fjala.info\\\/2009-2015\\\/#\\\/schema\\\/person\\\/3aa1163ef05469c496fc94e77611ada2\"},\"headline\":\"PS: Imami t\u00eb zbardh\u00eb kontraband\u00ebn me Malin e Zi p\u00ebr mij\u00ebra raketa anti-tank\",\"datePublished\":\"2012-10-02T07:16:23+00:00\",\"mainEntityOfPage\":{\"@id\":\"https:\\\/\\\/fjala.info\\\/2009-2015\\\/ps-imami-te-zbardhe-kontrabanden-me-malin-e-zi-per-mijera-raketa-anti-tank\\\/\"},\"wordCount\":478,\"commentCount\":0,\"publisher\":{\"@id\":\"https:\\\/\\\/fjala.info\\\/2009-2015\\\/#organization\"},\"image\":{\"@id\":\"https:\\\/\\\/fjala.info\\\/2009-2015\\\/ps-imami-te-zbardhe-kontrabanden-me-malin-e-zi-per-mijera-raketa-anti-tank\\\/#primaryimage\"},\"thumbnailUrl\":\"http:\\\/\\\/www.fjala.info\\\/2012\\\/brace_armet.jpg\",\"articleSection\":[\"Artikuj\"],\"inLanguage\":\"sq-AL\",\"potentialAction\":[{\"@type\":\"CommentAction\",\"name\":\"Comment\",\"target\":[\"https:\\\/\\\/fjala.info\\\/2009-2015\\\/ps-imami-te-zbardhe-kontrabanden-me-malin-e-zi-per-mijera-raketa-anti-tank\\\/#respond\"]}]},{\"@type\":\"WebPage\",\"@id\":\"https:\\\/\\\/fjala.info\\\/2009-2015\\\/ps-imami-te-zbardhe-kontrabanden-me-malin-e-zi-per-mijera-raketa-anti-tank\\\/\",\"url\":\"https:\\\/\\\/fjala.info\\\/2009-2015\\\/ps-imami-te-zbardhe-kontrabanden-me-malin-e-zi-per-mijera-raketa-anti-tank\\\/\",\"name\":\"PS: Imami t\u00eb zbardh\u00eb kontraband\u00ebn me Malin e Zi p\u00ebr mij\u00ebra raketa anti-tank - FjALA e LIR\u00cb - Arkivi\",\"isPartOf\":{\"@id\":\"https:\\\/\\\/fjala.info\\\/2009-2015\\\/#website\"},\"primaryImageOfPage\":{\"@id\":\"https:\\\/\\\/fjala.info\\\/2009-2015\\\/ps-imami-te-zbardhe-kontrabanden-me-malin-e-zi-per-mijera-raketa-anti-tank\\\/#primaryimage\"},\"image\":{\"@id\":\"https:\\\/\\\/fjala.info\\\/2009-2015\\\/ps-imami-te-zbardhe-kontrabanden-me-malin-e-zi-per-mijera-raketa-anti-tank\\\/#primaryimage\"},\"thumbnailUrl\":\"http:\\\/\\\/www.fjala.info\\\/2012\\\/brace_armet.jpg\",\"datePublished\":\"2012-10-02T07:16:23+00:00\",\"breadcrumb\":{\"@id\":\"https:\\\/\\\/fjala.info\\\/2009-2015\\\/ps-imami-te-zbardhe-kontrabanden-me-malin-e-zi-per-mijera-raketa-anti-tank\\\/#breadcrumb\"},\"inLanguage\":\"sq-AL\",\"potentialAction\":[{\"@type\":\"ReadAction\",\"target\":[\"https:\\\/\\\/fjala.info\\\/2009-2015\\\/ps-imami-te-zbardhe-kontrabanden-me-malin-e-zi-per-mijera-raketa-anti-tank\\\/\"]}]},{\"@type\":\"ImageObject\",\"inLanguage\":\"sq-AL\",\"@id\":\"https:\\\/\\\/fjala.info\\\/2009-2015\\\/ps-imami-te-zbardhe-kontrabanden-me-malin-e-zi-per-mijera-raketa-anti-tank\\\/#primaryimage\",\"url\":\"http:\\\/\\\/www.fjala.info\\\/2012\\\/brace_armet.jpg\",\"contentUrl\":\"http:\\\/\\\/www.fjala.info\\\/2012\\\/brace_armet.jpg\"},{\"@type\":\"BreadcrumbList\",\"@id\":\"https:\\\/\\\/fjala.info\\\/2009-2015\\\/ps-imami-te-zbardhe-kontrabanden-me-malin-e-zi-per-mijera-raketa-anti-tank\\\/#breadcrumb\",\"itemListElement\":[{\"@type\":\"ListItem\",\"position\":1,\"name\":\"Home\",\"item\":\"https:\\\/\\\/fjala.info\\\/2009-2015\\\/\"},{\"@type\":\"ListItem\",\"position\":2,\"name\":\"PS: Imami t\u00eb zbardh\u00eb kontraband\u00ebn me Malin e Zi p\u00ebr mij\u00ebra raketa anti-tank\"}]},{\"@type\":\"WebSite\",\"@id\":\"https:\\\/\\\/fjala.info\\\/2009-2015\\\/#website\",\"url\":\"https:\\\/\\\/fjala.info\\\/2009-2015\\\/\",\"name\":\"FjALA e LIR\u00cb - Arkivi\",\"description\":\"Arkivi 2009-2015\",\"publisher\":{\"@id\":\"https:\\\/\\\/fjala.info\\\/2009-2015\\\/#organization\"},\"potentialAction\":[{\"@type\":\"SearchAction\",\"target\":{\"@type\":\"EntryPoint\",\"urlTemplate\":\"https:\\\/\\\/fjala.info\\\/2009-2015\\\/?s={search_term_string}\"},\"query-input\":{\"@type\":\"PropertyValueSpecification\",\"valueRequired\":true,\"valueName\":\"search_term_string\"}}],\"inLanguage\":\"sq-AL\"},{\"@type\":\"Organization\",\"@id\":\"https:\\\/\\\/fjala.info\\\/2009-2015\\\/#organization\",\"name\":\"FjALA e LIR\u00cb - Arkivi\",\"url\":\"https:\\\/\\\/fjala.info\\\/2009-2015\\\/\",\"logo\":{\"@type\":\"ImageObject\",\"inLanguage\":\"sq-AL\",\"@id\":\"https:\\\/\\\/fjala.info\\\/2009-2015\\\/#\\\/schema\\\/logo\\\/image\\\/\",\"url\":\"\",\"contentUrl\":\"\",\"caption\":\"FjALA e LIR\u00cb - Arkivi\"},\"image\":{\"@id\":\"https:\\\/\\\/fjala.info\\\/2009-2015\\\/#\\\/schema\\\/logo\\\/image\\\/\"}},{\"@type\":\"Person\",\"@id\":\"https:\\\/\\\/fjala.info\\\/2009-2015\\\/#\\\/schema\\\/person\\\/3aa1163ef05469c496fc94e77611ada2\",\"name\":\"admin\",\"image\":{\"@type\":\"ImageObject\",\"inLanguage\":\"sq-AL\",\"@id\":\"https:\\\/\\\/fjala.info\\\/2009-2015\\\/wp-content\\\/uploads\\\/2012\\\/02\\\/arben_cokaj-120x150.jpg\",\"url\":\"https:\\\/\\\/fjala.info\\\/2009-2015\\\/wp-content\\\/uploads\\\/2012\\\/02\\\/arben_cokaj-120x150.jpg\",\"contentUrl\":\"https:\\\/\\\/fjala.info\\\/2009-2015\\\/wp-content\\\/uploads\\\/2012\\\/02\\\/arben_cokaj-120x150.jpg\",\"caption\":\"admin\"},\"description\":\"Admin, Fjala e Lir\u00eb\",\"sameAs\":[\"https:\\\/\\\/fjala.info\\\/\"],\"url\":\"https:\\\/\\\/fjala.info\\\/2009-2015\\\/author\\\/admin\\\/\"}]}<\/script>\n<!-- \/ Yoast SEO plugin. -->","yoast_head_json":{"title":"PS: Imami t\u00eb zbardh\u00eb kontraband\u00ebn me Malin e Zi p\u00ebr mij\u00ebra raketa anti-tank - FjALA e LIR\u00cb - Arkivi","robots":{"index":"index","follow":"follow","max-snippet":"max-snippet:-1","max-image-preview":"max-image-preview:large","max-video-preview":"max-video-preview:-1"},"canonical":"https:\/\/fjala.info\/2009-2015\/ps-imami-te-zbardhe-kontrabanden-me-malin-e-zi-per-mijera-raketa-anti-tank\/","og_locale":"sq_AL","og_type":"article","og_title":"PS: Imami t\u00eb zbardh\u00eb kontraband\u00ebn me Malin e Zi p\u00ebr mij\u00ebra raketa anti-tank - FjALA e LIR\u00cb - Arkivi","og_description":"TemA, 1 Tetor 2012 Opozita denoncon nj\u00eb afer\u00eb gjigande t\u00eb Imamit, raportuar m\u00eb par\u00eb n\u00eb gazet\u00ebn Tema. Mij\u00ebra raketa anti-tank, t\u00eb blera nga Imami, pa pasur nevoj\u00eb. Mendohet se ato shkuan n\u00eb zonat n\u00eb konflikt Deputeti i Partis\u00eb Socialiste, Erion Bra\u00e7e, ka vijuar sot denoncimin e aferave t\u00eb Ministrit t\u00eb Mbrojtjes, Arben Imami. Bra\u00e7e ka [&hellip;]","og_url":"https:\/\/fjala.info\/2009-2015\/ps-imami-te-zbardhe-kontrabanden-me-malin-e-zi-per-mijera-raketa-anti-tank\/","og_site_name":"FjALA e LIR\u00cb - Arkivi","article_published_time":"2012-10-02T07:16:23+00:00","og_image":[{"url":"http:\/\/www.fjala.info\/2012\/brace_armet.jpg","type":"","width":"","height":""}],"author":"admin","twitter_card":"summary_large_image","twitter_misc":{"Written by":"admin","Est. reading time":"2 minutes"},"schema":{"@context":"https:\/\/schema.org","@graph":[{"@type":"Article","@id":"https:\/\/fjala.info\/2009-2015\/ps-imami-te-zbardhe-kontrabanden-me-malin-e-zi-per-mijera-raketa-anti-tank\/#article","isPartOf":{"@id":"https:\/\/fjala.info\/2009-2015\/ps-imami-te-zbardhe-kontrabanden-me-malin-e-zi-per-mijera-raketa-anti-tank\/"},"author":{"name":"admin","@id":"https:\/\/fjala.info\/2009-2015\/#\/schema\/person\/3aa1163ef05469c496fc94e77611ada2"},"headline":"PS: Imami t\u00eb zbardh\u00eb kontraband\u00ebn me Malin e Zi p\u00ebr mij\u00ebra raketa anti-tank","datePublished":"2012-10-02T07:16:23+00:00","mainEntityOfPage":{"@id":"https:\/\/fjala.info\/2009-2015\/ps-imami-te-zbardhe-kontrabanden-me-malin-e-zi-per-mijera-raketa-anti-tank\/"},"wordCount":478,"commentCount":0,"publisher":{"@id":"https:\/\/fjala.info\/2009-2015\/#organization"},"image":{"@id":"https:\/\/fjala.info\/2009-2015\/ps-imami-te-zbardhe-kontrabanden-me-malin-e-zi-per-mijera-raketa-anti-tank\/#primaryimage"},"thumbnailUrl":"http:\/\/www.fjala.info\/2012\/brace_armet.jpg","articleSection":["Artikuj"],"inLanguage":"sq-AL","potentialAction":[{"@type":"CommentAction","name":"Comment","target":["https:\/\/fjala.info\/2009-2015\/ps-imami-te-zbardhe-kontrabanden-me-malin-e-zi-per-mijera-raketa-anti-tank\/#respond"]}]},{"@type":"WebPage","@id":"https:\/\/fjala.info\/2009-2015\/ps-imami-te-zbardhe-kontrabanden-me-malin-e-zi-per-mijera-raketa-anti-tank\/","url":"https:\/\/fjala.info\/2009-2015\/ps-imami-te-zbardhe-kontrabanden-me-malin-e-zi-per-mijera-raketa-anti-tank\/","name":"PS: Imami t\u00eb zbardh\u00eb kontraband\u00ebn me Malin e Zi p\u00ebr mij\u00ebra raketa anti-tank - FjALA e LIR\u00cb - Arkivi","isPartOf":{"@id":"https:\/\/fjala.info\/2009-2015\/#website"},"primaryImageOfPage":{"@id":"https:\/\/fjala.info\/2009-2015\/ps-imami-te-zbardhe-kontrabanden-me-malin-e-zi-per-mijera-raketa-anti-tank\/#primaryimage"},"image":{"@id":"https:\/\/fjala.info\/2009-2015\/ps-imami-te-zbardhe-kontrabanden-me-malin-e-zi-per-mijera-raketa-anti-tank\/#primaryimage"},"thumbnailUrl":"http:\/\/www.fjala.info\/2012\/brace_armet.jpg","datePublished":"2012-10-02T07:16:23+00:00","breadcrumb":{"@id":"https:\/\/fjala.info\/2009-2015\/ps-imami-te-zbardhe-kontrabanden-me-malin-e-zi-per-mijera-raketa-anti-tank\/#breadcrumb"},"inLanguage":"sq-AL","potentialAction":[{"@type":"ReadAction","target":["https:\/\/fjala.info\/2009-2015\/ps-imami-te-zbardhe-kontrabanden-me-malin-e-zi-per-mijera-raketa-anti-tank\/"]}]},{"@type":"ImageObject","inLanguage":"sq-AL","@id":"https:\/\/fjala.info\/2009-2015\/ps-imami-te-zbardhe-kontrabanden-me-malin-e-zi-per-mijera-raketa-anti-tank\/#primaryimage","url":"http:\/\/www.fjala.info\/2012\/brace_armet.jpg","contentUrl":"http:\/\/www.fjala.info\/2012\/brace_armet.jpg"},{"@type":"BreadcrumbList","@id":"https:\/\/fjala.info\/2009-2015\/ps-imami-te-zbardhe-kontrabanden-me-malin-e-zi-per-mijera-raketa-anti-tank\/#breadcrumb","itemListElement":[{"@type":"ListItem","position":1,"name":"Home","item":"https:\/\/fjala.info\/2009-2015\/"},{"@type":"ListItem","position":2,"name":"PS: Imami t\u00eb zbardh\u00eb kontraband\u00ebn me Malin e Zi p\u00ebr mij\u00ebra raketa anti-tank"}]},{"@type":"WebSite","@id":"https:\/\/fjala.info\/2009-2015\/#website","url":"https:\/\/fjala.info\/2009-2015\/","name":"FjALA e LIR\u00cb - Arkivi","description":"Arkivi 2009-2015","publisher":{"@id":"https:\/\/fjala.info\/2009-2015\/#organization"},"potentialAction":[{"@type":"SearchAction","target":{"@type":"EntryPoint","urlTemplate":"https:\/\/fjala.info\/2009-2015\/?s={search_term_string}"},"query-input":{"@type":"PropertyValueSpecification","valueRequired":true,"valueName":"search_term_string"}}],"inLanguage":"sq-AL"},{"@type":"Organization","@id":"https:\/\/fjala.info\/2009-2015\/#organization","name":"FjALA e LIR\u00cb - Arkivi","url":"https:\/\/fjala.info\/2009-2015\/","logo":{"@type":"ImageObject","inLanguage":"sq-AL","@id":"https:\/\/fjala.info\/2009-2015\/#\/schema\/logo\/image\/","url":"","contentUrl":"","caption":"FjALA e LIR\u00cb - Arkivi"},"image":{"@id":"https:\/\/fjala.info\/2009-2015\/#\/schema\/logo\/image\/"}},{"@type":"Person","@id":"https:\/\/fjala.info\/2009-2015\/#\/schema\/person\/3aa1163ef05469c496fc94e77611ada2","name":"admin","image":{"@type":"ImageObject","inLanguage":"sq-AL","@id":"https:\/\/fjala.info\/2009-2015\/wp-content\/uploads\/2012\/02\/arben_cokaj-120x150.jpg","url":"https:\/\/fjala.info\/2009-2015\/wp-content\/uploads\/2012\/02\/arben_cokaj-120x150.jpg","contentUrl":"https:\/\/fjala.info\/2009-2015\/wp-content\/uploads\/2012\/02\/arben_cokaj-120x150.jpg","caption":"admin"},"description":"Admin, Fjala e Lir\u00eb","sameAs":["https:\/\/fjala.info\/"],"url":"https:\/\/fjala.info\/2009-2015\/author\/admin\/"}]}},"_links":{"self":[{"href":"https:\/\/fjala.info\/2009-2015\/wp-json\/wp\/v2\/posts\/5240","targetHints":{"allow":["GET"]}}],"collection":[{"href":"https:\/\/fjala.info\/2009-2015\/wp-json\/wp\/v2\/posts"}],"about":[{"href":"https:\/\/fjala.info\/2009-2015\/wp-json\/wp\/v2\/types\/post"}],"author":[{"embeddable":true,"href":"https:\/\/fjala.info\/2009-2015\/wp-json\/wp\/v2\/users\/1"}],"replies":[{"embeddable":true,"href":"https:\/\/fjala.info\/2009-2015\/wp-json\/wp\/v2\/comments?post=5240"}],"version-history":[{"count":0,"href":"https:\/\/fjala.info\/2009-2015\/wp-json\/wp\/v2\/posts\/5240\/revisions"}],"wp:attachment":[{"href":"https:\/\/fjala.info\/2009-2015\/wp-json\/wp\/v2\/media?parent=5240"}],"wp:term":[{"taxonomy":"category","embeddable":true,"href":"https:\/\/fjala.info\/2009-2015\/wp-json\/wp\/v2\/categories?post=5240"},{"taxonomy":"post_tag","embeddable":true,"href":"https:\/\/fjala.info\/2009-2015\/wp-json\/wp\/v2\/tags?post=5240"}],"curies":[{"name":"wp","href":"https:\/\/api.w.org\/{rel}","templated":true}]}}