{"id":5238,"date":"2010-12-18T08:24:21","date_gmt":"2010-12-18T07:24:21","guid":{"rendered":"http:\/\/fjala.shkoder.net\/?p=5238"},"modified":"2010-12-18T08:24:21","modified_gmt":"2010-12-18T07:24:21","slug":"europianizimi-i-ballkanit","status":"publish","type":"post","link":"https:\/\/fjala.info\/2009-2015\/europianizimi-i-ballkanit\/","title":{"rendered":"Europianizimi i Ballkanit"},"content":{"rendered":"<p><img decoding=\"async\" class=\"alignleft size-full wp-image-4341\" title=\"Arben Malaj\" src=\"http:\/\/fjala.shkoder.net\/wp-content\/uploads\/2010\/10\/arben_malaj.jpg\" alt=\"\" width=\"150\" \/><br \/>\nNga: <strong>ARBEN MALAJ<\/strong><\/p>\n<p><em>N\u00ebse do t\u00eb k\u00ebt\u00eb nj\u00eb luft\u00eb tjet\u00ebr n\u00eb Europ\u00eb, ajo do t\u00eb vij\u00eb nga \u00e7mendurit\u00eb e ballkanasve\u201d Otto von Bismarck, 1815-1898<\/em><\/p>\n<p>N\u00eb fund t\u00eb viteve 1800, ky ishte perceptimi p\u00ebr \u201ckontributet\u201d e Ballkanit n\u00eb Europ\u00eb. Fatkeq\u00ebsisht, edhe realiteti yn\u00eb historik deri n\u00eb fund t\u00eb viteve \u201890 ka qen\u00eb po kaq i trishtuesh\u00ebm. Gjithmon\u00eb \u00ebsht\u00eb diskutuar rreth t\u00eb ardhmes ton\u00eb europiane, por sfida e europianizimit t\u00eb Ballkanit duket se nuk ka qen\u00eb dhe akoma nuk \u00ebsht\u00eb as e leht\u00eb dhe as e shpejt\u00eb.<\/p>\n<p>Ballkani, p\u00ebr shkak t\u00eb historis\u00eb dhe skepticizmit rreth t\u00eb ardhmes s\u00eb tij, jo rrall\u00eb \u00ebsht\u00eb p\u00ebrdorur jo si nj\u00eb kontekst gjeografik, jo si nj\u00eb kontekst politik, por si nj\u00eb metafor\u00eb e kultur\u00ebs politike, dominuar nga grindjet, konfliktet dhe luft\u00ebrat.<\/p>\n<p>Sikur t\u00eb mos mjaftonte kjo th\u00ebnie e Bismark, s\u00ebrish nj\u00eb burr\u00eb shteti, pik\u00ebrisht Churchilli, n\u00eb 1941 do t\u00eb theksonte se \u201cBallkani prodhon m\u00eb shum\u00eb histori sesa ai konsumon\u201d.<br \/>\nShpesh, n\u00eb momente konfliktesh dhe luft\u00ebrash, europianizimi i Ballkanit \u00ebsht\u00eb dukur i larg\u00ebt, deri edhe i pamundur. Aq e pashpres\u00eb \u00ebsht\u00eb konsideruar n\u00eb disa raste perspektiva europiane e rajonit ton\u00eb, sa politikan\u00ebt ballkanas jo rrall\u00eb kan\u00eb keqp\u00ebrdorur riskun e ballkanizimit t\u00eb Europ\u00ebs p\u00ebr t\u00eb fshehur d\u00ebshtimet e tyre.<\/p>\n<p>Ndoshta k\u00ebta politikan\u00eb i referohen faktit q\u00eb Lufta e Par\u00eb Bot\u00ebrore nisi pik\u00ebrisht n\u00eb Ballkan dhe q\u00eb kjo fu\u00e7i e ndezur \u201cballkanizoi\u201d me shpejt\u00ebsi gjith\u00eb bot\u00ebn.<br \/>\nVet\u00ebm pas viteve 2000, Ballkani Per\u00ebndimor po e ndjen m\u00eb af\u00ebr Europ\u00ebn. D\u00ebshp\u00ebrimin e s\u00eb kaluar\u00ebs duket se po e tejkalon optimizmi i s\u00eb ardhmes.<\/p>\n<p>Nj\u00eb pjes\u00eb e lidershipit politik europian, iniciuar nga Papandreu, propozon q\u00eb n\u00eb vitin 2014, pik\u00ebrisht n\u00eb 100-vjetorin e Luft\u00ebs s\u00eb Par\u00eb Bot\u00ebrore, t\u00eb mbyllet p\u00ebrfundimisht historia e Ballkanit me vetveten.<\/p>\n<p>Propozohet q\u00eb n\u00eb vitin 2014 Ballkani Per\u00ebndimor t\u00eb an\u00ebtar\u00ebsohet n\u00eb Europ\u00eb. Edhe pse ky opsion mund t\u00eb duket shum\u00eb optimist, \u00ebsht\u00eb fakt q\u00eb an\u00ebtar\u00ebsimi n\u00eb BE mbetet strategjia m\u00eb e mir\u00eb p\u00ebr t\u00eb mbyllur p\u00ebfundimisht historin\u00eb e vjet\u00ebr t\u00eb rajonit ton\u00eb.<\/p>\n<p>Perspektiva e standardeve europiane do t\u00eb ndihmoj\u00eb Ballkanin t\u00eb ndihet realisht pjes\u00eb e bashkimit t\u00eb vlerave m\u00eb t\u00eb mira t\u00eb liris\u00eb, demokracis\u00eb dhe prosperitetit.<\/p>\n<p>Samiti i Zagrebit n\u00eb vitin 2000, Samiti i Selanikut n\u00eb vitin 2003, p\u00ebrfundimi i negociatave p\u00ebr an\u00ebtar\u00ebsim i Kroacis\u00eb, p\u00ebrfitimi i statusit t\u00eb vendit kandidat nga Maqedonia dhe Mali i zi, liberalizimi i l\u00ebvizjes s\u00eb lir\u00eb p\u00ebr t\u00eb gjitha vendet e Ballkanit, sa m\u00eb shpejt edhe p\u00ebr Kosov\u00ebn, jan\u00eb prova konkrete se Europa e Bashkuar \u00ebsht\u00eb m\u00eb af\u00ebr se kurr\u00eb.<\/p>\n<p>Tani nuk diskutohet m\u00eb e ardhmja jon\u00eb n\u00eb Bashkimin Europian, tani diskutohen dy momente t\u00eb r\u00ebnd\u00ebsishme, koha dhe cil\u00ebsia e k\u00ebtij procesi.<\/p>\n<p>Europianizimi i Ballkanit nuk do t\u00eb p\u00ebrcaktohet nga aksesi n\u00eb rritje drejt BE-s\u00eb, por nga cil\u00ebsia e zhvillimeve politike, ekonomike dhe sociale n\u00eb vendin ton\u00eb.<br \/>\nEuropianizimi yn\u00eb nuk do t\u00eb p\u00ebrcaktohet vet\u00ebm nga plot\u00ebsimi i disa kritereve teknike, por nga cil\u00ebsia e zhvillimeve politike dhe ekonomike. Ai do t\u00eb influencohet ndjesh\u00ebm nga kultura e re politike.<\/p>\n<p>\u201cEvropa nuk do t\u00eb krijohet menj\u00ebher\u00eb ose sipas nj\u00eb plani t\u00eb vet\u00ebm. Ajo do t\u00eb nd\u00ebrtohet me an\u00eb t\u00eb arritjeve konkrete, t\u00eb cilat n\u00eb radh\u00eb t\u00eb par\u00eb do t\u00eb krijojn\u00eb nj\u00eb solidaritet \u2018de facto\u2019\u201d. K\u00ebshtu do t\u00eb theksonte 60 vjet m\u00eb par\u00eb Robert Shcuman, ministri i Jasht\u00ebm i Franc\u00ebs n\u00eb 1950.<\/p>\n<p>Ky \u00ebsht\u00eb impakti real i \u00e7do hapi konkret drejt Europ\u00ebs s\u00eb Bashkuar. Ky projekt k\u00ebrkon m\u00eb shum\u00eb solidaritet dhe m\u00eb shum\u00eb p\u00ebrkushtim. \u00c7do hap konkret n\u00eb procesin e integrimit ton\u00eb, jo vet\u00ebm mban gjall\u00eb shpres\u00ebn, por n\u00ebp\u00ebrmjet arritjeve konkrete e nxit m\u00eb shum\u00eb p\u00ebrgjegjshm\u00ebrin\u00eb ton\u00eb.<\/p>\n<p>Edhe liberalizmi i vizave \u00ebsht\u00eb nj\u00eb arritje konkrete e vendeve t\u00eb Ballkanit drejt Europ\u00ebs s\u00eb Bashkuar. Edhe pse e vonuar, ajo duhet t\u00eb sjell\u00eb nj\u00eb impakt pozitiv mbi t\u00eb gjith\u00eb faktor\u00ebt politik\u00eb t\u00eb rajonit ton\u00eb.<\/p>\n<p>Sa m\u00eb shpejt dhe sa m\u00eb shum\u00eb t\u00eb jemi pjes\u00eb e vlerave dhe lirive themelore t\u00eb Europ\u00ebs s\u00eb Bashkuar, aq m\u00eb shum\u00eb do t\u00eb ndjehemi fajtor\u00eb pse jemi vonuar kaq gjat\u00eb, aq m\u00eb shum\u00eb duhet t\u00eb jemi t\u00eb p\u00ebrgjegjsh\u00ebm p\u00ebr gjith\u00e7ka q\u00eb humbasim po t\u00eb vonohemi akoma edhe m\u00eb.<\/p>\n<p>*<em>Deputet i PS, lektor i integrimit europian<\/em><\/p>\n","protected":false},"excerpt":{"rendered":"<p>Nga: ARBEN MALAJ N\u00ebse do t\u00eb k\u00ebt\u00eb nj\u00eb luft\u00eb tjet\u00ebr n\u00eb Europ\u00eb, ajo do t\u00eb vij\u00eb nga \u00e7mendurit\u00eb e ballkanasve\u201d Otto von Bismarck, 1815-1898 N\u00eb fund t\u00eb viteve 1800, ky ishte perceptimi p\u00ebr \u201ckontributet\u201d e Ballkanit n\u00eb Europ\u00eb. Fatkeq\u00ebsisht, edhe realiteti yn\u00eb historik deri n\u00eb fund t\u00eb viteve \u201890 ka qen\u00eb po kaq i trishtuesh\u00ebm. [&hellip;]<\/p>\n","protected":false},"author":1,"featured_media":0,"comment_status":"open","ping_status":"closed","sticky":false,"template":"","format":"standard","meta":{"footnotes":""},"categories":[2],"tags":[],"class_list":{"0":"post-5238","1":"post","2":"type-post","3":"status-publish","4":"format-standard","6":"category-artikuj"},"yoast_head":"<!-- This site is optimized with the Yoast SEO plugin v27.4 - https:\/\/yoast.com\/product\/yoast-seo-wordpress\/ -->\n<title>Europianizimi i Ballkanit - FjALA e LIR\u00cb - Arkivi<\/title>\n<meta name=\"robots\" content=\"index, follow, max-snippet:-1, max-image-preview:large, max-video-preview:-1\" \/>\n<link rel=\"canonical\" href=\"https:\/\/fjala.info\/2009-2015\/europianizimi-i-ballkanit\/\" \/>\n<meta property=\"og:locale\" content=\"sq_AL\" \/>\n<meta property=\"og:type\" content=\"article\" \/>\n<meta property=\"og:title\" content=\"Europianizimi i Ballkanit - FjALA e LIR\u00cb - Arkivi\" \/>\n<meta property=\"og:description\" content=\"Nga: ARBEN MALAJ N\u00ebse do t\u00eb k\u00ebt\u00eb nj\u00eb luft\u00eb tjet\u00ebr n\u00eb Europ\u00eb, ajo do t\u00eb vij\u00eb nga \u00e7mendurit\u00eb e ballkanasve\u201d Otto von Bismarck, 1815-1898 N\u00eb fund t\u00eb viteve 1800, ky ishte perceptimi p\u00ebr \u201ckontributet\u201d e Ballkanit n\u00eb Europ\u00eb. Fatkeq\u00ebsisht, edhe realiteti yn\u00eb historik deri n\u00eb fund t\u00eb viteve \u201890 ka qen\u00eb po kaq i trishtuesh\u00ebm. [&hellip;]\" \/>\n<meta property=\"og:url\" content=\"https:\/\/fjala.info\/2009-2015\/europianizimi-i-ballkanit\/\" \/>\n<meta property=\"og:site_name\" content=\"FjALA e LIR\u00cb - Arkivi\" \/>\n<meta property=\"article:published_time\" content=\"2010-12-18T07:24:21+00:00\" \/>\n<meta property=\"og:image\" content=\"http:\/\/fjala.shkoder.net\/wp-content\/uploads\/2010\/10\/arben_malaj.jpg\" \/>\n<meta name=\"author\" content=\"admin\" \/>\n<meta name=\"twitter:card\" content=\"summary_large_image\" \/>\n<meta name=\"twitter:label1\" content=\"Written by\" \/>\n\t<meta name=\"twitter:data1\" content=\"admin\" \/>\n\t<meta name=\"twitter:label2\" content=\"Est. reading time\" \/>\n\t<meta name=\"twitter:data2\" content=\"4 minutes\" \/>\n<script type=\"application\/ld+json\" class=\"yoast-schema-graph\">{\"@context\":\"https:\\\/\\\/schema.org\",\"@graph\":[{\"@type\":\"Article\",\"@id\":\"https:\\\/\\\/fjala.info\\\/2009-2015\\\/europianizimi-i-ballkanit\\\/#article\",\"isPartOf\":{\"@id\":\"https:\\\/\\\/fjala.info\\\/2009-2015\\\/europianizimi-i-ballkanit\\\/\"},\"author\":{\"name\":\"admin\",\"@id\":\"https:\\\/\\\/fjala.info\\\/2009-2015\\\/#\\\/schema\\\/person\\\/3aa1163ef05469c496fc94e77611ada2\"},\"headline\":\"Europianizimi i Ballkanit\",\"datePublished\":\"2010-12-18T07:24:21+00:00\",\"mainEntityOfPage\":{\"@id\":\"https:\\\/\\\/fjala.info\\\/2009-2015\\\/europianizimi-i-ballkanit\\\/\"},\"wordCount\":752,\"commentCount\":0,\"publisher\":{\"@id\":\"https:\\\/\\\/fjala.info\\\/2009-2015\\\/#organization\"},\"image\":{\"@id\":\"https:\\\/\\\/fjala.info\\\/2009-2015\\\/europianizimi-i-ballkanit\\\/#primaryimage\"},\"thumbnailUrl\":\"http:\\\/\\\/fjala.shkoder.net\\\/wp-content\\\/uploads\\\/2010\\\/10\\\/arben_malaj.jpg\",\"articleSection\":[\"Artikuj\"],\"inLanguage\":\"sq-AL\",\"potentialAction\":[{\"@type\":\"CommentAction\",\"name\":\"Comment\",\"target\":[\"https:\\\/\\\/fjala.info\\\/2009-2015\\\/europianizimi-i-ballkanit\\\/#respond\"]}]},{\"@type\":\"WebPage\",\"@id\":\"https:\\\/\\\/fjala.info\\\/2009-2015\\\/europianizimi-i-ballkanit\\\/\",\"url\":\"https:\\\/\\\/fjala.info\\\/2009-2015\\\/europianizimi-i-ballkanit\\\/\",\"name\":\"Europianizimi i Ballkanit - FjALA e LIR\u00cb - Arkivi\",\"isPartOf\":{\"@id\":\"https:\\\/\\\/fjala.info\\\/2009-2015\\\/#website\"},\"primaryImageOfPage\":{\"@id\":\"https:\\\/\\\/fjala.info\\\/2009-2015\\\/europianizimi-i-ballkanit\\\/#primaryimage\"},\"image\":{\"@id\":\"https:\\\/\\\/fjala.info\\\/2009-2015\\\/europianizimi-i-ballkanit\\\/#primaryimage\"},\"thumbnailUrl\":\"http:\\\/\\\/fjala.shkoder.net\\\/wp-content\\\/uploads\\\/2010\\\/10\\\/arben_malaj.jpg\",\"datePublished\":\"2010-12-18T07:24:21+00:00\",\"breadcrumb\":{\"@id\":\"https:\\\/\\\/fjala.info\\\/2009-2015\\\/europianizimi-i-ballkanit\\\/#breadcrumb\"},\"inLanguage\":\"sq-AL\",\"potentialAction\":[{\"@type\":\"ReadAction\",\"target\":[\"https:\\\/\\\/fjala.info\\\/2009-2015\\\/europianizimi-i-ballkanit\\\/\"]}]},{\"@type\":\"ImageObject\",\"inLanguage\":\"sq-AL\",\"@id\":\"https:\\\/\\\/fjala.info\\\/2009-2015\\\/europianizimi-i-ballkanit\\\/#primaryimage\",\"url\":\"http:\\\/\\\/fjala.shkoder.net\\\/wp-content\\\/uploads\\\/2010\\\/10\\\/arben_malaj.jpg\",\"contentUrl\":\"http:\\\/\\\/fjala.shkoder.net\\\/wp-content\\\/uploads\\\/2010\\\/10\\\/arben_malaj.jpg\"},{\"@type\":\"BreadcrumbList\",\"@id\":\"https:\\\/\\\/fjala.info\\\/2009-2015\\\/europianizimi-i-ballkanit\\\/#breadcrumb\",\"itemListElement\":[{\"@type\":\"ListItem\",\"position\":1,\"name\":\"Home\",\"item\":\"https:\\\/\\\/fjala.info\\\/2009-2015\\\/\"},{\"@type\":\"ListItem\",\"position\":2,\"name\":\"Europianizimi i Ballkanit\"}]},{\"@type\":\"WebSite\",\"@id\":\"https:\\\/\\\/fjala.info\\\/2009-2015\\\/#website\",\"url\":\"https:\\\/\\\/fjala.info\\\/2009-2015\\\/\",\"name\":\"FjALA e LIR\u00cb - Arkivi\",\"description\":\"Arkivi 2009-2015\",\"publisher\":{\"@id\":\"https:\\\/\\\/fjala.info\\\/2009-2015\\\/#organization\"},\"potentialAction\":[{\"@type\":\"SearchAction\",\"target\":{\"@type\":\"EntryPoint\",\"urlTemplate\":\"https:\\\/\\\/fjala.info\\\/2009-2015\\\/?s={search_term_string}\"},\"query-input\":{\"@type\":\"PropertyValueSpecification\",\"valueRequired\":true,\"valueName\":\"search_term_string\"}}],\"inLanguage\":\"sq-AL\"},{\"@type\":\"Organization\",\"@id\":\"https:\\\/\\\/fjala.info\\\/2009-2015\\\/#organization\",\"name\":\"FjALA e LIR\u00cb - Arkivi\",\"url\":\"https:\\\/\\\/fjala.info\\\/2009-2015\\\/\",\"logo\":{\"@type\":\"ImageObject\",\"inLanguage\":\"sq-AL\",\"@id\":\"https:\\\/\\\/fjala.info\\\/2009-2015\\\/#\\\/schema\\\/logo\\\/image\\\/\",\"url\":\"\",\"contentUrl\":\"\",\"caption\":\"FjALA e LIR\u00cb - Arkivi\"},\"image\":{\"@id\":\"https:\\\/\\\/fjala.info\\\/2009-2015\\\/#\\\/schema\\\/logo\\\/image\\\/\"}},{\"@type\":\"Person\",\"@id\":\"https:\\\/\\\/fjala.info\\\/2009-2015\\\/#\\\/schema\\\/person\\\/3aa1163ef05469c496fc94e77611ada2\",\"name\":\"admin\",\"image\":{\"@type\":\"ImageObject\",\"inLanguage\":\"sq-AL\",\"@id\":\"https:\\\/\\\/fjala.info\\\/2009-2015\\\/wp-content\\\/uploads\\\/2012\\\/02\\\/arben_cokaj-120x150.jpg\",\"url\":\"https:\\\/\\\/fjala.info\\\/2009-2015\\\/wp-content\\\/uploads\\\/2012\\\/02\\\/arben_cokaj-120x150.jpg\",\"contentUrl\":\"https:\\\/\\\/fjala.info\\\/2009-2015\\\/wp-content\\\/uploads\\\/2012\\\/02\\\/arben_cokaj-120x150.jpg\",\"caption\":\"admin\"},\"description\":\"Admin, Fjala e Lir\u00eb\",\"sameAs\":[\"https:\\\/\\\/fjala.info\\\/\"],\"url\":\"https:\\\/\\\/fjala.info\\\/2009-2015\\\/author\\\/admin\\\/\"}]}<\/script>\n<!-- \/ Yoast SEO plugin. -->","yoast_head_json":{"title":"Europianizimi i Ballkanit - FjALA e LIR\u00cb - Arkivi","robots":{"index":"index","follow":"follow","max-snippet":"max-snippet:-1","max-image-preview":"max-image-preview:large","max-video-preview":"max-video-preview:-1"},"canonical":"https:\/\/fjala.info\/2009-2015\/europianizimi-i-ballkanit\/","og_locale":"sq_AL","og_type":"article","og_title":"Europianizimi i Ballkanit - FjALA e LIR\u00cb - Arkivi","og_description":"Nga: ARBEN MALAJ N\u00ebse do t\u00eb k\u00ebt\u00eb nj\u00eb luft\u00eb tjet\u00ebr n\u00eb Europ\u00eb, ajo do t\u00eb vij\u00eb nga \u00e7mendurit\u00eb e ballkanasve\u201d Otto von Bismarck, 1815-1898 N\u00eb fund t\u00eb viteve 1800, ky ishte perceptimi p\u00ebr \u201ckontributet\u201d e Ballkanit n\u00eb Europ\u00eb. Fatkeq\u00ebsisht, edhe realiteti yn\u00eb historik deri n\u00eb fund t\u00eb viteve \u201890 ka qen\u00eb po kaq i trishtuesh\u00ebm. [&hellip;]","og_url":"https:\/\/fjala.info\/2009-2015\/europianizimi-i-ballkanit\/","og_site_name":"FjALA e LIR\u00cb - Arkivi","article_published_time":"2010-12-18T07:24:21+00:00","og_image":[{"url":"http:\/\/fjala.shkoder.net\/wp-content\/uploads\/2010\/10\/arben_malaj.jpg","type":"","width":"","height":""}],"author":"admin","twitter_card":"summary_large_image","twitter_misc":{"Written by":"admin","Est. reading time":"4 minutes"},"schema":{"@context":"https:\/\/schema.org","@graph":[{"@type":"Article","@id":"https:\/\/fjala.info\/2009-2015\/europianizimi-i-ballkanit\/#article","isPartOf":{"@id":"https:\/\/fjala.info\/2009-2015\/europianizimi-i-ballkanit\/"},"author":{"name":"admin","@id":"https:\/\/fjala.info\/2009-2015\/#\/schema\/person\/3aa1163ef05469c496fc94e77611ada2"},"headline":"Europianizimi i Ballkanit","datePublished":"2010-12-18T07:24:21+00:00","mainEntityOfPage":{"@id":"https:\/\/fjala.info\/2009-2015\/europianizimi-i-ballkanit\/"},"wordCount":752,"commentCount":0,"publisher":{"@id":"https:\/\/fjala.info\/2009-2015\/#organization"},"image":{"@id":"https:\/\/fjala.info\/2009-2015\/europianizimi-i-ballkanit\/#primaryimage"},"thumbnailUrl":"http:\/\/fjala.shkoder.net\/wp-content\/uploads\/2010\/10\/arben_malaj.jpg","articleSection":["Artikuj"],"inLanguage":"sq-AL","potentialAction":[{"@type":"CommentAction","name":"Comment","target":["https:\/\/fjala.info\/2009-2015\/europianizimi-i-ballkanit\/#respond"]}]},{"@type":"WebPage","@id":"https:\/\/fjala.info\/2009-2015\/europianizimi-i-ballkanit\/","url":"https:\/\/fjala.info\/2009-2015\/europianizimi-i-ballkanit\/","name":"Europianizimi i Ballkanit - FjALA e LIR\u00cb - Arkivi","isPartOf":{"@id":"https:\/\/fjala.info\/2009-2015\/#website"},"primaryImageOfPage":{"@id":"https:\/\/fjala.info\/2009-2015\/europianizimi-i-ballkanit\/#primaryimage"},"image":{"@id":"https:\/\/fjala.info\/2009-2015\/europianizimi-i-ballkanit\/#primaryimage"},"thumbnailUrl":"http:\/\/fjala.shkoder.net\/wp-content\/uploads\/2010\/10\/arben_malaj.jpg","datePublished":"2010-12-18T07:24:21+00:00","breadcrumb":{"@id":"https:\/\/fjala.info\/2009-2015\/europianizimi-i-ballkanit\/#breadcrumb"},"inLanguage":"sq-AL","potentialAction":[{"@type":"ReadAction","target":["https:\/\/fjala.info\/2009-2015\/europianizimi-i-ballkanit\/"]}]},{"@type":"ImageObject","inLanguage":"sq-AL","@id":"https:\/\/fjala.info\/2009-2015\/europianizimi-i-ballkanit\/#primaryimage","url":"http:\/\/fjala.shkoder.net\/wp-content\/uploads\/2010\/10\/arben_malaj.jpg","contentUrl":"http:\/\/fjala.shkoder.net\/wp-content\/uploads\/2010\/10\/arben_malaj.jpg"},{"@type":"BreadcrumbList","@id":"https:\/\/fjala.info\/2009-2015\/europianizimi-i-ballkanit\/#breadcrumb","itemListElement":[{"@type":"ListItem","position":1,"name":"Home","item":"https:\/\/fjala.info\/2009-2015\/"},{"@type":"ListItem","position":2,"name":"Europianizimi i Ballkanit"}]},{"@type":"WebSite","@id":"https:\/\/fjala.info\/2009-2015\/#website","url":"https:\/\/fjala.info\/2009-2015\/","name":"FjALA e LIR\u00cb - Arkivi","description":"Arkivi 2009-2015","publisher":{"@id":"https:\/\/fjala.info\/2009-2015\/#organization"},"potentialAction":[{"@type":"SearchAction","target":{"@type":"EntryPoint","urlTemplate":"https:\/\/fjala.info\/2009-2015\/?s={search_term_string}"},"query-input":{"@type":"PropertyValueSpecification","valueRequired":true,"valueName":"search_term_string"}}],"inLanguage":"sq-AL"},{"@type":"Organization","@id":"https:\/\/fjala.info\/2009-2015\/#organization","name":"FjALA e LIR\u00cb - Arkivi","url":"https:\/\/fjala.info\/2009-2015\/","logo":{"@type":"ImageObject","inLanguage":"sq-AL","@id":"https:\/\/fjala.info\/2009-2015\/#\/schema\/logo\/image\/","url":"","contentUrl":"","caption":"FjALA e LIR\u00cb - Arkivi"},"image":{"@id":"https:\/\/fjala.info\/2009-2015\/#\/schema\/logo\/image\/"}},{"@type":"Person","@id":"https:\/\/fjala.info\/2009-2015\/#\/schema\/person\/3aa1163ef05469c496fc94e77611ada2","name":"admin","image":{"@type":"ImageObject","inLanguage":"sq-AL","@id":"https:\/\/fjala.info\/2009-2015\/wp-content\/uploads\/2012\/02\/arben_cokaj-120x150.jpg","url":"https:\/\/fjala.info\/2009-2015\/wp-content\/uploads\/2012\/02\/arben_cokaj-120x150.jpg","contentUrl":"https:\/\/fjala.info\/2009-2015\/wp-content\/uploads\/2012\/02\/arben_cokaj-120x150.jpg","caption":"admin"},"description":"Admin, Fjala e Lir\u00eb","sameAs":["https:\/\/fjala.info\/"],"url":"https:\/\/fjala.info\/2009-2015\/author\/admin\/"}]}},"_links":{"self":[{"href":"https:\/\/fjala.info\/2009-2015\/wp-json\/wp\/v2\/posts\/5238","targetHints":{"allow":["GET"]}}],"collection":[{"href":"https:\/\/fjala.info\/2009-2015\/wp-json\/wp\/v2\/posts"}],"about":[{"href":"https:\/\/fjala.info\/2009-2015\/wp-json\/wp\/v2\/types\/post"}],"author":[{"embeddable":true,"href":"https:\/\/fjala.info\/2009-2015\/wp-json\/wp\/v2\/users\/1"}],"replies":[{"embeddable":true,"href":"https:\/\/fjala.info\/2009-2015\/wp-json\/wp\/v2\/comments?post=5238"}],"version-history":[{"count":0,"href":"https:\/\/fjala.info\/2009-2015\/wp-json\/wp\/v2\/posts\/5238\/revisions"}],"wp:attachment":[{"href":"https:\/\/fjala.info\/2009-2015\/wp-json\/wp\/v2\/media?parent=5238"}],"wp:term":[{"taxonomy":"category","embeddable":true,"href":"https:\/\/fjala.info\/2009-2015\/wp-json\/wp\/v2\/categories?post=5238"},{"taxonomy":"post_tag","embeddable":true,"href":"https:\/\/fjala.info\/2009-2015\/wp-json\/wp\/v2\/tags?post=5238"}],"curies":[{"name":"wp","href":"https:\/\/api.w.org\/{rel}","templated":true}]}}