{"id":5229,"date":"2010-12-15T11:33:45","date_gmt":"2010-12-15T10:33:45","guid":{"rendered":"http:\/\/fjala.shkoder.net\/?p=5229"},"modified":"2010-12-15T11:33:45","modified_gmt":"2010-12-15T10:33:45","slug":"qetesia-e-padrejtesise","status":"publish","type":"post","link":"https:\/\/fjala.info\/2009-2015\/qetesia-e-padrejtesise\/","title":{"rendered":"Qetesia e padrejtesise"},"content":{"rendered":"<p><img loading=\"lazy\" decoding=\"async\" src=\"http:\/\/fjala.shkoder.net\/wp-content\/uploads\/2010\/12\/albin_kurti2.jpg\" alt=\"\" title=\"Albin Kurti\" width=\"150\" height=\"110\" class=\"alignleft size-full wp-image-5226\" \/><br \/>\nNga <strong>Albin Kurti<\/strong><\/p>\n<p>Zgjedhje t\u00eb qeta, &#8211; than\u00eb zyrtar\u00ebt nd\u00ebrkomb\u00ebtar\u00eb. Nuk than\u00eb se zgjedhjet parlamentare t\u00eb 12 dhjetorit ishin t\u00eb lira, demokratike apo t\u00eb ndershme. Sepse, thjesht, dihet bot\u00ebrisht q\u00eb nuk ishin t\u00eb tilla. Mir\u00ebpo, si b\u00ebhet q\u00eb p\u00ebrkund\u00ebr shkeljeve e parregullsive t\u00eb panum\u00ebrta theksi vihet te qet\u00ebsia e zgjedhjeve? Pse gj\u00ebja m\u00eb e vlefshme p\u00ebr nd\u00ebrkomb\u00ebtar\u00ebt nga k\u00ebto zgjedhje na paska qen\u00eb qet\u00ebsia e perceptuar prej tyre?<\/p>\n<p>Nd\u00ebrkomb\u00ebtar\u00ebt po na e tregojn\u00eb sesa t\u00eb ul\u00ebta jan\u00eb ambiciet, por edhe pritjet e tyre p\u00ebr Kosov\u00ebn. Vet\u00ebm le t\u00eb jet\u00eb qet\u00eb, dhe s\u2019\u00ebsht\u00eb aq problem q\u00eb s\u2019ka drejt\u00ebsi e korrekt\u00ebsi, demokraci e ndershm\u00ebri. Thuajse e r\u00ebnd\u00ebsishme \u00ebsht\u00eb ve\u00e7se q\u00eb t\u00eb jet\u00eb qet\u00eb, pra q\u00eb t\u00eb mos ket\u00eb zhurm\u00eb, edhe at\u00ebher\u00eb kur s\u2019ka drejt\u00ebsi e demokraci p\u00ebr qytetar\u00ebt.<\/p>\n<p>Natyrisht q\u00eb e gjith\u00eb kjo \u00ebsht\u00eb pasoj\u00eb e drejtp\u00ebrdrejt\u00eb e doktrin\u00ebs s\u00eb stabilitetit afatshkurt\u00ebr, q\u00eb shpesh quhet edhe si menaxhim i kriz\u00ebs. Kosova \u00ebsht\u00eb kriz\u00eb q\u00eb menaxhohet nd\u00ebrkomb\u00ebtarisht dhe, n\u00ebn k\u00ebt\u00eb dioptri, qet\u00ebsia e k\u00ebsaj vatre t\u00eb kriz\u00ebs del se p\u00ebrb\u00ebn lajm t\u00eb mir\u00eb.<\/p>\n<p>Shprehja \u2018e qet\u00eb\u2019, n\u00eb t\u00eb v\u00ebrtet\u00eb, buron prej fjalis\u00eb \u2018e qet\u00eb, por e tensionuar\u2019. Kjo fjali paraqet fraz\u00ebn q\u00eb m\u00eb s\u00eb shpeshti \u00ebsht\u00eb p\u00ebrs\u00ebritur n\u00eb raportet nd\u00ebrkomb\u00ebtare p\u00ebr Kosov\u00ebn n\u00eb k\u00ebto 11 vitet e pasluft\u00ebs. Kur thuhet q\u00eb gjendja n\u00eb Kosov\u00eb \u00ebsht\u00eb e qet\u00eb, at\u00ebher\u00eb gjithmon\u00eb mendohet q\u00eb ajo \u00ebsht\u00eb e mir\u00eb, sepse \u00ebsht\u00eb m\u00eb e mir\u00eb sesa n\u00ebp\u00ebr krizat e tjera n\u00ebp\u00ebr bot\u00eb ku organizmat nd\u00ebrkomb\u00ebtar\u00eb i kan\u00eb misionet e tyre sunduese. Pra, p\u00ebrshkrimi i gjendjes n\u00eb Kosov\u00eb si gjendje e qet\u00eb, do t\u00eb thot\u00eb q\u00eb \u00ebsht\u00eb gjendje m\u00eb e mir\u00eb sesa n\u00eb Afganistan a Palestin\u00eb. Ngjash\u00ebm, kur thuhet q\u00eb zgjedhjet n\u00eb Kosov\u00eb ishin t\u00eb qeta, kjo do t\u00eb thot\u00eb q\u00eb ato ishin t\u00eb nj\u00eb cil\u00ebsie t\u00eb pranueshme, sepse kuti mat\u00ebs \u00ebsht\u00eb ai q\u00eb i dedikohet Afganistanit e Palestin\u00ebs.<\/p>\n<p>Nd\u00ebrkaq, kur thuhet a shkruhet ky vazhdimi i fjalis\u00eb: \u2018e tensionuar\u2019, n\u00eb fakt, vet\u00ebm sa sajohet shtrati p\u00ebr vazhdimin e protektoratit nd\u00ebrkomb\u00ebtar, meq\u00eb situata n\u00eb Kosov\u00eb qenka e tensionuar dhe duke iu fal\u00ebnderuar pik\u00ebrisht protektoratit nd\u00ebrkomb\u00ebtar, ajo mbetet e qet\u00eb (sic.). Tensioni q\u00eb gjithmon\u00eb \u00ebsht\u00eb aty, por nuk shp\u00ebrthen, \u00ebsht\u00eb preteksti p\u00ebr ata q\u00eb nuk e lejojn\u00eb k\u00ebt\u00eb shp\u00ebrthim t\u00eb projektuar. Madje, p\u00ebr ta normalizuar mbik\u00ebqyrjen nd\u00ebrkomb\u00ebtare t\u00eb pakufizuar n\u00eb shkall\u00eb e n\u00eb koh\u00eb, quhemi t\u00eb porsalindur, ose m\u00eb sakt\u00eb, t\u00eb lindur para dy vjet\u00ebve e gjysm\u00eb, dhe prandaj na u dashka kujdestaria nga lart. Ama, edhe si f\u00ebmij\u00eb q\u00eb na konsiderojn\u00eb nuk p\u00ebrtojn\u00eb t\u00eb na hedhin n\u00eb aren\u00ebn e gladiator\u00ebve n\u00eb aspektin politik dhe ekonomik, k\u00ebshtu q\u00eb del se mbrojtja q\u00eb i b\u00ebhet Kosov\u00ebs nga nd\u00ebrkomb\u00ebtar\u00ebt \u00ebsht\u00eb mbrojtje e Kosov\u00ebs nga vetvetja. Protektorati nd\u00ebrkomb\u00ebtar e konsideron vet\u00eb Kosov\u00ebn si rrezikun m\u00eb t\u00eb madh p\u00ebr Kosov\u00ebn.<\/p>\n<p>Por, si b\u00ebhet at\u00ebher\u00eb q\u00eb t\u00eb vetmen dit\u00eb q\u00eb Kosova mbase kishte nevoj\u00eb p\u00ebr mbik\u00ebqyrje t\u00eb organizmave nd\u00ebrkomb\u00ebtar\u00eb, pra n\u00eb dit\u00ebn e zgjedhjeve, nuk kishte mbik\u00ebqyrje dhe as shqet\u00ebsim t\u00eb shtuar t\u00eb tyre? Pse n\u00eb k\u00ebt\u00eb dit\u00eb faktor\u00ebt nd\u00ebrkomb\u00ebtar\u00eb nuk e mbrojt\u00ebn e ruajt\u00ebn Kosov\u00ebn nga vetvetja, pse nuk e parandaluan l\u00ebndimin q\u00eb asaj do t\u2019ia shkaktonin vet\u00eb ish-pushtetar\u00ebt kosovar\u00eb? Dhunimi i vot\u00ebs s\u00eb lir\u00eb t\u00eb qytetarit p\u00ebrmes manipulimeve dhe vjedhjeve, gjithsesi ra n\u00eb prapavij\u00eb t\u00eb vler\u00ebsimit p\u00ebr zgjedhjet si zgjedhje t\u00eb qeta. Nga pik\u00ebv\u00ebshtrimi i disa qarqeve nd\u00ebrkomb\u00ebtare, \u2018zgjedhjet e qeta\u2019 n\u00eb Kosov\u00eb ishin ve\u00e7se nj\u00eb faz\u00eb q\u00eb duhej kap\u00ebrcyer sa m\u00eb shpejt drejt negociatave t\u00eb reja me Serbin\u00eb. Jan\u00eb po k\u00ebto qarqe q\u00eb e duan Serbin\u00eb me \u00e7do kusht n\u00eb binar\u00ebt drejt BE-s\u00eb, madje edhe n\u00ebse p\u00ebr k\u00ebt\u00eb gj\u00eb Serbia k\u00ebrkon q\u00eb ta sajoj\u00eb nj\u00eb republik\u00eb t\u00eb re serbe, ngjash\u00ebm si n\u00eb Bosnje, vet\u00ebm se k\u00ebsaj radhe n\u00eb Kosov\u00eb. Ish-pushtetar\u00ebt q\u00eb b\u00ebn\u00eb dikur kompromise me Serbin\u00eb jan\u00eb t\u00eb gatsh\u00ebm t\u2019i p\u00ebrs\u00ebrisin kompromiset. Prandaj, rrezikojm\u00eb t\u00eb na p\u00ebrs\u00ebriten negociatat me Serbin\u00eb p\u00ebr vendin ton\u00eb e n\u00eb kurriz t\u00eb vendit ton\u00eb.<\/p>\n<p>L\u00ebvizja \u201cVET\u00cbVENDOSJE!\u201d tash \u00ebsht\u00eb m\u00eb e p\u00ebrgatitur se kurr\u00eb, q\u00eb bashk\u00ebrisht me qytetar\u00ebt ta sh\u00ebrojm\u00eb k\u00ebt\u00eb s\u00ebmundje kronike n\u00eb form\u00eb negociatash, nga t\u00eb cilat Serbia fiton m\u00eb shum\u00eb pushtet n\u00eb m\u00eb shum\u00eb territor t\u00eb Kosov\u00ebs, nd\u00ebrkaq pushtetar\u00ebt e Kosov\u00ebs fitojn\u00eb koh\u00ebzgjatje pushteti n\u00eb Kosov\u00ebn gjithnj\u00eb e m\u00eb t\u00eb rrudhur.<\/p>\n","protected":false},"excerpt":{"rendered":"<p>Nga Albin Kurti Zgjedhje t\u00eb qeta, &#8211; than\u00eb zyrtar\u00ebt nd\u00ebrkomb\u00ebtar\u00eb. Nuk than\u00eb se zgjedhjet parlamentare t\u00eb 12 dhjetorit ishin t\u00eb lira, demokratike apo t\u00eb ndershme. Sepse, thjesht, dihet bot\u00ebrisht q\u00eb nuk ishin t\u00eb tilla. Mir\u00ebpo, si b\u00ebhet q\u00eb p\u00ebrkund\u00ebr shkeljeve e parregullsive t\u00eb panum\u00ebrta theksi vihet te qet\u00ebsia e zgjedhjeve? Pse gj\u00ebja m\u00eb e vlefshme [&hellip;]<\/p>\n","protected":false},"author":1,"featured_media":0,"comment_status":"open","ping_status":"closed","sticky":false,"template":"","format":"standard","meta":{"footnotes":""},"categories":[2],"tags":[],"class_list":{"0":"post-5229","1":"post","2":"type-post","3":"status-publish","4":"format-standard","6":"category-artikuj"},"yoast_head":"<!-- This site is optimized with the Yoast SEO plugin v27.4 - https:\/\/yoast.com\/product\/yoast-seo-wordpress\/ -->\n<title>Qetesia e padrejtesise - FjALA e LIR\u00cb - Arkivi<\/title>\n<meta name=\"robots\" content=\"index, follow, max-snippet:-1, max-image-preview:large, max-video-preview:-1\" \/>\n<link rel=\"canonical\" href=\"https:\/\/fjala.info\/2009-2015\/qetesia-e-padrejtesise\/\" \/>\n<meta property=\"og:locale\" content=\"sq_AL\" \/>\n<meta property=\"og:type\" content=\"article\" \/>\n<meta property=\"og:title\" content=\"Qetesia e padrejtesise - FjALA e LIR\u00cb - Arkivi\" \/>\n<meta property=\"og:description\" content=\"Nga Albin Kurti Zgjedhje t\u00eb qeta, &#8211; than\u00eb zyrtar\u00ebt nd\u00ebrkomb\u00ebtar\u00eb. Nuk than\u00eb se zgjedhjet parlamentare t\u00eb 12 dhjetorit ishin t\u00eb lira, demokratike apo t\u00eb ndershme. Sepse, thjesht, dihet bot\u00ebrisht q\u00eb nuk ishin t\u00eb tilla. Mir\u00ebpo, si b\u00ebhet q\u00eb p\u00ebrkund\u00ebr shkeljeve e parregullsive t\u00eb panum\u00ebrta theksi vihet te qet\u00ebsia e zgjedhjeve? Pse gj\u00ebja m\u00eb e vlefshme [&hellip;]\" \/>\n<meta property=\"og:url\" content=\"https:\/\/fjala.info\/2009-2015\/qetesia-e-padrejtesise\/\" \/>\n<meta property=\"og:site_name\" content=\"FjALA e LIR\u00cb - Arkivi\" \/>\n<meta property=\"article:published_time\" content=\"2010-12-15T10:33:45+00:00\" \/>\n<meta property=\"og:image\" content=\"http:\/\/fjala.shkoder.net\/wp-content\/uploads\/2010\/12\/albin_kurti2.jpg\" \/>\n<meta name=\"author\" content=\"admin\" \/>\n<meta name=\"twitter:card\" content=\"summary_large_image\" \/>\n<meta name=\"twitter:label1\" content=\"Written by\" \/>\n\t<meta name=\"twitter:data1\" content=\"admin\" \/>\n\t<meta name=\"twitter:label2\" content=\"Est. reading time\" \/>\n\t<meta name=\"twitter:data2\" content=\"4 minutes\" \/>\n<script type=\"application\/ld+json\" class=\"yoast-schema-graph\">{\"@context\":\"https:\\\/\\\/schema.org\",\"@graph\":[{\"@type\":\"Article\",\"@id\":\"https:\\\/\\\/fjala.info\\\/2009-2015\\\/qetesia-e-padrejtesise\\\/#article\",\"isPartOf\":{\"@id\":\"https:\\\/\\\/fjala.info\\\/2009-2015\\\/qetesia-e-padrejtesise\\\/\"},\"author\":{\"name\":\"admin\",\"@id\":\"https:\\\/\\\/fjala.info\\\/2009-2015\\\/#\\\/schema\\\/person\\\/3aa1163ef05469c496fc94e77611ada2\"},\"headline\":\"Qetesia e padrejtesise\",\"datePublished\":\"2010-12-15T10:33:45+00:00\",\"mainEntityOfPage\":{\"@id\":\"https:\\\/\\\/fjala.info\\\/2009-2015\\\/qetesia-e-padrejtesise\\\/\"},\"wordCount\":844,\"commentCount\":1,\"publisher\":{\"@id\":\"https:\\\/\\\/fjala.info\\\/2009-2015\\\/#organization\"},\"image\":{\"@id\":\"https:\\\/\\\/fjala.info\\\/2009-2015\\\/qetesia-e-padrejtesise\\\/#primaryimage\"},\"thumbnailUrl\":\"http:\\\/\\\/fjala.shkoder.net\\\/wp-content\\\/uploads\\\/2010\\\/12\\\/albin_kurti2.jpg\",\"articleSection\":[\"Artikuj\"],\"inLanguage\":\"sq-AL\",\"potentialAction\":[{\"@type\":\"CommentAction\",\"name\":\"Comment\",\"target\":[\"https:\\\/\\\/fjala.info\\\/2009-2015\\\/qetesia-e-padrejtesise\\\/#respond\"]}]},{\"@type\":\"WebPage\",\"@id\":\"https:\\\/\\\/fjala.info\\\/2009-2015\\\/qetesia-e-padrejtesise\\\/\",\"url\":\"https:\\\/\\\/fjala.info\\\/2009-2015\\\/qetesia-e-padrejtesise\\\/\",\"name\":\"Qetesia e padrejtesise - FjALA e LIR\u00cb - Arkivi\",\"isPartOf\":{\"@id\":\"https:\\\/\\\/fjala.info\\\/2009-2015\\\/#website\"},\"primaryImageOfPage\":{\"@id\":\"https:\\\/\\\/fjala.info\\\/2009-2015\\\/qetesia-e-padrejtesise\\\/#primaryimage\"},\"image\":{\"@id\":\"https:\\\/\\\/fjala.info\\\/2009-2015\\\/qetesia-e-padrejtesise\\\/#primaryimage\"},\"thumbnailUrl\":\"http:\\\/\\\/fjala.shkoder.net\\\/wp-content\\\/uploads\\\/2010\\\/12\\\/albin_kurti2.jpg\",\"datePublished\":\"2010-12-15T10:33:45+00:00\",\"breadcrumb\":{\"@id\":\"https:\\\/\\\/fjala.info\\\/2009-2015\\\/qetesia-e-padrejtesise\\\/#breadcrumb\"},\"inLanguage\":\"sq-AL\",\"potentialAction\":[{\"@type\":\"ReadAction\",\"target\":[\"https:\\\/\\\/fjala.info\\\/2009-2015\\\/qetesia-e-padrejtesise\\\/\"]}]},{\"@type\":\"ImageObject\",\"inLanguage\":\"sq-AL\",\"@id\":\"https:\\\/\\\/fjala.info\\\/2009-2015\\\/qetesia-e-padrejtesise\\\/#primaryimage\",\"url\":\"http:\\\/\\\/fjala.shkoder.net\\\/wp-content\\\/uploads\\\/2010\\\/12\\\/albin_kurti2.jpg\",\"contentUrl\":\"http:\\\/\\\/fjala.shkoder.net\\\/wp-content\\\/uploads\\\/2010\\\/12\\\/albin_kurti2.jpg\"},{\"@type\":\"BreadcrumbList\",\"@id\":\"https:\\\/\\\/fjala.info\\\/2009-2015\\\/qetesia-e-padrejtesise\\\/#breadcrumb\",\"itemListElement\":[{\"@type\":\"ListItem\",\"position\":1,\"name\":\"Home\",\"item\":\"https:\\\/\\\/fjala.info\\\/2009-2015\\\/\"},{\"@type\":\"ListItem\",\"position\":2,\"name\":\"Qetesia e padrejtesise\"}]},{\"@type\":\"WebSite\",\"@id\":\"https:\\\/\\\/fjala.info\\\/2009-2015\\\/#website\",\"url\":\"https:\\\/\\\/fjala.info\\\/2009-2015\\\/\",\"name\":\"FjALA e LIR\u00cb - Arkivi\",\"description\":\"Arkivi 2009-2015\",\"publisher\":{\"@id\":\"https:\\\/\\\/fjala.info\\\/2009-2015\\\/#organization\"},\"potentialAction\":[{\"@type\":\"SearchAction\",\"target\":{\"@type\":\"EntryPoint\",\"urlTemplate\":\"https:\\\/\\\/fjala.info\\\/2009-2015\\\/?s={search_term_string}\"},\"query-input\":{\"@type\":\"PropertyValueSpecification\",\"valueRequired\":true,\"valueName\":\"search_term_string\"}}],\"inLanguage\":\"sq-AL\"},{\"@type\":\"Organization\",\"@id\":\"https:\\\/\\\/fjala.info\\\/2009-2015\\\/#organization\",\"name\":\"FjALA e LIR\u00cb - Arkivi\",\"url\":\"https:\\\/\\\/fjala.info\\\/2009-2015\\\/\",\"logo\":{\"@type\":\"ImageObject\",\"inLanguage\":\"sq-AL\",\"@id\":\"https:\\\/\\\/fjala.info\\\/2009-2015\\\/#\\\/schema\\\/logo\\\/image\\\/\",\"url\":\"\",\"contentUrl\":\"\",\"caption\":\"FjALA e LIR\u00cb - Arkivi\"},\"image\":{\"@id\":\"https:\\\/\\\/fjala.info\\\/2009-2015\\\/#\\\/schema\\\/logo\\\/image\\\/\"}},{\"@type\":\"Person\",\"@id\":\"https:\\\/\\\/fjala.info\\\/2009-2015\\\/#\\\/schema\\\/person\\\/3aa1163ef05469c496fc94e77611ada2\",\"name\":\"admin\",\"image\":{\"@type\":\"ImageObject\",\"inLanguage\":\"sq-AL\",\"@id\":\"https:\\\/\\\/fjala.info\\\/2009-2015\\\/wp-content\\\/uploads\\\/2012\\\/02\\\/arben_cokaj-120x150.jpg\",\"url\":\"https:\\\/\\\/fjala.info\\\/2009-2015\\\/wp-content\\\/uploads\\\/2012\\\/02\\\/arben_cokaj-120x150.jpg\",\"contentUrl\":\"https:\\\/\\\/fjala.info\\\/2009-2015\\\/wp-content\\\/uploads\\\/2012\\\/02\\\/arben_cokaj-120x150.jpg\",\"caption\":\"admin\"},\"description\":\"Admin, Fjala e Lir\u00eb\",\"sameAs\":[\"https:\\\/\\\/fjala.info\\\/\"],\"url\":\"https:\\\/\\\/fjala.info\\\/2009-2015\\\/author\\\/admin\\\/\"}]}<\/script>\n<!-- \/ Yoast SEO plugin. -->","yoast_head_json":{"title":"Qetesia e padrejtesise - FjALA e LIR\u00cb - Arkivi","robots":{"index":"index","follow":"follow","max-snippet":"max-snippet:-1","max-image-preview":"max-image-preview:large","max-video-preview":"max-video-preview:-1"},"canonical":"https:\/\/fjala.info\/2009-2015\/qetesia-e-padrejtesise\/","og_locale":"sq_AL","og_type":"article","og_title":"Qetesia e padrejtesise - FjALA e LIR\u00cb - Arkivi","og_description":"Nga Albin Kurti Zgjedhje t\u00eb qeta, &#8211; than\u00eb zyrtar\u00ebt nd\u00ebrkomb\u00ebtar\u00eb. Nuk than\u00eb se zgjedhjet parlamentare t\u00eb 12 dhjetorit ishin t\u00eb lira, demokratike apo t\u00eb ndershme. Sepse, thjesht, dihet bot\u00ebrisht q\u00eb nuk ishin t\u00eb tilla. Mir\u00ebpo, si b\u00ebhet q\u00eb p\u00ebrkund\u00ebr shkeljeve e parregullsive t\u00eb panum\u00ebrta theksi vihet te qet\u00ebsia e zgjedhjeve? Pse gj\u00ebja m\u00eb e vlefshme [&hellip;]","og_url":"https:\/\/fjala.info\/2009-2015\/qetesia-e-padrejtesise\/","og_site_name":"FjALA e LIR\u00cb - Arkivi","article_published_time":"2010-12-15T10:33:45+00:00","og_image":[{"url":"http:\/\/fjala.shkoder.net\/wp-content\/uploads\/2010\/12\/albin_kurti2.jpg","type":"","width":"","height":""}],"author":"admin","twitter_card":"summary_large_image","twitter_misc":{"Written by":"admin","Est. reading time":"4 minutes"},"schema":{"@context":"https:\/\/schema.org","@graph":[{"@type":"Article","@id":"https:\/\/fjala.info\/2009-2015\/qetesia-e-padrejtesise\/#article","isPartOf":{"@id":"https:\/\/fjala.info\/2009-2015\/qetesia-e-padrejtesise\/"},"author":{"name":"admin","@id":"https:\/\/fjala.info\/2009-2015\/#\/schema\/person\/3aa1163ef05469c496fc94e77611ada2"},"headline":"Qetesia e padrejtesise","datePublished":"2010-12-15T10:33:45+00:00","mainEntityOfPage":{"@id":"https:\/\/fjala.info\/2009-2015\/qetesia-e-padrejtesise\/"},"wordCount":844,"commentCount":1,"publisher":{"@id":"https:\/\/fjala.info\/2009-2015\/#organization"},"image":{"@id":"https:\/\/fjala.info\/2009-2015\/qetesia-e-padrejtesise\/#primaryimage"},"thumbnailUrl":"http:\/\/fjala.shkoder.net\/wp-content\/uploads\/2010\/12\/albin_kurti2.jpg","articleSection":["Artikuj"],"inLanguage":"sq-AL","potentialAction":[{"@type":"CommentAction","name":"Comment","target":["https:\/\/fjala.info\/2009-2015\/qetesia-e-padrejtesise\/#respond"]}]},{"@type":"WebPage","@id":"https:\/\/fjala.info\/2009-2015\/qetesia-e-padrejtesise\/","url":"https:\/\/fjala.info\/2009-2015\/qetesia-e-padrejtesise\/","name":"Qetesia e padrejtesise - FjALA e LIR\u00cb - Arkivi","isPartOf":{"@id":"https:\/\/fjala.info\/2009-2015\/#website"},"primaryImageOfPage":{"@id":"https:\/\/fjala.info\/2009-2015\/qetesia-e-padrejtesise\/#primaryimage"},"image":{"@id":"https:\/\/fjala.info\/2009-2015\/qetesia-e-padrejtesise\/#primaryimage"},"thumbnailUrl":"http:\/\/fjala.shkoder.net\/wp-content\/uploads\/2010\/12\/albin_kurti2.jpg","datePublished":"2010-12-15T10:33:45+00:00","breadcrumb":{"@id":"https:\/\/fjala.info\/2009-2015\/qetesia-e-padrejtesise\/#breadcrumb"},"inLanguage":"sq-AL","potentialAction":[{"@type":"ReadAction","target":["https:\/\/fjala.info\/2009-2015\/qetesia-e-padrejtesise\/"]}]},{"@type":"ImageObject","inLanguage":"sq-AL","@id":"https:\/\/fjala.info\/2009-2015\/qetesia-e-padrejtesise\/#primaryimage","url":"http:\/\/fjala.shkoder.net\/wp-content\/uploads\/2010\/12\/albin_kurti2.jpg","contentUrl":"http:\/\/fjala.shkoder.net\/wp-content\/uploads\/2010\/12\/albin_kurti2.jpg"},{"@type":"BreadcrumbList","@id":"https:\/\/fjala.info\/2009-2015\/qetesia-e-padrejtesise\/#breadcrumb","itemListElement":[{"@type":"ListItem","position":1,"name":"Home","item":"https:\/\/fjala.info\/2009-2015\/"},{"@type":"ListItem","position":2,"name":"Qetesia e padrejtesise"}]},{"@type":"WebSite","@id":"https:\/\/fjala.info\/2009-2015\/#website","url":"https:\/\/fjala.info\/2009-2015\/","name":"FjALA e LIR\u00cb - Arkivi","description":"Arkivi 2009-2015","publisher":{"@id":"https:\/\/fjala.info\/2009-2015\/#organization"},"potentialAction":[{"@type":"SearchAction","target":{"@type":"EntryPoint","urlTemplate":"https:\/\/fjala.info\/2009-2015\/?s={search_term_string}"},"query-input":{"@type":"PropertyValueSpecification","valueRequired":true,"valueName":"search_term_string"}}],"inLanguage":"sq-AL"},{"@type":"Organization","@id":"https:\/\/fjala.info\/2009-2015\/#organization","name":"FjALA e LIR\u00cb - Arkivi","url":"https:\/\/fjala.info\/2009-2015\/","logo":{"@type":"ImageObject","inLanguage":"sq-AL","@id":"https:\/\/fjala.info\/2009-2015\/#\/schema\/logo\/image\/","url":"","contentUrl":"","caption":"FjALA e LIR\u00cb - Arkivi"},"image":{"@id":"https:\/\/fjala.info\/2009-2015\/#\/schema\/logo\/image\/"}},{"@type":"Person","@id":"https:\/\/fjala.info\/2009-2015\/#\/schema\/person\/3aa1163ef05469c496fc94e77611ada2","name":"admin","image":{"@type":"ImageObject","inLanguage":"sq-AL","@id":"https:\/\/fjala.info\/2009-2015\/wp-content\/uploads\/2012\/02\/arben_cokaj-120x150.jpg","url":"https:\/\/fjala.info\/2009-2015\/wp-content\/uploads\/2012\/02\/arben_cokaj-120x150.jpg","contentUrl":"https:\/\/fjala.info\/2009-2015\/wp-content\/uploads\/2012\/02\/arben_cokaj-120x150.jpg","caption":"admin"},"description":"Admin, Fjala e Lir\u00eb","sameAs":["https:\/\/fjala.info\/"],"url":"https:\/\/fjala.info\/2009-2015\/author\/admin\/"}]}},"_links":{"self":[{"href":"https:\/\/fjala.info\/2009-2015\/wp-json\/wp\/v2\/posts\/5229","targetHints":{"allow":["GET"]}}],"collection":[{"href":"https:\/\/fjala.info\/2009-2015\/wp-json\/wp\/v2\/posts"}],"about":[{"href":"https:\/\/fjala.info\/2009-2015\/wp-json\/wp\/v2\/types\/post"}],"author":[{"embeddable":true,"href":"https:\/\/fjala.info\/2009-2015\/wp-json\/wp\/v2\/users\/1"}],"replies":[{"embeddable":true,"href":"https:\/\/fjala.info\/2009-2015\/wp-json\/wp\/v2\/comments?post=5229"}],"version-history":[{"count":0,"href":"https:\/\/fjala.info\/2009-2015\/wp-json\/wp\/v2\/posts\/5229\/revisions"}],"wp:attachment":[{"href":"https:\/\/fjala.info\/2009-2015\/wp-json\/wp\/v2\/media?parent=5229"}],"wp:term":[{"taxonomy":"category","embeddable":true,"href":"https:\/\/fjala.info\/2009-2015\/wp-json\/wp\/v2\/categories?post=5229"},{"taxonomy":"post_tag","embeddable":true,"href":"https:\/\/fjala.info\/2009-2015\/wp-json\/wp\/v2\/tags?post=5229"}],"curies":[{"name":"wp","href":"https:\/\/api.w.org\/{rel}","templated":true}]}}