{"id":5227,"date":"2012-10-01T07:02:29","date_gmt":"2012-10-01T06:02:29","guid":{"rendered":"http:\/\/www.fjala.info\/?p=5227"},"modified":"2012-10-01T07:02:29","modified_gmt":"2012-10-01T06:02:29","slug":"vallja-e-monopolit-demokratik","status":"publish","type":"post","link":"https:\/\/fjala.info\/2009-2015\/vallja-e-monopolit-demokratik\/","title":{"rendered":"Vallja e monopolit demokratik&#8230;"},"content":{"rendered":"<p><img decoding=\"async\" class=\"alignright size-thumbnail wp-image-7236\" title=\"Bekim Rexhepi\" src=\"http:\/\/www.fjala.info\/2012\/bekim_rexhepi.jpg\" alt=\"\" width=\"150\" \/> Nga <strong>Bekim Rexhepi<\/strong><\/p>\n<p><em>Sa m\u00eb shum\u00eb mure qe i b\u00ebhen brenda demokracis\u00eb, ajo cenohet n\u00eb kondita dhe b\u00ebhet diminutiv\u00eb. Demokracia e nj\u00eb vendi dhe tendencat e nj\u00eb shtetari p\u00ebr ta monopolizuar at\u00eb, e varf\u00ebrojn\u00eb edhe e mjerojn\u00eb gjendjen n\u00eb p\u00ebrgjith\u00ebsi t\u00eb vendit.<\/em><\/p>\n<p><strong>Faktori i faktorit t\u00eb askujt&#8230;<\/strong><\/p>\n<p>Faktori nd\u00ebrkomb\u00ebtar dikur ishte dhe ndihej i shqet\u00ebsuar me zhvillimet e shpejtuara n\u00eb procesin e \u201cvet\u00ebvendosjes\u201d n\u00eb Kosov\u00eb nga ana e vet vendor\u00ebve sa i p\u00ebrket shpalljes s\u00eb pavar\u00ebsis\u00eb. Ata m\u00eb shum\u00eb i frik\u00ebsoheshin reagimit t\u00eb Serbis\u00eb, se sa shpalljes s\u00eb pavar\u00ebsis\u00eb para kohe, dhe k\u00ebrkonin qe akti i shpalljes s\u00eb pavar\u00ebsis\u00eb s\u00eb Kosov\u00ebs t\u00eb ndodhte brenda afateve t\u00eb parashikuara dhe m\u00eb \u00e7do kusht t\u00eb koordinohet edhe politika, e cila do t\u00eb synonte q\u00eb s\u00eb pari t\u00eb p\u00ebrgatiste disa masa t\u00eb mundshme parandaluese n\u00eb teren, si t\u00eb mos ndodhi destabiliteti i gjendjes dhe \u00e7koordinimi politik n\u00eb Kosov\u00eb.<\/p>\n<p>Megjith\u00ebse masa t\u00eb tilla faktori nd\u00ebrkomb\u00ebtar, shikuar realisht n\u00eb teren kishte mjaft\u00eb dhe mbase forcat e KFOR-it ishin kudo dhe nga do mund t\u00eb kishte p\u00ebrforcime n\u00eb raste t\u00eb ndryshme a trazira. T\u00eb sakt\u00ebsojm\u00eb se ardhja e presidentit amerikan George Walker Bush, n\u00eb Shqip\u00ebri dhe fjalimi i tij q\u00eb hapi mund\u00ebsi dhe vetvetiu krijoj\u00eb siguri se pavar\u00ebsia e Kosov\u00ebs mund t\u00eb shpallej menj\u00ebher\u00eb.<\/p>\n<p>Fjalimi i tij nuk p\u00ebrmbante kok\u00eb\u00e7arjet e evropian\u00ebve dhe nuk p\u00ebrfillte dilemat e mundshme t\u00eb pavar\u00ebsis\u00eb s\u00eb Kosov\u00ebs. Tash n\u00eb kronologjin\u00eb e \u201cpavar\u00ebsis\u00eb\u201d s\u00eb shpallur dhe n\u00eb sfondin e \u201czymt\u00eb\u201d t\u00eb njohjeve nd\u00ebrkomb\u00ebtare, dilema e saj \u00ebsht\u00eb akoma akute, ajo si pavar\u00ebsi nuk mund t\u00eb dali nga thonj\u00ebzat e mbi v\u00ebna nga realiteti. Realisht edhe institucionet e Kosov\u00ebs e, edhe strukturat nd\u00ebrkomb\u00ebtare n\u00eb Kosov\u00ebs, nuk po arrijn\u00eb t\u00eb realizojn\u00eb at\u00eb pavar\u00ebsin\u00eb e plot\u00eb, ato argumentat\u00eb e shumt\u00eb n\u00eb veri dhe jo m\u00eb pak n\u00eb jug\u00eb, i q\u00ebndrojn\u00eb dhe ose i japin nj\u00eb trajt\u00eb t\u00eb caktuar, e cili mbase duhet ndryshuar patjet\u00ebr. Patjet\u00ebr sepse kjo do t\u00eb stabilizonte t\u00eb gjitha dilemat e ngritura dhe do t\u00eb fetishizonte iden\u00eb p\u00ebr Kosov\u00ebn, si nj\u00eb grop\u00eb ku mund rr\u00ebmihet pafund\u00ebsisht.<\/p>\n<p>Faktori vendor fatkeq\u00ebsisht \u00ebsht\u00eb lojal\u00eb ndaj vetvetes, i prir\u00eb qe t\u00eb vendos m\u00eb t\u00eb tjer\u00ebt p\u00ebr fatin e saj politik, dhe kjo prirje n\u00ebnkupton se ata vet, akoma nuk jan\u00eb t\u00eb pjekur p\u00ebr vendime autonome.<\/p>\n<p><strong>Monopoli politik dhe demokracia<\/strong><\/p>\n<p>Demokracia \u00ebsht\u00eb dhe do t\u00eb mbetet arkivol p\u00ebr monopolin. Monopoli nuk mund ti takoj askujt, asnj\u00eb individi, asnj\u00eb institucioni shtet\u00ebror apo partie, sepse p\u00ebrfundimisht \u00ebsht\u00eb i d\u00ebmsh\u00ebm. Kryeministri Tha\u00e7i, p\u00ebrpiqet jo m\u00eb kot t\u00eb sprovohet si nj\u00eb monopolist i mrekulluesh\u00ebm, duke zgjeruar rrjet\u00ebn e tij, por harrohet se brenda nj\u00eb monopoli t\u00eb tij mbi institucionet e shtetit ka edhe me bedat\u00eb pole. Ai nuk monopolizon i vet\u00ebm, sepse realisht edhe vet\u00eb \u00ebsht\u00eb n\u00eb rrjet\u00ebn e madhe (konspirative)t\u00eb t\u00eb tjer\u00ebve, nd\u00ebrsa rrjeta e tij ashiqare nuk ka p\u00ebrmasa aq t\u00eb m\u00ebdha.<\/p>\n<p>Monopolet t\u00eb kujt do qofshin, i rr\u00ebnojn\u00eb af\u00ebrsit\u00eb, marr\u00ebdh\u00ebniet aty ku zhvillohen. Tha\u00e7i e ka gjetk\u00eb! Atij i p\u00ebrpiqet qe t\u00eb ruaj monopolin mbi demokracin\u00eb n\u00eb vend. Sepse duke sulmuar n\u00eb konditat e saja krijohet p\u00ebrshtypja se po arrihet t\u00eb krijohen mure ne favor t\u00eb monopolit t\u00eb tij. Sa m\u00eb shum\u00eb mure qe i b\u00ebhen brenda demokracis\u00eb, ajo cenohet n\u00eb kondita dhe b\u00ebhet diminutiv\u00eb. Demokracia e nj\u00eb vendi dhe tendencat e nj\u00eb shtetari p\u00ebr ta monopolizuar at\u00eb, e varf\u00ebrojn\u00eb edhe e mjerojn\u00eb gjendjen n\u00eb p\u00ebrgjith\u00ebsi t\u00eb vendit.<\/p>\n<p>D\u00ebshmit\u00eb e pajustifikueshme se zgjedhjet e fundit t\u00eb lira dhe demokratike n\u00eb Kosov\u00eb, kan\u00eb qen\u00eb seriozisht t\u00eb shkat\u00ebrruara me vjedhje dhe shantazhe t\u00eb shumta, me \u00e7ka komisioni zgjedhor me disa vendime, po ashtu me duar t\u2019lidhura ka provuar t\u00eb p\u00ebrs\u00ebris ato, m\u00eb q\u00ebllim qe assesi t\u00eb mos kontestohet r\u00ebnd vjedhja dhe shantazhi. M\u00eb k\u00ebto zgjedhje PDK-ja dhe Hashim Tha\u00e7i, kan\u00eb pranuar t\u00eb marr\u00eb pushtetin, t\u00eb qeverisin me Kosov\u00ebn. N\u00eb fakt shum\u00eb vendime shum\u00eb marr\u00ebveshje politike t\u00eb k\u00ebsaj qeverie dhe t\u00eb k\u00ebti kryeministri e kan\u00eb l\u00ebn\u00eb vendin pa qeverisje t\u00eb v\u00ebrtet\u00eb politike.<\/p>\n<p>Gati asnj\u00eb institucion n\u00eb vend nuk mund t\u00eb mbahet n\u00eb k\u00ebmb\u00eb pa mb\u00ebshtetjen e faktorit nd\u00ebrkomb\u00ebtar n\u00eb Kosov\u00eb. Qytetaret e Kosov\u00ebs me p\u00ebrplot jan\u00eb me nevoja jet\u00ebsore, pa rrym\u00eb, pa pun\u00ebsim dhe pa sh\u00ebrbime sh\u00ebndet\u00ebsore. Nuk besoi n\u00eb ndershm\u00ebrin\u00eb e nj\u00eb qytetari shqiptar, i cili p\u00ebrpiqet apo mund t\u00eb zgjoi rezonim t\u00eb sh\u00ebndosh mbi gjendjen dhe mbi qeverin\u00eb aktuale. Mund ta pranojm\u00eb formalitetin qeveris\u00ebs, por realisht qeverisja e v\u00ebrteta kan\u00eb rezonime e vendime p\u00ebr gjendjen dhe qytetaret, fundi ky \u00ebsht\u00eb roli qeveris\u00ebs.<\/p>\n<p>Nj\u00eb vullnet m\u00eb i madh demokratik i qytetar\u00ebve, domosdoshm\u00ebrish se i sh\u00ebrben liris\u00eb se vendit, i d\u00ebmton synimet e shtrirjes se monopoleve. \u00c7do k\u00ebrkes\u00eb politike p\u00ebr demokratizim t\u00eb vendit do t\u00eb mund t\u00eb quhet e rip\u00ebrs\u00ebritshme, e mir\u00ebseardhur sepse n\u00eb esenc\u00eb do t\u00eb krijoj\u00eb veprime afektive mbi monopolet. Zgjedhjet e lira dhe t\u00eb ndershme do t\u00eb ishin m\u00ebnyra m\u00eb e mir\u00eb, e mundshme qe do t\u00eb parandaloj\u00eb konfliktin direkt me \u00e7far\u00ebdo rebelimi t\u00eb dhunsh\u00ebm t\u00eb shtetit dhe qytetarit. N\u00ebse i \u00ebsht\u00eb th\u00ebn\u00eb shtetit t\u00eb jet\u00eb n\u00eb sh\u00ebrbim t\u00eb qytetar\u00ebve, at\u00ebher\u00eb edhe qytetarit le ti thuhet t\u00eb tregoj\u00eb m\u00eb shum\u00eb vullnet demokratik, t\u00eb k\u00ebrkoi zgjedhje t\u00eb lira e demokratike p\u00ebr vendin.<\/p>\n<p>P\u00ebr asnj\u00eb moment, p\u00ebr asnj\u00eb koh\u00eb tjet\u00ebr, t\u00eb mos mbahet ne pushtet nj\u00eb qeverisje qe ka vjedhur dhe shkat\u00ebrruar zgjedhjet e lira e demokratike n\u00eb vend. Qeverisjet antidemokratike jan\u00eb mallkim p\u00ebr shtetet me synime civilizuese e evropiane. Nuk i duhet Evrop\u00ebs nj\u00eb kakofoni tjet\u00ebr, e quajtur Kosov\u00eb.<br \/>\n\u00cbsht\u00eb mese e v\u00ebrtet\u00eb q\u00eb Evrop\u00ebn po e keqtrajton invaliditeti i shteteve qe shp\u00ebrfillsh\u00ebm abozuan me standardet e avancuara t\u00eb saja. \u00cbsht\u00eb Greqia, kulmi i kriz\u00ebs dhe jan\u00eb m\u00eb shum\u00eb se disa shtete q\u00eb nuk vetmjaftohen me kriza t\u00eb nj\u00ebpasnj\u00ebshme.<\/p>\n<p><em>30-09-2012<\/em><\/p>\n","protected":false},"excerpt":{"rendered":"<p>Nga Bekim Rexhepi Sa m\u00eb shum\u00eb mure qe i b\u00ebhen brenda demokracis\u00eb, ajo cenohet n\u00eb kondita dhe b\u00ebhet diminutiv\u00eb. Demokracia e nj\u00eb vendi dhe tendencat e nj\u00eb shtetari p\u00ebr ta monopolizuar at\u00eb, e varf\u00ebrojn\u00eb edhe e mjerojn\u00eb gjendjen n\u00eb p\u00ebrgjith\u00ebsi t\u00eb vendit. Faktori i faktorit t\u00eb askujt&#8230; Faktori nd\u00ebrkomb\u00ebtar dikur ishte dhe ndihej i shqet\u00ebsuar [&hellip;]<\/p>\n","protected":false},"author":1,"featured_media":0,"comment_status":"open","ping_status":"closed","sticky":false,"template":"","format":"standard","meta":{"footnotes":""},"categories":[2],"tags":[],"class_list":{"0":"post-5227","1":"post","2":"type-post","3":"status-publish","4":"format-standard","6":"category-artikuj"},"yoast_head":"<!-- This site is optimized with the Yoast SEO plugin v27.4 - https:\/\/yoast.com\/product\/yoast-seo-wordpress\/ -->\n<title>Vallja e monopolit demokratik... - FjALA e LIR\u00cb - Arkivi<\/title>\n<meta name=\"robots\" content=\"index, follow, max-snippet:-1, max-image-preview:large, max-video-preview:-1\" \/>\n<link rel=\"canonical\" href=\"https:\/\/fjala.info\/2009-2015\/vallja-e-monopolit-demokratik\/\" \/>\n<meta property=\"og:locale\" content=\"sq_AL\" \/>\n<meta property=\"og:type\" content=\"article\" \/>\n<meta property=\"og:title\" content=\"Vallja e monopolit demokratik... - FjALA e LIR\u00cb - Arkivi\" \/>\n<meta property=\"og:description\" content=\"Nga Bekim Rexhepi Sa m\u00eb shum\u00eb mure qe i b\u00ebhen brenda demokracis\u00eb, ajo cenohet n\u00eb kondita dhe b\u00ebhet diminutiv\u00eb. Demokracia e nj\u00eb vendi dhe tendencat e nj\u00eb shtetari p\u00ebr ta monopolizuar at\u00eb, e varf\u00ebrojn\u00eb edhe e mjerojn\u00eb gjendjen n\u00eb p\u00ebrgjith\u00ebsi t\u00eb vendit. Faktori i faktorit t\u00eb askujt&#8230; Faktori nd\u00ebrkomb\u00ebtar dikur ishte dhe ndihej i shqet\u00ebsuar [&hellip;]\" \/>\n<meta property=\"og:url\" content=\"https:\/\/fjala.info\/2009-2015\/vallja-e-monopolit-demokratik\/\" \/>\n<meta property=\"og:site_name\" content=\"FjALA e LIR\u00cb - Arkivi\" \/>\n<meta property=\"article:published_time\" content=\"2012-10-01T06:02:29+00:00\" \/>\n<meta property=\"og:image\" content=\"http:\/\/www.fjala.info\/2012\/bekim_rexhepi.jpg\" \/>\n<meta name=\"author\" content=\"admin\" \/>\n<meta name=\"twitter:card\" content=\"summary_large_image\" \/>\n<meta name=\"twitter:label1\" content=\"Written by\" \/>\n\t<meta name=\"twitter:data1\" content=\"admin\" \/>\n\t<meta name=\"twitter:label2\" content=\"Est. reading time\" \/>\n\t<meta name=\"twitter:data2\" content=\"5 minutes\" \/>\n<script type=\"application\/ld+json\" class=\"yoast-schema-graph\">{\"@context\":\"https:\\\/\\\/schema.org\",\"@graph\":[{\"@type\":\"Article\",\"@id\":\"https:\\\/\\\/fjala.info\\\/2009-2015\\\/vallja-e-monopolit-demokratik\\\/#article\",\"isPartOf\":{\"@id\":\"https:\\\/\\\/fjala.info\\\/2009-2015\\\/vallja-e-monopolit-demokratik\\\/\"},\"author\":{\"name\":\"admin\",\"@id\":\"https:\\\/\\\/fjala.info\\\/2009-2015\\\/#\\\/schema\\\/person\\\/3aa1163ef05469c496fc94e77611ada2\"},\"headline\":\"Vallja e monopolit demokratik&#8230;\",\"datePublished\":\"2012-10-01T06:02:29+00:00\",\"mainEntityOfPage\":{\"@id\":\"https:\\\/\\\/fjala.info\\\/2009-2015\\\/vallja-e-monopolit-demokratik\\\/\"},\"wordCount\":1078,\"commentCount\":0,\"publisher\":{\"@id\":\"https:\\\/\\\/fjala.info\\\/2009-2015\\\/#organization\"},\"image\":{\"@id\":\"https:\\\/\\\/fjala.info\\\/2009-2015\\\/vallja-e-monopolit-demokratik\\\/#primaryimage\"},\"thumbnailUrl\":\"http:\\\/\\\/www.fjala.info\\\/2012\\\/bekim_rexhepi.jpg\",\"articleSection\":[\"Artikuj\"],\"inLanguage\":\"sq-AL\",\"potentialAction\":[{\"@type\":\"CommentAction\",\"name\":\"Comment\",\"target\":[\"https:\\\/\\\/fjala.info\\\/2009-2015\\\/vallja-e-monopolit-demokratik\\\/#respond\"]}]},{\"@type\":\"WebPage\",\"@id\":\"https:\\\/\\\/fjala.info\\\/2009-2015\\\/vallja-e-monopolit-demokratik\\\/\",\"url\":\"https:\\\/\\\/fjala.info\\\/2009-2015\\\/vallja-e-monopolit-demokratik\\\/\",\"name\":\"Vallja e monopolit demokratik... - FjALA e LIR\u00cb - Arkivi\",\"isPartOf\":{\"@id\":\"https:\\\/\\\/fjala.info\\\/2009-2015\\\/#website\"},\"primaryImageOfPage\":{\"@id\":\"https:\\\/\\\/fjala.info\\\/2009-2015\\\/vallja-e-monopolit-demokratik\\\/#primaryimage\"},\"image\":{\"@id\":\"https:\\\/\\\/fjala.info\\\/2009-2015\\\/vallja-e-monopolit-demokratik\\\/#primaryimage\"},\"thumbnailUrl\":\"http:\\\/\\\/www.fjala.info\\\/2012\\\/bekim_rexhepi.jpg\",\"datePublished\":\"2012-10-01T06:02:29+00:00\",\"breadcrumb\":{\"@id\":\"https:\\\/\\\/fjala.info\\\/2009-2015\\\/vallja-e-monopolit-demokratik\\\/#breadcrumb\"},\"inLanguage\":\"sq-AL\",\"potentialAction\":[{\"@type\":\"ReadAction\",\"target\":[\"https:\\\/\\\/fjala.info\\\/2009-2015\\\/vallja-e-monopolit-demokratik\\\/\"]}]},{\"@type\":\"ImageObject\",\"inLanguage\":\"sq-AL\",\"@id\":\"https:\\\/\\\/fjala.info\\\/2009-2015\\\/vallja-e-monopolit-demokratik\\\/#primaryimage\",\"url\":\"http:\\\/\\\/www.fjala.info\\\/2012\\\/bekim_rexhepi.jpg\",\"contentUrl\":\"http:\\\/\\\/www.fjala.info\\\/2012\\\/bekim_rexhepi.jpg\"},{\"@type\":\"BreadcrumbList\",\"@id\":\"https:\\\/\\\/fjala.info\\\/2009-2015\\\/vallja-e-monopolit-demokratik\\\/#breadcrumb\",\"itemListElement\":[{\"@type\":\"ListItem\",\"position\":1,\"name\":\"Home\",\"item\":\"https:\\\/\\\/fjala.info\\\/2009-2015\\\/\"},{\"@type\":\"ListItem\",\"position\":2,\"name\":\"Vallja e monopolit demokratik&#8230;\"}]},{\"@type\":\"WebSite\",\"@id\":\"https:\\\/\\\/fjala.info\\\/2009-2015\\\/#website\",\"url\":\"https:\\\/\\\/fjala.info\\\/2009-2015\\\/\",\"name\":\"FjALA e LIR\u00cb - Arkivi\",\"description\":\"Arkivi 2009-2015\",\"publisher\":{\"@id\":\"https:\\\/\\\/fjala.info\\\/2009-2015\\\/#organization\"},\"potentialAction\":[{\"@type\":\"SearchAction\",\"target\":{\"@type\":\"EntryPoint\",\"urlTemplate\":\"https:\\\/\\\/fjala.info\\\/2009-2015\\\/?s={search_term_string}\"},\"query-input\":{\"@type\":\"PropertyValueSpecification\",\"valueRequired\":true,\"valueName\":\"search_term_string\"}}],\"inLanguage\":\"sq-AL\"},{\"@type\":\"Organization\",\"@id\":\"https:\\\/\\\/fjala.info\\\/2009-2015\\\/#organization\",\"name\":\"FjALA e LIR\u00cb - Arkivi\",\"url\":\"https:\\\/\\\/fjala.info\\\/2009-2015\\\/\",\"logo\":{\"@type\":\"ImageObject\",\"inLanguage\":\"sq-AL\",\"@id\":\"https:\\\/\\\/fjala.info\\\/2009-2015\\\/#\\\/schema\\\/logo\\\/image\\\/\",\"url\":\"\",\"contentUrl\":\"\",\"caption\":\"FjALA e LIR\u00cb - Arkivi\"},\"image\":{\"@id\":\"https:\\\/\\\/fjala.info\\\/2009-2015\\\/#\\\/schema\\\/logo\\\/image\\\/\"}},{\"@type\":\"Person\",\"@id\":\"https:\\\/\\\/fjala.info\\\/2009-2015\\\/#\\\/schema\\\/person\\\/3aa1163ef05469c496fc94e77611ada2\",\"name\":\"admin\",\"image\":{\"@type\":\"ImageObject\",\"inLanguage\":\"sq-AL\",\"@id\":\"https:\\\/\\\/fjala.info\\\/2009-2015\\\/wp-content\\\/uploads\\\/2012\\\/02\\\/arben_cokaj-120x150.jpg\",\"url\":\"https:\\\/\\\/fjala.info\\\/2009-2015\\\/wp-content\\\/uploads\\\/2012\\\/02\\\/arben_cokaj-120x150.jpg\",\"contentUrl\":\"https:\\\/\\\/fjala.info\\\/2009-2015\\\/wp-content\\\/uploads\\\/2012\\\/02\\\/arben_cokaj-120x150.jpg\",\"caption\":\"admin\"},\"description\":\"Admin, Fjala e Lir\u00eb\",\"sameAs\":[\"https:\\\/\\\/fjala.info\\\/\"],\"url\":\"https:\\\/\\\/fjala.info\\\/2009-2015\\\/author\\\/admin\\\/\"}]}<\/script>\n<!-- \/ Yoast SEO plugin. -->","yoast_head_json":{"title":"Vallja e monopolit demokratik... - FjALA e LIR\u00cb - Arkivi","robots":{"index":"index","follow":"follow","max-snippet":"max-snippet:-1","max-image-preview":"max-image-preview:large","max-video-preview":"max-video-preview:-1"},"canonical":"https:\/\/fjala.info\/2009-2015\/vallja-e-monopolit-demokratik\/","og_locale":"sq_AL","og_type":"article","og_title":"Vallja e monopolit demokratik... - FjALA e LIR\u00cb - Arkivi","og_description":"Nga Bekim Rexhepi Sa m\u00eb shum\u00eb mure qe i b\u00ebhen brenda demokracis\u00eb, ajo cenohet n\u00eb kondita dhe b\u00ebhet diminutiv\u00eb. Demokracia e nj\u00eb vendi dhe tendencat e nj\u00eb shtetari p\u00ebr ta monopolizuar at\u00eb, e varf\u00ebrojn\u00eb edhe e mjerojn\u00eb gjendjen n\u00eb p\u00ebrgjith\u00ebsi t\u00eb vendit. Faktori i faktorit t\u00eb askujt&#8230; Faktori nd\u00ebrkomb\u00ebtar dikur ishte dhe ndihej i shqet\u00ebsuar [&hellip;]","og_url":"https:\/\/fjala.info\/2009-2015\/vallja-e-monopolit-demokratik\/","og_site_name":"FjALA e LIR\u00cb - Arkivi","article_published_time":"2012-10-01T06:02:29+00:00","og_image":[{"url":"http:\/\/www.fjala.info\/2012\/bekim_rexhepi.jpg","type":"","width":"","height":""}],"author":"admin","twitter_card":"summary_large_image","twitter_misc":{"Written by":"admin","Est. reading time":"5 minutes"},"schema":{"@context":"https:\/\/schema.org","@graph":[{"@type":"Article","@id":"https:\/\/fjala.info\/2009-2015\/vallja-e-monopolit-demokratik\/#article","isPartOf":{"@id":"https:\/\/fjala.info\/2009-2015\/vallja-e-monopolit-demokratik\/"},"author":{"name":"admin","@id":"https:\/\/fjala.info\/2009-2015\/#\/schema\/person\/3aa1163ef05469c496fc94e77611ada2"},"headline":"Vallja e monopolit demokratik&#8230;","datePublished":"2012-10-01T06:02:29+00:00","mainEntityOfPage":{"@id":"https:\/\/fjala.info\/2009-2015\/vallja-e-monopolit-demokratik\/"},"wordCount":1078,"commentCount":0,"publisher":{"@id":"https:\/\/fjala.info\/2009-2015\/#organization"},"image":{"@id":"https:\/\/fjala.info\/2009-2015\/vallja-e-monopolit-demokratik\/#primaryimage"},"thumbnailUrl":"http:\/\/www.fjala.info\/2012\/bekim_rexhepi.jpg","articleSection":["Artikuj"],"inLanguage":"sq-AL","potentialAction":[{"@type":"CommentAction","name":"Comment","target":["https:\/\/fjala.info\/2009-2015\/vallja-e-monopolit-demokratik\/#respond"]}]},{"@type":"WebPage","@id":"https:\/\/fjala.info\/2009-2015\/vallja-e-monopolit-demokratik\/","url":"https:\/\/fjala.info\/2009-2015\/vallja-e-monopolit-demokratik\/","name":"Vallja e monopolit demokratik... - FjALA e LIR\u00cb - Arkivi","isPartOf":{"@id":"https:\/\/fjala.info\/2009-2015\/#website"},"primaryImageOfPage":{"@id":"https:\/\/fjala.info\/2009-2015\/vallja-e-monopolit-demokratik\/#primaryimage"},"image":{"@id":"https:\/\/fjala.info\/2009-2015\/vallja-e-monopolit-demokratik\/#primaryimage"},"thumbnailUrl":"http:\/\/www.fjala.info\/2012\/bekim_rexhepi.jpg","datePublished":"2012-10-01T06:02:29+00:00","breadcrumb":{"@id":"https:\/\/fjala.info\/2009-2015\/vallja-e-monopolit-demokratik\/#breadcrumb"},"inLanguage":"sq-AL","potentialAction":[{"@type":"ReadAction","target":["https:\/\/fjala.info\/2009-2015\/vallja-e-monopolit-demokratik\/"]}]},{"@type":"ImageObject","inLanguage":"sq-AL","@id":"https:\/\/fjala.info\/2009-2015\/vallja-e-monopolit-demokratik\/#primaryimage","url":"http:\/\/www.fjala.info\/2012\/bekim_rexhepi.jpg","contentUrl":"http:\/\/www.fjala.info\/2012\/bekim_rexhepi.jpg"},{"@type":"BreadcrumbList","@id":"https:\/\/fjala.info\/2009-2015\/vallja-e-monopolit-demokratik\/#breadcrumb","itemListElement":[{"@type":"ListItem","position":1,"name":"Home","item":"https:\/\/fjala.info\/2009-2015\/"},{"@type":"ListItem","position":2,"name":"Vallja e monopolit demokratik&#8230;"}]},{"@type":"WebSite","@id":"https:\/\/fjala.info\/2009-2015\/#website","url":"https:\/\/fjala.info\/2009-2015\/","name":"FjALA e LIR\u00cb - Arkivi","description":"Arkivi 2009-2015","publisher":{"@id":"https:\/\/fjala.info\/2009-2015\/#organization"},"potentialAction":[{"@type":"SearchAction","target":{"@type":"EntryPoint","urlTemplate":"https:\/\/fjala.info\/2009-2015\/?s={search_term_string}"},"query-input":{"@type":"PropertyValueSpecification","valueRequired":true,"valueName":"search_term_string"}}],"inLanguage":"sq-AL"},{"@type":"Organization","@id":"https:\/\/fjala.info\/2009-2015\/#organization","name":"FjALA e LIR\u00cb - Arkivi","url":"https:\/\/fjala.info\/2009-2015\/","logo":{"@type":"ImageObject","inLanguage":"sq-AL","@id":"https:\/\/fjala.info\/2009-2015\/#\/schema\/logo\/image\/","url":"","contentUrl":"","caption":"FjALA e LIR\u00cb - Arkivi"},"image":{"@id":"https:\/\/fjala.info\/2009-2015\/#\/schema\/logo\/image\/"}},{"@type":"Person","@id":"https:\/\/fjala.info\/2009-2015\/#\/schema\/person\/3aa1163ef05469c496fc94e77611ada2","name":"admin","image":{"@type":"ImageObject","inLanguage":"sq-AL","@id":"https:\/\/fjala.info\/2009-2015\/wp-content\/uploads\/2012\/02\/arben_cokaj-120x150.jpg","url":"https:\/\/fjala.info\/2009-2015\/wp-content\/uploads\/2012\/02\/arben_cokaj-120x150.jpg","contentUrl":"https:\/\/fjala.info\/2009-2015\/wp-content\/uploads\/2012\/02\/arben_cokaj-120x150.jpg","caption":"admin"},"description":"Admin, Fjala e Lir\u00eb","sameAs":["https:\/\/fjala.info\/"],"url":"https:\/\/fjala.info\/2009-2015\/author\/admin\/"}]}},"_links":{"self":[{"href":"https:\/\/fjala.info\/2009-2015\/wp-json\/wp\/v2\/posts\/5227","targetHints":{"allow":["GET"]}}],"collection":[{"href":"https:\/\/fjala.info\/2009-2015\/wp-json\/wp\/v2\/posts"}],"about":[{"href":"https:\/\/fjala.info\/2009-2015\/wp-json\/wp\/v2\/types\/post"}],"author":[{"embeddable":true,"href":"https:\/\/fjala.info\/2009-2015\/wp-json\/wp\/v2\/users\/1"}],"replies":[{"embeddable":true,"href":"https:\/\/fjala.info\/2009-2015\/wp-json\/wp\/v2\/comments?post=5227"}],"version-history":[{"count":0,"href":"https:\/\/fjala.info\/2009-2015\/wp-json\/wp\/v2\/posts\/5227\/revisions"}],"wp:attachment":[{"href":"https:\/\/fjala.info\/2009-2015\/wp-json\/wp\/v2\/media?parent=5227"}],"wp:term":[{"taxonomy":"category","embeddable":true,"href":"https:\/\/fjala.info\/2009-2015\/wp-json\/wp\/v2\/categories?post=5227"},{"taxonomy":"post_tag","embeddable":true,"href":"https:\/\/fjala.info\/2009-2015\/wp-json\/wp\/v2\/tags?post=5227"}],"curies":[{"name":"wp","href":"https:\/\/api.w.org\/{rel}","templated":true}]}}