{"id":5225,"date":"2010-11-30T11:20:30","date_gmt":"2010-11-30T10:20:30","guid":{"rendered":"http:\/\/fjala.shkoder.net\/?p=5225"},"modified":"2010-11-30T11:20:30","modified_gmt":"2010-11-30T10:20:30","slug":"perse-korruptohen-keta-politikane-2","status":"publish","type":"post","link":"https:\/\/fjala.info\/2009-2015\/perse-korruptohen-keta-politikane-2\/","title":{"rendered":"P\u00ebrse korruptohen k\u00ebta politikan\u00eb?"},"content":{"rendered":"<p><img loading=\"lazy\" decoding=\"async\" src=\"http:\/\/fjala.shkoder.net\/wp-content\/uploads\/2010\/12\/albin_kurti2.jpg\" alt=\"\" title=\"Albin Kurti\" width=\"150\" height=\"110\" class=\"alignleft size-full wp-image-5226\" \/><br \/>\nNga <strong>Albin Kurti<\/strong>, <em>30.10.2010<\/em><\/p>\n<p>Pushteti n\u00eb Kosov\u00eb \u00ebsht\u00eb b\u00ebr\u00eb kombinim i njer\u00ebzve t\u00eb paaft\u00eb me njer\u00ebzit e pavullnetsh\u00ebm. Vullneti i t\u00eb paaft\u00ebve nuk i hyn n\u00eb pun\u00eb shoq\u00ebris\u00eb, por as aft\u00ebsia e t\u00eb pavullnetshm\u00ebve.<br \/>\nMegjithat\u00eb, motori i zem\u00ebrimit t\u00eb qytetar\u00ebve \u00ebsht\u00eb pandershm\u00ebria dhe privilegjet e politikan\u00ebve, mungesa e seriozitetit dhe sinqeritetit t\u00eb tyre, p\u00ebrkat\u00ebsisht korrupsioni i politikan\u00ebve.<\/p>\n<p>T\u00eb gjith\u00eb tashm\u00eb e din\u00eb dhe e shohin q\u00eb pushteti i shtetit \u00ebsht\u00eb p\u00ebrdorur p\u00ebr ta b\u00ebr\u00eb shtetin t\u00eb pushtetar\u00ebve.<\/p>\n<p>Dy vjet e gjysm\u00eb pas shpalljes s\u00eb pavar\u00ebsis\u00eb, Kosova s&#8217;ka sovranitet e integritet territorial, por as zhvillim ekonomik e mir\u00ebqenie sociale. Jeta normale \u00ebsht\u00eb b\u00ebr\u00eb luks p\u00ebr shumic\u00ebn e qytetar\u00ebve, nd\u00ebrsa luksi \u00ebsht\u00eb b\u00ebr\u00eb jet\u00eb normale p\u00ebr pakic\u00ebn prej pushtetar\u00ebve.<\/p>\n<p>Si u katandis\u00ebm me k\u00ebta politikan\u00eb dhe si u katandis\u00ebn k\u00ebta politikan\u00eb, nuk jan\u00eb dy pyetje aq t\u00eb ndryshme. Njer\u00ebzit q\u00eb dikur sakrifikuan e rrezikuan edhe jet\u00ebn se jo vet\u00ebm pasurin\u00eb e tyre, sot jan\u00eb b\u00ebr\u00eb njer\u00ebzit m\u00eb t\u00eb pasur n\u00eb vend q\u00eb rrezikojn\u00eb jet\u00ebt e t\u00eb tjer\u00ebve. Qytetar\u00ebt pa dyshim se nuk e kishin kollaj t\u00eb mos mashtroheshin.<\/p>\n<p>Por, si \u00ebsht\u00eb e mundur q\u00eb brenda fare pak viteve njeriu t\u00eb p\u00ebrjetoj\u00eb nj\u00eb k\u00ebso metamorfoze makab\u00ebr? Cilat jan\u00eb ato shkaqe t\u00eb paarsyeshme, por edhe arsye t\u00eb motivuara q\u00eb e mund\u00ebsuan a kusht\u00ebzuan nj\u00eb transformim t\u00eb k\u00ebtill\u00eb?<\/p>\n<p>Sigurisht q\u00eb b\u00ebhet fjal\u00eb p\u00ebr politikan\u00eb q\u00eb n\u00eb nj\u00eb moment t\u00eb jet\u00ebs s\u00eb tyre e braktis\u00ebn idealin e tyre t\u00eb deriat\u00ebhersh\u00ebm. Nga \u00ebndrra e tyre ideale p\u00ebr popullin e shoq\u00ebrin\u00eb u rr\u00ebzuan n\u00eb realitetin e k\u00ebndsh\u00ebm material p\u00ebr veten e tyre.<\/p>\n<p>Ideali \u00ebsht\u00eb i thjesht\u00eb &#8211; ai zakonisht p\u00ebrshkruhet me nj\u00eb fjal\u00eb t\u00eb vetme si liria, drejt\u00ebsia a barazia. Mir\u00ebpo, pa ideal, s&#8217;ka moral. Momenti i braktisjes s\u00eb idealit nga politikani gjithmon\u00eb pasohet me momentin e indiferenc\u00ebs ndaj moralit.<\/p>\n<p>P\u00ebrball\u00eb idealit t\u00eb tij dhe p\u00ebrderisa ideali \u00ebsht\u00eb n\u00ebnshtrati i mendimit t\u00eb tij, politikani \u00ebsht\u00eb sh\u00ebrb\u00ebtor i p\u00ebrvuajtur i shoq\u00ebris\u00eb. I kredhur n\u00eb boll\u00ebkun material, ku gjith\u00e7ka jasht\u00eb reales ngjan utopike, politikani b\u00ebhet nj\u00eb mendjemadh q\u00eb beson se shoq\u00ebria duhet t&#8217;i sh\u00ebrbej\u00eb.<\/p>\n<p>Vet\u00ebm nj\u00eb dekad\u00eb m\u00eb par\u00eb konsiderohej q\u00eb angazhimi p\u00ebr vendin dhe popullin \u00ebsht\u00eb obligim yni ndaj vendit e popullit. Besohej se q\u00eb t\u00eb gjith\u00eb ne e secili nga ne i kemi borxh shoq\u00ebris\u00eb e kombit dhe se duhet t\u00eb punojm\u00eb p\u00ebr ta.<\/p>\n<p>Sot politikan\u00ebt e regjimit p\u00ebr \u00e7do dit\u00eb na e d\u00ebshmojn\u00eb q\u00eb ata besojn\u00eb q\u00eb populli e shoq\u00ebria atyre iu ka borxh, se qytetar\u00ebt na qenkan mosmir\u00ebnjoh\u00ebs ndaj tyre, dhe se zhvatja q\u00eb ata ia b\u00ebjn\u00eb buxhetit t\u00eb shtetit \u00ebsht\u00eb e drejta e tyre p\u00ebr shkak t\u00eb meritave t\u00eb tyre. N\u00eb fakt, t\u00eb vetmit njer\u00ebz q\u00eb nuk i kan\u00eb borxh vendit e popullit ton\u00eb jan\u00eb d\u00ebshmor\u00ebt e kombit. Q\u00eb t\u00eb gjith\u00eb ne t\u00eb tjer\u00ebt jemi borxhlinj dhe mbesim borxhlinj.<\/p>\n<p>Ndarja q\u00eb e b\u00ebn politikani nga ideali i deridjesh\u00ebm doemos b\u00ebhet edhe ndarje nga populli. Politikani i ndar\u00eb nis e thekson tiparet e tij si njeri i jasht\u00ebzakonsh\u00ebm, si dikush q\u00eb nuk \u00ebsht\u00eb si t\u00eb tjer\u00ebt, e q\u00eb gjithsesi \u00ebsht\u00eb m\u00eb i men\u00e7ur e m\u00eb i dijsh\u00ebm se gjith\u00eb t\u00eb tjer\u00ebt.<\/p>\n<p>Ai nuk konsultohet m\u00eb as me miqt\u00eb e tij se l\u00ebre m\u00eb me qytetar\u00ebt, dhe n\u00eb themel t\u00eb p\u00ebrjetimit q\u00eb ka p\u00ebr veten e tij ndodhet ky dallim nd\u00ebrmjet atij si personalitet shum\u00eb i r\u00ebnd\u00ebsish\u00ebm dhe qytetar\u00ebve t\u00eb zakonsh\u00ebm q\u00eb p\u00ebrb\u00ebjn\u00eb ve\u00e7se numra.<\/p>\n<p>Ky politikan nuk frik\u00ebsohet nga qytetar\u00ebt dhe as nga gjykimi historik, meq\u00eb \u00ebsht\u00eb ai vet\u00eb q\u00eb i frik\u00ebson qytetar\u00ebt dhe beson se \u00ebsht\u00eb personalitet i rrall\u00eb historik.<\/p>\n<p>Braktisja e idealeve \u00ebsht\u00eb m\u00ebnyra se si politikan\u00ebt e presin bilet\u00ebn e tyre hyr\u00ebse p\u00ebr korrupsion. K\u00ebta politikan\u00eb nuk korruptohen kur vijn\u00eb n\u00eb pushtet, por shum\u00eb m\u00eb her\u00ebt para se t\u00eb vijn\u00eb n\u00eb pushtet, e disa prej tyre korruptohen pik\u00ebrisht q\u00eb t\u00eb vijn\u00eb n\u00eb pushtet. Natyrisht q\u00eb k\u00ebtu s&#8217;kemi pse merremi me politikan\u00ebt, t\u00eb cil\u00ebt as q\u00eb kishin ndonj\u00ebher\u00eb ideale, p\u00ebr shkak se Kosova sot nuk qeveriset nga politikan\u00eb q\u00eb kurr\u00eb s&#8217;pat\u00ebn ideale, por mu nga aso q\u00eb i braktis\u00ebn ata.<\/p>\n<p>Kur politikani heq dor\u00eb nga ideali i tij, kjo s&#8217;do t\u00eb thot\u00eb q\u00eb ai \u00ebsht\u00eb t\u00ebr\u00ebsisht jasht\u00eb idealeve mandej. M\u00eb par\u00eb se kjo, ai e p\u00ebrvet\u00ebson nj\u00eb ideal t\u00eb huaj p\u00ebr interesa t\u00eb huaja q\u00eb qytetar\u00ebve e vetes ia racionalizon si urt\u00ebsi t\u00eb tij. Krer\u00ebt institucional\u00eb dhe partiak\u00eb t\u00eb Kosov\u00ebs e kan\u00eb braktisur idealin nacional-\u00e7lirimtar dhe jan\u00eb zhytur n\u00eb at\u00eb neoliberal.<\/p>\n<p>Ata q\u00eb dikur e mbronin Kosov\u00ebn, sot po e shesin at\u00eb. K\u00ebtyre politikan\u00ebve, qytetar\u00ebt nuk iu kan\u00eb aspak borxh. K\u00ebta politikan\u00eb i kan\u00eb shum\u00eb borxh Kosov\u00ebs.<\/p>\n","protected":false},"excerpt":{"rendered":"<p>Nga Albin Kurti, 30.10.2010 Pushteti n\u00eb Kosov\u00eb \u00ebsht\u00eb b\u00ebr\u00eb kombinim i njer\u00ebzve t\u00eb paaft\u00eb me njer\u00ebzit e pavullnetsh\u00ebm. Vullneti i t\u00eb paaft\u00ebve nuk i hyn n\u00eb pun\u00eb shoq\u00ebris\u00eb, por as aft\u00ebsia e t\u00eb pavullnetshm\u00ebve. Megjithat\u00eb, motori i zem\u00ebrimit t\u00eb qytetar\u00ebve \u00ebsht\u00eb pandershm\u00ebria dhe privilegjet e politikan\u00ebve, mungesa e seriozitetit dhe sinqeritetit t\u00eb tyre, p\u00ebrkat\u00ebsisht korrupsioni [&hellip;]<\/p>\n","protected":false},"author":1,"featured_media":0,"comment_status":"open","ping_status":"closed","sticky":false,"template":"","format":"standard","meta":{"footnotes":""},"categories":[2],"tags":[],"class_list":{"0":"post-5225","1":"post","2":"type-post","3":"status-publish","4":"format-standard","6":"category-artikuj"},"yoast_head":"<!-- This site is optimized with the Yoast SEO plugin v27.4 - https:\/\/yoast.com\/product\/yoast-seo-wordpress\/ -->\n<title>P\u00ebrse korruptohen k\u00ebta politikan\u00eb? - FjALA e LIR\u00cb - Arkivi<\/title>\n<meta name=\"robots\" content=\"index, follow, max-snippet:-1, max-image-preview:large, max-video-preview:-1\" \/>\n<link rel=\"canonical\" href=\"https:\/\/fjala.info\/2009-2015\/perse-korruptohen-keta-politikane-2\/\" \/>\n<meta property=\"og:locale\" content=\"sq_AL\" \/>\n<meta property=\"og:type\" content=\"article\" \/>\n<meta property=\"og:title\" content=\"P\u00ebrse korruptohen k\u00ebta politikan\u00eb? - FjALA e LIR\u00cb - Arkivi\" \/>\n<meta property=\"og:description\" content=\"Nga Albin Kurti, 30.10.2010 Pushteti n\u00eb Kosov\u00eb \u00ebsht\u00eb b\u00ebr\u00eb kombinim i njer\u00ebzve t\u00eb paaft\u00eb me njer\u00ebzit e pavullnetsh\u00ebm. Vullneti i t\u00eb paaft\u00ebve nuk i hyn n\u00eb pun\u00eb shoq\u00ebris\u00eb, por as aft\u00ebsia e t\u00eb pavullnetshm\u00ebve. Megjithat\u00eb, motori i zem\u00ebrimit t\u00eb qytetar\u00ebve \u00ebsht\u00eb pandershm\u00ebria dhe privilegjet e politikan\u00ebve, mungesa e seriozitetit dhe sinqeritetit t\u00eb tyre, p\u00ebrkat\u00ebsisht korrupsioni [&hellip;]\" \/>\n<meta property=\"og:url\" content=\"https:\/\/fjala.info\/2009-2015\/perse-korruptohen-keta-politikane-2\/\" \/>\n<meta property=\"og:site_name\" content=\"FjALA e LIR\u00cb - Arkivi\" \/>\n<meta property=\"article:published_time\" content=\"2010-11-30T10:20:30+00:00\" \/>\n<meta property=\"og:image\" content=\"http:\/\/fjala.shkoder.net\/wp-content\/uploads\/2010\/12\/albin_kurti2.jpg\" \/>\n<meta name=\"author\" content=\"admin\" \/>\n<meta name=\"twitter:card\" content=\"summary_large_image\" \/>\n<meta name=\"twitter:label1\" content=\"Written by\" \/>\n\t<meta name=\"twitter:data1\" content=\"admin\" \/>\n\t<meta name=\"twitter:label2\" content=\"Est. reading time\" \/>\n\t<meta name=\"twitter:data2\" content=\"4 minutes\" \/>\n<script type=\"application\/ld+json\" class=\"yoast-schema-graph\">{\"@context\":\"https:\\\/\\\/schema.org\",\"@graph\":[{\"@type\":\"Article\",\"@id\":\"https:\\\/\\\/fjala.info\\\/2009-2015\\\/perse-korruptohen-keta-politikane-2\\\/#article\",\"isPartOf\":{\"@id\":\"https:\\\/\\\/fjala.info\\\/2009-2015\\\/perse-korruptohen-keta-politikane-2\\\/\"},\"author\":{\"name\":\"admin\",\"@id\":\"https:\\\/\\\/fjala.info\\\/2009-2015\\\/#\\\/schema\\\/person\\\/3aa1163ef05469c496fc94e77611ada2\"},\"headline\":\"P\u00ebrse korruptohen k\u00ebta politikan\u00eb?\",\"datePublished\":\"2010-11-30T10:20:30+00:00\",\"mainEntityOfPage\":{\"@id\":\"https:\\\/\\\/fjala.info\\\/2009-2015\\\/perse-korruptohen-keta-politikane-2\\\/\"},\"wordCount\":904,\"commentCount\":0,\"publisher\":{\"@id\":\"https:\\\/\\\/fjala.info\\\/2009-2015\\\/#organization\"},\"image\":{\"@id\":\"https:\\\/\\\/fjala.info\\\/2009-2015\\\/perse-korruptohen-keta-politikane-2\\\/#primaryimage\"},\"thumbnailUrl\":\"http:\\\/\\\/fjala.shkoder.net\\\/wp-content\\\/uploads\\\/2010\\\/12\\\/albin_kurti2.jpg\",\"articleSection\":[\"Artikuj\"],\"inLanguage\":\"sq-AL\",\"potentialAction\":[{\"@type\":\"CommentAction\",\"name\":\"Comment\",\"target\":[\"https:\\\/\\\/fjala.info\\\/2009-2015\\\/perse-korruptohen-keta-politikane-2\\\/#respond\"]}]},{\"@type\":\"WebPage\",\"@id\":\"https:\\\/\\\/fjala.info\\\/2009-2015\\\/perse-korruptohen-keta-politikane-2\\\/\",\"url\":\"https:\\\/\\\/fjala.info\\\/2009-2015\\\/perse-korruptohen-keta-politikane-2\\\/\",\"name\":\"P\u00ebrse korruptohen k\u00ebta politikan\u00eb? - FjALA e LIR\u00cb - Arkivi\",\"isPartOf\":{\"@id\":\"https:\\\/\\\/fjala.info\\\/2009-2015\\\/#website\"},\"primaryImageOfPage\":{\"@id\":\"https:\\\/\\\/fjala.info\\\/2009-2015\\\/perse-korruptohen-keta-politikane-2\\\/#primaryimage\"},\"image\":{\"@id\":\"https:\\\/\\\/fjala.info\\\/2009-2015\\\/perse-korruptohen-keta-politikane-2\\\/#primaryimage\"},\"thumbnailUrl\":\"http:\\\/\\\/fjala.shkoder.net\\\/wp-content\\\/uploads\\\/2010\\\/12\\\/albin_kurti2.jpg\",\"datePublished\":\"2010-11-30T10:20:30+00:00\",\"breadcrumb\":{\"@id\":\"https:\\\/\\\/fjala.info\\\/2009-2015\\\/perse-korruptohen-keta-politikane-2\\\/#breadcrumb\"},\"inLanguage\":\"sq-AL\",\"potentialAction\":[{\"@type\":\"ReadAction\",\"target\":[\"https:\\\/\\\/fjala.info\\\/2009-2015\\\/perse-korruptohen-keta-politikane-2\\\/\"]}]},{\"@type\":\"ImageObject\",\"inLanguage\":\"sq-AL\",\"@id\":\"https:\\\/\\\/fjala.info\\\/2009-2015\\\/perse-korruptohen-keta-politikane-2\\\/#primaryimage\",\"url\":\"http:\\\/\\\/fjala.shkoder.net\\\/wp-content\\\/uploads\\\/2010\\\/12\\\/albin_kurti2.jpg\",\"contentUrl\":\"http:\\\/\\\/fjala.shkoder.net\\\/wp-content\\\/uploads\\\/2010\\\/12\\\/albin_kurti2.jpg\"},{\"@type\":\"BreadcrumbList\",\"@id\":\"https:\\\/\\\/fjala.info\\\/2009-2015\\\/perse-korruptohen-keta-politikane-2\\\/#breadcrumb\",\"itemListElement\":[{\"@type\":\"ListItem\",\"position\":1,\"name\":\"Home\",\"item\":\"https:\\\/\\\/fjala.info\\\/2009-2015\\\/\"},{\"@type\":\"ListItem\",\"position\":2,\"name\":\"P\u00ebrse korruptohen k\u00ebta politikan\u00eb?\"}]},{\"@type\":\"WebSite\",\"@id\":\"https:\\\/\\\/fjala.info\\\/2009-2015\\\/#website\",\"url\":\"https:\\\/\\\/fjala.info\\\/2009-2015\\\/\",\"name\":\"FjALA e LIR\u00cb - Arkivi\",\"description\":\"Arkivi 2009-2015\",\"publisher\":{\"@id\":\"https:\\\/\\\/fjala.info\\\/2009-2015\\\/#organization\"},\"potentialAction\":[{\"@type\":\"SearchAction\",\"target\":{\"@type\":\"EntryPoint\",\"urlTemplate\":\"https:\\\/\\\/fjala.info\\\/2009-2015\\\/?s={search_term_string}\"},\"query-input\":{\"@type\":\"PropertyValueSpecification\",\"valueRequired\":true,\"valueName\":\"search_term_string\"}}],\"inLanguage\":\"sq-AL\"},{\"@type\":\"Organization\",\"@id\":\"https:\\\/\\\/fjala.info\\\/2009-2015\\\/#organization\",\"name\":\"FjALA e LIR\u00cb - Arkivi\",\"url\":\"https:\\\/\\\/fjala.info\\\/2009-2015\\\/\",\"logo\":{\"@type\":\"ImageObject\",\"inLanguage\":\"sq-AL\",\"@id\":\"https:\\\/\\\/fjala.info\\\/2009-2015\\\/#\\\/schema\\\/logo\\\/image\\\/\",\"url\":\"\",\"contentUrl\":\"\",\"caption\":\"FjALA e LIR\u00cb - Arkivi\"},\"image\":{\"@id\":\"https:\\\/\\\/fjala.info\\\/2009-2015\\\/#\\\/schema\\\/logo\\\/image\\\/\"}},{\"@type\":\"Person\",\"@id\":\"https:\\\/\\\/fjala.info\\\/2009-2015\\\/#\\\/schema\\\/person\\\/3aa1163ef05469c496fc94e77611ada2\",\"name\":\"admin\",\"image\":{\"@type\":\"ImageObject\",\"inLanguage\":\"sq-AL\",\"@id\":\"https:\\\/\\\/fjala.info\\\/2009-2015\\\/wp-content\\\/uploads\\\/2012\\\/02\\\/arben_cokaj-120x150.jpg\",\"url\":\"https:\\\/\\\/fjala.info\\\/2009-2015\\\/wp-content\\\/uploads\\\/2012\\\/02\\\/arben_cokaj-120x150.jpg\",\"contentUrl\":\"https:\\\/\\\/fjala.info\\\/2009-2015\\\/wp-content\\\/uploads\\\/2012\\\/02\\\/arben_cokaj-120x150.jpg\",\"caption\":\"admin\"},\"description\":\"Admin, Fjala e Lir\u00eb\",\"sameAs\":[\"https:\\\/\\\/fjala.info\\\/\"],\"url\":\"https:\\\/\\\/fjala.info\\\/2009-2015\\\/author\\\/admin\\\/\"}]}<\/script>\n<!-- \/ Yoast SEO plugin. -->","yoast_head_json":{"title":"P\u00ebrse korruptohen k\u00ebta politikan\u00eb? - FjALA e LIR\u00cb - Arkivi","robots":{"index":"index","follow":"follow","max-snippet":"max-snippet:-1","max-image-preview":"max-image-preview:large","max-video-preview":"max-video-preview:-1"},"canonical":"https:\/\/fjala.info\/2009-2015\/perse-korruptohen-keta-politikane-2\/","og_locale":"sq_AL","og_type":"article","og_title":"P\u00ebrse korruptohen k\u00ebta politikan\u00eb? - FjALA e LIR\u00cb - Arkivi","og_description":"Nga Albin Kurti, 30.10.2010 Pushteti n\u00eb Kosov\u00eb \u00ebsht\u00eb b\u00ebr\u00eb kombinim i njer\u00ebzve t\u00eb paaft\u00eb me njer\u00ebzit e pavullnetsh\u00ebm. Vullneti i t\u00eb paaft\u00ebve nuk i hyn n\u00eb pun\u00eb shoq\u00ebris\u00eb, por as aft\u00ebsia e t\u00eb pavullnetshm\u00ebve. Megjithat\u00eb, motori i zem\u00ebrimit t\u00eb qytetar\u00ebve \u00ebsht\u00eb pandershm\u00ebria dhe privilegjet e politikan\u00ebve, mungesa e seriozitetit dhe sinqeritetit t\u00eb tyre, p\u00ebrkat\u00ebsisht korrupsioni [&hellip;]","og_url":"https:\/\/fjala.info\/2009-2015\/perse-korruptohen-keta-politikane-2\/","og_site_name":"FjALA e LIR\u00cb - Arkivi","article_published_time":"2010-11-30T10:20:30+00:00","og_image":[{"url":"http:\/\/fjala.shkoder.net\/wp-content\/uploads\/2010\/12\/albin_kurti2.jpg","type":"","width":"","height":""}],"author":"admin","twitter_card":"summary_large_image","twitter_misc":{"Written by":"admin","Est. reading time":"4 minutes"},"schema":{"@context":"https:\/\/schema.org","@graph":[{"@type":"Article","@id":"https:\/\/fjala.info\/2009-2015\/perse-korruptohen-keta-politikane-2\/#article","isPartOf":{"@id":"https:\/\/fjala.info\/2009-2015\/perse-korruptohen-keta-politikane-2\/"},"author":{"name":"admin","@id":"https:\/\/fjala.info\/2009-2015\/#\/schema\/person\/3aa1163ef05469c496fc94e77611ada2"},"headline":"P\u00ebrse korruptohen k\u00ebta politikan\u00eb?","datePublished":"2010-11-30T10:20:30+00:00","mainEntityOfPage":{"@id":"https:\/\/fjala.info\/2009-2015\/perse-korruptohen-keta-politikane-2\/"},"wordCount":904,"commentCount":0,"publisher":{"@id":"https:\/\/fjala.info\/2009-2015\/#organization"},"image":{"@id":"https:\/\/fjala.info\/2009-2015\/perse-korruptohen-keta-politikane-2\/#primaryimage"},"thumbnailUrl":"http:\/\/fjala.shkoder.net\/wp-content\/uploads\/2010\/12\/albin_kurti2.jpg","articleSection":["Artikuj"],"inLanguage":"sq-AL","potentialAction":[{"@type":"CommentAction","name":"Comment","target":["https:\/\/fjala.info\/2009-2015\/perse-korruptohen-keta-politikane-2\/#respond"]}]},{"@type":"WebPage","@id":"https:\/\/fjala.info\/2009-2015\/perse-korruptohen-keta-politikane-2\/","url":"https:\/\/fjala.info\/2009-2015\/perse-korruptohen-keta-politikane-2\/","name":"P\u00ebrse korruptohen k\u00ebta politikan\u00eb? - FjALA e LIR\u00cb - Arkivi","isPartOf":{"@id":"https:\/\/fjala.info\/2009-2015\/#website"},"primaryImageOfPage":{"@id":"https:\/\/fjala.info\/2009-2015\/perse-korruptohen-keta-politikane-2\/#primaryimage"},"image":{"@id":"https:\/\/fjala.info\/2009-2015\/perse-korruptohen-keta-politikane-2\/#primaryimage"},"thumbnailUrl":"http:\/\/fjala.shkoder.net\/wp-content\/uploads\/2010\/12\/albin_kurti2.jpg","datePublished":"2010-11-30T10:20:30+00:00","breadcrumb":{"@id":"https:\/\/fjala.info\/2009-2015\/perse-korruptohen-keta-politikane-2\/#breadcrumb"},"inLanguage":"sq-AL","potentialAction":[{"@type":"ReadAction","target":["https:\/\/fjala.info\/2009-2015\/perse-korruptohen-keta-politikane-2\/"]}]},{"@type":"ImageObject","inLanguage":"sq-AL","@id":"https:\/\/fjala.info\/2009-2015\/perse-korruptohen-keta-politikane-2\/#primaryimage","url":"http:\/\/fjala.shkoder.net\/wp-content\/uploads\/2010\/12\/albin_kurti2.jpg","contentUrl":"http:\/\/fjala.shkoder.net\/wp-content\/uploads\/2010\/12\/albin_kurti2.jpg"},{"@type":"BreadcrumbList","@id":"https:\/\/fjala.info\/2009-2015\/perse-korruptohen-keta-politikane-2\/#breadcrumb","itemListElement":[{"@type":"ListItem","position":1,"name":"Home","item":"https:\/\/fjala.info\/2009-2015\/"},{"@type":"ListItem","position":2,"name":"P\u00ebrse korruptohen k\u00ebta politikan\u00eb?"}]},{"@type":"WebSite","@id":"https:\/\/fjala.info\/2009-2015\/#website","url":"https:\/\/fjala.info\/2009-2015\/","name":"FjALA e LIR\u00cb - Arkivi","description":"Arkivi 2009-2015","publisher":{"@id":"https:\/\/fjala.info\/2009-2015\/#organization"},"potentialAction":[{"@type":"SearchAction","target":{"@type":"EntryPoint","urlTemplate":"https:\/\/fjala.info\/2009-2015\/?s={search_term_string}"},"query-input":{"@type":"PropertyValueSpecification","valueRequired":true,"valueName":"search_term_string"}}],"inLanguage":"sq-AL"},{"@type":"Organization","@id":"https:\/\/fjala.info\/2009-2015\/#organization","name":"FjALA e LIR\u00cb - Arkivi","url":"https:\/\/fjala.info\/2009-2015\/","logo":{"@type":"ImageObject","inLanguage":"sq-AL","@id":"https:\/\/fjala.info\/2009-2015\/#\/schema\/logo\/image\/","url":"","contentUrl":"","caption":"FjALA e LIR\u00cb - Arkivi"},"image":{"@id":"https:\/\/fjala.info\/2009-2015\/#\/schema\/logo\/image\/"}},{"@type":"Person","@id":"https:\/\/fjala.info\/2009-2015\/#\/schema\/person\/3aa1163ef05469c496fc94e77611ada2","name":"admin","image":{"@type":"ImageObject","inLanguage":"sq-AL","@id":"https:\/\/fjala.info\/2009-2015\/wp-content\/uploads\/2012\/02\/arben_cokaj-120x150.jpg","url":"https:\/\/fjala.info\/2009-2015\/wp-content\/uploads\/2012\/02\/arben_cokaj-120x150.jpg","contentUrl":"https:\/\/fjala.info\/2009-2015\/wp-content\/uploads\/2012\/02\/arben_cokaj-120x150.jpg","caption":"admin"},"description":"Admin, Fjala e Lir\u00eb","sameAs":["https:\/\/fjala.info\/"],"url":"https:\/\/fjala.info\/2009-2015\/author\/admin\/"}]}},"_links":{"self":[{"href":"https:\/\/fjala.info\/2009-2015\/wp-json\/wp\/v2\/posts\/5225","targetHints":{"allow":["GET"]}}],"collection":[{"href":"https:\/\/fjala.info\/2009-2015\/wp-json\/wp\/v2\/posts"}],"about":[{"href":"https:\/\/fjala.info\/2009-2015\/wp-json\/wp\/v2\/types\/post"}],"author":[{"embeddable":true,"href":"https:\/\/fjala.info\/2009-2015\/wp-json\/wp\/v2\/users\/1"}],"replies":[{"embeddable":true,"href":"https:\/\/fjala.info\/2009-2015\/wp-json\/wp\/v2\/comments?post=5225"}],"version-history":[{"count":0,"href":"https:\/\/fjala.info\/2009-2015\/wp-json\/wp\/v2\/posts\/5225\/revisions"}],"wp:attachment":[{"href":"https:\/\/fjala.info\/2009-2015\/wp-json\/wp\/v2\/media?parent=5225"}],"wp:term":[{"taxonomy":"category","embeddable":true,"href":"https:\/\/fjala.info\/2009-2015\/wp-json\/wp\/v2\/categories?post=5225"},{"taxonomy":"post_tag","embeddable":true,"href":"https:\/\/fjala.info\/2009-2015\/wp-json\/wp\/v2\/tags?post=5225"}],"curies":[{"name":"wp","href":"https:\/\/api.w.org\/{rel}","templated":true}]}}