{"id":5223,"date":"2012-09-30T21:56:02","date_gmt":"2012-09-30T20:56:02","guid":{"rendered":"http:\/\/www.fjala.info\/?p=5223"},"modified":"2012-09-30T21:56:02","modified_gmt":"2012-09-30T20:56:02","slug":"tempulli-i-perdhosur","status":"publish","type":"post","link":"https:\/\/fjala.info\/2009-2015\/tempulli-i-perdhosur\/","title":{"rendered":"Tempulli i p\u00ebrdhosur"},"content":{"rendered":"<p><img decoding=\"async\" class=\"alignright size-thumbnail wp-image-7236\" title=\"Berisha inaguron nj\u00eb shkoll\u00eb\" src=\"http:\/\/www.fjala.info\/2012\/berisha_inauguron.jpg\" alt=\"\" width=\"300\" \/> Nga <strong>Artan Lame<\/strong>, <em>30 shtator 2012<\/em><\/p>\n<p>Pjes\u00eb nga fjala e Kryeministrit t\u00eb Republik\u00ebs para nx\u00ebn\u00ebsve t\u00eb nj\u00eb shkolle n\u00eb Bathore para dy dit\u00ebsh: \u201cJu b\u00ebj thirrje t\u00eb ndiqni punimet e Parlamentit dhe do shihni sesi \u00e7do dit\u00eb nj\u00eb grusht i vog\u00ebl deputet\u00ebsh n\u00eb prag t\u00eb statusit largohen nga salla e mbledhjeve p\u00ebr t\u00eb mos votuar ligjet. Me karriget bosh ata duan t\u00eb rr\u00ebnojn\u00eb \u00ebndrr\u00ebn tuaj dhe t\u00eb t\u00eb gjith\u00eb shqiptar\u00ebve. Zgjedhjet e ardhshme po afrojn\u00eb. Un\u00eb ju b\u00ebj thirrje q\u00eb t\u2019u thoni prind\u00ebrve tuaj t\u00eb votojn\u00eb jo vet\u00ebm p\u00ebr veten, por edhe p\u00ebr ju, p\u00ebr t\u00eb gjith\u00eb shqiptar\u00ebt, q\u00eb ne t\u00eb ecim t\u00eb sigurt drejt t\u00eb ardhmes\u201d.<\/p>\n<p>Im v\u00eblla ishte n\u00eb klas\u00eb t\u00eb pest\u00eb n\u00eb koh\u00ebn e fushat\u00ebs elektorale t\u00eb vitit 1996. M\u00eb kujtohet asokohe nj\u00eb pasdite kur pasi m\u00ebsueset u kishin th\u00ebn\u00eb t\u00eb vinin me detyrim n\u00eb nj\u00eb miting ku do fliste Presidenti i at\u00ebhersh\u00ebm, im v\u00eblla, fliste gjith\u00eb inat f\u00ebminor: \u201cNuk dua t\u00eb shkoj me detyrim, po pse t\u00eb shkoj kur nuk m\u00eb p\u00eblqen!\u201d. Joni, im v\u00eblla ende qurrash, me mendjen e f\u00ebmij\u00ebs ishte m\u00eb i demokratizuar n\u00eb shpirt se gjith\u00eb shqiptar\u00ebt bashk\u00eb q\u00eb shkonin t\u00eb d\u00ebgjonin dokrrat e presidentit ish-komunist.<\/p>\n<p>Sot, plot 16 vjet m\u00eb pas, kan\u00eb ndryshuar shum\u00eb gj\u00ebra, por n\u00eb krye t\u00eb vendit \u00ebsht\u00eb prap\u00eb ai, komunisti i dikursh\u00ebm q\u00eb nxirrte me lista kalamajt\u00eb n\u00ebp\u00ebr mitingje q\u00eb ta d\u00ebgjonin me zor tek fliste. Dhe s\u00ebrish b\u00ebn t\u00eb nj\u00ebjt\u00ebn gj\u00eb, madje edhe m\u00eb keq, tani u shkon vet\u00eb kalamajve n\u00ebp\u00ebr klasa e u b\u00ebn mitingje. Ndoshta pas ca kohe, me perversitetin e plakut t\u00eb plakur keq e me hile, do filloj\u00eb t\u00eb shkoj\u00eb edhe n\u00ebp\u00ebr kopshte p\u00ebr t\u2019u folur kalaman\u00ebve, e m\u00eb pas n\u00ebse Zoti do ta l\u00ebr\u00eb ende midis nesh, mund t\u00eb vazhdoj\u00eb duke vajtur edhe n\u00ebp\u00ebr maternitete, apo p\u00ebr ta p\u00ebrfunduar duke ju hyr\u00eb \u00e7ifteve n\u00eb krevat p\u00ebrmes ndonj\u00eb mjeti elektronik.<\/p>\n<p>A nuk thonim n\u00eb koh\u00eb t\u00eb Komandantit se edhe burri me gruan flisnin me frik\u00eb n\u00eb krevat nga frika e p\u00ebrgjimit. Q\u00eb kjo histori ka mund\u00ebsi t\u00eb p\u00ebrfundoj\u00eb k\u00ebshtu nuk \u00ebsht\u00eb fantazi, pasi jo m\u00eb kot ky popull thot\u00eb b\u00ebji n\u00ebn\u00ebn t\u00eb t\u00eb thot\u00eb baba. Dhe lider\u00ebt tan\u00eb historik\u00eb e kan\u00eb ditur mir\u00eb k\u00ebt\u00eb pun\u00eb.<\/p>\n<p>Megjithat\u00eb, un\u00eb inatin nuk e kam me Berish\u00ebn. Ai k\u00ebshtu ka qen\u00eb prer\u00eb q\u00eb n\u00eb fillim, e s\u2019mund t\u00eb presim q\u00eb ta ndreq\u00eb pleq\u00ebria, se pleq\u00ebria prish nga m\u00ebnt\u00eb edhe t\u00eb mir\u00ebt, e jo m\u00eb t\u00eb ligun q\u00eb e b\u00ebn keq e m\u00eb keq. Un\u00eb inatin e kam me shqiptar\u00ebt q\u00eb e l\u00ebn\u00eb at\u00eb t\u2019u hyj\u00eb e t\u2019u b\u00ebj\u00eb politik\u00eb kalamajve n\u00eb klas\u00eb. Nuk vlen t\u00eb themi se me ligj \u00ebsht\u00eb e ndaluar politika n\u00ebp\u00ebr shkolla, sepse jo t\u00eb gjitha gj\u00ebrat rregullohen me ligj. Ligjet b\u00ebhen e shtohen brez pas brezi q\u00eb njer\u00ebzimi shkon p\u00ebrpara, por e gjith\u00eb ajo pjes\u00eb e marr\u00ebdh\u00ebnieve t\u00eb shoq\u00ebris\u00eb q\u00eb nuk e rregullojn\u00eb ligjet, mbahet m\u00eb k\u00ebmb\u00eb me moral e me rregulla t\u00eb pashkruara.<\/p>\n<p>Kryeministri i Holand\u00ebs apo Anglis\u00eb nuk shkon t\u00eb b\u00ebj\u00eb politik\u00eb n\u00ebp\u00ebr shkolla, jo sepse ka frik\u00eb nga ligji, por p\u00ebr nj\u00ebqind arsye t\u00eb tjera. E para, sepse \u00ebsht\u00eb rritur n\u00eb nj\u00eb shoq\u00ebri ku gj\u00ebra t\u00eb tilla as nuk mendohen k\u00ebshtu q\u00eb as ai s\u2019ka se si ta mendoj\u00eb. E dyta, edhe sikur t\u00eb shkiste nga trut\u00eb e ta mendonte, s\u2019do ta linin m\u00ebsuesit e nx\u00ebn\u00ebsit, por do ta nxirrnin jasht\u00eb nga shkolla me fishk\u00ebllima.<\/p>\n<p>E treta, edhe sikur edhe m\u00ebsuesit t\u00eb kishin shkar\u00eb nga mendja e ta linin t\u00eb b\u00ebnte politik\u00eb n\u00eb shkoll\u00eb, ai kryeminist\u00ebr do gjendej p\u00ebrpara refuzimit t\u00eb t\u00eb gjith\u00eb prind\u00ebrve, edhe t\u00eb atyre q\u00eb mund t\u00eb ishin me partin\u00eb e tij dhe s\u2019do merrte asnj\u00eb vot\u00eb syresh. N\u00eb asnj\u00eb nga k\u00ebto shkall\u00eb q\u00eb rreshtova nuk hyn ligji, por thjesht MORALI PUBLIK. Pik\u00ebrisht ai moral publik q\u00eb na \u00e7alon ne shqiptar\u00ebve dhe q\u00eb shfryt\u00ebzohet nga politikan\u00eb si Berisha p\u00ebr t\u00eb na b\u00ebr\u00eb at\u00eb q\u00eb as q\u00eb mund t\u00eb mendohet kund tjet\u00ebr.<\/p>\n<p>Sot un\u00eb kam nj\u00eb vajz\u00eb n\u00eb klas\u00eb t\u00eb 4-t fillore. Asaj kurr\u00eb nuk i kam folur keq p\u00ebr Berish\u00ebn dhe ruhem fort ta shaj at\u00eb n\u00eb prani t\u00eb saj. Arsyeja \u00ebsht\u00eb e thjesht\u00eb: Dua q\u00eb ime bij\u00eb t\u00eb rritet me respektin p\u00ebr institucionet. Berisha \u00ebsht\u00eb ai q\u00eb \u00ebsht\u00eb, por \u00ebsht\u00eb edhe Kryeministri i Republik\u00ebs sime dhe dua q\u00eb ime bij\u00eb t\u00eb respektoj\u00eb institucionin. Kur t\u00eb rritet do ket\u00eb koh\u00eb t\u00eb ndaj\u00eb pastaj njeriun nga karrigia q\u00eb mban. Jam i bindur se k\u00ebshtu vepron \u00e7do qytetar normal i k\u00ebtij vendi. Por Berisha nuk \u00ebsht\u00eb Kryeminist\u00ebr i qytetar\u00ebve normal\u00eb. Fatkeq\u00ebsisht ai ia ka dal\u00eb ta ndaj\u00eb vendin n\u00eb dy pjes\u00eb dhe ka zgjedhur t\u00eb qeveris\u00eb vet\u00ebm fal\u00eb nj\u00eb pjese t\u00eb shqiptar\u00ebve.<\/p>\n<p>Jo m\u00eb kot ai shkon t\u2019u bro\u00e7kullis\u00eb k\u00ebshtu f\u00ebmij\u00ebve n\u00eb nj\u00eb shkoll\u00eb t\u00eb Bathores ku, p\u00ebr fatin e tyre t\u00eb keq shum\u00eb prej baballar\u00ebve t\u00eb lidhur emocionalisht dhe bes\u00ebrisht me Saliun, g\u00ebzohen nga marr\u00ebzi t\u00eb tilla. Un\u00eb nj\u00ebsoj do t\u00eb isha neveritur sikur Edi Rama sot, apo Fatos Nano dje, t\u00eb shkonin n\u00eb nj\u00eb klas\u00eb e t\u2019u flisnin nx\u00ebn\u00ebsve p\u00ebr fitoren e socialist\u00ebve. Nd\u00ebrsa shum\u00eb prej baballar\u00ebve t\u00eb Bathores, druaj se jan\u00eb ndier krenar\u00eb q\u00eb baca Sali u foli ashtu f\u00ebmij\u00ebve t\u00eb tyre. Ky \u00ebsht\u00eb problem i v\u00ebrtet\u00eb. N\u00ebse Saliu do kish frik\u00eb se do ta fishk\u00ebllenin kalamajt\u00eb apo do ta zinin grat\u00eb e Bathores p\u00ebr flok\u00ebsh, thjesht do ta \u00ebnd\u00ebrronte t\u2019u fliste kalamajve, por nuk do guxonte ta b\u00ebnte.<br \/>\nSaliun nuk e edukojm\u00eb dot.<\/p>\n<p>Ai i shtremb\u00ebr i hyri udh\u00ebs s\u00eb politik\u00ebs dhe i till\u00eb do t\u2019i dal\u00eb asaj deri n\u00eb fund. Detyra jon\u00eb \u00ebsht\u00eb t\u00eb edukojm\u00eb shqiptar\u00ebt, at\u00eb pjes\u00eb t\u00eb tyre q\u00eb fati i keq, fukarall\u00ebku, halli, padija, prapambetja, politizimi i skajsh\u00ebm fisnor, i ka l\u00ebn\u00eb pas. E kuptoj se \u00ebsht\u00eb shum\u00eb e leht\u00eb t\u00eb akuzohem p\u00ebr raciz\u00ebm kulturor apo krahinor, por realisht as nuk hyn fare k\u00ebtu nj\u00eb akuz\u00eb e till\u00eb. As i njoh vetes ndonj\u00eb merit\u00eb t\u00eb ve\u00e7ant\u00eb, e as pretendoj t\u00eb b\u00ebj pjes\u00eb n\u00eb ndonj\u00eb elit\u00eb t\u00eb zgjedhurish t\u00eb dijsh\u00ebm. Thjesht i b\u00ebj thirrje \u00e7do qytetari q\u00eb ndihet i till\u00eb, t\u00eb b\u00ebj\u00eb t\u00eb detyr\u00ebn e vet q\u00eb sa m\u00eb shpejt n\u00eb Shqip\u00ebri morali qytetar t\u00eb triumfoj\u00eb mbi amoralitetin politik, q\u00eb sa m\u00eb shpejt n\u00eb Shqip\u00ebri t\u00eb ket\u00eb socialist\u00eb e demokrat\u00eb, e jo f\u00ebmij\u00eb socialist\u00eb dhe f\u00ebmij\u00eb demokrat\u00eb.<\/p>\n<p>Kur t\u00eb vij\u00eb ajo dit\u00eb, Saliu nuk do e shoh\u00eb dot as n\u00eb \u00ebnd\u00ebrr t\u00eb shkoj\u00eb e t\u00eb p\u00ebrdhos\u00eb vesh\u00ebt e njom\u00eb t\u00eb f\u00ebmij\u00ebve me p\u00ebshtym\u00eb politike. P\u00ebrndryshe, n\u00ebse secili mbyllet n\u00eb neverin\u00eb e vet, ai nj\u00eb dit\u00eb do vij\u00eb p\u00ebrdhunsh\u00ebm edhe te veshi i f\u00ebmij\u00ebve tan\u00eb, sado t\u00eb p\u00ebrpiqemi t\u2019i ruajm\u00eb e t\u2019i fshehim prej tij.<\/p>\n<p><em>Gazeta &#8220;Shqip&#8221;<\/em><\/p>\n","protected":false},"excerpt":{"rendered":"<p>Nga Artan Lame, 30 shtator 2012 Pjes\u00eb nga fjala e Kryeministrit t\u00eb Republik\u00ebs para nx\u00ebn\u00ebsve t\u00eb nj\u00eb shkolle n\u00eb Bathore para dy dit\u00ebsh: \u201cJu b\u00ebj thirrje t\u00eb ndiqni punimet e Parlamentit dhe do shihni sesi \u00e7do dit\u00eb nj\u00eb grusht i vog\u00ebl deputet\u00ebsh n\u00eb prag t\u00eb statusit largohen nga salla e mbledhjeve p\u00ebr t\u00eb mos votuar [&hellip;]<\/p>\n","protected":false},"author":1,"featured_media":0,"comment_status":"open","ping_status":"closed","sticky":false,"template":"","format":"standard","meta":{"footnotes":""},"categories":[2],"tags":[],"class_list":{"0":"post-5223","1":"post","2":"type-post","3":"status-publish","4":"format-standard","6":"category-artikuj"},"yoast_head":"<!-- This site is optimized with the Yoast SEO plugin v27.4 - https:\/\/yoast.com\/product\/yoast-seo-wordpress\/ -->\n<title>Tempulli i p\u00ebrdhosur - FjALA e LIR\u00cb - Arkivi<\/title>\n<meta name=\"robots\" content=\"index, follow, max-snippet:-1, max-image-preview:large, max-video-preview:-1\" \/>\n<link rel=\"canonical\" href=\"https:\/\/fjala.info\/2009-2015\/tempulli-i-perdhosur\/\" \/>\n<meta property=\"og:locale\" content=\"sq_AL\" \/>\n<meta property=\"og:type\" content=\"article\" \/>\n<meta property=\"og:title\" content=\"Tempulli i p\u00ebrdhosur - FjALA e LIR\u00cb - Arkivi\" \/>\n<meta property=\"og:description\" content=\"Nga Artan Lame, 30 shtator 2012 Pjes\u00eb nga fjala e Kryeministrit t\u00eb Republik\u00ebs para nx\u00ebn\u00ebsve t\u00eb nj\u00eb shkolle n\u00eb Bathore para dy dit\u00ebsh: \u201cJu b\u00ebj thirrje t\u00eb ndiqni punimet e Parlamentit dhe do shihni sesi \u00e7do dit\u00eb nj\u00eb grusht i vog\u00ebl deputet\u00ebsh n\u00eb prag t\u00eb statusit largohen nga salla e mbledhjeve p\u00ebr t\u00eb mos votuar [&hellip;]\" \/>\n<meta property=\"og:url\" content=\"https:\/\/fjala.info\/2009-2015\/tempulli-i-perdhosur\/\" \/>\n<meta property=\"og:site_name\" content=\"FjALA e LIR\u00cb - Arkivi\" \/>\n<meta property=\"article:published_time\" content=\"2012-09-30T20:56:02+00:00\" \/>\n<meta property=\"og:image\" content=\"http:\/\/www.fjala.info\/2012\/berisha_inauguron.jpg\" \/>\n<meta name=\"author\" content=\"admin\" \/>\n<meta name=\"twitter:card\" content=\"summary_large_image\" \/>\n<meta name=\"twitter:label1\" content=\"Written by\" \/>\n\t<meta name=\"twitter:data1\" content=\"admin\" \/>\n\t<meta name=\"twitter:label2\" content=\"Est. reading time\" \/>\n\t<meta name=\"twitter:data2\" content=\"6 minutes\" \/>\n<script type=\"application\/ld+json\" class=\"yoast-schema-graph\">{\"@context\":\"https:\\\/\\\/schema.org\",\"@graph\":[{\"@type\":\"Article\",\"@id\":\"https:\\\/\\\/fjala.info\\\/2009-2015\\\/tempulli-i-perdhosur\\\/#article\",\"isPartOf\":{\"@id\":\"https:\\\/\\\/fjala.info\\\/2009-2015\\\/tempulli-i-perdhosur\\\/\"},\"author\":{\"name\":\"admin\",\"@id\":\"https:\\\/\\\/fjala.info\\\/2009-2015\\\/#\\\/schema\\\/person\\\/3aa1163ef05469c496fc94e77611ada2\"},\"headline\":\"Tempulli i p\u00ebrdhosur\",\"datePublished\":\"2012-09-30T20:56:02+00:00\",\"mainEntityOfPage\":{\"@id\":\"https:\\\/\\\/fjala.info\\\/2009-2015\\\/tempulli-i-perdhosur\\\/\"},\"wordCount\":1277,\"commentCount\":0,\"publisher\":{\"@id\":\"https:\\\/\\\/fjala.info\\\/2009-2015\\\/#organization\"},\"image\":{\"@id\":\"https:\\\/\\\/fjala.info\\\/2009-2015\\\/tempulli-i-perdhosur\\\/#primaryimage\"},\"thumbnailUrl\":\"http:\\\/\\\/www.fjala.info\\\/2012\\\/berisha_inauguron.jpg\",\"articleSection\":[\"Artikuj\"],\"inLanguage\":\"sq-AL\",\"potentialAction\":[{\"@type\":\"CommentAction\",\"name\":\"Comment\",\"target\":[\"https:\\\/\\\/fjala.info\\\/2009-2015\\\/tempulli-i-perdhosur\\\/#respond\"]}]},{\"@type\":\"WebPage\",\"@id\":\"https:\\\/\\\/fjala.info\\\/2009-2015\\\/tempulli-i-perdhosur\\\/\",\"url\":\"https:\\\/\\\/fjala.info\\\/2009-2015\\\/tempulli-i-perdhosur\\\/\",\"name\":\"Tempulli i p\u00ebrdhosur - FjALA e LIR\u00cb - Arkivi\",\"isPartOf\":{\"@id\":\"https:\\\/\\\/fjala.info\\\/2009-2015\\\/#website\"},\"primaryImageOfPage\":{\"@id\":\"https:\\\/\\\/fjala.info\\\/2009-2015\\\/tempulli-i-perdhosur\\\/#primaryimage\"},\"image\":{\"@id\":\"https:\\\/\\\/fjala.info\\\/2009-2015\\\/tempulli-i-perdhosur\\\/#primaryimage\"},\"thumbnailUrl\":\"http:\\\/\\\/www.fjala.info\\\/2012\\\/berisha_inauguron.jpg\",\"datePublished\":\"2012-09-30T20:56:02+00:00\",\"breadcrumb\":{\"@id\":\"https:\\\/\\\/fjala.info\\\/2009-2015\\\/tempulli-i-perdhosur\\\/#breadcrumb\"},\"inLanguage\":\"sq-AL\",\"potentialAction\":[{\"@type\":\"ReadAction\",\"target\":[\"https:\\\/\\\/fjala.info\\\/2009-2015\\\/tempulli-i-perdhosur\\\/\"]}]},{\"@type\":\"ImageObject\",\"inLanguage\":\"sq-AL\",\"@id\":\"https:\\\/\\\/fjala.info\\\/2009-2015\\\/tempulli-i-perdhosur\\\/#primaryimage\",\"url\":\"http:\\\/\\\/www.fjala.info\\\/2012\\\/berisha_inauguron.jpg\",\"contentUrl\":\"http:\\\/\\\/www.fjala.info\\\/2012\\\/berisha_inauguron.jpg\"},{\"@type\":\"BreadcrumbList\",\"@id\":\"https:\\\/\\\/fjala.info\\\/2009-2015\\\/tempulli-i-perdhosur\\\/#breadcrumb\",\"itemListElement\":[{\"@type\":\"ListItem\",\"position\":1,\"name\":\"Home\",\"item\":\"https:\\\/\\\/fjala.info\\\/2009-2015\\\/\"},{\"@type\":\"ListItem\",\"position\":2,\"name\":\"Tempulli i p\u00ebrdhosur\"}]},{\"@type\":\"WebSite\",\"@id\":\"https:\\\/\\\/fjala.info\\\/2009-2015\\\/#website\",\"url\":\"https:\\\/\\\/fjala.info\\\/2009-2015\\\/\",\"name\":\"FjALA e LIR\u00cb - Arkivi\",\"description\":\"Arkivi 2009-2015\",\"publisher\":{\"@id\":\"https:\\\/\\\/fjala.info\\\/2009-2015\\\/#organization\"},\"potentialAction\":[{\"@type\":\"SearchAction\",\"target\":{\"@type\":\"EntryPoint\",\"urlTemplate\":\"https:\\\/\\\/fjala.info\\\/2009-2015\\\/?s={search_term_string}\"},\"query-input\":{\"@type\":\"PropertyValueSpecification\",\"valueRequired\":true,\"valueName\":\"search_term_string\"}}],\"inLanguage\":\"sq-AL\"},{\"@type\":\"Organization\",\"@id\":\"https:\\\/\\\/fjala.info\\\/2009-2015\\\/#organization\",\"name\":\"FjALA e LIR\u00cb - Arkivi\",\"url\":\"https:\\\/\\\/fjala.info\\\/2009-2015\\\/\",\"logo\":{\"@type\":\"ImageObject\",\"inLanguage\":\"sq-AL\",\"@id\":\"https:\\\/\\\/fjala.info\\\/2009-2015\\\/#\\\/schema\\\/logo\\\/image\\\/\",\"url\":\"\",\"contentUrl\":\"\",\"caption\":\"FjALA e LIR\u00cb - Arkivi\"},\"image\":{\"@id\":\"https:\\\/\\\/fjala.info\\\/2009-2015\\\/#\\\/schema\\\/logo\\\/image\\\/\"}},{\"@type\":\"Person\",\"@id\":\"https:\\\/\\\/fjala.info\\\/2009-2015\\\/#\\\/schema\\\/person\\\/3aa1163ef05469c496fc94e77611ada2\",\"name\":\"admin\",\"image\":{\"@type\":\"ImageObject\",\"inLanguage\":\"sq-AL\",\"@id\":\"https:\\\/\\\/fjala.info\\\/2009-2015\\\/wp-content\\\/uploads\\\/2012\\\/02\\\/arben_cokaj-120x150.jpg\",\"url\":\"https:\\\/\\\/fjala.info\\\/2009-2015\\\/wp-content\\\/uploads\\\/2012\\\/02\\\/arben_cokaj-120x150.jpg\",\"contentUrl\":\"https:\\\/\\\/fjala.info\\\/2009-2015\\\/wp-content\\\/uploads\\\/2012\\\/02\\\/arben_cokaj-120x150.jpg\",\"caption\":\"admin\"},\"description\":\"Admin, Fjala e Lir\u00eb\",\"sameAs\":[\"https:\\\/\\\/fjala.info\\\/\"],\"url\":\"https:\\\/\\\/fjala.info\\\/2009-2015\\\/author\\\/admin\\\/\"}]}<\/script>\n<!-- \/ Yoast SEO plugin. -->","yoast_head_json":{"title":"Tempulli i p\u00ebrdhosur - FjALA e LIR\u00cb - Arkivi","robots":{"index":"index","follow":"follow","max-snippet":"max-snippet:-1","max-image-preview":"max-image-preview:large","max-video-preview":"max-video-preview:-1"},"canonical":"https:\/\/fjala.info\/2009-2015\/tempulli-i-perdhosur\/","og_locale":"sq_AL","og_type":"article","og_title":"Tempulli i p\u00ebrdhosur - FjALA e LIR\u00cb - Arkivi","og_description":"Nga Artan Lame, 30 shtator 2012 Pjes\u00eb nga fjala e Kryeministrit t\u00eb Republik\u00ebs para nx\u00ebn\u00ebsve t\u00eb nj\u00eb shkolle n\u00eb Bathore para dy dit\u00ebsh: \u201cJu b\u00ebj thirrje t\u00eb ndiqni punimet e Parlamentit dhe do shihni sesi \u00e7do dit\u00eb nj\u00eb grusht i vog\u00ebl deputet\u00ebsh n\u00eb prag t\u00eb statusit largohen nga salla e mbledhjeve p\u00ebr t\u00eb mos votuar [&hellip;]","og_url":"https:\/\/fjala.info\/2009-2015\/tempulli-i-perdhosur\/","og_site_name":"FjALA e LIR\u00cb - Arkivi","article_published_time":"2012-09-30T20:56:02+00:00","og_image":[{"url":"http:\/\/www.fjala.info\/2012\/berisha_inauguron.jpg","type":"","width":"","height":""}],"author":"admin","twitter_card":"summary_large_image","twitter_misc":{"Written by":"admin","Est. reading time":"6 minutes"},"schema":{"@context":"https:\/\/schema.org","@graph":[{"@type":"Article","@id":"https:\/\/fjala.info\/2009-2015\/tempulli-i-perdhosur\/#article","isPartOf":{"@id":"https:\/\/fjala.info\/2009-2015\/tempulli-i-perdhosur\/"},"author":{"name":"admin","@id":"https:\/\/fjala.info\/2009-2015\/#\/schema\/person\/3aa1163ef05469c496fc94e77611ada2"},"headline":"Tempulli i p\u00ebrdhosur","datePublished":"2012-09-30T20:56:02+00:00","mainEntityOfPage":{"@id":"https:\/\/fjala.info\/2009-2015\/tempulli-i-perdhosur\/"},"wordCount":1277,"commentCount":0,"publisher":{"@id":"https:\/\/fjala.info\/2009-2015\/#organization"},"image":{"@id":"https:\/\/fjala.info\/2009-2015\/tempulli-i-perdhosur\/#primaryimage"},"thumbnailUrl":"http:\/\/www.fjala.info\/2012\/berisha_inauguron.jpg","articleSection":["Artikuj"],"inLanguage":"sq-AL","potentialAction":[{"@type":"CommentAction","name":"Comment","target":["https:\/\/fjala.info\/2009-2015\/tempulli-i-perdhosur\/#respond"]}]},{"@type":"WebPage","@id":"https:\/\/fjala.info\/2009-2015\/tempulli-i-perdhosur\/","url":"https:\/\/fjala.info\/2009-2015\/tempulli-i-perdhosur\/","name":"Tempulli i p\u00ebrdhosur - FjALA e LIR\u00cb - Arkivi","isPartOf":{"@id":"https:\/\/fjala.info\/2009-2015\/#website"},"primaryImageOfPage":{"@id":"https:\/\/fjala.info\/2009-2015\/tempulli-i-perdhosur\/#primaryimage"},"image":{"@id":"https:\/\/fjala.info\/2009-2015\/tempulli-i-perdhosur\/#primaryimage"},"thumbnailUrl":"http:\/\/www.fjala.info\/2012\/berisha_inauguron.jpg","datePublished":"2012-09-30T20:56:02+00:00","breadcrumb":{"@id":"https:\/\/fjala.info\/2009-2015\/tempulli-i-perdhosur\/#breadcrumb"},"inLanguage":"sq-AL","potentialAction":[{"@type":"ReadAction","target":["https:\/\/fjala.info\/2009-2015\/tempulli-i-perdhosur\/"]}]},{"@type":"ImageObject","inLanguage":"sq-AL","@id":"https:\/\/fjala.info\/2009-2015\/tempulli-i-perdhosur\/#primaryimage","url":"http:\/\/www.fjala.info\/2012\/berisha_inauguron.jpg","contentUrl":"http:\/\/www.fjala.info\/2012\/berisha_inauguron.jpg"},{"@type":"BreadcrumbList","@id":"https:\/\/fjala.info\/2009-2015\/tempulli-i-perdhosur\/#breadcrumb","itemListElement":[{"@type":"ListItem","position":1,"name":"Home","item":"https:\/\/fjala.info\/2009-2015\/"},{"@type":"ListItem","position":2,"name":"Tempulli i p\u00ebrdhosur"}]},{"@type":"WebSite","@id":"https:\/\/fjala.info\/2009-2015\/#website","url":"https:\/\/fjala.info\/2009-2015\/","name":"FjALA e LIR\u00cb - Arkivi","description":"Arkivi 2009-2015","publisher":{"@id":"https:\/\/fjala.info\/2009-2015\/#organization"},"potentialAction":[{"@type":"SearchAction","target":{"@type":"EntryPoint","urlTemplate":"https:\/\/fjala.info\/2009-2015\/?s={search_term_string}"},"query-input":{"@type":"PropertyValueSpecification","valueRequired":true,"valueName":"search_term_string"}}],"inLanguage":"sq-AL"},{"@type":"Organization","@id":"https:\/\/fjala.info\/2009-2015\/#organization","name":"FjALA e LIR\u00cb - Arkivi","url":"https:\/\/fjala.info\/2009-2015\/","logo":{"@type":"ImageObject","inLanguage":"sq-AL","@id":"https:\/\/fjala.info\/2009-2015\/#\/schema\/logo\/image\/","url":"","contentUrl":"","caption":"FjALA e LIR\u00cb - Arkivi"},"image":{"@id":"https:\/\/fjala.info\/2009-2015\/#\/schema\/logo\/image\/"}},{"@type":"Person","@id":"https:\/\/fjala.info\/2009-2015\/#\/schema\/person\/3aa1163ef05469c496fc94e77611ada2","name":"admin","image":{"@type":"ImageObject","inLanguage":"sq-AL","@id":"https:\/\/fjala.info\/2009-2015\/wp-content\/uploads\/2012\/02\/arben_cokaj-120x150.jpg","url":"https:\/\/fjala.info\/2009-2015\/wp-content\/uploads\/2012\/02\/arben_cokaj-120x150.jpg","contentUrl":"https:\/\/fjala.info\/2009-2015\/wp-content\/uploads\/2012\/02\/arben_cokaj-120x150.jpg","caption":"admin"},"description":"Admin, Fjala e Lir\u00eb","sameAs":["https:\/\/fjala.info\/"],"url":"https:\/\/fjala.info\/2009-2015\/author\/admin\/"}]}},"_links":{"self":[{"href":"https:\/\/fjala.info\/2009-2015\/wp-json\/wp\/v2\/posts\/5223","targetHints":{"allow":["GET"]}}],"collection":[{"href":"https:\/\/fjala.info\/2009-2015\/wp-json\/wp\/v2\/posts"}],"about":[{"href":"https:\/\/fjala.info\/2009-2015\/wp-json\/wp\/v2\/types\/post"}],"author":[{"embeddable":true,"href":"https:\/\/fjala.info\/2009-2015\/wp-json\/wp\/v2\/users\/1"}],"replies":[{"embeddable":true,"href":"https:\/\/fjala.info\/2009-2015\/wp-json\/wp\/v2\/comments?post=5223"}],"version-history":[{"count":0,"href":"https:\/\/fjala.info\/2009-2015\/wp-json\/wp\/v2\/posts\/5223\/revisions"}],"wp:attachment":[{"href":"https:\/\/fjala.info\/2009-2015\/wp-json\/wp\/v2\/media?parent=5223"}],"wp:term":[{"taxonomy":"category","embeddable":true,"href":"https:\/\/fjala.info\/2009-2015\/wp-json\/wp\/v2\/categories?post=5223"},{"taxonomy":"post_tag","embeddable":true,"href":"https:\/\/fjala.info\/2009-2015\/wp-json\/wp\/v2\/tags?post=5223"}],"curies":[{"name":"wp","href":"https:\/\/api.w.org\/{rel}","templated":true}]}}