{"id":5220,"date":"2012-09-30T21:48:51","date_gmt":"2012-09-30T20:48:51","guid":{"rendered":"http:\/\/www.fjala.info\/?p=5220"},"modified":"2012-09-30T21:48:51","modified_gmt":"2012-09-30T20:48:51","slug":"ndoshta-nuk-kane-vdekur","status":"publish","type":"post","link":"https:\/\/fjala.info\/2009-2015\/ndoshta-nuk-kane-vdekur\/","title":{"rendered":"Ndoshta nuk kan\u00eb vdekur"},"content":{"rendered":"<p><img decoding=\"async\" class=\"alignright size-thumbnail wp-image-7236\" title=\"Andi Kananaj\" src=\"http:\/\/www.fjala.info\/2012\/andi_kananaj.jpg\" alt=\"\" width=\"150\" \/> <strong>Andi Kananaj<\/strong>, <em>30 Shtator 2012<\/em><\/p>\n<p>Sikur Haxhi Qamilin ta kisha komshi dhe t\u00eb m\u00eb bezdiste vet\u00ebm n\u00eb ashensor si shum\u00eb t\u00eb tjer\u00eb rregullisht, do b\u00ebja si do b\u00ebja duke num\u00ebruar katet pa folur. Nuk do t\u00eb prekesha nga rimish\u00ebrimi i tij n\u00eb nj\u00eb pronar toke n\u00eb Shijak, Fark\u00eb apo dhe n\u00eb periferi t\u00eb Tiran\u00ebs (q\u00eb tani \u00ebsht\u00eb pag\u00ebzuar si Komuna e Parisit) e aq m\u00eb keq, t\u00eb hidhja ndonj\u00eb rresht p\u00ebr t\u00eb. Edhe n\u00ebse Esat Pash\u00eb Toptani do t\u00eb merrte tokat dhe do t\u2019i ankohej \u00e7do dit\u00eb t\u00eb zotit (t\u00eb tij) tek emisioni i Robert Pap\u00ebs p\u00ebr komunizmin, t\u00ebrr s\u2019do t\u00eb ma b\u00ebnte telekomanda, q\u00eb p\u00ebr sa m\u00eb p\u00ebrket, ekziston vet\u00ebm q\u00eb t\u00eb b\u00ebj\u00eb \u201cbutafourin\u201d virtual t\u00eb \u00e7do idioti televiziv. N\u00ebse Xhafer Deva do t\u00eb ishte prap\u00eb mes nesh, e k\u00ebt\u00eb her\u00eb jo me misionin e masakr\u00ebs n\u00eb em\u00ebr t\u00eb Hitlerit, por duke fituar buk\u00ebn si roje institucionesh, do mjaftohesha me nj\u00eb coprifuoco p\u00ebr t\u00eb.<\/p>\n<p>Por n\u00ebse do t\u00eb ngjallej si botues q\u00eb sillte librin e Fyhrerit, do t\u00eb fillonte t\u00eb m\u00eb bezdiste. Edhe e kuqja e k\u00ebtij libri do t\u00eb m\u00eb linte shije t\u00eb keqe. Gj\u00eb q\u00eb po ndodh n\u00eb nj\u00eb p\u00ebrmas\u00eb qesharake n\u00eb fakt, gjithsesi t\u00eb mjaftueshme p\u00ebr t\u00eb besuar se shpirti i kriminelit \u00ebsht\u00eb rikthyer me nj\u00eb trup t\u00eb ri. Deri k\u00ebtu, Zot i madh (i tyre), p\u00ebrs\u00ebri m\u00eb mbetet ve\u00e7 t\u00eb qahem pa ia shprehur frik\u00ebn time nj\u00eb njeriu me dy pare mend, meq\u00ebn\u00ebse s\u2019ke si ta ftillosh nj\u00eb mendim kur t\u00eb duhet t\u00eb argumentosh se dikush \u00ebsht\u00eb ringjallur. Po Darvini? Po serioziteti i t\u00eb qenit sy hapur edhe kur t\u00eb tjer\u00ebt d\u00ebgjojn\u00eb horoskopin? P\u00ebr fat t\u00eb keq, askush nuk t\u00eb beson edhe kur e di me siguri, e jo m\u00eb kur ngre hipoteza. Arsye pse po i shtoj ca doza letrare dyshimit tim legjitim.<br \/>\n\u2026<br \/>\n<strong>Haxhi Qamili, si Kryeministri, m\u00eb ka ardhur n\u00eb maj\u00eb t\u00eb hund\u00ebs<\/strong><br \/>\nSaliu, ky njoh\u00ebs i mir\u00eb i frik\u00ebs njer\u00ebzore, nd\u00ebrsa hedh n\u00eb veprim teorin\u00eb se bijt\u00eb e baballar\u00ebve jan\u00eb p\u00ebrs\u00ebri n\u00eb pushtet e se Blloku i dikursh\u00ebm po b\u00ebn k\u00ebrdin\u00eb me tregti dhe pushime n\u00eb Antalia, l\u00eb si padashur n\u00eb hije t\u00eb kaluar\u00ebn e vet kur sh\u00ebrbente si mat\u00ebs pulsi dhe koordinues aortash i atyre et\u00ebrve. Edhe sot, kur disiplinon nga nevoja dhe urgjenca zhurmat e Tiran\u00ebs, e b\u00ebn me besnik\u00ebri, bazuar n\u00eb t\u00eb nj\u00ebjt\u00ebn shp\u00ebrndarje gjeografike t\u00eb vlerave. Gjum\u00eb t\u00eb \u00ebmb\u00ebl bllokmen\u00eb. Mund t\u00eb jet\u00eb rast\u00ebsi? \u00c7\u2019r\u00ebnd\u00ebsi ka? Fakti q\u00eb Sala president theu embargon dhe \u00e7oi naft\u00eb p\u00ebr Milloshevi\u00e7in \u00ebsht\u00eb rast\u00ebsi po aq e rrezikshme.<\/p>\n<p>Por p\u00ebr k\u00ebt\u00eb nuk flet njeri, si t\u00eb ishte histori fantazmash. Rast\u00ebsi e rrezikshme \u00ebsht\u00eb q\u00eb Berisha ishte kund\u00ebr takimit n\u00eb Rambuje, por edhe kjo histori \u00ebsht\u00eb mbuluar me sipar prestigjator\u00ebsh. Nd\u00ebrkoh\u00eb q\u00eb p\u00ebr Bregovi\u00e7in dhe \u00e7elsin e Tiran\u00ebs memoria kolektive kishte tjet\u00ebr trajektore. Tam-tam\u00ebt p\u00ebr ta d\u00ebgjohen ende. E pabesueshme se si muzika u b\u00eb me vras\u00ebse se benzina q\u00eb l\u00ebviz me kilometra grykat e topave; se si sol bemoli i daulleve ishte m\u00eb kriminal se ndihma q\u00eb iu dha kamionit me ushtar\u00eb q\u00eb p\u00ebrparonte p\u00ebr t\u00eb p\u00ebrdhunuar e vrar\u00eb n\u00eb fshatrat e Bosnj\u00ebs. Mungonte ve\u00e7 t\u00eb \u00e7onte Gazideden t\u2019i jepte nj\u00eb dor\u00eb nga pas.<\/p>\n<p>Fazlli\u00e7i humbi mes faqeve t\u00eb tatimeve. Nuk u fol m\u00eb p\u00ebr k\u00ebt\u00eb sekser ballkanik. Shteti ligjor? Je n\u00eb terezi? Jo po si n\u00eb Paris! 50 milion\u00eb euro t\u00eb deklaruara n\u00eb nj\u00eb vit. Sa banane do t\u00eb ket\u00eb shitur vall\u00eb? Sa banane ham\u00eb ne si popull? Sa t\u00eb tilla duhet t\u00eb hash q\u00eb t\u00eb kthehesh me meritokraci n\u00eb koh\u00ebn e majmun\u00ebve?<\/p>\n<p>Firmat pa fund t\u00eb Fazlli\u00e7it, plus nj\u00eb lidhje tregtie perverse me kunatin e Lulit. Nj\u00eb kunat i kunatit q\u00eb vjen n\u00eb das\u00ebm p\u00ebr t\u2019u vjedhur atyre q\u00eb mund ta mbrojn\u00eb veten vet\u00ebm me memorie, se shteti ua ka varur me koh\u00eb. Pastaj shitja e Albpetrolit bashk\u00eb me sovranitetin e n\u00ebntok\u00ebs, matja kopile e metrave n\u00eb kufirin me Greqin\u00eb, moskoordinimi me Kosov\u00ebn p\u00ebr energjin\u00eb\u2026 I nj\u00ebjti njeri si koincidenc\u00eb ciklike, monoton si vampir i s\u00eb premtes 13.<br \/>\n\u2026<br \/>\n<strong>Haxhi Qamili si metafor\u00eb dhe Berisha q\u00eb zb\u00ebrthen metafor\u00ebn n\u00eb koh\u00eb dhe n\u00eb hap\u00ebsir\u00eb<\/strong><br \/>\nPo t\u00eb ishte ende gjall\u00eb sot Haxhi Qamili, me siguri do t\u00eb kishte nd\u00ebrruar gjuh\u00eb. Do t\u00eb fliste p\u00ebr integrim evropian. Si t\u00eb gjith\u00eb. Sa m\u00eb shum\u00eb ta b\u00ebnte aq m\u00eb pak do ta besonte. Nj\u00eblloj si Kryeministri i sot\u00ebm, ai do t\u00eb poziciononte ushtar\u00ebt e tij n\u00eb pika strategjike. K\u00ebt\u00eb do ta b\u00ebnte q\u00eb t\u00eb sigurohej se t\u00eb gjith\u00eb do ta donin bab\u00ebn e ngadalsh\u00ebm. Mundet q\u00eb edhe t\u2019i pag\u00ebzonte Gert-Bogdan\u00eb n\u00ebse do ta shihte t\u00eb arsyeshme. Kjo p\u00ebr t\u00eb mos prishur ritmin rraskapit\u00ebs dy kafe \u2013 nj\u00eb cinare t\u00eb PD-s\u00eb.<\/p>\n<p>Si hileqar i motit, do t\u00eb niste dhurata n\u00ebp\u00ebr Evrop\u00eb. Aty do t\u00eb qahej sa t\u00eb mundej se Princ Vidi nuk e donte integrimin e Shqip\u00ebris\u00eb. N\u00eb Shijak nuk do ta besonte njeri, por do ta shihnin si njeriun e tyre duke performuar k\u00ebsisoj besim. Kjo do ta \u00e7onte Haxhiun n\u00eb drejtimin q\u00eb ka vajtur \u00e7do Kryeminist\u00ebr i k\u00ebtij vendi, n\u00eb ngasjen sadiste p\u00ebr ta keq\u00ebsuar situat\u00ebn. N\u00ebse do t\u00eb varej prej tij, do t\u00eb b\u00ebnte krejt t\u00eb kund\u00ebrt\u00ebn e t\u00eb nevojshmes. E p\u00ebr k\u00ebt\u00eb do t\u00eb ndihej krenar. T\u00eb vet\u00ebt do t\u2019ia vler\u00ebsonin forc\u00ebn n\u00eb at\u00eb pik\u00eb sa gjith\u00e7ka tjet\u00ebr do t\u00eb dukej e pakuptimt\u00eb.<\/p>\n<p>N\u00eb fakt Haxhi Qamili nuk e pati t\u00eb gjat\u00eb, gj\u00eb q\u00eb nuk i dha asnj\u00ebher\u00eb mund\u00ebsin\u00eb t\u00eb \u00e7ohej n\u00eb nivelet e Kryeministrit t\u00eb sot\u00ebm. Ndoshta kjo e b\u00ebri t\u00eb rilindte, k\u00ebt\u00eb her\u00eb diku tjet\u00ebr anagrafikisht, e prap\u00eb nga prind\u00ebr t\u00eb panjohur p\u00ebr publikun. T\u00eb pam\u00ebshirsh\u00ebm dhe t\u00eb qart\u00eb, si\u00e7 mund t\u00eb jen\u00eb vet\u00ebm ata q\u00eb kan\u00eb patur dy jet\u00eb p\u00ebr t\u00eb jetuar. Aq sa t\u00eb vjen natyrsh\u00ebm t\u00eb mendosh se ndoshta nuk kan\u00eb vdekur v\u00ebrtet\u00eb. Ndoshta nuk vdesin kurr\u00eb.<br \/>\n\u2026<br \/>\nHer\u00ebn e fundit q\u00eb mendova p\u00ebr pun\u00ebt e t\u00eb p\u00ebrtejmes, kam qen\u00eb 10 vje\u00e7. Tre jav\u00eb m\u00eb von\u00eb vdiq Enver Hoxha. Pas k\u00ebtij episodi t\u00eb them t\u00eb drejt\u00ebn, e kam patur t\u00eb v\u00ebshtir\u00eb t\u00eb besoj n\u00eb t\u00eb p\u00ebrjetshmen. Herkulin po e po, por edhe Jezusin e kam par\u00eb me dyshimin e arsyesh\u00ebm se ndoshta ringjallja e tij ishte nj\u00eb m\u00ebnyr\u00eb p\u00ebr t\u00eb krijuar shpres\u00ebn. Fakti n\u00ebse u ngrit apo jo n\u00eb k\u00ebmb\u00eb ishte i par\u00ebnd\u00ebsish\u00ebm. Kjo m\u00ebnyr\u00eb t\u00eb menduari rizgjohet sa her\u00eb m\u00eb del p\u00ebrpara Sala. N\u00ebse ai ka vdekur nj\u00ebher\u00eb dhe di si t\u00eb ringjallet, e ardhmja e k\u00ebtij kombi \u00ebsht\u00eb automatikisht n\u00eb pik\u00ebpyetje. Ndoshta nuk duhet t\u00eb presim t\u00eb vdes\u00eb Kryeministri. Duhet ta \u00e7memorizojm\u00eb politikisht me vot\u00eb dhe m\u00eb pas ta harrojm\u00eb, si\u00e7 kemi harruar gjithmon\u00eb. K\u00ebt\u00eb her\u00eb duhet ta b\u00ebjm\u00eb p\u00ebrfundimisht, e t\u00eb zgjohemi m\u00eb n\u00eb fund pas 100 vjet\u00ebsh vetmi mu n\u00eb zem\u00ebr t\u00eb kontinentit.<\/p>\n","protected":false},"excerpt":{"rendered":"<p>Andi Kananaj, 30 Shtator 2012 Sikur Haxhi Qamilin ta kisha komshi dhe t\u00eb m\u00eb bezdiste vet\u00ebm n\u00eb ashensor si shum\u00eb t\u00eb tjer\u00eb rregullisht, do b\u00ebja si do b\u00ebja duke num\u00ebruar katet pa folur. Nuk do t\u00eb prekesha nga rimish\u00ebrimi i tij n\u00eb nj\u00eb pronar toke n\u00eb Shijak, Fark\u00eb apo dhe n\u00eb periferi t\u00eb Tiran\u00ebs (q\u00eb [&hellip;]<\/p>\n","protected":false},"author":1,"featured_media":0,"comment_status":"open","ping_status":"closed","sticky":false,"template":"","format":"standard","meta":{"footnotes":""},"categories":[2],"tags":[],"class_list":{"0":"post-5220","1":"post","2":"type-post","3":"status-publish","4":"format-standard","6":"category-artikuj"},"yoast_head":"<!-- This site is optimized with the Yoast SEO plugin v27.4 - https:\/\/yoast.com\/product\/yoast-seo-wordpress\/ -->\n<title>Ndoshta nuk kan\u00eb vdekur - FjALA e LIR\u00cb - Arkivi<\/title>\n<meta name=\"robots\" content=\"index, follow, max-snippet:-1, max-image-preview:large, max-video-preview:-1\" \/>\n<link rel=\"canonical\" href=\"https:\/\/fjala.info\/2009-2015\/ndoshta-nuk-kane-vdekur\/\" \/>\n<meta property=\"og:locale\" content=\"sq_AL\" \/>\n<meta property=\"og:type\" content=\"article\" \/>\n<meta property=\"og:title\" content=\"Ndoshta nuk kan\u00eb vdekur - FjALA e LIR\u00cb - Arkivi\" \/>\n<meta property=\"og:description\" content=\"Andi Kananaj, 30 Shtator 2012 Sikur Haxhi Qamilin ta kisha komshi dhe t\u00eb m\u00eb bezdiste vet\u00ebm n\u00eb ashensor si shum\u00eb t\u00eb tjer\u00eb rregullisht, do b\u00ebja si do b\u00ebja duke num\u00ebruar katet pa folur. Nuk do t\u00eb prekesha nga rimish\u00ebrimi i tij n\u00eb nj\u00eb pronar toke n\u00eb Shijak, Fark\u00eb apo dhe n\u00eb periferi t\u00eb Tiran\u00ebs (q\u00eb [&hellip;]\" \/>\n<meta property=\"og:url\" content=\"https:\/\/fjala.info\/2009-2015\/ndoshta-nuk-kane-vdekur\/\" \/>\n<meta property=\"og:site_name\" content=\"FjALA e LIR\u00cb - Arkivi\" \/>\n<meta property=\"article:published_time\" content=\"2012-09-30T20:48:51+00:00\" \/>\n<meta property=\"og:image\" content=\"http:\/\/www.fjala.info\/2012\/andi_kananaj.jpg\" \/>\n<meta name=\"author\" content=\"admin\" \/>\n<meta name=\"twitter:card\" content=\"summary_large_image\" \/>\n<meta name=\"twitter:label1\" content=\"Written by\" \/>\n\t<meta name=\"twitter:data1\" content=\"admin\" \/>\n\t<meta name=\"twitter:label2\" content=\"Est. reading time\" \/>\n\t<meta name=\"twitter:data2\" content=\"6 minutes\" \/>\n<script type=\"application\/ld+json\" class=\"yoast-schema-graph\">{\"@context\":\"https:\\\/\\\/schema.org\",\"@graph\":[{\"@type\":\"Article\",\"@id\":\"https:\\\/\\\/fjala.info\\\/2009-2015\\\/ndoshta-nuk-kane-vdekur\\\/#article\",\"isPartOf\":{\"@id\":\"https:\\\/\\\/fjala.info\\\/2009-2015\\\/ndoshta-nuk-kane-vdekur\\\/\"},\"author\":{\"name\":\"admin\",\"@id\":\"https:\\\/\\\/fjala.info\\\/2009-2015\\\/#\\\/schema\\\/person\\\/3aa1163ef05469c496fc94e77611ada2\"},\"headline\":\"Ndoshta nuk kan\u00eb vdekur\",\"datePublished\":\"2012-09-30T20:48:51+00:00\",\"mainEntityOfPage\":{\"@id\":\"https:\\\/\\\/fjala.info\\\/2009-2015\\\/ndoshta-nuk-kane-vdekur\\\/\"},\"wordCount\":1277,\"commentCount\":0,\"publisher\":{\"@id\":\"https:\\\/\\\/fjala.info\\\/2009-2015\\\/#organization\"},\"image\":{\"@id\":\"https:\\\/\\\/fjala.info\\\/2009-2015\\\/ndoshta-nuk-kane-vdekur\\\/#primaryimage\"},\"thumbnailUrl\":\"http:\\\/\\\/www.fjala.info\\\/2012\\\/andi_kananaj.jpg\",\"articleSection\":[\"Artikuj\"],\"inLanguage\":\"sq-AL\",\"potentialAction\":[{\"@type\":\"CommentAction\",\"name\":\"Comment\",\"target\":[\"https:\\\/\\\/fjala.info\\\/2009-2015\\\/ndoshta-nuk-kane-vdekur\\\/#respond\"]}]},{\"@type\":\"WebPage\",\"@id\":\"https:\\\/\\\/fjala.info\\\/2009-2015\\\/ndoshta-nuk-kane-vdekur\\\/\",\"url\":\"https:\\\/\\\/fjala.info\\\/2009-2015\\\/ndoshta-nuk-kane-vdekur\\\/\",\"name\":\"Ndoshta nuk kan\u00eb vdekur - FjALA e LIR\u00cb - Arkivi\",\"isPartOf\":{\"@id\":\"https:\\\/\\\/fjala.info\\\/2009-2015\\\/#website\"},\"primaryImageOfPage\":{\"@id\":\"https:\\\/\\\/fjala.info\\\/2009-2015\\\/ndoshta-nuk-kane-vdekur\\\/#primaryimage\"},\"image\":{\"@id\":\"https:\\\/\\\/fjala.info\\\/2009-2015\\\/ndoshta-nuk-kane-vdekur\\\/#primaryimage\"},\"thumbnailUrl\":\"http:\\\/\\\/www.fjala.info\\\/2012\\\/andi_kananaj.jpg\",\"datePublished\":\"2012-09-30T20:48:51+00:00\",\"breadcrumb\":{\"@id\":\"https:\\\/\\\/fjala.info\\\/2009-2015\\\/ndoshta-nuk-kane-vdekur\\\/#breadcrumb\"},\"inLanguage\":\"sq-AL\",\"potentialAction\":[{\"@type\":\"ReadAction\",\"target\":[\"https:\\\/\\\/fjala.info\\\/2009-2015\\\/ndoshta-nuk-kane-vdekur\\\/\"]}]},{\"@type\":\"ImageObject\",\"inLanguage\":\"sq-AL\",\"@id\":\"https:\\\/\\\/fjala.info\\\/2009-2015\\\/ndoshta-nuk-kane-vdekur\\\/#primaryimage\",\"url\":\"http:\\\/\\\/www.fjala.info\\\/2012\\\/andi_kananaj.jpg\",\"contentUrl\":\"http:\\\/\\\/www.fjala.info\\\/2012\\\/andi_kananaj.jpg\"},{\"@type\":\"BreadcrumbList\",\"@id\":\"https:\\\/\\\/fjala.info\\\/2009-2015\\\/ndoshta-nuk-kane-vdekur\\\/#breadcrumb\",\"itemListElement\":[{\"@type\":\"ListItem\",\"position\":1,\"name\":\"Home\",\"item\":\"https:\\\/\\\/fjala.info\\\/2009-2015\\\/\"},{\"@type\":\"ListItem\",\"position\":2,\"name\":\"Ndoshta nuk kan\u00eb vdekur\"}]},{\"@type\":\"WebSite\",\"@id\":\"https:\\\/\\\/fjala.info\\\/2009-2015\\\/#website\",\"url\":\"https:\\\/\\\/fjala.info\\\/2009-2015\\\/\",\"name\":\"FjALA e LIR\u00cb - Arkivi\",\"description\":\"Arkivi 2009-2015\",\"publisher\":{\"@id\":\"https:\\\/\\\/fjala.info\\\/2009-2015\\\/#organization\"},\"potentialAction\":[{\"@type\":\"SearchAction\",\"target\":{\"@type\":\"EntryPoint\",\"urlTemplate\":\"https:\\\/\\\/fjala.info\\\/2009-2015\\\/?s={search_term_string}\"},\"query-input\":{\"@type\":\"PropertyValueSpecification\",\"valueRequired\":true,\"valueName\":\"search_term_string\"}}],\"inLanguage\":\"sq-AL\"},{\"@type\":\"Organization\",\"@id\":\"https:\\\/\\\/fjala.info\\\/2009-2015\\\/#organization\",\"name\":\"FjALA e LIR\u00cb - Arkivi\",\"url\":\"https:\\\/\\\/fjala.info\\\/2009-2015\\\/\",\"logo\":{\"@type\":\"ImageObject\",\"inLanguage\":\"sq-AL\",\"@id\":\"https:\\\/\\\/fjala.info\\\/2009-2015\\\/#\\\/schema\\\/logo\\\/image\\\/\",\"url\":\"\",\"contentUrl\":\"\",\"caption\":\"FjALA e LIR\u00cb - Arkivi\"},\"image\":{\"@id\":\"https:\\\/\\\/fjala.info\\\/2009-2015\\\/#\\\/schema\\\/logo\\\/image\\\/\"}},{\"@type\":\"Person\",\"@id\":\"https:\\\/\\\/fjala.info\\\/2009-2015\\\/#\\\/schema\\\/person\\\/3aa1163ef05469c496fc94e77611ada2\",\"name\":\"admin\",\"image\":{\"@type\":\"ImageObject\",\"inLanguage\":\"sq-AL\",\"@id\":\"https:\\\/\\\/fjala.info\\\/2009-2015\\\/wp-content\\\/uploads\\\/2012\\\/02\\\/arben_cokaj-120x150.jpg\",\"url\":\"https:\\\/\\\/fjala.info\\\/2009-2015\\\/wp-content\\\/uploads\\\/2012\\\/02\\\/arben_cokaj-120x150.jpg\",\"contentUrl\":\"https:\\\/\\\/fjala.info\\\/2009-2015\\\/wp-content\\\/uploads\\\/2012\\\/02\\\/arben_cokaj-120x150.jpg\",\"caption\":\"admin\"},\"description\":\"Admin, Fjala e Lir\u00eb\",\"sameAs\":[\"https:\\\/\\\/fjala.info\\\/\"],\"url\":\"https:\\\/\\\/fjala.info\\\/2009-2015\\\/author\\\/admin\\\/\"}]}<\/script>\n<!-- \/ Yoast SEO plugin. -->","yoast_head_json":{"title":"Ndoshta nuk kan\u00eb vdekur - FjALA e LIR\u00cb - Arkivi","robots":{"index":"index","follow":"follow","max-snippet":"max-snippet:-1","max-image-preview":"max-image-preview:large","max-video-preview":"max-video-preview:-1"},"canonical":"https:\/\/fjala.info\/2009-2015\/ndoshta-nuk-kane-vdekur\/","og_locale":"sq_AL","og_type":"article","og_title":"Ndoshta nuk kan\u00eb vdekur - FjALA e LIR\u00cb - Arkivi","og_description":"Andi Kananaj, 30 Shtator 2012 Sikur Haxhi Qamilin ta kisha komshi dhe t\u00eb m\u00eb bezdiste vet\u00ebm n\u00eb ashensor si shum\u00eb t\u00eb tjer\u00eb rregullisht, do b\u00ebja si do b\u00ebja duke num\u00ebruar katet pa folur. Nuk do t\u00eb prekesha nga rimish\u00ebrimi i tij n\u00eb nj\u00eb pronar toke n\u00eb Shijak, Fark\u00eb apo dhe n\u00eb periferi t\u00eb Tiran\u00ebs (q\u00eb [&hellip;]","og_url":"https:\/\/fjala.info\/2009-2015\/ndoshta-nuk-kane-vdekur\/","og_site_name":"FjALA e LIR\u00cb - Arkivi","article_published_time":"2012-09-30T20:48:51+00:00","og_image":[{"url":"http:\/\/www.fjala.info\/2012\/andi_kananaj.jpg","type":"","width":"","height":""}],"author":"admin","twitter_card":"summary_large_image","twitter_misc":{"Written by":"admin","Est. reading time":"6 minutes"},"schema":{"@context":"https:\/\/schema.org","@graph":[{"@type":"Article","@id":"https:\/\/fjala.info\/2009-2015\/ndoshta-nuk-kane-vdekur\/#article","isPartOf":{"@id":"https:\/\/fjala.info\/2009-2015\/ndoshta-nuk-kane-vdekur\/"},"author":{"name":"admin","@id":"https:\/\/fjala.info\/2009-2015\/#\/schema\/person\/3aa1163ef05469c496fc94e77611ada2"},"headline":"Ndoshta nuk kan\u00eb vdekur","datePublished":"2012-09-30T20:48:51+00:00","mainEntityOfPage":{"@id":"https:\/\/fjala.info\/2009-2015\/ndoshta-nuk-kane-vdekur\/"},"wordCount":1277,"commentCount":0,"publisher":{"@id":"https:\/\/fjala.info\/2009-2015\/#organization"},"image":{"@id":"https:\/\/fjala.info\/2009-2015\/ndoshta-nuk-kane-vdekur\/#primaryimage"},"thumbnailUrl":"http:\/\/www.fjala.info\/2012\/andi_kananaj.jpg","articleSection":["Artikuj"],"inLanguage":"sq-AL","potentialAction":[{"@type":"CommentAction","name":"Comment","target":["https:\/\/fjala.info\/2009-2015\/ndoshta-nuk-kane-vdekur\/#respond"]}]},{"@type":"WebPage","@id":"https:\/\/fjala.info\/2009-2015\/ndoshta-nuk-kane-vdekur\/","url":"https:\/\/fjala.info\/2009-2015\/ndoshta-nuk-kane-vdekur\/","name":"Ndoshta nuk kan\u00eb vdekur - FjALA e LIR\u00cb - Arkivi","isPartOf":{"@id":"https:\/\/fjala.info\/2009-2015\/#website"},"primaryImageOfPage":{"@id":"https:\/\/fjala.info\/2009-2015\/ndoshta-nuk-kane-vdekur\/#primaryimage"},"image":{"@id":"https:\/\/fjala.info\/2009-2015\/ndoshta-nuk-kane-vdekur\/#primaryimage"},"thumbnailUrl":"http:\/\/www.fjala.info\/2012\/andi_kananaj.jpg","datePublished":"2012-09-30T20:48:51+00:00","breadcrumb":{"@id":"https:\/\/fjala.info\/2009-2015\/ndoshta-nuk-kane-vdekur\/#breadcrumb"},"inLanguage":"sq-AL","potentialAction":[{"@type":"ReadAction","target":["https:\/\/fjala.info\/2009-2015\/ndoshta-nuk-kane-vdekur\/"]}]},{"@type":"ImageObject","inLanguage":"sq-AL","@id":"https:\/\/fjala.info\/2009-2015\/ndoshta-nuk-kane-vdekur\/#primaryimage","url":"http:\/\/www.fjala.info\/2012\/andi_kananaj.jpg","contentUrl":"http:\/\/www.fjala.info\/2012\/andi_kananaj.jpg"},{"@type":"BreadcrumbList","@id":"https:\/\/fjala.info\/2009-2015\/ndoshta-nuk-kane-vdekur\/#breadcrumb","itemListElement":[{"@type":"ListItem","position":1,"name":"Home","item":"https:\/\/fjala.info\/2009-2015\/"},{"@type":"ListItem","position":2,"name":"Ndoshta nuk kan\u00eb vdekur"}]},{"@type":"WebSite","@id":"https:\/\/fjala.info\/2009-2015\/#website","url":"https:\/\/fjala.info\/2009-2015\/","name":"FjALA e LIR\u00cb - Arkivi","description":"Arkivi 2009-2015","publisher":{"@id":"https:\/\/fjala.info\/2009-2015\/#organization"},"potentialAction":[{"@type":"SearchAction","target":{"@type":"EntryPoint","urlTemplate":"https:\/\/fjala.info\/2009-2015\/?s={search_term_string}"},"query-input":{"@type":"PropertyValueSpecification","valueRequired":true,"valueName":"search_term_string"}}],"inLanguage":"sq-AL"},{"@type":"Organization","@id":"https:\/\/fjala.info\/2009-2015\/#organization","name":"FjALA e LIR\u00cb - Arkivi","url":"https:\/\/fjala.info\/2009-2015\/","logo":{"@type":"ImageObject","inLanguage":"sq-AL","@id":"https:\/\/fjala.info\/2009-2015\/#\/schema\/logo\/image\/","url":"","contentUrl":"","caption":"FjALA e LIR\u00cb - Arkivi"},"image":{"@id":"https:\/\/fjala.info\/2009-2015\/#\/schema\/logo\/image\/"}},{"@type":"Person","@id":"https:\/\/fjala.info\/2009-2015\/#\/schema\/person\/3aa1163ef05469c496fc94e77611ada2","name":"admin","image":{"@type":"ImageObject","inLanguage":"sq-AL","@id":"https:\/\/fjala.info\/2009-2015\/wp-content\/uploads\/2012\/02\/arben_cokaj-120x150.jpg","url":"https:\/\/fjala.info\/2009-2015\/wp-content\/uploads\/2012\/02\/arben_cokaj-120x150.jpg","contentUrl":"https:\/\/fjala.info\/2009-2015\/wp-content\/uploads\/2012\/02\/arben_cokaj-120x150.jpg","caption":"admin"},"description":"Admin, Fjala e Lir\u00eb","sameAs":["https:\/\/fjala.info\/"],"url":"https:\/\/fjala.info\/2009-2015\/author\/admin\/"}]}},"_links":{"self":[{"href":"https:\/\/fjala.info\/2009-2015\/wp-json\/wp\/v2\/posts\/5220","targetHints":{"allow":["GET"]}}],"collection":[{"href":"https:\/\/fjala.info\/2009-2015\/wp-json\/wp\/v2\/posts"}],"about":[{"href":"https:\/\/fjala.info\/2009-2015\/wp-json\/wp\/v2\/types\/post"}],"author":[{"embeddable":true,"href":"https:\/\/fjala.info\/2009-2015\/wp-json\/wp\/v2\/users\/1"}],"replies":[{"embeddable":true,"href":"https:\/\/fjala.info\/2009-2015\/wp-json\/wp\/v2\/comments?post=5220"}],"version-history":[{"count":0,"href":"https:\/\/fjala.info\/2009-2015\/wp-json\/wp\/v2\/posts\/5220\/revisions"}],"wp:attachment":[{"href":"https:\/\/fjala.info\/2009-2015\/wp-json\/wp\/v2\/media?parent=5220"}],"wp:term":[{"taxonomy":"category","embeddable":true,"href":"https:\/\/fjala.info\/2009-2015\/wp-json\/wp\/v2\/categories?post=5220"},{"taxonomy":"post_tag","embeddable":true,"href":"https:\/\/fjala.info\/2009-2015\/wp-json\/wp\/v2\/tags?post=5220"}],"curies":[{"name":"wp","href":"https:\/\/api.w.org\/{rel}","templated":true}]}}