{"id":5217,"date":"2010-12-14T21:19:04","date_gmt":"2010-12-14T20:19:04","guid":{"rendered":"http:\/\/fjala.shkoder.net\/?p=5217"},"modified":"2010-12-14T21:19:04","modified_gmt":"2010-12-14T20:19:04","slug":"jashtezakonisht-normale","status":"publish","type":"post","link":"https:\/\/fjala.info\/2009-2015\/jashtezakonisht-normale\/","title":{"rendered":"Jasht\u00ebzakonisht normale!"},"content":{"rendered":"<p><img loading=\"lazy\" decoding=\"async\" class=\"alignright size-full wp-image-5218\" title=\"Beq\u00eb Cufaj\" src=\"http:\/\/fjala.shkoder.net\/wp-content\/uploads\/2010\/12\/beqe_cufaj.jpg\" alt=\"\" width=\"150\" height=\"150\" \/><br \/>\nNga <strong>Beq\u00eb Cufaj<\/strong><\/p>\n<p>Po qe se lexohen lajmet kur hapen gazetat e bot\u00ebs n\u00eb mesnat\u00ebn dhe or\u00ebt e para t\u00eb m\u00ebngjesit t\u00eb s\u00eb h\u00ebn\u00ebs, shihet q\u00eb p\u00ebr procesin zgjedhor t\u00eb mbajtur me dat\u00ebn 12 dhjetor n\u00eb Republik\u00ebn e Kosov\u00ebs ka vet\u00ebm fjal\u00eb t\u00eb mira.<\/p>\n<p>Zgjedhjet e para t\u00eb organizuara me forca vetjake n\u00eb shtetin m\u00eb t\u00eb ri t\u00eb bot\u00ebs kaluan pa ndonj\u00eb problem t\u00eb madh, ose me incidente t\u00eb vogla, t\u00eb cilat nuk kan\u00eb rezultuar t\u00eb jen\u00eb fatale p\u00ebr rezultatin \u2013 \u00ebsht\u00eb toni i raportimit p\u00ebr ecurin\u00eb. N\u00eb syt\u00eb e opinionit per\u00ebndimor, pra, populli dhe qytetar\u00ebt e vendit edhe dje kaluan nj\u00eb provim, i cili p\u00ebr imazhin e Republik\u00ebs patjet\u00ebr q\u00eb kishte dhe ka nj\u00eb r\u00ebnd\u00ebsi jetike.<\/p>\n<p>Por, n\u00eb m\u00ebnyr\u00eb tashm\u00eb klasike dhe sa her\u00eb q\u00eb n\u00eb Kosov\u00eb mbahen zgjedhje t\u00eb t\u00eb gjitha niveleve, t\u00ebr\u00eb dita shkon si e m\u00eb mir\u00eb deri n\u00eb or\u00ebt e para t\u00eb mbr\u00ebmjes kur fillohet me zbulimet q\u00eb dalin n\u00eb drit\u00eb. Pa p\u00ebrjashtim, kjo gj\u00eb, ngjau edhe mbr\u00ebmjen e 12 dhjetorit t\u00eb vitit 2010.<\/p>\n<p>Partia Demokratike e Kosov\u00ebs (PDK) u \u201cprojektua\u201d dhe m\u00eb pas edhe shpalli veten fituese. Kurse krejt partit\u00eb e tjera po n\u00eb mbr\u00ebmje dhe gjat\u00eb t\u00ebr\u00eb nat\u00ebs jo vet\u00ebm q\u00eb nuk e uruan at\u00eb, por u kujtuan ta zbulojn\u00eb q\u00eb ka pasur blerje t\u00eb vot\u00ebs, vjedhje t\u00eb vot\u00ebs, manipulim t\u00eb vot\u00ebs\u2026<\/p>\n<p>Fakti se si n\u00eb dy qendrat e Drenic\u00ebs \u2013 Sk\u00ebnderaj dhe Drenas, ka pasur dyfish m\u00eb shum\u00eb votues sesa mesatarja e vendbanimeve t\u00eb tjera jo vet\u00ebm q\u00eb zgjon asociacione p\u00ebr keqp\u00ebrdorime, por nuk ka si t\u00eb mos ket\u00eb ngjar\u00eb di\u00e7ka.<\/p>\n<p>Di\u00e7ka q\u00eb do t\u00eb mund ta quanim edhe: jasht\u00ebzakonisht normale!<\/p>\n<p>Pse? Sepse PDK-ja ka luajtur me numrin e sigurt. Bastionet e saj edhe ashtu t\u00eb sigurta i ka stolisur edhe me emrat e votuesve t\u00eb diaspor\u00ebs e edhe t\u00eb vdekurve, duke u siguruar k\u00ebshtu q\u00eb n\u00ebse nuk i ec\u00ebn n\u00eb rajone t\u00eb tjera, at\u00ebher\u00eb s\u00eb paku me Drenic\u00ebn e ka fitoren t\u00eb sigurt.<\/p>\n<p>Natyrisht q\u00eb faji nuk \u00ebsht\u00eb vet\u00ebm i PDK-s\u00eb p\u00ebr k\u00ebt\u00eb mund\u00ebsi manipulimi. Fajet po aq, n\u00eb mos edhe m\u00eb shum\u00eb i kan\u00eb edhe partit\u00eb e tjera, t\u00eb cilat po me PDK-n\u00eb ishin t\u00eb ulura edhe n\u00eb Komisionin p\u00ebr hartimin e reform\u00ebs zgjedhore e edhe n\u00eb Komisionin Qendror Zgjedhor, q\u00eb s\u2019\u00ebsht\u00eb gj\u00eb tjet\u00ebr pos nj\u00eb balance mes krejt spektrit politik t\u00eb Kosov\u00ebs.<\/p>\n<p>Ta b\u00ebjm\u00eb nj\u00eb pyetje t\u00eb sinqert\u00eb: n\u00ebse Republika e Kosov\u00ebs i paska n\u00eb listat e saj zgjedhore m\u00eb shum\u00eb se 1.6 milion zgjedh\u00ebs, at\u00ebher\u00eb matematikisht dhe logjikisht n\u00eb Kosov\u00eb u dashka t\u00eb jetojn\u00eb rreth 4 milion\u00eb banor\u00eb!<\/p>\n<p>Gj\u00eb kjo e cila nuk \u00ebsht\u00eb e v\u00ebrtet\u00eb, sepse shum\u00eb prej banor\u00ebve kan\u00eb vdekur e edhe m\u00eb tep\u00ebr jan\u00eb shp\u00ebrngulur n\u00eb vise t\u00eb ndryshme t\u00eb bot\u00ebs qe tri dekada me radh\u00eb prejse nuk ka pasur regjistrim.<\/p>\n<p>Pse, pse at\u00ebher\u00eb partit\u00eb politike t\u00eb p\u00ebrfaq\u00ebsuara n\u00eb tryezat me partin\u00eb m\u00eb t\u00eb madhe \u2013 PDK-n\u00eb, kan\u00eb pranuar t\u00eb futen n\u00eb zgjedhje pa u pastruar listat zgjedhore? Pa iu dh\u00ebn\u00eb e drejta diaspor\u00ebs q\u00eb t\u00eb votoj\u00eb n\u00eb ambasada, konsullata apo edhe me sistemin postar t\u00eb zgjedhjeve?<\/p>\n<p>Apo t\u00eb ken\u00eb menduar q\u00eb PDK-ja, e cila tash p\u00ebr tash e ka krejt logjistik\u00ebn shtet\u00ebrore n\u00eb dor\u00eb, nuk do t\u00eb shfryt\u00ebzonte k\u00ebt\u00eb dhe k\u00ebso p\u00ebrpar\u00ebsish?<\/p>\n<p>Zgjedhjet e 12 dhjetorit, sidomos n\u00eb Drenic\u00eb, do t\u00eb kontestohen nga pothuajse t\u00eb gjitha partit\u00eb, por jo nga PDK-ja. Sepse ajo duket q\u00eb nuk ka tentuar t\u2019ua vjedh\u00eb vot\u00ebn t\u00eb tjer\u00ebve. Por, ka b\u00ebr\u00eb \u00e7do gj\u00eb q\u00eb vetes t\u2019ia shtoj\u00eb at\u00eb. Me \u00e7do mjet.<\/p>\n<p>Tashti, kur partit\u00eb e tjera me n\u00eb krye LDK-n\u00eb, VV, AAK-n\u00eb, AKR-n\u00eb e FER-in t\u00eb fillojn\u00eb me procedura ligjore, PDK-ja do ta filloj\u00eb gjahun dhe ofensiv\u00ebn e sharmit. P\u00ebr ta gjetur partnerin e ardhsh\u00ebm p\u00ebr t\u00eb qeverisur me vendin. Se kush do t\u00eb jet\u00eb ky partner nuk e dim\u00eb sonte as sot. Por do ta marrim vesh shum\u00eb shpejt.<\/p>\n<p>Gjithsesi, \u00ebsht\u00eb koha dhe \u00e7asti i fundit q\u00eb partit\u00eb t\u00eb fillojn\u00eb ta kuptojn\u00eb q\u00eb pa krijuar nj\u00eb sistem zgjedhjesh, i cili bazohet n\u00eb ligj modern, komision profesionist e jo partiak zgjedhor, transparenc\u00eb financiare partiake, regjistrim adekuat t\u00eb popullsis\u00eb dhe para s\u00eb gjithash pastrim listash t\u00eb votuesve Kosova do t\u00eb vazhdoj\u00eb t\u00eb l\u00ebngoj\u00eb nga problemet si ky i 12 dhjetorit.<\/p>\n<p>Ose do t\u00eb vazhdojm\u00eb t\u00eb jetojm\u00eb mes gjendjeve q\u00eb prodhojn\u00eb zgjedhje t\u00eb jasht\u00ebzakonshme.<\/p>\n<p>Dhe normale!<\/p>\n","protected":false},"excerpt":{"rendered":"<p>Nga Beq\u00eb Cufaj Po qe se lexohen lajmet kur hapen gazetat e bot\u00ebs n\u00eb mesnat\u00ebn dhe or\u00ebt e para t\u00eb m\u00ebngjesit t\u00eb s\u00eb h\u00ebn\u00ebs, shihet q\u00eb p\u00ebr procesin zgjedhor t\u00eb mbajtur me dat\u00ebn 12 dhjetor n\u00eb Republik\u00ebn e Kosov\u00ebs ka vet\u00ebm fjal\u00eb t\u00eb mira. Zgjedhjet e para t\u00eb organizuara me forca vetjake n\u00eb shtetin m\u00eb [&hellip;]<\/p>\n","protected":false},"author":1,"featured_media":0,"comment_status":"open","ping_status":"closed","sticky":false,"template":"","format":"standard","meta":{"footnotes":""},"categories":[2],"tags":[],"class_list":{"0":"post-5217","1":"post","2":"type-post","3":"status-publish","4":"format-standard","6":"category-artikuj"},"yoast_head":"<!-- This site is optimized with the Yoast SEO plugin v27.4 - https:\/\/yoast.com\/product\/yoast-seo-wordpress\/ -->\n<title>Jasht\u00ebzakonisht normale! - FjALA e LIR\u00cb - Arkivi<\/title>\n<meta name=\"robots\" content=\"index, follow, max-snippet:-1, max-image-preview:large, max-video-preview:-1\" \/>\n<link rel=\"canonical\" href=\"https:\/\/fjala.info\/2009-2015\/jashtezakonisht-normale\/\" \/>\n<meta property=\"og:locale\" content=\"sq_AL\" \/>\n<meta property=\"og:type\" content=\"article\" \/>\n<meta property=\"og:title\" content=\"Jasht\u00ebzakonisht normale! - FjALA e LIR\u00cb - Arkivi\" \/>\n<meta property=\"og:description\" content=\"Nga Beq\u00eb Cufaj Po qe se lexohen lajmet kur hapen gazetat e bot\u00ebs n\u00eb mesnat\u00ebn dhe or\u00ebt e para t\u00eb m\u00ebngjesit t\u00eb s\u00eb h\u00ebn\u00ebs, shihet q\u00eb p\u00ebr procesin zgjedhor t\u00eb mbajtur me dat\u00ebn 12 dhjetor n\u00eb Republik\u00ebn e Kosov\u00ebs ka vet\u00ebm fjal\u00eb t\u00eb mira. Zgjedhjet e para t\u00eb organizuara me forca vetjake n\u00eb shtetin m\u00eb [&hellip;]\" \/>\n<meta property=\"og:url\" content=\"https:\/\/fjala.info\/2009-2015\/jashtezakonisht-normale\/\" \/>\n<meta property=\"og:site_name\" content=\"FjALA e LIR\u00cb - Arkivi\" \/>\n<meta property=\"article:published_time\" content=\"2010-12-14T20:19:04+00:00\" \/>\n<meta property=\"og:image\" content=\"http:\/\/fjala.shkoder.net\/wp-content\/uploads\/2010\/12\/beqe_cufaj.jpg\" \/>\n<meta name=\"author\" content=\"admin\" \/>\n<meta name=\"twitter:card\" content=\"summary_large_image\" \/>\n<meta name=\"twitter:label1\" content=\"Written by\" \/>\n\t<meta name=\"twitter:data1\" content=\"admin\" \/>\n\t<meta name=\"twitter:label2\" content=\"Est. reading time\" \/>\n\t<meta name=\"twitter:data2\" content=\"4 minutes\" \/>\n<script type=\"application\/ld+json\" class=\"yoast-schema-graph\">{\"@context\":\"https:\\\/\\\/schema.org\",\"@graph\":[{\"@type\":\"Article\",\"@id\":\"https:\\\/\\\/fjala.info\\\/2009-2015\\\/jashtezakonisht-normale\\\/#article\",\"isPartOf\":{\"@id\":\"https:\\\/\\\/fjala.info\\\/2009-2015\\\/jashtezakonisht-normale\\\/\"},\"author\":{\"name\":\"admin\",\"@id\":\"https:\\\/\\\/fjala.info\\\/2009-2015\\\/#\\\/schema\\\/person\\\/3aa1163ef05469c496fc94e77611ada2\"},\"headline\":\"Jasht\u00ebzakonisht normale!\",\"datePublished\":\"2010-12-14T20:19:04+00:00\",\"mainEntityOfPage\":{\"@id\":\"https:\\\/\\\/fjala.info\\\/2009-2015\\\/jashtezakonisht-normale\\\/\"},\"wordCount\":790,\"commentCount\":0,\"publisher\":{\"@id\":\"https:\\\/\\\/fjala.info\\\/2009-2015\\\/#organization\"},\"image\":{\"@id\":\"https:\\\/\\\/fjala.info\\\/2009-2015\\\/jashtezakonisht-normale\\\/#primaryimage\"},\"thumbnailUrl\":\"http:\\\/\\\/fjala.shkoder.net\\\/wp-content\\\/uploads\\\/2010\\\/12\\\/beqe_cufaj.jpg\",\"articleSection\":[\"Artikuj\"],\"inLanguage\":\"sq-AL\",\"potentialAction\":[{\"@type\":\"CommentAction\",\"name\":\"Comment\",\"target\":[\"https:\\\/\\\/fjala.info\\\/2009-2015\\\/jashtezakonisht-normale\\\/#respond\"]}]},{\"@type\":\"WebPage\",\"@id\":\"https:\\\/\\\/fjala.info\\\/2009-2015\\\/jashtezakonisht-normale\\\/\",\"url\":\"https:\\\/\\\/fjala.info\\\/2009-2015\\\/jashtezakonisht-normale\\\/\",\"name\":\"Jasht\u00ebzakonisht normale! - FjALA e LIR\u00cb - Arkivi\",\"isPartOf\":{\"@id\":\"https:\\\/\\\/fjala.info\\\/2009-2015\\\/#website\"},\"primaryImageOfPage\":{\"@id\":\"https:\\\/\\\/fjala.info\\\/2009-2015\\\/jashtezakonisht-normale\\\/#primaryimage\"},\"image\":{\"@id\":\"https:\\\/\\\/fjala.info\\\/2009-2015\\\/jashtezakonisht-normale\\\/#primaryimage\"},\"thumbnailUrl\":\"http:\\\/\\\/fjala.shkoder.net\\\/wp-content\\\/uploads\\\/2010\\\/12\\\/beqe_cufaj.jpg\",\"datePublished\":\"2010-12-14T20:19:04+00:00\",\"breadcrumb\":{\"@id\":\"https:\\\/\\\/fjala.info\\\/2009-2015\\\/jashtezakonisht-normale\\\/#breadcrumb\"},\"inLanguage\":\"sq-AL\",\"potentialAction\":[{\"@type\":\"ReadAction\",\"target\":[\"https:\\\/\\\/fjala.info\\\/2009-2015\\\/jashtezakonisht-normale\\\/\"]}]},{\"@type\":\"ImageObject\",\"inLanguage\":\"sq-AL\",\"@id\":\"https:\\\/\\\/fjala.info\\\/2009-2015\\\/jashtezakonisht-normale\\\/#primaryimage\",\"url\":\"http:\\\/\\\/fjala.shkoder.net\\\/wp-content\\\/uploads\\\/2010\\\/12\\\/beqe_cufaj.jpg\",\"contentUrl\":\"http:\\\/\\\/fjala.shkoder.net\\\/wp-content\\\/uploads\\\/2010\\\/12\\\/beqe_cufaj.jpg\"},{\"@type\":\"BreadcrumbList\",\"@id\":\"https:\\\/\\\/fjala.info\\\/2009-2015\\\/jashtezakonisht-normale\\\/#breadcrumb\",\"itemListElement\":[{\"@type\":\"ListItem\",\"position\":1,\"name\":\"Home\",\"item\":\"https:\\\/\\\/fjala.info\\\/2009-2015\\\/\"},{\"@type\":\"ListItem\",\"position\":2,\"name\":\"Jasht\u00ebzakonisht normale!\"}]},{\"@type\":\"WebSite\",\"@id\":\"https:\\\/\\\/fjala.info\\\/2009-2015\\\/#website\",\"url\":\"https:\\\/\\\/fjala.info\\\/2009-2015\\\/\",\"name\":\"FjALA e LIR\u00cb - Arkivi\",\"description\":\"Arkivi 2009-2015\",\"publisher\":{\"@id\":\"https:\\\/\\\/fjala.info\\\/2009-2015\\\/#organization\"},\"potentialAction\":[{\"@type\":\"SearchAction\",\"target\":{\"@type\":\"EntryPoint\",\"urlTemplate\":\"https:\\\/\\\/fjala.info\\\/2009-2015\\\/?s={search_term_string}\"},\"query-input\":{\"@type\":\"PropertyValueSpecification\",\"valueRequired\":true,\"valueName\":\"search_term_string\"}}],\"inLanguage\":\"sq-AL\"},{\"@type\":\"Organization\",\"@id\":\"https:\\\/\\\/fjala.info\\\/2009-2015\\\/#organization\",\"name\":\"FjALA e LIR\u00cb - Arkivi\",\"url\":\"https:\\\/\\\/fjala.info\\\/2009-2015\\\/\",\"logo\":{\"@type\":\"ImageObject\",\"inLanguage\":\"sq-AL\",\"@id\":\"https:\\\/\\\/fjala.info\\\/2009-2015\\\/#\\\/schema\\\/logo\\\/image\\\/\",\"url\":\"\",\"contentUrl\":\"\",\"caption\":\"FjALA e LIR\u00cb - Arkivi\"},\"image\":{\"@id\":\"https:\\\/\\\/fjala.info\\\/2009-2015\\\/#\\\/schema\\\/logo\\\/image\\\/\"}},{\"@type\":\"Person\",\"@id\":\"https:\\\/\\\/fjala.info\\\/2009-2015\\\/#\\\/schema\\\/person\\\/3aa1163ef05469c496fc94e77611ada2\",\"name\":\"admin\",\"image\":{\"@type\":\"ImageObject\",\"inLanguage\":\"sq-AL\",\"@id\":\"https:\\\/\\\/fjala.info\\\/2009-2015\\\/wp-content\\\/uploads\\\/2012\\\/02\\\/arben_cokaj-120x150.jpg\",\"url\":\"https:\\\/\\\/fjala.info\\\/2009-2015\\\/wp-content\\\/uploads\\\/2012\\\/02\\\/arben_cokaj-120x150.jpg\",\"contentUrl\":\"https:\\\/\\\/fjala.info\\\/2009-2015\\\/wp-content\\\/uploads\\\/2012\\\/02\\\/arben_cokaj-120x150.jpg\",\"caption\":\"admin\"},\"description\":\"Admin, Fjala e Lir\u00eb\",\"sameAs\":[\"https:\\\/\\\/fjala.info\\\/\"],\"url\":\"https:\\\/\\\/fjala.info\\\/2009-2015\\\/author\\\/admin\\\/\"}]}<\/script>\n<!-- \/ Yoast SEO plugin. -->","yoast_head_json":{"title":"Jasht\u00ebzakonisht normale! - FjALA e LIR\u00cb - Arkivi","robots":{"index":"index","follow":"follow","max-snippet":"max-snippet:-1","max-image-preview":"max-image-preview:large","max-video-preview":"max-video-preview:-1"},"canonical":"https:\/\/fjala.info\/2009-2015\/jashtezakonisht-normale\/","og_locale":"sq_AL","og_type":"article","og_title":"Jasht\u00ebzakonisht normale! - FjALA e LIR\u00cb - Arkivi","og_description":"Nga Beq\u00eb Cufaj Po qe se lexohen lajmet kur hapen gazetat e bot\u00ebs n\u00eb mesnat\u00ebn dhe or\u00ebt e para t\u00eb m\u00ebngjesit t\u00eb s\u00eb h\u00ebn\u00ebs, shihet q\u00eb p\u00ebr procesin zgjedhor t\u00eb mbajtur me dat\u00ebn 12 dhjetor n\u00eb Republik\u00ebn e Kosov\u00ebs ka vet\u00ebm fjal\u00eb t\u00eb mira. Zgjedhjet e para t\u00eb organizuara me forca vetjake n\u00eb shtetin m\u00eb [&hellip;]","og_url":"https:\/\/fjala.info\/2009-2015\/jashtezakonisht-normale\/","og_site_name":"FjALA e LIR\u00cb - Arkivi","article_published_time":"2010-12-14T20:19:04+00:00","og_image":[{"url":"http:\/\/fjala.shkoder.net\/wp-content\/uploads\/2010\/12\/beqe_cufaj.jpg","type":"","width":"","height":""}],"author":"admin","twitter_card":"summary_large_image","twitter_misc":{"Written by":"admin","Est. reading time":"4 minutes"},"schema":{"@context":"https:\/\/schema.org","@graph":[{"@type":"Article","@id":"https:\/\/fjala.info\/2009-2015\/jashtezakonisht-normale\/#article","isPartOf":{"@id":"https:\/\/fjala.info\/2009-2015\/jashtezakonisht-normale\/"},"author":{"name":"admin","@id":"https:\/\/fjala.info\/2009-2015\/#\/schema\/person\/3aa1163ef05469c496fc94e77611ada2"},"headline":"Jasht\u00ebzakonisht normale!","datePublished":"2010-12-14T20:19:04+00:00","mainEntityOfPage":{"@id":"https:\/\/fjala.info\/2009-2015\/jashtezakonisht-normale\/"},"wordCount":790,"commentCount":0,"publisher":{"@id":"https:\/\/fjala.info\/2009-2015\/#organization"},"image":{"@id":"https:\/\/fjala.info\/2009-2015\/jashtezakonisht-normale\/#primaryimage"},"thumbnailUrl":"http:\/\/fjala.shkoder.net\/wp-content\/uploads\/2010\/12\/beqe_cufaj.jpg","articleSection":["Artikuj"],"inLanguage":"sq-AL","potentialAction":[{"@type":"CommentAction","name":"Comment","target":["https:\/\/fjala.info\/2009-2015\/jashtezakonisht-normale\/#respond"]}]},{"@type":"WebPage","@id":"https:\/\/fjala.info\/2009-2015\/jashtezakonisht-normale\/","url":"https:\/\/fjala.info\/2009-2015\/jashtezakonisht-normale\/","name":"Jasht\u00ebzakonisht normale! - FjALA e LIR\u00cb - Arkivi","isPartOf":{"@id":"https:\/\/fjala.info\/2009-2015\/#website"},"primaryImageOfPage":{"@id":"https:\/\/fjala.info\/2009-2015\/jashtezakonisht-normale\/#primaryimage"},"image":{"@id":"https:\/\/fjala.info\/2009-2015\/jashtezakonisht-normale\/#primaryimage"},"thumbnailUrl":"http:\/\/fjala.shkoder.net\/wp-content\/uploads\/2010\/12\/beqe_cufaj.jpg","datePublished":"2010-12-14T20:19:04+00:00","breadcrumb":{"@id":"https:\/\/fjala.info\/2009-2015\/jashtezakonisht-normale\/#breadcrumb"},"inLanguage":"sq-AL","potentialAction":[{"@type":"ReadAction","target":["https:\/\/fjala.info\/2009-2015\/jashtezakonisht-normale\/"]}]},{"@type":"ImageObject","inLanguage":"sq-AL","@id":"https:\/\/fjala.info\/2009-2015\/jashtezakonisht-normale\/#primaryimage","url":"http:\/\/fjala.shkoder.net\/wp-content\/uploads\/2010\/12\/beqe_cufaj.jpg","contentUrl":"http:\/\/fjala.shkoder.net\/wp-content\/uploads\/2010\/12\/beqe_cufaj.jpg"},{"@type":"BreadcrumbList","@id":"https:\/\/fjala.info\/2009-2015\/jashtezakonisht-normale\/#breadcrumb","itemListElement":[{"@type":"ListItem","position":1,"name":"Home","item":"https:\/\/fjala.info\/2009-2015\/"},{"@type":"ListItem","position":2,"name":"Jasht\u00ebzakonisht normale!"}]},{"@type":"WebSite","@id":"https:\/\/fjala.info\/2009-2015\/#website","url":"https:\/\/fjala.info\/2009-2015\/","name":"FjALA e LIR\u00cb - Arkivi","description":"Arkivi 2009-2015","publisher":{"@id":"https:\/\/fjala.info\/2009-2015\/#organization"},"potentialAction":[{"@type":"SearchAction","target":{"@type":"EntryPoint","urlTemplate":"https:\/\/fjala.info\/2009-2015\/?s={search_term_string}"},"query-input":{"@type":"PropertyValueSpecification","valueRequired":true,"valueName":"search_term_string"}}],"inLanguage":"sq-AL"},{"@type":"Organization","@id":"https:\/\/fjala.info\/2009-2015\/#organization","name":"FjALA e LIR\u00cb - Arkivi","url":"https:\/\/fjala.info\/2009-2015\/","logo":{"@type":"ImageObject","inLanguage":"sq-AL","@id":"https:\/\/fjala.info\/2009-2015\/#\/schema\/logo\/image\/","url":"","contentUrl":"","caption":"FjALA e LIR\u00cb - Arkivi"},"image":{"@id":"https:\/\/fjala.info\/2009-2015\/#\/schema\/logo\/image\/"}},{"@type":"Person","@id":"https:\/\/fjala.info\/2009-2015\/#\/schema\/person\/3aa1163ef05469c496fc94e77611ada2","name":"admin","image":{"@type":"ImageObject","inLanguage":"sq-AL","@id":"https:\/\/fjala.info\/2009-2015\/wp-content\/uploads\/2012\/02\/arben_cokaj-120x150.jpg","url":"https:\/\/fjala.info\/2009-2015\/wp-content\/uploads\/2012\/02\/arben_cokaj-120x150.jpg","contentUrl":"https:\/\/fjala.info\/2009-2015\/wp-content\/uploads\/2012\/02\/arben_cokaj-120x150.jpg","caption":"admin"},"description":"Admin, Fjala e Lir\u00eb","sameAs":["https:\/\/fjala.info\/"],"url":"https:\/\/fjala.info\/2009-2015\/author\/admin\/"}]}},"_links":{"self":[{"href":"https:\/\/fjala.info\/2009-2015\/wp-json\/wp\/v2\/posts\/5217","targetHints":{"allow":["GET"]}}],"collection":[{"href":"https:\/\/fjala.info\/2009-2015\/wp-json\/wp\/v2\/posts"}],"about":[{"href":"https:\/\/fjala.info\/2009-2015\/wp-json\/wp\/v2\/types\/post"}],"author":[{"embeddable":true,"href":"https:\/\/fjala.info\/2009-2015\/wp-json\/wp\/v2\/users\/1"}],"replies":[{"embeddable":true,"href":"https:\/\/fjala.info\/2009-2015\/wp-json\/wp\/v2\/comments?post=5217"}],"version-history":[{"count":0,"href":"https:\/\/fjala.info\/2009-2015\/wp-json\/wp\/v2\/posts\/5217\/revisions"}],"wp:attachment":[{"href":"https:\/\/fjala.info\/2009-2015\/wp-json\/wp\/v2\/media?parent=5217"}],"wp:term":[{"taxonomy":"category","embeddable":true,"href":"https:\/\/fjala.info\/2009-2015\/wp-json\/wp\/v2\/categories?post=5217"},{"taxonomy":"post_tag","embeddable":true,"href":"https:\/\/fjala.info\/2009-2015\/wp-json\/wp\/v2\/tags?post=5217"}],"curies":[{"name":"wp","href":"https:\/\/api.w.org\/{rel}","templated":true}]}}