{"id":5213,"date":"2010-12-14T23:12:19","date_gmt":"2010-12-14T22:12:19","guid":{"rendered":"http:\/\/fjala.shkoder.net\/?p=5213"},"modified":"2010-12-14T23:12:19","modified_gmt":"2010-12-14T22:12:19","slug":"alibi-kombetare-per-prekjen-e-zgjedhjeve","status":"publish","type":"post","link":"https:\/\/fjala.info\/2009-2015\/alibi-kombetare-per-prekjen-e-zgjedhjeve\/","title":{"rendered":"Alibi &#8216;komb\u00ebtare&#8217; p\u00ebr prekjen e zgjedhjeve"},"content":{"rendered":"<p><img loading=\"lazy\" decoding=\"async\" class=\"alignright size-full wp-image-4090\" title=\"Mero Baze\" src=\"http:\/\/fjala.shkoder.net\/wp-content\/uploads\/2010\/10\/mero_baze1.jpg\" alt=\"\" width=\"149\" height=\"200\" \/><br \/>\nNga <strong>Mero Baze<\/strong><\/p>\n<p>Kryeministri Berisha ka nxituar t\u00eb uroj\u00eb kryeministrin n\u00eb detyr\u00eb Hashim Tha\u00e7i p\u00ebr zgjedhjet e fundit n\u00eb Kosov\u00eb, t\u00eb cilat jan\u00eb duksh\u00ebm t\u00eb manipuluara dhe t\u00eb kontestuara nga nj\u00eb spekt\u00ebr i gjer\u00eb politik atje. Nxitimi p\u00ebr t\u00eb uruar homologun e tij, duke theksuar dhe \u201cfitoren e merituar\u201d, \u00ebsht\u00eb nj\u00eb ciniz\u00ebm i tep\u00ebrt p\u00ebr nj\u00eb vend, i cili po p\u00ebrjeton dram\u00ebn e zgjedhjeve t\u00eb manipuluara, importuar si virus nga shteti am\u00eb. Shpik\u00ebsi i k\u00ebtij virusi \u00ebsht\u00eb pik\u00ebrisht njeriu q\u00eb dje ka nxituar t\u00eb uroj\u00eb kryeministrin e Kosov\u00ebs.<\/p>\n<p>Por p\u00ebrtej kortezis\u00eb \u201cshtet\u00ebrore\u201d t\u00eb shk\u00ebmbimit t\u00eb urimeve n\u00eb rast zgjedhjesh, nxitimi i Berish\u00ebs p\u00ebr t\u00eb uruar lidhet me nj\u00eb situat\u00eb psikologjike de-inkurajimi p\u00ebr ata shqiptar\u00eb q\u00eb ende besojn\u00eb se duhet protestuar p\u00ebr zgjedhje t\u00eb lira nga t\u00eb dy an\u00ebt e kufirit.<\/p>\n<p>Hashim Tha\u00e7i mund t\u00eb ishte dhe fituesi i pranuar i k\u00ebtyre zgjedhjeve, por kufiri i ngusht\u00eb q\u00eb ndante shansin p\u00ebr t\u00eb qen\u00eb parti e par\u00eb dhe etja e pamas\u00eb p\u00ebr pushtet, prodhuan nj\u00eb proces zgjedhor t\u00eb manipuluar, i cili do t\u2019i kushtoj\u00eb gjat\u00eb Kosov\u00ebs dhe ndoshta karrier\u00ebs s\u00eb tij politike. N\u00eb k\u00ebto kushte, m\u00eb shum\u00eb se Hashim Tha\u00e7i p\u00ebr ta uruar p\u00ebr nj\u00eb \u201cFitore t\u00eb Pirros\u201d, ka pasur nevoj\u00eb Sali Berisha t\u00eb uronte nj\u00eb \u201cidentikun\u201d e tij p\u00ebrtej kufirit, si p\u00ebr ta kthyer n\u00eb problem mbar\u00ebkomb\u00ebtar, mbylljen e goj\u00ebs p\u00ebr zgjedhjet e lira.<\/p>\n<p>Sali Berisha kishte nevoj\u00eb pik\u00ebrisht p\u00ebr k\u00ebto lloj zgjedhjesh n\u00eb Kosov\u00eb, pik\u00ebrisht p\u00ebr k\u00ebt\u00eb lloj kontestimi, pik\u00ebrisht p\u00ebr k\u00ebt\u00eb delikates\u00eb politike, q\u00eb t\u00eb shfaqej p\u00ebr t\u00eb ndar\u00eb historin\u00eb dhe p\u00ebr t\u00eb injoruar ata q\u00eb luftojn\u00eb p\u00ebr zgjedhje t\u00eb lira. Aq shum\u00eb e ka d\u00ebshiruar k\u00ebt\u00eb situat\u00eb, sa p\u00ebr nj\u00eb moment tejkaloi \u00e7do etik\u00eb politike dhe \u00e7do respekt p\u00ebr partit\u00eb e tjera n\u00eb Kosov\u00eb, q\u00eb po ashtu e kan\u00eb respektuar Berish\u00ebn.<\/p>\n<p>Duke uruar Hashim Tha\u00e7in, pa p\u00ebrmendur asgj\u00eb p\u00ebr manipulimet, ai nuk brengoset pse fyen r\u00ebnd\u00eb gjith\u00eb ata q\u00eb jan\u00eb prekur ky proces, por \u00ebsht\u00eb i interesuar vet\u00ebm q\u00eb i ngjashmi i tij n\u00eb k\u00ebt\u00eb rast t\u00eb ndjehet i fort\u00eb, dhe t\u00eb mos u hap\u00eb rrug\u00eb k\u00ebrkesave p\u00ebr rishikim rezultati apo hapje kutish. N\u00eb p\u00ebrpjekje p\u00ebr t\u00eb krijuar nj\u00eb klim\u00eb t\u00eb banalizimit mbar\u00ebkomb\u00ebtar t\u00eb respektit ndaj vot\u00ebs, Sali Berisha ngjan i ringjallur nga ajo q\u00eb ka ndodhur n\u00eb Kosov\u00eb, pasi ajo e ka b\u00ebr\u00eb tashm\u00eb me aleat\u00eb n\u00eb krimin e tij elektoral.<\/p>\n<p>Ndaj telefonata falenderuese e Berish\u00ebs p\u00ebr Tha\u00e7in, m\u00eb shum\u00eb se sa si mb\u00ebshtetje p\u00ebr t\u00eb, \u00ebsht\u00eb nj\u00eb ngaz\u00ebllim p\u00ebr t\u00eb ngjashmin e vet p\u00ebrtej kufirit, dhe prodhimin e nj\u00eb arsyeje tashm\u00eb \u201ckomb\u00ebtare\u201d p\u00ebr t\u00eb mbyllur goj\u00ebn p\u00ebr votat e vjedhura.<\/p>\n<p>Ajo q\u00eb un\u00eb nuk kuptoj mir\u00eb n\u00eb k\u00ebt\u00eb histori, \u00ebsht\u00eb q\u00ebndrimi i Hashim Tha\u00e7it. Atij m\u00eb pak se kujtdo tjet\u00ebr tani i duhet mb\u00ebshtetja e Berish\u00ebs. I duhet m\u00eb pak se kujtdo tjet\u00ebr, jo aq p\u00ebr reputacionin e r\u00ebn\u00eb t\u00eb Berish\u00ebs n\u00eb Shqip\u00ebri, por dhe p\u00ebr faktin se ai po e mb\u00ebshtet at\u00eb p\u00ebr ta barazuar me veten. Ndoshta n\u00eb koshienc\u00ebn e Hashim Tha\u00e7it ka mbetur Sali Berisha si i pari i k\u00ebtij vendi, por shqiptar\u00ebt e njohin Berish\u00ebn si t\u00eb parin q\u00eb ka prishur zgjedhjet n\u00eb vendin e tij.<\/p>\n<p>Ky \u00ebsht\u00eb i vetmi vend \u201ci par\u00eb\u201d q\u00eb Berisha ka n\u00eb Shqip\u00ebri. Lavd\u00ebrimet e tij n\u00eb adres\u00eb t\u00eb zgjedhjeve, pa prekur askund manipulimet serioze q\u00eb konstatuan SHBA, BE si dhe v\u00ebzhguesit shqiptar\u00eb, tregon standardin e ul\u00ebt demokratik q\u00eb ekziston n\u00eb mend\u00ebsin\u00eb e kreut t\u00eb Shqip\u00ebris\u00eb, p\u00ebr procesin zgjedhor. Hashim Tha\u00e7it i b\u00ebn shum\u00eb her\u00eb m\u00eb tep\u00ebr pun\u00eb nj\u00eb rekomandim per\u00ebndimor q\u00eb e fton t\u00eb korrigjoj\u00eb procesin, se sa nj\u00eb lavd\u00ebrim cinik nga Tirana q\u00eb e fton at\u00eb t\u00eb ndjek\u00eb shembullin e Shqip\u00ebris\u00eb p\u00ebr t\u00eb mbuluar n\u00eb t\u00eb v\u00ebrtet\u00eb \u201ckrimin elektoral\u201d t\u00eb Berish\u00ebs n\u00eb Tiran\u00eb.<\/p>\n","protected":false},"excerpt":{"rendered":"<p>Nga Mero Baze Kryeministri Berisha ka nxituar t\u00eb uroj\u00eb kryeministrin n\u00eb detyr\u00eb Hashim Tha\u00e7i p\u00ebr zgjedhjet e fundit n\u00eb Kosov\u00eb, t\u00eb cilat jan\u00eb duksh\u00ebm t\u00eb manipuluara dhe t\u00eb kontestuara nga nj\u00eb spekt\u00ebr i gjer\u00eb politik atje. Nxitimi p\u00ebr t\u00eb uruar homologun e tij, duke theksuar dhe \u201cfitoren e merituar\u201d, \u00ebsht\u00eb nj\u00eb ciniz\u00ebm i tep\u00ebrt p\u00ebr [&hellip;]<\/p>\n","protected":false},"author":1,"featured_media":0,"comment_status":"open","ping_status":"closed","sticky":false,"template":"","format":"standard","meta":{"footnotes":""},"categories":[2],"tags":[],"class_list":{"0":"post-5213","1":"post","2":"type-post","3":"status-publish","4":"format-standard","6":"category-artikuj"},"yoast_head":"<!-- This site is optimized with the Yoast SEO plugin v27.4 - https:\/\/yoast.com\/product\/yoast-seo-wordpress\/ -->\n<title>Alibi &#039;komb\u00ebtare&#039; p\u00ebr prekjen e zgjedhjeve - FjALA e LIR\u00cb - Arkivi<\/title>\n<meta name=\"robots\" content=\"index, follow, max-snippet:-1, max-image-preview:large, max-video-preview:-1\" \/>\n<link rel=\"canonical\" href=\"https:\/\/fjala.info\/2009-2015\/alibi-kombetare-per-prekjen-e-zgjedhjeve\/\" \/>\n<meta property=\"og:locale\" content=\"sq_AL\" \/>\n<meta property=\"og:type\" content=\"article\" \/>\n<meta property=\"og:title\" content=\"Alibi &#039;komb\u00ebtare&#039; p\u00ebr prekjen e zgjedhjeve - FjALA e LIR\u00cb - Arkivi\" \/>\n<meta property=\"og:description\" content=\"Nga Mero Baze Kryeministri Berisha ka nxituar t\u00eb uroj\u00eb kryeministrin n\u00eb detyr\u00eb Hashim Tha\u00e7i p\u00ebr zgjedhjet e fundit n\u00eb Kosov\u00eb, t\u00eb cilat jan\u00eb duksh\u00ebm t\u00eb manipuluara dhe t\u00eb kontestuara nga nj\u00eb spekt\u00ebr i gjer\u00eb politik atje. Nxitimi p\u00ebr t\u00eb uruar homologun e tij, duke theksuar dhe \u201cfitoren e merituar\u201d, \u00ebsht\u00eb nj\u00eb ciniz\u00ebm i tep\u00ebrt p\u00ebr [&hellip;]\" \/>\n<meta property=\"og:url\" content=\"https:\/\/fjala.info\/2009-2015\/alibi-kombetare-per-prekjen-e-zgjedhjeve\/\" \/>\n<meta property=\"og:site_name\" content=\"FjALA e LIR\u00cb - Arkivi\" \/>\n<meta property=\"article:published_time\" content=\"2010-12-14T22:12:19+00:00\" \/>\n<meta property=\"og:image\" content=\"http:\/\/fjala.shkoder.net\/wp-content\/uploads\/2010\/10\/mero_baze1.jpg\" \/>\n<meta name=\"author\" content=\"admin\" \/>\n<meta name=\"twitter:card\" content=\"summary_large_image\" \/>\n<meta name=\"twitter:label1\" content=\"Written by\" \/>\n\t<meta name=\"twitter:data1\" content=\"admin\" \/>\n\t<meta name=\"twitter:label2\" content=\"Est. reading time\" \/>\n\t<meta name=\"twitter:data2\" content=\"4 minutes\" \/>\n<script type=\"application\/ld+json\" class=\"yoast-schema-graph\">{\"@context\":\"https:\\\/\\\/schema.org\",\"@graph\":[{\"@type\":\"Article\",\"@id\":\"https:\\\/\\\/fjala.info\\\/2009-2015\\\/alibi-kombetare-per-prekjen-e-zgjedhjeve\\\/#article\",\"isPartOf\":{\"@id\":\"https:\\\/\\\/fjala.info\\\/2009-2015\\\/alibi-kombetare-per-prekjen-e-zgjedhjeve\\\/\"},\"author\":{\"name\":\"admin\",\"@id\":\"https:\\\/\\\/fjala.info\\\/2009-2015\\\/#\\\/schema\\\/person\\\/3aa1163ef05469c496fc94e77611ada2\"},\"headline\":\"Alibi &#8216;komb\u00ebtare&#8217; p\u00ebr prekjen e zgjedhjeve\",\"datePublished\":\"2010-12-14T22:12:19+00:00\",\"mainEntityOfPage\":{\"@id\":\"https:\\\/\\\/fjala.info\\\/2009-2015\\\/alibi-kombetare-per-prekjen-e-zgjedhjeve\\\/\"},\"wordCount\":733,\"commentCount\":0,\"publisher\":{\"@id\":\"https:\\\/\\\/fjala.info\\\/2009-2015\\\/#organization\"},\"image\":{\"@id\":\"https:\\\/\\\/fjala.info\\\/2009-2015\\\/alibi-kombetare-per-prekjen-e-zgjedhjeve\\\/#primaryimage\"},\"thumbnailUrl\":\"http:\\\/\\\/fjala.shkoder.net\\\/wp-content\\\/uploads\\\/2010\\\/10\\\/mero_baze1.jpg\",\"articleSection\":[\"Artikuj\"],\"inLanguage\":\"sq-AL\",\"potentialAction\":[{\"@type\":\"CommentAction\",\"name\":\"Comment\",\"target\":[\"https:\\\/\\\/fjala.info\\\/2009-2015\\\/alibi-kombetare-per-prekjen-e-zgjedhjeve\\\/#respond\"]}]},{\"@type\":\"WebPage\",\"@id\":\"https:\\\/\\\/fjala.info\\\/2009-2015\\\/alibi-kombetare-per-prekjen-e-zgjedhjeve\\\/\",\"url\":\"https:\\\/\\\/fjala.info\\\/2009-2015\\\/alibi-kombetare-per-prekjen-e-zgjedhjeve\\\/\",\"name\":\"Alibi 'komb\u00ebtare' p\u00ebr prekjen e zgjedhjeve - FjALA e LIR\u00cb - Arkivi\",\"isPartOf\":{\"@id\":\"https:\\\/\\\/fjala.info\\\/2009-2015\\\/#website\"},\"primaryImageOfPage\":{\"@id\":\"https:\\\/\\\/fjala.info\\\/2009-2015\\\/alibi-kombetare-per-prekjen-e-zgjedhjeve\\\/#primaryimage\"},\"image\":{\"@id\":\"https:\\\/\\\/fjala.info\\\/2009-2015\\\/alibi-kombetare-per-prekjen-e-zgjedhjeve\\\/#primaryimage\"},\"thumbnailUrl\":\"http:\\\/\\\/fjala.shkoder.net\\\/wp-content\\\/uploads\\\/2010\\\/10\\\/mero_baze1.jpg\",\"datePublished\":\"2010-12-14T22:12:19+00:00\",\"breadcrumb\":{\"@id\":\"https:\\\/\\\/fjala.info\\\/2009-2015\\\/alibi-kombetare-per-prekjen-e-zgjedhjeve\\\/#breadcrumb\"},\"inLanguage\":\"sq-AL\",\"potentialAction\":[{\"@type\":\"ReadAction\",\"target\":[\"https:\\\/\\\/fjala.info\\\/2009-2015\\\/alibi-kombetare-per-prekjen-e-zgjedhjeve\\\/\"]}]},{\"@type\":\"ImageObject\",\"inLanguage\":\"sq-AL\",\"@id\":\"https:\\\/\\\/fjala.info\\\/2009-2015\\\/alibi-kombetare-per-prekjen-e-zgjedhjeve\\\/#primaryimage\",\"url\":\"http:\\\/\\\/fjala.shkoder.net\\\/wp-content\\\/uploads\\\/2010\\\/10\\\/mero_baze1.jpg\",\"contentUrl\":\"http:\\\/\\\/fjala.shkoder.net\\\/wp-content\\\/uploads\\\/2010\\\/10\\\/mero_baze1.jpg\"},{\"@type\":\"BreadcrumbList\",\"@id\":\"https:\\\/\\\/fjala.info\\\/2009-2015\\\/alibi-kombetare-per-prekjen-e-zgjedhjeve\\\/#breadcrumb\",\"itemListElement\":[{\"@type\":\"ListItem\",\"position\":1,\"name\":\"Home\",\"item\":\"https:\\\/\\\/fjala.info\\\/2009-2015\\\/\"},{\"@type\":\"ListItem\",\"position\":2,\"name\":\"Alibi &#8216;komb\u00ebtare&#8217; p\u00ebr prekjen e zgjedhjeve\"}]},{\"@type\":\"WebSite\",\"@id\":\"https:\\\/\\\/fjala.info\\\/2009-2015\\\/#website\",\"url\":\"https:\\\/\\\/fjala.info\\\/2009-2015\\\/\",\"name\":\"FjALA e LIR\u00cb - Arkivi\",\"description\":\"Arkivi 2009-2015\",\"publisher\":{\"@id\":\"https:\\\/\\\/fjala.info\\\/2009-2015\\\/#organization\"},\"potentialAction\":[{\"@type\":\"SearchAction\",\"target\":{\"@type\":\"EntryPoint\",\"urlTemplate\":\"https:\\\/\\\/fjala.info\\\/2009-2015\\\/?s={search_term_string}\"},\"query-input\":{\"@type\":\"PropertyValueSpecification\",\"valueRequired\":true,\"valueName\":\"search_term_string\"}}],\"inLanguage\":\"sq-AL\"},{\"@type\":\"Organization\",\"@id\":\"https:\\\/\\\/fjala.info\\\/2009-2015\\\/#organization\",\"name\":\"FjALA e LIR\u00cb - Arkivi\",\"url\":\"https:\\\/\\\/fjala.info\\\/2009-2015\\\/\",\"logo\":{\"@type\":\"ImageObject\",\"inLanguage\":\"sq-AL\",\"@id\":\"https:\\\/\\\/fjala.info\\\/2009-2015\\\/#\\\/schema\\\/logo\\\/image\\\/\",\"url\":\"\",\"contentUrl\":\"\",\"caption\":\"FjALA e LIR\u00cb - Arkivi\"},\"image\":{\"@id\":\"https:\\\/\\\/fjala.info\\\/2009-2015\\\/#\\\/schema\\\/logo\\\/image\\\/\"}},{\"@type\":\"Person\",\"@id\":\"https:\\\/\\\/fjala.info\\\/2009-2015\\\/#\\\/schema\\\/person\\\/3aa1163ef05469c496fc94e77611ada2\",\"name\":\"admin\",\"image\":{\"@type\":\"ImageObject\",\"inLanguage\":\"sq-AL\",\"@id\":\"https:\\\/\\\/fjala.info\\\/2009-2015\\\/wp-content\\\/uploads\\\/2012\\\/02\\\/arben_cokaj-120x150.jpg\",\"url\":\"https:\\\/\\\/fjala.info\\\/2009-2015\\\/wp-content\\\/uploads\\\/2012\\\/02\\\/arben_cokaj-120x150.jpg\",\"contentUrl\":\"https:\\\/\\\/fjala.info\\\/2009-2015\\\/wp-content\\\/uploads\\\/2012\\\/02\\\/arben_cokaj-120x150.jpg\",\"caption\":\"admin\"},\"description\":\"Admin, Fjala e Lir\u00eb\",\"sameAs\":[\"https:\\\/\\\/fjala.info\\\/\"],\"url\":\"https:\\\/\\\/fjala.info\\\/2009-2015\\\/author\\\/admin\\\/\"}]}<\/script>\n<!-- \/ Yoast SEO plugin. -->","yoast_head_json":{"title":"Alibi 'komb\u00ebtare' p\u00ebr prekjen e zgjedhjeve - FjALA e LIR\u00cb - Arkivi","robots":{"index":"index","follow":"follow","max-snippet":"max-snippet:-1","max-image-preview":"max-image-preview:large","max-video-preview":"max-video-preview:-1"},"canonical":"https:\/\/fjala.info\/2009-2015\/alibi-kombetare-per-prekjen-e-zgjedhjeve\/","og_locale":"sq_AL","og_type":"article","og_title":"Alibi 'komb\u00ebtare' p\u00ebr prekjen e zgjedhjeve - FjALA e LIR\u00cb - Arkivi","og_description":"Nga Mero Baze Kryeministri Berisha ka nxituar t\u00eb uroj\u00eb kryeministrin n\u00eb detyr\u00eb Hashim Tha\u00e7i p\u00ebr zgjedhjet e fundit n\u00eb Kosov\u00eb, t\u00eb cilat jan\u00eb duksh\u00ebm t\u00eb manipuluara dhe t\u00eb kontestuara nga nj\u00eb spekt\u00ebr i gjer\u00eb politik atje. Nxitimi p\u00ebr t\u00eb uruar homologun e tij, duke theksuar dhe \u201cfitoren e merituar\u201d, \u00ebsht\u00eb nj\u00eb ciniz\u00ebm i tep\u00ebrt p\u00ebr [&hellip;]","og_url":"https:\/\/fjala.info\/2009-2015\/alibi-kombetare-per-prekjen-e-zgjedhjeve\/","og_site_name":"FjALA e LIR\u00cb - Arkivi","article_published_time":"2010-12-14T22:12:19+00:00","og_image":[{"url":"http:\/\/fjala.shkoder.net\/wp-content\/uploads\/2010\/10\/mero_baze1.jpg","type":"","width":"","height":""}],"author":"admin","twitter_card":"summary_large_image","twitter_misc":{"Written by":"admin","Est. reading time":"4 minutes"},"schema":{"@context":"https:\/\/schema.org","@graph":[{"@type":"Article","@id":"https:\/\/fjala.info\/2009-2015\/alibi-kombetare-per-prekjen-e-zgjedhjeve\/#article","isPartOf":{"@id":"https:\/\/fjala.info\/2009-2015\/alibi-kombetare-per-prekjen-e-zgjedhjeve\/"},"author":{"name":"admin","@id":"https:\/\/fjala.info\/2009-2015\/#\/schema\/person\/3aa1163ef05469c496fc94e77611ada2"},"headline":"Alibi &#8216;komb\u00ebtare&#8217; p\u00ebr prekjen e zgjedhjeve","datePublished":"2010-12-14T22:12:19+00:00","mainEntityOfPage":{"@id":"https:\/\/fjala.info\/2009-2015\/alibi-kombetare-per-prekjen-e-zgjedhjeve\/"},"wordCount":733,"commentCount":0,"publisher":{"@id":"https:\/\/fjala.info\/2009-2015\/#organization"},"image":{"@id":"https:\/\/fjala.info\/2009-2015\/alibi-kombetare-per-prekjen-e-zgjedhjeve\/#primaryimage"},"thumbnailUrl":"http:\/\/fjala.shkoder.net\/wp-content\/uploads\/2010\/10\/mero_baze1.jpg","articleSection":["Artikuj"],"inLanguage":"sq-AL","potentialAction":[{"@type":"CommentAction","name":"Comment","target":["https:\/\/fjala.info\/2009-2015\/alibi-kombetare-per-prekjen-e-zgjedhjeve\/#respond"]}]},{"@type":"WebPage","@id":"https:\/\/fjala.info\/2009-2015\/alibi-kombetare-per-prekjen-e-zgjedhjeve\/","url":"https:\/\/fjala.info\/2009-2015\/alibi-kombetare-per-prekjen-e-zgjedhjeve\/","name":"Alibi 'komb\u00ebtare' p\u00ebr prekjen e zgjedhjeve - FjALA e LIR\u00cb - Arkivi","isPartOf":{"@id":"https:\/\/fjala.info\/2009-2015\/#website"},"primaryImageOfPage":{"@id":"https:\/\/fjala.info\/2009-2015\/alibi-kombetare-per-prekjen-e-zgjedhjeve\/#primaryimage"},"image":{"@id":"https:\/\/fjala.info\/2009-2015\/alibi-kombetare-per-prekjen-e-zgjedhjeve\/#primaryimage"},"thumbnailUrl":"http:\/\/fjala.shkoder.net\/wp-content\/uploads\/2010\/10\/mero_baze1.jpg","datePublished":"2010-12-14T22:12:19+00:00","breadcrumb":{"@id":"https:\/\/fjala.info\/2009-2015\/alibi-kombetare-per-prekjen-e-zgjedhjeve\/#breadcrumb"},"inLanguage":"sq-AL","potentialAction":[{"@type":"ReadAction","target":["https:\/\/fjala.info\/2009-2015\/alibi-kombetare-per-prekjen-e-zgjedhjeve\/"]}]},{"@type":"ImageObject","inLanguage":"sq-AL","@id":"https:\/\/fjala.info\/2009-2015\/alibi-kombetare-per-prekjen-e-zgjedhjeve\/#primaryimage","url":"http:\/\/fjala.shkoder.net\/wp-content\/uploads\/2010\/10\/mero_baze1.jpg","contentUrl":"http:\/\/fjala.shkoder.net\/wp-content\/uploads\/2010\/10\/mero_baze1.jpg"},{"@type":"BreadcrumbList","@id":"https:\/\/fjala.info\/2009-2015\/alibi-kombetare-per-prekjen-e-zgjedhjeve\/#breadcrumb","itemListElement":[{"@type":"ListItem","position":1,"name":"Home","item":"https:\/\/fjala.info\/2009-2015\/"},{"@type":"ListItem","position":2,"name":"Alibi &#8216;komb\u00ebtare&#8217; p\u00ebr prekjen e zgjedhjeve"}]},{"@type":"WebSite","@id":"https:\/\/fjala.info\/2009-2015\/#website","url":"https:\/\/fjala.info\/2009-2015\/","name":"FjALA e LIR\u00cb - Arkivi","description":"Arkivi 2009-2015","publisher":{"@id":"https:\/\/fjala.info\/2009-2015\/#organization"},"potentialAction":[{"@type":"SearchAction","target":{"@type":"EntryPoint","urlTemplate":"https:\/\/fjala.info\/2009-2015\/?s={search_term_string}"},"query-input":{"@type":"PropertyValueSpecification","valueRequired":true,"valueName":"search_term_string"}}],"inLanguage":"sq-AL"},{"@type":"Organization","@id":"https:\/\/fjala.info\/2009-2015\/#organization","name":"FjALA e LIR\u00cb - Arkivi","url":"https:\/\/fjala.info\/2009-2015\/","logo":{"@type":"ImageObject","inLanguage":"sq-AL","@id":"https:\/\/fjala.info\/2009-2015\/#\/schema\/logo\/image\/","url":"","contentUrl":"","caption":"FjALA e LIR\u00cb - Arkivi"},"image":{"@id":"https:\/\/fjala.info\/2009-2015\/#\/schema\/logo\/image\/"}},{"@type":"Person","@id":"https:\/\/fjala.info\/2009-2015\/#\/schema\/person\/3aa1163ef05469c496fc94e77611ada2","name":"admin","image":{"@type":"ImageObject","inLanguage":"sq-AL","@id":"https:\/\/fjala.info\/2009-2015\/wp-content\/uploads\/2012\/02\/arben_cokaj-120x150.jpg","url":"https:\/\/fjala.info\/2009-2015\/wp-content\/uploads\/2012\/02\/arben_cokaj-120x150.jpg","contentUrl":"https:\/\/fjala.info\/2009-2015\/wp-content\/uploads\/2012\/02\/arben_cokaj-120x150.jpg","caption":"admin"},"description":"Admin, Fjala e Lir\u00eb","sameAs":["https:\/\/fjala.info\/"],"url":"https:\/\/fjala.info\/2009-2015\/author\/admin\/"}]}},"_links":{"self":[{"href":"https:\/\/fjala.info\/2009-2015\/wp-json\/wp\/v2\/posts\/5213","targetHints":{"allow":["GET"]}}],"collection":[{"href":"https:\/\/fjala.info\/2009-2015\/wp-json\/wp\/v2\/posts"}],"about":[{"href":"https:\/\/fjala.info\/2009-2015\/wp-json\/wp\/v2\/types\/post"}],"author":[{"embeddable":true,"href":"https:\/\/fjala.info\/2009-2015\/wp-json\/wp\/v2\/users\/1"}],"replies":[{"embeddable":true,"href":"https:\/\/fjala.info\/2009-2015\/wp-json\/wp\/v2\/comments?post=5213"}],"version-history":[{"count":0,"href":"https:\/\/fjala.info\/2009-2015\/wp-json\/wp\/v2\/posts\/5213\/revisions"}],"wp:attachment":[{"href":"https:\/\/fjala.info\/2009-2015\/wp-json\/wp\/v2\/media?parent=5213"}],"wp:term":[{"taxonomy":"category","embeddable":true,"href":"https:\/\/fjala.info\/2009-2015\/wp-json\/wp\/v2\/categories?post=5213"},{"taxonomy":"post_tag","embeddable":true,"href":"https:\/\/fjala.info\/2009-2015\/wp-json\/wp\/v2\/tags?post=5213"}],"curies":[{"name":"wp","href":"https:\/\/api.w.org\/{rel}","templated":true}]}}