{"id":5211,"date":"2012-09-29T21:58:37","date_gmt":"2012-09-29T20:58:37","guid":{"rendered":"http:\/\/www.fjala.info\/?p=5211"},"modified":"2012-09-29T21:58:37","modified_gmt":"2012-09-29T20:58:37","slug":"hajdut-me-leje-apo-hajdut-i-pavarur","status":"publish","type":"post","link":"https:\/\/fjala.info\/2009-2015\/hajdut-me-leje-apo-hajdut-i-pavarur\/","title":{"rendered":"\u201cHajdut me leje\u201d, apo \u201chajdut i pavarur\u201d!"},"content":{"rendered":"<p><img decoding=\"async\" class=\"alignright size-thumbnail wp-image-7236\" title=\"Mero Baze\" src=\"http:\/\/www.fjala.info\/2012\/mero_baze.jpg\" alt=\"\" width=\"150\" \/> <strong>Mero Baze<\/strong>, <em>29 Shtator 2012<\/em><\/p>\n<p>Ka nj\u00eb p\u00ebrpjekje q\u00eb debati publik rreth abuzimeve t\u00eb Arben Imamit, t\u00eb fokusohet tek fati i tij n\u00eb qeverisjen e Berish\u00ebs. N\u00eb p\u00ebrpjekje p\u00ebr ta mbrojtur at\u00eb si nj\u00eb minist\u00ebr m\u00eb t\u00eb mir\u00eb se t\u00eb tjer\u00ebt, n\u00eb nj\u00eb koment t\u00eb tij Artur Zheji, vler\u00ebsonte faktin q\u00eb Imami \u00ebsht\u00eb i shkolluar, qytetar, dhe q\u00eb i ka lezet rikthimi tek PD-ja, pasi i jep asaj nj\u00eb pasuri t\u00eb re politike.<\/p>\n<p>Biles p\u00ebr ta b\u00ebr\u00eb t\u00eb fort diferenc\u00ebn, ai v\u00eb n\u00eb fokus ministra t\u00eb tjer\u00eb, q\u00eb n\u00ebnkuptohet q\u00eb jan\u00eb t\u00eb palexuar, fshatar\u00eb dhe q\u00eb kan\u00eb qen\u00eb gjithnj\u00eb me PD-n\u00eb si shenj\u00eb e paaft\u00ebsis\u00eb s\u00eb tyre. Ky natyrisht q\u00eb \u00ebsht\u00eb nj\u00eb koncept q\u00eb nuk ja vlen t\u00eb debatohet, pas vizaton cekt\u00ebsin\u00eb me t\u00eb cil\u00ebn shikohet personaliteti i ministrave n\u00eb qeveri. E v\u00ebrteta nuk ka t\u00eb b\u00ebj me k\u00ebto kritere. Debati n\u00ebse Arben Imami \u00ebsht\u00eb hajdut apo jo, nuk \u00ebsht\u00eb i ndar\u00eb nga raportet e tij me Berish\u00ebn, por \u00ebsht\u00eb shum\u00eb i ndar\u00eb nga cil\u00ebsia e tij n\u00eb krahasim me ministrat e tjer\u00eb.<\/p>\n<p>S\u00eb pari un\u00eb besoj se Arben Imami nuk ka b\u00ebr\u00eb asgj\u00eb q\u00eb nuk e di Sali Berisha. Biles gjith\u00eb procedurat e armatosjes s\u00eb SHIU-t blerjes s\u00eb aparatur\u00ebs s\u00eb p\u00ebrgjimit, p\u00ebrgjimi i diplomat\u00ebve t\u00eb huaj, gazetar\u00ebve dhe opozitar\u00ebve, \u00ebsht\u00eb b\u00ebr\u00eb prej Berish\u00ebs.<\/p>\n<p>I futur n\u00eb nj\u00eb spirale makthi nga q\u00eb nuk kishte n\u00ebn kontroll Sh\u00ebrbimin Informativ, Berisha e ka p\u00ebrdorur Sh\u00ebrbimin sekret t\u00eb ushtris\u00eb, si nj\u00eb sh\u00ebrbim sekret paralel n\u00eb var\u00ebsi t\u00eb tij, gati gati si sh\u00ebrbim privat. K\u00ebtu Arben Imami natyrisht nuk \u00ebsht\u00eb aq fajtor\u00eb sa thot\u00eb opozita, por \u00ebsht\u00eb shum\u00eb m\u00eb pa integritet sa\u00e7 thot\u00eb Zheji, pasi ka pranuar t\u00eb b\u00ebj gj\u00ebra q\u00eb rrall\u00eb ministra, biles as at\u00eb q\u00eb s\u2019din\u00eb ku b\u00ebhet shurra n\u00eb hotelet me pes\u00eb yje, ngaq\u00eb skan pas para t\u00eb shkojn\u00eb m\u00eb par\u00eb nuk e b\u00ebjn\u00eb!.<\/p>\n<p>Pra n\u00eb k\u00ebt\u00eb pik\u00eb ose do pranom\u00eb q\u00eb kemi nj\u00eb Minist\u00ebr pa dinjitet , pa personalitet, servil\u00eb, dhe deri n\u00eb mohues t\u00eb vlerave t\u00eb tij politike p\u00ebr t\u00eb cilat ka luftuar si\u00e7 \u00ebsht\u00eb liria e opozit\u00ebs, ose do b\u00ebjm\u00eb budallall\u00ebkun t\u00eb themi q\u00eb Imami i ka b\u00ebr\u00eb t\u00eb gjitha k\u00ebto me kok\u00eb t\u00eb tij se i duhej SHIU t\u00eb rr\u00ebzonte Berish\u00ebn. Zheji mund t\u00eb zgjedh k\u00eb t\u00eb doj\u00eb, por n\u00eb t\u00eb dy rastet do ta vej n\u00eb siklet Imamin.<\/p>\n<p>S\u00eb dyti kemi nj\u00eb histori t\u00eb fort abuzimesh me at\u00eb q\u00eb Imami vete e quan shitje t\u00eb mbeturinave t\u00eb komunizmit n\u00eb ushtri. Nj\u00ebsoj si Berisha ai p\u00ebrgjigjet p\u00ebr gj\u00ebra q\u00eb nuk e ka akuzuar njeri. Nuk ka th\u00ebn\u00eb kush pse po shet fishek e arm\u00eb , por si po i shet dhe me k\u00eb po i shet. Po i shet me dy kompani serbe, me lidhje shum\u00eb t\u00eb forta me Damir Fazllicin, sekserin e familjes s\u00eb kryeministrit, q\u00eb na \u00ebsht\u00eb b\u00ebr\u00eb i pari i sht\u00ebpis\u00eb n\u00eb \u00e7do biznes ku milionat firmosen me nj\u00eb t\u00eb r\u00ebn\u00eb t\u00eb lapsit. \u00cbsht\u00eb klienti i Argita Berish\u00ebs.<\/p>\n<p>\u00cbsht\u00eb njeriu q\u00eb Berisha e fton pas darke \u00ebn sht\u00ebpi p\u00ebr t\u00eb b\u00ebr\u00eb bilancin e fitimeve nga bizneset q\u00eb b\u00ebn me Shqip\u00ebrin\u00eb e nxjerr n\u00eb ankand. \u00cbsht\u00eb njeriu, i par\u00eb dhe fotografuar me Arben Imamin, n\u00eb mjedise private, \u00ebsht\u00eb njeriu q\u00eb Berisha na e ka futur deri n\u00eb Mbledhjen e K\u00ebshillit t\u00eb Sigurimit Komb\u00ebtar. \u00cbsht\u00eb nj\u00eb spekulant mbarballkanik, serbo boshnjak, q\u00eb i del emri sa her\u00eb ngrihen pik\u00ebpyetje p\u00ebr mafien n\u00eb Ballkan. Ju thoni se Arben Imami e ka b\u00ebr\u00eb me kok\u00eb t\u00eb tij k\u00ebt\u00eb Pazar? Nuk ja jap dot k\u00ebt\u00eb merit\u00eb.<\/p>\n<p>Edhe n\u00eb k\u00ebt\u00eb histori t\u00eb pist\u00eb abuzimesh \u00ebsht\u00eb nj\u00eb ushtar servil, i pafytyr\u00eb deri n\u00eb miklimin e shpres\u00ebs se e bija e \u201cAtij\u201d ndoshta do t\u00eb reflektoj dhe do ti dukem djal\u00eb i mir\u00eb, dhe mund t\u00eb b\u00ebj zemr\u00ebn gur dhe t\u00eb m\u00eb hap ndonj\u00eb vend n\u00eb t\u00eb ardhmen n\u00eb selin\u00eb e PD-s\u00eb. \u00cbsht\u00eb aq i vog\u00ebl, aq tin\u00ebzar, aq servil\u00eb, aq mashtrues dhe aktor diletant n\u00eb gjith\u00eb k\u00ebto sjellje prej sh\u00ebrb\u00ebtori ndaj Familjes, sa k\u00ebrkon t\u00eb laj me lek\u00ebt q\u00eb nxirren nga \u201cfund\u00ebrrinat\u201d e Enver Hoxh\u00ebs, gjith\u00eb biografin\u00eb e tij politike me PD dhe familjen Berisha. Nuk i them dot n\u00eb k\u00ebt\u00eb rast q\u00eb ai po b\u00ebn miliona, pasi ato po i b\u00ebn Familja, dhe kjo m\u00eb ngjall nj\u00eb ndjenj\u00eb edhe m\u00eb t\u00eb p\u00ebshtir\u00eb p\u00ebr aktorll\u00ebkun e tij si gjoja njeri me personalitet.<\/p>\n<p>E treta q\u00eb mi sjell zorr\u00ebt tek fyti, \u00ebsht\u00eb deklarata e tij kund\u00ebr Erion Braces. Ja kishte shkruar Sali Berisha. Nga fjali e par\u00eb tek e fundit. Ishin fjal\u00ebt e tij, shprehjet e tij, biles dhe epitet q\u00eb ai p\u00ebrdor her\u00eb pas here p\u00ebr Erion Bracen. Epo Arben Imami, ti marr\u00ebsh t\u00eb keqen t\u00eb gjith\u00eb ministrave t\u00eb tjer\u00eb t\u00eb asaj qeverie, q\u00eb duan t\u00eb vjedhin, duan t\u00eb servilosen, duan t\u00eb b\u00ebjn\u00eb qejfin Argit\u00ebs dhe Shk\u00eblzenit, duan ta ken\u00eb mir\u00eb me Berish\u00ebn, duan nj\u00eb t\u00eb ardhme t\u00eb posht\u00ebruar n\u00eb at\u00eb parti\u2026<\/p>\n<p>Ata kan\u00eb m\u00eb shum\u00eb guxim se ty ti thon\u00eb Berish\u00ebs, s\u00eb paku \u201cta ndreqin vet tekstin\u201d. Imami as at\u00eb se b\u00ebn dot por thjesht e reciton dhe k\u00ebtu debati rreth fakti se \u201cAi vlen edhe pse \u00ebsht\u00eb hajdut\u201d, bie. Ai vlen vet\u00ebm si nj\u00eb hajdut me leje nga Sali Berisha. Dhe ky \u00ebsht\u00eb statusi m\u00eb i p\u00ebshtir\u00eb q\u00eb ka pasur ndonj\u00ebher\u00eb n\u00eb jet\u00eb. Shum\u00eb shpejt ke p\u00ebr ta par\u00eb se i gjith\u00eb aktrimi tij, p\u00ebr tu b\u00ebr\u00eb ur\u00eb n\u00ebn k\u00ebmb\u00ebt e Berishes, ka p\u00ebr tu shp\u00ebrblyer me nj\u00eb shkelm byth\u00ebve.<\/p>\n<p>M\u00ebsova se Berisha ka nisur kontrollin e brendsh\u00ebm n\u00eb at\u00eb ministri, jo se nuk e di se \u00e7far\u00eb ka ndodhur, por se i duhet dhe alternativa e \u201cduarve t\u00eb pastra\u201d , n\u00ebse Imami nga servilizmi e ka trashur. Do ta sakrifikoj pa ju dhimbsur dhe at\u00ebher\u00eb do t\u00eb duken dhe m\u00eb t\u00eb sh\u00ebmtuara gjith\u00eb k\u00ebto q\u00eb b\u00ebr\u00eb n\u00eb em\u00ebr t\u00eb \u00ebndrr\u00ebs s\u00eb tij p\u00ebr ta bler\u00eb me lek t\u00eb pista t\u00eb shkuar\u00ebn aspak t\u00eb past\u00ebr n\u00eb raport me k\u00ebt\u00eb njeri, q\u00eb deri tani i ka prishur gjumin, por duket se po i prish gjith\u00eb jet\u00ebn.<\/p>\n","protected":false},"excerpt":{"rendered":"<p>Mero Baze, 29 Shtator 2012 Ka nj\u00eb p\u00ebrpjekje q\u00eb debati publik rreth abuzimeve t\u00eb Arben Imamit, t\u00eb fokusohet tek fati i tij n\u00eb qeverisjen e Berish\u00ebs. N\u00eb p\u00ebrpjekje p\u00ebr ta mbrojtur at\u00eb si nj\u00eb minist\u00ebr m\u00eb t\u00eb mir\u00eb se t\u00eb tjer\u00ebt, n\u00eb nj\u00eb koment t\u00eb tij Artur Zheji, vler\u00ebsonte faktin q\u00eb Imami \u00ebsht\u00eb i shkolluar, [&hellip;]<\/p>\n","protected":false},"author":1,"featured_media":0,"comment_status":"open","ping_status":"closed","sticky":false,"template":"","format":"standard","meta":{"footnotes":""},"categories":[2],"tags":[],"class_list":{"0":"post-5211","1":"post","2":"type-post","3":"status-publish","4":"format-standard","6":"category-artikuj"},"yoast_head":"<!-- This site is optimized with the Yoast SEO plugin v27.4 - https:\/\/yoast.com\/product\/yoast-seo-wordpress\/ -->\n<title>\u201cHajdut me leje\u201d, apo \u201chajdut i pavarur\u201d! - FjALA e LIR\u00cb - Arkivi<\/title>\n<meta name=\"robots\" content=\"index, follow, max-snippet:-1, max-image-preview:large, max-video-preview:-1\" \/>\n<link rel=\"canonical\" href=\"https:\/\/fjala.info\/2009-2015\/hajdut-me-leje-apo-hajdut-i-pavarur\/\" \/>\n<meta property=\"og:locale\" content=\"sq_AL\" \/>\n<meta property=\"og:type\" content=\"article\" \/>\n<meta property=\"og:title\" content=\"\u201cHajdut me leje\u201d, apo \u201chajdut i pavarur\u201d! - FjALA e LIR\u00cb - Arkivi\" \/>\n<meta property=\"og:description\" content=\"Mero Baze, 29 Shtator 2012 Ka nj\u00eb p\u00ebrpjekje q\u00eb debati publik rreth abuzimeve t\u00eb Arben Imamit, t\u00eb fokusohet tek fati i tij n\u00eb qeverisjen e Berish\u00ebs. N\u00eb p\u00ebrpjekje p\u00ebr ta mbrojtur at\u00eb si nj\u00eb minist\u00ebr m\u00eb t\u00eb mir\u00eb se t\u00eb tjer\u00ebt, n\u00eb nj\u00eb koment t\u00eb tij Artur Zheji, vler\u00ebsonte faktin q\u00eb Imami \u00ebsht\u00eb i shkolluar, [&hellip;]\" \/>\n<meta property=\"og:url\" content=\"https:\/\/fjala.info\/2009-2015\/hajdut-me-leje-apo-hajdut-i-pavarur\/\" \/>\n<meta property=\"og:site_name\" content=\"FjALA e LIR\u00cb - Arkivi\" \/>\n<meta property=\"article:published_time\" content=\"2012-09-29T20:58:37+00:00\" \/>\n<meta property=\"og:image\" content=\"http:\/\/www.fjala.info\/2012\/mero_baze.jpg\" \/>\n<meta name=\"author\" content=\"admin\" \/>\n<meta name=\"twitter:card\" content=\"summary_large_image\" \/>\n<meta name=\"twitter:label1\" content=\"Written by\" \/>\n\t<meta name=\"twitter:data1\" content=\"admin\" \/>\n\t<meta name=\"twitter:label2\" content=\"Est. reading time\" \/>\n\t<meta name=\"twitter:data2\" content=\"6 minutes\" \/>\n<script type=\"application\/ld+json\" class=\"yoast-schema-graph\">{\"@context\":\"https:\\\/\\\/schema.org\",\"@graph\":[{\"@type\":\"Article\",\"@id\":\"https:\\\/\\\/fjala.info\\\/2009-2015\\\/hajdut-me-leje-apo-hajdut-i-pavarur\\\/#article\",\"isPartOf\":{\"@id\":\"https:\\\/\\\/fjala.info\\\/2009-2015\\\/hajdut-me-leje-apo-hajdut-i-pavarur\\\/\"},\"author\":{\"name\":\"admin\",\"@id\":\"https:\\\/\\\/fjala.info\\\/2009-2015\\\/#\\\/schema\\\/person\\\/3aa1163ef05469c496fc94e77611ada2\"},\"headline\":\"\u201cHajdut me leje\u201d, apo \u201chajdut i pavarur\u201d!\",\"datePublished\":\"2012-09-29T20:58:37+00:00\",\"mainEntityOfPage\":{\"@id\":\"https:\\\/\\\/fjala.info\\\/2009-2015\\\/hajdut-me-leje-apo-hajdut-i-pavarur\\\/\"},\"wordCount\":1119,\"commentCount\":0,\"publisher\":{\"@id\":\"https:\\\/\\\/fjala.info\\\/2009-2015\\\/#organization\"},\"image\":{\"@id\":\"https:\\\/\\\/fjala.info\\\/2009-2015\\\/hajdut-me-leje-apo-hajdut-i-pavarur\\\/#primaryimage\"},\"thumbnailUrl\":\"http:\\\/\\\/www.fjala.info\\\/2012\\\/mero_baze.jpg\",\"articleSection\":[\"Artikuj\"],\"inLanguage\":\"sq-AL\",\"potentialAction\":[{\"@type\":\"CommentAction\",\"name\":\"Comment\",\"target\":[\"https:\\\/\\\/fjala.info\\\/2009-2015\\\/hajdut-me-leje-apo-hajdut-i-pavarur\\\/#respond\"]}]},{\"@type\":\"WebPage\",\"@id\":\"https:\\\/\\\/fjala.info\\\/2009-2015\\\/hajdut-me-leje-apo-hajdut-i-pavarur\\\/\",\"url\":\"https:\\\/\\\/fjala.info\\\/2009-2015\\\/hajdut-me-leje-apo-hajdut-i-pavarur\\\/\",\"name\":\"\u201cHajdut me leje\u201d, apo \u201chajdut i pavarur\u201d! - FjALA e LIR\u00cb - Arkivi\",\"isPartOf\":{\"@id\":\"https:\\\/\\\/fjala.info\\\/2009-2015\\\/#website\"},\"primaryImageOfPage\":{\"@id\":\"https:\\\/\\\/fjala.info\\\/2009-2015\\\/hajdut-me-leje-apo-hajdut-i-pavarur\\\/#primaryimage\"},\"image\":{\"@id\":\"https:\\\/\\\/fjala.info\\\/2009-2015\\\/hajdut-me-leje-apo-hajdut-i-pavarur\\\/#primaryimage\"},\"thumbnailUrl\":\"http:\\\/\\\/www.fjala.info\\\/2012\\\/mero_baze.jpg\",\"datePublished\":\"2012-09-29T20:58:37+00:00\",\"breadcrumb\":{\"@id\":\"https:\\\/\\\/fjala.info\\\/2009-2015\\\/hajdut-me-leje-apo-hajdut-i-pavarur\\\/#breadcrumb\"},\"inLanguage\":\"sq-AL\",\"potentialAction\":[{\"@type\":\"ReadAction\",\"target\":[\"https:\\\/\\\/fjala.info\\\/2009-2015\\\/hajdut-me-leje-apo-hajdut-i-pavarur\\\/\"]}]},{\"@type\":\"ImageObject\",\"inLanguage\":\"sq-AL\",\"@id\":\"https:\\\/\\\/fjala.info\\\/2009-2015\\\/hajdut-me-leje-apo-hajdut-i-pavarur\\\/#primaryimage\",\"url\":\"http:\\\/\\\/www.fjala.info\\\/2012\\\/mero_baze.jpg\",\"contentUrl\":\"http:\\\/\\\/www.fjala.info\\\/2012\\\/mero_baze.jpg\"},{\"@type\":\"BreadcrumbList\",\"@id\":\"https:\\\/\\\/fjala.info\\\/2009-2015\\\/hajdut-me-leje-apo-hajdut-i-pavarur\\\/#breadcrumb\",\"itemListElement\":[{\"@type\":\"ListItem\",\"position\":1,\"name\":\"Home\",\"item\":\"https:\\\/\\\/fjala.info\\\/2009-2015\\\/\"},{\"@type\":\"ListItem\",\"position\":2,\"name\":\"\u201cHajdut me leje\u201d, apo \u201chajdut i pavarur\u201d!\"}]},{\"@type\":\"WebSite\",\"@id\":\"https:\\\/\\\/fjala.info\\\/2009-2015\\\/#website\",\"url\":\"https:\\\/\\\/fjala.info\\\/2009-2015\\\/\",\"name\":\"FjALA e LIR\u00cb - Arkivi\",\"description\":\"Arkivi 2009-2015\",\"publisher\":{\"@id\":\"https:\\\/\\\/fjala.info\\\/2009-2015\\\/#organization\"},\"potentialAction\":[{\"@type\":\"SearchAction\",\"target\":{\"@type\":\"EntryPoint\",\"urlTemplate\":\"https:\\\/\\\/fjala.info\\\/2009-2015\\\/?s={search_term_string}\"},\"query-input\":{\"@type\":\"PropertyValueSpecification\",\"valueRequired\":true,\"valueName\":\"search_term_string\"}}],\"inLanguage\":\"sq-AL\"},{\"@type\":\"Organization\",\"@id\":\"https:\\\/\\\/fjala.info\\\/2009-2015\\\/#organization\",\"name\":\"FjALA e LIR\u00cb - Arkivi\",\"url\":\"https:\\\/\\\/fjala.info\\\/2009-2015\\\/\",\"logo\":{\"@type\":\"ImageObject\",\"inLanguage\":\"sq-AL\",\"@id\":\"https:\\\/\\\/fjala.info\\\/2009-2015\\\/#\\\/schema\\\/logo\\\/image\\\/\",\"url\":\"\",\"contentUrl\":\"\",\"caption\":\"FjALA e LIR\u00cb - Arkivi\"},\"image\":{\"@id\":\"https:\\\/\\\/fjala.info\\\/2009-2015\\\/#\\\/schema\\\/logo\\\/image\\\/\"}},{\"@type\":\"Person\",\"@id\":\"https:\\\/\\\/fjala.info\\\/2009-2015\\\/#\\\/schema\\\/person\\\/3aa1163ef05469c496fc94e77611ada2\",\"name\":\"admin\",\"image\":{\"@type\":\"ImageObject\",\"inLanguage\":\"sq-AL\",\"@id\":\"https:\\\/\\\/fjala.info\\\/2009-2015\\\/wp-content\\\/uploads\\\/2012\\\/02\\\/arben_cokaj-120x150.jpg\",\"url\":\"https:\\\/\\\/fjala.info\\\/2009-2015\\\/wp-content\\\/uploads\\\/2012\\\/02\\\/arben_cokaj-120x150.jpg\",\"contentUrl\":\"https:\\\/\\\/fjala.info\\\/2009-2015\\\/wp-content\\\/uploads\\\/2012\\\/02\\\/arben_cokaj-120x150.jpg\",\"caption\":\"admin\"},\"description\":\"Admin, Fjala e Lir\u00eb\",\"sameAs\":[\"https:\\\/\\\/fjala.info\\\/\"],\"url\":\"https:\\\/\\\/fjala.info\\\/2009-2015\\\/author\\\/admin\\\/\"}]}<\/script>\n<!-- \/ Yoast SEO plugin. -->","yoast_head_json":{"title":"\u201cHajdut me leje\u201d, apo \u201chajdut i pavarur\u201d! - FjALA e LIR\u00cb - Arkivi","robots":{"index":"index","follow":"follow","max-snippet":"max-snippet:-1","max-image-preview":"max-image-preview:large","max-video-preview":"max-video-preview:-1"},"canonical":"https:\/\/fjala.info\/2009-2015\/hajdut-me-leje-apo-hajdut-i-pavarur\/","og_locale":"sq_AL","og_type":"article","og_title":"\u201cHajdut me leje\u201d, apo \u201chajdut i pavarur\u201d! - FjALA e LIR\u00cb - Arkivi","og_description":"Mero Baze, 29 Shtator 2012 Ka nj\u00eb p\u00ebrpjekje q\u00eb debati publik rreth abuzimeve t\u00eb Arben Imamit, t\u00eb fokusohet tek fati i tij n\u00eb qeverisjen e Berish\u00ebs. N\u00eb p\u00ebrpjekje p\u00ebr ta mbrojtur at\u00eb si nj\u00eb minist\u00ebr m\u00eb t\u00eb mir\u00eb se t\u00eb tjer\u00ebt, n\u00eb nj\u00eb koment t\u00eb tij Artur Zheji, vler\u00ebsonte faktin q\u00eb Imami \u00ebsht\u00eb i shkolluar, [&hellip;]","og_url":"https:\/\/fjala.info\/2009-2015\/hajdut-me-leje-apo-hajdut-i-pavarur\/","og_site_name":"FjALA e LIR\u00cb - Arkivi","article_published_time":"2012-09-29T20:58:37+00:00","og_image":[{"url":"http:\/\/www.fjala.info\/2012\/mero_baze.jpg","type":"","width":"","height":""}],"author":"admin","twitter_card":"summary_large_image","twitter_misc":{"Written by":"admin","Est. reading time":"6 minutes"},"schema":{"@context":"https:\/\/schema.org","@graph":[{"@type":"Article","@id":"https:\/\/fjala.info\/2009-2015\/hajdut-me-leje-apo-hajdut-i-pavarur\/#article","isPartOf":{"@id":"https:\/\/fjala.info\/2009-2015\/hajdut-me-leje-apo-hajdut-i-pavarur\/"},"author":{"name":"admin","@id":"https:\/\/fjala.info\/2009-2015\/#\/schema\/person\/3aa1163ef05469c496fc94e77611ada2"},"headline":"\u201cHajdut me leje\u201d, apo \u201chajdut i pavarur\u201d!","datePublished":"2012-09-29T20:58:37+00:00","mainEntityOfPage":{"@id":"https:\/\/fjala.info\/2009-2015\/hajdut-me-leje-apo-hajdut-i-pavarur\/"},"wordCount":1119,"commentCount":0,"publisher":{"@id":"https:\/\/fjala.info\/2009-2015\/#organization"},"image":{"@id":"https:\/\/fjala.info\/2009-2015\/hajdut-me-leje-apo-hajdut-i-pavarur\/#primaryimage"},"thumbnailUrl":"http:\/\/www.fjala.info\/2012\/mero_baze.jpg","articleSection":["Artikuj"],"inLanguage":"sq-AL","potentialAction":[{"@type":"CommentAction","name":"Comment","target":["https:\/\/fjala.info\/2009-2015\/hajdut-me-leje-apo-hajdut-i-pavarur\/#respond"]}]},{"@type":"WebPage","@id":"https:\/\/fjala.info\/2009-2015\/hajdut-me-leje-apo-hajdut-i-pavarur\/","url":"https:\/\/fjala.info\/2009-2015\/hajdut-me-leje-apo-hajdut-i-pavarur\/","name":"\u201cHajdut me leje\u201d, apo \u201chajdut i pavarur\u201d! - FjALA e LIR\u00cb - Arkivi","isPartOf":{"@id":"https:\/\/fjala.info\/2009-2015\/#website"},"primaryImageOfPage":{"@id":"https:\/\/fjala.info\/2009-2015\/hajdut-me-leje-apo-hajdut-i-pavarur\/#primaryimage"},"image":{"@id":"https:\/\/fjala.info\/2009-2015\/hajdut-me-leje-apo-hajdut-i-pavarur\/#primaryimage"},"thumbnailUrl":"http:\/\/www.fjala.info\/2012\/mero_baze.jpg","datePublished":"2012-09-29T20:58:37+00:00","breadcrumb":{"@id":"https:\/\/fjala.info\/2009-2015\/hajdut-me-leje-apo-hajdut-i-pavarur\/#breadcrumb"},"inLanguage":"sq-AL","potentialAction":[{"@type":"ReadAction","target":["https:\/\/fjala.info\/2009-2015\/hajdut-me-leje-apo-hajdut-i-pavarur\/"]}]},{"@type":"ImageObject","inLanguage":"sq-AL","@id":"https:\/\/fjala.info\/2009-2015\/hajdut-me-leje-apo-hajdut-i-pavarur\/#primaryimage","url":"http:\/\/www.fjala.info\/2012\/mero_baze.jpg","contentUrl":"http:\/\/www.fjala.info\/2012\/mero_baze.jpg"},{"@type":"BreadcrumbList","@id":"https:\/\/fjala.info\/2009-2015\/hajdut-me-leje-apo-hajdut-i-pavarur\/#breadcrumb","itemListElement":[{"@type":"ListItem","position":1,"name":"Home","item":"https:\/\/fjala.info\/2009-2015\/"},{"@type":"ListItem","position":2,"name":"\u201cHajdut me leje\u201d, apo \u201chajdut i pavarur\u201d!"}]},{"@type":"WebSite","@id":"https:\/\/fjala.info\/2009-2015\/#website","url":"https:\/\/fjala.info\/2009-2015\/","name":"FjALA e LIR\u00cb - Arkivi","description":"Arkivi 2009-2015","publisher":{"@id":"https:\/\/fjala.info\/2009-2015\/#organization"},"potentialAction":[{"@type":"SearchAction","target":{"@type":"EntryPoint","urlTemplate":"https:\/\/fjala.info\/2009-2015\/?s={search_term_string}"},"query-input":{"@type":"PropertyValueSpecification","valueRequired":true,"valueName":"search_term_string"}}],"inLanguage":"sq-AL"},{"@type":"Organization","@id":"https:\/\/fjala.info\/2009-2015\/#organization","name":"FjALA e LIR\u00cb - Arkivi","url":"https:\/\/fjala.info\/2009-2015\/","logo":{"@type":"ImageObject","inLanguage":"sq-AL","@id":"https:\/\/fjala.info\/2009-2015\/#\/schema\/logo\/image\/","url":"","contentUrl":"","caption":"FjALA e LIR\u00cb - Arkivi"},"image":{"@id":"https:\/\/fjala.info\/2009-2015\/#\/schema\/logo\/image\/"}},{"@type":"Person","@id":"https:\/\/fjala.info\/2009-2015\/#\/schema\/person\/3aa1163ef05469c496fc94e77611ada2","name":"admin","image":{"@type":"ImageObject","inLanguage":"sq-AL","@id":"https:\/\/fjala.info\/2009-2015\/wp-content\/uploads\/2012\/02\/arben_cokaj-120x150.jpg","url":"https:\/\/fjala.info\/2009-2015\/wp-content\/uploads\/2012\/02\/arben_cokaj-120x150.jpg","contentUrl":"https:\/\/fjala.info\/2009-2015\/wp-content\/uploads\/2012\/02\/arben_cokaj-120x150.jpg","caption":"admin"},"description":"Admin, Fjala e Lir\u00eb","sameAs":["https:\/\/fjala.info\/"],"url":"https:\/\/fjala.info\/2009-2015\/author\/admin\/"}]}},"_links":{"self":[{"href":"https:\/\/fjala.info\/2009-2015\/wp-json\/wp\/v2\/posts\/5211","targetHints":{"allow":["GET"]}}],"collection":[{"href":"https:\/\/fjala.info\/2009-2015\/wp-json\/wp\/v2\/posts"}],"about":[{"href":"https:\/\/fjala.info\/2009-2015\/wp-json\/wp\/v2\/types\/post"}],"author":[{"embeddable":true,"href":"https:\/\/fjala.info\/2009-2015\/wp-json\/wp\/v2\/users\/1"}],"replies":[{"embeddable":true,"href":"https:\/\/fjala.info\/2009-2015\/wp-json\/wp\/v2\/comments?post=5211"}],"version-history":[{"count":0,"href":"https:\/\/fjala.info\/2009-2015\/wp-json\/wp\/v2\/posts\/5211\/revisions"}],"wp:attachment":[{"href":"https:\/\/fjala.info\/2009-2015\/wp-json\/wp\/v2\/media?parent=5211"}],"wp:term":[{"taxonomy":"category","embeddable":true,"href":"https:\/\/fjala.info\/2009-2015\/wp-json\/wp\/v2\/categories?post=5211"},{"taxonomy":"post_tag","embeddable":true,"href":"https:\/\/fjala.info\/2009-2015\/wp-json\/wp\/v2\/tags?post=5211"}],"curies":[{"name":"wp","href":"https:\/\/api.w.org\/{rel}","templated":true}]}}