{"id":5209,"date":"2010-12-14T23:05:34","date_gmt":"2010-12-14T22:05:34","guid":{"rendered":"http:\/\/fjala.shkoder.net\/?p=5209"},"modified":"2010-12-14T23:05:34","modified_gmt":"2010-12-14T22:05:34","slug":"nje-gabim-i-habitshem-i-berishes-ne-intervisten-per-dhjetorin-1990","status":"publish","type":"post","link":"https:\/\/fjala.info\/2009-2015\/nje-gabim-i-habitshem-i-berishes-ne-intervisten-per-dhjetorin-1990\/","title":{"rendered":"Nj\u00eb gabim i habitsh\u00ebm i Berish\u00ebs n\u00eb intervist\u00ebn p\u00ebr Dhjetorin 1990"},"content":{"rendered":"<p><img loading=\"lazy\" decoding=\"async\" class=\"alignright size-medium wp-image-5210\" title=\"Berisha, dhjetor '90\" src=\"http:\/\/fjala.shkoder.net\/wp-content\/uploads\/2010\/12\/berisha_dhjetor90-300x192.jpg\" alt=\"\" width=\"300\" height=\"192\" \/><br \/>\n<strong>Pre\u00e7 Zogaj<\/strong>, <em>14.12.2010<\/em><\/p>\n<p>L\u00ebvizja Studentore Intelektuale e dhjetorit 1990 \u00ebsht\u00eb p\u00ebrkujtuar kurdoher\u00eb me d\u00ebshmi dhe spektakle. K\u00ebt\u00eb vit, p\u00ebr shkak t\u00eb p\u00ebrmbytjeve n\u00eb Shkod\u00ebr, nuk pati mitingje, koncerte apo ceremoni festive. Rrjedhimisht, dhjetori k\u00ebsaj radhe sikur u la i lir\u00eb p\u00ebr t\u00eb folur m\u00eb shum\u00eb e d\u00ebgjuar m\u00eb shum\u00eb p\u00ebr L\u00ebvizjen Studentore. U intervistuan p\u00ebrs\u00ebri pjes\u00ebmarr\u00ebsit kryesor\u00eb n\u00eb at\u00eb L\u00ebvizje. U ribotuan dhe u ritransmetuan intervista dhe prononcime t\u00eb protagonist\u00ebve q\u00eb nuk jetojn\u00eb m\u00eb.<\/p>\n<p>U than\u00eb pak a shum\u00eb t\u00eb nj\u00ebjtat gj\u00ebra, me ca shtojca t\u00eb vogla k\u00ebtu e heqje t\u00eb vogla atje-produkt i harres\u00ebs q\u00eb ka nisur t\u00eb b\u00ebj\u00eb t\u00eb veten, por edhe i retushimeve dhe rregullimeve t\u00eb q\u00ebllimshme. Kam bindjen se kur ka par\u00eb ritransmetimin e bised\u00ebs s\u00eb tij t\u00eb fundit me gazetarin Blendi Fevziu p\u00ebr L\u00ebvizjen e Dhjetorit, kryeministrit Berisha mund t\u00eb jet\u00eb ndier keq me dy tre pasakt\u00ebsi, n\u00eb radh\u00eb t\u00eb par\u00eb me momentin e zgjedhjes s\u00eb tij p\u00ebr her\u00eb t\u00eb par\u00eb si kryetar i PD-s\u00eb. Ai tha se \u00ebsht\u00eb zgjedhur kryetar i PD-s\u00eb me shtat\u00ebdhjet\u00eb p\u00ebr qind t\u00eb votave nga aktivi! Pa treguar nj\u00eb dat\u00eb dhe pa specifikuar se p\u00ebr cilin aktiv e kishte fjal\u00ebn. \u00cbsht\u00eb kaq flagrante pasakt\u00ebsia, sa nuk t\u00eb shkon mendja se \u00ebsht\u00eb b\u00ebr\u00eb me q\u00ebllim.<\/p>\n<p>Dhe nuk t\u00eb shijon as ta p\u00ebrg\u00ebnjeshtrosh. Por, nga ana tjet\u00ebr, harresa mund t\u00eb jet\u00eb me shqet\u00ebsuese se sa nj\u00eb sajes\u00eb p\u00ebr kryeministrin e vendit. Zoti Berisha \u00ebsht\u00eb rizgjedhur shum\u00eb her\u00eb kryetar i PD-s\u00eb, por ngjarja kryesore n\u00eb gjith\u00eb karrier\u00ebn e tij politike \u00ebsht\u00eb zgjedhja p\u00ebr her\u00eb t\u00eb par\u00eb kryetar i PD-s\u00eb me 14 shkurt 1991 n\u00eb mbledhjen e n\u00ebnt\u00ebmb\u00ebdhjet\u00eb an\u00ebtar\u00ebve t\u00eb Komitetit Drejtues t\u00eb PDSH-s\u00eb. Si mund t\u00eb ngat\u00ebrroj\u00eb njeriu ngjarjen kryesore politike t\u00eb jet\u00ebs? Zoti Berisha \u00ebsht\u00eb personazh ky\u00e7 i L\u00ebvizjes s\u00eb Dhjetorit. Ai mund t\u00eb b\u00ebje politik\u00eb korente me m\u00ebnyr\u00ebn si i sheh ato ngjarje, por nuk i lejohen pasakt\u00ebsit\u00eb me datat dhe ngjarjet e dokumentuara.<\/p>\n<p>E soll\u00ebm k\u00ebt\u00eb shembull p\u00ebr t\u00eb ndrequr shpejt e shpejt nj\u00eb gabim t\u00eb fresk\u00ebt. Por duhet th\u00ebn\u00eb se n\u00eb p\u00ebrgjith\u00ebsi, pavar\u00ebsisht zbukurimeve apo reti\u00e7encave, ngjarjet e Dhjetorit 1990 jan\u00eb treguar drejt nga ata q\u00eb kan\u00eb folur e shkruar p\u00ebr to. Besnik Mustafaj u ka kushtuar nj\u00eb vend nderi n\u00eb librin e tij t\u00eb njohur &#8220;Midis krimeve dhe imazheve&#8221;.<\/p>\n<p>Blendi Fevziu ka sjell\u00eb d\u00ebshmin\u00eb e tij n\u00eb librin &#8220;Piedestalet pa statuja&#8221;. T\u00eb dy k\u00ebto libra jan\u00eb shkruar e botuar her\u00ebt. Jan\u00eb sh\u00ebnime q\u00eb ruajn\u00eb freskin\u00eb dhe \u00e7ilt\u00ebrsin\u00eb e kronikave t\u00eb hedhura n\u00eb let\u00ebr n\u00eb koh\u00eb reale me zhvillimin e ngjarjeve. Pamjet e L\u00ebvizjes q\u00eb ndri\u00e7ojn\u00eb k\u00ebto dy libra &#8211; pamje t\u00eb pjesshme sigurisht &#8211; nuk jan\u00eb ven\u00eb ndonj\u00ebher\u00eb n\u00eb diskutim p\u00ebr sa i p\u00ebrket v\u00ebrtet\u00ebsis\u00eb s\u00eb fakteve. Jan\u00eb tjet\u00ebr gj\u00eb opinionet, interpretimet rreth tyre.<\/p>\n<p>Intervistat e Berish\u00ebs, Pashkos, Hajdarit, Imamit, Shinasi Ram\u00ebs, Meksit, Edi Ram\u00ebs, Gjinushit, ish-presidentit t\u00eb koh\u00ebs, Ramiz Alia e shum\u00eb t\u00eb tjera, sikurse sh\u00ebnimet e pasura dhe t\u00eb pakrahasueshme p\u00ebr nga konkret\u00ebsia e episodeve dhe detajeve t\u00eb Mitro \u00c7el\u00ebs, kan\u00eb ndri\u00e7uar faqe dhe k\u00ebnde t\u00eb tjera t\u00eb zhvillimeve politike t\u00eb asaj kohe. E gjith\u00eb kjo nuk do t\u00eb thot\u00eb ende se e v\u00ebrteta \u00ebsht\u00eb treguar e plot\u00eb.<\/p>\n<p>Ka gjithnj\u00eb burime dhe mund\u00ebsi t\u00eb reja p\u00ebr t\u00eb shkuar m\u00eb tutje, edhe pse n\u00eb pamje t\u00eb par\u00eb duket se L\u00ebvizja a e Dhjetorit ka zgjatur pak dhe nuk ka m\u00eb shum\u00eb se kat\u00ebr pes\u00eb kulme p\u00ebr t&#8217;u shteruar dhe dy- tre &#8220;mistere&#8221; p\u00ebr t&#8217;u zbuluar. N\u00eb fakt, e reja e k\u00ebtij nj\u00ebzetvjetori pa spektakle dhe koncerte t\u00eb zhurmshme mendoj se jan\u00eb kat\u00ebr prurje apo d\u00ebshmi q\u00eb pasurojn\u00eb gam\u00ebn e k\u00ebndshikimeve dhe ngren\u00eb n\u00eb nivelin e dokumentimit disa t\u00eb v\u00ebrteta t\u00eb L\u00ebvizjes s\u00eb Dhjetorit. Ato jan\u00eb: Dokumentari televiziv i gazetarit Blendi Fevziu; Libri &#8220;Dokumente&#8221; i p\u00ebrgatitur nga ish kryeministri Aleksand\u00ebr Meksi, nj\u00eb dosje e gazetares Luljeta Progni dhe sh\u00ebnimet e Shinasi Ram\u00ebs.<\/p>\n<p>Dokumentari i Fevziut nuk \u00ebsht\u00eb shfaqur ende p\u00ebr publikun e gjer\u00eb, por un\u00eb pata rastin ta shoh n\u00eb shfaqjen premier\u00eb n\u00eb teatrin e televizionit &#8220;Klan&#8221;. Si pjes\u00ebmarr\u00ebs dhe njoh\u00ebs nga m\u00eb t\u00eb mir\u00ebt e L\u00ebvizjes s\u00eb Dhjetorit, Fevziu ka m\u00ebtuar dhe mendoj se ia ka dal\u00eb m\u00eb mir\u00eb se gjithkush tjet\u00ebr deri m\u00eb sot t\u00eb rind\u00ebrtoj\u00eb or\u00eb pas ore, nganj\u00ebher\u00eb edhe minut\u00eb p\u00ebr minut\u00eb, me pamje t\u00eb reja dhe me d\u00ebshmi t\u00eb d\u00ebshmitar\u00ebve, kat\u00ebr net\u00ebt dhe tre dit\u00ebt e para t\u00eb L\u00ebvizjes.<\/p>\n<p>Pra, periudh\u00ebn nga mesnata e tet\u00eb dhjetorit kur nisi protesta e par\u00eb deri n\u00eb mesnat\u00ebn e 11 dhjetorit kur u vendos krijimi i PD-s\u00eb. Q\u00eb nga libri i tij i hersh\u00ebm &#8220;Piedestalet pa statuja&#8221;, Fevziu ka ardhur duke i pasuruar burimet e informacionit p\u00ebr k\u00ebt\u00eb periudh\u00eb t\u00eb stuhishme. Ai ka intervistuar gjer\u00eb e gjat\u00eb shumic\u00ebn e aktor\u00ebve politik\u00eb t\u00eb asaj kohe, gj\u00eb q\u00eb i ka dh\u00ebn\u00eb mund\u00ebsi t\u00eb pohoj\u00eb dhe nj\u00ebkoh\u00ebsisht t\u00eb dyshoj\u00eb aty ku d\u00ebshmit\u00eb l\u00ebn\u00eb t\u00eb \u00e7ara. N\u00eb dokumentarin e fundit, Fevziu sjell filmime dhe dokumente t\u00eb panjohura deri me sot.<\/p>\n<p>P\u00ebr her\u00eb t\u00eb par\u00eb vin\u00eb pamjet e protest\u00ebs s\u00eb tet\u00eb dhjetorit, filmuar n\u00eb kushte klandestiniteti nga kameramani Robert Stringa i Institutit t\u00eb lart\u00eb t\u00eb Arteve, E dinim &#8221; t\u00eb humbur&#8221; protest\u00ebn q\u00eb ndau n\u00eb dysh fatin e vendit. Mendonim me d\u00ebshp\u00ebrim se episodi m\u00eb epik i p\u00ebrpjekjes s\u00eb nj\u00eb brezi p\u00ebr Liri dhe Demokraci ishte fshir\u00eb ne terrin e nj\u00eb nate shqiptare, n\u00ebn hak\u00ebrrimat dhe k\u00ebrba\u00e7in e shtetit t\u00eb dhunsh\u00ebm. Por rasti apo vet\u00eb historia sikur e kishin \u00e7uar me dor\u00eb kameramanin Stringa n\u00eb vendin e p\u00ebrballjes s\u00eb par\u00eb. Pamjet jan\u00eb t\u00eb turbullta, nuk shohim fytyra por silueta, d\u00ebgjojm\u00eb z\u00ebra, thirrje, parulla; ndjejm\u00eb shp\u00ebrthimin e t\u00eb folur\u00ebs s\u00eb lir\u00eb pas dekadave t\u00eb heshtjes dhe belb\u00ebzimit.<\/p>\n<p>Po \u00e7far\u00eb ndodhte n\u00eb zyrat e shtetit t\u00eb at\u00ebhersh\u00ebm? Dokumentari n\u00eb fjal\u00eb sjell p\u00ebr her\u00eb t\u00eb par\u00eb fragmente nga mbledhja e Komitetit Qendror t\u00eb atyre dit\u00ebve dhe filmimet e nj\u00eb takimi t\u00eb ngusht\u00eb t\u00eb zyrtar\u00ebve m\u00eb t\u00eb lart\u00eb t\u00eb partis\u00eb dhe qeveris\u00eb. Jan\u00eb pamje q\u00eb flasin shum\u00eb jo vet\u00ebm p\u00ebr pozicionin dhe loj\u00ebn politike n\u00eb an\u00ebn tjet\u00ebr t\u00eb barrikad\u00ebs, por edhe p\u00ebr atriofizimin tragjikomik q\u00eb prodhon izolimi dhe paranoja.<\/p>\n<p>Zgjerimi i fush\u00ebpamjes me skena dhe d\u00ebshmi ku gazetari nuk ka mundur t\u00eb jet\u00eb apo ku nuk mund t\u00eb ishte i pranish\u00ebm ka rritur shkall\u00ebn e objektivitetit t\u00eb dokumentarit t\u00eb tij. Por nd\u00ebrkaq, nd\u00ebrsa tenton t&#8217;u afrohet sa p\u00ebrmes d\u00ebshmive aq edhe p\u00ebrmes arsyetimit, Fevziu i l\u00eb hapur pik\u00ebpyetjet q\u00eb kan\u00eb t\u00eb b\u00ebjn\u00eb me faktin se kush e ndezi L\u00ebvizjen, cili ishte roli i PPSH-s\u00eb. N\u00eb k\u00ebt\u00eb pik\u00eb dokumentari i Fevziut rrezonon deri diku me sh\u00ebnimet e Shinasi Ram\u00ebs, botuar s\u00eb fundi n\u00eb gazet\u00ebn &#8220;Shekulli&#8221;. Filmimet e protestave studentore nga Agim Buxheli, sikurse filmimi i takimit t\u00eb ish Presidentit Ramiz Alia me student\u00ebt tregojn\u00eb qart\u00eb pozicionin e avancuar t\u00eb Shinasi Ram\u00ebs n\u00eb lidhje me pluralizmin dhe karakterin politik t\u00eb L\u00ebvizjes Studentore.<\/p>\n<p>N\u00eb leximin e tij t\u00eb ngjarjeve t\u00eb Dhjetorit dhe pasojave q\u00eb ato prodhuan n\u00eb jet\u00ebn politike t\u00eb vendit, Shinasi Rama jo vet\u00ebm ka ngritur dyshime, por ka qen\u00eb edhe i prer\u00eb n\u00eb pik\u00ebpamjen e tij se regjimit i interesonte nj\u00eb L\u00ebvizje studentore e kontrolluar, por n\u00eb \u00e7\u00ebshtjet ky\u00e7e L\u00ebvizja i doli nga duart fal\u00eb etjes s\u00eb student\u00ebve p\u00ebr liri dhe demokraci t\u00eb v\u00ebrtet\u00eb. D\u00ebshmit\u00eb, interpretimet, apo pik\u00ebpamjet q\u00eb sjell Shinasi Rama jan\u00eb nj\u00eb fotografi e diversitetit q\u00eb ka karakterizuar L\u00ebvizjen. N\u00eb at\u00eb diversitet u plazmua produkti i saj n\u00ebp\u00ebr vite. Injorimi apo censurimi i tyre cungon, p\u00ebr t\u00eb mos th\u00ebn\u00eb deformon t\u00eb v\u00ebrtet\u00ebn e L\u00ebvizjes.<\/p>\n<p>&#8220;Dokumentet&#8221; e Aleksand\u00ebr Meksit vin\u00eb si nj\u00eb sistemim i mir\u00eb t\u00eb dh\u00ebnash brenda nj\u00eb libri. Ato ndihmojn\u00eb njohjen, i sh\u00ebrbejn\u00eb asaj. Por jan\u00eb edhe nj\u00eb penges\u00eb p\u00ebr tundimet dhe shikimet fantaziste t\u00eb historis\u00eb. N\u00eb t\u00eb v\u00ebrtet\u00eb, n\u00eb mjaft aspekte, L\u00ebvizja e Dhjetorit dhe fillesat e PD-s\u00eb tregohen shpesh si histori orale. Kjo ka ndodhur ngaq\u00eb n\u00eb at\u00eb koh\u00eb pjes\u00ebmarr\u00ebsit n\u00eb ato ngjarje motivoheshin nga ndjenja e ndryshimit dhe jo nga ndonj\u00eb ide e hyrjes n\u00eb histori.<\/p>\n<p>Me kalimin e koh\u00ebs, \u00ebsht\u00eb v\u00ebn\u00eb re se mungesa e protokolleve t\u00eb n\u00ebnshkruara i ka krijuar dhe vazhdon t&#8217;i krijoj\u00eb hap\u00ebsir\u00eb spekulimit. Por n\u00eb disa mbledhje t\u00eb fillimit jan\u00eb mbajtur protokolle. Ato pan\u00eb drit\u00ebn e botimit k\u00ebt\u00eb vit n\u00eb dosjen e gazetares Luljeta Progni. Pavar\u00ebsisht se k\u00ebto protokolle nuk u jan\u00eb lexuar e nuk jan\u00eb n\u00ebnshkruar nga pjes\u00ebmarr\u00ebsit dhe reflektojn\u00eb v\u00ebmendjen subjektive t\u00eb studentes q\u00eb i ka mbajtur, ato jan\u00eb dokumente t\u00eb r\u00ebnd\u00ebsish\u00ebm p\u00ebr t\u00eb kuptuar frym\u00ebn e koh\u00ebs.<\/p>\n<p>Shihet qart\u00eb s\u00ebrish se themeluesit apo drejtuesit e PD-s\u00eb n\u00eb at\u00eb koh\u00eb kan\u00eb vet\u00ebdijen se jan\u00eb thirrur n\u00eb politik\u00eb p\u00ebr t\u00eb \u00e7uar p\u00ebrpara alternativ\u00ebn e tyre, por nuk jan\u00eb sh\u00ebnuar nga nj\u00eb thirrje e historis\u00eb, si\u00e7 thuhet p\u00ebr heronjt\u00eb pasi vdesin apo p\u00ebr tipat diktatorial\u00eb pasi triumfojn\u00eb. Kjo p\u00ebr mua \u00ebsht\u00eb e natyrshme, njer\u00ebzore. Ngjarjet historike nuk fabrikohen, as paracaktohen. Historia, si\u00e7 thuhet, zgjedh vet\u00eb \u00e7far\u00eb i duhet t\u00eb mbaj\u00eb dhe \u00e7far\u00eb i duhet t\u00eb hedh\u00eb. Dal\u00ebngadal\u00eb, edhe L\u00ebvizja e Dhjetorit po zbulohet e nj\u00ebkoh\u00ebsisht po zhvishet nga gj\u00ebrat e tep\u00ebrta.<\/p>\n<p>Me fjal\u00eb t\u00eb tjera, po kalon nga faza e d\u00ebshmive dhe kronik\u00ebs n\u00eb histori. Pik\u00ebrisht n\u00eb k\u00ebt\u00eb faz\u00eb, lapsuset, harresat apo spekulimet ting\u00ebllojn\u00eb me keq se kurr\u00eb. Nuk \u00ebsht\u00eb problem se pasakt\u00ebsit\u00eb apo g\u00ebnjeshtrat e vogla mund t\u00eb deformojn\u00eb thelbin e historis\u00eb. P\u00ebrvoja ka treguar se sajimet nga nj\u00eb vesh i hyjn\u00eb dhe nga nj\u00eb tjet\u00ebr i dalin. Problemi \u00ebsht\u00eb se g\u00ebnjeshtrat e vogla p\u00ebr at\u00eb q\u00eb i p\u00ebrket historis\u00eb u hapin rrug\u00ebn g\u00ebnjeshtrave t\u00eb m\u00ebdha p\u00ebr t\u00eb tashmen dhe t\u00eb nes\u00ebrmen.<\/p>\n","protected":false},"excerpt":{"rendered":"<p>Pre\u00e7 Zogaj, 14.12.2010 L\u00ebvizja Studentore Intelektuale e dhjetorit 1990 \u00ebsht\u00eb p\u00ebrkujtuar kurdoher\u00eb me d\u00ebshmi dhe spektakle. K\u00ebt\u00eb vit, p\u00ebr shkak t\u00eb p\u00ebrmbytjeve n\u00eb Shkod\u00ebr, nuk pati mitingje, koncerte apo ceremoni festive. Rrjedhimisht, dhjetori k\u00ebsaj radhe sikur u la i lir\u00eb p\u00ebr t\u00eb folur m\u00eb shum\u00eb e d\u00ebgjuar m\u00eb shum\u00eb p\u00ebr L\u00ebvizjen Studentore. U intervistuan p\u00ebrs\u00ebri [&hellip;]<\/p>\n","protected":false},"author":1,"featured_media":0,"comment_status":"open","ping_status":"closed","sticky":false,"template":"","format":"standard","meta":{"footnotes":""},"categories":[2],"tags":[],"class_list":{"0":"post-5209","1":"post","2":"type-post","3":"status-publish","4":"format-standard","6":"category-artikuj"},"yoast_head":"<!-- This site is optimized with the Yoast SEO plugin v27.4 - https:\/\/yoast.com\/product\/yoast-seo-wordpress\/ -->\n<title>Nj\u00eb gabim i habitsh\u00ebm i Berish\u00ebs n\u00eb intervist\u00ebn p\u00ebr Dhjetorin 1990 - FjALA e LIR\u00cb - Arkivi<\/title>\n<meta name=\"robots\" content=\"index, follow, max-snippet:-1, max-image-preview:large, max-video-preview:-1\" \/>\n<link rel=\"canonical\" href=\"https:\/\/fjala.info\/2009-2015\/nje-gabim-i-habitshem-i-berishes-ne-intervisten-per-dhjetorin-1990\/\" \/>\n<meta property=\"og:locale\" content=\"sq_AL\" \/>\n<meta property=\"og:type\" content=\"article\" \/>\n<meta property=\"og:title\" content=\"Nj\u00eb gabim i habitsh\u00ebm i Berish\u00ebs n\u00eb intervist\u00ebn p\u00ebr Dhjetorin 1990 - FjALA e LIR\u00cb - Arkivi\" \/>\n<meta property=\"og:description\" content=\"Pre\u00e7 Zogaj, 14.12.2010 L\u00ebvizja Studentore Intelektuale e dhjetorit 1990 \u00ebsht\u00eb p\u00ebrkujtuar kurdoher\u00eb me d\u00ebshmi dhe spektakle. K\u00ebt\u00eb vit, p\u00ebr shkak t\u00eb p\u00ebrmbytjeve n\u00eb Shkod\u00ebr, nuk pati mitingje, koncerte apo ceremoni festive. Rrjedhimisht, dhjetori k\u00ebsaj radhe sikur u la i lir\u00eb p\u00ebr t\u00eb folur m\u00eb shum\u00eb e d\u00ebgjuar m\u00eb shum\u00eb p\u00ebr L\u00ebvizjen Studentore. U intervistuan p\u00ebrs\u00ebri [&hellip;]\" \/>\n<meta property=\"og:url\" content=\"https:\/\/fjala.info\/2009-2015\/nje-gabim-i-habitshem-i-berishes-ne-intervisten-per-dhjetorin-1990\/\" \/>\n<meta property=\"og:site_name\" content=\"FjALA e LIR\u00cb - Arkivi\" \/>\n<meta property=\"article:published_time\" content=\"2010-12-14T22:05:34+00:00\" \/>\n<meta property=\"og:image\" content=\"http:\/\/fjala.shkoder.net\/wp-content\/uploads\/2010\/12\/berisha_dhjetor90-300x192.jpg\" \/>\n<meta name=\"author\" content=\"admin\" \/>\n<meta name=\"twitter:card\" content=\"summary_large_image\" \/>\n<meta name=\"twitter:label1\" content=\"Written by\" \/>\n\t<meta name=\"twitter:data1\" content=\"admin\" \/>\n\t<meta name=\"twitter:label2\" content=\"Est. reading time\" \/>\n\t<meta name=\"twitter:data2\" content=\"9 minutes\" \/>\n<script type=\"application\/ld+json\" class=\"yoast-schema-graph\">{\"@context\":\"https:\\\/\\\/schema.org\",\"@graph\":[{\"@type\":\"Article\",\"@id\":\"https:\\\/\\\/fjala.info\\\/2009-2015\\\/nje-gabim-i-habitshem-i-berishes-ne-intervisten-per-dhjetorin-1990\\\/#article\",\"isPartOf\":{\"@id\":\"https:\\\/\\\/fjala.info\\\/2009-2015\\\/nje-gabim-i-habitshem-i-berishes-ne-intervisten-per-dhjetorin-1990\\\/\"},\"author\":{\"name\":\"admin\",\"@id\":\"https:\\\/\\\/fjala.info\\\/2009-2015\\\/#\\\/schema\\\/person\\\/3aa1163ef05469c496fc94e77611ada2\"},\"headline\":\"Nj\u00eb gabim i habitsh\u00ebm i Berish\u00ebs n\u00eb intervist\u00ebn p\u00ebr Dhjetorin 1990\",\"datePublished\":\"2010-12-14T22:05:34+00:00\",\"mainEntityOfPage\":{\"@id\":\"https:\\\/\\\/fjala.info\\\/2009-2015\\\/nje-gabim-i-habitshem-i-berishes-ne-intervisten-per-dhjetorin-1990\\\/\"},\"wordCount\":1815,\"commentCount\":0,\"publisher\":{\"@id\":\"https:\\\/\\\/fjala.info\\\/2009-2015\\\/#organization\"},\"image\":{\"@id\":\"https:\\\/\\\/fjala.info\\\/2009-2015\\\/nje-gabim-i-habitshem-i-berishes-ne-intervisten-per-dhjetorin-1990\\\/#primaryimage\"},\"thumbnailUrl\":\"http:\\\/\\\/fjala.shkoder.net\\\/wp-content\\\/uploads\\\/2010\\\/12\\\/berisha_dhjetor90-300x192.jpg\",\"articleSection\":[\"Artikuj\"],\"inLanguage\":\"sq-AL\",\"potentialAction\":[{\"@type\":\"CommentAction\",\"name\":\"Comment\",\"target\":[\"https:\\\/\\\/fjala.info\\\/2009-2015\\\/nje-gabim-i-habitshem-i-berishes-ne-intervisten-per-dhjetorin-1990\\\/#respond\"]}]},{\"@type\":\"WebPage\",\"@id\":\"https:\\\/\\\/fjala.info\\\/2009-2015\\\/nje-gabim-i-habitshem-i-berishes-ne-intervisten-per-dhjetorin-1990\\\/\",\"url\":\"https:\\\/\\\/fjala.info\\\/2009-2015\\\/nje-gabim-i-habitshem-i-berishes-ne-intervisten-per-dhjetorin-1990\\\/\",\"name\":\"Nj\u00eb gabim i habitsh\u00ebm i Berish\u00ebs n\u00eb intervist\u00ebn p\u00ebr Dhjetorin 1990 - FjALA e LIR\u00cb - Arkivi\",\"isPartOf\":{\"@id\":\"https:\\\/\\\/fjala.info\\\/2009-2015\\\/#website\"},\"primaryImageOfPage\":{\"@id\":\"https:\\\/\\\/fjala.info\\\/2009-2015\\\/nje-gabim-i-habitshem-i-berishes-ne-intervisten-per-dhjetorin-1990\\\/#primaryimage\"},\"image\":{\"@id\":\"https:\\\/\\\/fjala.info\\\/2009-2015\\\/nje-gabim-i-habitshem-i-berishes-ne-intervisten-per-dhjetorin-1990\\\/#primaryimage\"},\"thumbnailUrl\":\"http:\\\/\\\/fjala.shkoder.net\\\/wp-content\\\/uploads\\\/2010\\\/12\\\/berisha_dhjetor90-300x192.jpg\",\"datePublished\":\"2010-12-14T22:05:34+00:00\",\"breadcrumb\":{\"@id\":\"https:\\\/\\\/fjala.info\\\/2009-2015\\\/nje-gabim-i-habitshem-i-berishes-ne-intervisten-per-dhjetorin-1990\\\/#breadcrumb\"},\"inLanguage\":\"sq-AL\",\"potentialAction\":[{\"@type\":\"ReadAction\",\"target\":[\"https:\\\/\\\/fjala.info\\\/2009-2015\\\/nje-gabim-i-habitshem-i-berishes-ne-intervisten-per-dhjetorin-1990\\\/\"]}]},{\"@type\":\"ImageObject\",\"inLanguage\":\"sq-AL\",\"@id\":\"https:\\\/\\\/fjala.info\\\/2009-2015\\\/nje-gabim-i-habitshem-i-berishes-ne-intervisten-per-dhjetorin-1990\\\/#primaryimage\",\"url\":\"http:\\\/\\\/fjala.shkoder.net\\\/wp-content\\\/uploads\\\/2010\\\/12\\\/berisha_dhjetor90-300x192.jpg\",\"contentUrl\":\"http:\\\/\\\/fjala.shkoder.net\\\/wp-content\\\/uploads\\\/2010\\\/12\\\/berisha_dhjetor90-300x192.jpg\"},{\"@type\":\"BreadcrumbList\",\"@id\":\"https:\\\/\\\/fjala.info\\\/2009-2015\\\/nje-gabim-i-habitshem-i-berishes-ne-intervisten-per-dhjetorin-1990\\\/#breadcrumb\",\"itemListElement\":[{\"@type\":\"ListItem\",\"position\":1,\"name\":\"Home\",\"item\":\"https:\\\/\\\/fjala.info\\\/2009-2015\\\/\"},{\"@type\":\"ListItem\",\"position\":2,\"name\":\"Nj\u00eb gabim i habitsh\u00ebm i Berish\u00ebs n\u00eb intervist\u00ebn p\u00ebr Dhjetorin 1990\"}]},{\"@type\":\"WebSite\",\"@id\":\"https:\\\/\\\/fjala.info\\\/2009-2015\\\/#website\",\"url\":\"https:\\\/\\\/fjala.info\\\/2009-2015\\\/\",\"name\":\"FjALA e LIR\u00cb - Arkivi\",\"description\":\"Arkivi 2009-2015\",\"publisher\":{\"@id\":\"https:\\\/\\\/fjala.info\\\/2009-2015\\\/#organization\"},\"potentialAction\":[{\"@type\":\"SearchAction\",\"target\":{\"@type\":\"EntryPoint\",\"urlTemplate\":\"https:\\\/\\\/fjala.info\\\/2009-2015\\\/?s={search_term_string}\"},\"query-input\":{\"@type\":\"PropertyValueSpecification\",\"valueRequired\":true,\"valueName\":\"search_term_string\"}}],\"inLanguage\":\"sq-AL\"},{\"@type\":\"Organization\",\"@id\":\"https:\\\/\\\/fjala.info\\\/2009-2015\\\/#organization\",\"name\":\"FjALA e LIR\u00cb - Arkivi\",\"url\":\"https:\\\/\\\/fjala.info\\\/2009-2015\\\/\",\"logo\":{\"@type\":\"ImageObject\",\"inLanguage\":\"sq-AL\",\"@id\":\"https:\\\/\\\/fjala.info\\\/2009-2015\\\/#\\\/schema\\\/logo\\\/image\\\/\",\"url\":\"\",\"contentUrl\":\"\",\"caption\":\"FjALA e LIR\u00cb - Arkivi\"},\"image\":{\"@id\":\"https:\\\/\\\/fjala.info\\\/2009-2015\\\/#\\\/schema\\\/logo\\\/image\\\/\"}},{\"@type\":\"Person\",\"@id\":\"https:\\\/\\\/fjala.info\\\/2009-2015\\\/#\\\/schema\\\/person\\\/3aa1163ef05469c496fc94e77611ada2\",\"name\":\"admin\",\"image\":{\"@type\":\"ImageObject\",\"inLanguage\":\"sq-AL\",\"@id\":\"https:\\\/\\\/fjala.info\\\/2009-2015\\\/wp-content\\\/uploads\\\/2012\\\/02\\\/arben_cokaj-120x150.jpg\",\"url\":\"https:\\\/\\\/fjala.info\\\/2009-2015\\\/wp-content\\\/uploads\\\/2012\\\/02\\\/arben_cokaj-120x150.jpg\",\"contentUrl\":\"https:\\\/\\\/fjala.info\\\/2009-2015\\\/wp-content\\\/uploads\\\/2012\\\/02\\\/arben_cokaj-120x150.jpg\",\"caption\":\"admin\"},\"description\":\"Admin, Fjala e Lir\u00eb\",\"sameAs\":[\"https:\\\/\\\/fjala.info\\\/\"],\"url\":\"https:\\\/\\\/fjala.info\\\/2009-2015\\\/author\\\/admin\\\/\"}]}<\/script>\n<!-- \/ Yoast SEO plugin. -->","yoast_head_json":{"title":"Nj\u00eb gabim i habitsh\u00ebm i Berish\u00ebs n\u00eb intervist\u00ebn p\u00ebr Dhjetorin 1990 - FjALA e LIR\u00cb - Arkivi","robots":{"index":"index","follow":"follow","max-snippet":"max-snippet:-1","max-image-preview":"max-image-preview:large","max-video-preview":"max-video-preview:-1"},"canonical":"https:\/\/fjala.info\/2009-2015\/nje-gabim-i-habitshem-i-berishes-ne-intervisten-per-dhjetorin-1990\/","og_locale":"sq_AL","og_type":"article","og_title":"Nj\u00eb gabim i habitsh\u00ebm i Berish\u00ebs n\u00eb intervist\u00ebn p\u00ebr Dhjetorin 1990 - FjALA e LIR\u00cb - Arkivi","og_description":"Pre\u00e7 Zogaj, 14.12.2010 L\u00ebvizja Studentore Intelektuale e dhjetorit 1990 \u00ebsht\u00eb p\u00ebrkujtuar kurdoher\u00eb me d\u00ebshmi dhe spektakle. K\u00ebt\u00eb vit, p\u00ebr shkak t\u00eb p\u00ebrmbytjeve n\u00eb Shkod\u00ebr, nuk pati mitingje, koncerte apo ceremoni festive. Rrjedhimisht, dhjetori k\u00ebsaj radhe sikur u la i lir\u00eb p\u00ebr t\u00eb folur m\u00eb shum\u00eb e d\u00ebgjuar m\u00eb shum\u00eb p\u00ebr L\u00ebvizjen Studentore. U intervistuan p\u00ebrs\u00ebri [&hellip;]","og_url":"https:\/\/fjala.info\/2009-2015\/nje-gabim-i-habitshem-i-berishes-ne-intervisten-per-dhjetorin-1990\/","og_site_name":"FjALA e LIR\u00cb - Arkivi","article_published_time":"2010-12-14T22:05:34+00:00","og_image":[{"url":"http:\/\/fjala.shkoder.net\/wp-content\/uploads\/2010\/12\/berisha_dhjetor90-300x192.jpg","type":"","width":"","height":""}],"author":"admin","twitter_card":"summary_large_image","twitter_misc":{"Written by":"admin","Est. reading time":"9 minutes"},"schema":{"@context":"https:\/\/schema.org","@graph":[{"@type":"Article","@id":"https:\/\/fjala.info\/2009-2015\/nje-gabim-i-habitshem-i-berishes-ne-intervisten-per-dhjetorin-1990\/#article","isPartOf":{"@id":"https:\/\/fjala.info\/2009-2015\/nje-gabim-i-habitshem-i-berishes-ne-intervisten-per-dhjetorin-1990\/"},"author":{"name":"admin","@id":"https:\/\/fjala.info\/2009-2015\/#\/schema\/person\/3aa1163ef05469c496fc94e77611ada2"},"headline":"Nj\u00eb gabim i habitsh\u00ebm i Berish\u00ebs n\u00eb intervist\u00ebn p\u00ebr Dhjetorin 1990","datePublished":"2010-12-14T22:05:34+00:00","mainEntityOfPage":{"@id":"https:\/\/fjala.info\/2009-2015\/nje-gabim-i-habitshem-i-berishes-ne-intervisten-per-dhjetorin-1990\/"},"wordCount":1815,"commentCount":0,"publisher":{"@id":"https:\/\/fjala.info\/2009-2015\/#organization"},"image":{"@id":"https:\/\/fjala.info\/2009-2015\/nje-gabim-i-habitshem-i-berishes-ne-intervisten-per-dhjetorin-1990\/#primaryimage"},"thumbnailUrl":"http:\/\/fjala.shkoder.net\/wp-content\/uploads\/2010\/12\/berisha_dhjetor90-300x192.jpg","articleSection":["Artikuj"],"inLanguage":"sq-AL","potentialAction":[{"@type":"CommentAction","name":"Comment","target":["https:\/\/fjala.info\/2009-2015\/nje-gabim-i-habitshem-i-berishes-ne-intervisten-per-dhjetorin-1990\/#respond"]}]},{"@type":"WebPage","@id":"https:\/\/fjala.info\/2009-2015\/nje-gabim-i-habitshem-i-berishes-ne-intervisten-per-dhjetorin-1990\/","url":"https:\/\/fjala.info\/2009-2015\/nje-gabim-i-habitshem-i-berishes-ne-intervisten-per-dhjetorin-1990\/","name":"Nj\u00eb gabim i habitsh\u00ebm i Berish\u00ebs n\u00eb intervist\u00ebn p\u00ebr Dhjetorin 1990 - FjALA e LIR\u00cb - Arkivi","isPartOf":{"@id":"https:\/\/fjala.info\/2009-2015\/#website"},"primaryImageOfPage":{"@id":"https:\/\/fjala.info\/2009-2015\/nje-gabim-i-habitshem-i-berishes-ne-intervisten-per-dhjetorin-1990\/#primaryimage"},"image":{"@id":"https:\/\/fjala.info\/2009-2015\/nje-gabim-i-habitshem-i-berishes-ne-intervisten-per-dhjetorin-1990\/#primaryimage"},"thumbnailUrl":"http:\/\/fjala.shkoder.net\/wp-content\/uploads\/2010\/12\/berisha_dhjetor90-300x192.jpg","datePublished":"2010-12-14T22:05:34+00:00","breadcrumb":{"@id":"https:\/\/fjala.info\/2009-2015\/nje-gabim-i-habitshem-i-berishes-ne-intervisten-per-dhjetorin-1990\/#breadcrumb"},"inLanguage":"sq-AL","potentialAction":[{"@type":"ReadAction","target":["https:\/\/fjala.info\/2009-2015\/nje-gabim-i-habitshem-i-berishes-ne-intervisten-per-dhjetorin-1990\/"]}]},{"@type":"ImageObject","inLanguage":"sq-AL","@id":"https:\/\/fjala.info\/2009-2015\/nje-gabim-i-habitshem-i-berishes-ne-intervisten-per-dhjetorin-1990\/#primaryimage","url":"http:\/\/fjala.shkoder.net\/wp-content\/uploads\/2010\/12\/berisha_dhjetor90-300x192.jpg","contentUrl":"http:\/\/fjala.shkoder.net\/wp-content\/uploads\/2010\/12\/berisha_dhjetor90-300x192.jpg"},{"@type":"BreadcrumbList","@id":"https:\/\/fjala.info\/2009-2015\/nje-gabim-i-habitshem-i-berishes-ne-intervisten-per-dhjetorin-1990\/#breadcrumb","itemListElement":[{"@type":"ListItem","position":1,"name":"Home","item":"https:\/\/fjala.info\/2009-2015\/"},{"@type":"ListItem","position":2,"name":"Nj\u00eb gabim i habitsh\u00ebm i Berish\u00ebs n\u00eb intervist\u00ebn p\u00ebr Dhjetorin 1990"}]},{"@type":"WebSite","@id":"https:\/\/fjala.info\/2009-2015\/#website","url":"https:\/\/fjala.info\/2009-2015\/","name":"FjALA e LIR\u00cb - Arkivi","description":"Arkivi 2009-2015","publisher":{"@id":"https:\/\/fjala.info\/2009-2015\/#organization"},"potentialAction":[{"@type":"SearchAction","target":{"@type":"EntryPoint","urlTemplate":"https:\/\/fjala.info\/2009-2015\/?s={search_term_string}"},"query-input":{"@type":"PropertyValueSpecification","valueRequired":true,"valueName":"search_term_string"}}],"inLanguage":"sq-AL"},{"@type":"Organization","@id":"https:\/\/fjala.info\/2009-2015\/#organization","name":"FjALA e LIR\u00cb - Arkivi","url":"https:\/\/fjala.info\/2009-2015\/","logo":{"@type":"ImageObject","inLanguage":"sq-AL","@id":"https:\/\/fjala.info\/2009-2015\/#\/schema\/logo\/image\/","url":"","contentUrl":"","caption":"FjALA e LIR\u00cb - Arkivi"},"image":{"@id":"https:\/\/fjala.info\/2009-2015\/#\/schema\/logo\/image\/"}},{"@type":"Person","@id":"https:\/\/fjala.info\/2009-2015\/#\/schema\/person\/3aa1163ef05469c496fc94e77611ada2","name":"admin","image":{"@type":"ImageObject","inLanguage":"sq-AL","@id":"https:\/\/fjala.info\/2009-2015\/wp-content\/uploads\/2012\/02\/arben_cokaj-120x150.jpg","url":"https:\/\/fjala.info\/2009-2015\/wp-content\/uploads\/2012\/02\/arben_cokaj-120x150.jpg","contentUrl":"https:\/\/fjala.info\/2009-2015\/wp-content\/uploads\/2012\/02\/arben_cokaj-120x150.jpg","caption":"admin"},"description":"Admin, Fjala e Lir\u00eb","sameAs":["https:\/\/fjala.info\/"],"url":"https:\/\/fjala.info\/2009-2015\/author\/admin\/"}]}},"_links":{"self":[{"href":"https:\/\/fjala.info\/2009-2015\/wp-json\/wp\/v2\/posts\/5209","targetHints":{"allow":["GET"]}}],"collection":[{"href":"https:\/\/fjala.info\/2009-2015\/wp-json\/wp\/v2\/posts"}],"about":[{"href":"https:\/\/fjala.info\/2009-2015\/wp-json\/wp\/v2\/types\/post"}],"author":[{"embeddable":true,"href":"https:\/\/fjala.info\/2009-2015\/wp-json\/wp\/v2\/users\/1"}],"replies":[{"embeddable":true,"href":"https:\/\/fjala.info\/2009-2015\/wp-json\/wp\/v2\/comments?post=5209"}],"version-history":[{"count":0,"href":"https:\/\/fjala.info\/2009-2015\/wp-json\/wp\/v2\/posts\/5209\/revisions"}],"wp:attachment":[{"href":"https:\/\/fjala.info\/2009-2015\/wp-json\/wp\/v2\/media?parent=5209"}],"wp:term":[{"taxonomy":"category","embeddable":true,"href":"https:\/\/fjala.info\/2009-2015\/wp-json\/wp\/v2\/categories?post=5209"},{"taxonomy":"post_tag","embeddable":true,"href":"https:\/\/fjala.info\/2009-2015\/wp-json\/wp\/v2\/tags?post=5209"}],"curies":[{"name":"wp","href":"https:\/\/api.w.org\/{rel}","templated":true}]}}