{"id":5204,"date":"2012-09-28T21:24:04","date_gmt":"2012-09-28T20:24:04","guid":{"rendered":"http:\/\/www.fjala.info\/?p=5204"},"modified":"2012-09-28T21:24:04","modified_gmt":"2012-09-28T20:24:04","slug":"pedofilia-politike-e-berishes","status":"publish","type":"post","link":"https:\/\/fjala.info\/2009-2015\/pedofilia-politike-e-berishes\/","title":{"rendered":"\u201cPedofilia\u201d politike e Berish\u00ebs"},"content":{"rendered":"<p><img decoding=\"async\" class=\"alignleft size-thumbnail wp-image-7236\" title=\"Berisha me f\u00ebmij\u00eb\" src=\"http:\/\/www.fjala.info\/2012\/berisha_me_femije.jpg\" alt=\"\" width=\"300\" \/> Nga <strong>Arben Manaj<\/strong>, <em>28 Shtator 2012<\/em><\/p>\n<p>Sh\u00ebmti po se po, por edhe e d\u00ebnueshme, jo vet\u00ebm moralisht, por edhe ligj\u00ebrisht \u00ebsht\u00eb dhe duhet t\u00eb jet\u00eb kjo q\u00eb b\u00ebn kryeministri me f\u00ebmij\u00ebt dhe nx\u00ebn\u00ebsit e shkollave n\u00eb Shqip\u00ebri. N\u00eb em\u00ebr t\u00eb disa viteve t\u00eb tjera pushtet n\u00eb dimrin e thell\u00eb politik, por edhe fizik t\u00eb jet\u00ebs s\u00eb tij, ky njeri i raportuar, por pa u v\u00ebrtetuar ende se trajtohet mend\u00ebrisht, po merr n\u00eb qaf\u00eb psikologjisht t\u00eb ardhmen e k\u00ebtij vendi, f\u00ebmij\u00ebt e saj.<\/p>\n<p>A thua nuk mjaftojn\u00eb tmerret, dhuna psikike dhe traumat q\u00eb i shkaktoi etja dhe ethet e tij p\u00ebr pushtet gjat\u00eb k\u00ebtyre dy dekadave, me ata q\u00eb sot jan\u00eb 22 vje\u00e7ar\u00eb plus- minus, por aktualisht po sakaton t\u00eb bijt\u00eb e shekullit t\u00eb ri!<\/p>\n<p>\u00cbsht\u00eb e tep\u00ebrt t\u00eb p\u00ebrmend se ky brez 20 vje\u00e7ar\u00ebsh \u00ebsht\u00eb rritur n\u00eb munges\u00ebn totale t\u00eb rendit, n\u00eb dhun\u00ebn dhe shembujt e munges\u00ebs s\u00eb ligjit, t\u00eb djegieve, t\u00eb rr\u00ebmujave sociale dhe politike, t\u00eb kallash\u00ebve dhe dhun\u00ebs verbale t\u00eb iniciuar n\u00eb shumic\u00ebn d\u00ebrmuese t\u00eb rasteve brenda ose jasht\u00eb institucioneve, pik\u00ebrisht dhe kryesisht nga ky njeri.<\/p>\n<p>Vet\u00ebm \u201897-ta do ishte e mjaftueshme q\u00eb ky njeri t\u00eb izolohej p\u00ebr at\u00eb vrag\u00eb psikologjike dhe d\u00ebmin q\u00eb i ka shkaktuar vizonit dhe modelit t\u00eb mbijetes\u00ebs p\u00ebr nj\u00eb brez t\u00eb varf\u00ebr financiarisht dhe t\u00eb pamjaftuesh\u00ebm nga ana arsimore dhe me defekte t\u00eb m\u00ebdha n\u00eb standarde qytetarie, t\u00eb cilat kan\u00eb qen\u00eb pasoj\u00eb m\u00eb shum\u00eb sesa shkaku i nj\u00eb rendi t\u00eb ri politik n\u00eb versionin m\u00eb t\u00eb eg\u00ebr dhe m\u00eb absurd t\u00eb aplikuar n\u00eb vendet ish komuniste.<\/p>\n<p>K\u00ebto pasoja ndihen sot n\u00eb munges\u00ebn e frikshme t\u00eb p\u00ebrgjegj\u00ebsis\u00eb qytetare dhe prevalenc\u00ebn e gjith\u00ebgjendur t\u00eb transgresionit tek nj\u00eb brez, q\u00eb jo vet\u00ebm nuk e respekton shum\u00eb ligjin, por as ia ka frik\u00ebn nd\u00ebshkimit q\u00eb ai mund t\u00eb parashikoj.<\/p>\n<p>Nj\u00eb brez q\u00eb n\u00eb nj\u00eb mas\u00eb t\u00eb konsiderueshme si model mbijetese ka at\u00eb t\u00eb rrug\u00ebs s\u00eb shkurt\u00ebr p\u00ebrmes rrug\u00ebve t\u00eb pandershme.<\/p>\n<p>Dhe askush nuk mund t\u00eb p\u00ebrg\u00ebnjeshtroj\u00eb se ky brez \u00ebsht\u00eb rritur n\u00ebn dhun\u00ebn verbale dhe at\u00eb t\u00eb rrug\u00ebs n\u00eb Shqip\u00ebrin\u00eb q\u00eb ka drejtuar Sali Berisha si President e Kryeminist\u00ebr, por edhe si opozitar aktiv i rrug\u00ebs s\u00eb rrug\u00ebs.<\/p>\n<p>Nj\u00eb vit p\u00ebrpara zgjedhjeve \u201cmake or break\u201d p\u00ebr t\u00eb ardhmen e tij politike, ai \u00ebsht\u00eb v\u00ebrsulur me t\u00ebr\u00eb arroganc\u00ebn e q\u00ebllimt\u00eb dhe pashpirt\u00ebsisht dhe skandalozisht minoren\u00ebve n\u00ebn syt\u00eb dhe vesh\u00ebt e atyre q\u00eb paguhen nga taksapaguesit p\u00ebr mir\u00ebrritjen e f\u00ebmij\u00ebve, t\u00eb ardhmes s\u00eb \u00e7do shoq\u00ebrie.<\/p>\n<p>N\u00eb asnj\u00eb vend demokratik dhe normal nuk lejohet propaganda elektorale p\u00ebr f\u00ebmij\u00ebt, t\u00eb cil\u00ebt gjithsesi nuk votojn\u00eb, dhe kan\u00eb se me \u00e7\u2019duhet t\u00eb merren. N\u00eb \u00e7do vend dhe shoq\u00ebri normale mbrohet kjo kategori, t\u00eb cil\u00ebt nuk kan\u00eb pavar\u00ebsin\u00eb e duhur mendore dhe psikologjike p\u00ebr t\u2019ju n\u00ebnshtruar dhe amortizuar presioneve t\u00eb k\u00ebtilla, n\u00eb k\u00ebt\u00eb mosh\u00eb, si ajo q\u00eb po ndodh me gogolin e f\u00ebmij\u00ebve shqiptar\u00eb.<\/p>\n<p>N\u00eb k\u00ebto shoq\u00ebri edhe kur k\u00ebta arrestohen si minoren\u00eb, shoq\u00ebrohen me nj\u00eb t\u00eb rritur p\u00ebr t\u2019i mbrojtur p\u00ebr shkak t\u00eb zhvillimit mendor t\u00eb paformuar sa duhet.<\/p>\n<p>K\u00ebto dit\u00eb n\u00eb Angli \u00ebsht\u00eb \u00e7uar t\u00ebr\u00eb shteti dhe shoq\u00ebria dhe media n\u00eb mbrojtje t\u00eb nj\u00eb 16 vje\u00e7are, e cila e r\u00ebn\u00eb n\u00eb dashuri me m\u00ebsuesin e saj t\u00eb matematik\u00ebs e s\u00eb bashku jan\u00eb larguar nga Anglia dhe jan\u00eb gjetur n\u00eb Bordo t\u00eb Franc\u00ebs. M\u00ebsuesi i saj u arrestua p\u00ebr shkak t\u00eb k\u00ebsaj marr\u00ebdh\u00ebnie me nj\u00eb t\u00eb mitur, e cila gjykohet se nuk ka logjiken e adultit.<\/p>\n<p>Nd\u00ebrsa n\u00eb Shqip\u00ebri plaku Mere po lemeris f\u00ebmij\u00ebt dhe u b\u00ebn presion q\u00eb ata ti b\u00ebjn\u00eb presion prind\u00ebrve t\u00eb tyre n\u00eb em\u00ebr t\u00eb s\u00eb ardhmes evropiane!!!<\/p>\n<p>Ku \u00ebsht\u00eb OSBE-ja q\u00eb toleron sjellje t\u00eb tilla nga politika dhe nj\u00eb fushat\u00eb t\u00eb past\u00ebr elektorale pa nisur ende zyrtarisht. Apo kot flas edhe un\u00eb! OSBE-ja\u2026.e birr\u00ebs dhe k\u00ebrnackave\u2026<\/p>\n<p>Ku \u00ebsht\u00eb UNICEF-i q\u00eb duhet t\u00eb monitoroj\u00eb abuzimet me f\u00ebmij\u00ebt n\u00eb \u00e7do vend t\u00eb bot\u00ebs?!<\/p>\n<p>Ku jan\u00eb O, ja Q-t\u00eb q\u00eb financohen me fonde nd\u00ebrkomb\u00ebtare n\u00eb shumic\u00eb p\u00ebr mbrojtjen e t\u00eb drejtave t\u00eb f\u00ebmij\u00ebve.<\/p>\n<p>Po prind\u00ebrit dhe m\u00ebsuesit q\u00eb lejojn\u00eb q\u00eb nj\u00eb i Marr\u00eb t\u00eb marros f\u00ebmij\u00ebt dhe nx\u00ebn\u00ebsit e tyre!<\/p>\n<p>Kjo \u201cpedofili\u201d politike duhet t\u00eb marr\u00eb fund sa m\u00eb shpejt dhe t\u00eb d\u00ebnohet si\u00e7 d\u00ebnohet \u00e7do abuzim me f\u00ebmij\u00ebt n\u00eb \u00e7do vend normal t\u00eb bot\u00ebs. N\u00eb mos ligj\u00ebrisht, apo moralisht, ka edhe nj\u00eb mund\u00ebsi tjet\u00ebr; me vot\u00ebn e prind\u00ebrve, motrave dhe v\u00ebllez\u00ebrve m\u00eb t\u00eb rritur t\u00eb t\u00eb pafajshm\u00ebve m\u00eb absolut t\u00eb Shqip\u00ebris\u00eb.<\/p>\n","protected":false},"excerpt":{"rendered":"<p>Nga Arben Manaj, 28 Shtator 2012 Sh\u00ebmti po se po, por edhe e d\u00ebnueshme, jo vet\u00ebm moralisht, por edhe ligj\u00ebrisht \u00ebsht\u00eb dhe duhet t\u00eb jet\u00eb kjo q\u00eb b\u00ebn kryeministri me f\u00ebmij\u00ebt dhe nx\u00ebn\u00ebsit e shkollave n\u00eb Shqip\u00ebri. N\u00eb em\u00ebr t\u00eb disa viteve t\u00eb tjera pushtet n\u00eb dimrin e thell\u00eb politik, por edhe fizik t\u00eb jet\u00ebs [&hellip;]<\/p>\n","protected":false},"author":1,"featured_media":0,"comment_status":"open","ping_status":"closed","sticky":false,"template":"","format":"standard","meta":{"footnotes":""},"categories":[2],"tags":[],"class_list":{"0":"post-5204","1":"post","2":"type-post","3":"status-publish","4":"format-standard","6":"category-artikuj"},"yoast_head":"<!-- This site is optimized with the Yoast SEO plugin v27.4 - https:\/\/yoast.com\/product\/yoast-seo-wordpress\/ -->\n<title>\u201cPedofilia\u201d politike e Berish\u00ebs - FjALA e LIR\u00cb - Arkivi<\/title>\n<meta name=\"robots\" content=\"index, follow, max-snippet:-1, max-image-preview:large, max-video-preview:-1\" \/>\n<link rel=\"canonical\" href=\"https:\/\/fjala.info\/2009-2015\/pedofilia-politike-e-berishes\/\" \/>\n<meta property=\"og:locale\" content=\"sq_AL\" \/>\n<meta property=\"og:type\" content=\"article\" \/>\n<meta property=\"og:title\" content=\"\u201cPedofilia\u201d politike e Berish\u00ebs - FjALA e LIR\u00cb - Arkivi\" \/>\n<meta property=\"og:description\" content=\"Nga Arben Manaj, 28 Shtator 2012 Sh\u00ebmti po se po, por edhe e d\u00ebnueshme, jo vet\u00ebm moralisht, por edhe ligj\u00ebrisht \u00ebsht\u00eb dhe duhet t\u00eb jet\u00eb kjo q\u00eb b\u00ebn kryeministri me f\u00ebmij\u00ebt dhe nx\u00ebn\u00ebsit e shkollave n\u00eb Shqip\u00ebri. N\u00eb em\u00ebr t\u00eb disa viteve t\u00eb tjera pushtet n\u00eb dimrin e thell\u00eb politik, por edhe fizik t\u00eb jet\u00ebs [&hellip;]\" \/>\n<meta property=\"og:url\" content=\"https:\/\/fjala.info\/2009-2015\/pedofilia-politike-e-berishes\/\" \/>\n<meta property=\"og:site_name\" content=\"FjALA e LIR\u00cb - Arkivi\" \/>\n<meta property=\"article:published_time\" content=\"2012-09-28T20:24:04+00:00\" \/>\n<meta property=\"og:image\" content=\"http:\/\/www.fjala.info\/2012\/berisha_me_femije.jpg\" \/>\n<meta name=\"author\" content=\"admin\" \/>\n<meta name=\"twitter:card\" content=\"summary_large_image\" \/>\n<meta name=\"twitter:label1\" content=\"Written by\" \/>\n\t<meta name=\"twitter:data1\" content=\"admin\" \/>\n\t<meta name=\"twitter:label2\" content=\"Est. reading time\" \/>\n\t<meta name=\"twitter:data2\" content=\"4 minutes\" \/>\n<script type=\"application\/ld+json\" class=\"yoast-schema-graph\">{\"@context\":\"https:\\\/\\\/schema.org\",\"@graph\":[{\"@type\":\"Article\",\"@id\":\"https:\\\/\\\/fjala.info\\\/2009-2015\\\/pedofilia-politike-e-berishes\\\/#article\",\"isPartOf\":{\"@id\":\"https:\\\/\\\/fjala.info\\\/2009-2015\\\/pedofilia-politike-e-berishes\\\/\"},\"author\":{\"name\":\"admin\",\"@id\":\"https:\\\/\\\/fjala.info\\\/2009-2015\\\/#\\\/schema\\\/person\\\/3aa1163ef05469c496fc94e77611ada2\"},\"headline\":\"\u201cPedofilia\u201d politike e Berish\u00ebs\",\"datePublished\":\"2012-09-28T20:24:04+00:00\",\"mainEntityOfPage\":{\"@id\":\"https:\\\/\\\/fjala.info\\\/2009-2015\\\/pedofilia-politike-e-berishes\\\/\"},\"wordCount\":864,\"commentCount\":0,\"publisher\":{\"@id\":\"https:\\\/\\\/fjala.info\\\/2009-2015\\\/#organization\"},\"image\":{\"@id\":\"https:\\\/\\\/fjala.info\\\/2009-2015\\\/pedofilia-politike-e-berishes\\\/#primaryimage\"},\"thumbnailUrl\":\"http:\\\/\\\/www.fjala.info\\\/2012\\\/berisha_me_femije.jpg\",\"articleSection\":[\"Artikuj\"],\"inLanguage\":\"sq-AL\",\"potentialAction\":[{\"@type\":\"CommentAction\",\"name\":\"Comment\",\"target\":[\"https:\\\/\\\/fjala.info\\\/2009-2015\\\/pedofilia-politike-e-berishes\\\/#respond\"]}]},{\"@type\":\"WebPage\",\"@id\":\"https:\\\/\\\/fjala.info\\\/2009-2015\\\/pedofilia-politike-e-berishes\\\/\",\"url\":\"https:\\\/\\\/fjala.info\\\/2009-2015\\\/pedofilia-politike-e-berishes\\\/\",\"name\":\"\u201cPedofilia\u201d politike e Berish\u00ebs - FjALA e LIR\u00cb - Arkivi\",\"isPartOf\":{\"@id\":\"https:\\\/\\\/fjala.info\\\/2009-2015\\\/#website\"},\"primaryImageOfPage\":{\"@id\":\"https:\\\/\\\/fjala.info\\\/2009-2015\\\/pedofilia-politike-e-berishes\\\/#primaryimage\"},\"image\":{\"@id\":\"https:\\\/\\\/fjala.info\\\/2009-2015\\\/pedofilia-politike-e-berishes\\\/#primaryimage\"},\"thumbnailUrl\":\"http:\\\/\\\/www.fjala.info\\\/2012\\\/berisha_me_femije.jpg\",\"datePublished\":\"2012-09-28T20:24:04+00:00\",\"breadcrumb\":{\"@id\":\"https:\\\/\\\/fjala.info\\\/2009-2015\\\/pedofilia-politike-e-berishes\\\/#breadcrumb\"},\"inLanguage\":\"sq-AL\",\"potentialAction\":[{\"@type\":\"ReadAction\",\"target\":[\"https:\\\/\\\/fjala.info\\\/2009-2015\\\/pedofilia-politike-e-berishes\\\/\"]}]},{\"@type\":\"ImageObject\",\"inLanguage\":\"sq-AL\",\"@id\":\"https:\\\/\\\/fjala.info\\\/2009-2015\\\/pedofilia-politike-e-berishes\\\/#primaryimage\",\"url\":\"http:\\\/\\\/www.fjala.info\\\/2012\\\/berisha_me_femije.jpg\",\"contentUrl\":\"http:\\\/\\\/www.fjala.info\\\/2012\\\/berisha_me_femije.jpg\"},{\"@type\":\"BreadcrumbList\",\"@id\":\"https:\\\/\\\/fjala.info\\\/2009-2015\\\/pedofilia-politike-e-berishes\\\/#breadcrumb\",\"itemListElement\":[{\"@type\":\"ListItem\",\"position\":1,\"name\":\"Home\",\"item\":\"https:\\\/\\\/fjala.info\\\/2009-2015\\\/\"},{\"@type\":\"ListItem\",\"position\":2,\"name\":\"\u201cPedofilia\u201d politike e Berish\u00ebs\"}]},{\"@type\":\"WebSite\",\"@id\":\"https:\\\/\\\/fjala.info\\\/2009-2015\\\/#website\",\"url\":\"https:\\\/\\\/fjala.info\\\/2009-2015\\\/\",\"name\":\"FjALA e LIR\u00cb - Arkivi\",\"description\":\"Arkivi 2009-2015\",\"publisher\":{\"@id\":\"https:\\\/\\\/fjala.info\\\/2009-2015\\\/#organization\"},\"potentialAction\":[{\"@type\":\"SearchAction\",\"target\":{\"@type\":\"EntryPoint\",\"urlTemplate\":\"https:\\\/\\\/fjala.info\\\/2009-2015\\\/?s={search_term_string}\"},\"query-input\":{\"@type\":\"PropertyValueSpecification\",\"valueRequired\":true,\"valueName\":\"search_term_string\"}}],\"inLanguage\":\"sq-AL\"},{\"@type\":\"Organization\",\"@id\":\"https:\\\/\\\/fjala.info\\\/2009-2015\\\/#organization\",\"name\":\"FjALA e LIR\u00cb - Arkivi\",\"url\":\"https:\\\/\\\/fjala.info\\\/2009-2015\\\/\",\"logo\":{\"@type\":\"ImageObject\",\"inLanguage\":\"sq-AL\",\"@id\":\"https:\\\/\\\/fjala.info\\\/2009-2015\\\/#\\\/schema\\\/logo\\\/image\\\/\",\"url\":\"\",\"contentUrl\":\"\",\"caption\":\"FjALA e LIR\u00cb - Arkivi\"},\"image\":{\"@id\":\"https:\\\/\\\/fjala.info\\\/2009-2015\\\/#\\\/schema\\\/logo\\\/image\\\/\"}},{\"@type\":\"Person\",\"@id\":\"https:\\\/\\\/fjala.info\\\/2009-2015\\\/#\\\/schema\\\/person\\\/3aa1163ef05469c496fc94e77611ada2\",\"name\":\"admin\",\"image\":{\"@type\":\"ImageObject\",\"inLanguage\":\"sq-AL\",\"@id\":\"https:\\\/\\\/fjala.info\\\/2009-2015\\\/wp-content\\\/uploads\\\/2012\\\/02\\\/arben_cokaj-120x150.jpg\",\"url\":\"https:\\\/\\\/fjala.info\\\/2009-2015\\\/wp-content\\\/uploads\\\/2012\\\/02\\\/arben_cokaj-120x150.jpg\",\"contentUrl\":\"https:\\\/\\\/fjala.info\\\/2009-2015\\\/wp-content\\\/uploads\\\/2012\\\/02\\\/arben_cokaj-120x150.jpg\",\"caption\":\"admin\"},\"description\":\"Admin, Fjala e Lir\u00eb\",\"sameAs\":[\"https:\\\/\\\/fjala.info\\\/\"],\"url\":\"https:\\\/\\\/fjala.info\\\/2009-2015\\\/author\\\/admin\\\/\"}]}<\/script>\n<!-- \/ Yoast SEO plugin. -->","yoast_head_json":{"title":"\u201cPedofilia\u201d politike e Berish\u00ebs - FjALA e LIR\u00cb - Arkivi","robots":{"index":"index","follow":"follow","max-snippet":"max-snippet:-1","max-image-preview":"max-image-preview:large","max-video-preview":"max-video-preview:-1"},"canonical":"https:\/\/fjala.info\/2009-2015\/pedofilia-politike-e-berishes\/","og_locale":"sq_AL","og_type":"article","og_title":"\u201cPedofilia\u201d politike e Berish\u00ebs - FjALA e LIR\u00cb - Arkivi","og_description":"Nga Arben Manaj, 28 Shtator 2012 Sh\u00ebmti po se po, por edhe e d\u00ebnueshme, jo vet\u00ebm moralisht, por edhe ligj\u00ebrisht \u00ebsht\u00eb dhe duhet t\u00eb jet\u00eb kjo q\u00eb b\u00ebn kryeministri me f\u00ebmij\u00ebt dhe nx\u00ebn\u00ebsit e shkollave n\u00eb Shqip\u00ebri. N\u00eb em\u00ebr t\u00eb disa viteve t\u00eb tjera pushtet n\u00eb dimrin e thell\u00eb politik, por edhe fizik t\u00eb jet\u00ebs [&hellip;]","og_url":"https:\/\/fjala.info\/2009-2015\/pedofilia-politike-e-berishes\/","og_site_name":"FjALA e LIR\u00cb - Arkivi","article_published_time":"2012-09-28T20:24:04+00:00","og_image":[{"url":"http:\/\/www.fjala.info\/2012\/berisha_me_femije.jpg","type":"","width":"","height":""}],"author":"admin","twitter_card":"summary_large_image","twitter_misc":{"Written by":"admin","Est. reading time":"4 minutes"},"schema":{"@context":"https:\/\/schema.org","@graph":[{"@type":"Article","@id":"https:\/\/fjala.info\/2009-2015\/pedofilia-politike-e-berishes\/#article","isPartOf":{"@id":"https:\/\/fjala.info\/2009-2015\/pedofilia-politike-e-berishes\/"},"author":{"name":"admin","@id":"https:\/\/fjala.info\/2009-2015\/#\/schema\/person\/3aa1163ef05469c496fc94e77611ada2"},"headline":"\u201cPedofilia\u201d politike e Berish\u00ebs","datePublished":"2012-09-28T20:24:04+00:00","mainEntityOfPage":{"@id":"https:\/\/fjala.info\/2009-2015\/pedofilia-politike-e-berishes\/"},"wordCount":864,"commentCount":0,"publisher":{"@id":"https:\/\/fjala.info\/2009-2015\/#organization"},"image":{"@id":"https:\/\/fjala.info\/2009-2015\/pedofilia-politike-e-berishes\/#primaryimage"},"thumbnailUrl":"http:\/\/www.fjala.info\/2012\/berisha_me_femije.jpg","articleSection":["Artikuj"],"inLanguage":"sq-AL","potentialAction":[{"@type":"CommentAction","name":"Comment","target":["https:\/\/fjala.info\/2009-2015\/pedofilia-politike-e-berishes\/#respond"]}]},{"@type":"WebPage","@id":"https:\/\/fjala.info\/2009-2015\/pedofilia-politike-e-berishes\/","url":"https:\/\/fjala.info\/2009-2015\/pedofilia-politike-e-berishes\/","name":"\u201cPedofilia\u201d politike e Berish\u00ebs - FjALA e LIR\u00cb - Arkivi","isPartOf":{"@id":"https:\/\/fjala.info\/2009-2015\/#website"},"primaryImageOfPage":{"@id":"https:\/\/fjala.info\/2009-2015\/pedofilia-politike-e-berishes\/#primaryimage"},"image":{"@id":"https:\/\/fjala.info\/2009-2015\/pedofilia-politike-e-berishes\/#primaryimage"},"thumbnailUrl":"http:\/\/www.fjala.info\/2012\/berisha_me_femije.jpg","datePublished":"2012-09-28T20:24:04+00:00","breadcrumb":{"@id":"https:\/\/fjala.info\/2009-2015\/pedofilia-politike-e-berishes\/#breadcrumb"},"inLanguage":"sq-AL","potentialAction":[{"@type":"ReadAction","target":["https:\/\/fjala.info\/2009-2015\/pedofilia-politike-e-berishes\/"]}]},{"@type":"ImageObject","inLanguage":"sq-AL","@id":"https:\/\/fjala.info\/2009-2015\/pedofilia-politike-e-berishes\/#primaryimage","url":"http:\/\/www.fjala.info\/2012\/berisha_me_femije.jpg","contentUrl":"http:\/\/www.fjala.info\/2012\/berisha_me_femije.jpg"},{"@type":"BreadcrumbList","@id":"https:\/\/fjala.info\/2009-2015\/pedofilia-politike-e-berishes\/#breadcrumb","itemListElement":[{"@type":"ListItem","position":1,"name":"Home","item":"https:\/\/fjala.info\/2009-2015\/"},{"@type":"ListItem","position":2,"name":"\u201cPedofilia\u201d politike e Berish\u00ebs"}]},{"@type":"WebSite","@id":"https:\/\/fjala.info\/2009-2015\/#website","url":"https:\/\/fjala.info\/2009-2015\/","name":"FjALA e LIR\u00cb - Arkivi","description":"Arkivi 2009-2015","publisher":{"@id":"https:\/\/fjala.info\/2009-2015\/#organization"},"potentialAction":[{"@type":"SearchAction","target":{"@type":"EntryPoint","urlTemplate":"https:\/\/fjala.info\/2009-2015\/?s={search_term_string}"},"query-input":{"@type":"PropertyValueSpecification","valueRequired":true,"valueName":"search_term_string"}}],"inLanguage":"sq-AL"},{"@type":"Organization","@id":"https:\/\/fjala.info\/2009-2015\/#organization","name":"FjALA e LIR\u00cb - Arkivi","url":"https:\/\/fjala.info\/2009-2015\/","logo":{"@type":"ImageObject","inLanguage":"sq-AL","@id":"https:\/\/fjala.info\/2009-2015\/#\/schema\/logo\/image\/","url":"","contentUrl":"","caption":"FjALA e LIR\u00cb - Arkivi"},"image":{"@id":"https:\/\/fjala.info\/2009-2015\/#\/schema\/logo\/image\/"}},{"@type":"Person","@id":"https:\/\/fjala.info\/2009-2015\/#\/schema\/person\/3aa1163ef05469c496fc94e77611ada2","name":"admin","image":{"@type":"ImageObject","inLanguage":"sq-AL","@id":"https:\/\/fjala.info\/2009-2015\/wp-content\/uploads\/2012\/02\/arben_cokaj-120x150.jpg","url":"https:\/\/fjala.info\/2009-2015\/wp-content\/uploads\/2012\/02\/arben_cokaj-120x150.jpg","contentUrl":"https:\/\/fjala.info\/2009-2015\/wp-content\/uploads\/2012\/02\/arben_cokaj-120x150.jpg","caption":"admin"},"description":"Admin, Fjala e Lir\u00eb","sameAs":["https:\/\/fjala.info\/"],"url":"https:\/\/fjala.info\/2009-2015\/author\/admin\/"}]}},"_links":{"self":[{"href":"https:\/\/fjala.info\/2009-2015\/wp-json\/wp\/v2\/posts\/5204","targetHints":{"allow":["GET"]}}],"collection":[{"href":"https:\/\/fjala.info\/2009-2015\/wp-json\/wp\/v2\/posts"}],"about":[{"href":"https:\/\/fjala.info\/2009-2015\/wp-json\/wp\/v2\/types\/post"}],"author":[{"embeddable":true,"href":"https:\/\/fjala.info\/2009-2015\/wp-json\/wp\/v2\/users\/1"}],"replies":[{"embeddable":true,"href":"https:\/\/fjala.info\/2009-2015\/wp-json\/wp\/v2\/comments?post=5204"}],"version-history":[{"count":0,"href":"https:\/\/fjala.info\/2009-2015\/wp-json\/wp\/v2\/posts\/5204\/revisions"}],"wp:attachment":[{"href":"https:\/\/fjala.info\/2009-2015\/wp-json\/wp\/v2\/media?parent=5204"}],"wp:term":[{"taxonomy":"category","embeddable":true,"href":"https:\/\/fjala.info\/2009-2015\/wp-json\/wp\/v2\/categories?post=5204"},{"taxonomy":"post_tag","embeddable":true,"href":"https:\/\/fjala.info\/2009-2015\/wp-json\/wp\/v2\/tags?post=5204"}],"curies":[{"name":"wp","href":"https:\/\/api.w.org\/{rel}","templated":true}]}}