{"id":5203,"date":"2010-12-13T21:55:59","date_gmt":"2010-12-13T20:55:59","guid":{"rendered":"http:\/\/fjala.shkoder.net\/?p=5203"},"modified":"2010-12-13T21:55:59","modified_gmt":"2010-12-13T20:55:59","slug":"nobelistja-dhe-shenjtorja-nene-tereza-u-perkujtua-nga-lidhja-e-shkrimtareve-krijuesve-dhe-artisteve-shqiptare-ne-gjermani","status":"publish","type":"post","link":"https:\/\/fjala.info\/2009-2015\/nobelistja-dhe-shenjtorja-nene-tereza-u-perkujtua-nga-lidhja-e-shkrimtareve-krijuesve-dhe-artisteve-shqiptare-ne-gjermani\/","title":{"rendered":"N\u00ebn\u00eb Tereza p\u00ebrkujtohet nga &#8220;Lidhja e Shkrimtar\u00ebve, Krijuesve dhe Artist\u00ebve shqiptar\u00eb n\u00eb Gjermani&#8221;"},"content":{"rendered":"<p style=\"text-align: center;\"><img loading=\"lazy\" decoding=\"async\" class=\"alignleft size-medium wp-image-4715\" title=\"asllan_dibrani1\" src=\"http:\/\/fjala.shkoder.net\/wp-content\/uploads\/2010\/11\/asllan_dibrani1-227x300.jpg\" alt=\"\" width=\"227\" height=\"300\" \/><\/p>\n<p>Nga <strong>Asllan Dibrani<\/strong><\/p>\n<p>&#8211; <strong>Me emrin e saj sot shqiptar\u00ebt kan\u00eb kuror\u00ebzuar objekte publike t\u00eb m\u00ebdha, si\u00e7 jan\u00eb spitale, shkolla, bulevarde qytetesh, por ma te ve\u00e7anta jan\u00eb sheshi i N\u00ebn\u00eb Terez\u00ebs n\u00eb Tiran\u00eb, sheshi i N\u00ebn\u00eb Terez\u00ebs n\u00eb Prishtin\u00eb, Aeroporti i Rinasit n\u00eb Shqip\u00ebri etj.<\/strong><br \/>\n&#8211; <strong>N\u00eb takim n\u00eb shenj\u00eb p\u00ebrkujtimi t\u00eb 100 vjetorit t\u00eb lindjes s\u00eb shenjtores s\u00eb mashe N\u00ebn\u00eb Terez\u00ebs, u hap edhe nj\u00eb Ekspozit\u00eb artistike<\/strong><br \/>\n&#8211; <strong>Biografia e N\u00ebn\u00eb Terez\u00ebs<\/strong><br \/>\n&#8211; <strong>Pasaporta<\/strong><br \/>\n&#8211; <strong>Si arriti N\u00ebn\u00eb Tereza ta vizitoj\u00eb p\u00ebr her\u00eb t\u00eb par\u00eb Shqip\u00ebrin\u00eb!<\/strong><br \/>\n&#8211; <strong>Mos t\u00eb \u00e7uditemi me popujt tjer\u00eb qe mundohen me i p\u00ebrfitua edhe k\u00ebto figura qe linden nga djepi dhe n\u00ebnat shqiptare<\/strong><br \/>\n&#8211; <strong>Deklaratat e dijetareve t\u00eb m\u00ebdhenj dhe figurave t\u00eb ndryshme p\u00ebr N\u00ebn\u00eb Terez\u00ebn dhe disa an\u00ebtar\u00ebve t\u00eb LSHAKSH-s\u00eb n\u00eb Gjermani<\/strong><br \/>\n&#8211; <strong>Mesazh dhe thirrje komb\u00ebtare p\u00ebr kthimin e eshtrave t\u00eb N\u00ebn\u00eb Terez\u00ebs n\u00eb atdhe<\/strong><\/p>\n<p style=\"text-align: center;\"><strong><em><img decoding=\"async\" class=\"alignnone size-full wp-image-5204\" title=\"N\u00ebn\u00eb Tereza - portret\" src=\"http:\/\/fjala.shkoder.net\/wp-content\/uploads\/2010\/12\/nene_tereza_portret.jpg\" alt=\"\" width=\"400\" \/><\/em><\/strong><br \/>\n<strong><em>Portret i N\u00ebn\u00eb Terez\u00ebs<\/em><\/strong><\/p>\n<p>&#8220;<strong><em>Duke u mb\u00ebshtetur ne historikun e k\u00ebsaj figure aq madh\u00ebshtor\u00eb dhe me vler\u00eb, p\u00ebr kombin ton\u00eb qe krijoj nj\u00eb imazh ne sken\u00ebn e njer\u00ebzve ma me influenc\u00eb n\u00eb bot\u00eb, shfryt\u00ebzoj rastin qe tu b\u00ebj\u00eb thirrje trash\u00ebgimtar\u00ebve t\u00eb familjes se N\u00ebn\u00eb Terez\u00ebs, qeverive aktuale n\u00eb Tiran\u00eb dhe Prishtin\u00eb, zyrtar\u00ebve shqiptar\u00eb n\u00eb Shkup, klerik\u00ebve shqiptar\u00eb, dhe organizmave tjer\u00eb kudo qe jan\u00eb t\u00eb formohet nj\u00eb (K\u00ebshill organizues n\u00eb nivel komb\u00ebtar me qellim t\u00eb sjelljes se eshtrave t\u00eb madh\u00ebrishmes N\u00ebn\u00eb Terez\u00ebs n\u00eb atdhe kudo qoft\u00eb n\u00eb Shqip\u00ebri, Kosov\u00eb apo Shkup), sepse vet trazimi i familjes Bojaxhiu n\u00eb trojet shqiptare e dikton nj\u00eb gj\u00eb t\u00eb till\u00eb, me qellim, qe ti shtohet krenaria edhe ma e madhe popullit shqiptar duke i besuar k\u00ebtij k\u00ebshilli qe n\u00eb m\u00ebnyra diplomatike n\u00eb nivele shtet\u00ebrore, t\u00eb b\u00ebhet me dije shteti indian se duhet me u gjet nj\u00eb marr\u00ebveshje sa ma e shpejt ose qe ka nevoj\u00eb t\u00eb b\u00ebhet nj\u00eb presion nd\u00ebrkomb\u00ebtar p\u00ebr ta kthyer nj\u00eb vler\u00eb t\u00eb kombit ne gjirin e vet dhe ta realizojm\u00eb \u00ebnd\u00ebrron e saj qe t\u00eb pushoj n\u00eb vendin e vet p\u00ebr gjithmon\u00eb!Varri i saj\u00eb n\u00eb atdhe do ti shtoj popullit shqiptar edhe tep\u00ebr, nj\u00eb nder, krenari dhe nj\u00eb imazh te pa vdeksh\u00ebm<\/em><\/strong>&#8220;.<\/p>\n<p>Duke e konsideruar vitin 2010 si &#8220;Vitin e N\u00ebn\u00eb Terez\u00ebs\u201d, n\u00eb mbar\u00eb bot\u00ebn shqiptare u nderua, u manifestua, dhe u p\u00ebrkujtuan me nj\u00eb s\u00ebr\u00eb aktivitetesh t\u00eb posa\u00e7me 100 vjetorin i lindjes s\u00eb N\u00ebn\u00eb Terez\u00ebs. Kalendar i pasur veprimtarish kulturore kushtuar k\u00ebsaj figure i pushtoj q\u00eb nga institucionet ma te larta shtatore n\u00eb Shqip\u00ebri, Kosov\u00eb, Shkup. n\u00eb Preshev\u00eb n\u00eb m\u00ebrgat\u00ebn shqiptare kudo q\u00eb jan\u00eb t\u00eb shp\u00ebrndar\u00eb n\u00ebp\u00ebr bot\u00eb shqiptar\u00ebt.<\/p>\n<p style=\"text-align: center;\"><em><strong><img loading=\"lazy\" decoding=\"async\" class=\"alignnone size-full wp-image-5266\" title=\"lidhja_shkrimtareve_de\" src=\"http:\/\/fjala.shkoder.net\/wp-content\/uploads\/2010\/12\/lidhja_shkrimtareve_de.jpg\" alt=\"\" width=\"500\" height=\"381\" \/><\/strong><\/em><\/p>\n<p style=\"text-align: center;\"><em><strong>Grup Shkrimtar\u00ebsh dhe artist\u00ebsh pjes\u00ebmarr\u00ebs n\u00eb p\u00ebrvjetorin e N\u00ebn\u00eb Terez\u00ebs pas p\u00ebrfundimit t\u00eb manifestimit.<\/strong><\/em><\/p>\n<p>Me portretin dhe emrin e humanistes s\u00eb madhe, me th\u00ebnie e dedikime t\u00eb saj u pllakosen nd\u00ebrtesat me t\u00eb larta t\u00eb kryeqyteteve tona, an\u00ebs rrug\u00ebve dhe bulevardeve u vendosen shenja dhe simbolet e saj . Ve\u00e7 an\u00ebs dekorative, qytetar\u00ebt pat\u00ebn mund\u00ebsi t\u00eb shikojn\u00eb nj\u00eb inventar retrospektiv nga ekspozita me piktura si motiv t\u00eb figur\u00ebs se N\u00ebn\u00eb Terez\u00ebs, ekspozita fotosh mbi aktivitetin e saj\u00eb n\u00eb jet\u00ebn e p\u00ebrbotshme humanitare, botime librash p\u00ebr jet\u00ebn, p\u00ebr t\u00eb kaluar\u00ebn e lavdishme te saj, t\u00eb nj\u00eb gruaje me nj\u00eb zem\u00ebr humaneje, dhe dokumente t\u00eb aktivitetit t\u00eb Gonxhe Bojaxhiut anemban\u00eb bot\u00ebs s\u00eb bamir\u00ebsis\u00eb,n\u00eb organizata,qeveri dhe ku jo! K\u00ebto materiale piktura,libra,gazeta,artikuj filma dokumentar monografi dhe nj\u00eb thesar i madh dokumentesh, sot jan\u00eb arkivuar dhe ekspozuar n\u00eb Biblioteka, Muze Komb\u00ebtare, Kisha etj.<\/p>\n<p>Me emrin e saj sot shqiptar\u00ebt kane kuror\u00ebzuar objekte publike t\u00eb m\u00ebdha, si\u00e7 jan\u00eb spitale, shkolla,bulevarde qytetesh, por ma te ve\u00e7anta jan\u00eb sheshi i N\u00ebn\u00eb Terez\u00ebs n\u00eb Tiran\u00eb ,sheshi i N\u00ebn\u00eb Terez\u00ebs n\u00eb Prishtin\u00eb, Aeroporti i Rinasit n\u00eb Shqip\u00ebri .Me emrin e N\u00ebn\u00eb Terez\u00ebs dhe shum\u00eb organizma te tjer\u00eb jan\u00eb em\u00ebruar duke e nderuar k\u00ebt\u00eb figur\u00eb aq madh\u00ebshtore ,por nj\u00eb nder to vlen ta themi se Katedralja e posa hapur n\u00eb Prishtin\u00eb me emrin e saj\u00eb ja shtoj vler\u00ebn popullit t\u00eb Kosov\u00ebs ku \u00ebndrra e saj n\u00eb forme instiktive u arrit sa do pak , sepse gjith\u00eb k\u00ebto manifestime dhe nderime kushtuar 100 vjetorit te N\u00ebn\u00eb Terez\u00ebs e zbehu mungesa e eshtrave t\u00eb saj q\u00eb nuk pushojn\u00eb ne vendin e vet, ku kishte me ju shtua imazhi dhe krenaria gjith\u00eb kombit shqiptar kudo q\u00eb t\u00eb ishte varri i saj n\u00eb Tiran\u00eb, Prishtin\u00eb apo n\u00eb Shkup. I ngjash\u00ebm nj\u00eb tubim me karakter p\u00ebrkujtues u mbajt para pak dit\u00ebsh edhe n\u00eb Gjermani nga &#8220;Lidhja e Shkrimtareve, Krijuesve dhe Artisteve Shqiptar\u00eb n\u00eb Gjermani&#8221;, nga trungu dhe promotori i vet\u00ebdijes komb\u00ebtare qe po i ndjek gjurm\u00ebt e rilind\u00ebseve dhe patrioteve gjat\u00eb historis\u00eb n\u00eb m\u00ebrgat\u00ebn shqiptare p\u00ebr \u00e7\u00ebshtjen e atdheut.<\/p>\n<p style=\"text-align: center;\"><em><strong><img loading=\"lazy\" decoding=\"async\" class=\"alignnone size-full wp-image-5267\" title=\"lidhja_shkrimtareve_de1\" src=\"http:\/\/fjala.shkoder.net\/wp-content\/uploads\/2010\/12\/lidhja_shkrimtareve_de1.jpg\" alt=\"\" width=\"400\" height=\"387\" \/><\/strong><\/em><\/p>\n<p style=\"text-align: center;\"><em><strong>Pamje nga nj\u00eb pjes\u00eb e sall\u00ebs<\/strong><\/em><\/p>\n<p>U p\u00ebrkujtua madh\u00ebrish\u00ebm Shenjtorja N\u00ebn\u00eb Tereza nj\u00eb figur\u00eb q\u00eb e mish\u00ebroj tanim\u00eb veten me popullin e vet gjat\u00eb k\u00ebtij viti 2010.<\/p>\n<p style=\"text-align: center;\"><em><strong><img loading=\"lazy\" decoding=\"async\" class=\"alignnone size-full wp-image-5270\" title=\"lidhja_shkrimtareve_de2\" src=\"http:\/\/fjala.shkoder.net\/wp-content\/uploads\/2010\/12\/lidhja_shkrimtareve_de2.jpg\" alt=\"\" width=\"400\" height=\"307\" \/><\/strong><\/em><\/p>\n<p style=\"text-align: center;\"><em><strong>Nj\u00eb grup poet\u00ebsh duke e p\u00ebrcjell manifestimin nga e majta Hasan Qyqalla<\/strong><\/em><\/p>\n<p>Salla ishte e stolisur me nj\u00eb petk manifestues ku n\u00eb pamjen e sken\u00ebs dominonte figura e N\u00ebn\u00eb Terez\u00ebs dhe mbishkrimi kushtuar k\u00ebtij takimi.<\/p>\n<p style=\"text-align: center;\"><em><strong><img loading=\"lazy\" decoding=\"async\" class=\"alignnone size-full wp-image-5268\" title=\"lidhja_shkrimtareve_de3\" src=\"http:\/\/fjala.shkoder.net\/wp-content\/uploads\/2010\/12\/lidhja_shkrimtareve_de3.jpg\" alt=\"\" width=\"400\" height=\"306\" \/><\/strong><\/em><\/p>\n<p style=\"text-align: center;\"><em><strong>Pal Sokoli Valdete Berisha dhe Shaban Cakolli<\/strong><\/em><\/p>\n<p style=\"text-align: center;\"><strong><em><img loading=\"lazy\" decoding=\"async\" class=\"alignnone size-full wp-image-5269\" title=\"lidhja_shkrimtareve_de4\" src=\"http:\/\/fjala.shkoder.net\/wp-content\/uploads\/2010\/12\/lidhja_shkrimtareve_de4.jpg\" alt=\"\" width=\"400\" height=\"262\" \/><\/em><\/strong><\/p>\n<p style=\"text-align: center;\"><strong><em>Pamje nga nj\u00eb pjes\u00eb e sall\u00ebs<\/em><\/strong><\/p>\n<p>Takimi u mbajt ne nj\u00eb sht\u00ebpi kulture Gasstra\u00dfe -10 58256 -E n n e p e t a l t\u00eb rrethin t\u00eb Dortmundit t\u00eb Gjermanis\u00eb. Ishte k\u00ebnaq\u00ebsi ta p\u00ebrjetosh nj\u00eb atmosfer\u00eb festive nga njer\u00ebzit me lami t\u00eb ndryshme t\u00eb kultur\u00ebs dhe veprimtaris\u00eb artistike t\u00eb mbledhur p\u00ebr nj\u00eb figur\u00eb me em\u00ebr bot\u00ebror. Fillimisht u prezantuar nj\u00eb studente Bleta Kelmendi qe i p\u00ebrsh\u00ebndeti t\u00eb pranishmit n\u00eb t\u00eb dy gjuh\u00ebt. Nikoll\u00eb Gjoni qe p\u00ebrfaq\u00ebsonte Shoqat\u00ebn \u201cStublla\u201d, i p\u00ebrsh\u00ebndeti t\u00eb pranishmit dhe u paraqit me nj\u00eb poezi kushtuar N\u00ebn\u00eb Terez\u00ebs e shkruar nga poeti yn\u00eb Hasan Qyqalla.<\/p>\n<p style=\"text-align: center;\"><em><strong><img loading=\"lazy\" decoding=\"async\" class=\"alignnone size-full wp-image-5271\" title=\"lidhja_shkrimtareve_de5\" src=\"http:\/\/fjala.shkoder.net\/wp-content\/uploads\/2010\/12\/lidhja_shkrimtareve_de5.jpg\" alt=\"\" width=\"400\" height=\"323\" \/><\/strong><\/em><\/p>\n<p style=\"text-align: center;\"><em><strong>Hasan Qyqalla u paraqit me tekstin e Dr. Don Lush Gjergjit n\u00eb foltore<\/strong><\/em><\/p>\n<p>Pastaj ne sken\u00eb u ftua zoti Hasan Qyqalla ta paraqes tekstin dhe fragmente t\u00eb zgjedhura nga Dr. Don Lush Gjergji studiues i biografis\u00eb s\u00eb t\u00eb madhes Gonxhe Bojaxhiu &#8211; N\u00ebn\u00eb Tereza, qe p\u00ebr shkaqe objektive nuk mundi te marre pjes\u00eb n\u00eb k\u00ebt\u00eb takim!Tekstin e zotit Qyqalla e prezantoj n\u00eb gjuh\u00ebn gjermane z. Ferdinantd Nokaj. K\u00ebng\u00ebtari popullor Agim Gashi recitoi nj\u00eb poezi kushtuar N\u00ebn\u00ebs Terez\u00eb dhe k\u00ebndoi k\u00ebng\u00eb p\u00ebr N\u00ebn\u00eb Terez\u00ebn.<\/p>\n<p style=\"text-align: center;\"><em><strong><img loading=\"lazy\" decoding=\"async\" class=\"alignnone size-full wp-image-5272\" title=\"lidhja_shkrimtareve_de6\" src=\"http:\/\/fjala.shkoder.net\/wp-content\/uploads\/2010\/12\/lidhja_shkrimtareve_de6.jpg\" alt=\"\" width=\"500\" height=\"384\" \/><\/strong><\/em><\/p>\n<p style=\"text-align: center;\"><em><strong>Dy v\u00ebllez\u00ebr dhe mot\u00ebr Briken\u00eb, Bledar dhe Blegin Berisha<\/strong><\/em><\/p>\n<p>Dy v\u00ebllez\u00ebr dhe mot\u00ebr Briken\u00eb,Bledar dhe Blegin Berisha nga shkolla shqipe dhe shoqata \u201dIliria\u201d e Heildelbegut u paraqiten me k\u00ebng\u00eb dhe e p\u00ebrcoll\u00ebn programin n\u00eb disa pika gjat\u00eb prezantimit. Udh\u00ebheq\u00ebsja e programit z.Blerta ju uroj mir\u00ebseardhje p\u00ebrsh\u00ebndet\u00ebse disa miqve gjerman qe ishin ne sall\u00eb , nj\u00eb nder to ishte edhe Renate Fuest dhe zonja Shukrie Ismaili nga partia e SPD-s\u00eb gjermane. Shkodran Tolaj nj\u00eb tenor i muzik\u00ebs dhe k\u00ebng\u00ebs universale i mahniti publikun me nj\u00eb paraqitje shume atraktive qe i dha sall\u00ebs nj\u00eb manifestim artistik.<\/p>\n<p style=\"text-align: left;\"><strong>N\u00eb takim n\u00eb shenj\u00eb p\u00ebrkujtimi t\u00eb 100 vjetorit t\u00eb lindjes s\u00eb shenjtores s\u00eb mashe N\u00ebn\u00eb Terez\u00ebs u hap edhe nj\u00eb Ekspozit\u00eb artistike<\/strong><\/p>\n<p>Asllan Dibrani an\u00ebtar i kryesis\u00eb s\u00eb LSHAKSH-s\u00eb i p\u00ebrsh\u00ebndeti t\u00eb pranishmit p\u00ebr pjes\u00ebmarrje n\u00eb k\u00ebt\u00eb takim dhe informoj t\u00eb pranishmit me aktivitetin e sektorit t\u00eb artit pamor pran\u00eb LSHAKSH-s\u00eb, ku i publikoj emrat e mese 39 piktor\u00ebve dhe skulptor\u00ebve brenda Gjermanis\u00eb dhe jasht\u00eb saj, q\u00eb do t\u00eb jen\u00eb nj\u00eb seksion veprues n\u00eb shoqat\u00eb dhe p\u00ebr planet e shtrirjes s\u00eb k\u00ebtij sektori edhe jasht\u00eb kufijve t\u00eb Gjermanis\u00eb, ku nder t\u00eb tjera theksoj me sa vijon duke u p\u00ebrqendruar n\u00eb ekspozit\u00ebn e k\u00ebsaj dite kushtuar k\u00ebsaj Akademie.<\/p>\n<p style=\"text-align: center;\"><strong><em><img loading=\"lazy\" decoding=\"async\" class=\"alignnone size-full wp-image-5273\" title=\"lidhja_shkrimtareve_de7\" src=\"http:\/\/fjala.shkoder.net\/wp-content\/uploads\/2010\/12\/lidhja_shkrimtareve_de7.jpg\" alt=\"\" width=\"400\" height=\"450\" \/><\/em><\/strong><\/p>\n<p style=\"text-align: center;\"><strong><em>Asllan Dibrani gjat\u00eb diskutimit<\/em><\/strong><\/p>\n<p>P\u00ebr programim e sotsh\u00ebm kushtuar k\u00ebsaj akademie me nj\u00eb theks t\u00eb ve\u00e7ant\u00eb p\u00ebrsh\u00ebndes piktor\u00ebt dhe skulptorin Male Myrten q\u00eb me qindra kilometra mor\u00ebn pjes\u00eb n\u00eb hapjen e k\u00ebsaj &#8220;Ekspozite&#8221; t\u00eb artit pamor ,nj\u00eb art qe sot i bashkuan brushat dijen,dhe krijimtarin\u00eb e vet qe nj\u00eb here \u00ebsht\u00eb edhe tubimi i dyt\u00eb n\u00eb LSHAKSH-s\u00eb, pos ekspozit\u00ebs qe u hap n\u00eb takimin e or\u00ebs letrare kushtuar Azem Shkrelit.<\/p>\n<p>N\u00eb k\u00ebt\u00eb takim n\u00eb shenj\u00eb p\u00ebrkujtimi t\u00eb 100 vjetorit t\u00eb lindjes s\u00eb shenjtores s\u00eb madhe N\u00ebn\u00eb Terez\u00ebs pjes\u00ebmarr\u00ebs t\u00eb k\u00ebsaj ekspozite jan\u00eb: Mal\u00eb Myrtaj skulptor,Dan Gashi,Sokol Maloku, Asllan Dibran Valdete Berisha dhe Augustin Pergega piktor .<\/p>\n<p style=\"text-align: center;\"><strong><em><img loading=\"lazy\" decoding=\"async\" class=\"alignnone size-full wp-image-5274\" title=\"lidhja_shkrimtareve_de8\" src=\"http:\/\/fjala.shkoder.net\/wp-content\/uploads\/2010\/12\/lidhja_shkrimtareve_de8.jpg\" alt=\"\" width=\"300\" height=\"369\" \/><\/em><\/strong><\/p>\n<p style=\"text-align: center;\"><strong><em>Punim i Mal\u00eb Myrtes skulptor<\/em><\/strong><\/p>\n<p style=\"text-align: center;\"><em><strong><img loading=\"lazy\" decoding=\"async\" class=\"alignnone size-full wp-image-5275\" title=\"lidhja_shkrimtareve_de9\" src=\"http:\/\/fjala.shkoder.net\/wp-content\/uploads\/2010\/12\/lidhja_shkrimtareve_de9.jpg\" alt=\"\" width=\"400\" height=\"465\" \/><\/strong><\/em><\/p>\n<p style=\"text-align: center;\"><em><strong>Punime nga Valdete Berisha piktore nga Belgjika<\/strong><\/em><\/p>\n<p style=\"text-align: center;\"><strong><em><img loading=\"lazy\" decoding=\"async\" class=\"alignnone size-full wp-image-5276\" title=\"lidhja_shkrimtareve_de10\" src=\"http:\/\/fjala.shkoder.net\/wp-content\/uploads\/2010\/12\/lidhja_shkrimtareve_de10.jpg\" alt=\"\" width=\"500\" height=\"385\" \/><\/em><\/strong><\/p>\n<p style=\"text-align: center;\"><strong><em>Piktor\u00ebt pjes\u00ebmarr\u00ebs te ekspozit\u00ebs artistike dhe krijues t\u00eb tjer\u00eb<\/em><\/strong><\/p>\n<p style=\"text-align: center;\"><em><strong><img loading=\"lazy\" decoding=\"async\" class=\"alignnone size-full wp-image-5277\" title=\"lidhja_shkrimtareve_de11\" src=\"http:\/\/fjala.shkoder.net\/wp-content\/uploads\/2010\/12\/lidhja_shkrimtareve_de11.jpg\" alt=\"\" width=\"500\" height=\"377\" \/><\/strong><\/em><\/p>\n<p style=\"text-align: center;\"><em><strong>Shaban Caklolli n\u00eb vizit\u00ebn e Ekspozit\u00ebs<\/strong><\/em><\/p>\n<p>Pastaj zoti Dibrani tha aktivitet i ve\u00e7ante aktual i imi \u00ebsht\u00eb qe ta themelojm\u00eb nj\u00eb &#8220;Shoqat\u00eb t\u00eb piktor\u00ebve dhe skulptor\u00ebve n\u00eb m\u00ebrgat\u00ebn shqiptare n\u00eb shtetet e Evrop\u00ebs me seli n\u00eb Gjermani&#8221; e cila do te jet\u00eb si ur\u00eb lidh\u00ebse dhe ambasadore p\u00ebr artin dhe piktur\u00ebn shqiptare n\u00eb Shqip\u00ebri , Kosov\u00eb dhe trojet tjera shqiptare.<\/p>\n<p>Pastaj ne vazhdim tha q\u00eb 15 vite me aktivitete t\u00eb her\u00ebpashershme me biseda, takime, thirrje, konsulta, sot i kam tubuar rreth vetes mese 39 piktor\u00eb t\u00eb ndrysh\u00ebm n\u00eb Gjermani,Austri,Holande,Belgjik\u00eb, Zvic\u00ebr etj , q\u00eb pritet kjo ide t\u00eb b\u00ebhet realitet.<br \/>\nNj\u00eb shoqat\u00eb, e cila \u00ebsht\u00eb shum\u00eb e domosdor\u00ebshme t\u00eb veproj dhe ta bashkoj\u00eb artin e brushave t\u00eb tyre n\u00eb Gjermani dhe vendet e lartshenuara.<\/p>\n<p style=\"text-align: center;\"><em><strong><img loading=\"lazy\" decoding=\"async\" class=\"alignnone size-full wp-image-5278\" title=\"lidhja_shkrimtareve_de12\" src=\"http:\/\/fjala.shkoder.net\/wp-content\/uploads\/2010\/12\/lidhja_shkrimtareve_de12.jpg\" alt=\"\" width=\"400\" height=\"507\" \/><\/strong><\/em><\/p>\n<p style=\"text-align: center;\"><em><strong>Punim nga Valdete Berisha<\/strong><\/em><\/p>\n<p style=\"text-align: center;\"><em><strong><img loading=\"lazy\" decoding=\"async\" class=\"alignnone size-full wp-image-5279\" title=\"lidhja_shkrimtareve_de13\" src=\"http:\/\/fjala.shkoder.net\/wp-content\/uploads\/2010\/12\/lidhja_shkrimtareve_de13.jpg\" alt=\"\" width=\"364\" height=\"632\" \/><\/strong><\/em><\/p>\n<p style=\"text-align: center;\"><em><strong>Asllan Dibrani n\u00eb dit\u00ebn e manifestimit<\/strong><\/em><\/p>\n<p style=\"text-align: center;\"><strong><em><img loading=\"lazy\" decoding=\"async\" class=\"alignnone size-full wp-image-5280\" title=\"lidhja_shkrimtareve_de14\" src=\"http:\/\/fjala.shkoder.net\/wp-content\/uploads\/2010\/12\/lidhja_shkrimtareve_de14.jpg\" alt=\"\" width=\"450\" height=\"518\" \/><\/em><\/strong><\/p>\n<p style=\"text-align: center;\"><strong><em>Ekspozit\u00eb e p\u00ebrbashk\u00ebt nga skulptori Male Myrtaj dhe piktoret Asllan Dibrani piktor,Valdete Berisha piktore dhe poete Dan Gashi piktor,Sokol Maloku piktor<\/em><\/strong><\/p>\n<p style=\"text-align: center;\"><strong><em>\u00a0<img loading=\"lazy\" decoding=\"async\" class=\"alignnone size-full wp-image-5281\" title=\"lidhja_shkrimtareve_de15\" src=\"http:\/\/fjala.shkoder.net\/wp-content\/uploads\/2010\/12\/lidhja_shkrimtareve_de15.jpg\" alt=\"\" width=\"500\" height=\"396\" \/><\/em><\/strong><\/p>\n<p style=\"text-align: center;\"><strong><em>Punimet nga piktori Dan Gashi vaj<\/em><\/strong><\/p>\n<p style=\"text-align: center;\"><em><strong><img loading=\"lazy\" decoding=\"async\" class=\"alignnone size-full wp-image-5282\" title=\"lidhja_shkrimtareve_de16\" src=\"http:\/\/fjala.shkoder.net\/wp-content\/uploads\/2010\/12\/lidhja_shkrimtareve_de16.jpg\" alt=\"\" width=\"500\" height=\"386\" \/><\/strong><\/em><\/p>\n<p style=\"text-align: center;\"><strong><em><img loading=\"lazy\" decoding=\"async\" class=\"alignnone size-full wp-image-5283\" title=\"lidhja_shkrimtareve_de17\" src=\"http:\/\/fjala.shkoder.net\/wp-content\/uploads\/2010\/12\/lidhja_shkrimtareve_de17.jpg\" alt=\"\" width=\"523\" height=\"423\" \/><\/em><\/strong><\/p>\n<p style=\"text-align: center;\"><em><strong>Punim n\u00eb vaj peizazh nga Asllan Dibrani<\/strong><\/em><\/p>\n<p style=\"text-align: center;\"><strong><em><img loading=\"lazy\" decoding=\"async\" class=\"alignnone size-full wp-image-5284\" title=\"lidhja_shkrimtareve_de18\" src=\"http:\/\/fjala.shkoder.net\/wp-content\/uploads\/2010\/12\/lidhja_shkrimtareve_de18.jpg\" alt=\"\" width=\"400\" height=\"458\" \/><\/em><\/strong><\/p>\n<p style=\"text-align: center;\"><strong><em>Grup pjesemarres i takimit: Selvete Terstena kengetare,Shkodran Tolaj kengetar,Asllan Dibrani piktor,Valdete Berisha piktore dhe poete Dan Gashi piktor,Sokol Maloku piktor dhe Mustafe shabani veprimtar.<\/em><\/strong><\/p>\n<p style=\"text-align: center;\"><em><strong>\u00a0<\/strong><\/em><strong><em><img loading=\"lazy\" decoding=\"async\" class=\"alignnone size-full wp-image-5285\" title=\"lidhja_shkrimtareve_de19\" src=\"http:\/\/fjala.shkoder.net\/wp-content\/uploads\/2010\/12\/lidhja_shkrimtareve_de19.jpg\" alt=\"\" width=\"450\" height=\"345\" \/><\/em><\/strong><\/p>\n<p style=\"text-align: center;\"><em><strong>Kryetari i Lidhja e Shkrimtar\u00ebve, Artist\u00ebve dhe Krijuesve<\/strong><\/em> <em><strong>Shqiptar\u00eb n\u00eb Gjermani Martin \u00c7uni, Asllan Dibrani etj.<\/strong><\/em><\/p>\n<p>N\u00eb sken\u00eb u ngjit Pal Sokoli i cili i gjithashtu i nderoj publikun dhe u paraqit me dy rr\u00ebfime nga libri\u201dTh\u00ebllim n\u00eb dashuri\u201d dhe nj\u00eb poezi kushtuar N\u00ebn\u00ebs nga libri \u201cKamban\u00eb e p\u00eblcitur dhembja\u201d. Shaban Cakolli pasi p\u00ebrsh\u00ebndeti t\u00eb pranishmit p\u00ebr pjes\u00ebmarrje n\u00eb k\u00ebt\u00eb manifestim, foli edhe p\u00ebr let\u00ebrsin\u00eb shqipe n\u00eb p\u00ebrgjith\u00ebsi dhe me theks t\u00eb ve\u00e7ant\u00eb let\u00ebrsin\u00eb e m\u00ebrgat\u00ebs \u201cLet\u00ebrsia n\u00eb m\u00ebrgim. Z. Cakolli lexoi poezin\u00eb \u201cP\u00ebllumb i huaj\u201d nga libri i tij \u201cTok\u00eb Dardane\u201dgjithashtu me tematik\u00eb p\u00ebr N\u00ebn\u00ebn Terez\u00eb. Zoti Dibran Demaku shkrimtar i shprehu fal\u00ebnderimet ma t\u00eb sinqerta ndaj pjes\u00ebmarr\u00ebsve edhe theksoj se ne sot kur po p\u00ebrkujtojm\u00eb 100 vjetorin e lindjes se N\u00ebn\u00eb Terez\u00ebs duhet ta cekim dhe 31vjetorin e t\u00eb vetmes shqiptare qe fitoj \u00e7mimin Nobel ,e ku pos t\u00eb tjerash u paraqit edhe me nj\u00eb poezi qe i kishte kushtuar \u00e7mimit Nobel t\u00eb N\u00ebn\u00eb Terez\u00ebs.<\/p>\n<p>Me program kulturor takimi u p\u00ebrcjellin nga toneri Shkodran Tolaj i shoq\u00ebruar me Driton Gashin, nd\u00ebrsa si rapsod popullor ishte Agim Gashi me k\u00ebng\u00ebtaren Selvete Terstenen dhe grupi i valltareve.<\/p>\n<p style=\"text-align: center;\"><img loading=\"lazy\" decoding=\"async\" class=\"alignnone size-full wp-image-5287\" title=\"lidhja_shkrimtareve_de20\" src=\"http:\/\/fjala.shkoder.net\/wp-content\/uploads\/2010\/12\/lidhja_shkrimtareve_de20.jpg\" alt=\"\" width=\"450\" height=\"337\" \/><\/p>\n<p style=\"text-align: center;\"><strong><em>K\u00ebngetari Shkodan Tolaj pran publikut<\/em><\/strong><\/p>\n<p style=\"text-align: center;\"><strong><em><img loading=\"lazy\" decoding=\"async\" class=\"alignnone size-full wp-image-5288\" title=\"lidhja_shkrimtareve_de21\" src=\"http:\/\/fjala.shkoder.net\/wp-content\/uploads\/2010\/12\/lidhja_shkrimtareve_de21.jpg\" alt=\"\" width=\"500\" height=\"367\" \/><\/em><\/strong><\/p>\n<p style=\"text-align: center;\"><strong><em>Agim Gashi rapsod krijues duke recituar nj\u00eb poezi p\u00ebr N\u00ebn\u00eb Terez\u00ebn<\/em><\/strong><\/p>\n<p style=\"text-align: center;\"><strong><em><img loading=\"lazy\" decoding=\"async\" class=\"alignnone size-full wp-image-5289\" title=\"lidhja_shkrimtareve_de22\" src=\"http:\/\/fjala.shkoder.net\/wp-content\/uploads\/2010\/12\/lidhja_shkrimtareve_de22.jpg\" alt=\"\" width=\"500\" height=\"390\" \/><\/em><\/strong><\/p>\n<p style=\"text-align: center;\"><strong><em>K\u00ebng\u00ebtaren Selvete Terstenen pran publikut<\/em><\/strong><\/p>\n<p>M\u00eb her\u00ebt \u00ebsht\u00eb shpallur konkurse i piktur\u00ebs ku n\u00eb qend\u00ebr t\u00eb v\u00ebmendjes dominon portreti nga bamir\u00ebsja shqiptare N\u00ebn\u00eb Tereza.<\/p>\n<p>Pjesa p\u00ebrfundimtare e manifestimit ju p\u00ebrkushtua ekspozit\u00ebs artistike t\u00eb konkurruesve n\u00eb konkursin e shpallur\u201dN\u00ebna Terez\u00eb dhe populli shqiptar\u201dp\u00ebr t\u00eb cilin u ndan\u00eb shp\u00ebrblime .<\/p>\n<p style=\"text-align: center;\"><strong><em><img loading=\"lazy\" decoding=\"async\" class=\"alignnone size-full wp-image-5290\" title=\"lidhja_shkrimtareve_de23\" src=\"http:\/\/fjala.shkoder.net\/wp-content\/uploads\/2010\/12\/lidhja_shkrimtareve_de23.jpg\" alt=\"\" width=\"500\" height=\"383\" \/><\/em><\/strong><\/p>\n<p style=\"text-align: center;\"><strong><em><img loading=\"lazy\" decoding=\"async\" class=\"alignnone size-full wp-image-5291\" title=\"lidhja_shkrimtareve_de24\" src=\"http:\/\/fjala.shkoder.net\/wp-content\/uploads\/2010\/12\/lidhja_shkrimtareve_de24.jpg\" alt=\"\" width=\"500\" height=\"391\" \/><\/em><\/strong><\/p>\n<p style=\"text-align: center;\"><strong><em>\u00a0<\/em><\/strong><\/p>\n<p style=\"text-align: center;\"><strong><em>Martin \u00c7uni Kryetar i LSHAKSH-s\u00eb duke i ndar\u00eb shp\u00ebrblimet<\/em><\/strong><\/p>\n<p>Komisioni n\u00eb p\u00ebrb\u00ebrje t\u00eb Pal Sokolit, Shaban Cakollit dhe Sadri Gashit pasi i vler\u00ebsoi konkurrimet vendosi qe t\u00eb shp\u00ebrblej :V\u00ebndi i par\u00eb;Valdete Berisha nga Belgjika,Vendin i dyt\u00eb ju takoj ; Dan Gashi dhe Asllan Dibranit(Gjermani). Nd\u00ebrsa vendin e tret\u00eb e ndan\u00eb p\u00ebr ; Sokol Malokun dhe Augustin Pergegaj(Gjermani). Shp\u00ebrblimin e publikut e mori skulptori z. Mal\u00eb Myrta p\u00ebr skulptur\u00ebn \u201cLoti\u201d t\u00eb cil\u00ebn ja dhuroi LSHAKSH-s\u00eb.<\/p>\n<p style=\"text-align: center;\"><em><img loading=\"lazy\" decoding=\"async\" class=\"alignnone size-full wp-image-5293\" title=\"lidhja_shkrimtareve_de25\" src=\"http:\/\/fjala.shkoder.net\/wp-content\/uploads\/2010\/12\/lidhja_shkrimtareve_de25.jpg\" alt=\"\" width=\"450\" height=\"440\" \/><\/em><\/p>\n<p><em>Dy piktor Valdete Berisha dhe z. Asllan Dibrani k\u00ebt\u00eb shp\u00ebrblim i dhan\u00eb p\u00ebr \u201cSht\u00ebpin\u00eb e jetim\u00ebve\u201d n\u00eb Mitrovic\u00eb dhe Asllani shp\u00ebrblim ja dhuroi LSHAKSH-s\u00eb.<\/em><\/p>\n<p style=\"text-align: center;\"><strong><em><img loading=\"lazy\" decoding=\"async\" class=\"alignnone size-full wp-image-5292\" title=\"lidhja_shkrimtareve_de26\" src=\"http:\/\/fjala.shkoder.net\/wp-content\/uploads\/2010\/12\/lidhja_shkrimtareve_de26.jpg\" alt=\"\" width=\"500\" height=\"328\" \/><\/em><\/strong><\/p>\n<p style=\"text-align: center;\"><strong><em>Pamje e publikut gjat\u00eb vizit\u00ebs se ekspozit\u00ebs<\/em><\/strong><\/p>\n<p>Z. Martin \u00c7uni, kryetari i LSHAKSH-s\u00eb n\u00eb Gjermani, shp\u00ebrndau edhe disa mir\u00ebnjohje disa personaliteteve, p\u00ebr kontribut p\u00ebr popullin shqiptar. 1. Bib\u00eb Nokaj nga Hageni, 2. Murat Ahmeti nga Ennepetali. 3. Priftin Andreas Wellmar nga Frankfurti dhe 4. Priftin Harald Maron nga Ennepetali, t\u00eb cil\u00ebt p\u00ebrgjat\u00eb luft\u00ebs n\u00eb Kosov\u00eb kan\u00eb dh\u00ebn\u00eb provat njer\u00ebzore dhe humanizmit ne shum\u00eb fusha. K\u00ebta u shp\u00ebrblyen me nga nj\u00eb piktur\u00eb t\u00eb piktorit Kastriot Maliqi. Pastaj p\u00ebr kontribut manifestimit p\u00ebr N\u00ebn\u00ebn Terez\u00eb mor\u00ebn;1. Selvete Terstena, 2. Halit Berisha. 3. Shaban Cakolli nga nj\u00eb piktur\u00eb t\u00eb N\u00ebn\u00ebs Terez\u00eb.<\/p>\n<p><strong>Biografia e N\u00ebn\u00eb Terez\u00ebs<\/strong><\/p>\n<p>Anjez\u00eb (Gonxhe) Bojaxhiu lindi n\u00eb Shkup n\u00eb nj\u00eb familje shqiptare. I ati, Kola, nj\u00eb tregtar i pasur, mori pjes\u00eb n\u00eb l\u00ebvizjen p\u00ebr \u00e7lirimin e kombit shqiptar nga sundimi osman dhe rridhte nga nj\u00eb familje patriotike. N\u00eb mosh\u00ebn 18-vje\u00e7are Anjeza u largua nga Shkupi dhe shkoi n\u00eb Irland\u00eb p\u00ebr t\u2019u b\u00ebr\u00eb murgesh\u00eb thjesht n\u00eb sh\u00ebrbim te njer\u00ebzimit sipas rregullave t\u00eb besimit krishter\u00eb.<\/p>\n<p>Nj\u00eb let\u00ebr e N\u00ebn\u00eb Terez\u00ebs, e shkruar n\u00eb shqip dhe mban dat\u00ebn 12 shtator 1928. \u00cbsht\u00eb nj\u00eb let\u00ebr lamtumire shkruar n\u00eb adres\u00eb t\u00eb tezes s\u00eb saj e quajtur Lisi:<\/p>\n<p>\u201cE dashtuna tezja Lisi!<\/p>\n<p>M\u00eb 26 t\u2019kti mujit po nisem prej Shkupit. Po muj me ju shkrue dy tri rrjeshta tuj daj prej jush. Lamtumir e d\u00ebshiroj qi zoti ju nep shka t\u2019ju dishiron zemra. Pritni t\u00eb faluna ma t\u2019p\u00ebrzem\u00ebrta! Gonxhja\u201d<br \/>\nKjo \u00ebsht\u00eb letra e N\u00ebn\u00eb Terez\u00ebs kur ndahej nga familja e saj n\u00eb Shkup. Vet\u00ebm pas 30 vjet\u00ebsh ajo do ta takonte t\u00eb v\u00ebllan\u00eb Lazrin, por jo n\u00ebn\u00eb Dranen dhe motr\u00ebn e saj Agen t\u00eb cilat pas Luft\u00ebs s\u00eb Dyt\u00eb Bot\u00ebrore u vendos\u00ebn n\u00eb Shqip\u00ebri.<\/p>\n<p>Pasaporta<\/p>\n<p>Emri: Anjez\u00eb (Gonxhe) Bojaxhiu<br \/>\nDit\u00eblindja: 27 gusht 1910<br \/>\nVendlindja: Shkup<\/p>\n<p>Origjina: Shqiptare murgesh\u00eb n\u00eb Urdhrin e murgeshave t\u00eb Loretos. N\u00eb dhjetor 1928, Anjeza me emrin Marie Tereza u nis p\u00ebr n\u00eb Indi. N\u00eb vitet \u201930 filloi t\u2019u jepte m\u00ebsime gjeografie dhe feje vajzave t\u00eb kolegjit t\u00eb Sh\u00ebn M\u00ebris\u00eb n\u00eb Entali, Kalkut\u00eb te Indis\u00eb, ku u b\u00eb edhe drejtoresh\u00eb. N\u00eb vitin 1948, me leje t\u00eb Vatikanit, N\u00ebn\u00eb Tereza la urdhrin e Loretos, hoqi veshjen e zez\u00eb dhe veshi sarin e bardh\u00eb t\u00eb indianeve t\u00eb varfra. Pasi u largua nga manastiri, shkoi n\u00eb Patna, ku ndoqi nj\u00eb kurs 3-mujor p\u00ebr infermiere n\u00eb spitalin e misionar\u00ebve &#8220;Mjek\u00eb Amerikan\u00eb&#8221;. Pasi u kthye n\u00eb Kalkut\u00eb krijoi Kongregacionin e Misionar\u00ebve t\u00eb Bamir\u00ebsis\u00eb. Ajo m\u00ebsonte f\u00ebmij\u00eb t\u00eb varf\u00ebr dhe kujdesej p\u00ebr t\u00eb s\u00ebmur\u00ebt, q\u00eb gjendeshin n\u00eb rrug\u00ebt e Kalkut\u00ebs.<\/p>\n<p>Populli indian N\u00ebn\u00eb Terez\u00ebn e p\u00ebrkrahu p\u00ebr mir\u00ebsin\u00eb dhe dashurin\u00eb q\u00eb tregonte p\u00ebr t\u00eb varfrit. Asaj iu dhurua si ndihm\u00eb p\u00ebr t\u00eb varfrit tempulli m\u00eb i lasht\u00eb i Kalkut\u00ebs, q\u00eb i p\u00ebrkiste fes\u00eb s\u00eb Indis\u00eb. P\u00ebr pun\u00ebn e saj t\u00eb madhe iu dhan\u00eb qindra \u00e7mime e diploma t\u00eb ndryshme dhe m\u00eb 10 dhjetor 1979 iu dha n\u00eb Oslo edhe \u00e7mimi \u201cNobel\u201d p\u00ebr paqen. Nj\u00eb nga g\u00ebzimet m\u00eb t\u00eb m\u00ebdha t\u00eb N\u00ebn\u00eb Terez\u00ebs ka qen\u00eb ardhja e saj n\u00eb Shqip\u00ebri. N\u00eb Tiran\u00eb ajo mori pjes\u00eb n\u00eb rihapjen e kish\u00ebs katolike, e cila ishte kthyer n\u00eb kinema nga diktatura komuniste dhe themeloi sht\u00ebpin\u00eb e par\u00eb t\u00eb misionit t\u00eb saj. Murgeshat misionare t\u00eb bamir\u00ebsis\u00eb jan\u00eb sot t\u00eb pranishme n\u00eb 7 zona t\u00eb Shqip\u00ebris\u00eb dhe ndihmojn\u00eb t\u00eb varfrit. Ky \u00ebsht\u00eb edhe kuror\u00ebzimi i nj\u00ebr\u00ebs prej \u00ebndrrave t\u00eb jet\u00ebs s\u00eb N\u00ebn\u00eb Terez\u00ebs.<\/p>\n<p><strong>Si arriti N\u00ebn\u00eb Tereza ta vizitoje p\u00ebr here te par\u00eb Shqip\u00ebrin\u00eb!<\/strong><\/p>\n<p>P\u00ebrpjekjet e shtetit shqiptar p\u00ebr t\u00eb vendosur lidhje p\u00ebr t\u00eb pasur njohje me N\u00ebn\u00eb Terez\u00ebn kan\u00eb filluar q\u00eb n\u00eb vitin 1988. Ka qen\u00eb komuniteti i Sant Exhidios, q\u00eb zhvillonte bisedimet dhe nd\u00ebrmjet\u00ebsit\u00eb p\u00ebr t\u00eb realizuar dhe mund\u00ebsuar lidhjet midis Shqip\u00ebris\u00eb dhe N\u00ebn\u00eb Terez\u00ebs. Kjo ndodhi sepse Shqip\u00ebria n\u00eb at\u00eb periudh\u00eb ishte nj\u00eb vend me sistemin komunist dhe nuk kishte marr\u00ebdh\u00ebnie diplomatike me Vatikanin dhe, nj\u00ebkoh\u00ebsisht, mesa duket nuk d\u00ebshironte ta b\u00ebnte si nj\u00eb \u00e7\u00ebshtje t\u00eb diplomacis\u00eb shqiptaro-italiane. P\u00ebrpjekjet e para jan\u00eb zhvilluar n\u00ebp\u00ebrmjet ambasad\u00ebs s\u00eb Shqip\u00ebris\u00eb n\u00eb Itali dhe kontakteve me komunitetin e Sant Exhidios.<\/p>\n<p>Kategoria e dyt\u00eb e dokumenteve i p\u00ebrket pas vitit 1988, n\u00eb fillim ato nuk kan\u00eb t\u00eb b\u00ebjn\u00eb drejtp\u00ebrdrejt\u00eb me dor\u00ebn e N\u00ebn\u00eb Terez\u00ebs, jan\u00eb dokumente, t\u00eb cilat p\u00ebrmbajn\u00eb informacione ose relacione t\u00eb shprehura n\u00eb rrug\u00eb diplomatike. N\u00eb vitet 1989-1990 datojn\u00eb procesverbalet e bisedimeve t\u00eb N\u00ebn\u00eb Terez\u00ebs me autoritetet shqiptare, me Nexhmie Hoxh\u00ebn dhe nj\u00eb procesverbal mjaft i qart\u00eb me Ramiz Alin\u00eb. N\u00eb vitin 1991 ajo vizitoi Shqip\u00ebrin\u00eb dhe hapi menj\u00ebher\u00eb misionin e saj. Po ashtu \u00ebsht\u00eb nj\u00eb let\u00ebr e N\u00ebn\u00eb Terez\u00ebs, n\u00eb origjinal, n\u00eb anglisht e shkruar me shkrim dore, drejtuar Ramiz Alis\u00eb, n\u00eb t\u00eb cil\u00ebn pak a shum\u00eb n\u00eb nj\u00eb p\u00ebrkthim t\u00eb lir\u00eb n\u00eb shqip thot\u00eb: \u201c<em><strong>Pas shum\u00eb e shum\u00eb vitesh, duke shtegtuar n\u00ebp\u00ebr dhjet\u00ebra vende t\u00eb bot\u00ebs p\u00ebr t\u00eb krijuar vendin tim t\u00eb bamir\u00ebsis\u00eb m\u00eb n\u00eb fund deshi i lumi Zot, q\u00eb t\u00eb m\u00eb jepet leja q\u00eb t\u00eb vij n\u00eb vendin tim t\u00eb shoh varret e t\u00eb par\u00ebve, t\u00eb ve nj\u00eb tuf\u00eb me lule dhe t\u00eb nderoj kujtimin e tyre, t\u00eb shoh popullin dhe vendin tim dhe t\u00eb shpresoj n\u00eb hapjen e misionit p\u00ebr t\u00eb varfrit n\u00eb Shqip\u00ebri<\/strong><\/em>\u201d.<\/p>\n<p style=\"text-align: center;\"><img loading=\"lazy\" decoding=\"async\" class=\"alignnone size-full wp-image-5294\" title=\"lidhja_shkrimtareve_de27\" src=\"http:\/\/fjala.shkoder.net\/wp-content\/uploads\/2010\/12\/lidhja_shkrimtareve_de27.jpg\" alt=\"\" width=\"400\" height=\"544\" \/><\/p>\n<p><strong>Publikime t\u00eb N\u00ebn\u00eb Terez\u00ebs n\u00eb Shqip\u00ebri pran popullit t\u00eb shum\u00eb vuajtur nga sistemi monist<\/strong><\/p>\n<p>Mos t\u00eb \u00e7uditemi me popujt tjer\u00eb qe mundohen me i p\u00ebrfitua edhe k\u00ebto figura qe linden nga djepi dhe n\u00ebnat shqiptare!<\/p>\n<p>Kjo let\u00ebr e saj drejtuar organeve diplomatike shqiptare v\u00ebrtet \u00ebsht\u00eb prek\u00ebse dhe irituese. Na e futi memorien e t\u00eb menduarit se si i vuri gjith\u00eb ato nd\u00ebrk\u00ebmb\u00ebza N\u00ebn\u00eb Tereza duke nd\u00ebrmjet\u00ebsuar t\u00eb huajt q\u00eb ta pranojm\u00eb si figur\u00eb ton\u00ebn, nj\u00eb figur\u00eb aq madh\u00ebshtore si\u00e7 ishte N\u00ebn\u00eb Tereza me reputacion bot\u00ebror ?&#8230; E gjith\u00eb bota shijoj humanizmin dhe shpirtmadh\u00ebsin\u00eb e saj e shqiptar\u00ebt u hamendeshin se \u00e7&#8217;t\u00eb veprohet me nj\u00eb njeri t\u00eb humanizmit dhe b\u00ebr\u00eb mir\u00ebsis\u00eb si\u00e7 ishte N\u00ebn\u00eb Tereza pjell\u00eb edhe gjak i yni, pa pretendime politike ?!Mos t\u00eb \u00e7uditemi me popujt tjer\u00eb qe mundohen me i p\u00ebrfitua edhe k\u00ebto figura qe linden nga djepi dhe n\u00ebnat shqiptare dhe nuk dim\u00eb t&#8217;i ruajm\u00eb si\u00e7 po ndodh shpesh me shkrime antishqiptare p\u00ebr figur\u00ebn e Sk\u00ebnderbeut nga&#8221; pseudo analist dhe gazetar\u00eb&#8221; sigurisht me prejardhje sllave apo kush e din se nga vijn\u00eb, por flasin dhe shkruajn\u00eb shqip!&#8230;<\/p>\n<p>Deklaratat e disa dijetareve te m\u00ebdhenj dhe figurave t\u00eb ndryshme p\u00ebr N\u00ebn\u00eb Terez\u00ebn dhe disa an\u00ebtar\u00ebve t\u00eb LSHAKSH-s\u00eb n\u00eb Gjermani.<\/p>\n<p>Papa Gjon Pali II: \u201cN\u00ebna Terez\u00eb, shembull i transformimit njer\u00ebzor t\u00eb dashuris\u00eb s\u00eb Zotit\u201d;<\/p>\n<p>William Bill Clinton (president amerikan): \u201cVigani i shekullit ton\u00eb\u201d;<\/p>\n<p>Dr. Sali Berisha: \u201cBija m\u00eb e shquar e kombit ton\u00eb\u201d;<\/p>\n<p>Ismail Kadare: \u201cBota dhe populli yn\u00eb mbet\u00ebn jetim pa t\u00eb\u201d.<\/p>\n<p>Chirac (kryetar i Franc\u00ebs): \u201cM\u00eb pak dashuri n\u00eb bot\u00eb pas vdekjes s\u00eb N\u00ebn\u00ebs Tereze\u201d;<\/p>\n<p>Tony Blair (kryeminist\u00ebr britanik): \u201cShpirti i saj do t\u00eb rroj\u00eb si inspirim p\u00ebr t\u00eb gjith\u00eb ne\u201d;<\/p>\n<p>Dr. don Shan Zefi: \u201cShenjt\u00ebresh\u00eb e dit\u00ebve tona\u201d;<\/p>\n<p>Dr. don Lush Gjergji: \u201cAjo ishte dashuri n\u00eb vep\u00ebr\u201d;<\/p>\n<p>Dr. don Prek\u00eb Lazri: \u201cNjeri i shekullit q\u00eb i shtyri njer\u00ebzit t\u00eb besojn\u00eb n\u00eb Zotin\u201d;<\/p>\n<p>Imzot Mark Sopi: \u201cDo t\u00eb mbetet n\u00eb kujtim t\u00eb p\u00ebrhersh\u00ebm derisa t\u00eb ekzistoj\u00eb njer\u00ebzimi\u201d;<\/p>\n<p>Imzot Rrok Mirdita: \u201cN\u00ebna Terez\u00eb ishte princesh\u00eb e dashuris\u00eb\u201d;<\/p>\n<p>Akademik Mark Krasniqi: \u201cSimbol i tradit\u00ebs son\u00eb\u201d;<\/p>\n<p>Bekim Fehmiu (artist): \u201cPas Sk\u00ebnderbeu u largua edhe N\u00ebna Terez\u00eb\u201d;sa ishte gjall\u00eb;<\/p>\n<p>Sabri Ko\u00e7i (kryetar i Komunitetit shqiptar t\u00eb besimit islam): \u201cVdekja e N\u00ebn\u00ebs Terez\u00eb ishte vdekja m\u00eb e r\u00ebnd\u00eb p\u00ebr kombin ton\u00eb\u201d;<\/p>\n<p>Nj\u00ebkoh\u00ebsisht edhe nj\u00eb grup krijuesish nga LSHAKSH-s\u00eb biseda qe zhvilluam me ta u prononcuan se N\u00ebn\u00eb Tereza ishte nj\u00eb figur\u00eb protagoniste qe n\u00eb nj\u00eb m\u00ebnyr\u00eb i hapi popullit shqiptar nj\u00eb dritare mbi \u00e7\u00ebshtjen njer\u00ebzore dhe humanitare. K\u00ebta u ndien krenar qe sot gjinden t\u00eb tubuar p\u00ebr ket\u00eb manifestim. Me krijimet e tyre u zotuan q\u00eb qo ta ndjekin rrug\u00ebn e rilind\u00ebseve tan\u00eb me q\u00ebllim qe t\u00eb jemi n\u00eb sh\u00ebrbim t\u00eb atdheut p\u00ebr ta ruajtur gjuhen dhe kultur\u00ebn tone ne m\u00ebrgat\u00eb. Po thuajse deklarata te ngjashme dhan\u00eb, zoti Martin \u00c7uni LSHAKSH-s\u00eb,Shaban Cakolli poet dhe publicist, Hasan Qyqalla poet,Pal Sokoli poet ,Bastion Nushiqi aktivist i \u00e7eshtjes komb\u00ebtare,Dan Gashi piktor,Dibran Demaku shkrimtar, Mal\u00eb Myrta skulptor,Valdete Berisha poete dhe piktore,Sadik Krasniqi poet,Agim Gashi poet kengetar, selvete Terrstena kengetare ,Naser Halili poet etj.<\/p>\n<p><strong><em>Mesazh dhe thirrje komb\u00ebtare p\u00ebr kthimin e eshtrave t\u00eb N\u00ebn\u00eb Terez\u00ebs n\u00eb atdhe<\/em><\/strong><\/p>\n<p>Duke u mb\u00ebshtetur ne historikun e k\u00ebsaj figure aq madh\u00ebshtor\u00eb dhe me vler\u00eb, p\u00ebr kombin ton\u00eb qe krijoj nj\u00eb imazh ne sken\u00ebn e njer\u00ebzve ma me influenc\u00eb n\u00eb bot\u00eb, shfryt\u00ebzoj rastin qe tu b\u00ebj\u00eb thirrje<\/p>\n<p style=\"text-align: center;\"><strong><em><img loading=\"lazy\" decoding=\"async\" class=\"alignnone size-full wp-image-5295\" title=\"lidhja_shkrimtareve_de28\" src=\"http:\/\/fjala.shkoder.net\/wp-content\/uploads\/2010\/12\/lidhja_shkrimtareve_de28.jpg\" alt=\"\" width=\"500\" height=\"356\" \/><\/em><\/strong><\/p>\n<p style=\"text-align: center;\"><strong><em>Varri i N\u00ebn\u00eb Terez\u00ebs n\u00eb vend t\u00eb huaj n\u00eb Indi e larg\u00ebt p\u00ebr shqiptar\u00ebt nder kryeveprat e kombit<\/em><\/strong><\/p>\n<p>trash\u00ebgimtar\u00ebve t\u00eb familjes se N\u00ebn\u00eb Terez\u00ebs , qeverive aktuale n\u00eb Tiran\u00eb dhe Prishtin\u00eb,zyrtar\u00ebve shqiptar\u00eb n\u00eb Shkup ,klerik\u00ebve shqiptar\u00eb, dhe organizmave tjer\u00eb kudo qe jan\u00eb t\u00eb formohet nj\u00eb &#8220;K\u00ebshill organizues n\u00eb nivel komb\u00ebtar me qellim t\u00eb sjelljes se eshtrave t\u00eb madh\u00ebrishmes N\u00ebn\u00eb Terez\u00ebs n\u00eb atdhe kudo qoft\u00eb n\u00eb Shqip\u00ebri,Kosov\u00eb apo Shkup&#8221;, sepse vet trazimi i familjes Bojaxhiu n\u00eb trojet shqiptare e dikton nj\u00eb gj\u00eb t\u00eb till\u00eb, me qellim, qe ti shtohet krenaria edhe ma e madhe popullit shqiptar duke i besuar k\u00ebtij k\u00ebshilli qe n\u00eb m\u00ebnyra diplomatike n\u00eb nivele shtet\u00ebrore, t\u00eb b\u00ebhet me dije shteti indian se duhet me u gjet nj\u00eb marr\u00ebveshje sa ma e shpejt ose qe ka nevoj\u00eb t\u00eb b\u00ebhet nj\u00eb presion nd\u00ebrkomb\u00ebtar p\u00ebr ta kthyer nj\u00eb vler\u00eb t\u00eb kombit ne gjirin e vet dhe ta realizojm\u00eb \u00ebnd\u00ebrron e saj qe t\u00eb pushoj ne vendin e vet p\u00ebr gjithmon\u00eb! Varri i saj\u00eb n\u00eb atdhe do ti shtoj popullit shqiptar edhe ma nj\u00eb nder,krenari dhe nj\u00eb imazh t\u00eb pa vdeksh\u00ebm.<\/p>\n<p><em>Foto-Reportazh nga Asllan Dibrani dhjetor 2010, Shtutgard, Gjermani<\/em><\/p>\n","protected":false},"excerpt":{"rendered":"<p>Nga Asllan Dibrani &#8211; Me emrin e saj sot shqiptar\u00ebt kan\u00eb kuror\u00ebzuar objekte publike t\u00eb m\u00ebdha, si\u00e7 jan\u00eb spitale, shkolla, bulevarde qytetesh, por ma te ve\u00e7anta jan\u00eb sheshi i N\u00ebn\u00eb Terez\u00ebs n\u00eb Tiran\u00eb, sheshi i N\u00ebn\u00eb Terez\u00ebs n\u00eb Prishtin\u00eb, Aeroporti i Rinasit n\u00eb Shqip\u00ebri etj. &#8211; N\u00eb takim n\u00eb shenj\u00eb p\u00ebrkujtimi t\u00eb 100 vjetorit t\u00eb [&hellip;]<\/p>\n","protected":false},"author":1,"featured_media":0,"comment_status":"open","ping_status":"closed","sticky":false,"template":"","format":"standard","meta":{"footnotes":""},"categories":[2],"tags":[],"class_list":{"0":"post-5203","1":"post","2":"type-post","3":"status-publish","4":"format-standard","6":"category-artikuj"},"yoast_head":"<!-- This site is optimized with the Yoast SEO plugin v27.4 - https:\/\/yoast.com\/product\/yoast-seo-wordpress\/ -->\n<title>N\u00ebn\u00eb Tereza p\u00ebrkujtohet nga &quot;Lidhja e Shkrimtar\u00ebve, Krijuesve dhe Artist\u00ebve shqiptar\u00eb n\u00eb Gjermani&quot; - FjALA e LIR\u00cb - Arkivi<\/title>\n<meta name=\"robots\" content=\"index, follow, max-snippet:-1, max-image-preview:large, max-video-preview:-1\" \/>\n<link rel=\"canonical\" href=\"https:\/\/fjala.info\/2009-2015\/nobelistja-dhe-shenjtorja-nene-tereza-u-perkujtua-nga-lidhja-e-shkrimtareve-krijuesve-dhe-artisteve-shqiptare-ne-gjermani\/\" \/>\n<meta property=\"og:locale\" content=\"sq_AL\" \/>\n<meta property=\"og:type\" content=\"article\" \/>\n<meta property=\"og:title\" content=\"N\u00ebn\u00eb Tereza p\u00ebrkujtohet nga &quot;Lidhja e Shkrimtar\u00ebve, Krijuesve dhe Artist\u00ebve shqiptar\u00eb n\u00eb Gjermani&quot; - FjALA e LIR\u00cb - Arkivi\" \/>\n<meta property=\"og:description\" content=\"Nga Asllan Dibrani &#8211; Me emrin e saj sot shqiptar\u00ebt kan\u00eb kuror\u00ebzuar objekte publike t\u00eb m\u00ebdha, si\u00e7 jan\u00eb spitale, shkolla, bulevarde qytetesh, por ma te ve\u00e7anta jan\u00eb sheshi i N\u00ebn\u00eb Terez\u00ebs n\u00eb Tiran\u00eb, sheshi i N\u00ebn\u00eb Terez\u00ebs n\u00eb Prishtin\u00eb, Aeroporti i Rinasit n\u00eb Shqip\u00ebri etj. &#8211; N\u00eb takim n\u00eb shenj\u00eb p\u00ebrkujtimi t\u00eb 100 vjetorit t\u00eb [&hellip;]\" \/>\n<meta property=\"og:url\" content=\"https:\/\/fjala.info\/2009-2015\/nobelistja-dhe-shenjtorja-nene-tereza-u-perkujtua-nga-lidhja-e-shkrimtareve-krijuesve-dhe-artisteve-shqiptare-ne-gjermani\/\" \/>\n<meta property=\"og:site_name\" content=\"FjALA e LIR\u00cb - Arkivi\" \/>\n<meta property=\"article:published_time\" content=\"2010-12-13T20:55:59+00:00\" \/>\n<meta property=\"og:image\" content=\"http:\/\/fjala.shkoder.net\/wp-content\/uploads\/2010\/11\/asllan_dibrani1-227x300.jpg\" \/>\n<meta name=\"author\" content=\"admin\" \/>\n<meta name=\"twitter:card\" content=\"summary_large_image\" \/>\n<meta name=\"twitter:label1\" content=\"Written by\" \/>\n\t<meta name=\"twitter:data1\" content=\"admin\" \/>\n\t<meta name=\"twitter:label2\" content=\"Est. reading time\" \/>\n\t<meta name=\"twitter:data2\" content=\"20 minutes\" \/>\n<script type=\"application\/ld+json\" class=\"yoast-schema-graph\">{\"@context\":\"https:\\\/\\\/schema.org\",\"@graph\":[{\"@type\":\"Article\",\"@id\":\"https:\\\/\\\/fjala.info\\\/2009-2015\\\/nobelistja-dhe-shenjtorja-nene-tereza-u-perkujtua-nga-lidhja-e-shkrimtareve-krijuesve-dhe-artisteve-shqiptare-ne-gjermani\\\/#article\",\"isPartOf\":{\"@id\":\"https:\\\/\\\/fjala.info\\\/2009-2015\\\/nobelistja-dhe-shenjtorja-nene-tereza-u-perkujtua-nga-lidhja-e-shkrimtareve-krijuesve-dhe-artisteve-shqiptare-ne-gjermani\\\/\"},\"author\":{\"name\":\"admin\",\"@id\":\"https:\\\/\\\/fjala.info\\\/2009-2015\\\/#\\\/schema\\\/person\\\/3aa1163ef05469c496fc94e77611ada2\"},\"headline\":\"N\u00ebn\u00eb Tereza p\u00ebrkujtohet nga &#8220;Lidhja e Shkrimtar\u00ebve, Krijuesve dhe Artist\u00ebve shqiptar\u00eb n\u00eb Gjermani&#8221;\",\"datePublished\":\"2010-12-13T20:55:59+00:00\",\"mainEntityOfPage\":{\"@id\":\"https:\\\/\\\/fjala.info\\\/2009-2015\\\/nobelistja-dhe-shenjtorja-nene-tereza-u-perkujtua-nga-lidhja-e-shkrimtareve-krijuesve-dhe-artisteve-shqiptare-ne-gjermani\\\/\"},\"wordCount\":4052,\"commentCount\":0,\"publisher\":{\"@id\":\"https:\\\/\\\/fjala.info\\\/2009-2015\\\/#organization\"},\"image\":{\"@id\":\"https:\\\/\\\/fjala.info\\\/2009-2015\\\/nobelistja-dhe-shenjtorja-nene-tereza-u-perkujtua-nga-lidhja-e-shkrimtareve-krijuesve-dhe-artisteve-shqiptare-ne-gjermani\\\/#primaryimage\"},\"thumbnailUrl\":\"http:\\\/\\\/fjala.shkoder.net\\\/wp-content\\\/uploads\\\/2010\\\/11\\\/asllan_dibrani1-227x300.jpg\",\"articleSection\":[\"Artikuj\"],\"inLanguage\":\"sq-AL\",\"potentialAction\":[{\"@type\":\"CommentAction\",\"name\":\"Comment\",\"target\":[\"https:\\\/\\\/fjala.info\\\/2009-2015\\\/nobelistja-dhe-shenjtorja-nene-tereza-u-perkujtua-nga-lidhja-e-shkrimtareve-krijuesve-dhe-artisteve-shqiptare-ne-gjermani\\\/#respond\"]}]},{\"@type\":\"WebPage\",\"@id\":\"https:\\\/\\\/fjala.info\\\/2009-2015\\\/nobelistja-dhe-shenjtorja-nene-tereza-u-perkujtua-nga-lidhja-e-shkrimtareve-krijuesve-dhe-artisteve-shqiptare-ne-gjermani\\\/\",\"url\":\"https:\\\/\\\/fjala.info\\\/2009-2015\\\/nobelistja-dhe-shenjtorja-nene-tereza-u-perkujtua-nga-lidhja-e-shkrimtareve-krijuesve-dhe-artisteve-shqiptare-ne-gjermani\\\/\",\"name\":\"N\u00ebn\u00eb Tereza p\u00ebrkujtohet nga \\\"Lidhja e Shkrimtar\u00ebve, Krijuesve dhe Artist\u00ebve shqiptar\u00eb n\u00eb Gjermani\\\" - FjALA e LIR\u00cb - Arkivi\",\"isPartOf\":{\"@id\":\"https:\\\/\\\/fjala.info\\\/2009-2015\\\/#website\"},\"primaryImageOfPage\":{\"@id\":\"https:\\\/\\\/fjala.info\\\/2009-2015\\\/nobelistja-dhe-shenjtorja-nene-tereza-u-perkujtua-nga-lidhja-e-shkrimtareve-krijuesve-dhe-artisteve-shqiptare-ne-gjermani\\\/#primaryimage\"},\"image\":{\"@id\":\"https:\\\/\\\/fjala.info\\\/2009-2015\\\/nobelistja-dhe-shenjtorja-nene-tereza-u-perkujtua-nga-lidhja-e-shkrimtareve-krijuesve-dhe-artisteve-shqiptare-ne-gjermani\\\/#primaryimage\"},\"thumbnailUrl\":\"http:\\\/\\\/fjala.shkoder.net\\\/wp-content\\\/uploads\\\/2010\\\/11\\\/asllan_dibrani1-227x300.jpg\",\"datePublished\":\"2010-12-13T20:55:59+00:00\",\"breadcrumb\":{\"@id\":\"https:\\\/\\\/fjala.info\\\/2009-2015\\\/nobelistja-dhe-shenjtorja-nene-tereza-u-perkujtua-nga-lidhja-e-shkrimtareve-krijuesve-dhe-artisteve-shqiptare-ne-gjermani\\\/#breadcrumb\"},\"inLanguage\":\"sq-AL\",\"potentialAction\":[{\"@type\":\"ReadAction\",\"target\":[\"https:\\\/\\\/fjala.info\\\/2009-2015\\\/nobelistja-dhe-shenjtorja-nene-tereza-u-perkujtua-nga-lidhja-e-shkrimtareve-krijuesve-dhe-artisteve-shqiptare-ne-gjermani\\\/\"]}]},{\"@type\":\"ImageObject\",\"inLanguage\":\"sq-AL\",\"@id\":\"https:\\\/\\\/fjala.info\\\/2009-2015\\\/nobelistja-dhe-shenjtorja-nene-tereza-u-perkujtua-nga-lidhja-e-shkrimtareve-krijuesve-dhe-artisteve-shqiptare-ne-gjermani\\\/#primaryimage\",\"url\":\"http:\\\/\\\/fjala.shkoder.net\\\/wp-content\\\/uploads\\\/2010\\\/11\\\/asllan_dibrani1-227x300.jpg\",\"contentUrl\":\"http:\\\/\\\/fjala.shkoder.net\\\/wp-content\\\/uploads\\\/2010\\\/11\\\/asllan_dibrani1-227x300.jpg\"},{\"@type\":\"BreadcrumbList\",\"@id\":\"https:\\\/\\\/fjala.info\\\/2009-2015\\\/nobelistja-dhe-shenjtorja-nene-tereza-u-perkujtua-nga-lidhja-e-shkrimtareve-krijuesve-dhe-artisteve-shqiptare-ne-gjermani\\\/#breadcrumb\",\"itemListElement\":[{\"@type\":\"ListItem\",\"position\":1,\"name\":\"Home\",\"item\":\"https:\\\/\\\/fjala.info\\\/2009-2015\\\/\"},{\"@type\":\"ListItem\",\"position\":2,\"name\":\"N\u00ebn\u00eb Tereza p\u00ebrkujtohet nga &#8220;Lidhja e Shkrimtar\u00ebve, Krijuesve dhe Artist\u00ebve shqiptar\u00eb n\u00eb Gjermani&#8221;\"}]},{\"@type\":\"WebSite\",\"@id\":\"https:\\\/\\\/fjala.info\\\/2009-2015\\\/#website\",\"url\":\"https:\\\/\\\/fjala.info\\\/2009-2015\\\/\",\"name\":\"FjALA e LIR\u00cb - Arkivi\",\"description\":\"Arkivi 2009-2015\",\"publisher\":{\"@id\":\"https:\\\/\\\/fjala.info\\\/2009-2015\\\/#organization\"},\"potentialAction\":[{\"@type\":\"SearchAction\",\"target\":{\"@type\":\"EntryPoint\",\"urlTemplate\":\"https:\\\/\\\/fjala.info\\\/2009-2015\\\/?s={search_term_string}\"},\"query-input\":{\"@type\":\"PropertyValueSpecification\",\"valueRequired\":true,\"valueName\":\"search_term_string\"}}],\"inLanguage\":\"sq-AL\"},{\"@type\":\"Organization\",\"@id\":\"https:\\\/\\\/fjala.info\\\/2009-2015\\\/#organization\",\"name\":\"FjALA e LIR\u00cb - Arkivi\",\"url\":\"https:\\\/\\\/fjala.info\\\/2009-2015\\\/\",\"logo\":{\"@type\":\"ImageObject\",\"inLanguage\":\"sq-AL\",\"@id\":\"https:\\\/\\\/fjala.info\\\/2009-2015\\\/#\\\/schema\\\/logo\\\/image\\\/\",\"url\":\"\",\"contentUrl\":\"\",\"caption\":\"FjALA e LIR\u00cb - Arkivi\"},\"image\":{\"@id\":\"https:\\\/\\\/fjala.info\\\/2009-2015\\\/#\\\/schema\\\/logo\\\/image\\\/\"}},{\"@type\":\"Person\",\"@id\":\"https:\\\/\\\/fjala.info\\\/2009-2015\\\/#\\\/schema\\\/person\\\/3aa1163ef05469c496fc94e77611ada2\",\"name\":\"admin\",\"image\":{\"@type\":\"ImageObject\",\"inLanguage\":\"sq-AL\",\"@id\":\"https:\\\/\\\/fjala.info\\\/2009-2015\\\/wp-content\\\/uploads\\\/2012\\\/02\\\/arben_cokaj-120x150.jpg\",\"url\":\"https:\\\/\\\/fjala.info\\\/2009-2015\\\/wp-content\\\/uploads\\\/2012\\\/02\\\/arben_cokaj-120x150.jpg\",\"contentUrl\":\"https:\\\/\\\/fjala.info\\\/2009-2015\\\/wp-content\\\/uploads\\\/2012\\\/02\\\/arben_cokaj-120x150.jpg\",\"caption\":\"admin\"},\"description\":\"Admin, Fjala e Lir\u00eb\",\"sameAs\":[\"https:\\\/\\\/fjala.info\\\/\"],\"url\":\"https:\\\/\\\/fjala.info\\\/2009-2015\\\/author\\\/admin\\\/\"}]}<\/script>\n<!-- \/ Yoast SEO plugin. -->","yoast_head_json":{"title":"N\u00ebn\u00eb Tereza p\u00ebrkujtohet nga \"Lidhja e Shkrimtar\u00ebve, Krijuesve dhe Artist\u00ebve shqiptar\u00eb n\u00eb Gjermani\" - FjALA e LIR\u00cb - Arkivi","robots":{"index":"index","follow":"follow","max-snippet":"max-snippet:-1","max-image-preview":"max-image-preview:large","max-video-preview":"max-video-preview:-1"},"canonical":"https:\/\/fjala.info\/2009-2015\/nobelistja-dhe-shenjtorja-nene-tereza-u-perkujtua-nga-lidhja-e-shkrimtareve-krijuesve-dhe-artisteve-shqiptare-ne-gjermani\/","og_locale":"sq_AL","og_type":"article","og_title":"N\u00ebn\u00eb Tereza p\u00ebrkujtohet nga \"Lidhja e Shkrimtar\u00ebve, Krijuesve dhe Artist\u00ebve shqiptar\u00eb n\u00eb Gjermani\" - FjALA e LIR\u00cb - Arkivi","og_description":"Nga Asllan Dibrani &#8211; Me emrin e saj sot shqiptar\u00ebt kan\u00eb kuror\u00ebzuar objekte publike t\u00eb m\u00ebdha, si\u00e7 jan\u00eb spitale, shkolla, bulevarde qytetesh, por ma te ve\u00e7anta jan\u00eb sheshi i N\u00ebn\u00eb Terez\u00ebs n\u00eb Tiran\u00eb, sheshi i N\u00ebn\u00eb Terez\u00ebs n\u00eb Prishtin\u00eb, Aeroporti i Rinasit n\u00eb Shqip\u00ebri etj. &#8211; N\u00eb takim n\u00eb shenj\u00eb p\u00ebrkujtimi t\u00eb 100 vjetorit t\u00eb [&hellip;]","og_url":"https:\/\/fjala.info\/2009-2015\/nobelistja-dhe-shenjtorja-nene-tereza-u-perkujtua-nga-lidhja-e-shkrimtareve-krijuesve-dhe-artisteve-shqiptare-ne-gjermani\/","og_site_name":"FjALA e LIR\u00cb - Arkivi","article_published_time":"2010-12-13T20:55:59+00:00","og_image":[{"url":"http:\/\/fjala.shkoder.net\/wp-content\/uploads\/2010\/11\/asllan_dibrani1-227x300.jpg","type":"","width":"","height":""}],"author":"admin","twitter_card":"summary_large_image","twitter_misc":{"Written by":"admin","Est. reading time":"20 minutes"},"schema":{"@context":"https:\/\/schema.org","@graph":[{"@type":"Article","@id":"https:\/\/fjala.info\/2009-2015\/nobelistja-dhe-shenjtorja-nene-tereza-u-perkujtua-nga-lidhja-e-shkrimtareve-krijuesve-dhe-artisteve-shqiptare-ne-gjermani\/#article","isPartOf":{"@id":"https:\/\/fjala.info\/2009-2015\/nobelistja-dhe-shenjtorja-nene-tereza-u-perkujtua-nga-lidhja-e-shkrimtareve-krijuesve-dhe-artisteve-shqiptare-ne-gjermani\/"},"author":{"name":"admin","@id":"https:\/\/fjala.info\/2009-2015\/#\/schema\/person\/3aa1163ef05469c496fc94e77611ada2"},"headline":"N\u00ebn\u00eb Tereza p\u00ebrkujtohet nga &#8220;Lidhja e Shkrimtar\u00ebve, Krijuesve dhe Artist\u00ebve shqiptar\u00eb n\u00eb Gjermani&#8221;","datePublished":"2010-12-13T20:55:59+00:00","mainEntityOfPage":{"@id":"https:\/\/fjala.info\/2009-2015\/nobelistja-dhe-shenjtorja-nene-tereza-u-perkujtua-nga-lidhja-e-shkrimtareve-krijuesve-dhe-artisteve-shqiptare-ne-gjermani\/"},"wordCount":4052,"commentCount":0,"publisher":{"@id":"https:\/\/fjala.info\/2009-2015\/#organization"},"image":{"@id":"https:\/\/fjala.info\/2009-2015\/nobelistja-dhe-shenjtorja-nene-tereza-u-perkujtua-nga-lidhja-e-shkrimtareve-krijuesve-dhe-artisteve-shqiptare-ne-gjermani\/#primaryimage"},"thumbnailUrl":"http:\/\/fjala.shkoder.net\/wp-content\/uploads\/2010\/11\/asllan_dibrani1-227x300.jpg","articleSection":["Artikuj"],"inLanguage":"sq-AL","potentialAction":[{"@type":"CommentAction","name":"Comment","target":["https:\/\/fjala.info\/2009-2015\/nobelistja-dhe-shenjtorja-nene-tereza-u-perkujtua-nga-lidhja-e-shkrimtareve-krijuesve-dhe-artisteve-shqiptare-ne-gjermani\/#respond"]}]},{"@type":"WebPage","@id":"https:\/\/fjala.info\/2009-2015\/nobelistja-dhe-shenjtorja-nene-tereza-u-perkujtua-nga-lidhja-e-shkrimtareve-krijuesve-dhe-artisteve-shqiptare-ne-gjermani\/","url":"https:\/\/fjala.info\/2009-2015\/nobelistja-dhe-shenjtorja-nene-tereza-u-perkujtua-nga-lidhja-e-shkrimtareve-krijuesve-dhe-artisteve-shqiptare-ne-gjermani\/","name":"N\u00ebn\u00eb Tereza p\u00ebrkujtohet nga \"Lidhja e Shkrimtar\u00ebve, Krijuesve dhe Artist\u00ebve shqiptar\u00eb n\u00eb Gjermani\" - FjALA e LIR\u00cb - Arkivi","isPartOf":{"@id":"https:\/\/fjala.info\/2009-2015\/#website"},"primaryImageOfPage":{"@id":"https:\/\/fjala.info\/2009-2015\/nobelistja-dhe-shenjtorja-nene-tereza-u-perkujtua-nga-lidhja-e-shkrimtareve-krijuesve-dhe-artisteve-shqiptare-ne-gjermani\/#primaryimage"},"image":{"@id":"https:\/\/fjala.info\/2009-2015\/nobelistja-dhe-shenjtorja-nene-tereza-u-perkujtua-nga-lidhja-e-shkrimtareve-krijuesve-dhe-artisteve-shqiptare-ne-gjermani\/#primaryimage"},"thumbnailUrl":"http:\/\/fjala.shkoder.net\/wp-content\/uploads\/2010\/11\/asllan_dibrani1-227x300.jpg","datePublished":"2010-12-13T20:55:59+00:00","breadcrumb":{"@id":"https:\/\/fjala.info\/2009-2015\/nobelistja-dhe-shenjtorja-nene-tereza-u-perkujtua-nga-lidhja-e-shkrimtareve-krijuesve-dhe-artisteve-shqiptare-ne-gjermani\/#breadcrumb"},"inLanguage":"sq-AL","potentialAction":[{"@type":"ReadAction","target":["https:\/\/fjala.info\/2009-2015\/nobelistja-dhe-shenjtorja-nene-tereza-u-perkujtua-nga-lidhja-e-shkrimtareve-krijuesve-dhe-artisteve-shqiptare-ne-gjermani\/"]}]},{"@type":"ImageObject","inLanguage":"sq-AL","@id":"https:\/\/fjala.info\/2009-2015\/nobelistja-dhe-shenjtorja-nene-tereza-u-perkujtua-nga-lidhja-e-shkrimtareve-krijuesve-dhe-artisteve-shqiptare-ne-gjermani\/#primaryimage","url":"http:\/\/fjala.shkoder.net\/wp-content\/uploads\/2010\/11\/asllan_dibrani1-227x300.jpg","contentUrl":"http:\/\/fjala.shkoder.net\/wp-content\/uploads\/2010\/11\/asllan_dibrani1-227x300.jpg"},{"@type":"BreadcrumbList","@id":"https:\/\/fjala.info\/2009-2015\/nobelistja-dhe-shenjtorja-nene-tereza-u-perkujtua-nga-lidhja-e-shkrimtareve-krijuesve-dhe-artisteve-shqiptare-ne-gjermani\/#breadcrumb","itemListElement":[{"@type":"ListItem","position":1,"name":"Home","item":"https:\/\/fjala.info\/2009-2015\/"},{"@type":"ListItem","position":2,"name":"N\u00ebn\u00eb Tereza p\u00ebrkujtohet nga &#8220;Lidhja e Shkrimtar\u00ebve, Krijuesve dhe Artist\u00ebve shqiptar\u00eb n\u00eb Gjermani&#8221;"}]},{"@type":"WebSite","@id":"https:\/\/fjala.info\/2009-2015\/#website","url":"https:\/\/fjala.info\/2009-2015\/","name":"FjALA e LIR\u00cb - Arkivi","description":"Arkivi 2009-2015","publisher":{"@id":"https:\/\/fjala.info\/2009-2015\/#organization"},"potentialAction":[{"@type":"SearchAction","target":{"@type":"EntryPoint","urlTemplate":"https:\/\/fjala.info\/2009-2015\/?s={search_term_string}"},"query-input":{"@type":"PropertyValueSpecification","valueRequired":true,"valueName":"search_term_string"}}],"inLanguage":"sq-AL"},{"@type":"Organization","@id":"https:\/\/fjala.info\/2009-2015\/#organization","name":"FjALA e LIR\u00cb - Arkivi","url":"https:\/\/fjala.info\/2009-2015\/","logo":{"@type":"ImageObject","inLanguage":"sq-AL","@id":"https:\/\/fjala.info\/2009-2015\/#\/schema\/logo\/image\/","url":"","contentUrl":"","caption":"FjALA e LIR\u00cb - Arkivi"},"image":{"@id":"https:\/\/fjala.info\/2009-2015\/#\/schema\/logo\/image\/"}},{"@type":"Person","@id":"https:\/\/fjala.info\/2009-2015\/#\/schema\/person\/3aa1163ef05469c496fc94e77611ada2","name":"admin","image":{"@type":"ImageObject","inLanguage":"sq-AL","@id":"https:\/\/fjala.info\/2009-2015\/wp-content\/uploads\/2012\/02\/arben_cokaj-120x150.jpg","url":"https:\/\/fjala.info\/2009-2015\/wp-content\/uploads\/2012\/02\/arben_cokaj-120x150.jpg","contentUrl":"https:\/\/fjala.info\/2009-2015\/wp-content\/uploads\/2012\/02\/arben_cokaj-120x150.jpg","caption":"admin"},"description":"Admin, Fjala e Lir\u00eb","sameAs":["https:\/\/fjala.info\/"],"url":"https:\/\/fjala.info\/2009-2015\/author\/admin\/"}]}},"_links":{"self":[{"href":"https:\/\/fjala.info\/2009-2015\/wp-json\/wp\/v2\/posts\/5203","targetHints":{"allow":["GET"]}}],"collection":[{"href":"https:\/\/fjala.info\/2009-2015\/wp-json\/wp\/v2\/posts"}],"about":[{"href":"https:\/\/fjala.info\/2009-2015\/wp-json\/wp\/v2\/types\/post"}],"author":[{"embeddable":true,"href":"https:\/\/fjala.info\/2009-2015\/wp-json\/wp\/v2\/users\/1"}],"replies":[{"embeddable":true,"href":"https:\/\/fjala.info\/2009-2015\/wp-json\/wp\/v2\/comments?post=5203"}],"version-history":[{"count":0,"href":"https:\/\/fjala.info\/2009-2015\/wp-json\/wp\/v2\/posts\/5203\/revisions"}],"wp:attachment":[{"href":"https:\/\/fjala.info\/2009-2015\/wp-json\/wp\/v2\/media?parent=5203"}],"wp:term":[{"taxonomy":"category","embeddable":true,"href":"https:\/\/fjala.info\/2009-2015\/wp-json\/wp\/v2\/categories?post=5203"},{"taxonomy":"post_tag","embeddable":true,"href":"https:\/\/fjala.info\/2009-2015\/wp-json\/wp\/v2\/tags?post=5203"}],"curies":[{"name":"wp","href":"https:\/\/api.w.org\/{rel}","templated":true}]}}