{"id":5201,"date":"2012-09-28T09:44:30","date_gmt":"2012-09-28T08:44:30","guid":{"rendered":"http:\/\/www.fjala.info\/?p=5201"},"modified":"2012-09-28T09:44:30","modified_gmt":"2012-09-28T08:44:30","slug":"mire-berisha-po-kisha-cpati","status":"publish","type":"post","link":"https:\/\/fjala.info\/2009-2015\/mire-berisha-po-kisha-cpati\/","title":{"rendered":"Mir\u00eb Berisha, po Kisha \u00e7\u2019pati?"},"content":{"rendered":"<p><img decoding=\"async\" class=\"alignright size-thumbnail wp-image-7236\" title=\"Fatos Lubonja\" src=\"http:\/\/www.fjala.info\/2012\/fatos_lubonja.jpg\" alt=\"\" width=\"200\" \/> <strong>FATOS LUBONJA<\/strong>, <em>27 shtator 2012<\/em><\/p>\n<p>Ishte shqet\u00ebsues fakti se sa pak e t\u00ebrhoq\u00ebn v\u00ebmendjen kritike t\u00eb shoq\u00ebris\u00eb son\u00eb dy deklarata publike t\u00eb para disa dit\u00ebve: nj\u00ebra e Berish\u00ebs dhe tjetra e Kish\u00ebs Katolike n\u00eb Shkod\u00ebr, n\u00eb t\u00eb cilat i pari k\u00ebrkoi ndryshimin e Kodit Penal, n\u00eb m\u00ebnyr\u00eb qe t\u00eb sanksionohet me ligj d\u00ebnimi me burgim t\u00eb p\u00ebrjetsh\u00ebm ndaj vras\u00ebsve t\u00eb njer\u00ebzve t\u00eb policis\u00eb, kurse e dyta, e mb\u00ebshtetur edhe nga disa intelektual\u00eb, shpalli se do t\u00eb shkish\u00ebroj\u00eb ata q\u00eb kryejn\u00eb vrasje p\u00ebr gjakmarrje.<\/p>\n<p>Jan\u00eb deklarata q\u00eb tregojn\u00eb se sa e r\u00ebnd\u00eb \u00ebsht\u00eb gjendja e krimit n\u00eb vend. Por, deri k\u00ebtu nuk ka ndonj\u00eb gj\u00eb t\u00eb re shqet\u00ebsuese, p\u00ebrve\u00e7 asaj se k\u00ebt\u00eb e pranon indirekt edhe vet\u00eb Kryeministri, thirrja e t\u00eb cilit ting\u00eblloi kontradiktore me deklarimet e tij t\u00eb p\u00ebrditshme q\u00eb e paraqesin vendin si i vetmi q\u00eb s\u2019po njeh kriz\u00ebn, si nj\u00eb vend ku, ndryshe nga vendet e tjera, rritet mir\u00ebqenia. P\u00ebr mua ishte shqet\u00ebsuese sepse k\u00ebto deklarata, n\u00eb thelbin e tyre, b\u00ebjn\u00eb thirrje p\u00ebr shtim t\u00eb dhun\u00ebs, frik\u00ebsimit, p\u00ebrjashtimit, si metoda t\u00eb luft\u00ebs kund\u00ebr krimit \u2013 kujtoj se nuk kan\u00eb munguar k\u00ebto koh\u00eb edhe thirrje p\u00ebr rikthimin e d\u00ebnimit me vdekje \u2013 dhe se mosreagimi, heshtja e mendimit kritik t\u00eb shoq\u00ebris\u00eb ndaj tyre flet p\u00ebr nj\u00eb shoq\u00ebri q\u00eb punon shum\u00eb me kultur\u00ebn e dhun\u00ebs, pa e kuptuar se kjo n\u00eb thelb nxit edhe krimin.<\/p>\n<p>S\u00eb pari, duhet th\u00ebn\u00eb se k\u00ebto deklarata ishin reagime m\u00eb shum\u00eb instrumentale, sesa t\u00eb ndjera dhe t\u00eb menduara thell\u00eb e me p\u00ebrgjegj\u00ebsi, q\u00eb synonin thjesht t\u00eb tregonin se institucionet jan\u00eb t\u00eb shqet\u00ebsuara dhe po i p\u00ebrgjigjen nevoj\u00ebs emocionale t\u00eb popullit p\u00ebr luft\u00eb ndaj krimit. Dhe rruga m\u00eb e leht\u00eb p\u00ebr ta b\u00ebr\u00eb k\u00ebt\u00eb \u00ebsht\u00eb duke iu drejtuar nj\u00eb ndjenje revoltimi n\u00eb rritje t\u00eb shoq\u00ebris\u00eb me p\u00ebrgjigjen m\u00eb emocionale q\u00eb i vjen njeriut p\u00ebrpara k\u00ebsaj ndjenje: mbrojtjes me \u00e7do mjet dhe sa m\u00eb shpejt.<\/p>\n<p>Jo vet\u00ebm, por k\u00ebshtu u duket se lajn\u00eb edhe duart e nd\u00ebrgjegjen. Madje, Berisha n\u00eb fjal\u00ebn e tij e hodhi gati si sfid\u00eb ndaj opozit\u00ebs propozimin e tij \u2013 duke th\u00ebn\u00eb se pret q\u00eb ajo ta aprovoj\u00eb \u2013 dhe opozita nuk reagoi; gati sikur u tremb se mos, duke i dal\u00eb kund\u00ebr, do t\u00eb humbte pik\u00eb, p\u00ebrve\u00e7se do t\u00eb v\u00ebrtetonte akuz\u00ebn se nuk punon p\u00ebr t\u00eb mir\u00ebn e popullit, por p\u00ebr pushtetin e vet.<\/p>\n<p>S\u00eb dyti, s\u2019mund t\u00eb mos vesh re se ajo q\u00eb mungoi dramatikisht n\u00eb k\u00ebto deklarata ishte reflektimi mbi shkaqet e rritjes s\u00eb kriminalitetit. N\u00eb to thjesht propozohej nd\u00ebshkimi maksimal i kriminel\u00ebve. Dhe kjo munges\u00eb, sipas meje, v\u00eb shum\u00eb n\u00eb diskutim edhe qasjen ndaj krimit dhe kriminalitetit q\u00eb na u propozua me k\u00ebto deklarata.<\/p>\n<p>Njihet se ka dy qasje ndaj luft\u00ebs kund\u00ebr krimit n\u00eb shoq\u00ebri, q\u00eb madje, kur b\u00ebhet fjal\u00eb p\u00ebr mendimin politik, konsiderohen si nj\u00ebra m\u00eb s\u00eb shumti qasje e s\u00eb djatht\u00ebs, konservator\u00ebve, dhe tjetra e s\u00eb majt\u00ebs, progresist\u00ebve. E para e v\u00eb m\u00eb shume theksin te nevoja e mjeteve t\u00eb forc\u00ebs, t\u00eb masave t\u00eb siguris\u00eb e t\u00eb nd\u00ebshkimit, t\u00eb forcimit t\u00eb policis\u00eb, pasi \u00ebsht\u00eb e prir\u00eb t\u00eb ruaj\u00eb m\u00eb shum\u00eb statuskuon\u00eb dhe vlerat tradicionale, kurse e dyta e sheh shum\u00eb m\u00eb tep\u00ebr krimin si pasoj\u00eb e situatave social-ekonomike n\u00eb vend dhe e fokuson luft\u00ebn kund\u00ebr krimit n\u00eb ndryshimin e realitetit social ekonomik q\u00eb i \u00e7on njer\u00ebzit edhe n\u00eb krim.<\/p>\n<p>Nd\u00ebrkaq, p\u00ebrsa i p\u00ebrket Kish\u00ebs, ajo, ndon\u00ebse konservatore n\u00eb mjaft aspekte, problemet q\u00eb \u00e7ojn\u00eb te krimi i sheh t\u00eb lidhura me largimin e njeriut nga ato vlera q\u00eb jan\u00eb p\u00ebr t\u00eb themelore, \u201crruga e Zotit\u201d, prandaj i m\u00ebshon m\u00eb shum\u00eb predikimit kund\u00ebr rendjes pas vlerave materiale, veseve n\u00eb em\u00ebr t\u00eb vlerave shpirt\u00ebrore. \u201cFalua At se s\u2019din\u00eb se \u00e7\u2019b\u00ebjn\u00eb!\u201d e Krishtit \u00ebsht\u00eb nj\u00eb thirrje p\u00ebr dashuri ndaj njeriut, dhe jo p\u00ebr nd\u00ebshkim e frik\u00ebsim, kurse shkish\u00ebrimi t\u00eb \u00e7on n\u00eb nj\u00eb koh\u00eb q\u00eb Kisha vet\u00eb sot e ka d\u00ebnuar si devijim ndaj m\u00ebsimeve t\u00eb Krishtit. Duke e lexuar at\u00eb deklarat\u00eb m\u00eb erdhi t\u00eb them: Mir\u00eb Berisha, po Kisha \u00e7\u2019pati!<\/p>\n<p>Nxitoj t\u00eb v\u00eb n\u00eb dukje se n\u00eb bot\u00ebn demokratike qasja e propozuar nga Berisha p\u00ebr t\u00eb luftuar krimin, nuk ting\u00ebllon as si qasje e qendr\u00ebs s\u00eb djatht\u00eb, por si qasje e ekstremit t\u00eb djatht\u00eb, kurse ajo e Kish\u00ebs Katolike \u00ebsht\u00eb nj\u00eb qasje q\u00eb na kthen n\u00eb periudhat e saj mesjetare. T\u00eb dyja b\u00ebjn\u00eb ferk se vijn\u00eb nga nj\u00eb vend i banuar nga njer\u00ebz q\u00eb kan\u00eb kaluar nj\u00eb gjysm\u00eb shekulli duke u mburrur se jan\u00eb nj\u00eb rast i ve\u00e7ant\u00eb n\u00eb k\u00ebt\u00eb bot\u00eb dhe jan\u00eb tep\u00ebr kontradiktore me deklaratat e p\u00ebrditshme p\u00ebr integrimin n\u00eb Europ\u00eb.<\/p>\n<p>P\u00ebr mendimin tim, jo vet\u00ebm opozita dhe intelektual\u00ebt q\u00eb e konsiderojn\u00eb veten pran\u00eb s\u00eb majt\u00ebs, por edhe demokrat\u00ebt liberal\u00eb, si\u00e7 u p\u00eblqen ta quajn\u00eb veten shumica e atyre q\u00eb jan\u00eb rreshtuar n\u00eb krahun e PD-s\u00eb si parti e qendr\u00ebs s\u00eb djatht\u00eb, duhej t\u00eb reagonin kund\u00ebr k\u00ebtyre dy deklaratave populiste duke denoncuar faktin se ato u shkojn\u00eb atyre regjimeve gjysm\u00ebdiktatoriale me polarizim t\u00eb thell\u00eb, ku t\u00eb pasurit mbrojn\u00eb statusin e tyre me forc\u00eb, q\u00eb rrethohen me mure n\u00eb lagje t\u00eb pasurish e mbrohen me polici private. Por, edhe faktin se sa m\u00eb shum\u00eb e shton shteti dhun\u00ebn dhe frik\u00ebn, aq m\u00eb e dhunshme b\u00ebhet nj\u00eb shoq\u00ebri n\u00eb t\u00ebr\u00ebsin\u00eb e saj, krahas asaj se mosfunksionimi si duhet i drejt\u00ebsis\u00eb, policis\u00eb, nuk mund t\u00eb kompensohet me rritjen e masave t\u00eb dhun\u00ebs.<\/p>\n<p>Lufta ndaj krimit nuk duhet par\u00eb jasht\u00eb kontekstit se ku dhe se pse ka lindur. E n\u00eb k\u00ebt\u00eb kontekst, nuk mund t\u00eb mos v\u00ebsh re se krimi hyn n\u00eb panoram\u00ebn e gjer\u00eb t\u00eb jet\u00ebs son\u00eb dhe kurrsesi s\u2019mund t\u00eb shihet sikur i p\u00ebrket nj\u00eb bote t\u00eb ndar\u00eb q\u00eb \u00ebsht\u00eb objekt vet\u00ebm i policis\u00eb. Fakti m\u00eb elokuent i k\u00ebsaj \u00ebsht\u00eb edhe vet\u00eb rasti q\u00eb e inspiroi Kryeministrin t\u00eb l\u00ebshoj\u00eb propozimin fatkeq. Na doli se dy punonj\u00ebs t\u00eb Policis\u00eb ishin vet\u00eb, n\u00eb nj\u00eb far\u00eb m\u00ebnyre, bashk\u00ebpun\u00ebtor\u00eb me kriminelin q\u00eb vrau komisarin, e jo vet\u00ebm, por doli edhe se me vras\u00ebsin na paskan qen\u00eb t\u00eb lidhur edhe politikan\u00eb t\u00eb lart\u00eb dhe gjyqtar\u00eb e avokat\u00eb.<\/p>\n<p>Un\u00eb nuk e di t\u00eb them se kush e meriton m\u00eb shum\u00eb d\u00ebnimin me burgim t\u00eb p\u00ebrjetsh\u00ebm: ky injorant i eg\u00ebr q\u00eb mund t\u00eb quhet edhe fatkeq, apo bandit\u00ebt me kollare q\u00eb kan\u00eb bashk\u00ebpunuar me t\u00eb, p\u00ebr t\u00eb marr\u00eb ndonj\u00eb lek, p\u00ebr t\u00eb vjedhur ndonj\u00eb vot\u00eb apo p\u00ebr ndonj\u00eb arsye tjet\u00ebr t\u00eb ul\u00ebt k\u00ebsisoj? I sigurt jam se nuk mund t\u2019i ndash nga nj\u00ebri-tjetri duke i \u00e7uar disa n\u00eb burgim t\u00eb p\u00ebrjetsh\u00ebm, kurse t\u00eb tjer\u00eb n\u00eb pushtet e pasurim t\u00eb p\u00ebrjetsh\u00ebm.<\/p>\n<p>Duke e p\u00ebrgjith\u00ebsuar problemin do t\u00eb thosha se kudo n\u00eb vendet ku aspirojm\u00eb t\u00eb b\u00ebjm\u00eb pjes\u00eb bie n\u00eb sy se stabilitetin, rendin, demokracin\u00eb e garanton ekzistenca e nj\u00eb shtrese t\u00eb mesme q\u00eb sh\u00ebrben si kolon\u00eb kryesore mbajt\u00ebse. Kjo shtres\u00eb e mesme p\u00ebrb\u00ebhet nga armata e arsimtar\u00ebve, e administrat\u00ebs, e ushtris\u00eb, e policis\u00eb e sh\u00ebrbimit mjek\u00ebsor. Le t\u2019u hedhim nj\u00eb sy rrogave t\u00eb k\u00ebtyre, p\u00ebr t\u00eb cilat flet aq shum\u00eb Kryeministri. Nuk do shum\u00eb mund p\u00ebr t\u00eb konstatuar se ne e kemi k\u00ebt\u00eb shtres\u00eb n\u00eb kushtet e nevoj\u00ebs p\u00ebr t\u00eb kryer krim p\u00ebr t\u00eb mbijetuar, pasi rrogat e tyre jan\u00eb n\u00ebn nivelin e minimumit jetik.<\/p>\n<p>Sigurisht, k\u00ebta nuk jan\u00eb vras\u00ebs, por nuk mundet kurrsesi ta shoh\u00ebsh krimin e vrasjes sot t\u00eb palidhur me krimet e tjera q\u00eb kryhen n\u00eb shoq\u00ebrin\u00eb ton\u00eb. Shkolla p.sh., q\u00eb \u00ebsht\u00eb vendi ku plazmohet njeriu m\u00eb s\u00eb shumti, nuk mund ta luaj\u00eb k\u00ebt\u00eb rol kur parat\u00eb publike p\u00ebr t\u00eb nd\u00ebrtuar shkolla vidhen nga politikan\u00ebt p\u00ebr t\u00eb b\u00ebr\u00eb vila apo kur m\u00ebsuesit e keqpaguar jan\u00eb t\u00eb detyruar t\u00eb marrin lek\u00eb nga nx\u00ebn\u00ebsit e tyre p\u00ebr t\u00eb mbijetuar.<\/p>\n<p>Kjo gjendje e shtres\u00ebs s\u00eb mesme s\u2018mund t\u00eb \u00e7oj\u00eb ve\u00e7se n\u00eb nj\u00eb shoq\u00ebri si kjo e jona, ku sistemi i vlerave \u00ebsht\u00eb tronditur r\u00ebnd\u00eb, ku respektohet m\u00eb shum\u00eb trafikanti i drog\u00ebs, sesa profesori i let\u00ebrsis\u00eb, ku pasurimi me mjete t\u00eb pandershme n\u00eb vend q\u00eb t\u00eb nd\u00ebshkohet, inkurajohet, ku paret e krimit shfryt\u00ebzohen nga politikan\u00ebt p\u00ebr t\u00eb mbushur xhepat e tyre dhe ku kriminel\u00ebt dhe lidhjet e tyre me krimin shfryt\u00ebzohen p\u00ebr fushata elektorale dhe mb\u00ebshtetje politike.<\/p>\n<p>Pra, nuk mund t\u00eb pres\u00ebsh q\u00eb t\u00eb mos ket\u00eb edhe vrasje dhe vras\u00ebs n\u00eb nj\u00eb shoq\u00ebri si kjo, ku po b\u00ebhet gjithnj\u00eb e m\u00eb e pamundur t\u00eb mbijetosh si njeri i ndersh\u00ebm. Edhe fenomeni i vrasjes p\u00ebr hakmarrje apo gjakmarrje nuk mund t\u00eb shihet i shk\u00ebputur nga ky kontekst, prandaj gjykoj se edhe qasja ndaj k\u00ebtij krimi t\u00eb sh\u00ebmtuar nuk mund t\u00eb jen\u00eb shkish\u00ebrimet, por me shum\u00eb pun\u00eb e dashuri, edhe nga Kisha, p\u00ebr t\u2019i edukuar njer\u00ebzit dhe kthyer ata n\u00eb ato vlera q\u00eb i kan\u00eb humbur dhe po i humbasin p\u00ebrdit\u00eb.<\/p>\n<p>Krimi q\u00eb po lul\u00ebzon n\u00eb m\u00ebnyr\u00ebn m\u00eb trondit\u00ebse n\u00eb shoq\u00ebrin\u00eb ton\u00eb tregon se shoq\u00ebria ka nevoj\u00eb p\u00ebr nj\u00eb riformatim t\u00eb r\u00ebnd\u00ebsish\u00ebm t\u00eb sistemit t\u00eb vlerave. Nuk mund t\u00eb jap k\u00ebtu nj\u00eb recet\u00eb se si arrihet kjo \u2013 sepse nuk \u00ebsht\u00eb aq e thjesht\u00eb n\u00eb gjendjen e r\u00ebnd\u00eb q\u00eb \u00ebsht\u00eb i s\u00ebmuri \u2013 por me siguri di t\u00eb them se kjo k\u00ebrkon nj\u00eb pun\u00eb t\u00eb gjat\u00eb dhe t\u00eb v\u00ebshtir\u00eb, dhe jo paliativa si ato t\u00eb deklaratave t\u00eb Berish\u00ebs dhe Kish\u00ebs.<\/p>\n","protected":false},"excerpt":{"rendered":"<p>FATOS LUBONJA, 27 shtator 2012 Ishte shqet\u00ebsues fakti se sa pak e t\u00ebrhoq\u00ebn v\u00ebmendjen kritike t\u00eb shoq\u00ebris\u00eb son\u00eb dy deklarata publike t\u00eb para disa dit\u00ebve: nj\u00ebra e Berish\u00ebs dhe tjetra e Kish\u00ebs Katolike n\u00eb Shkod\u00ebr, n\u00eb t\u00eb cilat i pari k\u00ebrkoi ndryshimin e Kodit Penal, n\u00eb m\u00ebnyr\u00eb qe t\u00eb sanksionohet me ligj d\u00ebnimi me burgim [&hellip;]<\/p>\n","protected":false},"author":1,"featured_media":0,"comment_status":"open","ping_status":"closed","sticky":false,"template":"","format":"standard","meta":{"footnotes":""},"categories":[2],"tags":[],"class_list":{"0":"post-5201","1":"post","2":"type-post","3":"status-publish","4":"format-standard","6":"category-artikuj"},"yoast_head":"<!-- This site is optimized with the Yoast SEO plugin v27.4 - https:\/\/yoast.com\/product\/yoast-seo-wordpress\/ -->\n<title>Mir\u00eb Berisha, po Kisha \u00e7\u2019pati? - FjALA e LIR\u00cb - Arkivi<\/title>\n<meta name=\"robots\" content=\"index, follow, max-snippet:-1, max-image-preview:large, max-video-preview:-1\" \/>\n<link rel=\"canonical\" href=\"https:\/\/fjala.info\/2009-2015\/mire-berisha-po-kisha-cpati\/\" \/>\n<meta property=\"og:locale\" content=\"sq_AL\" \/>\n<meta property=\"og:type\" content=\"article\" \/>\n<meta property=\"og:title\" content=\"Mir\u00eb Berisha, po Kisha \u00e7\u2019pati? - FjALA e LIR\u00cb - Arkivi\" \/>\n<meta property=\"og:description\" content=\"FATOS LUBONJA, 27 shtator 2012 Ishte shqet\u00ebsues fakti se sa pak e t\u00ebrhoq\u00ebn v\u00ebmendjen kritike t\u00eb shoq\u00ebris\u00eb son\u00eb dy deklarata publike t\u00eb para disa dit\u00ebve: nj\u00ebra e Berish\u00ebs dhe tjetra e Kish\u00ebs Katolike n\u00eb Shkod\u00ebr, n\u00eb t\u00eb cilat i pari k\u00ebrkoi ndryshimin e Kodit Penal, n\u00eb m\u00ebnyr\u00eb qe t\u00eb sanksionohet me ligj d\u00ebnimi me burgim [&hellip;]\" \/>\n<meta property=\"og:url\" content=\"https:\/\/fjala.info\/2009-2015\/mire-berisha-po-kisha-cpati\/\" \/>\n<meta property=\"og:site_name\" content=\"FjALA e LIR\u00cb - Arkivi\" \/>\n<meta property=\"article:published_time\" content=\"2012-09-28T08:44:30+00:00\" \/>\n<meta property=\"og:image\" content=\"http:\/\/www.fjala.info\/2012\/fatos_lubonja.jpg\" \/>\n<meta name=\"author\" content=\"admin\" \/>\n<meta name=\"twitter:card\" content=\"summary_large_image\" \/>\n<meta name=\"twitter:label1\" content=\"Written by\" \/>\n\t<meta name=\"twitter:data1\" content=\"admin\" \/>\n\t<meta name=\"twitter:label2\" content=\"Est. reading time\" \/>\n\t<meta name=\"twitter:data2\" content=\"9 minutes\" \/>\n<script type=\"application\/ld+json\" class=\"yoast-schema-graph\">{\"@context\":\"https:\\\/\\\/schema.org\",\"@graph\":[{\"@type\":\"Article\",\"@id\":\"https:\\\/\\\/fjala.info\\\/2009-2015\\\/mire-berisha-po-kisha-cpati\\\/#article\",\"isPartOf\":{\"@id\":\"https:\\\/\\\/fjala.info\\\/2009-2015\\\/mire-berisha-po-kisha-cpati\\\/\"},\"author\":{\"name\":\"admin\",\"@id\":\"https:\\\/\\\/fjala.info\\\/2009-2015\\\/#\\\/schema\\\/person\\\/3aa1163ef05469c496fc94e77611ada2\"},\"headline\":\"Mir\u00eb Berisha, po Kisha \u00e7\u2019pati?\",\"datePublished\":\"2012-09-28T08:44:30+00:00\",\"mainEntityOfPage\":{\"@id\":\"https:\\\/\\\/fjala.info\\\/2009-2015\\\/mire-berisha-po-kisha-cpati\\\/\"},\"wordCount\":1746,\"commentCount\":0,\"publisher\":{\"@id\":\"https:\\\/\\\/fjala.info\\\/2009-2015\\\/#organization\"},\"image\":{\"@id\":\"https:\\\/\\\/fjala.info\\\/2009-2015\\\/mire-berisha-po-kisha-cpati\\\/#primaryimage\"},\"thumbnailUrl\":\"http:\\\/\\\/www.fjala.info\\\/2012\\\/fatos_lubonja.jpg\",\"articleSection\":[\"Artikuj\"],\"inLanguage\":\"sq-AL\",\"potentialAction\":[{\"@type\":\"CommentAction\",\"name\":\"Comment\",\"target\":[\"https:\\\/\\\/fjala.info\\\/2009-2015\\\/mire-berisha-po-kisha-cpati\\\/#respond\"]}]},{\"@type\":\"WebPage\",\"@id\":\"https:\\\/\\\/fjala.info\\\/2009-2015\\\/mire-berisha-po-kisha-cpati\\\/\",\"url\":\"https:\\\/\\\/fjala.info\\\/2009-2015\\\/mire-berisha-po-kisha-cpati\\\/\",\"name\":\"Mir\u00eb Berisha, po Kisha \u00e7\u2019pati? - FjALA e LIR\u00cb - Arkivi\",\"isPartOf\":{\"@id\":\"https:\\\/\\\/fjala.info\\\/2009-2015\\\/#website\"},\"primaryImageOfPage\":{\"@id\":\"https:\\\/\\\/fjala.info\\\/2009-2015\\\/mire-berisha-po-kisha-cpati\\\/#primaryimage\"},\"image\":{\"@id\":\"https:\\\/\\\/fjala.info\\\/2009-2015\\\/mire-berisha-po-kisha-cpati\\\/#primaryimage\"},\"thumbnailUrl\":\"http:\\\/\\\/www.fjala.info\\\/2012\\\/fatos_lubonja.jpg\",\"datePublished\":\"2012-09-28T08:44:30+00:00\",\"breadcrumb\":{\"@id\":\"https:\\\/\\\/fjala.info\\\/2009-2015\\\/mire-berisha-po-kisha-cpati\\\/#breadcrumb\"},\"inLanguage\":\"sq-AL\",\"potentialAction\":[{\"@type\":\"ReadAction\",\"target\":[\"https:\\\/\\\/fjala.info\\\/2009-2015\\\/mire-berisha-po-kisha-cpati\\\/\"]}]},{\"@type\":\"ImageObject\",\"inLanguage\":\"sq-AL\",\"@id\":\"https:\\\/\\\/fjala.info\\\/2009-2015\\\/mire-berisha-po-kisha-cpati\\\/#primaryimage\",\"url\":\"http:\\\/\\\/www.fjala.info\\\/2012\\\/fatos_lubonja.jpg\",\"contentUrl\":\"http:\\\/\\\/www.fjala.info\\\/2012\\\/fatos_lubonja.jpg\"},{\"@type\":\"BreadcrumbList\",\"@id\":\"https:\\\/\\\/fjala.info\\\/2009-2015\\\/mire-berisha-po-kisha-cpati\\\/#breadcrumb\",\"itemListElement\":[{\"@type\":\"ListItem\",\"position\":1,\"name\":\"Home\",\"item\":\"https:\\\/\\\/fjala.info\\\/2009-2015\\\/\"},{\"@type\":\"ListItem\",\"position\":2,\"name\":\"Mir\u00eb Berisha, po Kisha \u00e7\u2019pati?\"}]},{\"@type\":\"WebSite\",\"@id\":\"https:\\\/\\\/fjala.info\\\/2009-2015\\\/#website\",\"url\":\"https:\\\/\\\/fjala.info\\\/2009-2015\\\/\",\"name\":\"FjALA e LIR\u00cb - Arkivi\",\"description\":\"Arkivi 2009-2015\",\"publisher\":{\"@id\":\"https:\\\/\\\/fjala.info\\\/2009-2015\\\/#organization\"},\"potentialAction\":[{\"@type\":\"SearchAction\",\"target\":{\"@type\":\"EntryPoint\",\"urlTemplate\":\"https:\\\/\\\/fjala.info\\\/2009-2015\\\/?s={search_term_string}\"},\"query-input\":{\"@type\":\"PropertyValueSpecification\",\"valueRequired\":true,\"valueName\":\"search_term_string\"}}],\"inLanguage\":\"sq-AL\"},{\"@type\":\"Organization\",\"@id\":\"https:\\\/\\\/fjala.info\\\/2009-2015\\\/#organization\",\"name\":\"FjALA e LIR\u00cb - Arkivi\",\"url\":\"https:\\\/\\\/fjala.info\\\/2009-2015\\\/\",\"logo\":{\"@type\":\"ImageObject\",\"inLanguage\":\"sq-AL\",\"@id\":\"https:\\\/\\\/fjala.info\\\/2009-2015\\\/#\\\/schema\\\/logo\\\/image\\\/\",\"url\":\"\",\"contentUrl\":\"\",\"caption\":\"FjALA e LIR\u00cb - Arkivi\"},\"image\":{\"@id\":\"https:\\\/\\\/fjala.info\\\/2009-2015\\\/#\\\/schema\\\/logo\\\/image\\\/\"}},{\"@type\":\"Person\",\"@id\":\"https:\\\/\\\/fjala.info\\\/2009-2015\\\/#\\\/schema\\\/person\\\/3aa1163ef05469c496fc94e77611ada2\",\"name\":\"admin\",\"image\":{\"@type\":\"ImageObject\",\"inLanguage\":\"sq-AL\",\"@id\":\"https:\\\/\\\/fjala.info\\\/2009-2015\\\/wp-content\\\/uploads\\\/2012\\\/02\\\/arben_cokaj-120x150.jpg\",\"url\":\"https:\\\/\\\/fjala.info\\\/2009-2015\\\/wp-content\\\/uploads\\\/2012\\\/02\\\/arben_cokaj-120x150.jpg\",\"contentUrl\":\"https:\\\/\\\/fjala.info\\\/2009-2015\\\/wp-content\\\/uploads\\\/2012\\\/02\\\/arben_cokaj-120x150.jpg\",\"caption\":\"admin\"},\"description\":\"Admin, Fjala e Lir\u00eb\",\"sameAs\":[\"https:\\\/\\\/fjala.info\\\/\"],\"url\":\"https:\\\/\\\/fjala.info\\\/2009-2015\\\/author\\\/admin\\\/\"}]}<\/script>\n<!-- \/ Yoast SEO plugin. -->","yoast_head_json":{"title":"Mir\u00eb Berisha, po Kisha \u00e7\u2019pati? - FjALA e LIR\u00cb - Arkivi","robots":{"index":"index","follow":"follow","max-snippet":"max-snippet:-1","max-image-preview":"max-image-preview:large","max-video-preview":"max-video-preview:-1"},"canonical":"https:\/\/fjala.info\/2009-2015\/mire-berisha-po-kisha-cpati\/","og_locale":"sq_AL","og_type":"article","og_title":"Mir\u00eb Berisha, po Kisha \u00e7\u2019pati? - FjALA e LIR\u00cb - Arkivi","og_description":"FATOS LUBONJA, 27 shtator 2012 Ishte shqet\u00ebsues fakti se sa pak e t\u00ebrhoq\u00ebn v\u00ebmendjen kritike t\u00eb shoq\u00ebris\u00eb son\u00eb dy deklarata publike t\u00eb para disa dit\u00ebve: nj\u00ebra e Berish\u00ebs dhe tjetra e Kish\u00ebs Katolike n\u00eb Shkod\u00ebr, n\u00eb t\u00eb cilat i pari k\u00ebrkoi ndryshimin e Kodit Penal, n\u00eb m\u00ebnyr\u00eb qe t\u00eb sanksionohet me ligj d\u00ebnimi me burgim [&hellip;]","og_url":"https:\/\/fjala.info\/2009-2015\/mire-berisha-po-kisha-cpati\/","og_site_name":"FjALA e LIR\u00cb - Arkivi","article_published_time":"2012-09-28T08:44:30+00:00","og_image":[{"url":"http:\/\/www.fjala.info\/2012\/fatos_lubonja.jpg","type":"","width":"","height":""}],"author":"admin","twitter_card":"summary_large_image","twitter_misc":{"Written by":"admin","Est. reading time":"9 minutes"},"schema":{"@context":"https:\/\/schema.org","@graph":[{"@type":"Article","@id":"https:\/\/fjala.info\/2009-2015\/mire-berisha-po-kisha-cpati\/#article","isPartOf":{"@id":"https:\/\/fjala.info\/2009-2015\/mire-berisha-po-kisha-cpati\/"},"author":{"name":"admin","@id":"https:\/\/fjala.info\/2009-2015\/#\/schema\/person\/3aa1163ef05469c496fc94e77611ada2"},"headline":"Mir\u00eb Berisha, po Kisha \u00e7\u2019pati?","datePublished":"2012-09-28T08:44:30+00:00","mainEntityOfPage":{"@id":"https:\/\/fjala.info\/2009-2015\/mire-berisha-po-kisha-cpati\/"},"wordCount":1746,"commentCount":0,"publisher":{"@id":"https:\/\/fjala.info\/2009-2015\/#organization"},"image":{"@id":"https:\/\/fjala.info\/2009-2015\/mire-berisha-po-kisha-cpati\/#primaryimage"},"thumbnailUrl":"http:\/\/www.fjala.info\/2012\/fatos_lubonja.jpg","articleSection":["Artikuj"],"inLanguage":"sq-AL","potentialAction":[{"@type":"CommentAction","name":"Comment","target":["https:\/\/fjala.info\/2009-2015\/mire-berisha-po-kisha-cpati\/#respond"]}]},{"@type":"WebPage","@id":"https:\/\/fjala.info\/2009-2015\/mire-berisha-po-kisha-cpati\/","url":"https:\/\/fjala.info\/2009-2015\/mire-berisha-po-kisha-cpati\/","name":"Mir\u00eb Berisha, po Kisha \u00e7\u2019pati? - FjALA e LIR\u00cb - Arkivi","isPartOf":{"@id":"https:\/\/fjala.info\/2009-2015\/#website"},"primaryImageOfPage":{"@id":"https:\/\/fjala.info\/2009-2015\/mire-berisha-po-kisha-cpati\/#primaryimage"},"image":{"@id":"https:\/\/fjala.info\/2009-2015\/mire-berisha-po-kisha-cpati\/#primaryimage"},"thumbnailUrl":"http:\/\/www.fjala.info\/2012\/fatos_lubonja.jpg","datePublished":"2012-09-28T08:44:30+00:00","breadcrumb":{"@id":"https:\/\/fjala.info\/2009-2015\/mire-berisha-po-kisha-cpati\/#breadcrumb"},"inLanguage":"sq-AL","potentialAction":[{"@type":"ReadAction","target":["https:\/\/fjala.info\/2009-2015\/mire-berisha-po-kisha-cpati\/"]}]},{"@type":"ImageObject","inLanguage":"sq-AL","@id":"https:\/\/fjala.info\/2009-2015\/mire-berisha-po-kisha-cpati\/#primaryimage","url":"http:\/\/www.fjala.info\/2012\/fatos_lubonja.jpg","contentUrl":"http:\/\/www.fjala.info\/2012\/fatos_lubonja.jpg"},{"@type":"BreadcrumbList","@id":"https:\/\/fjala.info\/2009-2015\/mire-berisha-po-kisha-cpati\/#breadcrumb","itemListElement":[{"@type":"ListItem","position":1,"name":"Home","item":"https:\/\/fjala.info\/2009-2015\/"},{"@type":"ListItem","position":2,"name":"Mir\u00eb Berisha, po Kisha \u00e7\u2019pati?"}]},{"@type":"WebSite","@id":"https:\/\/fjala.info\/2009-2015\/#website","url":"https:\/\/fjala.info\/2009-2015\/","name":"FjALA e LIR\u00cb - Arkivi","description":"Arkivi 2009-2015","publisher":{"@id":"https:\/\/fjala.info\/2009-2015\/#organization"},"potentialAction":[{"@type":"SearchAction","target":{"@type":"EntryPoint","urlTemplate":"https:\/\/fjala.info\/2009-2015\/?s={search_term_string}"},"query-input":{"@type":"PropertyValueSpecification","valueRequired":true,"valueName":"search_term_string"}}],"inLanguage":"sq-AL"},{"@type":"Organization","@id":"https:\/\/fjala.info\/2009-2015\/#organization","name":"FjALA e LIR\u00cb - Arkivi","url":"https:\/\/fjala.info\/2009-2015\/","logo":{"@type":"ImageObject","inLanguage":"sq-AL","@id":"https:\/\/fjala.info\/2009-2015\/#\/schema\/logo\/image\/","url":"","contentUrl":"","caption":"FjALA e LIR\u00cb - Arkivi"},"image":{"@id":"https:\/\/fjala.info\/2009-2015\/#\/schema\/logo\/image\/"}},{"@type":"Person","@id":"https:\/\/fjala.info\/2009-2015\/#\/schema\/person\/3aa1163ef05469c496fc94e77611ada2","name":"admin","image":{"@type":"ImageObject","inLanguage":"sq-AL","@id":"https:\/\/fjala.info\/2009-2015\/wp-content\/uploads\/2012\/02\/arben_cokaj-120x150.jpg","url":"https:\/\/fjala.info\/2009-2015\/wp-content\/uploads\/2012\/02\/arben_cokaj-120x150.jpg","contentUrl":"https:\/\/fjala.info\/2009-2015\/wp-content\/uploads\/2012\/02\/arben_cokaj-120x150.jpg","caption":"admin"},"description":"Admin, Fjala e Lir\u00eb","sameAs":["https:\/\/fjala.info\/"],"url":"https:\/\/fjala.info\/2009-2015\/author\/admin\/"}]}},"_links":{"self":[{"href":"https:\/\/fjala.info\/2009-2015\/wp-json\/wp\/v2\/posts\/5201","targetHints":{"allow":["GET"]}}],"collection":[{"href":"https:\/\/fjala.info\/2009-2015\/wp-json\/wp\/v2\/posts"}],"about":[{"href":"https:\/\/fjala.info\/2009-2015\/wp-json\/wp\/v2\/types\/post"}],"author":[{"embeddable":true,"href":"https:\/\/fjala.info\/2009-2015\/wp-json\/wp\/v2\/users\/1"}],"replies":[{"embeddable":true,"href":"https:\/\/fjala.info\/2009-2015\/wp-json\/wp\/v2\/comments?post=5201"}],"version-history":[{"count":0,"href":"https:\/\/fjala.info\/2009-2015\/wp-json\/wp\/v2\/posts\/5201\/revisions"}],"wp:attachment":[{"href":"https:\/\/fjala.info\/2009-2015\/wp-json\/wp\/v2\/media?parent=5201"}],"wp:term":[{"taxonomy":"category","embeddable":true,"href":"https:\/\/fjala.info\/2009-2015\/wp-json\/wp\/v2\/categories?post=5201"},{"taxonomy":"post_tag","embeddable":true,"href":"https:\/\/fjala.info\/2009-2015\/wp-json\/wp\/v2\/tags?post=5201"}],"curies":[{"name":"wp","href":"https:\/\/api.w.org\/{rel}","templated":true}]}}