{"id":5199,"date":"2012-09-28T09:22:48","date_gmt":"2012-09-28T08:22:48","guid":{"rendered":"http:\/\/www.fjala.info\/?p=5199"},"modified":"2012-09-28T09:22:48","modified_gmt":"2012-09-28T08:22:48","slug":"dikur-thuhej-socializem-ose-barbari-sot","status":"publish","type":"post","link":"https:\/\/fjala.info\/2009-2015\/dikur-thuhej-socializem-ose-barbari-sot\/","title":{"rendered":"Dikur thuhej: socializ\u00ebm ose barbari. Sot&#8230;"},"content":{"rendered":"<p><img decoding=\"async\" class=\"alignleft size-thumbnail wp-image-7236\" title=\"Bernard Henri Levy\" src=\"http:\/\/www.fjala.info\/2012\/levy.jpg\" alt=\"\" width=\"200\" \/> Nga <strong>Bernard Henri Levy<\/strong>, <em>26 shtator 2012<\/em><\/p>\n<p>N\u00ebse nuk arrihet Europa politike, euro do t\u00eb zhduket. Kjo zhdukje mund t\u00eb marr\u00eb forma dhe kthesa t\u00eb ndryshme. Mund t\u00eb ndodhin shp\u00ebrthime, shp\u00ebrb\u00ebrje, vdekje t\u00eb ngadalta, ndarje. Mund t\u00eb ndodh\u00eb n\u00eb dy, tre, pes\u00eb, ose dhjet\u00eb vjet, mund t\u00eb paraprihet nga faza qet\u00ebsimi ku do t\u00eb krijohet p\u00ebrshtypja se m\u00eb e keqja ka kaluar.<\/p>\n<p>Ngjarja q\u00eb do t\u2019i hedh\u00eb benzin\u00eb zjarrit mund t\u00eb jet\u00eb rr\u00ebnimi i Greqis\u00eb, e d\u00ebrrmuar nga plane t\u00eb pap\u00ebrballueshme dhe t\u00eb pazbatueshme p\u00ebr ringritjen e ekonomis\u00eb. Ose nj\u00eb vendim i Gjykat\u00ebs s\u00eb Karlsruhes q\u00eb refuzon q\u00eb Gjermania t\u00eb ekspozohet ndaj rrezikut t\u00eb pakufizuar n\u00eb rast falimentimi t\u00eb nj\u00eb shteti an\u00ebtar.<\/p>\n<p>Por euro do t\u00eb zhduket. Do t\u00eb zhduket n\u00eb nj\u00eb m\u00ebnyr\u00eb ose nj\u00eb tjet\u00ebr n\u00ebse nuk b\u00ebhet asgj\u00eb. Kjo nuk \u00ebsht\u00eb m\u00eb nj\u00eb hipotez\u00eb, nj\u00eb frik\u00eb e vagullt, nj\u00eb shami e kuqe e tundur para fytyr\u00ebs s\u00eb europian\u00ebve t\u00eb pabindur. \u00cbsht\u00eb nj\u00eb siguri. Kjo siguri rrjedh jo vet\u00ebm nga logjika (kjo monedh\u00eb unike do t\u00eb mbetej abstrakte, pluskuese, sepse nuk do t\u00eb mb\u00ebshtetej tek ekonomit\u00eb, te burimet, te fiskalitetet e p\u00ebrbashk\u00ebta), por edhe nga historia (t\u00eb gjitha situatat e dy shekujve t\u00eb fundit q\u00eb na kujtojn\u00eb kriz\u00ebn q\u00eb po jetojm\u00eb).<br \/>\nSepse euro nuk \u00ebsht\u00eb p\u00ebrvoja e par\u00eb e monedh\u00ebs unike q\u00eb ka provuar Per\u00ebndimi. Ka patur t\u00eb pakt\u00ebn gjasht\u00eb t\u00eb tilla, t\u00eb cilat \u2013 edhe pse jo t\u00eb gjitha situatat jan\u00eb t\u00eb krahasueshme \u2013 jan\u00eb t\u00eb pasura me m\u00ebsime.<\/p>\n<p>Dy prej tyre kan\u00eb d\u00ebshtuar qartazi p\u00ebr shkak t\u00eb egoizmave komb\u00ebtar\u00eb t\u00eb nd\u00ebrthurur me pabarazit\u00eb n\u00eb zhvillimin e vendeve, t\u00eb cilat, pa u bashkuar, nuk mund t\u00eb flisnin t\u00eb nj\u00ebjt\u00ebn gjuh\u00eb monetare (madje ngjarja q\u00eb provokoi d\u00ebshtimin ishte nj\u00eb mospages\u00eb e\u2026 Greqis\u00eb!): k\u00ebto ishin dy aventurat, sot t\u00eb harruara t\u00eb Bashkimit latin (1865-1927) dhe t\u00eb Bashkimit skandinav (1837-1914).<\/p>\n<p>Dy t\u00eb tjera, pat\u00ebn sukses dhe shum\u00eb shpejt madje \u2013 dhe n\u00ebse ia dol\u00ebn, kjo ndodhi sepse procesi i bashkimit monetar u shoq\u00ebrua nga bashkimi politik: ishte lindja e frang\u00ebs zvicerane e cila, n\u00eb vitin 1848, n\u00eb momentin e hartimit t\u00eb Kushtetut\u00ebs q\u00eb themeloi Konfederat\u00ebn zvicerane, dhe pas nj\u00eb gjysm\u00ebshekulli p\u00ebrhumbjeje p\u00ebr shkak t\u00eb refuzimit p\u00ebr t\u00eb paguar \u00e7mimin politik t\u00eb Bashkimit ekonomik, z\u00ebvend\u00ebsoi monedhat e ndryshme t\u00eb p\u00ebrdorua deri at\u00ebher\u00eb nga qytetet, kantonet ose territoret;<br \/>\nN\u00eb momentin e Bashkimit latin, ishte lira italiane q\u00eb triumfoi ndaj miriad\u00ebs s\u00eb monedhave t\u00eb indeksuara sa ndaj monedhave t\u00eb shteteve gjermane, sa ndaj frang\u00ebs ose traditave t\u00eb vjetra dukale ose republikane (dhe me \u00e7far\u00eb \u00e7mimi ky triumf! U desh\u00ebn sa drama, sa struktura t\u00eb b\u00ebra pluhur, sa mikro shoq\u00ebri t\u00eb shp\u00ebrb\u00ebra, fshatra t\u00eb t\u00ebr\u00eb emigruan n\u00eb Franc\u00eb ose n\u00eb Amerik\u00eb).<\/p>\n<p>Dy iniciativa t\u00eb tjera u l\u00ebkund\u00ebn, u zmbraps\u00ebn, d\u00ebshtuan, pastaj ia dol\u00ebn-po, dy arrit\u00ebn t\u00eb shpiknin nj\u00eb monedh\u00eb v\u00ebrtet t\u00eb p\u00ebrbashk\u00ebt, por me \u00e7mimin e mij\u00ebra krizave, kthimeve pas, shfuqizimeve t\u00eb p\u00ebrkohshme, dhe fal\u00eb udh\u00ebheq\u00ebsve t\u00eb guximsh\u00ebm t\u00eb cil\u00ebt kuptuan se nj\u00eb monedh\u00eb mund t\u00eb ekzistoj\u00eb vet\u00ebm n\u00ebse mb\u00ebshtetet mbi nj\u00eb buxhet, mbi nj\u00eb fiskalitet, nj\u00eb regjim t\u00eb shp\u00ebrndarjes s\u00eb burimeve, t\u00eb drejt\u00ebn e pun\u00ebs, rregulla sociale, pra nj\u00eb politik\u00eb realisht e p\u00ebrbashk\u00ebt: \u00ebsht\u00eb krejt historia e mark\u00ebs s\u00eb re, e cila pothuaj 40 vjet pas Zollverein t\u00eb 1834, fitoi kund\u00ebr florinit, thalersit, kronenthalersit, dhe markave t\u00eb tjera t\u00eb qyteteve hanseatike; \u00ebsht\u00eb gjithashtu historia e dollarit, sepse ne e harrojm\u00eb q\u00eb iu desh\u00ebn 120 vjet t\u00eb imponohej dhe kjo ndodhi v\u00ebrtet vet\u00ebm pasi u ra dakord t\u00eb federalizohej borxhi i Shteteve an\u00ebtare t\u00eb Bashkimit.<\/p>\n<p>Teorema nuk fal. Pa federat\u00eb, nuk ka monedh\u00eb t\u00eb p\u00ebrbashk\u00ebt. Pa bashkim politik, monedha duron disa dekada, pastaj shp\u00ebrb\u00ebhet, pas nj\u00eb lufte, ose krize.<\/p>\n<p>Pa progres t\u00eb integrimit politik, i cili \u00ebsht\u00eb paramenduar i detyruesh\u00ebm nga t\u00eb gjitha traktatet europiane, por q\u00eb asnj\u00eb udh\u00ebheq\u00ebs, n\u00eb Franc\u00eb si n\u00eb Gjermani, nuk e merr seriozisht, pa braktisje t\u00eb kompetencave nga Shtet-kombet, dhe pa nj\u00eb humbje t\u00eb past\u00ebr t\u00eb \u201csovranist\u00ebve\u201d q\u00eb shtyjn\u00eb popujt drejt mbylljes dhe drejt shpartallimit, euro do t\u00eb \u00e7integrohet, ashtu si do t\u00eb ishte \u00e7integruar dollari n\u00ebse Luft\u00ebn Civile Amerikane do ta kishin fituar Jugor\u00ebt.<\/p>\n<p>Dikur thuhej: socializ\u00ebm ose barbari. Sot duhet t\u00eb themi: bashkim politik ose barbari. M\u00eb tep\u00ebr se kaq: federaliz\u00ebm ose shp\u00ebrb\u00ebrje dhe shp\u00ebrb\u00ebrja do t\u00eb sjell\u00eb regresion social, pasiguri, rritje t\u00eb papun\u00ebsis\u00eb, mjerim.<\/p>\n<p>M\u00eb tep\u00ebr se kaq: ose Europa b\u00ebn nj\u00eb hap m\u00eb tej n\u00eb drejtim t\u00eb k\u00ebtij integrimi politik, pa t\u00eb cilin asnj\u00eb monedh\u00eb e p\u00ebrbashk\u00ebt nuk ka arritur t\u00eb vazhdoj\u00eb, ose ajo del nga Historia dhe zhytet n\u00eb kaos.<br \/>\nNuk kemi zgjidhje tjet\u00ebr: ose bashkim politik ose vdekje. Gjith\u00eb pjesa tjet\u00ebr \u2013 magjepsje e disave, sajime t\u00eb disa t\u00eb tjer\u00ebve, fonde solidariteti, banka stabilizimi \u2013 thjesht e vonojn\u00eb fundin dhe zgjatin agonin\u00eb n\u00eb iluzionin e nj\u00eb p\u00ebrmir\u00ebsimi.<\/p>\n<p>*<strong>MAPO<\/strong><\/p>\n","protected":false},"excerpt":{"rendered":"<p>Nga Bernard Henri Levy, 26 shtator 2012 N\u00ebse nuk arrihet Europa politike, euro do t\u00eb zhduket. Kjo zhdukje mund t\u00eb marr\u00eb forma dhe kthesa t\u00eb ndryshme. Mund t\u00eb ndodhin shp\u00ebrthime, shp\u00ebrb\u00ebrje, vdekje t\u00eb ngadalta, ndarje. Mund t\u00eb ndodh\u00eb n\u00eb dy, tre, pes\u00eb, ose dhjet\u00eb vjet, mund t\u00eb paraprihet nga faza qet\u00ebsimi ku do t\u00eb krijohet [&hellip;]<\/p>\n","protected":false},"author":1,"featured_media":0,"comment_status":"open","ping_status":"closed","sticky":false,"template":"","format":"standard","meta":{"footnotes":""},"categories":[2],"tags":[],"class_list":{"0":"post-5199","1":"post","2":"type-post","3":"status-publish","4":"format-standard","6":"category-artikuj"},"yoast_head":"<!-- This site is optimized with the Yoast SEO plugin v27.4 - https:\/\/yoast.com\/product\/yoast-seo-wordpress\/ -->\n<title>Dikur thuhej: socializ\u00ebm ose barbari. Sot... - FjALA e LIR\u00cb - Arkivi<\/title>\n<meta name=\"robots\" content=\"index, follow, max-snippet:-1, max-image-preview:large, max-video-preview:-1\" \/>\n<link rel=\"canonical\" href=\"https:\/\/fjala.info\/2009-2015\/dikur-thuhej-socializem-ose-barbari-sot\/\" \/>\n<meta property=\"og:locale\" content=\"sq_AL\" \/>\n<meta property=\"og:type\" content=\"article\" \/>\n<meta property=\"og:title\" content=\"Dikur thuhej: socializ\u00ebm ose barbari. Sot... - FjALA e LIR\u00cb - Arkivi\" \/>\n<meta property=\"og:description\" content=\"Nga Bernard Henri Levy, 26 shtator 2012 N\u00ebse nuk arrihet Europa politike, euro do t\u00eb zhduket. Kjo zhdukje mund t\u00eb marr\u00eb forma dhe kthesa t\u00eb ndryshme. Mund t\u00eb ndodhin shp\u00ebrthime, shp\u00ebrb\u00ebrje, vdekje t\u00eb ngadalta, ndarje. Mund t\u00eb ndodh\u00eb n\u00eb dy, tre, pes\u00eb, ose dhjet\u00eb vjet, mund t\u00eb paraprihet nga faza qet\u00ebsimi ku do t\u00eb krijohet [&hellip;]\" \/>\n<meta property=\"og:url\" content=\"https:\/\/fjala.info\/2009-2015\/dikur-thuhej-socializem-ose-barbari-sot\/\" \/>\n<meta property=\"og:site_name\" content=\"FjALA e LIR\u00cb - Arkivi\" \/>\n<meta property=\"article:published_time\" content=\"2012-09-28T08:22:48+00:00\" \/>\n<meta property=\"og:image\" content=\"http:\/\/www.fjala.info\/2012\/levy.jpg\" \/>\n<meta name=\"author\" content=\"admin\" \/>\n<meta name=\"twitter:card\" content=\"summary_large_image\" \/>\n<meta name=\"twitter:label1\" content=\"Written by\" \/>\n\t<meta name=\"twitter:data1\" content=\"admin\" \/>\n\t<meta name=\"twitter:label2\" content=\"Est. reading time\" \/>\n\t<meta name=\"twitter:data2\" content=\"4 minutes\" \/>\n<script type=\"application\/ld+json\" class=\"yoast-schema-graph\">{\"@context\":\"https:\\\/\\\/schema.org\",\"@graph\":[{\"@type\":\"Article\",\"@id\":\"https:\\\/\\\/fjala.info\\\/2009-2015\\\/dikur-thuhej-socializem-ose-barbari-sot\\\/#article\",\"isPartOf\":{\"@id\":\"https:\\\/\\\/fjala.info\\\/2009-2015\\\/dikur-thuhej-socializem-ose-barbari-sot\\\/\"},\"author\":{\"name\":\"admin\",\"@id\":\"https:\\\/\\\/fjala.info\\\/2009-2015\\\/#\\\/schema\\\/person\\\/3aa1163ef05469c496fc94e77611ada2\"},\"headline\":\"Dikur thuhej: socializ\u00ebm ose barbari. Sot&#8230;\",\"datePublished\":\"2012-09-28T08:22:48+00:00\",\"mainEntityOfPage\":{\"@id\":\"https:\\\/\\\/fjala.info\\\/2009-2015\\\/dikur-thuhej-socializem-ose-barbari-sot\\\/\"},\"wordCount\":889,\"commentCount\":0,\"publisher\":{\"@id\":\"https:\\\/\\\/fjala.info\\\/2009-2015\\\/#organization\"},\"image\":{\"@id\":\"https:\\\/\\\/fjala.info\\\/2009-2015\\\/dikur-thuhej-socializem-ose-barbari-sot\\\/#primaryimage\"},\"thumbnailUrl\":\"http:\\\/\\\/www.fjala.info\\\/2012\\\/levy.jpg\",\"articleSection\":[\"Artikuj\"],\"inLanguage\":\"sq-AL\",\"potentialAction\":[{\"@type\":\"CommentAction\",\"name\":\"Comment\",\"target\":[\"https:\\\/\\\/fjala.info\\\/2009-2015\\\/dikur-thuhej-socializem-ose-barbari-sot\\\/#respond\"]}]},{\"@type\":\"WebPage\",\"@id\":\"https:\\\/\\\/fjala.info\\\/2009-2015\\\/dikur-thuhej-socializem-ose-barbari-sot\\\/\",\"url\":\"https:\\\/\\\/fjala.info\\\/2009-2015\\\/dikur-thuhej-socializem-ose-barbari-sot\\\/\",\"name\":\"Dikur thuhej: socializ\u00ebm ose barbari. Sot... - FjALA e LIR\u00cb - Arkivi\",\"isPartOf\":{\"@id\":\"https:\\\/\\\/fjala.info\\\/2009-2015\\\/#website\"},\"primaryImageOfPage\":{\"@id\":\"https:\\\/\\\/fjala.info\\\/2009-2015\\\/dikur-thuhej-socializem-ose-barbari-sot\\\/#primaryimage\"},\"image\":{\"@id\":\"https:\\\/\\\/fjala.info\\\/2009-2015\\\/dikur-thuhej-socializem-ose-barbari-sot\\\/#primaryimage\"},\"thumbnailUrl\":\"http:\\\/\\\/www.fjala.info\\\/2012\\\/levy.jpg\",\"datePublished\":\"2012-09-28T08:22:48+00:00\",\"breadcrumb\":{\"@id\":\"https:\\\/\\\/fjala.info\\\/2009-2015\\\/dikur-thuhej-socializem-ose-barbari-sot\\\/#breadcrumb\"},\"inLanguage\":\"sq-AL\",\"potentialAction\":[{\"@type\":\"ReadAction\",\"target\":[\"https:\\\/\\\/fjala.info\\\/2009-2015\\\/dikur-thuhej-socializem-ose-barbari-sot\\\/\"]}]},{\"@type\":\"ImageObject\",\"inLanguage\":\"sq-AL\",\"@id\":\"https:\\\/\\\/fjala.info\\\/2009-2015\\\/dikur-thuhej-socializem-ose-barbari-sot\\\/#primaryimage\",\"url\":\"http:\\\/\\\/www.fjala.info\\\/2012\\\/levy.jpg\",\"contentUrl\":\"http:\\\/\\\/www.fjala.info\\\/2012\\\/levy.jpg\"},{\"@type\":\"BreadcrumbList\",\"@id\":\"https:\\\/\\\/fjala.info\\\/2009-2015\\\/dikur-thuhej-socializem-ose-barbari-sot\\\/#breadcrumb\",\"itemListElement\":[{\"@type\":\"ListItem\",\"position\":1,\"name\":\"Home\",\"item\":\"https:\\\/\\\/fjala.info\\\/2009-2015\\\/\"},{\"@type\":\"ListItem\",\"position\":2,\"name\":\"Dikur thuhej: socializ\u00ebm ose barbari. Sot&#8230;\"}]},{\"@type\":\"WebSite\",\"@id\":\"https:\\\/\\\/fjala.info\\\/2009-2015\\\/#website\",\"url\":\"https:\\\/\\\/fjala.info\\\/2009-2015\\\/\",\"name\":\"FjALA e LIR\u00cb - Arkivi\",\"description\":\"Arkivi 2009-2015\",\"publisher\":{\"@id\":\"https:\\\/\\\/fjala.info\\\/2009-2015\\\/#organization\"},\"potentialAction\":[{\"@type\":\"SearchAction\",\"target\":{\"@type\":\"EntryPoint\",\"urlTemplate\":\"https:\\\/\\\/fjala.info\\\/2009-2015\\\/?s={search_term_string}\"},\"query-input\":{\"@type\":\"PropertyValueSpecification\",\"valueRequired\":true,\"valueName\":\"search_term_string\"}}],\"inLanguage\":\"sq-AL\"},{\"@type\":\"Organization\",\"@id\":\"https:\\\/\\\/fjala.info\\\/2009-2015\\\/#organization\",\"name\":\"FjALA e LIR\u00cb - Arkivi\",\"url\":\"https:\\\/\\\/fjala.info\\\/2009-2015\\\/\",\"logo\":{\"@type\":\"ImageObject\",\"inLanguage\":\"sq-AL\",\"@id\":\"https:\\\/\\\/fjala.info\\\/2009-2015\\\/#\\\/schema\\\/logo\\\/image\\\/\",\"url\":\"\",\"contentUrl\":\"\",\"caption\":\"FjALA e LIR\u00cb - Arkivi\"},\"image\":{\"@id\":\"https:\\\/\\\/fjala.info\\\/2009-2015\\\/#\\\/schema\\\/logo\\\/image\\\/\"}},{\"@type\":\"Person\",\"@id\":\"https:\\\/\\\/fjala.info\\\/2009-2015\\\/#\\\/schema\\\/person\\\/3aa1163ef05469c496fc94e77611ada2\",\"name\":\"admin\",\"image\":{\"@type\":\"ImageObject\",\"inLanguage\":\"sq-AL\",\"@id\":\"https:\\\/\\\/fjala.info\\\/2009-2015\\\/wp-content\\\/uploads\\\/2012\\\/02\\\/arben_cokaj-120x150.jpg\",\"url\":\"https:\\\/\\\/fjala.info\\\/2009-2015\\\/wp-content\\\/uploads\\\/2012\\\/02\\\/arben_cokaj-120x150.jpg\",\"contentUrl\":\"https:\\\/\\\/fjala.info\\\/2009-2015\\\/wp-content\\\/uploads\\\/2012\\\/02\\\/arben_cokaj-120x150.jpg\",\"caption\":\"admin\"},\"description\":\"Admin, Fjala e Lir\u00eb\",\"sameAs\":[\"https:\\\/\\\/fjala.info\\\/\"],\"url\":\"https:\\\/\\\/fjala.info\\\/2009-2015\\\/author\\\/admin\\\/\"}]}<\/script>\n<!-- \/ Yoast SEO plugin. -->","yoast_head_json":{"title":"Dikur thuhej: socializ\u00ebm ose barbari. Sot... - FjALA e LIR\u00cb - Arkivi","robots":{"index":"index","follow":"follow","max-snippet":"max-snippet:-1","max-image-preview":"max-image-preview:large","max-video-preview":"max-video-preview:-1"},"canonical":"https:\/\/fjala.info\/2009-2015\/dikur-thuhej-socializem-ose-barbari-sot\/","og_locale":"sq_AL","og_type":"article","og_title":"Dikur thuhej: socializ\u00ebm ose barbari. Sot... - FjALA e LIR\u00cb - Arkivi","og_description":"Nga Bernard Henri Levy, 26 shtator 2012 N\u00ebse nuk arrihet Europa politike, euro do t\u00eb zhduket. Kjo zhdukje mund t\u00eb marr\u00eb forma dhe kthesa t\u00eb ndryshme. Mund t\u00eb ndodhin shp\u00ebrthime, shp\u00ebrb\u00ebrje, vdekje t\u00eb ngadalta, ndarje. Mund t\u00eb ndodh\u00eb n\u00eb dy, tre, pes\u00eb, ose dhjet\u00eb vjet, mund t\u00eb paraprihet nga faza qet\u00ebsimi ku do t\u00eb krijohet [&hellip;]","og_url":"https:\/\/fjala.info\/2009-2015\/dikur-thuhej-socializem-ose-barbari-sot\/","og_site_name":"FjALA e LIR\u00cb - Arkivi","article_published_time":"2012-09-28T08:22:48+00:00","og_image":[{"url":"http:\/\/www.fjala.info\/2012\/levy.jpg","type":"","width":"","height":""}],"author":"admin","twitter_card":"summary_large_image","twitter_misc":{"Written by":"admin","Est. reading time":"4 minutes"},"schema":{"@context":"https:\/\/schema.org","@graph":[{"@type":"Article","@id":"https:\/\/fjala.info\/2009-2015\/dikur-thuhej-socializem-ose-barbari-sot\/#article","isPartOf":{"@id":"https:\/\/fjala.info\/2009-2015\/dikur-thuhej-socializem-ose-barbari-sot\/"},"author":{"name":"admin","@id":"https:\/\/fjala.info\/2009-2015\/#\/schema\/person\/3aa1163ef05469c496fc94e77611ada2"},"headline":"Dikur thuhej: socializ\u00ebm ose barbari. Sot&#8230;","datePublished":"2012-09-28T08:22:48+00:00","mainEntityOfPage":{"@id":"https:\/\/fjala.info\/2009-2015\/dikur-thuhej-socializem-ose-barbari-sot\/"},"wordCount":889,"commentCount":0,"publisher":{"@id":"https:\/\/fjala.info\/2009-2015\/#organization"},"image":{"@id":"https:\/\/fjala.info\/2009-2015\/dikur-thuhej-socializem-ose-barbari-sot\/#primaryimage"},"thumbnailUrl":"http:\/\/www.fjala.info\/2012\/levy.jpg","articleSection":["Artikuj"],"inLanguage":"sq-AL","potentialAction":[{"@type":"CommentAction","name":"Comment","target":["https:\/\/fjala.info\/2009-2015\/dikur-thuhej-socializem-ose-barbari-sot\/#respond"]}]},{"@type":"WebPage","@id":"https:\/\/fjala.info\/2009-2015\/dikur-thuhej-socializem-ose-barbari-sot\/","url":"https:\/\/fjala.info\/2009-2015\/dikur-thuhej-socializem-ose-barbari-sot\/","name":"Dikur thuhej: socializ\u00ebm ose barbari. Sot... - FjALA e LIR\u00cb - Arkivi","isPartOf":{"@id":"https:\/\/fjala.info\/2009-2015\/#website"},"primaryImageOfPage":{"@id":"https:\/\/fjala.info\/2009-2015\/dikur-thuhej-socializem-ose-barbari-sot\/#primaryimage"},"image":{"@id":"https:\/\/fjala.info\/2009-2015\/dikur-thuhej-socializem-ose-barbari-sot\/#primaryimage"},"thumbnailUrl":"http:\/\/www.fjala.info\/2012\/levy.jpg","datePublished":"2012-09-28T08:22:48+00:00","breadcrumb":{"@id":"https:\/\/fjala.info\/2009-2015\/dikur-thuhej-socializem-ose-barbari-sot\/#breadcrumb"},"inLanguage":"sq-AL","potentialAction":[{"@type":"ReadAction","target":["https:\/\/fjala.info\/2009-2015\/dikur-thuhej-socializem-ose-barbari-sot\/"]}]},{"@type":"ImageObject","inLanguage":"sq-AL","@id":"https:\/\/fjala.info\/2009-2015\/dikur-thuhej-socializem-ose-barbari-sot\/#primaryimage","url":"http:\/\/www.fjala.info\/2012\/levy.jpg","contentUrl":"http:\/\/www.fjala.info\/2012\/levy.jpg"},{"@type":"BreadcrumbList","@id":"https:\/\/fjala.info\/2009-2015\/dikur-thuhej-socializem-ose-barbari-sot\/#breadcrumb","itemListElement":[{"@type":"ListItem","position":1,"name":"Home","item":"https:\/\/fjala.info\/2009-2015\/"},{"@type":"ListItem","position":2,"name":"Dikur thuhej: socializ\u00ebm ose barbari. Sot&#8230;"}]},{"@type":"WebSite","@id":"https:\/\/fjala.info\/2009-2015\/#website","url":"https:\/\/fjala.info\/2009-2015\/","name":"FjALA e LIR\u00cb - Arkivi","description":"Arkivi 2009-2015","publisher":{"@id":"https:\/\/fjala.info\/2009-2015\/#organization"},"potentialAction":[{"@type":"SearchAction","target":{"@type":"EntryPoint","urlTemplate":"https:\/\/fjala.info\/2009-2015\/?s={search_term_string}"},"query-input":{"@type":"PropertyValueSpecification","valueRequired":true,"valueName":"search_term_string"}}],"inLanguage":"sq-AL"},{"@type":"Organization","@id":"https:\/\/fjala.info\/2009-2015\/#organization","name":"FjALA e LIR\u00cb - Arkivi","url":"https:\/\/fjala.info\/2009-2015\/","logo":{"@type":"ImageObject","inLanguage":"sq-AL","@id":"https:\/\/fjala.info\/2009-2015\/#\/schema\/logo\/image\/","url":"","contentUrl":"","caption":"FjALA e LIR\u00cb - Arkivi"},"image":{"@id":"https:\/\/fjala.info\/2009-2015\/#\/schema\/logo\/image\/"}},{"@type":"Person","@id":"https:\/\/fjala.info\/2009-2015\/#\/schema\/person\/3aa1163ef05469c496fc94e77611ada2","name":"admin","image":{"@type":"ImageObject","inLanguage":"sq-AL","@id":"https:\/\/fjala.info\/2009-2015\/wp-content\/uploads\/2012\/02\/arben_cokaj-120x150.jpg","url":"https:\/\/fjala.info\/2009-2015\/wp-content\/uploads\/2012\/02\/arben_cokaj-120x150.jpg","contentUrl":"https:\/\/fjala.info\/2009-2015\/wp-content\/uploads\/2012\/02\/arben_cokaj-120x150.jpg","caption":"admin"},"description":"Admin, Fjala e Lir\u00eb","sameAs":["https:\/\/fjala.info\/"],"url":"https:\/\/fjala.info\/2009-2015\/author\/admin\/"}]}},"_links":{"self":[{"href":"https:\/\/fjala.info\/2009-2015\/wp-json\/wp\/v2\/posts\/5199","targetHints":{"allow":["GET"]}}],"collection":[{"href":"https:\/\/fjala.info\/2009-2015\/wp-json\/wp\/v2\/posts"}],"about":[{"href":"https:\/\/fjala.info\/2009-2015\/wp-json\/wp\/v2\/types\/post"}],"author":[{"embeddable":true,"href":"https:\/\/fjala.info\/2009-2015\/wp-json\/wp\/v2\/users\/1"}],"replies":[{"embeddable":true,"href":"https:\/\/fjala.info\/2009-2015\/wp-json\/wp\/v2\/comments?post=5199"}],"version-history":[{"count":0,"href":"https:\/\/fjala.info\/2009-2015\/wp-json\/wp\/v2\/posts\/5199\/revisions"}],"wp:attachment":[{"href":"https:\/\/fjala.info\/2009-2015\/wp-json\/wp\/v2\/media?parent=5199"}],"wp:term":[{"taxonomy":"category","embeddable":true,"href":"https:\/\/fjala.info\/2009-2015\/wp-json\/wp\/v2\/categories?post=5199"},{"taxonomy":"post_tag","embeddable":true,"href":"https:\/\/fjala.info\/2009-2015\/wp-json\/wp\/v2\/tags?post=5199"}],"curies":[{"name":"wp","href":"https:\/\/api.w.org\/{rel}","templated":true}]}}