{"id":5197,"date":"2012-09-28T09:15:33","date_gmt":"2012-09-28T08:15:33","guid":{"rendered":"http:\/\/www.fjala.info\/?p=5197"},"modified":"2012-09-28T09:15:33","modified_gmt":"2012-09-28T08:15:33","slug":"kadare-nexhmija-genjen-ju-po-e-mbroni","status":"publish","type":"post","link":"https:\/\/fjala.info\/2009-2015\/kadare-nexhmija-genjen-ju-po-e-mbroni\/","title":{"rendered":"Kadare: Nexhmija g\u00ebnjen, ju po e mbroni"},"content":{"rendered":"<p><img decoding=\"async\" class=\"alignleft size-thumbnail wp-image-7236\" title=\"Ismail Kadare\" src=\"http:\/\/www.fjala.info\/2012\/ismail_kadare4.jpg\" alt=\"\" width=\"300\" \/> \u2022<em>Intervist\u00eb telefonike, e b\u00ebr\u00eb m\u00eb 19 shtator 2012 nga redaksia \u201cShekulli\u201d n\u00eb numrin e telefonit fiks t\u00eb familjes s\u00eb shkrimtarit Ismail Kadare n\u00eb Franc\u00eb <\/em><\/p>\n<p>Bisedoi: <strong>Flamur Vezaj<\/strong>, <em>28.09.2012<\/em><\/p>\n<p>Kjo bised\u00eb \u00ebsht\u00eb b\u00ebr\u00eb m\u00eb dat\u00eb 19 shtator 2012, n\u00eb or\u00ebt e mbr\u00ebmjes n\u00eb linj\u00eb telefonike. Nga redaksia e \u201cShekullit\u201d \u00ebsht\u00eb telefonuar banesa e z.Kadare n\u00eb Franc\u00eb. Shkrimtari u \u00ebsht\u00eb p\u00ebrgjigjur pyetjeve n\u00eb m\u00ebnyr\u00eb disi nervoze dhe n\u00eb fund ka k\u00ebrkuar q\u00eb biseda t\u00eb mos botohet me premtimin q\u00eb do d\u00ebrgonte p\u00ebrgjigje t\u00eb tjera via-mail. Pyetjet jan\u00eb rid\u00ebrguar po at\u00eb nat\u00eb. Z.Kadare ka refuzuar t\u00eb p\u00ebrgjigjet, duke mos kthyer asnj\u00eb p\u00ebrgjigje as n\u00eb linj\u00eb telefonike as p\u00ebr 3 emaile t\u00eb tjer\u00eb pasues t\u00eb d\u00ebrguar pas 19 shtatorit nga redaksia.<\/p>\n<p><strong>Mir\u00ebmbrema. Familja Kadare? M\u00eb falni, un\u00eb jam Flamur Vezaj, gazetar i \u201cShekullit\u201d. Doja t\u00eb flisja me z.Kadare. (pas prezantimit, nis biseda) &#8211; Zoti Kadare, un\u00eb kam ndjekur procesin gjyq\u00ebsor p\u00ebr \u00e7\u00ebshtjen e dor\u00ebshkrimit dhe sot kemi botuar ato letrat q\u00eb jan\u00eb paraqitur si prova nga pala e paditur&#8230; <\/strong><\/p>\n<p>Nuk dua t\u00eb merrem me nj\u00eb kriminele&#8230; Nuk kam d\u00ebshir\u00eb t\u00eb flas me th\u00ebn\u00eb t\u00eb drejt\u00ebn. Shkrimin tuaj e pash\u00eb dhe t\u00eb tjer\u00ebt nuk e di \u00e7far\u00eb kan\u00eb b\u00ebr\u00eb&#8230;<\/p>\n<p><strong>Un\u00eb kam botuar edhe prononcimin e avokates, t\u00eb b\u00ebr\u00eb dje n\u00eb sall\u00ebn e gjyqit. <\/strong><\/p>\n<p>Keni nxjerr\u00eb vet\u00ebm an\u00ebn e keqe. Keni theksuar shum\u00eb, si t\u00eb thuash an\u00ebn e keqe t\u00eb k\u00ebsaj \u00e7\u00ebshtjeje, an\u00ebn e pabesueshme, an\u00ebn absurde&#8230;<\/p>\n<p><strong>Nuk e di n\u00ebse e keni ndjekur shtypin, por ne kemi botuar edhe k\u00ebrkes\u00eb-padin\u00eb paraqitur n\u00eb Gjykat\u00eb nga avokatja juaj, e kemi botuar t\u00eb plot\u00eb, si\u00e7 ka qen\u00eb!<\/strong><\/p>\n<p>K\u00ebrkes\u00eb padin\u00eb e ka b\u00ebr\u00eb avokatja. Mir\u00eb dakord. Nuk e kam par\u00eb un\u00eb. P\u00ebrshtypja q\u00eb kam p\u00ebr shkrimin n\u00eb gazet\u00ebn tuaj&#8230; Ju keni theksuar k\u00ebt\u00eb an\u00ebn e keqe. I mbani nj\u00ebfar\u00eb ane k\u00ebsaj gruaje q\u00eb, \u00ebsht\u00eb e drejta juaj t\u00eb mbani cil\u00ebn an\u00eb t\u00eb doni. Nuk ka nevoj\u00eb un\u00eb nuk nd\u00ebrhyj po&#8230; K\u00ebtu \u00ebsht\u00eb nj\u00eb shkrimtar q\u00eb ka nj\u00eb dor\u00ebshkrim dhe \u00ebsht\u00eb nj\u00eb grua q\u00eb thot\u00eb nj\u00eb gj\u00eb absurde, thot\u00eb ma ka dh\u00ebn\u00eb thot\u00eb, un\u00eb nuk kam dokument q\u00eb ma ka dh\u00ebn\u00eb, por ai ishte dashamir\u00ebs dhe k\u00ebrkoi q\u00eb t\u00eb nd\u00ebrhyja p\u00ebr nj\u00eb sht\u00ebpi.<\/p>\n<p>Ju nuk thoni apartament, por nj\u00eb sht\u00ebpi t\u00eb madhe. Un\u00eb kam patur nj\u00eb apartament mizerab\u00ebl 40 metra katror\u00eb. Kam qen\u00eb shkrimtar i botuar n\u00eb gjysm\u00ebn e Europ\u00ebs n\u00eb 72-shin dhe detyrohem t\u2019i k\u00ebrkoj nj\u00eb gj\u00eb k\u00ebtyre njer\u00ebzve, nj\u00eb apartament, sepse ata ishin pronar\u00ebt e gjith\u00e7kaje. M\u00eb kuptoni apo jo. Dhe ju shkruani k\u00ebt\u00eb gj\u00eb pa gajle fare si nj\u00eb gj\u00eb normale. Sigurisht, ajo ishte nj\u00eb padrone. Duhet t\u2019i jepte ajo apartamentet. Sepse ajo i jepte p\u00ebr njer\u00ebzit e kultur\u00ebs. Pik\u00eb. A m\u00eb d\u00ebgjoni apo jo?<\/p>\n<p><strong>Por, ideja ishte&#8230;<\/strong><\/p>\n<p>Ja pra, k\u00ebshtu shkruani&#8230; I shkruan me k\u00ebt\u00eb sens dometh\u00ebn\u00eb. Keni mbajtur an\u00ebn kund\u00ebr shkrimtarit, p\u00ebr nj\u00eb ish-padrone komuniste q\u00eb mburret se kishte marr\u00eb letra nga un\u00eb, ku i drejtohesha me let\u00ebr, pasi m\u00eb torturonin p\u00ebr 3 vjet p\u00ebr k\u00ebt\u00eb apartamentin. N\u00eb vend q\u00eb ju t\u00eb shqet\u00ebsoheshit p\u00ebr k\u00ebt\u00eb gj\u00eb, t\u00eb thoshit: \u201csi \u00ebsht\u00eb e mundur shkrimtari m\u00eb i njohur i Shqip\u00ebris\u00eb n\u00eb at\u00eb koh\u00eb sepse un\u00eb isha m\u00eb i njohuri, ka tre vjet q\u00eb torturohet p\u00ebr nj\u00eb apartament, p\u00ebr nj\u00eb dhom\u00eb pune. Dhe nuk i b\u00ebn\u00eb p\u00ebrshtypje asnj\u00ebrit, sepse ky \u00ebsht\u00eb nj\u00eb popull skllav q\u00eb e quan akoma, se Shqip\u00ebria ka qen\u00eb pron\u00eb e Enver Hoxh\u00ebs dhe Nexhmije Hoxh\u00ebs. Dhe thon\u00eb se duhet t\u00eb jesh mir\u00ebnjoh\u00ebs q\u00eb t\u00eb ndihmoi p\u00ebr t\u00eb marr\u00eb nj\u00eb apartament. Nga i nxori apartamentet ajo, nga xhepi i saj??<\/p>\n<p><strong>N\u00eb botuam k\u00ebrkes\u00eb padin\u00eb tuaj, botuam edhe provat q\u00eb u paraqiten n\u00eb gjyq. Letrat&#8230;<\/strong><\/p>\n<p>Pun\u00eb e madhe, i paskam b\u00ebr\u00eb nj\u00eb let\u00ebr k\u00ebsaj para 40 vjet\u00ebsh dhe nj\u00eb tjet\u00ebr&#8230; q\u00eb e harrova \u00e7far\u00eb ishte. Po k\u00ebto 40 vjet q\u00eb nuk i kam b\u00ebr\u00eb m\u00eb asnj\u00eb let\u00ebr un\u00eb k\u00ebsaj, k\u00ebsaj zonje, k\u00ebsaj zuske, m\u00eb fal, kjo ka 40 vjet q\u00eb nuk ka lib\u00ebr nga un\u00eb. I paskam b\u00ebr\u00eb nj\u00eb let\u00ebr p\u00ebr nj\u00eb apartament.<\/p>\n<p><strong>Ne jemi treguar korrekt me pasqyrimin e k\u00ebsaj \u00e7\u00ebshtje n\u00eb gjyq&#8230;<\/strong><\/p>\n<p>Ju jeni treguar&#8230;Ka atje te ju nj\u00eb dashakeq\u00ebsi. Un\u00eb nuk ju njoh fare juve. (&#8230;) Ju atje keni dashakeq\u00ebsi ndaj meje, i keni trash\u00ebgim, ca njer\u00ebz q\u00eb ju punojn\u00eb atje, dashakeq\u00ebsi t\u00eb trash\u00ebguar.Keni nj\u00eb (p\u00ebrmend nj\u00eb em\u00ebr gazetari) aty q\u00eb ka nj\u00eb urrejtje ndaj meje&#8230; \u00cbsht\u00eb shum\u00eb turp q\u00eb nj\u00eb gazet\u00eb ta vazhdoj\u00eb k\u00ebt\u00eb.<\/p>\n<p><strong>Ne jemi munduar t\u00eb jemi t\u00eb paansh\u00ebm n\u00eb pasqyrimin&#8230;<\/strong><\/p>\n<p>Un\u00eb nuk ju njoh fare. Madje avokatja m\u00eb tha q\u00eb kam folur me nj\u00eb gazetar t\u00eb \u201cShekullit\u201d, q\u00eb ishte shum\u00eb i mir\u00eb kuptuesh\u00ebm. Nuk e di tani n\u00ebse ju ishit i mir\u00eb kuptuesh\u00ebm apo tani un\u00eb jam subjektiv&#8230;<\/p>\n<p><strong>Un\u00eb e kam pasqyruar procesin gjyq\u00ebsor dhe e kam ndjekur k\u00ebt\u00eb \u00e7\u00ebshtje. Letrat q\u00eb ne i botuam, jan\u00eb paraqitur si prova n\u00eb seanc\u00eb gjyq\u00ebsore dhe ne, si n\u00eb rastet e tjera, i kemi siguruar dhe kemi vendosur t\u2019i botojm\u00eb, por, n\u00eb asnj\u00eb m\u00ebnyr\u00eb nuk ka patur dashakeq\u00ebsi karshi jush&#8230;<\/strong><\/p>\n<p>M\u00eb falni, ju jeni gazetar i vitit 2012 dhe ju shikoni nj\u00eb shkrimtar t\u00eb njohur q\u00eb i drejtohet p\u00ebr t\u00eb marr\u00eb nj\u00eb dhom\u00eb pune p\u00ebr t\u00eb punuar, q\u00eb \u00ebsht\u00eb gj\u00ebja m\u00eb normale n\u00eb bot\u00eb. Dhe juve nuk ju b\u00ebn asnj\u00eb p\u00ebrshtypje kjo: mor, po si \u00ebsht\u00eb e mundur q\u00eb ky shkrimtar, m\u00eb i lexuar i asaj kohe, paska nevoj\u00eb p\u00ebr nj\u00eb dhom\u00eb, pasi nuk ka ku t\u00eb banoj, e ka nj\u00eb dhom\u00eb 40 metra katror\u00eb, e kupton? Si \u00ebsht\u00eb e mundur, asnjeri nuk e thot\u00eb&#8230; T\u00eb gjith\u00eb thon\u00eb, banon n\u00ebp\u00ebr vila Kadareja, dilte jasht\u00eb, kishte privilegje t\u00eb k\u00ebtilla&#8230; G\u00ebnjeshtra. I sajojn\u00ebish-k\u00eblysh\u00ebt e sigurimit t\u00eb djesh\u00ebm dhe partis\u00eb s\u00eb djeshme. Dhe vazhdojn\u00eb g\u00ebnjejn\u00eb k\u00ebto n\u00eb Shqip\u00ebri. Vet\u00eb kjo duhet t\u2019ju shqet\u00ebsonte si nd\u00ebrgjegje gazetari&#8230; Si \u00ebsht\u00eb e mundur q\u00eb un\u00eb nuk kisha nj\u00eb dhom\u00eb ku t\u00eb punoja, n\u00eb \u201972 isha i botuar n\u00eb 10 vende t\u00eb Europ\u00ebs.<\/p>\n<p><strong>Dor\u00ebshkrimi i romanit, si i ka r\u00ebn\u00eb n\u00eb dor\u00eb znj. Nexhmije Hoxha? N\u00eb k\u00ebrkes\u00eb-padi avokatja juaj nd\u00ebr t\u00eb tjera thot\u00eb \u201cq\u00eb pas k\u00ebrkes\u00ebs s\u00eb znj. Hoxha, z. Kadare ia ka dh\u00ebn\u00eb, pasi ajo ishte e pushtetshme dhe mund t\u2019i shkat\u00ebrronte jet\u00ebn, me nj\u00eb fjal\u00eb nga \u201cfrika dhe presioni\u201d?<\/strong><\/p>\n<p>Nuk \u00ebsht\u00eb e v\u00ebrtet\u00eb. Nuk kam th\u00ebn\u00eb k\u00ebt\u00eb un\u00eb. E ka th\u00ebn\u00eb, \u00ebsht\u00eb th\u00ebn\u00eb gabim. N\u00eb intervist\u00ebn q\u00eb kam dh\u00ebn\u00eb n\u00eb media, un\u00eb kam th\u00ebn\u00eb q\u00eb nuk kam patuar asnj\u00eb presion, e kam dor\u00ebzuar vet\u00eb.<\/p>\n<p><strong>N\u00eb padi shkruhet n\u00eb nj\u00ebfar\u00eb m\u00ebnyre, se ju keni qen\u00eb n\u00eb presion kur \u00ebsht\u00eb dor\u00ebzuar&#8230;<\/strong><\/p>\n<p>\u00cbsht\u00eb th\u00ebn\u00eb gabimisht si\u00e7 duket, k\u00ebshtu mund t\u00eb jet\u00eb formuluar, por, \u00e7\u2019m\u00eb duhet mua.<\/p>\n<p><strong>Si ka p\u00ebrfunduar at\u00ebher\u00eb dor\u00ebshkrimi n\u00eb duart e znj. Nexhmije Hoxha?<\/strong><\/p>\n<p>Jua them un\u00eb. Dor\u00ebshkrimi&#8230; Ajo g\u00ebnjen n\u00eb \u00e7do gj\u00eb. Ka ardhur n\u00eb \u201872 tek un\u00eb n\u00eb sht\u00ebpi. Romani nuk kishte dal\u00eb ende nga shtypi. Sapo e kishte mar\u00eb sht\u00ebpia botuese. Dhe kjo zonj\u00eb ka g\u00ebnjyer, sepse ajo e ka lexuar me siguri bashk\u00eb me burrin e saj dhe bashk\u00eb me k\u00eblysh\u00ebt e tjer\u00eb, kuptoni? Dhe ka ardhur me nj\u00eb q\u00ebllim t\u00eb keq, t\u00eb marr\u00eb dor\u00ebshkrimin. Me shpres\u00eb se nuk do t\u00eb m\u00eb binte m\u00eb n\u00eb dore kurr\u00eb me sa duket. Po t\u00eb njihni Bashkimin Sovjetik dhe Stalinin do e kuptoni k\u00ebt\u00eb gj\u00eb. Ajo ka treguar q\u00eb kudo g\u00ebnjen. P\u00ebr \u00e7do gj\u00eb. Absolutisht. Ka ardhur pra, pa dal\u00eb romani. Dhe e dinte ku ishte dor\u00ebshkrimi im, dinte edhe vendin bile. Me ata spiun\u00ebt e tyre q\u00eb sinjalizojn\u00eb \u00e7do gj\u00eb. Dhe tha ma jepni&#8230; se mos t\u00eb d\u00ebmtohet. Po i thash\u00eb un\u00eb. As m\u00eb b\u00ebri ndonj\u00eb p\u00ebrshtypje t\u00eb keqe me th\u00ebn\u00eb t\u00eb drejt\u00ebn. Ia dhash\u00eb me&#8230;<\/p>\n<p><strong>Q\u00eb nga ajo koh\u00eb nuk keni tentuar m\u00eb ta k\u00ebrkoni?<\/strong><\/p>\n<p>E para kujtova se ishte n\u00eb arkiv. N\u00eb nj\u00eb institucion shtet\u00ebror. \u00c7do shkrimtar \u00ebsht\u00eb i qet\u00eb kur e ka n\u00eb nj\u00eb arkiv shtet\u00ebror vepr\u00ebn. Parvjet e kam marr\u00eb dor\u00ebshkrimin e \u201cP\u00ebrbind\u00ebshit\u201d nga nj\u00eb miku im, Gjergj Vlashi ma ka dh\u00ebn\u00eb. \u201cP\u00ebrbind\u00ebshi\u201d ka qen\u00eb nj\u00eb nga veprat e mia m\u00eb problematike. Pati shum\u00eb ngat\u00ebrresa, u quajt vep\u00ebr anti-partie, nuk e k\u00ebrkova m\u00eb. Ika n\u00eb \u201890 n\u00eb Franc\u00eb kam th\u00ebn\u00eb shyqyr q\u00eb i kam n\u00eb arkiv ca, sepse t\u00eb tjerat i mori policia andej k\u00ebtej u shp\u00ebrndan\u00eb.<\/p>\n<p>Po shyqyr nuk u d\u00ebmtuan, m\u00eb kuptoni apo jo? S\u2019ishte ndonj\u00eb gj\u00eb e keqe pse ishte n\u00eb nj\u00eb arkiv. Krimi i saj \u00ebsht\u00eb q\u00eb e ka marr\u00eb nga arkiva e ka \u00e7uar m\u00ebsht\u00ebpin\u00eb e vet. Dhe nj\u00eb g\u00ebnjesht\u00ebr tjet\u00ebr.. Q\u00eb ia kam dh\u00ebn\u00eb me dhurim. Ku e ka at\u00eb, ku i ka? 5 radh\u00eb, 2 radh\u00eb q\u00eb \u201cia dhuroj p\u00ebr kujtim zonj\u00ebs Hoxha, shoqes Hoxha dor\u00ebshkrimin tim&#8230; Plus pastaj nj\u00eb g\u00ebnjesht\u00ebr e madhe q\u00eb ia kam dhuruar n\u00eb \u201875&#8230; N\u00eb tetor \u201875 un\u00eb isha n\u00eb gjendjen time m\u00eb t\u00eb err\u00ebt p\u00ebr shkak t\u00eb poem\u00ebs \u201cPashallar\u00ebt e kuq\u201d. Ishte tamam n\u00eb at\u00eb koh\u00eb po d\u00ebnohesha nga ajo poem\u00eb\u201d.<\/p>\n<p><strong>Nj\u00eb dit\u00eb pas dit\u00eblindjes s\u00eb Enver Hoxh\u00ebs&#8230;<\/strong><\/p>\n<p>(qesh) Pik\u00ebrisht n\u00eb tetor t\u00eb \u201875 p\u00ebr shkak t\u00eb \u201cPashallar\u00ebve t\u00eb Kuq\u201d&#8230; Dhe t\u00eb guxoja un\u00eb t\u00eb merresha me dhurata? Nuk kisha as t\u00eb drejt\u00ebn ta ta-koja. Absolut. G\u00ebnjeshtra t\u00eb tilla jan\u00eb t\u00eb pafundme nga k\u00ebta q\u00eb kan\u00eb vrar\u00eb njer\u00ebz, i kan\u00eb torturuar, djegur, \u00e7far\u00eb mund t\u00eb pres\u00ebsh prej tyre? Habitem se si shtypi shqiptar nuk i v\u00eb nj\u00eb&#8230; \u00cbsht\u00eb fjala e nj\u00eb njeriu q\u00eb ka p\u00ebrgjegj\u00ebsi t\u00eb r\u00ebnd\u00eb p\u00ebr krimet e m\u00ebdha n\u00eb Shqip\u00ebri, ka p\u00ebrgjegj\u00ebsi num\u00ebr nj\u00eb nga ato t\u00eb gjall\u00ebt q\u00eb jan\u00eb sot.<\/p>\n<p><strong>Te k\u00ebto letrat, po lexoja q\u00eb ju e fal\u00ebnderonit p\u00ebr ndihm\u00ebn me \u201cDimrin&#8230;\u201d Ju ka dh\u00ebn\u00eb ndihm\u00eb?<\/strong><\/p>\n<p>M\u00eb ka dh\u00ebn\u00eb ndihm\u00eb, m\u00eb ka ndihmuar t\u00eb shoh dosjet sekrete. Kjo \u00ebsht\u00eb e v\u00ebrtet\u00eb, \u00e7far\u00eb ka? \u00c7do njeri do ta fal\u00ebnderonte, \u00ebsht\u00eb normale, \u00e7far\u00eb ka k\u00ebtu?<\/p>\n<p><strong>Ajo pretendon se ju ka ndihmuar&#8230;<\/strong><\/p>\n<p>Pun\u00eb e madhe se m\u00eb ka ndihmuar e pastaj&#8230;<\/p>\n<p><strong>Por pretendon q\u00eb pik\u00ebrisht n\u00eb shenj\u00eb mir\u00ebnjohje p\u00ebr k\u00ebt\u00eb ndihm\u00eb ma ka dhuruar dor\u00ebshkrimin e \u201cDimrit\u201d&#8230;<\/strong><\/p>\n<p>Ajo pretendon. Jo un\u00eb ta v\u00ebrtetoj&#8230;<\/p>\n<p><strong>Ajo pretendon k\u00ebt\u00eb thash\u00eb edhe un\u00eb&#8230;<\/strong><\/p>\n<p>Ajo \u00ebsht\u00eb idiote, \u00ebsht\u00eb injorante, nuk kupton q\u00eb nuk ka dhurim dor\u00ebshkrimesh, n\u00eb bot\u00eb nuk ekziston nj\u00eb gj\u00eb e till\u00eb; vet\u00ebm n\u00eb fantazin\u00eb e saj t\u00eb s\u00ebmur\u00eb. Nuk ka dhurim dor\u00ebshkrimesh, asnj\u00eb shkrimtar nuk dhuron dor\u00ebshkrimet. Nuk \u00ebsht\u00eb ky zakon bot\u00ebror, nuk njihet.<\/p>\n<p><strong>Nga Nexhmije Hoxha dhe nga avokati n\u00eb gjyq pretendohet q\u00eb prej vitesh nuk e ka k\u00ebrkuar?<\/strong><\/p>\n<p>Ishte komuniz\u00ebm. Le nj\u00ebher\u00eb q\u00eb nuk jam kujtuar fare. Se nuk ishte problem. Ishte n\u00eb Arkiv. Pun\u00eb e madhe, \u00e7far\u00eb t\u00eb keqe kishte&#8230; Q\u00eb ajo e ka \u00e7uar n\u00eb sht\u00ebpin\u00eb e saj, e kam marr\u00eb vesh pasi ra komunizmi. I jam drejtuar Arkivit t\u00eb Shtetit, i kam pyetur ku \u00ebsht\u00eb Arkivi i Partis\u00eb. \u00cbsht\u00eb tek ne, &#8211; m\u00eb than\u00eb. Do m\u00eb jepni dor\u00ebshkrimin ose ta bisedojm\u00eb si ta b\u00ebjm\u00eb&#8230; Kur papritur pas tre dit\u00ebsh m\u00eb thon\u00eb nuk ekziston dor\u00ebshkrimi, nuk \u00ebsht\u00eb. Pastaj b\u00ebjn\u00eb k\u00ebrkime, del se e ka n\u00eb sht\u00ebpin\u00eb e vet Nexhmije Hoxha. Ju mund t\u00eb pyesni Shaban Sinanin, ish-drejtorin e Arkivit. I jam drejtuar p\u00ebr t\u00eb marr\u00eb dor\u00ebshkrimin nga Arkivi i Shtetit. E \u00e7do me th\u00ebn\u00eb kjo: pse nuk e kam k\u00ebrkuar? E k\u00ebrkova kur m\u2019u desh, \u00e7far\u00eb ka k\u00ebtu&#8230;<\/p>\n<p><strong>N\u00eb gjyq u tha edhe q\u00eb fakti q\u00eb nuk e keni k\u00ebrkuar p\u00ebr kaq shum\u00eb vite me radh\u00eb&#8230;<\/strong><\/p>\n<p>D\u00ebgjo&#8230; \u00cbsht\u00eb shum\u00eb e v\u00ebshtir\u00eb t\u00eb diskutosh n\u00eb mbret\u00ebrin\u00eb e idiot\u00ebve. Kjo \u00ebsht\u00eb logjik\u00eb prej idiot\u00ebsh. Ai \u00ebsht\u00eb dor\u00ebshkrim dhe i takon shkrimtarit. Ajo nuk e v\u00ebrteton dot kurr\u00eb q\u00eb e ka marr\u00eb dhurat\u00eb. Nuk ka asnj\u00eb radh\u00eb, asnj\u00eb dedikim, asnj\u00eb gj\u00eb. \u00cbsht\u00eb vet\u00ebm fjala e saj. Fjala e nj\u00eb krimineleje kund\u00ebr fjal\u00ebs s\u00eb nj\u00eb shkrimtari.<\/p>\n","protected":false},"excerpt":{"rendered":"<p>\u2022Intervist\u00eb telefonike, e b\u00ebr\u00eb m\u00eb 19 shtator 2012 nga redaksia \u201cShekulli\u201d n\u00eb numrin e telefonit fiks t\u00eb familjes s\u00eb shkrimtarit Ismail Kadare n\u00eb Franc\u00eb Bisedoi: Flamur Vezaj, 28.09.2012 Kjo bised\u00eb \u00ebsht\u00eb b\u00ebr\u00eb m\u00eb dat\u00eb 19 shtator 2012, n\u00eb or\u00ebt e mbr\u00ebmjes n\u00eb linj\u00eb telefonike. Nga redaksia e \u201cShekullit\u201d \u00ebsht\u00eb telefonuar banesa e z.Kadare n\u00eb Franc\u00eb. [&hellip;]<\/p>\n","protected":false},"author":1,"featured_media":0,"comment_status":"open","ping_status":"closed","sticky":false,"template":"","format":"standard","meta":{"footnotes":""},"categories":[2,4],"tags":[],"class_list":{"0":"post-5197","1":"post","2":"type-post","3":"status-publish","4":"format-standard","6":"category-artikuj","7":"category-intervista"},"yoast_head":"<!-- This site is optimized with the Yoast SEO plugin v27.4 - https:\/\/yoast.com\/product\/yoast-seo-wordpress\/ -->\n<title>Kadare: Nexhmija g\u00ebnjen, ju po e mbroni - FjALA e LIR\u00cb - Arkivi<\/title>\n<meta name=\"robots\" content=\"index, follow, max-snippet:-1, max-image-preview:large, max-video-preview:-1\" \/>\n<link rel=\"canonical\" href=\"https:\/\/fjala.info\/2009-2015\/kadare-nexhmija-genjen-ju-po-e-mbroni\/\" \/>\n<meta property=\"og:locale\" content=\"sq_AL\" \/>\n<meta property=\"og:type\" content=\"article\" \/>\n<meta property=\"og:title\" content=\"Kadare: Nexhmija g\u00ebnjen, ju po e mbroni - FjALA e LIR\u00cb - Arkivi\" \/>\n<meta property=\"og:description\" content=\"\u2022Intervist\u00eb telefonike, e b\u00ebr\u00eb m\u00eb 19 shtator 2012 nga redaksia \u201cShekulli\u201d n\u00eb numrin e telefonit fiks t\u00eb familjes s\u00eb shkrimtarit Ismail Kadare n\u00eb Franc\u00eb Bisedoi: Flamur Vezaj, 28.09.2012 Kjo bised\u00eb \u00ebsht\u00eb b\u00ebr\u00eb m\u00eb dat\u00eb 19 shtator 2012, n\u00eb or\u00ebt e mbr\u00ebmjes n\u00eb linj\u00eb telefonike. Nga redaksia e \u201cShekullit\u201d \u00ebsht\u00eb telefonuar banesa e z.Kadare n\u00eb Franc\u00eb. [&hellip;]\" \/>\n<meta property=\"og:url\" content=\"https:\/\/fjala.info\/2009-2015\/kadare-nexhmija-genjen-ju-po-e-mbroni\/\" \/>\n<meta property=\"og:site_name\" content=\"FjALA e LIR\u00cb - Arkivi\" \/>\n<meta property=\"article:published_time\" content=\"2012-09-28T08:15:33+00:00\" \/>\n<meta property=\"og:image\" content=\"http:\/\/www.fjala.info\/2012\/ismail_kadare4.jpg\" \/>\n<meta name=\"author\" content=\"admin\" \/>\n<meta name=\"twitter:card\" content=\"summary_large_image\" \/>\n<meta name=\"twitter:label1\" content=\"Written by\" \/>\n\t<meta name=\"twitter:data1\" content=\"admin\" \/>\n\t<meta name=\"twitter:label2\" content=\"Est. reading time\" \/>\n\t<meta name=\"twitter:data2\" content=\"11 minutes\" \/>\n<script type=\"application\/ld+json\" class=\"yoast-schema-graph\">{\"@context\":\"https:\\\/\\\/schema.org\",\"@graph\":[{\"@type\":\"Article\",\"@id\":\"https:\\\/\\\/fjala.info\\\/2009-2015\\\/kadare-nexhmija-genjen-ju-po-e-mbroni\\\/#article\",\"isPartOf\":{\"@id\":\"https:\\\/\\\/fjala.info\\\/2009-2015\\\/kadare-nexhmija-genjen-ju-po-e-mbroni\\\/\"},\"author\":{\"name\":\"admin\",\"@id\":\"https:\\\/\\\/fjala.info\\\/2009-2015\\\/#\\\/schema\\\/person\\\/3aa1163ef05469c496fc94e77611ada2\"},\"headline\":\"Kadare: Nexhmija g\u00ebnjen, ju po e mbroni\",\"datePublished\":\"2012-09-28T08:15:33+00:00\",\"mainEntityOfPage\":{\"@id\":\"https:\\\/\\\/fjala.info\\\/2009-2015\\\/kadare-nexhmija-genjen-ju-po-e-mbroni\\\/\"},\"wordCount\":2172,\"commentCount\":0,\"publisher\":{\"@id\":\"https:\\\/\\\/fjala.info\\\/2009-2015\\\/#organization\"},\"image\":{\"@id\":\"https:\\\/\\\/fjala.info\\\/2009-2015\\\/kadare-nexhmija-genjen-ju-po-e-mbroni\\\/#primaryimage\"},\"thumbnailUrl\":\"http:\\\/\\\/www.fjala.info\\\/2012\\\/ismail_kadare4.jpg\",\"articleSection\":[\"Artikuj\",\"Intervista\"],\"inLanguage\":\"sq-AL\",\"potentialAction\":[{\"@type\":\"CommentAction\",\"name\":\"Comment\",\"target\":[\"https:\\\/\\\/fjala.info\\\/2009-2015\\\/kadare-nexhmija-genjen-ju-po-e-mbroni\\\/#respond\"]}]},{\"@type\":\"WebPage\",\"@id\":\"https:\\\/\\\/fjala.info\\\/2009-2015\\\/kadare-nexhmija-genjen-ju-po-e-mbroni\\\/\",\"url\":\"https:\\\/\\\/fjala.info\\\/2009-2015\\\/kadare-nexhmija-genjen-ju-po-e-mbroni\\\/\",\"name\":\"Kadare: Nexhmija g\u00ebnjen, ju po e mbroni - FjALA e LIR\u00cb - Arkivi\",\"isPartOf\":{\"@id\":\"https:\\\/\\\/fjala.info\\\/2009-2015\\\/#website\"},\"primaryImageOfPage\":{\"@id\":\"https:\\\/\\\/fjala.info\\\/2009-2015\\\/kadare-nexhmija-genjen-ju-po-e-mbroni\\\/#primaryimage\"},\"image\":{\"@id\":\"https:\\\/\\\/fjala.info\\\/2009-2015\\\/kadare-nexhmija-genjen-ju-po-e-mbroni\\\/#primaryimage\"},\"thumbnailUrl\":\"http:\\\/\\\/www.fjala.info\\\/2012\\\/ismail_kadare4.jpg\",\"datePublished\":\"2012-09-28T08:15:33+00:00\",\"breadcrumb\":{\"@id\":\"https:\\\/\\\/fjala.info\\\/2009-2015\\\/kadare-nexhmija-genjen-ju-po-e-mbroni\\\/#breadcrumb\"},\"inLanguage\":\"sq-AL\",\"potentialAction\":[{\"@type\":\"ReadAction\",\"target\":[\"https:\\\/\\\/fjala.info\\\/2009-2015\\\/kadare-nexhmija-genjen-ju-po-e-mbroni\\\/\"]}]},{\"@type\":\"ImageObject\",\"inLanguage\":\"sq-AL\",\"@id\":\"https:\\\/\\\/fjala.info\\\/2009-2015\\\/kadare-nexhmija-genjen-ju-po-e-mbroni\\\/#primaryimage\",\"url\":\"http:\\\/\\\/www.fjala.info\\\/2012\\\/ismail_kadare4.jpg\",\"contentUrl\":\"http:\\\/\\\/www.fjala.info\\\/2012\\\/ismail_kadare4.jpg\"},{\"@type\":\"BreadcrumbList\",\"@id\":\"https:\\\/\\\/fjala.info\\\/2009-2015\\\/kadare-nexhmija-genjen-ju-po-e-mbroni\\\/#breadcrumb\",\"itemListElement\":[{\"@type\":\"ListItem\",\"position\":1,\"name\":\"Home\",\"item\":\"https:\\\/\\\/fjala.info\\\/2009-2015\\\/\"},{\"@type\":\"ListItem\",\"position\":2,\"name\":\"Kadare: Nexhmija g\u00ebnjen, ju po e mbroni\"}]},{\"@type\":\"WebSite\",\"@id\":\"https:\\\/\\\/fjala.info\\\/2009-2015\\\/#website\",\"url\":\"https:\\\/\\\/fjala.info\\\/2009-2015\\\/\",\"name\":\"FjALA e LIR\u00cb - Arkivi\",\"description\":\"Arkivi 2009-2015\",\"publisher\":{\"@id\":\"https:\\\/\\\/fjala.info\\\/2009-2015\\\/#organization\"},\"potentialAction\":[{\"@type\":\"SearchAction\",\"target\":{\"@type\":\"EntryPoint\",\"urlTemplate\":\"https:\\\/\\\/fjala.info\\\/2009-2015\\\/?s={search_term_string}\"},\"query-input\":{\"@type\":\"PropertyValueSpecification\",\"valueRequired\":true,\"valueName\":\"search_term_string\"}}],\"inLanguage\":\"sq-AL\"},{\"@type\":\"Organization\",\"@id\":\"https:\\\/\\\/fjala.info\\\/2009-2015\\\/#organization\",\"name\":\"FjALA e LIR\u00cb - Arkivi\",\"url\":\"https:\\\/\\\/fjala.info\\\/2009-2015\\\/\",\"logo\":{\"@type\":\"ImageObject\",\"inLanguage\":\"sq-AL\",\"@id\":\"https:\\\/\\\/fjala.info\\\/2009-2015\\\/#\\\/schema\\\/logo\\\/image\\\/\",\"url\":\"\",\"contentUrl\":\"\",\"caption\":\"FjALA e LIR\u00cb - Arkivi\"},\"image\":{\"@id\":\"https:\\\/\\\/fjala.info\\\/2009-2015\\\/#\\\/schema\\\/logo\\\/image\\\/\"}},{\"@type\":\"Person\",\"@id\":\"https:\\\/\\\/fjala.info\\\/2009-2015\\\/#\\\/schema\\\/person\\\/3aa1163ef05469c496fc94e77611ada2\",\"name\":\"admin\",\"image\":{\"@type\":\"ImageObject\",\"inLanguage\":\"sq-AL\",\"@id\":\"https:\\\/\\\/fjala.info\\\/2009-2015\\\/wp-content\\\/uploads\\\/2012\\\/02\\\/arben_cokaj-120x150.jpg\",\"url\":\"https:\\\/\\\/fjala.info\\\/2009-2015\\\/wp-content\\\/uploads\\\/2012\\\/02\\\/arben_cokaj-120x150.jpg\",\"contentUrl\":\"https:\\\/\\\/fjala.info\\\/2009-2015\\\/wp-content\\\/uploads\\\/2012\\\/02\\\/arben_cokaj-120x150.jpg\",\"caption\":\"admin\"},\"description\":\"Admin, Fjala e Lir\u00eb\",\"sameAs\":[\"https:\\\/\\\/fjala.info\\\/\"],\"url\":\"https:\\\/\\\/fjala.info\\\/2009-2015\\\/author\\\/admin\\\/\"}]}<\/script>\n<!-- \/ Yoast SEO plugin. -->","yoast_head_json":{"title":"Kadare: Nexhmija g\u00ebnjen, ju po e mbroni - FjALA e LIR\u00cb - Arkivi","robots":{"index":"index","follow":"follow","max-snippet":"max-snippet:-1","max-image-preview":"max-image-preview:large","max-video-preview":"max-video-preview:-1"},"canonical":"https:\/\/fjala.info\/2009-2015\/kadare-nexhmija-genjen-ju-po-e-mbroni\/","og_locale":"sq_AL","og_type":"article","og_title":"Kadare: Nexhmija g\u00ebnjen, ju po e mbroni - FjALA e LIR\u00cb - Arkivi","og_description":"\u2022Intervist\u00eb telefonike, e b\u00ebr\u00eb m\u00eb 19 shtator 2012 nga redaksia \u201cShekulli\u201d n\u00eb numrin e telefonit fiks t\u00eb familjes s\u00eb shkrimtarit Ismail Kadare n\u00eb Franc\u00eb Bisedoi: Flamur Vezaj, 28.09.2012 Kjo bised\u00eb \u00ebsht\u00eb b\u00ebr\u00eb m\u00eb dat\u00eb 19 shtator 2012, n\u00eb or\u00ebt e mbr\u00ebmjes n\u00eb linj\u00eb telefonike. Nga redaksia e \u201cShekullit\u201d \u00ebsht\u00eb telefonuar banesa e z.Kadare n\u00eb Franc\u00eb. [&hellip;]","og_url":"https:\/\/fjala.info\/2009-2015\/kadare-nexhmija-genjen-ju-po-e-mbroni\/","og_site_name":"FjALA e LIR\u00cb - Arkivi","article_published_time":"2012-09-28T08:15:33+00:00","og_image":[{"url":"http:\/\/www.fjala.info\/2012\/ismail_kadare4.jpg","type":"","width":"","height":""}],"author":"admin","twitter_card":"summary_large_image","twitter_misc":{"Written by":"admin","Est. reading time":"11 minutes"},"schema":{"@context":"https:\/\/schema.org","@graph":[{"@type":"Article","@id":"https:\/\/fjala.info\/2009-2015\/kadare-nexhmija-genjen-ju-po-e-mbroni\/#article","isPartOf":{"@id":"https:\/\/fjala.info\/2009-2015\/kadare-nexhmija-genjen-ju-po-e-mbroni\/"},"author":{"name":"admin","@id":"https:\/\/fjala.info\/2009-2015\/#\/schema\/person\/3aa1163ef05469c496fc94e77611ada2"},"headline":"Kadare: Nexhmija g\u00ebnjen, ju po e mbroni","datePublished":"2012-09-28T08:15:33+00:00","mainEntityOfPage":{"@id":"https:\/\/fjala.info\/2009-2015\/kadare-nexhmija-genjen-ju-po-e-mbroni\/"},"wordCount":2172,"commentCount":0,"publisher":{"@id":"https:\/\/fjala.info\/2009-2015\/#organization"},"image":{"@id":"https:\/\/fjala.info\/2009-2015\/kadare-nexhmija-genjen-ju-po-e-mbroni\/#primaryimage"},"thumbnailUrl":"http:\/\/www.fjala.info\/2012\/ismail_kadare4.jpg","articleSection":["Artikuj","Intervista"],"inLanguage":"sq-AL","potentialAction":[{"@type":"CommentAction","name":"Comment","target":["https:\/\/fjala.info\/2009-2015\/kadare-nexhmija-genjen-ju-po-e-mbroni\/#respond"]}]},{"@type":"WebPage","@id":"https:\/\/fjala.info\/2009-2015\/kadare-nexhmija-genjen-ju-po-e-mbroni\/","url":"https:\/\/fjala.info\/2009-2015\/kadare-nexhmija-genjen-ju-po-e-mbroni\/","name":"Kadare: Nexhmija g\u00ebnjen, ju po e mbroni - FjALA e LIR\u00cb - Arkivi","isPartOf":{"@id":"https:\/\/fjala.info\/2009-2015\/#website"},"primaryImageOfPage":{"@id":"https:\/\/fjala.info\/2009-2015\/kadare-nexhmija-genjen-ju-po-e-mbroni\/#primaryimage"},"image":{"@id":"https:\/\/fjala.info\/2009-2015\/kadare-nexhmija-genjen-ju-po-e-mbroni\/#primaryimage"},"thumbnailUrl":"http:\/\/www.fjala.info\/2012\/ismail_kadare4.jpg","datePublished":"2012-09-28T08:15:33+00:00","breadcrumb":{"@id":"https:\/\/fjala.info\/2009-2015\/kadare-nexhmija-genjen-ju-po-e-mbroni\/#breadcrumb"},"inLanguage":"sq-AL","potentialAction":[{"@type":"ReadAction","target":["https:\/\/fjala.info\/2009-2015\/kadare-nexhmija-genjen-ju-po-e-mbroni\/"]}]},{"@type":"ImageObject","inLanguage":"sq-AL","@id":"https:\/\/fjala.info\/2009-2015\/kadare-nexhmija-genjen-ju-po-e-mbroni\/#primaryimage","url":"http:\/\/www.fjala.info\/2012\/ismail_kadare4.jpg","contentUrl":"http:\/\/www.fjala.info\/2012\/ismail_kadare4.jpg"},{"@type":"BreadcrumbList","@id":"https:\/\/fjala.info\/2009-2015\/kadare-nexhmija-genjen-ju-po-e-mbroni\/#breadcrumb","itemListElement":[{"@type":"ListItem","position":1,"name":"Home","item":"https:\/\/fjala.info\/2009-2015\/"},{"@type":"ListItem","position":2,"name":"Kadare: Nexhmija g\u00ebnjen, ju po e mbroni"}]},{"@type":"WebSite","@id":"https:\/\/fjala.info\/2009-2015\/#website","url":"https:\/\/fjala.info\/2009-2015\/","name":"FjALA e LIR\u00cb - Arkivi","description":"Arkivi 2009-2015","publisher":{"@id":"https:\/\/fjala.info\/2009-2015\/#organization"},"potentialAction":[{"@type":"SearchAction","target":{"@type":"EntryPoint","urlTemplate":"https:\/\/fjala.info\/2009-2015\/?s={search_term_string}"},"query-input":{"@type":"PropertyValueSpecification","valueRequired":true,"valueName":"search_term_string"}}],"inLanguage":"sq-AL"},{"@type":"Organization","@id":"https:\/\/fjala.info\/2009-2015\/#organization","name":"FjALA e LIR\u00cb - Arkivi","url":"https:\/\/fjala.info\/2009-2015\/","logo":{"@type":"ImageObject","inLanguage":"sq-AL","@id":"https:\/\/fjala.info\/2009-2015\/#\/schema\/logo\/image\/","url":"","contentUrl":"","caption":"FjALA e LIR\u00cb - Arkivi"},"image":{"@id":"https:\/\/fjala.info\/2009-2015\/#\/schema\/logo\/image\/"}},{"@type":"Person","@id":"https:\/\/fjala.info\/2009-2015\/#\/schema\/person\/3aa1163ef05469c496fc94e77611ada2","name":"admin","image":{"@type":"ImageObject","inLanguage":"sq-AL","@id":"https:\/\/fjala.info\/2009-2015\/wp-content\/uploads\/2012\/02\/arben_cokaj-120x150.jpg","url":"https:\/\/fjala.info\/2009-2015\/wp-content\/uploads\/2012\/02\/arben_cokaj-120x150.jpg","contentUrl":"https:\/\/fjala.info\/2009-2015\/wp-content\/uploads\/2012\/02\/arben_cokaj-120x150.jpg","caption":"admin"},"description":"Admin, Fjala e Lir\u00eb","sameAs":["https:\/\/fjala.info\/"],"url":"https:\/\/fjala.info\/2009-2015\/author\/admin\/"}]}},"_links":{"self":[{"href":"https:\/\/fjala.info\/2009-2015\/wp-json\/wp\/v2\/posts\/5197","targetHints":{"allow":["GET"]}}],"collection":[{"href":"https:\/\/fjala.info\/2009-2015\/wp-json\/wp\/v2\/posts"}],"about":[{"href":"https:\/\/fjala.info\/2009-2015\/wp-json\/wp\/v2\/types\/post"}],"author":[{"embeddable":true,"href":"https:\/\/fjala.info\/2009-2015\/wp-json\/wp\/v2\/users\/1"}],"replies":[{"embeddable":true,"href":"https:\/\/fjala.info\/2009-2015\/wp-json\/wp\/v2\/comments?post=5197"}],"version-history":[{"count":0,"href":"https:\/\/fjala.info\/2009-2015\/wp-json\/wp\/v2\/posts\/5197\/revisions"}],"wp:attachment":[{"href":"https:\/\/fjala.info\/2009-2015\/wp-json\/wp\/v2\/media?parent=5197"}],"wp:term":[{"taxonomy":"category","embeddable":true,"href":"https:\/\/fjala.info\/2009-2015\/wp-json\/wp\/v2\/categories?post=5197"},{"taxonomy":"post_tag","embeddable":true,"href":"https:\/\/fjala.info\/2009-2015\/wp-json\/wp\/v2\/tags?post=5197"}],"curies":[{"name":"wp","href":"https:\/\/api.w.org\/{rel}","templated":true}]}}