{"id":5193,"date":"2010-12-09T12:11:58","date_gmt":"2010-12-09T11:11:58","guid":{"rendered":"http:\/\/fjala.shkoder.net\/?p=5193"},"modified":"2010-12-09T12:11:58","modified_gmt":"2010-12-09T11:11:58","slug":"eduard-selami-ose-krijimi-i-idhujve-te-paqene","status":"publish","type":"post","link":"https:\/\/fjala.info\/2009-2015\/eduard-selami-ose-krijimi-i-idhujve-te-paqene\/","title":{"rendered":"Eduard Selami, ose krijimi i idhujve te paqene"},"content":{"rendered":"<p><img loading=\"lazy\" decoding=\"async\" class=\"alignleft size-medium wp-image-5194\" title=\"Presidenti Topi dhe Eduard Selami\" src=\"http:\/\/fjala.shkoder.net\/wp-content\/uploads\/2010\/12\/topi_selami-300x197.jpg\" alt=\"\" width=\"300\" height=\"197\" \/><br \/>\nNga <strong>Alban Daci<\/strong>, <em>9.12.2010<\/em><\/p>\n<p>K\u00ebto dit\u00eb u p\u00ebrkujtua, &#8220;Dita e Demokracis\u00eb&#8221;, por pa heronjt\u00eb q\u00eb pik\u00ebrisht n\u00eb at\u00eb koh\u00ebn ishin n\u00eb vij\u00ebn e par\u00eb t\u00eb betej\u00ebs mes t\u00eb mir\u00ebs dhe t\u00eb keqes, mes t\u00eb ardhmes dhe t\u00eb kaluar\u00ebs, mes shpres\u00ebs dhe zhg\u00ebnjimit, guximit dhe frik\u00ebs.<\/p>\n<p>Dje, ishte, dita q\u00eb i dedikohet &#8220;L\u00ebvizjes Studentore&#8221;, t\u00eb viteve 90-t\u00eb, kur student\u00ebt me dy gishtat lart u b\u00ebn\u00eb avangarda p\u00ebr demokraci dhe luftuan q\u00eb Shqip\u00ebria, m\u00eb n\u00eb fund, t\u00eb b\u00ebhej evropiane, duke iu bashk\u00ebngjitur familjes s\u00eb demokracive per\u00ebndimore.<\/p>\n<p>Kjo dit\u00eb, me t\u00eb v\u00ebrtet\u00eb, jan\u00eb nj\u00eb simbol p\u00ebr t\u00eb gjith\u00eb shqiptar\u00ebt, sepse sh\u00ebnon r\u00ebnien e regjimit komunist dhe fillimin e nj\u00eb shprese t\u00eb madhe, e cila ishte g\u00ebzimi i lirive individuale dhe kolektive me an\u00eb t\u00eb nj\u00eb forme demokratike qeverisje.<\/p>\n<p>Po t\u00eb b\u00ebjm\u00eb pak histori, Evropa moderne u nd\u00ebrtua dhe u krijua pik\u00ebrisht nga l\u00ebvizjet rinore dhe studentore. Ishin pik\u00ebrisht t\u00eb rinjt\u00eb, q\u00eb n\u00eb fillim t\u00eb viteve &#8217;60 deri n\u00eb fillim t\u00eb viteve &#8217;70, luftuan p\u00ebr m\u00eb shum\u00eb t\u00eb drejta, p\u00ebr nj\u00eb sistem m\u00eb t\u00eb mir\u00eb universitar, p\u00ebr nj\u00eb pun\u00eb m\u00eb t\u00eb sigurt, kund\u00ebr diskriminimit t\u00eb grave etj .<\/p>\n<p>Edhe pse n\u00eb Shqip\u00ebri nuk u krijua kurr\u00eb para viteve &#8217;90 nj\u00eb l\u00ebvizje studentore p\u00ebr t\u00eb kontribuar n\u00eb ndryshimet e m\u00ebdha shoq\u00ebrore n\u00eb drejtim t\u00eb nj\u00eb regjimi demokratik qeverisje, n\u00eb bot\u00eb mund t\u00eb themi, se n\u00eb vitin 68-t\u00eb, u krijuan l\u00ebvizje studentore p\u00ebr her\u00eb t\u00eb para t\u00eb nivelit bot\u00ebror.<\/p>\n<p>T\u00eb gjitha k\u00ebto l\u00ebvizje t\u00eb karakterit shoq\u00ebror, p\u00ebr ndryshime politike, ekonomike dhe sociale, ishin t\u00eb mbushura me t\u00eb rinjt\u00eb, t\u00eb cilit nuk i besonin m\u00eb t\u00eb tashmes (aktuales) dhe ishin t\u00eb inspiruar p\u00ebr nj\u00eb t\u00eb ardhme t\u00eb ndryshme nga ajo q\u00eb imagjinonin shumica tjet\u00ebr e popullsis\u00eb e p\u00ebrb\u00ebr\u00eb nga t\u00eb &#8220;vjetrit&#8221;.<\/p>\n<p>Edhe pse theksuam, se para viteve 90-t\u00eb n\u00eb Shqip\u00ebri, nuk ka pasur asnj\u00eb lloj l\u00ebvizje popullore masive (qoft\u00eb edhe studentore) q\u00eb t\u00eb b\u00ebnte k\u00ebrkesa politike, p\u00ebr t\u00eb kaluar nga nj\u00eb regjim autoritar, si ai enverist, n\u00eb nj\u00eb regjim demokratik t\u00eb ngjash\u00ebm me demokracit\u00eb e tjera per\u00ebndimore, nuk do t\u00eb thot\u00eb se n\u00eb Shqip\u00ebri nuk ka pasur njer\u00ebz q\u00eb kan\u00eb dh\u00ebn\u00eb edhe jet\u00ebn, sepse dol\u00ebn hapur n\u00eb oponenc\u00eb kund\u00ebr regjimit.<\/p>\n<p>Megjithat\u00eb, edhe student\u00ebt shqiptar\u00eb, t\u00eb ndihmuar edhe nga faktor\u00ebt e jasht\u00ebm, nga fakti, se: &#8220;Muri i Berlinit&#8221; kishte r\u00ebn\u00eb, regjimi i komunist i Rumanis\u00eb kishte r\u00ebn\u00eb bashk\u00eb me eliminim fizik t\u00eb liderit komunist, u ngrit\u00ebn dhe filluan t\u00eb brohorasin &#8220;Liri demokraci&#8221;. Heronjt\u00eb m\u00eb kryesor\u00eb t\u00eb k\u00ebsaj l\u00ebvizje, ishin Arben Broci dhe Azem Hajdari. I pari e humbi jet\u00ebn drejtp\u00ebrdrejt n\u00eb betej\u00ebn e par\u00eb p\u00ebr demokraci, i dyti e humbi m\u00eb von\u00eb n\u00eb rrethana t\u00eb paqarta, por me t\u00eb nj\u00ebjtin ideal, duke luftuar p\u00ebr demokracin\u00eb.<\/p>\n<p>Sot, pas 20 vitesh, ajo q\u00eb bie n\u00eb sy, \u00ebsht\u00eb fakti, se demokracia shqiptare, vazhdon t\u00eb lundroj\u00eb n\u00eb uj\u00ebrat e trazuara me tirani. Demokracia shqiptare akoma nuk \u00ebsht\u00eb ajo p\u00ebr t\u00eb cil\u00ebn luftuan jo vet\u00ebn t\u00eb rinjt\u00eb, por i gjith\u00eb populli shqiptare n\u00eb fillimin e viteve &#8217;90, pas nj\u00eb ferri t\u00eb v\u00ebrtet\u00eb 50-vje\u00e7ar. Edhe pse kan\u00eb kaluar plot\u00eb 20-vjet, Shqip\u00ebria, \u00ebsht\u00eb shum\u00eb larg p\u00ebrsa i p\u00ebrket m\u00ebnyr\u00eb s\u00eb t\u00eb menduar dhe t\u00eb vepruarit.<\/p>\n<p>N\u00eb Shqip\u00ebri, edhe sot pas 20 vitesh, pun\u00ebtori nuk g\u00ebzon akoma asnj\u00eb t\u00eb drejt\u00eb. Akoma, n\u00eb Shqip\u00ebri, kemi nj\u00eb informalitet t\u00eb madh pun\u00ebsimi, n\u00eb t\u00eb gjitha nivelet dhe standardet. P\u00ebr fat t\u00eb keq sot, raporti mes pun\u00ebtorit dhe pun\u00ebdh\u00ebn\u00ebsit \u00ebsht\u00eb sikur t\u00eb ishte mes pronarit dhe skllavit (rendi skllav-pronar).<\/p>\n<p>Megjithat\u00eb, le t&#8217;i kthehemi pyetjes q\u00eb \u00ebsht\u00eb n\u00eb t\u00eb nj\u00ebjt\u00ebn koh\u00eb edhe titulli i k\u00ebtij punimi. Dje u transmetua nga disa kanale televizive, momenti kur Eduard Selami po ngjiste shkall\u00ebt e Pallatit t\u00eb Brigadave dhe q\u00eb z. Topi i doli para p\u00ebr ta prit\u00eb dhe kamerat ishin n\u00eb gatishm\u00ebri p\u00ebr t\u00eb filmuar k\u00ebt\u00eb &#8220;eveniment&#8221;. Pra, takimi mes Eduard Selamit dhe Presidentit ishte nj\u00eb takim i form\u00ebs zyrtare. Lind pyetja, \u00e7far\u00eb zyrtariteti p\u00ebrfaq\u00ebson sot z. Selami, q\u00eb t&#8217;i rezervohet nj\u00eb takim i till\u00eb nga Presidenti i Republik\u00ebs? Ai nuk p\u00ebrfaq\u00ebson ask\u00ebnd, ai \u00ebsht\u00eb nj\u00eb qytetar i thjesht\u00eb, si t\u00eb gjith\u00eb t\u00eb tjer\u00ebt.<\/p>\n<p>Gjithashtu, po dje, n\u00eb dark\u00eb, z. Selami ishte i ftuar n\u00eb nj\u00eb emision televiziv, i cili foli p\u00ebr demokracin\u00eb dhe p\u00ebr &#8220;L\u00ebvizjen e Dhjetorit&#8221;. Thua, vall\u00eb, se vet\u00ebm z. Selami e din\u00eb dhe e njeh\u00eb demokracin\u00eb dhe \u00e7do gj\u00eb q\u00eb thot\u00eb ai \u00ebsht\u00eb e shenjt\u00eb. T\u00eb gjitha ata q\u00eb tha Selami, jan\u00eb gj\u00ebra q\u00eb, tashm\u00eb, t\u00eb gjith\u00eb shqiptar\u00ebt i din\u00eb. Ajo q\u00eb nuk din\u00eb, ndoshta, aktualisht shqiptar\u00ebt, \u00ebsht\u00eb fakti se si t&#8217;i konkretizojn\u00eb t\u00eb gjith\u00eb ato ide t\u00eb q\u00eb ju vijn\u00eb rrotull mbi kok\u00eb.<\/p>\n<p>N\u00eb Shqip\u00ebri, jan\u00eb disa qarqe q\u00eb p\u00ebr interesa politike, q\u00eb mundohen t\u00eb krijojn\u00eb idhuj t\u00eb paqen\u00eb. Nj\u00eb nd\u00ebr k\u00ebto idhuj t\u00eb paqen\u00eb \u00ebsht\u00eb edhe vet\u00eb z. Selami. Nga k\u00ebto qarqe po p\u00ebrpiqet t\u00eb krijohet nj\u00eb atmosfer\u00eb publike, se demokracin\u00eb e di vet\u00ebm Selami, se at\u00eb din\u00eb ta realizoj\u00eb si duhet vet\u00ebm ai dhe se pa t\u00eb ky vend nuk do t\u00eb b\u00ebhet. Jam i sigurt, se shoq\u00ebria jon\u00eb gjat\u00eb k\u00ebtyre 20 viteve tranzicion ka prodhuar Selam\u00eb t\u00eb tjer\u00eb, madje edhe m\u00eb t\u00eb p\u00ebrkushtuar se ai, q\u00eb i ktheu shpin\u00ebn vendit t\u00eb tij, pik\u00ebrisht kur ai kishte aq shum\u00eb nevoj\u00eb p\u00ebr t\u00eb gjith\u00eb, q\u00eb jan\u00eb n\u00eb gjendje t&#8217;i drejtojn\u00eb proceset demokratike n\u00eb kahun dhe koh\u00ebn e duhur.<\/p>\n<p>N\u00eb Shqip\u00ebrin\u00eb aktuale, ka plot\u00eb t\u00eb rinj energjik\u00eb t\u00eb mir\u00eb shkolluar edhe n\u00eb per\u00ebndim q\u00eb jo vet\u00ebm jan\u00eb n\u00eb gjendje t\u00eb marrin n\u00eb dor\u00eb fatin e vendi, por edhe ta \u00e7ojn\u00eb at\u00eb drejt progresit ekonomik dhe politik. Megjithat\u00eb, ajo q\u00eb \u00ebsht\u00eb themelore, q\u00eb ju mungon k\u00ebtyre t\u00eb rinjve p\u00ebr ta nd\u00ebrmarr nj\u00eb vendim t\u00eb till\u00eb \u00ebsht\u00eb pik\u00ebrisht guximi.<\/p>\n<p>Edhe pse kan\u00eb kaluar dy dekada q\u00eb nga ajo l\u00ebvizje studentore, jam p\u00ebrs\u00ebri i mendimit, se vet\u00ebm t\u00eb rinjt\u00eb dhe qytetar\u00ebt mund ta kristalizojn\u00eb demokracin\u00eb ton\u00eb q\u00eb vazhdon t\u00eb jet\u00eb e brisht\u00eb. Sot, ashtu si shum\u00eb vite m\u00eb par\u00eb, duhet q\u00eb pik\u00ebrisht t\u00eb rinj, student\u00ebt t\u00eb fillojn\u00eb t\u00eb zgjohen dhe t\u00eb b\u00ebhen t\u00eb vet\u00ebdijsh\u00ebm p\u00ebr ta b\u00ebr\u00eb Shqip\u00ebrin\u00eb evropiane.<\/p>\n","protected":false},"excerpt":{"rendered":"<p>Nga Alban Daci, 9.12.2010 K\u00ebto dit\u00eb u p\u00ebrkujtua, &#8220;Dita e Demokracis\u00eb&#8221;, por pa heronjt\u00eb q\u00eb pik\u00ebrisht n\u00eb at\u00eb koh\u00ebn ishin n\u00eb vij\u00ebn e par\u00eb t\u00eb betej\u00ebs mes t\u00eb mir\u00ebs dhe t\u00eb keqes, mes t\u00eb ardhmes dhe t\u00eb kaluar\u00ebs, mes shpres\u00ebs dhe zhg\u00ebnjimit, guximit dhe frik\u00ebs. Dje, ishte, dita q\u00eb i dedikohet &#8220;L\u00ebvizjes Studentore&#8221;, t\u00eb viteve [&hellip;]<\/p>\n","protected":false},"author":1,"featured_media":0,"comment_status":"open","ping_status":"closed","sticky":false,"template":"","format":"standard","meta":{"footnotes":""},"categories":[2],"tags":[],"class_list":{"0":"post-5193","1":"post","2":"type-post","3":"status-publish","4":"format-standard","6":"category-artikuj"},"yoast_head":"<!-- This site is optimized with the Yoast SEO plugin v27.4 - https:\/\/yoast.com\/product\/yoast-seo-wordpress\/ -->\n<title>Eduard Selami, ose krijimi i idhujve te paqene - FjALA e LIR\u00cb - Arkivi<\/title>\n<meta name=\"robots\" content=\"index, follow, max-snippet:-1, max-image-preview:large, max-video-preview:-1\" \/>\n<link rel=\"canonical\" href=\"https:\/\/fjala.info\/2009-2015\/eduard-selami-ose-krijimi-i-idhujve-te-paqene\/\" \/>\n<meta property=\"og:locale\" content=\"sq_AL\" \/>\n<meta property=\"og:type\" content=\"article\" \/>\n<meta property=\"og:title\" content=\"Eduard Selami, ose krijimi i idhujve te paqene - FjALA e LIR\u00cb - Arkivi\" \/>\n<meta property=\"og:description\" content=\"Nga Alban Daci, 9.12.2010 K\u00ebto dit\u00eb u p\u00ebrkujtua, &#8220;Dita e Demokracis\u00eb&#8221;, por pa heronjt\u00eb q\u00eb pik\u00ebrisht n\u00eb at\u00eb koh\u00ebn ishin n\u00eb vij\u00ebn e par\u00eb t\u00eb betej\u00ebs mes t\u00eb mir\u00ebs dhe t\u00eb keqes, mes t\u00eb ardhmes dhe t\u00eb kaluar\u00ebs, mes shpres\u00ebs dhe zhg\u00ebnjimit, guximit dhe frik\u00ebs. Dje, ishte, dita q\u00eb i dedikohet &#8220;L\u00ebvizjes Studentore&#8221;, t\u00eb viteve [&hellip;]\" \/>\n<meta property=\"og:url\" content=\"https:\/\/fjala.info\/2009-2015\/eduard-selami-ose-krijimi-i-idhujve-te-paqene\/\" \/>\n<meta property=\"og:site_name\" content=\"FjALA e LIR\u00cb - Arkivi\" \/>\n<meta property=\"article:published_time\" content=\"2010-12-09T11:11:58+00:00\" \/>\n<meta property=\"og:image\" content=\"http:\/\/fjala.shkoder.net\/wp-content\/uploads\/2010\/12\/topi_selami-300x197.jpg\" \/>\n<meta name=\"author\" content=\"admin\" \/>\n<meta name=\"twitter:card\" content=\"summary_large_image\" \/>\n<meta name=\"twitter:label1\" content=\"Written by\" \/>\n\t<meta name=\"twitter:data1\" content=\"admin\" \/>\n\t<meta name=\"twitter:label2\" content=\"Est. reading time\" \/>\n\t<meta name=\"twitter:data2\" content=\"6 minutes\" \/>\n<script type=\"application\/ld+json\" class=\"yoast-schema-graph\">{\"@context\":\"https:\\\/\\\/schema.org\",\"@graph\":[{\"@type\":\"Article\",\"@id\":\"https:\\\/\\\/fjala.info\\\/2009-2015\\\/eduard-selami-ose-krijimi-i-idhujve-te-paqene\\\/#article\",\"isPartOf\":{\"@id\":\"https:\\\/\\\/fjala.info\\\/2009-2015\\\/eduard-selami-ose-krijimi-i-idhujve-te-paqene\\\/\"},\"author\":{\"name\":\"admin\",\"@id\":\"https:\\\/\\\/fjala.info\\\/2009-2015\\\/#\\\/schema\\\/person\\\/3aa1163ef05469c496fc94e77611ada2\"},\"headline\":\"Eduard Selami, ose krijimi i idhujve te paqene\",\"datePublished\":\"2010-12-09T11:11:58+00:00\",\"mainEntityOfPage\":{\"@id\":\"https:\\\/\\\/fjala.info\\\/2009-2015\\\/eduard-selami-ose-krijimi-i-idhujve-te-paqene\\\/\"},\"wordCount\":1136,\"commentCount\":0,\"publisher\":{\"@id\":\"https:\\\/\\\/fjala.info\\\/2009-2015\\\/#organization\"},\"image\":{\"@id\":\"https:\\\/\\\/fjala.info\\\/2009-2015\\\/eduard-selami-ose-krijimi-i-idhujve-te-paqene\\\/#primaryimage\"},\"thumbnailUrl\":\"http:\\\/\\\/fjala.shkoder.net\\\/wp-content\\\/uploads\\\/2010\\\/12\\\/topi_selami-300x197.jpg\",\"articleSection\":[\"Artikuj\"],\"inLanguage\":\"sq-AL\",\"potentialAction\":[{\"@type\":\"CommentAction\",\"name\":\"Comment\",\"target\":[\"https:\\\/\\\/fjala.info\\\/2009-2015\\\/eduard-selami-ose-krijimi-i-idhujve-te-paqene\\\/#respond\"]}]},{\"@type\":\"WebPage\",\"@id\":\"https:\\\/\\\/fjala.info\\\/2009-2015\\\/eduard-selami-ose-krijimi-i-idhujve-te-paqene\\\/\",\"url\":\"https:\\\/\\\/fjala.info\\\/2009-2015\\\/eduard-selami-ose-krijimi-i-idhujve-te-paqene\\\/\",\"name\":\"Eduard Selami, ose krijimi i idhujve te paqene - FjALA e LIR\u00cb - Arkivi\",\"isPartOf\":{\"@id\":\"https:\\\/\\\/fjala.info\\\/2009-2015\\\/#website\"},\"primaryImageOfPage\":{\"@id\":\"https:\\\/\\\/fjala.info\\\/2009-2015\\\/eduard-selami-ose-krijimi-i-idhujve-te-paqene\\\/#primaryimage\"},\"image\":{\"@id\":\"https:\\\/\\\/fjala.info\\\/2009-2015\\\/eduard-selami-ose-krijimi-i-idhujve-te-paqene\\\/#primaryimage\"},\"thumbnailUrl\":\"http:\\\/\\\/fjala.shkoder.net\\\/wp-content\\\/uploads\\\/2010\\\/12\\\/topi_selami-300x197.jpg\",\"datePublished\":\"2010-12-09T11:11:58+00:00\",\"breadcrumb\":{\"@id\":\"https:\\\/\\\/fjala.info\\\/2009-2015\\\/eduard-selami-ose-krijimi-i-idhujve-te-paqene\\\/#breadcrumb\"},\"inLanguage\":\"sq-AL\",\"potentialAction\":[{\"@type\":\"ReadAction\",\"target\":[\"https:\\\/\\\/fjala.info\\\/2009-2015\\\/eduard-selami-ose-krijimi-i-idhujve-te-paqene\\\/\"]}]},{\"@type\":\"ImageObject\",\"inLanguage\":\"sq-AL\",\"@id\":\"https:\\\/\\\/fjala.info\\\/2009-2015\\\/eduard-selami-ose-krijimi-i-idhujve-te-paqene\\\/#primaryimage\",\"url\":\"http:\\\/\\\/fjala.shkoder.net\\\/wp-content\\\/uploads\\\/2010\\\/12\\\/topi_selami-300x197.jpg\",\"contentUrl\":\"http:\\\/\\\/fjala.shkoder.net\\\/wp-content\\\/uploads\\\/2010\\\/12\\\/topi_selami-300x197.jpg\"},{\"@type\":\"BreadcrumbList\",\"@id\":\"https:\\\/\\\/fjala.info\\\/2009-2015\\\/eduard-selami-ose-krijimi-i-idhujve-te-paqene\\\/#breadcrumb\",\"itemListElement\":[{\"@type\":\"ListItem\",\"position\":1,\"name\":\"Home\",\"item\":\"https:\\\/\\\/fjala.info\\\/2009-2015\\\/\"},{\"@type\":\"ListItem\",\"position\":2,\"name\":\"Eduard Selami, ose krijimi i idhujve te paqene\"}]},{\"@type\":\"WebSite\",\"@id\":\"https:\\\/\\\/fjala.info\\\/2009-2015\\\/#website\",\"url\":\"https:\\\/\\\/fjala.info\\\/2009-2015\\\/\",\"name\":\"FjALA e LIR\u00cb - Arkivi\",\"description\":\"Arkivi 2009-2015\",\"publisher\":{\"@id\":\"https:\\\/\\\/fjala.info\\\/2009-2015\\\/#organization\"},\"potentialAction\":[{\"@type\":\"SearchAction\",\"target\":{\"@type\":\"EntryPoint\",\"urlTemplate\":\"https:\\\/\\\/fjala.info\\\/2009-2015\\\/?s={search_term_string}\"},\"query-input\":{\"@type\":\"PropertyValueSpecification\",\"valueRequired\":true,\"valueName\":\"search_term_string\"}}],\"inLanguage\":\"sq-AL\"},{\"@type\":\"Organization\",\"@id\":\"https:\\\/\\\/fjala.info\\\/2009-2015\\\/#organization\",\"name\":\"FjALA e LIR\u00cb - Arkivi\",\"url\":\"https:\\\/\\\/fjala.info\\\/2009-2015\\\/\",\"logo\":{\"@type\":\"ImageObject\",\"inLanguage\":\"sq-AL\",\"@id\":\"https:\\\/\\\/fjala.info\\\/2009-2015\\\/#\\\/schema\\\/logo\\\/image\\\/\",\"url\":\"\",\"contentUrl\":\"\",\"caption\":\"FjALA e LIR\u00cb - Arkivi\"},\"image\":{\"@id\":\"https:\\\/\\\/fjala.info\\\/2009-2015\\\/#\\\/schema\\\/logo\\\/image\\\/\"}},{\"@type\":\"Person\",\"@id\":\"https:\\\/\\\/fjala.info\\\/2009-2015\\\/#\\\/schema\\\/person\\\/3aa1163ef05469c496fc94e77611ada2\",\"name\":\"admin\",\"image\":{\"@type\":\"ImageObject\",\"inLanguage\":\"sq-AL\",\"@id\":\"https:\\\/\\\/fjala.info\\\/2009-2015\\\/wp-content\\\/uploads\\\/2012\\\/02\\\/arben_cokaj-120x150.jpg\",\"url\":\"https:\\\/\\\/fjala.info\\\/2009-2015\\\/wp-content\\\/uploads\\\/2012\\\/02\\\/arben_cokaj-120x150.jpg\",\"contentUrl\":\"https:\\\/\\\/fjala.info\\\/2009-2015\\\/wp-content\\\/uploads\\\/2012\\\/02\\\/arben_cokaj-120x150.jpg\",\"caption\":\"admin\"},\"description\":\"Admin, Fjala e Lir\u00eb\",\"sameAs\":[\"https:\\\/\\\/fjala.info\\\/\"],\"url\":\"https:\\\/\\\/fjala.info\\\/2009-2015\\\/author\\\/admin\\\/\"}]}<\/script>\n<!-- \/ Yoast SEO plugin. -->","yoast_head_json":{"title":"Eduard Selami, ose krijimi i idhujve te paqene - FjALA e LIR\u00cb - Arkivi","robots":{"index":"index","follow":"follow","max-snippet":"max-snippet:-1","max-image-preview":"max-image-preview:large","max-video-preview":"max-video-preview:-1"},"canonical":"https:\/\/fjala.info\/2009-2015\/eduard-selami-ose-krijimi-i-idhujve-te-paqene\/","og_locale":"sq_AL","og_type":"article","og_title":"Eduard Selami, ose krijimi i idhujve te paqene - FjALA e LIR\u00cb - Arkivi","og_description":"Nga Alban Daci, 9.12.2010 K\u00ebto dit\u00eb u p\u00ebrkujtua, &#8220;Dita e Demokracis\u00eb&#8221;, por pa heronjt\u00eb q\u00eb pik\u00ebrisht n\u00eb at\u00eb koh\u00ebn ishin n\u00eb vij\u00ebn e par\u00eb t\u00eb betej\u00ebs mes t\u00eb mir\u00ebs dhe t\u00eb keqes, mes t\u00eb ardhmes dhe t\u00eb kaluar\u00ebs, mes shpres\u00ebs dhe zhg\u00ebnjimit, guximit dhe frik\u00ebs. Dje, ishte, dita q\u00eb i dedikohet &#8220;L\u00ebvizjes Studentore&#8221;, t\u00eb viteve [&hellip;]","og_url":"https:\/\/fjala.info\/2009-2015\/eduard-selami-ose-krijimi-i-idhujve-te-paqene\/","og_site_name":"FjALA e LIR\u00cb - Arkivi","article_published_time":"2010-12-09T11:11:58+00:00","og_image":[{"url":"http:\/\/fjala.shkoder.net\/wp-content\/uploads\/2010\/12\/topi_selami-300x197.jpg","type":"","width":"","height":""}],"author":"admin","twitter_card":"summary_large_image","twitter_misc":{"Written by":"admin","Est. reading time":"6 minutes"},"schema":{"@context":"https:\/\/schema.org","@graph":[{"@type":"Article","@id":"https:\/\/fjala.info\/2009-2015\/eduard-selami-ose-krijimi-i-idhujve-te-paqene\/#article","isPartOf":{"@id":"https:\/\/fjala.info\/2009-2015\/eduard-selami-ose-krijimi-i-idhujve-te-paqene\/"},"author":{"name":"admin","@id":"https:\/\/fjala.info\/2009-2015\/#\/schema\/person\/3aa1163ef05469c496fc94e77611ada2"},"headline":"Eduard Selami, ose krijimi i idhujve te paqene","datePublished":"2010-12-09T11:11:58+00:00","mainEntityOfPage":{"@id":"https:\/\/fjala.info\/2009-2015\/eduard-selami-ose-krijimi-i-idhujve-te-paqene\/"},"wordCount":1136,"commentCount":0,"publisher":{"@id":"https:\/\/fjala.info\/2009-2015\/#organization"},"image":{"@id":"https:\/\/fjala.info\/2009-2015\/eduard-selami-ose-krijimi-i-idhujve-te-paqene\/#primaryimage"},"thumbnailUrl":"http:\/\/fjala.shkoder.net\/wp-content\/uploads\/2010\/12\/topi_selami-300x197.jpg","articleSection":["Artikuj"],"inLanguage":"sq-AL","potentialAction":[{"@type":"CommentAction","name":"Comment","target":["https:\/\/fjala.info\/2009-2015\/eduard-selami-ose-krijimi-i-idhujve-te-paqene\/#respond"]}]},{"@type":"WebPage","@id":"https:\/\/fjala.info\/2009-2015\/eduard-selami-ose-krijimi-i-idhujve-te-paqene\/","url":"https:\/\/fjala.info\/2009-2015\/eduard-selami-ose-krijimi-i-idhujve-te-paqene\/","name":"Eduard Selami, ose krijimi i idhujve te paqene - FjALA e LIR\u00cb - Arkivi","isPartOf":{"@id":"https:\/\/fjala.info\/2009-2015\/#website"},"primaryImageOfPage":{"@id":"https:\/\/fjala.info\/2009-2015\/eduard-selami-ose-krijimi-i-idhujve-te-paqene\/#primaryimage"},"image":{"@id":"https:\/\/fjala.info\/2009-2015\/eduard-selami-ose-krijimi-i-idhujve-te-paqene\/#primaryimage"},"thumbnailUrl":"http:\/\/fjala.shkoder.net\/wp-content\/uploads\/2010\/12\/topi_selami-300x197.jpg","datePublished":"2010-12-09T11:11:58+00:00","breadcrumb":{"@id":"https:\/\/fjala.info\/2009-2015\/eduard-selami-ose-krijimi-i-idhujve-te-paqene\/#breadcrumb"},"inLanguage":"sq-AL","potentialAction":[{"@type":"ReadAction","target":["https:\/\/fjala.info\/2009-2015\/eduard-selami-ose-krijimi-i-idhujve-te-paqene\/"]}]},{"@type":"ImageObject","inLanguage":"sq-AL","@id":"https:\/\/fjala.info\/2009-2015\/eduard-selami-ose-krijimi-i-idhujve-te-paqene\/#primaryimage","url":"http:\/\/fjala.shkoder.net\/wp-content\/uploads\/2010\/12\/topi_selami-300x197.jpg","contentUrl":"http:\/\/fjala.shkoder.net\/wp-content\/uploads\/2010\/12\/topi_selami-300x197.jpg"},{"@type":"BreadcrumbList","@id":"https:\/\/fjala.info\/2009-2015\/eduard-selami-ose-krijimi-i-idhujve-te-paqene\/#breadcrumb","itemListElement":[{"@type":"ListItem","position":1,"name":"Home","item":"https:\/\/fjala.info\/2009-2015\/"},{"@type":"ListItem","position":2,"name":"Eduard Selami, ose krijimi i idhujve te paqene"}]},{"@type":"WebSite","@id":"https:\/\/fjala.info\/2009-2015\/#website","url":"https:\/\/fjala.info\/2009-2015\/","name":"FjALA e LIR\u00cb - Arkivi","description":"Arkivi 2009-2015","publisher":{"@id":"https:\/\/fjala.info\/2009-2015\/#organization"},"potentialAction":[{"@type":"SearchAction","target":{"@type":"EntryPoint","urlTemplate":"https:\/\/fjala.info\/2009-2015\/?s={search_term_string}"},"query-input":{"@type":"PropertyValueSpecification","valueRequired":true,"valueName":"search_term_string"}}],"inLanguage":"sq-AL"},{"@type":"Organization","@id":"https:\/\/fjala.info\/2009-2015\/#organization","name":"FjALA e LIR\u00cb - Arkivi","url":"https:\/\/fjala.info\/2009-2015\/","logo":{"@type":"ImageObject","inLanguage":"sq-AL","@id":"https:\/\/fjala.info\/2009-2015\/#\/schema\/logo\/image\/","url":"","contentUrl":"","caption":"FjALA e LIR\u00cb - Arkivi"},"image":{"@id":"https:\/\/fjala.info\/2009-2015\/#\/schema\/logo\/image\/"}},{"@type":"Person","@id":"https:\/\/fjala.info\/2009-2015\/#\/schema\/person\/3aa1163ef05469c496fc94e77611ada2","name":"admin","image":{"@type":"ImageObject","inLanguage":"sq-AL","@id":"https:\/\/fjala.info\/2009-2015\/wp-content\/uploads\/2012\/02\/arben_cokaj-120x150.jpg","url":"https:\/\/fjala.info\/2009-2015\/wp-content\/uploads\/2012\/02\/arben_cokaj-120x150.jpg","contentUrl":"https:\/\/fjala.info\/2009-2015\/wp-content\/uploads\/2012\/02\/arben_cokaj-120x150.jpg","caption":"admin"},"description":"Admin, Fjala e Lir\u00eb","sameAs":["https:\/\/fjala.info\/"],"url":"https:\/\/fjala.info\/2009-2015\/author\/admin\/"}]}},"_links":{"self":[{"href":"https:\/\/fjala.info\/2009-2015\/wp-json\/wp\/v2\/posts\/5193","targetHints":{"allow":["GET"]}}],"collection":[{"href":"https:\/\/fjala.info\/2009-2015\/wp-json\/wp\/v2\/posts"}],"about":[{"href":"https:\/\/fjala.info\/2009-2015\/wp-json\/wp\/v2\/types\/post"}],"author":[{"embeddable":true,"href":"https:\/\/fjala.info\/2009-2015\/wp-json\/wp\/v2\/users\/1"}],"replies":[{"embeddable":true,"href":"https:\/\/fjala.info\/2009-2015\/wp-json\/wp\/v2\/comments?post=5193"}],"version-history":[{"count":0,"href":"https:\/\/fjala.info\/2009-2015\/wp-json\/wp\/v2\/posts\/5193\/revisions"}],"wp:attachment":[{"href":"https:\/\/fjala.info\/2009-2015\/wp-json\/wp\/v2\/media?parent=5193"}],"wp:term":[{"taxonomy":"category","embeddable":true,"href":"https:\/\/fjala.info\/2009-2015\/wp-json\/wp\/v2\/categories?post=5193"},{"taxonomy":"post_tag","embeddable":true,"href":"https:\/\/fjala.info\/2009-2015\/wp-json\/wp\/v2\/tags?post=5193"}],"curies":[{"name":"wp","href":"https:\/\/api.w.org\/{rel}","templated":true}]}}