{"id":5190,"date":"2010-12-11T12:01:11","date_gmt":"2010-12-11T11:01:11","guid":{"rendered":"http:\/\/fjala.shkoder.net\/?p=5190"},"modified":"2010-12-11T12:01:11","modified_gmt":"2010-12-11T11:01:11","slug":"mosmarreveshja-e-shqiptarit-me-shqiptarin","status":"publish","type":"post","link":"https:\/\/fjala.info\/2009-2015\/mosmarreveshja-e-shqiptarit-me-shqiptarin\/","title":{"rendered":"\u201cMosmarr\u00ebveshja\u201d e shqiptarit me \u201cShqiptarin\u201d"},"content":{"rendered":"<p><img loading=\"lazy\" decoding=\"async\" class=\"alignright size-full wp-image-4600\" title=\"Ki\u00e7o Blushi\" src=\"http:\/\/fjala.shkoder.net\/wp-content\/uploads\/2010\/11\/kico_blushi.jpg\" alt=\"\" width=\"72\" height=\"69\" \/><br \/>\nNga <strong>Ki\u00e7o Blushi<\/strong>, <em>10.12.2020<\/em><\/p>\n<p>M\u00eb n\u00eb fund nj\u00eb \u201cMosmarr\u00ebveshje\u201d e munguar! Nj\u00eb mosshje\u201d e munguar! Nj\u00eb mos-marr\u00ebveshje e qen\u00eb, e pranishme, send\u00ebrtare, ngat\u00ebrrestare, konfliktuale, por e path\u00ebn\u00eb, d.m.th, e pashkruar. Ky nuk \u00ebsht\u00eb testament i nj\u00eb qytetari t\u00eb zakont\u00eb, por i shkrimtarit Kadare. Ka nj\u00eb ndryshim thelb\u00ebsor mes testamentit t\u00eb nj\u00eb qytetari, qoft\u00eb edhe t\u00eb pasur, me testamentin e nj\u00eb shkrimtari. Mjafton kjo, besoj, p\u00ebr t\u00eb kuptuar r\u00ebndes\u00ebn, n\u2019da\u00e7 pendes\u00ebn e nevojshme q\u00eb u lipset t\u00eb gjall\u00ebve t\u00eb kuptojn\u00eb \u201cmosmarr\u00ebveshjen\u201d q\u00eb vazhdon t\u00eb lesharap\u00ebroj\u00eb mes vedi, mes shqiptar\u00ebsh, mes unit dhe tjetrit, mes mitit dhe historis\u00eb, mes d\u00ebshir\u00ebs dhe pamund\u00ebsis\u00eb, mes destinit historik dhe yshtjes propagandistike t\u00eb liderit partiak, mes t\u00eb sotmes dhe t\u00eb djeshmes apo edhe mes fqinj\u00ebsh sherrxhinj.<\/p>\n<p>Mosmarr\u00ebveshja ka qen\u00eb dhe \u00ebsht\u00eb nj\u00eb shqis\u00eb e trash\u00ebguar ng\u00ebr\u00e7-ndjell\u00eb-sjell\u00ebse, e vendosur folklorisht n\u00eb rresht t\u00eb par\u00eb t\u00eb psik\u00ebs, sjelljes e veprimit ton\u00eb, ndoshta p\u00ebr t\u00eb na mjegulluar horizontin, p\u00ebr t\u00eb na vonuar historikisht, e nj\u00ebkoh\u00ebsisht edhe p\u00ebr t\u2019u vet\u00ebshfaj\u00ebsuar si struci nga gabimet apo krimet q\u00eb m\u00eb s\u00eb shumti i shkaktojm\u00eb n\u00eb p\u00ebrditshm\u00ebri vetes, kombit, ardhm\u00ebris\u00eb, besimit prej kuturus\u00eb. Trash\u00ebgimia e Mosmarr\u00ebveshjes nuk na t\u00eb lejon t\u00eb shohim e t\u00eb kuptojm\u00eb se e keqja q\u00eb i shkaktojm\u00eb tjetrit, tok\u00ebs, bashk\u00ebsis\u00eb, duhet p\u00ebrjetuar si e keqe ndaj vetes.<\/p>\n<p>Vullneti p\u00ebr t\u00eb jetuar bashk\u00eb, k\u00ebsisoj rr\u00ebnohet pambarimisht nga dhuna e Mosmarr\u00ebveshjes, k\u00ebtij kanceri q\u00eb na pengon t\u00eb kemi vesh\u00eb p\u00ebr t\u00eb komunikuar. E pra, si ka rastisur q\u00eb fjala marr\u00ebveshje t\u00eb jet\u00eb ngjizur nga lidhja e foljes marr me fjal\u00ebn vesh, \u00e7ka do t\u00eb thot\u00eb jo t\u00eb kesh, po pranosh ose jo t\u00eb marr\u00ebsh vesh, q\u00eb do t\u00eb thot\u00eb se as vesh\u00ebt nuk i kemi t\u00eb prirur p\u00ebr t\u00eb d\u00ebgjuar e kuptuar tjetrin?\u2026Si ndodh q\u00eb, po t\u00eb shtohet nj\u00eb MOS, kuptimi transformohet dramatikisht n\u00eb Mosmarr\u00ebveshje, nj\u00eb gjendje kjo ku e ku m\u00eb fatkeqe se t\u00eb jesh i lindur shurdh?<\/p>\n<p>Ka ardhur koha, &#8211; ndoshta paksa si tep\u00ebr von\u00eb, &#8211; t\u00eb njohim veten: kush jemi ne shqiptar\u00ebt, t\u00eb \u00e7far\u00eb realisht jemi ne qytetar\u00ebt e mosvesht\u00eb, n\u00eb \u00e7\u2019raport ndodhet, \u201cShqip\u00ebria e mendjes\u201d me \u201cShqip\u00ebrin\u00eb e \u00e7mendjes\u201d, \u201cShqip\u00ebria e qeveris\u00eb\u201d me \u201cShqip\u00ebrin\u00eb e sht\u00ebpis\u00eb\u201d, \u201cShqip\u00ebria jasht\u00eb\u201d me \u201cShqip\u00ebrin\u00eb brenda\u201d, \u201cShqip\u00ebria e rob\u00ebris\u00eb\u201d me \u201cShqip\u00ebrin\u00eb e liris\u00eb\u201d; p\u00ebrse, dreqi e mori, m\u00eb se nj\u00eb her\u00eb ka ndodhur (edhe tash, n\u00eb liri, mjerisht!) q\u00eb armiqt\u00eb m\u00eb t\u00eb m\u00ebdhenj t\u00eb vetes q\u00ebllon t\u00eb jemi e t\u00eb b\u00ebhemi vet\u00eb ne?!<\/p>\n<p>P\u00ebrse liria, sipas Kadares\u00eb, m\u00eb tep\u00ebr edhe se \u201cfilozofia e rob\u00ebris\u00eb\u201d, na tjet\u00ebrson kaq kollaj, duke na hasmosur me nj\u00ebri-tjetrin, madje edhe me veten, me mjedisin, me historin\u00eb, me Evrop\u00ebn, me vullnetin e bashk\u00ebsis\u00eb apo edhe me \u201cshpirtin e kombit\u201d, i cili presupozohet se m\u00ebkon pavet\u00ebdijeshm\u00ebrisht bashk\u00ebjetes\u00ebn n\u00eb mir\u00ebkuptim e n\u00eb marr\u00ebveshje? Dhe, tekefundit, p\u00ebrse ne na t\u00ebrheq p\u00ebr hunde mosmarr\u00ebveshja dhe konflikti nga nj\u00eb hon tek tjetri, nga p\u00ebrmbysja n\u00eb p\u00ebrmbytje dhe anasjelltas? Pyesni veten: Shkodra antikomuniste e p\u00ebrmbytur k\u00ebto dit\u00eb, a do ta gjej\u00eb dot nes\u00ebr rrug\u00ebn e marr\u00ebveshjes, \u201cvullnetin p\u00ebr t\u00eb jetuar bashk\u00eb\u201d, p\u00ebrve\u00e7se me Zotin, q\u00eb do t\u00eb thot\u00eb se edhe antikomunizmi, prej zhg\u00ebnjimit, mund t\u00eb t\u00eb \u00e7oj\u00eb si peng a si gjaks te mosmarr\u00ebveshja jon\u00eb klasike?<\/p>\n<p>A mos shkodran\u00ebve dhe n\u00ebnshkodran\u00ebve u thuhet, me gjuh\u00ebn e urrejtjes e t\u00eb p\u00ebrmbytjeve, d.m.th, t\u00eb mosmarr\u00ebveshjes, t\u00eb ikin nga syt\u00eb k\u00ebmb\u00ebt? A mos p\u00ebr k\u00ebt\u00eb \u201czbehje t\u00eb vullnetit p\u00ebr t\u00eb jetuar bashk\u00eb, si komb\u201d, p\u00ebr k\u00ebt\u00eb \u201cmoskuptim t\u00eb tejzgjatur\u201de t\u00eb q\u00ebllimt\u00eb, ka faj vet\u00ebm politika, t\u00eb zgjedhurit, krer\u00ebt, halldup\u00ebt, makut\u00ebt, pra pap\u00ebrgjegjshm\u00ebria e trash\u00ebguar nga nj\u00eb qeveri te tjetra, p\u00ebrher\u00eb t\u00eb drejtuara nga kryeministra delirant\u00eb t\u00eb mosmarr\u00ebveshjes? Natyrisht, nj\u00eb testament, qoft\u00eb edhe i Kadares\u00eb, nuk i zgjidh dot t\u00eb gjitha k\u00ebto dilema, aq m\u00eb tep\u00ebr q\u00eb edhe t\u00eb tjer\u00eb burra t\u00eb urt\u00eb, para tij, i kan\u00eb shtruar k\u00ebto qilima t\u00eb dyshimit e m\u00ebdyshjes, mbi t\u00eb cilat ne nuk kemi begenisur t\u00eb ecim si evropian\u00eb, por si anadollballkanik\u00eb t\u00eb karfosur.<\/p>\n<p>Sepse jemi t\u00eb p\u00ebrmbytur, n\u00eb radh\u00eb t\u00eb par\u00eb, moralisht. M\u00eb shum\u00eb se uji, se shirat dhe fatkeq\u00ebsit\u00eb e natyr\u00ebs, ne na ka p\u00ebrmbytur mosmarr\u00ebveshja. P\u00ebr k\u00ebt\u00eb mjafton t\u00eb ndjek\u00ebsh nj\u00eb seanc\u00eb nga Kuvendi a nj\u00eb mbledhje qeverie. Dit\u00ebn q\u00eb Shkodra po mbytej, kreu i qeveris\u00eb fliste p\u00ebr moszbukurimin e Tiran\u00ebs me flamuj m\u00eb 28 n\u00ebntor, nj\u00eblloj si prift\u00ebrinjt\u00eb e curufjepsur q\u00eb ziheshin p\u00ebr seksin e engj\u00ebjve (jan\u00eb femra apo meshkuj?), teksa hordhit\u00eb osmane po pushtonin Kostandinopoj\u00ebn\u2026<\/p>\n<p>\u2018Nj\u00ebqind her\u00eb e meriton shkarkimin, po un\u00eb nuk e b\u00ebj k\u00ebt\u00eb, jo, nuk e b\u00ebj, jo se nuk e meriton, por se je kryetar i PS-s\u00eb!\u2019&#8230;Ha, ha, hi, hi!&#8230;Edhe me \u00e7izmet n\u00eb uj\u00ebt e \u201ct\u00eb gjith\u00eb lumenjve t\u00eb Ballkanit\u201d q\u00eb po zaptonin Shkodr\u00ebn e N\u00ebnshkodr\u00ebn, kryeministrit nuk i dilte kjo e keqe! Peng e kam q\u00eb nuk e shkarkova p\u00ebr Flamurin!&#8230;\u2018Ja, ja, m\u00eb erdhi mesazhi, doni ta lexoni?\u2019 Hi, hi, hi!&#8230;E pra, Kryeministri m\u00eb i shquar i mosmarr\u00ebveshjes, Berisha, prej nj\u00ebzet vitesh e mban t\u00eb ndezur sherrin, ng\u00ebr\u00e7in, konfliktin. Si rezultat, gjysma e Flamurit me gjasme k\u00ebrkon 28-\u00ebn, gjysma tjet\u00ebr 29 N\u00ebntorin.<\/p>\n<p>Kjo \u00ebsht\u00eb \u00e7\u00ebshtja jon\u00eb m\u00eb madhore, l\u00ebmshi yn\u00eb mbar\u00ebkomb\u00ebtar k\u00ebtu e n\u00eb diaspor\u00eb: nj\u00ebra kok\u00eb e shkab\u00ebs vazhdon t\u00eb shikoj\u00eb nga e djathta, tjetra nga e majta!&#8230;E pra, ne ende nuk e dim\u00eb kur duhet ngritur Flamuri! N\u00eb mort, n\u00eb festa, n\u00eb p\u00ebrmbytje e katastrofa, ne na komandon mosmarr\u00ebveshja dhe moskuptimi i nd\u00ebrsjell\u00eb e i pakuptimt\u00eb. (Para ca dit\u00ebsh u rrah\u00ebn n\u00eb Kuvendin e Maqedonis\u00eb deputet\u00ebt shqiptar\u00eb me nj\u00ebri-tjetrin!).<\/p>\n<p>Nd\u00ebrsa n\u00eb shtetin am\u00eb kryeministri i Mosmarr\u00ebveshjes k\u00ebt\u00eb e quan politik\u00eb, kjo \u00ebsht\u00eb Himalaja e pushtetit t\u00eb tij, kjo ja ngaz\u00ebllen shqisat: t\u00eb tallet publikisht, t\u00eb posht\u00ebroj\u00eb kund\u00ebrshtar\u00ebt, madje edhe qytetar\u00ebt q\u00eb e kan\u00eb votuar, dit\u00eb e nat\u00eb, n\u00eb qeveri e n\u00eb Kuvend, n\u00eb rrug\u00eb e n\u00eb tribuna, n\u00eb zi e n\u00eb kremtime, mjaft q\u00eb t\u2019i dalin kamerat p\u00ebrpara! \u2018Ha, ha, ja zure syt\u00eb gjolit; hi, hi, ju nuk e doni tunelin, nuk e doni, po jua them un\u00eb k\u00ebt\u00eb, ju nuk votoni p\u00ebr tunelin!\u2019&#8230;<\/p>\n<p>Nd\u00ebrsa Shkodra po mbytej me ku\u00e7 e me ma\u00e7!&#8230;.\u201dDukuria e talljes, e panjohur m\u00eb par\u00eb tek ne, ose p\u00ebr t\u00eb qen\u00eb m\u00eb t\u00eb sakt\u00eb, e fshehur me kujdes\u2026p\u00ebrb\u00ebnte nj\u00eb nga lajmet m\u00eb t\u00eb zeza t\u00eb kronik\u00ebs shqiptare. Shpallja, dhe jo vet\u00ebm ajo, por pranimi i saj, dhe jo vet\u00ebm pranimi, por estetizimi, p\u00ebr t\u00eb mos th\u00ebn\u00eb himnizimi i saj, ishte me t\u00eb v\u00ebrtet\u00eb nj\u00eb faqe e re, fatkeq\u00ebsisht e err\u00ebt n\u00eb jet\u00ebn e kombit; ajo q\u00eb do t\u00eb b\u00ebnte t\u00eb mundur daljen e politikan\u00ebve pa atdhe\u201d\u2026 Ndoshta, m\u00eb sak, dumbabisht duhet th\u00ebn\u00eb: E krer\u00ebve pa din e pa iman!<\/p>\n<p>* * *<\/p>\n<p>Si p\u00ebr t\u00eb ilustruar \u201cMosmarr\u00ebveshjen\u201d, fill pas botimit t\u00eb librit t\u00eb Kadares\u00eb, ndodh\u00ebn dy ngjarje t\u00eb tjera, ve\u00e7 sherrit t\u00eb lartp\u00ebrmendur p\u00ebr Flamurin. Komb\u00ebtarist\u00ebt iu v\u00ebrsul\u00ebn filmit \u201cShqiptari\u201d t\u00eb nj\u00eb regjisori gjerman, pasi ky film, sipas tyre, prishte imazhin e Shqip\u00ebris\u00eb; nd\u00ebrkoh\u00eb kryetari i komunitetit mysliman, fill pas liberalizimit t\u00eb vizave dhe mosdh\u00ebnies s\u00eb statusit vend kandidat p\u00ebr n\u00eb BE-, pat shkuar te kryeministri p\u00ebr t\u00eb marr\u00eb prej tij miratimin e nd\u00ebrtimit t\u00eb nj\u00eb xhamie n\u00eb qend\u00ebr t\u00eb Tiran\u00ebs, meq\u00eb kryetari i Bashkis\u00eb (t\u00eb cilit, sipas zotit Selim Mu\u00e7a, i kishte folur n\u00eb vesh Allahu), por ja q\u00eb tani po del se\u2026 se Rama e pat g\u00ebnjyer zotin Selim pik\u00ebrisht n\u00eb dit\u00ebn e Bajramit, thjesht \u201cp\u00ebr t\u2019i marr\u00eb votat e mysliman\u00ebve\u201d!<\/p>\n<p>T\u00eb dyja k\u00ebto ngjarje n\u00eb dukje pa lidhje, n\u00eb t\u00eb v\u00ebrtet\u00eb kan\u00eb lidhje direkte me Mosmarr\u00ebveshjen, e cila mesa duket, jo vet\u00ebm n\u00eb sferat e larta t\u00eb politik\u00ebs, por edhe t\u00eb artit, madje edhe t\u00eb fes\u00eb, nuk le rast pa e treguar fuqin\u00eb e vet shk\u00ebrb\u00ebr\u00ebse. K\u00ebshtu, kreu i mysliman\u00ebve q\u00eb mburret aq shum\u00eb me toleranc\u00ebn fetare, ashtu si hoxha i Shkupit q\u00eb predikonte n\u00eb xhami kund\u00ebr gjaurit Sk\u00ebnderbe, nd\u00ebrtimin e xhamis\u00eb n\u00eb qend\u00ebr t\u00eb Tiran\u00ebs e k\u00ebrkon p\u00ebr kapar, si allishverish elektoral p\u00ebr zgjedhjet e ardhme: nj\u00ebher\u00eb p\u00ebrkrah socialist\u00ebt, kur Rama i premtoi xhamin\u00eb, m\u00eb pas demokrat\u00ebt, \u00e7\u2019ka do t\u00eb thot\u00eb se edhe ai k\u00ebrkon t\u00eb b\u00ebhet aktor me pesh\u00eb i Mosmarr\u00ebveshjes komb\u00ebtare, pa e vrar\u00eb mendjen p\u00ebr at\u00eb q\u00eb quhet interes komb\u00ebtar, harmoni apo imazh i asaj Shqip\u00ebrie q\u00eb i ka k\u00ebputur lidhjet me teorit\u00eb e ministrit t\u00eb jasht\u00ebm turk, Davutoglu p\u00ebr ringjalljen e perandoris\u00eb osmane\u2026.Kjo sepse ne m\u00eb s\u00eb tepri qeverisemi nga Mosmarr\u00ebveshja: m\u00eb jep xhamin\u00eb t\u00eb t\u00eb jap votat!<\/p>\n<p>Nj\u00eblloj sipas dogmave t\u00eb socrealizmit, shqiptari vihet kund\u00ebr \u201cShqiptarit\u201d p\u00ebr hi\u00e7mosgj\u00eb, p\u00ebr nj\u00eb imazh fals, p\u00ebr interes vetjak, p\u00ebr dukje; jo p\u00ebr thelbin, p\u00ebr rr\u00ebnj\u00ebt, e as p\u00ebr at\u00eb q\u00eb n\u00eb t\u00eb v\u00ebrtet\u00eb jemi e d\u00ebshirojm\u00eb t\u00eb jemi: evropian\u00eb. Sot shqiptari nuk merret dot vesh me \u201cShqiptarin\u201d pa rr\u00ebmuar e zbuluar rr\u00ebnj\u00ebt e veta evropiane, pa e zhveshur historin\u00eb e vet nga l\u00ebvozhgat otomane t\u00eb n\u00ebnnd\u00ebrgjegjes: halli im i ha kok\u00ebn hallit t\u00ebnd!\u2026.Duhet ringritur vullneti, bindja dhe besimi p\u00ebr t\u00eb jetuar n\u00eb bashk\u00ebsi, n\u00eb mir\u00ebbesim e mir\u00ebkuptim.<\/p>\n<p>K\u00ebt\u00eb me sa duket nuk e sjell ADN-ja e gjakut, as gjeografia, as \u201cbalta q\u00eb \u00ebsht\u00eb m\u00eb e \u00ebmb\u00ebl se mjalta\u201d, por kthjellt\u00ebsia, n\u00eb radh\u00eb t\u00eb par\u00eb e atyre q\u00eb drejtojn\u00eb\u2026.Por mjerisht krer\u00ebt tan\u00eb nuk kufizohen \u201c vet\u00ebm me p\u00ebr\u00e7mimin e moralit, por do t\u00eb shkonin m\u00eb larg: do t\u00eb ngrinin kultin e munges\u00ebs s\u00eb tij\u201d&#8230; Prandaj, \u201cl\u00ebngata e vjet\u00ebr shqiptare, t\u00eb b\u00ebhesh me grekun p\u00ebr inat t\u00eb osman\u00ebve, ose me osman\u00ebt p\u00ebr inat t\u00eb grek\u00ebve e serb\u00ebve, ishte rikthyer&#8230; Shqip\u00ebria \u00ebsht\u00eb e s\u00ebmur\u00eb&#8230;S\u00ebmundja&#8230;\u00ebsht\u00eb e r\u00ebnd\u00eb, si \u00e7do l\u00ebngat\u00eb q\u00eb do t\u00eb prodhohej brenda saj&#8230;<\/p>\n<p>Duke iu shmangur filozofimit n\u00eb cek\u00ebtin\u00eb&#8230;mund t\u00eb thuhet se asnj\u00ebher\u00eb doza e ndotjes morale n\u00eb Shqip\u00ebri nuk ka qen\u00eb m\u00eb e lart\u00eb se sot&#8230;Ishte fjala p\u00ebr nj\u00eb zgjedhje, q\u00eb p\u00ebr shum\u00eb njer\u00ebz ngjante ogurzez\u00eb: Ta duam Shqip\u00ebrin\u00eb n\u00eb m\u00ebnyr\u00eb primitive, apo ta shesim n\u00eb m\u00ebnyr\u00eb moderne?\u201d&#8230;Nj\u2019i k\u00ebt operacion antishqiptar po e kryen, me sukses t\u00eb plot\u00eb, gjeneratori i Mosmarr\u00ebveshjes edhe n\u00eb k\u00ebt gjasme demokraci.<\/p>\n","protected":false},"excerpt":{"rendered":"<p>Nga Ki\u00e7o Blushi, 10.12.2020 M\u00eb n\u00eb fund nj\u00eb \u201cMosmarr\u00ebveshje\u201d e munguar! Nj\u00eb mosshje\u201d e munguar! Nj\u00eb mos-marr\u00ebveshje e qen\u00eb, e pranishme, send\u00ebrtare, ngat\u00ebrrestare, konfliktuale, por e path\u00ebn\u00eb, d.m.th, e pashkruar. Ky nuk \u00ebsht\u00eb testament i nj\u00eb qytetari t\u00eb zakont\u00eb, por i shkrimtarit Kadare. Ka nj\u00eb ndryshim thelb\u00ebsor mes testamentit t\u00eb nj\u00eb qytetari, qoft\u00eb edhe t\u00eb [&hellip;]<\/p>\n","protected":false},"author":1,"featured_media":0,"comment_status":"open","ping_status":"closed","sticky":false,"template":"","format":"standard","meta":{"footnotes":""},"categories":[2],"tags":[],"class_list":{"0":"post-5190","1":"post","2":"type-post","3":"status-publish","4":"format-standard","6":"category-artikuj"},"yoast_head":"<!-- This site is optimized with the Yoast SEO plugin v27.4 - https:\/\/yoast.com\/product\/yoast-seo-wordpress\/ -->\n<title>\u201cMosmarr\u00ebveshja\u201d e shqiptarit me \u201cShqiptarin\u201d - FjALA e LIR\u00cb - Arkivi<\/title>\n<meta name=\"robots\" content=\"index, follow, max-snippet:-1, max-image-preview:large, max-video-preview:-1\" \/>\n<link rel=\"canonical\" href=\"https:\/\/fjala.info\/2009-2015\/mosmarreveshja-e-shqiptarit-me-shqiptarin\/\" \/>\n<meta property=\"og:locale\" content=\"sq_AL\" \/>\n<meta property=\"og:type\" content=\"article\" \/>\n<meta property=\"og:title\" content=\"\u201cMosmarr\u00ebveshja\u201d e shqiptarit me \u201cShqiptarin\u201d - FjALA e LIR\u00cb - Arkivi\" \/>\n<meta property=\"og:description\" content=\"Nga Ki\u00e7o Blushi, 10.12.2020 M\u00eb n\u00eb fund nj\u00eb \u201cMosmarr\u00ebveshje\u201d e munguar! Nj\u00eb mosshje\u201d e munguar! Nj\u00eb mos-marr\u00ebveshje e qen\u00eb, e pranishme, send\u00ebrtare, ngat\u00ebrrestare, konfliktuale, por e path\u00ebn\u00eb, d.m.th, e pashkruar. Ky nuk \u00ebsht\u00eb testament i nj\u00eb qytetari t\u00eb zakont\u00eb, por i shkrimtarit Kadare. Ka nj\u00eb ndryshim thelb\u00ebsor mes testamentit t\u00eb nj\u00eb qytetari, qoft\u00eb edhe t\u00eb [&hellip;]\" \/>\n<meta property=\"og:url\" content=\"https:\/\/fjala.info\/2009-2015\/mosmarreveshja-e-shqiptarit-me-shqiptarin\/\" \/>\n<meta property=\"og:site_name\" content=\"FjALA e LIR\u00cb - Arkivi\" \/>\n<meta property=\"article:published_time\" content=\"2010-12-11T11:01:11+00:00\" \/>\n<meta property=\"og:image\" content=\"http:\/\/fjala.shkoder.net\/wp-content\/uploads\/2010\/11\/kico_blushi.jpg\" \/>\n<meta name=\"author\" content=\"admin\" \/>\n<meta name=\"twitter:card\" content=\"summary_large_image\" \/>\n<meta name=\"twitter:label1\" content=\"Written by\" \/>\n\t<meta name=\"twitter:data1\" content=\"admin\" \/>\n\t<meta name=\"twitter:label2\" content=\"Est. reading time\" \/>\n\t<meta name=\"twitter:data2\" content=\"10 minutes\" \/>\n<script type=\"application\/ld+json\" class=\"yoast-schema-graph\">{\"@context\":\"https:\\\/\\\/schema.org\",\"@graph\":[{\"@type\":\"Article\",\"@id\":\"https:\\\/\\\/fjala.info\\\/2009-2015\\\/mosmarreveshja-e-shqiptarit-me-shqiptarin\\\/#article\",\"isPartOf\":{\"@id\":\"https:\\\/\\\/fjala.info\\\/2009-2015\\\/mosmarreveshja-e-shqiptarit-me-shqiptarin\\\/\"},\"author\":{\"name\":\"admin\",\"@id\":\"https:\\\/\\\/fjala.info\\\/2009-2015\\\/#\\\/schema\\\/person\\\/3aa1163ef05469c496fc94e77611ada2\"},\"headline\":\"\u201cMosmarr\u00ebveshja\u201d e shqiptarit me \u201cShqiptarin\u201d\",\"datePublished\":\"2010-12-11T11:01:11+00:00\",\"mainEntityOfPage\":{\"@id\":\"https:\\\/\\\/fjala.info\\\/2009-2015\\\/mosmarreveshja-e-shqiptarit-me-shqiptarin\\\/\"},\"wordCount\":1942,\"commentCount\":0,\"publisher\":{\"@id\":\"https:\\\/\\\/fjala.info\\\/2009-2015\\\/#organization\"},\"image\":{\"@id\":\"https:\\\/\\\/fjala.info\\\/2009-2015\\\/mosmarreveshja-e-shqiptarit-me-shqiptarin\\\/#primaryimage\"},\"thumbnailUrl\":\"http:\\\/\\\/fjala.shkoder.net\\\/wp-content\\\/uploads\\\/2010\\\/11\\\/kico_blushi.jpg\",\"articleSection\":[\"Artikuj\"],\"inLanguage\":\"sq-AL\",\"potentialAction\":[{\"@type\":\"CommentAction\",\"name\":\"Comment\",\"target\":[\"https:\\\/\\\/fjala.info\\\/2009-2015\\\/mosmarreveshja-e-shqiptarit-me-shqiptarin\\\/#respond\"]}]},{\"@type\":\"WebPage\",\"@id\":\"https:\\\/\\\/fjala.info\\\/2009-2015\\\/mosmarreveshja-e-shqiptarit-me-shqiptarin\\\/\",\"url\":\"https:\\\/\\\/fjala.info\\\/2009-2015\\\/mosmarreveshja-e-shqiptarit-me-shqiptarin\\\/\",\"name\":\"\u201cMosmarr\u00ebveshja\u201d e shqiptarit me \u201cShqiptarin\u201d - FjALA e LIR\u00cb - Arkivi\",\"isPartOf\":{\"@id\":\"https:\\\/\\\/fjala.info\\\/2009-2015\\\/#website\"},\"primaryImageOfPage\":{\"@id\":\"https:\\\/\\\/fjala.info\\\/2009-2015\\\/mosmarreveshja-e-shqiptarit-me-shqiptarin\\\/#primaryimage\"},\"image\":{\"@id\":\"https:\\\/\\\/fjala.info\\\/2009-2015\\\/mosmarreveshja-e-shqiptarit-me-shqiptarin\\\/#primaryimage\"},\"thumbnailUrl\":\"http:\\\/\\\/fjala.shkoder.net\\\/wp-content\\\/uploads\\\/2010\\\/11\\\/kico_blushi.jpg\",\"datePublished\":\"2010-12-11T11:01:11+00:00\",\"breadcrumb\":{\"@id\":\"https:\\\/\\\/fjala.info\\\/2009-2015\\\/mosmarreveshja-e-shqiptarit-me-shqiptarin\\\/#breadcrumb\"},\"inLanguage\":\"sq-AL\",\"potentialAction\":[{\"@type\":\"ReadAction\",\"target\":[\"https:\\\/\\\/fjala.info\\\/2009-2015\\\/mosmarreveshja-e-shqiptarit-me-shqiptarin\\\/\"]}]},{\"@type\":\"ImageObject\",\"inLanguage\":\"sq-AL\",\"@id\":\"https:\\\/\\\/fjala.info\\\/2009-2015\\\/mosmarreveshja-e-shqiptarit-me-shqiptarin\\\/#primaryimage\",\"url\":\"http:\\\/\\\/fjala.shkoder.net\\\/wp-content\\\/uploads\\\/2010\\\/11\\\/kico_blushi.jpg\",\"contentUrl\":\"http:\\\/\\\/fjala.shkoder.net\\\/wp-content\\\/uploads\\\/2010\\\/11\\\/kico_blushi.jpg\"},{\"@type\":\"BreadcrumbList\",\"@id\":\"https:\\\/\\\/fjala.info\\\/2009-2015\\\/mosmarreveshja-e-shqiptarit-me-shqiptarin\\\/#breadcrumb\",\"itemListElement\":[{\"@type\":\"ListItem\",\"position\":1,\"name\":\"Home\",\"item\":\"https:\\\/\\\/fjala.info\\\/2009-2015\\\/\"},{\"@type\":\"ListItem\",\"position\":2,\"name\":\"\u201cMosmarr\u00ebveshja\u201d e shqiptarit me \u201cShqiptarin\u201d\"}]},{\"@type\":\"WebSite\",\"@id\":\"https:\\\/\\\/fjala.info\\\/2009-2015\\\/#website\",\"url\":\"https:\\\/\\\/fjala.info\\\/2009-2015\\\/\",\"name\":\"FjALA e LIR\u00cb - Arkivi\",\"description\":\"Arkivi 2009-2015\",\"publisher\":{\"@id\":\"https:\\\/\\\/fjala.info\\\/2009-2015\\\/#organization\"},\"potentialAction\":[{\"@type\":\"SearchAction\",\"target\":{\"@type\":\"EntryPoint\",\"urlTemplate\":\"https:\\\/\\\/fjala.info\\\/2009-2015\\\/?s={search_term_string}\"},\"query-input\":{\"@type\":\"PropertyValueSpecification\",\"valueRequired\":true,\"valueName\":\"search_term_string\"}}],\"inLanguage\":\"sq-AL\"},{\"@type\":\"Organization\",\"@id\":\"https:\\\/\\\/fjala.info\\\/2009-2015\\\/#organization\",\"name\":\"FjALA e LIR\u00cb - Arkivi\",\"url\":\"https:\\\/\\\/fjala.info\\\/2009-2015\\\/\",\"logo\":{\"@type\":\"ImageObject\",\"inLanguage\":\"sq-AL\",\"@id\":\"https:\\\/\\\/fjala.info\\\/2009-2015\\\/#\\\/schema\\\/logo\\\/image\\\/\",\"url\":\"\",\"contentUrl\":\"\",\"caption\":\"FjALA e LIR\u00cb - Arkivi\"},\"image\":{\"@id\":\"https:\\\/\\\/fjala.info\\\/2009-2015\\\/#\\\/schema\\\/logo\\\/image\\\/\"}},{\"@type\":\"Person\",\"@id\":\"https:\\\/\\\/fjala.info\\\/2009-2015\\\/#\\\/schema\\\/person\\\/3aa1163ef05469c496fc94e77611ada2\",\"name\":\"admin\",\"image\":{\"@type\":\"ImageObject\",\"inLanguage\":\"sq-AL\",\"@id\":\"https:\\\/\\\/fjala.info\\\/2009-2015\\\/wp-content\\\/uploads\\\/2012\\\/02\\\/arben_cokaj-120x150.jpg\",\"url\":\"https:\\\/\\\/fjala.info\\\/2009-2015\\\/wp-content\\\/uploads\\\/2012\\\/02\\\/arben_cokaj-120x150.jpg\",\"contentUrl\":\"https:\\\/\\\/fjala.info\\\/2009-2015\\\/wp-content\\\/uploads\\\/2012\\\/02\\\/arben_cokaj-120x150.jpg\",\"caption\":\"admin\"},\"description\":\"Admin, Fjala e Lir\u00eb\",\"sameAs\":[\"https:\\\/\\\/fjala.info\\\/\"],\"url\":\"https:\\\/\\\/fjala.info\\\/2009-2015\\\/author\\\/admin\\\/\"}]}<\/script>\n<!-- \/ Yoast SEO plugin. -->","yoast_head_json":{"title":"\u201cMosmarr\u00ebveshja\u201d e shqiptarit me \u201cShqiptarin\u201d - FjALA e LIR\u00cb - Arkivi","robots":{"index":"index","follow":"follow","max-snippet":"max-snippet:-1","max-image-preview":"max-image-preview:large","max-video-preview":"max-video-preview:-1"},"canonical":"https:\/\/fjala.info\/2009-2015\/mosmarreveshja-e-shqiptarit-me-shqiptarin\/","og_locale":"sq_AL","og_type":"article","og_title":"\u201cMosmarr\u00ebveshja\u201d e shqiptarit me \u201cShqiptarin\u201d - FjALA e LIR\u00cb - Arkivi","og_description":"Nga Ki\u00e7o Blushi, 10.12.2020 M\u00eb n\u00eb fund nj\u00eb \u201cMosmarr\u00ebveshje\u201d e munguar! Nj\u00eb mosshje\u201d e munguar! Nj\u00eb mos-marr\u00ebveshje e qen\u00eb, e pranishme, send\u00ebrtare, ngat\u00ebrrestare, konfliktuale, por e path\u00ebn\u00eb, d.m.th, e pashkruar. Ky nuk \u00ebsht\u00eb testament i nj\u00eb qytetari t\u00eb zakont\u00eb, por i shkrimtarit Kadare. Ka nj\u00eb ndryshim thelb\u00ebsor mes testamentit t\u00eb nj\u00eb qytetari, qoft\u00eb edhe t\u00eb [&hellip;]","og_url":"https:\/\/fjala.info\/2009-2015\/mosmarreveshja-e-shqiptarit-me-shqiptarin\/","og_site_name":"FjALA e LIR\u00cb - Arkivi","article_published_time":"2010-12-11T11:01:11+00:00","og_image":[{"url":"http:\/\/fjala.shkoder.net\/wp-content\/uploads\/2010\/11\/kico_blushi.jpg","type":"","width":"","height":""}],"author":"admin","twitter_card":"summary_large_image","twitter_misc":{"Written by":"admin","Est. reading time":"10 minutes"},"schema":{"@context":"https:\/\/schema.org","@graph":[{"@type":"Article","@id":"https:\/\/fjala.info\/2009-2015\/mosmarreveshja-e-shqiptarit-me-shqiptarin\/#article","isPartOf":{"@id":"https:\/\/fjala.info\/2009-2015\/mosmarreveshja-e-shqiptarit-me-shqiptarin\/"},"author":{"name":"admin","@id":"https:\/\/fjala.info\/2009-2015\/#\/schema\/person\/3aa1163ef05469c496fc94e77611ada2"},"headline":"\u201cMosmarr\u00ebveshja\u201d e shqiptarit me \u201cShqiptarin\u201d","datePublished":"2010-12-11T11:01:11+00:00","mainEntityOfPage":{"@id":"https:\/\/fjala.info\/2009-2015\/mosmarreveshja-e-shqiptarit-me-shqiptarin\/"},"wordCount":1942,"commentCount":0,"publisher":{"@id":"https:\/\/fjala.info\/2009-2015\/#organization"},"image":{"@id":"https:\/\/fjala.info\/2009-2015\/mosmarreveshja-e-shqiptarit-me-shqiptarin\/#primaryimage"},"thumbnailUrl":"http:\/\/fjala.shkoder.net\/wp-content\/uploads\/2010\/11\/kico_blushi.jpg","articleSection":["Artikuj"],"inLanguage":"sq-AL","potentialAction":[{"@type":"CommentAction","name":"Comment","target":["https:\/\/fjala.info\/2009-2015\/mosmarreveshja-e-shqiptarit-me-shqiptarin\/#respond"]}]},{"@type":"WebPage","@id":"https:\/\/fjala.info\/2009-2015\/mosmarreveshja-e-shqiptarit-me-shqiptarin\/","url":"https:\/\/fjala.info\/2009-2015\/mosmarreveshja-e-shqiptarit-me-shqiptarin\/","name":"\u201cMosmarr\u00ebveshja\u201d e shqiptarit me \u201cShqiptarin\u201d - FjALA e LIR\u00cb - Arkivi","isPartOf":{"@id":"https:\/\/fjala.info\/2009-2015\/#website"},"primaryImageOfPage":{"@id":"https:\/\/fjala.info\/2009-2015\/mosmarreveshja-e-shqiptarit-me-shqiptarin\/#primaryimage"},"image":{"@id":"https:\/\/fjala.info\/2009-2015\/mosmarreveshja-e-shqiptarit-me-shqiptarin\/#primaryimage"},"thumbnailUrl":"http:\/\/fjala.shkoder.net\/wp-content\/uploads\/2010\/11\/kico_blushi.jpg","datePublished":"2010-12-11T11:01:11+00:00","breadcrumb":{"@id":"https:\/\/fjala.info\/2009-2015\/mosmarreveshja-e-shqiptarit-me-shqiptarin\/#breadcrumb"},"inLanguage":"sq-AL","potentialAction":[{"@type":"ReadAction","target":["https:\/\/fjala.info\/2009-2015\/mosmarreveshja-e-shqiptarit-me-shqiptarin\/"]}]},{"@type":"ImageObject","inLanguage":"sq-AL","@id":"https:\/\/fjala.info\/2009-2015\/mosmarreveshja-e-shqiptarit-me-shqiptarin\/#primaryimage","url":"http:\/\/fjala.shkoder.net\/wp-content\/uploads\/2010\/11\/kico_blushi.jpg","contentUrl":"http:\/\/fjala.shkoder.net\/wp-content\/uploads\/2010\/11\/kico_blushi.jpg"},{"@type":"BreadcrumbList","@id":"https:\/\/fjala.info\/2009-2015\/mosmarreveshja-e-shqiptarit-me-shqiptarin\/#breadcrumb","itemListElement":[{"@type":"ListItem","position":1,"name":"Home","item":"https:\/\/fjala.info\/2009-2015\/"},{"@type":"ListItem","position":2,"name":"\u201cMosmarr\u00ebveshja\u201d e shqiptarit me \u201cShqiptarin\u201d"}]},{"@type":"WebSite","@id":"https:\/\/fjala.info\/2009-2015\/#website","url":"https:\/\/fjala.info\/2009-2015\/","name":"FjALA e LIR\u00cb - Arkivi","description":"Arkivi 2009-2015","publisher":{"@id":"https:\/\/fjala.info\/2009-2015\/#organization"},"potentialAction":[{"@type":"SearchAction","target":{"@type":"EntryPoint","urlTemplate":"https:\/\/fjala.info\/2009-2015\/?s={search_term_string}"},"query-input":{"@type":"PropertyValueSpecification","valueRequired":true,"valueName":"search_term_string"}}],"inLanguage":"sq-AL"},{"@type":"Organization","@id":"https:\/\/fjala.info\/2009-2015\/#organization","name":"FjALA e LIR\u00cb - Arkivi","url":"https:\/\/fjala.info\/2009-2015\/","logo":{"@type":"ImageObject","inLanguage":"sq-AL","@id":"https:\/\/fjala.info\/2009-2015\/#\/schema\/logo\/image\/","url":"","contentUrl":"","caption":"FjALA e LIR\u00cb - Arkivi"},"image":{"@id":"https:\/\/fjala.info\/2009-2015\/#\/schema\/logo\/image\/"}},{"@type":"Person","@id":"https:\/\/fjala.info\/2009-2015\/#\/schema\/person\/3aa1163ef05469c496fc94e77611ada2","name":"admin","image":{"@type":"ImageObject","inLanguage":"sq-AL","@id":"https:\/\/fjala.info\/2009-2015\/wp-content\/uploads\/2012\/02\/arben_cokaj-120x150.jpg","url":"https:\/\/fjala.info\/2009-2015\/wp-content\/uploads\/2012\/02\/arben_cokaj-120x150.jpg","contentUrl":"https:\/\/fjala.info\/2009-2015\/wp-content\/uploads\/2012\/02\/arben_cokaj-120x150.jpg","caption":"admin"},"description":"Admin, Fjala e Lir\u00eb","sameAs":["https:\/\/fjala.info\/"],"url":"https:\/\/fjala.info\/2009-2015\/author\/admin\/"}]}},"_links":{"self":[{"href":"https:\/\/fjala.info\/2009-2015\/wp-json\/wp\/v2\/posts\/5190","targetHints":{"allow":["GET"]}}],"collection":[{"href":"https:\/\/fjala.info\/2009-2015\/wp-json\/wp\/v2\/posts"}],"about":[{"href":"https:\/\/fjala.info\/2009-2015\/wp-json\/wp\/v2\/types\/post"}],"author":[{"embeddable":true,"href":"https:\/\/fjala.info\/2009-2015\/wp-json\/wp\/v2\/users\/1"}],"replies":[{"embeddable":true,"href":"https:\/\/fjala.info\/2009-2015\/wp-json\/wp\/v2\/comments?post=5190"}],"version-history":[{"count":0,"href":"https:\/\/fjala.info\/2009-2015\/wp-json\/wp\/v2\/posts\/5190\/revisions"}],"wp:attachment":[{"href":"https:\/\/fjala.info\/2009-2015\/wp-json\/wp\/v2\/media?parent=5190"}],"wp:term":[{"taxonomy":"category","embeddable":true,"href":"https:\/\/fjala.info\/2009-2015\/wp-json\/wp\/v2\/categories?post=5190"},{"taxonomy":"post_tag","embeddable":true,"href":"https:\/\/fjala.info\/2009-2015\/wp-json\/wp\/v2\/tags?post=5190"}],"curies":[{"name":"wp","href":"https:\/\/api.w.org\/{rel}","templated":true}]}}