{"id":519,"date":"2011-12-06T21:30:03","date_gmt":"2011-12-06T20:30:03","guid":{"rendered":"http:\/\/fjala.shkoder.net\/?p=519"},"modified":"2011-12-06T21:30:03","modified_gmt":"2011-12-06T20:30:03","slug":"a-duhet-te-jene-letraret-armiq-mes-tyre","status":"publish","type":"post","link":"https:\/\/fjala.info\/2009-2015\/a-duhet-te-jene-letraret-armiq-mes-tyre\/","title":{"rendered":"A duhet t\u00eb jen\u00eb letrar\u00ebt armiq mes tyre?"},"content":{"rendered":"<p><img decoding=\"async\" class=\"alignright size-thumbnail wp-image-7236\" title=\"Arjan Th. Kall\u00e7o\" src=\"http:\/\/www.shkoder.net\/images\/fjala\/2011\/arjan_kallco.jpg\" alt=\"\" width=\"150\" \/> <strong>Arjan Th. Kall\u00e7o<\/strong><\/p>\n<p>Ka koh\u00eb q\u00eb shtypi shqiptar \u00ebsht\u00eb mbushur me artikuj t\u00eb pafund, me sulme dhe kund\u00ebrsulme, q\u00eb po nxjerrin n\u00eb pah mllefin e madh t\u00eb fshehur nd\u00ebr vite. Vet\u00ebm pak dit\u00eb m\u00eb par\u00eb n\u00eb dy faqe gazete sulmi nuk ishte i nj\u00ebansh\u00ebm, por i kat\u00ebransh\u00ebm, apo e th\u00ebn\u00eb me pak ironi nj\u00eb i vet\u00ebm kund\u00ebr kat\u00ebr shkrimtar\u00ebve. Nuk po marr rolin e gjykat\u00ebsit, por m\u00eb ndodhi q\u00eb isha n\u00eb Tiran\u00eb dhe shk\u00ebmbeva disa fjal\u00eb me nj\u00eb mikun tim, letrar dhe ai. Nuk ka asnj\u00eb shpjegim kjo furtun\u00eb, p\u00ebr m\u00eb tep\u00ebr n\u00eb k\u00ebt\u00eb kriz\u00eb totale shqiptare, natyrisht e ndikuar edhe nga shum\u00eb faktor\u00eb t\u00eb tjer\u00eb q\u00eb lidhen me fije t\u00eb shumta dhe t\u00eb padukshme konkurence t\u00eb pandershme. Nuk ka kuptim q\u00eb k\u00ebto beteja t\u00eb zhvillohen n\u00eb k\u00ebt\u00eb farsoji, me shkrime q\u00eb n\u00eb thelb nuk kan\u00eb aspak etik\u00ebn e nj\u00eb njeriu t\u00eb letrave, por jan\u00eb modele fatkeqe t\u00eb frym\u00ebzuara nga betejat q\u00eb \u00e7do dit\u00eb zhvillojn\u00eb politikan\u00ebt shqiptar\u00eb n\u00eb ekrane dhe gazeta, p\u00ebr t\u00eb mos folur p\u00ebr maskarad\u00ebn q\u00eb zhvillohet n\u00eb Parlament.<\/p>\n<p>Po \u00e7far\u00eb synohet me k\u00ebto shkrime? Nj\u00eb zot e merr vesh pse sh\u00ebrret kan\u00eb p\u00ebrfshir\u00eb t\u00eb gjitha qarqet letrare dhe ato letrare politike. P\u00ebrplasje kulturash, vlerash apo histerizma t\u00eb pakuptimta politike? N\u00ebse do t\u00eb ishte p\u00ebrplasje vlerash, hallall q\u00eb m\u00eb n\u00eb fund do t\u00eb lexonim pak kritik\u00eb, por jan\u00eb sulme q\u00eb na nxjerrin n\u00eb pah sesa t\u00eb thella paskan q\u00ebn\u00eb pun\u00ebt dhe sa t\u00eb tilla jan\u00eb ende sot. Pra njeriu \u00ebsht\u00eb q\u00ebnia m\u00eb e \u00e7uditshme dhe q\u00eb edhe pse n\u00eb kultur\u00eb duhet t\u00eb kemi ballafaqim vlerash, nuk ndalemi dot para tundimeve p\u00ebr t\u2019i asfiksuar kund\u00ebrshtar\u00ebt. Ndoshta konkursi i Ministris\u00eb s\u00eb Kultur\u00ebs po troket dhe si gjithmon\u00eb shaj se duhet shar\u00eb, damkos se duhet damkosur, edhe sikur nj\u00eb pjes\u00eb e madhe t\u00eb jen\u00eb t\u00eb v\u00ebrteta, por q\u00eb ting\u00ebllojn\u00eb keq.<\/p>\n<p>E kuptoj zem\u00ebrimin e disa letrar\u00ebve dhe ndoshta kan\u00eb t\u00eb drejt\u00eb p\u00ebr faktin sesi ven\u00eb pun\u00ebt n\u00eb \u00e7do fundviti. Por q\u00eb t\u00eb mos p\u00ebrmbahen dot dhe t\u2019i kap\u00ebrcejn\u00eb t\u00eb gjitha caqet, kjo \u00ebsht\u00eb e pafalshme. Sa shum\u00eb xhelozi e fshehur n\u00eb shpirt q\u00eb shp\u00ebrthen k\u00ebshtu papritur me t\u00eb gjith\u00eb furin\u00eb e vet, duke e d\u00ebmtuar r\u00ebnd\u00eb klim\u00ebn dhe frym\u00ebn e kritik\u00ebs s\u00eb v\u00ebrtet\u00eb ndaj veprave letrare. Jemi m\u00ebsuar edhe me k\u00ebt\u00eb lloj tensioni q\u00eb shpesh b\u00ebhet artificial dhe q\u00eb synon larg. M\u00eb vjen keq q\u00eb ky lloj spektakli i zbeht\u00eb ka vite q\u00eb po zhvillohet n\u00ebn petkun e liris\u00eb q\u00eb shkrimtar\u00ebt kan\u00eb marr\u00eb n\u00eb saj\u00eb t\u00eb nd\u00ebrimit t\u00eb sistemeve, disa t\u00eb verbuar krejt\u00ebsisht nga demokracia. Po m\u00eb par\u00eb si b\u00ebnin? Megjithat\u00eb do t\u00eb m\u00eb vinte mir\u00eb sikur t\u00eb ishte p\u00ebrplasje vlerash t\u00eb brezave, ku t\u00eb b\u00ebhej dallimi i let\u00ebrsis\u00eb q\u00eb u krijua n\u00eb \u201cdiktatur\u00eb\u201d dhe asaj q\u00eb po krijohet n\u00eb \u201cdemokraci\u201d.<\/p>\n<p>N\u00eb k\u00ebt\u00eb pik\u00eb debatet do t\u00eb kishin shum\u00eb vlera q\u00eb do t\u00eb lidheshin me vepra q\u00eb n\u00ebse sot jan\u00eb n\u00eb majat e let\u00ebrsis\u00eb mbar\u00ebkomb\u00ebtare dhe pse jo edhe m\u00eb gjer\u00eb. Pra duke mos patur asnj\u00eb mund\u00ebsi q\u00eb t\u00eb p\u00ebrballemi me k\u00ebto vlera, p\u00ebrballemi me fjal\u00eb burracak\u00ebsh se kush je ti dhe kush jam un\u00eb. Historia e let\u00ebrsis\u00eb son\u00eb n\u00eb k\u00ebto dy dekada si pasoj\u00eb e k\u00ebtij lloji mllefi, doli e gjitha n\u00eb drit\u00eb, por dol\u00ebn edhe pas kuintave, prapaskenat dhe shum\u00eb marifete t\u00eb tjera. A kemi nevoj\u00eb p\u00ebr k\u00ebto beteja? Un\u00eb mendoj se \u00ebsht\u00eb e kot\u00eb t\u00eb merresh me to, pasi nuk thon\u00eb asgj\u00eb tjet\u00ebr, ve\u00e7 at\u00eb q\u00eb do t\u00eb thon\u00eb pasardh\u00ebsit tan\u00eb kur edhe ata t\u00eb \u201cdiskutojn\u00eb\u201d, shpresoj q\u00eb t\u00eb ket\u00eb ndryshuar mentaliteti deri at\u00ebher\u00eb, p\u00ebr t\u00eb kaluar\u00ebn n\u00ebn \u201cshoq\u00ebrin\u00eb e drejt\u00eb t\u00eb demokracis\u00eb shqiptare\u201d.<\/p>\n<p>Uroj q\u00eb edhe ata t\u00eb mos nisen nga k\u00ebto mllefe dhe nga k\u00ebndv\u00ebshtrime t\u00eb gabuara apo m\u00eb keq akoma nga gjykime banale politke. Por historia e let\u00ebrsis\u00eb bot\u00ebrore I ka t\u00eb shumta rastet q\u00eb lidhen me debate t\u00eb tilla, edhe mes vet\u00eb shkrimtar\u00ebve q\u00eb kan\u00eb q\u00ebn\u00eb n\u00eb kulmin e fam\u00ebs s\u00eb tyre, bile q\u00eb n\u00eb momentin e shpalljes s\u00eb kandidaturave p\u00ebr Nobel. Rasti m\u00eb i fresk\u00ebt q\u00eb na ofrojn\u00eb arkivat italiane flasin qart\u00eb se xhelozia dhe mllefi jan\u00eb t\u00eb pandara edhe me tre prej poet\u00ebve m\u00eb n\u00eb z\u00eb t\u00eb Hermetizmit. \u00cbsht\u00eb viti i larg\u00ebt 1968, muaji shkurt kur poeti Xhuzepe Ungareti mbushi 80 vjet. Nj\u00eb dokumet tep\u00ebr i ve\u00e7ant\u00eb nxjerr n\u00eb pah \u201cmiq\u00ebsin\u00eb\u201d e madhe midis tre poet\u00ebve hermetik\u00eb italian\u00eb. Festojn\u00eb bashk\u00eb me ish kryeministrin Moro dat\u00eblindjen e babait t\u00eb Hermetizmit, ose nj\u00ebrit prej frym\u00ebzuesve t\u00eb tij.<\/p>\n<p>Klima n\u00eb dukje \u00ebsht\u00eb tep\u00ebr festive, shum\u00eb e p\u00ebrzem\u00ebrt, por pas fshihet nj\u00eb hipokrizi q\u00eb p\u00ebrpiqen ta kamuflojn\u00eb duke q\u00ebn\u00eb n\u00eb mosh\u00eb t\u00eb madhe. T\u00eb tre poet\u00ebt p\u00ebrqafohen dhe puthen, pra kortezia nuk mungon, porn \u00eb syt\u00eb e publikut, \u201cmiqt\u00eb tregohen m\u00eb miq se dikur. Quazimodo q\u00eb e merr fjal\u00ebn i pari thot\u00eb : \u00cbsht\u00eb nj\u00eb shenj\u00eb e sakt\u00eb e qytet\u00ebrimit q\u00eb qeveria italiane i b\u00ebn homazh poezis\u00eb n\u00eb nj\u00eb periudh\u00eb n\u00eb t\u00eb cil\u00ebn njeriu \u00ebsht\u00eb n\u00eb kriz\u00eb shpirt\u00ebrore, sociale dhe sociologjike (pse ka kriz\u00eb kapitalizmi?). E p\u00ebrcakton Ungaretin nj\u00eb mjesht\u00ebr t\u00eb poezis\u00eb bashk\u00ebkohore\u2026 \u00c7far\u00eb i detyrohet let\u00ebrsia italiane Ungaretit e ka th\u00ebn\u00eb kritika. Brezat e rinj nuk mund ta harrojn\u00eb k\u00ebt\u00eb em\u00ebr t\u00eb madh. N\u00eb mbyllje thekson faktin se Ungareti \u00ebsht\u00eb miku im prej shum\u00eb koh\u00ebsh dhe v\u00ebllai im n\u00eb poezi. Montale \u00ebsht\u00eb m\u00eb i drejtp\u00ebrdrejt\u00eb : \u201cUngareti shkroi Porti i varrosur n\u00eb vitin 1916 dhe tash n\u00eb mosh\u00ebn 80 vje\u00e7are po shkruan poezi dashurie.<\/p>\n<p>\u00cbsht\u00eb e rral\u00eb q\u00eb nj\u00eb poet t\u00eb vazhdoj\u00eb t\u00eb shkruaj\u00eb n\u00eb k\u00ebt\u00eb mosh\u00eb, por kjo nuk mungon edhe m\u00eb par\u00eb tij. Hygoi i shkroi poezit\u00eb e tij m\u00eb t\u00eb mira n\u00eb mosh\u00ebn 80 vje\u00e7are. Q\u00eb Ungareti t\u00eb shkruaj\u00eb p\u00ebr dashurin\u00eb \u00ebsht\u00eb m\u00eb befasuese, kjo tregon sesa i madh \u00ebsht\u00eb vitaliteti i tij dhe besimi tek jeta dhe poezia\u201d. Ungareti falenderon m\u00eb par\u00eb poet\u00ebt duke th\u00ebn\u00eb : duke ardhur k\u00ebtu treguan se midis poet\u00ebve ka nj\u00eb solidaritet jo vet\u00ebm njer\u00ebzor, por mes njer\u00ebzve q\u00eb shpresojn\u00eb n\u00eb nj\u00eb t\u00eb ardhme ku poezia, liria, barazia njer\u00ebzore t\u00eb triumfojn\u00eb. E par\u00eb n\u00eb k\u00ebt\u00eb priz\u00ebm, por edhe nga ata q\u00eb nuk e kan\u00eb njohur historin\u00eb e v\u00ebrtet\u00eb t\u00eb tyre, do t\u00eb habiteshin me k\u00ebt\u00eb respekt t\u00eb nd\u00ebrsjellt\u00eb poet\u00ebsh, por pot \u00eb rr\u00ebmosh pak n\u00eb histori ja se \u00e7far\u00eb na del.<\/p>\n<p>N\u00eb vjesht\u00ebn e vitit 1959 kur Quiazimodo mori \u00c7mimin Nobel n\u00eb Let\u00ebrsi, Ungareti u t\u00ebrbua fare dhe e p\u00ebrshkroi kolegun e vet nj\u00eb papagall dhe pala\u00e7o. Gjithshtu tha se u b\u00eb profesor nga Musolini, nd\u00ebrsa realisht u b\u00eb profesor n\u00eb Konservatorin e Milanos n\u00eb 1941 nga fama e tij. Nobelisti Montale kur u em\u00ebrua senator i p\u00ebrjetsh\u00ebm n\u00eb vitin 1967, pati gjykimin e pam\u00ebshirsh\u00ebm p\u00ebrs\u00ebri prej Ungaretit q\u00eb shp\u00ebrtheu : Monate senator\/Ungareti b\u00ebn dashuri. Montalja nga ana e tij e shpotiste, duke folur p\u00ebr Ungaretin si \u201cmaja m\u00eb e lart\u00eb\u201d.<\/p>\n","protected":false},"excerpt":{"rendered":"<p>Arjan Th. Kall\u00e7o Ka koh\u00eb q\u00eb shtypi shqiptar \u00ebsht\u00eb mbushur me artikuj t\u00eb pafund, me sulme dhe kund\u00ebrsulme, q\u00eb po nxjerrin n\u00eb pah mllefin e madh t\u00eb fshehur nd\u00ebr vite. Vet\u00ebm pak dit\u00eb m\u00eb par\u00eb n\u00eb dy faqe gazete sulmi nuk ishte i nj\u00ebansh\u00ebm, por i kat\u00ebransh\u00ebm, apo e th\u00ebn\u00eb me pak ironi nj\u00eb i [&hellip;]<\/p>\n","protected":false},"author":1,"featured_media":0,"comment_status":"open","ping_status":"closed","sticky":false,"template":"","format":"standard","meta":{"footnotes":""},"categories":[2],"tags":[],"class_list":{"0":"post-519","1":"post","2":"type-post","3":"status-publish","4":"format-standard","6":"category-artikuj"},"yoast_head":"<!-- This site is optimized with the Yoast SEO plugin v27.4 - https:\/\/yoast.com\/product\/yoast-seo-wordpress\/ -->\n<title>A duhet t\u00eb jen\u00eb letrar\u00ebt armiq mes tyre? - FjALA e LIR\u00cb - Arkivi<\/title>\n<meta name=\"robots\" content=\"index, follow, max-snippet:-1, max-image-preview:large, max-video-preview:-1\" \/>\n<link rel=\"canonical\" href=\"https:\/\/fjala.info\/2009-2015\/a-duhet-te-jene-letraret-armiq-mes-tyre\/\" \/>\n<meta property=\"og:locale\" content=\"sq_AL\" \/>\n<meta property=\"og:type\" content=\"article\" \/>\n<meta property=\"og:title\" content=\"A duhet t\u00eb jen\u00eb letrar\u00ebt armiq mes tyre? - FjALA e LIR\u00cb - Arkivi\" \/>\n<meta property=\"og:description\" content=\"Arjan Th. Kall\u00e7o Ka koh\u00eb q\u00eb shtypi shqiptar \u00ebsht\u00eb mbushur me artikuj t\u00eb pafund, me sulme dhe kund\u00ebrsulme, q\u00eb po nxjerrin n\u00eb pah mllefin e madh t\u00eb fshehur nd\u00ebr vite. Vet\u00ebm pak dit\u00eb m\u00eb par\u00eb n\u00eb dy faqe gazete sulmi nuk ishte i nj\u00ebansh\u00ebm, por i kat\u00ebransh\u00ebm, apo e th\u00ebn\u00eb me pak ironi nj\u00eb i [&hellip;]\" \/>\n<meta property=\"og:url\" content=\"https:\/\/fjala.info\/2009-2015\/a-duhet-te-jene-letraret-armiq-mes-tyre\/\" \/>\n<meta property=\"og:site_name\" content=\"FjALA e LIR\u00cb - Arkivi\" \/>\n<meta property=\"article:published_time\" content=\"2011-12-06T20:30:03+00:00\" \/>\n<meta property=\"og:image\" content=\"http:\/\/www.shkoder.net\/images\/fjala\/2011\/arjan_kallco.jpg\" \/>\n<meta name=\"author\" content=\"admin\" \/>\n<meta name=\"twitter:card\" content=\"summary_large_image\" \/>\n<meta name=\"twitter:label1\" content=\"Written by\" \/>\n\t<meta name=\"twitter:data1\" content=\"admin\" \/>\n\t<meta name=\"twitter:label2\" content=\"Est. reading time\" \/>\n\t<meta name=\"twitter:data2\" content=\"6 minutes\" \/>\n<script type=\"application\/ld+json\" class=\"yoast-schema-graph\">{\"@context\":\"https:\\\/\\\/schema.org\",\"@graph\":[{\"@type\":\"Article\",\"@id\":\"https:\\\/\\\/fjala.info\\\/2009-2015\\\/a-duhet-te-jene-letraret-armiq-mes-tyre\\\/#article\",\"isPartOf\":{\"@id\":\"https:\\\/\\\/fjala.info\\\/2009-2015\\\/a-duhet-te-jene-letraret-armiq-mes-tyre\\\/\"},\"author\":{\"name\":\"admin\",\"@id\":\"https:\\\/\\\/fjala.info\\\/2009-2015\\\/#\\\/schema\\\/person\\\/3aa1163ef05469c496fc94e77611ada2\"},\"headline\":\"A duhet t\u00eb jen\u00eb letrar\u00ebt armiq mes tyre?\",\"datePublished\":\"2011-12-06T20:30:03+00:00\",\"mainEntityOfPage\":{\"@id\":\"https:\\\/\\\/fjala.info\\\/2009-2015\\\/a-duhet-te-jene-letraret-armiq-mes-tyre\\\/\"},\"wordCount\":1269,\"commentCount\":1,\"publisher\":{\"@id\":\"https:\\\/\\\/fjala.info\\\/2009-2015\\\/#organization\"},\"image\":{\"@id\":\"https:\\\/\\\/fjala.info\\\/2009-2015\\\/a-duhet-te-jene-letraret-armiq-mes-tyre\\\/#primaryimage\"},\"thumbnailUrl\":\"http:\\\/\\\/www.shkoder.net\\\/images\\\/fjala\\\/2011\\\/arjan_kallco.jpg\",\"articleSection\":[\"Artikuj\"],\"inLanguage\":\"sq-AL\",\"potentialAction\":[{\"@type\":\"CommentAction\",\"name\":\"Comment\",\"target\":[\"https:\\\/\\\/fjala.info\\\/2009-2015\\\/a-duhet-te-jene-letraret-armiq-mes-tyre\\\/#respond\"]}]},{\"@type\":\"WebPage\",\"@id\":\"https:\\\/\\\/fjala.info\\\/2009-2015\\\/a-duhet-te-jene-letraret-armiq-mes-tyre\\\/\",\"url\":\"https:\\\/\\\/fjala.info\\\/2009-2015\\\/a-duhet-te-jene-letraret-armiq-mes-tyre\\\/\",\"name\":\"A duhet t\u00eb jen\u00eb letrar\u00ebt armiq mes tyre? - FjALA e LIR\u00cb - Arkivi\",\"isPartOf\":{\"@id\":\"https:\\\/\\\/fjala.info\\\/2009-2015\\\/#website\"},\"primaryImageOfPage\":{\"@id\":\"https:\\\/\\\/fjala.info\\\/2009-2015\\\/a-duhet-te-jene-letraret-armiq-mes-tyre\\\/#primaryimage\"},\"image\":{\"@id\":\"https:\\\/\\\/fjala.info\\\/2009-2015\\\/a-duhet-te-jene-letraret-armiq-mes-tyre\\\/#primaryimage\"},\"thumbnailUrl\":\"http:\\\/\\\/www.shkoder.net\\\/images\\\/fjala\\\/2011\\\/arjan_kallco.jpg\",\"datePublished\":\"2011-12-06T20:30:03+00:00\",\"breadcrumb\":{\"@id\":\"https:\\\/\\\/fjala.info\\\/2009-2015\\\/a-duhet-te-jene-letraret-armiq-mes-tyre\\\/#breadcrumb\"},\"inLanguage\":\"sq-AL\",\"potentialAction\":[{\"@type\":\"ReadAction\",\"target\":[\"https:\\\/\\\/fjala.info\\\/2009-2015\\\/a-duhet-te-jene-letraret-armiq-mes-tyre\\\/\"]}]},{\"@type\":\"ImageObject\",\"inLanguage\":\"sq-AL\",\"@id\":\"https:\\\/\\\/fjala.info\\\/2009-2015\\\/a-duhet-te-jene-letraret-armiq-mes-tyre\\\/#primaryimage\",\"url\":\"http:\\\/\\\/www.shkoder.net\\\/images\\\/fjala\\\/2011\\\/arjan_kallco.jpg\",\"contentUrl\":\"http:\\\/\\\/www.shkoder.net\\\/images\\\/fjala\\\/2011\\\/arjan_kallco.jpg\"},{\"@type\":\"BreadcrumbList\",\"@id\":\"https:\\\/\\\/fjala.info\\\/2009-2015\\\/a-duhet-te-jene-letraret-armiq-mes-tyre\\\/#breadcrumb\",\"itemListElement\":[{\"@type\":\"ListItem\",\"position\":1,\"name\":\"Home\",\"item\":\"https:\\\/\\\/fjala.info\\\/2009-2015\\\/\"},{\"@type\":\"ListItem\",\"position\":2,\"name\":\"A duhet t\u00eb jen\u00eb letrar\u00ebt armiq mes tyre?\"}]},{\"@type\":\"WebSite\",\"@id\":\"https:\\\/\\\/fjala.info\\\/2009-2015\\\/#website\",\"url\":\"https:\\\/\\\/fjala.info\\\/2009-2015\\\/\",\"name\":\"FjALA e LIR\u00cb - Arkivi\",\"description\":\"Arkivi 2009-2015\",\"publisher\":{\"@id\":\"https:\\\/\\\/fjala.info\\\/2009-2015\\\/#organization\"},\"potentialAction\":[{\"@type\":\"SearchAction\",\"target\":{\"@type\":\"EntryPoint\",\"urlTemplate\":\"https:\\\/\\\/fjala.info\\\/2009-2015\\\/?s={search_term_string}\"},\"query-input\":{\"@type\":\"PropertyValueSpecification\",\"valueRequired\":true,\"valueName\":\"search_term_string\"}}],\"inLanguage\":\"sq-AL\"},{\"@type\":\"Organization\",\"@id\":\"https:\\\/\\\/fjala.info\\\/2009-2015\\\/#organization\",\"name\":\"FjALA e LIR\u00cb - Arkivi\",\"url\":\"https:\\\/\\\/fjala.info\\\/2009-2015\\\/\",\"logo\":{\"@type\":\"ImageObject\",\"inLanguage\":\"sq-AL\",\"@id\":\"https:\\\/\\\/fjala.info\\\/2009-2015\\\/#\\\/schema\\\/logo\\\/image\\\/\",\"url\":\"\",\"contentUrl\":\"\",\"caption\":\"FjALA e LIR\u00cb - Arkivi\"},\"image\":{\"@id\":\"https:\\\/\\\/fjala.info\\\/2009-2015\\\/#\\\/schema\\\/logo\\\/image\\\/\"}},{\"@type\":\"Person\",\"@id\":\"https:\\\/\\\/fjala.info\\\/2009-2015\\\/#\\\/schema\\\/person\\\/3aa1163ef05469c496fc94e77611ada2\",\"name\":\"admin\",\"image\":{\"@type\":\"ImageObject\",\"inLanguage\":\"sq-AL\",\"@id\":\"https:\\\/\\\/fjala.info\\\/2009-2015\\\/wp-content\\\/uploads\\\/2012\\\/02\\\/arben_cokaj-120x150.jpg\",\"url\":\"https:\\\/\\\/fjala.info\\\/2009-2015\\\/wp-content\\\/uploads\\\/2012\\\/02\\\/arben_cokaj-120x150.jpg\",\"contentUrl\":\"https:\\\/\\\/fjala.info\\\/2009-2015\\\/wp-content\\\/uploads\\\/2012\\\/02\\\/arben_cokaj-120x150.jpg\",\"caption\":\"admin\"},\"description\":\"Admin, Fjala e Lir\u00eb\",\"sameAs\":[\"https:\\\/\\\/fjala.info\\\/\"],\"url\":\"https:\\\/\\\/fjala.info\\\/2009-2015\\\/author\\\/admin\\\/\"}]}<\/script>\n<!-- \/ Yoast SEO plugin. -->","yoast_head_json":{"title":"A duhet t\u00eb jen\u00eb letrar\u00ebt armiq mes tyre? - FjALA e LIR\u00cb - Arkivi","robots":{"index":"index","follow":"follow","max-snippet":"max-snippet:-1","max-image-preview":"max-image-preview:large","max-video-preview":"max-video-preview:-1"},"canonical":"https:\/\/fjala.info\/2009-2015\/a-duhet-te-jene-letraret-armiq-mes-tyre\/","og_locale":"sq_AL","og_type":"article","og_title":"A duhet t\u00eb jen\u00eb letrar\u00ebt armiq mes tyre? - FjALA e LIR\u00cb - Arkivi","og_description":"Arjan Th. Kall\u00e7o Ka koh\u00eb q\u00eb shtypi shqiptar \u00ebsht\u00eb mbushur me artikuj t\u00eb pafund, me sulme dhe kund\u00ebrsulme, q\u00eb po nxjerrin n\u00eb pah mllefin e madh t\u00eb fshehur nd\u00ebr vite. Vet\u00ebm pak dit\u00eb m\u00eb par\u00eb n\u00eb dy faqe gazete sulmi nuk ishte i nj\u00ebansh\u00ebm, por i kat\u00ebransh\u00ebm, apo e th\u00ebn\u00eb me pak ironi nj\u00eb i [&hellip;]","og_url":"https:\/\/fjala.info\/2009-2015\/a-duhet-te-jene-letraret-armiq-mes-tyre\/","og_site_name":"FjALA e LIR\u00cb - Arkivi","article_published_time":"2011-12-06T20:30:03+00:00","og_image":[{"url":"http:\/\/www.shkoder.net\/images\/fjala\/2011\/arjan_kallco.jpg","type":"","width":"","height":""}],"author":"admin","twitter_card":"summary_large_image","twitter_misc":{"Written by":"admin","Est. reading time":"6 minutes"},"schema":{"@context":"https:\/\/schema.org","@graph":[{"@type":"Article","@id":"https:\/\/fjala.info\/2009-2015\/a-duhet-te-jene-letraret-armiq-mes-tyre\/#article","isPartOf":{"@id":"https:\/\/fjala.info\/2009-2015\/a-duhet-te-jene-letraret-armiq-mes-tyre\/"},"author":{"name":"admin","@id":"https:\/\/fjala.info\/2009-2015\/#\/schema\/person\/3aa1163ef05469c496fc94e77611ada2"},"headline":"A duhet t\u00eb jen\u00eb letrar\u00ebt armiq mes tyre?","datePublished":"2011-12-06T20:30:03+00:00","mainEntityOfPage":{"@id":"https:\/\/fjala.info\/2009-2015\/a-duhet-te-jene-letraret-armiq-mes-tyre\/"},"wordCount":1269,"commentCount":1,"publisher":{"@id":"https:\/\/fjala.info\/2009-2015\/#organization"},"image":{"@id":"https:\/\/fjala.info\/2009-2015\/a-duhet-te-jene-letraret-armiq-mes-tyre\/#primaryimage"},"thumbnailUrl":"http:\/\/www.shkoder.net\/images\/fjala\/2011\/arjan_kallco.jpg","articleSection":["Artikuj"],"inLanguage":"sq-AL","potentialAction":[{"@type":"CommentAction","name":"Comment","target":["https:\/\/fjala.info\/2009-2015\/a-duhet-te-jene-letraret-armiq-mes-tyre\/#respond"]}]},{"@type":"WebPage","@id":"https:\/\/fjala.info\/2009-2015\/a-duhet-te-jene-letraret-armiq-mes-tyre\/","url":"https:\/\/fjala.info\/2009-2015\/a-duhet-te-jene-letraret-armiq-mes-tyre\/","name":"A duhet t\u00eb jen\u00eb letrar\u00ebt armiq mes tyre? - FjALA e LIR\u00cb - Arkivi","isPartOf":{"@id":"https:\/\/fjala.info\/2009-2015\/#website"},"primaryImageOfPage":{"@id":"https:\/\/fjala.info\/2009-2015\/a-duhet-te-jene-letraret-armiq-mes-tyre\/#primaryimage"},"image":{"@id":"https:\/\/fjala.info\/2009-2015\/a-duhet-te-jene-letraret-armiq-mes-tyre\/#primaryimage"},"thumbnailUrl":"http:\/\/www.shkoder.net\/images\/fjala\/2011\/arjan_kallco.jpg","datePublished":"2011-12-06T20:30:03+00:00","breadcrumb":{"@id":"https:\/\/fjala.info\/2009-2015\/a-duhet-te-jene-letraret-armiq-mes-tyre\/#breadcrumb"},"inLanguage":"sq-AL","potentialAction":[{"@type":"ReadAction","target":["https:\/\/fjala.info\/2009-2015\/a-duhet-te-jene-letraret-armiq-mes-tyre\/"]}]},{"@type":"ImageObject","inLanguage":"sq-AL","@id":"https:\/\/fjala.info\/2009-2015\/a-duhet-te-jene-letraret-armiq-mes-tyre\/#primaryimage","url":"http:\/\/www.shkoder.net\/images\/fjala\/2011\/arjan_kallco.jpg","contentUrl":"http:\/\/www.shkoder.net\/images\/fjala\/2011\/arjan_kallco.jpg"},{"@type":"BreadcrumbList","@id":"https:\/\/fjala.info\/2009-2015\/a-duhet-te-jene-letraret-armiq-mes-tyre\/#breadcrumb","itemListElement":[{"@type":"ListItem","position":1,"name":"Home","item":"https:\/\/fjala.info\/2009-2015\/"},{"@type":"ListItem","position":2,"name":"A duhet t\u00eb jen\u00eb letrar\u00ebt armiq mes tyre?"}]},{"@type":"WebSite","@id":"https:\/\/fjala.info\/2009-2015\/#website","url":"https:\/\/fjala.info\/2009-2015\/","name":"FjALA e LIR\u00cb - Arkivi","description":"Arkivi 2009-2015","publisher":{"@id":"https:\/\/fjala.info\/2009-2015\/#organization"},"potentialAction":[{"@type":"SearchAction","target":{"@type":"EntryPoint","urlTemplate":"https:\/\/fjala.info\/2009-2015\/?s={search_term_string}"},"query-input":{"@type":"PropertyValueSpecification","valueRequired":true,"valueName":"search_term_string"}}],"inLanguage":"sq-AL"},{"@type":"Organization","@id":"https:\/\/fjala.info\/2009-2015\/#organization","name":"FjALA e LIR\u00cb - Arkivi","url":"https:\/\/fjala.info\/2009-2015\/","logo":{"@type":"ImageObject","inLanguage":"sq-AL","@id":"https:\/\/fjala.info\/2009-2015\/#\/schema\/logo\/image\/","url":"","contentUrl":"","caption":"FjALA e LIR\u00cb - Arkivi"},"image":{"@id":"https:\/\/fjala.info\/2009-2015\/#\/schema\/logo\/image\/"}},{"@type":"Person","@id":"https:\/\/fjala.info\/2009-2015\/#\/schema\/person\/3aa1163ef05469c496fc94e77611ada2","name":"admin","image":{"@type":"ImageObject","inLanguage":"sq-AL","@id":"https:\/\/fjala.info\/2009-2015\/wp-content\/uploads\/2012\/02\/arben_cokaj-120x150.jpg","url":"https:\/\/fjala.info\/2009-2015\/wp-content\/uploads\/2012\/02\/arben_cokaj-120x150.jpg","contentUrl":"https:\/\/fjala.info\/2009-2015\/wp-content\/uploads\/2012\/02\/arben_cokaj-120x150.jpg","caption":"admin"},"description":"Admin, Fjala e Lir\u00eb","sameAs":["https:\/\/fjala.info\/"],"url":"https:\/\/fjala.info\/2009-2015\/author\/admin\/"}]}},"_links":{"self":[{"href":"https:\/\/fjala.info\/2009-2015\/wp-json\/wp\/v2\/posts\/519","targetHints":{"allow":["GET"]}}],"collection":[{"href":"https:\/\/fjala.info\/2009-2015\/wp-json\/wp\/v2\/posts"}],"about":[{"href":"https:\/\/fjala.info\/2009-2015\/wp-json\/wp\/v2\/types\/post"}],"author":[{"embeddable":true,"href":"https:\/\/fjala.info\/2009-2015\/wp-json\/wp\/v2\/users\/1"}],"replies":[{"embeddable":true,"href":"https:\/\/fjala.info\/2009-2015\/wp-json\/wp\/v2\/comments?post=519"}],"version-history":[{"count":0,"href":"https:\/\/fjala.info\/2009-2015\/wp-json\/wp\/v2\/posts\/519\/revisions"}],"wp:attachment":[{"href":"https:\/\/fjala.info\/2009-2015\/wp-json\/wp\/v2\/media?parent=519"}],"wp:term":[{"taxonomy":"category","embeddable":true,"href":"https:\/\/fjala.info\/2009-2015\/wp-json\/wp\/v2\/categories?post=519"},{"taxonomy":"post_tag","embeddable":true,"href":"https:\/\/fjala.info\/2009-2015\/wp-json\/wp\/v2\/tags?post=519"}],"curies":[{"name":"wp","href":"https:\/\/api.w.org\/{rel}","templated":true}]}}