{"id":5187,"date":"2010-12-11T11:52:13","date_gmt":"2010-12-11T10:52:13","guid":{"rendered":"http:\/\/fjala.shkoder.net\/?p=5187"},"modified":"2010-12-11T11:52:13","modified_gmt":"2010-12-11T10:52:13","slug":"shkodra-ne-daren-e-te-ftohtit","status":"publish","type":"post","link":"https:\/\/fjala.info\/2009-2015\/shkodra-ne-daren-e-te-ftohtit\/","title":{"rendered":"Shkodra ne daren e te ftohtit"},"content":{"rendered":"<p><img loading=\"lazy\" decoding=\"async\" class=\"alignright size-medium wp-image-5188\" title=\"Shkod\u00ebr, p\u00ebrmbytja\" src=\"http:\/\/fjala.shkoder.net\/wp-content\/uploads\/2010\/12\/shkoder_permbytja-300x194.jpg\" alt=\"\" width=\"300\" height=\"194\" \/><br \/>\nNga <strong>Korresp. 24-ore.com <\/strong><\/p>\n<p>Ulja e ndjeshme e temperaturave ka v\u00ebshtir\u00ebsuar jetes\u00ebn e mij\u00ebra familjeve n\u00eb zon\u00ebn e N\u00ebnshkodr\u00ebs.<\/p>\n<p>N\u00eb 8 komuna t\u00eb p\u00ebrmbytura situata po rendohet per ata banore qe kane qendruar ne shtepite e permbytura, me prezence uji apo te rrethuara nga uji per shkak te pamundesise qe ata kane per t\u2019u ngrohur.<\/p>\n<p>Uj\u00ebrat kane shkaterruar rezervat drusore ndersa energjia elektrike mungon. Gjate diteve te permbytjes ne kete zone nuk ka patur furnizim me gaz apo lende te tjera te djegshme per te siguruar ngrohjen.<\/p>\n<p>Ne situate te veshtire jane edhe familjet e permbytura ne zonen e qytetit. Ende shume lagje jane nen uje ndersa temperaturat rane ndjeshem. Siperfaqja e permbytur nga zbritur ne 11 800 hektare toke dhe jane 4666 shtepi te permbytura. Ne qytet vijon skema e re e shperndarjes se ndihmave neper shkolla.<\/p>\n<p>Kryefamiljaret marrin ushqimet dhe ndihmat me liste duke paraqitur nje dokument identifikimi. Ndihmat jane kryesisht ne ushqime, buke, vaj oriz, sheqer dhe produkte te tjera ushqimore.<\/p>\n<p>Kryetarja e kuvendit Jozefina Topalli ka vizituar stacionin e pompave te ujesjellesit te shkodres qe i ka shpetuar permbytjes. Pasi kritikoi qendrimet e opozites Topalli vleresi reagimin e banoreve te zonave te permbytura.<\/p>\n<p>Nderkohe ne terren pervec shtabit te emergjences edhe individe dhe subjekte politike po shperndajne ndihma. Drejtuesja e socialisteve te Shkodres ka bere thirrje per ndihme banoreve te zones se Livadheve dhe ka kerkuar verifikim te drejte te demeve.<\/p>\n<p>Niveli ujit gjate se premtes ka rene disa centimetra ne qytet por ende eshte shume larg terheqjes perfundimtare.<\/p>\n","protected":false},"excerpt":{"rendered":"<p>Nga Korresp. 24-ore.com Ulja e ndjeshme e temperaturave ka v\u00ebshtir\u00ebsuar jetes\u00ebn e mij\u00ebra familjeve n\u00eb zon\u00ebn e N\u00ebnshkodr\u00ebs. N\u00eb 8 komuna t\u00eb p\u00ebrmbytura situata po rendohet per ata banore qe kane qendruar ne shtepite e permbytura, me prezence uji apo te rrethuara nga uji per shkak te pamundesise qe ata kane per t\u2019u ngrohur. Uj\u00ebrat [&hellip;]<\/p>\n","protected":false},"author":1,"featured_media":0,"comment_status":"open","ping_status":"closed","sticky":false,"template":"","format":"standard","meta":{"footnotes":""},"categories":[2],"tags":[],"class_list":{"0":"post-5187","1":"post","2":"type-post","3":"status-publish","4":"format-standard","6":"category-artikuj"},"yoast_head":"<!-- This site is optimized with the Yoast SEO plugin v27.4 - https:\/\/yoast.com\/product\/yoast-seo-wordpress\/ -->\n<title>Shkodra ne daren e te ftohtit - FjALA e LIR\u00cb - Arkivi<\/title>\n<meta name=\"robots\" content=\"index, follow, max-snippet:-1, max-image-preview:large, max-video-preview:-1\" \/>\n<link rel=\"canonical\" href=\"https:\/\/fjala.info\/2009-2015\/shkodra-ne-daren-e-te-ftohtit\/\" \/>\n<meta property=\"og:locale\" content=\"sq_AL\" \/>\n<meta property=\"og:type\" content=\"article\" \/>\n<meta property=\"og:title\" content=\"Shkodra ne daren e te ftohtit - FjALA e LIR\u00cb - Arkivi\" \/>\n<meta property=\"og:description\" content=\"Nga Korresp. 24-ore.com Ulja e ndjeshme e temperaturave ka v\u00ebshtir\u00ebsuar jetes\u00ebn e mij\u00ebra familjeve n\u00eb zon\u00ebn e N\u00ebnshkodr\u00ebs. N\u00eb 8 komuna t\u00eb p\u00ebrmbytura situata po rendohet per ata banore qe kane qendruar ne shtepite e permbytura, me prezence uji apo te rrethuara nga uji per shkak te pamundesise qe ata kane per t\u2019u ngrohur. Uj\u00ebrat [&hellip;]\" \/>\n<meta property=\"og:url\" content=\"https:\/\/fjala.info\/2009-2015\/shkodra-ne-daren-e-te-ftohtit\/\" \/>\n<meta property=\"og:site_name\" content=\"FjALA e LIR\u00cb - Arkivi\" \/>\n<meta property=\"article:published_time\" content=\"2010-12-11T10:52:13+00:00\" \/>\n<meta property=\"og:image\" content=\"http:\/\/fjala.shkoder.net\/wp-content\/uploads\/2010\/12\/shkoder_permbytja-300x194.jpg\" \/>\n<meta name=\"author\" content=\"admin\" \/>\n<meta name=\"twitter:card\" content=\"summary_large_image\" \/>\n<meta name=\"twitter:label1\" content=\"Written by\" \/>\n\t<meta name=\"twitter:data1\" content=\"admin\" \/>\n\t<meta name=\"twitter:label2\" content=\"Est. reading time\" \/>\n\t<meta name=\"twitter:data2\" content=\"1 minute\" \/>\n<script type=\"application\/ld+json\" class=\"yoast-schema-graph\">{\"@context\":\"https:\\\/\\\/schema.org\",\"@graph\":[{\"@type\":\"Article\",\"@id\":\"https:\\\/\\\/fjala.info\\\/2009-2015\\\/shkodra-ne-daren-e-te-ftohtit\\\/#article\",\"isPartOf\":{\"@id\":\"https:\\\/\\\/fjala.info\\\/2009-2015\\\/shkodra-ne-daren-e-te-ftohtit\\\/\"},\"author\":{\"name\":\"admin\",\"@id\":\"https:\\\/\\\/fjala.info\\\/2009-2015\\\/#\\\/schema\\\/person\\\/3aa1163ef05469c496fc94e77611ada2\"},\"headline\":\"Shkodra ne daren e te ftohtit\",\"datePublished\":\"2010-12-11T10:52:13+00:00\",\"mainEntityOfPage\":{\"@id\":\"https:\\\/\\\/fjala.info\\\/2009-2015\\\/shkodra-ne-daren-e-te-ftohtit\\\/\"},\"wordCount\":265,\"commentCount\":0,\"publisher\":{\"@id\":\"https:\\\/\\\/fjala.info\\\/2009-2015\\\/#organization\"},\"image\":{\"@id\":\"https:\\\/\\\/fjala.info\\\/2009-2015\\\/shkodra-ne-daren-e-te-ftohtit\\\/#primaryimage\"},\"thumbnailUrl\":\"http:\\\/\\\/fjala.shkoder.net\\\/wp-content\\\/uploads\\\/2010\\\/12\\\/shkoder_permbytja-300x194.jpg\",\"articleSection\":[\"Artikuj\"],\"inLanguage\":\"sq-AL\",\"potentialAction\":[{\"@type\":\"CommentAction\",\"name\":\"Comment\",\"target\":[\"https:\\\/\\\/fjala.info\\\/2009-2015\\\/shkodra-ne-daren-e-te-ftohtit\\\/#respond\"]}]},{\"@type\":\"WebPage\",\"@id\":\"https:\\\/\\\/fjala.info\\\/2009-2015\\\/shkodra-ne-daren-e-te-ftohtit\\\/\",\"url\":\"https:\\\/\\\/fjala.info\\\/2009-2015\\\/shkodra-ne-daren-e-te-ftohtit\\\/\",\"name\":\"Shkodra ne daren e te ftohtit - FjALA e LIR\u00cb - Arkivi\",\"isPartOf\":{\"@id\":\"https:\\\/\\\/fjala.info\\\/2009-2015\\\/#website\"},\"primaryImageOfPage\":{\"@id\":\"https:\\\/\\\/fjala.info\\\/2009-2015\\\/shkodra-ne-daren-e-te-ftohtit\\\/#primaryimage\"},\"image\":{\"@id\":\"https:\\\/\\\/fjala.info\\\/2009-2015\\\/shkodra-ne-daren-e-te-ftohtit\\\/#primaryimage\"},\"thumbnailUrl\":\"http:\\\/\\\/fjala.shkoder.net\\\/wp-content\\\/uploads\\\/2010\\\/12\\\/shkoder_permbytja-300x194.jpg\",\"datePublished\":\"2010-12-11T10:52:13+00:00\",\"breadcrumb\":{\"@id\":\"https:\\\/\\\/fjala.info\\\/2009-2015\\\/shkodra-ne-daren-e-te-ftohtit\\\/#breadcrumb\"},\"inLanguage\":\"sq-AL\",\"potentialAction\":[{\"@type\":\"ReadAction\",\"target\":[\"https:\\\/\\\/fjala.info\\\/2009-2015\\\/shkodra-ne-daren-e-te-ftohtit\\\/\"]}]},{\"@type\":\"ImageObject\",\"inLanguage\":\"sq-AL\",\"@id\":\"https:\\\/\\\/fjala.info\\\/2009-2015\\\/shkodra-ne-daren-e-te-ftohtit\\\/#primaryimage\",\"url\":\"http:\\\/\\\/fjala.shkoder.net\\\/wp-content\\\/uploads\\\/2010\\\/12\\\/shkoder_permbytja-300x194.jpg\",\"contentUrl\":\"http:\\\/\\\/fjala.shkoder.net\\\/wp-content\\\/uploads\\\/2010\\\/12\\\/shkoder_permbytja-300x194.jpg\"},{\"@type\":\"BreadcrumbList\",\"@id\":\"https:\\\/\\\/fjala.info\\\/2009-2015\\\/shkodra-ne-daren-e-te-ftohtit\\\/#breadcrumb\",\"itemListElement\":[{\"@type\":\"ListItem\",\"position\":1,\"name\":\"Home\",\"item\":\"https:\\\/\\\/fjala.info\\\/2009-2015\\\/\"},{\"@type\":\"ListItem\",\"position\":2,\"name\":\"Shkodra ne daren e te ftohtit\"}]},{\"@type\":\"WebSite\",\"@id\":\"https:\\\/\\\/fjala.info\\\/2009-2015\\\/#website\",\"url\":\"https:\\\/\\\/fjala.info\\\/2009-2015\\\/\",\"name\":\"FjALA e LIR\u00cb - Arkivi\",\"description\":\"Arkivi 2009-2015\",\"publisher\":{\"@id\":\"https:\\\/\\\/fjala.info\\\/2009-2015\\\/#organization\"},\"potentialAction\":[{\"@type\":\"SearchAction\",\"target\":{\"@type\":\"EntryPoint\",\"urlTemplate\":\"https:\\\/\\\/fjala.info\\\/2009-2015\\\/?s={search_term_string}\"},\"query-input\":{\"@type\":\"PropertyValueSpecification\",\"valueRequired\":true,\"valueName\":\"search_term_string\"}}],\"inLanguage\":\"sq-AL\"},{\"@type\":\"Organization\",\"@id\":\"https:\\\/\\\/fjala.info\\\/2009-2015\\\/#organization\",\"name\":\"FjALA e LIR\u00cb - Arkivi\",\"url\":\"https:\\\/\\\/fjala.info\\\/2009-2015\\\/\",\"logo\":{\"@type\":\"ImageObject\",\"inLanguage\":\"sq-AL\",\"@id\":\"https:\\\/\\\/fjala.info\\\/2009-2015\\\/#\\\/schema\\\/logo\\\/image\\\/\",\"url\":\"\",\"contentUrl\":\"\",\"caption\":\"FjALA e LIR\u00cb - Arkivi\"},\"image\":{\"@id\":\"https:\\\/\\\/fjala.info\\\/2009-2015\\\/#\\\/schema\\\/logo\\\/image\\\/\"}},{\"@type\":\"Person\",\"@id\":\"https:\\\/\\\/fjala.info\\\/2009-2015\\\/#\\\/schema\\\/person\\\/3aa1163ef05469c496fc94e77611ada2\",\"name\":\"admin\",\"image\":{\"@type\":\"ImageObject\",\"inLanguage\":\"sq-AL\",\"@id\":\"https:\\\/\\\/fjala.info\\\/2009-2015\\\/wp-content\\\/uploads\\\/2012\\\/02\\\/arben_cokaj-120x150.jpg\",\"url\":\"https:\\\/\\\/fjala.info\\\/2009-2015\\\/wp-content\\\/uploads\\\/2012\\\/02\\\/arben_cokaj-120x150.jpg\",\"contentUrl\":\"https:\\\/\\\/fjala.info\\\/2009-2015\\\/wp-content\\\/uploads\\\/2012\\\/02\\\/arben_cokaj-120x150.jpg\",\"caption\":\"admin\"},\"description\":\"Admin, Fjala e Lir\u00eb\",\"sameAs\":[\"https:\\\/\\\/fjala.info\\\/\"],\"url\":\"https:\\\/\\\/fjala.info\\\/2009-2015\\\/author\\\/admin\\\/\"}]}<\/script>\n<!-- \/ Yoast SEO plugin. -->","yoast_head_json":{"title":"Shkodra ne daren e te ftohtit - FjALA e LIR\u00cb - Arkivi","robots":{"index":"index","follow":"follow","max-snippet":"max-snippet:-1","max-image-preview":"max-image-preview:large","max-video-preview":"max-video-preview:-1"},"canonical":"https:\/\/fjala.info\/2009-2015\/shkodra-ne-daren-e-te-ftohtit\/","og_locale":"sq_AL","og_type":"article","og_title":"Shkodra ne daren e te ftohtit - FjALA e LIR\u00cb - Arkivi","og_description":"Nga Korresp. 24-ore.com Ulja e ndjeshme e temperaturave ka v\u00ebshtir\u00ebsuar jetes\u00ebn e mij\u00ebra familjeve n\u00eb zon\u00ebn e N\u00ebnshkodr\u00ebs. N\u00eb 8 komuna t\u00eb p\u00ebrmbytura situata po rendohet per ata banore qe kane qendruar ne shtepite e permbytura, me prezence uji apo te rrethuara nga uji per shkak te pamundesise qe ata kane per t\u2019u ngrohur. Uj\u00ebrat [&hellip;]","og_url":"https:\/\/fjala.info\/2009-2015\/shkodra-ne-daren-e-te-ftohtit\/","og_site_name":"FjALA e LIR\u00cb - Arkivi","article_published_time":"2010-12-11T10:52:13+00:00","og_image":[{"url":"http:\/\/fjala.shkoder.net\/wp-content\/uploads\/2010\/12\/shkoder_permbytja-300x194.jpg","type":"","width":"","height":""}],"author":"admin","twitter_card":"summary_large_image","twitter_misc":{"Written by":"admin","Est. reading time":"1 minute"},"schema":{"@context":"https:\/\/schema.org","@graph":[{"@type":"Article","@id":"https:\/\/fjala.info\/2009-2015\/shkodra-ne-daren-e-te-ftohtit\/#article","isPartOf":{"@id":"https:\/\/fjala.info\/2009-2015\/shkodra-ne-daren-e-te-ftohtit\/"},"author":{"name":"admin","@id":"https:\/\/fjala.info\/2009-2015\/#\/schema\/person\/3aa1163ef05469c496fc94e77611ada2"},"headline":"Shkodra ne daren e te ftohtit","datePublished":"2010-12-11T10:52:13+00:00","mainEntityOfPage":{"@id":"https:\/\/fjala.info\/2009-2015\/shkodra-ne-daren-e-te-ftohtit\/"},"wordCount":265,"commentCount":0,"publisher":{"@id":"https:\/\/fjala.info\/2009-2015\/#organization"},"image":{"@id":"https:\/\/fjala.info\/2009-2015\/shkodra-ne-daren-e-te-ftohtit\/#primaryimage"},"thumbnailUrl":"http:\/\/fjala.shkoder.net\/wp-content\/uploads\/2010\/12\/shkoder_permbytja-300x194.jpg","articleSection":["Artikuj"],"inLanguage":"sq-AL","potentialAction":[{"@type":"CommentAction","name":"Comment","target":["https:\/\/fjala.info\/2009-2015\/shkodra-ne-daren-e-te-ftohtit\/#respond"]}]},{"@type":"WebPage","@id":"https:\/\/fjala.info\/2009-2015\/shkodra-ne-daren-e-te-ftohtit\/","url":"https:\/\/fjala.info\/2009-2015\/shkodra-ne-daren-e-te-ftohtit\/","name":"Shkodra ne daren e te ftohtit - FjALA e LIR\u00cb - Arkivi","isPartOf":{"@id":"https:\/\/fjala.info\/2009-2015\/#website"},"primaryImageOfPage":{"@id":"https:\/\/fjala.info\/2009-2015\/shkodra-ne-daren-e-te-ftohtit\/#primaryimage"},"image":{"@id":"https:\/\/fjala.info\/2009-2015\/shkodra-ne-daren-e-te-ftohtit\/#primaryimage"},"thumbnailUrl":"http:\/\/fjala.shkoder.net\/wp-content\/uploads\/2010\/12\/shkoder_permbytja-300x194.jpg","datePublished":"2010-12-11T10:52:13+00:00","breadcrumb":{"@id":"https:\/\/fjala.info\/2009-2015\/shkodra-ne-daren-e-te-ftohtit\/#breadcrumb"},"inLanguage":"sq-AL","potentialAction":[{"@type":"ReadAction","target":["https:\/\/fjala.info\/2009-2015\/shkodra-ne-daren-e-te-ftohtit\/"]}]},{"@type":"ImageObject","inLanguage":"sq-AL","@id":"https:\/\/fjala.info\/2009-2015\/shkodra-ne-daren-e-te-ftohtit\/#primaryimage","url":"http:\/\/fjala.shkoder.net\/wp-content\/uploads\/2010\/12\/shkoder_permbytja-300x194.jpg","contentUrl":"http:\/\/fjala.shkoder.net\/wp-content\/uploads\/2010\/12\/shkoder_permbytja-300x194.jpg"},{"@type":"BreadcrumbList","@id":"https:\/\/fjala.info\/2009-2015\/shkodra-ne-daren-e-te-ftohtit\/#breadcrumb","itemListElement":[{"@type":"ListItem","position":1,"name":"Home","item":"https:\/\/fjala.info\/2009-2015\/"},{"@type":"ListItem","position":2,"name":"Shkodra ne daren e te ftohtit"}]},{"@type":"WebSite","@id":"https:\/\/fjala.info\/2009-2015\/#website","url":"https:\/\/fjala.info\/2009-2015\/","name":"FjALA e LIR\u00cb - Arkivi","description":"Arkivi 2009-2015","publisher":{"@id":"https:\/\/fjala.info\/2009-2015\/#organization"},"potentialAction":[{"@type":"SearchAction","target":{"@type":"EntryPoint","urlTemplate":"https:\/\/fjala.info\/2009-2015\/?s={search_term_string}"},"query-input":{"@type":"PropertyValueSpecification","valueRequired":true,"valueName":"search_term_string"}}],"inLanguage":"sq-AL"},{"@type":"Organization","@id":"https:\/\/fjala.info\/2009-2015\/#organization","name":"FjALA e LIR\u00cb - Arkivi","url":"https:\/\/fjala.info\/2009-2015\/","logo":{"@type":"ImageObject","inLanguage":"sq-AL","@id":"https:\/\/fjala.info\/2009-2015\/#\/schema\/logo\/image\/","url":"","contentUrl":"","caption":"FjALA e LIR\u00cb - Arkivi"},"image":{"@id":"https:\/\/fjala.info\/2009-2015\/#\/schema\/logo\/image\/"}},{"@type":"Person","@id":"https:\/\/fjala.info\/2009-2015\/#\/schema\/person\/3aa1163ef05469c496fc94e77611ada2","name":"admin","image":{"@type":"ImageObject","inLanguage":"sq-AL","@id":"https:\/\/fjala.info\/2009-2015\/wp-content\/uploads\/2012\/02\/arben_cokaj-120x150.jpg","url":"https:\/\/fjala.info\/2009-2015\/wp-content\/uploads\/2012\/02\/arben_cokaj-120x150.jpg","contentUrl":"https:\/\/fjala.info\/2009-2015\/wp-content\/uploads\/2012\/02\/arben_cokaj-120x150.jpg","caption":"admin"},"description":"Admin, Fjala e Lir\u00eb","sameAs":["https:\/\/fjala.info\/"],"url":"https:\/\/fjala.info\/2009-2015\/author\/admin\/"}]}},"_links":{"self":[{"href":"https:\/\/fjala.info\/2009-2015\/wp-json\/wp\/v2\/posts\/5187","targetHints":{"allow":["GET"]}}],"collection":[{"href":"https:\/\/fjala.info\/2009-2015\/wp-json\/wp\/v2\/posts"}],"about":[{"href":"https:\/\/fjala.info\/2009-2015\/wp-json\/wp\/v2\/types\/post"}],"author":[{"embeddable":true,"href":"https:\/\/fjala.info\/2009-2015\/wp-json\/wp\/v2\/users\/1"}],"replies":[{"embeddable":true,"href":"https:\/\/fjala.info\/2009-2015\/wp-json\/wp\/v2\/comments?post=5187"}],"version-history":[{"count":0,"href":"https:\/\/fjala.info\/2009-2015\/wp-json\/wp\/v2\/posts\/5187\/revisions"}],"wp:attachment":[{"href":"https:\/\/fjala.info\/2009-2015\/wp-json\/wp\/v2\/media?parent=5187"}],"wp:term":[{"taxonomy":"category","embeddable":true,"href":"https:\/\/fjala.info\/2009-2015\/wp-json\/wp\/v2\/categories?post=5187"},{"taxonomy":"post_tag","embeddable":true,"href":"https:\/\/fjala.info\/2009-2015\/wp-json\/wp\/v2\/tags?post=5187"}],"curies":[{"name":"wp","href":"https:\/\/api.w.org\/{rel}","templated":true}]}}