{"id":5186,"date":"2012-09-27T20:09:44","date_gmt":"2012-09-27T19:09:44","guid":{"rendered":"http:\/\/www.fjala.info\/?p=5186"},"modified":"2012-09-27T20:09:44","modified_gmt":"2012-09-27T19:09:44","slug":"5186-2","status":"publish","type":"post","link":"https:\/\/fjala.info\/2009-2015\/5186-2\/","title":{"rendered":"N\u00cb TAKIMET E DOM MIKELIT 2012"},"content":{"rendered":"<p><em>REPORTAZH<\/em>:<\/p>\n<p style=\"text-align: center;\"><strong>N\u00cb TAKIMET E DOM MIKELIT 2012<br \/>\nKUVENDI I STUBLL\u00cbS<br \/>\nI NGJAU KUVENDIT T\u00cb LEZH\u00cbS<\/strong><\/p>\n<p style=\"text-align: center;\"><strong>Stublla e stolisur p\u00ebr fest\u00ebn e madhe n\u00eb Jubileun e Madh<\/strong><\/p>\n<p><img decoding=\"async\" class=\"aligncenter size-thumbnail wp-image-7236\" title=\"Takimet e Dom Mikelit, 2012\" src=\"http:\/\/www.fjala.info\/2012\/takimet_dom_mikelit.jpg\" alt=\"\" width=\"500\" \/><\/p>\n<p>N\u00eb Stub\u00ebll t\u00eb Vitis\u00eb, n\u00eb edicionin XXIII-t\u00eb t\u00eb manifstimit tradicional n\u00eb p\u00ebrkujtim t\u00eb Shkoll\u00ebs s\u00eb Par\u00eb Shqipe n\u00eb Kosov\u00eb, u mblodh\u00ebn mij\u00ebra shqiptar\u00eb t\u00eb t\u00eb gjitha trojeve tona etnike dhe, n\u00eb kish\u00ebn e Sh\u00ebn Jozefit, ipeshk\u00ebvi i Kosov\u00ebs Imzot Dod\u00eb Gjergji bashk\u00eb me kryehoxh\u00ebn e Vitis\u00eb Imam Feim Abazi, bekuan flamurin ton\u00eb komb\u00ebtar, q\u00eb i parapriu aktit t\u00eb shenjt\u00eb t\u00eb n\u00ebnshkrimit t\u00eb Paktit t\u00eb Bashkimit Komb\u00ebtar, n\u00eb Jubileun Shekullor \u2013 100 Vjetorit t\u00eb Pavar\u00ebsis\u00eb s\u00eb Shqip\u00ebris\u00eb.<\/p>\n<p>N\u00eb k\u00ebt\u00eb akt t\u00eb shenjt\u00eb ishin pjes\u00ebmarr\u00ebs edhe p\u00ebrfaq\u00ebsues t\u00eb familjeve tona t\u00eb shenjta \u2013 Jashari, Ramadani dhe Rugova. Manifestimi pastaj vazhdoi me Or\u00ebn madhe letrare, ku sivjet lexuan mbi 40 poet\u00eb t\u00eb t\u00eb gjitha hapsirave arb\u00ebrore dhe nga diaspora dhe u ndan\u00eb gjasht\u00eb \u00e7mime \u2013 tre me emrin e emblem\u00ebs s\u00eb prishjes s\u00eb kufirit p\u00ebrmes tokave shqiptare, Agim Ramadani (luft\u00ebtar, poet e piktor) dhe tre t\u00eb tjer\u00eb me emrin e Sh\u00ebn Jeronimit Ilir. Edhe programi artistik sivjet ishte special, n\u00eb frym\u00ebn e Jubileut ton\u00eb shekullor.<\/p>\n<p><img decoding=\"async\" class=\"alignleft size-thumbnail wp-image-7236\" title=\"Engj\u00ebll Koliqi\" src=\"http:\/\/www.fjala.info\/2012\/engjell_koliqi.jpg\" alt=\"\" width=\"200\" \/><\/p>\n<p>Shkruan: <strong>Engj\u00ebll KOLIQI, <\/strong><em>Stub\u00ebll, shtator 2012<\/em><\/p>\n<p>K\u00ebshilli Organizativ i manifestimit \u201cTakimet e Dom Mikelit\u201d q\u00eb nga pranvera u mblodh gati p\u00ebr \u00e7do jav\u00eb, n\u00eb m\u00ebnyr\u00eb q\u00eb sivjet, n\u00eb 100 Vjetorin e Pavar\u00ebsis\u00eb s\u00eb Shqip\u00ebris\u00eb, t\u00eb organizohet nj\u00eb manifestim pak m\u00eb special nga 22 edicionet paraprake. Rregullisht jan\u00eb angazhuar intelektual\u00ebt e Stubll\u00ebs (profesor\u00eb, shkrimtar\u00eb, gazetar\u00eb, ekonomis\u00eb, jurist\u00eb), an\u00ebtar\u00ebt e k\u00ebshilleve t\u00eb fshatit dhe t\u00eb kish\u00ebs, t\u00eb rinjt\u00eb&#8230; Jan\u00eb sjell\u00eb dhe jan\u00eb shqyrtuar ide dhe propozime p\u00ebr nj\u00eb kremtim special e dinjitoz, n\u00eb 100 Vjetorin e Pavar\u00ebsis\u00eb s\u00eb Shqip\u00ebris\u00eb.<\/p>\n<p>N\u00eb nj\u00ebr\u00ebn nga mbledhjet, K\u00ebshilli Organizativ vendosi q\u00eb tema bosht e akademis\u00eb shkencore, n\u00eb edicionin e sivjem\u00eb t\u00eb Takimeve t\u00eb Dom Mikelit t\u00eb jet\u00eb SHQIPTAR\u00cbT 100 VJET PAS PAVAR\u00cbSIS\u00cb, si dhe t\u00eb ftohen p\u00ebrfaq\u00ebsuesit e t\u00eb gjitha trojeve shqiptare (nga Shqip\u00ebria, Kosova, Maqedonia, Kosova Lindore apo si\u00e7 po e quajn\u00eb Lugina e Preshev\u00ebs, nga Mali i Zi, si dhe p\u00ebrfaq\u00ebsuesit e \u00e7am\u00ebve dhe t\u00eb arb\u00ebresh\u00ebve. Dat\u00eb e mbajtjes s\u00eb manifestimit u caktua, si zakonisht e shtuna e tret\u00eb e shtatorit, data 22.<\/p>\n<p>Si\u00e7 ishte vendosur n\u00eb K\u00ebshillin Organizativ, jan\u00eb thirrur edhe institucionet e Shqip\u00ebris\u00eb dhe t\u00eb Kosov\u00ebs \u2013 kryetarja e Kuvendit Jozefina Topalli dhe presidentja e Republik\u00ebs s\u00eb Kosov\u00ebs Atifete Jahjaga, t\u00eb cilat nuk erdh\u00ebn, p\u00ebr shkak t\u00eb udh\u00ebtimit t\u00eb tyre n\u00eb Nju Jork \u2013 n\u00eb Asamblen\u00eb e p\u00ebrgjithshme t\u00eb OKB-s\u00eb. P\u00ebr \u00e7\u00ebshtje sh\u00ebndet\u00ebsore ka munguar p\u00ebrfaq\u00ebsuesi i arb\u00ebresh\u00ebve At Antonio Bellushi, kurse p\u00ebrfaq\u00ebsuesi i \u00e7am\u00ebve Shp\u00ebtim Idrizi, p\u00ebr \u00e7\u00ebshtje subjektive dhe objektive.<\/p>\n<p style=\"text-align: center;\"><img decoding=\"async\" class=\"aligncenter size-thumbnail wp-image-7236\" title=\"Takimet e Dom Mikelit, 2012\" src=\"http:\/\/www.fjala.info\/2012\/takimet_dom_mikelit2.jpg\" alt=\"\" width=\"500\" \/><br \/>\n<em>Stubllavaqa e stolisur me Flamurin 100 X 50 metra,<br \/>\ni dhuruar nga Familja Legjendare Jashari e Prekazit<\/em><br \/>\n<img decoding=\"async\" class=\"aligncenter size-thumbnail wp-image-7236\" title=\"Takimet e Dom Mikelit, 2012\" src=\"http:\/\/www.fjala.info\/2012\/takimet_dom_mikelit3.jpg\" alt=\"\" width=\"500\" \/><br \/>\n<em>Stublla, e privilegjuar,<br \/>\nt\u00eb jet\u00eb e stolisur me Flamurin e Bukur kuqezi<\/em><\/p>\n<p>Disa dit\u00eb p\u00ebrpara Stublla \u00ebsht\u00eb stolisur me 100 flamuj komb\u00ebtar, kurse nj\u00eb dit\u00eb para fest\u00ebs ata jan\u00eb shum\u00ebfishuar. Stubllavaqa \u2013 kodra nbi Stub\u00ebll, n\u00eb maj\u00eb ishte mbuluar me flamurin komb\u00ebtar t\u00eb madh 100 X 50 metra, i d\u00ebrguar special nga Familja Legjendare e Prekazit Jashari.<\/p>\n<p>Kremtja filloi n\u00eb ora 10, n\u00eb Kish\u00ebn e Sh\u00ebn Jozefit n\u00eb Stub\u00ebll, gjithashtu e stolisur me mbishkrime dhe me flamuj komb\u00ebtar, k\u00ebsaj here jo me mesh\u00eb si zakonisht, por me akademin\u00eb shkencore dhe me bekim t\u00eb flamurit komb\u00ebtar e me n\u00ebnshkrim t\u00eb Paktit t\u00eb Bashkimit Komb\u00ebtar, si\u00e7 kishte vendosur edhe ipeshk\u00ebvi i Kosov\u00ebs Imzot Dod\u00eb Gjergji. T\u00eb zot\u00ebt e sht\u00ebpis\u00eb \u2013 famullitari i Stubll\u00ebs Don Albert Jakaj dhe Kryetari i Komun\u00ebs s\u00eb Vitis\u00eb Mr Nexhmedin Arifi, i kan\u00eb shpallur t\u00eb hapura takimet dhe i kan\u00eb p\u00ebrsh\u00ebndetur t\u00eb pranishmit, duke u d\u00ebshiruar mir\u00ebseardhje.<\/p>\n<p style=\"text-align: center;\">Kyetari i komun\u00ebs s\u00eb Vitis\u00eb, Nexhmedin Arifi, tha se takimet e Dom Mikelit nuk jan\u00eb krenari vet\u00ebm p\u00ebr Stubll\u00ebn dhe Anamorav\u00ebn, por jan\u00eb krenari e gjith\u00eb kombit shqiptar, pasi ato p\u00ebrshkruajn\u00eb p\u00ebrpjekjet e popullit shqiptar p\u00ebr t\u00eb ruajtuar dhe kultivuar gjuh\u00ebn e tyre n\u00eb Ballkan. &#8216;&#8221;Shkolla shqipe e hapur nga Dom Mikel Tarabulluzi dhe shkolla shqipe n\u00eb Pozheran, hap\u00ebn rrug\u00ebn drejt pavar\u00ebsis\u00eb s\u00eb Shqip\u00ebris\u00eb n\u00eb vitin 1912 &#8220;, tha Arifi. T\u00eb pranishmit i ka p\u00ebrsh\u00ebndetur, n\u00eb em\u00ebr t\u00eb presidentes Jahjaga, shefi i kabinetit Ilir Salihu, i cili ka folur p\u00ebr vlerat e Stubll\u00ebs dhe t\u00eb shkoll\u00ebs s\u00eb par\u00eb, por edhe p\u00ebr fatin e shqiptar\u00ebve, q\u00eb mbas 100 vjet ndarjeje do t\u00eb mund t\u00eb jen\u00eb t\u00eb bashkuar n\u00eb kuad\u00ebr t\u00eb Bashkimit Europian.<br \/>\n<img decoding=\"async\" class=\"aligncenter size-thumbnail wp-image-7236\" title=\"Takimet e Dom Mikelit, 2012\" src=\"http:\/\/www.fjala.info\/2012\/takimet_dom_mikelit4.jpg\" alt=\"\" width=\"500\" \/><br \/>\n<em>Famullitari Don Albert Jakaj,<br \/>\nkryetar i K\u00ebshillit Organizativ<\/em><br \/>\n<img decoding=\"async\" class=\"aligncenter size-thumbnail wp-image-7236\" title=\"Takimet e Dom Mikelit, 2012\" src=\"http:\/\/www.fjala.info\/2012\/takimet_dom_mikelit5.jpg\" alt=\"\" width=\"500\" \/><br \/>\n<em>Kryetari i Komun\u00ebs s\u00eb Vitis\u00eb, Mr. Nexhmedin Arifi,<br \/>\nduke folur n\u00eb Kuvend<\/em><br \/>\n<img decoding=\"async\" class=\"aligncenter size-thumbnail wp-image-7236\" title=\"Takimet e Dom Mikelit, 2012\" src=\"http:\/\/www.fjala.info\/2012\/takimet_dom_mikelit6.jpg\" alt=\"\" width=\"500\" \/><br \/>\n<em>I d\u00ebrguari i Presidentes Jahjaga, Ilir Salihu,<br \/>\nduke p\u00ebrsh\u00ebndetur t\u00eb pranishmit<\/em><\/p>\n<p>Sar\u00eb Gjergji, i cili ka moderuar k\u00ebt\u00eb faz\u00eb t\u00eb fest\u00ebs, ka ftuar n\u00eb sken\u00eb ambasadorin e Shqip\u00ebris\u00eb n\u00eb Prishtin\u00eb Z. Islam Lauka, i cili ka folur m\u00eb gjat\u00eb se t\u00eb gjith\u00eb, duke th\u00ebn\u00eb se ndjen nj\u00eb k\u00ebnaq\u00ebsi t\u00eb ve\u00e7ant\u00eb, sa her\u00eb q\u00eb vjen k\u00ebtu. Jemi d\u00ebshmitar\u00eb t\u00eb nj\u00eb zgjimi q\u00eb nisi nga k\u00ebtu \u2013 ka th\u00ebn\u00eb Lauka &#8211; nga ky vend, kur shkolla shqipe nisi rrug\u00ebtimin e vet, p\u00ebr t\u00eb mos u ndalur kurr\u00eb&#8230; shqiptar\u00ebt arrit\u00ebn, me dinjitet, t\u00eb sfidojn\u00eb nj\u00eb shekull gjenocid&#8230; Islam Lauka, theksoi se Stublla \u00ebsht\u00eb nj\u00eb nga shtyllat e r\u00ebnd\u00ebsishme t\u00eb ruajtjes s\u00eb identitetit komb\u00ebtar, pasi nd\u00ebr shekuj ishte qend\u00ebr e q\u00ebndres\u00ebs.<\/p>\n<p>Po citoj pjes\u00eb nga fjala e Ambasadorit Lauka, n\u00eb k\u00ebt\u00eb Kuvend Komb\u00ebtar: \u201cS\u2019di si t\u2019ia filloj, por e ndjej nj\u00eb k\u00ebnaq\u00ebsi t\u00eb ve\u00e7ant\u00eb ku sot, k\u00ebtu ku jemi, sikur po ndodh\u00eb zgjimi komb\u00ebtar. Jemi d\u00ebshmitar\u00eb t\u00eb nj\u00eb zgjimi q\u00eb nisi k\u00ebtu, nga ky vend, ku shkolla shqipe nisi rrug\u00ebtimin e vet p\u00ebr t\u00eb mos e ndalur kurr\u00eb. Dhe ia doli fitores. Ndon\u00ebse t\u00eb tjer\u00ebt na kan\u00eb quajtur me shum\u00eb emra p\u00ebrbuz\u00ebs, edhe djaj, edhe t\u00eb eg\u00ebr, me bishta, pa identitet, njer\u00ebz nga shovenist\u00ebt \u2013 sidomos serb\u00eb, q\u00eb kan\u00eb folur dhe shkarkuar zi e m\u00eb zi, ne p\u00ebrball\u00eb nj\u00eb gjenocidi shekullor, ia dol\u00ebm fitores.<\/p>\n<p>Jemi popull me dinjitet dhe ajo q\u00eb ngjau me popullin e Kosov\u00ebs, n\u00eb k\u00ebto vitet q\u00eb shkuan, ishte nj\u00eb tmerr i papar\u00eb. U b\u00ebn\u00eb shum\u00eb arrestime, q\u00eb edhe sot po ndodhin ne Lugin\u00ebn e Preshev\u00ebs, q\u00eb nuk jan\u00eb gj\u00eb tjet\u00ebr, pos taktika t\u00eb Millosheviqit, kasapit t\u00eb Ballkanit. Por, shqiptar\u00ebt e kan\u00eb kuptuar rrug\u00ebn e integrimeve, rrug\u00ebn e BE-s\u00eb, e cila na \u00e7on n\u00eb rrug\u00ebn e Europ\u00ebs s\u00eb Bashkuar. Prandaj, sot, identiteti i shqiptar\u00ebve \u00ebsht\u00eb krejt i natyrsh\u00ebm dhe \u00ebsht\u00eb shembull p\u00ebr t\u00eb mir\u00eb, edhe p\u00ebr t\u00eb tjer\u00ebt. Pra, edhe pas 100 vjet\u00ebsh t\u00eb pavar\u00ebsis\u00eb s\u00eb Shqip\u00ebris\u00eb, ne duhet t\u00eb nd\u00ebrtojm\u00eb ura afrimi, n\u00eb rrug\u00ebn e integrimeve&#8230;\u201d.<\/p>\n<p style=\"text-align: center;\"><img decoding=\"async\" class=\"aligncenter size-thumbnail wp-image-7236\" title=\"Takimet e Dom Mikelit, 2012\" src=\"http:\/\/www.fjala.info\/2012\/takimet_dom_mikelit7.jpg\" alt=\"\" width=\"500\" \/><br \/>\n<em>Ambasadori i Republik\u00ebs s\u00eb Shqip\u00ebris\u00eb n\u00eb Prishtin\u00eb, Z. Islam Lauka<\/em><\/p>\n<p>Pastaj n\u00eb foltore jan\u00eb ftuar ish ushtarak\u00ebt e Brigad\u00ebs 138 Agim Ramadani &#8211; Anton \u00c7uni, komandant dhe Feriz Drazhnjeva n\u00ebnkolonel i ardhur n\u00eb ndihm\u00eb nga Shqip\u00ebria. Anton \u00c7uni ka th\u00ebn\u00eb se p\u00ebrkrahja e Shqip\u00ebris\u00eb n\u00eb Luft\u00ebn \u00c7lirimtare t\u00eb Kosov\u00ebs, nuk ka munguar kurr\u00eb. \u201cNe nuk ishim t\u00eb vetmuar, por kishim p\u00ebrkrahjen nga Shqip\u00ebria dhe nga vendet tjera, sepse e dinin se b\u00ebnim nj\u00eb luft\u00eb t\u00eb drejt\u00eb. Ato vite kan\u00eb qen\u00eb t\u00eb v\u00ebshtira, sepse ishim duke b\u00ebr\u00eb luft\u00eb me nj\u00eb shtet kriminel. E kishim moralin dhe vullneti ishte gjithmon\u00eb n\u00eb an\u00ebn ton\u00eb&#8230;\u201d.<\/p>\n<p>Ai pastaj e ka ftuar n\u00ebnkolonelin Drazhnjeva, p\u00ebr t\u2019i shprehur d\u00ebshmit\u00eb e tija nga Beteja Historike e Koshares, me \u00e7\u2019rast ishin shkulur gurt\u00eb e kufinj\u00ebve t\u00eb p\u00ebrgjakur p\u00ebrmes tokave tona. Z. Drazhnjeva, pasi ka dh\u00ebn\u00eb d\u00ebshmit\u00eb e tij konkrete, ka th\u00ebn\u00eb se populli shqiptar i Kosov\u00ebs ka b\u00ebr\u00eb shum\u00eb sakrifica, p\u00ebr t\u00eb fituar lirin\u00eb. \u201cPopulli shqiptar ka b\u00ebr\u00eb shum\u00eb\u00e7ka p\u00ebr t\u00eb fituar luft\u00ebn dhe lirin\u00eb q\u00eb sot e g\u00ebzojm\u00eb. Gjat\u00eb k\u00ebsaj kohe t\u00eb luft\u00ebs, n\u00eb asnj\u00eb moment, nuk ka munguar solidariteti i popullit, me forma t\u00eb ndryshme. Sidomos duhet p\u00ebrmendur Mal\u00ebsia e Gjakov\u00ebs (Tropoja), e cila ka ndihmuar shum\u00eb gjat\u00eb k\u00ebsaj kohe&#8230;\u201d<\/p>\n<p style=\"text-align: center;\"><img decoding=\"async\" class=\"aligncenter size-thumbnail wp-image-7236\" title=\"Takimet e Dom Mikelit, 2012\" src=\"http:\/\/www.fjala.info\/2012\/takimet_dom_mikelit8.jpg\" alt=\"\" width=\"500\" \/><br \/>\n<em>Pamje e bukur nga Akti i Madh, kur po intonohej Hymni Komb\u00ebtar<\/em><br \/>\n<img decoding=\"async\" class=\"aligncenter size-thumbnail wp-image-7236\" title=\"Takimet e Dom Mikelit, 2012\" src=\"http:\/\/www.fjala.info\/2012\/takimet_dom_mikelit9.jpg\" alt=\"\" width=\"500\" \/><br \/>\n<em>Pamje madh\u00ebshtore \u2013 intonohet Hymni Yn\u00eb Komb\u00ebtar<\/em><br \/>\n<img decoding=\"async\" class=\"aligncenter size-thumbnail wp-image-7236\" title=\"Takimet e Dom Mikelit, 2012\" src=\"http:\/\/www.fjala.info\/2012\/takimet_dom_mikelit10.jpg\" alt=\"\" width=\"500\" \/><br \/>\n<em>Komandanti i Brigad\u00ebs 138 Agim Ramadani \u2013 Anton \u00c7uni, n\u00eb foltore<\/em><br \/>\n<img decoding=\"async\" class=\"aligncenter size-thumbnail wp-image-7236\" title=\"Takimet e Dom Mikelit, 2012\" src=\"http:\/\/www.fjala.info\/2012\/takimet_dom_mikelit11.jpg\" alt=\"\" width=\"500\" \/><br \/>\n<em>Dy komandant\u00eb t\u00eb nderuar t\u00eb Brigad\u00ebs 138<br \/>\nAnton \u00c7uni dhe Feriz Drazhnjeva<\/em><\/p>\n<p>Mandej n\u00eb foltore \u00ebsht\u00eb ftuar Mehmet Bardhi, nj\u00ebri nga kryesor\u00ebt prej lider\u00ebve shqiptar\u00eb n\u00eb Mal T\u00eb Zi. Ai ka theksuar se pozita e popullit shqiptar n\u00eb k\u00ebt\u00eb vend, nuk \u00ebsht\u00eb e k\u00ebnaqshme dhe se shqiptar\u00ebt atje anashkalohen nga pushteti i k\u00ebtij shteti sllav. Z. Bardhi gjith\u00eb k\u00ebt\u00eb e ka ilustruar me shembuj konkret\u00eb dhe ka k\u00ebrkuar nj\u00eb Shqip\u00ebri t\u00eb fort\u00eb, q\u00eb do t\u00eb kujdeset p\u00ebr t\u00eb gjith\u00eb shqiptar\u00ebt, kudo q\u00eb jan\u00eb ata.<br \/>\nN\u00eb k\u00ebt\u00eb fest\u00eb t\u00eb madhe, organizator\u00ebt kan\u00eb menduar shum\u00eb mir\u00eb, q\u00eb t\u2019i ken\u00eb t\u00eb pranish\u00ebm t\u00eb gjith\u00eb, pa dallime politike, fetare a ideologjike.<\/p>\n<p>N\u00eb k\u00ebt\u00eb akt t\u00eb madh t\u00eb n\u00ebnshkrimit t\u00eb Deklarat\u00ebs p\u00ebr Bashkimin Komb\u00ebtar na kan\u00eb nderuar familjet: Jashari, Ramadani dhe Rugova, p\u00ebrfaq\u00ebsues t\u00eb institucioneve shtet\u00ebrore, por edhe ata t\u00eb partive opozitare. Nj\u00eb prej tyre edhe ka folur n\u00eb k\u00ebt\u00eb dit\u00eb t\u00eb madhe. \u00cbsht\u00eb Ai lideri i Vet\u00ebvendosjes Albin Kurti, i cili nuk ka folur shum\u00eb, por gjith\u00e7ka e ka pasur me vend, pa ngjyra politike, ashtu si i ka hije nje feste t\u00eb madhe. Po e japim t\u00eb plot\u00eb fjal\u00ebn e Z. Kurti: \u201cKombi para s\u00eb gjithash \u00ebsht\u00eb gjuh\u00eb. Gjuha m\u00ebsohet e lexohet, shkruhet e kultivohet n\u00ebp\u00ebr shkolla.<\/p>\n<p>Edhe shkolla, porsi kombi, para s\u00eb gjithash \u00ebsht\u00eb gjuh\u00eb. Gjuha e mund\u00ebson kombin dhe gjuha e mund\u00ebson shkoll\u00ebn. Mir\u00ebpo, gjuha e mund\u00ebson edhe lidhjen e k\u00ebtyre dyjave. Gjuha ia jep shkoll\u00ebs kombin. Gjuha e b\u00ebn shkoll\u00ebn komb\u00ebtare dhe kombin t\u00eb shkolluar. Gjuha \u00ebsht\u00eb mjeti q\u00eb na bashkon p\u00ebrmes komunikimit, porse gjuha \u00ebsht\u00eb edhe sht\u00ebpia ku banojm\u00eb t\u00eb bashkuar. Rilindja komb\u00ebtare shqiptare i ka rr\u00ebnj\u00ebt te gjuha jon\u00eb. D\u00ebshmor\u00ebt e par\u00eb t\u00eb shqipes jan\u00eb d\u00ebshmor\u00eb t\u00eb gjuh\u00ebs. Ata jan\u00eb d\u00ebshmi e kombit, d\u00ebshmi e historis\u00eb son\u00eb komb\u00ebtare, d\u00ebshmitar\u00eb t\u00eb ecjes son\u00eb t\u00eb p\u00ebrbashk\u00ebt. Ata vepruan p\u00ebr t\u00eb jetuar kombi dhe ran\u00eb p\u00ebr t\u2019u ngritur kombi. Sa t\u00eb jetoj\u00eb kombi do t\u00eb jetojn\u00eb edhe d\u00ebshmor\u00ebt e tij.<\/p>\n<p>Dhe, duke iu fal\u00ebnderuar d\u00ebshmor\u00ebve t\u00eb kombit, jetojm\u00eb ne si shqiptar\u00eb. Ashtu qysh Dom Mikeli i mblidhte nx\u00ebn\u00ebsit e tij para nj\u00eb shekulli, ai s\u00ebrish na ka mbledhur edhe neve sot, me nj\u00eb d\u00ebshir\u00eb dhe me nj\u00eb q\u00ebllim: bashkimin rreth flamurit ton\u00eb komb\u00ebtar. Edhe pavar\u00ebsia e Republik\u00ebs s\u00eb Shqip\u00ebris\u00eb, edhe pavar\u00ebsia e Republik\u00ebs s\u00eb Kosov\u00ebs, jan\u00eb b\u00ebr\u00eb n\u00eb em\u00ebr t\u00eb kombit dhe p\u00ebr kombin. T\u00eb gjitha hovet n\u00eb ecjen ton\u00eb kan\u00eb qen\u00eb komb\u00ebtare. Kur ecim bashk\u00eb, arrijm\u00eb bashk\u00eb. Kur ecim ndaras, nuk arrijm\u00eb as ndaras.<\/p>\n<p>Ne duhet t\u00eb theksojm\u00eb t\u00eb p\u00ebrbashkt\u00ebn ton\u00eb, e jo dallimet midis nesh. Kur fitojm\u00eb s\u00eb bashku, kur e p\u00ebrbashkta jon\u00eb fiton, at\u00ebher\u00eb fitorja jon\u00eb \u00ebsht\u00eb e q\u00ebndrueshme. Ne duhet t\u2019i rrisim ambicjet komb\u00ebtare e kolektive dhe jo ato individuale e personale. Duhet t\u00eb jemi s\u00eb pari krenar\u00eb si shqiptar\u00eb, e mandej krenar\u00eb si emra t\u00eb p\u00ebrve\u00e7\u00ebm. Vet\u00ebm k\u00ebshtu do t\u00eb jemi t\u00eb sigurt\u00eb se krenaria jon\u00eb nuk \u00ebsht\u00eb mendjemadh\u00ebsi.<\/p>\n<p>N\u00eb t\u00eb gjith\u00eb bot\u00ebn, sot toleranca nd\u00ebrfetare konsiderohet sukses. Mir\u00ebpo, n\u00eb k\u00ebt\u00eb aspekt, shqiptar\u00ebt jan\u00eb para gjith\u00eb bot\u00ebs. Sepse, ne jemi p\u00ebrtej toleranc\u00ebs nd\u00ebrfetare dhe kemi m\u00eb shum\u00eb se toleranc\u00eb nd\u00ebrfetare. Te kombi shqiptar kemi bashk\u00ebpunim dhe bashk\u00ebveprim nd\u00ebrfetar, si n\u00eb paqe ashtu edhe n\u00eb luft\u00eb. Kombi shqiptar ka heronj dhe d\u00ebshmor\u00eb t\u00eb t\u00eb gjitha feve, n\u00eb t\u00eb gjitha epokat. Kur heronjt\u00eb dhe d\u00ebshmor\u00ebt e kombit nuk i ndau as vdekja, t\u00eb gjith\u00eb neve le t\u00eb mos na ndaj\u00eb kurr\u00eb jeta.<\/p>\n<p>M\u00eb lejoni t\u00eb p\u00ebrfundoj me nj\u00eb th\u00ebnie te monumenti i Shkoll\u00ebs s\u00eb Par\u00eb Shqipe t\u00eb Dom Mikelit, n\u00eb Stub\u00ebll t\u00eb Vitis\u00eb, tash t\u00eb shnd\u00ebrruar n\u00eb muze, t\u00eb cil\u00ebn e lexova para se t\u00eb vij n\u00eb k\u00ebt\u00eb tubim t\u00eb sot\u00ebm: \u00abVet\u00ebm kush e do Hyjin, Atdheun, Lirin\u00eb deri n\u00eb vet\u00ebflijim mund ta kuptoj\u00eb e doj\u00eb Shqip\u00ebrin\u00eb, vend ky besnik i heronjve dhe martir\u00ebve&#8230;\u00bb\u201d.<\/p>\n<p>Pastaj kan\u00eb dal\u00eb n\u00eb sken\u00eb p\u00ebrfaq\u00ebsues t\u00eb fes\u00eb: Ipeshk\u00ebvi i Ipeshk\u00ebvis\u00eb s\u00eb Kosov\u00ebs Imzot Dod\u00eb Gjergji dhe udh\u00ebheq\u00ebsi i Bashk\u00ebsis\u00eb Islame t\u00eb Vitis\u00eb, kryeimami Feim Abazi. Me k\u00ebt\u00eb rast ipeshk\u00ebvi ka marr\u00eb fjal\u00ebn. Imzot Dod\u00eb Gjergji ka th\u00ebn\u00eb se hapja e shkoll\u00ebs s\u00eb par\u00eb shqipe n\u00eb Stub\u00ebll, ishte ngjarje e madhe p\u00ebr kombin. Shk\u00eblqesia e Tij \u2013 Imzot Gjergji ka theksuar se kisha, n\u00eb t\u00eb gjitha epokat dhe stin\u00ebt historike t\u00eb historis\u00eb son\u00eb komb\u00ebtare, ka qen\u00eb vat\u00ebr strehimi dhe p\u00ebrkrahjeje e luft\u00ebtar\u00ebve dhe patriot\u00ebve shqiptar\u00eb, duke mos kursyer asgj\u00eb p\u00ebr lirin\u00eb dhe prosperitetin e kombit.<\/p>\n<p>Ai, edhe me k\u00ebt\u00eb rast, theksoi ndihm\u00ebn e madhe q\u00eb Dom Mikeli i kishte dh\u00ebn\u00eb Idriz Seferit, n\u00eb p\u00ebrgatitjen e Luft\u00ebs s\u00eb Ka\u00e7anikut, si dhe rolin e Dom Nikoll\u00eb Ka\u00e7orrit, n\u00eb aktin e ngritjes s\u00eb flamurit n\u00eb Vlor\u00eb, si dhe kontributin e tij n\u00eb pozit\u00ebn e n\u00ebnkryeministrit t\u00eb par\u00eb t\u00eb Shqip\u00ebris\u00eb, n\u00eb Qeverin\u00eb e Isamail Qemalit.<\/p>\n<p style=\"text-align: center;\">Po citoj thekse nga fjala e Imzot Dod\u00eb Gjergjit: \u201cShkolla Shqipe funksionoi n\u00eb Stub\u00ebll q\u00eb n\u00eb vitin 1584, n\u00eb form\u00eb kolegji. Pastaj kishte shkoll\u00eb edhe n\u00eb vitet \u201940 t\u00eb shekullit XIX, q\u00eb pasoi me martirizimin e 207 personave, nga Stublla, Terzijajt, nga Dunavi, nga V\u00ebrnakolla, nga Bin\u00e7a dhe nga fshat\u00ebrat perrreth. Kemi dokumente dhe argumente q\u00eb flasin edhe p\u00ebr shkoll\u00ebn k\u00ebtu, n\u00eb vitin 1872, 1888 dhe m\u00eb 1891. M\u00eb 1896 u b\u00eb nd\u00ebrtimi i kish\u00ebs famullitare, q\u00eb sh\u00ebrbeu edhe si shkoll\u00eb, p\u00ebr f\u00ebmij\u00ebt nga Stublla dhe nga fshat\u00ebrat perrreth dhe q\u00eb m\u00eb 1905, me pavar\u00ebsimin e famullis\u00eb, u legalizua dhe u njoh edhe nga pushteti i xhonturq\u00ebve\u201d.<br \/>\n<img decoding=\"async\" class=\"aligncenter size-thumbnail wp-image-7236\" title=\"Takimet e Dom Mikelit, 2012\" src=\"http:\/\/www.fjala.info\/2012\/takimet_dom_mikelit12.jpg\" alt=\"\" width=\"500\" \/><br \/>\n<em>Imzot Dod\u00eb Gjergji dhe Imam Feim Abazi<br \/>\nn\u00eb \u00e7astet para bekimit t\u00eb flamurit<\/em><\/p>\n<p>Kryehoxha i Vitis\u00eb, n\u00eb shenj\u00eb respekti p\u00ebr ipeshk\u00ebvin, nuk deshti t\u00eb flas\u00eb, sepse si\u00e7 tha \u2013 ipeshk\u00ebvi dhe fol\u00ebsit tjer\u00eb paraprak\u00eb i kishin th\u00ebn\u00eb t\u00eb gjitha. Ai vet\u00ebm asistoi n\u00eb bekimin e flamurit komb\u00ebtar, q\u00eb e b\u00ebri Ipeshk\u00ebvi Gjergji, i cili flamurin e nderoi edhe duke e puthur. Pas duartrokitjeve frenetike, pasoi n\u00ebnshkrimi i Deklarat\u00ebs s\u00eb m\u00ebposhtme, t\u00eb thjesht\u00eb por q\u00eb del nga \u00e7do shpirt shqiptari, t\u00eb p\u00ebrpiluar nga K\u00ebshilli Organizativ:<\/p>\n<p style=\"text-align: center;\"><strong>D E K L A R A T \u00cb<\/strong><\/p>\n<p>Me rastin e 100- vjetorit t\u00eb Pavar\u00ebsis\u00eb s\u00eb Shqip\u00ebris\u00eb, ne, m\u00eb posht\u00eb t\u00eb n\u00ebnshkruar, pjes\u00ebmarr\u00ebs t\u00eb manifestimit \u201cTakimet e Dom Mikelit 2012\u201d, deklarojm\u00eb publikisht se mb\u00ebshtesim iden\u00eb p\u00ebr bashkimin e trojeve etnike shqiptare dhe n\u00eb kuad\u00ebr t\u00eb Evrop\u00ebs s\u00eb Bashkuar.<\/p>\n<p>Zotohemi se do veprojm\u00eb me shum\u00eb p\u00ebrkushtim n\u00eb realizimin e k\u00ebsaj ideje.<br \/>\nZoti e bekoft\u00eb Shqip\u00ebrin\u00eb dhe gjith\u00eb trojet e tjera ku jetojn\u00eb dhe veprojn\u00eb shqiptar\u00ebt!<\/p>\n<p><em>N\u00eb Stub\u00ebll t\u00eb Ep\u00ebrme, m\u00eb 22.09.2012<\/em><\/p>\n<p>Pasojn\u00eb n\u00ebnshkrimet:<\/p>\n<p style=\"text-align: center;\"><img decoding=\"async\" class=\"aligncenter size-thumbnail wp-image-7236\" title=\"Takimet e Dom Mikelit, 2012\" src=\"http:\/\/www.fjala.info\/2012\/takimet_dom_mikelit13.jpg\" alt=\"\" width=\"500\" \/><br \/>\n<em>Kryetari i Komun\u00ebs s\u00eb Vitis\u00eb Mr Nexhmedin Arifi<br \/>\ndhe famullitari i Stubll\u00ebs Don Albert Jakaj,<br \/>\nt\u00eb par\u00ebt e n\u00ebnshkruan deklarat\u00ebn historike<\/em><\/p>\n<p style=\"text-align: center;\"><img decoding=\"async\" class=\"aligncenter size-thumbnail wp-image-7236\" title=\"Takimet e Dom Mikelit, 2012\" src=\"http:\/\/www.fjala.info\/2012\/takimet_dom_mikelit14.jpg\" alt=\"\" width=\"500\" \/><br \/>\n<em>I Zoti i sht\u00ebpis\u00eb Don Albeert Jakaj, duke e n\u00ebnshkruar Deklarat\u00ebn<\/em><br \/>\n<img decoding=\"async\" class=\"aligncenter size-thumbnail wp-image-7236\" title=\"Takimet e Dom Mikelit, 2012\" src=\"http:\/\/www.fjala.info\/2012\/takimet_dom_mikelit15.jpg\" alt=\"\" width=\"500\" \/><br \/>\n<em>Dom Alberti duken\u00ebnshkruar Paktin e Bashkimit Komb\u00ebtar<\/em><br \/>\n<img decoding=\"async\" class=\"aligncenter size-thumbnail wp-image-7236\" title=\"Takimet e Dom Mikelit, 2012\" src=\"http:\/\/www.fjala.info\/2012\/takimet_dom_mikelit16.jpg\" alt=\"\" width=\"500\" \/><br \/>\n<em>Albin Kurti duke e n\u00ebnshkruar Deklarat\u00ebn<\/em><br \/>\n<img decoding=\"async\" class=\"aligncenter size-thumbnail wp-image-7236\" title=\"Takimet e Dom Mikelit, 2012\" src=\"http:\/\/www.fjala.info\/2012\/takimet_dom_mikelit17.jpg\" alt=\"\" width=\"500\" \/><br \/>\n<em>N\u00ebnshkruan Zonja Shukrije Ramadani<\/em><br \/>\n<img decoding=\"async\" class=\"aligncenter size-thumbnail wp-image-7236\" title=\"Takimet e Dom Mikelit, 2012\" src=\"http:\/\/www.fjala.info\/2012\/takimet_dom_mikelit18.jpg\" alt=\"\" width=\"500\" \/><br \/>\n<em>Patjet\u00ebr q\u00eb n\u00ebnshkruan edhe i deleguari i Familjes Jashari<\/em><br \/>\n<img decoding=\"async\" class=\"aligncenter size-thumbnail wp-image-7236\" title=\"Takimet e Dom Mikelit, 2012\" src=\"http:\/\/www.fjala.info\/2012\/takimet_dom_mikelit19.jpg\" alt=\"\" width=\"500\" \/><br \/>\n<em>N\u00ebnshkruan Naser Rugova<\/em><\/p>\n<p>N\u00ebnshkrimi i Deklarat\u00ebs, respektivisht i Paktit t\u00eb Bashkimit Komb\u00ebtar, ishte kulminacioni i fest\u00ebs s\u00eb sivjeme. Derisa t\u00eb ftuarit n\u00ebnshkruanin, t\u00eb pranishmit duartrokitnin pandalur \u2013 frenetikisht. Sidomos emocionues ishin \u00e7astet kur po n\u00ebnshkruanin p\u00ebrfaq\u00ebsuesit e deleguar nga familjet: Jashari, Ramadani dhe Rugova. Ve\u00e7 t\u00eb ftuarve special\u00eb, Deklarat\u00ebn e kan\u00eb n\u00ebnshkruar edhe lider\u00ebt fetar\u00eb, intelektual\u00eb, t\u00eb zot\u00ebt e sht\u00ebpis\u00eb \u2013 Kryetari Nexhmedin Arifi dhe Famullitari Don Albert Jakaj, shkrimtar\u00ebt tan\u00eb t\u00eb mir\u00ebnjohur Isak Ahmeti e Sar\u00eb Gjergji, por edhe autori i k\u00ebtij reportazhi \u2013 ambasadori i paqes Engj\u00ebll Koliqi. G\u00ebzimi v\u00ebrehej n\u00eb \u00e7do fytyr\u00eb t\u00eb t\u00eb pranishm\u00ebve e dukej se qeshte edhe kisha e Stubll\u00ebs dhe Stubllavaqa, p\u00ebr t\u00eb cil\u00ebn doli propozimi q\u00eb t\u00eb quhet Kodra e Famurit Shqiptar.<\/p>\n<p>Pas k\u00ebtij akti solemn, organizator\u00ebt e dhan\u00eb \u00c7mimin e Pavar\u00ebsis\u00eb, p\u00ebr Presidentin Historik t\u00eb Kosov\u00ebs, Dr Ibrahim Rugova, pas vdekjes, t\u00eb cilin e pranoi familjari i tij Naser Rugova. Edhe me k\u00ebt\u00eb rast shp\u00ebrthyen duartrokitje t\u00eb gjata dhe frenetike.<\/p>\n<p style=\"text-align: center;\"><img decoding=\"async\" class=\"aligncenter size-thumbnail wp-image-7236\" title=\"Takimet e Dom Mikelit, 2012\" src=\"http:\/\/www.fjala.info\/2012\/takimet_dom_mikelit20.jpg\" alt=\"\" width=\"500\" \/><br \/>\n<em>Don Albert Jakaj ia dor\u00ebzon Z. Naser Rugov\u00ebs \u00c7mimin e Pavar\u00ebsis\u00eb,<br \/>\nP\u00ebr Presidentin Historik Dr Ibrahim Rugova, pas vdekjes<\/em><\/p>\n<p>Duhet theksuar se p\u00ebrve\u00e7 shqiptar\u00ebve nga t\u00eb gjitha trojet tona etnike, n\u00eb k\u00ebt\u00eb fest\u00eb t\u00eb madhe ishin t\u00eb pranish\u00ebm edhe p\u00ebrfaq\u00ebsues t\u00eb Diaspor\u00ebs: nga Greqia, Italia, Gjermania, Austria, Zvicra, SHBA-t\u00eb dhe nga Kanadaja. Me pamund\u00ebsin\u00eb e ardhjes s\u00eb kryetarit, K\u00ebshilli Organizativ ka p\u00ebrcjellur urimet dhe ka fal\u00ebnderuar publikisht Forumin Imazh dhe Media dhe kryetarin Sci Dr Astrit Memia, p\u00ebr angazhimin e vazhduesh\u00ebm n\u00eb dobi t\u00eb kombit e sidomos p\u00ebr kontributin e jasht\u00ebzakonsh\u00ebm t\u00eb k\u00ebtij Forumi dhe t\u00eb kryetarit Memia, n\u00eb edicionin e kaluar t\u00eb Takimeve t\u00eb Dom Mikelit.<\/p>\n<p>Mbasi mbaroi Akti i Madh brenda n\u00eb kish\u00eb, t\u00eb pranishmit shkuan n\u00eb sall\u00ebn sportive t\u00eb Qendr\u00ebs Rinore, q\u00eb \u00ebsht\u00eb n\u00eb oborr t\u00eb kish\u00ebs, ku u vazdua kremtja me or\u00ebn letrare dhe me programin artistik. Duke respektuar natyr\u00ebn specifike t\u00eb edicionit t\u00eb sivjem t\u00eb Takimeve t\u00eb Dom Mikelit, organizator\u00ebt kan\u00eb vendosur q\u00eb n\u00eb k\u00ebt\u00eb or\u00eb letrare t\u00eb mund t\u00eb paraqiten sa m\u00eb shum\u00eb poet\u00eb. V\u00ebrtet\u00eb poezit\u00eb e tyre i kan\u00eb deklamuar mbi dyzet poet\u00eb, nga t\u00eb gjitha trojet tona etnike dhe nga diaspora.<\/p>\n<p>Nd\u00ebrmjet poezive jan\u00eb k\u00ebnduar k\u00ebng\u00eb speciale, kushtuar k\u00ebtij jubileu t\u00eb madh. Sidomos kan\u00eb ngaz\u00ebllyer dhe k\u00ebnaqur mij\u00ebra t\u00eb pranish\u00ebm \u2013 Nazim Gagica, me nj\u00eb potpuri k\u00ebng\u00ebsh patriotike dhe Luz Koliqi, i ardhur special nga Italia, me k\u00ebng\u00ebn Marshi i U\u00c7K-s\u00eb. T\u00eb pranishmit, me z\u00ebrin e \u00ebmb\u00ebl i ka k\u00ebnaq\u00eb edhe k\u00ebng\u00ebtarja Fazile Ramadani. Ansambli burimor \u201cAlbafolk\u201d nga Gjilani dhe grupi i valleve i Shkoll\u00ebs \u201cDom Mikel Tarabulluzi\u201d n\u00eb Stub\u00ebll, kan\u00eb vall\u00ebzuar shk\u00eblqyesh\u00ebm valle t\u00eb bukura shqiptare dhe arb\u00ebreshe.<\/p>\n<p style=\"text-align: center;\"><img decoding=\"async\" class=\"aligncenter size-thumbnail wp-image-7236\" title=\"Takimet e Dom Mikelit, 2012\" src=\"http:\/\/www.fjala.info\/2012\/takimet_dom_mikelit21.jpg\" alt=\"\" width=\"500\" \/><br \/>\n<em>Edhe ora letrare me programin artistik special,<br \/>\nRrodh\u00ebn \u00ebmb\u00ebl dhe u ndoq\u00ebn me interesim t\u00eb madh<\/em><\/p>\n<p style=\"text-align: center;\"><img decoding=\"async\" class=\"aligncenter size-thumbnail wp-image-7236\" title=\"Takimet e Dom Mikelit, 2012\" src=\"http:\/\/www.fjala.info\/2012\/takimet_dom_mikelit22.jpg\" alt=\"\" width=\"500\" \/><br \/>\n<em>Luz Koliqi, i veshur n\u00eb uniform\u00eb ushtarake,<br \/>\nme zem\u00ebr k\u00ebndon Marshin e U\u00c7K-s\u00eb<\/em><br \/>\n<img decoding=\"async\" class=\"aligncenter size-thumbnail wp-image-7236\" title=\"Takimet e Dom Mikelit, 2012\" src=\"http:\/\/www.fjala.info\/2012\/takimet_dom_mikelit23.jpg\" alt=\"\" width=\"500\" \/><br \/>\n<em>Ambasadori i Paqes Engj\u00ebll Koliqi<br \/>\nduke deklamuar poezin\u00eb \u201cS\u2019\u00ebsht\u00eb m\u00eb \u00ebnd\u00ebrr\u201d<\/em><br \/>\n<img decoding=\"async\" class=\"aligncenter size-thumbnail wp-image-7236\" title=\"Takimet e Dom Mikelit, 2012\" src=\"http:\/\/www.fjala.info\/2012\/takimet_dom_mikelit24.jpg\" alt=\"\" width=\"500\" \/><br \/>\n<em>\u00cbmb\u00ebl ka k\u00ebnduar k\u00ebng\u00ebtarja e re Fazile Ramadani<\/em><br \/>\n<img decoding=\"async\" class=\"aligncenter size-thumbnail wp-image-7236\" title=\"Takimet e Dom Mikelit, 2012\" src=\"http:\/\/www.fjala.info\/2012\/takimet_dom_mikelit25.jpg\" alt=\"\" width=\"500\" \/><br \/>\n<em>Si gjith\u00ebher\u00eb valltar\u00ebt e Andamblit Albafolk nga Gjilani<br \/>\nkan\u00eb k\u00ebnaqur t\u00eb pranishmit me valle, k\u00ebsaj radhe arb\u00ebreshe<\/em><\/p>\n<p>Juria profesionale e p\u00ebrb\u00ebr\u00eb nga Agim Desku, Nehas Sopaj dhe Bilall Maliqi, poet\u00ebve m\u00eb t\u00eb mir\u00eb ua ka dh\u00ebn\u00eb gjasht\u00eb \u00e7mime, tre me emrin e Agim Ramadanit dhe tre t\u00eb tjer\u00eb me emrin e Sh\u00ebn Jeronimit Ilir. \u00c7mimi i par\u00eb \u201cAgim Ramadani i ka takuar poetit shqiptaro-amerikan M\u00ebhill Velaj, i dyti Sabit Rrustemit, kurse i treti \u2013 Fatos Rushitit. Nd\u00ebrkaq t\u00eb parin \u00e7mim \u201cSh\u00ebn Jeronimi Ilir e ka marr\u00eb Hyqmet Hasko, t\u00eb dytin Sar\u00eb Gjergji dhe t\u00eb tretin Dibran Fylli.<\/p>\n<p><img decoding=\"async\" class=\"aligncenter size-thumbnail wp-image-7236\" title=\"Takimet e Dom Mikelit, 2012\" src=\"http:\/\/www.fjala.info\/2012\/takimet_dom_mikelit26.jpg\" alt=\"\" width=\"500\" \/><\/p>\n<p>\u00c7mimi tashm\u00eb tradiucional \u201cAkil Koci\u201d iu dha Shkoll\u00ebs s\u00eb Muzik\u00ebs \u201cLorenc Antoni\u201d nga Prizreni, kurse \u00c7mimi Qeshk Shan Ukaj, p\u00ebr pun\u00ebtorin m\u00eb t\u00eb mir\u00eb asrsimor n\u00eb komun\u00ebn e Vitis\u00eb, sivjet p\u00ebr t\u00eb par\u00ebn her\u00eb iu dha drejtorit t\u00eb arsimit t\u00eb komun\u00ebs \u2013 Prof Fehri Qerimi. Pasi mbaroi ceremonia solemne e dh\u00ebnies s\u00eb \u00e7mimeve, t\u00eb pranishmit u d\u00ebrguan n\u00eb sall\u00ebn speciale t\u00eb banketeve, t\u00eb k\u00ebsaj qendreje rinore, ku ishte shtruar dreka e p\u00ebrbashk\u00ebt, e pasur edhe me ushqime tradicionale \u2013 flia, pite etj. K\u00ebto ushqime i kishin p\u00ebrgatitur grat\u00eb e Stubll\u00ebs, special p\u00ebr k\u00ebt\u00eb dit\u00eb t\u00eb madhe.<\/p>\n<p><img decoding=\"async\" class=\"aligncenter size-thumbnail wp-image-7236\" title=\"Takimet e Dom Mikelit, 2012\" src=\"http:\/\/www.fjala.info\/2012\/takimet_dom_mikelit27.jpg\" alt=\"\" width=\"500\" \/><\/p>\n<p>Nuk duhet harruar ndihmat financiare p\u00ebr k\u00ebt\u00eb edicion t\u00eb Takimeve t\u00eb Dom Mikelit q\u00eb na kan\u00eb ardh\u00eb nga Ministria e Kultur\u00ebs, Sportit dhe Rinis\u00eb, e Republik\u00ebs s\u00eb Kosov\u00ebs, si dhe nga Komuna e Vitis\u00eb, thon\u00eb n\u00eb K\u00ebshillin Organizativ dhe n\u00eb Shoqat\u00ebn Kulturoe Shencore \u201cDom Mikel Tarabulluzi. Nuk kan\u00eb munguar edhe ndihmat e Shoqat\u00ebs Integruese Kulturore Humanitare me emrin \u201cStublla\u201d. Nga Italia, Zvicra, Gjermania dhe Austria. Q\u00ebllimi kryesor \u00ebsht\u00eb arritur, sepse n\u00eb k\u00ebt\u00eb edicion gjith\u00e7ka frymonte dhe gum\u00ebzhinte shqip.<\/p>\n<p>Do t\u00eb ishte m\u00ebkat po t\u00eb mos i fal\u00ebnderonim mediat e komunikimit masiv, p\u00ebr interesimin e jasht\u00ebzakonsh\u00ebm dhe r\u00ebnd\u00ebsin\u00eb e hapsir\u00ebn q\u00eb i kushtuan k\u00ebsaj kremteje t\u00eb madhe komb\u00ebtare n\u00eb Stub\u00ebll. K\u00ebshilli Organizativ fal\u00ebnderon nga zemra Radiotelevizionin e Kosov\u00ebs (RTK), Radiotelevizionin Shqiptar \u2013 RTSH, Radiotelevizionin e Maqedonis\u00eb \u2013 redaksin\u00eb shqipe, Radiotelevizionin 21, Radiotelevizionin Koha, Radiotelevizionin Klan Kosova, Radiotelevizionin lokal t\u00eb Vitis\u00eb Iliria, gazetat tona t\u00eb p\u00ebrditshme \u201cBota Sot\u201d, \u201cZ\u00ebri\u201d, \u201cKosova Sot\u201d, \u201cEkspressi\u201d e t\u00eb tjerat.<\/p>\n<p><img decoding=\"async\" class=\"aligncenter size-thumbnail wp-image-7236\" title=\"Takimet e Dom Mikelit, 2012\" src=\"http:\/\/www.fjala.info\/2012\/takimet_dom_mikelit28.jpg\" alt=\"\" width=\"500\" \/><\/p>\n<p>Duhet fal\u00ebnderuar edhe redaksit\u00eb tjera t\u00eb lajmeve dhe dritaret e internetit, si Radio Vatikanin n\u00eb gjuh\u00ebn shqipe, dritaren \u201cKosova Info\u201d, \u201cTelegraf\u201d, redaksin\u00eb e revist\u00ebs \u201cNacional\u201d, dritaret e internetit t\u00eb Komun\u00ebs s\u00eb Vitis\u00eb, t\u00eb Fshatit Smir\u00eb dhe shum\u00eb t\u00eb tjera. Nj\u00eb fal\u00ebnderim special i takon Produkcionit \u201cRino Art\u201d n\u00eb Viti dhe prodeucentit Selajdin Osmani, p\u00ebr in\u00e7izimin komplet t\u00eb k\u00ebsaj kremteje, me q\u00ebllim t\u00eb b\u00ebrjen s\u00eb nj\u00eb filmi t\u00eb bukur dokumentar.<\/p>\n","protected":false},"excerpt":{"rendered":"<p>REPORTAZH: N\u00cb TAKIMET E DOM MIKELIT 2012 KUVENDI I STUBLL\u00cbS I NGJAU KUVENDIT T\u00cb LEZH\u00cbS Stublla e stolisur p\u00ebr fest\u00ebn e madhe n\u00eb Jubileun e Madh N\u00eb Stub\u00ebll t\u00eb Vitis\u00eb, n\u00eb edicionin XXIII-t\u00eb t\u00eb manifstimit tradicional n\u00eb p\u00ebrkujtim t\u00eb Shkoll\u00ebs s\u00eb Par\u00eb Shqipe n\u00eb Kosov\u00eb, u mblodh\u00ebn mij\u00ebra shqiptar\u00eb t\u00eb t\u00eb gjitha trojeve tona etnike [&hellip;]<\/p>\n","protected":false},"author":1,"featured_media":0,"comment_status":"open","ping_status":"closed","sticky":false,"template":"","format":"standard","meta":{"footnotes":""},"categories":[2],"tags":[],"class_list":{"0":"post-5186","1":"post","2":"type-post","3":"status-publish","4":"format-standard","6":"category-artikuj"},"yoast_head":"<!-- This site is optimized with the Yoast SEO plugin v27.4 - https:\/\/yoast.com\/product\/yoast-seo-wordpress\/ -->\n<title>N\u00cb TAKIMET E DOM MIKELIT 2012 - FjALA e LIR\u00cb - Arkivi<\/title>\n<meta name=\"robots\" content=\"index, follow, max-snippet:-1, max-image-preview:large, max-video-preview:-1\" \/>\n<link rel=\"canonical\" href=\"https:\/\/fjala.info\/2009-2015\/5186-2\/\" \/>\n<meta property=\"og:locale\" content=\"sq_AL\" \/>\n<meta property=\"og:type\" content=\"article\" \/>\n<meta property=\"og:title\" content=\"N\u00cb TAKIMET E DOM MIKELIT 2012 - FjALA e LIR\u00cb - Arkivi\" \/>\n<meta property=\"og:description\" content=\"REPORTAZH: N\u00cb TAKIMET E DOM MIKELIT 2012 KUVENDI I STUBLL\u00cbS I NGJAU KUVENDIT T\u00cb LEZH\u00cbS Stublla e stolisur p\u00ebr fest\u00ebn e madhe n\u00eb Jubileun e Madh N\u00eb Stub\u00ebll t\u00eb Vitis\u00eb, n\u00eb edicionin XXIII-t\u00eb t\u00eb manifstimit tradicional n\u00eb p\u00ebrkujtim t\u00eb Shkoll\u00ebs s\u00eb Par\u00eb Shqipe n\u00eb Kosov\u00eb, u mblodh\u00ebn mij\u00ebra shqiptar\u00eb t\u00eb t\u00eb gjitha trojeve tona etnike [&hellip;]\" \/>\n<meta property=\"og:url\" content=\"https:\/\/fjala.info\/2009-2015\/5186-2\/\" \/>\n<meta property=\"og:site_name\" content=\"FjALA e LIR\u00cb - Arkivi\" \/>\n<meta property=\"article:published_time\" content=\"2012-09-27T19:09:44+00:00\" \/>\n<meta property=\"og:image\" content=\"http:\/\/www.fjala.info\/2012\/takimet_dom_mikelit.jpg\" \/>\n<meta name=\"author\" content=\"admin\" \/>\n<meta name=\"twitter:card\" content=\"summary_large_image\" \/>\n<meta name=\"twitter:label1\" content=\"Written by\" \/>\n\t<meta name=\"twitter:data1\" content=\"admin\" \/>\n\t<meta name=\"twitter:label2\" content=\"Est. reading time\" \/>\n\t<meta name=\"twitter:data2\" content=\"19 minutes\" \/>\n<script type=\"application\/ld+json\" class=\"yoast-schema-graph\">{\"@context\":\"https:\\\/\\\/schema.org\",\"@graph\":[{\"@type\":\"Article\",\"@id\":\"https:\\\/\\\/fjala.info\\\/2009-2015\\\/5186-2\\\/#article\",\"isPartOf\":{\"@id\":\"https:\\\/\\\/fjala.info\\\/2009-2015\\\/5186-2\\\/\"},\"author\":{\"name\":\"admin\",\"@id\":\"https:\\\/\\\/fjala.info\\\/2009-2015\\\/#\\\/schema\\\/person\\\/3aa1163ef05469c496fc94e77611ada2\"},\"headline\":\"N\u00cb TAKIMET E DOM MIKELIT 2012\",\"datePublished\":\"2012-09-27T19:09:44+00:00\",\"mainEntityOfPage\":{\"@id\":\"https:\\\/\\\/fjala.info\\\/2009-2015\\\/5186-2\\\/\"},\"wordCount\":3858,\"commentCount\":3,\"publisher\":{\"@id\":\"https:\\\/\\\/fjala.info\\\/2009-2015\\\/#organization\"},\"image\":{\"@id\":\"https:\\\/\\\/fjala.info\\\/2009-2015\\\/5186-2\\\/#primaryimage\"},\"thumbnailUrl\":\"http:\\\/\\\/www.fjala.info\\\/2012\\\/takimet_dom_mikelit.jpg\",\"articleSection\":[\"Artikuj\"],\"inLanguage\":\"sq-AL\",\"potentialAction\":[{\"@type\":\"CommentAction\",\"name\":\"Comment\",\"target\":[\"https:\\\/\\\/fjala.info\\\/2009-2015\\\/5186-2\\\/#respond\"]}]},{\"@type\":\"WebPage\",\"@id\":\"https:\\\/\\\/fjala.info\\\/2009-2015\\\/5186-2\\\/\",\"url\":\"https:\\\/\\\/fjala.info\\\/2009-2015\\\/5186-2\\\/\",\"name\":\"N\u00cb TAKIMET E DOM MIKELIT 2012 - FjALA e LIR\u00cb - Arkivi\",\"isPartOf\":{\"@id\":\"https:\\\/\\\/fjala.info\\\/2009-2015\\\/#website\"},\"primaryImageOfPage\":{\"@id\":\"https:\\\/\\\/fjala.info\\\/2009-2015\\\/5186-2\\\/#primaryimage\"},\"image\":{\"@id\":\"https:\\\/\\\/fjala.info\\\/2009-2015\\\/5186-2\\\/#primaryimage\"},\"thumbnailUrl\":\"http:\\\/\\\/www.fjala.info\\\/2012\\\/takimet_dom_mikelit.jpg\",\"datePublished\":\"2012-09-27T19:09:44+00:00\",\"breadcrumb\":{\"@id\":\"https:\\\/\\\/fjala.info\\\/2009-2015\\\/5186-2\\\/#breadcrumb\"},\"inLanguage\":\"sq-AL\",\"potentialAction\":[{\"@type\":\"ReadAction\",\"target\":[\"https:\\\/\\\/fjala.info\\\/2009-2015\\\/5186-2\\\/\"]}]},{\"@type\":\"ImageObject\",\"inLanguage\":\"sq-AL\",\"@id\":\"https:\\\/\\\/fjala.info\\\/2009-2015\\\/5186-2\\\/#primaryimage\",\"url\":\"http:\\\/\\\/www.fjala.info\\\/2012\\\/takimet_dom_mikelit.jpg\",\"contentUrl\":\"http:\\\/\\\/www.fjala.info\\\/2012\\\/takimet_dom_mikelit.jpg\"},{\"@type\":\"BreadcrumbList\",\"@id\":\"https:\\\/\\\/fjala.info\\\/2009-2015\\\/5186-2\\\/#breadcrumb\",\"itemListElement\":[{\"@type\":\"ListItem\",\"position\":1,\"name\":\"Home\",\"item\":\"https:\\\/\\\/fjala.info\\\/2009-2015\\\/\"},{\"@type\":\"ListItem\",\"position\":2,\"name\":\"N\u00cb TAKIMET E DOM MIKELIT 2012\"}]},{\"@type\":\"WebSite\",\"@id\":\"https:\\\/\\\/fjala.info\\\/2009-2015\\\/#website\",\"url\":\"https:\\\/\\\/fjala.info\\\/2009-2015\\\/\",\"name\":\"FjALA e LIR\u00cb - Arkivi\",\"description\":\"Arkivi 2009-2015\",\"publisher\":{\"@id\":\"https:\\\/\\\/fjala.info\\\/2009-2015\\\/#organization\"},\"potentialAction\":[{\"@type\":\"SearchAction\",\"target\":{\"@type\":\"EntryPoint\",\"urlTemplate\":\"https:\\\/\\\/fjala.info\\\/2009-2015\\\/?s={search_term_string}\"},\"query-input\":{\"@type\":\"PropertyValueSpecification\",\"valueRequired\":true,\"valueName\":\"search_term_string\"}}],\"inLanguage\":\"sq-AL\"},{\"@type\":\"Organization\",\"@id\":\"https:\\\/\\\/fjala.info\\\/2009-2015\\\/#organization\",\"name\":\"FjALA e LIR\u00cb - Arkivi\",\"url\":\"https:\\\/\\\/fjala.info\\\/2009-2015\\\/\",\"logo\":{\"@type\":\"ImageObject\",\"inLanguage\":\"sq-AL\",\"@id\":\"https:\\\/\\\/fjala.info\\\/2009-2015\\\/#\\\/schema\\\/logo\\\/image\\\/\",\"url\":\"\",\"contentUrl\":\"\",\"caption\":\"FjALA e LIR\u00cb - Arkivi\"},\"image\":{\"@id\":\"https:\\\/\\\/fjala.info\\\/2009-2015\\\/#\\\/schema\\\/logo\\\/image\\\/\"}},{\"@type\":\"Person\",\"@id\":\"https:\\\/\\\/fjala.info\\\/2009-2015\\\/#\\\/schema\\\/person\\\/3aa1163ef05469c496fc94e77611ada2\",\"name\":\"admin\",\"image\":{\"@type\":\"ImageObject\",\"inLanguage\":\"sq-AL\",\"@id\":\"https:\\\/\\\/fjala.info\\\/2009-2015\\\/wp-content\\\/uploads\\\/2012\\\/02\\\/arben_cokaj-120x150.jpg\",\"url\":\"https:\\\/\\\/fjala.info\\\/2009-2015\\\/wp-content\\\/uploads\\\/2012\\\/02\\\/arben_cokaj-120x150.jpg\",\"contentUrl\":\"https:\\\/\\\/fjala.info\\\/2009-2015\\\/wp-content\\\/uploads\\\/2012\\\/02\\\/arben_cokaj-120x150.jpg\",\"caption\":\"admin\"},\"description\":\"Admin, Fjala e Lir\u00eb\",\"sameAs\":[\"https:\\\/\\\/fjala.info\\\/\"],\"url\":\"https:\\\/\\\/fjala.info\\\/2009-2015\\\/author\\\/admin\\\/\"}]}<\/script>\n<!-- \/ Yoast SEO plugin. -->","yoast_head_json":{"title":"N\u00cb TAKIMET E DOM MIKELIT 2012 - FjALA e LIR\u00cb - Arkivi","robots":{"index":"index","follow":"follow","max-snippet":"max-snippet:-1","max-image-preview":"max-image-preview:large","max-video-preview":"max-video-preview:-1"},"canonical":"https:\/\/fjala.info\/2009-2015\/5186-2\/","og_locale":"sq_AL","og_type":"article","og_title":"N\u00cb TAKIMET E DOM MIKELIT 2012 - FjALA e LIR\u00cb - Arkivi","og_description":"REPORTAZH: N\u00cb TAKIMET E DOM MIKELIT 2012 KUVENDI I STUBLL\u00cbS I NGJAU KUVENDIT T\u00cb LEZH\u00cbS Stublla e stolisur p\u00ebr fest\u00ebn e madhe n\u00eb Jubileun e Madh N\u00eb Stub\u00ebll t\u00eb Vitis\u00eb, n\u00eb edicionin XXIII-t\u00eb t\u00eb manifstimit tradicional n\u00eb p\u00ebrkujtim t\u00eb Shkoll\u00ebs s\u00eb Par\u00eb Shqipe n\u00eb Kosov\u00eb, u mblodh\u00ebn mij\u00ebra shqiptar\u00eb t\u00eb t\u00eb gjitha trojeve tona etnike [&hellip;]","og_url":"https:\/\/fjala.info\/2009-2015\/5186-2\/","og_site_name":"FjALA e LIR\u00cb - Arkivi","article_published_time":"2012-09-27T19:09:44+00:00","og_image":[{"url":"http:\/\/www.fjala.info\/2012\/takimet_dom_mikelit.jpg","type":"","width":"","height":""}],"author":"admin","twitter_card":"summary_large_image","twitter_misc":{"Written by":"admin","Est. reading time":"19 minutes"},"schema":{"@context":"https:\/\/schema.org","@graph":[{"@type":"Article","@id":"https:\/\/fjala.info\/2009-2015\/5186-2\/#article","isPartOf":{"@id":"https:\/\/fjala.info\/2009-2015\/5186-2\/"},"author":{"name":"admin","@id":"https:\/\/fjala.info\/2009-2015\/#\/schema\/person\/3aa1163ef05469c496fc94e77611ada2"},"headline":"N\u00cb TAKIMET E DOM MIKELIT 2012","datePublished":"2012-09-27T19:09:44+00:00","mainEntityOfPage":{"@id":"https:\/\/fjala.info\/2009-2015\/5186-2\/"},"wordCount":3858,"commentCount":3,"publisher":{"@id":"https:\/\/fjala.info\/2009-2015\/#organization"},"image":{"@id":"https:\/\/fjala.info\/2009-2015\/5186-2\/#primaryimage"},"thumbnailUrl":"http:\/\/www.fjala.info\/2012\/takimet_dom_mikelit.jpg","articleSection":["Artikuj"],"inLanguage":"sq-AL","potentialAction":[{"@type":"CommentAction","name":"Comment","target":["https:\/\/fjala.info\/2009-2015\/5186-2\/#respond"]}]},{"@type":"WebPage","@id":"https:\/\/fjala.info\/2009-2015\/5186-2\/","url":"https:\/\/fjala.info\/2009-2015\/5186-2\/","name":"N\u00cb TAKIMET E DOM MIKELIT 2012 - FjALA e LIR\u00cb - Arkivi","isPartOf":{"@id":"https:\/\/fjala.info\/2009-2015\/#website"},"primaryImageOfPage":{"@id":"https:\/\/fjala.info\/2009-2015\/5186-2\/#primaryimage"},"image":{"@id":"https:\/\/fjala.info\/2009-2015\/5186-2\/#primaryimage"},"thumbnailUrl":"http:\/\/www.fjala.info\/2012\/takimet_dom_mikelit.jpg","datePublished":"2012-09-27T19:09:44+00:00","breadcrumb":{"@id":"https:\/\/fjala.info\/2009-2015\/5186-2\/#breadcrumb"},"inLanguage":"sq-AL","potentialAction":[{"@type":"ReadAction","target":["https:\/\/fjala.info\/2009-2015\/5186-2\/"]}]},{"@type":"ImageObject","inLanguage":"sq-AL","@id":"https:\/\/fjala.info\/2009-2015\/5186-2\/#primaryimage","url":"http:\/\/www.fjala.info\/2012\/takimet_dom_mikelit.jpg","contentUrl":"http:\/\/www.fjala.info\/2012\/takimet_dom_mikelit.jpg"},{"@type":"BreadcrumbList","@id":"https:\/\/fjala.info\/2009-2015\/5186-2\/#breadcrumb","itemListElement":[{"@type":"ListItem","position":1,"name":"Home","item":"https:\/\/fjala.info\/2009-2015\/"},{"@type":"ListItem","position":2,"name":"N\u00cb TAKIMET E DOM MIKELIT 2012"}]},{"@type":"WebSite","@id":"https:\/\/fjala.info\/2009-2015\/#website","url":"https:\/\/fjala.info\/2009-2015\/","name":"FjALA e LIR\u00cb - Arkivi","description":"Arkivi 2009-2015","publisher":{"@id":"https:\/\/fjala.info\/2009-2015\/#organization"},"potentialAction":[{"@type":"SearchAction","target":{"@type":"EntryPoint","urlTemplate":"https:\/\/fjala.info\/2009-2015\/?s={search_term_string}"},"query-input":{"@type":"PropertyValueSpecification","valueRequired":true,"valueName":"search_term_string"}}],"inLanguage":"sq-AL"},{"@type":"Organization","@id":"https:\/\/fjala.info\/2009-2015\/#organization","name":"FjALA e LIR\u00cb - Arkivi","url":"https:\/\/fjala.info\/2009-2015\/","logo":{"@type":"ImageObject","inLanguage":"sq-AL","@id":"https:\/\/fjala.info\/2009-2015\/#\/schema\/logo\/image\/","url":"","contentUrl":"","caption":"FjALA e LIR\u00cb - Arkivi"},"image":{"@id":"https:\/\/fjala.info\/2009-2015\/#\/schema\/logo\/image\/"}},{"@type":"Person","@id":"https:\/\/fjala.info\/2009-2015\/#\/schema\/person\/3aa1163ef05469c496fc94e77611ada2","name":"admin","image":{"@type":"ImageObject","inLanguage":"sq-AL","@id":"https:\/\/fjala.info\/2009-2015\/wp-content\/uploads\/2012\/02\/arben_cokaj-120x150.jpg","url":"https:\/\/fjala.info\/2009-2015\/wp-content\/uploads\/2012\/02\/arben_cokaj-120x150.jpg","contentUrl":"https:\/\/fjala.info\/2009-2015\/wp-content\/uploads\/2012\/02\/arben_cokaj-120x150.jpg","caption":"admin"},"description":"Admin, Fjala e Lir\u00eb","sameAs":["https:\/\/fjala.info\/"],"url":"https:\/\/fjala.info\/2009-2015\/author\/admin\/"}]}},"_links":{"self":[{"href":"https:\/\/fjala.info\/2009-2015\/wp-json\/wp\/v2\/posts\/5186","targetHints":{"allow":["GET"]}}],"collection":[{"href":"https:\/\/fjala.info\/2009-2015\/wp-json\/wp\/v2\/posts"}],"about":[{"href":"https:\/\/fjala.info\/2009-2015\/wp-json\/wp\/v2\/types\/post"}],"author":[{"embeddable":true,"href":"https:\/\/fjala.info\/2009-2015\/wp-json\/wp\/v2\/users\/1"}],"replies":[{"embeddable":true,"href":"https:\/\/fjala.info\/2009-2015\/wp-json\/wp\/v2\/comments?post=5186"}],"version-history":[{"count":0,"href":"https:\/\/fjala.info\/2009-2015\/wp-json\/wp\/v2\/posts\/5186\/revisions"}],"wp:attachment":[{"href":"https:\/\/fjala.info\/2009-2015\/wp-json\/wp\/v2\/media?parent=5186"}],"wp:term":[{"taxonomy":"category","embeddable":true,"href":"https:\/\/fjala.info\/2009-2015\/wp-json\/wp\/v2\/categories?post=5186"},{"taxonomy":"post_tag","embeddable":true,"href":"https:\/\/fjala.info\/2009-2015\/wp-json\/wp\/v2\/tags?post=5186"}],"curies":[{"name":"wp","href":"https:\/\/api.w.org\/{rel}","templated":true}]}}