{"id":5181,"date":"2012-09-26T21:30:18","date_gmt":"2012-09-26T20:30:18","guid":{"rendered":"http:\/\/www.fjala.info\/?p=5181"},"modified":"2012-09-26T21:30:18","modified_gmt":"2012-09-26T20:30:18","slug":"te-shtrengosh-dhembet-e-krimbur","status":"publish","type":"post","link":"https:\/\/fjala.info\/2009-2015\/te-shtrengosh-dhembet-e-krimbur\/","title":{"rendered":"T\u00eb shtr\u00ebngosh dh\u00ebmb\u00ebt e krimbur"},"content":{"rendered":"<p><img decoding=\"async\" class=\"alignright size-thumbnail wp-image-7236\" title=\"Mero Baze\" src=\"http:\/\/www.fjala.info\/2012\/mero_baze.jpg\" alt=\"\" width=\"150\" \/> Nga <strong>Mero Baze<\/strong>, <em>26 Shtator 2012<\/em><\/p>\n<p>Tre- kat\u00ebr burra t\u00eb zem\u00ebruar, kishin v\u00ebn\u00eb p\u00ebr muri disa banderola kund\u00ebr Kreshnik Spahiut dhe q\u00ebllonin mbi to me gur\u00eb, vez\u00eb, balt\u00eb. Nj\u00eb re pluhuri, e ngjashme me skenat e protestave t\u00eb bot\u00ebs arabe, ku njer\u00ebz t\u00eb zem\u00ebruar p\u00ebrplasin k\u00ebmb\u00ebt n\u00eb tok\u00eb dhe k\u00ebrkojn\u00eb shpagim p\u00ebr filmin kund\u00ebr Muhamedit, shoq\u00ebron fotot e shp\u00ebrndara nga njer\u00ebzit e Berish\u00ebs n\u00eb medie, rreth asaj se si e \u00ebnd\u00ebrron ai hakmarrjen ndaj nj\u00eb partie, q\u00eb e ka turp\u00ebruar duke protestuar n\u00eb Rom\u00eb kund\u00ebr tij, para der\u00ebs ku e prisnin 5 kryeministra evropian\u00eb.<\/p>\n<p>Por m\u00eb shum\u00eb se skena e pluhurit dhe primitivizmi i njer\u00ebzve t\u00eb mobilizuar p\u00ebr t\u00eb filluar serialin e dhun\u00ebs kund\u00ebr opozit\u00ebs n\u00eb k\u00ebt\u00eb fushat\u00eb, skena e Lushnj\u00ebs i ngjan nj\u00eb filmi pa ngjyra t\u00eb nj\u00eb intifade, q\u00eb synon t\u00eb shp\u00ebtoj\u00eb mitin e papreksh\u00ebm t\u00eb Berish\u00ebs n\u00eb turmat shqiptare.<\/p>\n<p>Si\u00e7 kam e theksuar qysh kur Berish\u00ebn e q\u00eblluan me miell dhe vez\u00eb, ai nuk \u00ebsht\u00eb i shqet\u00ebsuar nga dhuna apo rreziku p\u00ebr jet\u00ebn, por nga prekja e mitit t\u00eb njeriut t\u00eb fort\u00eb, t\u00eb cilin kund\u00ebrshtar\u00ebt e tij po e banalizojn\u00eb. Nj\u00eb qese mielli apo nj\u00eb kok\u00ebrr vez\u00eb, nj\u00eb domate apo qoft\u00eb dhe nj\u00eb cop\u00eb presh e hedhur mbi kokat e politikan\u00ebve, n\u00eb Per\u00ebndim \u00ebsht\u00eb nj\u00eb gjest normal, biles i qytet\u00ebruar.<\/p>\n<p>Aft\u00ebsia p\u00ebr t\u00eb pranuar se shoq\u00ebria \u00ebsht\u00eb e zem\u00ebruar me ty, natyrisht nuk \u00ebsht\u00eb nj\u00eb veti e gjith\u00eb udh\u00ebheq\u00ebsve, por \u00ebsht\u00eb padyshim nj\u00eb veti e udh\u00ebheq\u00ebsve pro-per\u00ebndimor\u00eb. Kurse reagimi i nj\u00eb tufe injorant\u00ebsh duke p\u00ebrplasur k\u00ebmb\u00ebt n\u00eb tok\u00eb nga zem\u00ebrimi dhe duke v\u00ebn\u00eb si target sulmi disa banderola si dikur n\u00eb koh\u00ebn e zborit foton e Reganit dhe Brezhnjevit, \u00ebsht\u00eb nj\u00eb reagim tipik anti-per\u00ebndimor, q\u00eb motivohet nj\u00ebsoj si n\u00eb turmat e bot\u00ebs arabe nga prekja e idhullit t\u00eb tyre.<\/p>\n<p>Sali Berisha nuk ka fuqi ta duroj\u00eb posht\u00ebrimin publik n\u00eb em\u00ebr t\u00eb qytetar\u00ebve. Ai do t\u00eb reagonte doemos k\u00ebshtu. Do t\u00eb reagoj\u00eb dhe m\u00eb keq n\u00eb dit\u00ebt q\u00eb vijn\u00eb. Do t\u00eb prish\u00eb mitingje t\u00eb opozitar\u00ebve, do t\u2019i dhunoj\u00eb ata, do t\u00eb rris\u00eb presionin dhe dhun\u00ebn mbi median kritike, do t\u00eb angazhoj\u00eb falanga krimi n\u00eb \u00e7do cep t\u00eb Shqip\u00ebris\u00eb p\u00ebr t\u00eb mbajtur zonat n\u00ebn kontroll, por mbi t\u00eb gjitha do t\u00eb kujdeset q\u00eb askush t\u00eb mos i afrohet p\u00ebr ta \u201czhburr\u00ebruar\u201d si\u00e7 e mendon ai protest\u00ebn qytetare kund\u00ebr tij.<\/p>\n<p>K\u00ebt\u00eb fundjav\u00eb eskorta e tij pati nj\u00eb episod t\u00eb friksh\u00ebm dhune ndaj nj\u00eb qytetari, i cili n\u00eb m\u00ebnyr\u00eb spontane iu bashk\u00ebngjit eskort\u00ebs s\u00eb tij nga Maminasi n\u00eb Tiran\u00eb. I rrethuar nga nj\u00eb eskort\u00eb e dhunshme, ai p\u00ebr pak u asgj\u00ebsua fizikisht tek Zogu i Zi, dhe vet\u00ebm kur pan\u00eb se kishin t\u00eb b\u00ebnin me nj\u00eb episod rast\u00ebsor, e l\u00ebshuan pas nj\u00eb dhun\u00eb 24 or\u00ebshe n\u00eb polici, pa b\u00ebr\u00eb asnj\u00eb kall\u00ebzim ndaj tij. E gjitha \u00e7ka ndodhur \u00ebsht\u00eb nj\u00eb skandal q\u00eb mund t\u00eb p\u00ebrfundonte n\u00eb m\u00ebnyr\u00eb tragjike, jo nga rast\u00ebsia e episodit, por nga paranoja q\u00eb kryeministri ka ndaj gjesteve kund\u00ebr tij. Dhe kryeministri e ka fshehur ngjarjen.<\/p>\n<p>Sikur t\u00eb ishim Koreja e Veriut, kryeministri u mjaftua vet\u00ebm me nj\u00eb lajm se eskorta e tij ka pasur nj\u00eb aksident tek Zogu i Zi, pa pasoja p\u00ebr jet\u00ebn e askujt dhe ka mbyllur \u00e7do burim informacioni. Qytetari q\u00eb i ka hyr\u00eb n\u00eb eskort\u00eb, pavar\u00ebsisht se ka hyr\u00eb spontanisht, n\u00eb fakt ka shkelur rregullat e siguris\u00eb dhe meriton s\u00eb paku t\u00eb gjykohet, por frika se gjykimi n\u00eb publik i nj\u00eb akti aksidental dhune do t\u00eb inkurajoj\u00eb reagime ndaj tij, e ka b\u00ebr\u00eb Gard\u00ebn t\u00eb mos b\u00ebj\u00eb denoncim n\u00eb polici dhe k\u00ebsisoj \u00e7\u00ebshtja t\u00eb mbyllet me nj\u00eb dru t\u00eb mir\u00eb p\u00ebr qytetarin, dhe nj\u00eb rrezik t\u00eb p\u00ebrhersh\u00ebm p\u00ebr jet\u00ebn e tij.<\/p>\n<p>Garda e Republik\u00ebs, ish- komandanti i s\u00eb cil\u00ebs \u00ebsht\u00eb n\u00ebn gjykim p\u00ebr vrasje politike, nuk sillet dot m\u00eb si Gard\u00eb profesioniste ndaj tij, por si nj\u00eb repart taliban, q\u00eb m\u00eb shum\u00eb ka frik\u00eb mos i \u00e7nderojn\u00eb \u201cAt\u00eb\u201d, se sa t\u00eb merren me sigurin\u00eb fizike t\u00eb tij. P\u00ebr her\u00eb t\u00eb par\u00eb q\u00eb prej vitit 1997, kam par\u00eb gardist\u00eb t\u00eb rrethit t\u00eb ngusht\u00eb t\u00eb tij q\u00eb t\u00eb k\u00ebrc\u00ebnojn\u00eb kur t\u00eb shikojn\u00eb rrug\u00ebs si ata q\u00eb q\u00ebllonin gazetar\u00ebt n\u00ebp\u00ebr kafene n\u00eb vitin 1997. P\u00ebr her\u00eb t\u00eb par\u00eb prej vitit 1997 shikoj njer\u00ebz t\u00eb inkriminuar t\u00eb tij, q\u00eb jan\u00eb gati t\u00eb p\u00ebrleshen me opozitar\u00eb rrug\u00ebve kudo q\u00eb i shikojn\u00eb, nga makthi se di\u00e7ka mund t\u00eb ndodh\u00eb pas disa muajsh.<\/p>\n<p>Klima e dhun\u00ebs, hak\u00ebrrimi, kund\u00ebrp\u00ebrgjigja, anti-mitingu, paranoja p\u00ebr atentate dhe posht\u00ebrime publike, jan\u00eb axhenda ditore e kryeministrit, e cila po e shnd\u00ebrron at\u00eb pak nga pak n\u00eb nj\u00eb njeri t\u00eb veshur me k\u00ebmish\u00eb t\u00eb hekurt. Jan\u00eb t\u00eb gjitha shenjat se ai po tenton t\u2019i tregoj\u00eb dh\u00ebmb\u00ebt shoq\u00ebris\u00eb, jo se \u00ebsht\u00eb i rrezikuar fizikisht, por \u00ebsht\u00eb i rrezikuar t\u00eb posht\u00ebrohet nga qytetar\u00ebt. Problemi i vet\u00ebm q\u00eb ka \u00ebsht\u00eb se ka nxjerr\u00eb dh\u00ebmb\u00ebt e vjet\u00ebr. Ata q\u00eb ia njohim dhe q\u00eb n\u00eb fakt i ka shum\u00eb t\u00eb krimbur p\u00ebr t\u2019i mbajtur t\u00eb shtr\u00ebnguar.<\/p>\n","protected":false},"excerpt":{"rendered":"<p>Nga Mero Baze, 26 Shtator 2012 Tre- kat\u00ebr burra t\u00eb zem\u00ebruar, kishin v\u00ebn\u00eb p\u00ebr muri disa banderola kund\u00ebr Kreshnik Spahiut dhe q\u00ebllonin mbi to me gur\u00eb, vez\u00eb, balt\u00eb. Nj\u00eb re pluhuri, e ngjashme me skenat e protestave t\u00eb bot\u00ebs arabe, ku njer\u00ebz t\u00eb zem\u00ebruar p\u00ebrplasin k\u00ebmb\u00ebt n\u00eb tok\u00eb dhe k\u00ebrkojn\u00eb shpagim p\u00ebr filmin kund\u00ebr Muhamedit, [&hellip;]<\/p>\n","protected":false},"author":1,"featured_media":0,"comment_status":"open","ping_status":"closed","sticky":false,"template":"","format":"standard","meta":{"footnotes":""},"categories":[2],"tags":[],"class_list":{"0":"post-5181","1":"post","2":"type-post","3":"status-publish","4":"format-standard","6":"category-artikuj"},"yoast_head":"<!-- This site is optimized with the Yoast SEO plugin v27.4 - https:\/\/yoast.com\/product\/yoast-seo-wordpress\/ -->\n<title>T\u00eb shtr\u00ebngosh dh\u00ebmb\u00ebt e krimbur - FjALA e LIR\u00cb - Arkivi<\/title>\n<meta name=\"robots\" content=\"index, follow, max-snippet:-1, max-image-preview:large, max-video-preview:-1\" \/>\n<link rel=\"canonical\" href=\"https:\/\/fjala.info\/2009-2015\/te-shtrengosh-dhembet-e-krimbur\/\" \/>\n<meta property=\"og:locale\" content=\"sq_AL\" \/>\n<meta property=\"og:type\" content=\"article\" \/>\n<meta property=\"og:title\" content=\"T\u00eb shtr\u00ebngosh dh\u00ebmb\u00ebt e krimbur - FjALA e LIR\u00cb - Arkivi\" \/>\n<meta property=\"og:description\" content=\"Nga Mero Baze, 26 Shtator 2012 Tre- kat\u00ebr burra t\u00eb zem\u00ebruar, kishin v\u00ebn\u00eb p\u00ebr muri disa banderola kund\u00ebr Kreshnik Spahiut dhe q\u00ebllonin mbi to me gur\u00eb, vez\u00eb, balt\u00eb. Nj\u00eb re pluhuri, e ngjashme me skenat e protestave t\u00eb bot\u00ebs arabe, ku njer\u00ebz t\u00eb zem\u00ebruar p\u00ebrplasin k\u00ebmb\u00ebt n\u00eb tok\u00eb dhe k\u00ebrkojn\u00eb shpagim p\u00ebr filmin kund\u00ebr Muhamedit, [&hellip;]\" \/>\n<meta property=\"og:url\" content=\"https:\/\/fjala.info\/2009-2015\/te-shtrengosh-dhembet-e-krimbur\/\" \/>\n<meta property=\"og:site_name\" content=\"FjALA e LIR\u00cb - Arkivi\" \/>\n<meta property=\"article:published_time\" content=\"2012-09-26T20:30:18+00:00\" \/>\n<meta property=\"og:image\" content=\"http:\/\/www.fjala.info\/2012\/mero_baze.jpg\" \/>\n<meta name=\"author\" content=\"admin\" \/>\n<meta name=\"twitter:card\" content=\"summary_large_image\" \/>\n<meta name=\"twitter:label1\" content=\"Written by\" \/>\n\t<meta name=\"twitter:data1\" content=\"admin\" \/>\n\t<meta name=\"twitter:label2\" content=\"Est. reading time\" \/>\n\t<meta name=\"twitter:data2\" content=\"5 minutes\" \/>\n<script type=\"application\/ld+json\" class=\"yoast-schema-graph\">{\"@context\":\"https:\\\/\\\/schema.org\",\"@graph\":[{\"@type\":\"Article\",\"@id\":\"https:\\\/\\\/fjala.info\\\/2009-2015\\\/te-shtrengosh-dhembet-e-krimbur\\\/#article\",\"isPartOf\":{\"@id\":\"https:\\\/\\\/fjala.info\\\/2009-2015\\\/te-shtrengosh-dhembet-e-krimbur\\\/\"},\"author\":{\"name\":\"admin\",\"@id\":\"https:\\\/\\\/fjala.info\\\/2009-2015\\\/#\\\/schema\\\/person\\\/3aa1163ef05469c496fc94e77611ada2\"},\"headline\":\"T\u00eb shtr\u00ebngosh dh\u00ebmb\u00ebt e krimbur\",\"datePublished\":\"2012-09-26T20:30:18+00:00\",\"mainEntityOfPage\":{\"@id\":\"https:\\\/\\\/fjala.info\\\/2009-2015\\\/te-shtrengosh-dhembet-e-krimbur\\\/\"},\"wordCount\":951,\"commentCount\":0,\"publisher\":{\"@id\":\"https:\\\/\\\/fjala.info\\\/2009-2015\\\/#organization\"},\"image\":{\"@id\":\"https:\\\/\\\/fjala.info\\\/2009-2015\\\/te-shtrengosh-dhembet-e-krimbur\\\/#primaryimage\"},\"thumbnailUrl\":\"http:\\\/\\\/www.fjala.info\\\/2012\\\/mero_baze.jpg\",\"articleSection\":[\"Artikuj\"],\"inLanguage\":\"sq-AL\",\"potentialAction\":[{\"@type\":\"CommentAction\",\"name\":\"Comment\",\"target\":[\"https:\\\/\\\/fjala.info\\\/2009-2015\\\/te-shtrengosh-dhembet-e-krimbur\\\/#respond\"]}]},{\"@type\":\"WebPage\",\"@id\":\"https:\\\/\\\/fjala.info\\\/2009-2015\\\/te-shtrengosh-dhembet-e-krimbur\\\/\",\"url\":\"https:\\\/\\\/fjala.info\\\/2009-2015\\\/te-shtrengosh-dhembet-e-krimbur\\\/\",\"name\":\"T\u00eb shtr\u00ebngosh dh\u00ebmb\u00ebt e krimbur - FjALA e LIR\u00cb - Arkivi\",\"isPartOf\":{\"@id\":\"https:\\\/\\\/fjala.info\\\/2009-2015\\\/#website\"},\"primaryImageOfPage\":{\"@id\":\"https:\\\/\\\/fjala.info\\\/2009-2015\\\/te-shtrengosh-dhembet-e-krimbur\\\/#primaryimage\"},\"image\":{\"@id\":\"https:\\\/\\\/fjala.info\\\/2009-2015\\\/te-shtrengosh-dhembet-e-krimbur\\\/#primaryimage\"},\"thumbnailUrl\":\"http:\\\/\\\/www.fjala.info\\\/2012\\\/mero_baze.jpg\",\"datePublished\":\"2012-09-26T20:30:18+00:00\",\"breadcrumb\":{\"@id\":\"https:\\\/\\\/fjala.info\\\/2009-2015\\\/te-shtrengosh-dhembet-e-krimbur\\\/#breadcrumb\"},\"inLanguage\":\"sq-AL\",\"potentialAction\":[{\"@type\":\"ReadAction\",\"target\":[\"https:\\\/\\\/fjala.info\\\/2009-2015\\\/te-shtrengosh-dhembet-e-krimbur\\\/\"]}]},{\"@type\":\"ImageObject\",\"inLanguage\":\"sq-AL\",\"@id\":\"https:\\\/\\\/fjala.info\\\/2009-2015\\\/te-shtrengosh-dhembet-e-krimbur\\\/#primaryimage\",\"url\":\"http:\\\/\\\/www.fjala.info\\\/2012\\\/mero_baze.jpg\",\"contentUrl\":\"http:\\\/\\\/www.fjala.info\\\/2012\\\/mero_baze.jpg\"},{\"@type\":\"BreadcrumbList\",\"@id\":\"https:\\\/\\\/fjala.info\\\/2009-2015\\\/te-shtrengosh-dhembet-e-krimbur\\\/#breadcrumb\",\"itemListElement\":[{\"@type\":\"ListItem\",\"position\":1,\"name\":\"Home\",\"item\":\"https:\\\/\\\/fjala.info\\\/2009-2015\\\/\"},{\"@type\":\"ListItem\",\"position\":2,\"name\":\"T\u00eb shtr\u00ebngosh dh\u00ebmb\u00ebt e krimbur\"}]},{\"@type\":\"WebSite\",\"@id\":\"https:\\\/\\\/fjala.info\\\/2009-2015\\\/#website\",\"url\":\"https:\\\/\\\/fjala.info\\\/2009-2015\\\/\",\"name\":\"FjALA e LIR\u00cb - Arkivi\",\"description\":\"Arkivi 2009-2015\",\"publisher\":{\"@id\":\"https:\\\/\\\/fjala.info\\\/2009-2015\\\/#organization\"},\"potentialAction\":[{\"@type\":\"SearchAction\",\"target\":{\"@type\":\"EntryPoint\",\"urlTemplate\":\"https:\\\/\\\/fjala.info\\\/2009-2015\\\/?s={search_term_string}\"},\"query-input\":{\"@type\":\"PropertyValueSpecification\",\"valueRequired\":true,\"valueName\":\"search_term_string\"}}],\"inLanguage\":\"sq-AL\"},{\"@type\":\"Organization\",\"@id\":\"https:\\\/\\\/fjala.info\\\/2009-2015\\\/#organization\",\"name\":\"FjALA e LIR\u00cb - Arkivi\",\"url\":\"https:\\\/\\\/fjala.info\\\/2009-2015\\\/\",\"logo\":{\"@type\":\"ImageObject\",\"inLanguage\":\"sq-AL\",\"@id\":\"https:\\\/\\\/fjala.info\\\/2009-2015\\\/#\\\/schema\\\/logo\\\/image\\\/\",\"url\":\"\",\"contentUrl\":\"\",\"caption\":\"FjALA e LIR\u00cb - Arkivi\"},\"image\":{\"@id\":\"https:\\\/\\\/fjala.info\\\/2009-2015\\\/#\\\/schema\\\/logo\\\/image\\\/\"}},{\"@type\":\"Person\",\"@id\":\"https:\\\/\\\/fjala.info\\\/2009-2015\\\/#\\\/schema\\\/person\\\/3aa1163ef05469c496fc94e77611ada2\",\"name\":\"admin\",\"image\":{\"@type\":\"ImageObject\",\"inLanguage\":\"sq-AL\",\"@id\":\"https:\\\/\\\/fjala.info\\\/2009-2015\\\/wp-content\\\/uploads\\\/2012\\\/02\\\/arben_cokaj-120x150.jpg\",\"url\":\"https:\\\/\\\/fjala.info\\\/2009-2015\\\/wp-content\\\/uploads\\\/2012\\\/02\\\/arben_cokaj-120x150.jpg\",\"contentUrl\":\"https:\\\/\\\/fjala.info\\\/2009-2015\\\/wp-content\\\/uploads\\\/2012\\\/02\\\/arben_cokaj-120x150.jpg\",\"caption\":\"admin\"},\"description\":\"Admin, Fjala e Lir\u00eb\",\"sameAs\":[\"https:\\\/\\\/fjala.info\\\/\"],\"url\":\"https:\\\/\\\/fjala.info\\\/2009-2015\\\/author\\\/admin\\\/\"}]}<\/script>\n<!-- \/ Yoast SEO plugin. -->","yoast_head_json":{"title":"T\u00eb shtr\u00ebngosh dh\u00ebmb\u00ebt e krimbur - FjALA e LIR\u00cb - Arkivi","robots":{"index":"index","follow":"follow","max-snippet":"max-snippet:-1","max-image-preview":"max-image-preview:large","max-video-preview":"max-video-preview:-1"},"canonical":"https:\/\/fjala.info\/2009-2015\/te-shtrengosh-dhembet-e-krimbur\/","og_locale":"sq_AL","og_type":"article","og_title":"T\u00eb shtr\u00ebngosh dh\u00ebmb\u00ebt e krimbur - FjALA e LIR\u00cb - Arkivi","og_description":"Nga Mero Baze, 26 Shtator 2012 Tre- kat\u00ebr burra t\u00eb zem\u00ebruar, kishin v\u00ebn\u00eb p\u00ebr muri disa banderola kund\u00ebr Kreshnik Spahiut dhe q\u00ebllonin mbi to me gur\u00eb, vez\u00eb, balt\u00eb. Nj\u00eb re pluhuri, e ngjashme me skenat e protestave t\u00eb bot\u00ebs arabe, ku njer\u00ebz t\u00eb zem\u00ebruar p\u00ebrplasin k\u00ebmb\u00ebt n\u00eb tok\u00eb dhe k\u00ebrkojn\u00eb shpagim p\u00ebr filmin kund\u00ebr Muhamedit, [&hellip;]","og_url":"https:\/\/fjala.info\/2009-2015\/te-shtrengosh-dhembet-e-krimbur\/","og_site_name":"FjALA e LIR\u00cb - Arkivi","article_published_time":"2012-09-26T20:30:18+00:00","og_image":[{"url":"http:\/\/www.fjala.info\/2012\/mero_baze.jpg","type":"","width":"","height":""}],"author":"admin","twitter_card":"summary_large_image","twitter_misc":{"Written by":"admin","Est. reading time":"5 minutes"},"schema":{"@context":"https:\/\/schema.org","@graph":[{"@type":"Article","@id":"https:\/\/fjala.info\/2009-2015\/te-shtrengosh-dhembet-e-krimbur\/#article","isPartOf":{"@id":"https:\/\/fjala.info\/2009-2015\/te-shtrengosh-dhembet-e-krimbur\/"},"author":{"name":"admin","@id":"https:\/\/fjala.info\/2009-2015\/#\/schema\/person\/3aa1163ef05469c496fc94e77611ada2"},"headline":"T\u00eb shtr\u00ebngosh dh\u00ebmb\u00ebt e krimbur","datePublished":"2012-09-26T20:30:18+00:00","mainEntityOfPage":{"@id":"https:\/\/fjala.info\/2009-2015\/te-shtrengosh-dhembet-e-krimbur\/"},"wordCount":951,"commentCount":0,"publisher":{"@id":"https:\/\/fjala.info\/2009-2015\/#organization"},"image":{"@id":"https:\/\/fjala.info\/2009-2015\/te-shtrengosh-dhembet-e-krimbur\/#primaryimage"},"thumbnailUrl":"http:\/\/www.fjala.info\/2012\/mero_baze.jpg","articleSection":["Artikuj"],"inLanguage":"sq-AL","potentialAction":[{"@type":"CommentAction","name":"Comment","target":["https:\/\/fjala.info\/2009-2015\/te-shtrengosh-dhembet-e-krimbur\/#respond"]}]},{"@type":"WebPage","@id":"https:\/\/fjala.info\/2009-2015\/te-shtrengosh-dhembet-e-krimbur\/","url":"https:\/\/fjala.info\/2009-2015\/te-shtrengosh-dhembet-e-krimbur\/","name":"T\u00eb shtr\u00ebngosh dh\u00ebmb\u00ebt e krimbur - FjALA e LIR\u00cb - Arkivi","isPartOf":{"@id":"https:\/\/fjala.info\/2009-2015\/#website"},"primaryImageOfPage":{"@id":"https:\/\/fjala.info\/2009-2015\/te-shtrengosh-dhembet-e-krimbur\/#primaryimage"},"image":{"@id":"https:\/\/fjala.info\/2009-2015\/te-shtrengosh-dhembet-e-krimbur\/#primaryimage"},"thumbnailUrl":"http:\/\/www.fjala.info\/2012\/mero_baze.jpg","datePublished":"2012-09-26T20:30:18+00:00","breadcrumb":{"@id":"https:\/\/fjala.info\/2009-2015\/te-shtrengosh-dhembet-e-krimbur\/#breadcrumb"},"inLanguage":"sq-AL","potentialAction":[{"@type":"ReadAction","target":["https:\/\/fjala.info\/2009-2015\/te-shtrengosh-dhembet-e-krimbur\/"]}]},{"@type":"ImageObject","inLanguage":"sq-AL","@id":"https:\/\/fjala.info\/2009-2015\/te-shtrengosh-dhembet-e-krimbur\/#primaryimage","url":"http:\/\/www.fjala.info\/2012\/mero_baze.jpg","contentUrl":"http:\/\/www.fjala.info\/2012\/mero_baze.jpg"},{"@type":"BreadcrumbList","@id":"https:\/\/fjala.info\/2009-2015\/te-shtrengosh-dhembet-e-krimbur\/#breadcrumb","itemListElement":[{"@type":"ListItem","position":1,"name":"Home","item":"https:\/\/fjala.info\/2009-2015\/"},{"@type":"ListItem","position":2,"name":"T\u00eb shtr\u00ebngosh dh\u00ebmb\u00ebt e krimbur"}]},{"@type":"WebSite","@id":"https:\/\/fjala.info\/2009-2015\/#website","url":"https:\/\/fjala.info\/2009-2015\/","name":"FjALA e LIR\u00cb - Arkivi","description":"Arkivi 2009-2015","publisher":{"@id":"https:\/\/fjala.info\/2009-2015\/#organization"},"potentialAction":[{"@type":"SearchAction","target":{"@type":"EntryPoint","urlTemplate":"https:\/\/fjala.info\/2009-2015\/?s={search_term_string}"},"query-input":{"@type":"PropertyValueSpecification","valueRequired":true,"valueName":"search_term_string"}}],"inLanguage":"sq-AL"},{"@type":"Organization","@id":"https:\/\/fjala.info\/2009-2015\/#organization","name":"FjALA e LIR\u00cb - Arkivi","url":"https:\/\/fjala.info\/2009-2015\/","logo":{"@type":"ImageObject","inLanguage":"sq-AL","@id":"https:\/\/fjala.info\/2009-2015\/#\/schema\/logo\/image\/","url":"","contentUrl":"","caption":"FjALA e LIR\u00cb - Arkivi"},"image":{"@id":"https:\/\/fjala.info\/2009-2015\/#\/schema\/logo\/image\/"}},{"@type":"Person","@id":"https:\/\/fjala.info\/2009-2015\/#\/schema\/person\/3aa1163ef05469c496fc94e77611ada2","name":"admin","image":{"@type":"ImageObject","inLanguage":"sq-AL","@id":"https:\/\/fjala.info\/2009-2015\/wp-content\/uploads\/2012\/02\/arben_cokaj-120x150.jpg","url":"https:\/\/fjala.info\/2009-2015\/wp-content\/uploads\/2012\/02\/arben_cokaj-120x150.jpg","contentUrl":"https:\/\/fjala.info\/2009-2015\/wp-content\/uploads\/2012\/02\/arben_cokaj-120x150.jpg","caption":"admin"},"description":"Admin, Fjala e Lir\u00eb","sameAs":["https:\/\/fjala.info\/"],"url":"https:\/\/fjala.info\/2009-2015\/author\/admin\/"}]}},"_links":{"self":[{"href":"https:\/\/fjala.info\/2009-2015\/wp-json\/wp\/v2\/posts\/5181","targetHints":{"allow":["GET"]}}],"collection":[{"href":"https:\/\/fjala.info\/2009-2015\/wp-json\/wp\/v2\/posts"}],"about":[{"href":"https:\/\/fjala.info\/2009-2015\/wp-json\/wp\/v2\/types\/post"}],"author":[{"embeddable":true,"href":"https:\/\/fjala.info\/2009-2015\/wp-json\/wp\/v2\/users\/1"}],"replies":[{"embeddable":true,"href":"https:\/\/fjala.info\/2009-2015\/wp-json\/wp\/v2\/comments?post=5181"}],"version-history":[{"count":0,"href":"https:\/\/fjala.info\/2009-2015\/wp-json\/wp\/v2\/posts\/5181\/revisions"}],"wp:attachment":[{"href":"https:\/\/fjala.info\/2009-2015\/wp-json\/wp\/v2\/media?parent=5181"}],"wp:term":[{"taxonomy":"category","embeddable":true,"href":"https:\/\/fjala.info\/2009-2015\/wp-json\/wp\/v2\/categories?post=5181"},{"taxonomy":"post_tag","embeddable":true,"href":"https:\/\/fjala.info\/2009-2015\/wp-json\/wp\/v2\/tags?post=5181"}],"curies":[{"name":"wp","href":"https:\/\/api.w.org\/{rel}","templated":true}]}}