{"id":5176,"date":"2012-09-25T21:31:44","date_gmt":"2012-09-25T20:31:44","guid":{"rendered":"http:\/\/www.fjala.info\/?p=5176"},"modified":"2012-09-25T21:31:44","modified_gmt":"2012-09-25T20:31:44","slug":"eshte-klanore","status":"publish","type":"post","link":"https:\/\/fjala.info\/2009-2015\/eshte-klanore\/","title":{"rendered":"\u00cbsht\u00eb Klanore!"},"content":{"rendered":"<p><img decoding=\"async\" class=\"alignright size-thumbnail wp-image-7236\" title=\"Mero Baze\" src=\"http:\/\/www.fjala.info\/2012\/mero_baze.jpg\" alt=\"\" width=\"150\" \/> Nga <strong>Mero Baze<\/strong>, <em>25 Shtator 2012<\/em><\/p>\n<p>Nuk \u00ebsht\u00eb korruptuar vet\u00ebm ligji, por dhe direktiva! Vendimi politik p\u00ebr t\u2019i shp\u00ebrndar\u00eb fondet shtet\u00ebrore t\u00eb reklamave tek mediat proqeveritare, \u00ebsht\u00eb nj\u00eb aspekt i korrupsionit. Aspekti i dyt\u00eb i tij \u00ebsht\u00eb se kjo direktiv\u00eb n\u00eb kund\u00ebrshtim me ligjin, \u00ebsht\u00eb korruptuar. Brenda familjes s\u00eb medies shtet\u00ebrore, Klani Frangaj ka korruptuar dhe direktiv\u00ebn e qeveris\u00eb dhe ka reflektuar gjith\u00eb m\u00ebrit\u00eb dhe komplekset e tij ndaj ish- mb\u00ebshtet\u00ebsve t\u00eb Berish\u00ebs n\u00eb opozit\u00eb, kur Frangaj kalonte nga shtrati i Ilir Met\u00ebs tek i Fatos Nanos brenda nat\u00ebs.<\/p>\n<p>Nga rreth 10 milion dollar\u00eb t\u00eb dh\u00ebna p\u00ebr shp\u00ebrndarje kompanive, rreth 6 milion prej tyre i ka marr\u00eb Promo Shpk e Frangajt, dhe kjo nuk \u00ebsht\u00eb se i ka sh\u00ebrbyer \u201cdirektiv\u00ebs\u201d s\u00eb Berish\u00ebs p\u00ebr tu dh\u00ebn\u00eb pare mediave qeveritare. P\u00ebrve\u00e7 Sokol Olldashit, q\u00eb ka treguar ndjeshm\u00ebri politike ndaj gazet\u00ebs RD, dhe nj\u00ebkoh\u00ebsisht ka guxuar p\u00ebr k\u00ebt\u00eb arsye t\u00eb shkel\u00eb ligjin m\u00eb r\u00ebnd\u00eb se t\u00eb tjer\u00ebt, Klani Frangaj ka deformuar dhe vet\u00eb q\u00ebllimin e Berish\u00ebs, duke marr\u00eb thuajse gjith\u00e7ka p\u00ebr vete.<\/p>\n<p>Un\u00eb duhet t\u00eb ndalem pak s\u00ebrish tek TV Shijak, i cili nga viti 1997 deri n\u00eb vitin 2005 ishte nj\u00eb medie e pakompromis opozitare, n\u00eb mb\u00ebshtetje t\u00eb Berish\u00ebs. Ato rrethana nuk kan\u00eb p\u00ebr tu p\u00ebrs\u00ebritur m\u00eb dhe k\u00ebsisoj biografia e atij televizioni nuk besoj se do t\u00eb ket\u00eb t\u00eb ngjash\u00ebm. Aty spiker\u00ebt kan\u00eb dh\u00ebn\u00eb lajmet q\u00eb u diktonte Berisha n\u00eb telefon, duke q\u00ebruar hesape me hasmit e tij, nd\u00ebrkoh\u00eb q\u00eb tek dera i prisnin njer\u00ebz me pistolet\u00eb n\u00eb dor\u00eb p\u00ebr shkak t\u00eb Berish\u00ebs.<\/p>\n<p>Aty kan\u00eb shkuar djem dhe vajza t\u00eb rinj gati si mish p\u00ebr top, aty ku nuk hynte dot policia dhe opozita p\u00ebr t\u00eb reflektuar q\u00ebndres\u00ebn e opozit\u00ebs. Aty Ilir Meta ka d\u00ebrguar 200 polic\u00eb n\u00eb nj\u00eb nat\u00eb t\u2019i sekuestronin pajisjet e televizionit se k\u00ebshtu d\u00ebshironte Aleksand\u00ebr Frangaj. Aty Sali Berisha nxirrte nga studioja me nj\u00eb telefonat\u00eb \u00e7do njeri q\u00eb nuk i p\u00eblqente atij, gruas, djalit apo vajz\u00ebs, duke e par\u00eb nga rehatll\u00ebku i sht\u00ebpis\u00eb. Aty ishte nj\u00eb fole e sinqert\u00eb dhe e paditur opozitar\u00ebsh q\u00eb besonin se Berisha nuk ishte hajdut, por ishte i rr\u00ebzuar nga pushteti p\u00ebr defekte t\u00eb koh\u00ebs.<\/p>\n<p>Dhe hakmarrja m\u00eb e madhe e pushtetit t\u00eb Berish\u00ebs ka r\u00ebn\u00eb mbi ta. Nd\u00ebrsa Tema e ka k\u00ebrkuar vet\u00eb betej\u00ebn me Berish\u00ebn dhe i ka dal\u00eb p\u00ebrball\u00eb duke e marr\u00eb vet\u00eb at\u00eb vendim, pa i dh\u00ebn\u00eb shkak Berisha, por qeverisja e Berish\u00ebs, Shijak TV, i cili ka qen\u00eb tet\u00eb vite n\u00eb betej\u00eb p\u00ebr t\u00eb mbrojtur Berish\u00ebn n\u00eb opozit\u00eb, ka 7 vite q\u00eb \u00ebsht\u00eb shuar dal\u00ebngadal\u00eb, jo vet\u00ebm pa asnj\u00eb ndihm\u00eb, por i persekutuar m\u00eb keq sikur t\u00eb ishte nj\u00eb TV opozitar. Edhe Fahri Balliu me nj\u00eb gazet\u00eb me 100 kopje si flet\u00ebrrufe ka marr\u00eb 100 mij\u00eb dollar\u00eb nga Sokol Olldashi dhe mij\u00ebra t\u00eb tjera nga Basha, Nishani, Goreja e Imami, dhe TV Shijak thuajse nuk ka marr\u00eb asnj\u00eb.<\/p>\n<p>Kryearsyeja \u00ebsht\u00eb se Frangajt q\u00eb mor\u00ebn n\u00eb dor\u00eb parat\u00eb e Berish\u00ebs vazhdojn\u00eb ta shikojn\u00eb at\u00eb si nj\u00eb TV q\u00eb u b\u00ebn hije tek Berisha se u kujton koh\u00ebt e vjetra, ato koh\u00eb q\u00eb Berisha tashm\u00eb i urren dhe vet\u00eb. Brenda shumic\u00ebs pro-qeveritare t\u00eb medies, nuk \u00ebsht\u00eb se Panorama, e cila \u00ebsht\u00eb gazeta m\u00eb e madhe n\u00eb versionin print, t\u00eb ket\u00eb marr\u00eb reklama m\u00eb shum\u00eb se Koha Jon\u00eb, e cila prodhohet vet\u00ebm p\u00ebr t\u2019i \u00e7uar dy kopje Berish\u00ebs dhe dy kopje Sandrit. Brenda mediave pro-qeveritare nuk \u00ebsht\u00eb e v\u00ebrtet\u00eb se Scan TV (ish ATN1), apo TV e tjera kan\u00eb marr\u00eb pare sa ABC, t\u00eb cilin e shikon po ashtu Sandri, Sonila dhe Berisha.<\/p>\n<p>Pra, nuk b\u00ebhet fjal\u00eb q\u00eb qeveria ka injoruar median e pavarur dhe sidomos Top Channel-in, n\u00eb raport n\u00eb Klan, por dhe brenda sinor\u00ebve t\u00eb tyre ata kan\u00eb d\u00ebshmuar se jan\u00eb t\u00eb korruptuar. N\u00eb thelb nuk kemi t\u00eb b\u00ebjm\u00eb me nj\u00eb shtet partiak, por nj\u00eb klan t\u00eb korruptuar n\u00eb pushtet. Do t\u00eb ishte gjysma e s\u00eb keqes q\u00eb direktiva e Berish\u00ebs, q\u00eb gjith\u00eb paret tu jepen mediave pro-qeveritare, t\u00eb ishte zbatuar. N\u00eb ato kushte do ishim n\u00eb standardin e nj\u00eb shteti partiak, ku funksionon vullneti i nj\u00eb njeriu. N\u00eb t\u00eb v\u00ebrtet\u00eb \u00ebsht\u00eb m\u00eb keq. Jemi n\u00eb kushtet e nj\u00eb pushteti, i cili nuk ka fuqi t\u00eb kontrolloj\u00eb as direktiv\u00ebn e vet, pasi Klani Frangaj, i cili ka marr\u00eb paret p\u00ebr median pro-qeveritare, i ka \u00e7uar thuajse t\u00eb gjitha n\u00eb sht\u00ebpin\u00eb e vet. Nuk \u00ebsht\u00eb nj\u00eb ndarje politike fondesh, por nj\u00eb ndarje klanore!<\/p>\n<p>Kjo \u00ebsht\u00eb edhe m\u00eb e pist\u00eb, edhe m\u00eb vulgare, edhe m\u00eb primitive. Si\u00e7 mund t\u00eb jet\u00eb nj\u00eb pushtet t\u00eb pafytyr\u00ebsh.<\/p>\n","protected":false},"excerpt":{"rendered":"<p>Nga Mero Baze, 25 Shtator 2012 Nuk \u00ebsht\u00eb korruptuar vet\u00ebm ligji, por dhe direktiva! Vendimi politik p\u00ebr t\u2019i shp\u00ebrndar\u00eb fondet shtet\u00ebrore t\u00eb reklamave tek mediat proqeveritare, \u00ebsht\u00eb nj\u00eb aspekt i korrupsionit. Aspekti i dyt\u00eb i tij \u00ebsht\u00eb se kjo direktiv\u00eb n\u00eb kund\u00ebrshtim me ligjin, \u00ebsht\u00eb korruptuar. Brenda familjes s\u00eb medies shtet\u00ebrore, Klani Frangaj ka korruptuar [&hellip;]<\/p>\n","protected":false},"author":1,"featured_media":0,"comment_status":"open","ping_status":"closed","sticky":false,"template":"","format":"standard","meta":{"footnotes":""},"categories":[2],"tags":[],"class_list":{"0":"post-5176","1":"post","2":"type-post","3":"status-publish","4":"format-standard","6":"category-artikuj"},"yoast_head":"<!-- This site is optimized with the Yoast SEO plugin v27.4 - https:\/\/yoast.com\/product\/yoast-seo-wordpress\/ -->\n<title>\u00cbsht\u00eb Klanore! - FjALA e LIR\u00cb - Arkivi<\/title>\n<meta name=\"robots\" content=\"index, follow, max-snippet:-1, max-image-preview:large, max-video-preview:-1\" \/>\n<link rel=\"canonical\" href=\"https:\/\/fjala.info\/2009-2015\/eshte-klanore\/\" \/>\n<meta property=\"og:locale\" content=\"sq_AL\" \/>\n<meta property=\"og:type\" content=\"article\" \/>\n<meta property=\"og:title\" content=\"\u00cbsht\u00eb Klanore! - FjALA e LIR\u00cb - Arkivi\" \/>\n<meta property=\"og:description\" content=\"Nga Mero Baze, 25 Shtator 2012 Nuk \u00ebsht\u00eb korruptuar vet\u00ebm ligji, por dhe direktiva! Vendimi politik p\u00ebr t\u2019i shp\u00ebrndar\u00eb fondet shtet\u00ebrore t\u00eb reklamave tek mediat proqeveritare, \u00ebsht\u00eb nj\u00eb aspekt i korrupsionit. Aspekti i dyt\u00eb i tij \u00ebsht\u00eb se kjo direktiv\u00eb n\u00eb kund\u00ebrshtim me ligjin, \u00ebsht\u00eb korruptuar. Brenda familjes s\u00eb medies shtet\u00ebrore, Klani Frangaj ka korruptuar [&hellip;]\" \/>\n<meta property=\"og:url\" content=\"https:\/\/fjala.info\/2009-2015\/eshte-klanore\/\" \/>\n<meta property=\"og:site_name\" content=\"FjALA e LIR\u00cb - Arkivi\" \/>\n<meta property=\"article:published_time\" content=\"2012-09-25T20:31:44+00:00\" \/>\n<meta property=\"og:image\" content=\"http:\/\/www.fjala.info\/2012\/mero_baze.jpg\" \/>\n<meta name=\"author\" content=\"admin\" \/>\n<meta name=\"twitter:card\" content=\"summary_large_image\" \/>\n<meta name=\"twitter:label1\" content=\"Written by\" \/>\n\t<meta name=\"twitter:data1\" content=\"admin\" \/>\n\t<meta name=\"twitter:label2\" content=\"Est. reading time\" \/>\n\t<meta name=\"twitter:data2\" content=\"4 minutes\" \/>\n<script type=\"application\/ld+json\" class=\"yoast-schema-graph\">{\"@context\":\"https:\\\/\\\/schema.org\",\"@graph\":[{\"@type\":\"Article\",\"@id\":\"https:\\\/\\\/fjala.info\\\/2009-2015\\\/eshte-klanore\\\/#article\",\"isPartOf\":{\"@id\":\"https:\\\/\\\/fjala.info\\\/2009-2015\\\/eshte-klanore\\\/\"},\"author\":{\"name\":\"admin\",\"@id\":\"https:\\\/\\\/fjala.info\\\/2009-2015\\\/#\\\/schema\\\/person\\\/3aa1163ef05469c496fc94e77611ada2\"},\"headline\":\"\u00cbsht\u00eb Klanore!\",\"datePublished\":\"2012-09-25T20:31:44+00:00\",\"mainEntityOfPage\":{\"@id\":\"https:\\\/\\\/fjala.info\\\/2009-2015\\\/eshte-klanore\\\/\"},\"wordCount\":839,\"commentCount\":0,\"publisher\":{\"@id\":\"https:\\\/\\\/fjala.info\\\/2009-2015\\\/#organization\"},\"image\":{\"@id\":\"https:\\\/\\\/fjala.info\\\/2009-2015\\\/eshte-klanore\\\/#primaryimage\"},\"thumbnailUrl\":\"http:\\\/\\\/www.fjala.info\\\/2012\\\/mero_baze.jpg\",\"articleSection\":[\"Artikuj\"],\"inLanguage\":\"sq-AL\",\"potentialAction\":[{\"@type\":\"CommentAction\",\"name\":\"Comment\",\"target\":[\"https:\\\/\\\/fjala.info\\\/2009-2015\\\/eshte-klanore\\\/#respond\"]}]},{\"@type\":\"WebPage\",\"@id\":\"https:\\\/\\\/fjala.info\\\/2009-2015\\\/eshte-klanore\\\/\",\"url\":\"https:\\\/\\\/fjala.info\\\/2009-2015\\\/eshte-klanore\\\/\",\"name\":\"\u00cbsht\u00eb Klanore! - FjALA e LIR\u00cb - Arkivi\",\"isPartOf\":{\"@id\":\"https:\\\/\\\/fjala.info\\\/2009-2015\\\/#website\"},\"primaryImageOfPage\":{\"@id\":\"https:\\\/\\\/fjala.info\\\/2009-2015\\\/eshte-klanore\\\/#primaryimage\"},\"image\":{\"@id\":\"https:\\\/\\\/fjala.info\\\/2009-2015\\\/eshte-klanore\\\/#primaryimage\"},\"thumbnailUrl\":\"http:\\\/\\\/www.fjala.info\\\/2012\\\/mero_baze.jpg\",\"datePublished\":\"2012-09-25T20:31:44+00:00\",\"breadcrumb\":{\"@id\":\"https:\\\/\\\/fjala.info\\\/2009-2015\\\/eshte-klanore\\\/#breadcrumb\"},\"inLanguage\":\"sq-AL\",\"potentialAction\":[{\"@type\":\"ReadAction\",\"target\":[\"https:\\\/\\\/fjala.info\\\/2009-2015\\\/eshte-klanore\\\/\"]}]},{\"@type\":\"ImageObject\",\"inLanguage\":\"sq-AL\",\"@id\":\"https:\\\/\\\/fjala.info\\\/2009-2015\\\/eshte-klanore\\\/#primaryimage\",\"url\":\"http:\\\/\\\/www.fjala.info\\\/2012\\\/mero_baze.jpg\",\"contentUrl\":\"http:\\\/\\\/www.fjala.info\\\/2012\\\/mero_baze.jpg\"},{\"@type\":\"BreadcrumbList\",\"@id\":\"https:\\\/\\\/fjala.info\\\/2009-2015\\\/eshte-klanore\\\/#breadcrumb\",\"itemListElement\":[{\"@type\":\"ListItem\",\"position\":1,\"name\":\"Home\",\"item\":\"https:\\\/\\\/fjala.info\\\/2009-2015\\\/\"},{\"@type\":\"ListItem\",\"position\":2,\"name\":\"\u00cbsht\u00eb Klanore!\"}]},{\"@type\":\"WebSite\",\"@id\":\"https:\\\/\\\/fjala.info\\\/2009-2015\\\/#website\",\"url\":\"https:\\\/\\\/fjala.info\\\/2009-2015\\\/\",\"name\":\"FjALA e LIR\u00cb - Arkivi\",\"description\":\"Arkivi 2009-2015\",\"publisher\":{\"@id\":\"https:\\\/\\\/fjala.info\\\/2009-2015\\\/#organization\"},\"potentialAction\":[{\"@type\":\"SearchAction\",\"target\":{\"@type\":\"EntryPoint\",\"urlTemplate\":\"https:\\\/\\\/fjala.info\\\/2009-2015\\\/?s={search_term_string}\"},\"query-input\":{\"@type\":\"PropertyValueSpecification\",\"valueRequired\":true,\"valueName\":\"search_term_string\"}}],\"inLanguage\":\"sq-AL\"},{\"@type\":\"Organization\",\"@id\":\"https:\\\/\\\/fjala.info\\\/2009-2015\\\/#organization\",\"name\":\"FjALA e LIR\u00cb - Arkivi\",\"url\":\"https:\\\/\\\/fjala.info\\\/2009-2015\\\/\",\"logo\":{\"@type\":\"ImageObject\",\"inLanguage\":\"sq-AL\",\"@id\":\"https:\\\/\\\/fjala.info\\\/2009-2015\\\/#\\\/schema\\\/logo\\\/image\\\/\",\"url\":\"\",\"contentUrl\":\"\",\"caption\":\"FjALA e LIR\u00cb - Arkivi\"},\"image\":{\"@id\":\"https:\\\/\\\/fjala.info\\\/2009-2015\\\/#\\\/schema\\\/logo\\\/image\\\/\"}},{\"@type\":\"Person\",\"@id\":\"https:\\\/\\\/fjala.info\\\/2009-2015\\\/#\\\/schema\\\/person\\\/3aa1163ef05469c496fc94e77611ada2\",\"name\":\"admin\",\"image\":{\"@type\":\"ImageObject\",\"inLanguage\":\"sq-AL\",\"@id\":\"https:\\\/\\\/fjala.info\\\/2009-2015\\\/wp-content\\\/uploads\\\/2012\\\/02\\\/arben_cokaj-120x150.jpg\",\"url\":\"https:\\\/\\\/fjala.info\\\/2009-2015\\\/wp-content\\\/uploads\\\/2012\\\/02\\\/arben_cokaj-120x150.jpg\",\"contentUrl\":\"https:\\\/\\\/fjala.info\\\/2009-2015\\\/wp-content\\\/uploads\\\/2012\\\/02\\\/arben_cokaj-120x150.jpg\",\"caption\":\"admin\"},\"description\":\"Admin, Fjala e Lir\u00eb\",\"sameAs\":[\"https:\\\/\\\/fjala.info\\\/\"],\"url\":\"https:\\\/\\\/fjala.info\\\/2009-2015\\\/author\\\/admin\\\/\"}]}<\/script>\n<!-- \/ Yoast SEO plugin. -->","yoast_head_json":{"title":"\u00cbsht\u00eb Klanore! - FjALA e LIR\u00cb - Arkivi","robots":{"index":"index","follow":"follow","max-snippet":"max-snippet:-1","max-image-preview":"max-image-preview:large","max-video-preview":"max-video-preview:-1"},"canonical":"https:\/\/fjala.info\/2009-2015\/eshte-klanore\/","og_locale":"sq_AL","og_type":"article","og_title":"\u00cbsht\u00eb Klanore! - FjALA e LIR\u00cb - Arkivi","og_description":"Nga Mero Baze, 25 Shtator 2012 Nuk \u00ebsht\u00eb korruptuar vet\u00ebm ligji, por dhe direktiva! Vendimi politik p\u00ebr t\u2019i shp\u00ebrndar\u00eb fondet shtet\u00ebrore t\u00eb reklamave tek mediat proqeveritare, \u00ebsht\u00eb nj\u00eb aspekt i korrupsionit. Aspekti i dyt\u00eb i tij \u00ebsht\u00eb se kjo direktiv\u00eb n\u00eb kund\u00ebrshtim me ligjin, \u00ebsht\u00eb korruptuar. Brenda familjes s\u00eb medies shtet\u00ebrore, Klani Frangaj ka korruptuar [&hellip;]","og_url":"https:\/\/fjala.info\/2009-2015\/eshte-klanore\/","og_site_name":"FjALA e LIR\u00cb - Arkivi","article_published_time":"2012-09-25T20:31:44+00:00","og_image":[{"url":"http:\/\/www.fjala.info\/2012\/mero_baze.jpg","type":"","width":"","height":""}],"author":"admin","twitter_card":"summary_large_image","twitter_misc":{"Written by":"admin","Est. reading time":"4 minutes"},"schema":{"@context":"https:\/\/schema.org","@graph":[{"@type":"Article","@id":"https:\/\/fjala.info\/2009-2015\/eshte-klanore\/#article","isPartOf":{"@id":"https:\/\/fjala.info\/2009-2015\/eshte-klanore\/"},"author":{"name":"admin","@id":"https:\/\/fjala.info\/2009-2015\/#\/schema\/person\/3aa1163ef05469c496fc94e77611ada2"},"headline":"\u00cbsht\u00eb Klanore!","datePublished":"2012-09-25T20:31:44+00:00","mainEntityOfPage":{"@id":"https:\/\/fjala.info\/2009-2015\/eshte-klanore\/"},"wordCount":839,"commentCount":0,"publisher":{"@id":"https:\/\/fjala.info\/2009-2015\/#organization"},"image":{"@id":"https:\/\/fjala.info\/2009-2015\/eshte-klanore\/#primaryimage"},"thumbnailUrl":"http:\/\/www.fjala.info\/2012\/mero_baze.jpg","articleSection":["Artikuj"],"inLanguage":"sq-AL","potentialAction":[{"@type":"CommentAction","name":"Comment","target":["https:\/\/fjala.info\/2009-2015\/eshte-klanore\/#respond"]}]},{"@type":"WebPage","@id":"https:\/\/fjala.info\/2009-2015\/eshte-klanore\/","url":"https:\/\/fjala.info\/2009-2015\/eshte-klanore\/","name":"\u00cbsht\u00eb Klanore! - FjALA e LIR\u00cb - Arkivi","isPartOf":{"@id":"https:\/\/fjala.info\/2009-2015\/#website"},"primaryImageOfPage":{"@id":"https:\/\/fjala.info\/2009-2015\/eshte-klanore\/#primaryimage"},"image":{"@id":"https:\/\/fjala.info\/2009-2015\/eshte-klanore\/#primaryimage"},"thumbnailUrl":"http:\/\/www.fjala.info\/2012\/mero_baze.jpg","datePublished":"2012-09-25T20:31:44+00:00","breadcrumb":{"@id":"https:\/\/fjala.info\/2009-2015\/eshte-klanore\/#breadcrumb"},"inLanguage":"sq-AL","potentialAction":[{"@type":"ReadAction","target":["https:\/\/fjala.info\/2009-2015\/eshte-klanore\/"]}]},{"@type":"ImageObject","inLanguage":"sq-AL","@id":"https:\/\/fjala.info\/2009-2015\/eshte-klanore\/#primaryimage","url":"http:\/\/www.fjala.info\/2012\/mero_baze.jpg","contentUrl":"http:\/\/www.fjala.info\/2012\/mero_baze.jpg"},{"@type":"BreadcrumbList","@id":"https:\/\/fjala.info\/2009-2015\/eshte-klanore\/#breadcrumb","itemListElement":[{"@type":"ListItem","position":1,"name":"Home","item":"https:\/\/fjala.info\/2009-2015\/"},{"@type":"ListItem","position":2,"name":"\u00cbsht\u00eb Klanore!"}]},{"@type":"WebSite","@id":"https:\/\/fjala.info\/2009-2015\/#website","url":"https:\/\/fjala.info\/2009-2015\/","name":"FjALA e LIR\u00cb - Arkivi","description":"Arkivi 2009-2015","publisher":{"@id":"https:\/\/fjala.info\/2009-2015\/#organization"},"potentialAction":[{"@type":"SearchAction","target":{"@type":"EntryPoint","urlTemplate":"https:\/\/fjala.info\/2009-2015\/?s={search_term_string}"},"query-input":{"@type":"PropertyValueSpecification","valueRequired":true,"valueName":"search_term_string"}}],"inLanguage":"sq-AL"},{"@type":"Organization","@id":"https:\/\/fjala.info\/2009-2015\/#organization","name":"FjALA e LIR\u00cb - Arkivi","url":"https:\/\/fjala.info\/2009-2015\/","logo":{"@type":"ImageObject","inLanguage":"sq-AL","@id":"https:\/\/fjala.info\/2009-2015\/#\/schema\/logo\/image\/","url":"","contentUrl":"","caption":"FjALA e LIR\u00cb - Arkivi"},"image":{"@id":"https:\/\/fjala.info\/2009-2015\/#\/schema\/logo\/image\/"}},{"@type":"Person","@id":"https:\/\/fjala.info\/2009-2015\/#\/schema\/person\/3aa1163ef05469c496fc94e77611ada2","name":"admin","image":{"@type":"ImageObject","inLanguage":"sq-AL","@id":"https:\/\/fjala.info\/2009-2015\/wp-content\/uploads\/2012\/02\/arben_cokaj-120x150.jpg","url":"https:\/\/fjala.info\/2009-2015\/wp-content\/uploads\/2012\/02\/arben_cokaj-120x150.jpg","contentUrl":"https:\/\/fjala.info\/2009-2015\/wp-content\/uploads\/2012\/02\/arben_cokaj-120x150.jpg","caption":"admin"},"description":"Admin, Fjala e Lir\u00eb","sameAs":["https:\/\/fjala.info\/"],"url":"https:\/\/fjala.info\/2009-2015\/author\/admin\/"}]}},"_links":{"self":[{"href":"https:\/\/fjala.info\/2009-2015\/wp-json\/wp\/v2\/posts\/5176","targetHints":{"allow":["GET"]}}],"collection":[{"href":"https:\/\/fjala.info\/2009-2015\/wp-json\/wp\/v2\/posts"}],"about":[{"href":"https:\/\/fjala.info\/2009-2015\/wp-json\/wp\/v2\/types\/post"}],"author":[{"embeddable":true,"href":"https:\/\/fjala.info\/2009-2015\/wp-json\/wp\/v2\/users\/1"}],"replies":[{"embeddable":true,"href":"https:\/\/fjala.info\/2009-2015\/wp-json\/wp\/v2\/comments?post=5176"}],"version-history":[{"count":0,"href":"https:\/\/fjala.info\/2009-2015\/wp-json\/wp\/v2\/posts\/5176\/revisions"}],"wp:attachment":[{"href":"https:\/\/fjala.info\/2009-2015\/wp-json\/wp\/v2\/media?parent=5176"}],"wp:term":[{"taxonomy":"category","embeddable":true,"href":"https:\/\/fjala.info\/2009-2015\/wp-json\/wp\/v2\/categories?post=5176"},{"taxonomy":"post_tag","embeddable":true,"href":"https:\/\/fjala.info\/2009-2015\/wp-json\/wp\/v2\/tags?post=5176"}],"curies":[{"name":"wp","href":"https:\/\/api.w.org\/{rel}","templated":true}]}}